{"id":6269,"date":"2011-02-09T00:01:11","date_gmt":"2011-02-08T23:01:11","guid":{"rendered":"http:\/\/fjala.shkoder.net\/?p=6269"},"modified":"2011-02-09T00:01:11","modified_gmt":"2011-02-08T23:01:11","slug":"klasa-parapolitike-shqiptare","status":"publish","type":"post","link":"https:\/\/fjala.info\/2009-2015\/klasa-parapolitike-shqiptare\/","title":{"rendered":"Klasa (para)politike shqiptare"},"content":{"rendered":"<p><strong>Moikom Zeqo<\/strong><\/p>\n<p>Nuk \u00ebsht\u00eb nj\u00eb \u00e7\u00ebshtje e nj\u00eb klasifikimi em\u00ebrtues pyetja: a \u00ebsht\u00eb klasa politike shqiptare n\u00eb t\u00eb v\u00ebrtet\u00eb nj\u00eb klas\u00eb (para)politike? Kjo k\u00ebrkon nj\u00eb debat serioz dhe nj\u00eb ndershm\u00ebri shkencore. T\u00eb gjitha p\u00ebrgjigjet e mundshme mund t\u00eb mbartin elemente t\u00eb pjesshme t\u00eb argumentimit pohues dhe mohues dhe kjo \u00e7\u00ebshtje substanciale t\u00eb trajtohet n\u00eb m\u00ebnyr\u00eb relativiste dhe ekuivoke. Por shtrimi problemor i k\u00ebsaj \u00e7\u00ebshtjeje \u00ebsht\u00eb faza e par\u00eb e procesit analitik t\u00eb shumansh\u00ebm, objektiv p\u00ebr t\u00eb arritur n\u00eb nj\u00eb sintez\u00eb konkludive t\u00eb besueshme p\u00ebr t\u00eb gjith\u00eb.<\/p>\n<p>Mbas 20 vjet\u00ebsh mund t\u00eb themi se pyetja: a \u00ebsht\u00eb klasa politike shqiptare nj\u00eb klas\u00eb (para)politike nuk \u00ebsht\u00eb aspak nj\u00eb pyetje thjesht retorike, por nj\u00eb shqet\u00ebsim i gjall\u00eb, torturues i p\u00ebrditshm\u00ebris\u00eb deri m\u00eb sot. P\u00ebr m\u00eb tep\u00ebr, kjo \u00ebsht\u00eb nj\u00eb pyetje popullore dhe qytetare gati e pashmangshme. Klasa politike n\u00eb historin\u00eb totalitare shqiptare n\u00eb shum\u00eb kuptime formale nuk mund t\u00eb quhet (para)politike, por q\u00eb ekstremisht politike n\u00eb sensin m\u00eb totalitar t\u00eb mundsh\u00ebm t\u00eb instrumentalizmit grotesk ideologjik vertikal. Monopartiake, ajo nuk e njihte dhe nuk mund ta konceptonte institucionin e opozit\u00ebs, pa t\u00eb cil\u00ebn humbet kuptimi p\u00ebrmbajt\u00ebsor i sistemit demokratik.<\/p>\n<p>Kjo trash\u00ebgimi p\u00ebr gati gjysm\u00ebshekulli qe nj\u00eb modul politik i tmerrsh\u00ebm, por edhe i d\u00ebshtuar. K\u00ebt\u00eb e provoi kushtuesh\u00ebm vet\u00eb historia. Konfiguracioni pluralist i partive politike q\u00eb kushti i par\u00eb p\u00ebrcaktues p\u00ebr lindjen dhe konsolidimin e nj\u00eb klase politike demokratike. K\u00ebshtu nisi dhe k\u00ebshtu kan\u00eb shpresuar besoj q\u00eb t\u00eb gjith\u00eb qytetar\u00ebt n\u00eb Shqip\u00ebri, se fitorja m\u00eb autentike dhe m\u00eb e r\u00ebnd\u00ebsishmja do t\u00eb ishte pik\u00ebrisht krijimi dhe profesionalizmi me dinjitet i nj\u00eb klase t\u00eb sh\u00ebndetshme dhe efektive politike.<\/p>\n<p>Shum\u00eb marr\u00ebzi t\u00eb fillimit t\u00eb partive dhe t\u00eb politikan\u00ebve deri diku justifikoheshim me shum\u00eb zem\u00ebrgjer\u00ebsi nga qytetar\u00ebt, duke arsyetuar munges\u00ebn e p\u00ebrvoj\u00ebs, reflekset retrograde, por shpresohej se zelli i t\u00eb m\u00ebsuarit t\u00eb kultur\u00ebs demokratike nuk do t\u00eb mungonte, se kriticizmi i guximsh\u00ebm ndaj gabimeve do t\u2019i vitalizonte dhe gjall\u00ebronte partit\u00eb dhe p\u00ebrfaq\u00ebsuesit e tyre. Po a ndodhi k\u00ebshtu? A u veprua k\u00ebshtu? Mbas 20 vjet\u00ebsh a mund t\u00eb shprehemi pa komplekse se e kemi nj\u00eb klas\u00eb politike, v\u00ebrtet ndoshta t\u00eb pap\u00ebrsosur, por megjithat\u00eb nj\u00eb klas\u00eb politike, q\u00eb meriton respekt dhe mir\u00ebnjohje? A mund t\u00eb themi se kemi nj\u00eb klas\u00eb politike deri diku t\u00eb afirmuar, q\u00eb i ka konceptuar dhe i ka stimuluar fuqish\u00ebm zhvillimet pozitive? \u00cbsht\u00eb kualifikuar apo \u00ebsht\u00eb skualifikuar nga historia? A ka krijuar kjo klas\u00eb politike personalitete t\u00eb v\u00ebrteta apo thjesht personazhe virtuale?<\/p>\n<p>A ka pasur gjat\u00eb k\u00ebsaj periudhe t\u00eb gjat\u00eb (20 vjet n\u00eb historin\u00eb politike t\u00eb \u00e7do vendi jan\u00eb jasht\u00ebzakonisht shum\u00eb) politikan\u00eb q\u00eb mund t\u2019i quajm\u00eb me plot goj\u00ebn burra shteti? K\u00ebto 20 vjet n\u00eb Shqip\u00ebri ka pasur politikan\u00eb t\u00eb vet\u00ebquajtur, por jo burra shteti. Pse vall\u00eb? Ka qen\u00eb e pamundur? Po pse ka qen\u00eb e pamundur? \u00c7far\u00eb i ka penguar? \u00c7far\u00eb forcash misterioze i kan\u00eb shfytyruar politikan\u00ebt shqiptar\u00eb t\u00eb mos b\u00ebhen burra shteti? Kjo \u00ebsht\u00eb dilema e madhe. Sepse ky \u00ebsht\u00eb realiteti. Do t\u00eb donin t\u00eb ishte krejt ndryshe!<\/p>\n<p>Filozofi i politik\u00ebs i dit\u00ebve tona Janos Kis ka th\u00ebn\u00eb: \u201cFilozofia politike \u00ebsht\u00eb normative. Ajo shtron tri lloj pyetjesh. S\u00eb pari, cili \u00ebsht\u00eb rendi i drejt\u00eb institucional p\u00ebr nj\u00eb shoq\u00ebri? S\u00eb dyti, cilat jan\u00eb standardet e p\u00ebrshtatshme, n\u00eb baz\u00eb t\u00eb t\u00eb cilave do t\u00eb vler\u00ebsohen institucionet shoq\u00ebrore? Dhe s\u00eb treti, si arrijn\u00eb standardet e vler\u00ebsimit t\u00eb realizojn\u00eb p\u00ebrzgjedhjen dhe miratimin e rendit institucional demokratik? \u201cSipas k\u00ebsaj optike, secili mund t\u00eb b\u00ebj\u00eb ballafaqimin me politik\u00ebn shqiptare. Demokracia \u00ebsht\u00eb nj\u00eb sistem politik institucionesh jo vet\u00ebm politike, por t\u00eb pavarura kushtetueshm\u00ebrisht t\u00eb tri pushteteve: legjislativit, ekzekutivit dhe gjyq\u00ebsorit, pa harruar edhe pushtetin e kat\u00ebrt, at\u00eb t\u00eb shtypit dhe t\u00eb mediave. Kjo struktur\u00eb \u00ebsht\u00eb bazore n\u00eb form\u00eb dhe n\u00eb p\u00ebrmbajtje.<\/p>\n<p>Po si \u00ebsht\u00eb vepruar n\u00eb Shqip\u00ebrin\u00eb politike? Partit\u00eb fituese qeveris\u00ebse kan\u00eb pasur prirjen e partikracis\u00eb, p\u00ebr t\u00eb sunduar me nj\u00eb keqkuptim t\u00eb \u00e7uditsh\u00ebm t\u00eb shumic\u00ebs formale t\u00eb votave edhe Parlamentin, edhe ekzekutivin, edhe kryeprokurorin\u00eb, gjykatat, sh\u00ebrbimin inteligjent, institucionin e Presidentit, edhe klientelizimin e mediave. Koncepti i partikracis\u00eb \u00ebsht\u00eb koncept totalitar. N\u00eb demokraci, ky koncept konsiderohet antidemokratik. Raporti shumic\u00eb qeveris\u00ebse dhe opozit\u00eb p\u00ebrcaktohet gjithashtu n\u00eb frym\u00ebn e partikracis\u00eb, ku sistemi i hapur demokratik koncentrohet artificialisht te Nj\u00ebshi i ekzekutivit, duke iu kund\u00ebrv\u00ebn\u00eb t\u00eb gjitha dometh\u00ebnieve kontestuese dhe sidomos opozit\u00ebs politike n\u00eb ve\u00e7anti dhe opozit\u00ebs qytetare n\u00eb p\u00ebrgjith\u00ebsi.<\/p>\n<p>A mund t\u00eb vazhdohet k\u00ebshtu? Mos vall\u00eb duhet t\u00eb presim edhe 20 vjet t\u00eb tjera fatalisht dhe d\u00ebshp\u00ebrimisht? Prova e partive politike moderne \u00ebsht\u00eb kuptimshm\u00ebria e drejt\u00eb e institucioneve politike, pra edhe t\u00eb vet\u00eb partive. Mungesa e demokracis\u00eb n\u00eb parti \u00ebsht\u00eb edhe mungesa e demokracis\u00eb n\u00eb shoq\u00ebri. Termat \u201cparti qeveris\u00ebse\u201d dhe \u201copozit\u00eb\u201d jan\u00eb terma konvencional\u00eb t\u00eb p\u00ebrkohsh\u00ebm dhe t\u00eb nd\u00ebrkthyesh\u00ebm, opozita b\u00ebhet parti qeveris\u00ebse, kurse qeveris\u00ebsja b\u00ebhet opozit\u00eb, mungon monopoli.<\/p>\n<p>\u00c7do qeverisje \u00ebsht\u00eb pashmang\u00ebrisht mandatore dhe aspak nj\u00eb epifenomen mistik. Kjo duket e thjesht\u00eb, por p\u00ebr klas\u00ebn ton\u00eb (para)politike nuk \u00ebsht\u00eb e thjesht\u00eb, n\u00eb shumic\u00ebn e rasteve rotacioni i pushteteve konceptohet si nj\u00eb gj\u00ebm\u00eb e tmerrshme. Politikan\u00ebt e suksessh\u00ebm shqiptar\u00eb q\u00eb dominojn\u00eb shtr\u00ebnguesh\u00ebm sken\u00ebn politike jan\u00eb p\u00ebrgjegj\u00ebs historik\u00eb p\u00ebr munges\u00ebn e dituris\u00eb konceptuale t\u00eb drejt\u00eb dhe moderne t\u00eb politik\u00ebs, p\u00ebr diletantizmin sfilit\u00ebs, p\u00ebr modulin kaotik pa strategji komb\u00ebtare t\u00eb ekonomis\u00eb, p\u00ebr papun\u00ebsin\u00eb e pajustifikueshme, varf\u00ebrin\u00eb e dhimbshme t\u00eb shumic\u00ebs, universitetet private virtuale, rritja marramend\u00ebse e \u00e7mimeve t\u00eb materies jet\u00ebsore, ekzistenciale, klientelizmin kapilar n\u00eb \u00e7do fush\u00eb t\u00eb jet\u00ebs, p\u00ebr bipolaritetin gati antagonist PD dhe PS dhe sidomos p\u00ebr korrupsionin e llahtarsh\u00ebm dhe t\u00eb friksh\u00ebm.<\/p>\n<p>Nj\u00eb klas\u00eb e v\u00ebrtet\u00eb politike e frenon dhe e lufton korrupsionin dhe nuk b\u00ebhet vatra pllenuese e k\u00ebtij korrupsioni. T\u00eb gjitha arritjet pozitive t\u00eb k\u00ebtyre 20 vjet\u00ebve kan\u00eb qen\u00eb t\u00eb vonuara. T\u00eb fundit n\u00eb rajon e fituam liberalizimin e vizave, por jemi t\u00eb par\u00ebt n\u00eb mburrjet estradeske. Tiparet m\u00eb tipologjike t\u00eb nj\u00eb klase (para)politike jan\u00eb kur p\u00ebr problemet m\u00eb t\u00eb ankthshme madhore nuk ka fuqi p\u00ebr t\u2019i zgjidhur vet\u00eb dhe th\u00ebrret p\u00ebr ndihm\u00eb nd\u00ebrkomb\u00ebtar\u00ebt. Ahere pse ta quajm\u00eb klas\u00eb politike, e aft\u00eb dhe profesioniste?<\/p>\n<p>A nuk \u00ebsht\u00eb diletantiz\u00ebm mungesa e partneritetit politik midis partive t\u00eb m\u00ebdha? Viti 1997, t\u00eb vrar\u00ebt e G\u00ebrdecit, t\u00eb vrar\u00ebt e 21 janarit etj., flasin n\u00eb m\u00ebnyr\u00eb t\u00eb adresuar p\u00ebr elementin dhe emrin m\u00eb t\u00eb skajsh\u00ebm t\u00eb parapolitik\u00ebs n\u00eb Shqip\u00ebri. Dhuna nuk \u00ebsht\u00eb politik\u00eb, por ekstrapolitik\u00eb. Kjo duhet kuptuar nj\u00ebher\u00eb e p\u00ebrgjithmon\u00eb. Tani v\u00ebrtet dhe natyrsh\u00ebm \u00ebsht\u00eb ora e opozit\u00ebs, por nuk duhet harruar se m\u00eb shum\u00eb se fitoret elektorale \u00ebsht\u00eb kap\u00ebrcimi i Rubikonit, moment historik i jasht\u00ebzakonsh\u00ebm dhe i shum\u00ebpritur nga t\u00eb gjith\u00eb, q\u00eb klasa (para)politike shqiptare t\u00eb b\u00ebhet n\u00eb m\u00ebnyr\u00eb normative, m\u00eb n\u00eb fund nj\u00eb klas\u00eb politike e v\u00ebrtet\u00eb.<\/p>\n","protected":false},"excerpt":{"rendered":"<p>Moikom Zeqo Nuk \u00ebsht\u00eb nj\u00eb \u00e7\u00ebshtje e nj\u00eb klasifikimi em\u00ebrtues pyetja: a \u00ebsht\u00eb klasa politike shqiptare n\u00eb t\u00eb v\u00ebrtet\u00eb nj\u00eb klas\u00eb (para)politike? Kjo k\u00ebrkon nj\u00eb debat serioz dhe nj\u00eb ndershm\u00ebri shkencore. T\u00eb gjitha p\u00ebrgjigjet e mundshme mund t\u00eb mbartin elemente t\u00eb pjesshme t\u00eb argumentimit pohues dhe mohues dhe kjo \u00e7\u00ebshtje substanciale t\u00eb trajtohet n\u00eb m\u00ebnyr\u00eb [&hellip;]<\/p>\n","protected":false},"author":1,"featured_media":0,"comment_status":"open","ping_status":"closed","sticky":false,"template":"","format":"standard","meta":{"footnotes":""},"categories":[2],"tags":[],"class_list":{"0":"post-6269","1":"post","2":"type-post","3":"status-publish","4":"format-standard","6":"category-artikuj"},"yoast_head":"<!-- This site is optimized with the Yoast SEO plugin v27.4 - https:\/\/yoast.com\/product\/yoast-seo-wordpress\/ -->\n<title>Klasa (para)politike shqiptare - FjALA e LIR\u00cb - Arkivi<\/title>\n<meta name=\"robots\" content=\"index, follow, max-snippet:-1, max-image-preview:large, max-video-preview:-1\" \/>\n<link rel=\"canonical\" href=\"https:\/\/fjala.info\/2009-2015\/klasa-parapolitike-shqiptare\/\" \/>\n<meta property=\"og:locale\" content=\"sq_AL\" \/>\n<meta property=\"og:type\" content=\"article\" \/>\n<meta property=\"og:title\" content=\"Klasa (para)politike shqiptare - FjALA e LIR\u00cb - Arkivi\" \/>\n<meta property=\"og:description\" content=\"Moikom Zeqo Nuk \u00ebsht\u00eb nj\u00eb \u00e7\u00ebshtje e nj\u00eb klasifikimi em\u00ebrtues pyetja: a \u00ebsht\u00eb klasa politike shqiptare n\u00eb t\u00eb v\u00ebrtet\u00eb nj\u00eb klas\u00eb (para)politike? Kjo k\u00ebrkon nj\u00eb debat serioz dhe nj\u00eb ndershm\u00ebri shkencore. T\u00eb gjitha p\u00ebrgjigjet e mundshme mund t\u00eb mbartin elemente t\u00eb pjesshme t\u00eb argumentimit pohues dhe mohues dhe kjo \u00e7\u00ebshtje substanciale t\u00eb trajtohet n\u00eb m\u00ebnyr\u00eb [&hellip;]\" \/>\n<meta property=\"og:url\" content=\"https:\/\/fjala.info\/2009-2015\/klasa-parapolitike-shqiptare\/\" \/>\n<meta property=\"og:site_name\" content=\"FjALA e LIR\u00cb - Arkivi\" \/>\n<meta property=\"article:published_time\" content=\"2011-02-08T23:01:11+00:00\" \/>\n<meta name=\"author\" content=\"admin\" \/>\n<meta name=\"twitter:card\" content=\"summary_large_image\" \/>\n<meta name=\"twitter:label1\" content=\"Written by\" \/>\n\t<meta name=\"twitter:data1\" content=\"admin\" \/>\n\t<meta name=\"twitter:label2\" content=\"Est. reading time\" \/>\n\t<meta name=\"twitter:data2\" content=\"6 minutes\" \/>\n<script type=\"application\/ld+json\" class=\"yoast-schema-graph\">{\"@context\":\"https:\\\/\\\/schema.org\",\"@graph\":[{\"@type\":\"Article\",\"@id\":\"https:\\\/\\\/fjala.info\\\/2009-2015\\\/klasa-parapolitike-shqiptare\\\/#article\",\"isPartOf\":{\"@id\":\"https:\\\/\\\/fjala.info\\\/2009-2015\\\/klasa-parapolitike-shqiptare\\\/\"},\"author\":{\"name\":\"admin\",\"@id\":\"https:\\\/\\\/fjala.info\\\/2009-2015\\\/#\\\/schema\\\/person\\\/3aa1163ef05469c496fc94e77611ada2\"},\"headline\":\"Klasa (para)politike shqiptare\",\"datePublished\":\"2011-02-08T23:01:11+00:00\",\"mainEntityOfPage\":{\"@id\":\"https:\\\/\\\/fjala.info\\\/2009-2015\\\/klasa-parapolitike-shqiptare\\\/\"},\"wordCount\":1254,\"commentCount\":0,\"publisher\":{\"@id\":\"https:\\\/\\\/fjala.info\\\/2009-2015\\\/#organization\"},\"articleSection\":[\"Artikuj\"],\"inLanguage\":\"sq-AL\",\"potentialAction\":[{\"@type\":\"CommentAction\",\"name\":\"Comment\",\"target\":[\"https:\\\/\\\/fjala.info\\\/2009-2015\\\/klasa-parapolitike-shqiptare\\\/#respond\"]}]},{\"@type\":\"WebPage\",\"@id\":\"https:\\\/\\\/fjala.info\\\/2009-2015\\\/klasa-parapolitike-shqiptare\\\/\",\"url\":\"https:\\\/\\\/fjala.info\\\/2009-2015\\\/klasa-parapolitike-shqiptare\\\/\",\"name\":\"Klasa (para)politike shqiptare - FjALA e LIR\u00cb - Arkivi\",\"isPartOf\":{\"@id\":\"https:\\\/\\\/fjala.info\\\/2009-2015\\\/#website\"},\"datePublished\":\"2011-02-08T23:01:11+00:00\",\"breadcrumb\":{\"@id\":\"https:\\\/\\\/fjala.info\\\/2009-2015\\\/klasa-parapolitike-shqiptare\\\/#breadcrumb\"},\"inLanguage\":\"sq-AL\",\"potentialAction\":[{\"@type\":\"ReadAction\",\"target\":[\"https:\\\/\\\/fjala.info\\\/2009-2015\\\/klasa-parapolitike-shqiptare\\\/\"]}]},{\"@type\":\"BreadcrumbList\",\"@id\":\"https:\\\/\\\/fjala.info\\\/2009-2015\\\/klasa-parapolitike-shqiptare\\\/#breadcrumb\",\"itemListElement\":[{\"@type\":\"ListItem\",\"position\":1,\"name\":\"Home\",\"item\":\"https:\\\/\\\/fjala.info\\\/2009-2015\\\/\"},{\"@type\":\"ListItem\",\"position\":2,\"name\":\"Klasa (para)politike shqiptare\"}]},{\"@type\":\"WebSite\",\"@id\":\"https:\\\/\\\/fjala.info\\\/2009-2015\\\/#website\",\"url\":\"https:\\\/\\\/fjala.info\\\/2009-2015\\\/\",\"name\":\"FjALA e LIR\u00cb - Arkivi\",\"description\":\"Arkivi 2009-2015\",\"publisher\":{\"@id\":\"https:\\\/\\\/fjala.info\\\/2009-2015\\\/#organization\"},\"potentialAction\":[{\"@type\":\"SearchAction\",\"target\":{\"@type\":\"EntryPoint\",\"urlTemplate\":\"https:\\\/\\\/fjala.info\\\/2009-2015\\\/?s={search_term_string}\"},\"query-input\":{\"@type\":\"PropertyValueSpecification\",\"valueRequired\":true,\"valueName\":\"search_term_string\"}}],\"inLanguage\":\"sq-AL\"},{\"@type\":\"Organization\",\"@id\":\"https:\\\/\\\/fjala.info\\\/2009-2015\\\/#organization\",\"name\":\"FjALA e LIR\u00cb - Arkivi\",\"url\":\"https:\\\/\\\/fjala.info\\\/2009-2015\\\/\",\"logo\":{\"@type\":\"ImageObject\",\"inLanguage\":\"sq-AL\",\"@id\":\"https:\\\/\\\/fjala.info\\\/2009-2015\\\/#\\\/schema\\\/logo\\\/image\\\/\",\"url\":\"\",\"contentUrl\":\"\",\"caption\":\"FjALA e LIR\u00cb - Arkivi\"},\"image\":{\"@id\":\"https:\\\/\\\/fjala.info\\\/2009-2015\\\/#\\\/schema\\\/logo\\\/image\\\/\"}},{\"@type\":\"Person\",\"@id\":\"https:\\\/\\\/fjala.info\\\/2009-2015\\\/#\\\/schema\\\/person\\\/3aa1163ef05469c496fc94e77611ada2\",\"name\":\"admin\",\"image\":{\"@type\":\"ImageObject\",\"inLanguage\":\"sq-AL\",\"@id\":\"https:\\\/\\\/fjala.info\\\/2009-2015\\\/wp-content\\\/uploads\\\/2012\\\/02\\\/arben_cokaj-120x150.jpg\",\"url\":\"https:\\\/\\\/fjala.info\\\/2009-2015\\\/wp-content\\\/uploads\\\/2012\\\/02\\\/arben_cokaj-120x150.jpg\",\"contentUrl\":\"https:\\\/\\\/fjala.info\\\/2009-2015\\\/wp-content\\\/uploads\\\/2012\\\/02\\\/arben_cokaj-120x150.jpg\",\"caption\":\"admin\"},\"description\":\"Admin, Fjala e Lir\u00eb\",\"sameAs\":[\"https:\\\/\\\/fjala.info\\\/\"],\"url\":\"https:\\\/\\\/fjala.info\\\/2009-2015\\\/author\\\/admin\\\/\"}]}<\/script>\n<!-- \/ Yoast SEO plugin. -->","yoast_head_json":{"title":"Klasa (para)politike shqiptare - FjALA e LIR\u00cb - Arkivi","robots":{"index":"index","follow":"follow","max-snippet":"max-snippet:-1","max-image-preview":"max-image-preview:large","max-video-preview":"max-video-preview:-1"},"canonical":"https:\/\/fjala.info\/2009-2015\/klasa-parapolitike-shqiptare\/","og_locale":"sq_AL","og_type":"article","og_title":"Klasa (para)politike shqiptare - FjALA e LIR\u00cb - Arkivi","og_description":"Moikom Zeqo Nuk \u00ebsht\u00eb nj\u00eb \u00e7\u00ebshtje e nj\u00eb klasifikimi em\u00ebrtues pyetja: a \u00ebsht\u00eb klasa politike shqiptare n\u00eb t\u00eb v\u00ebrtet\u00eb nj\u00eb klas\u00eb (para)politike? Kjo k\u00ebrkon nj\u00eb debat serioz dhe nj\u00eb ndershm\u00ebri shkencore. T\u00eb gjitha p\u00ebrgjigjet e mundshme mund t\u00eb mbartin elemente t\u00eb pjesshme t\u00eb argumentimit pohues dhe mohues dhe kjo \u00e7\u00ebshtje substanciale t\u00eb trajtohet n\u00eb m\u00ebnyr\u00eb [&hellip;]","og_url":"https:\/\/fjala.info\/2009-2015\/klasa-parapolitike-shqiptare\/","og_site_name":"FjALA e LIR\u00cb - Arkivi","article_published_time":"2011-02-08T23:01:11+00:00","author":"admin","twitter_card":"summary_large_image","twitter_misc":{"Written by":"admin","Est. reading time":"6 minutes"},"schema":{"@context":"https:\/\/schema.org","@graph":[{"@type":"Article","@id":"https:\/\/fjala.info\/2009-2015\/klasa-parapolitike-shqiptare\/#article","isPartOf":{"@id":"https:\/\/fjala.info\/2009-2015\/klasa-parapolitike-shqiptare\/"},"author":{"name":"admin","@id":"https:\/\/fjala.info\/2009-2015\/#\/schema\/person\/3aa1163ef05469c496fc94e77611ada2"},"headline":"Klasa (para)politike shqiptare","datePublished":"2011-02-08T23:01:11+00:00","mainEntityOfPage":{"@id":"https:\/\/fjala.info\/2009-2015\/klasa-parapolitike-shqiptare\/"},"wordCount":1254,"commentCount":0,"publisher":{"@id":"https:\/\/fjala.info\/2009-2015\/#organization"},"articleSection":["Artikuj"],"inLanguage":"sq-AL","potentialAction":[{"@type":"CommentAction","name":"Comment","target":["https:\/\/fjala.info\/2009-2015\/klasa-parapolitike-shqiptare\/#respond"]}]},{"@type":"WebPage","@id":"https:\/\/fjala.info\/2009-2015\/klasa-parapolitike-shqiptare\/","url":"https:\/\/fjala.info\/2009-2015\/klasa-parapolitike-shqiptare\/","name":"Klasa (para)politike shqiptare - FjALA e LIR\u00cb - Arkivi","isPartOf":{"@id":"https:\/\/fjala.info\/2009-2015\/#website"},"datePublished":"2011-02-08T23:01:11+00:00","breadcrumb":{"@id":"https:\/\/fjala.info\/2009-2015\/klasa-parapolitike-shqiptare\/#breadcrumb"},"inLanguage":"sq-AL","potentialAction":[{"@type":"ReadAction","target":["https:\/\/fjala.info\/2009-2015\/klasa-parapolitike-shqiptare\/"]}]},{"@type":"BreadcrumbList","@id":"https:\/\/fjala.info\/2009-2015\/klasa-parapolitike-shqiptare\/#breadcrumb","itemListElement":[{"@type":"ListItem","position":1,"name":"Home","item":"https:\/\/fjala.info\/2009-2015\/"},{"@type":"ListItem","position":2,"name":"Klasa (para)politike shqiptare"}]},{"@type":"WebSite","@id":"https:\/\/fjala.info\/2009-2015\/#website","url":"https:\/\/fjala.info\/2009-2015\/","name":"FjALA e LIR\u00cb - Arkivi","description":"Arkivi 2009-2015","publisher":{"@id":"https:\/\/fjala.info\/2009-2015\/#organization"},"potentialAction":[{"@type":"SearchAction","target":{"@type":"EntryPoint","urlTemplate":"https:\/\/fjala.info\/2009-2015\/?s={search_term_string}"},"query-input":{"@type":"PropertyValueSpecification","valueRequired":true,"valueName":"search_term_string"}}],"inLanguage":"sq-AL"},{"@type":"Organization","@id":"https:\/\/fjala.info\/2009-2015\/#organization","name":"FjALA e LIR\u00cb - Arkivi","url":"https:\/\/fjala.info\/2009-2015\/","logo":{"@type":"ImageObject","inLanguage":"sq-AL","@id":"https:\/\/fjala.info\/2009-2015\/#\/schema\/logo\/image\/","url":"","contentUrl":"","caption":"FjALA e LIR\u00cb - Arkivi"},"image":{"@id":"https:\/\/fjala.info\/2009-2015\/#\/schema\/logo\/image\/"}},{"@type":"Person","@id":"https:\/\/fjala.info\/2009-2015\/#\/schema\/person\/3aa1163ef05469c496fc94e77611ada2","name":"admin","image":{"@type":"ImageObject","inLanguage":"sq-AL","@id":"https:\/\/fjala.info\/2009-2015\/wp-content\/uploads\/2012\/02\/arben_cokaj-120x150.jpg","url":"https:\/\/fjala.info\/2009-2015\/wp-content\/uploads\/2012\/02\/arben_cokaj-120x150.jpg","contentUrl":"https:\/\/fjala.info\/2009-2015\/wp-content\/uploads\/2012\/02\/arben_cokaj-120x150.jpg","caption":"admin"},"description":"Admin, Fjala e Lir\u00eb","sameAs":["https:\/\/fjala.info\/"],"url":"https:\/\/fjala.info\/2009-2015\/author\/admin\/"}]}},"_links":{"self":[{"href":"https:\/\/fjala.info\/2009-2015\/wp-json\/wp\/v2\/posts\/6269","targetHints":{"allow":["GET"]}}],"collection":[{"href":"https:\/\/fjala.info\/2009-2015\/wp-json\/wp\/v2\/posts"}],"about":[{"href":"https:\/\/fjala.info\/2009-2015\/wp-json\/wp\/v2\/types\/post"}],"author":[{"embeddable":true,"href":"https:\/\/fjala.info\/2009-2015\/wp-json\/wp\/v2\/users\/1"}],"replies":[{"embeddable":true,"href":"https:\/\/fjala.info\/2009-2015\/wp-json\/wp\/v2\/comments?post=6269"}],"version-history":[{"count":0,"href":"https:\/\/fjala.info\/2009-2015\/wp-json\/wp\/v2\/posts\/6269\/revisions"}],"wp:attachment":[{"href":"https:\/\/fjala.info\/2009-2015\/wp-json\/wp\/v2\/media?parent=6269"}],"wp:term":[{"taxonomy":"category","embeddable":true,"href":"https:\/\/fjala.info\/2009-2015\/wp-json\/wp\/v2\/categories?post=6269"},{"taxonomy":"post_tag","embeddable":true,"href":"https:\/\/fjala.info\/2009-2015\/wp-json\/wp\/v2\/tags?post=6269"}],"curies":[{"name":"wp","href":"https:\/\/api.w.org\/{rel}","templated":true}]}}