{"id":6262,"date":"2011-02-08T23:43:02","date_gmt":"2011-02-08T22:43:02","guid":{"rendered":"http:\/\/fjala.shkoder.net\/?p=6262"},"modified":"2011-02-08T23:43:02","modified_gmt":"2011-02-08T22:43:02","slug":"profesor-doktoret-e-shqiperise","status":"publish","type":"post","link":"https:\/\/fjala.info\/2009-2015\/profesor-doktoret-e-shqiperise\/","title":{"rendered":"Profesor-Doktor\u00ebt e Shqip\u00ebris\u00eb"},"content":{"rendered":"<p><img loading=\"lazy\" decoding=\"async\" class=\"alignright size-full wp-image-4159\" title=\"Bledar H. Prifti\" src=\"http:\/\/fjala.shkoder.net\/wp-content\/uploads\/2010\/10\/bledar_prifti.jpg\" alt=\"\" width=\"180\" height=\"240\" \/><br \/>\n<strong>Bledar H. Prifti<\/strong>, <em>02.08.2011<\/em><\/p>\n<p>Shumkush mund t\u00eb ket\u00eb lexuar k\u00ebto dit\u00eb nj\u00eb shkrim t\u00eb Doktor Kastriot Islamit n\u00eb lidhje me situat\u00ebn aktuale q\u00eb po kalon politika Shqiptare. Sa p\u00ebr dijeni p\u00ebr publikun, Doktor Islami \u00ebsht\u00eb nga ata q\u00eb e konsiderojn\u00eb veten \u201csocialist t\u00eb v\u00ebrtet\u00eb\u201d, si Ylli Manjani, Artur Zheji, dhe Ilir Meta (t\u00eb gjith\u00eb aspirant p\u00ebr \u201cDoktor\u201d). Doktor Islami \u00ebsht\u00eb ai deputeti i Partis\u00eb Socialiste q\u00eb, ashtu si Doktor Rexhep Meidani, kishte studiuar p\u00ebr fizik\u00eb atomike dhe molekulare. Dikur, Doktor Islami deklaronte hapur se si fizikant ai nuk mund t\u00eb kryente dot detyr\u00ebn e Ministrit t\u00eb Financave. Nuk vonoi shum\u00eb, pun\u00eb dit\u00ebsh, dhe Doktor Islami, p\u00ebr ironi t\u00eb fatit, em\u00ebrohet Minist\u00ebr i Financave n\u00eb Shkurt 2002. Besoj se ju kujtohet kjo ndodhi pasi \u00ebsht\u00eb e paharrueshme p\u00ebr cilindo.<\/p>\n<p>P\u00ebr m\u00eb shum\u00eb, n\u00eb zgjedhjet e kaluara, populli i Mallakastr\u00ebs nuk e donte Doktor Islamin t\u00eb garonte p\u00ebr deputet t\u00eb Kuvendit t\u00eb Shqip\u00ebris\u00eb sepse e konsideronte Doktor Islamin \u201cshum\u00eb t\u00eb ditur\u201d dhe \u201cshum\u00eb t\u00eb kualifikuar\u201d p\u00ebr t\u2019i sh\u00ebrbyer dhe mbrojtur interesat e popullit Mallakastriot. Jo m\u00eb kot Doktor Islami deklaronte koh\u00eb m\u00eb par\u00eb se \u201cMallakastriot\u00ebt do tia jepnin atij vot\u00ebn edhe sikur t\u00eb varte xhaket\u00ebn tek rrapi.\u201d Kjo e detyroi Edi Ram\u00ebn q\u00eb ta caktonte Doktor Islamin n\u00eb krye t\u00eb list\u00ebs p\u00ebr qarkun e Tiran\u00ebs dhe si drejtues t\u00eb reform\u00ebs zgjedhore q\u00eb u krye me konsensus nga PD dhe PS. P\u00ebrs\u00ebri, jo m\u00eb kot Doktor Islami do t\u00eb reagonte vjet mes socialist\u00ebve t\u00eb Fierit se \u201cMallakastriot\u00ebt \u2018i vran\u00eb barkun\u2019 pasi tani do t\u00eb b\u00ebj fushat\u00eb elektorale n\u00eb mes t\u00eb Tiran\u00ebs dhe jo t\u00eb endem fshatrave t\u00eb Mallakastr\u00ebs\u201d.<\/p>\n<p>Por le t\u2019i kthehemi shkrimit t\u00eb tij. N\u00eb at\u00eb shkrim, Doktor Islami, nd\u00ebr t\u00eb tjerash, i jep p\u00ebrgjigje disa pyetjeve n\u00eb lidhje me konceptin e Berish\u00ebs mbi pu\u00e7in dhe vler\u00ebsimin e figurave politike si Doktor Berisha, Doktor Nano, dhe Edi Rama. N\u00eb lidhje me konceptin e pu\u00e7it t\u00eb hedhur rishtazi nga Doktor Berisha, Doktor Islami p\u00ebrgjigjet:<br \/>\n\u201c\u00cbsht\u00eb v\u00ebshtir\u00eb q\u00eb nj\u00eb situat\u00eb irracionale si kjo q\u00eb ka dy vjet q\u00eb zhvillohet, t\u00eb analizohet racionalisht, aq m\u00eb tep\u00ebr q\u00eb e gjith\u00eb kjo \u00ebsht\u00eb e sajuar dhe nuk ka asnj\u00eb baz\u00eb reale, por thjesht ka n\u00eb themel luft\u00ebn p\u00ebr pushtet. Prandaj gjykoj se kjo mund t\u00eb zgjidhej vet\u00ebm p\u00ebrmes caktimit t\u00eb pes\u00eb \u201cvijave t\u00eb kuqe\u201d: 1) JO BOJKOT T\u00cb KUVENDIT, 2) JO BOJKOT T\u00cb ZGJEDHJEVE, 3) JO PROTESTA T\u00cb DHUNSHME, 4) JO ZGJEDHJE T\u00cb PARAKOHSHME DHE 5) JO HETIM POLITIK.\u201d<\/p>\n<p>Ashtu si\u00e7 mund t\u00eb kuptohet nga t\u00eb gjith\u00eb, Doktor Islami nuk i p\u00ebrgjigjet pyetjes s\u00eb gazetarit dhe jep nj\u00eb p\u00ebrgjigje q\u00eb nuk ka lidhje as me konceptin \u201cpu\u00e7\u201d t\u00eb Doktor Berish\u00ebs, as me irracionalitetin, as me racionalitetin ,dhe as me ndonj\u00eb princip t\u00eb teoris\u00eb s\u00eb zgjedhjes rracionale. \u00cbsht\u00eb e v\u00ebshtir\u00eb t\u00eb kuptohet se si nj\u00eb \u201csocialist i v\u00ebrtet\u201d si Doktor Islami e ka t\u00eb v\u00ebshtir\u00eb t\u00eb p\u00ebrkufizoi \u201cpu\u00e7in\u201d e Doktor Berish\u00ebs n\u00eb nj\u00eb koh\u00eb kur ku\u00e7 e ma\u00e7 e kan\u00eb kuptuar k\u00ebt\u00eb lajthitje\/loj\u00eb e cila p\u00ebrdoret p\u00ebr t\u00eb larguar v\u00ebm\u00ebndjen nga vrasjet dhe p\u00ebrgjegj\u00ebsit\u00eb qeveritare t\u00eb 21 Janarit. Aq me e pakuptimt\u00eb b\u00ebhet kjo kur Doktor Islami nuk jep t\u00eb pakt\u00ebn as p\u00ebrkufizimin akademik t\u00eb konceptit \u201cpu\u00e7\u201d.<\/p>\n<p>Nuk e di n\u00ebse kjo vjen nga fakti se ai \u00ebsht\u00eb Doktor i fizik\u00ebs atomike e molekulare apo nga ajo q\u00eb nuk ka lexuar disa libra n\u00eb lidhje me \u201cpu\u00e7et\u201d dhe demokracin\u00eb. T\u00eb vjen p\u00ebr tu \u00e7uditur se si Doktor Islamit nuk i b\u00ebjn\u00eb p\u00ebrshtypje bllokimi diktatorial i gjasht\u00eb mandate-ndalimit t\u00eb l\u00ebshuara nga Prokurorja e Republik\u00ebs n\u00eb lidhje me vrasjet e 21 Janarit, konsiderimi nga ana e Doktor Berish\u00ebs se Presidenti i Republik\u00ebs, Kryeprokurorja, shefi i sh\u00ebrbimeve t\u00eb inteligjenc\u00ebs, dhe kat\u00ebr gazetar\u00ebt, Mero Baze, Filip Cakuli, Sokol Balla, dhe Andi Bushati jan\u00eb pjestar\u00eb t\u00eb grushtit t\u00eb shtetit. \u00cbsht\u00eb v\u00ebrtet \u00e7udit\u00ebrisht e \u00e7uditshme, sidomos kur ky gabim b\u00ebhet nga nj\u00eb Doktor Profesor i Shkencave si Doktor Profesor Islami!<\/p>\n<p>Por le ta mbyllim me \u201cpu\u00e7in\u201d e Doktor Berish\u00ebs dhe t\u00eb vazhdojm\u00eb me vler\u00ebsimin q\u00eb ka Doktor Islami p\u00ebr figur\u00ebn politike t\u00eb Doktor Berish\u00ebs, Doktor Nanos, dhe Edi Ram\u00ebs. Disa nga ju do t\u00eb donin q\u00eb Doktor Islami t\u00eb p\u00ebrfshinte n\u00eb vler\u00ebsimin edhe figur\u00ebn e Ilir Met\u00ebs, sidomos pas deklarat\u00ebs s\u00eb Doktor Nanos se ai ishte shoferi personal i Ilir Met\u00ebs. Por ja q\u00eb nuk e ka b\u00ebr\u00eb, dhe ky veprim mund t\u00eb ket\u00eb dy arsye kryesore.<\/p>\n<p>Disa mund t\u00eb ham\u00ebnd\u00ebsojn\u00eb dhe t\u00eb thon\u00eb se Doktor Islami \u201cse ha at\u00eb koqe ulliri\u201d dhe t\u00eb dal\u00eb \u201czbuluar\u201d pasi videoja e publikuar n\u00eb media, dhe q\u00eb tregonte Ilir Met\u00ebn duke ndar\u00eb mes klanit t\u00eb tij pla\u00e7k\u00ebn e e \u201cluft\u00ebs\u201d s\u00eb post-28 Qershorit, do t\u2019i kujtonte t\u00eb gjithv\u00eb ato blloqet e gj\u00ebra dhe t\u00eb gjata ku sot shkruajn emrin mij\u00ebra Shqiptar\u00eb q\u00eb nuk kan\u00eb lek\u00eb p\u00ebr t\u00eb bler\u00eb as buk\u00ebn e goj\u00ebs. Ka edhe di\u00e7ka tjet\u00ebr q\u00eb e shqet\u00ebson dhe e frenon Doktor Islamin. N\u00eb m\u00ebndjen e Doktor Islamit, Ilir Meta dhe organizata e tij jan\u00eb e vetmja mund\u00ebsi e ngelur p\u00ebr t\u00eb mashtruar baz\u00ebn socialiste dhe p\u00ebr t\u00eb b\u00ebr\u00eb t\u00eb mundur triumfin e Doktor Berish\u00ebs dhe Doktor Nanos ashtu si n\u00eb 2005-\u00ebn dhe 2009-\u00ebn. P\u00ebr Doktor Islamin organizata LSI duhet mbajtur gjall\u00eb me \u00e7do kusht duke e furnizuar n\u00eb raste krize me mercenar\u00eb si Tavo dhe Manjani. Mercenar\u00ebt jan\u00eb t\u00eb par\u00ebt n\u00eb l\u00ebvizje; gjenerali\/mbreti l\u00ebviz kur i vjen fundi loj\u00ebs ose gjeneralit\/mbretit.<\/p>\n<p>Por \u00e7far\u00eb thot\u00eb Doktor Islami p\u00ebr Doktor Berish\u00ebn dhe Doktor Nanon? Sipas Doktor Islamit, dhe i v\u00ebn\u00eb kaq n\u00eb v\u00ebshtir\u00ebsi nga pyetja e gazetarit, ai do t\u00eb jet\u00eb \u201cq\u00ebllimisht lakonik dhe implicit p\u00ebr t\u00eb mos i ngritur \u2018tabel\u00ebn asnj\u00eb mediokri q\u00eb mezi pret t\u00eb m\u00eb etiketoj\u00eb apo t\u00eb m\u00eb sulmoj\u00eb si pro apo kund\u00ebr k\u00ebtij apo atij thjesht se \u00ebsht\u00eb i k\u00ebnaqur apo i pak\u00ebnaqur nga q\u00ebndrimet e mia\u2019.\u201d Dhe n\u00eb k\u00ebt\u00eb vazhd\u00ebn lakonike dhe implicite, Doktor Islami vazhdon vler\u00ebsimin e tij. Doktor Islami i konsideron Doktor Nanon dhe Doktor Berish\u00ebn, n\u00eb radh\u00eb t\u00eb par\u00eb, si individ\u00eb ekspert\u00eb me grada shkencore Doktor\u00eb e Profesor\u00eb, pavar\u00ebsisht se p\u00ebr Doktor Nanon deklaron se e ka marr\u00eb grad\u00ebn me zot\u00ebsi dhe ka q\u00ebn\u00eb dhe mbetet ekspert kurse p\u00ebr Doktor Berish\u00ebn nuk e shpreh k\u00ebt\u00eb gj\u00eb. Cudi v\u00ebrtet! Sipas Doktor Islamit, Doktor Berisha dhe Doktor Nano jan\u00eb udhheqsit historik\u00eb dhe t\u00eb vetmit t\u00eb partive respektive, dhe q\u00eb t\u00eb dy jan\u00eb \u201cWINER\u201d, fitues, n\u00eb karakter.<\/p>\n<p>Sipas Doktor Islamit, ndryshimi midis Doktor Berish\u00ebs dhe Doktor Nanos \u00ebsht\u00eb se i pari \u00ebsht\u00eb autoritar dhe p\u00ebrjashtues dhe nuk largohet edhe kur humbet. Nga ana tjet\u00ebr, i dyti, Doktor Nano, \u00ebsht\u00eb liberal dhe jo-p\u00ebrjashtues, dhe q\u00eb largohet kur humbet garat elektorale. \u00cbsht\u00eb e v\u00ebrtet se Doktor Berisha, q\u00eb nga 1990 e k\u00ebtej, ka p\u00ebrjashtuar qindra figura me vler\u00eb t\u00eb s\u00eb djatht\u00ebs dhe politik\u00ebs Shqiptare.<\/p>\n<p>Por gjithashtu \u00ebsht\u00eb e v\u00ebrtet\u00eb se Partia Socialiste \u201cu b\u00eb lesh e li\u201d n\u00ebn drejtimin e Doktor Nanos deri n\u00eb at\u00eb pik\u00eb sa e majta u b\u00eb \u201ckasht\u00eb e k.qe\u201d, apo \u201csi k\u00ebmb\u00ebt e dhis\u00eb\u201d, ku nuk e merrte m\u00eb vesh i pari t\u00eb dytin. Ishte n\u00ebn drejtimin e Doktor Nanos q\u00eb, intelektual\u00eb m\u00eb me z\u00eb t\u00eb PS-s\u00eb talleshin dhe p\u00ebr\u00e7moheshin publikisht nga ai, br\u00ebnda dhe jasht\u00eb PS-s\u00eb. Ishte n\u00ebn drejtimin e Doktor Nanos q\u00eb pushteti fitohej nga zemrat e socialist\u00ebve t\u00eb thjesht\u00eb dhe ndahej nga Doktor Nano me duart e kusar\u00ebve dhe matrapaz\u00ebve t\u00eb klanit t\u00eb tij q\u00eb nuk kishin asnj\u00eb lidhje me socialist\u00ebt dhe popullin e thjesht\u00eb.<\/p>\n<p>Ishte n\u00ebn drejtimin e Doktor Nanos q\u00eb Petro Koci dhe t\u00eb tjer\u00eb konsideruan formimin e grupeve t\u00eb ndryshme antagoniste q\u00eb e dob\u00ebsonin edhe m\u00eb tej PS-n\u00eb. Ishte n\u00ebn drejtimin e Doktor Nanos q\u00eb Partia Socialiste u shp\u00ebrb\u00eb keqazi dhe u degjenerua deri n\u00eb at\u00eb pik\u00eb sa mij\u00ebra intelektual\u00eb, drejtues, dhe socialist t\u00eb thjesht\u00eb u larguan nga PS p\u00ebr t\u00eb r\u00ebn\u00eb viktim\u00eb e organizat\u00ebs LSI t\u00eb ideuar nga Sali Berisha dhe t\u00eb implementuar nga Ilir Meta dhe Dritan Prifti. P\u00ebr t\u00eb gjitha \u00e7ka paraqita m\u00eb sip\u00ebr, \u00ebsht\u00eb injoranc\u00eb dhe mediokritet t\u00eb flas\u00ebsh p\u00ebr nj\u00eb Doktor Nano liberal dhe jo-p\u00ebrjashtues.<\/p>\n<p>Ndaj mund t\u00eb themi t\u00eb bindur se largimet dhe p\u00ebrjashtimet n\u00eb PS nuk jan\u00eb nj\u00eb fenomen i ri i krijuar nga Edi Rama. Fenomeni i largimeve nuk ka ndryshuar, por ka ndryshuar arsyeja se p\u00ebrse b\u00ebhen largimet. Ka ndryshuar gjithashtu edhe propaganda djall\u00ebzore e pushtetit nj\u00ebzetvje\u00e7ar\u00eb p\u00ebr ta portretizuar Ram\u00ebn si nj\u00eb udh\u00ebheq\u00ebs autokrat dhe p\u00ebrjashtues. N\u00ebse dje largoheshin p\u00ebr shkak t\u00eb Ilir Met\u00ebs dhe Doktor Nanos, sot largohen p\u00ebr inat t\u00eb Edi Ram\u00ebs dhe p\u00ebr interesa t\u00eb Doktor Berish\u00ebs, Doktor Nanon, dhe Ilir Met\u00ebs, por n\u00eb asnj\u00eb rast p\u00ebr interesat e socialist\u00ebve t\u00eb thjesht\u00eb. Edi Rama \u00ebsht\u00eb thjesht\u00eb nj\u00eb aktor\u00eb\/faktor\u00eb politik i paparashikuar m\u00eb par\u00eb dhe q\u00eb prishi kurthin politik q\u00eb treshja Berisha-Nano-Meta i kishin ngritur k\u00ebtij populli prej nj\u00ebzet vitesh. Injoranca dhe mediokriteti arrin kulmin kur shikon se si Doktor Nano dhe Doktor Berisha jan\u00eb sot bashk\u00eb edhe me at\u00eb q\u00eb finalizoi p\u00ebr\u00e7arjen e PS-s\u00eb n\u00eb 2004, Ilir Met\u00ebn. Cfar\u00eb e b\u00ebri Met\u00ebn t\u00eb bashkohej n\u00eb 2004 me Doktor Berish\u00ebn, dhe \u00e7far\u00eb e b\u00ebri Met\u00ebn dhe Doktor Nanon t\u00eb bashkoheshin sot me Doktor Berish\u00ebn kund\u00ebr Edi Ram\u00ebs?<\/p>\n<p>Por \u00e7far\u00eb deklaroi Doktor Islami p\u00ebr liderin socialist, Edi Rama? N\u00eb p\u00ebrmbledhje, p\u00ebr Doktor Islamin, Edi Rama \u00ebsht\u00eb i nj\u00ebjt\u00eb me Sali Berish\u00ebn. Nuk duhet t\u00eb habiteni m\u00eb k\u00ebt\u00eb deklarat\u00eb t\u00eb Doktor Islamit. Strategjia e nj\u00ebhsimit t\u00eb Edi Ram\u00ebs me Sali Berish\u00ebn \u00ebsht\u00eb nj\u00eb strategji e mirdetajuar nga Doktor Berisha dhe Doktor Nano, dhe e propaganduar fuqish\u00ebm n\u00eb media dhe n\u00eb opinionin publik p\u00ebrmes hafijeve dhe mercenar\u00ebve t\u00eb pushtetit. Jo m\u00eb kot d\u00ebgjojm\u00eb sot edhe \u201cdemokrat\u00eb t\u00eb flak\u00ebt\u201d, intelektual\u00eb, dhe mercenar\u00eb t\u00eb pushtetit t\u00eb deklarojn\u00eb me shum\u00eb zell se Edi Rama dhe Doktor Berisha jan\u00eb nj\u00eblloj. E thon\u00eb k\u00ebt\u00eb m\u00eb shum\u00eb entuziaz\u00ebm dhe k\u00ebnaq\u00ebsi. A nuk ju duket e \u00e7uditshme? Kjo strategji ka dy q\u00ebllime kryesore: (1) p\u00ebrmes nj\u00ebhsimit t\u00eb Ram\u00ebs me Doktor Berish\u00ebn, pushteti k\u00ebrkon t\u00eb ruaj \u201cstatus quo\u201d-n\u00eb e tij duke e b\u00ebr\u00eb popullin t\u00eb besoj\u00eb p\u00ebrmes mashtrimit se nuk ka alternativ\u00eb tjet\u00ebr m\u00eb t\u00eb mir\u00eb se pushteti aktual, dhe (2) t\u00eb krijoi dhe legjitimoj shum\u00eb problem t\u00eb paq\u00ebna brenda s\u00eb majt\u00ebs dhe kampit socialist me q\u00ebllim p\u00ebr t\u2019i dh\u00ebn\u00eb z\u00eb\/\u201darsye\u201d element\u00ebve si Doktor Islami e kompani.<\/p>\n<p>P\u00ebrve\u00e7 atyre q\u00eb theksuam m\u00eb lart\u00eb, Doktor Islami, n\u00eb vlersimin e tij p\u00ebr Edi Ram\u00ebn, deklaron se \u201cRama njihet si piktor dhe pak si basketbollist (ky nuk \u00ebsht\u00eb vler\u00ebsimi im por k\u00ebto jan\u00eb cil\u00ebsime t\u00eb k\u00ebshilltar\u00ebve aktual\u00eb m\u00eb t\u00eb ngusht\u00eb dikur kund\u00ebrshtar\u00eb p\u00ebr vdekje). Nuk ka fituar asnj\u00eb titull shkencor dhe e quan budallall\u00ebk nj\u00eb tentativ\u00eb t\u00eb till\u00eb.\u201d Shikoni me kujdes se si gjat\u00eb shkrimit Doktor Islami thekson forte r\u00ebnd\u00ebsin\u00eb e titujve akademik\u00eb\u201d. K\u00ebt\u00eb gj\u00eb e ka b\u00ebr\u00eb edhe m\u00eb par\u00eb kur theksonte se politik\u00ebs i duhen nj\u00ebr\u00ebz m\u00eb tituj akademik. Po po, ka t\u00eb drejt\u00eb Doktor Islami pasi edhe Mahmud Ahmadinejad i Iranit \u00ebsht\u00eb Profesor-Doktor. \u201cFatkeq\u00ebsi\u201d ka q\u00ebn\u00eb dhe \u00ebsht\u00eb p\u00ebr Shtetet e Bashkuara dje kur Bill Klinton dhe dhjetra president Amerikan\u00eb q\u00eb e prin\u00eb at\u00eb dhe sot Barak Obama nuk kan\u00eb grad\u00ebn shkencore Profesor-Doktor, aq me keq kur kjo grad\u00eb shkencore nuk \u00ebsht\u00eb p\u00ebr mjeksi apo fizik\u00eb atomike dhe molekulare.<\/p>\n<p>Ne Shqiptar\u00ebt kemi q\u00ebn\u00eb dhe jemi me \u201cfat\u201d. \u201cFati\u201d na ka ndjekur ngahera n\u00eb \u00e7do hap t\u00eb historis\u00eb! Kemi n\u00eb drejtim pushtetar\u00eb me grada shkencore. Ajo q\u00eb i bashkon k\u00ebta pushtetar\u00eb \u00ebsht\u00eb fakti se gradat shkencore jan\u00eb marr\u00eb n\u00eb koh\u00ebn e regjimit komunist. Jemi me \u201cfat\u201d pasi pas r\u00ebnies s\u00eb komunizmit kemi pasur p\u00ebr nj\u00ebzet vjet n\u00eb drejtim Profesor-Doktor Sali Berish\u00ebn dhe Fatos Nanon. Ndaj k\u00ebta dhe mb\u00ebshtet\u00ebsit e tyre mund t\u00eb k\u00ebnaqen me faktin se Shqip\u00ebria jon\u00eb \u00ebsht\u00eb vendi i k\u00ebtyre soj Profesor-Doktor\u00ebve. K\u00ebtij i thon\u00eb fat, pavar\u00ebsisht se fati mund t\u00eb jet\u00eb i bardh\u00eb ose i zi!<\/p>\n","protected":false},"excerpt":{"rendered":"<p>Bledar H. Prifti, 02.08.2011 Shumkush mund t\u00eb ket\u00eb lexuar k\u00ebto dit\u00eb nj\u00eb shkrim t\u00eb Doktor Kastriot Islamit n\u00eb lidhje me situat\u00ebn aktuale q\u00eb po kalon politika Shqiptare. Sa p\u00ebr dijeni p\u00ebr publikun, Doktor Islami \u00ebsht\u00eb nga ata q\u00eb e konsiderojn\u00eb veten \u201csocialist t\u00eb v\u00ebrtet\u00eb\u201d, si Ylli Manjani, Artur Zheji, dhe Ilir Meta (t\u00eb gjith\u00eb aspirant [&hellip;]<\/p>\n","protected":false},"author":1,"featured_media":0,"comment_status":"open","ping_status":"closed","sticky":false,"template":"","format":"standard","meta":{"footnotes":""},"categories":[2],"tags":[],"class_list":{"0":"post-6262","1":"post","2":"type-post","3":"status-publish","4":"format-standard","6":"category-artikuj"},"yoast_head":"<!-- This site is optimized with the Yoast SEO plugin v27.4 - https:\/\/yoast.com\/product\/yoast-seo-wordpress\/ -->\n<title>Profesor-Doktor\u00ebt e Shqip\u00ebris\u00eb - FjALA e LIR\u00cb - Arkivi<\/title>\n<meta name=\"robots\" content=\"index, follow, max-snippet:-1, max-image-preview:large, max-video-preview:-1\" \/>\n<link rel=\"canonical\" href=\"https:\/\/fjala.info\/2009-2015\/profesor-doktoret-e-shqiperise\/\" \/>\n<meta property=\"og:locale\" content=\"sq_AL\" \/>\n<meta property=\"og:type\" content=\"article\" \/>\n<meta property=\"og:title\" content=\"Profesor-Doktor\u00ebt e Shqip\u00ebris\u00eb - FjALA e LIR\u00cb - Arkivi\" \/>\n<meta property=\"og:description\" content=\"Bledar H. Prifti, 02.08.2011 Shumkush mund t\u00eb ket\u00eb lexuar k\u00ebto dit\u00eb nj\u00eb shkrim t\u00eb Doktor Kastriot Islamit n\u00eb lidhje me situat\u00ebn aktuale q\u00eb po kalon politika Shqiptare. Sa p\u00ebr dijeni p\u00ebr publikun, Doktor Islami \u00ebsht\u00eb nga ata q\u00eb e konsiderojn\u00eb veten \u201csocialist t\u00eb v\u00ebrtet\u00eb\u201d, si Ylli Manjani, Artur Zheji, dhe Ilir Meta (t\u00eb gjith\u00eb aspirant [&hellip;]\" \/>\n<meta property=\"og:url\" content=\"https:\/\/fjala.info\/2009-2015\/profesor-doktoret-e-shqiperise\/\" \/>\n<meta property=\"og:site_name\" content=\"FjALA e LIR\u00cb - Arkivi\" \/>\n<meta property=\"article:published_time\" content=\"2011-02-08T22:43:02+00:00\" \/>\n<meta property=\"og:image\" content=\"http:\/\/fjala.shkoder.net\/wp-content\/uploads\/2010\/10\/bledar_prifti.jpg\" \/>\n<meta name=\"author\" content=\"admin\" \/>\n<meta name=\"twitter:card\" content=\"summary_large_image\" \/>\n<meta name=\"twitter:label1\" content=\"Written by\" \/>\n\t<meta name=\"twitter:data1\" content=\"admin\" \/>\n\t<meta name=\"twitter:label2\" content=\"Est. reading time\" \/>\n\t<meta name=\"twitter:data2\" content=\"11 minutes\" \/>\n<script type=\"application\/ld+json\" class=\"yoast-schema-graph\">{\"@context\":\"https:\\\/\\\/schema.org\",\"@graph\":[{\"@type\":\"Article\",\"@id\":\"https:\\\/\\\/fjala.info\\\/2009-2015\\\/profesor-doktoret-e-shqiperise\\\/#article\",\"isPartOf\":{\"@id\":\"https:\\\/\\\/fjala.info\\\/2009-2015\\\/profesor-doktoret-e-shqiperise\\\/\"},\"author\":{\"name\":\"admin\",\"@id\":\"https:\\\/\\\/fjala.info\\\/2009-2015\\\/#\\\/schema\\\/person\\\/3aa1163ef05469c496fc94e77611ada2\"},\"headline\":\"Profesor-Doktor\u00ebt e Shqip\u00ebris\u00eb\",\"datePublished\":\"2011-02-08T22:43:02+00:00\",\"mainEntityOfPage\":{\"@id\":\"https:\\\/\\\/fjala.info\\\/2009-2015\\\/profesor-doktoret-e-shqiperise\\\/\"},\"wordCount\":2214,\"commentCount\":0,\"publisher\":{\"@id\":\"https:\\\/\\\/fjala.info\\\/2009-2015\\\/#organization\"},\"image\":{\"@id\":\"https:\\\/\\\/fjala.info\\\/2009-2015\\\/profesor-doktoret-e-shqiperise\\\/#primaryimage\"},\"thumbnailUrl\":\"http:\\\/\\\/fjala.shkoder.net\\\/wp-content\\\/uploads\\\/2010\\\/10\\\/bledar_prifti.jpg\",\"articleSection\":[\"Artikuj\"],\"inLanguage\":\"sq-AL\",\"potentialAction\":[{\"@type\":\"CommentAction\",\"name\":\"Comment\",\"target\":[\"https:\\\/\\\/fjala.info\\\/2009-2015\\\/profesor-doktoret-e-shqiperise\\\/#respond\"]}]},{\"@type\":\"WebPage\",\"@id\":\"https:\\\/\\\/fjala.info\\\/2009-2015\\\/profesor-doktoret-e-shqiperise\\\/\",\"url\":\"https:\\\/\\\/fjala.info\\\/2009-2015\\\/profesor-doktoret-e-shqiperise\\\/\",\"name\":\"Profesor-Doktor\u00ebt e Shqip\u00ebris\u00eb - FjALA e LIR\u00cb - Arkivi\",\"isPartOf\":{\"@id\":\"https:\\\/\\\/fjala.info\\\/2009-2015\\\/#website\"},\"primaryImageOfPage\":{\"@id\":\"https:\\\/\\\/fjala.info\\\/2009-2015\\\/profesor-doktoret-e-shqiperise\\\/#primaryimage\"},\"image\":{\"@id\":\"https:\\\/\\\/fjala.info\\\/2009-2015\\\/profesor-doktoret-e-shqiperise\\\/#primaryimage\"},\"thumbnailUrl\":\"http:\\\/\\\/fjala.shkoder.net\\\/wp-content\\\/uploads\\\/2010\\\/10\\\/bledar_prifti.jpg\",\"datePublished\":\"2011-02-08T22:43:02+00:00\",\"breadcrumb\":{\"@id\":\"https:\\\/\\\/fjala.info\\\/2009-2015\\\/profesor-doktoret-e-shqiperise\\\/#breadcrumb\"},\"inLanguage\":\"sq-AL\",\"potentialAction\":[{\"@type\":\"ReadAction\",\"target\":[\"https:\\\/\\\/fjala.info\\\/2009-2015\\\/profesor-doktoret-e-shqiperise\\\/\"]}]},{\"@type\":\"ImageObject\",\"inLanguage\":\"sq-AL\",\"@id\":\"https:\\\/\\\/fjala.info\\\/2009-2015\\\/profesor-doktoret-e-shqiperise\\\/#primaryimage\",\"url\":\"http:\\\/\\\/fjala.shkoder.net\\\/wp-content\\\/uploads\\\/2010\\\/10\\\/bledar_prifti.jpg\",\"contentUrl\":\"http:\\\/\\\/fjala.shkoder.net\\\/wp-content\\\/uploads\\\/2010\\\/10\\\/bledar_prifti.jpg\"},{\"@type\":\"BreadcrumbList\",\"@id\":\"https:\\\/\\\/fjala.info\\\/2009-2015\\\/profesor-doktoret-e-shqiperise\\\/#breadcrumb\",\"itemListElement\":[{\"@type\":\"ListItem\",\"position\":1,\"name\":\"Home\",\"item\":\"https:\\\/\\\/fjala.info\\\/2009-2015\\\/\"},{\"@type\":\"ListItem\",\"position\":2,\"name\":\"Profesor-Doktor\u00ebt e Shqip\u00ebris\u00eb\"}]},{\"@type\":\"WebSite\",\"@id\":\"https:\\\/\\\/fjala.info\\\/2009-2015\\\/#website\",\"url\":\"https:\\\/\\\/fjala.info\\\/2009-2015\\\/\",\"name\":\"FjALA e LIR\u00cb - Arkivi\",\"description\":\"Arkivi 2009-2015\",\"publisher\":{\"@id\":\"https:\\\/\\\/fjala.info\\\/2009-2015\\\/#organization\"},\"potentialAction\":[{\"@type\":\"SearchAction\",\"target\":{\"@type\":\"EntryPoint\",\"urlTemplate\":\"https:\\\/\\\/fjala.info\\\/2009-2015\\\/?s={search_term_string}\"},\"query-input\":{\"@type\":\"PropertyValueSpecification\",\"valueRequired\":true,\"valueName\":\"search_term_string\"}}],\"inLanguage\":\"sq-AL\"},{\"@type\":\"Organization\",\"@id\":\"https:\\\/\\\/fjala.info\\\/2009-2015\\\/#organization\",\"name\":\"FjALA e LIR\u00cb - Arkivi\",\"url\":\"https:\\\/\\\/fjala.info\\\/2009-2015\\\/\",\"logo\":{\"@type\":\"ImageObject\",\"inLanguage\":\"sq-AL\",\"@id\":\"https:\\\/\\\/fjala.info\\\/2009-2015\\\/#\\\/schema\\\/logo\\\/image\\\/\",\"url\":\"\",\"contentUrl\":\"\",\"caption\":\"FjALA e LIR\u00cb - Arkivi\"},\"image\":{\"@id\":\"https:\\\/\\\/fjala.info\\\/2009-2015\\\/#\\\/schema\\\/logo\\\/image\\\/\"}},{\"@type\":\"Person\",\"@id\":\"https:\\\/\\\/fjala.info\\\/2009-2015\\\/#\\\/schema\\\/person\\\/3aa1163ef05469c496fc94e77611ada2\",\"name\":\"admin\",\"image\":{\"@type\":\"ImageObject\",\"inLanguage\":\"sq-AL\",\"@id\":\"https:\\\/\\\/fjala.info\\\/2009-2015\\\/wp-content\\\/uploads\\\/2012\\\/02\\\/arben_cokaj-120x150.jpg\",\"url\":\"https:\\\/\\\/fjala.info\\\/2009-2015\\\/wp-content\\\/uploads\\\/2012\\\/02\\\/arben_cokaj-120x150.jpg\",\"contentUrl\":\"https:\\\/\\\/fjala.info\\\/2009-2015\\\/wp-content\\\/uploads\\\/2012\\\/02\\\/arben_cokaj-120x150.jpg\",\"caption\":\"admin\"},\"description\":\"Admin, Fjala e Lir\u00eb\",\"sameAs\":[\"https:\\\/\\\/fjala.info\\\/\"],\"url\":\"https:\\\/\\\/fjala.info\\\/2009-2015\\\/author\\\/admin\\\/\"}]}<\/script>\n<!-- \/ Yoast SEO plugin. -->","yoast_head_json":{"title":"Profesor-Doktor\u00ebt e Shqip\u00ebris\u00eb - FjALA e LIR\u00cb - Arkivi","robots":{"index":"index","follow":"follow","max-snippet":"max-snippet:-1","max-image-preview":"max-image-preview:large","max-video-preview":"max-video-preview:-1"},"canonical":"https:\/\/fjala.info\/2009-2015\/profesor-doktoret-e-shqiperise\/","og_locale":"sq_AL","og_type":"article","og_title":"Profesor-Doktor\u00ebt e Shqip\u00ebris\u00eb - FjALA e LIR\u00cb - Arkivi","og_description":"Bledar H. Prifti, 02.08.2011 Shumkush mund t\u00eb ket\u00eb lexuar k\u00ebto dit\u00eb nj\u00eb shkrim t\u00eb Doktor Kastriot Islamit n\u00eb lidhje me situat\u00ebn aktuale q\u00eb po kalon politika Shqiptare. Sa p\u00ebr dijeni p\u00ebr publikun, Doktor Islami \u00ebsht\u00eb nga ata q\u00eb e konsiderojn\u00eb veten \u201csocialist t\u00eb v\u00ebrtet\u00eb\u201d, si Ylli Manjani, Artur Zheji, dhe Ilir Meta (t\u00eb gjith\u00eb aspirant [&hellip;]","og_url":"https:\/\/fjala.info\/2009-2015\/profesor-doktoret-e-shqiperise\/","og_site_name":"FjALA e LIR\u00cb - Arkivi","article_published_time":"2011-02-08T22:43:02+00:00","og_image":[{"url":"http:\/\/fjala.shkoder.net\/wp-content\/uploads\/2010\/10\/bledar_prifti.jpg","type":"","width":"","height":""}],"author":"admin","twitter_card":"summary_large_image","twitter_misc":{"Written by":"admin","Est. reading time":"11 minutes"},"schema":{"@context":"https:\/\/schema.org","@graph":[{"@type":"Article","@id":"https:\/\/fjala.info\/2009-2015\/profesor-doktoret-e-shqiperise\/#article","isPartOf":{"@id":"https:\/\/fjala.info\/2009-2015\/profesor-doktoret-e-shqiperise\/"},"author":{"name":"admin","@id":"https:\/\/fjala.info\/2009-2015\/#\/schema\/person\/3aa1163ef05469c496fc94e77611ada2"},"headline":"Profesor-Doktor\u00ebt e Shqip\u00ebris\u00eb","datePublished":"2011-02-08T22:43:02+00:00","mainEntityOfPage":{"@id":"https:\/\/fjala.info\/2009-2015\/profesor-doktoret-e-shqiperise\/"},"wordCount":2214,"commentCount":0,"publisher":{"@id":"https:\/\/fjala.info\/2009-2015\/#organization"},"image":{"@id":"https:\/\/fjala.info\/2009-2015\/profesor-doktoret-e-shqiperise\/#primaryimage"},"thumbnailUrl":"http:\/\/fjala.shkoder.net\/wp-content\/uploads\/2010\/10\/bledar_prifti.jpg","articleSection":["Artikuj"],"inLanguage":"sq-AL","potentialAction":[{"@type":"CommentAction","name":"Comment","target":["https:\/\/fjala.info\/2009-2015\/profesor-doktoret-e-shqiperise\/#respond"]}]},{"@type":"WebPage","@id":"https:\/\/fjala.info\/2009-2015\/profesor-doktoret-e-shqiperise\/","url":"https:\/\/fjala.info\/2009-2015\/profesor-doktoret-e-shqiperise\/","name":"Profesor-Doktor\u00ebt e Shqip\u00ebris\u00eb - FjALA e LIR\u00cb - Arkivi","isPartOf":{"@id":"https:\/\/fjala.info\/2009-2015\/#website"},"primaryImageOfPage":{"@id":"https:\/\/fjala.info\/2009-2015\/profesor-doktoret-e-shqiperise\/#primaryimage"},"image":{"@id":"https:\/\/fjala.info\/2009-2015\/profesor-doktoret-e-shqiperise\/#primaryimage"},"thumbnailUrl":"http:\/\/fjala.shkoder.net\/wp-content\/uploads\/2010\/10\/bledar_prifti.jpg","datePublished":"2011-02-08T22:43:02+00:00","breadcrumb":{"@id":"https:\/\/fjala.info\/2009-2015\/profesor-doktoret-e-shqiperise\/#breadcrumb"},"inLanguage":"sq-AL","potentialAction":[{"@type":"ReadAction","target":["https:\/\/fjala.info\/2009-2015\/profesor-doktoret-e-shqiperise\/"]}]},{"@type":"ImageObject","inLanguage":"sq-AL","@id":"https:\/\/fjala.info\/2009-2015\/profesor-doktoret-e-shqiperise\/#primaryimage","url":"http:\/\/fjala.shkoder.net\/wp-content\/uploads\/2010\/10\/bledar_prifti.jpg","contentUrl":"http:\/\/fjala.shkoder.net\/wp-content\/uploads\/2010\/10\/bledar_prifti.jpg"},{"@type":"BreadcrumbList","@id":"https:\/\/fjala.info\/2009-2015\/profesor-doktoret-e-shqiperise\/#breadcrumb","itemListElement":[{"@type":"ListItem","position":1,"name":"Home","item":"https:\/\/fjala.info\/2009-2015\/"},{"@type":"ListItem","position":2,"name":"Profesor-Doktor\u00ebt e Shqip\u00ebris\u00eb"}]},{"@type":"WebSite","@id":"https:\/\/fjala.info\/2009-2015\/#website","url":"https:\/\/fjala.info\/2009-2015\/","name":"FjALA e LIR\u00cb - Arkivi","description":"Arkivi 2009-2015","publisher":{"@id":"https:\/\/fjala.info\/2009-2015\/#organization"},"potentialAction":[{"@type":"SearchAction","target":{"@type":"EntryPoint","urlTemplate":"https:\/\/fjala.info\/2009-2015\/?s={search_term_string}"},"query-input":{"@type":"PropertyValueSpecification","valueRequired":true,"valueName":"search_term_string"}}],"inLanguage":"sq-AL"},{"@type":"Organization","@id":"https:\/\/fjala.info\/2009-2015\/#organization","name":"FjALA e LIR\u00cb - Arkivi","url":"https:\/\/fjala.info\/2009-2015\/","logo":{"@type":"ImageObject","inLanguage":"sq-AL","@id":"https:\/\/fjala.info\/2009-2015\/#\/schema\/logo\/image\/","url":"","contentUrl":"","caption":"FjALA e LIR\u00cb - Arkivi"},"image":{"@id":"https:\/\/fjala.info\/2009-2015\/#\/schema\/logo\/image\/"}},{"@type":"Person","@id":"https:\/\/fjala.info\/2009-2015\/#\/schema\/person\/3aa1163ef05469c496fc94e77611ada2","name":"admin","image":{"@type":"ImageObject","inLanguage":"sq-AL","@id":"https:\/\/fjala.info\/2009-2015\/wp-content\/uploads\/2012\/02\/arben_cokaj-120x150.jpg","url":"https:\/\/fjala.info\/2009-2015\/wp-content\/uploads\/2012\/02\/arben_cokaj-120x150.jpg","contentUrl":"https:\/\/fjala.info\/2009-2015\/wp-content\/uploads\/2012\/02\/arben_cokaj-120x150.jpg","caption":"admin"},"description":"Admin, Fjala e Lir\u00eb","sameAs":["https:\/\/fjala.info\/"],"url":"https:\/\/fjala.info\/2009-2015\/author\/admin\/"}]}},"_links":{"self":[{"href":"https:\/\/fjala.info\/2009-2015\/wp-json\/wp\/v2\/posts\/6262","targetHints":{"allow":["GET"]}}],"collection":[{"href":"https:\/\/fjala.info\/2009-2015\/wp-json\/wp\/v2\/posts"}],"about":[{"href":"https:\/\/fjala.info\/2009-2015\/wp-json\/wp\/v2\/types\/post"}],"author":[{"embeddable":true,"href":"https:\/\/fjala.info\/2009-2015\/wp-json\/wp\/v2\/users\/1"}],"replies":[{"embeddable":true,"href":"https:\/\/fjala.info\/2009-2015\/wp-json\/wp\/v2\/comments?post=6262"}],"version-history":[{"count":0,"href":"https:\/\/fjala.info\/2009-2015\/wp-json\/wp\/v2\/posts\/6262\/revisions"}],"wp:attachment":[{"href":"https:\/\/fjala.info\/2009-2015\/wp-json\/wp\/v2\/media?parent=6262"}],"wp:term":[{"taxonomy":"category","embeddable":true,"href":"https:\/\/fjala.info\/2009-2015\/wp-json\/wp\/v2\/categories?post=6262"},{"taxonomy":"post_tag","embeddable":true,"href":"https:\/\/fjala.info\/2009-2015\/wp-json\/wp\/v2\/tags?post=6262"}],"curies":[{"name":"wp","href":"https:\/\/api.w.org\/{rel}","templated":true}]}}