{"id":6258,"date":"2011-02-08T23:23:25","date_gmt":"2011-02-08T22:23:25","guid":{"rendered":"http:\/\/fjala.shkoder.net\/?p=6258"},"modified":"2011-02-08T23:23:25","modified_gmt":"2011-02-08T22:23:25","slug":"rassmussen-shqiperia-te-sillet-si-vend-i-nato-s","status":"publish","type":"post","link":"https:\/\/fjala.info\/2009-2015\/rassmussen-shqiperia-te-sillet-si-vend-i-nato-s\/","title":{"rendered":"Rasmussen: Shqip\u00ebria t\u00eb sillet si vend i NATO-s"},"content":{"rendered":"<p><img loading=\"lazy\" decoding=\"async\" class=\"alignleft size-medium wp-image-6259\" title=\"anders_fogh_rasmussen\" src=\"http:\/\/fjala.shkoder.net\/wp-content\/uploads\/2011\/02\/anders_fogh_rasmussen-300x200.jpg\" alt=\"\" width=\"300\" height=\"200\" \/><br \/>\n<em><strong>Shpreh keqardhjen p\u00ebr humbjen e jet\u00ebve. D\u00ebnoj fort ushtrimin e dhun\u00ebs<\/strong><\/em><\/p>\n<p>Zyrtari m\u00eb i lart\u00eb i NATO-s, <strong>Rasmussen<\/strong> deklaroi dje se n\u00eb nj\u00eb vend an\u00ebtar t\u00eb aleanc\u00ebs nuk mund t\u00eb vriteshin njer\u00ebz gjat\u00eb nj\u00eb demonstrate. K\u00ebt\u00eb deklarat\u00eb, Sekretari i P\u00ebrgjithsh\u00ebm i Aleanc\u00ebs e b\u00ebri gjat\u00eb nj\u00eb konference p\u00ebr shtyp n\u00eb Bruksel. I pyetur nga gazetarja e \u201cTop Channel\u201d, n\u00ebse vrasja e njer\u00ebzve do t\u00eb ndodhte n\u00eb nj\u00eb vend si Danimarka, ku ai kishte sh\u00ebrbyer si Kryeminist\u00ebr, Rasmussen u p\u00ebrgjigj:<\/p>\n<p>\u201c<em>Un\u00eb mund t&#8217;ju them se ky nuk do t\u00eb ishte rasti n\u00eb Danimark\u00eb. Nuk besoj, mendoj se pyetja \u00ebsht\u00eb hipotetike. Por, seriozisht, un\u00eb jam i shqet\u00ebsuar p\u00ebr situat\u00ebn n\u00eb Shqip\u00ebri. Jam informuar p\u00ebr at\u00eb \u00e7far\u00eb po ndodh n\u00eb Shqip\u00ebri<\/em>\u201d, &#8211; deklaroi zyrtari m\u00eb i lart\u00eb i NATO-s, duke u shprehur i shqet\u00ebsuar n\u00eb lidhje me at\u00eb \u00e7far\u00eb ndodhi n\u00eb 21 janar n\u00eb vendin ton\u00eb. Rasmussen theksoi se fillimisht ishte i shqet\u00ebsuar p\u00ebr humbjen e jet\u00ebve, por d\u00ebnonte fort edhe dhun\u00ebn e ardhur nga demonstruesit p\u00ebrpara selis\u00eb s\u00eb K\u00ebshillit t\u00eb Ministrave.<\/p>\n<p>\u201c<em>Sinqerisht, shpreh keqardhjen e thell\u00eb p\u00ebr humbjen e jet\u00ebve. D\u00ebnoj fort ushtrimin e dhun\u00ebs<\/em>\u201d, &#8211; vijoi zyrtari m\u00eb i lart\u00eb i NATO-s. Nisur nga k\u00ebto konstatime, Rasmussen theksoi se tashm\u00eb ishte e nevojshme q\u00eb pal\u00ebt t\u00eb dialogonin dhe t\u00eb bashk\u00ebpunonin, duke e quajtur k\u00ebt\u00eb t\u00eb vetmen m\u00ebnyr\u00eb p\u00ebr t\u00eb dal\u00eb nga kriza. \u201c<em>U b\u00ebj thirrje t\u00eb gjitha partive q\u00eb t\u00eb k\u00ebrkojn\u00eb zgjidhje t\u00eb paqme p\u00ebr mosmarr\u00ebveshjet politike. Un\u00eb shpresoj se do t\u00eb shohim nj\u00eb zhvillim normal t\u00eb jet\u00ebs politike n\u00eb Shqip\u00ebri<\/em>\u201d, &#8211; b\u00ebri thirrje Sekretari i P\u00ebrgjithsh\u00ebm i NATO-s. K\u00ebt\u00eb k\u00ebrkes\u00eb, Rasmussen deklaroi se e b\u00ebnte edhe n\u00eb em\u00ebr t\u00eb eksperienc\u00ebs s\u00eb tij si ish-kryeministri i Danimark\u00ebs.<\/p>\n<p>\u201c<em>P\u00ebr sa i takon pyetjes suaj mbi eksperienc\u00ebn time si ish-kryeminist\u00ebr i nj\u00eb vendi t\u00eb vog\u00ebl, mendoj se \u00ebsht\u00eb me r\u00ebnd\u00ebsi thelb\u00ebsore q\u00eb vendet e vogla t\u00eb ken\u00eb dhe t\u00eb sigurojn\u00eb nj\u00eb konsensus t\u00eb gjer\u00eb p\u00ebr \u00e7\u00ebshtjet kryesore politike, ve\u00e7an\u00ebrisht p\u00ebr \u00e7\u00ebshtje q\u00eb lidhen me mbrojtjen, sigurin\u00eb dhe politik\u00ebn e jashtme, dhe n\u00eb k\u00ebt\u00eb periudh\u00eb t\u00eb v\u00ebshtir\u00eb ekonomike, kur shtrohet ehe \u00e7\u00ebshtja e b\u00ebrjes s\u00eb politikave ekonomike<\/em>\u201d, &#8211; theksoi Rasmussen, duke ndar\u00eb n\u00eb k\u00ebt\u00eb m\u00ebnyr\u00eb edhe eksperienc\u00ebn e tij politike. Por nga ana tjet\u00ebr, Sekretari i P\u00ebrgjithsh\u00ebm i NATO-s deklaroi se aleanca nuk mund t\u00eb nd\u00ebrhynte n\u00eb \u00e7\u00ebshtjet e brendshme t\u00eb nj\u00eb vendi dhe se n\u00eb k\u00ebt\u00eb rast duhet t\u00eb ishin vet\u00eb politikan\u00ebt shqiptar\u00eb q\u00eb duhet t\u2019i jepnin zgjidhje \u00e7\u00ebshtjes. Por sipas tij, NATO shpreson q\u00eb vendet e aleanc\u00ebs t\u00eb ndjekin disa kritere standarde, si\u00e7 jan\u00eb lirimi dhe respektimit i t\u00eb drejtave t\u00eb njeriut.<\/p>\n<p>\u201c<em>M\u00eb lejoni t&#8217;ju n\u00ebnvizoj se, selia qendrore e NATO-s n\u00eb Bruksel nuk mund t\u00eb vler\u00ebsoj\u00eb situat\u00ebn politike brenda nj\u00eb vendi an\u00ebtar t\u00eb sajin. Ne nuk nd\u00ebrhyjm\u00eb n\u00eb politik\u00ebn e brendshme. Pasi e them k\u00ebt\u00eb, ne gjithashtu n\u00eb an\u00ebn tjet\u00ebr presim q\u00eb t\u00eb gjitha vendet an\u00ebtare t\u00eb respektojn\u00eb parimet themelore mbi t\u00eb cilat NATO \u00ebsht\u00eb themeluar, si lirit\u00eb e individit, respektimi i t\u00eb drejtave t\u00eb njeriut, shtetit t\u00eb s\u00eb drejt\u00ebs, e besoj se t\u00eb gjitha qeverit\u00eb jan\u00eb n\u00eb dijeni p\u00ebr k\u00ebt\u00eb<\/em>\u201d, &#8211; theksoi Rasmusen. Sipas tij, tashm\u00eb Shqip\u00ebria kishte nj\u00eb shans t\u00eb mir\u00eb t\u00eb tregonte q\u00eb ishte nj\u00eb vend an\u00ebtar\u00eb i NATO-s dhe p\u00ebrfaq\u00ebsuesit e aleanc\u00ebs po e prisnin k\u00ebt\u00eb reagim.<\/p>\n","protected":false},"excerpt":{"rendered":"<p>Shpreh keqardhjen p\u00ebr humbjen e jet\u00ebve. D\u00ebnoj fort ushtrimin e dhun\u00ebs Zyrtari m\u00eb i lart\u00eb i NATO-s, Rasmussen deklaroi dje se n\u00eb nj\u00eb vend an\u00ebtar t\u00eb aleanc\u00ebs nuk mund t\u00eb vriteshin njer\u00ebz gjat\u00eb nj\u00eb demonstrate. K\u00ebt\u00eb deklarat\u00eb, Sekretari i P\u00ebrgjithsh\u00ebm i Aleanc\u00ebs e b\u00ebri gjat\u00eb nj\u00eb konference p\u00ebr shtyp n\u00eb Bruksel. I pyetur nga gazetarja [&hellip;]<\/p>\n","protected":false},"author":1,"featured_media":0,"comment_status":"open","ping_status":"closed","sticky":false,"template":"","format":"standard","meta":{"footnotes":""},"categories":[2],"tags":[],"class_list":{"0":"post-6258","1":"post","2":"type-post","3":"status-publish","4":"format-standard","6":"category-artikuj"},"yoast_head":"<!-- This site is optimized with the Yoast SEO plugin v27.4 - https:\/\/yoast.com\/product\/yoast-seo-wordpress\/ -->\n<title>Rasmussen: Shqip\u00ebria t\u00eb sillet si vend i NATO-s - FjALA e LIR\u00cb - Arkivi<\/title>\n<meta name=\"robots\" content=\"index, follow, max-snippet:-1, max-image-preview:large, max-video-preview:-1\" \/>\n<link rel=\"canonical\" href=\"https:\/\/fjala.info\/2009-2015\/rassmussen-shqiperia-te-sillet-si-vend-i-nato-s\/\" \/>\n<meta property=\"og:locale\" content=\"sq_AL\" \/>\n<meta property=\"og:type\" content=\"article\" \/>\n<meta property=\"og:title\" content=\"Rasmussen: Shqip\u00ebria t\u00eb sillet si vend i NATO-s - FjALA e LIR\u00cb - Arkivi\" \/>\n<meta property=\"og:description\" content=\"Shpreh keqardhjen p\u00ebr humbjen e jet\u00ebve. D\u00ebnoj fort ushtrimin e dhun\u00ebs Zyrtari m\u00eb i lart\u00eb i NATO-s, Rasmussen deklaroi dje se n\u00eb nj\u00eb vend an\u00ebtar t\u00eb aleanc\u00ebs nuk mund t\u00eb vriteshin njer\u00ebz gjat\u00eb nj\u00eb demonstrate. K\u00ebt\u00eb deklarat\u00eb, Sekretari i P\u00ebrgjithsh\u00ebm i Aleanc\u00ebs e b\u00ebri gjat\u00eb nj\u00eb konference p\u00ebr shtyp n\u00eb Bruksel. I pyetur nga gazetarja [&hellip;]\" \/>\n<meta property=\"og:url\" content=\"https:\/\/fjala.info\/2009-2015\/rassmussen-shqiperia-te-sillet-si-vend-i-nato-s\/\" \/>\n<meta property=\"og:site_name\" content=\"FjALA e LIR\u00cb - Arkivi\" \/>\n<meta property=\"article:published_time\" content=\"2011-02-08T22:23:25+00:00\" \/>\n<meta property=\"og:image\" content=\"http:\/\/fjala.shkoder.net\/wp-content\/uploads\/2011\/02\/anders_fogh_rasmussen-300x200.jpg\" \/>\n<meta name=\"author\" content=\"admin\" \/>\n<meta name=\"twitter:card\" content=\"summary_large_image\" \/>\n<meta name=\"twitter:label1\" content=\"Written by\" \/>\n\t<meta name=\"twitter:data1\" content=\"admin\" \/>\n\t<meta name=\"twitter:label2\" content=\"Est. reading time\" \/>\n\t<meta name=\"twitter:data2\" content=\"3 minutes\" \/>\n<script type=\"application\/ld+json\" class=\"yoast-schema-graph\">{\"@context\":\"https:\\\/\\\/schema.org\",\"@graph\":[{\"@type\":\"Article\",\"@id\":\"https:\\\/\\\/fjala.info\\\/2009-2015\\\/rassmussen-shqiperia-te-sillet-si-vend-i-nato-s\\\/#article\",\"isPartOf\":{\"@id\":\"https:\\\/\\\/fjala.info\\\/2009-2015\\\/rassmussen-shqiperia-te-sillet-si-vend-i-nato-s\\\/\"},\"author\":{\"name\":\"admin\",\"@id\":\"https:\\\/\\\/fjala.info\\\/2009-2015\\\/#\\\/schema\\\/person\\\/3aa1163ef05469c496fc94e77611ada2\"},\"headline\":\"Rasmussen: Shqip\u00ebria t\u00eb sillet si vend i NATO-s\",\"datePublished\":\"2011-02-08T22:23:25+00:00\",\"mainEntityOfPage\":{\"@id\":\"https:\\\/\\\/fjala.info\\\/2009-2015\\\/rassmussen-shqiperia-te-sillet-si-vend-i-nato-s\\\/\"},\"wordCount\":642,\"commentCount\":0,\"publisher\":{\"@id\":\"https:\\\/\\\/fjala.info\\\/2009-2015\\\/#organization\"},\"image\":{\"@id\":\"https:\\\/\\\/fjala.info\\\/2009-2015\\\/rassmussen-shqiperia-te-sillet-si-vend-i-nato-s\\\/#primaryimage\"},\"thumbnailUrl\":\"http:\\\/\\\/fjala.shkoder.net\\\/wp-content\\\/uploads\\\/2011\\\/02\\\/anders_fogh_rasmussen-300x200.jpg\",\"articleSection\":[\"Artikuj\"],\"inLanguage\":\"sq-AL\",\"potentialAction\":[{\"@type\":\"CommentAction\",\"name\":\"Comment\",\"target\":[\"https:\\\/\\\/fjala.info\\\/2009-2015\\\/rassmussen-shqiperia-te-sillet-si-vend-i-nato-s\\\/#respond\"]}]},{\"@type\":\"WebPage\",\"@id\":\"https:\\\/\\\/fjala.info\\\/2009-2015\\\/rassmussen-shqiperia-te-sillet-si-vend-i-nato-s\\\/\",\"url\":\"https:\\\/\\\/fjala.info\\\/2009-2015\\\/rassmussen-shqiperia-te-sillet-si-vend-i-nato-s\\\/\",\"name\":\"Rasmussen: Shqip\u00ebria t\u00eb sillet si vend i NATO-s - FjALA e LIR\u00cb - Arkivi\",\"isPartOf\":{\"@id\":\"https:\\\/\\\/fjala.info\\\/2009-2015\\\/#website\"},\"primaryImageOfPage\":{\"@id\":\"https:\\\/\\\/fjala.info\\\/2009-2015\\\/rassmussen-shqiperia-te-sillet-si-vend-i-nato-s\\\/#primaryimage\"},\"image\":{\"@id\":\"https:\\\/\\\/fjala.info\\\/2009-2015\\\/rassmussen-shqiperia-te-sillet-si-vend-i-nato-s\\\/#primaryimage\"},\"thumbnailUrl\":\"http:\\\/\\\/fjala.shkoder.net\\\/wp-content\\\/uploads\\\/2011\\\/02\\\/anders_fogh_rasmussen-300x200.jpg\",\"datePublished\":\"2011-02-08T22:23:25+00:00\",\"breadcrumb\":{\"@id\":\"https:\\\/\\\/fjala.info\\\/2009-2015\\\/rassmussen-shqiperia-te-sillet-si-vend-i-nato-s\\\/#breadcrumb\"},\"inLanguage\":\"sq-AL\",\"potentialAction\":[{\"@type\":\"ReadAction\",\"target\":[\"https:\\\/\\\/fjala.info\\\/2009-2015\\\/rassmussen-shqiperia-te-sillet-si-vend-i-nato-s\\\/\"]}]},{\"@type\":\"ImageObject\",\"inLanguage\":\"sq-AL\",\"@id\":\"https:\\\/\\\/fjala.info\\\/2009-2015\\\/rassmussen-shqiperia-te-sillet-si-vend-i-nato-s\\\/#primaryimage\",\"url\":\"http:\\\/\\\/fjala.shkoder.net\\\/wp-content\\\/uploads\\\/2011\\\/02\\\/anders_fogh_rasmussen-300x200.jpg\",\"contentUrl\":\"http:\\\/\\\/fjala.shkoder.net\\\/wp-content\\\/uploads\\\/2011\\\/02\\\/anders_fogh_rasmussen-300x200.jpg\"},{\"@type\":\"BreadcrumbList\",\"@id\":\"https:\\\/\\\/fjala.info\\\/2009-2015\\\/rassmussen-shqiperia-te-sillet-si-vend-i-nato-s\\\/#breadcrumb\",\"itemListElement\":[{\"@type\":\"ListItem\",\"position\":1,\"name\":\"Home\",\"item\":\"https:\\\/\\\/fjala.info\\\/2009-2015\\\/\"},{\"@type\":\"ListItem\",\"position\":2,\"name\":\"Rasmussen: Shqip\u00ebria t\u00eb sillet si vend i NATO-s\"}]},{\"@type\":\"WebSite\",\"@id\":\"https:\\\/\\\/fjala.info\\\/2009-2015\\\/#website\",\"url\":\"https:\\\/\\\/fjala.info\\\/2009-2015\\\/\",\"name\":\"FjALA e LIR\u00cb - Arkivi\",\"description\":\"Arkivi 2009-2015\",\"publisher\":{\"@id\":\"https:\\\/\\\/fjala.info\\\/2009-2015\\\/#organization\"},\"potentialAction\":[{\"@type\":\"SearchAction\",\"target\":{\"@type\":\"EntryPoint\",\"urlTemplate\":\"https:\\\/\\\/fjala.info\\\/2009-2015\\\/?s={search_term_string}\"},\"query-input\":{\"@type\":\"PropertyValueSpecification\",\"valueRequired\":true,\"valueName\":\"search_term_string\"}}],\"inLanguage\":\"sq-AL\"},{\"@type\":\"Organization\",\"@id\":\"https:\\\/\\\/fjala.info\\\/2009-2015\\\/#organization\",\"name\":\"FjALA e LIR\u00cb - Arkivi\",\"url\":\"https:\\\/\\\/fjala.info\\\/2009-2015\\\/\",\"logo\":{\"@type\":\"ImageObject\",\"inLanguage\":\"sq-AL\",\"@id\":\"https:\\\/\\\/fjala.info\\\/2009-2015\\\/#\\\/schema\\\/logo\\\/image\\\/\",\"url\":\"\",\"contentUrl\":\"\",\"caption\":\"FjALA e LIR\u00cb - Arkivi\"},\"image\":{\"@id\":\"https:\\\/\\\/fjala.info\\\/2009-2015\\\/#\\\/schema\\\/logo\\\/image\\\/\"}},{\"@type\":\"Person\",\"@id\":\"https:\\\/\\\/fjala.info\\\/2009-2015\\\/#\\\/schema\\\/person\\\/3aa1163ef05469c496fc94e77611ada2\",\"name\":\"admin\",\"image\":{\"@type\":\"ImageObject\",\"inLanguage\":\"sq-AL\",\"@id\":\"https:\\\/\\\/fjala.info\\\/2009-2015\\\/wp-content\\\/uploads\\\/2012\\\/02\\\/arben_cokaj-120x150.jpg\",\"url\":\"https:\\\/\\\/fjala.info\\\/2009-2015\\\/wp-content\\\/uploads\\\/2012\\\/02\\\/arben_cokaj-120x150.jpg\",\"contentUrl\":\"https:\\\/\\\/fjala.info\\\/2009-2015\\\/wp-content\\\/uploads\\\/2012\\\/02\\\/arben_cokaj-120x150.jpg\",\"caption\":\"admin\"},\"description\":\"Admin, Fjala e Lir\u00eb\",\"sameAs\":[\"https:\\\/\\\/fjala.info\\\/\"],\"url\":\"https:\\\/\\\/fjala.info\\\/2009-2015\\\/author\\\/admin\\\/\"}]}<\/script>\n<!-- \/ Yoast SEO plugin. -->","yoast_head_json":{"title":"Rasmussen: Shqip\u00ebria t\u00eb sillet si vend i NATO-s - FjALA e LIR\u00cb - Arkivi","robots":{"index":"index","follow":"follow","max-snippet":"max-snippet:-1","max-image-preview":"max-image-preview:large","max-video-preview":"max-video-preview:-1"},"canonical":"https:\/\/fjala.info\/2009-2015\/rassmussen-shqiperia-te-sillet-si-vend-i-nato-s\/","og_locale":"sq_AL","og_type":"article","og_title":"Rasmussen: Shqip\u00ebria t\u00eb sillet si vend i NATO-s - FjALA e LIR\u00cb - Arkivi","og_description":"Shpreh keqardhjen p\u00ebr humbjen e jet\u00ebve. D\u00ebnoj fort ushtrimin e dhun\u00ebs Zyrtari m\u00eb i lart\u00eb i NATO-s, Rasmussen deklaroi dje se n\u00eb nj\u00eb vend an\u00ebtar t\u00eb aleanc\u00ebs nuk mund t\u00eb vriteshin njer\u00ebz gjat\u00eb nj\u00eb demonstrate. K\u00ebt\u00eb deklarat\u00eb, Sekretari i P\u00ebrgjithsh\u00ebm i Aleanc\u00ebs e b\u00ebri gjat\u00eb nj\u00eb konference p\u00ebr shtyp n\u00eb Bruksel. I pyetur nga gazetarja [&hellip;]","og_url":"https:\/\/fjala.info\/2009-2015\/rassmussen-shqiperia-te-sillet-si-vend-i-nato-s\/","og_site_name":"FjALA e LIR\u00cb - Arkivi","article_published_time":"2011-02-08T22:23:25+00:00","og_image":[{"url":"http:\/\/fjala.shkoder.net\/wp-content\/uploads\/2011\/02\/anders_fogh_rasmussen-300x200.jpg","type":"","width":"","height":""}],"author":"admin","twitter_card":"summary_large_image","twitter_misc":{"Written by":"admin","Est. reading time":"3 minutes"},"schema":{"@context":"https:\/\/schema.org","@graph":[{"@type":"Article","@id":"https:\/\/fjala.info\/2009-2015\/rassmussen-shqiperia-te-sillet-si-vend-i-nato-s\/#article","isPartOf":{"@id":"https:\/\/fjala.info\/2009-2015\/rassmussen-shqiperia-te-sillet-si-vend-i-nato-s\/"},"author":{"name":"admin","@id":"https:\/\/fjala.info\/2009-2015\/#\/schema\/person\/3aa1163ef05469c496fc94e77611ada2"},"headline":"Rasmussen: Shqip\u00ebria t\u00eb sillet si vend i NATO-s","datePublished":"2011-02-08T22:23:25+00:00","mainEntityOfPage":{"@id":"https:\/\/fjala.info\/2009-2015\/rassmussen-shqiperia-te-sillet-si-vend-i-nato-s\/"},"wordCount":642,"commentCount":0,"publisher":{"@id":"https:\/\/fjala.info\/2009-2015\/#organization"},"image":{"@id":"https:\/\/fjala.info\/2009-2015\/rassmussen-shqiperia-te-sillet-si-vend-i-nato-s\/#primaryimage"},"thumbnailUrl":"http:\/\/fjala.shkoder.net\/wp-content\/uploads\/2011\/02\/anders_fogh_rasmussen-300x200.jpg","articleSection":["Artikuj"],"inLanguage":"sq-AL","potentialAction":[{"@type":"CommentAction","name":"Comment","target":["https:\/\/fjala.info\/2009-2015\/rassmussen-shqiperia-te-sillet-si-vend-i-nato-s\/#respond"]}]},{"@type":"WebPage","@id":"https:\/\/fjala.info\/2009-2015\/rassmussen-shqiperia-te-sillet-si-vend-i-nato-s\/","url":"https:\/\/fjala.info\/2009-2015\/rassmussen-shqiperia-te-sillet-si-vend-i-nato-s\/","name":"Rasmussen: Shqip\u00ebria t\u00eb sillet si vend i NATO-s - FjALA e LIR\u00cb - Arkivi","isPartOf":{"@id":"https:\/\/fjala.info\/2009-2015\/#website"},"primaryImageOfPage":{"@id":"https:\/\/fjala.info\/2009-2015\/rassmussen-shqiperia-te-sillet-si-vend-i-nato-s\/#primaryimage"},"image":{"@id":"https:\/\/fjala.info\/2009-2015\/rassmussen-shqiperia-te-sillet-si-vend-i-nato-s\/#primaryimage"},"thumbnailUrl":"http:\/\/fjala.shkoder.net\/wp-content\/uploads\/2011\/02\/anders_fogh_rasmussen-300x200.jpg","datePublished":"2011-02-08T22:23:25+00:00","breadcrumb":{"@id":"https:\/\/fjala.info\/2009-2015\/rassmussen-shqiperia-te-sillet-si-vend-i-nato-s\/#breadcrumb"},"inLanguage":"sq-AL","potentialAction":[{"@type":"ReadAction","target":["https:\/\/fjala.info\/2009-2015\/rassmussen-shqiperia-te-sillet-si-vend-i-nato-s\/"]}]},{"@type":"ImageObject","inLanguage":"sq-AL","@id":"https:\/\/fjala.info\/2009-2015\/rassmussen-shqiperia-te-sillet-si-vend-i-nato-s\/#primaryimage","url":"http:\/\/fjala.shkoder.net\/wp-content\/uploads\/2011\/02\/anders_fogh_rasmussen-300x200.jpg","contentUrl":"http:\/\/fjala.shkoder.net\/wp-content\/uploads\/2011\/02\/anders_fogh_rasmussen-300x200.jpg"},{"@type":"BreadcrumbList","@id":"https:\/\/fjala.info\/2009-2015\/rassmussen-shqiperia-te-sillet-si-vend-i-nato-s\/#breadcrumb","itemListElement":[{"@type":"ListItem","position":1,"name":"Home","item":"https:\/\/fjala.info\/2009-2015\/"},{"@type":"ListItem","position":2,"name":"Rasmussen: Shqip\u00ebria t\u00eb sillet si vend i NATO-s"}]},{"@type":"WebSite","@id":"https:\/\/fjala.info\/2009-2015\/#website","url":"https:\/\/fjala.info\/2009-2015\/","name":"FjALA e LIR\u00cb - Arkivi","description":"Arkivi 2009-2015","publisher":{"@id":"https:\/\/fjala.info\/2009-2015\/#organization"},"potentialAction":[{"@type":"SearchAction","target":{"@type":"EntryPoint","urlTemplate":"https:\/\/fjala.info\/2009-2015\/?s={search_term_string}"},"query-input":{"@type":"PropertyValueSpecification","valueRequired":true,"valueName":"search_term_string"}}],"inLanguage":"sq-AL"},{"@type":"Organization","@id":"https:\/\/fjala.info\/2009-2015\/#organization","name":"FjALA e LIR\u00cb - Arkivi","url":"https:\/\/fjala.info\/2009-2015\/","logo":{"@type":"ImageObject","inLanguage":"sq-AL","@id":"https:\/\/fjala.info\/2009-2015\/#\/schema\/logo\/image\/","url":"","contentUrl":"","caption":"FjALA e LIR\u00cb - Arkivi"},"image":{"@id":"https:\/\/fjala.info\/2009-2015\/#\/schema\/logo\/image\/"}},{"@type":"Person","@id":"https:\/\/fjala.info\/2009-2015\/#\/schema\/person\/3aa1163ef05469c496fc94e77611ada2","name":"admin","image":{"@type":"ImageObject","inLanguage":"sq-AL","@id":"https:\/\/fjala.info\/2009-2015\/wp-content\/uploads\/2012\/02\/arben_cokaj-120x150.jpg","url":"https:\/\/fjala.info\/2009-2015\/wp-content\/uploads\/2012\/02\/arben_cokaj-120x150.jpg","contentUrl":"https:\/\/fjala.info\/2009-2015\/wp-content\/uploads\/2012\/02\/arben_cokaj-120x150.jpg","caption":"admin"},"description":"Admin, Fjala e Lir\u00eb","sameAs":["https:\/\/fjala.info\/"],"url":"https:\/\/fjala.info\/2009-2015\/author\/admin\/"}]}},"_links":{"self":[{"href":"https:\/\/fjala.info\/2009-2015\/wp-json\/wp\/v2\/posts\/6258","targetHints":{"allow":["GET"]}}],"collection":[{"href":"https:\/\/fjala.info\/2009-2015\/wp-json\/wp\/v2\/posts"}],"about":[{"href":"https:\/\/fjala.info\/2009-2015\/wp-json\/wp\/v2\/types\/post"}],"author":[{"embeddable":true,"href":"https:\/\/fjala.info\/2009-2015\/wp-json\/wp\/v2\/users\/1"}],"replies":[{"embeddable":true,"href":"https:\/\/fjala.info\/2009-2015\/wp-json\/wp\/v2\/comments?post=6258"}],"version-history":[{"count":0,"href":"https:\/\/fjala.info\/2009-2015\/wp-json\/wp\/v2\/posts\/6258\/revisions"}],"wp:attachment":[{"href":"https:\/\/fjala.info\/2009-2015\/wp-json\/wp\/v2\/media?parent=6258"}],"wp:term":[{"taxonomy":"category","embeddable":true,"href":"https:\/\/fjala.info\/2009-2015\/wp-json\/wp\/v2\/categories?post=6258"},{"taxonomy":"post_tag","embeddable":true,"href":"https:\/\/fjala.info\/2009-2015\/wp-json\/wp\/v2\/tags?post=6258"}],"curies":[{"name":"wp","href":"https:\/\/api.w.org\/{rel}","templated":true}]}}