{"id":6255,"date":"2011-02-08T22:21:53","date_gmt":"2011-02-08T21:21:53","guid":{"rendered":"http:\/\/fjala.shkoder.net\/?p=6255"},"modified":"2011-02-08T22:21:53","modified_gmt":"2011-02-08T21:21:53","slug":"21-janari-arrest-gardistit-vrau-demonstruesin-veizi","status":"publish","type":"post","link":"https:\/\/fjala.info\/2009-2015\/21-janari-arrest-gardistit-vrau-demonstruesin-veizi\/","title":{"rendered":"21 Janari, arrest gardistit, vrau demonstruesin Veizi"},"content":{"rendered":"<p><img loading=\"lazy\" decoding=\"async\" class=\"alignleft size-full wp-image-6256\" title=\"agim_llupo\" src=\"http:\/\/fjala.shkoder.net\/wp-content\/uploads\/2011\/02\/agim_llupo.jpg\" alt=\"\" width=\"210\" height=\"160\" \/><br \/>\nTIRANE &#8211; Nj\u00eb gardist \u00ebsht\u00eb v\u00ebn\u00eb n\u00eb pranga mbr\u00ebmjen e s\u00eb h\u00ebn\u00ebs, i akuzuar si autor i nj\u00eb prej vrasjeve n\u00eb demonstrat\u00ebn e 21 janarit, ku u vran\u00eb 4 demonstrues. (Pamjet e vrasjes u transmetuan live n\u00eb News 24)<\/p>\n<p>Me urdh\u00ebr t\u00eb Prokuroris\u00eb n\u00eb pranga \u00ebsht\u00eb v\u00ebn\u00eb Agim Llupo, shefi i shtabit t\u00eb nj\u00ebsis\u00eb speciale t\u00eb Gard\u00ebs se Republikes pasi organi i akuz\u00ebs e akuzon at\u00eb se ka q\u00eblluar p\u00ebr vdekje demonstruesin Ziver Veizi.<\/p>\n<p>Burime nga Prokuroria b\u00ebjn\u00eb t\u00eb ditur vetem sot se provat e ekspertiz\u00ebs balistike v\u00ebrtetuan se Veizi u vra nga fishek\u00ebt e automatikut MP 5, arm\u00eb kjo q\u00eb u p\u00ebrdor nga gardisti Agim Llupo q\u00eb ndodhej n\u00eb detyr\u00eb n\u00eb 21 Janar.<\/p>\n<p>Ziver Veizi nga Gjirokastra u vra m\u00eb 21 Janar s\u00eb bashku me 3 shtetas t\u00eb tjer\u00eb, Hekuran Ded\u00ebn, Faik Myrtaj dhe Aleks Nik\u00ebn. N\u00eb momentin q\u00eb u q\u00ebllua, Vieizi jasht\u00eb rrethimit t\u00eb godin\u00ebs s\u00eb kryeministris\u00eb.<\/p>\n<p><img loading=\"lazy\" decoding=\"async\" class=\"alignright size-full wp-image-6236\" title=\"vrasja_ziver_veizit\" src=\"http:\/\/fjala.shkoder.net\/wp-content\/uploads\/2011\/02\/vrasja_ziver_veizit.jpg\" alt=\"\" width=\"300\" height=\"229\" \/>uk<\/p>\n<p>Pas ngjarjeve t\u00eb 21 Janarit, Prokuroria l\u00ebshoi urdh\u00ebr arrest p\u00ebr 6 gardist\u00eb. Urdh\u00ebr-arresti p\u00ebr 6 drejtues t\u00eb Gard\u00ebs shkaktoi jo pak polemika q\u00eb prej dit\u00ebs s\u00eb demonstrat\u00ebs, ku kryeministri hyri n\u00eb nj\u00eb konflikt t\u00eb hapur me Prokuroren e P\u00ebrgjithshme, Ina Rama.<\/p>\n<p>Pas demonstrat\u00ebs, kryeministri shprehu vler\u00ebsim t\u00eb lart\u00eb p\u00ebr pun\u00ebn e Gard\u00ebs s\u00eb Republik\u00ebs, nd\u00ebrsa akuzoi kryeprokuroren se shkeli paktin p\u00ebr gardist\u00ebt. Nj\u00eb dit\u00eb m\u00eb par\u00eb Berisha theksoi se nuk do t\u00eb lejoj\u00eb ndalimin e hetimeve p\u00ebr zbardhjen e 21 Janarit,q \u00eb sipas tij ishte grusht shteti. Berisha premtoi gjithashtu dhe zbardhjen e 4 vrasjeve.<\/p>\n<p>Nd\u00ebrkoh\u00eb opozita prej dit\u00ebsh ka k\u00ebrkuar arrestimin e gardist\u00ebve dhe dor\u00ebzimin e tyre para organeve t\u00eb drejt\u00ebsis\u00eb.<\/p>\n<p>(<em>d.b\/BalkanWeb<\/em>)<\/p>\n","protected":false},"excerpt":{"rendered":"<p>TIRANE &#8211; Nj\u00eb gardist \u00ebsht\u00eb v\u00ebn\u00eb n\u00eb pranga mbr\u00ebmjen e s\u00eb h\u00ebn\u00ebs, i akuzuar si autor i nj\u00eb prej vrasjeve n\u00eb demonstrat\u00ebn e 21 janarit, ku u vran\u00eb 4 demonstrues. (Pamjet e vrasjes u transmetuan live n\u00eb News 24) Me urdh\u00ebr t\u00eb Prokuroris\u00eb n\u00eb pranga \u00ebsht\u00eb v\u00ebn\u00eb Agim Llupo, shefi i shtabit t\u00eb nj\u00ebsis\u00eb speciale [&hellip;]<\/p>\n","protected":false},"author":1,"featured_media":0,"comment_status":"open","ping_status":"closed","sticky":false,"template":"","format":"standard","meta":{"footnotes":""},"categories":[2],"tags":[],"class_list":{"0":"post-6255","1":"post","2":"type-post","3":"status-publish","4":"format-standard","6":"category-artikuj"},"yoast_head":"<!-- This site is optimized with the Yoast SEO plugin v27.4 - https:\/\/yoast.com\/product\/yoast-seo-wordpress\/ -->\n<title>21 Janari, arrest gardistit, vrau demonstruesin Veizi - FjALA e LIR\u00cb - Arkivi<\/title>\n<meta name=\"robots\" content=\"index, follow, max-snippet:-1, max-image-preview:large, max-video-preview:-1\" \/>\n<link rel=\"canonical\" href=\"https:\/\/fjala.info\/2009-2015\/21-janari-arrest-gardistit-vrau-demonstruesin-veizi\/\" \/>\n<meta property=\"og:locale\" content=\"sq_AL\" \/>\n<meta property=\"og:type\" content=\"article\" \/>\n<meta property=\"og:title\" content=\"21 Janari, arrest gardistit, vrau demonstruesin Veizi - FjALA e LIR\u00cb - Arkivi\" \/>\n<meta property=\"og:description\" content=\"TIRANE &#8211; Nj\u00eb gardist \u00ebsht\u00eb v\u00ebn\u00eb n\u00eb pranga mbr\u00ebmjen e s\u00eb h\u00ebn\u00ebs, i akuzuar si autor i nj\u00eb prej vrasjeve n\u00eb demonstrat\u00ebn e 21 janarit, ku u vran\u00eb 4 demonstrues. (Pamjet e vrasjes u transmetuan live n\u00eb News 24) Me urdh\u00ebr t\u00eb Prokuroris\u00eb n\u00eb pranga \u00ebsht\u00eb v\u00ebn\u00eb Agim Llupo, shefi i shtabit t\u00eb nj\u00ebsis\u00eb speciale [&hellip;]\" \/>\n<meta property=\"og:url\" content=\"https:\/\/fjala.info\/2009-2015\/21-janari-arrest-gardistit-vrau-demonstruesin-veizi\/\" \/>\n<meta property=\"og:site_name\" content=\"FjALA e LIR\u00cb - Arkivi\" \/>\n<meta property=\"article:published_time\" content=\"2011-02-08T21:21:53+00:00\" \/>\n<meta property=\"og:image\" content=\"http:\/\/fjala.shkoder.net\/wp-content\/uploads\/2011\/02\/agim_llupo.jpg\" \/>\n<meta name=\"author\" content=\"admin\" \/>\n<meta name=\"twitter:card\" content=\"summary_large_image\" \/>\n<meta name=\"twitter:label1\" content=\"Written by\" \/>\n\t<meta name=\"twitter:data1\" content=\"admin\" \/>\n\t<meta name=\"twitter:label2\" content=\"Est. reading time\" \/>\n\t<meta name=\"twitter:data2\" content=\"1 minute\" \/>\n<script type=\"application\/ld+json\" class=\"yoast-schema-graph\">{\"@context\":\"https:\\\/\\\/schema.org\",\"@graph\":[{\"@type\":\"Article\",\"@id\":\"https:\\\/\\\/fjala.info\\\/2009-2015\\\/21-janari-arrest-gardistit-vrau-demonstruesin-veizi\\\/#article\",\"isPartOf\":{\"@id\":\"https:\\\/\\\/fjala.info\\\/2009-2015\\\/21-janari-arrest-gardistit-vrau-demonstruesin-veizi\\\/\"},\"author\":{\"name\":\"admin\",\"@id\":\"https:\\\/\\\/fjala.info\\\/2009-2015\\\/#\\\/schema\\\/person\\\/3aa1163ef05469c496fc94e77611ada2\"},\"headline\":\"21 Janari, arrest gardistit, vrau demonstruesin Veizi\",\"datePublished\":\"2011-02-08T21:21:53+00:00\",\"mainEntityOfPage\":{\"@id\":\"https:\\\/\\\/fjala.info\\\/2009-2015\\\/21-janari-arrest-gardistit-vrau-demonstruesin-veizi\\\/\"},\"wordCount\":305,\"commentCount\":0,\"publisher\":{\"@id\":\"https:\\\/\\\/fjala.info\\\/2009-2015\\\/#organization\"},\"image\":{\"@id\":\"https:\\\/\\\/fjala.info\\\/2009-2015\\\/21-janari-arrest-gardistit-vrau-demonstruesin-veizi\\\/#primaryimage\"},\"thumbnailUrl\":\"http:\\\/\\\/fjala.shkoder.net\\\/wp-content\\\/uploads\\\/2011\\\/02\\\/agim_llupo.jpg\",\"articleSection\":[\"Artikuj\"],\"inLanguage\":\"sq-AL\",\"potentialAction\":[{\"@type\":\"CommentAction\",\"name\":\"Comment\",\"target\":[\"https:\\\/\\\/fjala.info\\\/2009-2015\\\/21-janari-arrest-gardistit-vrau-demonstruesin-veizi\\\/#respond\"]}]},{\"@type\":\"WebPage\",\"@id\":\"https:\\\/\\\/fjala.info\\\/2009-2015\\\/21-janari-arrest-gardistit-vrau-demonstruesin-veizi\\\/\",\"url\":\"https:\\\/\\\/fjala.info\\\/2009-2015\\\/21-janari-arrest-gardistit-vrau-demonstruesin-veizi\\\/\",\"name\":\"21 Janari, arrest gardistit, vrau demonstruesin Veizi - FjALA e LIR\u00cb - Arkivi\",\"isPartOf\":{\"@id\":\"https:\\\/\\\/fjala.info\\\/2009-2015\\\/#website\"},\"primaryImageOfPage\":{\"@id\":\"https:\\\/\\\/fjala.info\\\/2009-2015\\\/21-janari-arrest-gardistit-vrau-demonstruesin-veizi\\\/#primaryimage\"},\"image\":{\"@id\":\"https:\\\/\\\/fjala.info\\\/2009-2015\\\/21-janari-arrest-gardistit-vrau-demonstruesin-veizi\\\/#primaryimage\"},\"thumbnailUrl\":\"http:\\\/\\\/fjala.shkoder.net\\\/wp-content\\\/uploads\\\/2011\\\/02\\\/agim_llupo.jpg\",\"datePublished\":\"2011-02-08T21:21:53+00:00\",\"breadcrumb\":{\"@id\":\"https:\\\/\\\/fjala.info\\\/2009-2015\\\/21-janari-arrest-gardistit-vrau-demonstruesin-veizi\\\/#breadcrumb\"},\"inLanguage\":\"sq-AL\",\"potentialAction\":[{\"@type\":\"ReadAction\",\"target\":[\"https:\\\/\\\/fjala.info\\\/2009-2015\\\/21-janari-arrest-gardistit-vrau-demonstruesin-veizi\\\/\"]}]},{\"@type\":\"ImageObject\",\"inLanguage\":\"sq-AL\",\"@id\":\"https:\\\/\\\/fjala.info\\\/2009-2015\\\/21-janari-arrest-gardistit-vrau-demonstruesin-veizi\\\/#primaryimage\",\"url\":\"http:\\\/\\\/fjala.shkoder.net\\\/wp-content\\\/uploads\\\/2011\\\/02\\\/agim_llupo.jpg\",\"contentUrl\":\"http:\\\/\\\/fjala.shkoder.net\\\/wp-content\\\/uploads\\\/2011\\\/02\\\/agim_llupo.jpg\"},{\"@type\":\"BreadcrumbList\",\"@id\":\"https:\\\/\\\/fjala.info\\\/2009-2015\\\/21-janari-arrest-gardistit-vrau-demonstruesin-veizi\\\/#breadcrumb\",\"itemListElement\":[{\"@type\":\"ListItem\",\"position\":1,\"name\":\"Home\",\"item\":\"https:\\\/\\\/fjala.info\\\/2009-2015\\\/\"},{\"@type\":\"ListItem\",\"position\":2,\"name\":\"21 Janari, arrest gardistit, vrau demonstruesin Veizi\"}]},{\"@type\":\"WebSite\",\"@id\":\"https:\\\/\\\/fjala.info\\\/2009-2015\\\/#website\",\"url\":\"https:\\\/\\\/fjala.info\\\/2009-2015\\\/\",\"name\":\"FjALA e LIR\u00cb - Arkivi\",\"description\":\"Arkivi 2009-2015\",\"publisher\":{\"@id\":\"https:\\\/\\\/fjala.info\\\/2009-2015\\\/#organization\"},\"potentialAction\":[{\"@type\":\"SearchAction\",\"target\":{\"@type\":\"EntryPoint\",\"urlTemplate\":\"https:\\\/\\\/fjala.info\\\/2009-2015\\\/?s={search_term_string}\"},\"query-input\":{\"@type\":\"PropertyValueSpecification\",\"valueRequired\":true,\"valueName\":\"search_term_string\"}}],\"inLanguage\":\"sq-AL\"},{\"@type\":\"Organization\",\"@id\":\"https:\\\/\\\/fjala.info\\\/2009-2015\\\/#organization\",\"name\":\"FjALA e LIR\u00cb - Arkivi\",\"url\":\"https:\\\/\\\/fjala.info\\\/2009-2015\\\/\",\"logo\":{\"@type\":\"ImageObject\",\"inLanguage\":\"sq-AL\",\"@id\":\"https:\\\/\\\/fjala.info\\\/2009-2015\\\/#\\\/schema\\\/logo\\\/image\\\/\",\"url\":\"\",\"contentUrl\":\"\",\"caption\":\"FjALA e LIR\u00cb - Arkivi\"},\"image\":{\"@id\":\"https:\\\/\\\/fjala.info\\\/2009-2015\\\/#\\\/schema\\\/logo\\\/image\\\/\"}},{\"@type\":\"Person\",\"@id\":\"https:\\\/\\\/fjala.info\\\/2009-2015\\\/#\\\/schema\\\/person\\\/3aa1163ef05469c496fc94e77611ada2\",\"name\":\"admin\",\"image\":{\"@type\":\"ImageObject\",\"inLanguage\":\"sq-AL\",\"@id\":\"https:\\\/\\\/fjala.info\\\/2009-2015\\\/wp-content\\\/uploads\\\/2012\\\/02\\\/arben_cokaj-120x150.jpg\",\"url\":\"https:\\\/\\\/fjala.info\\\/2009-2015\\\/wp-content\\\/uploads\\\/2012\\\/02\\\/arben_cokaj-120x150.jpg\",\"contentUrl\":\"https:\\\/\\\/fjala.info\\\/2009-2015\\\/wp-content\\\/uploads\\\/2012\\\/02\\\/arben_cokaj-120x150.jpg\",\"caption\":\"admin\"},\"description\":\"Admin, Fjala e Lir\u00eb\",\"sameAs\":[\"https:\\\/\\\/fjala.info\\\/\"],\"url\":\"https:\\\/\\\/fjala.info\\\/2009-2015\\\/author\\\/admin\\\/\"}]}<\/script>\n<!-- \/ Yoast SEO plugin. -->","yoast_head_json":{"title":"21 Janari, arrest gardistit, vrau demonstruesin Veizi - FjALA e LIR\u00cb - Arkivi","robots":{"index":"index","follow":"follow","max-snippet":"max-snippet:-1","max-image-preview":"max-image-preview:large","max-video-preview":"max-video-preview:-1"},"canonical":"https:\/\/fjala.info\/2009-2015\/21-janari-arrest-gardistit-vrau-demonstruesin-veizi\/","og_locale":"sq_AL","og_type":"article","og_title":"21 Janari, arrest gardistit, vrau demonstruesin Veizi - FjALA e LIR\u00cb - Arkivi","og_description":"TIRANE &#8211; Nj\u00eb gardist \u00ebsht\u00eb v\u00ebn\u00eb n\u00eb pranga mbr\u00ebmjen e s\u00eb h\u00ebn\u00ebs, i akuzuar si autor i nj\u00eb prej vrasjeve n\u00eb demonstrat\u00ebn e 21 janarit, ku u vran\u00eb 4 demonstrues. (Pamjet e vrasjes u transmetuan live n\u00eb News 24) Me urdh\u00ebr t\u00eb Prokuroris\u00eb n\u00eb pranga \u00ebsht\u00eb v\u00ebn\u00eb Agim Llupo, shefi i shtabit t\u00eb nj\u00ebsis\u00eb speciale [&hellip;]","og_url":"https:\/\/fjala.info\/2009-2015\/21-janari-arrest-gardistit-vrau-demonstruesin-veizi\/","og_site_name":"FjALA e LIR\u00cb - Arkivi","article_published_time":"2011-02-08T21:21:53+00:00","og_image":[{"url":"http:\/\/fjala.shkoder.net\/wp-content\/uploads\/2011\/02\/agim_llupo.jpg","type":"","width":"","height":""}],"author":"admin","twitter_card":"summary_large_image","twitter_misc":{"Written by":"admin","Est. reading time":"1 minute"},"schema":{"@context":"https:\/\/schema.org","@graph":[{"@type":"Article","@id":"https:\/\/fjala.info\/2009-2015\/21-janari-arrest-gardistit-vrau-demonstruesin-veizi\/#article","isPartOf":{"@id":"https:\/\/fjala.info\/2009-2015\/21-janari-arrest-gardistit-vrau-demonstruesin-veizi\/"},"author":{"name":"admin","@id":"https:\/\/fjala.info\/2009-2015\/#\/schema\/person\/3aa1163ef05469c496fc94e77611ada2"},"headline":"21 Janari, arrest gardistit, vrau demonstruesin Veizi","datePublished":"2011-02-08T21:21:53+00:00","mainEntityOfPage":{"@id":"https:\/\/fjala.info\/2009-2015\/21-janari-arrest-gardistit-vrau-demonstruesin-veizi\/"},"wordCount":305,"commentCount":0,"publisher":{"@id":"https:\/\/fjala.info\/2009-2015\/#organization"},"image":{"@id":"https:\/\/fjala.info\/2009-2015\/21-janari-arrest-gardistit-vrau-demonstruesin-veizi\/#primaryimage"},"thumbnailUrl":"http:\/\/fjala.shkoder.net\/wp-content\/uploads\/2011\/02\/agim_llupo.jpg","articleSection":["Artikuj"],"inLanguage":"sq-AL","potentialAction":[{"@type":"CommentAction","name":"Comment","target":["https:\/\/fjala.info\/2009-2015\/21-janari-arrest-gardistit-vrau-demonstruesin-veizi\/#respond"]}]},{"@type":"WebPage","@id":"https:\/\/fjala.info\/2009-2015\/21-janari-arrest-gardistit-vrau-demonstruesin-veizi\/","url":"https:\/\/fjala.info\/2009-2015\/21-janari-arrest-gardistit-vrau-demonstruesin-veizi\/","name":"21 Janari, arrest gardistit, vrau demonstruesin Veizi - FjALA e LIR\u00cb - Arkivi","isPartOf":{"@id":"https:\/\/fjala.info\/2009-2015\/#website"},"primaryImageOfPage":{"@id":"https:\/\/fjala.info\/2009-2015\/21-janari-arrest-gardistit-vrau-demonstruesin-veizi\/#primaryimage"},"image":{"@id":"https:\/\/fjala.info\/2009-2015\/21-janari-arrest-gardistit-vrau-demonstruesin-veizi\/#primaryimage"},"thumbnailUrl":"http:\/\/fjala.shkoder.net\/wp-content\/uploads\/2011\/02\/agim_llupo.jpg","datePublished":"2011-02-08T21:21:53+00:00","breadcrumb":{"@id":"https:\/\/fjala.info\/2009-2015\/21-janari-arrest-gardistit-vrau-demonstruesin-veizi\/#breadcrumb"},"inLanguage":"sq-AL","potentialAction":[{"@type":"ReadAction","target":["https:\/\/fjala.info\/2009-2015\/21-janari-arrest-gardistit-vrau-demonstruesin-veizi\/"]}]},{"@type":"ImageObject","inLanguage":"sq-AL","@id":"https:\/\/fjala.info\/2009-2015\/21-janari-arrest-gardistit-vrau-demonstruesin-veizi\/#primaryimage","url":"http:\/\/fjala.shkoder.net\/wp-content\/uploads\/2011\/02\/agim_llupo.jpg","contentUrl":"http:\/\/fjala.shkoder.net\/wp-content\/uploads\/2011\/02\/agim_llupo.jpg"},{"@type":"BreadcrumbList","@id":"https:\/\/fjala.info\/2009-2015\/21-janari-arrest-gardistit-vrau-demonstruesin-veizi\/#breadcrumb","itemListElement":[{"@type":"ListItem","position":1,"name":"Home","item":"https:\/\/fjala.info\/2009-2015\/"},{"@type":"ListItem","position":2,"name":"21 Janari, arrest gardistit, vrau demonstruesin Veizi"}]},{"@type":"WebSite","@id":"https:\/\/fjala.info\/2009-2015\/#website","url":"https:\/\/fjala.info\/2009-2015\/","name":"FjALA e LIR\u00cb - Arkivi","description":"Arkivi 2009-2015","publisher":{"@id":"https:\/\/fjala.info\/2009-2015\/#organization"},"potentialAction":[{"@type":"SearchAction","target":{"@type":"EntryPoint","urlTemplate":"https:\/\/fjala.info\/2009-2015\/?s={search_term_string}"},"query-input":{"@type":"PropertyValueSpecification","valueRequired":true,"valueName":"search_term_string"}}],"inLanguage":"sq-AL"},{"@type":"Organization","@id":"https:\/\/fjala.info\/2009-2015\/#organization","name":"FjALA e LIR\u00cb - Arkivi","url":"https:\/\/fjala.info\/2009-2015\/","logo":{"@type":"ImageObject","inLanguage":"sq-AL","@id":"https:\/\/fjala.info\/2009-2015\/#\/schema\/logo\/image\/","url":"","contentUrl":"","caption":"FjALA e LIR\u00cb - Arkivi"},"image":{"@id":"https:\/\/fjala.info\/2009-2015\/#\/schema\/logo\/image\/"}},{"@type":"Person","@id":"https:\/\/fjala.info\/2009-2015\/#\/schema\/person\/3aa1163ef05469c496fc94e77611ada2","name":"admin","image":{"@type":"ImageObject","inLanguage":"sq-AL","@id":"https:\/\/fjala.info\/2009-2015\/wp-content\/uploads\/2012\/02\/arben_cokaj-120x150.jpg","url":"https:\/\/fjala.info\/2009-2015\/wp-content\/uploads\/2012\/02\/arben_cokaj-120x150.jpg","contentUrl":"https:\/\/fjala.info\/2009-2015\/wp-content\/uploads\/2012\/02\/arben_cokaj-120x150.jpg","caption":"admin"},"description":"Admin, Fjala e Lir\u00eb","sameAs":["https:\/\/fjala.info\/"],"url":"https:\/\/fjala.info\/2009-2015\/author\/admin\/"}]}},"_links":{"self":[{"href":"https:\/\/fjala.info\/2009-2015\/wp-json\/wp\/v2\/posts\/6255","targetHints":{"allow":["GET"]}}],"collection":[{"href":"https:\/\/fjala.info\/2009-2015\/wp-json\/wp\/v2\/posts"}],"about":[{"href":"https:\/\/fjala.info\/2009-2015\/wp-json\/wp\/v2\/types\/post"}],"author":[{"embeddable":true,"href":"https:\/\/fjala.info\/2009-2015\/wp-json\/wp\/v2\/users\/1"}],"replies":[{"embeddable":true,"href":"https:\/\/fjala.info\/2009-2015\/wp-json\/wp\/v2\/comments?post=6255"}],"version-history":[{"count":0,"href":"https:\/\/fjala.info\/2009-2015\/wp-json\/wp\/v2\/posts\/6255\/revisions"}],"wp:attachment":[{"href":"https:\/\/fjala.info\/2009-2015\/wp-json\/wp\/v2\/media?parent=6255"}],"wp:term":[{"taxonomy":"category","embeddable":true,"href":"https:\/\/fjala.info\/2009-2015\/wp-json\/wp\/v2\/categories?post=6255"},{"taxonomy":"post_tag","embeddable":true,"href":"https:\/\/fjala.info\/2009-2015\/wp-json\/wp\/v2\/tags?post=6255"}],"curies":[{"name":"wp","href":"https:\/\/api.w.org\/{rel}","templated":true}]}}