{"id":6234,"date":"2011-02-07T11:42:41","date_gmt":"2011-02-07T10:42:41","guid":{"rendered":"http:\/\/fjala.shkoder.net\/?p=6234"},"modified":"2011-02-07T11:42:41","modified_gmt":"2011-02-07T10:42:41","slug":"kater-vrasjet-e-21-janarit-brenda-nje-minute","status":"publish","type":"post","link":"https:\/\/fjala.info\/2009-2015\/kater-vrasjet-e-21-janarit-brenda-nje-minute\/","title":{"rendered":"Kat\u00ebr vrasjet e 21 janarit brenda nj\u00eb minute"},"content":{"rendered":"<p><img loading=\"lazy\" decoding=\"async\" class=\"alignleft size-full wp-image-6235\" title=\"vrasja_ne_demonstrate\" src=\"http:\/\/fjala.shkoder.net\/wp-content\/uploads\/2011\/02\/vrasja_ne_demonstrate.jpg\" alt=\"\" width=\"300\" height=\"195\" \/><br \/>\n<strong>TemA<\/strong><\/p>\n<p>Prokuroria ka sekuestruar deri tani 2.326 g\u00ebzhoja plumbash q\u00eb mendohet se nuk \u00ebsht\u00eb e gjitha ajo q\u00eb \u00ebsht\u00eb q\u00eblluar t\u00eb premten e 21 janarit. Shikimi i vendit t\u00eb ngjarjes u b\u00eb, t\u00eb pakt\u00ebn tre or\u00eb pasi ishin kryer kat\u00ebr vrasjet n\u00eb sheshin p\u00ebrpara kryeministris\u00eb.<\/p>\n<p>N\u00eb baz\u00eb t\u00eb d\u00ebshmive t\u00eb mbledhura deri m\u00eb tani, prokuroria ngre dyshimet se vrasjet dhe plagosjet kan\u00eb ndodhur n\u00eb harkun e nj\u00eb minute, pak pasi ora kishte kaluar 16:00. Megjithat\u00eb ende \u00ebsht\u00eb e v\u00ebshtir\u00eb t\u00eb p\u00ebrcaktohet se cila arm\u00eb e ka kryer qitjen, p\u00ebr arsyen se, arm\u00ebve ende nuk u \u00ebsht\u00eb b\u00ebr\u00eb nj\u00eb ekspertiz\u00eb balistike.<\/p>\n<p>Burime t\u00eb prokuroris\u00eb kan\u00eb th\u00ebn\u00eb se Garda refuzon t\u00eb jap\u00eb edhe regjistrimet e b\u00ebra nga 25 radiomarr\u00ebset e p\u00ebrdorura prej tyre gjat\u00eb dat\u00ebs 21 janar 2011. Nd\u00ebrkoh\u00eb Policia e Shtetit vazhdon t\u00eb refuzoj\u00eb urdh\u00ebr-ndalimet e nxjerra nga prokuroria shqiptare p\u00ebr zinxhirin komandues t\u00eb gard\u00ebs.<\/p>\n<p>Prokuroria disponon planin e veprimit p\u00ebr ruajtjen e mitingut t\u00eb opozit\u00ebs ne 21 janar, ku \u00ebsht\u00eb p\u00ebrcaktuar edhe momenti se kur mund t\u00eb p\u00ebrdoreshin arm\u00ebt. Kjo \u00ebsht\u00eb nj\u00eb nd\u00ebr provat materiale m\u00eb t\u00eb vlefshme deri m\u00eb tani n\u00eb duart e organit t\u00eb akuz\u00ebs. \/Telegrafi\/<\/p>\n<p>&#8212;&#8212;&#8212;&#8212;&#8212;&#8212;&#8212;&#8211;<\/p>\n<p><strong>Arma q\u00eb q\u00eblloi Ziver Veizin ishte e nj\u00eb gardisti. Identifikohet edhe autori. Prokuroria k\u00ebrkon tabulatet e drejtuesve t\u00eb Gard\u00ebs<\/strong><\/p>\n<p><img loading=\"lazy\" decoding=\"async\" class=\"alignright size-full wp-image-6236\" title=\"vrasja_ziver_veizit\" src=\"http:\/\/fjala.shkoder.net\/wp-content\/uploads\/2011\/02\/vrasja_ziver_veizit.jpg\" alt=\"\" width=\"300\" height=\"229\" \/>Arma me t\u00eb cil\u00ebn \u00ebsht\u00eb q\u00eblluar mbi Ziver Veizin \u00ebsht\u00eb e gard\u00ebs. Burime pran\u00eb grupit t\u00eb ekspert\u00ebve kan\u00eb sqaruar se b\u00ebhet fjal\u00eb p\u00ebr nj\u00eb arm\u00eb q\u00eb p\u00ebrdoret nga nj\u00ebsia speciale e gard\u00ebs. Tre her\u00eb jan\u00eb b\u00ebr\u00eb analizat p\u00ebr plumbin n\u00eb trupin e Veizit dhe tre her\u00eb \u00ebsht\u00eb arritur n\u00eb t\u00eb nj\u00ebjtin p\u00ebrfundim. M\u00ebsohet se \u00ebsht\u00eb identifikuar dhe gardisti q\u00eb ka q\u00eblluar mbi Veizin, por emri i tij nuk b\u00ebhet i ditur p\u00ebr shkak t\u00eb hetimit. Prokuroria ka k\u00ebrkuar gjithashtu dhe tabulatet e telefonatave t\u00eb drejtuesve t\u00eb Gard\u00ebs.<\/p>\n","protected":false},"excerpt":{"rendered":"<p>TemA Prokuroria ka sekuestruar deri tani 2.326 g\u00ebzhoja plumbash q\u00eb mendohet se nuk \u00ebsht\u00eb e gjitha ajo q\u00eb \u00ebsht\u00eb q\u00eblluar t\u00eb premten e 21 janarit. Shikimi i vendit t\u00eb ngjarjes u b\u00eb, t\u00eb pakt\u00ebn tre or\u00eb pasi ishin kryer kat\u00ebr vrasjet n\u00eb sheshin p\u00ebrpara kryeministris\u00eb. N\u00eb baz\u00eb t\u00eb d\u00ebshmive t\u00eb mbledhura deri m\u00eb tani, prokuroria [&hellip;]<\/p>\n","protected":false},"author":1,"featured_media":0,"comment_status":"open","ping_status":"closed","sticky":false,"template":"","format":"standard","meta":{"footnotes":""},"categories":[2],"tags":[],"class_list":{"0":"post-6234","1":"post","2":"type-post","3":"status-publish","4":"format-standard","6":"category-artikuj"},"yoast_head":"<!-- This site is optimized with the Yoast SEO plugin v27.4 - https:\/\/yoast.com\/product\/yoast-seo-wordpress\/ -->\n<title>Kat\u00ebr vrasjet e 21 janarit brenda nj\u00eb minute - FjALA e LIR\u00cb - Arkivi<\/title>\n<meta name=\"robots\" content=\"index, follow, max-snippet:-1, max-image-preview:large, max-video-preview:-1\" \/>\n<link rel=\"canonical\" href=\"https:\/\/fjala.info\/2009-2015\/kater-vrasjet-e-21-janarit-brenda-nje-minute\/\" \/>\n<meta property=\"og:locale\" content=\"sq_AL\" \/>\n<meta property=\"og:type\" content=\"article\" \/>\n<meta property=\"og:title\" content=\"Kat\u00ebr vrasjet e 21 janarit brenda nj\u00eb minute - FjALA e LIR\u00cb - Arkivi\" \/>\n<meta property=\"og:description\" content=\"TemA Prokuroria ka sekuestruar deri tani 2.326 g\u00ebzhoja plumbash q\u00eb mendohet se nuk \u00ebsht\u00eb e gjitha ajo q\u00eb \u00ebsht\u00eb q\u00eblluar t\u00eb premten e 21 janarit. Shikimi i vendit t\u00eb ngjarjes u b\u00eb, t\u00eb pakt\u00ebn tre or\u00eb pasi ishin kryer kat\u00ebr vrasjet n\u00eb sheshin p\u00ebrpara kryeministris\u00eb. N\u00eb baz\u00eb t\u00eb d\u00ebshmive t\u00eb mbledhura deri m\u00eb tani, prokuroria [&hellip;]\" \/>\n<meta property=\"og:url\" content=\"https:\/\/fjala.info\/2009-2015\/kater-vrasjet-e-21-janarit-brenda-nje-minute\/\" \/>\n<meta property=\"og:site_name\" content=\"FjALA e LIR\u00cb - Arkivi\" \/>\n<meta property=\"article:published_time\" content=\"2011-02-07T10:42:41+00:00\" \/>\n<meta property=\"og:image\" content=\"http:\/\/fjala.shkoder.net\/wp-content\/uploads\/2011\/02\/vrasja_ne_demonstrate.jpg\" \/>\n<meta name=\"author\" content=\"admin\" \/>\n<meta name=\"twitter:card\" content=\"summary_large_image\" \/>\n<meta name=\"twitter:label1\" content=\"Written by\" \/>\n\t<meta name=\"twitter:data1\" content=\"admin\" \/>\n\t<meta name=\"twitter:label2\" content=\"Est. reading time\" \/>\n\t<meta name=\"twitter:data2\" content=\"2 minutes\" \/>\n<script type=\"application\/ld+json\" class=\"yoast-schema-graph\">{\"@context\":\"https:\\\/\\\/schema.org\",\"@graph\":[{\"@type\":\"Article\",\"@id\":\"https:\\\/\\\/fjala.info\\\/2009-2015\\\/kater-vrasjet-e-21-janarit-brenda-nje-minute\\\/#article\",\"isPartOf\":{\"@id\":\"https:\\\/\\\/fjala.info\\\/2009-2015\\\/kater-vrasjet-e-21-janarit-brenda-nje-minute\\\/\"},\"author\":{\"name\":\"admin\",\"@id\":\"https:\\\/\\\/fjala.info\\\/2009-2015\\\/#\\\/schema\\\/person\\\/3aa1163ef05469c496fc94e77611ada2\"},\"headline\":\"Kat\u00ebr vrasjet e 21 janarit brenda nj\u00eb minute\",\"datePublished\":\"2011-02-07T10:42:41+00:00\",\"mainEntityOfPage\":{\"@id\":\"https:\\\/\\\/fjala.info\\\/2009-2015\\\/kater-vrasjet-e-21-janarit-brenda-nje-minute\\\/\"},\"wordCount\":345,\"commentCount\":0,\"publisher\":{\"@id\":\"https:\\\/\\\/fjala.info\\\/2009-2015\\\/#organization\"},\"image\":{\"@id\":\"https:\\\/\\\/fjala.info\\\/2009-2015\\\/kater-vrasjet-e-21-janarit-brenda-nje-minute\\\/#primaryimage\"},\"thumbnailUrl\":\"http:\\\/\\\/fjala.shkoder.net\\\/wp-content\\\/uploads\\\/2011\\\/02\\\/vrasja_ne_demonstrate.jpg\",\"articleSection\":[\"Artikuj\"],\"inLanguage\":\"sq-AL\",\"potentialAction\":[{\"@type\":\"CommentAction\",\"name\":\"Comment\",\"target\":[\"https:\\\/\\\/fjala.info\\\/2009-2015\\\/kater-vrasjet-e-21-janarit-brenda-nje-minute\\\/#respond\"]}]},{\"@type\":\"WebPage\",\"@id\":\"https:\\\/\\\/fjala.info\\\/2009-2015\\\/kater-vrasjet-e-21-janarit-brenda-nje-minute\\\/\",\"url\":\"https:\\\/\\\/fjala.info\\\/2009-2015\\\/kater-vrasjet-e-21-janarit-brenda-nje-minute\\\/\",\"name\":\"Kat\u00ebr vrasjet e 21 janarit brenda nj\u00eb minute - FjALA e LIR\u00cb - Arkivi\",\"isPartOf\":{\"@id\":\"https:\\\/\\\/fjala.info\\\/2009-2015\\\/#website\"},\"primaryImageOfPage\":{\"@id\":\"https:\\\/\\\/fjala.info\\\/2009-2015\\\/kater-vrasjet-e-21-janarit-brenda-nje-minute\\\/#primaryimage\"},\"image\":{\"@id\":\"https:\\\/\\\/fjala.info\\\/2009-2015\\\/kater-vrasjet-e-21-janarit-brenda-nje-minute\\\/#primaryimage\"},\"thumbnailUrl\":\"http:\\\/\\\/fjala.shkoder.net\\\/wp-content\\\/uploads\\\/2011\\\/02\\\/vrasja_ne_demonstrate.jpg\",\"datePublished\":\"2011-02-07T10:42:41+00:00\",\"breadcrumb\":{\"@id\":\"https:\\\/\\\/fjala.info\\\/2009-2015\\\/kater-vrasjet-e-21-janarit-brenda-nje-minute\\\/#breadcrumb\"},\"inLanguage\":\"sq-AL\",\"potentialAction\":[{\"@type\":\"ReadAction\",\"target\":[\"https:\\\/\\\/fjala.info\\\/2009-2015\\\/kater-vrasjet-e-21-janarit-brenda-nje-minute\\\/\"]}]},{\"@type\":\"ImageObject\",\"inLanguage\":\"sq-AL\",\"@id\":\"https:\\\/\\\/fjala.info\\\/2009-2015\\\/kater-vrasjet-e-21-janarit-brenda-nje-minute\\\/#primaryimage\",\"url\":\"http:\\\/\\\/fjala.shkoder.net\\\/wp-content\\\/uploads\\\/2011\\\/02\\\/vrasja_ne_demonstrate.jpg\",\"contentUrl\":\"http:\\\/\\\/fjala.shkoder.net\\\/wp-content\\\/uploads\\\/2011\\\/02\\\/vrasja_ne_demonstrate.jpg\"},{\"@type\":\"BreadcrumbList\",\"@id\":\"https:\\\/\\\/fjala.info\\\/2009-2015\\\/kater-vrasjet-e-21-janarit-brenda-nje-minute\\\/#breadcrumb\",\"itemListElement\":[{\"@type\":\"ListItem\",\"position\":1,\"name\":\"Home\",\"item\":\"https:\\\/\\\/fjala.info\\\/2009-2015\\\/\"},{\"@type\":\"ListItem\",\"position\":2,\"name\":\"Kat\u00ebr vrasjet e 21 janarit brenda nj\u00eb minute\"}]},{\"@type\":\"WebSite\",\"@id\":\"https:\\\/\\\/fjala.info\\\/2009-2015\\\/#website\",\"url\":\"https:\\\/\\\/fjala.info\\\/2009-2015\\\/\",\"name\":\"FjALA e LIR\u00cb - Arkivi\",\"description\":\"Arkivi 2009-2015\",\"publisher\":{\"@id\":\"https:\\\/\\\/fjala.info\\\/2009-2015\\\/#organization\"},\"potentialAction\":[{\"@type\":\"SearchAction\",\"target\":{\"@type\":\"EntryPoint\",\"urlTemplate\":\"https:\\\/\\\/fjala.info\\\/2009-2015\\\/?s={search_term_string}\"},\"query-input\":{\"@type\":\"PropertyValueSpecification\",\"valueRequired\":true,\"valueName\":\"search_term_string\"}}],\"inLanguage\":\"sq-AL\"},{\"@type\":\"Organization\",\"@id\":\"https:\\\/\\\/fjala.info\\\/2009-2015\\\/#organization\",\"name\":\"FjALA e LIR\u00cb - Arkivi\",\"url\":\"https:\\\/\\\/fjala.info\\\/2009-2015\\\/\",\"logo\":{\"@type\":\"ImageObject\",\"inLanguage\":\"sq-AL\",\"@id\":\"https:\\\/\\\/fjala.info\\\/2009-2015\\\/#\\\/schema\\\/logo\\\/image\\\/\",\"url\":\"\",\"contentUrl\":\"\",\"caption\":\"FjALA e LIR\u00cb - Arkivi\"},\"image\":{\"@id\":\"https:\\\/\\\/fjala.info\\\/2009-2015\\\/#\\\/schema\\\/logo\\\/image\\\/\"}},{\"@type\":\"Person\",\"@id\":\"https:\\\/\\\/fjala.info\\\/2009-2015\\\/#\\\/schema\\\/person\\\/3aa1163ef05469c496fc94e77611ada2\",\"name\":\"admin\",\"image\":{\"@type\":\"ImageObject\",\"inLanguage\":\"sq-AL\",\"@id\":\"https:\\\/\\\/fjala.info\\\/2009-2015\\\/wp-content\\\/uploads\\\/2012\\\/02\\\/arben_cokaj-120x150.jpg\",\"url\":\"https:\\\/\\\/fjala.info\\\/2009-2015\\\/wp-content\\\/uploads\\\/2012\\\/02\\\/arben_cokaj-120x150.jpg\",\"contentUrl\":\"https:\\\/\\\/fjala.info\\\/2009-2015\\\/wp-content\\\/uploads\\\/2012\\\/02\\\/arben_cokaj-120x150.jpg\",\"caption\":\"admin\"},\"description\":\"Admin, Fjala e Lir\u00eb\",\"sameAs\":[\"https:\\\/\\\/fjala.info\\\/\"],\"url\":\"https:\\\/\\\/fjala.info\\\/2009-2015\\\/author\\\/admin\\\/\"}]}<\/script>\n<!-- \/ Yoast SEO plugin. -->","yoast_head_json":{"title":"Kat\u00ebr vrasjet e 21 janarit brenda nj\u00eb minute - FjALA e LIR\u00cb - Arkivi","robots":{"index":"index","follow":"follow","max-snippet":"max-snippet:-1","max-image-preview":"max-image-preview:large","max-video-preview":"max-video-preview:-1"},"canonical":"https:\/\/fjala.info\/2009-2015\/kater-vrasjet-e-21-janarit-brenda-nje-minute\/","og_locale":"sq_AL","og_type":"article","og_title":"Kat\u00ebr vrasjet e 21 janarit brenda nj\u00eb minute - FjALA e LIR\u00cb - Arkivi","og_description":"TemA Prokuroria ka sekuestruar deri tani 2.326 g\u00ebzhoja plumbash q\u00eb mendohet se nuk \u00ebsht\u00eb e gjitha ajo q\u00eb \u00ebsht\u00eb q\u00eblluar t\u00eb premten e 21 janarit. Shikimi i vendit t\u00eb ngjarjes u b\u00eb, t\u00eb pakt\u00ebn tre or\u00eb pasi ishin kryer kat\u00ebr vrasjet n\u00eb sheshin p\u00ebrpara kryeministris\u00eb. N\u00eb baz\u00eb t\u00eb d\u00ebshmive t\u00eb mbledhura deri m\u00eb tani, prokuroria [&hellip;]","og_url":"https:\/\/fjala.info\/2009-2015\/kater-vrasjet-e-21-janarit-brenda-nje-minute\/","og_site_name":"FjALA e LIR\u00cb - Arkivi","article_published_time":"2011-02-07T10:42:41+00:00","og_image":[{"url":"http:\/\/fjala.shkoder.net\/wp-content\/uploads\/2011\/02\/vrasja_ne_demonstrate.jpg","type":"","width":"","height":""}],"author":"admin","twitter_card":"summary_large_image","twitter_misc":{"Written by":"admin","Est. reading time":"2 minutes"},"schema":{"@context":"https:\/\/schema.org","@graph":[{"@type":"Article","@id":"https:\/\/fjala.info\/2009-2015\/kater-vrasjet-e-21-janarit-brenda-nje-minute\/#article","isPartOf":{"@id":"https:\/\/fjala.info\/2009-2015\/kater-vrasjet-e-21-janarit-brenda-nje-minute\/"},"author":{"name":"admin","@id":"https:\/\/fjala.info\/2009-2015\/#\/schema\/person\/3aa1163ef05469c496fc94e77611ada2"},"headline":"Kat\u00ebr vrasjet e 21 janarit brenda nj\u00eb minute","datePublished":"2011-02-07T10:42:41+00:00","mainEntityOfPage":{"@id":"https:\/\/fjala.info\/2009-2015\/kater-vrasjet-e-21-janarit-brenda-nje-minute\/"},"wordCount":345,"commentCount":0,"publisher":{"@id":"https:\/\/fjala.info\/2009-2015\/#organization"},"image":{"@id":"https:\/\/fjala.info\/2009-2015\/kater-vrasjet-e-21-janarit-brenda-nje-minute\/#primaryimage"},"thumbnailUrl":"http:\/\/fjala.shkoder.net\/wp-content\/uploads\/2011\/02\/vrasja_ne_demonstrate.jpg","articleSection":["Artikuj"],"inLanguage":"sq-AL","potentialAction":[{"@type":"CommentAction","name":"Comment","target":["https:\/\/fjala.info\/2009-2015\/kater-vrasjet-e-21-janarit-brenda-nje-minute\/#respond"]}]},{"@type":"WebPage","@id":"https:\/\/fjala.info\/2009-2015\/kater-vrasjet-e-21-janarit-brenda-nje-minute\/","url":"https:\/\/fjala.info\/2009-2015\/kater-vrasjet-e-21-janarit-brenda-nje-minute\/","name":"Kat\u00ebr vrasjet e 21 janarit brenda nj\u00eb minute - FjALA e LIR\u00cb - Arkivi","isPartOf":{"@id":"https:\/\/fjala.info\/2009-2015\/#website"},"primaryImageOfPage":{"@id":"https:\/\/fjala.info\/2009-2015\/kater-vrasjet-e-21-janarit-brenda-nje-minute\/#primaryimage"},"image":{"@id":"https:\/\/fjala.info\/2009-2015\/kater-vrasjet-e-21-janarit-brenda-nje-minute\/#primaryimage"},"thumbnailUrl":"http:\/\/fjala.shkoder.net\/wp-content\/uploads\/2011\/02\/vrasja_ne_demonstrate.jpg","datePublished":"2011-02-07T10:42:41+00:00","breadcrumb":{"@id":"https:\/\/fjala.info\/2009-2015\/kater-vrasjet-e-21-janarit-brenda-nje-minute\/#breadcrumb"},"inLanguage":"sq-AL","potentialAction":[{"@type":"ReadAction","target":["https:\/\/fjala.info\/2009-2015\/kater-vrasjet-e-21-janarit-brenda-nje-minute\/"]}]},{"@type":"ImageObject","inLanguage":"sq-AL","@id":"https:\/\/fjala.info\/2009-2015\/kater-vrasjet-e-21-janarit-brenda-nje-minute\/#primaryimage","url":"http:\/\/fjala.shkoder.net\/wp-content\/uploads\/2011\/02\/vrasja_ne_demonstrate.jpg","contentUrl":"http:\/\/fjala.shkoder.net\/wp-content\/uploads\/2011\/02\/vrasja_ne_demonstrate.jpg"},{"@type":"BreadcrumbList","@id":"https:\/\/fjala.info\/2009-2015\/kater-vrasjet-e-21-janarit-brenda-nje-minute\/#breadcrumb","itemListElement":[{"@type":"ListItem","position":1,"name":"Home","item":"https:\/\/fjala.info\/2009-2015\/"},{"@type":"ListItem","position":2,"name":"Kat\u00ebr vrasjet e 21 janarit brenda nj\u00eb minute"}]},{"@type":"WebSite","@id":"https:\/\/fjala.info\/2009-2015\/#website","url":"https:\/\/fjala.info\/2009-2015\/","name":"FjALA e LIR\u00cb - Arkivi","description":"Arkivi 2009-2015","publisher":{"@id":"https:\/\/fjala.info\/2009-2015\/#organization"},"potentialAction":[{"@type":"SearchAction","target":{"@type":"EntryPoint","urlTemplate":"https:\/\/fjala.info\/2009-2015\/?s={search_term_string}"},"query-input":{"@type":"PropertyValueSpecification","valueRequired":true,"valueName":"search_term_string"}}],"inLanguage":"sq-AL"},{"@type":"Organization","@id":"https:\/\/fjala.info\/2009-2015\/#organization","name":"FjALA e LIR\u00cb - Arkivi","url":"https:\/\/fjala.info\/2009-2015\/","logo":{"@type":"ImageObject","inLanguage":"sq-AL","@id":"https:\/\/fjala.info\/2009-2015\/#\/schema\/logo\/image\/","url":"","contentUrl":"","caption":"FjALA e LIR\u00cb - Arkivi"},"image":{"@id":"https:\/\/fjala.info\/2009-2015\/#\/schema\/logo\/image\/"}},{"@type":"Person","@id":"https:\/\/fjala.info\/2009-2015\/#\/schema\/person\/3aa1163ef05469c496fc94e77611ada2","name":"admin","image":{"@type":"ImageObject","inLanguage":"sq-AL","@id":"https:\/\/fjala.info\/2009-2015\/wp-content\/uploads\/2012\/02\/arben_cokaj-120x150.jpg","url":"https:\/\/fjala.info\/2009-2015\/wp-content\/uploads\/2012\/02\/arben_cokaj-120x150.jpg","contentUrl":"https:\/\/fjala.info\/2009-2015\/wp-content\/uploads\/2012\/02\/arben_cokaj-120x150.jpg","caption":"admin"},"description":"Admin, Fjala e Lir\u00eb","sameAs":["https:\/\/fjala.info\/"],"url":"https:\/\/fjala.info\/2009-2015\/author\/admin\/"}]}},"_links":{"self":[{"href":"https:\/\/fjala.info\/2009-2015\/wp-json\/wp\/v2\/posts\/6234","targetHints":{"allow":["GET"]}}],"collection":[{"href":"https:\/\/fjala.info\/2009-2015\/wp-json\/wp\/v2\/posts"}],"about":[{"href":"https:\/\/fjala.info\/2009-2015\/wp-json\/wp\/v2\/types\/post"}],"author":[{"embeddable":true,"href":"https:\/\/fjala.info\/2009-2015\/wp-json\/wp\/v2\/users\/1"}],"replies":[{"embeddable":true,"href":"https:\/\/fjala.info\/2009-2015\/wp-json\/wp\/v2\/comments?post=6234"}],"version-history":[{"count":0,"href":"https:\/\/fjala.info\/2009-2015\/wp-json\/wp\/v2\/posts\/6234\/revisions"}],"wp:attachment":[{"href":"https:\/\/fjala.info\/2009-2015\/wp-json\/wp\/v2\/media?parent=6234"}],"wp:term":[{"taxonomy":"category","embeddable":true,"href":"https:\/\/fjala.info\/2009-2015\/wp-json\/wp\/v2\/categories?post=6234"},{"taxonomy":"post_tag","embeddable":true,"href":"https:\/\/fjala.info\/2009-2015\/wp-json\/wp\/v2\/tags?post=6234"}],"curies":[{"name":"wp","href":"https:\/\/api.w.org\/{rel}","templated":true}]}}