{"id":6226,"date":"2011-02-07T11:12:00","date_gmt":"2011-02-07T10:12:00","guid":{"rendered":"http:\/\/fjala.shkoder.net\/?p=6226"},"modified":"2011-02-07T11:12:00","modified_gmt":"2011-02-07T10:12:00","slug":"mustafaj-memorandum-per-reformimin-e-thelle-te-pd-berisha-populist","status":"publish","type":"post","link":"https:\/\/fjala.info\/2009-2015\/mustafaj-memorandum-per-reformimin-e-thelle-te-pd-berisha-populist\/","title":{"rendered":"Mustafaj, memorandum p\u00ebr reformimin e thell\u00eb t\u00eb PD: Berisha populist"},"content":{"rendered":"<p><img loading=\"lazy\" decoding=\"async\" class=\"alignright size-medium wp-image-6227\" title=\"Besnik Mustafaj\" src=\"http:\/\/fjala.shkoder.net\/wp-content\/uploads\/2011\/02\/besnik_mustafaj-300x219.jpg\" alt=\"\" width=\"300\" height=\"219\" \/><\/p>\n<p>K\u00ebshilli Komb\u00ebtar i PD-s\u00eb hedh posht\u00eb nj\u00eb memorandum t\u00eb propozuar ish-ministri i Jasht\u00ebm, Besnik Mustafaj, p\u00ebr reformimin e thell\u00eb t\u00eb partis\u00eb dhe zhvillimin sa m\u00eb shpejt t\u00eb zgjedhjeve p\u00ebr strukturat drejtuese. N\u00eb mbledhjen e djeshme, Mustafaj lexoi dokumentin, i cili u p\u00ebrkrah n\u00eb disa pika nga kryeministri Berisha, nd\u00ebrsa p\u00ebr zgjedhjet e forumeve, kreu i PD-s\u00eb propozoi zhvillimin e tyre pas gar\u00ebs elektorale t\u00eb 8 majit. Pas diskutimeve mes Berish\u00ebs e ish-ministrit t\u00eb Jasht\u00ebm, kryeministri e hodhi at\u00eb n\u00eb votim, ku vet\u00ebm Mustafaj dhe Oketa votuan pro. Lidhur me faktin q\u00eb K\u00ebshilli Komb\u00ebtar nuk \u00ebsht\u00eb mbledhur asnj\u00ebher\u00eb q\u00eb nga zgjedhja e tij nga Kuvendi i PD-s\u00eb, kreu i demokrat\u00ebve kujtoi nj\u00eb dispozit\u00eb t\u00eb statutit, sipas t\u00eb cil\u00ebs n\u00ebse at\u00eb e k\u00ebrkon \u00bc e an\u00ebtar\u00ebve, ky forum mund t\u00eb mblidhet.<\/p>\n<p>Nga <strong>Besnik Mustafaj<\/strong>, <em>07 Shkurt 2011<\/em><\/p>\n<p>Duke pasur parasysh situat\u00ebn ve\u00e7an\u00ebrisht problematike q\u00eb kalon vendi pas ngjarjeve shum\u00eb t\u00eb dhunshme p\u00ebrpara selis\u00eb s\u00eb Kryeministris\u00eb, m\u00eb 21 janar 2011;<\/p>\n<p>Duke pasur parasysh p\u00ebrgjegj\u00ebsin\u00eb historike q\u00eb ka n\u00eb k\u00ebto momente Partia Demokratike jo vet\u00ebm si forca kryesore politike n\u00eb qeverisje, por edhe si forca politike m\u00eb e madhe n\u00eb vend;<br \/>\nDuke pasur parasysh se kemi p\u00ebrball\u00eb nj\u00eb opozit\u00eb, e cila prej m\u00eb shum\u00eb se nj\u00eb vit e gjysm\u00eb e ka nxjerr\u00eb luft\u00ebn e saj politike nga institucionet e natyrshme demokratike p\u00ebr ta zhvilluar n\u00eb rrug\u00eb, n\u00eb d\u00ebm t\u00eb p\u00ebrparimit ekonomik t\u00eb vendit dhe po aq n\u00eb d\u00ebm t\u00eb forcimit t\u00eb institucioneve t\u00eb shtetit t\u00eb s\u00eb drejt\u00ebs;<\/p>\n<p>Duke marr\u00eb parasysh r\u00ebnd\u00ebsin\u00eb specifike q\u00eb kan\u00eb zgjedhjet e 8 majit t\u00eb ardhsh\u00ebm p\u00ebr pushtetin vendor si test p\u00ebr vullnetin dhe p\u00ebr kapacitetin e mazhoranc\u00ebs son\u00eb qeveris\u00ebse p\u00ebr t\u00eb zhvilluar zgjedhje t\u00eb lira e t\u00eb drejta;<\/p>\n<p>Duke marr\u00eb parasysh domosdoshm\u00ebrin\u00eb e fitores s\u00eb Partis\u00eb Demokratike n\u00eb k\u00ebto zgjedhje si alternativa m\u00eb e mir\u00eb programore, por edhe si ekipi m\u00eb i aft\u00eb p\u00ebr t\u00eb drejtuar e m\u00eb i lidhur me interesat e komunitetit si edhe t\u00eb mbar\u00eb shoq\u00ebris\u00eb, me cil\u00ebsin\u00eb time si an\u00ebtar i K\u00ebshillit Komb\u00ebtar t\u00eb Partis\u00eb Demokratike, i drejtoj k\u00ebtij K\u00ebshilli Memorandumin si vijon:<\/p>\n<p>1.<br \/>\nK\u00ebshilli Komb\u00ebtar q\u00eb mblidhet sot p\u00ebr her\u00eb t\u00eb par\u00eb, ka dal\u00eb nga Kuvendi Komb\u00ebtar i zhvilluar m\u00eb 14 dhjetor 2009. Kan\u00eb kaluar, pra, kat\u00ebrmb\u00ebdhjet\u00eb muaj pa u konstituuar e rrjedhimisht pa e filluar veprimtarin\u00eb e tij K\u00ebshilli Komb\u00ebtar, i cili, ashtu si\u00e7 p\u00ebrcaktohet n\u00eb statutin e Partis\u00eb Demokratike, \u00ebsht\u00eb organi m\u00eb i lart\u00eb i k\u00ebsaj partie midis dy kuvendeve komb\u00ebtare.<\/p>\n<p>Ky fakt nxjerr qart\u00eb n\u00eb pah se K\u00ebshilli Komb\u00ebtar, si organi m\u00eb i lart\u00eb kolegjial i analiz\u00ebs politike, i hartimit t\u00eb politikave programore dhe i marrjes s\u00eb vendimeve politike t\u00eb Partis\u00eb Demokratike ka qen\u00eb krejt\u00ebsisht jasht\u00eb funksionit t\u00eb tij qysh nga fillimi i mandatit ton\u00eb t\u00eb dyt\u00eb qeveris\u00ebs. Jam i bindur se ky asgj\u00ebsim i rolit t\u00eb natyrsh\u00ebm politik t\u00eb K\u00ebshillit ton\u00eb Komb\u00ebtar ka qen\u00eb me pasoja t\u00eb dukshme negative n\u00eb p\u00ebrmbushjen e misionit politik q\u00eb ka Partia Demokratike ndaj kombit.<\/p>\n<p>Un\u00eb propozoj q\u00eb t\u2019i japim k\u00ebsaj mbledhjeje t\u00eb par\u00eb r\u00ebnd\u00ebsin\u00eb e duhur, duke e shnd\u00ebrruar n\u00eb nj\u00eb moment refleksioni t\u00eb thell\u00eb vet\u00ebkorrigjues, jo vet\u00ebm p\u00ebr t\u2019u prer\u00eb rrug\u00ebn praktikave t\u00eb tilla n\u00eb t\u00eb ardhmen, por edhe p\u00ebr t\u2019i dh\u00ebn\u00eb krah nj\u00eb fryme t\u00eb re brenda partis\u00eb, ku \u00e7do an\u00ebtar i Partis\u00eb, q\u00eb nga seksioni e deri te kryetari i Partis\u00eb, t\u00eb ndjehet plot\u00ebsisht pjes\u00ebtar i nj\u00eb familjeje politike t\u00eb sh\u00ebndetshme, ku bashkimi \u00ebsht\u00eb v\u00ebrtet me vullnet t\u00eb lir\u00eb dhe ku respektohet e vler\u00ebsohet kontributi dhe individualiteti i gjithsecilit demokrat.<\/p>\n<p>2.<br \/>\nQysh nga Kuvendi yn\u00eb i fundit Komb\u00ebtar para kat\u00ebrmb\u00ebdhjet\u00eb muajsh e deri sot, ne si parti, n\u00eb p\u00ebrputhje me statutin ton\u00eb, kemi t\u00eb ligjsh\u00ebm vet\u00ebm kryetarin e partis\u00eb, i cili \u00ebsht\u00eb zgjedhur nga Kuvendi n\u00eb fjal\u00eb dhe n\u00ebnkryetarin e partis\u00eb, zotin Patozi, i cili me statut, duke qen\u00eb kryetar i grupit ton\u00eb parlamentar, \u00ebsht\u00eb \u2018ex oficio\u2019 edhe n\u00ebnkryetari i partis\u00eb. Nuk kemi pasur, pra, \u2018de jure\u2019 e as \u2018de facto\u2019 as kryesi t\u00eb partis\u00eb, as sekretar t\u00eb p\u00ebrgjithsh\u00ebm, as n\u00ebnkryetar t\u00eb dyt\u00eb, as sekretariat e as gjykat\u00eb t\u00eb partis\u00eb. Kjo tablo flet vet\u00eb.<\/p>\n<p>Distanca institucionale e krijuar gjat\u00eb k\u00ebsaj periudhe midis kryetarit t\u00eb partis\u00eb dhe vet\u00eb partis\u00eb \u00ebsht\u00eb jasht\u00ebzakonisht e madhe e p\u00ebr pasoj\u00eb edhe me d\u00ebm t\u00eb madh p\u00ebr demokracin\u00eb brenda partis\u00eb. Statuti \u00ebsht\u00eb Kushtetuta e partis\u00eb. Qysh n\u00eb themelimin e saj nj\u00ebzet vjet m\u00eb par\u00eb, Partia Demokratike u angazhua p\u00ebrpara kombit t\u00eb nd\u00ebrtonte n\u00eb Shqip\u00ebri shtetin ligjor. Me shkelje t\u00eb tilla t\u00eb r\u00ebnda t\u00eb kushtetut\u00ebs s\u00eb partis\u00eb, ne japim detyrimisht p\u00ebrpara shoq\u00ebris\u00eb shqiptare nj\u00eb d\u00ebshmi shum\u00eb t\u00eb keqe t\u00eb vullnetit ton\u00eb politik p\u00ebr t\u00eb nd\u00ebrtuar nj\u00eb sistem ku prevalon ligji.<\/p>\n<p>Un\u00eb propozoj q\u00eb ne sot, me ndjenj\u00ebn m\u00eb t\u00eb lart\u00eb t\u00eb p\u00ebrgjegj\u00ebsis\u00eb, t\u00eb zgjedhim organet drejtuese t\u00eb partis\u00eb dhe t\u00eb k\u00ebrkojm\u00eb prej tyre t\u2019i p\u00ebrvishen pun\u00ebs p\u00ebr t\u00eb rivendosur n\u00eb parti frym\u00ebn e munguar t\u00eb kolegjialitetit demokratik. Me ndjenj\u00eb t\u00eb lart\u00eb p\u00ebrgjegj\u00ebsie nga secili an\u00ebtar i K\u00ebshillit Komb\u00ebtar un\u00eb kuptoj vendosjen e kritereve parimore, jasht\u00eb \u00e7do klientelizmi n\u00eb p\u00ebrzgjedhjen e personaliteteve q\u00eb do t\u00eb z\u00ebn\u00eb vend n\u00eb organet tona drejtuese. Ju b\u00ebj thirrje t\u00eb gjith\u00eb koleg\u00ebve an\u00ebtar\u00eb t\u00eb K\u00ebshillit Komb\u00ebtar t\u00eb ken\u00eb parasysh interesat e Partis\u00eb Demokratike dhe jo parap\u00eblqimet subjektive nga njer\u00ebzit tan\u00eb me pushtet n\u00eb ekzekutiv.<\/p>\n<p>3.<br \/>\nN\u00eb praktik\u00ebn e ushtrimit t\u00eb pushtetit v\u00ebrej se Partia Demokratike ka nj\u00eb largim gradual, por t\u00eb vazhduesh\u00ebm nga identiteti i saj si parti e qendr\u00ebs s\u00eb djatht\u00eb. Jan\u00eb iniciuar dhe vazhdojn\u00eb t\u00eb iniciohen nj\u00ebher\u00ebsh politika t\u00eb mir\u00ebfillta liberale, politika po ashtu t\u00eb mir\u00ebfillta konservatore, dhe po aq shpesh q\u00ebndrime ndaj pron\u00ebs apo politika sociale me p\u00ebrmbajtje t\u00eb past\u00ebr t\u00eb majt\u00eb. K\u00ebto luhatje nga nj\u00ebri ekstrem n\u00eb tjetrin shpjegohen, sipas mendimit tim, me nj\u00eb frym\u00ebzim t\u00eb tepruar populist t\u00eb udh\u00ebheqjes s\u00eb partis\u00eb, q\u00eb e kemi n\u00eb ekzekutiv.<\/p>\n<p>E keqja e nj\u00eb praktike t\u00eb till\u00eb pa fizionomi dhe pa identitet politik n\u00eb ushtrimin e pushtetit shfaqet n\u00eb modelin inkoherent t\u00eb shtetit q\u00eb na takon t\u00eb nd\u00ebrtojm\u00eb. Dhe jo vet\u00ebm kaq. Ky eklektiz\u00ebm identitar ka dob\u00ebsuar ndjesh\u00ebm lidhjet e partis\u00eb ton\u00eb me shtresat shoq\u00ebrore, t\u00eb cilat p\u00ebr arsye parimore duhet t\u00eb jen\u00eb mb\u00ebshtetja jon\u00eb kryesore. Nd\u00ebr to do t\u00eb ve\u00e7oja ish-t\u00eb p\u00ebrndjekurit politik\u00eb, ish-pronar\u00ebt dhe biznesin e madh. M\u00eb e pakta q\u00eb mund t\u00eb thuhet p\u00ebr k\u00ebto dy shtresa \u00ebsht\u00eb se ato kan\u00eb humbur entuziazmin n\u00eb mb\u00ebshtetjen ton\u00eb.<\/p>\n<p>Un\u00eb propozoj q\u00eb kjo mbledhje e vonuar e K\u00ebshillit ton\u00eb t\u00eb ri Komb\u00ebtar t\u00eb nd\u00ebrmarr\u00eb \u00e7eljen e nj\u00eb debati t\u00eb gjer\u00eb brenda partis\u00eb p\u00ebr identitetin e saj. Ky debat, me pik\u00ebsynim fokusimin e qart\u00eb identitar n\u00eb programin ton\u00eb, do t\u00eb sh\u00ebrbente si rast p\u00ebr t\u00eb t\u00ebrhequr e gjall\u00ebruar edhe kapacitetet e grupeve shoq\u00ebrore dhe t\u00eb grupeve t\u00eb interesit jasht\u00eb strukturave t\u00eb partis\u00eb, por q\u00eb presin nga ne si forc\u00eb politike t\u00eb mish\u00ebrojm\u00eb idealet e tyre p\u00ebr shtetin, p\u00ebr drejt\u00ebsin\u00eb shoq\u00ebrore, p\u00ebr lirin\u00eb e tregut dhe p\u00ebr pron\u00ebn.<\/p>\n<p>4.<br \/>\nMe m\u00ebnyr\u00ebn e saj t\u00eb funksionimit ose t\u00eb mosfunksionimit gjat\u00eb k\u00ebsaj periudhe t\u00eb gjat\u00eb, Partia Demokratike \u00ebsht\u00eb larguar duksh\u00ebm nga modeli i partive t\u00eb djathta europiane. Partia Demokratike \u00ebsht\u00eb prej disa vitesh an\u00ebtare\u2013v\u00ebzhguese n\u00eb Partin\u00eb Popullore Europiane. Kjo \u00ebsht\u00eb nj\u00eb fitore e r\u00ebnd\u00ebsishme dhe e merituar e partis\u00eb ton\u00eb, sigurisht, por \u00ebsht\u00eb gjithashtu nj\u00eb kontribut i saj i \u00e7muar edhe n\u00eb procesin e p\u00ebrafrimit t\u00eb vendit ton\u00eb me Bashkimin Europian.<\/p>\n<p>An\u00ebtar\u00ebsia n\u00eb Partin\u00eb Popullore Europiane k\u00ebrkon nga secili an\u00ebtar i partis\u00eb ton\u00eb e ve\u00e7an\u00ebrisht nga ne, q\u00eb jemi n\u00eb drejtimin e saj, t\u00eb mbajm\u00eb vazhdimisht lart vlerat e shenjta, mbi t\u00eb cilat mb\u00ebshtetet e djathta politike europiane. K\u00ebto vlera brenda Partis\u00eb Popullore Europiane, do t\u00eb thot\u00eb brenda secil\u00ebs nga partit\u00eb e djathta q\u00eb e p\u00ebrb\u00ebjn\u00eb at\u00eb, sanksionohen si frym\u00eb lirie, por edhe si norm\u00eb detyruese p\u00ebr t\u00eb respektuar demokracin\u00eb e brendshme, ku p\u00ebrfshihet edhe mendimi ndryshe si pjes\u00eb e kultur\u00ebs politike t\u00eb djatht\u00eb.<\/p>\n<p>Un\u00eb propozoj sot q\u00eb kjo mbledhje e K\u00ebshillit Komb\u00ebtar t\u00eb p\u00ebrcaktoj\u00eb si objektiv madhor nd\u00ebrmarrjen urgjente t\u00eb reformave brenda partis\u00eb p\u00ebr ta modernizuar dhe demokratizuar at\u00eb, q\u00eb t\u00eb jemi n\u00eb lart\u00ebsin\u00eb e Partive Popullore Europiane. Vet\u00ebm duke e modernizuar dhe demokratizuar partin\u00eb, ne t\u00eb vjetrit e partis\u00eb do t\u00eb ndjehemi t\u00eb rinj me p\u00ebrvoj\u00ebn ton\u00eb dhe vet\u00eb partia do t\u00eb b\u00ebhet thelb\u00ebsisht atraktive p\u00ebr mas\u00ebn e madhe t\u00eb rinis\u00eb shqiptare. Nuk duhet hequr nga mendja nj\u00eb fakt: jan\u00eb 50 mij\u00eb t\u00eb rinj t\u00eb cil\u00ebt \u00e7do vit arrijn\u00eb mosh\u00ebn e vet\u00ebdijes dhe po ashtu mosh\u00ebn e t\u00eb drejt\u00ebs p\u00ebr t\u2019u marr\u00eb me politik\u00eb jo vet\u00ebm si votues, por edhe si aktivist\u00eb. P\u00ebrt\u00ebritjen e shoq\u00ebris\u00eb, Partia Demokratike duhet ta paraprij\u00eb duke u p\u00ebrt\u00ebrir\u00eb dhe vet\u00eb n\u00eb m\u00ebnyr\u00ebn e saj t\u00eb funksionimit.<br \/>\nSi p\u00ebrfundim, un\u00eb jam i bindur se jan\u00eb t\u00eb gjitha mund\u00ebsit\u00eb p\u00ebr ta shnd\u00ebrruar k\u00ebt\u00eb mbledhje t\u00eb par\u00eb t\u00eb K\u00ebshillit t\u00eb ri Komb\u00ebtar n\u00eb nj\u00eb gjenerator transformues p\u00ebr krejt partin\u00eb.<\/p>\n<p>Nuk shoh rrug\u00eb tjet\u00ebr m\u00eb t\u00eb mir\u00eb p\u00ebr t\u2019i dh\u00ebn\u00eb asaj besueshm\u00ebrin\u00eb e nevojshme p\u00ebr t\u2019i fituar me 8 maj zgjedhjet lokale n\u00eb Tiran\u00eb dhe n\u00eb mbar\u00eb vendin. Vet\u00ebm duke ndjekur me guxim rrug\u00ebn e reformimit t\u00eb shpejt\u00eb e t\u00eb thell\u00eb t\u00eb partis\u00eb, do t\u00eb zbulojm\u00eb te vetja rezerva t\u00eb reja p\u00ebr t\u00eb p\u00ebrfunduar me nder mandatin e besuar nga populli p\u00ebr t\u00eb qeverisur deri n\u00eb vitin 2013 dhe do t\u00eb jemi t\u00eb p\u00ebrgatitur p\u00ebr t\u00eb k\u00ebrkuar nj\u00eb mandat t\u00eb tret\u00eb. Ne duhet t\u00eb provojm\u00eb para shqiptar\u00ebve se jemi n\u00eb pushtet jo pse kemi p\u00ebrball\u00eb nj\u00eb opozit\u00eb t\u00eb keqe e pa alternativ\u00eb, por sepse Partia Demokratike n\u00eb vetvete, jasht\u00eb krahasimit me kund\u00ebrshtarin, \u00ebsht\u00eb forca politike m\u00eb e denj\u00eb, m\u00eb vitale, m\u00eb moderne p\u00ebr ta qeverisur vendin.<\/p>\n","protected":false},"excerpt":{"rendered":"<p>K\u00ebshilli Komb\u00ebtar i PD-s\u00eb hedh posht\u00eb nj\u00eb memorandum t\u00eb propozuar ish-ministri i Jasht\u00ebm, Besnik Mustafaj, p\u00ebr reformimin e thell\u00eb t\u00eb partis\u00eb dhe zhvillimin sa m\u00eb shpejt t\u00eb zgjedhjeve p\u00ebr strukturat drejtuese. N\u00eb mbledhjen e djeshme, Mustafaj lexoi dokumentin, i cili u p\u00ebrkrah n\u00eb disa pika nga kryeministri Berisha, nd\u00ebrsa p\u00ebr zgjedhjet e forumeve, kreu i [&hellip;]<\/p>\n","protected":false},"author":1,"featured_media":0,"comment_status":"open","ping_status":"closed","sticky":false,"template":"","format":"standard","meta":{"footnotes":""},"categories":[2],"tags":[],"class_list":{"0":"post-6226","1":"post","2":"type-post","3":"status-publish","4":"format-standard","6":"category-artikuj"},"yoast_head":"<!-- This site is optimized with the Yoast SEO plugin v27.4 - https:\/\/yoast.com\/product\/yoast-seo-wordpress\/ -->\n<title>Mustafaj, memorandum p\u00ebr reformimin e thell\u00eb t\u00eb PD: Berisha populist - FjALA e LIR\u00cb - Arkivi<\/title>\n<meta name=\"robots\" content=\"index, follow, max-snippet:-1, max-image-preview:large, max-video-preview:-1\" \/>\n<link rel=\"canonical\" href=\"https:\/\/fjala.info\/2009-2015\/mustafaj-memorandum-per-reformimin-e-thelle-te-pd-berisha-populist\/\" \/>\n<meta property=\"og:locale\" content=\"sq_AL\" \/>\n<meta property=\"og:type\" content=\"article\" \/>\n<meta property=\"og:title\" content=\"Mustafaj, memorandum p\u00ebr reformimin e thell\u00eb t\u00eb PD: Berisha populist - FjALA e LIR\u00cb - Arkivi\" \/>\n<meta property=\"og:description\" content=\"K\u00ebshilli Komb\u00ebtar i PD-s\u00eb hedh posht\u00eb nj\u00eb memorandum t\u00eb propozuar ish-ministri i Jasht\u00ebm, Besnik Mustafaj, p\u00ebr reformimin e thell\u00eb t\u00eb partis\u00eb dhe zhvillimin sa m\u00eb shpejt t\u00eb zgjedhjeve p\u00ebr strukturat drejtuese. N\u00eb mbledhjen e djeshme, Mustafaj lexoi dokumentin, i cili u p\u00ebrkrah n\u00eb disa pika nga kryeministri Berisha, nd\u00ebrsa p\u00ebr zgjedhjet e forumeve, kreu i [&hellip;]\" \/>\n<meta property=\"og:url\" content=\"https:\/\/fjala.info\/2009-2015\/mustafaj-memorandum-per-reformimin-e-thelle-te-pd-berisha-populist\/\" \/>\n<meta property=\"og:site_name\" content=\"FjALA e LIR\u00cb - Arkivi\" \/>\n<meta property=\"article:published_time\" content=\"2011-02-07T10:12:00+00:00\" \/>\n<meta property=\"og:image\" content=\"http:\/\/fjala.shkoder.net\/wp-content\/uploads\/2011\/02\/besnik_mustafaj-300x219.jpg\" \/>\n<meta name=\"author\" content=\"admin\" \/>\n<meta name=\"twitter:card\" content=\"summary_large_image\" \/>\n<meta name=\"twitter:label1\" content=\"Written by\" \/>\n\t<meta name=\"twitter:data1\" content=\"admin\" \/>\n\t<meta name=\"twitter:label2\" content=\"Est. reading time\" \/>\n\t<meta name=\"twitter:data2\" content=\"9 minutes\" \/>\n<script type=\"application\/ld+json\" class=\"yoast-schema-graph\">{\"@context\":\"https:\\\/\\\/schema.org\",\"@graph\":[{\"@type\":\"Article\",\"@id\":\"https:\\\/\\\/fjala.info\\\/2009-2015\\\/mustafaj-memorandum-per-reformimin-e-thelle-te-pd-berisha-populist\\\/#article\",\"isPartOf\":{\"@id\":\"https:\\\/\\\/fjala.info\\\/2009-2015\\\/mustafaj-memorandum-per-reformimin-e-thelle-te-pd-berisha-populist\\\/\"},\"author\":{\"name\":\"admin\",\"@id\":\"https:\\\/\\\/fjala.info\\\/2009-2015\\\/#\\\/schema\\\/person\\\/3aa1163ef05469c496fc94e77611ada2\"},\"headline\":\"Mustafaj, memorandum p\u00ebr reformimin e thell\u00eb t\u00eb PD: Berisha populist\",\"datePublished\":\"2011-02-07T10:12:00+00:00\",\"mainEntityOfPage\":{\"@id\":\"https:\\\/\\\/fjala.info\\\/2009-2015\\\/mustafaj-memorandum-per-reformimin-e-thelle-te-pd-berisha-populist\\\/\"},\"wordCount\":1820,\"commentCount\":0,\"publisher\":{\"@id\":\"https:\\\/\\\/fjala.info\\\/2009-2015\\\/#organization\"},\"image\":{\"@id\":\"https:\\\/\\\/fjala.info\\\/2009-2015\\\/mustafaj-memorandum-per-reformimin-e-thelle-te-pd-berisha-populist\\\/#primaryimage\"},\"thumbnailUrl\":\"http:\\\/\\\/fjala.shkoder.net\\\/wp-content\\\/uploads\\\/2011\\\/02\\\/besnik_mustafaj-300x219.jpg\",\"articleSection\":[\"Artikuj\"],\"inLanguage\":\"sq-AL\",\"potentialAction\":[{\"@type\":\"CommentAction\",\"name\":\"Comment\",\"target\":[\"https:\\\/\\\/fjala.info\\\/2009-2015\\\/mustafaj-memorandum-per-reformimin-e-thelle-te-pd-berisha-populist\\\/#respond\"]}]},{\"@type\":\"WebPage\",\"@id\":\"https:\\\/\\\/fjala.info\\\/2009-2015\\\/mustafaj-memorandum-per-reformimin-e-thelle-te-pd-berisha-populist\\\/\",\"url\":\"https:\\\/\\\/fjala.info\\\/2009-2015\\\/mustafaj-memorandum-per-reformimin-e-thelle-te-pd-berisha-populist\\\/\",\"name\":\"Mustafaj, memorandum p\u00ebr reformimin e thell\u00eb t\u00eb PD: Berisha populist - FjALA e LIR\u00cb - Arkivi\",\"isPartOf\":{\"@id\":\"https:\\\/\\\/fjala.info\\\/2009-2015\\\/#website\"},\"primaryImageOfPage\":{\"@id\":\"https:\\\/\\\/fjala.info\\\/2009-2015\\\/mustafaj-memorandum-per-reformimin-e-thelle-te-pd-berisha-populist\\\/#primaryimage\"},\"image\":{\"@id\":\"https:\\\/\\\/fjala.info\\\/2009-2015\\\/mustafaj-memorandum-per-reformimin-e-thelle-te-pd-berisha-populist\\\/#primaryimage\"},\"thumbnailUrl\":\"http:\\\/\\\/fjala.shkoder.net\\\/wp-content\\\/uploads\\\/2011\\\/02\\\/besnik_mustafaj-300x219.jpg\",\"datePublished\":\"2011-02-07T10:12:00+00:00\",\"breadcrumb\":{\"@id\":\"https:\\\/\\\/fjala.info\\\/2009-2015\\\/mustafaj-memorandum-per-reformimin-e-thelle-te-pd-berisha-populist\\\/#breadcrumb\"},\"inLanguage\":\"sq-AL\",\"potentialAction\":[{\"@type\":\"ReadAction\",\"target\":[\"https:\\\/\\\/fjala.info\\\/2009-2015\\\/mustafaj-memorandum-per-reformimin-e-thelle-te-pd-berisha-populist\\\/\"]}]},{\"@type\":\"ImageObject\",\"inLanguage\":\"sq-AL\",\"@id\":\"https:\\\/\\\/fjala.info\\\/2009-2015\\\/mustafaj-memorandum-per-reformimin-e-thelle-te-pd-berisha-populist\\\/#primaryimage\",\"url\":\"http:\\\/\\\/fjala.shkoder.net\\\/wp-content\\\/uploads\\\/2011\\\/02\\\/besnik_mustafaj-300x219.jpg\",\"contentUrl\":\"http:\\\/\\\/fjala.shkoder.net\\\/wp-content\\\/uploads\\\/2011\\\/02\\\/besnik_mustafaj-300x219.jpg\"},{\"@type\":\"BreadcrumbList\",\"@id\":\"https:\\\/\\\/fjala.info\\\/2009-2015\\\/mustafaj-memorandum-per-reformimin-e-thelle-te-pd-berisha-populist\\\/#breadcrumb\",\"itemListElement\":[{\"@type\":\"ListItem\",\"position\":1,\"name\":\"Home\",\"item\":\"https:\\\/\\\/fjala.info\\\/2009-2015\\\/\"},{\"@type\":\"ListItem\",\"position\":2,\"name\":\"Mustafaj, memorandum p\u00ebr reformimin e thell\u00eb t\u00eb PD: Berisha populist\"}]},{\"@type\":\"WebSite\",\"@id\":\"https:\\\/\\\/fjala.info\\\/2009-2015\\\/#website\",\"url\":\"https:\\\/\\\/fjala.info\\\/2009-2015\\\/\",\"name\":\"FjALA e LIR\u00cb - Arkivi\",\"description\":\"Arkivi 2009-2015\",\"publisher\":{\"@id\":\"https:\\\/\\\/fjala.info\\\/2009-2015\\\/#organization\"},\"potentialAction\":[{\"@type\":\"SearchAction\",\"target\":{\"@type\":\"EntryPoint\",\"urlTemplate\":\"https:\\\/\\\/fjala.info\\\/2009-2015\\\/?s={search_term_string}\"},\"query-input\":{\"@type\":\"PropertyValueSpecification\",\"valueRequired\":true,\"valueName\":\"search_term_string\"}}],\"inLanguage\":\"sq-AL\"},{\"@type\":\"Organization\",\"@id\":\"https:\\\/\\\/fjala.info\\\/2009-2015\\\/#organization\",\"name\":\"FjALA e LIR\u00cb - Arkivi\",\"url\":\"https:\\\/\\\/fjala.info\\\/2009-2015\\\/\",\"logo\":{\"@type\":\"ImageObject\",\"inLanguage\":\"sq-AL\",\"@id\":\"https:\\\/\\\/fjala.info\\\/2009-2015\\\/#\\\/schema\\\/logo\\\/image\\\/\",\"url\":\"\",\"contentUrl\":\"\",\"caption\":\"FjALA e LIR\u00cb - Arkivi\"},\"image\":{\"@id\":\"https:\\\/\\\/fjala.info\\\/2009-2015\\\/#\\\/schema\\\/logo\\\/image\\\/\"}},{\"@type\":\"Person\",\"@id\":\"https:\\\/\\\/fjala.info\\\/2009-2015\\\/#\\\/schema\\\/person\\\/3aa1163ef05469c496fc94e77611ada2\",\"name\":\"admin\",\"image\":{\"@type\":\"ImageObject\",\"inLanguage\":\"sq-AL\",\"@id\":\"https:\\\/\\\/fjala.info\\\/2009-2015\\\/wp-content\\\/uploads\\\/2012\\\/02\\\/arben_cokaj-120x150.jpg\",\"url\":\"https:\\\/\\\/fjala.info\\\/2009-2015\\\/wp-content\\\/uploads\\\/2012\\\/02\\\/arben_cokaj-120x150.jpg\",\"contentUrl\":\"https:\\\/\\\/fjala.info\\\/2009-2015\\\/wp-content\\\/uploads\\\/2012\\\/02\\\/arben_cokaj-120x150.jpg\",\"caption\":\"admin\"},\"description\":\"Admin, Fjala e Lir\u00eb\",\"sameAs\":[\"https:\\\/\\\/fjala.info\\\/\"],\"url\":\"https:\\\/\\\/fjala.info\\\/2009-2015\\\/author\\\/admin\\\/\"}]}<\/script>\n<!-- \/ Yoast SEO plugin. -->","yoast_head_json":{"title":"Mustafaj, memorandum p\u00ebr reformimin e thell\u00eb t\u00eb PD: Berisha populist - FjALA e LIR\u00cb - Arkivi","robots":{"index":"index","follow":"follow","max-snippet":"max-snippet:-1","max-image-preview":"max-image-preview:large","max-video-preview":"max-video-preview:-1"},"canonical":"https:\/\/fjala.info\/2009-2015\/mustafaj-memorandum-per-reformimin-e-thelle-te-pd-berisha-populist\/","og_locale":"sq_AL","og_type":"article","og_title":"Mustafaj, memorandum p\u00ebr reformimin e thell\u00eb t\u00eb PD: Berisha populist - FjALA e LIR\u00cb - Arkivi","og_description":"K\u00ebshilli Komb\u00ebtar i PD-s\u00eb hedh posht\u00eb nj\u00eb memorandum t\u00eb propozuar ish-ministri i Jasht\u00ebm, Besnik Mustafaj, p\u00ebr reformimin e thell\u00eb t\u00eb partis\u00eb dhe zhvillimin sa m\u00eb shpejt t\u00eb zgjedhjeve p\u00ebr strukturat drejtuese. N\u00eb mbledhjen e djeshme, Mustafaj lexoi dokumentin, i cili u p\u00ebrkrah n\u00eb disa pika nga kryeministri Berisha, nd\u00ebrsa p\u00ebr zgjedhjet e forumeve, kreu i [&hellip;]","og_url":"https:\/\/fjala.info\/2009-2015\/mustafaj-memorandum-per-reformimin-e-thelle-te-pd-berisha-populist\/","og_site_name":"FjALA e LIR\u00cb - Arkivi","article_published_time":"2011-02-07T10:12:00+00:00","og_image":[{"url":"http:\/\/fjala.shkoder.net\/wp-content\/uploads\/2011\/02\/besnik_mustafaj-300x219.jpg","type":"","width":"","height":""}],"author":"admin","twitter_card":"summary_large_image","twitter_misc":{"Written by":"admin","Est. reading time":"9 minutes"},"schema":{"@context":"https:\/\/schema.org","@graph":[{"@type":"Article","@id":"https:\/\/fjala.info\/2009-2015\/mustafaj-memorandum-per-reformimin-e-thelle-te-pd-berisha-populist\/#article","isPartOf":{"@id":"https:\/\/fjala.info\/2009-2015\/mustafaj-memorandum-per-reformimin-e-thelle-te-pd-berisha-populist\/"},"author":{"name":"admin","@id":"https:\/\/fjala.info\/2009-2015\/#\/schema\/person\/3aa1163ef05469c496fc94e77611ada2"},"headline":"Mustafaj, memorandum p\u00ebr reformimin e thell\u00eb t\u00eb PD: Berisha populist","datePublished":"2011-02-07T10:12:00+00:00","mainEntityOfPage":{"@id":"https:\/\/fjala.info\/2009-2015\/mustafaj-memorandum-per-reformimin-e-thelle-te-pd-berisha-populist\/"},"wordCount":1820,"commentCount":0,"publisher":{"@id":"https:\/\/fjala.info\/2009-2015\/#organization"},"image":{"@id":"https:\/\/fjala.info\/2009-2015\/mustafaj-memorandum-per-reformimin-e-thelle-te-pd-berisha-populist\/#primaryimage"},"thumbnailUrl":"http:\/\/fjala.shkoder.net\/wp-content\/uploads\/2011\/02\/besnik_mustafaj-300x219.jpg","articleSection":["Artikuj"],"inLanguage":"sq-AL","potentialAction":[{"@type":"CommentAction","name":"Comment","target":["https:\/\/fjala.info\/2009-2015\/mustafaj-memorandum-per-reformimin-e-thelle-te-pd-berisha-populist\/#respond"]}]},{"@type":"WebPage","@id":"https:\/\/fjala.info\/2009-2015\/mustafaj-memorandum-per-reformimin-e-thelle-te-pd-berisha-populist\/","url":"https:\/\/fjala.info\/2009-2015\/mustafaj-memorandum-per-reformimin-e-thelle-te-pd-berisha-populist\/","name":"Mustafaj, memorandum p\u00ebr reformimin e thell\u00eb t\u00eb PD: Berisha populist - FjALA e LIR\u00cb - Arkivi","isPartOf":{"@id":"https:\/\/fjala.info\/2009-2015\/#website"},"primaryImageOfPage":{"@id":"https:\/\/fjala.info\/2009-2015\/mustafaj-memorandum-per-reformimin-e-thelle-te-pd-berisha-populist\/#primaryimage"},"image":{"@id":"https:\/\/fjala.info\/2009-2015\/mustafaj-memorandum-per-reformimin-e-thelle-te-pd-berisha-populist\/#primaryimage"},"thumbnailUrl":"http:\/\/fjala.shkoder.net\/wp-content\/uploads\/2011\/02\/besnik_mustafaj-300x219.jpg","datePublished":"2011-02-07T10:12:00+00:00","breadcrumb":{"@id":"https:\/\/fjala.info\/2009-2015\/mustafaj-memorandum-per-reformimin-e-thelle-te-pd-berisha-populist\/#breadcrumb"},"inLanguage":"sq-AL","potentialAction":[{"@type":"ReadAction","target":["https:\/\/fjala.info\/2009-2015\/mustafaj-memorandum-per-reformimin-e-thelle-te-pd-berisha-populist\/"]}]},{"@type":"ImageObject","inLanguage":"sq-AL","@id":"https:\/\/fjala.info\/2009-2015\/mustafaj-memorandum-per-reformimin-e-thelle-te-pd-berisha-populist\/#primaryimage","url":"http:\/\/fjala.shkoder.net\/wp-content\/uploads\/2011\/02\/besnik_mustafaj-300x219.jpg","contentUrl":"http:\/\/fjala.shkoder.net\/wp-content\/uploads\/2011\/02\/besnik_mustafaj-300x219.jpg"},{"@type":"BreadcrumbList","@id":"https:\/\/fjala.info\/2009-2015\/mustafaj-memorandum-per-reformimin-e-thelle-te-pd-berisha-populist\/#breadcrumb","itemListElement":[{"@type":"ListItem","position":1,"name":"Home","item":"https:\/\/fjala.info\/2009-2015\/"},{"@type":"ListItem","position":2,"name":"Mustafaj, memorandum p\u00ebr reformimin e thell\u00eb t\u00eb PD: Berisha populist"}]},{"@type":"WebSite","@id":"https:\/\/fjala.info\/2009-2015\/#website","url":"https:\/\/fjala.info\/2009-2015\/","name":"FjALA e LIR\u00cb - Arkivi","description":"Arkivi 2009-2015","publisher":{"@id":"https:\/\/fjala.info\/2009-2015\/#organization"},"potentialAction":[{"@type":"SearchAction","target":{"@type":"EntryPoint","urlTemplate":"https:\/\/fjala.info\/2009-2015\/?s={search_term_string}"},"query-input":{"@type":"PropertyValueSpecification","valueRequired":true,"valueName":"search_term_string"}}],"inLanguage":"sq-AL"},{"@type":"Organization","@id":"https:\/\/fjala.info\/2009-2015\/#organization","name":"FjALA e LIR\u00cb - Arkivi","url":"https:\/\/fjala.info\/2009-2015\/","logo":{"@type":"ImageObject","inLanguage":"sq-AL","@id":"https:\/\/fjala.info\/2009-2015\/#\/schema\/logo\/image\/","url":"","contentUrl":"","caption":"FjALA e LIR\u00cb - Arkivi"},"image":{"@id":"https:\/\/fjala.info\/2009-2015\/#\/schema\/logo\/image\/"}},{"@type":"Person","@id":"https:\/\/fjala.info\/2009-2015\/#\/schema\/person\/3aa1163ef05469c496fc94e77611ada2","name":"admin","image":{"@type":"ImageObject","inLanguage":"sq-AL","@id":"https:\/\/fjala.info\/2009-2015\/wp-content\/uploads\/2012\/02\/arben_cokaj-120x150.jpg","url":"https:\/\/fjala.info\/2009-2015\/wp-content\/uploads\/2012\/02\/arben_cokaj-120x150.jpg","contentUrl":"https:\/\/fjala.info\/2009-2015\/wp-content\/uploads\/2012\/02\/arben_cokaj-120x150.jpg","caption":"admin"},"description":"Admin, Fjala e Lir\u00eb","sameAs":["https:\/\/fjala.info\/"],"url":"https:\/\/fjala.info\/2009-2015\/author\/admin\/"}]}},"_links":{"self":[{"href":"https:\/\/fjala.info\/2009-2015\/wp-json\/wp\/v2\/posts\/6226","targetHints":{"allow":["GET"]}}],"collection":[{"href":"https:\/\/fjala.info\/2009-2015\/wp-json\/wp\/v2\/posts"}],"about":[{"href":"https:\/\/fjala.info\/2009-2015\/wp-json\/wp\/v2\/types\/post"}],"author":[{"embeddable":true,"href":"https:\/\/fjala.info\/2009-2015\/wp-json\/wp\/v2\/users\/1"}],"replies":[{"embeddable":true,"href":"https:\/\/fjala.info\/2009-2015\/wp-json\/wp\/v2\/comments?post=6226"}],"version-history":[{"count":0,"href":"https:\/\/fjala.info\/2009-2015\/wp-json\/wp\/v2\/posts\/6226\/revisions"}],"wp:attachment":[{"href":"https:\/\/fjala.info\/2009-2015\/wp-json\/wp\/v2\/media?parent=6226"}],"wp:term":[{"taxonomy":"category","embeddable":true,"href":"https:\/\/fjala.info\/2009-2015\/wp-json\/wp\/v2\/categories?post=6226"},{"taxonomy":"post_tag","embeddable":true,"href":"https:\/\/fjala.info\/2009-2015\/wp-json\/wp\/v2\/tags?post=6226"}],"curies":[{"name":"wp","href":"https:\/\/api.w.org\/{rel}","templated":true}]}}