{"id":6222,"date":"2011-02-07T10:22:40","date_gmt":"2011-02-07T09:22:40","guid":{"rendered":"http:\/\/fjala.shkoder.net\/?p=6222"},"modified":"2011-02-07T10:22:40","modified_gmt":"2011-02-07T09:22:40","slug":"bjerini-kokes-sa-seshte-bere-vone","status":"publish","type":"post","link":"https:\/\/fjala.info\/2009-2015\/bjerini-kokes-sa-seshte-bere-vone\/","title":{"rendered":"Bjerini kok\u00ebs, sa s\u2019\u00ebsht\u00eb b\u00ebr\u00eb von\u00eb&#8230;"},"content":{"rendered":"<p><img loading=\"lazy\" decoding=\"async\" class=\"alignleft size-full wp-image-6223\" title=\"Mustaf\u00eb Krasniqi\" src=\"http:\/\/fjala.shkoder.net\/wp-content\/uploads\/2011\/02\/mustafe_krasniqi.jpg\" alt=\"\" width=\"93\" height=\"139\" \/><br \/>\nNga <strong>Mustaf\u00eb Krasniqi<\/strong><\/p>\n<p>Ne q\u00eb pas luft\u00ebs e k\u00ebtej, disi sikur kemi qen\u00eb t\u00eb prirur t\u2019ia b\u00ebjm\u00eb vet\u00ebs pusin n\u00eb mes fush\u00ebs me lule, sikur kemi humbur toruan, n\u00eb vend se t\u00eb ecim rrug\u00ebs s\u00eb nd\u00ebrgjegjes, e t\u00eb respektonim nj\u00ebrit-tjetrin. Ne, gjat\u00eb k\u00ebsaj rruge, u b\u00ebm\u00eb ujq, q\u00eb ta ham\u00eb nj\u00ebri-tjetrin, nd\u00ebrkoh\u00eb q\u00eb t\u00eb tjer\u00ebt na hanin dhe po na han\u00eb si ujkonjat dhe shtihen para bot\u00ebs demokratike si engj\u00ebj.<\/p>\n<p>Vall\u00eb, \u00e7&#8217;po ndodh me kombin ton\u00eb!? Ne, sikur kemi harruar \u00e7do gj\u00eb, sikur \u00e7do gj\u00eb dhe ajo m\u00eb tragjikja q\u00eb i ka ndodhur kombit n\u00ebp\u00ebr periudha t\u00eb ndryshme, na \u00ebsht\u00eb shlyer nga memoria, sikur jemi b\u00ebr\u00eb t\u00eb \u00e7artur, e qesharak\u00eb, sikur mbi fatin ton\u00eb krijohen idhuj, e ato desh\u00ebm apo s\u2019desh\u00ebm duhet pranuar. Si kur kemi harruar fushat e lara, e t\u00eb st\u00ebrlara me gjakun e d\u00ebshmor\u00ebve edhe t\u00eb pleqve, grave e f\u00ebmij\u00ebve, po edhe t\u00eb atyre f\u00ebmij\u00ebve q\u00eb nuk pat\u00ebn mund\u00ebsi t\u00eb dalin nga barku i n\u00ebn\u00ebs, q\u00eb ende pa e par\u00eb drit\u00ebn e k\u00ebsaj bote, p\u00ebsuan nga thikat e xhelat\u00ebve, greko-serbosllav, n\u00ebp\u00ebr periudha t\u00eb ndryshme.<\/p>\n<p><img loading=\"lazy\" decoding=\"async\" class=\"alignright size-full wp-image-6224\" title=\"politika_politikanet\" src=\"http:\/\/fjala.shkoder.net\/wp-content\/uploads\/2011\/02\/politika_politikanet.jpg\" alt=\"\" width=\"170\" height=\"201\" \/><\/p>\n<p>Madje, pas luft\u00ebs s\u00eb lavdishme t\u00eb U\u00c7K-s\u00eb, sidomos gjat\u00eb vitit t\u00eb kaluar dhe fillimit t\u00eb k\u00ebtij viti u thur\u00ebn shum\u00eb situata t\u00eb pak\u00ebndshme p\u00ebr popullin shqiptar n\u00eb p\u00ebrgjith\u00ebsi, duke filluar q\u00eb nga Enciklopedia shovene maqedone, Raporti i Dik Martit, zgjedhjet 12 dhjetorin, e deri te demonstrata e k\u00ebtij viti, n\u00eb Shqip\u00ebri, q\u00eb p\u00ebsuan me vrasjen e tre vetave, e plagosjen e shum\u00eb demonstruesve t\u00eb tjer\u00eb. Po n\u00eb k\u00ebto dit\u00eb edhe nga Maqedonia dol\u00ebn z\u00ebra t\u00eb p\u00ebrvajsh\u00ebm, sulm mbi monumentet e lashta historike shqiptare, madje Enciklopedia nuk u harrua; tash m\u00eb ajo po zbatohej n\u00eb praktik\u00eb. Si mbi kalan\u00eb e Shkupit dhe mbi trojet e shqipes s\u00eb vjet\u00ebr po rr\u00ebnohet gjith\u00e7ka shqiptare, e po nd\u00ebrtohen dhe ngrit\u00ebn kisha, p\u00ebrmendore sllave, me t\u00eb vetmin q\u00ebllim q\u00eb shqiptar\u00ebt t\u2019i trajtojn\u00eb si ardhacak\u00eb e t\u00eb pakultur\u00eb, sikur dikur politika fashiste Greke, q\u00eb b\u00ebri mbi \u00c7am\u00ebt.<\/p>\n<p>N\u00eb k\u00ebt\u00eb v\u00ebshtrim do t\u00eb ndalem n\u00eb tri \u00e7\u00ebshtje themelore q\u00eb po p\u00ebrballet kombi yn\u00eb n\u00eb p\u00ebrgjith\u00ebsi, si:<\/p>\n<p>1. Maqedonasit p\u00ebrmes Enciklopedis\u00eb provokuan dhe i testuan shqiptar\u00ebt se sa jan\u00eb t\u00eb preksh\u00ebm ndaj k\u00ebtij provokimi, gj\u00eb q\u00eb shfryt\u00ebzuan situat\u00ebn dhe gjet\u00ebn rrug\u00ebn e hapur, at\u00ebher\u00eb kur shqiptar\u00ebt n\u00eb mes vete ishin b\u00ebr\u00eb si ujq t\u00eb uritur, madje edhe kishin harruar se k\u00eb e p\u00ebrfaq\u00ebsojn\u00eb. Testi q\u00eb b\u00ebri Akademia e Shkencave e Maqedonis\u00eb, e ushqyer me ndjenjat kriminale nga programi fam\u00ebkeq i kriminelit Serb, Vaso \u00c7ubralloviqit, arriti q\u00ebllimin e vet t\u00eb ndihmuar nga makineria politike e Maqedonis\u00eb, gj\u00eb q\u00eb kinse kjo e fundit e ndaloi botimin, por p\u00ebrkund\u00ebr k\u00ebsaj g\u00ebnjeshtre, kjo politik\u00eb i dha nj\u00eb shtytje k\u00ebsaj Akademie q\u00eb ta arrij\u00eb efektin e saj n\u00eb heshtje.<\/p>\n<p>P\u00ebr keqardhje, n\u00eb k\u00ebt\u00eb rast faktori shqiptar, kudoqofshin, e h\u00ebngr\u00ebn k\u00ebt\u00eb g\u00ebnjesht\u00ebr dhe pothuajse kaloi n\u00eb heshtje, p\u00ebrpos disa shkrimeve t\u00eb shkap\u00ebrderdhura, apo ndonj\u00eb kritik\u00eb t\u00eb ndonj\u00eb politikani e analisti. Kjo \u00e7\u00ebshtje nuk u mor si serioze nga faktori shqiptar, sepse ky faktor nuk kishin koh\u00eb p\u00ebr k\u00ebto \u00e7\u00ebshtje madhore, sepse kishin t\u00eb b\u00ebnin luft\u00eb n\u00eb mes vete, madje shkonin duke fyer nj\u00ebrin-tjetrin, se ti je ky&#8230;, apo ai&#8230; kurse politika fashiste e Maqedonis\u00eb fare nuk ndiente ndonj\u00eb trembje, edhe pse faktor kryesor shtetformues jan\u00eb shqiptar\u00ebt.<\/p>\n<p>Nd\u00ebrsa, kur flasim p\u00ebr Raportin e shum\u00ebp\u00ebrfolur t\u00eb Dik Martit, shoh nj\u00eb papjekuri tek faktori shqiptar i cili i dha nj\u00eb r\u00ebnd\u00ebsi t\u00eb tep\u00ebrt dhe nuk u mor me problemin q\u00eb ta studionte me nj\u00eb urt\u00ebsi, por t\u00eb nxituar e t\u00eb pastudiuar mir\u00eb i dhan\u00eb nj\u00eb flak\u00eb m\u00eb t\u00eb madhe q\u00eb ajo ta merrte dhen\u00eb dhe t\u00eb b\u00ebhet si nj\u00eb faktor ky\u00e7 p\u00ebr situatat e ardhshme t\u00eb Shqiptar\u00ebve. E, realisht, ky raport ishte dhe mbeti si pasoj\u00eb e vet\u00eb elit\u00ebs shqiptare, e cila me koh\u00eb nuk ia kishte nd\u00ebrprer\u00eb hovin, por i kishte l\u00ebn\u00eb hap\u00ebsir\u00eb q\u00eb t\u00eb dal\u00eb n\u00eb sken\u00eb mu n\u00eb periudh\u00ebn e parazgjedhjeve t\u00eb 12 dhjetorit, me q\u00ebllim q\u00eb p\u00ebrmes k\u00ebtij Raporti t\u00eb fus\u00eb nd\u00ebr shqiptar\u00ebt nj\u00eb p\u00ebr\u00e7arje t\u00eb re.<\/p>\n<p>Faktikisht zgjedhje e 12 dhjetorit t\u00eb udh\u00ebhequra nga vet shqiptar\u00ebt, nuk ishin brenda standardeve Evropiane, por dhe jo ashtu si\u00e7 pretendonte dikush dhe politika Serbe, q\u00eb kjo e fundit e shfryt\u00ebzoi k\u00ebt\u00eb si argument, se gjoja shqiptar\u00ebt nuk jan\u00eb t\u00eb aft\u00eb t\u00eb b\u00ebjn\u00eb,apo t\u00eb udh\u00ebheqin shtet. K\u00ebta dy faktor\u00eb, si raporti dhe zgjedhjet u vu n\u00eb dilema tek shtetet q\u00eb nuk e kishin njohur shtetin e republik\u00ebs s\u00eb Kosov\u00ebs, madje edhe n\u00eb munges\u00eb t\u00eb nj\u00eb plani strategjik shqiptar, po ashtu edhe miq\u00ebsia e vjet\u00ebr me shtetin kriminal t\u00eb Serbis\u00eb, disa shtete e kan\u00eb v\u00ebshtir\u00eb ta kuptojn\u00eb realitetin si duhet, sepse nj\u00eb strategji e re jasht\u00eb asaj strategjie q\u00eb u kan\u00eb afruar Serb\u00ebt, ende nuk kan\u00eb, apo e kan\u00eb si t\u00eb d\u00ebgjuar.<\/p>\n<p>N\u00eb fakt p\u00ebr Dik Martin dhe politik\u00ebn serbe nuk do t\u00eb \u00e7oj\u00eb pesh\u00eb, se a \u00ebsht\u00eb reale apo i shpifur ky raport, por si synim kishin q\u00ebllimin q\u00eb p\u00ebrmes k\u00ebtij raporti fam\u00ebkeq t\u00eb p\u00ebrfitoj\u00eb n\u00eb koh\u00eb deri n\u00eb nj\u00eb plan tjet\u00ebr. E ne, desh\u00ebm apo s\u2019desh\u00ebm, ky raport ka ndikuar p\u00ebr t\u00eb keq n\u00eb imazhin e kombit shqiptar. Madje edhe vet\u00eb ne i frym\u00eb k\u00ebtij zjarri duke e akuzuar vetveten p\u00ebr vjedhje dhe mos respektim t\u00eb zgjedhjeve deri na at\u00eb mas sa edhe vet\u00eb nd\u00ebrkomb\u00ebtar\u00ebt nuk besonin, se si mund t\u00eb ndodh\u00eb kjo ta vjedh\u00eb vetveten dhe t\u00eb dal\u00eb e t\u00eb thot\u00eb me miliona t\u00eb zeza p\u00ebr veten, q\u00eb si\u00e7 thot\u00eb populli: \u201cp\u00ebshtyj p\u00ebrpjet\u00eb, p\u00ebshtyma prap\u00eb t\u00eb bie syve\u201d. Zgjedhjet ishin apo nuk ishin t\u00eb mira, kjo nuk do t\u00eb kishte qen\u00eb e udh\u00ebs nga faktori politiko-partiak, n\u00eb k\u00ebt\u00eb koh\u00eb, apo m\u00eb mir\u00eb t\u00eb themi q\u00eb n\u00eb hapat e par\u00eb t\u00eb njollosim, me p\u00ebrshtypjen se shqiptar\u00ebt nuk din\u00eb pa t\u00eb huajt t\u00eb udh\u00ebheqin shtet.<\/p>\n<p>Kjo \u00ebsht\u00eb p\u00ebr t\u2019u ardhur keq nga disa parti, q\u00eb ishin z\u00ebdh\u00ebn\u00ebse t\u00eb popullit gjat\u00eb luft\u00ebs s\u00eb U\u00c7K-s\u00eb, si edhe nga ato parti, q\u00eb n\u00eb em\u00ebr t\u00eb bashkimit arrit\u00ebn t\u00eb hynin n\u00eb parlamentin e Kosov\u00ebs. E sa i p\u00ebrket LDK-s\u00eb dhe udh\u00ebheq\u00ebsve t\u00eb saj m\u00eb s\u00eb mir\u00eb flet e kaluara, jo fort moti, nga ta nuk do t\u00eb ishte e \u00e7uditshme n\u00ebse do t\u00eb krijohen k\u00ebto mosqart\u00ebsime, sepse q\u00eb nga titizmi e deri m\u00eb sot ata ishin dhe mbet\u00ebn frym\u00ebzuesit e denj\u00eb t\u00eb idealit p\u00ebr \u201cbashkim-V\u00ebllaz\u00ebrimin\u201d, duke mos i p\u00ebrfshir\u00eb n\u00eb k\u00ebt\u00eb ideal t\u00eb turpit nj\u00eb pjes\u00eb t\u00eb madhe t\u00eb an\u00ebtar\u00ebsis\u00eb s\u00eb saj.<\/p>\n<p>Shtrohet pyetja, e pse ne, Shqiptar\u00ebt, nuk u b\u00ebm\u00eb t\u00eb men\u00e7ur n\u00eb k\u00ebto zgjedhje dhe n\u00eb an\u00ebn tjet\u00ebr ta shfryt\u00ebzojm\u00eb rastin p\u00ebr t\u00eb gjetur nj\u00eb Dik Mart, t\u00eb llojit t\u00eb tij, q\u00eb t\u00eb marr\u00eb p\u00ebrsip\u00ebr nj\u00eb \u00e7\u00ebshtje t\u00eb natyr\u00ebs s\u00eb r\u00ebnd\u00ebsishme rreth gjenocidit dhe t\u00eb ngrehim nj\u00eb raport kund\u00ebr k\u00ebtij gjenocidi, kur dihej se p\u00ebr k\u00ebt\u00eb gjenocid shqiptar\u00ebt kan\u00eb me miliona e miliona argumente t\u00eb dokumentuar, q\u00eb gjenocid ka pasur dhe \u00ebsht\u00eb ushtruar mbi popullat\u00ebn e pambrojtur, nga politika fashiste Serbe e si ajo Greke.<\/p>\n<p>2. Etja p\u00ebr pushtet u shtua dhe mori nj\u00eb rrug\u00eb t\u00eb tmerrshme n\u00eb mes figurave qendrore t\u00eb dala nga U\u00c7K-ja, dhe n\u00eb an\u00ebn tjet\u00ebr forcat titiste, t\u00eb cil\u00ebt me nj\u00eb politik\u00eb t\u00eb pist\u00eb filluan t\u00eb ngjiten dhe t\u00eb fut\u00ebn n\u00ebp\u00ebr parti duke krijuar p\u00ebr\u00e7arje, madje edhe duke i denoncuar n\u00eb m\u00ebnyr\u00eb t\u00eb fshehur figurat e U\u00c7K-s\u00eb, si\u00e7 ishte edhe rasti i Raporti dh\u00ebn\u00eb nga LDK-ja, Inteligjenc\u00ebs amerikane t\u00eb KFOR-it n\u00eb vitin 2004. Q\u00eb sipas Radio Kosov\u00ebs s\u00eb Lir\u00eb k\u00ebt\u00eb raport e posedon edhe \u201cKoha Ditore\u201d.<\/p>\n<p>Thjesht me k\u00ebt\u00eb u injorua forca m\u00eb frytdh\u00ebn\u00ebsja q\u00eb mbajti gjall\u00eb \u00e7\u00ebshtjen komb\u00ebtare, ish- t\u00eb burgosurit, d\u00ebshmor\u00ebt e kombit, madje \u00e7\u00ebshtja e Mitrovic\u00ebs, bashkimi i forcave atdhetare dhe vet\u00eb figura emblematike e kombit, Adem Dema\u00e7i. Me k\u00ebt\u00eb u anashkalua vullneti p\u00ebr ta nd\u00ebrtuar Kosov\u00ebn sipas parimit t\u00eb sh\u00ebndosh\u00eb, pa korrupsion, mashtrime, pa probleme sociale e t\u00eb pun\u00ebsimit. U anashkalua mendimi i paraluft\u00ebs, se po t\u00eb \u00e7lirohemi nga pushtuesi shekullor, popullit do t\u2019ia kthejm\u00eb k\u00ebng\u00ebn, g\u00ebzimin, k\u00ebnaq\u00ebsin\u00eb dhe do ta ngush\u00ebllojm\u00eb p\u00ebr humbjen e m\u00eb t\u00eb dashurve t\u00eb tyre, me shpres\u00ebn p\u00ebr t\u00eb jetuar t\u00eb lir\u00eb dhe p\u00ebr t\u2019i p\u00ebrkujtuar n\u00eb nj\u00eb Kosov\u00eb t\u00eb lir\u00eb n\u00eb rrug\u00ebn e bashkimit me Shqip\u00ebrin\u00eb, me nj\u00eb Kosov\u00eb me t\u00eb gjitha kushtet e plot\u00ebsuara, apo me p\u00ebrpjekjet e sinqerta p\u00ebr plot\u00ebsimin e k\u00ebtyre kushteve.<\/p>\n<p>3. P\u00ebr fat t\u00eb keq, sikur rrjedhja e situat\u00ebs n\u00eb trojet shqiptare \u00ebsht\u00eb e sinkronizuar nga nj\u00eb dor\u00eb e fuqishme q\u00eb t\u00eb ndodhin k\u00ebto ngjarje t\u00eb tmerrshme dhe t\u00eb pad\u00ebshiruara p\u00ebr popullin shqiptar. Dikur n\u00eb nj\u00eb pjes\u00eb t\u00eb Kosov\u00ebs b\u00ebhej luft\u00eb dhe diku n\u00eb pjes\u00ebn tjet\u00ebr k\u00ebndohej e pihej n\u00ebp\u00ebr \u00e7ajtore, madje n\u00eb Shqip\u00ebri, sikur dikush, padashur ta em\u00ebrtoj, e furnizonte armikun e p\u00ebrbetuar me derivate t\u00eb naft\u00ebs dhe me informacione t\u00eb ndryshme kund\u00ebr pjes\u00ebs s\u00eb popullat\u00ebs q\u00eb p\u00ebrp\u00ebliteshin p\u00ebr vdekje a jet\u00eb. Po ashtu t\u00eb sinkronizuar edhe k\u00ebto dit\u00eb, kur Kosova kishte nevoj\u00eb p\u00ebr Shqip\u00ebrin\u00eb, elita e saj politike si e eg\u00ebr p\u00ebr\u00e7arje n\u00eb mes vete dhe nj\u00eb d\u00ebshmi p\u00ebr opinionin nd\u00ebrkomb\u00ebtar se shqiptar\u00ebt kan\u00eb n\u00eb kok\u00eb bajraktarizmin, primitivizmin dhe asgj\u00eb m\u00eb shum\u00eb.<\/p>\n<p>Sot kur akuzohet t\u00ebr\u00eb nj\u00eb komb nga njeriu fam\u00ebkeq, Dik Marti, p\u00ebrmes armikut shekullor t\u00eb shqiptar\u00ebve, Serbin\u00eb, Shqip\u00ebria u hodh n\u00eb demonstrata t\u00eb p\u00ebrgjakshme dhe me nj\u00eb kok\u00ebfort\u00ebsi t\u00eb liderizmit t\u00eb saj, naiv, karrierist dhe antikomb\u00ebtar vazhdojn\u00eb q\u00eb ta tensionojn\u00eb situat\u00ebn edhe m\u00eb tutje, n\u00eb em\u00ebr t\u00eb posht\u00ebrsis\u00eb s\u00eb tyre morale dhe jonjer\u00ebzore.<\/p>\n<p>4. Sipas rrethanave q\u00eb po i ndodh popullit t\u00eb pafat, nga liderizmi i tyre ka nj\u00eb em\u00ebr, e ai em\u00ebr \u00ebsht\u00eb tek p\u00ebrfaq\u00ebsuesit politik e partiak t\u00eb t\u00eb gjitha partive qofshin edhe n\u00eb num\u00ebr t\u00eb vog\u00ebl, Turp-turp!<\/p>\n<p>Ky turp n\u00ebse nuk kuptohet me koh\u00eb, ne si komb do t\u00eb p\u00ebrgjakemi prap\u00eb, por k\u00ebsaj radhe nga mosp\u00ebrgjegj\u00ebsia e atyre q\u00eb i kemi zgjedhur vet p\u00ebr t\u00eb na udh\u00ebhequr. P\u00ebr t\u2019i shp\u00ebtuar k\u00ebtij turpi, edhe pse von\u00eb, do t\u00eb ishte mir\u00eb q\u00eb forcat politike t\u00eb vet\u00ebdijesohen dhe t\u00eb flasin me nj\u00eb em\u00ebr p\u00ebr problemet komb\u00ebtare, si\u00e7 \u00ebsht\u00eb rasti me Maqedonin\u00eb, q\u00eb n\u00eb \u00e7do hap po tentohet t\u2019i humben gjurm\u00ebt e kombit t\u00eb vjet\u00ebr Shqiptar, madje i \u00c7am\u00ebris\u00eb, i Lugin\u00ebs s\u00eb Preshev\u00ebs, Ulqinin dhe t\u00eb Mitrovic\u00ebs.<\/p>\n<p>P\u00ebr k\u00ebt\u00eb n\u00eb k\u00ebto dit\u00eb n\u00eb Kosov\u00eb po b\u00ebhej luft\u00eb p\u00ebr krijimin e Qeveris\u00eb s\u00eb Republik\u00ebs s\u00eb Kosov\u00ebs, dhe nj\u00ebkoh\u00ebsisht nga ana e nd\u00ebrkomb\u00ebtar\u00ebve, sipas raportit t\u00eb Dik Martit, burgosjen e ushtar\u00ebve t\u00eb U\u00c7K-s\u00eb. K\u00ebto dy q\u00ebllime aq t\u00eb r\u00ebnd\u00ebsishme p\u00ebr fatin e m\u00ebtutjeshme t\u00eb popullit shqiptar, disi po frym\u00ebzohen p\u00ebr t\u00eb mos u realizuar q\u00ebllimi madhor i formimit t\u00eb Qeveris\u00eb, nd\u00ebrsa n\u00eb an\u00ebn tjet\u00ebr sikur dikush i g\u00ebzohet k\u00ebsaj burgosje.<\/p>\n<p>P\u00ebr fund, do t\u00eb ishte mir\u00eb q\u00eb Vet\u00ebvendosja, AAK dhe ca figura t\u00eb AKR-s\u00eb bashk\u00eb me PDK-n\u00eb, t\u00eb mendojn\u00eb p\u00ebr fatin e popullit, duke i l\u00ebn\u00eb m\u00ebnjan\u00eb teket dhe hidh\u00ebrimet, sepse sikur na \u00ebsht\u00eb ndar\u00eb Kosova n\u00eb Parcela, kujt i takon, ajo pjes\u00eb, apo kjo pjes\u00eb. Sikur kemi filluar ta frik\u00ebsojm\u00eb popullin, dhe t\u2019i besojm\u00eb vetvetes. Thjesht nga k\u00ebto parti kan\u00eb rrjedh\u00eb lumenjt\u00eb e gjakut p\u00ebr \u00e7lirimin e atdheut, e pik\u00ebrisht k\u00ebta njer\u00ebz q\u00eb jan\u00eb vendosur n\u00ebp\u00ebr k\u00ebto parti, duhet para partis\u00eb ta ken\u00eb at\u00eb ideal q\u00eb kishin gjat\u00eb luft\u00ebs, p\u00ebr ta shp\u00ebn\u00eb Kosov\u00ebn drejt rrug\u00ebs s\u00eb bashkimi t\u00eb kombit.<\/p>\n<p>Po nj\u00ebher\u00eb n\u00ebse kjo forc\u00eb do ta krijonin s\u00eb bashku Qeverin\u00eb e Kosov\u00ebs, besoj se do ta tremb p\u00ebrgjithmon\u00eb politiken Serbe. P\u00ebrgjithmon\u00eb do t\u2019i kishte mbyllur dyshimet se Kosova do t\u00eb cop\u00ebtohet prap\u00eb, nd\u00ebrsa me k\u00ebto p\u00ebr\u00e7arje k\u00ebto parti t\u00eb dala nga lufta dhe ato q\u00eb u krijuan n\u00eb em\u00ebr t\u00eb bashkimit komb\u00ebtar do t\u00eb bartin nj\u00eb p\u00ebrgjegj\u00ebsi morale, se nes\u00ebr p\u00ebrgjegj\u00ebsia do t\u2019u bie mbi t\u00eb gjith\u00eb spektrin politik.<\/p>\n<p>Po ashtu edhe n\u00eb Shqip\u00ebri, sot o kurr\u00eb intelektual\u00ebt e saj t\u00eb ndersh\u00ebm t\u00eb p\u00ebrkushtohen p\u00ebr qet\u00ebsimin e situat\u00ebs, sepse mjaft\u00eb i fut\u00ebm k\u00ebtij populli lepurin n\u00eb bark, mjaft e lig\u00ebsuam dhe i dham\u00eb njolla t\u00eb zeza n\u00eb bot\u00eb, gj\u00eb q\u00eb k\u00ebt\u00eb t\u00eb keqe populli shqiptar nuk e meriton.<\/p>\n<p>N\u00eb Maqedoni t\u00eb ngrihen t\u00eb gjith\u00eb lider\u00ebt e partive tok t\u00eb bashkuar dhe t\u00eb japin dor\u00ebheqje nga parlamenti fam\u00ebkeq Maqedon dhe nj\u00eb z\u00ebri n\u00eb zgjedhjet e mundshme t\u00eb parakohshme t\u00eb dalin me nj\u00eb z\u00eb t\u00eb bashkuar, sepse pa k\u00ebt\u00eb z\u00eb t\u00eb bashkimit kurr\u00eb p\u00ebr mot nuk trembet fashizmi Maqedon (fund\u00ebrrina Bullgare).<\/p>\n<p>Me k\u00ebt\u00eb sa shihet n\u00eb sken\u00ebn shqiptare, shqiptar\u00ebt dhe partit\u00eb e tyre, si n\u00eb Tiran\u00eb, Prishtin\u00eb dhe n\u00eb Maqedoni, jan\u00eb n\u00eb nj\u00eb gjendje t\u00eb mjerueshme politike, n\u00eb nj\u00eb udh\u00ebkryq t\u00eb rreziksh\u00ebm, q\u00eb e nes\u00ebrmja nuk do t\u00eb dihej se ku do t\u2019i shpjer\u00eb. At\u00ebher\u00eb p\u00ebr t\u2019i shp\u00ebtuar k\u00ebsaj t\u00eb keqe, k\u00ebta politikan\u00eb duhet ta tejkalojn\u00eb vet\u00ebn, t\u00eb merren me problemin,hallin e kombit, t\u00eb mos merren shum\u00eb me vetveten, po edhe t\u00eb mos mundohet n\u00eb em\u00ebr t\u00eb s\u00eb keqes t\u00eb fshihen. Apo edhe ta faj\u00ebsojm\u00eb Per\u00ebndimin, apo Serbin, sepse disa vende per\u00ebndimore ishin dhe mbeten pothuaj pak a shum\u00eb besnike t\u00eb Serbis\u00eb, meq\u00eb dor\u00ebn n\u00eb zem\u00ebr, koh\u00ebve t\u00eb fundit shihet interesimi q\u00eb problemi i politik\u00ebs shqiptare t\u00eb tejkalohet me urt\u00ebsi. Pra per\u00ebndimi duket se po b\u00ebn jo m\u00eb shum\u00eb se sa nj\u00eb p\u00ebrpjekje p\u00ebr t\u00eb qen\u00eb nj\u00eb aktor nd\u00ebrmjet\u00ebsues, por edhe jo faktor\u00eb dominues p\u00ebr problemet madhore t\u00eb shqiptar\u00ebve dhe vullnetit t\u00eb tyre. P\u00ebr k\u00ebt\u00eb nuk mund ta faj\u00ebsojm\u00eb Serbin\u00eb, sepse ajo i d\u00ebshiron k\u00ebto situata t\u00eb tilla t\u00eb pak\u00ebndshme nd\u00ebrshqiptare, p\u00ebr t\u2019i arritur q\u00ebllimet e veta.<\/p>\n<p>Andaj, shqiptar\u00ebt \u00ebsht\u00eb dashur t\u00eb mendojn\u00eb mir\u00eb, apo s\u00eb paku tashm\u00eb t\u00eb mendojn\u00eb p\u00ebr t\u00eb ardhmen e Kosov\u00ebs dhe rrjedhjen e saj politike. T\u00eb mos ket\u00eb bisedime me politik\u00ebn vijuese t\u00eb Milloshoviqit, q\u00eb udh\u00ebhiqet nga pasardh\u00ebsi i tij Boris Tadiqi, apo t\u00eb mos ket\u00eb bisedime derisa t\u00eb sqarohet raporti fam\u00ebkeq i Dik Martit, t\u00eb k\u00ebrkohet falje p\u00ebr gjenocidin q\u00eb e ka krijuar n\u00eb trojet shqiptare p\u00ebr afro nj\u00eb shekull dhe n\u00eb fund ta pranon shtetin e Kosov\u00ebs dhe gjenocidin e b\u00ebr\u00eb mbi popullat\u00ebn shqiptare.<\/p>\n<p>Po qe se politika rr\u00ebshqet dhe hyn n\u00eb bisedime \u00e7far\u00ebdo-qofshin ato, teknike, apo humane, shqiptar\u00ebt do t\u00eb humbasin nga ky bisedim dhe dashur a padashur, do t\u00eb pranojn\u00eb kompromise n\u00eb d\u00ebm t\u00eb \u00e7\u00ebshtjes komb\u00ebtare, q\u00eb do t\u00eb ishte e pafalshme. Me k\u00ebt\u00eb p\u00ebr t\u2019i dh\u00ebn\u00eb grushtin e fort\u00eb politik\u00ebs Serbe do t\u00eb ishte mir\u00eb q\u00eb partit\u00eb n\u00eb fjal\u00eb t\u00eb krijojn\u00eb nj\u00eb koalicion me n\u00eb krye njeriun e pathyer, t\u00eb \u00e7\u00ebshtjes komb\u00ebtare, humanistin, atdhetarin, apo legjend\u00ebn e gjall\u00eb Adem Dema\u00e7in, sepse ardhja e tij si kryetar shteti, do t\u2019i b\u00ebnte nder kombit n\u00eb t\u00ebr\u00ebsi dhe Republik\u00ebs s\u00eb Kosov\u00ebs n\u00eb ve\u00e7anti.<\/p>\n<p>E p\u00ebr k\u00ebt\u00eb zot\u00ebrinj t\u00eb politik\u00ebs, t\u00eb shoqatave jopolitike dhe partive shqiptare t\u00eb Shqip\u00ebris\u00eb, Kosov\u00ebs dhe t\u00eb Maqedonis\u00eb, bjerini kok\u00ebs sa s\u2019\u00ebsht\u00eb b\u00ebr\u00eb von\u00eb, se kur t\u00eb b\u00ebhet von\u00eb do t\u00eb jet\u00eb tep\u00ebr von\u00eb.<\/p>\n<p><em>P\u00ebr redaksi d\u00ebrgoj Asllan Dibrani<\/em><\/p>\n","protected":false},"excerpt":{"rendered":"<p>Nga Mustaf\u00eb Krasniqi Ne q\u00eb pas luft\u00ebs e k\u00ebtej, disi sikur kemi qen\u00eb t\u00eb prirur t\u2019ia b\u00ebjm\u00eb vet\u00ebs pusin n\u00eb mes fush\u00ebs me lule, sikur kemi humbur toruan, n\u00eb vend se t\u00eb ecim rrug\u00ebs s\u00eb nd\u00ebrgjegjes, e t\u00eb respektonim nj\u00ebrit-tjetrin. Ne, gjat\u00eb k\u00ebsaj rruge, u b\u00ebm\u00eb ujq, q\u00eb ta ham\u00eb nj\u00ebri-tjetrin, nd\u00ebrkoh\u00eb q\u00eb t\u00eb tjer\u00ebt [&hellip;]<\/p>\n","protected":false},"author":1,"featured_media":0,"comment_status":"open","ping_status":"closed","sticky":false,"template":"","format":"standard","meta":{"footnotes":""},"categories":[2],"tags":[],"class_list":{"0":"post-6222","1":"post","2":"type-post","3":"status-publish","4":"format-standard","6":"category-artikuj"},"yoast_head":"<!-- This site is optimized with the Yoast SEO plugin v27.4 - https:\/\/yoast.com\/product\/yoast-seo-wordpress\/ -->\n<title>Bjerini kok\u00ebs, sa s\u2019\u00ebsht\u00eb b\u00ebr\u00eb von\u00eb... - FjALA e LIR\u00cb - Arkivi<\/title>\n<meta name=\"robots\" content=\"index, follow, max-snippet:-1, max-image-preview:large, max-video-preview:-1\" \/>\n<link rel=\"canonical\" href=\"https:\/\/fjala.info\/2009-2015\/bjerini-kokes-sa-seshte-bere-vone\/\" \/>\n<meta property=\"og:locale\" content=\"sq_AL\" \/>\n<meta property=\"og:type\" content=\"article\" \/>\n<meta property=\"og:title\" content=\"Bjerini kok\u00ebs, sa s\u2019\u00ebsht\u00eb b\u00ebr\u00eb von\u00eb... - FjALA e LIR\u00cb - Arkivi\" \/>\n<meta property=\"og:description\" content=\"Nga Mustaf\u00eb Krasniqi Ne q\u00eb pas luft\u00ebs e k\u00ebtej, disi sikur kemi qen\u00eb t\u00eb prirur t\u2019ia b\u00ebjm\u00eb vet\u00ebs pusin n\u00eb mes fush\u00ebs me lule, sikur kemi humbur toruan, n\u00eb vend se t\u00eb ecim rrug\u00ebs s\u00eb nd\u00ebrgjegjes, e t\u00eb respektonim nj\u00ebrit-tjetrin. Ne, gjat\u00eb k\u00ebsaj rruge, u b\u00ebm\u00eb ujq, q\u00eb ta ham\u00eb nj\u00ebri-tjetrin, nd\u00ebrkoh\u00eb q\u00eb t\u00eb tjer\u00ebt [&hellip;]\" \/>\n<meta property=\"og:url\" content=\"https:\/\/fjala.info\/2009-2015\/bjerini-kokes-sa-seshte-bere-vone\/\" \/>\n<meta property=\"og:site_name\" content=\"FjALA e LIR\u00cb - Arkivi\" \/>\n<meta property=\"article:published_time\" content=\"2011-02-07T09:22:40+00:00\" \/>\n<meta property=\"og:image\" content=\"http:\/\/fjala.shkoder.net\/wp-content\/uploads\/2011\/02\/mustafe_krasniqi.jpg\" \/>\n<meta name=\"author\" content=\"admin\" \/>\n<meta name=\"twitter:card\" content=\"summary_large_image\" \/>\n<meta name=\"twitter:label1\" content=\"Written by\" \/>\n\t<meta name=\"twitter:data1\" content=\"admin\" \/>\n\t<meta name=\"twitter:label2\" content=\"Est. reading time\" \/>\n\t<meta name=\"twitter:data2\" content=\"14 minutes\" \/>\n<script type=\"application\/ld+json\" class=\"yoast-schema-graph\">{\"@context\":\"https:\\\/\\\/schema.org\",\"@graph\":[{\"@type\":\"Article\",\"@id\":\"https:\\\/\\\/fjala.info\\\/2009-2015\\\/bjerini-kokes-sa-seshte-bere-vone\\\/#article\",\"isPartOf\":{\"@id\":\"https:\\\/\\\/fjala.info\\\/2009-2015\\\/bjerini-kokes-sa-seshte-bere-vone\\\/\"},\"author\":{\"name\":\"admin\",\"@id\":\"https:\\\/\\\/fjala.info\\\/2009-2015\\\/#\\\/schema\\\/person\\\/3aa1163ef05469c496fc94e77611ada2\"},\"headline\":\"Bjerini kok\u00ebs, sa s\u2019\u00ebsht\u00eb b\u00ebr\u00eb von\u00eb&#8230;\",\"datePublished\":\"2011-02-07T09:22:40+00:00\",\"mainEntityOfPage\":{\"@id\":\"https:\\\/\\\/fjala.info\\\/2009-2015\\\/bjerini-kokes-sa-seshte-bere-vone\\\/\"},\"wordCount\":2893,\"commentCount\":0,\"publisher\":{\"@id\":\"https:\\\/\\\/fjala.info\\\/2009-2015\\\/#organization\"},\"image\":{\"@id\":\"https:\\\/\\\/fjala.info\\\/2009-2015\\\/bjerini-kokes-sa-seshte-bere-vone\\\/#primaryimage\"},\"thumbnailUrl\":\"http:\\\/\\\/fjala.shkoder.net\\\/wp-content\\\/uploads\\\/2011\\\/02\\\/mustafe_krasniqi.jpg\",\"articleSection\":[\"Artikuj\"],\"inLanguage\":\"sq-AL\",\"potentialAction\":[{\"@type\":\"CommentAction\",\"name\":\"Comment\",\"target\":[\"https:\\\/\\\/fjala.info\\\/2009-2015\\\/bjerini-kokes-sa-seshte-bere-vone\\\/#respond\"]}]},{\"@type\":\"WebPage\",\"@id\":\"https:\\\/\\\/fjala.info\\\/2009-2015\\\/bjerini-kokes-sa-seshte-bere-vone\\\/\",\"url\":\"https:\\\/\\\/fjala.info\\\/2009-2015\\\/bjerini-kokes-sa-seshte-bere-vone\\\/\",\"name\":\"Bjerini kok\u00ebs, sa s\u2019\u00ebsht\u00eb b\u00ebr\u00eb von\u00eb... - FjALA e LIR\u00cb - Arkivi\",\"isPartOf\":{\"@id\":\"https:\\\/\\\/fjala.info\\\/2009-2015\\\/#website\"},\"primaryImageOfPage\":{\"@id\":\"https:\\\/\\\/fjala.info\\\/2009-2015\\\/bjerini-kokes-sa-seshte-bere-vone\\\/#primaryimage\"},\"image\":{\"@id\":\"https:\\\/\\\/fjala.info\\\/2009-2015\\\/bjerini-kokes-sa-seshte-bere-vone\\\/#primaryimage\"},\"thumbnailUrl\":\"http:\\\/\\\/fjala.shkoder.net\\\/wp-content\\\/uploads\\\/2011\\\/02\\\/mustafe_krasniqi.jpg\",\"datePublished\":\"2011-02-07T09:22:40+00:00\",\"breadcrumb\":{\"@id\":\"https:\\\/\\\/fjala.info\\\/2009-2015\\\/bjerini-kokes-sa-seshte-bere-vone\\\/#breadcrumb\"},\"inLanguage\":\"sq-AL\",\"potentialAction\":[{\"@type\":\"ReadAction\",\"target\":[\"https:\\\/\\\/fjala.info\\\/2009-2015\\\/bjerini-kokes-sa-seshte-bere-vone\\\/\"]}]},{\"@type\":\"ImageObject\",\"inLanguage\":\"sq-AL\",\"@id\":\"https:\\\/\\\/fjala.info\\\/2009-2015\\\/bjerini-kokes-sa-seshte-bere-vone\\\/#primaryimage\",\"url\":\"http:\\\/\\\/fjala.shkoder.net\\\/wp-content\\\/uploads\\\/2011\\\/02\\\/mustafe_krasniqi.jpg\",\"contentUrl\":\"http:\\\/\\\/fjala.shkoder.net\\\/wp-content\\\/uploads\\\/2011\\\/02\\\/mustafe_krasniqi.jpg\"},{\"@type\":\"BreadcrumbList\",\"@id\":\"https:\\\/\\\/fjala.info\\\/2009-2015\\\/bjerini-kokes-sa-seshte-bere-vone\\\/#breadcrumb\",\"itemListElement\":[{\"@type\":\"ListItem\",\"position\":1,\"name\":\"Home\",\"item\":\"https:\\\/\\\/fjala.info\\\/2009-2015\\\/\"},{\"@type\":\"ListItem\",\"position\":2,\"name\":\"Bjerini kok\u00ebs, sa s\u2019\u00ebsht\u00eb b\u00ebr\u00eb von\u00eb&#8230;\"}]},{\"@type\":\"WebSite\",\"@id\":\"https:\\\/\\\/fjala.info\\\/2009-2015\\\/#website\",\"url\":\"https:\\\/\\\/fjala.info\\\/2009-2015\\\/\",\"name\":\"FjALA e LIR\u00cb - Arkivi\",\"description\":\"Arkivi 2009-2015\",\"publisher\":{\"@id\":\"https:\\\/\\\/fjala.info\\\/2009-2015\\\/#organization\"},\"potentialAction\":[{\"@type\":\"SearchAction\",\"target\":{\"@type\":\"EntryPoint\",\"urlTemplate\":\"https:\\\/\\\/fjala.info\\\/2009-2015\\\/?s={search_term_string}\"},\"query-input\":{\"@type\":\"PropertyValueSpecification\",\"valueRequired\":true,\"valueName\":\"search_term_string\"}}],\"inLanguage\":\"sq-AL\"},{\"@type\":\"Organization\",\"@id\":\"https:\\\/\\\/fjala.info\\\/2009-2015\\\/#organization\",\"name\":\"FjALA e LIR\u00cb - Arkivi\",\"url\":\"https:\\\/\\\/fjala.info\\\/2009-2015\\\/\",\"logo\":{\"@type\":\"ImageObject\",\"inLanguage\":\"sq-AL\",\"@id\":\"https:\\\/\\\/fjala.info\\\/2009-2015\\\/#\\\/schema\\\/logo\\\/image\\\/\",\"url\":\"\",\"contentUrl\":\"\",\"caption\":\"FjALA e LIR\u00cb - Arkivi\"},\"image\":{\"@id\":\"https:\\\/\\\/fjala.info\\\/2009-2015\\\/#\\\/schema\\\/logo\\\/image\\\/\"}},{\"@type\":\"Person\",\"@id\":\"https:\\\/\\\/fjala.info\\\/2009-2015\\\/#\\\/schema\\\/person\\\/3aa1163ef05469c496fc94e77611ada2\",\"name\":\"admin\",\"image\":{\"@type\":\"ImageObject\",\"inLanguage\":\"sq-AL\",\"@id\":\"https:\\\/\\\/fjala.info\\\/2009-2015\\\/wp-content\\\/uploads\\\/2012\\\/02\\\/arben_cokaj-120x150.jpg\",\"url\":\"https:\\\/\\\/fjala.info\\\/2009-2015\\\/wp-content\\\/uploads\\\/2012\\\/02\\\/arben_cokaj-120x150.jpg\",\"contentUrl\":\"https:\\\/\\\/fjala.info\\\/2009-2015\\\/wp-content\\\/uploads\\\/2012\\\/02\\\/arben_cokaj-120x150.jpg\",\"caption\":\"admin\"},\"description\":\"Admin, Fjala e Lir\u00eb\",\"sameAs\":[\"https:\\\/\\\/fjala.info\\\/\"],\"url\":\"https:\\\/\\\/fjala.info\\\/2009-2015\\\/author\\\/admin\\\/\"}]}<\/script>\n<!-- \/ Yoast SEO plugin. -->","yoast_head_json":{"title":"Bjerini kok\u00ebs, sa s\u2019\u00ebsht\u00eb b\u00ebr\u00eb von\u00eb... - FjALA e LIR\u00cb - Arkivi","robots":{"index":"index","follow":"follow","max-snippet":"max-snippet:-1","max-image-preview":"max-image-preview:large","max-video-preview":"max-video-preview:-1"},"canonical":"https:\/\/fjala.info\/2009-2015\/bjerini-kokes-sa-seshte-bere-vone\/","og_locale":"sq_AL","og_type":"article","og_title":"Bjerini kok\u00ebs, sa s\u2019\u00ebsht\u00eb b\u00ebr\u00eb von\u00eb... - FjALA e LIR\u00cb - Arkivi","og_description":"Nga Mustaf\u00eb Krasniqi Ne q\u00eb pas luft\u00ebs e k\u00ebtej, disi sikur kemi qen\u00eb t\u00eb prirur t\u2019ia b\u00ebjm\u00eb vet\u00ebs pusin n\u00eb mes fush\u00ebs me lule, sikur kemi humbur toruan, n\u00eb vend se t\u00eb ecim rrug\u00ebs s\u00eb nd\u00ebrgjegjes, e t\u00eb respektonim nj\u00ebrit-tjetrin. Ne, gjat\u00eb k\u00ebsaj rruge, u b\u00ebm\u00eb ujq, q\u00eb ta ham\u00eb nj\u00ebri-tjetrin, nd\u00ebrkoh\u00eb q\u00eb t\u00eb tjer\u00ebt [&hellip;]","og_url":"https:\/\/fjala.info\/2009-2015\/bjerini-kokes-sa-seshte-bere-vone\/","og_site_name":"FjALA e LIR\u00cb - Arkivi","article_published_time":"2011-02-07T09:22:40+00:00","og_image":[{"url":"http:\/\/fjala.shkoder.net\/wp-content\/uploads\/2011\/02\/mustafe_krasniqi.jpg","type":"","width":"","height":""}],"author":"admin","twitter_card":"summary_large_image","twitter_misc":{"Written by":"admin","Est. reading time":"14 minutes"},"schema":{"@context":"https:\/\/schema.org","@graph":[{"@type":"Article","@id":"https:\/\/fjala.info\/2009-2015\/bjerini-kokes-sa-seshte-bere-vone\/#article","isPartOf":{"@id":"https:\/\/fjala.info\/2009-2015\/bjerini-kokes-sa-seshte-bere-vone\/"},"author":{"name":"admin","@id":"https:\/\/fjala.info\/2009-2015\/#\/schema\/person\/3aa1163ef05469c496fc94e77611ada2"},"headline":"Bjerini kok\u00ebs, sa s\u2019\u00ebsht\u00eb b\u00ebr\u00eb von\u00eb&#8230;","datePublished":"2011-02-07T09:22:40+00:00","mainEntityOfPage":{"@id":"https:\/\/fjala.info\/2009-2015\/bjerini-kokes-sa-seshte-bere-vone\/"},"wordCount":2893,"commentCount":0,"publisher":{"@id":"https:\/\/fjala.info\/2009-2015\/#organization"},"image":{"@id":"https:\/\/fjala.info\/2009-2015\/bjerini-kokes-sa-seshte-bere-vone\/#primaryimage"},"thumbnailUrl":"http:\/\/fjala.shkoder.net\/wp-content\/uploads\/2011\/02\/mustafe_krasniqi.jpg","articleSection":["Artikuj"],"inLanguage":"sq-AL","potentialAction":[{"@type":"CommentAction","name":"Comment","target":["https:\/\/fjala.info\/2009-2015\/bjerini-kokes-sa-seshte-bere-vone\/#respond"]}]},{"@type":"WebPage","@id":"https:\/\/fjala.info\/2009-2015\/bjerini-kokes-sa-seshte-bere-vone\/","url":"https:\/\/fjala.info\/2009-2015\/bjerini-kokes-sa-seshte-bere-vone\/","name":"Bjerini kok\u00ebs, sa s\u2019\u00ebsht\u00eb b\u00ebr\u00eb von\u00eb... - FjALA e LIR\u00cb - Arkivi","isPartOf":{"@id":"https:\/\/fjala.info\/2009-2015\/#website"},"primaryImageOfPage":{"@id":"https:\/\/fjala.info\/2009-2015\/bjerini-kokes-sa-seshte-bere-vone\/#primaryimage"},"image":{"@id":"https:\/\/fjala.info\/2009-2015\/bjerini-kokes-sa-seshte-bere-vone\/#primaryimage"},"thumbnailUrl":"http:\/\/fjala.shkoder.net\/wp-content\/uploads\/2011\/02\/mustafe_krasniqi.jpg","datePublished":"2011-02-07T09:22:40+00:00","breadcrumb":{"@id":"https:\/\/fjala.info\/2009-2015\/bjerini-kokes-sa-seshte-bere-vone\/#breadcrumb"},"inLanguage":"sq-AL","potentialAction":[{"@type":"ReadAction","target":["https:\/\/fjala.info\/2009-2015\/bjerini-kokes-sa-seshte-bere-vone\/"]}]},{"@type":"ImageObject","inLanguage":"sq-AL","@id":"https:\/\/fjala.info\/2009-2015\/bjerini-kokes-sa-seshte-bere-vone\/#primaryimage","url":"http:\/\/fjala.shkoder.net\/wp-content\/uploads\/2011\/02\/mustafe_krasniqi.jpg","contentUrl":"http:\/\/fjala.shkoder.net\/wp-content\/uploads\/2011\/02\/mustafe_krasniqi.jpg"},{"@type":"BreadcrumbList","@id":"https:\/\/fjala.info\/2009-2015\/bjerini-kokes-sa-seshte-bere-vone\/#breadcrumb","itemListElement":[{"@type":"ListItem","position":1,"name":"Home","item":"https:\/\/fjala.info\/2009-2015\/"},{"@type":"ListItem","position":2,"name":"Bjerini kok\u00ebs, sa s\u2019\u00ebsht\u00eb b\u00ebr\u00eb von\u00eb&#8230;"}]},{"@type":"WebSite","@id":"https:\/\/fjala.info\/2009-2015\/#website","url":"https:\/\/fjala.info\/2009-2015\/","name":"FjALA e LIR\u00cb - Arkivi","description":"Arkivi 2009-2015","publisher":{"@id":"https:\/\/fjala.info\/2009-2015\/#organization"},"potentialAction":[{"@type":"SearchAction","target":{"@type":"EntryPoint","urlTemplate":"https:\/\/fjala.info\/2009-2015\/?s={search_term_string}"},"query-input":{"@type":"PropertyValueSpecification","valueRequired":true,"valueName":"search_term_string"}}],"inLanguage":"sq-AL"},{"@type":"Organization","@id":"https:\/\/fjala.info\/2009-2015\/#organization","name":"FjALA e LIR\u00cb - Arkivi","url":"https:\/\/fjala.info\/2009-2015\/","logo":{"@type":"ImageObject","inLanguage":"sq-AL","@id":"https:\/\/fjala.info\/2009-2015\/#\/schema\/logo\/image\/","url":"","contentUrl":"","caption":"FjALA e LIR\u00cb - Arkivi"},"image":{"@id":"https:\/\/fjala.info\/2009-2015\/#\/schema\/logo\/image\/"}},{"@type":"Person","@id":"https:\/\/fjala.info\/2009-2015\/#\/schema\/person\/3aa1163ef05469c496fc94e77611ada2","name":"admin","image":{"@type":"ImageObject","inLanguage":"sq-AL","@id":"https:\/\/fjala.info\/2009-2015\/wp-content\/uploads\/2012\/02\/arben_cokaj-120x150.jpg","url":"https:\/\/fjala.info\/2009-2015\/wp-content\/uploads\/2012\/02\/arben_cokaj-120x150.jpg","contentUrl":"https:\/\/fjala.info\/2009-2015\/wp-content\/uploads\/2012\/02\/arben_cokaj-120x150.jpg","caption":"admin"},"description":"Admin, Fjala e Lir\u00eb","sameAs":["https:\/\/fjala.info\/"],"url":"https:\/\/fjala.info\/2009-2015\/author\/admin\/"}]}},"_links":{"self":[{"href":"https:\/\/fjala.info\/2009-2015\/wp-json\/wp\/v2\/posts\/6222","targetHints":{"allow":["GET"]}}],"collection":[{"href":"https:\/\/fjala.info\/2009-2015\/wp-json\/wp\/v2\/posts"}],"about":[{"href":"https:\/\/fjala.info\/2009-2015\/wp-json\/wp\/v2\/types\/post"}],"author":[{"embeddable":true,"href":"https:\/\/fjala.info\/2009-2015\/wp-json\/wp\/v2\/users\/1"}],"replies":[{"embeddable":true,"href":"https:\/\/fjala.info\/2009-2015\/wp-json\/wp\/v2\/comments?post=6222"}],"version-history":[{"count":0,"href":"https:\/\/fjala.info\/2009-2015\/wp-json\/wp\/v2\/posts\/6222\/revisions"}],"wp:attachment":[{"href":"https:\/\/fjala.info\/2009-2015\/wp-json\/wp\/v2\/media?parent=6222"}],"wp:term":[{"taxonomy":"category","embeddable":true,"href":"https:\/\/fjala.info\/2009-2015\/wp-json\/wp\/v2\/categories?post=6222"},{"taxonomy":"post_tag","embeddable":true,"href":"https:\/\/fjala.info\/2009-2015\/wp-json\/wp\/v2\/tags?post=6222"}],"curies":[{"name":"wp","href":"https:\/\/api.w.org\/{rel}","templated":true}]}}