{"id":6217,"date":"2011-02-06T21:46:54","date_gmt":"2011-02-06T20:46:54","guid":{"rendered":"http:\/\/fjala.shkoder.net\/?p=6217"},"modified":"2011-02-06T21:46:54","modified_gmt":"2011-02-06T20:46:54","slug":"limes-ja-shqiperia-e-sali-berishes","status":"publish","type":"post","link":"https:\/\/fjala.info\/2009-2015\/limes-ja-shqiperia-e-sali-berishes\/","title":{"rendered":"&#8220;Limes&#8221;: Ja Shqip\u00ebria e Sali Berish\u00ebs"},"content":{"rendered":"<p><img loading=\"lazy\" decoding=\"async\" class=\"alignright size-full wp-image-4222\" title=\"Arben Rrozhani\" src=\"http:\/\/fjala.shkoder.net\/wp-content\/uploads\/2010\/10\/arben_rrozhani.jpg\" alt=\"\" width=\"200\" height=\"150\" \/><br \/>\n<strong>Arben Rrozhani<\/strong>, <em>04.02.2011<\/em><\/p>\n<p><strong>&#8220;Limes&#8221;, revista gjeopolitike italiane<\/strong><\/p>\n<p>&#8220;Limes&#8221; \u00ebsht\u00eb revista italiane e gjeopolitik\u00ebs, botim i themeluar n\u00eb 1993-in, q\u00eb \u00ebsht\u00eb afirmuar si m\u00eb influencuesja dhe autoritare e refleksioneve gjeopolitike n\u00eb Europ\u00eb. \u00cbsht\u00eb n\u00eb pron\u00ebsi t\u00eb grupit mediatik italian &#8220;Espresso&#8221; q\u00eb boton edhe gazet\u00ebn m\u00eb t\u00eb madhe n\u00eb Itali &#8220;La Repubblica&#8221; dhe revist\u00ebn &#8220;Espresso&#8221;.<\/p>\n<p>Analiza dhe hartat e nj\u00eb vendi q\u00eb nuk mund t\u00eb zbatoj\u00eb skenar\u00eb si Tunizia, ku opozita e majt\u00eb \u00ebsht\u00eb e p\u00ebr\u00e7ar\u00eb p\u00ebrball\u00eb nj\u00eb kryeministri q\u00eb nuk iku as n\u00eb 1997-\u00ebn, kur dhuna ishte ekstreme. P\u00ebrdorimi i grushtit t\u00eb hekurt nga Berisha, me vrasjen e tre njer\u00ebzve, pse nuk t\u00ebrhiqet dhe pse pal\u00ebt do t\u00eb shkojn\u00eb te tavolina e bisedimeve, p\u00ebr t\u00eb b\u00ebr\u00eb &#8220;Pazar&#8221; p\u00ebr fatet e nj\u00eb vendi t\u00eb zhytur n\u00eb trafik dhe korrupsion<\/p>\n<p>Shqip\u00ebria nuk mund t\u00eb jet\u00eb Tunizi, por \u00ebsht\u00eb Shqip\u00ebri, q\u00eb do t\u00eb thot\u00eb nj\u00eb vend i paq\u00ebndruesh\u00ebm, me ambicie t\u00eb shumta p\u00ebr pushtet, me korrupsion dhe trafiqe t\u00eb shumta.<\/p>\n<p>Revista gjeopolitike italiane &#8220;Limes&#8221;, merr shkas nga ngjarjet e 21 janarit 2011 p\u00ebr t&#8217;iu kthyer dosjes s\u00eb vendit t\u00eb Shqiponja. Revista b\u00ebn nj\u00eb p\u00ebrmbledhje t\u00eb ngjarjeve q\u00eb \u00e7uan te dhuna, vrasjet dhe mosd\u00ebnimi i ushtar\u00ebve q\u00eb q\u00eblluan.<\/p>\n<p>N\u00eb qend\u00ebr t\u00eb analiz\u00ebs \u00ebsht\u00eb lideri i opozit\u00ebs q\u00eb \u00ebsht\u00eb n\u00eb krye t\u00eb protestave, por q\u00eb p\u00ebrball\u00eb Sali Berish\u00ebs, m\u00eb shum\u00eb \u00ebsht\u00eb marr\u00eb me luft\u00ebn e brendshme n\u00eb parti, sesa me rr\u00ebnimin moral t\u00eb qeverisjes s\u00eb korruptuar. Zhvillimet nuk do t\u00eb jen\u00eb si n\u00eb vendet e bot\u00ebs arabe, thot\u00eb analiza, sepse Sali Berisha nuk \u00ebsht\u00eb Ben Aliu i Tunizis\u00eb q\u00eb ia mbathi n\u00eb Arabin\u00eb Saudite, sepse ai nuk e l\u00ebshoi pushtetin as n\u00eb mars t\u00eb 1997-\u00ebs, kur vendi u zhyt n\u00eb kaos dhe u desh ardhja e trupave t\u00eb NATO-s p\u00ebr t\u00eb siguruar rendin.<\/p>\n<p>P\u00ebrball\u00eb opozit\u00ebs s\u00eb p\u00ebr\u00e7ar\u00eb \u00ebsht\u00eb qeverisja e korruptuar dhe nj\u00eb Shqip\u00ebri q\u00eb \u00ebsht\u00eb nj\u00eb vend burimi p\u00ebr krime, trafiqe dhe korrupsion. N\u00eb qytetet m\u00eb t\u00eb m\u00ebdha t\u00eb vendit prodhohet, apo shp\u00ebrndahet droga n\u00ebp\u00ebr rajon dhe m\u00eb tej n\u00eb Europ\u00ebn Per\u00ebndimore. Nj\u00eb vend q\u00eb vijon t\u00eb jet\u00eb burim i trafikimit t\u00eb njer\u00ebzve dhe t\u00eb emigrant\u00ebve t\u00eb paligjsh\u00ebm q\u00eb shkojn\u00eb p\u00ebr n\u00eb Europ\u00ebn Per\u00ebndimore.<\/p>\n<p><strong>Hartat e &#8220;Limes&#8221;: Ja Shqip\u00ebria e Sali Berish\u00ebs<\/strong><\/p>\n<p><strong>Shqiptar\u00ebt e drog\u00ebs<\/strong><\/p>\n<p>&#8220;Limes&#8221; thot\u00eb: &#8220;Qytete si Tirana, Fieri, Shkupi, Prishtina dhe Presheva jan\u00eb qendrat m\u00eb t\u00eb m\u00ebdha t\u00eb mbledhjes, apo shp\u00ebrndarjes s\u00eb drog\u00ebs n\u00eb rajon. N\u00eb hartat e &#8220;Limes&#8221; Shqip\u00ebria \u00ebsht\u00eb nj\u00eb vend me shum\u00eb histori dhe t\u00eb dh\u00ebna: e pasur me krime, korrupsion, trafik droge dhe njer\u00ebzish.<\/p>\n<p>Qytetet shqiptare t\u00eb trafikut t\u00eb drog\u00ebs p\u00ebr p\u00ebrdorim t\u00eb brendsh\u00ebm, apo p\u00ebr ta eksportuar n\u00eb Europ\u00ebn Per\u00ebndimore, shtrihen brenda dhe jasht\u00eb kufijve: N\u00eb Shqip\u00ebri jan\u00eb Tirana dhe Fieri zonat ku \u00ebsht\u00eb p\u00ebrqendruar trafiku i narkotik\u00ebve dhe ku veprojn\u00eb trafikant\u00ebt.<\/p>\n<p>Jasht\u00eb kufijve t\u00eb Shqip\u00ebris\u00eb \u00ebsht\u00eb kryeqyteti i Maqedonis\u00eb, Shkupi ku ka nj\u00eb prani t\u00eb madhe shqiptar\u00ebsh, \u00ebsht\u00eb Prishtina kryeqyteti i Republik\u00ebs s\u00eb Kosov\u00ebs dhe Lugina e Preshev\u00ebs, krahin\u00eb autonome e banuar me shumic\u00eb shqiptare n\u00ebn juridiksionin e Serbis\u00eb.<\/p>\n<p><strong>Lumi Shkumbin, ndarja sipas Berish\u00ebs<\/strong><\/p>\n<p>&#8220;Limes&#8221; thot\u00eb: &#8220;Lumi Shkumbin ndan Shqip\u00ebrin\u00eb e sip\u00ebrme, zon\u00eb e fort\u00eb e kryeministrit aktual Berisha, nga Shqip\u00ebria e poshtme m\u00eb e af\u00ebrt me socialist\u00ebt e Edi Ram\u00ebs&#8221;.<\/p>\n<p>Kjo ndarje n\u00eb fakt nuk \u00ebsht\u00eb e sakt\u00eb, bazuar n\u00eb t\u00eb rezultatet e zgjedhjeve vendore, apo elektorale. N\u00eb sfid\u00ebn e fundit elektorale t\u00eb 28 qershorit 2009, PS-ja, me gjith\u00eb manipulimet e shumta gjat\u00eb procesit t\u00eb votimit dhe sidomos num\u00ebrimit nga ana e partis\u00eb n\u00eb pushtet, arriti t\u00eb fitonte jo vet\u00ebm n\u00eb jug, por edhe n\u00eb veri, duke marr\u00eb vota popullore m\u00eb shum\u00eb se e djathta.<\/p>\n<p>Po k\u00ebshtu edhe n\u00eb zgjedhjet e shkuara vendore t\u00eb 18 shkurtit 2007, kur koalicioni i majt\u00eb fitoi shumic\u00ebn e zonave urbane, n\u00eb t\u00eb gjith\u00eb vendin, nd\u00ebrsa e djathta n\u00eb shumic\u00ebn e zonave rurale. Ndarja e till\u00eb, e ka frym\u00ebzimin te kaosi i vitit 1997, kur regjimi i ish-presidentit Berisha tentoi t\u00eb vinte p\u00ebrball\u00eb Shqip\u00ebris\u00eb s\u00eb Jugut, banor\u00ebt e veriut, por q\u00eb d\u00ebshtoi me turp.<\/p>\n<p><strong>Shqip\u00ebria, burim dhe rrug\u00eb narkotrafiku<\/strong><\/p>\n<p>&#8220;Limes&#8221; thot\u00eb: &#8220;Rrug\u00ebt rajonale t\u00eb trafikut jan\u00eb t\u00eb lidhura me shtetet fqinje, ku gjendja \u00ebsht\u00eb jasht\u00eb kontrollit, si Serbia apo pjesa jugore e Malit t\u00eb Zi.<\/p>\n<p>N\u00eb analiz\u00ebn e djeshme n\u00eb Policin\u00eb e Shtetit, ministri i Brendsh\u00ebm i Shqip\u00ebris\u00eb, Lulzim Basha deklaroi se policia shqiptare ka qen\u00eb m\u00eb e mira n\u00eb rajon p\u00ebr luft\u00ebn ndaj drog\u00ebs.<\/p>\n<p>Por vendi vazhdon t\u00eb jet\u00eb burim, apo baz\u00eb e prodhimit t\u00eb drogave. Sipas k\u00ebsaj harte rrug\u00ebt e trafikut t\u00eb drog\u00ebs nisin nga Greqia, hyjn\u00eb n\u00eb Kakavij\u00eb p\u00ebr t\u00eb vijuar n\u00eb Gjirokast\u00ebr, Fier, Tiran\u00eb, Lezh\u00eb, Shkod\u00ebr, Bajram Curri. Nj\u00eb rrug\u00eb tjet\u00ebr vjen nga Prizreni i Kosov\u00ebs dhe hyn n\u00eb Kuk\u00ebs, nd\u00ebrsa nga Shqip\u00ebria rrug\u00ebt vijojn\u00eb n\u00eb Vlor\u00eb apo Durr\u00ebs n\u00eb drejtim t\u00eb Italis\u00eb, ose nga Lezha n\u00eb drejtim t\u00eb Ulqinit, apo nga Shkodra n\u00eb drejtim t\u00eb qytetit Bar n\u00eb Mal t\u00eb Zi.<\/p>\n<p>UNODC, agjencia e drogave me seli n\u00eb OKB, n\u00eb raportet e saj p\u00ebr Shqip\u00ebrin\u00eb, gjithnj\u00eb ka theksuar se me gjith\u00eb ndihm\u00ebn e madhe teknike n\u00eb pik\u00ebkalimet kufitare t\u00eb vendit, kufiri i Shqip\u00ebris\u00eb \u00ebsht\u00eb mjaft poroz p\u00ebr drogat q\u00eb vijn\u00eb nga Azia, nd\u00ebrsa nuk mungon as prodhimi vendas, si\u00e7 \u00ebsht\u00eb rasti skandaloz i Lazaratit.<\/p>\n<p><strong>Zonat jasht\u00eb kontrollit<\/strong><\/p>\n<p>&#8220;Limes&#8221; thot\u00eb: &#8220;Zona e liqenit t\u00eb Shkodr\u00ebs, nj\u00eb pik\u00eb takimi mes Shqip\u00ebris\u00eb dhe Malit t\u00eb Zi, ku ka edhe nj\u00eb pakic\u00eb t\u00eb fort\u00eb shqiptare, \u00ebsht\u00eb nj\u00eb zon\u00eb kritike, sepse \u00ebsht\u00eb jasht\u00eb kontrollit&#8221;.<br \/>\nHistorikisht k\u00ebshtu ka qen\u00eb.<\/p>\n<p>Q\u00eb n\u00eb fillim t\u00eb viteve &#8217;90 kjo pjes\u00eb ishte n\u00ebn kontrollin e trafikant\u00ebve, q\u00eb kishin korruptuar edhe autoritetet, duke trafikuar mallra me akciz\u00eb t\u00eb fort\u00eb, si duhanet, karburantet, deri te bananet apo mallrat e konsumit t\u00eb p\u00ebrditsh\u00ebm. Fal\u00eb shkall\u00ebs s\u00eb lart\u00eb t\u00eb kontraband\u00ebs shtet\u00ebrore n\u00eb Mal t\u00eb Zi, n\u00eb ato vite kjo pjes\u00eb ka qen\u00eb n\u00eb krye t\u00eb pun\u00ebve t\u00eb pista t\u00eb kryera nga dhe n\u00eb Shqip\u00ebri.<\/p>\n<p>Kontrabanda u intensifikua gjat\u00eb koh\u00ebs s\u00eb luft\u00ebs n\u00eb Ish-Jugosllavi, kur me lejen e qeveris\u00eb s\u00eb PD-s\u00eb dhe t\u00eb ish-presidentit Sali Berisha, vendi theu rregullisht embargon e v\u00ebn\u00eb nga OKB p\u00ebr regjimin e Slobodan Milloshevi\u00e7it, madje n\u00eb krye t\u00eb trafikut t\u00eb karburanteve ishte firma &#8220;Shqiponja&#8221; e PD-s\u00eb.<\/p>\n","protected":false},"excerpt":{"rendered":"<p>Arben Rrozhani, 04.02.2011 &#8220;Limes&#8221;, revista gjeopolitike italiane &#8220;Limes&#8221; \u00ebsht\u00eb revista italiane e gjeopolitik\u00ebs, botim i themeluar n\u00eb 1993-in, q\u00eb \u00ebsht\u00eb afirmuar si m\u00eb influencuesja dhe autoritare e refleksioneve gjeopolitike n\u00eb Europ\u00eb. \u00cbsht\u00eb n\u00eb pron\u00ebsi t\u00eb grupit mediatik italian &#8220;Espresso&#8221; q\u00eb boton edhe gazet\u00ebn m\u00eb t\u00eb madhe n\u00eb Itali &#8220;La Repubblica&#8221; dhe revist\u00ebn &#8220;Espresso&#8221;. Analiza dhe [&hellip;]<\/p>\n","protected":false},"author":1,"featured_media":0,"comment_status":"open","ping_status":"closed","sticky":false,"template":"","format":"standard","meta":{"footnotes":""},"categories":[2],"tags":[],"class_list":{"0":"post-6217","1":"post","2":"type-post","3":"status-publish","4":"format-standard","6":"category-artikuj"},"yoast_head":"<!-- This site is optimized with the Yoast SEO plugin v27.4 - https:\/\/yoast.com\/product\/yoast-seo-wordpress\/ -->\n<title>&quot;Limes&quot;: Ja Shqip\u00ebria e Sali Berish\u00ebs - FjALA e LIR\u00cb - Arkivi<\/title>\n<meta name=\"robots\" content=\"index, follow, max-snippet:-1, max-image-preview:large, max-video-preview:-1\" \/>\n<link rel=\"canonical\" href=\"https:\/\/fjala.info\/2009-2015\/limes-ja-shqiperia-e-sali-berishes\/\" \/>\n<meta property=\"og:locale\" content=\"sq_AL\" \/>\n<meta property=\"og:type\" content=\"article\" \/>\n<meta property=\"og:title\" content=\"&quot;Limes&quot;: Ja Shqip\u00ebria e Sali Berish\u00ebs - FjALA e LIR\u00cb - Arkivi\" \/>\n<meta property=\"og:description\" content=\"Arben Rrozhani, 04.02.2011 &#8220;Limes&#8221;, revista gjeopolitike italiane &#8220;Limes&#8221; \u00ebsht\u00eb revista italiane e gjeopolitik\u00ebs, botim i themeluar n\u00eb 1993-in, q\u00eb \u00ebsht\u00eb afirmuar si m\u00eb influencuesja dhe autoritare e refleksioneve gjeopolitike n\u00eb Europ\u00eb. \u00cbsht\u00eb n\u00eb pron\u00ebsi t\u00eb grupit mediatik italian &#8220;Espresso&#8221; q\u00eb boton edhe gazet\u00ebn m\u00eb t\u00eb madhe n\u00eb Itali &#8220;La Repubblica&#8221; dhe revist\u00ebn &#8220;Espresso&#8221;. Analiza dhe [&hellip;]\" \/>\n<meta property=\"og:url\" content=\"https:\/\/fjala.info\/2009-2015\/limes-ja-shqiperia-e-sali-berishes\/\" \/>\n<meta property=\"og:site_name\" content=\"FjALA e LIR\u00cb - Arkivi\" \/>\n<meta property=\"article:published_time\" content=\"2011-02-06T20:46:54+00:00\" \/>\n<meta property=\"og:image\" content=\"http:\/\/fjala.shkoder.net\/wp-content\/uploads\/2010\/10\/arben_rrozhani.jpg\" \/>\n<meta name=\"author\" content=\"admin\" \/>\n<meta name=\"twitter:card\" content=\"summary_large_image\" \/>\n<meta name=\"twitter:label1\" content=\"Written by\" \/>\n\t<meta name=\"twitter:data1\" content=\"admin\" \/>\n\t<meta name=\"twitter:label2\" content=\"Est. reading time\" \/>\n\t<meta name=\"twitter:data2\" content=\"6 minutes\" \/>\n<script type=\"application\/ld+json\" class=\"yoast-schema-graph\">{\"@context\":\"https:\\\/\\\/schema.org\",\"@graph\":[{\"@type\":\"Article\",\"@id\":\"https:\\\/\\\/fjala.info\\\/2009-2015\\\/limes-ja-shqiperia-e-sali-berishes\\\/#article\",\"isPartOf\":{\"@id\":\"https:\\\/\\\/fjala.info\\\/2009-2015\\\/limes-ja-shqiperia-e-sali-berishes\\\/\"},\"author\":{\"name\":\"admin\",\"@id\":\"https:\\\/\\\/fjala.info\\\/2009-2015\\\/#\\\/schema\\\/person\\\/3aa1163ef05469c496fc94e77611ada2\"},\"headline\":\"&#8220;Limes&#8221;: Ja Shqip\u00ebria e Sali Berish\u00ebs\",\"datePublished\":\"2011-02-06T20:46:54+00:00\",\"mainEntityOfPage\":{\"@id\":\"https:\\\/\\\/fjala.info\\\/2009-2015\\\/limes-ja-shqiperia-e-sali-berishes\\\/\"},\"wordCount\":1137,\"commentCount\":1,\"publisher\":{\"@id\":\"https:\\\/\\\/fjala.info\\\/2009-2015\\\/#organization\"},\"image\":{\"@id\":\"https:\\\/\\\/fjala.info\\\/2009-2015\\\/limes-ja-shqiperia-e-sali-berishes\\\/#primaryimage\"},\"thumbnailUrl\":\"http:\\\/\\\/fjala.shkoder.net\\\/wp-content\\\/uploads\\\/2010\\\/10\\\/arben_rrozhani.jpg\",\"articleSection\":[\"Artikuj\"],\"inLanguage\":\"sq-AL\",\"potentialAction\":[{\"@type\":\"CommentAction\",\"name\":\"Comment\",\"target\":[\"https:\\\/\\\/fjala.info\\\/2009-2015\\\/limes-ja-shqiperia-e-sali-berishes\\\/#respond\"]}]},{\"@type\":\"WebPage\",\"@id\":\"https:\\\/\\\/fjala.info\\\/2009-2015\\\/limes-ja-shqiperia-e-sali-berishes\\\/\",\"url\":\"https:\\\/\\\/fjala.info\\\/2009-2015\\\/limes-ja-shqiperia-e-sali-berishes\\\/\",\"name\":\"\\\"Limes\\\": Ja Shqip\u00ebria e Sali Berish\u00ebs - FjALA e LIR\u00cb - Arkivi\",\"isPartOf\":{\"@id\":\"https:\\\/\\\/fjala.info\\\/2009-2015\\\/#website\"},\"primaryImageOfPage\":{\"@id\":\"https:\\\/\\\/fjala.info\\\/2009-2015\\\/limes-ja-shqiperia-e-sali-berishes\\\/#primaryimage\"},\"image\":{\"@id\":\"https:\\\/\\\/fjala.info\\\/2009-2015\\\/limes-ja-shqiperia-e-sali-berishes\\\/#primaryimage\"},\"thumbnailUrl\":\"http:\\\/\\\/fjala.shkoder.net\\\/wp-content\\\/uploads\\\/2010\\\/10\\\/arben_rrozhani.jpg\",\"datePublished\":\"2011-02-06T20:46:54+00:00\",\"breadcrumb\":{\"@id\":\"https:\\\/\\\/fjala.info\\\/2009-2015\\\/limes-ja-shqiperia-e-sali-berishes\\\/#breadcrumb\"},\"inLanguage\":\"sq-AL\",\"potentialAction\":[{\"@type\":\"ReadAction\",\"target\":[\"https:\\\/\\\/fjala.info\\\/2009-2015\\\/limes-ja-shqiperia-e-sali-berishes\\\/\"]}]},{\"@type\":\"ImageObject\",\"inLanguage\":\"sq-AL\",\"@id\":\"https:\\\/\\\/fjala.info\\\/2009-2015\\\/limes-ja-shqiperia-e-sali-berishes\\\/#primaryimage\",\"url\":\"http:\\\/\\\/fjala.shkoder.net\\\/wp-content\\\/uploads\\\/2010\\\/10\\\/arben_rrozhani.jpg\",\"contentUrl\":\"http:\\\/\\\/fjala.shkoder.net\\\/wp-content\\\/uploads\\\/2010\\\/10\\\/arben_rrozhani.jpg\"},{\"@type\":\"BreadcrumbList\",\"@id\":\"https:\\\/\\\/fjala.info\\\/2009-2015\\\/limes-ja-shqiperia-e-sali-berishes\\\/#breadcrumb\",\"itemListElement\":[{\"@type\":\"ListItem\",\"position\":1,\"name\":\"Home\",\"item\":\"https:\\\/\\\/fjala.info\\\/2009-2015\\\/\"},{\"@type\":\"ListItem\",\"position\":2,\"name\":\"&#8220;Limes&#8221;: Ja Shqip\u00ebria e Sali Berish\u00ebs\"}]},{\"@type\":\"WebSite\",\"@id\":\"https:\\\/\\\/fjala.info\\\/2009-2015\\\/#website\",\"url\":\"https:\\\/\\\/fjala.info\\\/2009-2015\\\/\",\"name\":\"FjALA e LIR\u00cb - Arkivi\",\"description\":\"Arkivi 2009-2015\",\"publisher\":{\"@id\":\"https:\\\/\\\/fjala.info\\\/2009-2015\\\/#organization\"},\"potentialAction\":[{\"@type\":\"SearchAction\",\"target\":{\"@type\":\"EntryPoint\",\"urlTemplate\":\"https:\\\/\\\/fjala.info\\\/2009-2015\\\/?s={search_term_string}\"},\"query-input\":{\"@type\":\"PropertyValueSpecification\",\"valueRequired\":true,\"valueName\":\"search_term_string\"}}],\"inLanguage\":\"sq-AL\"},{\"@type\":\"Organization\",\"@id\":\"https:\\\/\\\/fjala.info\\\/2009-2015\\\/#organization\",\"name\":\"FjALA e LIR\u00cb - Arkivi\",\"url\":\"https:\\\/\\\/fjala.info\\\/2009-2015\\\/\",\"logo\":{\"@type\":\"ImageObject\",\"inLanguage\":\"sq-AL\",\"@id\":\"https:\\\/\\\/fjala.info\\\/2009-2015\\\/#\\\/schema\\\/logo\\\/image\\\/\",\"url\":\"\",\"contentUrl\":\"\",\"caption\":\"FjALA e LIR\u00cb - Arkivi\"},\"image\":{\"@id\":\"https:\\\/\\\/fjala.info\\\/2009-2015\\\/#\\\/schema\\\/logo\\\/image\\\/\"}},{\"@type\":\"Person\",\"@id\":\"https:\\\/\\\/fjala.info\\\/2009-2015\\\/#\\\/schema\\\/person\\\/3aa1163ef05469c496fc94e77611ada2\",\"name\":\"admin\",\"image\":{\"@type\":\"ImageObject\",\"inLanguage\":\"sq-AL\",\"@id\":\"https:\\\/\\\/fjala.info\\\/2009-2015\\\/wp-content\\\/uploads\\\/2012\\\/02\\\/arben_cokaj-120x150.jpg\",\"url\":\"https:\\\/\\\/fjala.info\\\/2009-2015\\\/wp-content\\\/uploads\\\/2012\\\/02\\\/arben_cokaj-120x150.jpg\",\"contentUrl\":\"https:\\\/\\\/fjala.info\\\/2009-2015\\\/wp-content\\\/uploads\\\/2012\\\/02\\\/arben_cokaj-120x150.jpg\",\"caption\":\"admin\"},\"description\":\"Admin, Fjala e Lir\u00eb\",\"sameAs\":[\"https:\\\/\\\/fjala.info\\\/\"],\"url\":\"https:\\\/\\\/fjala.info\\\/2009-2015\\\/author\\\/admin\\\/\"}]}<\/script>\n<!-- \/ Yoast SEO plugin. -->","yoast_head_json":{"title":"\"Limes\": Ja Shqip\u00ebria e Sali Berish\u00ebs - FjALA e LIR\u00cb - Arkivi","robots":{"index":"index","follow":"follow","max-snippet":"max-snippet:-1","max-image-preview":"max-image-preview:large","max-video-preview":"max-video-preview:-1"},"canonical":"https:\/\/fjala.info\/2009-2015\/limes-ja-shqiperia-e-sali-berishes\/","og_locale":"sq_AL","og_type":"article","og_title":"\"Limes\": Ja Shqip\u00ebria e Sali Berish\u00ebs - FjALA e LIR\u00cb - Arkivi","og_description":"Arben Rrozhani, 04.02.2011 &#8220;Limes&#8221;, revista gjeopolitike italiane &#8220;Limes&#8221; \u00ebsht\u00eb revista italiane e gjeopolitik\u00ebs, botim i themeluar n\u00eb 1993-in, q\u00eb \u00ebsht\u00eb afirmuar si m\u00eb influencuesja dhe autoritare e refleksioneve gjeopolitike n\u00eb Europ\u00eb. \u00cbsht\u00eb n\u00eb pron\u00ebsi t\u00eb grupit mediatik italian &#8220;Espresso&#8221; q\u00eb boton edhe gazet\u00ebn m\u00eb t\u00eb madhe n\u00eb Itali &#8220;La Repubblica&#8221; dhe revist\u00ebn &#8220;Espresso&#8221;. Analiza dhe [&hellip;]","og_url":"https:\/\/fjala.info\/2009-2015\/limes-ja-shqiperia-e-sali-berishes\/","og_site_name":"FjALA e LIR\u00cb - Arkivi","article_published_time":"2011-02-06T20:46:54+00:00","og_image":[{"url":"http:\/\/fjala.shkoder.net\/wp-content\/uploads\/2010\/10\/arben_rrozhani.jpg","type":"","width":"","height":""}],"author":"admin","twitter_card":"summary_large_image","twitter_misc":{"Written by":"admin","Est. reading time":"6 minutes"},"schema":{"@context":"https:\/\/schema.org","@graph":[{"@type":"Article","@id":"https:\/\/fjala.info\/2009-2015\/limes-ja-shqiperia-e-sali-berishes\/#article","isPartOf":{"@id":"https:\/\/fjala.info\/2009-2015\/limes-ja-shqiperia-e-sali-berishes\/"},"author":{"name":"admin","@id":"https:\/\/fjala.info\/2009-2015\/#\/schema\/person\/3aa1163ef05469c496fc94e77611ada2"},"headline":"&#8220;Limes&#8221;: Ja Shqip\u00ebria e Sali Berish\u00ebs","datePublished":"2011-02-06T20:46:54+00:00","mainEntityOfPage":{"@id":"https:\/\/fjala.info\/2009-2015\/limes-ja-shqiperia-e-sali-berishes\/"},"wordCount":1137,"commentCount":1,"publisher":{"@id":"https:\/\/fjala.info\/2009-2015\/#organization"},"image":{"@id":"https:\/\/fjala.info\/2009-2015\/limes-ja-shqiperia-e-sali-berishes\/#primaryimage"},"thumbnailUrl":"http:\/\/fjala.shkoder.net\/wp-content\/uploads\/2010\/10\/arben_rrozhani.jpg","articleSection":["Artikuj"],"inLanguage":"sq-AL","potentialAction":[{"@type":"CommentAction","name":"Comment","target":["https:\/\/fjala.info\/2009-2015\/limes-ja-shqiperia-e-sali-berishes\/#respond"]}]},{"@type":"WebPage","@id":"https:\/\/fjala.info\/2009-2015\/limes-ja-shqiperia-e-sali-berishes\/","url":"https:\/\/fjala.info\/2009-2015\/limes-ja-shqiperia-e-sali-berishes\/","name":"\"Limes\": Ja Shqip\u00ebria e Sali Berish\u00ebs - FjALA e LIR\u00cb - Arkivi","isPartOf":{"@id":"https:\/\/fjala.info\/2009-2015\/#website"},"primaryImageOfPage":{"@id":"https:\/\/fjala.info\/2009-2015\/limes-ja-shqiperia-e-sali-berishes\/#primaryimage"},"image":{"@id":"https:\/\/fjala.info\/2009-2015\/limes-ja-shqiperia-e-sali-berishes\/#primaryimage"},"thumbnailUrl":"http:\/\/fjala.shkoder.net\/wp-content\/uploads\/2010\/10\/arben_rrozhani.jpg","datePublished":"2011-02-06T20:46:54+00:00","breadcrumb":{"@id":"https:\/\/fjala.info\/2009-2015\/limes-ja-shqiperia-e-sali-berishes\/#breadcrumb"},"inLanguage":"sq-AL","potentialAction":[{"@type":"ReadAction","target":["https:\/\/fjala.info\/2009-2015\/limes-ja-shqiperia-e-sali-berishes\/"]}]},{"@type":"ImageObject","inLanguage":"sq-AL","@id":"https:\/\/fjala.info\/2009-2015\/limes-ja-shqiperia-e-sali-berishes\/#primaryimage","url":"http:\/\/fjala.shkoder.net\/wp-content\/uploads\/2010\/10\/arben_rrozhani.jpg","contentUrl":"http:\/\/fjala.shkoder.net\/wp-content\/uploads\/2010\/10\/arben_rrozhani.jpg"},{"@type":"BreadcrumbList","@id":"https:\/\/fjala.info\/2009-2015\/limes-ja-shqiperia-e-sali-berishes\/#breadcrumb","itemListElement":[{"@type":"ListItem","position":1,"name":"Home","item":"https:\/\/fjala.info\/2009-2015\/"},{"@type":"ListItem","position":2,"name":"&#8220;Limes&#8221;: Ja Shqip\u00ebria e Sali Berish\u00ebs"}]},{"@type":"WebSite","@id":"https:\/\/fjala.info\/2009-2015\/#website","url":"https:\/\/fjala.info\/2009-2015\/","name":"FjALA e LIR\u00cb - Arkivi","description":"Arkivi 2009-2015","publisher":{"@id":"https:\/\/fjala.info\/2009-2015\/#organization"},"potentialAction":[{"@type":"SearchAction","target":{"@type":"EntryPoint","urlTemplate":"https:\/\/fjala.info\/2009-2015\/?s={search_term_string}"},"query-input":{"@type":"PropertyValueSpecification","valueRequired":true,"valueName":"search_term_string"}}],"inLanguage":"sq-AL"},{"@type":"Organization","@id":"https:\/\/fjala.info\/2009-2015\/#organization","name":"FjALA e LIR\u00cb - Arkivi","url":"https:\/\/fjala.info\/2009-2015\/","logo":{"@type":"ImageObject","inLanguage":"sq-AL","@id":"https:\/\/fjala.info\/2009-2015\/#\/schema\/logo\/image\/","url":"","contentUrl":"","caption":"FjALA e LIR\u00cb - Arkivi"},"image":{"@id":"https:\/\/fjala.info\/2009-2015\/#\/schema\/logo\/image\/"}},{"@type":"Person","@id":"https:\/\/fjala.info\/2009-2015\/#\/schema\/person\/3aa1163ef05469c496fc94e77611ada2","name":"admin","image":{"@type":"ImageObject","inLanguage":"sq-AL","@id":"https:\/\/fjala.info\/2009-2015\/wp-content\/uploads\/2012\/02\/arben_cokaj-120x150.jpg","url":"https:\/\/fjala.info\/2009-2015\/wp-content\/uploads\/2012\/02\/arben_cokaj-120x150.jpg","contentUrl":"https:\/\/fjala.info\/2009-2015\/wp-content\/uploads\/2012\/02\/arben_cokaj-120x150.jpg","caption":"admin"},"description":"Admin, Fjala e Lir\u00eb","sameAs":["https:\/\/fjala.info\/"],"url":"https:\/\/fjala.info\/2009-2015\/author\/admin\/"}]}},"_links":{"self":[{"href":"https:\/\/fjala.info\/2009-2015\/wp-json\/wp\/v2\/posts\/6217","targetHints":{"allow":["GET"]}}],"collection":[{"href":"https:\/\/fjala.info\/2009-2015\/wp-json\/wp\/v2\/posts"}],"about":[{"href":"https:\/\/fjala.info\/2009-2015\/wp-json\/wp\/v2\/types\/post"}],"author":[{"embeddable":true,"href":"https:\/\/fjala.info\/2009-2015\/wp-json\/wp\/v2\/users\/1"}],"replies":[{"embeddable":true,"href":"https:\/\/fjala.info\/2009-2015\/wp-json\/wp\/v2\/comments?post=6217"}],"version-history":[{"count":0,"href":"https:\/\/fjala.info\/2009-2015\/wp-json\/wp\/v2\/posts\/6217\/revisions"}],"wp:attachment":[{"href":"https:\/\/fjala.info\/2009-2015\/wp-json\/wp\/v2\/media?parent=6217"}],"wp:term":[{"taxonomy":"category","embeddable":true,"href":"https:\/\/fjala.info\/2009-2015\/wp-json\/wp\/v2\/categories?post=6217"},{"taxonomy":"post_tag","embeddable":true,"href":"https:\/\/fjala.info\/2009-2015\/wp-json\/wp\/v2\/tags?post=6217"}],"curies":[{"name":"wp","href":"https:\/\/api.w.org\/{rel}","templated":true}]}}