{"id":6215,"date":"2011-02-06T21:32:57","date_gmt":"2011-02-06T20:32:57","guid":{"rendered":"http:\/\/fjala.shkoder.net\/?p=6215"},"modified":"2011-02-06T21:32:57","modified_gmt":"2011-02-06T20:32:57","slug":"duhet-nje-star-kunder-vdekjes","status":"publish","type":"post","link":"https:\/\/fjala.info\/2009-2015\/duhet-nje-star-kunder-vdekjes\/","title":{"rendered":"Duhet nj\u00eb star kund\u00ebr vdekjes"},"content":{"rendered":"<p><img loading=\"lazy\" decoding=\"async\" class=\"alignright size-full wp-image-5841\" title=\"vrasja_dyte\" src=\"http:\/\/fjala.shkoder.net\/wp-content\/uploads\/2011\/01\/vrasja_dyte.jpg\" alt=\"\" width=\"300\" height=\"200\" \/><br \/>\nNga <strong>Anila Basha<\/strong><\/p>\n<p>Po, po&#8230;Turizmin shqiptar nuk mund ta prish\u00eb nj\u00eb 21 janar. Nuk mund ta prishin as 4 viktima, p\u00ebr t\u00eb cil\u00ebt sot ka fajtor\u00eb, por ende nuk ka autor\u00eb\u00b4. Jan\u00eb rritur \u00e7mimet e ila\u00e7eve, por nuk duhet t\u00eb zbythemi se nuk kemi lek\u00eb. \u00cbsht\u00eb rritur edhe \u00e7mimi i buk\u00ebs, edhe \u00e7mimi i gazit, por ne nuk do t\u2019ia heqim n\u00eb asnj\u00eb moment k\u00ebnaq\u00ebsin\u00eb shqiptar\u00ebve, p\u00ebr t\u00eb shijuar me para n\u00eb dor\u00eb yjet e muzik\u00ebs bot\u00ebrore. Na duhet nj\u00eb \u201cstar\u201d q\u00eb t\u00eb na sjell\u00eb g\u00ebzimin q\u00eb na e hoqi nga syt\u00eb tan\u00eb kjo opozit\u00eb, q\u00eb nuk merr vesh se pushteti nuk merret me dhun\u00eb, por vet\u00ebm me zgjedhje.<\/p>\n<p>E pra, p\u00ebr k\u00ebt\u00eb, do t\u00eb mir\u00ebpresim k\u00ebt\u00eb vit n\u00eb Shqip\u00ebri, Shakir\u00ebn. Keni kund\u00ebrshtime? Po mir\u00eb, t\u00eb votojm\u00eb. Cilat jan\u00eb kandidaturat? Kush e ka \u00e7mimin m\u00eb t\u00eb lart\u00eb: Amy Winehouse? Ledy Gaga?&#8230;S\u2019keni kund\u00ebrshtime? T\u2019i sjellim t\u00eb gjitha k\u00ebtu at\u00ebher\u00eb. Nuk mund ta zhvillojm\u00eb turizmin vet\u00ebm me \u00c7iljet\u00ebn, apo me Elita 5. K\u00ebta jan\u00eb tan\u00ebt tani. Na duhet nj\u00eb k\u00ebng\u00ebtare e madhe, q\u00eb kushton shum\u00eb, q\u00eb t\u00eb rikthejm\u00eb imazhin q\u00eb na e prishi 21 janari. Nuk mund t\u00eb jet\u00eb Shqip\u00ebria ajo e djegies s\u00eb makinave n\u00eb bulevardin e lavireve, por do t\u00eb jet\u00eb ajo Shqip\u00ebria q\u00eb ndryshon. Dhe p\u00ebr k\u00ebt\u00eb duhet t\u00eb porositen urgjent spote n\u00eb CNN dhe n\u00eb Euronews.<\/p>\n<p>Ky ishte monologu jo dhe aq imagjinar i kryeministrit n\u00eb mbledhjen e djeshme, kur nd\u00ebrkoh\u00eb n\u00eb televizione, apo n\u00eb lap-top\u00ebt q\u00eb kan\u00eb p\u00ebrpara vetes \u00e7do minist\u00ebr i qeveris\u00eb, sapo kishte ardhur njoftimi se demonstruesi i kat\u00ebrt i protest\u00ebs s\u00eb opozit\u00ebs kishte mbyllur syt\u00eb n\u00eb nj\u00eb spital n\u00eb Ankara. N\u00eb mos \u00ebsht\u00eb provokim p\u00ebr opozit\u00ebn, \u00ebsht\u00eb keqdashje nga ana e kryeministrit q\u00eb pik\u00ebrisht n\u00eb nj\u00eb dit\u00eb si kjo, shfaqi ciniz\u00ebm p\u00ebr jet\u00ebt e humbura n\u00eb at\u00eb demonstrat\u00eb.<\/p>\n<p>P\u00ebr buxhetin ton\u00eb t\u00eb varf\u00ebr, edhe 1 milion euro jan\u00eb shum\u00eb p\u00ebr t\u2019u shpenzuar n\u00eb nj\u00eb fushat\u00eb q\u00eb nj\u00eb yll bot\u00ebror t\u00eb na nderoj\u00eb n\u00eb nj\u00eb koncert n\u00eb sheshin \u201cN\u00ebn\u00eb Tereza\u201d. Mir\u00eb do ishte t\u00eb kishim luksin q\u00eb t\u2019i shijonim koncerte t\u00eb tilla n\u00eb vend, por n\u00eb nj\u00eb vend si i yni, ku t\u00eb ardhurat p\u00ebr frym\u00eb jan\u00eb m\u00eb t\u00eb ul\u00ebtat n\u00eb t\u00eb gjith\u00eb rajonin dhe jo vet\u00ebm, ky \u00ebsht\u00eb nj\u00eb luks i tepruar. Turizmin n\u00eb Shqip\u00ebri nuk e kthen dot as Lady Gaga, as Amy Winehouse e as Shakira. E kthejn\u00eb qytetar\u00ebt e k\u00ebtij vendi. Dhe ky vend sot nuk \u00ebsht\u00eb n\u00eb gjendje as nga ana shpirt\u00ebrore, e as nga ana financiare t\u00eb pres\u00eb \u201cstar\u201d-in e huaj q\u00eb t\u00eb na kthej\u00eb humorin e prishur.<\/p>\n","protected":false},"excerpt":{"rendered":"<p>Nga Anila Basha Po, po&#8230;Turizmin shqiptar nuk mund ta prish\u00eb nj\u00eb 21 janar. Nuk mund ta prishin as 4 viktima, p\u00ebr t\u00eb cil\u00ebt sot ka fajtor\u00eb, por ende nuk ka autor\u00eb\u00b4. Jan\u00eb rritur \u00e7mimet e ila\u00e7eve, por nuk duhet t\u00eb zbythemi se nuk kemi lek\u00eb. \u00cbsht\u00eb rritur edhe \u00e7mimi i buk\u00ebs, edhe \u00e7mimi i gazit, [&hellip;]<\/p>\n","protected":false},"author":1,"featured_media":0,"comment_status":"open","ping_status":"closed","sticky":false,"template":"","format":"standard","meta":{"footnotes":""},"categories":[2],"tags":[],"class_list":{"0":"post-6215","1":"post","2":"type-post","3":"status-publish","4":"format-standard","6":"category-artikuj"},"yoast_head":"<!-- This site is optimized with the Yoast SEO plugin v27.4 - https:\/\/yoast.com\/product\/yoast-seo-wordpress\/ -->\n<title>Duhet nj\u00eb star kund\u00ebr vdekjes - FjALA e LIR\u00cb - Arkivi<\/title>\n<meta name=\"robots\" content=\"index, follow, max-snippet:-1, max-image-preview:large, max-video-preview:-1\" \/>\n<link rel=\"canonical\" href=\"https:\/\/fjala.info\/2009-2015\/duhet-nje-star-kunder-vdekjes\/\" \/>\n<meta property=\"og:locale\" content=\"sq_AL\" \/>\n<meta property=\"og:type\" content=\"article\" \/>\n<meta property=\"og:title\" content=\"Duhet nj\u00eb star kund\u00ebr vdekjes - FjALA e LIR\u00cb - Arkivi\" \/>\n<meta property=\"og:description\" content=\"Nga Anila Basha Po, po&#8230;Turizmin shqiptar nuk mund ta prish\u00eb nj\u00eb 21 janar. Nuk mund ta prishin as 4 viktima, p\u00ebr t\u00eb cil\u00ebt sot ka fajtor\u00eb, por ende nuk ka autor\u00eb\u00b4. Jan\u00eb rritur \u00e7mimet e ila\u00e7eve, por nuk duhet t\u00eb zbythemi se nuk kemi lek\u00eb. \u00cbsht\u00eb rritur edhe \u00e7mimi i buk\u00ebs, edhe \u00e7mimi i gazit, [&hellip;]\" \/>\n<meta property=\"og:url\" content=\"https:\/\/fjala.info\/2009-2015\/duhet-nje-star-kunder-vdekjes\/\" \/>\n<meta property=\"og:site_name\" content=\"FjALA e LIR\u00cb - Arkivi\" \/>\n<meta property=\"article:published_time\" content=\"2011-02-06T20:32:57+00:00\" \/>\n<meta property=\"og:image\" content=\"http:\/\/fjala.shkoder.net\/wp-content\/uploads\/2011\/01\/vrasja_dyte.jpg\" \/>\n<meta name=\"author\" content=\"admin\" \/>\n<meta name=\"twitter:card\" content=\"summary_large_image\" \/>\n<meta name=\"twitter:label1\" content=\"Written by\" \/>\n\t<meta name=\"twitter:data1\" content=\"admin\" \/>\n\t<meta name=\"twitter:label2\" content=\"Est. reading time\" \/>\n\t<meta name=\"twitter:data2\" content=\"2 minutes\" \/>\n<script type=\"application\/ld+json\" class=\"yoast-schema-graph\">{\"@context\":\"https:\\\/\\\/schema.org\",\"@graph\":[{\"@type\":\"Article\",\"@id\":\"https:\\\/\\\/fjala.info\\\/2009-2015\\\/duhet-nje-star-kunder-vdekjes\\\/#article\",\"isPartOf\":{\"@id\":\"https:\\\/\\\/fjala.info\\\/2009-2015\\\/duhet-nje-star-kunder-vdekjes\\\/\"},\"author\":{\"name\":\"admin\",\"@id\":\"https:\\\/\\\/fjala.info\\\/2009-2015\\\/#\\\/schema\\\/person\\\/3aa1163ef05469c496fc94e77611ada2\"},\"headline\":\"Duhet nj\u00eb star kund\u00ebr vdekjes\",\"datePublished\":\"2011-02-06T20:32:57+00:00\",\"mainEntityOfPage\":{\"@id\":\"https:\\\/\\\/fjala.info\\\/2009-2015\\\/duhet-nje-star-kunder-vdekjes\\\/\"},\"wordCount\":485,\"commentCount\":0,\"publisher\":{\"@id\":\"https:\\\/\\\/fjala.info\\\/2009-2015\\\/#organization\"},\"image\":{\"@id\":\"https:\\\/\\\/fjala.info\\\/2009-2015\\\/duhet-nje-star-kunder-vdekjes\\\/#primaryimage\"},\"thumbnailUrl\":\"http:\\\/\\\/fjala.shkoder.net\\\/wp-content\\\/uploads\\\/2011\\\/01\\\/vrasja_dyte.jpg\",\"articleSection\":[\"Artikuj\"],\"inLanguage\":\"sq-AL\",\"potentialAction\":[{\"@type\":\"CommentAction\",\"name\":\"Comment\",\"target\":[\"https:\\\/\\\/fjala.info\\\/2009-2015\\\/duhet-nje-star-kunder-vdekjes\\\/#respond\"]}]},{\"@type\":\"WebPage\",\"@id\":\"https:\\\/\\\/fjala.info\\\/2009-2015\\\/duhet-nje-star-kunder-vdekjes\\\/\",\"url\":\"https:\\\/\\\/fjala.info\\\/2009-2015\\\/duhet-nje-star-kunder-vdekjes\\\/\",\"name\":\"Duhet nj\u00eb star kund\u00ebr vdekjes - FjALA e LIR\u00cb - Arkivi\",\"isPartOf\":{\"@id\":\"https:\\\/\\\/fjala.info\\\/2009-2015\\\/#website\"},\"primaryImageOfPage\":{\"@id\":\"https:\\\/\\\/fjala.info\\\/2009-2015\\\/duhet-nje-star-kunder-vdekjes\\\/#primaryimage\"},\"image\":{\"@id\":\"https:\\\/\\\/fjala.info\\\/2009-2015\\\/duhet-nje-star-kunder-vdekjes\\\/#primaryimage\"},\"thumbnailUrl\":\"http:\\\/\\\/fjala.shkoder.net\\\/wp-content\\\/uploads\\\/2011\\\/01\\\/vrasja_dyte.jpg\",\"datePublished\":\"2011-02-06T20:32:57+00:00\",\"breadcrumb\":{\"@id\":\"https:\\\/\\\/fjala.info\\\/2009-2015\\\/duhet-nje-star-kunder-vdekjes\\\/#breadcrumb\"},\"inLanguage\":\"sq-AL\",\"potentialAction\":[{\"@type\":\"ReadAction\",\"target\":[\"https:\\\/\\\/fjala.info\\\/2009-2015\\\/duhet-nje-star-kunder-vdekjes\\\/\"]}]},{\"@type\":\"ImageObject\",\"inLanguage\":\"sq-AL\",\"@id\":\"https:\\\/\\\/fjala.info\\\/2009-2015\\\/duhet-nje-star-kunder-vdekjes\\\/#primaryimage\",\"url\":\"http:\\\/\\\/fjala.shkoder.net\\\/wp-content\\\/uploads\\\/2011\\\/01\\\/vrasja_dyte.jpg\",\"contentUrl\":\"http:\\\/\\\/fjala.shkoder.net\\\/wp-content\\\/uploads\\\/2011\\\/01\\\/vrasja_dyte.jpg\"},{\"@type\":\"BreadcrumbList\",\"@id\":\"https:\\\/\\\/fjala.info\\\/2009-2015\\\/duhet-nje-star-kunder-vdekjes\\\/#breadcrumb\",\"itemListElement\":[{\"@type\":\"ListItem\",\"position\":1,\"name\":\"Home\",\"item\":\"https:\\\/\\\/fjala.info\\\/2009-2015\\\/\"},{\"@type\":\"ListItem\",\"position\":2,\"name\":\"Duhet nj\u00eb star kund\u00ebr vdekjes\"}]},{\"@type\":\"WebSite\",\"@id\":\"https:\\\/\\\/fjala.info\\\/2009-2015\\\/#website\",\"url\":\"https:\\\/\\\/fjala.info\\\/2009-2015\\\/\",\"name\":\"FjALA e LIR\u00cb - Arkivi\",\"description\":\"Arkivi 2009-2015\",\"publisher\":{\"@id\":\"https:\\\/\\\/fjala.info\\\/2009-2015\\\/#organization\"},\"potentialAction\":[{\"@type\":\"SearchAction\",\"target\":{\"@type\":\"EntryPoint\",\"urlTemplate\":\"https:\\\/\\\/fjala.info\\\/2009-2015\\\/?s={search_term_string}\"},\"query-input\":{\"@type\":\"PropertyValueSpecification\",\"valueRequired\":true,\"valueName\":\"search_term_string\"}}],\"inLanguage\":\"sq-AL\"},{\"@type\":\"Organization\",\"@id\":\"https:\\\/\\\/fjala.info\\\/2009-2015\\\/#organization\",\"name\":\"FjALA e LIR\u00cb - Arkivi\",\"url\":\"https:\\\/\\\/fjala.info\\\/2009-2015\\\/\",\"logo\":{\"@type\":\"ImageObject\",\"inLanguage\":\"sq-AL\",\"@id\":\"https:\\\/\\\/fjala.info\\\/2009-2015\\\/#\\\/schema\\\/logo\\\/image\\\/\",\"url\":\"\",\"contentUrl\":\"\",\"caption\":\"FjALA e LIR\u00cb - Arkivi\"},\"image\":{\"@id\":\"https:\\\/\\\/fjala.info\\\/2009-2015\\\/#\\\/schema\\\/logo\\\/image\\\/\"}},{\"@type\":\"Person\",\"@id\":\"https:\\\/\\\/fjala.info\\\/2009-2015\\\/#\\\/schema\\\/person\\\/3aa1163ef05469c496fc94e77611ada2\",\"name\":\"admin\",\"image\":{\"@type\":\"ImageObject\",\"inLanguage\":\"sq-AL\",\"@id\":\"https:\\\/\\\/fjala.info\\\/2009-2015\\\/wp-content\\\/uploads\\\/2012\\\/02\\\/arben_cokaj-120x150.jpg\",\"url\":\"https:\\\/\\\/fjala.info\\\/2009-2015\\\/wp-content\\\/uploads\\\/2012\\\/02\\\/arben_cokaj-120x150.jpg\",\"contentUrl\":\"https:\\\/\\\/fjala.info\\\/2009-2015\\\/wp-content\\\/uploads\\\/2012\\\/02\\\/arben_cokaj-120x150.jpg\",\"caption\":\"admin\"},\"description\":\"Admin, Fjala e Lir\u00eb\",\"sameAs\":[\"https:\\\/\\\/fjala.info\\\/\"],\"url\":\"https:\\\/\\\/fjala.info\\\/2009-2015\\\/author\\\/admin\\\/\"}]}<\/script>\n<!-- \/ Yoast SEO plugin. -->","yoast_head_json":{"title":"Duhet nj\u00eb star kund\u00ebr vdekjes - FjALA e LIR\u00cb - Arkivi","robots":{"index":"index","follow":"follow","max-snippet":"max-snippet:-1","max-image-preview":"max-image-preview:large","max-video-preview":"max-video-preview:-1"},"canonical":"https:\/\/fjala.info\/2009-2015\/duhet-nje-star-kunder-vdekjes\/","og_locale":"sq_AL","og_type":"article","og_title":"Duhet nj\u00eb star kund\u00ebr vdekjes - FjALA e LIR\u00cb - Arkivi","og_description":"Nga Anila Basha Po, po&#8230;Turizmin shqiptar nuk mund ta prish\u00eb nj\u00eb 21 janar. Nuk mund ta prishin as 4 viktima, p\u00ebr t\u00eb cil\u00ebt sot ka fajtor\u00eb, por ende nuk ka autor\u00eb\u00b4. Jan\u00eb rritur \u00e7mimet e ila\u00e7eve, por nuk duhet t\u00eb zbythemi se nuk kemi lek\u00eb. \u00cbsht\u00eb rritur edhe \u00e7mimi i buk\u00ebs, edhe \u00e7mimi i gazit, [&hellip;]","og_url":"https:\/\/fjala.info\/2009-2015\/duhet-nje-star-kunder-vdekjes\/","og_site_name":"FjALA e LIR\u00cb - Arkivi","article_published_time":"2011-02-06T20:32:57+00:00","og_image":[{"url":"http:\/\/fjala.shkoder.net\/wp-content\/uploads\/2011\/01\/vrasja_dyte.jpg","type":"","width":"","height":""}],"author":"admin","twitter_card":"summary_large_image","twitter_misc":{"Written by":"admin","Est. reading time":"2 minutes"},"schema":{"@context":"https:\/\/schema.org","@graph":[{"@type":"Article","@id":"https:\/\/fjala.info\/2009-2015\/duhet-nje-star-kunder-vdekjes\/#article","isPartOf":{"@id":"https:\/\/fjala.info\/2009-2015\/duhet-nje-star-kunder-vdekjes\/"},"author":{"name":"admin","@id":"https:\/\/fjala.info\/2009-2015\/#\/schema\/person\/3aa1163ef05469c496fc94e77611ada2"},"headline":"Duhet nj\u00eb star kund\u00ebr vdekjes","datePublished":"2011-02-06T20:32:57+00:00","mainEntityOfPage":{"@id":"https:\/\/fjala.info\/2009-2015\/duhet-nje-star-kunder-vdekjes\/"},"wordCount":485,"commentCount":0,"publisher":{"@id":"https:\/\/fjala.info\/2009-2015\/#organization"},"image":{"@id":"https:\/\/fjala.info\/2009-2015\/duhet-nje-star-kunder-vdekjes\/#primaryimage"},"thumbnailUrl":"http:\/\/fjala.shkoder.net\/wp-content\/uploads\/2011\/01\/vrasja_dyte.jpg","articleSection":["Artikuj"],"inLanguage":"sq-AL","potentialAction":[{"@type":"CommentAction","name":"Comment","target":["https:\/\/fjala.info\/2009-2015\/duhet-nje-star-kunder-vdekjes\/#respond"]}]},{"@type":"WebPage","@id":"https:\/\/fjala.info\/2009-2015\/duhet-nje-star-kunder-vdekjes\/","url":"https:\/\/fjala.info\/2009-2015\/duhet-nje-star-kunder-vdekjes\/","name":"Duhet nj\u00eb star kund\u00ebr vdekjes - FjALA e LIR\u00cb - Arkivi","isPartOf":{"@id":"https:\/\/fjala.info\/2009-2015\/#website"},"primaryImageOfPage":{"@id":"https:\/\/fjala.info\/2009-2015\/duhet-nje-star-kunder-vdekjes\/#primaryimage"},"image":{"@id":"https:\/\/fjala.info\/2009-2015\/duhet-nje-star-kunder-vdekjes\/#primaryimage"},"thumbnailUrl":"http:\/\/fjala.shkoder.net\/wp-content\/uploads\/2011\/01\/vrasja_dyte.jpg","datePublished":"2011-02-06T20:32:57+00:00","breadcrumb":{"@id":"https:\/\/fjala.info\/2009-2015\/duhet-nje-star-kunder-vdekjes\/#breadcrumb"},"inLanguage":"sq-AL","potentialAction":[{"@type":"ReadAction","target":["https:\/\/fjala.info\/2009-2015\/duhet-nje-star-kunder-vdekjes\/"]}]},{"@type":"ImageObject","inLanguage":"sq-AL","@id":"https:\/\/fjala.info\/2009-2015\/duhet-nje-star-kunder-vdekjes\/#primaryimage","url":"http:\/\/fjala.shkoder.net\/wp-content\/uploads\/2011\/01\/vrasja_dyte.jpg","contentUrl":"http:\/\/fjala.shkoder.net\/wp-content\/uploads\/2011\/01\/vrasja_dyte.jpg"},{"@type":"BreadcrumbList","@id":"https:\/\/fjala.info\/2009-2015\/duhet-nje-star-kunder-vdekjes\/#breadcrumb","itemListElement":[{"@type":"ListItem","position":1,"name":"Home","item":"https:\/\/fjala.info\/2009-2015\/"},{"@type":"ListItem","position":2,"name":"Duhet nj\u00eb star kund\u00ebr vdekjes"}]},{"@type":"WebSite","@id":"https:\/\/fjala.info\/2009-2015\/#website","url":"https:\/\/fjala.info\/2009-2015\/","name":"FjALA e LIR\u00cb - Arkivi","description":"Arkivi 2009-2015","publisher":{"@id":"https:\/\/fjala.info\/2009-2015\/#organization"},"potentialAction":[{"@type":"SearchAction","target":{"@type":"EntryPoint","urlTemplate":"https:\/\/fjala.info\/2009-2015\/?s={search_term_string}"},"query-input":{"@type":"PropertyValueSpecification","valueRequired":true,"valueName":"search_term_string"}}],"inLanguage":"sq-AL"},{"@type":"Organization","@id":"https:\/\/fjala.info\/2009-2015\/#organization","name":"FjALA e LIR\u00cb - Arkivi","url":"https:\/\/fjala.info\/2009-2015\/","logo":{"@type":"ImageObject","inLanguage":"sq-AL","@id":"https:\/\/fjala.info\/2009-2015\/#\/schema\/logo\/image\/","url":"","contentUrl":"","caption":"FjALA e LIR\u00cb - Arkivi"},"image":{"@id":"https:\/\/fjala.info\/2009-2015\/#\/schema\/logo\/image\/"}},{"@type":"Person","@id":"https:\/\/fjala.info\/2009-2015\/#\/schema\/person\/3aa1163ef05469c496fc94e77611ada2","name":"admin","image":{"@type":"ImageObject","inLanguage":"sq-AL","@id":"https:\/\/fjala.info\/2009-2015\/wp-content\/uploads\/2012\/02\/arben_cokaj-120x150.jpg","url":"https:\/\/fjala.info\/2009-2015\/wp-content\/uploads\/2012\/02\/arben_cokaj-120x150.jpg","contentUrl":"https:\/\/fjala.info\/2009-2015\/wp-content\/uploads\/2012\/02\/arben_cokaj-120x150.jpg","caption":"admin"},"description":"Admin, Fjala e Lir\u00eb","sameAs":["https:\/\/fjala.info\/"],"url":"https:\/\/fjala.info\/2009-2015\/author\/admin\/"}]}},"_links":{"self":[{"href":"https:\/\/fjala.info\/2009-2015\/wp-json\/wp\/v2\/posts\/6215","targetHints":{"allow":["GET"]}}],"collection":[{"href":"https:\/\/fjala.info\/2009-2015\/wp-json\/wp\/v2\/posts"}],"about":[{"href":"https:\/\/fjala.info\/2009-2015\/wp-json\/wp\/v2\/types\/post"}],"author":[{"embeddable":true,"href":"https:\/\/fjala.info\/2009-2015\/wp-json\/wp\/v2\/users\/1"}],"replies":[{"embeddable":true,"href":"https:\/\/fjala.info\/2009-2015\/wp-json\/wp\/v2\/comments?post=6215"}],"version-history":[{"count":0,"href":"https:\/\/fjala.info\/2009-2015\/wp-json\/wp\/v2\/posts\/6215\/revisions"}],"wp:attachment":[{"href":"https:\/\/fjala.info\/2009-2015\/wp-json\/wp\/v2\/media?parent=6215"}],"wp:term":[{"taxonomy":"category","embeddable":true,"href":"https:\/\/fjala.info\/2009-2015\/wp-json\/wp\/v2\/categories?post=6215"},{"taxonomy":"post_tag","embeddable":true,"href":"https:\/\/fjala.info\/2009-2015\/wp-json\/wp\/v2\/tags?post=6215"}],"curies":[{"name":"wp","href":"https:\/\/api.w.org\/{rel}","templated":true}]}}