{"id":6209,"date":"2011-02-06T12:44:12","date_gmt":"2011-02-06T11:44:12","guid":{"rendered":"http:\/\/fjala.shkoder.net\/?p=6209"},"modified":"2011-02-06T12:44:12","modified_gmt":"2011-02-06T11:44:12","slug":"zhduket-nga-garda-e-republikes-serveri-i-urdhrave-te-21-janarit","status":"publish","type":"post","link":"https:\/\/fjala.info\/2009-2015\/zhduket-nga-garda-e-republikes-serveri-i-urdhrave-te-21-janarit\/","title":{"rendered":"Zhduket nga Garda e Republik\u00ebs serveri i urdhrave t\u00eb 21 janarit"},"content":{"rendered":"<p><img loading=\"lazy\" decoding=\"async\" class=\"alignright size-medium wp-image-6210\" title=\"police_dhune_protesta_21janar\" src=\"http:\/\/fjala.shkoder.net\/wp-content\/uploads\/2011\/02\/police_dhune_protesta_21janar-300x243.jpg\" alt=\"\" width=\"300\" height=\"243\" \/><br \/>\n<strong>Flamur Vezaj<\/strong>, <em>06.02.2011<\/em><\/p>\n<p><em>Garda: Nuk ka server-memorie p\u00ebr komunikimet. Prokuroria: \u00cbsht\u00eb fshehur. Server t\u00eb till\u00eb ka patur q\u00eb n\u00eb 1997-n<\/em><\/p>\n<p><em>TIRAN\u00cb <\/em>&#8211; Garda e Republik\u00ebs &#8220;refuzon&#8221; t\u00eb jap\u00eb serverin e qendr\u00ebs operative t\u00eb nd\u00ebrlidhjes s\u00eb grupit hetimor t\u00eb 21 janarit, madje pretendon q\u00eb ky server nuk ekziston! Serveri n\u00eb fjal\u00eb p\u00ebrmban t\u00eb gjith\u00eb urdhrat e dh\u00ebn\u00eb n\u00eb 21 janar, nga t\u00eb cilat do zbuloheshin p\u00ebrgjegj\u00ebsit\u00eb konkrete p\u00ebr vrasjen e 4 protestuesve dhe plagosjen e 6 t\u00eb tjer\u00ebve nga Garda e Republik\u00ebs<\/p>\n<p>Lajmi konfirmohet nga burimet zyrtare t\u00eb Prokuroris\u00eb s\u00eb P\u00ebrgjithshme. Madje Garda e ka mohuar fare q\u00eb qendra operative e nd\u00ebrlidhjes q\u00eb ndodhet n\u00eb baz\u00ebn e Gard\u00ebs s\u00eb Republik\u00ebs t\u00eb ket\u00eb server q\u00eb ruan komunikimet me radio-lidhje, gj\u00eb kjo, praktikisht e pamundur.<\/p>\n<p>&#8220;Q\u00eb mbr\u00ebmjen e dat\u00ebs 21 janar \u00ebsht\u00eb k\u00ebrkuar nga drejtuesit e Gard\u00ebs s\u00eb Republik\u00ebs (akoma pa l\u00ebshuar urdh\u00ebr-ndalimet ndaj tyre) q\u00eb t\u00eb v\u00ebn\u00eb n\u00eb dispozicion t\u00eb hetuesve t\u00eb prokuroris\u00eb serverin qendror t\u00eb nd\u00ebrlidhjes q\u00eb p\u00ebrdorin efektiv\u00ebt e Gard\u00ebs. Kemi marr\u00eb p\u00ebrgjigje nga Komandanti i Gard\u00ebs gjeneral Ndrea Prendi se qendra operative nuk ka server t\u00eb memories&#8221;,- thuhet nga burimet e organit qendror t\u00eb akuz\u00ebs, t\u00eb cil\u00ebt ngren\u00eb dyshime p\u00ebr k\u00ebt\u00eb p\u00ebrgjigje t\u00eb komandantit Prendi, ligj\u00ebrisht person n\u00eb k\u00ebrkim.<\/p>\n<p>Realisht nuk ka mund\u00ebsi q\u00eb Garda e Republik\u00ebs t\u00eb mos ket\u00eb teknologjin\u00eb e re t\u00eb komunikimit. &#8220;Q\u00eb nga ajo dit\u00eb, kur u mohua nga Garda, se qendra operative e nd\u00ebrlidhjes nuk ka server, kemi ngritur dyshime p\u00ebr mos-bashk\u00ebpunimin me prokurorin\u00eb t\u00eb drejtuesve t\u00eb Gard\u00ebs. Ata nuk d\u00ebshirojn\u00eb t\u00eb identifikojn\u00eb urdh\u00ebr-dh\u00ebn\u00ebsit dhe\/ose personat e dyshuar n\u00eb mesin e gardist\u00ebve t\u00eb cil\u00ebt kan\u00eb q\u00eblluar drejt turm\u00ebs me arm\u00eb zjarri dhe fishek\u00eb luftarak\u00eb&#8221;-thuhet nga burimet e akuz\u00ebs.<\/p>\n<p>Sipas tyre, serveri qendror q\u00eb ruan komunikimet, identifikon personin q\u00eb ka urdh\u00ebruar gardist\u00ebt t\u00eb q\u00ebllojn\u00eb me arm\u00eb zjarri n\u00eb aj\u00ebr apo edhe n\u00eb drejtim t\u00eb turm\u00ebs. Hierarkia e Gard\u00ebs p\u00ebrcakton mbi Komandantin e Gard\u00ebs vet\u00ebm 2 zyrtar\u00eb t\u00eb lart\u00eb, ministrin e Brendsh\u00ebm dhe kryeministrin e vendit.<\/p>\n<p>&#8220;Mos dor\u00ebzimi i k\u00ebtij serveri qendror t\u00eb sall\u00ebs operative t\u00eb nd\u00ebrlidhjes, ka v\u00ebshtir\u00ebsuar pun\u00ebn e hetuesve&#8221;-thuhet nga burimet. Hetuesit dyshojn\u00eb se serveri \u00ebsht\u00eb fshehur. \u00cbsht\u00eb paradoksal fakti q\u00eb qysh n\u00eb vitin 1997 salla operative e nd\u00ebrlidhjes kishte server qendror, nd\u00ebrsa n\u00eb vitin 2011 Garda e Republik\u00ebs thot\u00eb q\u00eb nuk e disponon nj\u00eb t\u00eb till\u00eb.<\/p>\n<p>Po k\u00ebto burime sakt\u00ebsuan se nj\u00eb gj\u00eb t\u00eb till\u00eb \u00ebsht\u00eb mohuar edhe nga Policia e Shtetit, t\u00eb cil\u00ebt po t\u00eb nj\u00ebjt\u00ebn p\u00ebrgjigje i kan\u00eb dh\u00ebn\u00eb hetuesve t\u00eb \u00e7\u00ebshtjes, kur kan\u00eb k\u00ebrkuar sekuestrimin e serverit qendror t\u00eb sall\u00ebs operative t\u00eb komunikimeve me radio-lidhjeje.<\/p>\n<p>&#8220;Edhe n\u00eb polici \u00ebsht\u00eb k\u00ebrkuar serveri qendror p\u00ebr t\u00eb verifikuar dhe kontrolluar urdhrat q\u00eb jan\u00eb dh\u00ebn\u00eb nga epror\u00ebt n\u00eb radio-lidhje p\u00ebr forcat e policis\u00eb, t\u00eb cil\u00ebt p\u00ebrve\u00e7 hedhjes s\u00eb gazit lotsjell\u00ebs e plumbave t\u00eb gom\u00ebs drejt turm\u00ebs, kan\u00eb goditur e ushtruar dhun\u00eb edhe mbi gazetar\u00eb q\u00eb po raportonin p\u00ebr situat\u00ebn dhe kalimtar\u00eb t\u00eb rastit n\u00eb bulevardin &#8220;D\u00ebshmor\u00ebt e Kombit&#8221; pran\u00eb kryeministris\u00eb&#8217;- thuhet nga organi qendror i akuz\u00ebs. Sekuestrimi i k\u00ebtyre server\u00ebve qendror\u00eb do t\u00eb ndihmonte hetuesit p\u00ebr komunikimet q\u00eb jan\u00eb kryer dit\u00ebn e demonstrat\u00ebs mes urdh\u00ebr-dh\u00ebn\u00ebsve dhe urdh\u00ebr-zbatuesve n\u00eb terren.<\/p>\n","protected":false},"excerpt":{"rendered":"<p>Flamur Vezaj, 06.02.2011 Garda: Nuk ka server-memorie p\u00ebr komunikimet. Prokuroria: \u00cbsht\u00eb fshehur. Server t\u00eb till\u00eb ka patur q\u00eb n\u00eb 1997-n TIRAN\u00cb &#8211; Garda e Republik\u00ebs &#8220;refuzon&#8221; t\u00eb jap\u00eb serverin e qendr\u00ebs operative t\u00eb nd\u00ebrlidhjes s\u00eb grupit hetimor t\u00eb 21 janarit, madje pretendon q\u00eb ky server nuk ekziston! Serveri n\u00eb fjal\u00eb p\u00ebrmban t\u00eb gjith\u00eb urdhrat e [&hellip;]<\/p>\n","protected":false},"author":1,"featured_media":0,"comment_status":"open","ping_status":"closed","sticky":false,"template":"","format":"standard","meta":{"footnotes":""},"categories":[2],"tags":[],"class_list":{"0":"post-6209","1":"post","2":"type-post","3":"status-publish","4":"format-standard","6":"category-artikuj"},"yoast_head":"<!-- This site is optimized with the Yoast SEO plugin v27.4 - https:\/\/yoast.com\/product\/yoast-seo-wordpress\/ -->\n<title>Zhduket nga Garda e Republik\u00ebs serveri i urdhrave t\u00eb 21 janarit - FjALA e LIR\u00cb - Arkivi<\/title>\n<meta name=\"robots\" content=\"index, follow, max-snippet:-1, max-image-preview:large, max-video-preview:-1\" \/>\n<link rel=\"canonical\" href=\"https:\/\/fjala.info\/2009-2015\/zhduket-nga-garda-e-republikes-serveri-i-urdhrave-te-21-janarit\/\" \/>\n<meta property=\"og:locale\" content=\"sq_AL\" \/>\n<meta property=\"og:type\" content=\"article\" \/>\n<meta property=\"og:title\" content=\"Zhduket nga Garda e Republik\u00ebs serveri i urdhrave t\u00eb 21 janarit - FjALA e LIR\u00cb - Arkivi\" \/>\n<meta property=\"og:description\" content=\"Flamur Vezaj, 06.02.2011 Garda: Nuk ka server-memorie p\u00ebr komunikimet. Prokuroria: \u00cbsht\u00eb fshehur. Server t\u00eb till\u00eb ka patur q\u00eb n\u00eb 1997-n TIRAN\u00cb &#8211; Garda e Republik\u00ebs &#8220;refuzon&#8221; t\u00eb jap\u00eb serverin e qendr\u00ebs operative t\u00eb nd\u00ebrlidhjes s\u00eb grupit hetimor t\u00eb 21 janarit, madje pretendon q\u00eb ky server nuk ekziston! Serveri n\u00eb fjal\u00eb p\u00ebrmban t\u00eb gjith\u00eb urdhrat e [&hellip;]\" \/>\n<meta property=\"og:url\" content=\"https:\/\/fjala.info\/2009-2015\/zhduket-nga-garda-e-republikes-serveri-i-urdhrave-te-21-janarit\/\" \/>\n<meta property=\"og:site_name\" content=\"FjALA e LIR\u00cb - Arkivi\" \/>\n<meta property=\"article:published_time\" content=\"2011-02-06T11:44:12+00:00\" \/>\n<meta property=\"og:image\" content=\"http:\/\/fjala.shkoder.net\/wp-content\/uploads\/2011\/02\/police_dhune_protesta_21janar-300x243.jpg\" \/>\n<meta name=\"author\" content=\"admin\" \/>\n<meta name=\"twitter:card\" content=\"summary_large_image\" \/>\n<meta name=\"twitter:label1\" content=\"Written by\" \/>\n\t<meta name=\"twitter:data1\" content=\"admin\" \/>\n\t<meta name=\"twitter:label2\" content=\"Est. reading time\" \/>\n\t<meta name=\"twitter:data2\" content=\"3 minutes\" \/>\n<script type=\"application\/ld+json\" class=\"yoast-schema-graph\">{\"@context\":\"https:\\\/\\\/schema.org\",\"@graph\":[{\"@type\":\"Article\",\"@id\":\"https:\\\/\\\/fjala.info\\\/2009-2015\\\/zhduket-nga-garda-e-republikes-serveri-i-urdhrave-te-21-janarit\\\/#article\",\"isPartOf\":{\"@id\":\"https:\\\/\\\/fjala.info\\\/2009-2015\\\/zhduket-nga-garda-e-republikes-serveri-i-urdhrave-te-21-janarit\\\/\"},\"author\":{\"name\":\"admin\",\"@id\":\"https:\\\/\\\/fjala.info\\\/2009-2015\\\/#\\\/schema\\\/person\\\/3aa1163ef05469c496fc94e77611ada2\"},\"headline\":\"Zhduket nga Garda e Republik\u00ebs serveri i urdhrave t\u00eb 21 janarit\",\"datePublished\":\"2011-02-06T11:44:12+00:00\",\"mainEntityOfPage\":{\"@id\":\"https:\\\/\\\/fjala.info\\\/2009-2015\\\/zhduket-nga-garda-e-republikes-serveri-i-urdhrave-te-21-janarit\\\/\"},\"wordCount\":618,\"commentCount\":0,\"publisher\":{\"@id\":\"https:\\\/\\\/fjala.info\\\/2009-2015\\\/#organization\"},\"image\":{\"@id\":\"https:\\\/\\\/fjala.info\\\/2009-2015\\\/zhduket-nga-garda-e-republikes-serveri-i-urdhrave-te-21-janarit\\\/#primaryimage\"},\"thumbnailUrl\":\"http:\\\/\\\/fjala.shkoder.net\\\/wp-content\\\/uploads\\\/2011\\\/02\\\/police_dhune_protesta_21janar-300x243.jpg\",\"articleSection\":[\"Artikuj\"],\"inLanguage\":\"sq-AL\",\"potentialAction\":[{\"@type\":\"CommentAction\",\"name\":\"Comment\",\"target\":[\"https:\\\/\\\/fjala.info\\\/2009-2015\\\/zhduket-nga-garda-e-republikes-serveri-i-urdhrave-te-21-janarit\\\/#respond\"]}]},{\"@type\":\"WebPage\",\"@id\":\"https:\\\/\\\/fjala.info\\\/2009-2015\\\/zhduket-nga-garda-e-republikes-serveri-i-urdhrave-te-21-janarit\\\/\",\"url\":\"https:\\\/\\\/fjala.info\\\/2009-2015\\\/zhduket-nga-garda-e-republikes-serveri-i-urdhrave-te-21-janarit\\\/\",\"name\":\"Zhduket nga Garda e Republik\u00ebs serveri i urdhrave t\u00eb 21 janarit - FjALA e LIR\u00cb - Arkivi\",\"isPartOf\":{\"@id\":\"https:\\\/\\\/fjala.info\\\/2009-2015\\\/#website\"},\"primaryImageOfPage\":{\"@id\":\"https:\\\/\\\/fjala.info\\\/2009-2015\\\/zhduket-nga-garda-e-republikes-serveri-i-urdhrave-te-21-janarit\\\/#primaryimage\"},\"image\":{\"@id\":\"https:\\\/\\\/fjala.info\\\/2009-2015\\\/zhduket-nga-garda-e-republikes-serveri-i-urdhrave-te-21-janarit\\\/#primaryimage\"},\"thumbnailUrl\":\"http:\\\/\\\/fjala.shkoder.net\\\/wp-content\\\/uploads\\\/2011\\\/02\\\/police_dhune_protesta_21janar-300x243.jpg\",\"datePublished\":\"2011-02-06T11:44:12+00:00\",\"breadcrumb\":{\"@id\":\"https:\\\/\\\/fjala.info\\\/2009-2015\\\/zhduket-nga-garda-e-republikes-serveri-i-urdhrave-te-21-janarit\\\/#breadcrumb\"},\"inLanguage\":\"sq-AL\",\"potentialAction\":[{\"@type\":\"ReadAction\",\"target\":[\"https:\\\/\\\/fjala.info\\\/2009-2015\\\/zhduket-nga-garda-e-republikes-serveri-i-urdhrave-te-21-janarit\\\/\"]}]},{\"@type\":\"ImageObject\",\"inLanguage\":\"sq-AL\",\"@id\":\"https:\\\/\\\/fjala.info\\\/2009-2015\\\/zhduket-nga-garda-e-republikes-serveri-i-urdhrave-te-21-janarit\\\/#primaryimage\",\"url\":\"http:\\\/\\\/fjala.shkoder.net\\\/wp-content\\\/uploads\\\/2011\\\/02\\\/police_dhune_protesta_21janar-300x243.jpg\",\"contentUrl\":\"http:\\\/\\\/fjala.shkoder.net\\\/wp-content\\\/uploads\\\/2011\\\/02\\\/police_dhune_protesta_21janar-300x243.jpg\"},{\"@type\":\"BreadcrumbList\",\"@id\":\"https:\\\/\\\/fjala.info\\\/2009-2015\\\/zhduket-nga-garda-e-republikes-serveri-i-urdhrave-te-21-janarit\\\/#breadcrumb\",\"itemListElement\":[{\"@type\":\"ListItem\",\"position\":1,\"name\":\"Home\",\"item\":\"https:\\\/\\\/fjala.info\\\/2009-2015\\\/\"},{\"@type\":\"ListItem\",\"position\":2,\"name\":\"Zhduket nga Garda e Republik\u00ebs serveri i urdhrave t\u00eb 21 janarit\"}]},{\"@type\":\"WebSite\",\"@id\":\"https:\\\/\\\/fjala.info\\\/2009-2015\\\/#website\",\"url\":\"https:\\\/\\\/fjala.info\\\/2009-2015\\\/\",\"name\":\"FjALA e LIR\u00cb - Arkivi\",\"description\":\"Arkivi 2009-2015\",\"publisher\":{\"@id\":\"https:\\\/\\\/fjala.info\\\/2009-2015\\\/#organization\"},\"potentialAction\":[{\"@type\":\"SearchAction\",\"target\":{\"@type\":\"EntryPoint\",\"urlTemplate\":\"https:\\\/\\\/fjala.info\\\/2009-2015\\\/?s={search_term_string}\"},\"query-input\":{\"@type\":\"PropertyValueSpecification\",\"valueRequired\":true,\"valueName\":\"search_term_string\"}}],\"inLanguage\":\"sq-AL\"},{\"@type\":\"Organization\",\"@id\":\"https:\\\/\\\/fjala.info\\\/2009-2015\\\/#organization\",\"name\":\"FjALA e LIR\u00cb - Arkivi\",\"url\":\"https:\\\/\\\/fjala.info\\\/2009-2015\\\/\",\"logo\":{\"@type\":\"ImageObject\",\"inLanguage\":\"sq-AL\",\"@id\":\"https:\\\/\\\/fjala.info\\\/2009-2015\\\/#\\\/schema\\\/logo\\\/image\\\/\",\"url\":\"\",\"contentUrl\":\"\",\"caption\":\"FjALA e LIR\u00cb - Arkivi\"},\"image\":{\"@id\":\"https:\\\/\\\/fjala.info\\\/2009-2015\\\/#\\\/schema\\\/logo\\\/image\\\/\"}},{\"@type\":\"Person\",\"@id\":\"https:\\\/\\\/fjala.info\\\/2009-2015\\\/#\\\/schema\\\/person\\\/3aa1163ef05469c496fc94e77611ada2\",\"name\":\"admin\",\"image\":{\"@type\":\"ImageObject\",\"inLanguage\":\"sq-AL\",\"@id\":\"https:\\\/\\\/fjala.info\\\/2009-2015\\\/wp-content\\\/uploads\\\/2012\\\/02\\\/arben_cokaj-120x150.jpg\",\"url\":\"https:\\\/\\\/fjala.info\\\/2009-2015\\\/wp-content\\\/uploads\\\/2012\\\/02\\\/arben_cokaj-120x150.jpg\",\"contentUrl\":\"https:\\\/\\\/fjala.info\\\/2009-2015\\\/wp-content\\\/uploads\\\/2012\\\/02\\\/arben_cokaj-120x150.jpg\",\"caption\":\"admin\"},\"description\":\"Admin, Fjala e Lir\u00eb\",\"sameAs\":[\"https:\\\/\\\/fjala.info\\\/\"],\"url\":\"https:\\\/\\\/fjala.info\\\/2009-2015\\\/author\\\/admin\\\/\"}]}<\/script>\n<!-- \/ Yoast SEO plugin. -->","yoast_head_json":{"title":"Zhduket nga Garda e Republik\u00ebs serveri i urdhrave t\u00eb 21 janarit - FjALA e LIR\u00cb - Arkivi","robots":{"index":"index","follow":"follow","max-snippet":"max-snippet:-1","max-image-preview":"max-image-preview:large","max-video-preview":"max-video-preview:-1"},"canonical":"https:\/\/fjala.info\/2009-2015\/zhduket-nga-garda-e-republikes-serveri-i-urdhrave-te-21-janarit\/","og_locale":"sq_AL","og_type":"article","og_title":"Zhduket nga Garda e Republik\u00ebs serveri i urdhrave t\u00eb 21 janarit - FjALA e LIR\u00cb - Arkivi","og_description":"Flamur Vezaj, 06.02.2011 Garda: Nuk ka server-memorie p\u00ebr komunikimet. Prokuroria: \u00cbsht\u00eb fshehur. Server t\u00eb till\u00eb ka patur q\u00eb n\u00eb 1997-n TIRAN\u00cb &#8211; Garda e Republik\u00ebs &#8220;refuzon&#8221; t\u00eb jap\u00eb serverin e qendr\u00ebs operative t\u00eb nd\u00ebrlidhjes s\u00eb grupit hetimor t\u00eb 21 janarit, madje pretendon q\u00eb ky server nuk ekziston! Serveri n\u00eb fjal\u00eb p\u00ebrmban t\u00eb gjith\u00eb urdhrat e [&hellip;]","og_url":"https:\/\/fjala.info\/2009-2015\/zhduket-nga-garda-e-republikes-serveri-i-urdhrave-te-21-janarit\/","og_site_name":"FjALA e LIR\u00cb - Arkivi","article_published_time":"2011-02-06T11:44:12+00:00","og_image":[{"url":"http:\/\/fjala.shkoder.net\/wp-content\/uploads\/2011\/02\/police_dhune_protesta_21janar-300x243.jpg","type":"","width":"","height":""}],"author":"admin","twitter_card":"summary_large_image","twitter_misc":{"Written by":"admin","Est. reading time":"3 minutes"},"schema":{"@context":"https:\/\/schema.org","@graph":[{"@type":"Article","@id":"https:\/\/fjala.info\/2009-2015\/zhduket-nga-garda-e-republikes-serveri-i-urdhrave-te-21-janarit\/#article","isPartOf":{"@id":"https:\/\/fjala.info\/2009-2015\/zhduket-nga-garda-e-republikes-serveri-i-urdhrave-te-21-janarit\/"},"author":{"name":"admin","@id":"https:\/\/fjala.info\/2009-2015\/#\/schema\/person\/3aa1163ef05469c496fc94e77611ada2"},"headline":"Zhduket nga Garda e Republik\u00ebs serveri i urdhrave t\u00eb 21 janarit","datePublished":"2011-02-06T11:44:12+00:00","mainEntityOfPage":{"@id":"https:\/\/fjala.info\/2009-2015\/zhduket-nga-garda-e-republikes-serveri-i-urdhrave-te-21-janarit\/"},"wordCount":618,"commentCount":0,"publisher":{"@id":"https:\/\/fjala.info\/2009-2015\/#organization"},"image":{"@id":"https:\/\/fjala.info\/2009-2015\/zhduket-nga-garda-e-republikes-serveri-i-urdhrave-te-21-janarit\/#primaryimage"},"thumbnailUrl":"http:\/\/fjala.shkoder.net\/wp-content\/uploads\/2011\/02\/police_dhune_protesta_21janar-300x243.jpg","articleSection":["Artikuj"],"inLanguage":"sq-AL","potentialAction":[{"@type":"CommentAction","name":"Comment","target":["https:\/\/fjala.info\/2009-2015\/zhduket-nga-garda-e-republikes-serveri-i-urdhrave-te-21-janarit\/#respond"]}]},{"@type":"WebPage","@id":"https:\/\/fjala.info\/2009-2015\/zhduket-nga-garda-e-republikes-serveri-i-urdhrave-te-21-janarit\/","url":"https:\/\/fjala.info\/2009-2015\/zhduket-nga-garda-e-republikes-serveri-i-urdhrave-te-21-janarit\/","name":"Zhduket nga Garda e Republik\u00ebs serveri i urdhrave t\u00eb 21 janarit - FjALA e LIR\u00cb - Arkivi","isPartOf":{"@id":"https:\/\/fjala.info\/2009-2015\/#website"},"primaryImageOfPage":{"@id":"https:\/\/fjala.info\/2009-2015\/zhduket-nga-garda-e-republikes-serveri-i-urdhrave-te-21-janarit\/#primaryimage"},"image":{"@id":"https:\/\/fjala.info\/2009-2015\/zhduket-nga-garda-e-republikes-serveri-i-urdhrave-te-21-janarit\/#primaryimage"},"thumbnailUrl":"http:\/\/fjala.shkoder.net\/wp-content\/uploads\/2011\/02\/police_dhune_protesta_21janar-300x243.jpg","datePublished":"2011-02-06T11:44:12+00:00","breadcrumb":{"@id":"https:\/\/fjala.info\/2009-2015\/zhduket-nga-garda-e-republikes-serveri-i-urdhrave-te-21-janarit\/#breadcrumb"},"inLanguage":"sq-AL","potentialAction":[{"@type":"ReadAction","target":["https:\/\/fjala.info\/2009-2015\/zhduket-nga-garda-e-republikes-serveri-i-urdhrave-te-21-janarit\/"]}]},{"@type":"ImageObject","inLanguage":"sq-AL","@id":"https:\/\/fjala.info\/2009-2015\/zhduket-nga-garda-e-republikes-serveri-i-urdhrave-te-21-janarit\/#primaryimage","url":"http:\/\/fjala.shkoder.net\/wp-content\/uploads\/2011\/02\/police_dhune_protesta_21janar-300x243.jpg","contentUrl":"http:\/\/fjala.shkoder.net\/wp-content\/uploads\/2011\/02\/police_dhune_protesta_21janar-300x243.jpg"},{"@type":"BreadcrumbList","@id":"https:\/\/fjala.info\/2009-2015\/zhduket-nga-garda-e-republikes-serveri-i-urdhrave-te-21-janarit\/#breadcrumb","itemListElement":[{"@type":"ListItem","position":1,"name":"Home","item":"https:\/\/fjala.info\/2009-2015\/"},{"@type":"ListItem","position":2,"name":"Zhduket nga Garda e Republik\u00ebs serveri i urdhrave t\u00eb 21 janarit"}]},{"@type":"WebSite","@id":"https:\/\/fjala.info\/2009-2015\/#website","url":"https:\/\/fjala.info\/2009-2015\/","name":"FjALA e LIR\u00cb - Arkivi","description":"Arkivi 2009-2015","publisher":{"@id":"https:\/\/fjala.info\/2009-2015\/#organization"},"potentialAction":[{"@type":"SearchAction","target":{"@type":"EntryPoint","urlTemplate":"https:\/\/fjala.info\/2009-2015\/?s={search_term_string}"},"query-input":{"@type":"PropertyValueSpecification","valueRequired":true,"valueName":"search_term_string"}}],"inLanguage":"sq-AL"},{"@type":"Organization","@id":"https:\/\/fjala.info\/2009-2015\/#organization","name":"FjALA e LIR\u00cb - Arkivi","url":"https:\/\/fjala.info\/2009-2015\/","logo":{"@type":"ImageObject","inLanguage":"sq-AL","@id":"https:\/\/fjala.info\/2009-2015\/#\/schema\/logo\/image\/","url":"","contentUrl":"","caption":"FjALA e LIR\u00cb - Arkivi"},"image":{"@id":"https:\/\/fjala.info\/2009-2015\/#\/schema\/logo\/image\/"}},{"@type":"Person","@id":"https:\/\/fjala.info\/2009-2015\/#\/schema\/person\/3aa1163ef05469c496fc94e77611ada2","name":"admin","image":{"@type":"ImageObject","inLanguage":"sq-AL","@id":"https:\/\/fjala.info\/2009-2015\/wp-content\/uploads\/2012\/02\/arben_cokaj-120x150.jpg","url":"https:\/\/fjala.info\/2009-2015\/wp-content\/uploads\/2012\/02\/arben_cokaj-120x150.jpg","contentUrl":"https:\/\/fjala.info\/2009-2015\/wp-content\/uploads\/2012\/02\/arben_cokaj-120x150.jpg","caption":"admin"},"description":"Admin, Fjala e Lir\u00eb","sameAs":["https:\/\/fjala.info\/"],"url":"https:\/\/fjala.info\/2009-2015\/author\/admin\/"}]}},"_links":{"self":[{"href":"https:\/\/fjala.info\/2009-2015\/wp-json\/wp\/v2\/posts\/6209","targetHints":{"allow":["GET"]}}],"collection":[{"href":"https:\/\/fjala.info\/2009-2015\/wp-json\/wp\/v2\/posts"}],"about":[{"href":"https:\/\/fjala.info\/2009-2015\/wp-json\/wp\/v2\/types\/post"}],"author":[{"embeddable":true,"href":"https:\/\/fjala.info\/2009-2015\/wp-json\/wp\/v2\/users\/1"}],"replies":[{"embeddable":true,"href":"https:\/\/fjala.info\/2009-2015\/wp-json\/wp\/v2\/comments?post=6209"}],"version-history":[{"count":0,"href":"https:\/\/fjala.info\/2009-2015\/wp-json\/wp\/v2\/posts\/6209\/revisions"}],"wp:attachment":[{"href":"https:\/\/fjala.info\/2009-2015\/wp-json\/wp\/v2\/media?parent=6209"}],"wp:term":[{"taxonomy":"category","embeddable":true,"href":"https:\/\/fjala.info\/2009-2015\/wp-json\/wp\/v2\/categories?post=6209"},{"taxonomy":"post_tag","embeddable":true,"href":"https:\/\/fjala.info\/2009-2015\/wp-json\/wp\/v2\/tags?post=6209"}],"curies":[{"name":"wp","href":"https:\/\/api.w.org\/{rel}","templated":true}]}}