{"id":6203,"date":"2011-02-06T12:26:02","date_gmt":"2011-02-06T11:26:02","guid":{"rendered":"http:\/\/fjala.shkoder.net\/?p=6203"},"modified":"2011-02-06T12:26:02","modified_gmt":"2011-02-06T11:26:02","slug":"si-e-shkaterroi-berisha-pd-ne","status":"publish","type":"post","link":"https:\/\/fjala.info\/2009-2015\/si-e-shkaterroi-berisha-pd-ne\/","title":{"rendered":"Si e shkat\u00ebrroi Berisha PD-n\u00eb"},"content":{"rendered":"<p><img loading=\"lazy\" decoding=\"async\" class=\"alignleft size-medium wp-image-6204\" title=\"ciljeta_berisha_koncert_maj2010\" src=\"http:\/\/fjala.shkoder.net\/wp-content\/uploads\/2011\/02\/ciljeta_berisha_koncert_maj2010-300x202.jpg\" alt=\"\" width=\"300\" height=\"202\" \/><br \/>\n<strong>Blerim \u00c7ela<\/strong>, <em>06.02.2011<\/em><\/p>\n<p>PD-ja n\u00eb zgjedhjet e 28 qershorit t\u00eb vitit 2009 doli baraz me votat e PS-s\u00eb. Partia Demokratike nuk mundi t\u00eb kap\u00eb 71 deputet\u00eb, por doli 70 me 70 me t\u00eb majt\u00ebn dhe vet\u00ebm aleanca me LSI-n\u00eb mundi t&#8217;i jap\u00eb asaj qeverisjen e vendit. Kjo u quajt fitore e PDs\u00eb, n\u00eb vazhd\u00ebn e demagogjis\u00eb s\u00eb Berish\u00ebs. Asnj\u00eb analiz\u00eb nuk \u00ebsht\u00eb b\u00ebr\u00eb n\u00eb PD p\u00ebr k\u00ebt\u00eb rezultat kaq t\u00eb dob\u00ebt, p\u00ebrball\u00eb nj\u00eb pune aq t\u00eb madhe. Mendoj se kjo \u00ebsht\u00eb shqet\u00ebsuese dhe duhen nxjerr\u00eb shkaqet. Po t\u00eb b\u00ebhej analiza<br \/>\nn\u00eb PD do t\u00eb k\u00ebrkohej p\u00ebrgjegj\u00ebsia e Berish\u00ebs, e kryesis\u00eb s\u00eb vog\u00ebl si dhe rezultatet e dob\u00ebta<br \/>\nt\u00eb kryetar\u00ebve t\u00eb deleguar nga kryesia n\u00eb qarqe, disa prej t\u00eb cil\u00ebve dol\u00ebn keq fare.<\/p>\n<p>Shkaku kryesor i d\u00ebshtimit \u00ebsht\u00eb eliminimi i demokracis\u00eb s\u00eb brendshme n\u00eb PD, p\u00ebrqendrimi i saj n\u00eb pak duar, p\u00ebrzgjedhja e gabuar e kandidat\u00ebve p\u00ebr deputet\u00eb pa u pyetur deg\u00ebt dhe pa u miratuar n\u00eb K\u00ebshillin Komb\u00ebtar, tarafet dhe miq\u00ebsit\u00eb e s\u00ebmura klienteliste n\u00eb em\u00ebrime zyrtar\u00ebsh, spostimi<br \/>\ni pjes\u00ebs s\u00eb djatht\u00eb me shum\u00eb ithtar\u00eb pas vetes, moskthimi i pronave, d\u00ebmshp\u00ebrblimi i ngadalt\u00eb i ish t\u00eb persekutuarve politik\u00eb, politika p\u00ebrul\u00ebse e Berish\u00ebs ndaj Greqis\u00eb, pak\u00ebnaq\u00ebsit\u00eb e demokrat\u00ebve t\u00eb thjesht\u00eb q\u00eb nuk i ka sajdisur njeri, q\u00eb lidhet me shk\u00ebputjen seksion-deg\u00eb, organizimi i drejtimit partiak me pushtet t\u00eb p\u00ebrqendruar n\u00eb dor\u00eb t\u00eb t\u00eb deleguarve si kryetar\u00eb qarqesh, nepotizmi i theksuar sidomos te ministrat e zyrtar\u00ebt e lart\u00eb, kalimi i posteve politike kryesisht te njer\u00ebz me prejardhje e kontribute t\u00eb majta, akuzat ndaj Berish\u00ebs p\u00ebr korrupsion e mospaditja prej tij e akuzator\u00ebve n\u00eb prokurori, nd\u00ebrtimi e frekuentimi i zyrtar\u00ebve t\u00eb lart\u00eb t\u00eb PD-s\u00eb n\u00eb vila pushimi n\u00eb mal e n\u00eb bregdet, t\u00eb cilat populli i sheh dhe i komenton sipas oreksit, sh\u00ebrbimi i<br \/>\nkeq ndaj popullit nga administrata shtet\u00ebrore q\u00eb k\u00ebrkon t\u00eb paguhet n\u00ebn dor\u00eb p\u00ebr \u00e7do sh\u00ebrbim, korrupsioni i fsheht\u00eb dhe lufta kund\u00ebr tij shpesh e gabuar duke u liruar t\u00eb arrestuarit si t\u00eb pafajsh\u00ebm, humbja e besimit t\u00eb popullit te drejt\u00ebsia, problemet me biznesin e vog\u00ebl, mospagimi i detyrimeve t\u00eb shtetit ndaj biznesit t\u00eb madh, kryesisht n\u00eb nd\u00ebrtim p\u00ebr punime t\u00eb kryera e t\u00eb pafinancuara q\u00eb kan\u00eb \u00e7uar n\u00eb pagimin e vonuar t\u00eb rrogave t\u00eb pun\u00ebtor\u00ebve duke b\u00ebr\u00eb fajtore qeverin\u00eb, sh\u00ebrbimi shum\u00eb i keq nga elektriku n\u00eb faturime t\u00eb larta t\u00eb padrejta e pa fatura, \u00e7mimi i lart\u00eb i sh\u00ebrbimit celular dhe karburanteve e cil\u00ebsia e dob\u00ebt e tyre etj&#8230; etj&#8230; etj&#8230;<\/p>\n<p>* * *<\/p>\n<p><em>B\u00ebj pyetjen: Kush e fitoi pushtetin dhe qeverisjen e vendit? <\/em><br \/>\nPartia Demokratike me an\u00ebtar\u00ebt e saj apo ata q\u00eb mor\u00ebn postet n\u00eb qeveri, parlament, institucione qendrore e lokale. Le t\u00eb pyesin se ku gjenden militant\u00ebt dhe pjesa m\u00eb e madhe e drejtuesve t\u00eb<br \/>\nseksioneve e kryesive e deg\u00ebve n\u00eb rrethe. Kemi th\u00ebn\u00eb q\u00eb marrja e pushtetit nuk \u00ebsht\u00eb<br \/>\nq\u00ebllim n\u00eb vetvete, po zhvillim i demokracis\u00eb. S\u00eb pari, demokracia fillon brenda partis\u00eb e q\u00eb aty rrezaton n\u00eb qeverisje. Qeverisja nuk duhet t\u00eb kaloj\u00eb vet\u00ebm n\u00eb disa duar, pushteti nuk duhet t\u00eb p\u00ebrqendrohet, por t\u00eb shp\u00ebrndahet dhe t\u00eb delegohet. Q\u00ebllimi kryesor i pushtetit \u00ebsht\u00eb realizimi i<br \/>\nprogramit t\u00eb partis\u00eb fituese n\u00ebp\u00ebrmjet qeverisjes. Kur demokrat\u00ebt nuk marrin pjes\u00eb<br \/>\nn\u00eb qeverisje q\u00eb nga n\u00ebpun\u00ebsia m\u00eb e vog\u00ebl e deri te m\u00eb e madhja, kush do ta mbroj\u00eb<br \/>\nqeverisjen? Ata kan\u00eb premtuar n\u00eb fushat\u00ebn elektorale t\u00eb kaluar (2005) sipas programit<br \/>\nt\u00eb partis\u00eb, dhe pas fitores (2005-2009) \u00ebsht\u00eb e drejta e tyre t\u00eb ushtrojn\u00eb pushtetin q\u00eb ato<br \/>\nt\u00eb p\u00ebrmbushen. Por kur ata nuk pranohen n\u00eb qeverisje nga baza e deri n\u00eb maj\u00eb sipas<br \/>\nshkall\u00ebs s\u00eb arsimimit, meritave e kontributeve n\u00eb parti, nuk mund t\u00eb mbajn\u00eb premtimet<br \/>\ne dh\u00ebna gjat\u00eb fushat\u00ebs. Pra, pjes\u00ebmarrja n\u00eb pushtet nuk \u00ebsht\u00eb ndarje torte e<br \/>\npostesh, por detyrim e solidaritet partiak, q\u00eb angazhon an\u00ebtar\u00ebt e partis\u00eb n\u00eb realizimin e<br \/>\nprogramit q\u00eb ata kan\u00eb lan\u00e7uar n\u00eb publik. Kur ata e shohin veten jasht\u00eb k\u00ebtij angazhimi,<br \/>\ne sidomos kur n\u00eb vend t\u00eb tyre n\u00eb poste e detyra shtet\u00ebrore shohin farefis, krushqi e<br \/>\nmiq t\u00eb ministrave e deputet\u00ebve, njer\u00ebz q\u00eb paguajn\u00eb vendin e pun\u00ebs, kund\u00ebrshtar\u00eb<br \/>\npolitik\u00eb e njer\u00ebz m\u00eb pak t\u00eb shkolluar se veten e tyre, mbeten t\u00ebr\u00ebsisht t\u00eb zhg\u00ebnjyer.<\/p>\n<p>Udh\u00ebheqja i di k\u00ebto, prandaj nuk b\u00ebn analiza n\u00eb deg\u00ebt e PD-s\u00eb dhe n\u00eb K\u00ebshillin<br \/>\nKomb\u00ebtar, se do t\u00eb gjendet p\u00ebrball\u00eb nj\u00eb rrebeshi kritikash t\u00eb rrepta, t\u00eb cilat nuk i<br \/>\np\u00eblqejn\u00eb. Ky \u00ebsht\u00eb shkaku q\u00eb Partia Demokratike tkurret. Kjo i shqet\u00ebson t\u00eb<br \/>\ngjith\u00eb militant\u00ebt e PD-s\u00eb, por ata nuk p\u00ebrfillen. P\u00ebr sa m\u00eb sip\u00ebr, shkak tjet\u00ebr \u00ebsht\u00eb<br \/>\nshuarja p\u00ebrfundimtare e demokracis\u00eb s\u00eb brendshme n\u00eb PD, shk\u00ebputja e saj nga baza<br \/>\ndemokrate e l\u00ebn\u00eb pas dore, largimi i elektoratit t\u00eb djatht\u00eb, t\u00eb cilit nuk iu zgjidh\u00ebn<br \/>\nproblemet e pron\u00ebsis\u00eb, pun\u00ebsimit, strehimit etj&#8230; largimi i drejtuesve kryesor\u00eb nga PDja.<br \/>\nPartia u la n\u00eb dor\u00eb t\u00eb Flamur Nok\u00ebs, nj\u00eb person pa p\u00ebrvoj\u00eb, i em\u00ebruar n\u00eb kund\u00ebrshtim me<br \/>\nstatutin nga Berisha, si sekretar organizativ q\u00eb nuk e justifikoi veten n\u00eb lidhje me kontaktet<br \/>\ne ankesat e demokrat\u00ebve. Sigurisht q\u00eb forcat kryesore t\u00eb partis\u00eb shkojn\u00eb n\u00eb qeverisje, por partia duhet ruajtur, duhet forcuar, duhet zmadhuar e kontaktuar me baz\u00ebn.<\/p>\n<p>Pas zgjedhjeve t\u00eb 2009, filloi t\u00eb merrte takime e t\u00eb organizonte seksionet e PD-s\u00eb n\u00eb Tiran\u00eb zoti Aldo Bum\u00e7i, por edhe ai ka nevoje p\u00ebr krah\u00eb se \u00ebsht\u00eb vet\u00ebm dhe nuk ka as mb\u00ebshtetjen e kryesis\u00eb s\u00eb PD-s\u00eb se<br \/>\nkjo akoma nuk \u00ebsht\u00eb zgjedhur. Pra, krer\u00ebt e partis\u00eb ran\u00eb pas posteve shtet\u00ebrore, duke l\u00ebn\u00eb jetime PD-n\u00eb. \u00cbsht\u00eb tjet\u00ebr t\u00eb shkosh nj\u00eb her\u00eb n\u00eb muaj apo dy her\u00eb n\u00eb muaj n\u00eb PD sa p\u00ebr t\u00eb par\u00eb godin\u00ebn e saj, dhe tjet\u00ebr, t\u00eb marr\u00ebsh detyra konkrete p\u00ebr t\u00eb gjall\u00ebruar jet\u00ebn e saj. Astrit Patozi shkon pothuajse p\u00ebrdit\u00eb n\u00eb PD n\u00eb zyr\u00ebn e n\u00ebnkryetarit, por nuk takon dhe pret ndonj\u00ebher\u00eb ndonj\u00eb<br \/>\nhallexhi. Ai \u00ebsht\u00eb person i pazgjedhur p\u00ebr vete. E mban padrejt\u00ebsisht edhe zyr\u00ebn e n\/kryetarit, dhe nuk ka atributet e k\u00ebtij posti.<br \/>\n***<br \/>\nLufta p\u00ebr pushtet ka qen\u00eb gjith\u00eb problematika e deg\u00ebve n\u00eb rrethe, luft\u00eb p\u00ebr drejtor\u00eb, p\u00ebr kryetar\u00eb komunash e bashkish, luft\u00eb p\u00ebr poste n\u00eb dikasteret e institucionet qendrore, mund\u00ebsisht aty ku kish para. S\u00eb dyti, pushteti partiak u grumbullua n\u00eb duart e t\u00eb deleguarve t\u00eb qarqeve, t\u00eb cil\u00ebt duke qen\u00eb kryesisht ministra, kishin detyra m\u00eb t\u00eb r\u00ebnd\u00ebsishme ato t\u00eb shtetit sesa t\u00eb partis\u00eb.<br \/>\nPra, takimet e tyre me qarqet dhe problematik\u00ebn, q\u00eb ata kujtojn\u00eb se e njohin, jan\u00eb t\u00eb<br \/>\nzbehta, jo t\u00eb thella dhe vendimet e tyre shpesh jan\u00eb t\u00eb gabuara n\u00eb drejtim t\u00eb vendosjes<br \/>\ns\u00eb drejtor\u00ebve, n\u00ebpun\u00ebsve etj&#8230; P\u00ebr takime partiake me baz\u00ebn as q\u00eb b\u00ebhet fjale. Kjo metod\u00eb q\u00eb u fut pas viti 2004, p\u00ebr mendimin tim nuk rezultoi efikase. M\u00eb par\u00eb nj\u00eb kryetar grupi mbulonte nj\u00eb deg\u00eb rrethi, tani kryetari i grupit mbulon disa deg\u00eb t\u00eb nj\u00eb qarku duke e zgjeruar dhe v\u00ebshtir\u00ebsuar<br \/>\npun\u00ebn e tij n\u00eb njohjen e njer\u00ebzve, t\u00eb problemeve dhe t\u00eb takimeve partiake. Kryetari i<br \/>\ngrupit t\u00eb qarkut ka edhe njer\u00ebz t\u00eb tjer\u00eb n\u00eb grup, por ata jo vet\u00ebm q\u00eb nuk duken se rrall\u00eb i lajm\u00ebrojn\u00eb t\u00eb shkojn\u00eb pas kryetarit t\u00eb grupit, por \u00ebsht\u00eb trash\u00ebguar zakoni q\u00eb problemet nuk i zgjidh asnj\u00eb an\u00ebtar i grupit p\u00ebrve\u00e7 kryetarit. Pra, kryetari i qarkut \u00ebsht\u00eb nj\u00eb Sali Berish\u00eb i vog\u00ebl,<br \/>\njo n\u00eb kuptimin e keq t\u00eb fjal\u00ebs, se atij v\u00ebrtet i takon t\u00eb marr\u00eb vendimet n\u00eb at\u00eb qark, por nj\u00eb njeri i vet\u00ebm m\u00eb t\u00eb pakt\u00ebn disa kryetar\u00eb deg\u00ebsh e sekretar\u00eb, dhe disa dhjet\u00ebra grupseksione n\u00eb komuna q\u00eb kan\u00eb nga nj\u00eb kryetar e sekretar, q\u00eb ngren\u00eb probleme nga m\u00eb t\u00eb ndryshmet, secili p\u00ebr vete,<br \/>\nnuk mund t\u00eb p\u00ebrballohen. Mbingarkesa sjell gabime, pa p\u00ebrmendur thashethemet e intrigat q\u00eb \u00ebsht\u00eb e v\u00ebshtir\u00eb t&#8217;i ndash nga e v\u00ebrteta. Mendoj q\u00eb pik\u00ebrisht kjo m\u00ebnyr\u00eb e organizimit t\u00eb PD-s\u00eb ka qen\u00eb nj\u00eb faktor qe \u00e7oi n\u00eb p\u00ebrzgjedhjen jo t\u00eb mir\u00eb t\u00eb kandidat\u00ebve p\u00ebr deputet\u00eb me pasoj\u00eb rezultatin e dob\u00ebt t\u00eb PD-s\u00eb. P\u00ebr mua ishte m\u00eb mir\u00eb nj\u00eb kryetar grupi p\u00ebr \u00e7do rreth. K\u00ebshtu situata mbahet<br \/>\nm\u00eb mir\u00eb n\u00eb kontroll dhe takimet me baz\u00ebn e partis\u00eb jan\u00eb m\u00eb t\u00eb shpeshta dhe efikase.<br \/>\nArsye tjet\u00ebr ka qen\u00eb s\u00eb ka munguar lidhja e deg\u00ebve me seksionet dhe e qendr\u00ebs me<br \/>\ndeg\u00ebt. Jo me kryetar\u00ebt, por me baz\u00ebn.<\/p>\n<p>14 DHJETORI 2009, DITA E ZEZ\u00cb E PD-S\u00cb<br \/>\nM\u00eb 14 dhjetor u mbajt Kuvendi IX i Partis\u00eb Demokratike, nj\u00eb kuvend si kurr\u00eb ndonj\u00ebher\u00eb tjet\u00ebr n\u00eb<br \/>\nhistorin\u00eb e PD-s\u00eb. E hapi znj. Topalli, e vazhdoi z. Bode e Patozi dhe pastaj erdhi zoti Berisha q\u00eb kur doli e u largua nga tribuna, u p\u00ebrsh\u00ebndet me zjarrin e fishekzjarreve dhe muzik\u00ebs me tone t\u00eb larta bumbum- bum, q\u00eb t\u00eb shurdhonte vesh\u00ebt, a thua se nuk erdhi t\u00eb flas\u00eb kryetari para delegat\u00ebve t\u00eb partis\u00eb s\u00eb tij, por jepte shfaqje nj\u00eb yll i sken\u00ebs s\u00eb popit apo rokut. Me nj\u00eb pompozitet q\u00eb vet\u00ebm e turp\u00ebronte, mbajti fjalimin e tij &#8220;historik&#8221; dhe u largua menj\u00ebher\u00eb. As pyetje, as diskutime, vet\u00ebm nj\u00eb miratim i ndryshimeve statusore pa asnj\u00eb v\u00ebrejtje. Pra, statuti u b\u00eb si deshi kryetari me rrethin e vog\u00ebl, i cili hoqi nenin e mbledhjes s\u00eb K\u00ebshillit Komb\u00ebtar \u00e7do tre muaj. Sa m\u00eb pak kolegjialitet, aq m\u00eb shum\u00eb p\u00ebrqendrim pushteti te kryetari. K\u00ebshilli Komb\u00ebtar deri tani pas nj\u00eb viti nuk \u00ebsht\u00eb mbledhur, t\u00eb pakt\u00ebn p\u00ebr t\u00eb zgjedhur kryesin\u00eb e tij. Lista e K\u00ebshillit Komb\u00ebtar \u00ebsht\u00eb b\u00ebr\u00eb para se t\u00eb votohej. N\u00ebse donin t\u00eb na hiqnin ta b\u00ebnin me mir\u00ebkuptim, t\u00eb na th\u00ebrritnin e t\u00eb na e komunikonin qe do v\u00ebn\u00eb njer\u00ebz t\u00eb rinj, s\u00eb p\u00ebr parime demokratike ka koh\u00eb q\u00eb nuk flitet n\u00eb PD. Turp p\u00ebr Berish\u00ebn! Por ai nuk e njeh turpin. Kush e beson k\u00ebt\u00eb rren\u00eb? Askush. Nuk t\u00eb heqin dot me vot\u00eb dhe fap t\u00eb heqin me manipulim. Ne punuam p\u00ebr PD-n\u00eb dhe nuk kemi asgj\u00eb me t\u00eb, por me Berish\u00ebn q\u00eb i kurdis k\u00ebto posht\u00ebrsi. Njer\u00ebzit q\u00eb mban pas vetes zbatojn\u00eb urdhrat e tij me sy mbyllur, pa menduar q\u00eb nj\u00eb dit\u00eb do t&#8217;u vij\u00eb edhe atyre radha t\u00eb largohen po me k\u00ebto metoda antidemokratike. Kjo nuk \u00ebsht\u00eb<br \/>\nm\u00eb parti q\u00eb funksionon me nj\u00eb udh\u00ebheqje t\u00eb zgjedhur ndershm\u00ebrisht, por me nj\u00eb klan sundues<br \/>\nq\u00eb zgjidhet sa her\u00eb t\u00eb doj\u00eb, kur t\u00eb doj\u00eb dhe me sa vota t\u00eb doj\u00eb. Un\u00eb u plaka n\u00eb PD, dhe<br \/>\np\u00ebrve\u00e7 informacioneve q\u00eb kam nga miqt\u00eb e mi demokrat\u00eb, e di si kan\u00eb funksionuar e funksionojn\u00eb<br \/>\nsot procedurat e votimit. Pa votim t\u00eb ndersh\u00ebm nuk ka udh\u00ebheqje t\u00eb ndershme. Ai me etjen<br \/>\ne tij t\u00eb pashtershme p\u00ebr pushtet \u00ebsht\u00eb kthyer n\u00eb nj\u00eb rrezik real p\u00ebr demokracin\u00eb shqiptare.<\/p>\n<p>Pa Berish\u00ebn, Shqip\u00ebria do t\u00eb ishte n\u00eb BE n\u00eb 2010<br \/>\nMe sh\u00ebnimet q\u00eb kam mbajtur n\u00eb mbledhjet e Kryesis\u00eb s\u00eb Partis\u00eb Demokratike,<br \/>\nt\u00eb K\u00ebshillit Komb\u00ebtar, mbledhjet e Grupit Parlamentar e takimet n\u00eb rrethe me popullin e simpatizant\u00eb t\u00eb PD-s\u00eb, jam munduar t\u00eb sjell ngjarjet kryesore t\u00eb Partis\u00eb Demokratike, pun\u00ebn dhe sakrificat, kontributet dhe luft\u00ebn n\u00eb mitingje e Parlament t\u00eb aktivist\u00ebve, deputet\u00ebve dhe<br \/>\nt\u00eb udh\u00ebheq\u00ebsve t\u00eb PD-s\u00eb, bashk\u00ebpunimin e saj me partit\u00eb aleate shqiptare dhe<br \/>\nfaktorin nd\u00ebrkomb\u00ebtar, sidomos at\u00eb evropian dhe t\u00eb SHBA-s\u00eb, q\u00eb na kan\u00eb<br \/>\nndihmuar p\u00ebr fitoren e PD-s\u00eb n\u00eb zgjedhjet e 22 marsit 1992 e m\u00eb pas. Pushtimi i Partis\u00eb<br \/>\nDemokratike filloi me ndryshimin e statutit t\u00eb saj n\u00eb 1993, q\u00eb i hapi rrug\u00eb p\u00ebrjet\u00ebsimit t\u00eb<br \/>\nkryetarit nga kandidimi i tij jo m\u00eb shum\u00eb se dy her\u00eb radhazi, n\u00eb kandidim t\u00eb p\u00ebrhersh\u00ebm,<br \/>\nme t\u00eb gjitha pasojat negative t\u00eb tij. Betejat p\u00ebr demokracin\u00eb e brendshme n\u00eb parti filluan me<br \/>\nmocionin antiberisha n\u00eb 1992, shuarjen e diversitetit t\u00eb mendimit me manovrat e<br \/>\nreferendumit n\u00eb 1994 q\u00eb \u00e7oi n\u00eb largimin e kryetarit t\u00eb PDs\u00eb, Eduard Selami, n\u00eb 1995,<br \/>\npromemoria e 14 an\u00ebtar\u00ebve t\u00eb Kryesis\u00eb, t\u00eb K\u00ebshillit Komb\u00ebtar e Deputet\u00eb n\u00eb 1997, kritikat e<br \/>\nvazhdueshme t\u00eb demokrat\u00ebve, an\u00ebtar\u00eb t\u00eb K\u00ebshillit Komb\u00ebtar e Kryesis\u00eb p\u00ebr centralizimin,<br \/>\nmbytjen e fjal\u00ebs s\u00eb lir\u00eb, shkeljet e statutit, manipulimin e vot\u00ebs n\u00eb parti, anashkalimin e<br \/>\nforumeve t\u00eb saj e deformimin e programit t\u00eb Partis\u00eb Demokratike nga kahu i majt\u00eb.<br \/>\nTendenca e kryetarit Berisha p\u00ebr t\u00eb vendosur mbi gjith\u00e7ka, spostoi udh\u00ebheq\u00ebsit e tjer\u00eb me<br \/>\nq\u00ebllim rritjen e figur\u00ebs s\u00eb tij si i vetmi udh\u00ebheq\u00ebs i paz\u00ebvend\u00ebsuesh\u00ebm i Partis\u00eb<br \/>\nDemokratike. Kontributet e t\u00eb tjer\u00ebve si dhe ato t\u00eb an\u00ebtar\u00ebsis\u00eb s\u00eb gjer\u00eb t\u00eb partis\u00eb u zvog\u00ebluan<br \/>\nderi n\u00eb shuarje. Ky lib\u00ebr jep me v\u00ebrtet\u00ebsi pun\u00ebn e sakrificat e udh\u00ebheq\u00ebsve t\u00eb tjer\u00eb t\u00eb PD-s\u00eb<br \/>\nnd\u00ebr vite, ngjarjet m\u00eb t\u00eb r\u00ebnd\u00ebsishme n\u00eb jet\u00ebn e k\u00ebsaj partie dhe qindra emra demokrat\u00ebsh q\u00eb punuan p\u00ebr demokracin\u00eb. Miqt\u00eb e mi, e s\u00eb bashku me ta, edhe un\u00eb, nuk kemi ndryshuar nga q\u00ebndrimi yn\u00eb i qendr\u00ebs s\u00eb djatht\u00eb, i fjal\u00ebs s\u00eb lir\u00eb, i kolegjialitetit, i respektimit t\u00eb forumeve, votimit<br \/>\nt\u00eb ndersh\u00ebm n\u00eb parti e kudo, i kthimit t\u00eb pronave, integrimit t\u00eb p\u00ebrndjekurve politik\u00eb, komunikimit njer\u00ebzor me an\u00ebtar\u00ebsin\u00eb, i mbrojtjes s\u00eb \u00e7\u00ebshtjes komb\u00ebtare etj&#8230; Ai q\u00eb ka ndryshuar \u00ebsht\u00eb<br \/>\nBerisha q\u00eb u kthye nga nj\u00eb udh\u00ebheq\u00ebs karizmatik i demokracis\u00eb, n\u00eb nj\u00eb despot partiak me tendenca t\u00eb majta. Ky \u00ebsht\u00eb thelbi i librit. Themeluesit e Partis\u00eb Demokratike kryesisht me nje prejardhje t\u00eb majt\u00eb familjare e personale, me kultur\u00eb e mendje t\u00eb hapur, t\u00eb interesuar p\u00ebr<br \/>\nzhvillimin e vendit sipas modelit per\u00ebndimor, mb\u00ebshtet\u00ebn l\u00ebvizjen studentore t\u00eb dhjetorit 1990 duke e kthyer at\u00eb n\u00eb nj\u00eb parti politike n\u00eb qend\u00ebr t\u00eb s\u00eb cil\u00ebs ishin idet\u00eb e lartp\u00ebrmendura. N\u00eb se ata do t\u00eb krijonin nj\u00eb parti neokomuniste, nuk do t\u00eb mb\u00ebshteteshin nga populli, por as nga<br \/>\nfaktori nd\u00ebrkomb\u00ebtar i cili do ta identifikonte si PPSH me em\u00ebr t\u00eb ri, p\u00ebr faktin se vet\u00eb partit\u00eb komuniste evropiane kishin nd\u00ebrruar emrat e programet tyre komuniste. Meqen\u00ebse kam qen\u00eb 19<br \/>\nvjet me radh\u00eb n\u00eb forumet drejtuese t\u00eb k\u00ebsaj partie, me kontribute t\u00eb sinqerta e mb\u00ebshtet\u00ebs i Berish\u00ebs, p\u00ebrse e shkruaj k\u00ebt\u00eb lib\u00ebr dhe e kritikoj Berish\u00ebn? A mos vall\u00eb se Berisha m\u00eb largoi nga<br \/>\nK\u00ebshilli Komb\u00ebtar e nga pushteti? Edhe kjo \u00ebsht\u00eb nj\u00eb arsye. Nuk mund t\u00eb kap\u00ebrdihen 19 vjet pun\u00eb, luft\u00eb e sakrifica n\u00eb k\u00ebt\u00eb parti me nj\u00eb largim pa asnj\u00eb arsye e pa asnj\u00eb shpjegim sikur t\u00eb mos<br \/>\nkisha ekzistuar fare. K\u00ebt\u00eb lib\u00ebr e shkruaj jo vet\u00ebm p\u00ebr veten time, por n\u00eb radh\u00eb t\u00eb par\u00eb p\u00ebr mij\u00ebra demokrat\u00eb t\u00eb zhg\u00ebnjyer, e qindra drejtues t\u00eb saj n\u00eb qend\u00ebr e n\u00eb baz\u00eb q\u00eb u flak\u00ebn si qenie pa vler\u00eb nga Berisha. Drama e tyre shpirt\u00ebrore k\u00ebrkonte nj\u00eb arsye p\u00ebrse u d\u00ebbuan. Shpjegimi<br \/>\njepet n\u00ebp\u00ebrmjet autopsis\u00eb s\u00eb Partis\u00eb Demokratike e cila u tradhtua nga Berisha p\u00ebr faj t\u00eb<br \/>\nt\u00eb gjith\u00eb ne demokrat\u00ebve q\u00eb nuk mund\u00ebm t\u00eb kuptonim n\u00eb koh\u00eb, t&#8217;i \u00e7irrnim mask\u00ebn e<br \/>\nbashkoheshim p\u00ebr ta larguar komunistin nga drejtimi i nj\u00eb partie t\u00eb djatht\u00eb. Ai qe m\u00eb i<br \/>\nzoti se ne. Me dinak\u00ebri na mbajti af\u00ebr, na mashtroi me frazeologji antikomuniste,<br \/>\nfuqizoi pushtetin e tij n\u00ebp\u00ebrmjet nesh dhe na largoi pjes\u00eb-pjes\u00eb. Ai nuk q\u00ebndron<br \/>\nnatyrsh\u00ebm n\u00eb k\u00ebt\u00eb parti, prandaj dhe tronditjet e her\u00ebpashershme jo vet\u00ebm n\u00eb parti, por edhe n\u00eb shtet kan\u00eb ardhur prej k\u00ebtij politikani q\u00eb v\u00ebrtitet n\u00eb nj\u00eb bosht me gunga pa nj\u00eb politik\u00eb konseguente t\u00eb djatht\u00eb. Populli p\u00ebr k\u00ebto lloj l\u00ebvizjesh thot\u00eb:-&#8216;Ec\u00ebn si n\u00eb jerm&#8221;, q\u00eb do t\u00eb<br \/>\nthot\u00eb se nuk e di ku shkon, ec\u00ebn kuturu pa strategji, me intuit\u00eb e veprime t\u00eb pa studiuara, pa forume legale e konsult\u00eb partiake. Tjet\u00ebrkund konsultohet. Iniciativat e tij informale, PD-ja i merr vesh n\u00ebp\u00ebrmjet mediave. Nga nj\u00eb njeri i till\u00eb pa bosht, mund t\u00eb pres\u00ebsh gjith\u00e7ka.<\/p>\n","protected":false},"excerpt":{"rendered":"<p>Blerim \u00c7ela, 06.02.2011 PD-ja n\u00eb zgjedhjet e 28 qershorit t\u00eb vitit 2009 doli baraz me votat e PS-s\u00eb. Partia Demokratike nuk mundi t\u00eb kap\u00eb 71 deputet\u00eb, por doli 70 me 70 me t\u00eb majt\u00ebn dhe vet\u00ebm aleanca me LSI-n\u00eb mundi t&#8217;i jap\u00eb asaj qeverisjen e vendit. Kjo u quajt fitore e PDs\u00eb, n\u00eb vazhd\u00ebn e [&hellip;]<\/p>\n","protected":false},"author":1,"featured_media":0,"comment_status":"open","ping_status":"closed","sticky":false,"template":"","format":"standard","meta":{"footnotes":""},"categories":[2],"tags":[],"class_list":{"0":"post-6203","1":"post","2":"type-post","3":"status-publish","4":"format-standard","6":"category-artikuj"},"yoast_head":"<!-- This site is optimized with the Yoast SEO plugin v27.4 - https:\/\/yoast.com\/product\/yoast-seo-wordpress\/ -->\n<title>Si e shkat\u00ebrroi Berisha PD-n\u00eb - FjALA e LIR\u00cb - Arkivi<\/title>\n<meta name=\"robots\" content=\"index, follow, max-snippet:-1, max-image-preview:large, max-video-preview:-1\" \/>\n<link rel=\"canonical\" href=\"https:\/\/fjala.info\/2009-2015\/si-e-shkaterroi-berisha-pd-ne\/\" \/>\n<meta property=\"og:locale\" content=\"sq_AL\" \/>\n<meta property=\"og:type\" content=\"article\" \/>\n<meta property=\"og:title\" content=\"Si e shkat\u00ebrroi Berisha PD-n\u00eb - FjALA e LIR\u00cb - Arkivi\" \/>\n<meta property=\"og:description\" content=\"Blerim \u00c7ela, 06.02.2011 PD-ja n\u00eb zgjedhjet e 28 qershorit t\u00eb vitit 2009 doli baraz me votat e PS-s\u00eb. Partia Demokratike nuk mundi t\u00eb kap\u00eb 71 deputet\u00eb, por doli 70 me 70 me t\u00eb majt\u00ebn dhe vet\u00ebm aleanca me LSI-n\u00eb mundi t&#8217;i jap\u00eb asaj qeverisjen e vendit. Kjo u quajt fitore e PDs\u00eb, n\u00eb vazhd\u00ebn e [&hellip;]\" \/>\n<meta property=\"og:url\" content=\"https:\/\/fjala.info\/2009-2015\/si-e-shkaterroi-berisha-pd-ne\/\" \/>\n<meta property=\"og:site_name\" content=\"FjALA e LIR\u00cb - Arkivi\" \/>\n<meta property=\"article:published_time\" content=\"2011-02-06T11:26:02+00:00\" \/>\n<meta property=\"og:image\" content=\"http:\/\/fjala.shkoder.net\/wp-content\/uploads\/2011\/02\/ciljeta_berisha_koncert_maj2010-300x202.jpg\" \/>\n<meta name=\"author\" content=\"admin\" \/>\n<meta name=\"twitter:card\" content=\"summary_large_image\" \/>\n<meta name=\"twitter:label1\" content=\"Written by\" \/>\n\t<meta name=\"twitter:data1\" content=\"admin\" \/>\n\t<meta name=\"twitter:label2\" content=\"Est. reading time\" \/>\n\t<meta name=\"twitter:data2\" content=\"14 minutes\" \/>\n<script type=\"application\/ld+json\" class=\"yoast-schema-graph\">{\"@context\":\"https:\\\/\\\/schema.org\",\"@graph\":[{\"@type\":\"Article\",\"@id\":\"https:\\\/\\\/fjala.info\\\/2009-2015\\\/si-e-shkaterroi-berisha-pd-ne\\\/#article\",\"isPartOf\":{\"@id\":\"https:\\\/\\\/fjala.info\\\/2009-2015\\\/si-e-shkaterroi-berisha-pd-ne\\\/\"},\"author\":{\"name\":\"admin\",\"@id\":\"https:\\\/\\\/fjala.info\\\/2009-2015\\\/#\\\/schema\\\/person\\\/3aa1163ef05469c496fc94e77611ada2\"},\"headline\":\"Si e shkat\u00ebrroi Berisha PD-n\u00eb\",\"datePublished\":\"2011-02-06T11:26:02+00:00\",\"mainEntityOfPage\":{\"@id\":\"https:\\\/\\\/fjala.info\\\/2009-2015\\\/si-e-shkaterroi-berisha-pd-ne\\\/\"},\"wordCount\":2880,\"commentCount\":1,\"publisher\":{\"@id\":\"https:\\\/\\\/fjala.info\\\/2009-2015\\\/#organization\"},\"image\":{\"@id\":\"https:\\\/\\\/fjala.info\\\/2009-2015\\\/si-e-shkaterroi-berisha-pd-ne\\\/#primaryimage\"},\"thumbnailUrl\":\"http:\\\/\\\/fjala.shkoder.net\\\/wp-content\\\/uploads\\\/2011\\\/02\\\/ciljeta_berisha_koncert_maj2010-300x202.jpg\",\"articleSection\":[\"Artikuj\"],\"inLanguage\":\"sq-AL\",\"potentialAction\":[{\"@type\":\"CommentAction\",\"name\":\"Comment\",\"target\":[\"https:\\\/\\\/fjala.info\\\/2009-2015\\\/si-e-shkaterroi-berisha-pd-ne\\\/#respond\"]}]},{\"@type\":\"WebPage\",\"@id\":\"https:\\\/\\\/fjala.info\\\/2009-2015\\\/si-e-shkaterroi-berisha-pd-ne\\\/\",\"url\":\"https:\\\/\\\/fjala.info\\\/2009-2015\\\/si-e-shkaterroi-berisha-pd-ne\\\/\",\"name\":\"Si e shkat\u00ebrroi Berisha PD-n\u00eb - FjALA e LIR\u00cb - Arkivi\",\"isPartOf\":{\"@id\":\"https:\\\/\\\/fjala.info\\\/2009-2015\\\/#website\"},\"primaryImageOfPage\":{\"@id\":\"https:\\\/\\\/fjala.info\\\/2009-2015\\\/si-e-shkaterroi-berisha-pd-ne\\\/#primaryimage\"},\"image\":{\"@id\":\"https:\\\/\\\/fjala.info\\\/2009-2015\\\/si-e-shkaterroi-berisha-pd-ne\\\/#primaryimage\"},\"thumbnailUrl\":\"http:\\\/\\\/fjala.shkoder.net\\\/wp-content\\\/uploads\\\/2011\\\/02\\\/ciljeta_berisha_koncert_maj2010-300x202.jpg\",\"datePublished\":\"2011-02-06T11:26:02+00:00\",\"breadcrumb\":{\"@id\":\"https:\\\/\\\/fjala.info\\\/2009-2015\\\/si-e-shkaterroi-berisha-pd-ne\\\/#breadcrumb\"},\"inLanguage\":\"sq-AL\",\"potentialAction\":[{\"@type\":\"ReadAction\",\"target\":[\"https:\\\/\\\/fjala.info\\\/2009-2015\\\/si-e-shkaterroi-berisha-pd-ne\\\/\"]}]},{\"@type\":\"ImageObject\",\"inLanguage\":\"sq-AL\",\"@id\":\"https:\\\/\\\/fjala.info\\\/2009-2015\\\/si-e-shkaterroi-berisha-pd-ne\\\/#primaryimage\",\"url\":\"http:\\\/\\\/fjala.shkoder.net\\\/wp-content\\\/uploads\\\/2011\\\/02\\\/ciljeta_berisha_koncert_maj2010-300x202.jpg\",\"contentUrl\":\"http:\\\/\\\/fjala.shkoder.net\\\/wp-content\\\/uploads\\\/2011\\\/02\\\/ciljeta_berisha_koncert_maj2010-300x202.jpg\"},{\"@type\":\"BreadcrumbList\",\"@id\":\"https:\\\/\\\/fjala.info\\\/2009-2015\\\/si-e-shkaterroi-berisha-pd-ne\\\/#breadcrumb\",\"itemListElement\":[{\"@type\":\"ListItem\",\"position\":1,\"name\":\"Home\",\"item\":\"https:\\\/\\\/fjala.info\\\/2009-2015\\\/\"},{\"@type\":\"ListItem\",\"position\":2,\"name\":\"Si e shkat\u00ebrroi Berisha PD-n\u00eb\"}]},{\"@type\":\"WebSite\",\"@id\":\"https:\\\/\\\/fjala.info\\\/2009-2015\\\/#website\",\"url\":\"https:\\\/\\\/fjala.info\\\/2009-2015\\\/\",\"name\":\"FjALA e LIR\u00cb - Arkivi\",\"description\":\"Arkivi 2009-2015\",\"publisher\":{\"@id\":\"https:\\\/\\\/fjala.info\\\/2009-2015\\\/#organization\"},\"potentialAction\":[{\"@type\":\"SearchAction\",\"target\":{\"@type\":\"EntryPoint\",\"urlTemplate\":\"https:\\\/\\\/fjala.info\\\/2009-2015\\\/?s={search_term_string}\"},\"query-input\":{\"@type\":\"PropertyValueSpecification\",\"valueRequired\":true,\"valueName\":\"search_term_string\"}}],\"inLanguage\":\"sq-AL\"},{\"@type\":\"Organization\",\"@id\":\"https:\\\/\\\/fjala.info\\\/2009-2015\\\/#organization\",\"name\":\"FjALA e LIR\u00cb - Arkivi\",\"url\":\"https:\\\/\\\/fjala.info\\\/2009-2015\\\/\",\"logo\":{\"@type\":\"ImageObject\",\"inLanguage\":\"sq-AL\",\"@id\":\"https:\\\/\\\/fjala.info\\\/2009-2015\\\/#\\\/schema\\\/logo\\\/image\\\/\",\"url\":\"\",\"contentUrl\":\"\",\"caption\":\"FjALA e LIR\u00cb - Arkivi\"},\"image\":{\"@id\":\"https:\\\/\\\/fjala.info\\\/2009-2015\\\/#\\\/schema\\\/logo\\\/image\\\/\"}},{\"@type\":\"Person\",\"@id\":\"https:\\\/\\\/fjala.info\\\/2009-2015\\\/#\\\/schema\\\/person\\\/3aa1163ef05469c496fc94e77611ada2\",\"name\":\"admin\",\"image\":{\"@type\":\"ImageObject\",\"inLanguage\":\"sq-AL\",\"@id\":\"https:\\\/\\\/fjala.info\\\/2009-2015\\\/wp-content\\\/uploads\\\/2012\\\/02\\\/arben_cokaj-120x150.jpg\",\"url\":\"https:\\\/\\\/fjala.info\\\/2009-2015\\\/wp-content\\\/uploads\\\/2012\\\/02\\\/arben_cokaj-120x150.jpg\",\"contentUrl\":\"https:\\\/\\\/fjala.info\\\/2009-2015\\\/wp-content\\\/uploads\\\/2012\\\/02\\\/arben_cokaj-120x150.jpg\",\"caption\":\"admin\"},\"description\":\"Admin, Fjala e Lir\u00eb\",\"sameAs\":[\"https:\\\/\\\/fjala.info\\\/\"],\"url\":\"https:\\\/\\\/fjala.info\\\/2009-2015\\\/author\\\/admin\\\/\"}]}<\/script>\n<!-- \/ Yoast SEO plugin. -->","yoast_head_json":{"title":"Si e shkat\u00ebrroi Berisha PD-n\u00eb - FjALA e LIR\u00cb - Arkivi","robots":{"index":"index","follow":"follow","max-snippet":"max-snippet:-1","max-image-preview":"max-image-preview:large","max-video-preview":"max-video-preview:-1"},"canonical":"https:\/\/fjala.info\/2009-2015\/si-e-shkaterroi-berisha-pd-ne\/","og_locale":"sq_AL","og_type":"article","og_title":"Si e shkat\u00ebrroi Berisha PD-n\u00eb - FjALA e LIR\u00cb - Arkivi","og_description":"Blerim \u00c7ela, 06.02.2011 PD-ja n\u00eb zgjedhjet e 28 qershorit t\u00eb vitit 2009 doli baraz me votat e PS-s\u00eb. Partia Demokratike nuk mundi t\u00eb kap\u00eb 71 deputet\u00eb, por doli 70 me 70 me t\u00eb majt\u00ebn dhe vet\u00ebm aleanca me LSI-n\u00eb mundi t&#8217;i jap\u00eb asaj qeverisjen e vendit. Kjo u quajt fitore e PDs\u00eb, n\u00eb vazhd\u00ebn e [&hellip;]","og_url":"https:\/\/fjala.info\/2009-2015\/si-e-shkaterroi-berisha-pd-ne\/","og_site_name":"FjALA e LIR\u00cb - Arkivi","article_published_time":"2011-02-06T11:26:02+00:00","og_image":[{"url":"http:\/\/fjala.shkoder.net\/wp-content\/uploads\/2011\/02\/ciljeta_berisha_koncert_maj2010-300x202.jpg","type":"","width":"","height":""}],"author":"admin","twitter_card":"summary_large_image","twitter_misc":{"Written by":"admin","Est. reading time":"14 minutes"},"schema":{"@context":"https:\/\/schema.org","@graph":[{"@type":"Article","@id":"https:\/\/fjala.info\/2009-2015\/si-e-shkaterroi-berisha-pd-ne\/#article","isPartOf":{"@id":"https:\/\/fjala.info\/2009-2015\/si-e-shkaterroi-berisha-pd-ne\/"},"author":{"name":"admin","@id":"https:\/\/fjala.info\/2009-2015\/#\/schema\/person\/3aa1163ef05469c496fc94e77611ada2"},"headline":"Si e shkat\u00ebrroi Berisha PD-n\u00eb","datePublished":"2011-02-06T11:26:02+00:00","mainEntityOfPage":{"@id":"https:\/\/fjala.info\/2009-2015\/si-e-shkaterroi-berisha-pd-ne\/"},"wordCount":2880,"commentCount":1,"publisher":{"@id":"https:\/\/fjala.info\/2009-2015\/#organization"},"image":{"@id":"https:\/\/fjala.info\/2009-2015\/si-e-shkaterroi-berisha-pd-ne\/#primaryimage"},"thumbnailUrl":"http:\/\/fjala.shkoder.net\/wp-content\/uploads\/2011\/02\/ciljeta_berisha_koncert_maj2010-300x202.jpg","articleSection":["Artikuj"],"inLanguage":"sq-AL","potentialAction":[{"@type":"CommentAction","name":"Comment","target":["https:\/\/fjala.info\/2009-2015\/si-e-shkaterroi-berisha-pd-ne\/#respond"]}]},{"@type":"WebPage","@id":"https:\/\/fjala.info\/2009-2015\/si-e-shkaterroi-berisha-pd-ne\/","url":"https:\/\/fjala.info\/2009-2015\/si-e-shkaterroi-berisha-pd-ne\/","name":"Si e shkat\u00ebrroi Berisha PD-n\u00eb - FjALA e LIR\u00cb - Arkivi","isPartOf":{"@id":"https:\/\/fjala.info\/2009-2015\/#website"},"primaryImageOfPage":{"@id":"https:\/\/fjala.info\/2009-2015\/si-e-shkaterroi-berisha-pd-ne\/#primaryimage"},"image":{"@id":"https:\/\/fjala.info\/2009-2015\/si-e-shkaterroi-berisha-pd-ne\/#primaryimage"},"thumbnailUrl":"http:\/\/fjala.shkoder.net\/wp-content\/uploads\/2011\/02\/ciljeta_berisha_koncert_maj2010-300x202.jpg","datePublished":"2011-02-06T11:26:02+00:00","breadcrumb":{"@id":"https:\/\/fjala.info\/2009-2015\/si-e-shkaterroi-berisha-pd-ne\/#breadcrumb"},"inLanguage":"sq-AL","potentialAction":[{"@type":"ReadAction","target":["https:\/\/fjala.info\/2009-2015\/si-e-shkaterroi-berisha-pd-ne\/"]}]},{"@type":"ImageObject","inLanguage":"sq-AL","@id":"https:\/\/fjala.info\/2009-2015\/si-e-shkaterroi-berisha-pd-ne\/#primaryimage","url":"http:\/\/fjala.shkoder.net\/wp-content\/uploads\/2011\/02\/ciljeta_berisha_koncert_maj2010-300x202.jpg","contentUrl":"http:\/\/fjala.shkoder.net\/wp-content\/uploads\/2011\/02\/ciljeta_berisha_koncert_maj2010-300x202.jpg"},{"@type":"BreadcrumbList","@id":"https:\/\/fjala.info\/2009-2015\/si-e-shkaterroi-berisha-pd-ne\/#breadcrumb","itemListElement":[{"@type":"ListItem","position":1,"name":"Home","item":"https:\/\/fjala.info\/2009-2015\/"},{"@type":"ListItem","position":2,"name":"Si e shkat\u00ebrroi Berisha PD-n\u00eb"}]},{"@type":"WebSite","@id":"https:\/\/fjala.info\/2009-2015\/#website","url":"https:\/\/fjala.info\/2009-2015\/","name":"FjALA e LIR\u00cb - Arkivi","description":"Arkivi 2009-2015","publisher":{"@id":"https:\/\/fjala.info\/2009-2015\/#organization"},"potentialAction":[{"@type":"SearchAction","target":{"@type":"EntryPoint","urlTemplate":"https:\/\/fjala.info\/2009-2015\/?s={search_term_string}"},"query-input":{"@type":"PropertyValueSpecification","valueRequired":true,"valueName":"search_term_string"}}],"inLanguage":"sq-AL"},{"@type":"Organization","@id":"https:\/\/fjala.info\/2009-2015\/#organization","name":"FjALA e LIR\u00cb - Arkivi","url":"https:\/\/fjala.info\/2009-2015\/","logo":{"@type":"ImageObject","inLanguage":"sq-AL","@id":"https:\/\/fjala.info\/2009-2015\/#\/schema\/logo\/image\/","url":"","contentUrl":"","caption":"FjALA e LIR\u00cb - Arkivi"},"image":{"@id":"https:\/\/fjala.info\/2009-2015\/#\/schema\/logo\/image\/"}},{"@type":"Person","@id":"https:\/\/fjala.info\/2009-2015\/#\/schema\/person\/3aa1163ef05469c496fc94e77611ada2","name":"admin","image":{"@type":"ImageObject","inLanguage":"sq-AL","@id":"https:\/\/fjala.info\/2009-2015\/wp-content\/uploads\/2012\/02\/arben_cokaj-120x150.jpg","url":"https:\/\/fjala.info\/2009-2015\/wp-content\/uploads\/2012\/02\/arben_cokaj-120x150.jpg","contentUrl":"https:\/\/fjala.info\/2009-2015\/wp-content\/uploads\/2012\/02\/arben_cokaj-120x150.jpg","caption":"admin"},"description":"Admin, Fjala e Lir\u00eb","sameAs":["https:\/\/fjala.info\/"],"url":"https:\/\/fjala.info\/2009-2015\/author\/admin\/"}]}},"_links":{"self":[{"href":"https:\/\/fjala.info\/2009-2015\/wp-json\/wp\/v2\/posts\/6203","targetHints":{"allow":["GET"]}}],"collection":[{"href":"https:\/\/fjala.info\/2009-2015\/wp-json\/wp\/v2\/posts"}],"about":[{"href":"https:\/\/fjala.info\/2009-2015\/wp-json\/wp\/v2\/types\/post"}],"author":[{"embeddable":true,"href":"https:\/\/fjala.info\/2009-2015\/wp-json\/wp\/v2\/users\/1"}],"replies":[{"embeddable":true,"href":"https:\/\/fjala.info\/2009-2015\/wp-json\/wp\/v2\/comments?post=6203"}],"version-history":[{"count":0,"href":"https:\/\/fjala.info\/2009-2015\/wp-json\/wp\/v2\/posts\/6203\/revisions"}],"wp:attachment":[{"href":"https:\/\/fjala.info\/2009-2015\/wp-json\/wp\/v2\/media?parent=6203"}],"wp:term":[{"taxonomy":"category","embeddable":true,"href":"https:\/\/fjala.info\/2009-2015\/wp-json\/wp\/v2\/categories?post=6203"},{"taxonomy":"post_tag","embeddable":true,"href":"https:\/\/fjala.info\/2009-2015\/wp-json\/wp\/v2\/tags?post=6203"}],"curies":[{"name":"wp","href":"https:\/\/api.w.org\/{rel}","templated":true}]}}