{"id":6198,"date":"2011-02-06T12:04:45","date_gmt":"2011-02-06T11:04:45","guid":{"rendered":"http:\/\/fjala.shkoder.net\/?p=6198"},"modified":"2011-02-06T12:04:45","modified_gmt":"2011-02-06T11:04:45","slug":"sheshi-i-tradhtuar","status":"publish","type":"post","link":"https:\/\/fjala.info\/2009-2015\/sheshi-i-tradhtuar\/","title":{"rendered":"Sheshi i tradhtuar"},"content":{"rendered":"<p><strong>Arben Rrozhani<\/strong>, <em>06.02.2011<\/em><\/p>\n<p>\u00c7do l\u00ebvizje e ka nj\u00eb shesh. Prej aty ka nisur, \u00ebsht\u00eb mbarsur dhe ka shp\u00ebrthyer revolta popullore. Pa hyr\u00eb thell\u00eb n\u00eb histori, sot ka mjaft t\u00eb till\u00eb. M\u00eb i famshmi nd\u00ebrkoh\u00eb \u00ebsht\u00eb sheshi &#8220;Tahrir&#8221; n\u00eb Kajro. Sot \u00ebsht\u00eb dita e 13-t\u00eb. Miliona egjiptian\u00eb jan\u00eb mbledhur, kan\u00eb q\u00ebndruar dhe nuk kan\u00eb nd\u00ebrmend t\u00eb ikin, pa u larguar nga pushteti presidenti Hosni Mubarak. Jan\u00eb mbledhur aty me ku\u00e7 e me ma\u00e7, qindra mij\u00ebra njer\u00ebz q\u00eb kan\u00eb ngritur &#8220;streh\u00ebn&#8221; n\u00eb syt\u00eb e gjith\u00eb bot\u00ebs, mes plehrave urbane, barrikadave t\u00eb sajuara dhe shpirtit t\u00eb pafashitur t\u00eb q\u00ebndres\u00ebs.<\/p>\n<p>Nuk ik\u00ebn as kur presidenti 82-vje\u00e7ar l\u00ebshoi beduin\u00ebt e vet t\u00eb hipur mbi gamile, q\u00eb p\u00ebrgjak\u00ebn me thika dhe arm\u00eb kund\u00ebrshtar\u00ebt e regjimit 30-vje\u00e7ar. Nuk kan\u00eb nd\u00ebrmend t\u00eb ikin edhe pse limuzinat l\u00ebshohen me shpejt\u00ebsi duke marr\u00eb me vehte trupa kund\u00ebrshtar\u00ebsh, apo se k\u00ebto makina q\u00ebllojn\u00eb t\u00eb jen\u00eb t\u00eb policis\u00eb. Ata presin dhe jan\u00eb shum\u00eb af\u00ebr plot\u00ebsimit t\u00eb k\u00ebrkes\u00ebs: fundit t\u00eb nj\u00eb regjimi autokratik, i cili \u00ebsht\u00eb mbajtur n\u00eb k\u00ebmb\u00eb fal\u00eb mb\u00ebshtetjes s\u00eb t\u00eb huajve, q\u00eb m\u00eb mir\u00eb duan nj\u00eb regjim vasal dhe t\u00eb q\u00ebndruesh\u00ebm p\u00ebr popullin e varf\u00ebr dhe t\u00eb shtypur 80 milion\u00ebsh, sesa nj\u00eb demokraci funksionale.<\/p>\n<p>Edhe n\u00eb Jemenin cop\u00eb-cop\u00eb, t\u00eb mbytur n\u00eb pluhur e zhul opozita e ka nj\u00eb shesh. Kur pak dit\u00eb m\u00eb par\u00eb, duke ndjekur shembullin egjiptian ajo doli p\u00ebr t\u00eb protestuar, kund\u00ebrshtar\u00ebt u mblodh\u00ebn n\u00eb sheshin n\u00eb qend\u00ebr t\u00eb kryqytetit Saana. Kur at\u00eb ia zun\u00eb ithtar\u00ebt e presidentit Saleh, duke ngritur aty \u00e7adrat dhe vendosur portrete t\u00eb m\u00ebdha t\u00eb presidentit, opozitar\u00ebt zgjodh\u00ebn si vend tubimi sheshin para universitetit, dy kilometra m\u00eb tutje.<\/p>\n<p>N\u00eb Europ\u00eb sheshet nuk kan\u00eb munguar. Af\u00ebr nesh, n\u00eb Beograd, m\u00eb i famshmi \u00ebsht\u00eb sheshi &#8220;Republika&#8221;. Aty zem\u00ebrimi popullor i qindra mij\u00ebra serb\u00ebve rr\u00ebzoi 10 vite m\u00eb par\u00eb Slobodan Milloshevi\u00e7in. Ai shesh \u00ebsht\u00eb b\u00ebr\u00eb simboli i p\u00ebrhersh\u00ebm i \u00e7do l\u00ebvizjeje proeuropiane. N\u00eb Greqin\u00eb fqinje \u00ebsht\u00eb sheshi &#8220;Sintagma&#8221;, p\u00ebrball\u00eb selis\u00eb s\u00eb parlamentit grek, prej nga prej m\u00ebse dy vitesh sindikatat apo anarkist\u00ebt &#8220;djegin&#8221; Athin\u00ebn, duke iu kund\u00ebrv\u00ebn\u00eb masave antipopullore t\u00eb qeverive.<br \/>\nN\u00eb Shqip\u00ebri populli nuk e ka nj\u00eb shesh, tashm\u00eb. Fatkeq\u00ebsisht jo, edhe pse e kishte.<\/p>\n<p>Kjo PD-ja e sotme e antimitingjeve e kishte nj\u00eb shesh simbol: sheshin &#8220;Sk\u00ebnderbej&#8221;. Prej aty niste rrug\u00ebn p\u00ebr n\u00eb pushtet, kur n\u00eb krah i dilte ish-sekretari i shtetit, Bejker, n\u00eb 1991, prej aty niste rr\u00ebmbimin e pushtetit me fitoren n\u00eb 22 mars 1992. Atu mbante pushtetin me an\u00eb t\u00eb hurit, duke p\u00ebrgjakur opozit\u00ebn n\u00eb 28 maj 1996, pas maskarad\u00ebs zgjedhore t\u00eb 26 majit. Prej aty niste grushtin e shtetit n\u00eb 14 shtator 1998, kur Sali Berisha p\u00ebrdorte zem\u00ebrimin e popullit, pas vrasjes s\u00eb Azem Hajdarit p\u00ebr t\u00eb pushtuar me arkivol\u00eb n\u00eb krah\u00eb kryeministrin\u00eb, Ministrin\u00eb e Drejt\u00ebsis\u00eb, selin\u00eb e Radiotelevizionit dhe shpallur &#8220;vdekjen&#8221; e Nanos. Madej vet\u00eb Sali Berisha u ul k\u00ebmb\u00ebkryq n\u00eb vitin 2004 n\u00eb sheshin p\u00ebrpara selis\u00eb s\u00eb qeveris\u00eb n\u00eb protestat me moton &#8220;Nano Ik!&#8221;.<\/p>\n<p>Opozita aktuale shqiptare e kishte nj\u00eb shesh. \u00cbsht\u00eb ai para selis\u00eb s\u00eb qeveris\u00eb dhe kryesis\u00eb s\u00eb Kuvendit. Aty ku p\u00ebrmbyllte mitingjet e n\u00ebntorit 2009, ku mbante p\u00ebr 19 dit\u00eb-net grev\u00ebn e uris\u00eb n\u00eb maj 2010. Aty ku m\u00eb 21 janar 2011, u vran\u00eb tre qytetar\u00ebt t\u00eb varf\u00ebr, t\u00eb paarmatosur, faji i vet\u00ebm i t\u00eb cil\u00ebve ishte pjes\u00ebmarrja n\u00eb protest\u00ebn e opozit\u00ebs. Aty ku mori plumbin q\u00eb tashm\u00eb i ka marr\u00eb jet\u00ebn edhe protestuesit t\u00eb kat\u00ebrt, Aleks Nik\u00ebs. Aty ku u plagos\u00ebn, u dhunuan dhe u terrorizuan qytetar\u00ebt, gazetar\u00eb dhe kalimtar\u00eb t\u00eb pafajsh\u00ebm.<\/p>\n<p>Por opozita shqiptare nuk e do m\u00eb k\u00ebt\u00eb shesh. T\u00eb premten e shkuar sheshi i opozit\u00ebs i shk\u00ebrmoq n\u00ebp\u00ebr rrugica, rrug\u00eb dhe minisheshe n\u00eb Tiran\u00eb dhe disa qytete. Sikur t\u00eb mos kishte ndodhur asgj\u00eb. Sikur n\u00eb sheshin para selis\u00eb s\u00eb qeveris\u00eb t\u00eb mos ishin marr\u00eb kat\u00ebr jet\u00eb njer\u00ebzore, sikur opozita nuk \u00ebsht\u00eb ajo q\u00eb del n\u00ebp\u00ebr deklarata se \u00ebsht\u00eb kund\u00ebr qeveris\u00eb.<\/p>\n<p>Shembulli nga sheshi &#8220;Tahrir&#8221;, \u00ebsht\u00eb kuptimplot\u00eb. Qindra mij\u00ebra njer\u00ebz q\u00eb p\u00ebr t\u00eb 13-\u00ebn dit\u00eb jan\u00eb aty p\u00ebr t\u00eb rr\u00ebzuar pushtetin m\u00eb autoritar n\u00eb veri t\u00eb Afrik\u00ebs, q\u00eb t\u00eb premteve (ashtu si\u00e7 e ka caktuar edhe opozita shqiptare dit\u00ebn e protest\u00ebs) mblidhen dhe k\u00ebrkojn\u00eb nj\u00eb dhe dy milion\u00eb mb\u00ebshtet\u00ebs p\u00ebr t&#8217;i th\u00ebn\u00eb mbar\u00eb bot\u00ebs se sa e madhe \u00ebsht\u00eb masa opozitare, edhe pse nuk kan\u00eb nj\u00eb kryetar opozite si n\u00eb Shqip\u00ebri. Nj\u00eb mas\u00eb aq e madhe njer\u00ebzore q\u00eb nuk l\u00ebviz as gishtin, ve\u00e7se p\u00ebr tu vet\u00ebmbrojtur nga vras\u00ebsit e infiltruar t\u00eb rregjmit n\u00eb ikje.<\/p>\n<p>Kryek\u00ebput kund\u00ebr asaj q\u00eb Edi Rama dhe kryeopozitar\u00ebt e tjer\u00eb t\u00eb frustuar, q\u00eb dy dit\u00eb m\u00eb par\u00eb, e degdis\u00ebn protest\u00ebn n\u00eb drejtim t\u00eb paditur, ku populli protestues nuk dinte se ku duhej t\u00eb protestonte, sepse p\u00ebr \u00e7far\u00eb duhet t\u00eb protestoj\u00eb ai e di vet\u00eb.<\/p>\n<p>Kjo mund t&#8217;i duket komode opozit\u00ebs q\u00eb druhet se do marr\u00eb pas damk\u00ebn &#8220;e dhunshme&#8221; po zuri sheshin, por kjo nuk \u00ebsht\u00eb opozit\u00eb dhe sheshi i protest\u00ebs \u00ebsht\u00eb i tradh\u00ebtuar, sot kur duhet t\u00eb jet\u00eb m\u00eb shum\u00eb se kurr\u00eb.<\/p>\n","protected":false},"excerpt":{"rendered":"<p>Arben Rrozhani, 06.02.2011 \u00c7do l\u00ebvizje e ka nj\u00eb shesh. Prej aty ka nisur, \u00ebsht\u00eb mbarsur dhe ka shp\u00ebrthyer revolta popullore. Pa hyr\u00eb thell\u00eb n\u00eb histori, sot ka mjaft t\u00eb till\u00eb. M\u00eb i famshmi nd\u00ebrkoh\u00eb \u00ebsht\u00eb sheshi &#8220;Tahrir&#8221; n\u00eb Kajro. Sot \u00ebsht\u00eb dita e 13-t\u00eb. Miliona egjiptian\u00eb jan\u00eb mbledhur, kan\u00eb q\u00ebndruar dhe nuk kan\u00eb nd\u00ebrmend t\u00eb [&hellip;]<\/p>\n","protected":false},"author":1,"featured_media":0,"comment_status":"open","ping_status":"closed","sticky":false,"template":"","format":"standard","meta":{"footnotes":""},"categories":[2],"tags":[],"class_list":{"0":"post-6198","1":"post","2":"type-post","3":"status-publish","4":"format-standard","6":"category-artikuj"},"yoast_head":"<!-- This site is optimized with the Yoast SEO plugin v27.4 - https:\/\/yoast.com\/product\/yoast-seo-wordpress\/ -->\n<title>Sheshi i tradhtuar - FjALA e LIR\u00cb - Arkivi<\/title>\n<meta name=\"robots\" content=\"index, follow, max-snippet:-1, max-image-preview:large, max-video-preview:-1\" \/>\n<link rel=\"canonical\" href=\"https:\/\/fjala.info\/2009-2015\/sheshi-i-tradhtuar\/\" \/>\n<meta property=\"og:locale\" content=\"sq_AL\" \/>\n<meta property=\"og:type\" content=\"article\" \/>\n<meta property=\"og:title\" content=\"Sheshi i tradhtuar - FjALA e LIR\u00cb - Arkivi\" \/>\n<meta property=\"og:description\" content=\"Arben Rrozhani, 06.02.2011 \u00c7do l\u00ebvizje e ka nj\u00eb shesh. Prej aty ka nisur, \u00ebsht\u00eb mbarsur dhe ka shp\u00ebrthyer revolta popullore. Pa hyr\u00eb thell\u00eb n\u00eb histori, sot ka mjaft t\u00eb till\u00eb. M\u00eb i famshmi nd\u00ebrkoh\u00eb \u00ebsht\u00eb sheshi &#8220;Tahrir&#8221; n\u00eb Kajro. Sot \u00ebsht\u00eb dita e 13-t\u00eb. Miliona egjiptian\u00eb jan\u00eb mbledhur, kan\u00eb q\u00ebndruar dhe nuk kan\u00eb nd\u00ebrmend t\u00eb [&hellip;]\" \/>\n<meta property=\"og:url\" content=\"https:\/\/fjala.info\/2009-2015\/sheshi-i-tradhtuar\/\" \/>\n<meta property=\"og:site_name\" content=\"FjALA e LIR\u00cb - Arkivi\" \/>\n<meta property=\"article:published_time\" content=\"2011-02-06T11:04:45+00:00\" \/>\n<meta name=\"author\" content=\"admin\" \/>\n<meta name=\"twitter:card\" content=\"summary_large_image\" \/>\n<meta name=\"twitter:label1\" content=\"Written by\" \/>\n\t<meta name=\"twitter:data1\" content=\"admin\" \/>\n\t<meta name=\"twitter:label2\" content=\"Est. reading time\" \/>\n\t<meta name=\"twitter:data2\" content=\"5 minutes\" \/>\n<script type=\"application\/ld+json\" class=\"yoast-schema-graph\">{\"@context\":\"https:\\\/\\\/schema.org\",\"@graph\":[{\"@type\":\"Article\",\"@id\":\"https:\\\/\\\/fjala.info\\\/2009-2015\\\/sheshi-i-tradhtuar\\\/#article\",\"isPartOf\":{\"@id\":\"https:\\\/\\\/fjala.info\\\/2009-2015\\\/sheshi-i-tradhtuar\\\/\"},\"author\":{\"name\":\"admin\",\"@id\":\"https:\\\/\\\/fjala.info\\\/2009-2015\\\/#\\\/schema\\\/person\\\/3aa1163ef05469c496fc94e77611ada2\"},\"headline\":\"Sheshi i tradhtuar\",\"datePublished\":\"2011-02-06T11:04:45+00:00\",\"mainEntityOfPage\":{\"@id\":\"https:\\\/\\\/fjala.info\\\/2009-2015\\\/sheshi-i-tradhtuar\\\/\"},\"wordCount\":932,\"commentCount\":0,\"publisher\":{\"@id\":\"https:\\\/\\\/fjala.info\\\/2009-2015\\\/#organization\"},\"articleSection\":[\"Artikuj\"],\"inLanguage\":\"sq-AL\",\"potentialAction\":[{\"@type\":\"CommentAction\",\"name\":\"Comment\",\"target\":[\"https:\\\/\\\/fjala.info\\\/2009-2015\\\/sheshi-i-tradhtuar\\\/#respond\"]}]},{\"@type\":\"WebPage\",\"@id\":\"https:\\\/\\\/fjala.info\\\/2009-2015\\\/sheshi-i-tradhtuar\\\/\",\"url\":\"https:\\\/\\\/fjala.info\\\/2009-2015\\\/sheshi-i-tradhtuar\\\/\",\"name\":\"Sheshi i tradhtuar - FjALA e LIR\u00cb - Arkivi\",\"isPartOf\":{\"@id\":\"https:\\\/\\\/fjala.info\\\/2009-2015\\\/#website\"},\"datePublished\":\"2011-02-06T11:04:45+00:00\",\"breadcrumb\":{\"@id\":\"https:\\\/\\\/fjala.info\\\/2009-2015\\\/sheshi-i-tradhtuar\\\/#breadcrumb\"},\"inLanguage\":\"sq-AL\",\"potentialAction\":[{\"@type\":\"ReadAction\",\"target\":[\"https:\\\/\\\/fjala.info\\\/2009-2015\\\/sheshi-i-tradhtuar\\\/\"]}]},{\"@type\":\"BreadcrumbList\",\"@id\":\"https:\\\/\\\/fjala.info\\\/2009-2015\\\/sheshi-i-tradhtuar\\\/#breadcrumb\",\"itemListElement\":[{\"@type\":\"ListItem\",\"position\":1,\"name\":\"Home\",\"item\":\"https:\\\/\\\/fjala.info\\\/2009-2015\\\/\"},{\"@type\":\"ListItem\",\"position\":2,\"name\":\"Sheshi i tradhtuar\"}]},{\"@type\":\"WebSite\",\"@id\":\"https:\\\/\\\/fjala.info\\\/2009-2015\\\/#website\",\"url\":\"https:\\\/\\\/fjala.info\\\/2009-2015\\\/\",\"name\":\"FjALA e LIR\u00cb - Arkivi\",\"description\":\"Arkivi 2009-2015\",\"publisher\":{\"@id\":\"https:\\\/\\\/fjala.info\\\/2009-2015\\\/#organization\"},\"potentialAction\":[{\"@type\":\"SearchAction\",\"target\":{\"@type\":\"EntryPoint\",\"urlTemplate\":\"https:\\\/\\\/fjala.info\\\/2009-2015\\\/?s={search_term_string}\"},\"query-input\":{\"@type\":\"PropertyValueSpecification\",\"valueRequired\":true,\"valueName\":\"search_term_string\"}}],\"inLanguage\":\"sq-AL\"},{\"@type\":\"Organization\",\"@id\":\"https:\\\/\\\/fjala.info\\\/2009-2015\\\/#organization\",\"name\":\"FjALA e LIR\u00cb - Arkivi\",\"url\":\"https:\\\/\\\/fjala.info\\\/2009-2015\\\/\",\"logo\":{\"@type\":\"ImageObject\",\"inLanguage\":\"sq-AL\",\"@id\":\"https:\\\/\\\/fjala.info\\\/2009-2015\\\/#\\\/schema\\\/logo\\\/image\\\/\",\"url\":\"\",\"contentUrl\":\"\",\"caption\":\"FjALA e LIR\u00cb - Arkivi\"},\"image\":{\"@id\":\"https:\\\/\\\/fjala.info\\\/2009-2015\\\/#\\\/schema\\\/logo\\\/image\\\/\"}},{\"@type\":\"Person\",\"@id\":\"https:\\\/\\\/fjala.info\\\/2009-2015\\\/#\\\/schema\\\/person\\\/3aa1163ef05469c496fc94e77611ada2\",\"name\":\"admin\",\"image\":{\"@type\":\"ImageObject\",\"inLanguage\":\"sq-AL\",\"@id\":\"https:\\\/\\\/fjala.info\\\/2009-2015\\\/wp-content\\\/uploads\\\/2012\\\/02\\\/arben_cokaj-120x150.jpg\",\"url\":\"https:\\\/\\\/fjala.info\\\/2009-2015\\\/wp-content\\\/uploads\\\/2012\\\/02\\\/arben_cokaj-120x150.jpg\",\"contentUrl\":\"https:\\\/\\\/fjala.info\\\/2009-2015\\\/wp-content\\\/uploads\\\/2012\\\/02\\\/arben_cokaj-120x150.jpg\",\"caption\":\"admin\"},\"description\":\"Admin, Fjala e Lir\u00eb\",\"sameAs\":[\"https:\\\/\\\/fjala.info\\\/\"],\"url\":\"https:\\\/\\\/fjala.info\\\/2009-2015\\\/author\\\/admin\\\/\"}]}<\/script>\n<!-- \/ Yoast SEO plugin. -->","yoast_head_json":{"title":"Sheshi i tradhtuar - FjALA e LIR\u00cb - Arkivi","robots":{"index":"index","follow":"follow","max-snippet":"max-snippet:-1","max-image-preview":"max-image-preview:large","max-video-preview":"max-video-preview:-1"},"canonical":"https:\/\/fjala.info\/2009-2015\/sheshi-i-tradhtuar\/","og_locale":"sq_AL","og_type":"article","og_title":"Sheshi i tradhtuar - FjALA e LIR\u00cb - Arkivi","og_description":"Arben Rrozhani, 06.02.2011 \u00c7do l\u00ebvizje e ka nj\u00eb shesh. Prej aty ka nisur, \u00ebsht\u00eb mbarsur dhe ka shp\u00ebrthyer revolta popullore. Pa hyr\u00eb thell\u00eb n\u00eb histori, sot ka mjaft t\u00eb till\u00eb. M\u00eb i famshmi nd\u00ebrkoh\u00eb \u00ebsht\u00eb sheshi &#8220;Tahrir&#8221; n\u00eb Kajro. Sot \u00ebsht\u00eb dita e 13-t\u00eb. Miliona egjiptian\u00eb jan\u00eb mbledhur, kan\u00eb q\u00ebndruar dhe nuk kan\u00eb nd\u00ebrmend t\u00eb [&hellip;]","og_url":"https:\/\/fjala.info\/2009-2015\/sheshi-i-tradhtuar\/","og_site_name":"FjALA e LIR\u00cb - Arkivi","article_published_time":"2011-02-06T11:04:45+00:00","author":"admin","twitter_card":"summary_large_image","twitter_misc":{"Written by":"admin","Est. reading time":"5 minutes"},"schema":{"@context":"https:\/\/schema.org","@graph":[{"@type":"Article","@id":"https:\/\/fjala.info\/2009-2015\/sheshi-i-tradhtuar\/#article","isPartOf":{"@id":"https:\/\/fjala.info\/2009-2015\/sheshi-i-tradhtuar\/"},"author":{"name":"admin","@id":"https:\/\/fjala.info\/2009-2015\/#\/schema\/person\/3aa1163ef05469c496fc94e77611ada2"},"headline":"Sheshi i tradhtuar","datePublished":"2011-02-06T11:04:45+00:00","mainEntityOfPage":{"@id":"https:\/\/fjala.info\/2009-2015\/sheshi-i-tradhtuar\/"},"wordCount":932,"commentCount":0,"publisher":{"@id":"https:\/\/fjala.info\/2009-2015\/#organization"},"articleSection":["Artikuj"],"inLanguage":"sq-AL","potentialAction":[{"@type":"CommentAction","name":"Comment","target":["https:\/\/fjala.info\/2009-2015\/sheshi-i-tradhtuar\/#respond"]}]},{"@type":"WebPage","@id":"https:\/\/fjala.info\/2009-2015\/sheshi-i-tradhtuar\/","url":"https:\/\/fjala.info\/2009-2015\/sheshi-i-tradhtuar\/","name":"Sheshi i tradhtuar - FjALA e LIR\u00cb - Arkivi","isPartOf":{"@id":"https:\/\/fjala.info\/2009-2015\/#website"},"datePublished":"2011-02-06T11:04:45+00:00","breadcrumb":{"@id":"https:\/\/fjala.info\/2009-2015\/sheshi-i-tradhtuar\/#breadcrumb"},"inLanguage":"sq-AL","potentialAction":[{"@type":"ReadAction","target":["https:\/\/fjala.info\/2009-2015\/sheshi-i-tradhtuar\/"]}]},{"@type":"BreadcrumbList","@id":"https:\/\/fjala.info\/2009-2015\/sheshi-i-tradhtuar\/#breadcrumb","itemListElement":[{"@type":"ListItem","position":1,"name":"Home","item":"https:\/\/fjala.info\/2009-2015\/"},{"@type":"ListItem","position":2,"name":"Sheshi i tradhtuar"}]},{"@type":"WebSite","@id":"https:\/\/fjala.info\/2009-2015\/#website","url":"https:\/\/fjala.info\/2009-2015\/","name":"FjALA e LIR\u00cb - Arkivi","description":"Arkivi 2009-2015","publisher":{"@id":"https:\/\/fjala.info\/2009-2015\/#organization"},"potentialAction":[{"@type":"SearchAction","target":{"@type":"EntryPoint","urlTemplate":"https:\/\/fjala.info\/2009-2015\/?s={search_term_string}"},"query-input":{"@type":"PropertyValueSpecification","valueRequired":true,"valueName":"search_term_string"}}],"inLanguage":"sq-AL"},{"@type":"Organization","@id":"https:\/\/fjala.info\/2009-2015\/#organization","name":"FjALA e LIR\u00cb - Arkivi","url":"https:\/\/fjala.info\/2009-2015\/","logo":{"@type":"ImageObject","inLanguage":"sq-AL","@id":"https:\/\/fjala.info\/2009-2015\/#\/schema\/logo\/image\/","url":"","contentUrl":"","caption":"FjALA e LIR\u00cb - Arkivi"},"image":{"@id":"https:\/\/fjala.info\/2009-2015\/#\/schema\/logo\/image\/"}},{"@type":"Person","@id":"https:\/\/fjala.info\/2009-2015\/#\/schema\/person\/3aa1163ef05469c496fc94e77611ada2","name":"admin","image":{"@type":"ImageObject","inLanguage":"sq-AL","@id":"https:\/\/fjala.info\/2009-2015\/wp-content\/uploads\/2012\/02\/arben_cokaj-120x150.jpg","url":"https:\/\/fjala.info\/2009-2015\/wp-content\/uploads\/2012\/02\/arben_cokaj-120x150.jpg","contentUrl":"https:\/\/fjala.info\/2009-2015\/wp-content\/uploads\/2012\/02\/arben_cokaj-120x150.jpg","caption":"admin"},"description":"Admin, Fjala e Lir\u00eb","sameAs":["https:\/\/fjala.info\/"],"url":"https:\/\/fjala.info\/2009-2015\/author\/admin\/"}]}},"_links":{"self":[{"href":"https:\/\/fjala.info\/2009-2015\/wp-json\/wp\/v2\/posts\/6198","targetHints":{"allow":["GET"]}}],"collection":[{"href":"https:\/\/fjala.info\/2009-2015\/wp-json\/wp\/v2\/posts"}],"about":[{"href":"https:\/\/fjala.info\/2009-2015\/wp-json\/wp\/v2\/types\/post"}],"author":[{"embeddable":true,"href":"https:\/\/fjala.info\/2009-2015\/wp-json\/wp\/v2\/users\/1"}],"replies":[{"embeddable":true,"href":"https:\/\/fjala.info\/2009-2015\/wp-json\/wp\/v2\/comments?post=6198"}],"version-history":[{"count":0,"href":"https:\/\/fjala.info\/2009-2015\/wp-json\/wp\/v2\/posts\/6198\/revisions"}],"wp:attachment":[{"href":"https:\/\/fjala.info\/2009-2015\/wp-json\/wp\/v2\/media?parent=6198"}],"wp:term":[{"taxonomy":"category","embeddable":true,"href":"https:\/\/fjala.info\/2009-2015\/wp-json\/wp\/v2\/categories?post=6198"},{"taxonomy":"post_tag","embeddable":true,"href":"https:\/\/fjala.info\/2009-2015\/wp-json\/wp\/v2\/tags?post=6198"}],"curies":[{"name":"wp","href":"https:\/\/api.w.org\/{rel}","templated":true}]}}