{"id":6196,"date":"2011-02-06T12:02:13","date_gmt":"2011-02-06T11:02:13","guid":{"rendered":"http:\/\/fjala.shkoder.net\/?p=6196"},"modified":"2011-02-06T12:02:13","modified_gmt":"2011-02-06T11:02:13","slug":"a-e-muarrem-vesh-ctha-kadareja","status":"publish","type":"post","link":"https:\/\/fjala.info\/2009-2015\/a-e-muarrem-vesh-ctha-kadareja\/","title":{"rendered":"A E MUARR\u00cbM VESH \u00c7\u2019THA KADAREJA?"},"content":{"rendered":"<p><strong>Ylli Polovina<\/strong><\/p>\n<p>T\u00eb p\u00ebrfshir\u00eb nxeht\u00ebsisht n\u00ebp\u00ebr biseda rrethngushta apo n\u00eb bashk\u00ebsi masive si\u00e7 jan\u00eb blogjet n\u00eb internet, shum\u00eb prej pjes\u00ebmarr\u00ebsve lan\u00eb k\u00ebto dit\u00eb p\u00ebrshtypjen se qen\u00eb ndjer\u00eb disi t\u00eb zhg\u00ebnjyer prej shkrimit t\u00eb fundit t\u00eb Ismail Kadares\u00eb, botuar n\u00eb gazet\u00ebn shqiptaro-amerikane \u201cIllyria\u201d t\u00eb Nju Jorkut. Disave iu duk tep\u00ebr akademik. Nd\u00ebrkoh\u00eb pjesa d\u00ebrmuese e t\u00eb pak\u00ebnaqurve e kishte gjetur nj\u00eb arsye m\u00eb t\u00eb p\u00ebrfillshme: shkrimtari me em\u00ebr t\u00eb spikatur n\u00eb glob, pra me autoritet edhe p\u00ebr t\u00eb ndikuar n\u00eb bot\u00ebn politike jasht\u00eb trojeve t\u00eb shqiptar\u00ebve, p\u00ebr ngjarjet e 21 janarit n\u00eb Tiran\u00eb nuk qe rreshtuar me asnj\u00eb prej dy pal\u00ebve aktualisht n\u00eb nj\u00eb luft\u00eb politike n\u00eb p\u00ebrmasat e nj\u00eb konflikti g\u00ebrryes.<\/p>\n<p>Kjo donte t\u00eb thoshte se sipas tyre, Kadare pati q\u00ebndruar n\u00eb mes, pra ishte sjell\u00eb si nj\u00eb oportunist, i p\u00ebrllogaritur edhe k\u00ebt\u00eb her\u00eb t\u2019i shmangej p\u00ebrplasjes jo vet\u00ebm me pushtetin, por edhe gjith\u00ebsisht me t\u00eb st\u00ebrfuqishmen, politik\u00ebn.<\/p>\n<p>Bashk\u00ebkomb\u00ebsit e deziluzionuar sidoqoft\u00eb nuk kan\u00eb ndonj\u00eb qortim tjet\u00ebr m\u00eb t\u00eb madh p\u00ebr Ismail Kadaren\u00eb, madje duke ia cil\u00ebsuar botimin e shkrimit \u201cm\u00eb mir\u00eb von\u00eb se kurr\u00eb\u201d, i jan\u00eb mir\u00ebnjoh\u00ebs q\u00eb u prononcua. Ata e din\u00eb fare mir\u00eb se kur Tirana digjet, \u201cajo\u201d nuk ka pse krihet. E v\u00ebrteta \u00ebsht\u00eb se emra me shum\u00eb autoritet ende nuk kan\u00eb shprehur ndonj\u00eb q\u00ebndrim. Sigurisht edhe heshtja \u00ebsht\u00eb pozicionim. Edhe ajo jep nj\u00eb mesazh. Edhe ajo \u201cflet\u201d. Heshtja \u00ebsht\u00eb m\u00eb e urt\u00eb se ata q\u00eb deri tani kan\u00eb folur dhe nuk kan\u00eb th\u00ebn\u00eb asgj\u00eb.<\/p>\n<p>Ajo pjes\u00eb e opinionit qortues ndaj shkrimtarit, duke qen\u00eb mas\u00eb jo e madhe, m\u00eb shum\u00eb se d\u00ebshir\u00eb p\u00ebr nj\u00eb v\u00ebrejtje, d\u00ebshmon n\u00eb t\u00eb v\u00ebrtet\u00eb se gjendja politike e tensionuar n\u00eb Shqip\u00ebri tashm\u00eb \u00ebsht\u00eb b\u00ebr\u00eb nj\u00eb shqet\u00ebsim i madh p\u00ebr \u00e7do qytetar, \u00ebsht\u00eb e r\u00ebnd\u00eb dhe gjakv\u00ebluese, me shum\u00eb pasiguri dhe pamund\u00ebsi rrug\u00ebdaljeje, shum\u00eb e tert\u00eb dhe me pad\u00ebshir\u00eb p\u00ebr t\u2019u ndri\u00e7uar, aq tep\u00ebr imazhr\u00ebnuese sa ka l\u00ebn\u00eb pa goj\u00eb edhe miqt\u00eb m\u00eb t\u00eb mir\u00eb t\u00eb vendit ton\u00eb. Kjo gjendje \u00ebsht\u00eb aq shum\u00eb kriz\u00eb mbi kriz\u00eb, sa q\u00eb n\u00eb treg nuk jan\u00eb tejrritur, por kan\u00eb dal\u00eb duarsh edhe \u00e7mimet e ushqimeve m\u00eb jetike. Prandaj ata duan ta ndajn\u00eb shapin nga sheqeri. \u201cMe cilin je?\u201d, \u00ebsht\u00eb pyetja q\u00eb b\u00ebhet gjithandej. Nd\u00ebrkaq n\u00eb rast se d\u00ebshiron t\u00eb b\u00ebsh e paraqit\u00ebsh analiz\u00ebn tende, pra t\u00eb thuash q\u00eb shkaqet dhe protagonist\u00ebt t\u00eb cilat soll\u00ebn k\u00ebt\u00eb situat\u00eb t\u00eb nxeht\u00eb t\u00eb 21 janarit dhe t\u00eb m\u00ebpastajm\u00eb jan\u00eb shum\u00eb t\u00eb pleksura e t\u00eb nd\u00ebrlikuara, se pik\u00ebrisht k\u00ebt\u00eb her\u00eb mund t\u00eb ket\u00eb nj\u00eb pal\u00eb me m\u00eb shum\u00eb p\u00ebrgjegj\u00ebsi se tjetra, por aspak nuk gjen nj\u00eb pa gabim e faj, etj., etj., at\u00ebher\u00eb rrezikon t\u00eb shihesh si nj\u00eb meskin q\u00eb l\u00ebviz n\u00eb jet\u00eb sipas rehatit personal. Deri sa kjo ndodhi me Ismail Kadaren\u00eb, i cili edhe ai nuk u \u201crreshtua\u201d me asnj\u00ebrin krah q\u00eb vazhdon ndeshjen e acart\u00eb politike!<\/p>\n<p>Nd\u00ebrkoh\u00eb ne mendojm\u00eb se Kadare, n\u00eb t\u00eb v\u00ebrtet\u00eb k\u00ebt\u00eb her\u00eb e ka mbajtur nj\u00eb q\u00ebndrim t\u00eb prer\u00eb, se ai n\u00eb fund t\u00eb fundit \u00ebsht\u00eb \u201crreshtuar\u201d. P\u00ebrkrahja politike e nj\u00ebr\u00ebs apo tjetr\u00ebs pal\u00eb n\u00eb k\u00ebt\u00eb kriz\u00eb mbi kriz\u00eb \u00ebsht\u00eb nj\u00eb e drejt\u00eb e ligjshme e gjithsecilit q\u00eb mendon se t\u00ebr\u00eb e drejta \u00ebsht\u00eb me partin\u00eb e vet. Kur kjo kryhet nga njer\u00ebz t\u00eb sinqert\u00eb ose s\u00eb paku koherent\u00eb n\u00eb bindjet e tyre, edhe pse n\u00eb pamje t\u00eb par\u00eb duket sikur e lodh edhe m\u00eb shum\u00eb gjendjen e rraskapitur t\u00eb shoq\u00ebris\u00eb, \u00ebsht\u00eb gjithsesi e dobishme, madje pjes\u00eb e nevojshme e kultur\u00ebs pluraliste, rregulluese normale e funksionimit t\u00eb demokracis\u00eb (p\u00ebrjashto fjalorin banal dhe munges\u00ebn problematike t\u00eb etik\u00ebs). Ata q\u00eb destabilizojn\u00eb rregullat demokratike jan\u00eb syresh t\u00eb tjer\u00eb, t\u00eb kapurit peng nga histori e akuza p\u00ebr shkelje t\u00eb shumta t\u00eb moralit dhe interesit publik. Ose edhe individ\u00eb nj\u00ebmij\u00eb her\u00eb t\u00eb d\u00ebshtuar, por q\u00eb e provojn\u00eb pazot\u00ebsin\u00eb e tyre edhe p\u00ebr nj\u00ebmij\u00eb her\u00eb t\u00eb tjera. Ose edhe disa politikan\u00eb pa parti dhe pa ndjek\u00ebs, k\u00ebta \u201cproletar\u00eb\u201d q\u00eb, duke mos pasur asgj\u00eb dhe nuk humbin kurrgj\u00eb nga \u00e7do p\u00ebrmbysje e sforcuar e gj\u00ebrave. Si t\u00eb till\u00eb ata ve\u00e7 fitojn\u00eb. Me gjuh\u00ebn e tyre duksh\u00ebm intolerante, t\u00eb etur q\u00eb t\u00eb ndodh\u00eb p\u00ebrplasja dhe jo zbutja e gjakrave, n\u00eb ankth q\u00eb t\u00eb mos ket\u00eb nj\u00eb zgjidhje t\u00eb merituar, por nj\u00eb t\u00eb nj\u00ebanshme dhe t\u00eb padrejt\u00eb, p\u00ebr rrjedhim edhe fatsjell\u00ebse p\u00ebr nepset apo qejfmbetjet e tyre, ata, duke qen\u00eb vet\u00eb kriz\u00eb, i shtohen paduruesh\u00ebm k\u00ebsaj gjendjeje t\u00eb kriz\u00ebs mbi kriz\u00eb. \u201cRreshtimi\u201d i tyre po fut helm n\u00eb damar\u00ebt e shoq\u00ebris\u00eb son\u00eb ende trupbrisht\u00eb. Sikur t\u00eb b\u00ebhej nj\u00eb prov\u00eb e t\u00eb mos u k\u00ebrkohej \u201cndihm\u00eb\u201d!<\/p>\n<p>Ja pse shkrimi i Ismail Kadares\u00eb i botuar n\u00eb \u201cIllyria\u201d e Nju Jorkut dhe m\u00eb pas menj\u00ebher\u00eb n\u00eb t\u00eb gjith\u00eb shtypin shqiptar, duke mos shprehur an\u00ebsim me asnj\u00ebr\u00ebn pal\u00eb aktualisht n\u00eb p\u00ebrleshje politike, \u00ebsht\u00eb i rreshtuar fare duksh\u00ebm. Shkrimtari i ditur ka zgjedhur t\u00eb jet\u00eb me sistemin e shoq\u00ebris\u00eb s\u00eb hapur, me vet\u00eb qytet\u00ebrimin per\u00ebndimor, t\u00eb cilit Shqip\u00ebria i takon. Ai shkrim q\u00eb n\u00eb pamje t\u00eb par\u00eb duket si nj\u00eb ese filozofike, \u00ebsht\u00eb nj\u00eb thirrje konkrete p\u00ebr gjithsecilin nga ne q\u00eb n\u00eb k\u00ebto \u00e7aste shqet\u00ebsuese, edhe pse mund t\u00eb jemi p\u00ebrkrah\u00ebs t\u00eb k\u00ebsaj apo asaj pale ose edhe me asnj\u00ebr\u00ebn, t\u00eb mos humbasim gjithsesi kahun e orientimit kryesor, busull\u00ebn prij\u00ebse, mekanizimin vital q\u00eb garanton realisht daljen nga kjo kriz\u00eb, si dhe \u00e7do tjet\u00ebr q\u00eb mund e do t\u00eb na z\u00ebn\u00eb: sistemin shoq\u00ebror demokratik. Historia e demokracis\u00eb, shkruan Ismail Kadare, \u00ebsht\u00eb historia e krijimit t\u00eb mekanizmave mbrojt\u00ebs t\u00eb saj, t\u00eb forcimit t\u00eb tyre. \u201cKultura politike, kultura n\u00eb p\u00ebrgjith\u00ebsi, idet\u00eb humaniste, filozofia, arti, ligjet, kushtetutat, gjith\u00eb doket e qytet\u00ebrimit b\u00ebjn\u00eb pjes\u00eb n\u00eb t\u00eb\u201d, thot\u00eb ai dhe ngulmon: \u201cE mbi t\u00eb gjitha, institucionet e pavarura. Jan\u00eb ato q\u00eb ndodhen n\u00eb vij\u00eb t\u00eb par\u00eb p\u00ebr kontrollin dhe frenimin e k\u00ebsaj makine aq t\u00eb nevojshme e nj\u00ebher\u00ebsh t\u00eb bezdisshme, me emrin shtet\u201d. Pastaj vijon \u201cNdaj nuk \u00ebsht\u00eb e tepruar t\u00eb thuhet se shkelja e pavar\u00ebsis\u00eb s\u00eb tyre duhet t\u00eb p\u00ebrjetohet si nj\u00eb katastrof\u00eb\u201d.<\/p>\n<p>N\u00eb at\u00eb q\u00eb kulmoi m\u00eb 21 janar p\u00ebrpjekjet p\u00ebr t\u00eb shkelur dhe n\u00ebnshtruar, madje edhe posht\u00ebruar, institucionet e pavarura, kan\u00eb qen\u00eb t\u00eb nd\u00ebrsjella. Kur Kadare p\u00ebrdor konceptin e makin\u00ebs s\u00eb dobishme, por edhe nj\u00ebher\u00ebsh t\u00eb bezdisshme t\u00eb shtetit, nuk e ka fjal\u00ebn vet\u00ebm p\u00ebr nj\u00eb kabinet qeveritar apo edhe shumic\u00eb parlamentare, mbi t\u00eb cil\u00ebn n\u00eb nj\u00eb sistem demokratik n\u00eb situata t\u00eb acarta bie p\u00ebrgjegj\u00ebsia kryesore jo patjet\u00ebr e shkaktimit, por e moszgjidhjes, e daljes nga rruga pa krye.<\/p>\n<p>Je n\u00eb krye, m\u00eb nxirr nga tuneli!<\/p>\n<p>Ismail Kadare, ky shkrimtar shum\u00eb i talentuar dhe i ndjesh\u00ebm p\u00ebr temat humane, \u00ebsht\u00eb po ashtu si person edhe nj\u00eb makin\u00eb e ftoht\u00eb llogarit\u00ebse. Ai nuk ka gabuar asnj\u00ebher\u00eb n\u00eb l\u00ebvizjet e tij t\u00eb m\u00ebdha, duke mbijetuar n\u00eb diktatur\u00eb dhe m\u00eb pas rritur shum\u00eb prestigj letrar n\u00eb bot\u00eb. N\u00eb t\u00eb gjitha q\u00ebndrimet q\u00eb ka zgjedhur, t\u00eb shum\u00ebdiskutuara jo pak, ai nuk ka munguar asnj\u00ebher\u00eb t\u2019i jap\u00eb p\u00ebrpar\u00ebsi interesave t\u00eb tij vetjake, ve\u00e7an\u00ebrisht profesionale, por aspak primitivisht t\u00eb komoditetit personal. Po t\u00eb shihet me kujdes jeta e tij tashm\u00eb tre\u00e7erek shekullore, Kadare nuk ka qen\u00eb p\u00ebrher\u00eb i prir\u00eb nga drejt\u00ebsia, apo s\u00eb paku nga baraspeshimi, sidomos p\u00ebr t\u00eb gjykuar ndaj individ\u00ebve t\u00eb tjer\u00eb. Ka boll gjak t\u00eb nxeht\u00eb shqiptari edhe ai. Ve\u00e7 n\u00eb t\u00eb gjitha aksionet e m\u00ebdha q\u00eb si zgjedhje personale ka nd\u00ebrmarr\u00eb n\u00eb jet\u00eb, me nj\u00eb gj\u00eb kurr\u00eb nuk ka luajtur: vendin dhe etnin\u00eb e tij. Aty Ismail Kadare ndalet, p\u00ebrmban \u00e7do inat, \u00e7do ngasje p\u00ebr t\u2019u hakmarr\u00eb. Para Shqip\u00ebris\u00eb, Kosov\u00ebs dhe gjith\u00eb shqiptar\u00ebve ai rri i p\u00ebrulur. Si n\u00eb at\u00eb mur t\u00eb shenjt\u00eb t\u00eb Jerusalemit kur besimtar\u00ebt hebrenj puthin gur\u00ebt pa pushuar.<\/p>\n<p>Ajo q\u00eb bashk\u00ebkomb\u00ebsi yn\u00eb shkroi n\u00eb \u201cIllyria\u201d t\u00eb Nju Jorkut, n\u00eb nj\u00eb mesazh kuptimplot\u00eb p\u00ebr diaspor\u00ebn ton\u00eb demokratisht t\u00eb emancipuar n\u00eb Shtetet e Bashkuara t\u00eb Amerik\u00ebs, aleatin e madh q\u00eb duhet ta d\u00ebgjojm\u00eb me kujdes, sepse n\u00eb analizat, p\u00ebrfundimet dhe nevojat e tij gjeostrategjike p\u00ebr stabilitet, gjendet edhe fati i q\u00ebndrueshm\u00ebris\u00eb son\u00eb. Ata dhe evropian\u00ebt e din\u00eb shum\u00eb mir\u00eb se zgjidhjet i sjell stabiliteti dhe se ky i fundit realizohet jo nga nj\u00eb, dy apo tre persona, prej nj\u00eb, dy apo tre institucioneve, por vet\u00ebm nga zbatimi i rregullave t\u00eb demokracis\u00eb. Q\u00ebndrueshm\u00ebri reale t\u00eb vendit, por edhe mbar\u00ebsi p\u00ebr t\u00eb ardhmen, nuk ka kurr\u00eb pa respektim t\u00eb t\u00eb gjitha institucioneve dhe t\u00eb vet\u00eb pluralizmit. Fati yn\u00eb, i njer\u00ebzve t\u00eb thjesht\u00eb, \u00ebsht\u00eb k\u00ebtu. Po k\u00ebtu \u00ebsht\u00eb edhe i vet\u00eb politikan\u00ebve.<\/p>\n<p>Demokracia \u00ebsht\u00eb fati i tyre. Le ta kthejn\u00eb nj\u00eb \u00e7ast kok\u00ebn para vitit n\u00ebnt\u00ebdhjet\u00eb! Prandaj a nuk do t\u00eb ishte mir\u00eb q\u00eb kriz\u00ebn mbi kriz\u00eb q\u00eb kemi dhe q\u00eb po e r\u00ebndojn\u00eb dita dit\u00ebs kriz\u00ebsjell\u00ebs t\u00eb paem\u00ebr, a nuk do t\u00eb qe mir\u00eb ta zgjidhte vet\u00eb klasa jon\u00eb politike? Po t\u00eb ndodhte kjo pun\u00eb urgjente, por edhe shum\u00eb e men\u00e7ur, n\u00eb Bashkimin Evropian, superatdheun ton\u00eb, jo thjesht do t\u00eb ndiheshin t\u00eb \u00e7liruar nga makthi i nj\u00eb vendi t\u00eb parehatuar dhe andrall\u00eb sjell\u00ebs q\u00eb prej dy dekadash, por do t\u00eb hiqnin nga projektet e tyre nj\u00ebher\u00eb e mir\u00eb \u00e7far\u00ebdo teknike t\u00eb detyruar shtr\u00ebnguese, p\u00ebrfshi pezullimin e p\u00ebrkohsh\u00ebm t\u00eb vizave apo edhe shtyrjen mundonj\u00ebse p\u00ebr t\u2019u kandiduar m\u00eb n\u00eb fund si shtet an\u00ebtar i BE-s\u00eb, por do t\u00eb ngjante e kund\u00ebrta: do t\u00eb deklaronin me buj\u00eb afrimin e dit\u00ebs s\u00eb eurointegrimit. Pas k\u00ebsaj do t\u00eb shihnim me ngaz\u00ebllim se si ai 21 janar q\u00eb la n\u00ebp\u00ebr bot\u00eb nj\u00eb shije t\u00eb trazuar mosbesimi p\u00ebr pazot\u00ebsin\u00eb t\u00eb vet\u00ebqeverisjes son\u00eb moderne, do t\u00eb shnd\u00ebrrohej n\u00eb nj\u00eb bum t\u00eb imazhit ton\u00eb normal, pse jo edhe mjaft interesant, mbres\u00ebl\u00ebn\u00ebs. Kemi nevoj\u00eb p\u00ebr k\u00ebt\u00eb. Politikan\u00eb, ju lutemi, b\u00ebheni k\u00ebt\u00eb mrekulli!<\/p>\n","protected":false},"excerpt":{"rendered":"<p>Ylli Polovina T\u00eb p\u00ebrfshir\u00eb nxeht\u00ebsisht n\u00ebp\u00ebr biseda rrethngushta apo n\u00eb bashk\u00ebsi masive si\u00e7 jan\u00eb blogjet n\u00eb internet, shum\u00eb prej pjes\u00ebmarr\u00ebsve lan\u00eb k\u00ebto dit\u00eb p\u00ebrshtypjen se qen\u00eb ndjer\u00eb disi t\u00eb zhg\u00ebnjyer prej shkrimit t\u00eb fundit t\u00eb Ismail Kadares\u00eb, botuar n\u00eb gazet\u00ebn shqiptaro-amerikane \u201cIllyria\u201d t\u00eb Nju Jorkut. Disave iu duk tep\u00ebr akademik. Nd\u00ebrkoh\u00eb pjesa d\u00ebrmuese e t\u00eb [&hellip;]<\/p>\n","protected":false},"author":1,"featured_media":0,"comment_status":"open","ping_status":"closed","sticky":false,"template":"","format":"standard","meta":{"footnotes":""},"categories":[2],"tags":[],"class_list":{"0":"post-6196","1":"post","2":"type-post","3":"status-publish","4":"format-standard","6":"category-artikuj"},"yoast_head":"<!-- This site is optimized with the Yoast SEO plugin v27.4 - https:\/\/yoast.com\/product\/yoast-seo-wordpress\/ -->\n<title>A E MUARR\u00cbM VESH \u00c7\u2019THA KADAREJA? - FjALA e LIR\u00cb - Arkivi<\/title>\n<meta name=\"robots\" content=\"index, follow, max-snippet:-1, max-image-preview:large, max-video-preview:-1\" \/>\n<link rel=\"canonical\" href=\"https:\/\/fjala.info\/2009-2015\/a-e-muarrem-vesh-ctha-kadareja\/\" \/>\n<meta property=\"og:locale\" content=\"sq_AL\" \/>\n<meta property=\"og:type\" content=\"article\" \/>\n<meta property=\"og:title\" content=\"A E MUARR\u00cbM VESH \u00c7\u2019THA KADAREJA? - FjALA e LIR\u00cb - Arkivi\" \/>\n<meta property=\"og:description\" content=\"Ylli Polovina T\u00eb p\u00ebrfshir\u00eb nxeht\u00ebsisht n\u00ebp\u00ebr biseda rrethngushta apo n\u00eb bashk\u00ebsi masive si\u00e7 jan\u00eb blogjet n\u00eb internet, shum\u00eb prej pjes\u00ebmarr\u00ebsve lan\u00eb k\u00ebto dit\u00eb p\u00ebrshtypjen se qen\u00eb ndjer\u00eb disi t\u00eb zhg\u00ebnjyer prej shkrimit t\u00eb fundit t\u00eb Ismail Kadares\u00eb, botuar n\u00eb gazet\u00ebn shqiptaro-amerikane \u201cIllyria\u201d t\u00eb Nju Jorkut. Disave iu duk tep\u00ebr akademik. Nd\u00ebrkoh\u00eb pjesa d\u00ebrmuese e t\u00eb [&hellip;]\" \/>\n<meta property=\"og:url\" content=\"https:\/\/fjala.info\/2009-2015\/a-e-muarrem-vesh-ctha-kadareja\/\" \/>\n<meta property=\"og:site_name\" content=\"FjALA e LIR\u00cb - Arkivi\" \/>\n<meta property=\"article:published_time\" content=\"2011-02-06T11:02:13+00:00\" \/>\n<meta name=\"author\" content=\"admin\" \/>\n<meta name=\"twitter:card\" content=\"summary_large_image\" \/>\n<meta name=\"twitter:label1\" content=\"Written by\" \/>\n\t<meta name=\"twitter:data1\" content=\"admin\" \/>\n\t<meta name=\"twitter:label2\" content=\"Est. reading time\" \/>\n\t<meta name=\"twitter:data2\" content=\"9 minutes\" \/>\n<script type=\"application\/ld+json\" class=\"yoast-schema-graph\">{\"@context\":\"https:\\\/\\\/schema.org\",\"@graph\":[{\"@type\":\"Article\",\"@id\":\"https:\\\/\\\/fjala.info\\\/2009-2015\\\/a-e-muarrem-vesh-ctha-kadareja\\\/#article\",\"isPartOf\":{\"@id\":\"https:\\\/\\\/fjala.info\\\/2009-2015\\\/a-e-muarrem-vesh-ctha-kadareja\\\/\"},\"author\":{\"name\":\"admin\",\"@id\":\"https:\\\/\\\/fjala.info\\\/2009-2015\\\/#\\\/schema\\\/person\\\/3aa1163ef05469c496fc94e77611ada2\"},\"headline\":\"A E MUARR\u00cbM VESH \u00c7\u2019THA KADAREJA?\",\"datePublished\":\"2011-02-06T11:02:13+00:00\",\"mainEntityOfPage\":{\"@id\":\"https:\\\/\\\/fjala.info\\\/2009-2015\\\/a-e-muarrem-vesh-ctha-kadareja\\\/\"},\"wordCount\":1812,\"commentCount\":0,\"publisher\":{\"@id\":\"https:\\\/\\\/fjala.info\\\/2009-2015\\\/#organization\"},\"articleSection\":[\"Artikuj\"],\"inLanguage\":\"sq-AL\",\"potentialAction\":[{\"@type\":\"CommentAction\",\"name\":\"Comment\",\"target\":[\"https:\\\/\\\/fjala.info\\\/2009-2015\\\/a-e-muarrem-vesh-ctha-kadareja\\\/#respond\"]}]},{\"@type\":\"WebPage\",\"@id\":\"https:\\\/\\\/fjala.info\\\/2009-2015\\\/a-e-muarrem-vesh-ctha-kadareja\\\/\",\"url\":\"https:\\\/\\\/fjala.info\\\/2009-2015\\\/a-e-muarrem-vesh-ctha-kadareja\\\/\",\"name\":\"A E MUARR\u00cbM VESH \u00c7\u2019THA KADAREJA? - FjALA e LIR\u00cb - Arkivi\",\"isPartOf\":{\"@id\":\"https:\\\/\\\/fjala.info\\\/2009-2015\\\/#website\"},\"datePublished\":\"2011-02-06T11:02:13+00:00\",\"breadcrumb\":{\"@id\":\"https:\\\/\\\/fjala.info\\\/2009-2015\\\/a-e-muarrem-vesh-ctha-kadareja\\\/#breadcrumb\"},\"inLanguage\":\"sq-AL\",\"potentialAction\":[{\"@type\":\"ReadAction\",\"target\":[\"https:\\\/\\\/fjala.info\\\/2009-2015\\\/a-e-muarrem-vesh-ctha-kadareja\\\/\"]}]},{\"@type\":\"BreadcrumbList\",\"@id\":\"https:\\\/\\\/fjala.info\\\/2009-2015\\\/a-e-muarrem-vesh-ctha-kadareja\\\/#breadcrumb\",\"itemListElement\":[{\"@type\":\"ListItem\",\"position\":1,\"name\":\"Home\",\"item\":\"https:\\\/\\\/fjala.info\\\/2009-2015\\\/\"},{\"@type\":\"ListItem\",\"position\":2,\"name\":\"A E MUARR\u00cbM VESH \u00c7\u2019THA KADAREJA?\"}]},{\"@type\":\"WebSite\",\"@id\":\"https:\\\/\\\/fjala.info\\\/2009-2015\\\/#website\",\"url\":\"https:\\\/\\\/fjala.info\\\/2009-2015\\\/\",\"name\":\"FjALA e LIR\u00cb - Arkivi\",\"description\":\"Arkivi 2009-2015\",\"publisher\":{\"@id\":\"https:\\\/\\\/fjala.info\\\/2009-2015\\\/#organization\"},\"potentialAction\":[{\"@type\":\"SearchAction\",\"target\":{\"@type\":\"EntryPoint\",\"urlTemplate\":\"https:\\\/\\\/fjala.info\\\/2009-2015\\\/?s={search_term_string}\"},\"query-input\":{\"@type\":\"PropertyValueSpecification\",\"valueRequired\":true,\"valueName\":\"search_term_string\"}}],\"inLanguage\":\"sq-AL\"},{\"@type\":\"Organization\",\"@id\":\"https:\\\/\\\/fjala.info\\\/2009-2015\\\/#organization\",\"name\":\"FjALA e LIR\u00cb - Arkivi\",\"url\":\"https:\\\/\\\/fjala.info\\\/2009-2015\\\/\",\"logo\":{\"@type\":\"ImageObject\",\"inLanguage\":\"sq-AL\",\"@id\":\"https:\\\/\\\/fjala.info\\\/2009-2015\\\/#\\\/schema\\\/logo\\\/image\\\/\",\"url\":\"\",\"contentUrl\":\"\",\"caption\":\"FjALA e LIR\u00cb - Arkivi\"},\"image\":{\"@id\":\"https:\\\/\\\/fjala.info\\\/2009-2015\\\/#\\\/schema\\\/logo\\\/image\\\/\"}},{\"@type\":\"Person\",\"@id\":\"https:\\\/\\\/fjala.info\\\/2009-2015\\\/#\\\/schema\\\/person\\\/3aa1163ef05469c496fc94e77611ada2\",\"name\":\"admin\",\"image\":{\"@type\":\"ImageObject\",\"inLanguage\":\"sq-AL\",\"@id\":\"https:\\\/\\\/fjala.info\\\/2009-2015\\\/wp-content\\\/uploads\\\/2012\\\/02\\\/arben_cokaj-120x150.jpg\",\"url\":\"https:\\\/\\\/fjala.info\\\/2009-2015\\\/wp-content\\\/uploads\\\/2012\\\/02\\\/arben_cokaj-120x150.jpg\",\"contentUrl\":\"https:\\\/\\\/fjala.info\\\/2009-2015\\\/wp-content\\\/uploads\\\/2012\\\/02\\\/arben_cokaj-120x150.jpg\",\"caption\":\"admin\"},\"description\":\"Admin, Fjala e Lir\u00eb\",\"sameAs\":[\"https:\\\/\\\/fjala.info\\\/\"],\"url\":\"https:\\\/\\\/fjala.info\\\/2009-2015\\\/author\\\/admin\\\/\"}]}<\/script>\n<!-- \/ Yoast SEO plugin. -->","yoast_head_json":{"title":"A E MUARR\u00cbM VESH \u00c7\u2019THA KADAREJA? - FjALA e LIR\u00cb - Arkivi","robots":{"index":"index","follow":"follow","max-snippet":"max-snippet:-1","max-image-preview":"max-image-preview:large","max-video-preview":"max-video-preview:-1"},"canonical":"https:\/\/fjala.info\/2009-2015\/a-e-muarrem-vesh-ctha-kadareja\/","og_locale":"sq_AL","og_type":"article","og_title":"A E MUARR\u00cbM VESH \u00c7\u2019THA KADAREJA? - FjALA e LIR\u00cb - Arkivi","og_description":"Ylli Polovina T\u00eb p\u00ebrfshir\u00eb nxeht\u00ebsisht n\u00ebp\u00ebr biseda rrethngushta apo n\u00eb bashk\u00ebsi masive si\u00e7 jan\u00eb blogjet n\u00eb internet, shum\u00eb prej pjes\u00ebmarr\u00ebsve lan\u00eb k\u00ebto dit\u00eb p\u00ebrshtypjen se qen\u00eb ndjer\u00eb disi t\u00eb zhg\u00ebnjyer prej shkrimit t\u00eb fundit t\u00eb Ismail Kadares\u00eb, botuar n\u00eb gazet\u00ebn shqiptaro-amerikane \u201cIllyria\u201d t\u00eb Nju Jorkut. Disave iu duk tep\u00ebr akademik. Nd\u00ebrkoh\u00eb pjesa d\u00ebrmuese e t\u00eb [&hellip;]","og_url":"https:\/\/fjala.info\/2009-2015\/a-e-muarrem-vesh-ctha-kadareja\/","og_site_name":"FjALA e LIR\u00cb - Arkivi","article_published_time":"2011-02-06T11:02:13+00:00","author":"admin","twitter_card":"summary_large_image","twitter_misc":{"Written by":"admin","Est. reading time":"9 minutes"},"schema":{"@context":"https:\/\/schema.org","@graph":[{"@type":"Article","@id":"https:\/\/fjala.info\/2009-2015\/a-e-muarrem-vesh-ctha-kadareja\/#article","isPartOf":{"@id":"https:\/\/fjala.info\/2009-2015\/a-e-muarrem-vesh-ctha-kadareja\/"},"author":{"name":"admin","@id":"https:\/\/fjala.info\/2009-2015\/#\/schema\/person\/3aa1163ef05469c496fc94e77611ada2"},"headline":"A E MUARR\u00cbM VESH \u00c7\u2019THA KADAREJA?","datePublished":"2011-02-06T11:02:13+00:00","mainEntityOfPage":{"@id":"https:\/\/fjala.info\/2009-2015\/a-e-muarrem-vesh-ctha-kadareja\/"},"wordCount":1812,"commentCount":0,"publisher":{"@id":"https:\/\/fjala.info\/2009-2015\/#organization"},"articleSection":["Artikuj"],"inLanguage":"sq-AL","potentialAction":[{"@type":"CommentAction","name":"Comment","target":["https:\/\/fjala.info\/2009-2015\/a-e-muarrem-vesh-ctha-kadareja\/#respond"]}]},{"@type":"WebPage","@id":"https:\/\/fjala.info\/2009-2015\/a-e-muarrem-vesh-ctha-kadareja\/","url":"https:\/\/fjala.info\/2009-2015\/a-e-muarrem-vesh-ctha-kadareja\/","name":"A E MUARR\u00cbM VESH \u00c7\u2019THA KADAREJA? - FjALA e LIR\u00cb - Arkivi","isPartOf":{"@id":"https:\/\/fjala.info\/2009-2015\/#website"},"datePublished":"2011-02-06T11:02:13+00:00","breadcrumb":{"@id":"https:\/\/fjala.info\/2009-2015\/a-e-muarrem-vesh-ctha-kadareja\/#breadcrumb"},"inLanguage":"sq-AL","potentialAction":[{"@type":"ReadAction","target":["https:\/\/fjala.info\/2009-2015\/a-e-muarrem-vesh-ctha-kadareja\/"]}]},{"@type":"BreadcrumbList","@id":"https:\/\/fjala.info\/2009-2015\/a-e-muarrem-vesh-ctha-kadareja\/#breadcrumb","itemListElement":[{"@type":"ListItem","position":1,"name":"Home","item":"https:\/\/fjala.info\/2009-2015\/"},{"@type":"ListItem","position":2,"name":"A E MUARR\u00cbM VESH \u00c7\u2019THA KADAREJA?"}]},{"@type":"WebSite","@id":"https:\/\/fjala.info\/2009-2015\/#website","url":"https:\/\/fjala.info\/2009-2015\/","name":"FjALA e LIR\u00cb - Arkivi","description":"Arkivi 2009-2015","publisher":{"@id":"https:\/\/fjala.info\/2009-2015\/#organization"},"potentialAction":[{"@type":"SearchAction","target":{"@type":"EntryPoint","urlTemplate":"https:\/\/fjala.info\/2009-2015\/?s={search_term_string}"},"query-input":{"@type":"PropertyValueSpecification","valueRequired":true,"valueName":"search_term_string"}}],"inLanguage":"sq-AL"},{"@type":"Organization","@id":"https:\/\/fjala.info\/2009-2015\/#organization","name":"FjALA e LIR\u00cb - Arkivi","url":"https:\/\/fjala.info\/2009-2015\/","logo":{"@type":"ImageObject","inLanguage":"sq-AL","@id":"https:\/\/fjala.info\/2009-2015\/#\/schema\/logo\/image\/","url":"","contentUrl":"","caption":"FjALA e LIR\u00cb - Arkivi"},"image":{"@id":"https:\/\/fjala.info\/2009-2015\/#\/schema\/logo\/image\/"}},{"@type":"Person","@id":"https:\/\/fjala.info\/2009-2015\/#\/schema\/person\/3aa1163ef05469c496fc94e77611ada2","name":"admin","image":{"@type":"ImageObject","inLanguage":"sq-AL","@id":"https:\/\/fjala.info\/2009-2015\/wp-content\/uploads\/2012\/02\/arben_cokaj-120x150.jpg","url":"https:\/\/fjala.info\/2009-2015\/wp-content\/uploads\/2012\/02\/arben_cokaj-120x150.jpg","contentUrl":"https:\/\/fjala.info\/2009-2015\/wp-content\/uploads\/2012\/02\/arben_cokaj-120x150.jpg","caption":"admin"},"description":"Admin, Fjala e Lir\u00eb","sameAs":["https:\/\/fjala.info\/"],"url":"https:\/\/fjala.info\/2009-2015\/author\/admin\/"}]}},"_links":{"self":[{"href":"https:\/\/fjala.info\/2009-2015\/wp-json\/wp\/v2\/posts\/6196","targetHints":{"allow":["GET"]}}],"collection":[{"href":"https:\/\/fjala.info\/2009-2015\/wp-json\/wp\/v2\/posts"}],"about":[{"href":"https:\/\/fjala.info\/2009-2015\/wp-json\/wp\/v2\/types\/post"}],"author":[{"embeddable":true,"href":"https:\/\/fjala.info\/2009-2015\/wp-json\/wp\/v2\/users\/1"}],"replies":[{"embeddable":true,"href":"https:\/\/fjala.info\/2009-2015\/wp-json\/wp\/v2\/comments?post=6196"}],"version-history":[{"count":0,"href":"https:\/\/fjala.info\/2009-2015\/wp-json\/wp\/v2\/posts\/6196\/revisions"}],"wp:attachment":[{"href":"https:\/\/fjala.info\/2009-2015\/wp-json\/wp\/v2\/media?parent=6196"}],"wp:term":[{"taxonomy":"category","embeddable":true,"href":"https:\/\/fjala.info\/2009-2015\/wp-json\/wp\/v2\/categories?post=6196"},{"taxonomy":"post_tag","embeddable":true,"href":"https:\/\/fjala.info\/2009-2015\/wp-json\/wp\/v2\/tags?post=6196"}],"curies":[{"name":"wp","href":"https:\/\/api.w.org\/{rel}","templated":true}]}}