{"id":6193,"date":"2011-02-06T12:00:34","date_gmt":"2011-02-06T11:00:34","guid":{"rendered":"http:\/\/fjala.shkoder.net\/?p=6193"},"modified":"2011-02-06T12:00:34","modified_gmt":"2011-02-06T11:00:34","slug":"kastriot-islami-ndal-radikalizimit-te-ps","status":"publish","type":"post","link":"https:\/\/fjala.info\/2009-2015\/kastriot-islami-ndal-radikalizimit-te-ps\/","title":{"rendered":"Kastriot Islami: \u201cNdal radikalizimit t\u00eb PS!\u201d"},"content":{"rendered":"<p><img loading=\"lazy\" decoding=\"async\" class=\"alignleft size-medium wp-image-6194\" title=\"kastriot_islami_ben_blushi\" src=\"http:\/\/fjala.shkoder.net\/wp-content\/uploads\/2011\/02\/kastriot_islami_ben_blushi-300x209.jpg\" alt=\"\" width=\"300\" height=\"209\" \/><br \/>\n<strong>Fatos Baxhaku<\/strong><\/p>\n<p><strong>Si ndodhi kalimi juaj nga fizika n\u00eb politik\u00eb. K\u00ebt\u00eb kishit menduar n\u00eb t\u00eb rit\u00eb tuaj?<\/strong><\/p>\n<p>Momenti i angazhimit ka qen\u00eb krejt\u00ebsisht i rast\u00ebsish\u00ebm, kurse kalimi i plot\u00eb n\u00eb politik\u00eb ka qen\u00eb relativisht i gjat\u00eb. Jan\u00eb dashur rreth dhjet\u00eb vjet t\u00eb \u201cbashk\u00ebjetoj\u201d me t\u00eb dyja, fizik\u00ebn dhe politik\u00ebn, p\u00ebr t\u00eb realizuar \u201ctranzicionin\u201d e plot\u00eb e formal nga fizika n\u00eb politik\u00eb. Momenti i par\u00eb i \u201ctakimit\u201d me politik\u00ebn ka qen\u00eb i rast\u00ebsish\u00ebm n\u00eb vitin 1991, nd\u00ebrkoh\u00eb q\u00eb ndodhesha n\u00eb Qendr\u00ebn e Studimeve Teorike n\u00eb Trieste, Itali, p\u00ebr studime postdoktorale dhe kur sapo kishin filluar t\u00eb l\u00ebviznin anijet e para me emigrant\u00eb nga Shqip\u00ebria drejt Italis\u00eb, kurse un\u00eb vendosa t\u00eb l\u00ebviz n\u00eb drejtim t\u00eb kund\u00ebrt, nga Italia n\u00eb Shqip\u00ebri p\u00ebr t\u00eb dh\u00ebn\u00eb kontributin modest n\u00eb tranzicionin demokratik, nd\u00ebrkoh\u00eb q\u00eb drejtori i qendr\u00ebs, nj\u00eb fizikan nobelist pyeti n\u00ebse \u201cd\u00ebshironim t\u00eb q\u00ebndronim aty\u201d. Dhe m\u00eb tej, n\u00eb m\u00ebnyr\u00eb graduale, \u00ebsht\u00eb b\u00ebr\u00eb kalimi nga fizika n\u00eb politik\u00eb. Prej gati 25 vjet\u00ebsh adhuroja shkencat e natyr\u00ebs, sidomos matematik\u00ebn e fizik\u00ebn dhe m\u00eb tej do t\u00eb studioja fizik\u00eb p\u00ebr t\u00eb kaluar tri momente kulmore 1) fitimin e grad\u00ebs Doktor i Shkencave n\u00eb Universitetin Paris XI n\u00eb Franc\u00eb, me nj\u00eb doktorat\u00eb n\u00eb fush\u00ebn e fizik\u00ebs atomike e molekulare n\u00eb vitin 1985; 2) fitimin e titullit Profesor n\u00eb Universitetin e Tiran\u00ebs, n\u00eb Fakultetin e Shkencave t\u00eb Natyr\u00ebs n\u00eb vitin 1999 dhe m\u00eb tej 3) kryerjen e nj\u00eb studimi postdoktoral p\u00ebrmes burs\u00ebs s\u00eb famshme gjermane nga Fondacioni Humboldt p\u00ebr shkenc\u00ebtar\u00ebt e rinj me perspektiv\u00eb n\u00eb Universitetin e Giessenit n\u00eb Gjermani. Nuk e kisha menduar asnj\u00ebher\u00eb m\u00eb par\u00eb, p\u00ebr shum\u00eb arsye, q\u00eb do t\u00eb merresha me politik\u00eb, sepse mbi t\u00eb gjitha nuk e kam pasur vokacion as politik\u00ebn dhe as fusha rreth saj apo t\u00eb lidhura me t\u00eb\u2026<\/p>\n<p><strong>Si e ndiet veten n\u00eb politik\u00ebn aktive?<\/strong><\/p>\n<p>P\u00ebr nj\u00eb koh\u00eb t\u00eb gjat\u00eb kam pasur nj\u00eb ndjesi mikse dhe vazhdoj ta kem t\u00eb till\u00eb. Ishin t\u00eb pakt\u00eb intelektual\u00ebt me formim per\u00ebndimor e pa parti dhe t\u00eb rinjt\u00eb idealist\u00eb q\u00eb afroheshin n\u00eb PS n\u00eb vitet 1991, shumica e an\u00ebtar\u00ebve ishin t\u00eb mbartur nga periudha komuniste dhe jo rrall\u00ebher\u00eb t\u00eb kompleksuar nga t\u00eb qenit ish-komunist; kjo m\u00eb krijonte nj\u00eb bezdisje. Nd\u00ebrkoh\u00eb q\u00eb m\u00eb tej dhe sidomos sot, gjithnj\u00eb e m\u00eb shum\u00eb po i afrohen politik\u00ebs, p\u00ebrfshi edhe PS, personazhe klientelist\u00eb dhe jan\u00eb t\u00eb pakt\u00eb ata me formim solid e vizion per\u00ebndimor, q\u00eb vijn\u00eb apo ndihen mir\u00eb n\u00eb politik\u00eb; dhe kjo m\u00eb b\u00ebn t\u00eb ndjehem jo mir\u00eb. N\u00eb vitet e para n\u00eb PS kishte shum\u00eb q\u00eb vinin nga strukturat e Partis\u00eb s\u00eb Pun\u00ebs, drejtues t\u00eb rinj apo \u201ckuadro\u201d t\u00eb ish-kooperativave dhe komiteteve t\u00eb partis\u00eb, t\u00eb rinis\u00eb e ato ekzekutive, kurse sot shumica vjen apo m\u00eb sakt\u00eb t\u00ebrhiqet kryesisht nga biznesi apo njohjet private; dhe kjo m\u00eb b\u00ebnte dhe m\u00eb b\u00ebn t\u00eb ndjehem i shqet\u00ebsuar. Nisur nga kjo, intelektual\u00ebt dhe njer\u00ebzit me formim jan\u00eb ndier pothuajse gjithnj\u00eb dhe vazhdojn\u00eb t\u00eb ndihen n\u00eb \u201cminoranc\u00eb\u201d, sepse shumica duke amnistuar vetveten e ka konsideruar gjithnj\u00eb t\u00eb \u201crreziksh\u00ebm\u201d k\u00ebt\u00eb grup njer\u00ebzish, p\u00ebr m\u00eb tep\u00ebr q\u00eb k\u00ebta lloj figurash nuk nd\u00ebrtojn\u00eb asnj\u00ebher\u00eb klane dhe nuk mund t\u00eb bashkohen asnj\u00ebher\u00eb n\u00eb grupime p\u00ebr afera t\u00eb pista. N\u00eb nj\u00eb trajt\u00eb m\u00eb t\u00eb p\u00ebrgjithshme dhe jo vet\u00ebm n\u00eb politik\u00eb, kush rezulton superior n\u00eb planin racional mbetet n\u00eb vendin ton\u00eb n\u00eb \u201cminoranc\u00eb\u201d dhe kush \u00ebsht\u00eb superior n\u00eb planin demagogjiko-emocional e formim mediok\u00ebr rezulton n\u00eb \u201cmazhoranc\u00eb\u201d. Shqip\u00ebria \u00ebsht\u00eb nj\u00eb nga vendet q\u00eb vuan r\u00ebnd\u00eb nga deformimi i respektimit t\u00eb vlerave, meritave, kapaciteteve dhe kontributeve. Fatkeq\u00ebsisht \u00ebsht\u00eb i vetmi vend n\u00eb bot\u00eb q\u00eb fjala \u201cpeshkop\u201d p\u00ebrdoret n\u00eb m\u00ebnyr\u00eb tall\u00ebse p\u00ebr ata q\u00eb m\u00ebsojn\u00eb shum\u00eb, nd\u00ebrkoh\u00eb q\u00eb \u201csharja Ainshtajn\u201d i drejtohet me tallje atyre q\u00eb jan\u00eb gjeni\u2026 kurse po ashtu vet\u00ebm tek ne ekziston th\u00ebnia \u201chapja rrug\u00ebn budallait\u201d. N\u00eb politik\u00eb ky lloj mentaliteti \u00ebsht\u00eb ekstremisht prezent\u2026<\/p>\n<p><strong>P\u00ebrse n\u00eb PS dhe jo n\u00eb ndonj\u00eb parti tjet\u00ebr?<\/strong><\/p>\n<p>\u00cbsht\u00eb e v\u00ebshtir\u00eb t\u00eb b\u00ebj nj\u00eb arsyetim racional, p\u00ebr m\u00eb tep\u00ebr q\u00eb e majta dhe e djathta as n\u00eb fillim dhe as tani apo n\u00eb vazhdim nuk kan\u00eb qen\u00eb t\u00eb dalluara thelb\u00ebsisht dhe gjithnj\u00eb e m\u00eb tep\u00ebr jan\u00eb amalguar n\u00eb m\u00ebnyr\u00eb t\u00eb till\u00eb q\u00eb n\u00eb shum\u00eb aspekte duken identike dhe simetrike t\u00eb nj\u00ebra-tjetr\u00ebs. Le t\u2019i rikthehem pyetjes. Mund t\u00eb kem pasur n\u00eb subkoshienc\u00eb shum\u00eb \u201cp\u00ebrse\u201d, por nj\u00eb nga kryesoret ndoshta ka qen\u00eb se m\u00eb duhej t\u00eb zgjidhja n\u00eb fillim midis nj\u00eb force \u201crevolucionare\u201d dhe nj\u00eb \u201cforce evolucionare\u201d p\u00ebr m\u00ebnyr\u00ebn se do t\u00eb kryhej tranzicioni. Duke pasur mund\u00ebsin\u00eb p\u00ebr nj\u00eb formim shkencor n\u00eb Franc\u00eb, n\u00eb vitet e fundit t\u00eb regjimit komunist, isha t\u00ebr\u00ebsisht i vet\u00ebdijsh\u00ebm dhe i bindur kat\u00ebrcip\u00ebrisht p\u00ebr nevoj\u00ebn e ndryshimit t\u00eb sistemit apo t\u00eb p\u00ebrmbysjes s\u00eb tij, nd\u00ebrkoh\u00eb q\u00eb p\u00ebr shkak t\u00eb formimit e karakterit, gjykoja se \u201ctranzicioni\u201d pas p\u00ebrmbysjes s\u00eb regjimit, p\u00ebr nj\u00eb vend t\u00eb varf\u00ebr dhe pa kultur\u00eb demokratike duhej t\u00eb ishte paq\u00ebsor dhe jo me \u201cterapin\u00eb e shokut\u201d. Kjo ndoshta ka qen\u00eb nj\u00eb nga \u201cp\u00ebrset\u00eb\u201d q\u00eb m\u00eb orientoi n\u00eb at\u00eb koh\u00eb drejt PS p\u00ebr t\u2019u b\u00ebr\u00eb an\u00ebtar i saj vet\u00ebm pas pes\u00eb vitesh n\u00eb vitin 1996. Natyrisht isha i p\u00ebrgjegjsh\u00ebm se po angazhohesha n\u00eb nj\u00eb parti q\u00eb mbarte n\u00eb kurriz nj\u00eb t\u00eb kaluar shum\u00eb negative dhe q\u00eb duhej transformuar thell\u00eb; kjo ishte nj\u00eb sfid\u00eb tjet\u00ebr e v\u00ebshtir\u00eb p\u00ebr t\u00eb gjith\u00eb intelektual\u00ebt pa parti, me formim per\u00ebndimor dhe t\u00eb rinjt\u00eb idealist\u00eb, e cila vet\u00ebm n\u00eb pak vjet u p\u00ebrballua me sukses. Vet\u00ebm reputacioni dhe racionaliteti i nj\u00eb grupi t\u00eb vog\u00ebl intelektual\u00ebsh me formim per\u00ebndimor dhe energjia e angazhimi i nj\u00eb grupi t\u00eb rinjsh b\u00ebri t\u00eb mundur n\u00eb rreth pes\u00eb vjet q\u00eb ish- Partia Komuniste e vendit m\u00eb t\u00eb izoluar n\u00eb Europ\u00eb, n\u00ebn drejtimin liberal e reformator t\u00eb Fatos Nanos, padrejt\u00ebsisht t\u00eb burgosur, t\u00eb b\u00ebhej an\u00ebtare e Internacionales Socialiste dhe gradualisht t\u00eb transformohej n\u00eb nj\u00eb forc\u00eb socialdemokrate europiane, se paku p\u00ebr sa i p\u00ebrket programit, statutit, demokracis\u00eb s\u00eb brendshme, kolegjialitetit n\u00eb marrjen e vendimeve dhe fillimit t\u00eb krijimit t\u00eb elit\u00ebs drejtuese. Kjo b\u00ebri q\u00eb p\u00ebr vet\u00ebm pes\u00eb vjet nga viti 1992 kjo forc\u00eb t\u00eb vinte n\u00eb pushtet dhe p\u00ebr tet\u00eb vjet t\u00eb drejtonte proceset e integrimit t\u00eb vendit n\u00eb NATO e BE dhe t\u00eb hidhte bazat e nj\u00eb ekonomie t\u00eb q\u00ebndrueshme t\u00eb tregut. Kurse aktualisht, po t\u2019i referohemi ngjarjeve t\u00eb pas vitit 2009, rezulton se edhe PS \u00ebsht\u00eb m\u00eb shum\u00eb \u201crevolucionare\u201d se sa \u201cevolucionare\u201d, duke u b\u00ebr\u00eb gradualisht e ngjashme me kund\u00ebrshtaren e saj.<\/p>\n<p><strong>Nj\u00eb gjykim i juaj i klas\u00ebs politike ku b\u00ebni pjes\u00eb. Cilat jan\u00eb m\u00ebkatet dhe meritat e saj?<\/strong><\/p>\n<p>Klasa politike, po ashtu si biznesi, media, kultura, sporti etj., p\u00ebrgjith\u00ebsisht jan\u00eb p\u00ebrfaq\u00ebsuese t\u00eb popullit n\u00eb t\u00eb gjith\u00eb komponent\u00ebt e tij. E th\u00ebn\u00eb n\u00eb gjuh\u00eb popullore \u201ckapelja \u00ebsht\u00eb e vendosur ekzakt\u00ebsisht sipas kok\u00ebs\u201d dhe klasa politike n\u00eb p\u00ebrgjith\u00ebsi nuk ka mundur t\u2019i shp\u00ebtoj\u00eb k\u00ebtij sindromi e t\u00eb ngrihet mbi k\u00ebt\u00eb \u201ckorrespondenc\u00eb\u201d, sepse \u00ebsht\u00eb n\u00eb p\u00ebrgjith\u00ebsi m\u00eb shum\u00eb pragmatiste sesa vizionare; \u00ebsht\u00eb m\u00eb shum\u00eb p\u00ebrfituese p\u00ebr veten e saj sesa e angazhuar p\u00ebr interesat e vendit e t\u00eb popullit, nd\u00ebrkoh\u00eb q\u00eb p\u00ebr lidership, me p\u00ebrjashtime t\u00eb vogla, n\u00eb kuptimin per\u00ebndimor as q\u00eb mund t\u00eb b\u00ebhet fjal\u00eb\u2026 Nj\u00eb prej arsyeve kryesore t\u00eb angazhimit dhe vazhdimit me konsekuenc\u00eb n\u00eb politik\u00eb ka qen\u00eb dhe mbetet ndjenja tep\u00ebr negative q\u00eb kam pasur dhe kam kund\u00ebr mediokritetit, injoranc\u00ebs dhe s\u00eb fundmi p\u00ebrzierjes s\u00eb tyre me korrupsionin e krimin e organizuar, por mbi t\u00eb gjitha lufta kund\u00ebr tyre. Mbart\u00ebsit e tyre gjithnj\u00eb jan\u00eb p\u00ebrpjekur ta \u201cuzurpojn\u00eb\u201d politik\u00ebn dhe shtetin, duke sugjeruar q\u00eb intelektual\u00ebt duhet t\u2019i drejtohen profesioneve t\u00eb tyre, kurse t\u00eb \u201crinjt\u00eb idealist\u00eb e t\u00eb talentuar jan\u00eb munduar t\u2019i largojn\u00eb, duke i cil\u00ebsuar ende t\u00eb pamaturuar. Injoranca dhe mediokriteti t\u00eb \u00e7iftuara me parat\u00eb e pista dhe mentalitetin klanik mbeten m\u00ebkati dhe sfidat e politik\u00ebs son\u00eb n\u00eb k\u00ebt\u00eb tranzicion drejt sistemit demokratik dhe integrimit europian. N\u00ebse nuk do t\u00eb angazhohen njer\u00ebz me formim t\u00eb v\u00ebrtet\u00eb per\u00ebndimor dhe mentalitet europian, vendi yn\u00eb do t\u00eb vazhdoj\u00eb t\u00eb mbetet n\u00eb \u201crrethin vicioz t\u00eb z\u00ebvend\u00ebsimit t\u00eb nj\u00eb t\u00eb keqeje me nj\u00eb t\u00eb keqe tjet\u00ebr\u201d, madje m\u00eb t\u00eb madhe e m\u00eb t\u00eb rrezikshme se ajo paraardh\u00ebse, duke gjeneruar her\u00eb pas here kriza e p\u00ebrplasje klientelash politike vet\u00ebm p\u00ebr pushtet. Fatkeq\u00ebsisht elektorati ose po rreshtohet me ose pa dashje me k\u00ebt\u00eb t\u00eb keqe ose rezulton i pafuqish\u00ebm p\u00ebr ta hequr apo parandaluar t\u00eb keqen. Para disa koh\u00ebsh, gazeta e famshme \u201cEconomist\u201d, e ka klasifikuar Shqip\u00ebrin\u00eb n\u00eb grupin e vendeve me regjim hibrid, pra jo nj\u00eb vend demokratik (madje as demokraci e plot\u00eb dhe as demokraci me defekte). Dhe a e dini ku Shqip\u00ebria e ka not\u00ebn m\u00eb t\u00eb dob\u00ebt apo q\u00eb m\u00eb sakt\u00eb ngel n\u00eb klas\u00eb? Ja \u00e7far\u00eb del nga ky studim: \u201cNga t\u00eb gjith\u00eb treguesit, Shqip\u00ebria ka m\u00eb t\u00eb ul\u00ebtin treguesin e pjes\u00ebmarrjes n\u00eb politik\u00eb t\u00eb qytetar\u00ebve, duke marr\u00eb not\u00ebn 4.4\u201d (pra ngel n\u00eb klas\u00eb). Ky tregues p\u00ebr Shqip\u00ebrin\u00eb \u00ebsht\u00eb m\u00eb i ul\u00ebt sesa n\u00eb Venezuel\u00ebn e \u00c7avezit, apo n\u00eb vendet afrikane t\u00eb tilla si Tanzania, Kenia, apo Etiopia dhe i nj\u00ebjt\u00eb me vende t\u00eb tilla si Bangladeshi e Gana e deri edhe me vende t\u00eb klasifikuara autoritare t\u00eb tilla si Angola, Madaskari e Etiopia,. Shqiptar\u00ebt kan\u00eb t\u00eb drejt\u00eb kur ankohen p\u00ebr politik\u00ebn por fatkeq\u00ebsisht pjes\u00ebmarrja e tyre n\u00eb politik\u00eb dhe reagimi ndaj keqqeverisjes \u00ebsht\u00eb pothuajse i nj\u00ebjt\u00eb si n\u00eb vendet me regjime autoritare e m\u00eb t\u00eb prapambetura afrikane. Pra q\u00eb \u201ckapelja \u00ebsht\u00eb vendosur sipas kok\u00ebs\u201d nuk e them un\u00eb, por nj\u00eb nga revistat prestigjioze n\u00eb bot\u00eb&#8230;Dhe p\u00ebr k\u00ebt\u00eb nuk e ka fajin politika&#8230;.Shkurtas do t\u00eb thoja \u201cJO KORRUPSIONIT DHE KRIMIT T\u00cb ORGANIZUAR T\u00cb LIDHUR ME POLITIK\u00cbN\u201d.<\/p>\n<p><strong>A ekziston v\u00ebrtet n\u00eb Shqip\u00ebri nj\u00eb ndarje reale mes s\u00eb majt\u00ebs dhe s\u00eb djatht\u00ebs?<\/strong><\/p>\n<p>PD dhe PS, gjithnj\u00eb e m\u00eb shum\u00eb po shnd\u00ebrrohen n\u00eb identike, por t\u00eb vendosura n\u00eb pozicione simetrike. N\u00eb programet e tyre, n\u00eb demokracin\u00eb e brendshme, n\u00eb veprimet politike, n\u00eb m\u00ebnyr\u00ebn e qeverisjes, n\u00eb qasjen e luft\u00ebs kund\u00ebr korrupsionit, n\u00eb nd\u00ebrtimin e ekipeve e t\u00eb elitave, n\u00eb sjelljet autoritare, n\u00eb m\u00ebnyrat e pasurimit t\u00eb nj\u00eb grupi t\u00eb ngusht\u00eb, n\u00eb respektimin e vlerave dhe meritave, n\u00eb nd\u00ebrtimin e klientelave etj., etj., dallimet po zhduken \u00e7do dit\u00eb e m\u00eb shum\u00eb. Dy forcat kryesore politike gjithnj\u00eb e m\u00eb shum\u00eb po ngjajn\u00eb me dy v\u00ebllez\u00ebr siamez\u00eb q\u00eb drejtohen nga \u201cblloqe klienteliste politike, ekonomiko-financiare e mediatike\u201d, t\u00eb vendosura n\u00eb dy transhe luftimi, pa asnj\u00eb lloj komunikimi demokratik midis tyre por thjesht q\u00eb shk\u00ebmbejn\u00eb sharje dhe akuza monstruoze reciprokisht dhe luftojn\u00eb p\u00ebr jet\u00eb a vdekje me \u00e7do mjet vet\u00ebm p\u00ebr pushtet. P\u00ebr t\u00eb mos arritur te ngjarjet e dit\u00ebve t\u00eb fundit, ku t\u00eb dy blloqet akuzohen reciprokisht me termat \u201chard pu\u00e7i\u201d apo \u201csoft pu\u00e7i\u201d e nd\u00ebrkoh\u00eb si thot\u00eb edhe Kadare, politik\u00ebs edhe nj\u00eb her\u00eb iu rishtua edhe derdhja e gjakut.<\/p>\n<p><strong>Ndryshimet q\u00eb ndodh\u00ebn n\u00eb PS pas largimit t\u00eb Nanos, e forcuan apo e dob\u00ebsuan at\u00eb?<\/strong><\/p>\n<p>Pas largimit t\u00eb Nanos dhe sidomos pas vitit 2007 e n\u00eb m\u00ebnyr\u00eb m\u00eb t\u00eb qart\u00eb pas vitit 2009, PS po b\u00ebhet me vet\u00ebdije e \u201cpasion\u201d gjithnj\u00eb e m\u00eb e ngjashme me PD n\u00eb shum\u00eb aspekte. Ekziston nj\u00eb \u201cadhurim e bindje e fort\u00eb\u201d te drejtuesi i PS se modeli i PD ka qen\u00eb i suksessh\u00ebm gjat\u00eb 20 vjet\u00ebve dhe se modeli \u201cBerisha\u201d \u00e7montohet vet\u00ebm me simetrikun\/identikun e tij. Kjo ka b\u00ebr\u00eb q\u00eb pas vitit, 2005, PS t\u00eb b\u00ebhet gjithnj\u00eb e m\u00eb pak socialiste apo aspak e majt\u00eb, gjithnj\u00eb e m\u00eb pak demokratike, gjithnj\u00eb e m\u00eb shum\u00eb radikale e \u201crevolucionare\u201d, gjithnj\u00eb e m\u00eb shum\u00eb klienteliste, me drejtim gjithnj\u00eb e m\u00eb autoritar etj., etj., s\u00eb paku n\u00eb kuptimin q\u00eb ajo ka pasur p\u00ebr 15 vjet nga viti 1991 deri n\u00eb vitin 2005. Kjo n\u00eb t\u00eb gjitha aspektet, program formal, statut, sjellje e veprime, respektim e nd\u00ebrtim elite, demokracie e brendshme, hierarki vlerash e kontributesh\u2026 PS ka p\u00ebsuar fatkeq\u00ebsisht regres po t\u2019i referohemi \u201ckodit t\u00eb saj gjenetik socialdemokrat europian\u201d dhe perspektiv\u00ebs q\u00eb ajo kishte nd\u00ebrtuar p\u00ebr 15 vjet, si nj\u00eb forc\u00eb \u201cinteligjente, profesioniste dhe e kulturuar\u201d. Po k\u00ebshtu vler\u00ebsohet (gabimisht) se vet\u00ebm nj\u00eb parti autoritare dhe radikale, jo vet\u00ebm b\u00ebn t\u00eb mundur fitoren mbi Berish\u00ebn, por edhe marrjen e t\u00eb gjith\u00eb pushtetit p\u00ebr vete dhe e vetme pa asnj\u00eb aleat?<\/p>\n<p><strong>N\u00ebse duheshin b\u00ebr\u00eb ndryshime, si duheshin b\u00ebr\u00eb?<\/strong><\/p>\n<p>Duhen libra t\u00eb t\u00ebr\u00eb apo net t\u00eb gjata, p\u00ebr t\u2019ju p\u00ebrgjigjur k\u00ebsaj pyetjeje, por po i bie shkurt. S\u00eb paku duhej ndjekur n\u00eb m\u00ebnyr\u00eb modeste modeli europian social demokrat, ashtu si\u00e7 kishte nisur PS dhe t\u00eb korrigjoheshin shum\u00eb defekte q\u00eb ishin v\u00ebn\u00eb re gjat\u00eb 15 vjet\u00ebve, sidomos gjat\u00eb viteve n\u00eb qeverisjen e vendit n\u00eb periudh\u00ebn 1997-2005\u2026 N\u00eb Shqip\u00ebri nuk ka nevoj\u00eb p\u00ebr shpikje t\u00eb m\u00ebdha, por vet\u00ebm duhen p\u00ebrshtatur modelet europiane e per\u00ebndimore dhe duhet t\u00eb punohet sistematikisht duke vendosur \u00e7do dit\u00eb nga nj\u00eb tull\u00eb p\u00ebr integrimin ne bashk\u00ebsin\u00eb e vlerave m\u00eb t\u00eb mira aktualisht, n\u00eb BE\u2026 M\u00eb von\u00eb mund t\u00eb jet\u00eb ndryshe\u2026Shkurtas do t\u00eb thoja: Jo transformimit t\u00eb PS n\u00eb forc\u00eb radikale e revolucionare.<\/p>\n<p><strong>Metoda e protestave n\u00eb rrug\u00eb, a \u00ebsht\u00eb v\u00ebrtet e vetmja rrug\u00eb q\u00eb i ka mbetur opozit\u00ebs?<\/strong><\/p>\n<p>Shkurtas do t\u00eb thoja: Jo protestave me dhun\u00eb! \u00cbsht\u00eb e vetmja metod\u00eb apo rrug\u00eb e gabuar q\u00eb PS nuk duhet t\u00eb kishte menduar e as ndjekur dhe as duhet t\u00eb ndjek\u00eb. Lideri i PS, fatkeq\u00ebsisht, nuk u p\u00ebrshtat dot me humbjen legale (t\u00eb pranuar nga po ai vet\u00eb legalisht dhe t\u00eb certifikuar nga OSBE\/ODHIR) n\u00eb zgjedhjet e vitit 2009 dhe p\u00ebr m\u00eb tep\u00ebr, i futur n\u00eb spiralen midis karriges s\u00eb kryetarit t\u00eb bashkis\u00eb dhe karriges s\u00eb Kryeministrit ka arritur t\u00eb krijoj\u00eb me ndihm\u00ebn e nj\u00eb klientele t\u00eb ngusht\u00eb betej\u00ebn e radh\u00ebs p\u00ebr pushtet me simetrikun e tij kund\u00ebrshtar, duke sajuar perceptimin e nj\u00eb \u201ckrize\u201d n\u00eb form\u00ebn e nj\u00eb \u201ctornadoje n\u00eb got\u00eb uji\u201d, q\u00eb gjeneroi s\u00eb fundmi jo vet\u00ebm dhun\u00eb por, fatkeq\u00ebsisht edhe t\u00eb vdekur. PS \u00ebsht\u00eb nj\u00eb parti q\u00eb n\u00eb bagazhin dhe arshiv\u00ebn e saj ka shum\u00eb eksperienc\u00eb pozitive dhe personazhe t\u00eb aft\u00eb e t\u00eb talentuar politikisht. Nuk i lejohet PS t\u00eb krahasoj\u00eb vendin ton\u00eb as me vendet e ish-republikave sovjetike dhe as me Tunizin\u00eb dhe as t\u00eb sulmoj\u00eb ambasadorin amerikan apo akoma m\u00eb keq, t\u00eb anashkaloj\u00eb mesazhet qet\u00ebsuese nga Departamenti Amerikan i Shtetit. Sepse PS nga 20 vjet demokraci, ka drejtuar vendin p\u00ebr 8 vjet. Sepse nga 20 vjet demokraci lideri i opozit\u00ebs ka 11 vjet q\u00eb \u00ebsht\u00eb pa shk\u00ebputje n\u00eb pushtet, n\u00eb krye t\u00eb Bashkis\u00eb s\u00eb Tiran\u00ebs q\u00eb p\u00ebrb\u00ebn rreth nj\u00eb t\u00eb tret\u00ebn e popullsis\u00eb s\u00eb vendit. Sepse opozita \u00ebsht\u00eb aktualisht forca politike q\u00eb ka deputet\u00ebt m\u00eb t\u00eb pasur n\u00eb Kuvend. Sepse opozita ka rreth 47 p\u00ebr qind t\u00eb vendeve n\u00eb Kuvend. E ku \u00ebsht\u00eb k\u00ebtu ngjashm\u00ebria me Tunizin\u00eb apo Egjiptin? Po ashtu duhet pasur parasysh se radikalizimi e mbajti Berish\u00ebn 8 vjet n\u00eb opozit\u00eb e nuk e lejoi t\u00eb vinte n\u00eb pushtet dhe \u201cdrita e fitores\u201d i erdhi vet\u00ebm at\u00ebher\u00eb kur filloi t\u00eb jepte shenjat e nj\u00eb force alternative e gjith\u00ebp\u00ebrfshir\u00ebse dhe t\u00eb niste \u201cndryshoi apo nuk ndryshoi Berisha\u201d&#8230; Gjykoj se radikalizimi nuk e rrit as PS dhe as nuk e bashkon t\u00eb majt\u00ebn, por vet\u00ebm acaron luft\u00ebn politike dhe e mban PS e t\u00eb majt\u00ebn larg suksesit elektoral\u2026 Shkurtas do t\u00eb thoja: Jo radikalizmit n\u00eb PS.<\/p>\n<p><strong>A nuk ju duket sikur n\u00eb k\u00ebt\u00eb histori po mbivler\u00ebsohet n\u00eb m\u00ebnyr\u00eb t\u00eb paarsyeshme rroli i komunitetit nd\u00ebrkomb\u00ebtar?<\/strong><\/p>\n<p>N\u00eb nj\u00ebfar\u00eb m\u00ebnyre po, sepse e gjith\u00eb kjo \u00ebsht\u00eb nj\u00eb \u201ckriz\u00eb e sajuar n\u00eb form\u00ebn e nj\u00eb furtune n\u00eb got\u00eb\u201d pa asnj\u00eb baz\u00eb dhe q\u00eb n\u00eb themel ka luft\u00ebn p\u00ebr pushtet midis Ram\u00ebs e Berish\u00ebs. P\u00ebr m\u00eb tep\u00ebr nd\u00ebrkomb\u00ebtar\u00ebt jan\u00eb shprehur qart\u00eb se \u201cduhet t\u2019i zgjidhni problemet vet\u00eb\u201d. Por, nga ana tjet\u00ebr, duke pasur parasysh ndarjen e thell\u00eb jo vet\u00ebm politike dhe kontrollin autoritar t\u00eb dy blloqeve, komuniteti nd\u00ebrkomb\u00ebtar \u00ebsht\u00eb i shqet\u00ebsuar se beteja e dy drejtuesve autoritar\u00eb e krejt\u00ebsisht simetrik\u00eb p\u00ebr pushtet, mund t\u00eb transformohet gradualisht n\u00eb nj\u00eb p\u00ebrplasje sociale, gj\u00eb q\u00eb krijon nga ana tjet\u00ebr p\u00ebrshtypjen se ky \u00ebsht\u00eb edhe q\u00ebllimi. Prandaj mesazhi, dhe jo nd\u00ebrhyrja e SHBA dhe BE \u00ebsht\u00eb: zgjidhini vet\u00eb problemet.<\/p>\n<p><strong>Mendimi juaj p\u00ebr konceptin e Berish\u00ebs mbi \u201cpu\u00e7in\u201d?<\/strong><\/p>\n<p>\u00cbsht\u00eb v\u00ebshtir\u00eb q\u00eb nj\u00eb situat\u00eb irracionale si kjo q\u00eb ka dy vjet q\u00eb zhvillohet, t\u00eb analizohet racionalisht, aq m\u00eb tep\u00ebr q\u00eb e gjith\u00eb kjo \u00ebsht\u00eb e sajuar dhe nuk ka asnj\u00eb baz\u00eb reale, por thjesht ka n\u00eb themel luft\u00ebn p\u00ebr pushtet. Prandaj gjykoj se kjo mund t\u00eb zgjidhej vet\u00ebm p\u00ebrmes caktimit t\u00eb pes\u00eb \u201cvijave t\u00eb kuqe\u201d: 1) JO BOJKOT T\u00cb KUVENDIT, 2) JO BOJKOT T\u00cb ZGJEDHJEVE, 3) JO PROTESTA T\u00cb DHUNSHME, 4) JO ZGJEDHJE T\u00cb PARAKOHSHME DHE 5) JO HETIM POLITIK.<\/p>\n<p><strong>Ka mendime t\u00eb ndryshme p\u00ebr zgjedhjet e parakohshme. Mendimi juaj. A jan\u00eb v\u00ebrtet ato zgjidhja e ng\u00ebr\u00e7it politik?<\/strong><\/p>\n<p>Nuk ka ng\u00ebr\u00e7 dhe as kriz\u00eb, sepse gjithnj\u00eb e m\u00eb shum\u00eb nd\u00ebrkomb\u00ebtar\u00ebt po flasin vet\u00ebm p\u00ebr mosmarr\u00ebveshje midis Ram\u00ebs e Berish\u00ebs apo luft\u00eb p\u00ebr pushtet midis tyre. Kjo situat\u00eb nuk mendoj se mund t\u00eb zgjidhet me zgjedhje t\u00eb parakohshme p\u00ebr dy arsye. S\u00eb pari, Rama e Berisha me ndryshimet kushtetuese n\u00eb vitin 2008 vendos\u00ebn p\u00ebrfundimisht dhe me t\u00eb drejt\u00eb se mandatet qeveris\u00ebse do t\u00eb jen\u00eb kat\u00ebrvje\u00e7are, si kudo n\u00eb Per\u00ebndim, pra nuk do t\u00eb mund t\u00eb ket\u00eb zgjedhje t\u00eb parakohshme p\u00ebr shkak t\u00eb opozit\u00ebs. P\u00ebr m\u00eb tep\u00ebr, zgjedhje t\u00eb parakohshme ka pasur vet\u00ebm n\u00eb dy raste: n\u00eb vitin 1992, kur \u00ebsht\u00eb b\u00ebr\u00eb ndryshimi i sistemit komunist dhe n\u00eb 1997-n, kur ra politikisht e ekonomikisht shteti. Situata aktuale e konsideruar nga ekspert\u00ebt nd\u00ebrkomb\u00ebtar\u00eb si nj\u00eb \u201cfurtun\u00eb n\u00eb got\u00eb\u201d as q\u00eb mund t\u00eb krahasohet me asnj\u00eb nga k\u00ebto dy momente, n\u00eb 1992 apo 1997. Dhe, s\u00eb dyti, kjo lloj zgjidhjeje mund t\u00eb kthehet n\u00eb precedent t\u00eb rreziksh\u00ebm nga fakti q\u00eb ajo mund t\u00eb p\u00ebrs\u00ebritet pa fund sa her\u00eb q\u00eb nj\u00ebra pal\u00eb nuk \u00ebsht\u00eb dakord me humbjen. Dhe p\u00ebr m\u00eb tep\u00ebr duhet pasur parasysh se sido q\u00eb t\u00eb shkoj\u00eb puna, opozita do t\u00eb ket\u00eb minimalisht 65-67 deputet\u00eb dhe mazhoranca rreth 73-75 deputet\u00eb, nd\u00ebrkoh\u00eb q\u00eb do t\u00eb jet\u00eb gati e pamundur q\u00eb vet\u00ebm PS apo vet\u00ebm PD t\u00eb arrijn\u00eb t\u00eb fitojn\u00eb mbi 70 deputet\u00eb. Dhe skenari i \u201cfurtun\u00ebs n\u00eb got\u00eb\u201d mund t\u00eb p\u00ebrs\u00ebritet pa fund n\u00ebse lideri autoritar i forc\u00ebs politike n\u00eb opozit\u00eb ka me vete nj\u00eb klientel\u00eb dhe kontrollon grupin parlamentar dhe nxit ambicien e votuesve p\u00ebr t\u00eb mos pranuar humbjen dhe ardhur n\u00eb pushtet me grev\u00eb urie, protesta, demonstrata t\u00eb dhunshme dhe zgjedhje t\u00eb parakohshme. Kjo do t\u00eb prodhohej \u00e7do tre muaj, madje edhe m\u00eb shpejt, aq m\u00eb tep\u00ebr q\u00eb PD \u00ebsht\u00eb e mir\u00ebtrajnuar p\u00ebr k\u00ebt\u00eb lloj skenari.<\/p>\n<p><strong>Mendimi juaj mbi performanc\u00ebn politike t\u00eb Fatos Nanos?<\/strong><\/p>\n<p>Duhen shum\u00eb faqe p\u00ebr t\u00eb folur p\u00ebr k\u00ebto personazhe komplekse, q\u00eb ju keni renditur nj\u00ebri pas tjetrit. Do t\u00eb jem q\u00ebllimisht lakonik dhe implicit p\u00ebr t\u00eb mos i ngritur \u201ctabel\u00ebn asnj\u00eb mediokri, q\u00eb mezi pret t\u00eb m\u00eb etiketoj\u00eb apo t\u00eb m\u00eb sulmoj\u00eb si pro apo kund\u00ebr k\u00ebtij, apo atij thjesht se \u00ebsht\u00eb i k\u00ebnaqur apo i pak\u00ebnaqur nga q\u00ebndrimet e mia. Nano ka qen\u00eb dhe mbetet ekspert shum\u00eb i mir\u00eb n\u00eb ekonomi, politik\u00eb e diplomaci. Ka fituar me merit\u00eb titullin Profesor-Doktor. Mbetet nj\u00eb politikan i spikatur dhe drejtuesi historik i PS e, mbi t\u00eb gjitha, i transformimit t\u00eb PS nga komuniste n\u00eb nj\u00eb forc\u00eb socialdemokrate europiane. N\u00eb stil \u00ebsht\u00eb liberal. \u00cbsht\u00eb sfidant dhe ka karakter t\u00eb fort\u00eb, pra \u00ebsht\u00eb \u201cwiner\u201d, por nuk ka hezituar asnj\u00ebher\u00eb t\u00eb aplikoj\u00eb dor\u00ebheqjen kur ka humbur dhe t\u00eb rikthehet triumfalisht\u201d.<\/p>\n<p><strong>Po Berisha?<\/strong><\/p>\n<p>Berisha njihej dikur si nj\u00eb ekspert n\u00eb mjek\u00ebsi, konkretisht n\u00eb kardiologji. Ka titullin Profesor-Doktor. Nj\u00eb politikan i spikatur dhe drejtuesi i vet\u00ebm i PD pavar\u00ebsisht humbjeve apo fitoreve t\u00eb saj. \u00cbsht\u00eb n\u00eb m\u00ebnyr\u00eb tipike autoritar, p\u00ebrjashtues dhe konfliktual. \u00cbsht\u00eb sfidant dhe ka karakter t\u00eb fort\u00eb \u201cwinner\u201d, por nuk dor\u00ebhiqet asnj\u00ebher\u00eb edhe kur humbet&#8230;<\/p>\n<p><strong>Po Rama?<\/strong><\/p>\n<p>Rama njihet si piktor dhe pak si basketbollist (ky nuk \u00ebsht\u00eb vler\u00ebsimi im por k\u00ebto jan\u00eb cil\u00ebsime t\u00eb k\u00ebshilltar\u00ebve aktual\u00eb m\u00eb t\u00eb ngusht\u00eb, dikur kund\u00ebrshtar\u00eb p\u00ebr vdekje). Nuk ka fituar asnj\u00eb titull shkencor dhe e quan budallall\u00ebk nj\u00eb tentativ\u00eb t\u00eb till\u00eb. Ka aft\u00ebsi administratuese-marketingu dhe ve\u00e7an\u00ebrisht n\u00eb publicistik\u00eb. \u00cbsht\u00eb autoritar, p\u00ebrjashtues dhe konfliktual. Sfidant dhe karakter-winner por asnj\u00ebher\u00eb nuk dor\u00ebhiqet edhe kur humbet. Do t\u00eb shtoja se Berisha me stilin e tij t\u00eb b\u00ebrjes politik\u00eb dhe karakterin konfliktual ka arritur t\u00eb krijoj\u00eb \u00e7iftin asimetrik Nano-Berisha dhe krejt\u00ebsisht simetrik Rama-Berisha.<\/p>\n<p><strong>Lufta ndaj korrupsionit. A nuk ju duket se &#8220;beteja&#8221; me t\u00eb \u00ebsht\u00eb te ne m\u00eb shum\u00eb nj\u00eb mjet i luft\u00ebs politike se sa nj\u00eb bindje e ngulitur dhe nj\u00eb obligim p\u00ebr t\u00eb gjith\u00eb?<\/strong><\/p>\n<p>Korrupsioni \u00ebsht\u00eb prezent politikisht simetrik dhe i p\u00ebrgjithsh\u00ebm, por jo vet\u00ebm n\u00eb politik\u00eb. Korrupsioni i madh apo i vog\u00ebl \u00ebsht\u00eb i kudopranish\u00ebm n\u00eb shoq\u00ebrin\u00eb ton\u00eb. Fatkeq\u00ebsisht prej koh\u00ebsh kjo dukuri nuk konsiderohet as n\u00eb biseda tavolinash t\u00eb njer\u00ebzve t\u00eb thjesht\u00eb apo miqsh, si nj\u00eb dukuri negative q\u00eb duhet t\u00eb shkulet por ajo trajtohet si nj\u00eb e keqe e pashmangshme, me t\u00eb cil\u00ebn duhet apo mund t\u00eb bashk\u00ebjetohet dhe po t\u2019u dha rasti, edhe t\u00eb p\u00ebrfitohet. Beteja politike kund\u00ebr korrupsionit \u00ebsht\u00eb ende vet\u00ebm demagogjike. Ajo b\u00ebhet thjesht kund\u00ebr kund\u00ebrshtarit politik p\u00ebr t\u00eb maskuar korrupsionin vetjak; dy jan\u00eb format tipike t\u00eb \u201cbetej\u00ebs\u201d kund\u00ebr korrupsionit: e para kur \u201chajduti th\u00ebrret kapeni hajdutin\u201d dhe, e dyta, baltosja e t\u00eb gjith\u00ebve nga ata q\u00eb jan\u00eb m\u00eb t\u00eb baltosurit. Por mbi t\u00eb gjitha mbeten shqet\u00ebsuese lidhja e korrupsionit me krimin e organizuar dhe korruptimi i arsimimit q\u00eb projektohet edhe p\u00ebr nj\u00eb apo dy gjenerata n\u00eb t\u00eb ardhmen e t\u00eb rinjve, q\u00eb u duhet t\u00eb p\u00ebrballojn\u00eb sfidat e integrimit e globalizimit n\u00eb vitet 2050-2060. K\u00ebto t\u00eb dyja m\u00eb duken t\u00eb tmerrshme.<\/p>\n<p><strong>Ndryshe nga disa koh\u00eb m\u00eb par\u00eb ju nuk keni qen\u00eb shum\u00eb aktiv, qoft\u00eb n\u00eb fush\u00ebn politike, qoft\u00eb n\u00eb debatet publike. Ka ndodhur ndonj\u00eb ndryshim tek Islami?<\/strong><\/p>\n<p>Un\u00eb kam qen\u00eb dhe mbetem shum\u00eb aktiv. Por n\u00eb k\u00ebto dy vjet t\u00eb jesh aktiv n\u00eb m\u00ebnyr\u00eb racionale, ndoshta nuk bie shum\u00eb n\u00eb sy. Gjat\u00eb vitit 2010 kam botuar artikuj analitik\u00eb dhe opinione mbi 50, pra rreth kat\u00ebr artikuj n\u00eb muaj. \u00cbsht\u00eb e v\u00ebrtet\u00eb se e kam qen\u00eb jo prezent n\u00eb fush\u00ebn e sharjeve. Nuk kam qen\u00eb prezent n\u00eb r\u00ebnien e bilbilave apo n\u00eb \u201cmitingun\u201d parlamentar me ul\u00ebrima e sharje reciproke brenda sall\u00ebs s\u00eb Kuvendit. Nuk kam qen\u00eb prezent n\u00eb bllokimin e rrug\u00ebve. Nuk kam qen\u00eb prezent n\u00eb grev\u00ebn e uris\u00eb. Nuk kam qen\u00eb prezent n\u00eb protestat me dhun\u00eb. Por kam qen\u00eb shum\u00eb aktiv kund\u00ebr bojkotit. Kam qen\u00eb aktiv kund\u00ebr djegies s\u00eb mandateve. Kam qen\u00eb aktiv kund\u00ebr protestave t\u00eb dhunshme. Kam qen\u00eb shum\u00eb aktiv kund\u00ebr seancave me sharje n\u00eb Kuvend etj., etj. Kam qen\u00eb shum\u00eb aktiv n\u00eb marr\u00ebdh\u00ebniet modeste me nd\u00ebrkomb\u00ebtar\u00ebt. Kam qen\u00eb p\u00ebr aq sa m\u00eb \u00ebsht\u00eb lejuar shum\u00eb aktiv n\u00eb K\u00ebshillin e Europ\u00ebs. Kam qen\u00eb shum\u00eb aktiv n\u00eb kryerjen e detyr\u00ebs si raportues i K\u00ebshillit t\u00eb Europ\u00ebs p\u00ebr Gjeorgjin\u00eb. Ndoshta nuk m\u00eb keni par\u00eb t\u00eb dal te \u201cbah\u00e7ja\u201d p\u00ebr t\u00eb lexuar njoftimin e radh\u00ebs, por kjo duhet t\u00eb dini q\u00eb organizohet nga Rama me sms dhe ai ka b\u00ebr\u00eb shum\u00eb mir\u00eb q\u00eb nuk m\u00eb ka caktuar t\u00eb b\u00ebj nj\u00eb pun\u00eb t\u00eb till\u00eb, q\u00eb do t\u00eb ishte jo fort e p\u00ebrshtatshme p\u00ebr nj\u00eb profesor apo nj\u00eb person me eksperienc\u00eb si un\u00eb. Kjo nuk do t\u00eb thot\u00eb se un\u00eb kam ndrojtje t\u00eb dal n\u00eb konferenc\u00eb shtypi, por nuk mund t\u00eb dal i telekomanduar dhe t\u00eb lexoj apo recitoj gj\u00ebra q\u00eb nuk i kuptoj apo nuk jan\u00eb pjes\u00eb e bindjes sime. E zgjata p\u00ebrgjigjen e k\u00ebsaj pyetjeje, thjesht p\u00ebr t\u00eb shuar kuriozitetin e ndokujt se vet\u00eb ndihem i qet\u00eb p\u00ebr t\u00eb th\u00ebn\u00eb at\u00eb q\u00eb mendoj sa her\u00eb e gjykoj se duhet t\u00eb flas p\u00ebr \u00e7\u00ebshtje q\u00eb jan\u00eb t\u00eb lidhura me pozicionin tim politik apo performanc\u00ebn profesionale.<\/p>\n<p><strong>K\u00ebshtu si e shikoni gjendjen e sotme, jeni optimist apo pesimist p\u00ebr nj\u00eb normalitet n\u00eb Shqip\u00ebri?<\/strong><\/p>\n<p>Mbetem realist racional. Kjo do t\u00eb mbetet mesa duket shpejt\u00ebsia dhe cil\u00ebsia e progresit t\u00eb vendit edhe n\u00eb periudh\u00ebn afatmesme. Po t\u00eb krahasohet gjendja aktuale, n\u00eb t\u00eb gjith\u00eb planet, me at\u00eb t\u00eb para viteve 1990, ndryshimet jan\u00eb t\u00eb paimagjinueshme e drastike. Po t\u00eb krahasohen me stacionin ku duhet t\u00eb kishim arritur apo standardet ku duhet t\u00eb arrijm\u00eb jemi ende shum\u00eb shum\u00eb larg. Po t\u00eb krahasohen me mund\u00ebsit\u00eb dhe kapacitetet e burimet e vendit, ndryshimet jan\u00eb t\u00eb pamjaftueshme. Pra p\u00ebrmbledhtas mund t\u00eb them se progres ka, por shpejt\u00ebsia dhe cil\u00ebsia mbeten shqet\u00ebsuese dhe p\u00ebr \u2018tu diskutuar, kurse ulje-ngritjet apo zigzaget jan\u00eb t\u00eb pap\u00eblqyeshme. Por k\u00ebshtu ka qen\u00eb n\u00eb k\u00ebt\u00eb vend k\u00ebto 1000 vjet\u00ebt e fundit, t\u00eb shpresojm\u00eb se do t\u00eb ndryshoj\u00eb me vendosjen e demokracis\u00eb dhe integrimin n\u00eb BE.<\/p>\n","protected":false},"excerpt":{"rendered":"<p>Fatos Baxhaku Si ndodhi kalimi juaj nga fizika n\u00eb politik\u00eb. K\u00ebt\u00eb kishit menduar n\u00eb t\u00eb rit\u00eb tuaj? Momenti i angazhimit ka qen\u00eb krejt\u00ebsisht i rast\u00ebsish\u00ebm, kurse kalimi i plot\u00eb n\u00eb politik\u00eb ka qen\u00eb relativisht i gjat\u00eb. Jan\u00eb dashur rreth dhjet\u00eb vjet t\u00eb \u201cbashk\u00ebjetoj\u201d me t\u00eb dyja, fizik\u00ebn dhe politik\u00ebn, p\u00ebr t\u00eb realizuar \u201ctranzicionin\u201d e plot\u00eb [&hellip;]<\/p>\n","protected":false},"author":1,"featured_media":0,"comment_status":"open","ping_status":"closed","sticky":false,"template":"","format":"standard","meta":{"footnotes":""},"categories":[4],"tags":[],"class_list":{"0":"post-6193","1":"post","2":"type-post","3":"status-publish","4":"format-standard","6":"category-intervista"},"yoast_head":"<!-- This site is optimized with the Yoast SEO plugin v27.4 - https:\/\/yoast.com\/product\/yoast-seo-wordpress\/ -->\n<title>Kastriot Islami: \u201cNdal radikalizimit t\u00eb PS!\u201d - FjALA e LIR\u00cb - Arkivi<\/title>\n<meta name=\"robots\" content=\"index, follow, max-snippet:-1, max-image-preview:large, max-video-preview:-1\" \/>\n<link rel=\"canonical\" href=\"https:\/\/fjala.info\/2009-2015\/kastriot-islami-ndal-radikalizimit-te-ps\/\" \/>\n<meta property=\"og:locale\" content=\"sq_AL\" \/>\n<meta property=\"og:type\" content=\"article\" \/>\n<meta property=\"og:title\" content=\"Kastriot Islami: \u201cNdal radikalizimit t\u00eb PS!\u201d - FjALA e LIR\u00cb - Arkivi\" \/>\n<meta property=\"og:description\" content=\"Fatos Baxhaku Si ndodhi kalimi juaj nga fizika n\u00eb politik\u00eb. K\u00ebt\u00eb kishit menduar n\u00eb t\u00eb rit\u00eb tuaj? Momenti i angazhimit ka qen\u00eb krejt\u00ebsisht i rast\u00ebsish\u00ebm, kurse kalimi i plot\u00eb n\u00eb politik\u00eb ka qen\u00eb relativisht i gjat\u00eb. Jan\u00eb dashur rreth dhjet\u00eb vjet t\u00eb \u201cbashk\u00ebjetoj\u201d me t\u00eb dyja, fizik\u00ebn dhe politik\u00ebn, p\u00ebr t\u00eb realizuar \u201ctranzicionin\u201d e plot\u00eb [&hellip;]\" \/>\n<meta property=\"og:url\" content=\"https:\/\/fjala.info\/2009-2015\/kastriot-islami-ndal-radikalizimit-te-ps\/\" \/>\n<meta property=\"og:site_name\" content=\"FjALA e LIR\u00cb - Arkivi\" \/>\n<meta property=\"article:published_time\" content=\"2011-02-06T11:00:34+00:00\" \/>\n<meta property=\"og:image\" content=\"http:\/\/fjala.shkoder.net\/wp-content\/uploads\/2011\/02\/kastriot_islami_ben_blushi-300x209.jpg\" \/>\n<meta name=\"author\" content=\"admin\" \/>\n<meta name=\"twitter:card\" content=\"summary_large_image\" \/>\n<meta name=\"twitter:label1\" content=\"Written by\" \/>\n\t<meta name=\"twitter:data1\" content=\"admin\" \/>\n\t<meta name=\"twitter:label2\" content=\"Est. reading time\" \/>\n\t<meta name=\"twitter:data2\" content=\"22 minutes\" \/>\n<script type=\"application\/ld+json\" class=\"yoast-schema-graph\">{\"@context\":\"https:\\\/\\\/schema.org\",\"@graph\":[{\"@type\":\"Article\",\"@id\":\"https:\\\/\\\/fjala.info\\\/2009-2015\\\/kastriot-islami-ndal-radikalizimit-te-ps\\\/#article\",\"isPartOf\":{\"@id\":\"https:\\\/\\\/fjala.info\\\/2009-2015\\\/kastriot-islami-ndal-radikalizimit-te-ps\\\/\"},\"author\":{\"name\":\"admin\",\"@id\":\"https:\\\/\\\/fjala.info\\\/2009-2015\\\/#\\\/schema\\\/person\\\/3aa1163ef05469c496fc94e77611ada2\"},\"headline\":\"Kastriot Islami: \u201cNdal radikalizimit t\u00eb PS!\u201d\",\"datePublished\":\"2011-02-06T11:00:34+00:00\",\"mainEntityOfPage\":{\"@id\":\"https:\\\/\\\/fjala.info\\\/2009-2015\\\/kastriot-islami-ndal-radikalizimit-te-ps\\\/\"},\"wordCount\":4498,\"commentCount\":0,\"publisher\":{\"@id\":\"https:\\\/\\\/fjala.info\\\/2009-2015\\\/#organization\"},\"image\":{\"@id\":\"https:\\\/\\\/fjala.info\\\/2009-2015\\\/kastriot-islami-ndal-radikalizimit-te-ps\\\/#primaryimage\"},\"thumbnailUrl\":\"http:\\\/\\\/fjala.shkoder.net\\\/wp-content\\\/uploads\\\/2011\\\/02\\\/kastriot_islami_ben_blushi-300x209.jpg\",\"articleSection\":[\"Intervista\"],\"inLanguage\":\"sq-AL\",\"potentialAction\":[{\"@type\":\"CommentAction\",\"name\":\"Comment\",\"target\":[\"https:\\\/\\\/fjala.info\\\/2009-2015\\\/kastriot-islami-ndal-radikalizimit-te-ps\\\/#respond\"]}]},{\"@type\":\"WebPage\",\"@id\":\"https:\\\/\\\/fjala.info\\\/2009-2015\\\/kastriot-islami-ndal-radikalizimit-te-ps\\\/\",\"url\":\"https:\\\/\\\/fjala.info\\\/2009-2015\\\/kastriot-islami-ndal-radikalizimit-te-ps\\\/\",\"name\":\"Kastriot Islami: \u201cNdal radikalizimit t\u00eb PS!\u201d - FjALA e LIR\u00cb - Arkivi\",\"isPartOf\":{\"@id\":\"https:\\\/\\\/fjala.info\\\/2009-2015\\\/#website\"},\"primaryImageOfPage\":{\"@id\":\"https:\\\/\\\/fjala.info\\\/2009-2015\\\/kastriot-islami-ndal-radikalizimit-te-ps\\\/#primaryimage\"},\"image\":{\"@id\":\"https:\\\/\\\/fjala.info\\\/2009-2015\\\/kastriot-islami-ndal-radikalizimit-te-ps\\\/#primaryimage\"},\"thumbnailUrl\":\"http:\\\/\\\/fjala.shkoder.net\\\/wp-content\\\/uploads\\\/2011\\\/02\\\/kastriot_islami_ben_blushi-300x209.jpg\",\"datePublished\":\"2011-02-06T11:00:34+00:00\",\"breadcrumb\":{\"@id\":\"https:\\\/\\\/fjala.info\\\/2009-2015\\\/kastriot-islami-ndal-radikalizimit-te-ps\\\/#breadcrumb\"},\"inLanguage\":\"sq-AL\",\"potentialAction\":[{\"@type\":\"ReadAction\",\"target\":[\"https:\\\/\\\/fjala.info\\\/2009-2015\\\/kastriot-islami-ndal-radikalizimit-te-ps\\\/\"]}]},{\"@type\":\"ImageObject\",\"inLanguage\":\"sq-AL\",\"@id\":\"https:\\\/\\\/fjala.info\\\/2009-2015\\\/kastriot-islami-ndal-radikalizimit-te-ps\\\/#primaryimage\",\"url\":\"http:\\\/\\\/fjala.shkoder.net\\\/wp-content\\\/uploads\\\/2011\\\/02\\\/kastriot_islami_ben_blushi-300x209.jpg\",\"contentUrl\":\"http:\\\/\\\/fjala.shkoder.net\\\/wp-content\\\/uploads\\\/2011\\\/02\\\/kastriot_islami_ben_blushi-300x209.jpg\"},{\"@type\":\"BreadcrumbList\",\"@id\":\"https:\\\/\\\/fjala.info\\\/2009-2015\\\/kastriot-islami-ndal-radikalizimit-te-ps\\\/#breadcrumb\",\"itemListElement\":[{\"@type\":\"ListItem\",\"position\":1,\"name\":\"Home\",\"item\":\"https:\\\/\\\/fjala.info\\\/2009-2015\\\/\"},{\"@type\":\"ListItem\",\"position\":2,\"name\":\"Kastriot Islami: \u201cNdal radikalizimit t\u00eb PS!\u201d\"}]},{\"@type\":\"WebSite\",\"@id\":\"https:\\\/\\\/fjala.info\\\/2009-2015\\\/#website\",\"url\":\"https:\\\/\\\/fjala.info\\\/2009-2015\\\/\",\"name\":\"FjALA e LIR\u00cb - Arkivi\",\"description\":\"Arkivi 2009-2015\",\"publisher\":{\"@id\":\"https:\\\/\\\/fjala.info\\\/2009-2015\\\/#organization\"},\"potentialAction\":[{\"@type\":\"SearchAction\",\"target\":{\"@type\":\"EntryPoint\",\"urlTemplate\":\"https:\\\/\\\/fjala.info\\\/2009-2015\\\/?s={search_term_string}\"},\"query-input\":{\"@type\":\"PropertyValueSpecification\",\"valueRequired\":true,\"valueName\":\"search_term_string\"}}],\"inLanguage\":\"sq-AL\"},{\"@type\":\"Organization\",\"@id\":\"https:\\\/\\\/fjala.info\\\/2009-2015\\\/#organization\",\"name\":\"FjALA e LIR\u00cb - Arkivi\",\"url\":\"https:\\\/\\\/fjala.info\\\/2009-2015\\\/\",\"logo\":{\"@type\":\"ImageObject\",\"inLanguage\":\"sq-AL\",\"@id\":\"https:\\\/\\\/fjala.info\\\/2009-2015\\\/#\\\/schema\\\/logo\\\/image\\\/\",\"url\":\"\",\"contentUrl\":\"\",\"caption\":\"FjALA e LIR\u00cb - Arkivi\"},\"image\":{\"@id\":\"https:\\\/\\\/fjala.info\\\/2009-2015\\\/#\\\/schema\\\/logo\\\/image\\\/\"}},{\"@type\":\"Person\",\"@id\":\"https:\\\/\\\/fjala.info\\\/2009-2015\\\/#\\\/schema\\\/person\\\/3aa1163ef05469c496fc94e77611ada2\",\"name\":\"admin\",\"image\":{\"@type\":\"ImageObject\",\"inLanguage\":\"sq-AL\",\"@id\":\"https:\\\/\\\/fjala.info\\\/2009-2015\\\/wp-content\\\/uploads\\\/2012\\\/02\\\/arben_cokaj-120x150.jpg\",\"url\":\"https:\\\/\\\/fjala.info\\\/2009-2015\\\/wp-content\\\/uploads\\\/2012\\\/02\\\/arben_cokaj-120x150.jpg\",\"contentUrl\":\"https:\\\/\\\/fjala.info\\\/2009-2015\\\/wp-content\\\/uploads\\\/2012\\\/02\\\/arben_cokaj-120x150.jpg\",\"caption\":\"admin\"},\"description\":\"Admin, Fjala e Lir\u00eb\",\"sameAs\":[\"https:\\\/\\\/fjala.info\\\/\"],\"url\":\"https:\\\/\\\/fjala.info\\\/2009-2015\\\/author\\\/admin\\\/\"}]}<\/script>\n<!-- \/ Yoast SEO plugin. -->","yoast_head_json":{"title":"Kastriot Islami: \u201cNdal radikalizimit t\u00eb PS!\u201d - FjALA e LIR\u00cb - Arkivi","robots":{"index":"index","follow":"follow","max-snippet":"max-snippet:-1","max-image-preview":"max-image-preview:large","max-video-preview":"max-video-preview:-1"},"canonical":"https:\/\/fjala.info\/2009-2015\/kastriot-islami-ndal-radikalizimit-te-ps\/","og_locale":"sq_AL","og_type":"article","og_title":"Kastriot Islami: \u201cNdal radikalizimit t\u00eb PS!\u201d - FjALA e LIR\u00cb - Arkivi","og_description":"Fatos Baxhaku Si ndodhi kalimi juaj nga fizika n\u00eb politik\u00eb. K\u00ebt\u00eb kishit menduar n\u00eb t\u00eb rit\u00eb tuaj? Momenti i angazhimit ka qen\u00eb krejt\u00ebsisht i rast\u00ebsish\u00ebm, kurse kalimi i plot\u00eb n\u00eb politik\u00eb ka qen\u00eb relativisht i gjat\u00eb. Jan\u00eb dashur rreth dhjet\u00eb vjet t\u00eb \u201cbashk\u00ebjetoj\u201d me t\u00eb dyja, fizik\u00ebn dhe politik\u00ebn, p\u00ebr t\u00eb realizuar \u201ctranzicionin\u201d e plot\u00eb [&hellip;]","og_url":"https:\/\/fjala.info\/2009-2015\/kastriot-islami-ndal-radikalizimit-te-ps\/","og_site_name":"FjALA e LIR\u00cb - Arkivi","article_published_time":"2011-02-06T11:00:34+00:00","og_image":[{"url":"http:\/\/fjala.shkoder.net\/wp-content\/uploads\/2011\/02\/kastriot_islami_ben_blushi-300x209.jpg","type":"","width":"","height":""}],"author":"admin","twitter_card":"summary_large_image","twitter_misc":{"Written by":"admin","Est. reading time":"22 minutes"},"schema":{"@context":"https:\/\/schema.org","@graph":[{"@type":"Article","@id":"https:\/\/fjala.info\/2009-2015\/kastriot-islami-ndal-radikalizimit-te-ps\/#article","isPartOf":{"@id":"https:\/\/fjala.info\/2009-2015\/kastriot-islami-ndal-radikalizimit-te-ps\/"},"author":{"name":"admin","@id":"https:\/\/fjala.info\/2009-2015\/#\/schema\/person\/3aa1163ef05469c496fc94e77611ada2"},"headline":"Kastriot Islami: \u201cNdal radikalizimit t\u00eb PS!\u201d","datePublished":"2011-02-06T11:00:34+00:00","mainEntityOfPage":{"@id":"https:\/\/fjala.info\/2009-2015\/kastriot-islami-ndal-radikalizimit-te-ps\/"},"wordCount":4498,"commentCount":0,"publisher":{"@id":"https:\/\/fjala.info\/2009-2015\/#organization"},"image":{"@id":"https:\/\/fjala.info\/2009-2015\/kastriot-islami-ndal-radikalizimit-te-ps\/#primaryimage"},"thumbnailUrl":"http:\/\/fjala.shkoder.net\/wp-content\/uploads\/2011\/02\/kastriot_islami_ben_blushi-300x209.jpg","articleSection":["Intervista"],"inLanguage":"sq-AL","potentialAction":[{"@type":"CommentAction","name":"Comment","target":["https:\/\/fjala.info\/2009-2015\/kastriot-islami-ndal-radikalizimit-te-ps\/#respond"]}]},{"@type":"WebPage","@id":"https:\/\/fjala.info\/2009-2015\/kastriot-islami-ndal-radikalizimit-te-ps\/","url":"https:\/\/fjala.info\/2009-2015\/kastriot-islami-ndal-radikalizimit-te-ps\/","name":"Kastriot Islami: \u201cNdal radikalizimit t\u00eb PS!\u201d - FjALA e LIR\u00cb - Arkivi","isPartOf":{"@id":"https:\/\/fjala.info\/2009-2015\/#website"},"primaryImageOfPage":{"@id":"https:\/\/fjala.info\/2009-2015\/kastriot-islami-ndal-radikalizimit-te-ps\/#primaryimage"},"image":{"@id":"https:\/\/fjala.info\/2009-2015\/kastriot-islami-ndal-radikalizimit-te-ps\/#primaryimage"},"thumbnailUrl":"http:\/\/fjala.shkoder.net\/wp-content\/uploads\/2011\/02\/kastriot_islami_ben_blushi-300x209.jpg","datePublished":"2011-02-06T11:00:34+00:00","breadcrumb":{"@id":"https:\/\/fjala.info\/2009-2015\/kastriot-islami-ndal-radikalizimit-te-ps\/#breadcrumb"},"inLanguage":"sq-AL","potentialAction":[{"@type":"ReadAction","target":["https:\/\/fjala.info\/2009-2015\/kastriot-islami-ndal-radikalizimit-te-ps\/"]}]},{"@type":"ImageObject","inLanguage":"sq-AL","@id":"https:\/\/fjala.info\/2009-2015\/kastriot-islami-ndal-radikalizimit-te-ps\/#primaryimage","url":"http:\/\/fjala.shkoder.net\/wp-content\/uploads\/2011\/02\/kastriot_islami_ben_blushi-300x209.jpg","contentUrl":"http:\/\/fjala.shkoder.net\/wp-content\/uploads\/2011\/02\/kastriot_islami_ben_blushi-300x209.jpg"},{"@type":"BreadcrumbList","@id":"https:\/\/fjala.info\/2009-2015\/kastriot-islami-ndal-radikalizimit-te-ps\/#breadcrumb","itemListElement":[{"@type":"ListItem","position":1,"name":"Home","item":"https:\/\/fjala.info\/2009-2015\/"},{"@type":"ListItem","position":2,"name":"Kastriot Islami: \u201cNdal radikalizimit t\u00eb PS!\u201d"}]},{"@type":"WebSite","@id":"https:\/\/fjala.info\/2009-2015\/#website","url":"https:\/\/fjala.info\/2009-2015\/","name":"FjALA e LIR\u00cb - Arkivi","description":"Arkivi 2009-2015","publisher":{"@id":"https:\/\/fjala.info\/2009-2015\/#organization"},"potentialAction":[{"@type":"SearchAction","target":{"@type":"EntryPoint","urlTemplate":"https:\/\/fjala.info\/2009-2015\/?s={search_term_string}"},"query-input":{"@type":"PropertyValueSpecification","valueRequired":true,"valueName":"search_term_string"}}],"inLanguage":"sq-AL"},{"@type":"Organization","@id":"https:\/\/fjala.info\/2009-2015\/#organization","name":"FjALA e LIR\u00cb - Arkivi","url":"https:\/\/fjala.info\/2009-2015\/","logo":{"@type":"ImageObject","inLanguage":"sq-AL","@id":"https:\/\/fjala.info\/2009-2015\/#\/schema\/logo\/image\/","url":"","contentUrl":"","caption":"FjALA e LIR\u00cb - Arkivi"},"image":{"@id":"https:\/\/fjala.info\/2009-2015\/#\/schema\/logo\/image\/"}},{"@type":"Person","@id":"https:\/\/fjala.info\/2009-2015\/#\/schema\/person\/3aa1163ef05469c496fc94e77611ada2","name":"admin","image":{"@type":"ImageObject","inLanguage":"sq-AL","@id":"https:\/\/fjala.info\/2009-2015\/wp-content\/uploads\/2012\/02\/arben_cokaj-120x150.jpg","url":"https:\/\/fjala.info\/2009-2015\/wp-content\/uploads\/2012\/02\/arben_cokaj-120x150.jpg","contentUrl":"https:\/\/fjala.info\/2009-2015\/wp-content\/uploads\/2012\/02\/arben_cokaj-120x150.jpg","caption":"admin"},"description":"Admin, Fjala e Lir\u00eb","sameAs":["https:\/\/fjala.info\/"],"url":"https:\/\/fjala.info\/2009-2015\/author\/admin\/"}]}},"_links":{"self":[{"href":"https:\/\/fjala.info\/2009-2015\/wp-json\/wp\/v2\/posts\/6193","targetHints":{"allow":["GET"]}}],"collection":[{"href":"https:\/\/fjala.info\/2009-2015\/wp-json\/wp\/v2\/posts"}],"about":[{"href":"https:\/\/fjala.info\/2009-2015\/wp-json\/wp\/v2\/types\/post"}],"author":[{"embeddable":true,"href":"https:\/\/fjala.info\/2009-2015\/wp-json\/wp\/v2\/users\/1"}],"replies":[{"embeddable":true,"href":"https:\/\/fjala.info\/2009-2015\/wp-json\/wp\/v2\/comments?post=6193"}],"version-history":[{"count":0,"href":"https:\/\/fjala.info\/2009-2015\/wp-json\/wp\/v2\/posts\/6193\/revisions"}],"wp:attachment":[{"href":"https:\/\/fjala.info\/2009-2015\/wp-json\/wp\/v2\/media?parent=6193"}],"wp:term":[{"taxonomy":"category","embeddable":true,"href":"https:\/\/fjala.info\/2009-2015\/wp-json\/wp\/v2\/categories?post=6193"},{"taxonomy":"post_tag","embeddable":true,"href":"https:\/\/fjala.info\/2009-2015\/wp-json\/wp\/v2\/tags?post=6193"}],"curies":[{"name":"wp","href":"https:\/\/api.w.org\/{rel}","templated":true}]}}