{"id":6188,"date":"2011-02-05T23:02:20","date_gmt":"2011-02-05T22:02:20","guid":{"rendered":"http:\/\/fjala.shkoder.net\/?p=6188"},"modified":"2011-02-05T23:02:20","modified_gmt":"2011-02-05T22:02:20","slug":"rrena-provokime-marrezi-qyfyre","status":"publish","type":"post","link":"https:\/\/fjala.info\/2009-2015\/rrena-provokime-marrezi-qyfyre\/","title":{"rendered":"Rrena, provokime, marr\u00ebzi, qyfyre&#8230;"},"content":{"rendered":"<p>Nga <strong>Mustafa Nano<\/strong><\/p>\n<p>Gjith\u00e7ka filloi me transmetimin e nj\u00eb bisede t\u00eb p\u00ebrgjuar mes Met\u00ebs e Priftit n\u00eb programin Fix Fare t\u00eb televizionit Top-channel; njer\u00ebzve iu shpalos para syve nj\u00eb bot\u00eb tangjentesh e akraball\u00ebqesh t\u00eb b\u00ebra nga dinjitar\u00eb e funksionar\u00eb shtet\u00ebror\u00eb. Ne e merrnim me mend se n\u00eb zyrat e shtetit e t\u00eb qeveris\u00eb k\u00ebto pun\u00eb t\u00eb pista b\u00ebheshin gjith\u00eb dit\u00ebn e dit\u00ebs por, si\u00e7 mund t\u00eb merret me mend, \u00ebsht\u00eb tjet\u00ebr gj\u00eb t\u00eb marr\u00ebsh me mend e tjet\u00ebr gj\u00eb t\u00eb shoh\u00ebsh me sy. Ishin shum\u00eb t\u00eb shpifura ato pamje, e sikur t\u00eb mos mjaftonte kjo, kup\u00ebn e derdh\u00ebn reagimet e atyre q\u00eb praktikisht do duhej t\u00eb mos dilnin m\u00eb n\u00eb shesh pas shfaqjes s\u00eb atij filmi. <\/p>\n<p>K\u00ebtu z\u00ebn\u00eb fill 14 dit\u00eb t\u00eb mbushura me rrena, provokime, idiot\u00ebsi, kanosje, qyfyre, etj, etj (M\u00eb posht\u00eb po p\u00ebrpiqem t\u00eb b\u00ebj kronik\u00ebn e asaj q\u00eb \u00ebsht\u00eb th\u00ebn\u00eb gjat\u00eb k\u00ebtyre dy jav\u00ebve. Nuk po merrem me dhun\u00ebn, me t\u00eb vrar\u00ebt, etj. Po merrem me kolon\u00ebn zanore apo veshjen verbale t\u00eb k\u00ebtyre dit\u00ebve; dhe n\u00eb k\u00ebt\u00eb mes mos prisni q\u00eb t\u2019ju riprodhoj besnik\u00ebrisht frazat; jo, do t\u2019ju riprodhoj besnik\u00ebrisht mesazhin, t\u00eb shoq\u00ebruar me ndonj\u00eb koment lakonik timin).<\/p>\n<p>1. Ilir Meta: \u201cUn\u00eb u premtoj shqiptar\u00ebve se do t\u00eb luftoj deri n\u00eb fund p\u00ebr lirin\u00eb e tyre, e cila po n\u00ebp\u00ebrk\u00ebmbet prej njer\u00ebzve t\u00eb \u00e7imkave\u201d. Oh jo, jo, jo. Kjo \u00ebsht\u00eb e tep\u00ebrt. Kjo \u00ebsht\u00eb si t\u00eb t\u00eb p\u00ebshtyj\u00eb tjetri n\u00eb fytyr\u00eb.<\/p>\n<p>2. Sali Berisha: \u201cVideoja \u00ebsht\u00eb e manipuluar; mungojn\u00eb disa sekonda; kan\u00eb dashur t\u2019m\u00eb b\u00ebjn\u00eb pis mua\u201d. Ishte e v\u00ebrtet\u00eb. Sekondat e hequra lidhnin dy pjes\u00eb t\u00eb bised\u00ebs n\u00eb m\u00ebnyr\u00eb t\u00eb till\u00eb, q\u00eb me goj\u00ebn e Met\u00ebs t\u00eb dilte i p\u00ebrzjer\u00eb n\u00eb kodoshll\u00ebqe dhe Berisha. Po s\u2019kuptohet pse, nd\u00ebrsa b\u00ebn si i l\u00ebnduar nga ky truk q\u00eb i hedh ve\u00e7 nj\u00eb st\u00ebrkal\u00eb balte, nul l\u00ebndohet fare, kur gazetar\u00ebt e mbulojn\u00eb me balt\u00eb si babain e Shk\u00eblzenit t\u00eb G\u00ebrdecit e t\u00eb Argit\u00ebs s\u00eb trojeve t\u00eb blera buz\u00eb detit.<\/p>\n<p>3. Edi Rama: \u201cKy popull mund ta tejkaloj\u00eb opozit\u00ebn\u201d. Kjo deklarat\u00eb e b\u00ebr\u00eb n\u00eb studion e programit Top Story ka q\u00ebn\u00eb nj\u00eb m\u00ebnyr\u00eb p\u00ebr t\u2019mos u identifikuar me nj\u00eb dhun\u00eb t\u00eb pritshme apo t\u00eb programuar n\u00eb tubimin e nj\u00eb dite m\u00eb pas. E pafalshme p\u00ebr nj\u00eb leader opozite; ky i fundit duhet t\u00eb kish guximin t\u00eb nj\u00ebjt\u00ebsohej me (ta p\u00ebrfaq\u00ebsonte) popullin, e jo t\u00eb mbetej prapa. Dhe n\u00eb fakt, mbeti prapa. At\u00eb dit\u00eb.<\/p>\n<p>4. Meta&#038;Berisha&#038;Basha: \u201cKemi informacion se po p\u00ebrdoren kontingjente kriminel\u00ebsh e t\u00eb k\u00ebrkuarish\u201d. Po na thoni ca emra, dreqi ta haj\u00eb! Pse nuk i arrestoni k\u00ebta kriminel\u00eb, n\u00eb fund t\u00eb fundit?<\/p>\n<p>5. Meta&#038;Berisha: \u201cDo t\u00eb mbrojm\u00eb rendin kushtetues\u201d. Kjo \u00ebsht\u00eb nj\u00eb fraz\u00eb, q\u00eb kurr\u00eb m\u00eb s\u2019duhet t\u00eb dal\u00eb nga goj\u00eb qeveritar\u00ebsh n\u00eb rrethanat, kur n\u00eb protest\u00eb del opozita. Nuk mund t\u00eb mbrohet rendi kushtetues nga opozita. Me opozit\u00ebn negocjohet. Vet\u00ebm diktaturat marrin p\u00ebrsip\u00ebr t\u00eb mbrojn\u00eb rendin kushtetues nga opozita. Opozita \u00ebsht\u00eb pjes\u00eb e rendit kushtetues.<\/p>\n<p>6. Spartak Ngjela: \u201cJan\u00eb vrar\u00eb tre vet\u00eb? Edhe 13 mij\u00eb mund t\u00eb vriten p\u00ebr nj\u00eb ideal e p\u00ebr nj\u00eb kauz\u00eb\u201d. Kjo \u00ebsht\u00eb nj\u00eb fraz\u00eb e paqortueshme, n\u00ebse e nxjerr nga konteksti (madje, fare mir\u00eb mund ta shkruash si slogan dhe ta var\u00ebsh n\u00eb muret e klasave t\u00eb gjimnazeve), por e th\u00ebn\u00eb n\u00eb t\u00eb nxeht\u00eb, disa or\u00eb pas egzekutimit t\u00eb tre protestueve, ishte pap\u00ebrgjegjshm\u00ebri totale.<\/p>\n<p>7. Arbem Imami: \u201cProtestuesit jan\u00eb vrar\u00eb nga protestuesit\u201d. Nuk na e tha se kush ia tha. Ia ka th\u00ebn\u00eb rradakja e vet.<\/p>\n<p>8. Sali Berisha: \u201cMe t\u00eb dh\u00ebnat q\u00eb kam un\u00eb, t\u00eb vrar\u00ebt jan\u00eb q\u00eblluar nga af\u00ebr\u201d. Po nga i more k\u00ebto t\u00eb dh\u00ebna? Ah, m\u00eb fal, i ke marr\u00eb nga nj\u00eb mjek demokratikas i spitalit ushtarak me mbiemrin Ko\u00e7eku.<\/p>\n<p>9. Mjeku Ko\u00e7eku: \u201cT\u00eb vrar\u00ebt jan\u00eb q\u00eblluar nga nj\u00eb distanc\u00eb e af\u00ebrt\u201d. Shih, shih, ditka qerratai t\u00eb b\u00ebj\u00eb dhe analiza balistike e forensike!<\/p>\n<p>10. Sokol Olldashi: \u201cMakina q\u00eb shp\u00ebrtheu port\u00ebn prej hekuri t\u00eb kryeministris\u00eb ishte e mbushur me tritol\u201d. Ky po, i di k\u00ebto gj\u00ebra. \u00cbsht\u00eb i zanatit.<\/p>\n<p>11. Ilir Meta: \u201cAta q\u00eb protestuan e u ndesh\u00ebn me gardist\u00ebt ishin kok\u00ebpalar\u00eb\u201d.<\/p>\n<p>12. Sali Berisha: \u201cMbi protestuesit \u00ebsht\u00eb q\u00eblluar mbi baz\u00ebn e rregullores; ka rregullore p\u00ebr brenda gardhit, p\u00ebr gardhin dhe p\u00ebr jasht\u00eb gardhit\u201d. Mbi baz\u00ebn e rregullores? U vritkan njer\u00ebzit mbi baz\u00ebn e \u201crregullores s\u00eb gardhit\u201d?<\/p>\n<p>13. Sali Berisha: \u201cN\u00ebpun\u00ebsit e administrat\u00ebs s\u00eb kryeministris\u00eb ishin p\u00ebrgatitur t\u00eb mbroheshin e t\u00eb mbronin kryeministrin\u00eb\u201d Po \u00e7\u2019pun\u00eb kan\u00eb k\u00ebta me mbrojtjen? K\u00ebta jan\u00eb n\u00ebpun\u00ebs, teknik\u00eb, njer\u00ebz t\u00eb lapsit.<\/p>\n<p>14. Sali Berisha: \u201c\u00cbsht\u00eb kryer nj\u00eb grusht shteti\u201d.<\/p>\n<p>15. Sali Berisha: \u201cKur b\u00ebhet grusht shteti, mund t\u00eb vriten 3, mund t\u00eb vriten 30, mund t\u00eb vriten 300\u201d.<\/p>\n<p>16. Sali Berisha: \u201cDo t\u00eb b\u00ebjm\u00eb dit\u00ebn e m\u00ebrkur\u00eb nj\u00eb anti-miting t\u00eb paqes; do t\u00eb jet\u00eb nj\u00eb manifestim i papar\u00eb ndonj\u00ebher\u00eb\u201d. K\u00ebt\u00eb vendim e mori pasi t\u00eb gjith\u00eb mor\u00ebn vesh, se protestuesit ishin vrar\u00eb nga gardist\u00ebt.<\/p>\n<p>17. Edi Rama: \u201cDo mblidhemi prap\u00eb t\u00eb premten\u201d.<\/p>\n<p>18. Sali Berisha: \u201cAnti-mitingun e paqes do ta b\u00ebj t\u00eb shtun\u00ebn\u201d.<\/p>\n<p>19. Sali Berisha: \u201cD\u00ebgjo k\u00ebtu, Edvin Kristaq Rama! Po e provove s\u00ebrish, nuk do merrem me ask\u00ebnd tjet\u00ebr; do t\u00eb nd\u00ebshkoj vet\u00ebm ty, ashtu si\u00e7 nd\u00ebshkohet nj\u00eb bandit. T\u00eb tjer\u00ebt do jen\u00eb t\u00eb amnistuar\u201d. K\u00ebt\u00eb deklarat\u00eb e b\u00ebri dhe n\u00eb parlament, dit\u00ebn e diel\u00eb, p\u00ebrball\u00eb deputet\u00ebve t\u00eb partis\u00eb demokratike. K\u00ebta t\u00eb fundit e duartrokit\u00ebn. M\u00eb shum\u00eb nga t\u00eb gjith\u00eb duartrokit\u00ebn Genc Ruli, Genc Pollo e Genc Imami; m\u00eb falni, Arben Imami.<\/p>\n<p>20. Sali Berisha: \u201cKam q\u00ebn\u00eb pes\u00eb or\u00eb i rrethuar\u201d. Rrethuar? E dramatizon situat\u00ebn, q\u00eb t\u00eb heroizoj\u00eb veten.<\/p>\n<p>21. Sali Berisha: \u201cEdvin Kristaq Ram\u00ebn nuk e pranuan n\u00eb spital t\u00eb af\u00ebrmit e t\u00eb l\u00ebnduarit nga Lezha\u201d. Po ky vet\u00eb vajti? E pranuan?<\/p>\n<p>22. Sali Berisha: \u201cBekimja \u00ebsht\u00eb nj\u00eb vajz\u00eb heroin\u00eb; e rrah\u00ebn, sepse tha \u2018rroft\u00eb Sali Berisha\u2019 n\u00eb mes t\u00eb protestuesve t\u00eb t\u00ebrbuar\u201d.<\/p>\n<p>23. Sali Berisha: \u201cRruga\u00e7\u00ebt e hodh\u00ebn flamurin ton\u00eb komb\u00ebtar. Ju e pat\u00eb vet\u00eb se si e hodh\u00ebn. Por gardisti Amarildo e pa at\u00eb flamur p\u00ebrtok\u00eb, dhe harroi ku ishte; u fiksua pas flamurit, derisa e \u00e7oi dhe e futi n\u00eb gji. \u00cbsht\u00eb nj\u00eb hero.\u201d<\/p>\n<p>24. Ilir Meta: \u201cN\u00eb zgjedhjet e majit LSI-ja do t\u00eb korr\u00eb nj\u00eb fitore spektakolare\u201d.<\/p>\n<p>25. Sali Berisha: \u201cKam t\u00eb shkruara mesazhet e p\u00ebrcjella midis bandit\u00ebve q\u00eb po lufonin me gard\u00ebn, dhe shtabit t\u00eb grushtit t\u00eb shtetit. Mund t\u2019ua tregoj, po t\u00eb doni. \u2018\u00c7far\u00eb t\u00eb b\u00ebjm\u00eb? Do na i sillni arm\u00ebt? Po, po, do ju sjellim kallashnikov\u00eb\u2019\u201d. Askush nuk e mori vesh burimin e k\u00ebtyre mesazheve. Vet\u00ebm Berisha i di k\u00ebto gj\u00ebra. Se mos vet\u00ebm k\u00ebto!<\/p>\n<p>26. Arben Imami: \u201cNuk do ta p\u00ebrdorim ushtrin\u00eb kund\u00ebr grushtit t\u00eb shtetit\u201d. H\u00eb, m\u00eb t\u00eb lumt\u00eb!<\/p>\n<p>27. Sali Berisha: \u201cKa q\u00ebn\u00eb planifikuar nga autor\u00ebt e grushtit t\u00eb shtetit t\u00eb p\u00ebrdoreshin thika me helm\u201d. Fiu!<\/p>\n<p>28. Sali Berisha: \u201cDhe stilolapsa-spitolet\u00eb dhe \u00e7adra-kobure\u201d. Fiu, fiu!<\/p>\n<p>29. Sali Berisha: \u201cJan\u00eb st\u00ebrvitur p\u00ebr dit\u00eb t\u00eb t\u00ebra n\u00eb zona t\u00eb caktuara n\u00eb grupe pes\u00ebshe\u201d. Fiu, fiu, fiu!<\/p>\n<p>30. Sali Berisha: \u201cDiku, shum\u00eb af\u00ebr vendit t\u00eb ngjarjes, ishte nj\u00eb makin\u00eb e mbushur plot e p\u00ebrplot me kallashnikov\u00eb\u201d. Fiu, fiu, fiu, fiu!<\/p>\n<p>31. Sali Berisha: \u201cT\u00ebrhiqem nga anti-mitingu i paqes; e b\u00ebj n\u00eb em\u00ebr t\u00eb paqes\u201d.<\/p>\n<p>32. Ambasadori amerikan, Alexander Arviz\u00fa: \u201cSali Berisha \u00ebsht\u00eb burr\u00eb shteti; ai u t\u00ebrhoq nga tubimi\u201d.<\/p>\n<p>33. Sali Berisha: \u201cKush nuk pa dhun\u00eb kund\u00ebr gardist\u00ebve n\u00eb bulevard \u00ebsht\u00eb nj\u00eb lavire bulevardi\u201d. Un\u00eb p\u00ebr vete pash\u00eb dhun\u00eb. Kryeprokurorja e Presidenti nuk kan\u00eb par\u00eb.<\/p>\n<p>34. Sali Berisha: \u201cKam patur informacion lidhur me veprimet e kryeprokurores, q\u00eb m\u00eb ka ardhur nga brenda Prokuroris\u00eb\u201d. Kjo po, q\u00eb \u00ebsht\u00eb sjellje putschi-sti.<\/p>\n<p>35. Sali Berisha: \u201cQytetar\u00eb e qytetare t\u00eb Shqip\u00ebris\u00eb\u201d \u2013 k\u00ebshtu e filloi \u2018d\u00ebshmin\u00eb\u2019 p\u00ebrpara komisionit hetimor parlamentar. Halim\u00ebt u duk\u00ebn t\u00eb lumtur. Kapsallit\u00ebn syt\u00eb e nuk dit\u00ebn ku e si t\u00eb mbanin duart.<\/p>\n<p>36. Sali Berisha: \u201cBamiri donte t\u2019m\u00eb eliminonte mua fizikisht\u201d.<\/p>\n<p>37. Drit\u00ebro Agolli: \u201cBamiri s\u2019vret dot nj\u00eb mi t\u00eb vog\u00ebl, e jo m\u00eb t\u00eb vras\u00eb nj\u00eb mi t\u00eb madh\u201d.<\/p>\n<p>38. Olldashi: \u201cJan\u00eb fajtor\u00eb ata q\u00eb vran\u00eb protestuesit; por jan\u00eb fajtor\u00eb dhe ata q\u00eb i \u00e7uan protestuesit atje\u201d. Ku i \u00e7uan? N\u00eb thertore? Apo n\u00eb Jurassic park?<\/p>\n<p>39. Ambasadori amerikan: \u201cBe careful, my fellow americans! Manifestimi-homazh i dat\u00ebs 28 \u00ebsht\u00eb i rreziksh\u00ebm. Ambasada at\u00eb dit\u00eb do t\u00eb mbyllet\u201d.<\/p>\n<p>40. Filip \u00c7akuli: \u201cUn\u00eb jam koka e putsch-it\u201d.<\/p>\n<p>41. Mustafa Nano: \u201cDua t\u00eb jem dhe un\u00eb putsch-ist. B\u00ebm\u00ebni, ju p\u00ebrgj\u00ebrohem!\u201d<\/p>\n<p>42. Bamir Topi: \u201cSa \u00ebsht\u00eb Arsenali me Gallatasarajin? Ka dhun\u00eb n\u00eb fush\u00eb? Mos!\u201d Ky \u00ebsht\u00eb nj\u00eb mesazh i interceptuar nga tabulatet e Presidentit t\u00eb Republik\u00ebs n\u00eb dat\u00ebn 21 janar.<\/p>\n<p>43. Policia e Tiran\u00ebs: \u201cN\u00eb manifestimin e 28 janarit mor\u00ebn pjes\u00eb vet\u00ebm 6 mij\u00eb vet\u00eb\u201d. Pse g\u00ebnjeni? Isha dhe un\u00eb. B\u00ebhen 6 mij\u00eb e nj\u00eb.<\/p>\n<p>44. Aldo Bum\u00e7i: \u201cM\u00eb 28 janar Tirana e braktisi opozit\u00ebn\u201d. Ku e gjen gjith\u00eb k\u00ebt\u00eb inteligjenc\u00eb, xhan\u00ebm?<\/p>\n<p>45. Sali Berisha: \u201cM\u00eb pyesni; jam i hapur!\u201d Dhe an\u00ebtar\u00ebt e komisionit hetimor parlamentar e bombarduan me pyetje t\u00eb llojit: a e dinin gardist\u00ebt dhe putsch-ist\u00ebt, q\u00eb kryeministrin\u00eb nuk mund ta merrnin kurr\u00eb?<\/p>\n<p>46. Ina Rama: \u201cNuk mund t\u00eb m\u00eb hetoni p\u00ebr nj\u00eb ngjarje, t\u00eb cil\u00ebn po e hetoj un\u00eb\u201d. Dhe b\u00ebri t\u00eb ikte.<\/p>\n<p>47. Komisioneri Halimi: \u201cJu nuk mund t\u00eb ikni!\u201d Por ajo iku.<\/p>\n<p>48. Ismail Kadare: \u201cTani ndryshon puna. S\u2019\u00ebsht\u00eb m\u00eb si m\u00eb par\u00eb. N\u00eb politik\u00eb hyri vdekja\u201d.<\/p>\n<p>49. Ilir Meta: \u201cDo ta \u00e7montojm\u00eb videon e montuar\u201d. K\u00ebt\u00eb e tha dje. N\u00eb Shkod\u00ebr.<\/p>\n<p>50. Nj\u00eb internaut: \u201cEpo fashizmi s\u2019ka brir\u00eb, or ti shoq\u201d. K\u00ebt\u00eb e lexova sot.<\/p>\n<p>Hurrah! Long life to all Albanians!<\/p>\n","protected":false},"excerpt":{"rendered":"<p>Nga Mustafa Nano Gjith\u00e7ka filloi me transmetimin e nj\u00eb bisede t\u00eb p\u00ebrgjuar mes Met\u00ebs e Priftit n\u00eb programin Fix Fare t\u00eb televizionit Top-channel; njer\u00ebzve iu shpalos para syve nj\u00eb bot\u00eb tangjentesh e akraball\u00ebqesh t\u00eb b\u00ebra nga dinjitar\u00eb e funksionar\u00eb shtet\u00ebror\u00eb. Ne e merrnim me mend se n\u00eb zyrat e shtetit e t\u00eb qeveris\u00eb k\u00ebto pun\u00eb [&hellip;]<\/p>\n","protected":false},"author":1,"featured_media":0,"comment_status":"open","ping_status":"closed","sticky":false,"template":"","format":"standard","meta":{"footnotes":""},"categories":[2],"tags":[],"class_list":{"0":"post-6188","1":"post","2":"type-post","3":"status-publish","4":"format-standard","6":"category-artikuj"},"yoast_head":"<!-- This site is optimized with the Yoast SEO plugin v27.4 - https:\/\/yoast.com\/product\/yoast-seo-wordpress\/ -->\n<title>Rrena, provokime, marr\u00ebzi, qyfyre... - FjALA e LIR\u00cb - Arkivi<\/title>\n<meta name=\"robots\" content=\"index, follow, max-snippet:-1, max-image-preview:large, max-video-preview:-1\" \/>\n<link rel=\"canonical\" href=\"https:\/\/fjala.info\/2009-2015\/rrena-provokime-marrezi-qyfyre\/\" \/>\n<meta property=\"og:locale\" content=\"sq_AL\" \/>\n<meta property=\"og:type\" content=\"article\" \/>\n<meta property=\"og:title\" content=\"Rrena, provokime, marr\u00ebzi, qyfyre... - FjALA e LIR\u00cb - Arkivi\" \/>\n<meta property=\"og:description\" content=\"Nga Mustafa Nano Gjith\u00e7ka filloi me transmetimin e nj\u00eb bisede t\u00eb p\u00ebrgjuar mes Met\u00ebs e Priftit n\u00eb programin Fix Fare t\u00eb televizionit Top-channel; njer\u00ebzve iu shpalos para syve nj\u00eb bot\u00eb tangjentesh e akraball\u00ebqesh t\u00eb b\u00ebra nga dinjitar\u00eb e funksionar\u00eb shtet\u00ebror\u00eb. Ne e merrnim me mend se n\u00eb zyrat e shtetit e t\u00eb qeveris\u00eb k\u00ebto pun\u00eb [&hellip;]\" \/>\n<meta property=\"og:url\" content=\"https:\/\/fjala.info\/2009-2015\/rrena-provokime-marrezi-qyfyre\/\" \/>\n<meta property=\"og:site_name\" content=\"FjALA e LIR\u00cb - Arkivi\" \/>\n<meta property=\"article:published_time\" content=\"2011-02-05T22:02:20+00:00\" \/>\n<meta name=\"author\" content=\"admin\" \/>\n<meta name=\"twitter:card\" content=\"summary_large_image\" \/>\n<meta name=\"twitter:label1\" content=\"Written by\" \/>\n\t<meta name=\"twitter:data1\" content=\"admin\" \/>\n\t<meta name=\"twitter:label2\" content=\"Est. reading time\" \/>\n\t<meta name=\"twitter:data2\" content=\"9 minutes\" \/>\n<script type=\"application\/ld+json\" class=\"yoast-schema-graph\">{\"@context\":\"https:\\\/\\\/schema.org\",\"@graph\":[{\"@type\":\"Article\",\"@id\":\"https:\\\/\\\/fjala.info\\\/2009-2015\\\/rrena-provokime-marrezi-qyfyre\\\/#article\",\"isPartOf\":{\"@id\":\"https:\\\/\\\/fjala.info\\\/2009-2015\\\/rrena-provokime-marrezi-qyfyre\\\/\"},\"author\":{\"name\":\"admin\",\"@id\":\"https:\\\/\\\/fjala.info\\\/2009-2015\\\/#\\\/schema\\\/person\\\/3aa1163ef05469c496fc94e77611ada2\"},\"headline\":\"Rrena, provokime, marr\u00ebzi, qyfyre&#8230;\",\"datePublished\":\"2011-02-05T22:02:20+00:00\",\"mainEntityOfPage\":{\"@id\":\"https:\\\/\\\/fjala.info\\\/2009-2015\\\/rrena-provokime-marrezi-qyfyre\\\/\"},\"wordCount\":1724,\"commentCount\":0,\"publisher\":{\"@id\":\"https:\\\/\\\/fjala.info\\\/2009-2015\\\/#organization\"},\"articleSection\":[\"Artikuj\"],\"inLanguage\":\"sq-AL\",\"potentialAction\":[{\"@type\":\"CommentAction\",\"name\":\"Comment\",\"target\":[\"https:\\\/\\\/fjala.info\\\/2009-2015\\\/rrena-provokime-marrezi-qyfyre\\\/#respond\"]}]},{\"@type\":\"WebPage\",\"@id\":\"https:\\\/\\\/fjala.info\\\/2009-2015\\\/rrena-provokime-marrezi-qyfyre\\\/\",\"url\":\"https:\\\/\\\/fjala.info\\\/2009-2015\\\/rrena-provokime-marrezi-qyfyre\\\/\",\"name\":\"Rrena, provokime, marr\u00ebzi, qyfyre... - FjALA e LIR\u00cb - Arkivi\",\"isPartOf\":{\"@id\":\"https:\\\/\\\/fjala.info\\\/2009-2015\\\/#website\"},\"datePublished\":\"2011-02-05T22:02:20+00:00\",\"breadcrumb\":{\"@id\":\"https:\\\/\\\/fjala.info\\\/2009-2015\\\/rrena-provokime-marrezi-qyfyre\\\/#breadcrumb\"},\"inLanguage\":\"sq-AL\",\"potentialAction\":[{\"@type\":\"ReadAction\",\"target\":[\"https:\\\/\\\/fjala.info\\\/2009-2015\\\/rrena-provokime-marrezi-qyfyre\\\/\"]}]},{\"@type\":\"BreadcrumbList\",\"@id\":\"https:\\\/\\\/fjala.info\\\/2009-2015\\\/rrena-provokime-marrezi-qyfyre\\\/#breadcrumb\",\"itemListElement\":[{\"@type\":\"ListItem\",\"position\":1,\"name\":\"Home\",\"item\":\"https:\\\/\\\/fjala.info\\\/2009-2015\\\/\"},{\"@type\":\"ListItem\",\"position\":2,\"name\":\"Rrena, provokime, marr\u00ebzi, qyfyre&#8230;\"}]},{\"@type\":\"WebSite\",\"@id\":\"https:\\\/\\\/fjala.info\\\/2009-2015\\\/#website\",\"url\":\"https:\\\/\\\/fjala.info\\\/2009-2015\\\/\",\"name\":\"FjALA e LIR\u00cb - Arkivi\",\"description\":\"Arkivi 2009-2015\",\"publisher\":{\"@id\":\"https:\\\/\\\/fjala.info\\\/2009-2015\\\/#organization\"},\"potentialAction\":[{\"@type\":\"SearchAction\",\"target\":{\"@type\":\"EntryPoint\",\"urlTemplate\":\"https:\\\/\\\/fjala.info\\\/2009-2015\\\/?s={search_term_string}\"},\"query-input\":{\"@type\":\"PropertyValueSpecification\",\"valueRequired\":true,\"valueName\":\"search_term_string\"}}],\"inLanguage\":\"sq-AL\"},{\"@type\":\"Organization\",\"@id\":\"https:\\\/\\\/fjala.info\\\/2009-2015\\\/#organization\",\"name\":\"FjALA e LIR\u00cb - Arkivi\",\"url\":\"https:\\\/\\\/fjala.info\\\/2009-2015\\\/\",\"logo\":{\"@type\":\"ImageObject\",\"inLanguage\":\"sq-AL\",\"@id\":\"https:\\\/\\\/fjala.info\\\/2009-2015\\\/#\\\/schema\\\/logo\\\/image\\\/\",\"url\":\"\",\"contentUrl\":\"\",\"caption\":\"FjALA e LIR\u00cb - Arkivi\"},\"image\":{\"@id\":\"https:\\\/\\\/fjala.info\\\/2009-2015\\\/#\\\/schema\\\/logo\\\/image\\\/\"}},{\"@type\":\"Person\",\"@id\":\"https:\\\/\\\/fjala.info\\\/2009-2015\\\/#\\\/schema\\\/person\\\/3aa1163ef05469c496fc94e77611ada2\",\"name\":\"admin\",\"image\":{\"@type\":\"ImageObject\",\"inLanguage\":\"sq-AL\",\"@id\":\"https:\\\/\\\/fjala.info\\\/2009-2015\\\/wp-content\\\/uploads\\\/2012\\\/02\\\/arben_cokaj-120x150.jpg\",\"url\":\"https:\\\/\\\/fjala.info\\\/2009-2015\\\/wp-content\\\/uploads\\\/2012\\\/02\\\/arben_cokaj-120x150.jpg\",\"contentUrl\":\"https:\\\/\\\/fjala.info\\\/2009-2015\\\/wp-content\\\/uploads\\\/2012\\\/02\\\/arben_cokaj-120x150.jpg\",\"caption\":\"admin\"},\"description\":\"Admin, Fjala e Lir\u00eb\",\"sameAs\":[\"https:\\\/\\\/fjala.info\\\/\"],\"url\":\"https:\\\/\\\/fjala.info\\\/2009-2015\\\/author\\\/admin\\\/\"}]}<\/script>\n<!-- \/ Yoast SEO plugin. -->","yoast_head_json":{"title":"Rrena, provokime, marr\u00ebzi, qyfyre... - FjALA e LIR\u00cb - Arkivi","robots":{"index":"index","follow":"follow","max-snippet":"max-snippet:-1","max-image-preview":"max-image-preview:large","max-video-preview":"max-video-preview:-1"},"canonical":"https:\/\/fjala.info\/2009-2015\/rrena-provokime-marrezi-qyfyre\/","og_locale":"sq_AL","og_type":"article","og_title":"Rrena, provokime, marr\u00ebzi, qyfyre... - FjALA e LIR\u00cb - Arkivi","og_description":"Nga Mustafa Nano Gjith\u00e7ka filloi me transmetimin e nj\u00eb bisede t\u00eb p\u00ebrgjuar mes Met\u00ebs e Priftit n\u00eb programin Fix Fare t\u00eb televizionit Top-channel; njer\u00ebzve iu shpalos para syve nj\u00eb bot\u00eb tangjentesh e akraball\u00ebqesh t\u00eb b\u00ebra nga dinjitar\u00eb e funksionar\u00eb shtet\u00ebror\u00eb. Ne e merrnim me mend se n\u00eb zyrat e shtetit e t\u00eb qeveris\u00eb k\u00ebto pun\u00eb [&hellip;]","og_url":"https:\/\/fjala.info\/2009-2015\/rrena-provokime-marrezi-qyfyre\/","og_site_name":"FjALA e LIR\u00cb - Arkivi","article_published_time":"2011-02-05T22:02:20+00:00","author":"admin","twitter_card":"summary_large_image","twitter_misc":{"Written by":"admin","Est. reading time":"9 minutes"},"schema":{"@context":"https:\/\/schema.org","@graph":[{"@type":"Article","@id":"https:\/\/fjala.info\/2009-2015\/rrena-provokime-marrezi-qyfyre\/#article","isPartOf":{"@id":"https:\/\/fjala.info\/2009-2015\/rrena-provokime-marrezi-qyfyre\/"},"author":{"name":"admin","@id":"https:\/\/fjala.info\/2009-2015\/#\/schema\/person\/3aa1163ef05469c496fc94e77611ada2"},"headline":"Rrena, provokime, marr\u00ebzi, qyfyre&#8230;","datePublished":"2011-02-05T22:02:20+00:00","mainEntityOfPage":{"@id":"https:\/\/fjala.info\/2009-2015\/rrena-provokime-marrezi-qyfyre\/"},"wordCount":1724,"commentCount":0,"publisher":{"@id":"https:\/\/fjala.info\/2009-2015\/#organization"},"articleSection":["Artikuj"],"inLanguage":"sq-AL","potentialAction":[{"@type":"CommentAction","name":"Comment","target":["https:\/\/fjala.info\/2009-2015\/rrena-provokime-marrezi-qyfyre\/#respond"]}]},{"@type":"WebPage","@id":"https:\/\/fjala.info\/2009-2015\/rrena-provokime-marrezi-qyfyre\/","url":"https:\/\/fjala.info\/2009-2015\/rrena-provokime-marrezi-qyfyre\/","name":"Rrena, provokime, marr\u00ebzi, qyfyre... - FjALA e LIR\u00cb - Arkivi","isPartOf":{"@id":"https:\/\/fjala.info\/2009-2015\/#website"},"datePublished":"2011-02-05T22:02:20+00:00","breadcrumb":{"@id":"https:\/\/fjala.info\/2009-2015\/rrena-provokime-marrezi-qyfyre\/#breadcrumb"},"inLanguage":"sq-AL","potentialAction":[{"@type":"ReadAction","target":["https:\/\/fjala.info\/2009-2015\/rrena-provokime-marrezi-qyfyre\/"]}]},{"@type":"BreadcrumbList","@id":"https:\/\/fjala.info\/2009-2015\/rrena-provokime-marrezi-qyfyre\/#breadcrumb","itemListElement":[{"@type":"ListItem","position":1,"name":"Home","item":"https:\/\/fjala.info\/2009-2015\/"},{"@type":"ListItem","position":2,"name":"Rrena, provokime, marr\u00ebzi, qyfyre&#8230;"}]},{"@type":"WebSite","@id":"https:\/\/fjala.info\/2009-2015\/#website","url":"https:\/\/fjala.info\/2009-2015\/","name":"FjALA e LIR\u00cb - Arkivi","description":"Arkivi 2009-2015","publisher":{"@id":"https:\/\/fjala.info\/2009-2015\/#organization"},"potentialAction":[{"@type":"SearchAction","target":{"@type":"EntryPoint","urlTemplate":"https:\/\/fjala.info\/2009-2015\/?s={search_term_string}"},"query-input":{"@type":"PropertyValueSpecification","valueRequired":true,"valueName":"search_term_string"}}],"inLanguage":"sq-AL"},{"@type":"Organization","@id":"https:\/\/fjala.info\/2009-2015\/#organization","name":"FjALA e LIR\u00cb - Arkivi","url":"https:\/\/fjala.info\/2009-2015\/","logo":{"@type":"ImageObject","inLanguage":"sq-AL","@id":"https:\/\/fjala.info\/2009-2015\/#\/schema\/logo\/image\/","url":"","contentUrl":"","caption":"FjALA e LIR\u00cb - Arkivi"},"image":{"@id":"https:\/\/fjala.info\/2009-2015\/#\/schema\/logo\/image\/"}},{"@type":"Person","@id":"https:\/\/fjala.info\/2009-2015\/#\/schema\/person\/3aa1163ef05469c496fc94e77611ada2","name":"admin","image":{"@type":"ImageObject","inLanguage":"sq-AL","@id":"https:\/\/fjala.info\/2009-2015\/wp-content\/uploads\/2012\/02\/arben_cokaj-120x150.jpg","url":"https:\/\/fjala.info\/2009-2015\/wp-content\/uploads\/2012\/02\/arben_cokaj-120x150.jpg","contentUrl":"https:\/\/fjala.info\/2009-2015\/wp-content\/uploads\/2012\/02\/arben_cokaj-120x150.jpg","caption":"admin"},"description":"Admin, Fjala e Lir\u00eb","sameAs":["https:\/\/fjala.info\/"],"url":"https:\/\/fjala.info\/2009-2015\/author\/admin\/"}]}},"_links":{"self":[{"href":"https:\/\/fjala.info\/2009-2015\/wp-json\/wp\/v2\/posts\/6188","targetHints":{"allow":["GET"]}}],"collection":[{"href":"https:\/\/fjala.info\/2009-2015\/wp-json\/wp\/v2\/posts"}],"about":[{"href":"https:\/\/fjala.info\/2009-2015\/wp-json\/wp\/v2\/types\/post"}],"author":[{"embeddable":true,"href":"https:\/\/fjala.info\/2009-2015\/wp-json\/wp\/v2\/users\/1"}],"replies":[{"embeddable":true,"href":"https:\/\/fjala.info\/2009-2015\/wp-json\/wp\/v2\/comments?post=6188"}],"version-history":[{"count":0,"href":"https:\/\/fjala.info\/2009-2015\/wp-json\/wp\/v2\/posts\/6188\/revisions"}],"wp:attachment":[{"href":"https:\/\/fjala.info\/2009-2015\/wp-json\/wp\/v2\/media?parent=6188"}],"wp:term":[{"taxonomy":"category","embeddable":true,"href":"https:\/\/fjala.info\/2009-2015\/wp-json\/wp\/v2\/categories?post=6188"},{"taxonomy":"post_tag","embeddable":true,"href":"https:\/\/fjala.info\/2009-2015\/wp-json\/wp\/v2\/tags?post=6188"}],"curies":[{"name":"wp","href":"https:\/\/api.w.org\/{rel}","templated":true}]}}