{"id":6186,"date":"2011-02-05T22:50:49","date_gmt":"2011-02-05T21:50:49","guid":{"rendered":"http:\/\/fjala.shkoder.net\/?p=6186"},"modified":"2011-02-05T22:50:49","modified_gmt":"2011-02-05T21:50:49","slug":"grushti-i-shtetit-kaq-prane-monokratures","status":"publish","type":"post","link":"https:\/\/fjala.info\/2009-2015\/grushti-i-shtetit-kaq-prane-monokratures\/","title":{"rendered":"Grushti i shtetit kaq pran\u00eb monokratur\u00ebs"},"content":{"rendered":"<p><strong>Dritan Hila<\/strong><\/p>\n<p>Q\u00eb tashm\u00eb ka nj\u00eb grusht shteti, kjo \u00ebsht\u00eb nj\u00eb e v\u00ebrtet\u00eb q\u00eb zbulohet \u00e7do dit\u00eb e m\u00eb shum\u00eb. Q\u00eb ai ka filluar m\u00eb 21 janar edhe kjo \u00ebsht\u00eb nj\u00eb e v\u00ebrtet\u00eb. Por se kush jan\u00eb autor\u00ebt dhe kush nxjerr p\u00ebrfitim, kjo mbetet t\u00eb shikohet.<\/p>\n<p>Vazhdimisht citohen n\u00eb diskutimet rreth ngjarjeve t\u00eb fundit p\u00ebr identifikimin e k\u00ebtij grushti shteti autor\u00eb t\u00eb ndrysh\u00ebm nga literatura bot\u00ebrore, ashtu si\u00e7 nuk \u00ebsht\u00eb m\u00ebnuar t\u00eb ngrihet nj\u00eb komision hetimor parlamentar.<\/p>\n<p>Por ashtu si\u00e7 \u00e7do grusht shteti ka karakteristikat e tij, ku dallohen iniciator\u00ebt, forcat pjes\u00ebmarr\u00ebse, dhe q\u00ebllimi q\u00eb duan t\u00eb realizojn\u00eb n\u00ebp\u00ebrmjet tij, ashtu edhe procesi n\u00eb fjal\u00eb q\u00eb ka filluar m\u00eb 21 janar dhe po vazhdon t\u00eb ndodh\u00eb n\u00eb Shqip\u00ebri, ka t\u00eb nj\u00ebjtat simptoma t\u00eb nj\u00eb p\u00ebrmbysjeje t\u00eb rendit kushtetues, por k\u00ebt\u00eb radh\u00eb jo me forca ushtarake ose policore, si\u00e7 jan\u00eb pu\u00e7et e manualeve klasike, por n\u00ebp\u00ebrmjet rr\u00ebzimit t\u00eb institucioneve nj\u00eb e nga nj\u00eb. Ajo q\u00eb e b\u00ebn t\u00eb identifikuesh\u00ebm procesin q\u00eb po ndodh n\u00eb Shqip\u00ebri me nj\u00eb pu\u00e7 klasik, \u00ebsht\u00eb se nj\u00eb person, po p\u00ebrpiqet t\u00eb neutralizoj\u00eb, rr\u00ebzoj\u00eb, dhe m\u00eb pas rimodeloj\u00eb institucionet e shtetit, sipas gustos s\u00eb tij dhe n\u00eb sh\u00ebrbim t\u00eb tij. Fakti q\u00eb nuk po b\u00ebhet me arm\u00eb t\u00eb nxehta, p\u00ebrjashto momentin e vrasjes s\u00eb tre protestuesve, por n\u00ebp\u00ebrmjet shfryt\u00ebzimit t\u00eb institucioneve legjitime, duke shfryt\u00ebzuar pjes\u00eb t\u00eb shk\u00ebputura nga ligjet, e b\u00ebn t\u00eb quhet nj\u00eb Grusht Shteti i Bardh\u00eb. Tentativat p\u00ebr t\u00eb implikuar ushtrin\u00eb, n\u00ebp\u00ebrmjet nj\u00eb ministri Mbrojtjeje, i cili shan demonstruesit me t\u00eb nj\u00ebjtin fjalor q\u00eb ka shar\u00eb edhe n\u00eb vitet \u201997 dhe \u201998 aleat\u00ebt e sot\u00ebm, nuk u duk e mundshme jo vet\u00ebm p\u00ebr shkak t\u00eb pranis\u00eb s\u00eb vendit ton\u00eb fizikisht n\u00eb Europ\u00eb; as p\u00ebr shkak t\u00eb integritetit politik t\u00eb ish-aktorit t\u00eb dikursh\u00ebm; dhe as p\u00ebr shkak t\u00eb besnik\u00ebris\u00eb ndaj Kushtetut\u00ebs t\u00eb nj\u00eb tufe gjeneral\u00ebsh, ku m\u00eb i miri i tyre \u00ebsht\u00eb promovuar n\u00eb detyr\u00eb p\u00ebr dor\u00ebzimin e uj\u00ebrave territoriale t\u00eb vendit, por p\u00ebr shkak se nuk mund t\u00eb b\u00ebsh grusht shteti me repartin e Bunavis\u00eb q\u00eb deri dje ishte i mbathur me shapka, ose tabor\u00eb q\u00eb u bie zgjebja disa her\u00eb gjat\u00eb vitit.<\/p>\n<p>Ajo q\u00eb filloi m\u00eb 21 janar si nj\u00eb demonstrat\u00eb kund\u00ebr qeverisjes, ku p\u00ebr her\u00eb t\u00eb par\u00eb lidershipi socialist, p\u00ebr shkak edhe t\u00eb presionit q\u00eb vinin nga brenda, n\u00eb nj\u00eb konferenc\u00eb shtypi, i k\u00ebrkonte pal\u00ebs qeveris\u00ebse q\u00eb mos ta provokonte deri n\u00eb pik\u00ebn q\u00eb ai nuk mund ta kontrollonte m\u00eb mas\u00ebn e njer\u00ebzve, ishte p\u00ebrllogaritur nga kund\u00ebrshtar\u00ebt t\u00eb p\u00ebrdorej si mekaniz\u00ebm shkrep\u00ebs p\u00ebr nj\u00eb kontroll m\u00eb radikal t\u00eb shoq\u00ebris\u00eb shqiptare dhe de faktorizim e pse jo kriminalizim t\u00eb opozit\u00ebs. Ajo q\u00eb ndodhi n\u00eb demonstrat\u00eb, pavar\u00ebsisht se \u00e7far\u00eb v\u00eb n\u00eb dukje komisioni parlamentar, i cili m\u00eb shum\u00eb ngjan me nj\u00eb tuf\u00eb rrog\u00ebtar\u00ebsh, ku m\u00eb i famshmi i tyre, shquhet n\u00eb rrahjen e arbitrave n\u00eb ndeshjet e futbollit t\u00eb Peqinit, ishte nj\u00eb skenar, ku u provokua masa e njer\u00ebzve, dhe pasi u kalua n\u00eb p\u00ebrplasje fizike midis policis\u00eb dhe demonstruesve, u arrit n\u00eb vrasjen e tre qytetar\u00ebve, duksh\u00ebm jo agresiv\u00eb.<\/p>\n<p>Q\u00eb protestuesit ishin t\u00eb pavet\u00ebdijsh\u00ebm dhe t\u00eb paq\u00ebllimt\u00eb n\u00eb marrjen e institucioneve qeveritare, kjo u v\u00ebrejt kur kordoni i polic\u00ebve, u zhduk p\u00ebr disa \u00e7aste nga balli i Kryeministris\u00eb p\u00ebr t\u2019u b\u00ebr\u00eb t\u00eb mundur kund\u00ebrshtar\u00ebve t\u00eb hynin brenda dhe pastaj t\u2019i akuzonin p\u00ebr tentativ\u00eb p\u00ebr grusht shteti. Por megjithat\u00eb, pas shuarjes s\u00eb protest\u00ebs, n\u00eb rakordim me mjek\u00ebt e Spitalit Ushtarak dhe me ministra t\u00eb dehur q\u00eb zun\u00eb ekranet e televizor\u00ebve, nuk u ndalua s\u00eb akuzuari opozita p\u00ebr tentativ\u00eb p\u00ebr grusht shteti, duke vazhduar k\u00ebshtu skenarin q\u00eb ishte planifikuar q\u00eb n\u00eb fillim, i cili synonte kriminalizimin e opozit\u00ebs e m\u00eb pas deligjitimimin e institucioneve jo konformiste.<\/p>\n<p>Kjo deri n\u00eb momentin q\u00eb kamerat e televizioneve private, shfaq\u00ebn pamjet shokuese t\u00eb vrasjes gjakftoht\u00eb t\u00eb demonstruesve.<\/p>\n<p>N\u00ebse nuk do ishin k\u00ebto pamje, sot do kishim nj\u00eb opozit\u00eb e cila do ishte mish i therur p\u00ebr \u00e7engel\u00ebt e pushtetit dhe institucionet do ishin t\u00eb terrorizuara e kotele t\u00eb bindura ndaj kreut t\u00eb qeveris\u00eb.<\/p>\n<p>P\u00ebr fat tonin, dhe p\u00ebr nder t\u00eb medias q\u00eb dha ato sekuenca, sot jemi n\u00eb situat\u00ebn kur nj\u00eb komplot personal, i matric\u00ebs afrikane ose amerikanojugore t\u00eb viteve \u201960, ndodhet i \u00e7aktivizuar, por ende jo i m\u00ebnjanuar.<\/p>\n<p>Tashm\u00eb po kalohet n\u00eb skenar\u00eb t\u00eb marr\u00eb nga arkivat e Komitetit Qendror. Sot gjendet n\u00ebn sulm e gjith\u00eb shoq\u00ebria shqiptare, ku nj\u00eb njeri i \u00e7oroditur, akuzon p\u00ebr grusht shteti kund\u00ebr tij, t\u00eb gjith\u00eb institucionet, duke filluar q\u00eb nga Presidenti, prokuroria, opozita dhe media. N\u00eb dit\u00ebt ku jemi, shteti shqiptar, praktikisht \u00ebsht\u00eb i paralizuar, dhe policia, vepron si nj\u00eb polici private, duke mos pranuar t\u00eb zbatoj\u00eb urdhrat e prokuroris\u00eb dhe nj\u00eb ushtri, e cila ka shfaqur haptas nj\u00ebanshm\u00ebrin\u00eb e saj.<\/p>\n<p>Duhet nj\u00eb reagim i prer\u00eb i prokuroris\u00eb, e cila nuk ka pse t\u00eb stepet nga sharjet e nj\u00eb njeriu i cili po merr dimensione groteske. Drejt\u00ebsia shqiptare, shpesh ka pasur n\u00eb dor\u00eb t\u00eb zgjidh\u00eb n\u00ebp\u00ebrmjet ligjit \u00e7\u00ebshtje korruptive dhe kriminale, por me mefsht\u00ebsin\u00eb e saj, ose shpesh edhe komplicitetit pasiv, ka shkaktuar degjenerimin e k\u00ebtyre proceseve, dhe ka dh\u00ebn\u00eb ndihmes\u00ebn n\u00eb mahisjen e fenomeneve dhe shnd\u00ebrrimin e tyre n\u00eb plag\u00eb sociale deri m\u00eb von\u00eb n\u00eb gangrenizimin. Sot \u00ebsht\u00eb rasti q\u00eb t\u00eb mos shikoj\u00eb njeri n\u00eb sy dhe t\u00eb zbatoj\u00eb ligjin, pasi kjo \u00ebsht\u00eb edhe e vetmja m\u00ebnyr\u00eb p\u00ebr t\u00eb shp\u00ebtuar fytyr\u00ebn. Ose p\u00ebrndryshe t\u00eb deklaroj\u00eb hapur pafuqin\u00eb e saj, dhe t\u00eb t\u00ebrhiqet, por nuk mund t\u00eb vazhdoj\u00eb t\u00eb l\u00ebr\u00eb vendin n\u00eb zgrip t\u00eb kriz\u00ebs, dhe t\u00eb sh\u00ebnoj\u00eb n\u00eb arkivat e saj nj\u00eb tjet\u00ebr vrasje politike t\u00eb pazgjidhur. N\u00eb fund t\u00eb fundit, tymnaja q\u00eb ushqehet, \u00ebsht\u00eb edhe p\u00ebr t\u00eb fshehur autor\u00ebsin\u00eb e krimit, pasi ndryshe nga \u00e7do rast paraardh\u00ebs, k\u00ebt\u00eb her\u00eb, dikush duhet t\u2019i haj\u00eb nga 20 vjet deri n\u00eb burgim t\u00eb p\u00ebrjetsh\u00ebm. Ndaj ky organ \u00ebsht\u00eb mir\u00eb t\u00eb vendos\u00eb drejt\u00ebsin\u00eb dhe t\u2019ua kursej\u00eb shqiptar\u00ebve nj\u00eb katrahur\u00eb tjet\u00ebr.<\/p>\n<p>Institucioneve shqiptare u ka lindur detyra t\u00eb mbrojn\u00eb vendin q\u00eb mos rr\u00ebshqas\u00eb n\u00eb nj\u00eb monokratur\u00eb t\u00eb prerjes klanore. Gjuha e p\u00ebrdorur ndaj udh\u00ebheq\u00ebsit t\u00eb opozit\u00ebs dhe ndaj titullar\u00ebve t\u00eb institucioneve q\u00eb p\u00ebrfaq\u00ebsojn\u00eb pushtetet e Presidenc\u00ebs, drejt\u00ebsis\u00eb dhe medias, i ka kaluar kufijt\u00eb e nj\u00eb etiketimi rruga\u00e7\u00ebror, dhe jan\u00eb tregues se ky vend rishtas ndodhet p\u00ebrball\u00eb konfigurimit t\u00eb nj\u00eb pushteti personal, ku shum\u00eb shpejt qytetari i thjesht\u00eb mund t\u00eb jet\u00eb pre jo e drejt\u00ebsis\u00eb sipas ligjit, por t\u00eb favorit sipas af\u00ebrsis\u00eb me njeriun e fort\u00eb q\u00eb do komandoj\u00eb vendin. N\u00ebse kryetari i opozit\u00ebs k\u00ebrc\u00ebnohet \u201clive\u201d n\u00eb mbledhjet e K\u00ebshillit t\u00eb Ministrave me ekzekutim, \u00e7far\u00eb garancish mbi jet\u00ebn mund t\u00eb ket\u00eb nj\u00eb qytetar i thjesht\u00eb?<\/p>\n<p>Tashm\u00eb b\u00ebhet fjal\u00eb p\u00ebr mbrojtjen e lirive themelore q\u00eb qytetar\u00ebt e nj\u00eb shteti kan\u00eb n\u00eb nj\u00eb demokraci, qoft\u00eb kjo edhe rudimentare si e jona. Ndaj mbrojtja e k\u00ebtyre lirive e t\u00eb drejtave, \u00ebsht\u00eb nj\u00eb mision-detyr\u00eb ndaj shqiptar\u00ebve, u p\u00eblqen apo jo ky q\u00ebndrim faktor\u00ebve v\u00ebzhgues t\u00eb k\u00ebsaj krize. Pavar\u00ebsisht gjuh\u00ebs her\u00eb komike, por m\u00eb shum\u00eb kriminal\u00eb q\u00eb shfaq protagonisti, nuk duhet harruar se procesi n\u00ebn t\u00eb cilin ndodhemi, \u00ebsht\u00eb nj\u00eb goditje e cila n\u00ebse nuk amortizohet nga reagimi i institucioneve, mund t\u00eb shkaktoj\u00eb handikape n\u00eb t\u00eb ardhmen e shtetit shqiptar, n\u00eb mos jan\u00eb shkaktuar tashm\u00eb.<\/p>\n","protected":false},"excerpt":{"rendered":"<p>Dritan Hila Q\u00eb tashm\u00eb ka nj\u00eb grusht shteti, kjo \u00ebsht\u00eb nj\u00eb e v\u00ebrtet\u00eb q\u00eb zbulohet \u00e7do dit\u00eb e m\u00eb shum\u00eb. Q\u00eb ai ka filluar m\u00eb 21 janar edhe kjo \u00ebsht\u00eb nj\u00eb e v\u00ebrtet\u00eb. Por se kush jan\u00eb autor\u00ebt dhe kush nxjerr p\u00ebrfitim, kjo mbetet t\u00eb shikohet. Vazhdimisht citohen n\u00eb diskutimet rreth ngjarjeve t\u00eb fundit p\u00ebr [&hellip;]<\/p>\n","protected":false},"author":1,"featured_media":0,"comment_status":"open","ping_status":"closed","sticky":false,"template":"","format":"standard","meta":{"footnotes":""},"categories":[2],"tags":[],"class_list":{"0":"post-6186","1":"post","2":"type-post","3":"status-publish","4":"format-standard","6":"category-artikuj"},"yoast_head":"<!-- This site is optimized with the Yoast SEO plugin v27.4 - https:\/\/yoast.com\/product\/yoast-seo-wordpress\/ -->\n<title>Grushti i shtetit kaq pran\u00eb monokratur\u00ebs - FjALA e LIR\u00cb - Arkivi<\/title>\n<meta name=\"robots\" content=\"index, follow, max-snippet:-1, max-image-preview:large, max-video-preview:-1\" \/>\n<link rel=\"canonical\" href=\"https:\/\/fjala.info\/2009-2015\/grushti-i-shtetit-kaq-prane-monokratures\/\" \/>\n<meta property=\"og:locale\" content=\"sq_AL\" \/>\n<meta property=\"og:type\" content=\"article\" \/>\n<meta property=\"og:title\" content=\"Grushti i shtetit kaq pran\u00eb monokratur\u00ebs - FjALA e LIR\u00cb - Arkivi\" \/>\n<meta property=\"og:description\" content=\"Dritan Hila Q\u00eb tashm\u00eb ka nj\u00eb grusht shteti, kjo \u00ebsht\u00eb nj\u00eb e v\u00ebrtet\u00eb q\u00eb zbulohet \u00e7do dit\u00eb e m\u00eb shum\u00eb. Q\u00eb ai ka filluar m\u00eb 21 janar edhe kjo \u00ebsht\u00eb nj\u00eb e v\u00ebrtet\u00eb. Por se kush jan\u00eb autor\u00ebt dhe kush nxjerr p\u00ebrfitim, kjo mbetet t\u00eb shikohet. Vazhdimisht citohen n\u00eb diskutimet rreth ngjarjeve t\u00eb fundit p\u00ebr [&hellip;]\" \/>\n<meta property=\"og:url\" content=\"https:\/\/fjala.info\/2009-2015\/grushti-i-shtetit-kaq-prane-monokratures\/\" \/>\n<meta property=\"og:site_name\" content=\"FjALA e LIR\u00cb - Arkivi\" \/>\n<meta property=\"article:published_time\" content=\"2011-02-05T21:50:49+00:00\" \/>\n<meta name=\"author\" content=\"admin\" \/>\n<meta name=\"twitter:card\" content=\"summary_large_image\" \/>\n<meta name=\"twitter:label1\" content=\"Written by\" \/>\n\t<meta name=\"twitter:data1\" content=\"admin\" \/>\n\t<meta name=\"twitter:label2\" content=\"Est. reading time\" \/>\n\t<meta name=\"twitter:data2\" content=\"7 minutes\" \/>\n<script type=\"application\/ld+json\" class=\"yoast-schema-graph\">{\"@context\":\"https:\\\/\\\/schema.org\",\"@graph\":[{\"@type\":\"Article\",\"@id\":\"https:\\\/\\\/fjala.info\\\/2009-2015\\\/grushti-i-shtetit-kaq-prane-monokratures\\\/#article\",\"isPartOf\":{\"@id\":\"https:\\\/\\\/fjala.info\\\/2009-2015\\\/grushti-i-shtetit-kaq-prane-monokratures\\\/\"},\"author\":{\"name\":\"admin\",\"@id\":\"https:\\\/\\\/fjala.info\\\/2009-2015\\\/#\\\/schema\\\/person\\\/3aa1163ef05469c496fc94e77611ada2\"},\"headline\":\"Grushti i shtetit kaq pran\u00eb monokratur\u00ebs\",\"datePublished\":\"2011-02-05T21:50:49+00:00\",\"mainEntityOfPage\":{\"@id\":\"https:\\\/\\\/fjala.info\\\/2009-2015\\\/grushti-i-shtetit-kaq-prane-monokratures\\\/\"},\"wordCount\":1345,\"commentCount\":0,\"publisher\":{\"@id\":\"https:\\\/\\\/fjala.info\\\/2009-2015\\\/#organization\"},\"articleSection\":[\"Artikuj\"],\"inLanguage\":\"sq-AL\",\"potentialAction\":[{\"@type\":\"CommentAction\",\"name\":\"Comment\",\"target\":[\"https:\\\/\\\/fjala.info\\\/2009-2015\\\/grushti-i-shtetit-kaq-prane-monokratures\\\/#respond\"]}]},{\"@type\":\"WebPage\",\"@id\":\"https:\\\/\\\/fjala.info\\\/2009-2015\\\/grushti-i-shtetit-kaq-prane-monokratures\\\/\",\"url\":\"https:\\\/\\\/fjala.info\\\/2009-2015\\\/grushti-i-shtetit-kaq-prane-monokratures\\\/\",\"name\":\"Grushti i shtetit kaq pran\u00eb monokratur\u00ebs - FjALA e LIR\u00cb - Arkivi\",\"isPartOf\":{\"@id\":\"https:\\\/\\\/fjala.info\\\/2009-2015\\\/#website\"},\"datePublished\":\"2011-02-05T21:50:49+00:00\",\"breadcrumb\":{\"@id\":\"https:\\\/\\\/fjala.info\\\/2009-2015\\\/grushti-i-shtetit-kaq-prane-monokratures\\\/#breadcrumb\"},\"inLanguage\":\"sq-AL\",\"potentialAction\":[{\"@type\":\"ReadAction\",\"target\":[\"https:\\\/\\\/fjala.info\\\/2009-2015\\\/grushti-i-shtetit-kaq-prane-monokratures\\\/\"]}]},{\"@type\":\"BreadcrumbList\",\"@id\":\"https:\\\/\\\/fjala.info\\\/2009-2015\\\/grushti-i-shtetit-kaq-prane-monokratures\\\/#breadcrumb\",\"itemListElement\":[{\"@type\":\"ListItem\",\"position\":1,\"name\":\"Home\",\"item\":\"https:\\\/\\\/fjala.info\\\/2009-2015\\\/\"},{\"@type\":\"ListItem\",\"position\":2,\"name\":\"Grushti i shtetit kaq pran\u00eb monokratur\u00ebs\"}]},{\"@type\":\"WebSite\",\"@id\":\"https:\\\/\\\/fjala.info\\\/2009-2015\\\/#website\",\"url\":\"https:\\\/\\\/fjala.info\\\/2009-2015\\\/\",\"name\":\"FjALA e LIR\u00cb - Arkivi\",\"description\":\"Arkivi 2009-2015\",\"publisher\":{\"@id\":\"https:\\\/\\\/fjala.info\\\/2009-2015\\\/#organization\"},\"potentialAction\":[{\"@type\":\"SearchAction\",\"target\":{\"@type\":\"EntryPoint\",\"urlTemplate\":\"https:\\\/\\\/fjala.info\\\/2009-2015\\\/?s={search_term_string}\"},\"query-input\":{\"@type\":\"PropertyValueSpecification\",\"valueRequired\":true,\"valueName\":\"search_term_string\"}}],\"inLanguage\":\"sq-AL\"},{\"@type\":\"Organization\",\"@id\":\"https:\\\/\\\/fjala.info\\\/2009-2015\\\/#organization\",\"name\":\"FjALA e LIR\u00cb - Arkivi\",\"url\":\"https:\\\/\\\/fjala.info\\\/2009-2015\\\/\",\"logo\":{\"@type\":\"ImageObject\",\"inLanguage\":\"sq-AL\",\"@id\":\"https:\\\/\\\/fjala.info\\\/2009-2015\\\/#\\\/schema\\\/logo\\\/image\\\/\",\"url\":\"\",\"contentUrl\":\"\",\"caption\":\"FjALA e LIR\u00cb - Arkivi\"},\"image\":{\"@id\":\"https:\\\/\\\/fjala.info\\\/2009-2015\\\/#\\\/schema\\\/logo\\\/image\\\/\"}},{\"@type\":\"Person\",\"@id\":\"https:\\\/\\\/fjala.info\\\/2009-2015\\\/#\\\/schema\\\/person\\\/3aa1163ef05469c496fc94e77611ada2\",\"name\":\"admin\",\"image\":{\"@type\":\"ImageObject\",\"inLanguage\":\"sq-AL\",\"@id\":\"https:\\\/\\\/fjala.info\\\/2009-2015\\\/wp-content\\\/uploads\\\/2012\\\/02\\\/arben_cokaj-120x150.jpg\",\"url\":\"https:\\\/\\\/fjala.info\\\/2009-2015\\\/wp-content\\\/uploads\\\/2012\\\/02\\\/arben_cokaj-120x150.jpg\",\"contentUrl\":\"https:\\\/\\\/fjala.info\\\/2009-2015\\\/wp-content\\\/uploads\\\/2012\\\/02\\\/arben_cokaj-120x150.jpg\",\"caption\":\"admin\"},\"description\":\"Admin, Fjala e Lir\u00eb\",\"sameAs\":[\"https:\\\/\\\/fjala.info\\\/\"],\"url\":\"https:\\\/\\\/fjala.info\\\/2009-2015\\\/author\\\/admin\\\/\"}]}<\/script>\n<!-- \/ Yoast SEO plugin. -->","yoast_head_json":{"title":"Grushti i shtetit kaq pran\u00eb monokratur\u00ebs - FjALA e LIR\u00cb - Arkivi","robots":{"index":"index","follow":"follow","max-snippet":"max-snippet:-1","max-image-preview":"max-image-preview:large","max-video-preview":"max-video-preview:-1"},"canonical":"https:\/\/fjala.info\/2009-2015\/grushti-i-shtetit-kaq-prane-monokratures\/","og_locale":"sq_AL","og_type":"article","og_title":"Grushti i shtetit kaq pran\u00eb monokratur\u00ebs - FjALA e LIR\u00cb - Arkivi","og_description":"Dritan Hila Q\u00eb tashm\u00eb ka nj\u00eb grusht shteti, kjo \u00ebsht\u00eb nj\u00eb e v\u00ebrtet\u00eb q\u00eb zbulohet \u00e7do dit\u00eb e m\u00eb shum\u00eb. Q\u00eb ai ka filluar m\u00eb 21 janar edhe kjo \u00ebsht\u00eb nj\u00eb e v\u00ebrtet\u00eb. Por se kush jan\u00eb autor\u00ebt dhe kush nxjerr p\u00ebrfitim, kjo mbetet t\u00eb shikohet. Vazhdimisht citohen n\u00eb diskutimet rreth ngjarjeve t\u00eb fundit p\u00ebr [&hellip;]","og_url":"https:\/\/fjala.info\/2009-2015\/grushti-i-shtetit-kaq-prane-monokratures\/","og_site_name":"FjALA e LIR\u00cb - Arkivi","article_published_time":"2011-02-05T21:50:49+00:00","author":"admin","twitter_card":"summary_large_image","twitter_misc":{"Written by":"admin","Est. reading time":"7 minutes"},"schema":{"@context":"https:\/\/schema.org","@graph":[{"@type":"Article","@id":"https:\/\/fjala.info\/2009-2015\/grushti-i-shtetit-kaq-prane-monokratures\/#article","isPartOf":{"@id":"https:\/\/fjala.info\/2009-2015\/grushti-i-shtetit-kaq-prane-monokratures\/"},"author":{"name":"admin","@id":"https:\/\/fjala.info\/2009-2015\/#\/schema\/person\/3aa1163ef05469c496fc94e77611ada2"},"headline":"Grushti i shtetit kaq pran\u00eb monokratur\u00ebs","datePublished":"2011-02-05T21:50:49+00:00","mainEntityOfPage":{"@id":"https:\/\/fjala.info\/2009-2015\/grushti-i-shtetit-kaq-prane-monokratures\/"},"wordCount":1345,"commentCount":0,"publisher":{"@id":"https:\/\/fjala.info\/2009-2015\/#organization"},"articleSection":["Artikuj"],"inLanguage":"sq-AL","potentialAction":[{"@type":"CommentAction","name":"Comment","target":["https:\/\/fjala.info\/2009-2015\/grushti-i-shtetit-kaq-prane-monokratures\/#respond"]}]},{"@type":"WebPage","@id":"https:\/\/fjala.info\/2009-2015\/grushti-i-shtetit-kaq-prane-monokratures\/","url":"https:\/\/fjala.info\/2009-2015\/grushti-i-shtetit-kaq-prane-monokratures\/","name":"Grushti i shtetit kaq pran\u00eb monokratur\u00ebs - FjALA e LIR\u00cb - Arkivi","isPartOf":{"@id":"https:\/\/fjala.info\/2009-2015\/#website"},"datePublished":"2011-02-05T21:50:49+00:00","breadcrumb":{"@id":"https:\/\/fjala.info\/2009-2015\/grushti-i-shtetit-kaq-prane-monokratures\/#breadcrumb"},"inLanguage":"sq-AL","potentialAction":[{"@type":"ReadAction","target":["https:\/\/fjala.info\/2009-2015\/grushti-i-shtetit-kaq-prane-monokratures\/"]}]},{"@type":"BreadcrumbList","@id":"https:\/\/fjala.info\/2009-2015\/grushti-i-shtetit-kaq-prane-monokratures\/#breadcrumb","itemListElement":[{"@type":"ListItem","position":1,"name":"Home","item":"https:\/\/fjala.info\/2009-2015\/"},{"@type":"ListItem","position":2,"name":"Grushti i shtetit kaq pran\u00eb monokratur\u00ebs"}]},{"@type":"WebSite","@id":"https:\/\/fjala.info\/2009-2015\/#website","url":"https:\/\/fjala.info\/2009-2015\/","name":"FjALA e LIR\u00cb - Arkivi","description":"Arkivi 2009-2015","publisher":{"@id":"https:\/\/fjala.info\/2009-2015\/#organization"},"potentialAction":[{"@type":"SearchAction","target":{"@type":"EntryPoint","urlTemplate":"https:\/\/fjala.info\/2009-2015\/?s={search_term_string}"},"query-input":{"@type":"PropertyValueSpecification","valueRequired":true,"valueName":"search_term_string"}}],"inLanguage":"sq-AL"},{"@type":"Organization","@id":"https:\/\/fjala.info\/2009-2015\/#organization","name":"FjALA e LIR\u00cb - Arkivi","url":"https:\/\/fjala.info\/2009-2015\/","logo":{"@type":"ImageObject","inLanguage":"sq-AL","@id":"https:\/\/fjala.info\/2009-2015\/#\/schema\/logo\/image\/","url":"","contentUrl":"","caption":"FjALA e LIR\u00cb - Arkivi"},"image":{"@id":"https:\/\/fjala.info\/2009-2015\/#\/schema\/logo\/image\/"}},{"@type":"Person","@id":"https:\/\/fjala.info\/2009-2015\/#\/schema\/person\/3aa1163ef05469c496fc94e77611ada2","name":"admin","image":{"@type":"ImageObject","inLanguage":"sq-AL","@id":"https:\/\/fjala.info\/2009-2015\/wp-content\/uploads\/2012\/02\/arben_cokaj-120x150.jpg","url":"https:\/\/fjala.info\/2009-2015\/wp-content\/uploads\/2012\/02\/arben_cokaj-120x150.jpg","contentUrl":"https:\/\/fjala.info\/2009-2015\/wp-content\/uploads\/2012\/02\/arben_cokaj-120x150.jpg","caption":"admin"},"description":"Admin, Fjala e Lir\u00eb","sameAs":["https:\/\/fjala.info\/"],"url":"https:\/\/fjala.info\/2009-2015\/author\/admin\/"}]}},"_links":{"self":[{"href":"https:\/\/fjala.info\/2009-2015\/wp-json\/wp\/v2\/posts\/6186","targetHints":{"allow":["GET"]}}],"collection":[{"href":"https:\/\/fjala.info\/2009-2015\/wp-json\/wp\/v2\/posts"}],"about":[{"href":"https:\/\/fjala.info\/2009-2015\/wp-json\/wp\/v2\/types\/post"}],"author":[{"embeddable":true,"href":"https:\/\/fjala.info\/2009-2015\/wp-json\/wp\/v2\/users\/1"}],"replies":[{"embeddable":true,"href":"https:\/\/fjala.info\/2009-2015\/wp-json\/wp\/v2\/comments?post=6186"}],"version-history":[{"count":0,"href":"https:\/\/fjala.info\/2009-2015\/wp-json\/wp\/v2\/posts\/6186\/revisions"}],"wp:attachment":[{"href":"https:\/\/fjala.info\/2009-2015\/wp-json\/wp\/v2\/media?parent=6186"}],"wp:term":[{"taxonomy":"category","embeddable":true,"href":"https:\/\/fjala.info\/2009-2015\/wp-json\/wp\/v2\/categories?post=6186"},{"taxonomy":"post_tag","embeddable":true,"href":"https:\/\/fjala.info\/2009-2015\/wp-json\/wp\/v2\/tags?post=6186"}],"curies":[{"name":"wp","href":"https:\/\/api.w.org\/{rel}","templated":true}]}}