{"id":6184,"date":"2011-02-05T22:48:20","date_gmt":"2011-02-05T21:48:20","guid":{"rendered":"http:\/\/fjala.shkoder.net\/?p=6184"},"modified":"2011-02-05T22:48:20","modified_gmt":"2011-02-05T21:48:20","slug":"zgjedhje-te-parakohshme-pse-jo","status":"publish","type":"post","link":"https:\/\/fjala.info\/2009-2015\/zgjedhje-te-parakohshme-pse-jo\/","title":{"rendered":"Zgjedhje t\u00eb parakohshme: Pse jo?"},"content":{"rendered":"<p><strong>Adri Nurellari<\/strong><\/p>\n<p>N\u00eb morin\u00eb e d\u00ebmeve t\u00eb shkaktuara n\u00ebp\u00ebrmjet reform\u00ebs kushtetuese t\u00eb vitit 2008 spikat n\u00eb m\u00ebnyr\u00eb t\u00eb ve\u00e7ant\u00eb p\u00ebrdhosja e mocionit t\u00eb mosbesimit. Si rezultat i ndryshimeve t\u00eb sh\u00ebmtuara q\u00eb iu b\u00ebn\u00eb Kushtetut\u00ebs brenda nj\u00eb nate t\u00eb turpshme p\u00ebr historin\u00eb e shkurt\u00ebr t\u00eb demokracis\u00eb shqiptare, qeveris\u00eb iu hoq barra e prov\u00ebs s\u00eb legjitimitetit. N\u00eb nj\u00eb sistem demokratik \u00ebsht\u00eb qeveria q\u00eb shikohet gjithnj\u00eb me dyshim dhe asaj i duhet q\u00eb t\u00eb d\u00ebshmoj\u00eb se \u00ebsht\u00eb duke qeverisur me miratimin e t\u00eb qeverisurve sa her\u00eb ky legjitimitet vihet seriozisht n\u00eb pik\u00ebpyetje. Pra sa her\u00eb q\u00eb ekzekutivit i hidhet nj\u00eb dorashk\u00eb, i b\u00ebhet nj\u00eb sfid\u00eb e mir\u00ebfillt\u00eb n\u00ebse qeverisja \u00ebsht\u00eb e popullit, prej popullit dhe p\u00ebr popullin, i takon qeveris\u00eb q\u00eb t\u00eb d\u00ebshmoj\u00eb se vazhdon ta ket\u00eb besimin e popullit. P\u00ebrndryshe hidhet nj\u00eb hije e r\u00ebnd\u00eb dyshimi se kush \u00ebsht\u00eb sovrani i v\u00ebrtet\u00eb n\u00eb nj\u00eb vend, populli apo kasta n\u00eb pushtet?!<\/p>\n<p>Interesant \u00ebsht\u00eb fakti q\u00eb edhe pse gjendemi p\u00ebrball\u00eb stanjacionit politik dhe nivelit t\u00eb lart\u00eb t\u00eb konfliktualitetit shum\u00eb njer\u00ebz e konsiderojn\u00eb t\u00eb d\u00ebmsh\u00ebm organizimin e zgjedhjeve t\u00eb parakohshme. D\u00ebshmohet qart\u00eb q\u00eb hendeku i thell\u00eb i krijuar mes publikut dhe elit\u00ebs politike nga shum\u00eb individ\u00eb merret si nj\u00eb gj\u00eb e mir\u00ebqen\u00eb dhe normale. Opinionist\u00eb dhe ekspert\u00eb q\u00eb hiqen sikur p\u00ebrfaq\u00ebsojn\u00eb interesin e publikut, n\u00eb fakt n\u00eb m\u00ebnyr\u00eb t\u00eb pacip\u00eb argumentojn\u00eb q\u00eb zgjedhjet jan\u00eb t\u00eb d\u00ebmshme p\u00ebr qytetar\u00ebt dhe vendin, q\u00eb \u00ebsht\u00eb absurde. Pse e paskan politikan\u00ebt dhe servil\u00ebt e tyre frik\u00eb vot\u00ebn e popullit?! Si na qenka n\u00eb t\u00eb keqe t\u00eb shqiptar\u00ebve dhe Shqip\u00ebris\u00eb q\u00eb qytetar\u00ebve t\u2019u d\u00ebgjohet sa m\u00eb shpesh z\u00ebri n\u00ebp\u00ebrmjet vot\u00ebs? Madje, n\u00eb vende n\u00eb tranzion demokratik shpesh \u00ebsht\u00eb e rekomandueshme q\u00eb zgjedhjet t\u00eb mbahen dendur, pik\u00ebrisht se zgjedhjet jan\u00eb nj\u00eb frym\u00ebmarrje e sistemit. Nuk \u00ebsht\u00eb rast\u00ebsi q\u00eb mandati n\u00eb Kosov\u00eb ka qen\u00eb 3-vje\u00e7ar. N\u00eb fakt, nj\u00eb tjet\u00ebr paudh\u00ebsi e elit\u00ebs politike ka qen\u00eb ajo e zgjatjes s\u00eb mandatit t\u00eb qeverisjes vendore nga tre n\u00eb kat\u00ebr vjet. Organizimi i zgjedhjeve t\u00eb shpeshta kur e lyp nevoja b\u00ebhet edhe n\u00eb vende me demokraci t\u00eb konsoliduar, sikurse ka qen\u00eb rasti n\u00eb dekadat e fundit n\u00eb Kanada, Japoni, Itali apo Austri. Duke pasur parasysh munges\u00ebn e konsensusit apo transparenc\u00ebs n\u00eb shum\u00eb reforma n\u00eb Shqip\u00ebri do t\u00eb duhej t\u00eb p\u00ebrdorej gjithnj\u00eb e m\u00eb dendur referendumi. Vlen p\u00ebr t\u2019u p\u00ebrmendur se \u00ebsht\u00eb nj\u00eb padrejt\u00ebsi e madhe q\u00eb i \u00ebsht\u00eb b\u00ebr\u00eb popullit shqiptar q\u00eb nuk u organizua nj\u00eb referendum p\u00ebr ndryshimet radikale t\u00eb Kushtetut\u00ebs.<\/p>\n<p>Sot, fatkeq\u00ebsisht, dy lider\u00ebt politik\u00eb jan\u00eb duke u p\u00ebrpjekur q\u00eb t\u00eb tregojn\u00eb se kan\u00eb mb\u00ebshtetjen popullore n\u00eb m\u00ebnyr\u00eb manipulative duke garuar se kush nxjerr m\u00eb shum\u00eb njer\u00ebz n\u00eb rrug\u00eb. \u00c7do p\u00ebrpjekjeje q\u00eb ka b\u00ebr\u00eb me protesta opozita p\u00ebr t\u00eb treguar mas\u00ebn e pak\u00ebnaq\u00ebsis\u00eb q\u00eb po vlon n\u00eb publik, i \u00ebsht\u00eb p\u00ebrgjigjur qeveria me kund\u00ebr-mitingje masive, duke \u00e7uar pastaj n\u00eb nj\u00eb rivalitet qesharak se cila pal\u00eb nxori m\u00eb shum\u00eb njer\u00ebz n\u00eb shesh. Mir\u00ebpo sado q\u00eb t\u00eb b\u00ebrtasin p\u00ebr nj\u00ebr\u00ebn apo tjetr\u00ebn pal\u00eb, ata q\u00eb dalin n\u00eb rrug\u00eb nuk reflektojn\u00eb detyrimisht mendimet e shumic\u00ebs s\u00eb heshtur, s\u00eb cil\u00ebs i ndihet z\u00ebri dhe i kuptohet vullneti vet\u00ebm n\u00ebp\u00ebrmjet vot\u00ebs.<\/p>\n<p>Prandaj zgjedhjet e parakohshme jo vet\u00ebm q\u00eb jan\u00eb t\u00eb mir\u00ebpritura, por jan\u00eb shnd\u00ebrruar n\u00eb t\u00eb domosdoshme p\u00ebr t\u00eb zgjidhur ng\u00ebr\u00e7in q\u00eb ka kapur vendin. Argumentet se gjasme zgjedhjet e parakohshme d\u00ebmtojn\u00eb ekonomin\u00eb, apo kan\u00eb kosto t\u00eb madhe p\u00ebr t\u2019u organizuar nuk kan\u00eb fare baz\u00eb. E para, sepse r\u00ebnd\u00ebsia e demokracis\u00eb nuk ka t\u00eb paguar dhe m\u00eb mir\u00eb t\u00eb harxhojm\u00eb para p\u00ebr t\u00eb garantuar demokracin\u00eb sesa p\u00ebr t\u00eb nd\u00ebrtuar nj\u00eb tunel tjet\u00ebr p\u00ebr t\u00eb cilin pret koha. S\u00eb dyti, sepse objektivi kryesor i k\u00ebsaj qeverie t\u00eb vet\u00ebquajtur qeveri e integrimit \u00ebsht\u00eb bllokuar prej kriz\u00ebs aktuale. P\u00ebrderisa u pretendua q\u00eb kjo qeveri kishte p\u00ebr q\u00ebllim thelb\u00ebsor integrimin europian, n\u00eb kushtet aktuale kjo qeveri nuk mund ta p\u00ebrmbush\u00eb k\u00ebt\u00eb mision, sepse Shqip\u00ebris\u00eb iu refuzua statusi i kandidatit pik\u00ebrisht sepse nuk kishte zgjidhur ng\u00ebr\u00e7in aktual. N\u00eb kuad\u00ebr t\u00eb procesit t\u00eb integrimit duhen votuar shum\u00eb ligje q\u00eb k\u00ebrkojn\u00eb shumic\u00eb t\u00eb kualifikuar dhe me k\u00ebt\u00eb klim\u00eb konfliktuale ato mbeten pezull. Prandaj n\u00ebse qeveria u q\u00ebndron fjal\u00ebve t\u00eb saj q\u00eb opozita po e saboton procesin e integrimit apo \u00ebsht\u00eb p\u00ebrpjekur t\u00eb d\u00ebmtoj\u00eb liberalizmin e vizave, ajo duhet t\u00eb shkoj\u00eb me k\u00ebnaq\u00ebsi n\u00eb zgjedhjet e parakohshme q\u00eb t\u2019u jap\u00eb mund\u00ebsi qytetar\u00ebve ta penalizojn\u00eb opozit\u00ebn p\u00ebr k\u00ebt\u00eb pap\u00ebrgjegjshm\u00ebri dhe p\u00ebr t\u00eb votuar nj\u00eb mazhoranc\u00eb m\u00eb t\u00eb q\u00ebndrueshme q\u00eb t\u00eb ket\u00eb fuqin\u00eb e duhur p\u00ebr t\u00eb \u00e7uar p\u00ebrpara procesin e ndaluar t\u00eb integrimit t\u00eb vendit ton\u00eb n\u00eb BE. S\u00eb treti, ne gjithsesi kemi p\u00ebr t\u00eb pasur zgjedhje vendore n\u00eb vend dhe t\u00eb gjith\u00eb e dim\u00eb q\u00eb ato jan\u00eb po aq gjith\u00ebp\u00ebrfshir\u00ebse, t\u00eb shtrenjta dhe intensive sa edhe zgjedhjet parlamentare. Prandaj duke i organizuar zgjedhjet parlamentare n\u00eb t\u00eb nj\u00ebjt\u00ebn dat\u00eb me zgjedhjet lokale, sikurse b\u00ebri Kosova n\u00eb n\u00ebntor 2007, kostoja ekonomike e organizimit t\u00eb zgjedhjeve t\u00eb parakohshme \u00ebsht\u00eb inekzistente.<\/p>\n<p>Mazhoranca jo vet\u00ebm pretendon se zot\u00ebron mb\u00ebshtetjen e shumic\u00ebs, por gjat\u00eb k\u00ebtyre dy viteve \u00ebsht\u00eb shprehur me keqardhje p\u00ebr gjendjen n\u00eb t\u00eb cil\u00ebn e ka katandisur opozit\u00ebn lidershipi aktual socialist. Ka shkuar deri aty sa ka ofruar edhe k\u00ebshilla se si mund t\u00eb rim\u00ebk\u00ebmbet opozita dhe ka sugjeruar edhe lidership alternativ. Ka th\u00ebn\u00eb se Rama ka d\u00ebshtuar jo vet\u00ebm si kryetar i PS-s\u00eb, por edhe si kryetar i bashkis\u00eb dhe se drejton \u201cmafien m\u00eb t\u00eb rrezikshme n\u00eb Europ\u00eb\u201d. Mazhoranca ka pretenduar se Rama nuk e ka mb\u00ebshtetjen e PS-s\u00eb, sepse ka manipuluar rizgjedhjen e tij brenda Partis\u00eb Socialiste n\u00eb 2009, duke sajuar nj\u00eb gar\u00eb me nj\u00eb personalitet periferik si Lakrori dhe nj\u00eb proces t\u00eb dyshimt\u00eb votimi. M\u00eb tej \u00ebsht\u00eb th\u00ebn\u00eb se n\u00eb mitingun e fundit Rama u braktis nga qytetar\u00ebt, pati vet\u00ebm 6000 demonstrues, se opozita i ka nxjerr\u00eb qytetar\u00ebt n\u00eb rrug\u00eb vet\u00ebm me pagesa se p\u00ebrndryshe qytetar\u00ebt nuk do kishin asnj\u00eb arsye p\u00ebr t\u00eb protestuar n\u00eb vendin ton\u00eb q\u00eb \u201clul\u00ebzon\u201d nga begatia, integriteti dhe sundimi i ligjit. Pra nj\u00eb gjendje me t\u00eb v\u00ebrtet\u00eb e mjer\u00eb n\u00eb t\u00eb cil\u00ebn e ka katandisur opozit\u00ebn zoti Rama.<\/p>\n<p>Nga ana tjet\u00ebr, qeveria pretendon se gj\u00ebrat jan\u00eb duke shkuar vaj, se ekonomia jon\u00eb ec\u00ebn duke \u00e7ar\u00eb p\u00ebrpara me shpat\u00eb n\u00eb dor\u00eb tufanin e kriz\u00ebs nd\u00ebrkomb\u00ebtare financiare, se sh\u00ebrbimet sh\u00ebndet\u00ebsore dhe arsimore kan\u00eb njohur nj\u00eb hop t\u00eb madh cil\u00ebsor, se korrupsioni \u00ebsht\u00eb \u00e7rr\u00ebnjosur, kriminaliteti \u00ebsht\u00eb eliminuar, se papun\u00ebsia ka r\u00ebn\u00eb dhe mir\u00ebqenia e qytetarit \u00ebsht\u00eb rritur. Po ashtu deklaron se ka autor\u00ebsin\u00eb ekskluzive qoft\u00eb t\u00eb futjes n\u00eb NATO e qoft\u00eb t\u00eb liberalizimit t\u00eb vizave dhe se k\u00ebto objektiva nuk kan\u00eb t\u00eb b\u00ebjn\u00eb me dashamir\u00ebsin\u00eb e partner\u00ebve nd\u00ebrkomb\u00ebtar\u00eb, por vet\u00ebm me merit\u00ebn e qeverisjes s\u00eb Shqip\u00ebris\u00eb. N\u00ebse kan\u00eb t\u00eb drejt\u00eb ky \u00ebsht\u00eb nj\u00eb bilanc m\u00eb se i mjaftuesh\u00ebm p\u00ebr t\u00eb fituar jo k\u00ebto, por dy-tri pal\u00eb zgjedhje t\u00eb tjera.<\/p>\n<p>N\u00eb kushtet kur retorika qeveritare deklaron me vet\u00ebbesim t\u00eb madh se opozita ka bllokuar integrimin dhe \u00ebsht\u00eb katandisur si mos m\u00eb keq prej Ram\u00ebs, nd\u00ebrkoh\u00eb q\u00eb qeveria \u00ebsht\u00eb m\u00eb e suksesshmja e historis\u00eb son\u00eb dhe shndrit nga integriteti dhe efikasiteti, at\u00ebher\u00eb\u00eb nuk ka arsye p\u00ebr t\u00eb pasur frik\u00eb nga zgjedhjet e reja. P\u00ebrkundrazi duhej t\u00eb shkonte me vrap drejt tyre p\u00ebr t\u00eb vjel\u00eb frytet e pun\u00ebs s\u00eb saj si\u00e7 \u00ebsht\u00eb merita p\u00ebr liberalizimin e vizave, si dhe p\u00ebr t\u00eb dal\u00eb nga situata e sikletshme e tanishme kur iu duhet t\u00eb kap\u00ebrdijn\u00eb dallaveret e b\u00ebra nga njer\u00ebzit e LSI-s\u00eb meqen\u00ebse pa ta nuk mbush dot numrat. N\u00ebse p\u00ebrfaq\u00ebsuesit e mazhoranc\u00ebs u besojn\u00eb v\u00ebrtet fjal\u00ebve q\u00eb thon\u00eb, at\u00ebher\u00eb \u00e7far\u00eb shansi m\u00eb t\u00eb mir\u00eb do t\u00eb kishin n\u00eb dor\u00eb tani, q\u00eb t\u2019ia ndreqnin qejfin nj\u00ebher\u00eb e mir\u00eb lidershipit aktual t\u00eb opozit\u00ebs duke e shp\u00ebtuar nj\u00ebher\u00eb e mir\u00eb Shqip\u00ebrin\u00eb prej tij. Shqiptar\u00ebt sot jan\u00eb ngopur nga llafet e shumta t\u00eb politikan\u00ebve, se kush thot\u00eb t\u00eb v\u00ebrtet\u00ebn e tregon vet\u00ebm nj\u00eb gj\u00eb &#8211; vota. Sepse sistemi demokratik mb\u00ebshtetjen n\u00eb bindjen: Vox popoli, vox dei (z\u00ebri i popullit \u00ebsht\u00eb z\u00ebri i Per\u00ebndis\u00eb).<\/p>\n","protected":false},"excerpt":{"rendered":"<p>Adri Nurellari N\u00eb morin\u00eb e d\u00ebmeve t\u00eb shkaktuara n\u00ebp\u00ebrmjet reform\u00ebs kushtetuese t\u00eb vitit 2008 spikat n\u00eb m\u00ebnyr\u00eb t\u00eb ve\u00e7ant\u00eb p\u00ebrdhosja e mocionit t\u00eb mosbesimit. Si rezultat i ndryshimeve t\u00eb sh\u00ebmtuara q\u00eb iu b\u00ebn\u00eb Kushtetut\u00ebs brenda nj\u00eb nate t\u00eb turpshme p\u00ebr historin\u00eb e shkurt\u00ebr t\u00eb demokracis\u00eb shqiptare, qeveris\u00eb iu hoq barra e prov\u00ebs s\u00eb legjitimitetit. N\u00eb [&hellip;]<\/p>\n","protected":false},"author":1,"featured_media":0,"comment_status":"open","ping_status":"closed","sticky":false,"template":"","format":"standard","meta":{"footnotes":""},"categories":[2],"tags":[],"class_list":{"0":"post-6184","1":"post","2":"type-post","3":"status-publish","4":"format-standard","6":"category-artikuj"},"yoast_head":"<!-- This site is optimized with the Yoast SEO plugin v27.4 - https:\/\/yoast.com\/product\/yoast-seo-wordpress\/ -->\n<title>Zgjedhje t\u00eb parakohshme: Pse jo? - FjALA e LIR\u00cb - Arkivi<\/title>\n<meta name=\"robots\" content=\"index, follow, max-snippet:-1, max-image-preview:large, max-video-preview:-1\" \/>\n<link rel=\"canonical\" href=\"https:\/\/fjala.info\/2009-2015\/zgjedhje-te-parakohshme-pse-jo\/\" \/>\n<meta property=\"og:locale\" content=\"sq_AL\" \/>\n<meta property=\"og:type\" content=\"article\" \/>\n<meta property=\"og:title\" content=\"Zgjedhje t\u00eb parakohshme: Pse jo? - FjALA e LIR\u00cb - Arkivi\" \/>\n<meta property=\"og:description\" content=\"Adri Nurellari N\u00eb morin\u00eb e d\u00ebmeve t\u00eb shkaktuara n\u00ebp\u00ebrmjet reform\u00ebs kushtetuese t\u00eb vitit 2008 spikat n\u00eb m\u00ebnyr\u00eb t\u00eb ve\u00e7ant\u00eb p\u00ebrdhosja e mocionit t\u00eb mosbesimit. Si rezultat i ndryshimeve t\u00eb sh\u00ebmtuara q\u00eb iu b\u00ebn\u00eb Kushtetut\u00ebs brenda nj\u00eb nate t\u00eb turpshme p\u00ebr historin\u00eb e shkurt\u00ebr t\u00eb demokracis\u00eb shqiptare, qeveris\u00eb iu hoq barra e prov\u00ebs s\u00eb legjitimitetit. N\u00eb [&hellip;]\" \/>\n<meta property=\"og:url\" content=\"https:\/\/fjala.info\/2009-2015\/zgjedhje-te-parakohshme-pse-jo\/\" \/>\n<meta property=\"og:site_name\" content=\"FjALA e LIR\u00cb - Arkivi\" \/>\n<meta property=\"article:published_time\" content=\"2011-02-05T21:48:20+00:00\" \/>\n<meta name=\"author\" content=\"admin\" \/>\n<meta name=\"twitter:card\" content=\"summary_large_image\" \/>\n<meta name=\"twitter:label1\" content=\"Written by\" \/>\n\t<meta name=\"twitter:data1\" content=\"admin\" \/>\n\t<meta name=\"twitter:label2\" content=\"Est. reading time\" \/>\n\t<meta name=\"twitter:data2\" content=\"8 minutes\" \/>\n<script type=\"application\/ld+json\" class=\"yoast-schema-graph\">{\"@context\":\"https:\\\/\\\/schema.org\",\"@graph\":[{\"@type\":\"Article\",\"@id\":\"https:\\\/\\\/fjala.info\\\/2009-2015\\\/zgjedhje-te-parakohshme-pse-jo\\\/#article\",\"isPartOf\":{\"@id\":\"https:\\\/\\\/fjala.info\\\/2009-2015\\\/zgjedhje-te-parakohshme-pse-jo\\\/\"},\"author\":{\"name\":\"admin\",\"@id\":\"https:\\\/\\\/fjala.info\\\/2009-2015\\\/#\\\/schema\\\/person\\\/3aa1163ef05469c496fc94e77611ada2\"},\"headline\":\"Zgjedhje t\u00eb parakohshme: Pse jo?\",\"datePublished\":\"2011-02-05T21:48:20+00:00\",\"mainEntityOfPage\":{\"@id\":\"https:\\\/\\\/fjala.info\\\/2009-2015\\\/zgjedhje-te-parakohshme-pse-jo\\\/\"},\"wordCount\":1528,\"commentCount\":0,\"publisher\":{\"@id\":\"https:\\\/\\\/fjala.info\\\/2009-2015\\\/#organization\"},\"articleSection\":[\"Artikuj\"],\"inLanguage\":\"sq-AL\",\"potentialAction\":[{\"@type\":\"CommentAction\",\"name\":\"Comment\",\"target\":[\"https:\\\/\\\/fjala.info\\\/2009-2015\\\/zgjedhje-te-parakohshme-pse-jo\\\/#respond\"]}]},{\"@type\":\"WebPage\",\"@id\":\"https:\\\/\\\/fjala.info\\\/2009-2015\\\/zgjedhje-te-parakohshme-pse-jo\\\/\",\"url\":\"https:\\\/\\\/fjala.info\\\/2009-2015\\\/zgjedhje-te-parakohshme-pse-jo\\\/\",\"name\":\"Zgjedhje t\u00eb parakohshme: Pse jo? - FjALA e LIR\u00cb - Arkivi\",\"isPartOf\":{\"@id\":\"https:\\\/\\\/fjala.info\\\/2009-2015\\\/#website\"},\"datePublished\":\"2011-02-05T21:48:20+00:00\",\"breadcrumb\":{\"@id\":\"https:\\\/\\\/fjala.info\\\/2009-2015\\\/zgjedhje-te-parakohshme-pse-jo\\\/#breadcrumb\"},\"inLanguage\":\"sq-AL\",\"potentialAction\":[{\"@type\":\"ReadAction\",\"target\":[\"https:\\\/\\\/fjala.info\\\/2009-2015\\\/zgjedhje-te-parakohshme-pse-jo\\\/\"]}]},{\"@type\":\"BreadcrumbList\",\"@id\":\"https:\\\/\\\/fjala.info\\\/2009-2015\\\/zgjedhje-te-parakohshme-pse-jo\\\/#breadcrumb\",\"itemListElement\":[{\"@type\":\"ListItem\",\"position\":1,\"name\":\"Home\",\"item\":\"https:\\\/\\\/fjala.info\\\/2009-2015\\\/\"},{\"@type\":\"ListItem\",\"position\":2,\"name\":\"Zgjedhje t\u00eb parakohshme: Pse jo?\"}]},{\"@type\":\"WebSite\",\"@id\":\"https:\\\/\\\/fjala.info\\\/2009-2015\\\/#website\",\"url\":\"https:\\\/\\\/fjala.info\\\/2009-2015\\\/\",\"name\":\"FjALA e LIR\u00cb - Arkivi\",\"description\":\"Arkivi 2009-2015\",\"publisher\":{\"@id\":\"https:\\\/\\\/fjala.info\\\/2009-2015\\\/#organization\"},\"potentialAction\":[{\"@type\":\"SearchAction\",\"target\":{\"@type\":\"EntryPoint\",\"urlTemplate\":\"https:\\\/\\\/fjala.info\\\/2009-2015\\\/?s={search_term_string}\"},\"query-input\":{\"@type\":\"PropertyValueSpecification\",\"valueRequired\":true,\"valueName\":\"search_term_string\"}}],\"inLanguage\":\"sq-AL\"},{\"@type\":\"Organization\",\"@id\":\"https:\\\/\\\/fjala.info\\\/2009-2015\\\/#organization\",\"name\":\"FjALA e LIR\u00cb - Arkivi\",\"url\":\"https:\\\/\\\/fjala.info\\\/2009-2015\\\/\",\"logo\":{\"@type\":\"ImageObject\",\"inLanguage\":\"sq-AL\",\"@id\":\"https:\\\/\\\/fjala.info\\\/2009-2015\\\/#\\\/schema\\\/logo\\\/image\\\/\",\"url\":\"\",\"contentUrl\":\"\",\"caption\":\"FjALA e LIR\u00cb - Arkivi\"},\"image\":{\"@id\":\"https:\\\/\\\/fjala.info\\\/2009-2015\\\/#\\\/schema\\\/logo\\\/image\\\/\"}},{\"@type\":\"Person\",\"@id\":\"https:\\\/\\\/fjala.info\\\/2009-2015\\\/#\\\/schema\\\/person\\\/3aa1163ef05469c496fc94e77611ada2\",\"name\":\"admin\",\"image\":{\"@type\":\"ImageObject\",\"inLanguage\":\"sq-AL\",\"@id\":\"https:\\\/\\\/fjala.info\\\/2009-2015\\\/wp-content\\\/uploads\\\/2012\\\/02\\\/arben_cokaj-120x150.jpg\",\"url\":\"https:\\\/\\\/fjala.info\\\/2009-2015\\\/wp-content\\\/uploads\\\/2012\\\/02\\\/arben_cokaj-120x150.jpg\",\"contentUrl\":\"https:\\\/\\\/fjala.info\\\/2009-2015\\\/wp-content\\\/uploads\\\/2012\\\/02\\\/arben_cokaj-120x150.jpg\",\"caption\":\"admin\"},\"description\":\"Admin, Fjala e Lir\u00eb\",\"sameAs\":[\"https:\\\/\\\/fjala.info\\\/\"],\"url\":\"https:\\\/\\\/fjala.info\\\/2009-2015\\\/author\\\/admin\\\/\"}]}<\/script>\n<!-- \/ Yoast SEO plugin. -->","yoast_head_json":{"title":"Zgjedhje t\u00eb parakohshme: Pse jo? - FjALA e LIR\u00cb - Arkivi","robots":{"index":"index","follow":"follow","max-snippet":"max-snippet:-1","max-image-preview":"max-image-preview:large","max-video-preview":"max-video-preview:-1"},"canonical":"https:\/\/fjala.info\/2009-2015\/zgjedhje-te-parakohshme-pse-jo\/","og_locale":"sq_AL","og_type":"article","og_title":"Zgjedhje t\u00eb parakohshme: Pse jo? - FjALA e LIR\u00cb - Arkivi","og_description":"Adri Nurellari N\u00eb morin\u00eb e d\u00ebmeve t\u00eb shkaktuara n\u00ebp\u00ebrmjet reform\u00ebs kushtetuese t\u00eb vitit 2008 spikat n\u00eb m\u00ebnyr\u00eb t\u00eb ve\u00e7ant\u00eb p\u00ebrdhosja e mocionit t\u00eb mosbesimit. Si rezultat i ndryshimeve t\u00eb sh\u00ebmtuara q\u00eb iu b\u00ebn\u00eb Kushtetut\u00ebs brenda nj\u00eb nate t\u00eb turpshme p\u00ebr historin\u00eb e shkurt\u00ebr t\u00eb demokracis\u00eb shqiptare, qeveris\u00eb iu hoq barra e prov\u00ebs s\u00eb legjitimitetit. N\u00eb [&hellip;]","og_url":"https:\/\/fjala.info\/2009-2015\/zgjedhje-te-parakohshme-pse-jo\/","og_site_name":"FjALA e LIR\u00cb - Arkivi","article_published_time":"2011-02-05T21:48:20+00:00","author":"admin","twitter_card":"summary_large_image","twitter_misc":{"Written by":"admin","Est. reading time":"8 minutes"},"schema":{"@context":"https:\/\/schema.org","@graph":[{"@type":"Article","@id":"https:\/\/fjala.info\/2009-2015\/zgjedhje-te-parakohshme-pse-jo\/#article","isPartOf":{"@id":"https:\/\/fjala.info\/2009-2015\/zgjedhje-te-parakohshme-pse-jo\/"},"author":{"name":"admin","@id":"https:\/\/fjala.info\/2009-2015\/#\/schema\/person\/3aa1163ef05469c496fc94e77611ada2"},"headline":"Zgjedhje t\u00eb parakohshme: Pse jo?","datePublished":"2011-02-05T21:48:20+00:00","mainEntityOfPage":{"@id":"https:\/\/fjala.info\/2009-2015\/zgjedhje-te-parakohshme-pse-jo\/"},"wordCount":1528,"commentCount":0,"publisher":{"@id":"https:\/\/fjala.info\/2009-2015\/#organization"},"articleSection":["Artikuj"],"inLanguage":"sq-AL","potentialAction":[{"@type":"CommentAction","name":"Comment","target":["https:\/\/fjala.info\/2009-2015\/zgjedhje-te-parakohshme-pse-jo\/#respond"]}]},{"@type":"WebPage","@id":"https:\/\/fjala.info\/2009-2015\/zgjedhje-te-parakohshme-pse-jo\/","url":"https:\/\/fjala.info\/2009-2015\/zgjedhje-te-parakohshme-pse-jo\/","name":"Zgjedhje t\u00eb parakohshme: Pse jo? - FjALA e LIR\u00cb - Arkivi","isPartOf":{"@id":"https:\/\/fjala.info\/2009-2015\/#website"},"datePublished":"2011-02-05T21:48:20+00:00","breadcrumb":{"@id":"https:\/\/fjala.info\/2009-2015\/zgjedhje-te-parakohshme-pse-jo\/#breadcrumb"},"inLanguage":"sq-AL","potentialAction":[{"@type":"ReadAction","target":["https:\/\/fjala.info\/2009-2015\/zgjedhje-te-parakohshme-pse-jo\/"]}]},{"@type":"BreadcrumbList","@id":"https:\/\/fjala.info\/2009-2015\/zgjedhje-te-parakohshme-pse-jo\/#breadcrumb","itemListElement":[{"@type":"ListItem","position":1,"name":"Home","item":"https:\/\/fjala.info\/2009-2015\/"},{"@type":"ListItem","position":2,"name":"Zgjedhje t\u00eb parakohshme: Pse jo?"}]},{"@type":"WebSite","@id":"https:\/\/fjala.info\/2009-2015\/#website","url":"https:\/\/fjala.info\/2009-2015\/","name":"FjALA e LIR\u00cb - Arkivi","description":"Arkivi 2009-2015","publisher":{"@id":"https:\/\/fjala.info\/2009-2015\/#organization"},"potentialAction":[{"@type":"SearchAction","target":{"@type":"EntryPoint","urlTemplate":"https:\/\/fjala.info\/2009-2015\/?s={search_term_string}"},"query-input":{"@type":"PropertyValueSpecification","valueRequired":true,"valueName":"search_term_string"}}],"inLanguage":"sq-AL"},{"@type":"Organization","@id":"https:\/\/fjala.info\/2009-2015\/#organization","name":"FjALA e LIR\u00cb - Arkivi","url":"https:\/\/fjala.info\/2009-2015\/","logo":{"@type":"ImageObject","inLanguage":"sq-AL","@id":"https:\/\/fjala.info\/2009-2015\/#\/schema\/logo\/image\/","url":"","contentUrl":"","caption":"FjALA e LIR\u00cb - Arkivi"},"image":{"@id":"https:\/\/fjala.info\/2009-2015\/#\/schema\/logo\/image\/"}},{"@type":"Person","@id":"https:\/\/fjala.info\/2009-2015\/#\/schema\/person\/3aa1163ef05469c496fc94e77611ada2","name":"admin","image":{"@type":"ImageObject","inLanguage":"sq-AL","@id":"https:\/\/fjala.info\/2009-2015\/wp-content\/uploads\/2012\/02\/arben_cokaj-120x150.jpg","url":"https:\/\/fjala.info\/2009-2015\/wp-content\/uploads\/2012\/02\/arben_cokaj-120x150.jpg","contentUrl":"https:\/\/fjala.info\/2009-2015\/wp-content\/uploads\/2012\/02\/arben_cokaj-120x150.jpg","caption":"admin"},"description":"Admin, Fjala e Lir\u00eb","sameAs":["https:\/\/fjala.info\/"],"url":"https:\/\/fjala.info\/2009-2015\/author\/admin\/"}]}},"_links":{"self":[{"href":"https:\/\/fjala.info\/2009-2015\/wp-json\/wp\/v2\/posts\/6184","targetHints":{"allow":["GET"]}}],"collection":[{"href":"https:\/\/fjala.info\/2009-2015\/wp-json\/wp\/v2\/posts"}],"about":[{"href":"https:\/\/fjala.info\/2009-2015\/wp-json\/wp\/v2\/types\/post"}],"author":[{"embeddable":true,"href":"https:\/\/fjala.info\/2009-2015\/wp-json\/wp\/v2\/users\/1"}],"replies":[{"embeddable":true,"href":"https:\/\/fjala.info\/2009-2015\/wp-json\/wp\/v2\/comments?post=6184"}],"version-history":[{"count":0,"href":"https:\/\/fjala.info\/2009-2015\/wp-json\/wp\/v2\/posts\/6184\/revisions"}],"wp:attachment":[{"href":"https:\/\/fjala.info\/2009-2015\/wp-json\/wp\/v2\/media?parent=6184"}],"wp:term":[{"taxonomy":"category","embeddable":true,"href":"https:\/\/fjala.info\/2009-2015\/wp-json\/wp\/v2\/categories?post=6184"},{"taxonomy":"post_tag","embeddable":true,"href":"https:\/\/fjala.info\/2009-2015\/wp-json\/wp\/v2\/tags?post=6184"}],"curies":[{"name":"wp","href":"https:\/\/api.w.org\/{rel}","templated":true}]}}