{"id":6180,"date":"2011-02-05T22:13:37","date_gmt":"2011-02-05T21:13:37","guid":{"rendered":"http:\/\/fjala.shkoder.net\/?p=6180"},"modified":"2011-02-05T22:13:37","modified_gmt":"2011-02-05T21:13:37","slug":"plaku-skizofren-dhe-mercenaret-e-plakut","status":"publish","type":"post","link":"https:\/\/fjala.info\/2009-2015\/plaku-skizofren-dhe-mercenaret-e-plakut\/","title":{"rendered":"Plaku Skizofren dhe Mercenar\u00ebt e Plakut"},"content":{"rendered":"<p><img loading=\"lazy\" decoding=\"async\" class=\"alignright size-full wp-image-4159\" title=\"Bledar H. Prifti\" src=\"http:\/\/fjala.shkoder.net\/wp-content\/uploads\/2010\/10\/bledar_prifti.jpg\" alt=\"\" width=\"180\" height=\"240\" \/><br \/>\nNga <strong>Bledar H. Prifti<\/strong><\/p>\n<p>Tragjedia e 21 Janarit dhe ngjarjet q\u00eb pasuan at\u00eb nxor\u00ebn n\u00eb drit\u00eb p\u00ebr mbar\u00eb shoq\u00ebrin\u00eb faktin se Sali Berisha mund t\u00eb konsiderohet tashm\u00eb nj\u00eb plak i rrjedhur i cili ka humbur llogjik\u00ebn dhe cdo lidhje me realitetin politik dhe shoq\u00ebror. N\u00eb nj\u00eb shkrim t\u00eb para disa koh\u00ebve e konsideroja Sali Berish\u00ebn nj\u00eb skizofren pasi kisha marr\u00eb m\u00eb par\u00eb informata nga nj\u00eb doktor i cili m\u00eb shpjegonte se l\u00ebpirjet e shpeshta t\u00eb buz\u00ebve nga ana e Berish\u00ebs jan\u00eb nj\u00eb indikator i fuqish\u00ebm se ai p\u00ebrdor nj\u00eb medikament, t\u00eb quajtur \u201chaloperidol\u201d, p\u00ebr t\u00eb kuruar psikozat dhe tendencat e tij skizofrenike. Ndaj duhet t\u00eb kuptojm\u00eb se asgj\u00eb q\u00eb ka ndodhur n\u00ebn pushtetet e Berish\u00ebs nuk \u00ebsht\u00eb rast\u00ebsi, dhe \u00e7do tragjedi dhe kriz\u00eb politike ka q\u00ebn\u00eb rrezultat i veprimeve perverse dhe skizofrenike te pushtetarit\/njeriut Berisha.<\/p>\n<p>Gjat\u00eb regjimit t\u00eb tij\u00eb 1992-1997, Berisha masakroi popullin dhe t\u00eb gjith\u00eb kund\u00ebrshtar\u00ebt e tij politik dhe n\u00eb vend t\u00eb zgjedhjeve demokratike, ai orkestroi kasapana zgjedhore ku pushteti vet votonte, vet num\u00ebronte, dhe vet vendoste. Berisha \u00ebsht\u00eb sh\u00ebmb\u00eblltyr\u00eb e diktator\u00ebve oriental ku mbizot\u00ebron motoja e famshme e Profesor Bernard Lewis, \u201cnj\u00eb burr\u00eb, nj\u00eb vot\u00eb, vet\u00ebm nj\u00eb her\u00eb\u201d. K\u00ebtyre zorzop\u00ebve me mentalitet diktatorial demokracia iu nevojitet vet\u00ebm p\u00ebr t\u00eb marr\u00eb pushtetin por jo p\u00ebr ta rip\u00ebrt\u00ebrir\u00eb dhe legjitimuar at\u00eb po n\u00eb rrug\u00eb demokratike.<\/p>\n<p>P\u00ebr m\u00eb shum\u00eb, trajtat skizofrenike t\u00eb Berish\u00ebs u dalluan qartazi gjat\u00eb tragjedis\u00eb s\u00eb vitit 1997 kur Berisha urdh\u00ebronte bombardimin e popullsis\u00eb s\u00eb pafajshme dhe kur ai k\u00ebrkonte t\u00eb rizgjidhej president n\u00eb nj\u00eb koh\u00eb kur popullin po e k\u00ebrc\u00ebnonte lufta civile p\u00ebr shkak t\u00eb marris\u00eb s\u00eb Berish\u00ebs p\u00ebr pushtet absolut. P\u00ebr t\u00eb mos mjaftuar kjo marr\u00ebzi, skizofreni Berisha, I mbytur nga doza t\u00eb forta paranoje, orkestroi nj\u00eb sulm t\u00eb hapur kund\u00ebr kancelarive per\u00ebndimore, qeveris\u00eb Amerikane, dhe sh\u00ebrbimeve t\u00eb inteligjenc\u00ebs. Skizofrenia dhe paranoja e Berish\u00ebs diktonte mendimin se kushdo q\u00eb ishte kund\u00ebr Berish\u00ebs ishte ose pu\u00e7ist ose anti-Shqiptar. Nj\u00eb ngjarje tjet\u00ebr e krijuar nga skizofrenia e Berish\u00ebs \u00ebsht\u00eb edhe grushti i shtetit m\u00eb 14 Shtator 1998 kur p\u00ebrkrah\u00ebsit e skizofrenit mor\u00ebn tanket dhe autoblindat dhe sulmuan nd\u00ebrtesat qeveritare dhe radiotelevizionin, nga ku do t\u00eb deklaronin edhe triumfin e grushtit t\u00eb shtetit. Por skizofrenia e Berish\u00ebs nuk do t\u00eb mbaronte me kaq.<\/p>\n<p>Duke shfryt\u00ebzuar drejtimin e pap\u00ebrgjegjsh\u00ebm t\u00eb vendit nga Fatos Nano dhe Ilir Meta dhe i ndihmuar nga humbja e koshienc\u00ebs dhe kujtes\u00ebs s\u00eb shoq\u00ebris\u00eb Shqiptare n\u00eb lidhje me tragjedin\u00eb e vitit 1997, Sali Berisha vjen n\u00eb pushtet n\u00eb 2005-\u00ebn p\u00ebrmes nj\u00eb minorance votash popullore. Nj\u00eb popull q\u00eb harron t\u00eb kaluar\u00ebn dhe historin\u00eb e tij \u00ebsht\u00eb nj\u00eb popull i destinuar t\u00eb jetoj\u00eb n\u00eb skllav\u00ebri dhe t\u00eb d\u00ebshtoj\u00eb pafund\u00ebsisht deri n\u00eb shp\u00ebrb\u00ebrje. Ndaj e them me bindje t\u00eb plot\u00eb se nj\u00ebr\u00ebzit q\u00eb propogandojn\u00eb harres\u00ebn e ngjarjeve t\u00eb 1997-\u00ebs, t\u00eb 28 Qershorit, dhe t\u00eb 21 Janarit n\u00eb rastin m\u00eb t\u00eb keq jan\u00eb hiena dhe sh\u00ebrb\u00ebtor\u00eb t\u00eb ndyr\u00eb t\u00eb pushteteve diktatoriale dhe n\u00eb rastin m\u00eb t\u00eb mir\u00eb individ\u00eb injorant\u00eb, mediok\u00ebr, dhe t\u00eb pavler\u00eb p\u00ebr shoq\u00ebrin\u00eb.<\/p>\n<p>Trajtave t\u00eb s\u00eb shkuar\u00ebs skizofrenike t\u00eb Berish\u00ebs i bashkohen edhe trajtat e s\u00eb tashmes s\u00eb tij skizofrenike. P\u00ebr muaj me radh\u00eb gjat\u00eb protestave t\u00eb opozit\u00ebs p\u00ebr transparenc\u00eb, Berisha nuk kishte asnj\u00eb lidhje me realitetin dhe opinionin publik. \u00c7far\u00eb e thoshte sot, ai e mohonte nes\u00ebr; \u00e7far\u00eb shante sot e mburrte t\u00eb nes\u00ebrmen; \u00e7far\u00eb p\u00ebshtynte sot , ai e l\u00ebpinte t\u00eb nes\u00ebrmen. Her\u00eb fliste se transparenc\u00ebn e ndalonte Gjykata, her\u00eb se e ndalonte Kushtetuta, her\u00eb se e ndalonte Kodi Zgjedhor, dhe ngahera e fillonte nga e para. Berisha nuk pranonte vlerat, normat, dhe moralin e shoq\u00ebris\u00eb, llogjik\u00ebn e thjesht\u00eb, dhe opinionin publik.<\/p>\n<p>Berisha \u00ebsht\u00eb i bindur se n\u00eb shoq\u00ebrin\u00eb Shqiptare ai nuk \u00ebsht\u00eb pjes\u00eb e realitetit dhe e vlerave t\u00eb shoq\u00ebris\u00eb por se ai \u00ebsht\u00eb personi q\u00eb ka n\u00eb dor\u00eb krijimin e realitetit dhe monopolin e krijimit t\u00eb rregullave, principeve, dhe vlerave (e mir\u00eb\/keqe, e drejt\u00eb\/padrejt\u00eb, e v\u00ebrtet\u00eb\/g\u00ebnjesht\u00ebr) t\u00eb shoq\u00ebris\u00eb. N\u00eb mendimet e Aristotelit, ky nj\u00ebri me emrin Sali Berisha DUHET t\u00eb jet\u00eb ose Zoti, ose p\u00ebrbind\u00ebshi, ose djalli i mish\u00ebruar n\u00eb tok\u00ebn Shqiptare! Ndaj nuk kemi pse t\u00eb habitemi kur d\u00ebgjojm\u00eb skizofrenin Berisha kur deklaron se \u00ebsht\u00eb i gatsh\u00ebm t\u00eb organizoj\u00eb mij\u00ebra funerale si ato t\u00eb vitit 1997.<\/p>\n<p>Nuk duhet t\u00eb habitemi kur d\u00ebgjojm\u00eb skizofrenin dhe t\u00eb djall\u00ebzuarin Berisha i cili n\u00eb dark\u00eb akuzon Edi Ram\u00ebn se vrau protestuesit me arm\u00eb nga br\u00ebnda turrm\u00ebs, n\u00eb m\u00ebngjes deklaron se ata tre nj\u00ebr\u00ebz t\u00eb pafajsh\u00ebm dhe paqsor\u00eb me duar n\u00eb xhepa t\u00eb \u00e7puar i vrau garda p\u00ebr t\u00eb mbrojtur institucionin e diktatorit, apo dhe kur del t\u00eb nes\u00ebrmen dhe tenton t\u00eb fus n\u00eb realitetin ton\u00eb t\u00eb vrar\u00eb nj\u00eb grusht shteti p\u00ebr t\u00eb cilin ky zorzop paska pas informacioni edhe para se t\u00eb deklaronte se vrasjet e protestuesve i b\u00ebri Edi Rama. Nuk duhet t\u00eb habitemi kur skizofreni Berisha k\u00ebrc\u00ebnon publikisht popullin dhe liderin e opozit\u00ebs me marrje jete. Nuk duhet t\u00eb habiteni kur, ashtu si edhe n\u00eb 1997 kur sulmonte qeverin\u00eb Amerikane dhe sh\u00ebrbimet e saj t\u00eb inteligjenc\u00ebs, skizofreni Berisha sulmon sot Presidentin e Republik\u00ebs, Kryeprokuroren, sh\u00ebrbimet sekrete, median, dhe kur ky skizofren k\u00ebrc\u00ebnon dipllomat\u00ebt e huaj me shpallen e tyre \u201cnongrata\u201d n\u00ebse kund\u00ebrshtojn\u00eb veprimet e tij diktatoriale ose kur nuk i shkojn\u00eb pas avazit.<\/p>\n<p>Nuk duhet t\u00eb habitemi pasi asgj\u00eb nuk \u00ebsht\u00eb e rast\u00ebsishme n\u00eb bot\u00ebn e k\u00ebtij skizofreni politik. Nj\u00eb k\u00ebshill\u00eb e vog\u00ebl p\u00ebr gazetar\u00ebt dhe median. N\u00ebse nuk e keni kuptuar skizofrenin\u00eb Berishiane p\u00ebrmes fenomeneve politike, ju k\u00ebshilloj ta \u201cprovokoni\u201d n\u00eb konferencat e shtypit dhe do t\u00eb shikoni nj\u00eb mori t\u00eb trajtave skizofrenike t\u00eb Berish\u00ebs si reagim kund\u00ebr q\u00ebndrimeve dhe pyetjeve t\u00eb tuaja. Kaq p\u00ebr skizofrenin\u00eb dhe trajtat skizofrenike t\u00eb Sali Berish\u00ebs.<\/p>\n<p>Vetvetiu, tani ne gjendemi p\u00ebrball\u00eb p\u00ebrball\u00eb nj\u00eb pyetje thelb\u00ebsore: A \u00ebsht\u00eb skizofreni Berisha k\u00ebrc\u00ebnimi real i demokracis\u00eb dhe shoq\u00ebris\u00eb Shqiptare? Jam shum\u00eb i bindur se problemi real nuk q\u00ebndron tek skizofrenia e plakut Berisha por tek ata q\u00eb e mb\u00ebshtesin at\u00eb. Mb\u00ebshtet\u00ebsit e Berish\u00ebs mund t\u00eb klasifikohen n\u00eb mb\u00ebshtet\u00ebs politik dhe social. Mb\u00ebshtet\u00ebsit politik mund t\u00eb ndahen n\u00eb mb\u00ebshtet\u00ebs t\u00eb brendsh\u00ebm dhe t\u00eb jasht\u00ebm. Mb\u00ebshtet\u00ebsit e br\u00ebndsh\u00ebm p\u00ebrfshijn\u00eb nj\u00eb shpur\u00eb e vog\u00ebl besnik\u00ebsh t\u00eb cil\u00ebt n\u00eb realitet i sh\u00ebrbejn\u00eb vazhdimit t\u00eb karrier\u00ebs dhe interesave t\u00eb tyre banale dhe primitive. Ilir Meta dhe organizata filomafioze LSI \u00ebsht\u00eb nj\u00eb nga p\u00ebrkrah\u00ebsit m\u00eb t\u00eb fuqish\u00ebm t\u00eb Sali Berish\u00ebs. A e dini p\u00ebrse? Sepse kjo band\u00eb \u00ebsht\u00eb e vdekur politikisht dhe se fati i tyre \u00ebsht\u00eb i lidhur t\u00ebr\u00ebsisht me fatin e skizofrenit Berisha. N\u00ebse Berisha bie nga pushteti, Meta me kope do t\u00eb presin fatur\u00ebn kush p\u00ebr n\u00eb pension politik e kush p\u00ebr tu paraqitur para drejt\u00ebsis\u00eb. Ky fakt i ka shnd\u00ebrruar ata n\u00eb nj\u00eb tuf\u00eb mercenar\u00ebsh q\u00eb harbojn\u00eb dhe d\u00ebshirojn\u00eb t\u00eb instalojn\u00eb n\u00eb Shqip\u00ebri nj\u00eb regjim q\u00eb do tu ofronte atyre mbrojtje edhe n\u00eb t\u00eb ardhmen.<\/p>\n<p>Mb\u00ebshtetje i vjen skizofrenit Berisha edhe nga disa kancelari Europiane t\u00eb cilat nj\u00eb Zot e di se \u00e7far\u00eb e drejton politik\u00ebn e tyre t\u00eb jashtme perkundrejt Shqip\u00ebris\u00eb, n\u00ebse ajo \u00ebsht\u00eb v\u00ebrtet institucionale. Por ata kurrsesi nuk mund faj\u00ebsohen p\u00ebr fatkeq\u00ebsin\u00eb ton\u00eb pasi detyra dhe misioni i tyre \u00ebsht\u00eb q\u00eb t\u2019i sh\u00ebrbejn\u00eb interesave t\u00eb popujve dhe organizmave q\u00eb ata p\u00ebrfaq\u00ebsojn\u00eb. Ata nuk jan\u00eb N\u00ebn\u00eb Tereza, dhe ju kaq gj\u00eb duhet ta kuptoni! Edhe n\u00eb rastin e kauz\u00ebs p\u00ebr transparenc\u00ebn e zgjedhjeve t\u00eb 28 Qershorit, ashtu si\u00e7 e kam th\u00ebn\u00eb edhe m\u00eb par\u00eb, Europian\u00ebt kurrsesi nuk mund t\u00eb lejonin transparenc\u00eb p\u00ebr vet faktin se n\u00ebse do t\u00eb zbulohej masakra zgjedhore e 28 Qershorit, ather\u00eb raporti i OSBE\/ODHIR do t\u00eb shnd\u00ebrrohej n\u00eb nj\u00eb let\u00ebr higjenike dhe dipllomacia Europiane do t\u00eb humbiste kredibilitetin e saj ose, edhe m\u00eb keq, do t\u00eb mbante p\u00ebr sot e mot er\u00eb qenefi. Por p\u00ebr k\u00ebt\u00eb \u00e7\u00ebshtje nuk mund t\u00eb flitet me shum\u00eb siguri pasi (edhe p\u00ebr arsye t\u00eb rolit sekondar t\u00eb Shqip\u00ebris\u00eb n\u00eb aren\u00ebn nd\u00ebrkomb\u00ebtare) nuk e dim\u00eb me siguri n\u00ebse politika Europiane n\u00eb Shqip\u00ebri \u00ebsht\u00eb nj\u00eb politik institucionale e unionit, nj\u00eb politik e hartuar dhe e zbatuar nga politikan\u00eb\/politolog\u00eb diletant dhe mediok\u00ebr p\u00ebr arsye trajnimi dhe studimi, apo nj\u00eb politik\u00eb personale e individ\u00ebve t\u00eb ve\u00e7ant\u00eb p\u00ebr interesa kryek\u00ebput personale dhe banale.<\/p>\n<p>Dhe ja ku mb\u00ebrrit\u00ebm tek mb\u00ebshtetja q\u00eb i vjen skizofrenit plak nga element t\u00eb shoq\u00ebris\u00eb. K\u00ebtu po merrem vet\u00ebm me intelektual\u00eb dhe analist\u00eb, si ngahera. Intelektual\u00ebt dhe analist\u00ebt politik n\u00eb media jan\u00eb nj\u00eb burim mb\u00ebshtetje p\u00ebr skizofrenin Berisha ashtu si\u00e7 ajo ka q\u00ebn\u00eb edhe gjat\u00eb regjimit komunist t\u00eb diktatorit Hoxha. Edhe k\u00ebta intelektual\u00eb dhe analist\u00eb duhen ndar\u00eb n\u00eb dy grupime: n\u00eb nj\u00ebrin grupim jan\u00eb ata q\u00eb din\u00eb \u00e7far\u00eb thon\u00eb, b\u00ebjn\u00eb, dhe sunojn\u00eb. K\u00ebta jan\u00eb hafijet, sh\u00ebrb\u00ebtor\u00ebt, dhe mercenar\u00ebt e pushtetit. K\u00ebta bashkohen me nj\u00ebri-tjetrin n\u00eb mbrojtje t\u00eb skizofrenis\u00eb dhe djall\u00ebzis\u00eb vet\u00ebm p\u00ebr hir t\u00eb pla\u00e7k\u00ebs. P\u00ebr ideal k\u00ebta zorzop\u00eb kan\u00eb pla\u00e7k\u00ebn, p\u00ebr vler\u00eb kan\u00eb primitivizmin dhe antivler\u00ebn, dhe p\u00ebr moral kan\u00eb kusarin\u00eb dhe imoralen. Nga k\u00ebta mund t\u00eb pritet \u00e7dogj\u00eb monstruoze.<\/p>\n<p>Grupimi i dyt\u00eb i intelektual\u00ebve dhe analist\u00ebve jan\u00eb ata q\u00eb nuk din\u00eb se \u00e7far\u00eb thon\u00eb, \u00e7far\u00eb b\u00ebjn\u00eb, dh\u00eb \u00e7far\u00eb synojn\u00eb. N\u00eb pjes\u00ebn d\u00ebrrmuese, intelektual\u00ebt dhe analist\u00ebt e k\u00ebtij grupimi kan\u00eb shum\u00eb t\u00eb zhvilluar ndjenj\u00ebn e dal\u00eb nga fabula e dhis\u00eb, Zotit, dhe Shqiptarit, t\u00eb cil\u00ebn e tregojm\u00eb r\u00ebndom mes nesh. Zoti u dha dy Shqiptar\u00ebve t\u00eb drejt\u00ebn e plot\u00ebsimit t\u00eb nj\u00eb d\u00ebshire \u00e7fardo. I pari kishte nevoj\u00eb p\u00ebr t\u00eb ushqyer f\u00ebmij\u00ebt dhe k\u00ebrkoi Zotit nj\u00eb dhi. Zoti ia plot\u00ebsoi d\u00ebshir\u00ebn menj\u00ebher\u00eb. I erdhi radha Shqiptarit t\u00eb dyt\u00eb. D\u00ebshira e t\u00eb dytit ishte pak e \u00e7uditshme p\u00ebr Zotin, por q\u00eb Ai duhej ta p\u00ebrmbushte. I dyti shprehu d\u00ebshir\u00ebn q\u00eb t\u2019i hiqej dhia Shqiptarit t\u00eb par\u00eb. Dhe k\u00ebshtu u b\u00eb.<\/p>\n<p>K\u00ebshtu \u00ebsht\u00eb edhe puna e k\u00ebtyre intelektual\u00ebve dhe analist\u00ebve tan\u00eb. K\u00ebta syresh jan\u00eb t\u00eb verbuar n\u00eb m\u00ebndje dhe shpirt dhe kurrsesi nuk mund t\u00eb pranojn\u00eb nj\u00eb t\u00eb mir\u00eb p\u00ebr veten e tyre dhe popullin nga e cila p\u00ebrfiton edhe Edi Rama. K\u00ebta m\u00ebndje-rrjedhur dhe z\u00ebm\u00ebr-ngusht\u00eb motivohen dhe g\u00ebzohen nga humbjet e Ram\u00ebs dhe jo nga fitimet e tyre. K\u00ebta syresh nuk g\u00ebzohen q\u00eb t\u00eb k\u00ebrkojn\u00eb nj\u00eb dhi p\u00ebr veten e tyre por g\u00ebzohen kur k\u00ebrkojn\u00eb tia heqin dhin\u00eb Edi Ram\u00ebs, dhe rrjedhimisht edhe popullit. Ndjej keqardhje p\u00ebr k\u00ebt\u00eb grupim pasi pjestar\u00ebt e tij jan\u00eb shnd\u00ebrruar n\u00eb m\u00ebnyr\u00eb t\u00eb pavetdijshme, n\u00eb saj\u00eb t\u00eb verb\u00ebris\u00eb mendore dhe i z\u00ebm\u00ebrngusht\u00ebsis\u00eb nj\u00ebrzore, n\u00eb mercenar\u00eb t\u00eb skizofrenis\u00eb Berishiane. Kjo ishte e gjitha p\u00ebr plakun skizofren dhe p\u00ebr merc\u00ebnar\u00ebt e skizofrenis\u00eb.<\/p>\n","protected":false},"excerpt":{"rendered":"<p>Nga Bledar H. Prifti Tragjedia e 21 Janarit dhe ngjarjet q\u00eb pasuan at\u00eb nxor\u00ebn n\u00eb drit\u00eb p\u00ebr mbar\u00eb shoq\u00ebrin\u00eb faktin se Sali Berisha mund t\u00eb konsiderohet tashm\u00eb nj\u00eb plak i rrjedhur i cili ka humbur llogjik\u00ebn dhe cdo lidhje me realitetin politik dhe shoq\u00ebror. N\u00eb nj\u00eb shkrim t\u00eb para disa koh\u00ebve e konsideroja Sali Berish\u00ebn [&hellip;]<\/p>\n","protected":false},"author":1,"featured_media":0,"comment_status":"open","ping_status":"closed","sticky":false,"template":"","format":"standard","meta":{"footnotes":""},"categories":[2],"tags":[],"class_list":{"0":"post-6180","1":"post","2":"type-post","3":"status-publish","4":"format-standard","6":"category-artikuj"},"yoast_head":"<!-- This site is optimized with the Yoast SEO plugin v27.4 - https:\/\/yoast.com\/product\/yoast-seo-wordpress\/ -->\n<title>Plaku Skizofren dhe Mercenar\u00ebt e Plakut - FjALA e LIR\u00cb - Arkivi<\/title>\n<meta name=\"robots\" content=\"index, follow, max-snippet:-1, max-image-preview:large, max-video-preview:-1\" \/>\n<link rel=\"canonical\" href=\"https:\/\/fjala.info\/2009-2015\/plaku-skizofren-dhe-mercenaret-e-plakut\/\" \/>\n<meta property=\"og:locale\" content=\"sq_AL\" \/>\n<meta property=\"og:type\" content=\"article\" \/>\n<meta property=\"og:title\" content=\"Plaku Skizofren dhe Mercenar\u00ebt e Plakut - FjALA e LIR\u00cb - Arkivi\" \/>\n<meta property=\"og:description\" content=\"Nga Bledar H. Prifti Tragjedia e 21 Janarit dhe ngjarjet q\u00eb pasuan at\u00eb nxor\u00ebn n\u00eb drit\u00eb p\u00ebr mbar\u00eb shoq\u00ebrin\u00eb faktin se Sali Berisha mund t\u00eb konsiderohet tashm\u00eb nj\u00eb plak i rrjedhur i cili ka humbur llogjik\u00ebn dhe cdo lidhje me realitetin politik dhe shoq\u00ebror. N\u00eb nj\u00eb shkrim t\u00eb para disa koh\u00ebve e konsideroja Sali Berish\u00ebn [&hellip;]\" \/>\n<meta property=\"og:url\" content=\"https:\/\/fjala.info\/2009-2015\/plaku-skizofren-dhe-mercenaret-e-plakut\/\" \/>\n<meta property=\"og:site_name\" content=\"FjALA e LIR\u00cb - Arkivi\" \/>\n<meta property=\"article:published_time\" content=\"2011-02-05T21:13:37+00:00\" \/>\n<meta property=\"og:image\" content=\"http:\/\/fjala.shkoder.net\/wp-content\/uploads\/2010\/10\/bledar_prifti.jpg\" \/>\n<meta name=\"author\" content=\"admin\" \/>\n<meta name=\"twitter:card\" content=\"summary_large_image\" \/>\n<meta name=\"twitter:label1\" content=\"Written by\" \/>\n\t<meta name=\"twitter:data1\" content=\"admin\" \/>\n\t<meta name=\"twitter:label2\" content=\"Est. reading time\" \/>\n\t<meta name=\"twitter:data2\" content=\"10 minutes\" \/>\n<script type=\"application\/ld+json\" class=\"yoast-schema-graph\">{\"@context\":\"https:\\\/\\\/schema.org\",\"@graph\":[{\"@type\":\"Article\",\"@id\":\"https:\\\/\\\/fjala.info\\\/2009-2015\\\/plaku-skizofren-dhe-mercenaret-e-plakut\\\/#article\",\"isPartOf\":{\"@id\":\"https:\\\/\\\/fjala.info\\\/2009-2015\\\/plaku-skizofren-dhe-mercenaret-e-plakut\\\/\"},\"author\":{\"name\":\"admin\",\"@id\":\"https:\\\/\\\/fjala.info\\\/2009-2015\\\/#\\\/schema\\\/person\\\/3aa1163ef05469c496fc94e77611ada2\"},\"headline\":\"Plaku Skizofren dhe Mercenar\u00ebt e Plakut\",\"datePublished\":\"2011-02-05T21:13:37+00:00\",\"mainEntityOfPage\":{\"@id\":\"https:\\\/\\\/fjala.info\\\/2009-2015\\\/plaku-skizofren-dhe-mercenaret-e-plakut\\\/\"},\"wordCount\":2012,\"commentCount\":0,\"publisher\":{\"@id\":\"https:\\\/\\\/fjala.info\\\/2009-2015\\\/#organization\"},\"image\":{\"@id\":\"https:\\\/\\\/fjala.info\\\/2009-2015\\\/plaku-skizofren-dhe-mercenaret-e-plakut\\\/#primaryimage\"},\"thumbnailUrl\":\"http:\\\/\\\/fjala.shkoder.net\\\/wp-content\\\/uploads\\\/2010\\\/10\\\/bledar_prifti.jpg\",\"articleSection\":[\"Artikuj\"],\"inLanguage\":\"sq-AL\",\"potentialAction\":[{\"@type\":\"CommentAction\",\"name\":\"Comment\",\"target\":[\"https:\\\/\\\/fjala.info\\\/2009-2015\\\/plaku-skizofren-dhe-mercenaret-e-plakut\\\/#respond\"]}]},{\"@type\":\"WebPage\",\"@id\":\"https:\\\/\\\/fjala.info\\\/2009-2015\\\/plaku-skizofren-dhe-mercenaret-e-plakut\\\/\",\"url\":\"https:\\\/\\\/fjala.info\\\/2009-2015\\\/plaku-skizofren-dhe-mercenaret-e-plakut\\\/\",\"name\":\"Plaku Skizofren dhe Mercenar\u00ebt e Plakut - FjALA e LIR\u00cb - Arkivi\",\"isPartOf\":{\"@id\":\"https:\\\/\\\/fjala.info\\\/2009-2015\\\/#website\"},\"primaryImageOfPage\":{\"@id\":\"https:\\\/\\\/fjala.info\\\/2009-2015\\\/plaku-skizofren-dhe-mercenaret-e-plakut\\\/#primaryimage\"},\"image\":{\"@id\":\"https:\\\/\\\/fjala.info\\\/2009-2015\\\/plaku-skizofren-dhe-mercenaret-e-plakut\\\/#primaryimage\"},\"thumbnailUrl\":\"http:\\\/\\\/fjala.shkoder.net\\\/wp-content\\\/uploads\\\/2010\\\/10\\\/bledar_prifti.jpg\",\"datePublished\":\"2011-02-05T21:13:37+00:00\",\"breadcrumb\":{\"@id\":\"https:\\\/\\\/fjala.info\\\/2009-2015\\\/plaku-skizofren-dhe-mercenaret-e-plakut\\\/#breadcrumb\"},\"inLanguage\":\"sq-AL\",\"potentialAction\":[{\"@type\":\"ReadAction\",\"target\":[\"https:\\\/\\\/fjala.info\\\/2009-2015\\\/plaku-skizofren-dhe-mercenaret-e-plakut\\\/\"]}]},{\"@type\":\"ImageObject\",\"inLanguage\":\"sq-AL\",\"@id\":\"https:\\\/\\\/fjala.info\\\/2009-2015\\\/plaku-skizofren-dhe-mercenaret-e-plakut\\\/#primaryimage\",\"url\":\"http:\\\/\\\/fjala.shkoder.net\\\/wp-content\\\/uploads\\\/2010\\\/10\\\/bledar_prifti.jpg\",\"contentUrl\":\"http:\\\/\\\/fjala.shkoder.net\\\/wp-content\\\/uploads\\\/2010\\\/10\\\/bledar_prifti.jpg\"},{\"@type\":\"BreadcrumbList\",\"@id\":\"https:\\\/\\\/fjala.info\\\/2009-2015\\\/plaku-skizofren-dhe-mercenaret-e-plakut\\\/#breadcrumb\",\"itemListElement\":[{\"@type\":\"ListItem\",\"position\":1,\"name\":\"Home\",\"item\":\"https:\\\/\\\/fjala.info\\\/2009-2015\\\/\"},{\"@type\":\"ListItem\",\"position\":2,\"name\":\"Plaku Skizofren dhe Mercenar\u00ebt e Plakut\"}]},{\"@type\":\"WebSite\",\"@id\":\"https:\\\/\\\/fjala.info\\\/2009-2015\\\/#website\",\"url\":\"https:\\\/\\\/fjala.info\\\/2009-2015\\\/\",\"name\":\"FjALA e LIR\u00cb - Arkivi\",\"description\":\"Arkivi 2009-2015\",\"publisher\":{\"@id\":\"https:\\\/\\\/fjala.info\\\/2009-2015\\\/#organization\"},\"potentialAction\":[{\"@type\":\"SearchAction\",\"target\":{\"@type\":\"EntryPoint\",\"urlTemplate\":\"https:\\\/\\\/fjala.info\\\/2009-2015\\\/?s={search_term_string}\"},\"query-input\":{\"@type\":\"PropertyValueSpecification\",\"valueRequired\":true,\"valueName\":\"search_term_string\"}}],\"inLanguage\":\"sq-AL\"},{\"@type\":\"Organization\",\"@id\":\"https:\\\/\\\/fjala.info\\\/2009-2015\\\/#organization\",\"name\":\"FjALA e LIR\u00cb - Arkivi\",\"url\":\"https:\\\/\\\/fjala.info\\\/2009-2015\\\/\",\"logo\":{\"@type\":\"ImageObject\",\"inLanguage\":\"sq-AL\",\"@id\":\"https:\\\/\\\/fjala.info\\\/2009-2015\\\/#\\\/schema\\\/logo\\\/image\\\/\",\"url\":\"\",\"contentUrl\":\"\",\"caption\":\"FjALA e LIR\u00cb - Arkivi\"},\"image\":{\"@id\":\"https:\\\/\\\/fjala.info\\\/2009-2015\\\/#\\\/schema\\\/logo\\\/image\\\/\"}},{\"@type\":\"Person\",\"@id\":\"https:\\\/\\\/fjala.info\\\/2009-2015\\\/#\\\/schema\\\/person\\\/3aa1163ef05469c496fc94e77611ada2\",\"name\":\"admin\",\"image\":{\"@type\":\"ImageObject\",\"inLanguage\":\"sq-AL\",\"@id\":\"https:\\\/\\\/fjala.info\\\/2009-2015\\\/wp-content\\\/uploads\\\/2012\\\/02\\\/arben_cokaj-120x150.jpg\",\"url\":\"https:\\\/\\\/fjala.info\\\/2009-2015\\\/wp-content\\\/uploads\\\/2012\\\/02\\\/arben_cokaj-120x150.jpg\",\"contentUrl\":\"https:\\\/\\\/fjala.info\\\/2009-2015\\\/wp-content\\\/uploads\\\/2012\\\/02\\\/arben_cokaj-120x150.jpg\",\"caption\":\"admin\"},\"description\":\"Admin, Fjala e Lir\u00eb\",\"sameAs\":[\"https:\\\/\\\/fjala.info\\\/\"],\"url\":\"https:\\\/\\\/fjala.info\\\/2009-2015\\\/author\\\/admin\\\/\"}]}<\/script>\n<!-- \/ Yoast SEO plugin. -->","yoast_head_json":{"title":"Plaku Skizofren dhe Mercenar\u00ebt e Plakut - FjALA e LIR\u00cb - Arkivi","robots":{"index":"index","follow":"follow","max-snippet":"max-snippet:-1","max-image-preview":"max-image-preview:large","max-video-preview":"max-video-preview:-1"},"canonical":"https:\/\/fjala.info\/2009-2015\/plaku-skizofren-dhe-mercenaret-e-plakut\/","og_locale":"sq_AL","og_type":"article","og_title":"Plaku Skizofren dhe Mercenar\u00ebt e Plakut - FjALA e LIR\u00cb - Arkivi","og_description":"Nga Bledar H. Prifti Tragjedia e 21 Janarit dhe ngjarjet q\u00eb pasuan at\u00eb nxor\u00ebn n\u00eb drit\u00eb p\u00ebr mbar\u00eb shoq\u00ebrin\u00eb faktin se Sali Berisha mund t\u00eb konsiderohet tashm\u00eb nj\u00eb plak i rrjedhur i cili ka humbur llogjik\u00ebn dhe cdo lidhje me realitetin politik dhe shoq\u00ebror. N\u00eb nj\u00eb shkrim t\u00eb para disa koh\u00ebve e konsideroja Sali Berish\u00ebn [&hellip;]","og_url":"https:\/\/fjala.info\/2009-2015\/plaku-skizofren-dhe-mercenaret-e-plakut\/","og_site_name":"FjALA e LIR\u00cb - Arkivi","article_published_time":"2011-02-05T21:13:37+00:00","og_image":[{"url":"http:\/\/fjala.shkoder.net\/wp-content\/uploads\/2010\/10\/bledar_prifti.jpg","type":"","width":"","height":""}],"author":"admin","twitter_card":"summary_large_image","twitter_misc":{"Written by":"admin","Est. reading time":"10 minutes"},"schema":{"@context":"https:\/\/schema.org","@graph":[{"@type":"Article","@id":"https:\/\/fjala.info\/2009-2015\/plaku-skizofren-dhe-mercenaret-e-plakut\/#article","isPartOf":{"@id":"https:\/\/fjala.info\/2009-2015\/plaku-skizofren-dhe-mercenaret-e-plakut\/"},"author":{"name":"admin","@id":"https:\/\/fjala.info\/2009-2015\/#\/schema\/person\/3aa1163ef05469c496fc94e77611ada2"},"headline":"Plaku Skizofren dhe Mercenar\u00ebt e Plakut","datePublished":"2011-02-05T21:13:37+00:00","mainEntityOfPage":{"@id":"https:\/\/fjala.info\/2009-2015\/plaku-skizofren-dhe-mercenaret-e-plakut\/"},"wordCount":2012,"commentCount":0,"publisher":{"@id":"https:\/\/fjala.info\/2009-2015\/#organization"},"image":{"@id":"https:\/\/fjala.info\/2009-2015\/plaku-skizofren-dhe-mercenaret-e-plakut\/#primaryimage"},"thumbnailUrl":"http:\/\/fjala.shkoder.net\/wp-content\/uploads\/2010\/10\/bledar_prifti.jpg","articleSection":["Artikuj"],"inLanguage":"sq-AL","potentialAction":[{"@type":"CommentAction","name":"Comment","target":["https:\/\/fjala.info\/2009-2015\/plaku-skizofren-dhe-mercenaret-e-plakut\/#respond"]}]},{"@type":"WebPage","@id":"https:\/\/fjala.info\/2009-2015\/plaku-skizofren-dhe-mercenaret-e-plakut\/","url":"https:\/\/fjala.info\/2009-2015\/plaku-skizofren-dhe-mercenaret-e-plakut\/","name":"Plaku Skizofren dhe Mercenar\u00ebt e Plakut - FjALA e LIR\u00cb - Arkivi","isPartOf":{"@id":"https:\/\/fjala.info\/2009-2015\/#website"},"primaryImageOfPage":{"@id":"https:\/\/fjala.info\/2009-2015\/plaku-skizofren-dhe-mercenaret-e-plakut\/#primaryimage"},"image":{"@id":"https:\/\/fjala.info\/2009-2015\/plaku-skizofren-dhe-mercenaret-e-plakut\/#primaryimage"},"thumbnailUrl":"http:\/\/fjala.shkoder.net\/wp-content\/uploads\/2010\/10\/bledar_prifti.jpg","datePublished":"2011-02-05T21:13:37+00:00","breadcrumb":{"@id":"https:\/\/fjala.info\/2009-2015\/plaku-skizofren-dhe-mercenaret-e-plakut\/#breadcrumb"},"inLanguage":"sq-AL","potentialAction":[{"@type":"ReadAction","target":["https:\/\/fjala.info\/2009-2015\/plaku-skizofren-dhe-mercenaret-e-plakut\/"]}]},{"@type":"ImageObject","inLanguage":"sq-AL","@id":"https:\/\/fjala.info\/2009-2015\/plaku-skizofren-dhe-mercenaret-e-plakut\/#primaryimage","url":"http:\/\/fjala.shkoder.net\/wp-content\/uploads\/2010\/10\/bledar_prifti.jpg","contentUrl":"http:\/\/fjala.shkoder.net\/wp-content\/uploads\/2010\/10\/bledar_prifti.jpg"},{"@type":"BreadcrumbList","@id":"https:\/\/fjala.info\/2009-2015\/plaku-skizofren-dhe-mercenaret-e-plakut\/#breadcrumb","itemListElement":[{"@type":"ListItem","position":1,"name":"Home","item":"https:\/\/fjala.info\/2009-2015\/"},{"@type":"ListItem","position":2,"name":"Plaku Skizofren dhe Mercenar\u00ebt e Plakut"}]},{"@type":"WebSite","@id":"https:\/\/fjala.info\/2009-2015\/#website","url":"https:\/\/fjala.info\/2009-2015\/","name":"FjALA e LIR\u00cb - Arkivi","description":"Arkivi 2009-2015","publisher":{"@id":"https:\/\/fjala.info\/2009-2015\/#organization"},"potentialAction":[{"@type":"SearchAction","target":{"@type":"EntryPoint","urlTemplate":"https:\/\/fjala.info\/2009-2015\/?s={search_term_string}"},"query-input":{"@type":"PropertyValueSpecification","valueRequired":true,"valueName":"search_term_string"}}],"inLanguage":"sq-AL"},{"@type":"Organization","@id":"https:\/\/fjala.info\/2009-2015\/#organization","name":"FjALA e LIR\u00cb - Arkivi","url":"https:\/\/fjala.info\/2009-2015\/","logo":{"@type":"ImageObject","inLanguage":"sq-AL","@id":"https:\/\/fjala.info\/2009-2015\/#\/schema\/logo\/image\/","url":"","contentUrl":"","caption":"FjALA e LIR\u00cb - Arkivi"},"image":{"@id":"https:\/\/fjala.info\/2009-2015\/#\/schema\/logo\/image\/"}},{"@type":"Person","@id":"https:\/\/fjala.info\/2009-2015\/#\/schema\/person\/3aa1163ef05469c496fc94e77611ada2","name":"admin","image":{"@type":"ImageObject","inLanguage":"sq-AL","@id":"https:\/\/fjala.info\/2009-2015\/wp-content\/uploads\/2012\/02\/arben_cokaj-120x150.jpg","url":"https:\/\/fjala.info\/2009-2015\/wp-content\/uploads\/2012\/02\/arben_cokaj-120x150.jpg","contentUrl":"https:\/\/fjala.info\/2009-2015\/wp-content\/uploads\/2012\/02\/arben_cokaj-120x150.jpg","caption":"admin"},"description":"Admin, Fjala e Lir\u00eb","sameAs":["https:\/\/fjala.info\/"],"url":"https:\/\/fjala.info\/2009-2015\/author\/admin\/"}]}},"_links":{"self":[{"href":"https:\/\/fjala.info\/2009-2015\/wp-json\/wp\/v2\/posts\/6180","targetHints":{"allow":["GET"]}}],"collection":[{"href":"https:\/\/fjala.info\/2009-2015\/wp-json\/wp\/v2\/posts"}],"about":[{"href":"https:\/\/fjala.info\/2009-2015\/wp-json\/wp\/v2\/types\/post"}],"author":[{"embeddable":true,"href":"https:\/\/fjala.info\/2009-2015\/wp-json\/wp\/v2\/users\/1"}],"replies":[{"embeddable":true,"href":"https:\/\/fjala.info\/2009-2015\/wp-json\/wp\/v2\/comments?post=6180"}],"version-history":[{"count":0,"href":"https:\/\/fjala.info\/2009-2015\/wp-json\/wp\/v2\/posts\/6180\/revisions"}],"wp:attachment":[{"href":"https:\/\/fjala.info\/2009-2015\/wp-json\/wp\/v2\/media?parent=6180"}],"wp:term":[{"taxonomy":"category","embeddable":true,"href":"https:\/\/fjala.info\/2009-2015\/wp-json\/wp\/v2\/categories?post=6180"},{"taxonomy":"post_tag","embeddable":true,"href":"https:\/\/fjala.info\/2009-2015\/wp-json\/wp\/v2\/tags?post=6180"}],"curies":[{"name":"wp","href":"https:\/\/api.w.org\/{rel}","templated":true}]}}