{"id":6177,"date":"2011-02-05T21:52:30","date_gmt":"2011-02-05T20:52:30","guid":{"rendered":"http:\/\/fjala.shkoder.net\/?p=6177"},"modified":"2011-02-05T21:52:30","modified_gmt":"2011-02-05T20:52:30","slug":"duke-e-pritur-qeverine-qe-e-presin-negociatat","status":"publish","type":"post","link":"https:\/\/fjala.info\/2009-2015\/duke-e-pritur-qeverine-qe-e-presin-negociatat\/","title":{"rendered":"Duke e pritur qeverin\u00eb q\u00eb e presin negociatat"},"content":{"rendered":"<p><img loading=\"lazy\" decoding=\"async\" class=\"alignleft size-full wp-image-5226\" title=\"Albin Kurti\" src=\"http:\/\/fjala.shkoder.net\/wp-content\/uploads\/2010\/12\/albin_kurti2.jpg\" alt=\"\" width=\"150\" height=\"110\" \/><br \/>\nNga <strong>Albin Kurti<\/strong><\/p>\n<p>Gati p\u00ebr \u00e7do dit\u00eb kemi nga nj\u00eb lajm p\u00ebr negociatat e ardhshme nd\u00ebrmjet Kosov\u00ebs dhe Serbis\u00eb. Nuk \u00ebsht\u00eb se thuhet di\u00e7ka faktikisht e re, por vet\u00ebm p\u00ebrs\u00ebriten gj\u00ebrat tashm\u00eb t\u00eb vjetra me ndonj\u00eb parashikim t\u00eb ri. Nuk kemi ngjarje q\u00eb b\u00ebhen lajm, por kemi lajme q\u00eb p\u00ebrb\u00ebjn\u00eb ngjarje. Spekulohet p\u00ebr vendin dhe koh\u00ebn e fillimit t\u00eb negociatave, temat dhe politikan\u00ebt q\u00eb do t\u2019i negociojn\u00eb ato.<\/p>\n<p>Pra, lajm b\u00ebhen dyshimet e reja rreth negociatave, n\u00eb m\u00ebnyr\u00eb q\u00eb vet\u00eb negociatat e reja t\u00eb jen\u00eb t\u00eb padyshimta. Lajmet aktuale lidhur me negociatat e ardhshme synojn\u00eb q\u00eb nisja e k\u00ebtyre negociatave n\u00eb t\u00eb ardhmen t\u00eb mos paraqes\u00eb m\u00eb lajm. K\u00ebto lajme q\u00eb m\u00eb shum\u00eb shprehin hamend\u00ebsime teknike p\u00ebr negociatat sesa q\u00eb transmetojn\u00eb fakte p\u00ebr to, jan\u00eb fare pak n\u00eb sh\u00ebrbim t\u00eb informimit t\u00eb publikut dhe jan\u00eb tep\u00ebr shum\u00eb n\u00eb funksion t\u00eb normalizimit t\u00eb ides\u00eb e projektit t\u00eb negociatave. Mbase besohet q\u00eb njer\u00ebzit do t\u00eb m\u00ebsohen me iden\u00eb e rifillimit t\u00eb negociatave, dhe pastaj nuk do t\u00eb mund t\u00eb shtiren se jan\u00eb t\u00eb befasuar kur ato do t\u00eb fillojn\u00eb.<\/p>\n<p>T\u00eb gjitha k\u00ebto lajme q\u00eb s\u2019jan\u00eb lajme, duke qen\u00eb t\u00eb reduktueshme n\u00eb paralajm\u00ebrimin e p\u00ebrs\u00ebritur p\u00ebr negociatat, po zhvillohen paralelisht me orvatjet p\u00ebr ta arnuar koalicionin e ri qeveritar n\u00eb Kosov\u00eb. Partit\u00eb e ndryshme politike po luajn\u00eb ping-pong me nj\u00ebra-tjetr\u00ebn p\u00ebrmes deklaratave teksa p\u00ebrpiqen t\u2019ia ngrisin pazarin vetes. E gjith\u00eb kjo loj\u00eb p\u00ebr pushtet q\u00eb zhvillohet n\u00eb llogari t\u00eb shtetit t\u00eb Kosov\u00ebs po e v\u00ebrteton q\u00eb e p\u00ebrbashk\u00ebta e partive politike n\u00eb Kosov\u00eb \u00ebsht\u00eb konceptuale, nd\u00ebrsa dallimet nd\u00ebrmjet tyre jan\u00eb ve\u00e7se personale. Dhe, natyrisht, asnj\u00ebr\u00ebn prej tyre nuk mund t\u2019i akuzoj\u00eb kush p\u00ebr devijim meqen\u00ebse nuk mund t\u00eb devijojn\u00eb ata q\u00eb s\u2019kan\u00eb bosht.<\/p>\n<p>K\u00ebshtu, p\u00ebrderisa n\u00eb nj\u00ebr\u00ebn an\u00eb po sforcohet projekti i negociatave me Serbin\u00eb p\u00ebr \u00e7\u00ebshtjet e brendshme t\u00eb shtetit t\u00eb Kosov\u00ebs, n\u00eb an\u00ebn tjet\u00ebr, partit\u00eb dhe krer\u00ebt e tyre po shp\u00ebrfaqen si asnj\u00ebher\u00eb m\u00eb par\u00eb n\u00eb dob\u00ebsin\u00eb e tyre q\u00eb u vjen nga lakmia p\u00ebr pushtet. Ata q\u00eb do t\u00eb b\u00ebhen bashk\u00eb n\u00eb qeverisje tanim\u00eb e din\u00eb q\u00eb menj\u00ebher\u00eb do t\u00eb jen\u00eb bashk\u00eb edhe n\u00eb negociata me Serbin\u00eb p\u00ebr Kosov\u00ebn. Temat p\u00ebr diskutim dihen meq\u00eb ato i ka p\u00ebrcaktuar 6 Pik\u00ebshi fam\u00ebkeq i Ban Ki-moon-it, i cili Planin e Ahtisaarit e avanson n\u00eb drejtim t\u00eb modelit t\u00eb Bosnjes.<\/p>\n<p>Sigurisht q\u00eb politikan\u00ebt e negociatave nuk e thon\u00eb q\u00eb k\u00ebto negociatat e ardhshme po b\u00ebhen p\u00ebr ta sajuar nj\u00eb entitet autonom serb brenda Kosov\u00ebs. N\u00eb rastin m\u00eb t\u00eb mir\u00eb, ata e pranojn\u00eb q\u00eb ky \u00ebsht\u00eb q\u00ebllimi i Serbis\u00eb, por jo edhe se ky \u00ebsht\u00eb rezultati i mundsh\u00ebm. Ata preferojn\u00eb q\u00eb k\u00ebto negociata t\u00eb shihen n\u00eb kuad\u00ebr t\u00eb integrimeve evropiane sepse, k\u00ebsisoj, besojn\u00eb q\u00eb ato b\u00ebhen m\u00eb t\u00eb pranueshme p\u00ebr publikun shqiptar. Pa dyshim q\u00eb k\u00ebto negociata kan\u00eb t\u00eb b\u00ebjn\u00eb me integrimet evropiane, por ama me integrimin e Serbis\u00eb n\u00eb BE dhe jo me integrimin e Kosov\u00ebs n\u00eb BE. Serbia realisht po hyn si shtet n\u00eb rrug\u00ebn e integrimit p\u00ebr n\u00eb BE, kurse Kosov\u00ebs si popullsi i premtohet udh\u00ebtim pa viza n\u00eb BE.<\/p>\n<p>Serbia ka nevoj\u00eb t\u00eb jasht\u00ebzakonshme q\u00eb t\u00eb tregoj\u00eb se i ka marr\u00ebdh\u00ebniet e mira me t\u00eb gjitha vendet p\u00ebrreth saj. Serbis\u00eb d\u00ebshp\u00ebruesh\u00ebm i duhet ta d\u00ebshmoj\u00eb fqinj\u00ebsin\u00eb e mir\u00eb me Kosov\u00ebn. P\u00ebrndryshe ajo nuk avanson dot drejt Brukselit. Kosova, por edhe Shqip\u00ebria, kan\u00eb arsye t\u00eb panum\u00ebrta q\u00eb t\u00eb mos ia leht\u00ebsojn\u00eb Serbis\u00eb integrimin n\u00eb BE. Aq m\u00eb tep\u00ebr q\u00eb Serbia e do k\u00ebt\u00eb integrim para Shqip\u00ebris\u00eb e Kosov\u00ebs pik\u00ebrisht q\u00eb k\u00ebtyre dyjave t\u2019ua v\u00ebshtir\u00ebsoj\u00eb rrug\u00ebtimin e integrimeve evropiane (ngjash\u00ebm si\u00e7 b\u00ebn Greqia me Maqedonin\u00eb). Madje, Prishtina e Tirana do t\u00eb mund t\u2019i shikonin mund\u00ebsit\u00eb edhe p\u00ebr aleanca n\u00eb Sarajev\u00eb e Zagreb kund\u00ebr Beogradit. Ia vlen t\u00eb synohet ajo q\u00eb s\u2019u pat b\u00ebr\u00eb n\u00eb fillim t\u00eb \u201990-tave: nj\u00eb koalicion i republikave q\u00eb dol\u00ebn nga shp\u00ebrb\u00ebrja e ish Jugosllavis\u00eb kund\u00ebr hegjemonis\u00eb s\u00eb Beogradit.<\/p>\n<p>Fundja, Sarajeva e Zagrebi e din\u00eb mir\u00eb q\u00eb Sebia n\u00eb luft\u00ebrat q\u00eb i shkaktoi n\u00eb dekad\u00ebn e fundit t\u00eb shekullit t\u00eb kaluar ka vrar\u00eb edhe m\u00eb shum\u00eb boshnjak\u00eb e kroat\u00eb sesa shqiptar\u00eb. Jan\u00eb me dhjet\u00ebra mij\u00ebra kriminel\u00eb serb\u00eb q\u00eb sh\u00ebtisin t\u00eb lir\u00eb n\u00ebp\u00ebr Serbi pasi q\u00eb kan\u00eb vrar\u00eb rreth 200.000 joserb\u00eb n\u00eb ato luft\u00ebra. Prishtina e Tirana, por edhe Sarajeva e Zagrebi, nuk mund ta shikojn\u00eb Beogradin me syt\u00eb e Brukselit.<\/p>\n<p>Posa\u00e7\u00ebrisht shqiptar\u00ebt dhe politikan\u00ebt shqiptar\u00eb kurrsesi nuk duhet t\u2019i ndihmojn\u00eb Serbis\u00eb. Serbia e ka t\u00eb shkuar\u00ebn kriminale n\u00eb Kosov\u00eb p\u00ebr shkak t\u00eb agresionit, okupimit, gjenocidit, shtypjes e diskriminimit p\u00ebr m\u00eb shum\u00eb se nj\u00eb shekull. T\u2019i ndihmosh Serbis\u00eb p\u00ebrderisa ajo s\u2019na ka k\u00ebrkuar falje dhe s\u2019ka paguar d\u00ebmshp\u00ebrblim p\u00ebr okupimin, apartheidin dhe luft\u00ebn, do t\u00eb thot\u00eb t\u2019ia fal\u00ebsh asaj t\u00eb gjitha krimet nga e kaluara.<\/p>\n<p>Shqiptar\u00ebt dhe politikan\u00ebt shqiptar\u00eb kurrsesi nuk duhet t\u2019i ndihmojn\u00eb Serbis\u00eb q\u00eb po ashtu e ka t\u00eb tashmen dhe t\u00eb ardhmen kriminale n\u00eb Kosov\u00eb. Strukturat paralele t\u00eb Serbis\u00eb kontrollojn\u00eb \u00e7erekun e territorit t\u00eb Kosov\u00ebs nd\u00ebrkaq planet e Serbis\u00eb vazhdojn\u00eb t\u00eb jen\u00eb antishqiptare. T\u2019i ndihmosh Serbis\u00eb p\u00ebrderisa ajo s\u2019na njeh si shtet i pavarur dhe i financon strukturat paralele, do t\u00eb thot\u00eb t\u2019ia njoh\u00ebsh asaj aspiratat hegjemoniste p\u00ebr Kosov\u00ebn dhe t\u2019ia pranosh strukturat paralele n\u00eb Kosov\u00eb.<\/p>\n<p>T\u00eb gjith\u00eb politikan\u00ebt shqiptar\u00eb q\u00eb shprehin gatishm\u00ebri p\u00ebr t\u2019u takuar me Boris Tadiqin dhe p\u00ebr t\u00eb negociuar me Serbin\u00eb p\u00ebr Kosov\u00ebn duhet ta ken\u00eb t\u00eb qart\u00eb q\u00eb nuk mund t\u2019i ndihmojn\u00eb Serbis\u00eb pa e d\u00ebmtuar Kosov\u00ebn.<\/p>\n<p><em>Prishtin\u00eb, 1 shkurt 2011<\/em><\/p>\n","protected":false},"excerpt":{"rendered":"<p>Nga Albin Kurti Gati p\u00ebr \u00e7do dit\u00eb kemi nga nj\u00eb lajm p\u00ebr negociatat e ardhshme nd\u00ebrmjet Kosov\u00ebs dhe Serbis\u00eb. Nuk \u00ebsht\u00eb se thuhet di\u00e7ka faktikisht e re, por vet\u00ebm p\u00ebrs\u00ebriten gj\u00ebrat tashm\u00eb t\u00eb vjetra me ndonj\u00eb parashikim t\u00eb ri. Nuk kemi ngjarje q\u00eb b\u00ebhen lajm, por kemi lajme q\u00eb p\u00ebrb\u00ebjn\u00eb ngjarje. Spekulohet p\u00ebr vendin dhe [&hellip;]<\/p>\n","protected":false},"author":1,"featured_media":0,"comment_status":"open","ping_status":"closed","sticky":false,"template":"","format":"standard","meta":{"footnotes":""},"categories":[2],"tags":[],"class_list":{"0":"post-6177","1":"post","2":"type-post","3":"status-publish","4":"format-standard","6":"category-artikuj"},"yoast_head":"<!-- This site is optimized with the Yoast SEO plugin v27.4 - https:\/\/yoast.com\/product\/yoast-seo-wordpress\/ -->\n<title>Duke e pritur qeverin\u00eb q\u00eb e presin negociatat - FjALA e LIR\u00cb - Arkivi<\/title>\n<meta name=\"robots\" content=\"index, follow, max-snippet:-1, max-image-preview:large, max-video-preview:-1\" \/>\n<link rel=\"canonical\" href=\"https:\/\/fjala.info\/2009-2015\/duke-e-pritur-qeverine-qe-e-presin-negociatat\/\" \/>\n<meta property=\"og:locale\" content=\"sq_AL\" \/>\n<meta property=\"og:type\" content=\"article\" \/>\n<meta property=\"og:title\" content=\"Duke e pritur qeverin\u00eb q\u00eb e presin negociatat - FjALA e LIR\u00cb - Arkivi\" \/>\n<meta property=\"og:description\" content=\"Nga Albin Kurti Gati p\u00ebr \u00e7do dit\u00eb kemi nga nj\u00eb lajm p\u00ebr negociatat e ardhshme nd\u00ebrmjet Kosov\u00ebs dhe Serbis\u00eb. Nuk \u00ebsht\u00eb se thuhet di\u00e7ka faktikisht e re, por vet\u00ebm p\u00ebrs\u00ebriten gj\u00ebrat tashm\u00eb t\u00eb vjetra me ndonj\u00eb parashikim t\u00eb ri. Nuk kemi ngjarje q\u00eb b\u00ebhen lajm, por kemi lajme q\u00eb p\u00ebrb\u00ebjn\u00eb ngjarje. Spekulohet p\u00ebr vendin dhe [&hellip;]\" \/>\n<meta property=\"og:url\" content=\"https:\/\/fjala.info\/2009-2015\/duke-e-pritur-qeverine-qe-e-presin-negociatat\/\" \/>\n<meta property=\"og:site_name\" content=\"FjALA e LIR\u00cb - Arkivi\" \/>\n<meta property=\"article:published_time\" content=\"2011-02-05T20:52:30+00:00\" \/>\n<meta property=\"og:image\" content=\"http:\/\/fjala.shkoder.net\/wp-content\/uploads\/2010\/12\/albin_kurti2.jpg\" \/>\n<meta name=\"author\" content=\"admin\" \/>\n<meta name=\"twitter:card\" content=\"summary_large_image\" \/>\n<meta name=\"twitter:label1\" content=\"Written by\" \/>\n\t<meta name=\"twitter:data1\" content=\"admin\" \/>\n\t<meta name=\"twitter:label2\" content=\"Est. reading time\" \/>\n\t<meta name=\"twitter:data2\" content=\"5 minutes\" \/>\n<script type=\"application\/ld+json\" class=\"yoast-schema-graph\">{\"@context\":\"https:\\\/\\\/schema.org\",\"@graph\":[{\"@type\":\"Article\",\"@id\":\"https:\\\/\\\/fjala.info\\\/2009-2015\\\/duke-e-pritur-qeverine-qe-e-presin-negociatat\\\/#article\",\"isPartOf\":{\"@id\":\"https:\\\/\\\/fjala.info\\\/2009-2015\\\/duke-e-pritur-qeverine-qe-e-presin-negociatat\\\/\"},\"author\":{\"name\":\"admin\",\"@id\":\"https:\\\/\\\/fjala.info\\\/2009-2015\\\/#\\\/schema\\\/person\\\/3aa1163ef05469c496fc94e77611ada2\"},\"headline\":\"Duke e pritur qeverin\u00eb q\u00eb e presin negociatat\",\"datePublished\":\"2011-02-05T20:52:30+00:00\",\"mainEntityOfPage\":{\"@id\":\"https:\\\/\\\/fjala.info\\\/2009-2015\\\/duke-e-pritur-qeverine-qe-e-presin-negociatat\\\/\"},\"wordCount\":1061,\"commentCount\":0,\"publisher\":{\"@id\":\"https:\\\/\\\/fjala.info\\\/2009-2015\\\/#organization\"},\"image\":{\"@id\":\"https:\\\/\\\/fjala.info\\\/2009-2015\\\/duke-e-pritur-qeverine-qe-e-presin-negociatat\\\/#primaryimage\"},\"thumbnailUrl\":\"http:\\\/\\\/fjala.shkoder.net\\\/wp-content\\\/uploads\\\/2010\\\/12\\\/albin_kurti2.jpg\",\"articleSection\":[\"Artikuj\"],\"inLanguage\":\"sq-AL\",\"potentialAction\":[{\"@type\":\"CommentAction\",\"name\":\"Comment\",\"target\":[\"https:\\\/\\\/fjala.info\\\/2009-2015\\\/duke-e-pritur-qeverine-qe-e-presin-negociatat\\\/#respond\"]}]},{\"@type\":\"WebPage\",\"@id\":\"https:\\\/\\\/fjala.info\\\/2009-2015\\\/duke-e-pritur-qeverine-qe-e-presin-negociatat\\\/\",\"url\":\"https:\\\/\\\/fjala.info\\\/2009-2015\\\/duke-e-pritur-qeverine-qe-e-presin-negociatat\\\/\",\"name\":\"Duke e pritur qeverin\u00eb q\u00eb e presin negociatat - FjALA e LIR\u00cb - Arkivi\",\"isPartOf\":{\"@id\":\"https:\\\/\\\/fjala.info\\\/2009-2015\\\/#website\"},\"primaryImageOfPage\":{\"@id\":\"https:\\\/\\\/fjala.info\\\/2009-2015\\\/duke-e-pritur-qeverine-qe-e-presin-negociatat\\\/#primaryimage\"},\"image\":{\"@id\":\"https:\\\/\\\/fjala.info\\\/2009-2015\\\/duke-e-pritur-qeverine-qe-e-presin-negociatat\\\/#primaryimage\"},\"thumbnailUrl\":\"http:\\\/\\\/fjala.shkoder.net\\\/wp-content\\\/uploads\\\/2010\\\/12\\\/albin_kurti2.jpg\",\"datePublished\":\"2011-02-05T20:52:30+00:00\",\"breadcrumb\":{\"@id\":\"https:\\\/\\\/fjala.info\\\/2009-2015\\\/duke-e-pritur-qeverine-qe-e-presin-negociatat\\\/#breadcrumb\"},\"inLanguage\":\"sq-AL\",\"potentialAction\":[{\"@type\":\"ReadAction\",\"target\":[\"https:\\\/\\\/fjala.info\\\/2009-2015\\\/duke-e-pritur-qeverine-qe-e-presin-negociatat\\\/\"]}]},{\"@type\":\"ImageObject\",\"inLanguage\":\"sq-AL\",\"@id\":\"https:\\\/\\\/fjala.info\\\/2009-2015\\\/duke-e-pritur-qeverine-qe-e-presin-negociatat\\\/#primaryimage\",\"url\":\"http:\\\/\\\/fjala.shkoder.net\\\/wp-content\\\/uploads\\\/2010\\\/12\\\/albin_kurti2.jpg\",\"contentUrl\":\"http:\\\/\\\/fjala.shkoder.net\\\/wp-content\\\/uploads\\\/2010\\\/12\\\/albin_kurti2.jpg\"},{\"@type\":\"BreadcrumbList\",\"@id\":\"https:\\\/\\\/fjala.info\\\/2009-2015\\\/duke-e-pritur-qeverine-qe-e-presin-negociatat\\\/#breadcrumb\",\"itemListElement\":[{\"@type\":\"ListItem\",\"position\":1,\"name\":\"Home\",\"item\":\"https:\\\/\\\/fjala.info\\\/2009-2015\\\/\"},{\"@type\":\"ListItem\",\"position\":2,\"name\":\"Duke e pritur qeverin\u00eb q\u00eb e presin negociatat\"}]},{\"@type\":\"WebSite\",\"@id\":\"https:\\\/\\\/fjala.info\\\/2009-2015\\\/#website\",\"url\":\"https:\\\/\\\/fjala.info\\\/2009-2015\\\/\",\"name\":\"FjALA e LIR\u00cb - Arkivi\",\"description\":\"Arkivi 2009-2015\",\"publisher\":{\"@id\":\"https:\\\/\\\/fjala.info\\\/2009-2015\\\/#organization\"},\"potentialAction\":[{\"@type\":\"SearchAction\",\"target\":{\"@type\":\"EntryPoint\",\"urlTemplate\":\"https:\\\/\\\/fjala.info\\\/2009-2015\\\/?s={search_term_string}\"},\"query-input\":{\"@type\":\"PropertyValueSpecification\",\"valueRequired\":true,\"valueName\":\"search_term_string\"}}],\"inLanguage\":\"sq-AL\"},{\"@type\":\"Organization\",\"@id\":\"https:\\\/\\\/fjala.info\\\/2009-2015\\\/#organization\",\"name\":\"FjALA e LIR\u00cb - Arkivi\",\"url\":\"https:\\\/\\\/fjala.info\\\/2009-2015\\\/\",\"logo\":{\"@type\":\"ImageObject\",\"inLanguage\":\"sq-AL\",\"@id\":\"https:\\\/\\\/fjala.info\\\/2009-2015\\\/#\\\/schema\\\/logo\\\/image\\\/\",\"url\":\"\",\"contentUrl\":\"\",\"caption\":\"FjALA e LIR\u00cb - Arkivi\"},\"image\":{\"@id\":\"https:\\\/\\\/fjala.info\\\/2009-2015\\\/#\\\/schema\\\/logo\\\/image\\\/\"}},{\"@type\":\"Person\",\"@id\":\"https:\\\/\\\/fjala.info\\\/2009-2015\\\/#\\\/schema\\\/person\\\/3aa1163ef05469c496fc94e77611ada2\",\"name\":\"admin\",\"image\":{\"@type\":\"ImageObject\",\"inLanguage\":\"sq-AL\",\"@id\":\"https:\\\/\\\/fjala.info\\\/2009-2015\\\/wp-content\\\/uploads\\\/2012\\\/02\\\/arben_cokaj-120x150.jpg\",\"url\":\"https:\\\/\\\/fjala.info\\\/2009-2015\\\/wp-content\\\/uploads\\\/2012\\\/02\\\/arben_cokaj-120x150.jpg\",\"contentUrl\":\"https:\\\/\\\/fjala.info\\\/2009-2015\\\/wp-content\\\/uploads\\\/2012\\\/02\\\/arben_cokaj-120x150.jpg\",\"caption\":\"admin\"},\"description\":\"Admin, Fjala e Lir\u00eb\",\"sameAs\":[\"https:\\\/\\\/fjala.info\\\/\"],\"url\":\"https:\\\/\\\/fjala.info\\\/2009-2015\\\/author\\\/admin\\\/\"}]}<\/script>\n<!-- \/ Yoast SEO plugin. -->","yoast_head_json":{"title":"Duke e pritur qeverin\u00eb q\u00eb e presin negociatat - FjALA e LIR\u00cb - Arkivi","robots":{"index":"index","follow":"follow","max-snippet":"max-snippet:-1","max-image-preview":"max-image-preview:large","max-video-preview":"max-video-preview:-1"},"canonical":"https:\/\/fjala.info\/2009-2015\/duke-e-pritur-qeverine-qe-e-presin-negociatat\/","og_locale":"sq_AL","og_type":"article","og_title":"Duke e pritur qeverin\u00eb q\u00eb e presin negociatat - FjALA e LIR\u00cb - Arkivi","og_description":"Nga Albin Kurti Gati p\u00ebr \u00e7do dit\u00eb kemi nga nj\u00eb lajm p\u00ebr negociatat e ardhshme nd\u00ebrmjet Kosov\u00ebs dhe Serbis\u00eb. Nuk \u00ebsht\u00eb se thuhet di\u00e7ka faktikisht e re, por vet\u00ebm p\u00ebrs\u00ebriten gj\u00ebrat tashm\u00eb t\u00eb vjetra me ndonj\u00eb parashikim t\u00eb ri. Nuk kemi ngjarje q\u00eb b\u00ebhen lajm, por kemi lajme q\u00eb p\u00ebrb\u00ebjn\u00eb ngjarje. Spekulohet p\u00ebr vendin dhe [&hellip;]","og_url":"https:\/\/fjala.info\/2009-2015\/duke-e-pritur-qeverine-qe-e-presin-negociatat\/","og_site_name":"FjALA e LIR\u00cb - Arkivi","article_published_time":"2011-02-05T20:52:30+00:00","og_image":[{"url":"http:\/\/fjala.shkoder.net\/wp-content\/uploads\/2010\/12\/albin_kurti2.jpg","type":"","width":"","height":""}],"author":"admin","twitter_card":"summary_large_image","twitter_misc":{"Written by":"admin","Est. reading time":"5 minutes"},"schema":{"@context":"https:\/\/schema.org","@graph":[{"@type":"Article","@id":"https:\/\/fjala.info\/2009-2015\/duke-e-pritur-qeverine-qe-e-presin-negociatat\/#article","isPartOf":{"@id":"https:\/\/fjala.info\/2009-2015\/duke-e-pritur-qeverine-qe-e-presin-negociatat\/"},"author":{"name":"admin","@id":"https:\/\/fjala.info\/2009-2015\/#\/schema\/person\/3aa1163ef05469c496fc94e77611ada2"},"headline":"Duke e pritur qeverin\u00eb q\u00eb e presin negociatat","datePublished":"2011-02-05T20:52:30+00:00","mainEntityOfPage":{"@id":"https:\/\/fjala.info\/2009-2015\/duke-e-pritur-qeverine-qe-e-presin-negociatat\/"},"wordCount":1061,"commentCount":0,"publisher":{"@id":"https:\/\/fjala.info\/2009-2015\/#organization"},"image":{"@id":"https:\/\/fjala.info\/2009-2015\/duke-e-pritur-qeverine-qe-e-presin-negociatat\/#primaryimage"},"thumbnailUrl":"http:\/\/fjala.shkoder.net\/wp-content\/uploads\/2010\/12\/albin_kurti2.jpg","articleSection":["Artikuj"],"inLanguage":"sq-AL","potentialAction":[{"@type":"CommentAction","name":"Comment","target":["https:\/\/fjala.info\/2009-2015\/duke-e-pritur-qeverine-qe-e-presin-negociatat\/#respond"]}]},{"@type":"WebPage","@id":"https:\/\/fjala.info\/2009-2015\/duke-e-pritur-qeverine-qe-e-presin-negociatat\/","url":"https:\/\/fjala.info\/2009-2015\/duke-e-pritur-qeverine-qe-e-presin-negociatat\/","name":"Duke e pritur qeverin\u00eb q\u00eb e presin negociatat - FjALA e LIR\u00cb - Arkivi","isPartOf":{"@id":"https:\/\/fjala.info\/2009-2015\/#website"},"primaryImageOfPage":{"@id":"https:\/\/fjala.info\/2009-2015\/duke-e-pritur-qeverine-qe-e-presin-negociatat\/#primaryimage"},"image":{"@id":"https:\/\/fjala.info\/2009-2015\/duke-e-pritur-qeverine-qe-e-presin-negociatat\/#primaryimage"},"thumbnailUrl":"http:\/\/fjala.shkoder.net\/wp-content\/uploads\/2010\/12\/albin_kurti2.jpg","datePublished":"2011-02-05T20:52:30+00:00","breadcrumb":{"@id":"https:\/\/fjala.info\/2009-2015\/duke-e-pritur-qeverine-qe-e-presin-negociatat\/#breadcrumb"},"inLanguage":"sq-AL","potentialAction":[{"@type":"ReadAction","target":["https:\/\/fjala.info\/2009-2015\/duke-e-pritur-qeverine-qe-e-presin-negociatat\/"]}]},{"@type":"ImageObject","inLanguage":"sq-AL","@id":"https:\/\/fjala.info\/2009-2015\/duke-e-pritur-qeverine-qe-e-presin-negociatat\/#primaryimage","url":"http:\/\/fjala.shkoder.net\/wp-content\/uploads\/2010\/12\/albin_kurti2.jpg","contentUrl":"http:\/\/fjala.shkoder.net\/wp-content\/uploads\/2010\/12\/albin_kurti2.jpg"},{"@type":"BreadcrumbList","@id":"https:\/\/fjala.info\/2009-2015\/duke-e-pritur-qeverine-qe-e-presin-negociatat\/#breadcrumb","itemListElement":[{"@type":"ListItem","position":1,"name":"Home","item":"https:\/\/fjala.info\/2009-2015\/"},{"@type":"ListItem","position":2,"name":"Duke e pritur qeverin\u00eb q\u00eb e presin negociatat"}]},{"@type":"WebSite","@id":"https:\/\/fjala.info\/2009-2015\/#website","url":"https:\/\/fjala.info\/2009-2015\/","name":"FjALA e LIR\u00cb - Arkivi","description":"Arkivi 2009-2015","publisher":{"@id":"https:\/\/fjala.info\/2009-2015\/#organization"},"potentialAction":[{"@type":"SearchAction","target":{"@type":"EntryPoint","urlTemplate":"https:\/\/fjala.info\/2009-2015\/?s={search_term_string}"},"query-input":{"@type":"PropertyValueSpecification","valueRequired":true,"valueName":"search_term_string"}}],"inLanguage":"sq-AL"},{"@type":"Organization","@id":"https:\/\/fjala.info\/2009-2015\/#organization","name":"FjALA e LIR\u00cb - Arkivi","url":"https:\/\/fjala.info\/2009-2015\/","logo":{"@type":"ImageObject","inLanguage":"sq-AL","@id":"https:\/\/fjala.info\/2009-2015\/#\/schema\/logo\/image\/","url":"","contentUrl":"","caption":"FjALA e LIR\u00cb - Arkivi"},"image":{"@id":"https:\/\/fjala.info\/2009-2015\/#\/schema\/logo\/image\/"}},{"@type":"Person","@id":"https:\/\/fjala.info\/2009-2015\/#\/schema\/person\/3aa1163ef05469c496fc94e77611ada2","name":"admin","image":{"@type":"ImageObject","inLanguage":"sq-AL","@id":"https:\/\/fjala.info\/2009-2015\/wp-content\/uploads\/2012\/02\/arben_cokaj-120x150.jpg","url":"https:\/\/fjala.info\/2009-2015\/wp-content\/uploads\/2012\/02\/arben_cokaj-120x150.jpg","contentUrl":"https:\/\/fjala.info\/2009-2015\/wp-content\/uploads\/2012\/02\/arben_cokaj-120x150.jpg","caption":"admin"},"description":"Admin, Fjala e Lir\u00eb","sameAs":["https:\/\/fjala.info\/"],"url":"https:\/\/fjala.info\/2009-2015\/author\/admin\/"}]}},"_links":{"self":[{"href":"https:\/\/fjala.info\/2009-2015\/wp-json\/wp\/v2\/posts\/6177","targetHints":{"allow":["GET"]}}],"collection":[{"href":"https:\/\/fjala.info\/2009-2015\/wp-json\/wp\/v2\/posts"}],"about":[{"href":"https:\/\/fjala.info\/2009-2015\/wp-json\/wp\/v2\/types\/post"}],"author":[{"embeddable":true,"href":"https:\/\/fjala.info\/2009-2015\/wp-json\/wp\/v2\/users\/1"}],"replies":[{"embeddable":true,"href":"https:\/\/fjala.info\/2009-2015\/wp-json\/wp\/v2\/comments?post=6177"}],"version-history":[{"count":0,"href":"https:\/\/fjala.info\/2009-2015\/wp-json\/wp\/v2\/posts\/6177\/revisions"}],"wp:attachment":[{"href":"https:\/\/fjala.info\/2009-2015\/wp-json\/wp\/v2\/media?parent=6177"}],"wp:term":[{"taxonomy":"category","embeddable":true,"href":"https:\/\/fjala.info\/2009-2015\/wp-json\/wp\/v2\/categories?post=6177"},{"taxonomy":"post_tag","embeddable":true,"href":"https:\/\/fjala.info\/2009-2015\/wp-json\/wp\/v2\/tags?post=6177"}],"curies":[{"name":"wp","href":"https:\/\/api.w.org\/{rel}","templated":true}]}}