{"id":6173,"date":"2011-02-05T11:43:26","date_gmt":"2011-02-05T10:43:26","guid":{"rendered":"http:\/\/fjala.shkoder.net\/?p=6173"},"modified":"2011-02-05T11:43:26","modified_gmt":"2011-02-05T10:43:26","slug":"profili-psikologjik-i-kryeministrit","status":"publish","type":"post","link":"https:\/\/fjala.info\/2009-2015\/profili-psikologjik-i-kryeministrit\/","title":{"rendered":"Profili psikologjik i Kryeministrit"},"content":{"rendered":"<p><img loading=\"lazy\" decoding=\"async\" class=\"alignright size-medium wp-image-6174\" title=\"berisha_paranoje\" src=\"http:\/\/fjala.shkoder.net\/wp-content\/uploads\/2011\/02\/berisha_paranoje-300x185.jpg\" alt=\"\" width=\"300\" height=\"185\" \/><br \/>\n<strong>Shekulli<\/strong>, <em>05.02.2011<\/em><\/p>\n<p>&#8220;Shekulli&#8221; iu drejtua nj\u00eb grupi prej tri mjek\u00ebsh psikiat\u00ebr dy prej t\u00eb cil\u00ebve me veprimtari profesionale n\u00eb Shqip\u00ebri dhe nj\u00eb jasht\u00eb saj. Dy prej tyre jan\u00eb t\u00eb vjet\u00ebr n\u00eb profesion dhe i treti \u00ebsht\u00eb i sapo-diplomuar. (Psikolog Msc.)<\/p>\n<p>Atyre iu k\u00ebrkua n\u00eb m\u00ebnyr\u00eb t\u00eb pavarur nga nj\u00ebri tjetri, t\u00eb kryenin nj\u00eb profil psikologjik t\u00eb disa politikan\u00ebve shqiptar\u00eb, mes t\u00eb cil\u00ebve edhe at\u00eb t\u00eb kreut aktual t\u00eb Ekzekutivit n\u00eb Shqip\u00ebri, Sali Berisha. Interesant \u00ebsht\u00eb q\u00eb n\u00eb rastin e tij, t\u00eb tri mjek\u00ebt, kan\u00eb pohuar t\u00eb nj\u00ebjt\u00ebn diagnoz\u00eb: \u00e7rregullim paranoid i personalitetit. M\u00eb posht\u00eb \u00ebsht\u00eb shpjegimi i k\u00ebsaj diagnoze. Teksti i m\u00ebposht\u00ebm, \u00ebsht\u00eb profesional, shkencor, dhe i mb\u00ebshtetur n\u00eb literatur\u00ebn p\u00ebrkat\u00ebse t\u00eb cituar:<\/p>\n<p>&#8220;&#8230; \u00cbsht\u00eb e v\u00ebrtet\u00eb q\u00eb koh\u00ebt e fundit kemi d\u00ebgjuar shpesh n\u00eb biseda t\u00eb lira apo n\u00eb studio q\u00eb t\u00eb flitet p\u00ebr termin paranoj\u00eb, apo t\u00eb etiketohet kryeministri i vendit si paranojak etj. P\u00ebr t\u00eb dh\u00ebn\u00eb nj\u00eb p\u00ebrgjigje shkencore mbi k\u00ebt\u00eb etiketim shoq\u00ebror, le t&#8217;i referohemi: &#8220;American Heritage Dictionary&#8221;. N\u00eb t\u00eb ka dy p\u00ebrkufizime p\u00ebr paranoj\u00ebn p\u00ebrkat\u00ebsisht:<\/p>\n<p>1. \u00e7rregullim psikotik q\u00eb karakterizohet nga deluzione persekutimi (me ose pa ndjenj\u00ebn e madh\u00ebshtis\u00eb) i cili shpesh mbrohet me ngulm pa logjik\u00eb dhe pa arsyetim t\u00eb duksh\u00ebm.<\/p>\n<p>2. mosbesim ekstrem dhe irracional<\/p>\n<p>P\u00ebr t\u00eb patur nj\u00eb ide m\u00eb profesionale dhe p\u00ebr t\u00eb mos krijuar keqkuptime ju referuam tekstit diagnostik profesional DSM4-TR (The Diagnostic and Statistical Manual of Mental Disorders 2000):<\/p>\n<p>Paranoja \u00ebsht\u00eb nj\u00eb term i p\u00ebrgjithsh\u00ebm q\u00eb p\u00ebrdoret p\u00ebr t\u00eb p\u00ebrkufizuar nj\u00eb lloj personaliteti t\u00eb ve\u00e7ant\u00eb.<\/p>\n<p>Ka nj\u00eb diagnoz\u00eb n\u00eb psikiatri dhe psikologji klinike, q\u00eb quhet \u00e7rregullimi paranoid i personalitetit. \u00c7rregullimi i personalitetit paranoid diagnostikohet kur tiparet e personalitetit b\u00ebhen t\u00eb dukshme dhe t\u00eb pandryshueshme, t\u00eb keqp\u00ebrshtatura me njer\u00ebzit dhe ambientin p\u00ebrreth dhe q\u00eb shkaktojn\u00eb d\u00ebmtime t\u00eb r\u00ebnd\u00ebsishme t\u00eb funksionimit, thuajse n\u00eb t\u00eb gjith\u00eb fushat e aktiviteteve t\u00eb jet\u00ebs s\u00eb p\u00ebrditshme.<\/p>\n<p>Karakteristik\u00eb e dukshme e k\u00ebtij \u00e7rregullimi \u00ebsht\u00eb se personat q\u00eb vuajn\u00eb nga ky \u00e7rregullim nuk jan\u00eb aspak t\u00eb vet\u00ebdijsh\u00ebm p\u00ebr humbjen e sensit t\u00eb vetvetes n\u00eb raport me t\u00eb tjer\u00ebt. P\u00ebr k\u00ebt\u00eb arsye nuk kerkojn\u00eb kurr\u00eb mjekim.<\/p>\n<p>K\u00ebto ve\u00e7ori jan\u00eb modele t\u00eb q\u00ebndrueshme perceptimi dhe sjellje qe manifestohen jo pa pasoja n\u00eb marr\u00ebdh\u00ebniet me t\u00eb tjer\u00ebt.<\/p>\n<p>N\u00ebse i referohemi DSM4-TR (2000), manualit diagnostik m\u00eb bashk\u00ebkohor t\u00eb s\u00ebmundjeve mendore n\u00eb p\u00ebrdorim nga klinicist\u00ebt psikiat\u00ebr dhe psikolog\u00eb klinik\u00eb, q\u00eb t\u00eb plot\u00ebsohen kriteret p\u00ebr diagnostikimin e k\u00ebtij \u00e7rregullimi nevojiten: T\u00eb jen\u00eb prezent\u00eb n\u00eb momentin e diagnostikimit, t\u00eb pakt\u00ebn 4 nga simptomat e m\u00ebposhtme:<\/p>\n<p>&#8211; Mosbesim dhe dyshim i theksuar dhe i pajustifikuar ndaj t\u00eb tjer\u00ebve, dyshime se t\u00eb tjer\u00ebt e shfryt\u00ebzojn\u00eb, e d\u00ebmtojn\u00eb ose e mashtrojn\u00eb. (original n\u00eb tekst). Personi q\u00eb vuan nga ky crregullim dyshon rreth besnik\u00ebris\u00eb ose besueshm\u00ebris\u00eb ndaj t\u00eb tjer\u00ebve, kan\u00eb frik\u00eb se \u00e7do informacioni q\u00eb mund t&#8217; iu ket\u00eb dh\u00ebn\u00eb t\u00eb tjer\u00ebve do t\u00eb p\u00ebrdoret p\u00ebr q\u00ebllime keqdash\u00ebse ndaj tij, v\u00ebrejtjet dhe sugjerimet q\u00eb i b\u00ebhenpersonit nga t\u00eb tjer\u00ebt ose veprimet e tyre dashamir\u00ebse interpretohen si posht\u00ebruese ose k\u00ebrc\u00ebnuese p\u00ebr t\u00eb.<\/p>\n<p>&#8211; Pacienti vazhdimisht shfaq armiq\u00ebsi t\u00eb dukshme ndaj mendimit kund\u00ebr dhe n\u00eb kok\u00ebn e tij &#8220;nuhat&#8221; organizime sulmesh, q\u00eb vet\u00ebm ai i percepton si t\u00eb tilla dhe q\u00eb &#8220;nuk vihen re nga t\u00eb tjer\u00eb&#8221;<\/p>\n<p>&#8211; Paranoidi \u00ebsht\u00eb i gatsh\u00ebm t\u00eb reagoj\u00eb \u00e7do \u00e7ast, me zem\u00ebrim dhe \u00ebsht\u00eb gjithnj\u00eb i gatsh\u00ebm p\u00ebr t\u00eb kund\u00ebrvepruar, shpesh her\u00eb pa p\u00ebrfillur se mund t\u00eb p\u00ebrfshihet n\u00eb konflikte.<\/p>\n<p>&#8211; Personi paranoid \u00ebshte gjithnj\u00eb me &#8220;vigjilenc\u00eb&#8221; t\u00eb lart\u00eb. Kjo, sepse \u00ebsht\u00eb vazhdimisht n\u00eb k\u00ebrkim t\u00eb &#8220;provave&#8221; p\u00ebr t\u00eb mb\u00ebshtetur paranoj\u00ebn e tij. Paranoid\u00ebt ndjejn\u00eb nj\u00eb nevoj\u00eb t\u00eb p\u00ebrhershme p\u00ebr t\u00eb patur gj\u00ebrat n\u00ebn kontroll dhe marrin vendime t\u00eb pavarura nga rrethanat, zakonisht me nevoj\u00ebn p\u00ebr t\u00eb shmangur &#8220;tradhtin\u00eb e mundshme t\u00eb t\u00eb tjer\u00ebve&#8221;.<br \/>\nKur kombinohet paranoja me element\u00eb t\u00eb tjer\u00eb emocional\u00eb, paranoid\u00ebt v\u00ebn\u00eb nj\u00eb mur mbrojtje ndaj t\u00eb tjer\u00ebve t\u00eb cilin e ruajn\u00eb me vigjilenc\u00eb n\u00eb \u00e7do \u00e7ast t\u00eb veprimtarive t\u00eb tyre. M\u00ebnyra e tyre e t\u00eb arsyetuarit varet kryesisht nga ky stil dyshues argumentimi dhe kjo sjellje p\u00ebrforcohet akoma m\u00eb shum\u00eb n\u00ebse rrethohen nga njer\u00ebz t\u00eb pakuraj\u00eb, kompleksiv\u00eb, rrjedhimisht t\u00eb bindur ndaj nj\u00eb personaliteti autoritar. (Ball &#8211; 2002).<\/p>\n<p>N\u00eb nj\u00eb citim nga nj\u00eb fragment nga punimi i nj\u00eb nd\u00ebr studiuesve t\u00eb shquar t\u00eb personalitetit (Cameron, 1963), citohet se&#8230;. &#8220;asgj\u00eb nuk i shp\u00ebton kontrollit t\u00eb paranoid\u00ebve, sepse ata nuk e marrin fare n\u00eb konsiderat\u00eb r\u00ebnd\u00ebsin\u00eb e realitetin konsensual social. Paranoid\u00ebt shpikin nj\u00eb &#8220;pseudokomunitet&#8221; t\u00eb tyren social..&#8221; &#8230;&#8221;<\/p>\n<p>Emocionet kan\u00eb tendenc\u00eb p\u00ebr t\u00eb ndryshuar me shpejt\u00ebsi dhe n\u00eb m\u00ebnyr\u00eb t\u00eb paparashikuar. Emocionet kan\u00eb nj\u00eb tendenc\u00eb spirale jasht\u00eb kontrollit, duke \u00e7uar n\u00eb ekstremet e ankthit, trishtimit, t\u00ebrbimit, zem\u00ebrimit dhe t\u00eb palogjikshmes.<\/p>\n<p>Marr\u00ebdh\u00ebniet nd\u00ebrpersonale priren t\u00eb jen\u00eb kaotike, me ndryshime t\u00eb shpejta dhe t\u00eb paq\u00ebndrueshme. Kur emocionet e forta jan\u00eb prezente, ka nj\u00eb tendenc\u00eb t\u00eb prishet e gjith\u00eb skema e funksionimit normal dhe karakterizohet nga sjellje gjithnj\u00eb e m\u00eb t\u00eb paarsyeshme. K\u00ebto lloj sjellje t\u00eb rikthyeshme n\u00eb kohe t\u00eb personalitetit paranoid, jan\u00eb t\u00eb pakorrigjueshme dhe shoq\u00ebrohen me munges\u00eb t\u00eb arsyetimit normal. K\u00ebto tipare jane v\u00ebn\u00eb n\u00eb dukje nga psikiatrit prej afro m\u00eb shum\u00eb se dy shekuj (Millon &amp; Davis, 1996).<\/p>\n<p>N\u00eb kontekstin shoq\u00ebror t\u00eb sot\u00ebm, koncepti i psikopatis\u00eb (em\u00ebrtimi i vjeter diagnostik i \u00e7rregullimit t\u00eb personalitetit), n\u00eb praktik\u00ebn klinike p\u00ebrdoret p\u00ebr t\u00eb treguar tendenca apo m\u00ebnyra sjellje shoq\u00ebrisht t\u00eb papranueshme n\u00eb drejtim t\u00eb c\u00ebnimit t\u00eb t\u00eb drejtave t\u00eb t\u00eb tjer\u00ebve. &#8220;Kan\u00eb egoizmin, pavar\u00ebsin\u00eb, mashtrimin, impulsivitetin dhe tendenc\u00ebn p\u00ebr t\u00eb trajtuar njer\u00ebzit si objekte, si dhe indiferenc\u00eb t\u00eb dukshme ndaj demit q\u00eb ata ju shkaktojn\u00eb t\u00eb tjer\u00ebve. (Po aty : Millon &amp; Davis, 1996).<\/p>\n<p>Thuajse t\u00eb gjitha teorit\u00eb e personalitetit q\u00eb njohim, kompletojn\u00eb m\u00eb s\u00eb miri karakteristikat e paranoj\u00ebs, pavar\u00ebsisht nga k\u00ebndv\u00ebshtrimi shkencor i ndrysh\u00ebm, n\u00eb var\u00ebsi t\u00eb shkollave psikologjike q\u00eb i p\u00ebrkasin.<\/p>\n<p>Ndon\u00ebse paranoid\u00ebt njihen p\u00ebr dyshimin e tyre dhe bindjen se jan\u00eb gjithnj\u00eb objekt sulmi dhe p\u00ebrndjekje, jo rrall\u00ebher\u00eb ata mund t\u00eb ken\u00eb karier\u00eb dhe suksese t\u00eb paimagjinueshme. Disa prej tyre mund t\u00eb shnd\u00ebrrohen n\u00eb diktator\u00eb<\/p>\n<p>Nj\u00eb shembull karakteristik i karrier\u00ebs jo t\u00eb bujshme, i individ\u00ebve paranoid\u00eb \u00ebsht\u00eb rasti i ish-themeluesit t\u00eb sh\u00ebrbimit informativ amerikan , Edgar Huver. Kariera dhe historia e Edgar Hoover-it, nj\u00eb nd\u00ebr baballar\u00ebt e shquar t\u00eb sherbimeve sekrete amerikane. Nj\u00eb n\u00ebpun\u00ebs krejt i zakonsh\u00ebm, i cili nuhati n\u00eb momentin e gj\u00ebndjes kaotike t\u00eb SHBA-ve, fill pas mbarimit t\u00eb luft\u00ebs s\u00eb par\u00eb bot\u00ebrore, mund\u00ebsin\u00eb p\u00ebr t\u00eb dal\u00eb si flamurtar i shpartallimit t\u00eb komunizmit, i &#8220;forcave t\u00eb s\u00eb keqes&#8221;. Ai \u00ebsht\u00eb rasti i paranojakut &#8216;idealist&#8221; dhe dogmatik q\u00eb &#8220;mbrojti&#8221; shtetet e Bashkuar n\u00ebn mandatin e 10 president\u00ebve.<\/p>\n<p>Studiuesit Oldham dhe Morris (1995) n\u00eb studimet e tyre mbi personalitetin konstatojn\u00eb se: &#8220;Personalitetet dyshues apo vigjilent\u00eb kan\u00eb tendenc\u00eb p\u00ebr sa m\u00eb shum\u00eb pamvaresi dhe pushtet, jan\u00eb t\u00eb ndjesh\u00ebm ndaj \u00e7\u00ebshtjeve t\u00eb pushtetit, autoritetit, dhe dominimit&#8221;.<br \/>\nHistoria \u00ebsht\u00eb e mbushur me individ\u00eb paranoid\u00eb. N\u00ebse i referohemi rastit t\u00eb Hitlerit, ai sipas specialist\u00ebve q\u00eb merren me profilet psikologjike plot\u00ebson jo vet\u00ebm 4 kriteret e nevojshme p\u00ebr t&#8217;u diagnostikuar si paranoid, por t\u00eb gjitha kriteret (7 kriteret diagnostik\u00eb t\u00eb p\u00ebrcaktuar ne manualin professional t\u00eb vleresimit) .<\/p>\n<p>Historia d\u00ebshmon se sa rol tragjik kan\u00eb luajn\u00eb personalitetet paranoide n\u00eb fatet e njer\u00ebzimit apo popullatave t\u00eb ndryshme. N\u00eb disa punime mbi profilin paranoid t\u00eb Leninit jepen t\u00eb dh\u00ebna interesante, mbi dyshime e vazhdueshme t\u00eb Leninit, i cili arriti deri sa ta denoncoj\u00eb Stalinin n\u00eb nj\u00eb let\u00ebr t\u00eb vitit 1922 q\u00eb mbase mund t\u00eb ket\u00eb ndikuar n\u00eb fundin e tij.<\/p>\n<p>P\u00ebr kurioz\u00ebt:<br \/>\nLexoni : Diagnostic and Statistical Manual of Mental Disorders DSM-IV-TR Fourth Edition (Text Revision) 2000<br \/>\nManuali diagnostik dhe statistikor i \u00e7rregullimeve mendore.<\/p>\n","protected":false},"excerpt":{"rendered":"<p>Shekulli, 05.02.2011 &#8220;Shekulli&#8221; iu drejtua nj\u00eb grupi prej tri mjek\u00ebsh psikiat\u00ebr dy prej t\u00eb cil\u00ebve me veprimtari profesionale n\u00eb Shqip\u00ebri dhe nj\u00eb jasht\u00eb saj. Dy prej tyre jan\u00eb t\u00eb vjet\u00ebr n\u00eb profesion dhe i treti \u00ebsht\u00eb i sapo-diplomuar. (Psikolog Msc.) Atyre iu k\u00ebrkua n\u00eb m\u00ebnyr\u00eb t\u00eb pavarur nga nj\u00ebri tjetri, t\u00eb kryenin nj\u00eb profil psikologjik [&hellip;]<\/p>\n","protected":false},"author":1,"featured_media":0,"comment_status":"open","ping_status":"closed","sticky":false,"template":"","format":"standard","meta":{"footnotes":""},"categories":[2],"tags":[],"class_list":{"0":"post-6173","1":"post","2":"type-post","3":"status-publish","4":"format-standard","6":"category-artikuj"},"yoast_head":"<!-- This site is optimized with the Yoast SEO plugin v27.4 - https:\/\/yoast.com\/product\/yoast-seo-wordpress\/ -->\n<title>Profili psikologjik i Kryeministrit - FjALA e LIR\u00cb - Arkivi<\/title>\n<meta name=\"robots\" content=\"index, follow, max-snippet:-1, max-image-preview:large, max-video-preview:-1\" \/>\n<link rel=\"canonical\" href=\"https:\/\/fjala.info\/2009-2015\/profili-psikologjik-i-kryeministrit\/\" \/>\n<meta property=\"og:locale\" content=\"sq_AL\" \/>\n<meta property=\"og:type\" content=\"article\" \/>\n<meta property=\"og:title\" content=\"Profili psikologjik i Kryeministrit - FjALA e LIR\u00cb - Arkivi\" \/>\n<meta property=\"og:description\" content=\"Shekulli, 05.02.2011 &#8220;Shekulli&#8221; iu drejtua nj\u00eb grupi prej tri mjek\u00ebsh psikiat\u00ebr dy prej t\u00eb cil\u00ebve me veprimtari profesionale n\u00eb Shqip\u00ebri dhe nj\u00eb jasht\u00eb saj. Dy prej tyre jan\u00eb t\u00eb vjet\u00ebr n\u00eb profesion dhe i treti \u00ebsht\u00eb i sapo-diplomuar. (Psikolog Msc.) Atyre iu k\u00ebrkua n\u00eb m\u00ebnyr\u00eb t\u00eb pavarur nga nj\u00ebri tjetri, t\u00eb kryenin nj\u00eb profil psikologjik [&hellip;]\" \/>\n<meta property=\"og:url\" content=\"https:\/\/fjala.info\/2009-2015\/profili-psikologjik-i-kryeministrit\/\" \/>\n<meta property=\"og:site_name\" content=\"FjALA e LIR\u00cb - Arkivi\" \/>\n<meta property=\"article:published_time\" content=\"2011-02-05T10:43:26+00:00\" \/>\n<meta property=\"og:image\" content=\"http:\/\/fjala.shkoder.net\/wp-content\/uploads\/2011\/02\/berisha_paranoje-300x185.jpg\" \/>\n<meta name=\"author\" content=\"admin\" \/>\n<meta name=\"twitter:card\" content=\"summary_large_image\" \/>\n<meta name=\"twitter:label1\" content=\"Written by\" \/>\n\t<meta name=\"twitter:data1\" content=\"admin\" \/>\n\t<meta name=\"twitter:label2\" content=\"Est. reading time\" \/>\n\t<meta name=\"twitter:data2\" content=\"7 minutes\" \/>\n<script type=\"application\/ld+json\" class=\"yoast-schema-graph\">{\"@context\":\"https:\\\/\\\/schema.org\",\"@graph\":[{\"@type\":\"Article\",\"@id\":\"https:\\\/\\\/fjala.info\\\/2009-2015\\\/profili-psikologjik-i-kryeministrit\\\/#article\",\"isPartOf\":{\"@id\":\"https:\\\/\\\/fjala.info\\\/2009-2015\\\/profili-psikologjik-i-kryeministrit\\\/\"},\"author\":{\"name\":\"admin\",\"@id\":\"https:\\\/\\\/fjala.info\\\/2009-2015\\\/#\\\/schema\\\/person\\\/3aa1163ef05469c496fc94e77611ada2\"},\"headline\":\"Profili psikologjik i Kryeministrit\",\"datePublished\":\"2011-02-05T10:43:26+00:00\",\"mainEntityOfPage\":{\"@id\":\"https:\\\/\\\/fjala.info\\\/2009-2015\\\/profili-psikologjik-i-kryeministrit\\\/\"},\"wordCount\":1414,\"commentCount\":0,\"publisher\":{\"@id\":\"https:\\\/\\\/fjala.info\\\/2009-2015\\\/#organization\"},\"image\":{\"@id\":\"https:\\\/\\\/fjala.info\\\/2009-2015\\\/profili-psikologjik-i-kryeministrit\\\/#primaryimage\"},\"thumbnailUrl\":\"http:\\\/\\\/fjala.shkoder.net\\\/wp-content\\\/uploads\\\/2011\\\/02\\\/berisha_paranoje-300x185.jpg\",\"articleSection\":[\"Artikuj\"],\"inLanguage\":\"sq-AL\",\"potentialAction\":[{\"@type\":\"CommentAction\",\"name\":\"Comment\",\"target\":[\"https:\\\/\\\/fjala.info\\\/2009-2015\\\/profili-psikologjik-i-kryeministrit\\\/#respond\"]}]},{\"@type\":\"WebPage\",\"@id\":\"https:\\\/\\\/fjala.info\\\/2009-2015\\\/profili-psikologjik-i-kryeministrit\\\/\",\"url\":\"https:\\\/\\\/fjala.info\\\/2009-2015\\\/profili-psikologjik-i-kryeministrit\\\/\",\"name\":\"Profili psikologjik i Kryeministrit - FjALA e LIR\u00cb - Arkivi\",\"isPartOf\":{\"@id\":\"https:\\\/\\\/fjala.info\\\/2009-2015\\\/#website\"},\"primaryImageOfPage\":{\"@id\":\"https:\\\/\\\/fjala.info\\\/2009-2015\\\/profili-psikologjik-i-kryeministrit\\\/#primaryimage\"},\"image\":{\"@id\":\"https:\\\/\\\/fjala.info\\\/2009-2015\\\/profili-psikologjik-i-kryeministrit\\\/#primaryimage\"},\"thumbnailUrl\":\"http:\\\/\\\/fjala.shkoder.net\\\/wp-content\\\/uploads\\\/2011\\\/02\\\/berisha_paranoje-300x185.jpg\",\"datePublished\":\"2011-02-05T10:43:26+00:00\",\"breadcrumb\":{\"@id\":\"https:\\\/\\\/fjala.info\\\/2009-2015\\\/profili-psikologjik-i-kryeministrit\\\/#breadcrumb\"},\"inLanguage\":\"sq-AL\",\"potentialAction\":[{\"@type\":\"ReadAction\",\"target\":[\"https:\\\/\\\/fjala.info\\\/2009-2015\\\/profili-psikologjik-i-kryeministrit\\\/\"]}]},{\"@type\":\"ImageObject\",\"inLanguage\":\"sq-AL\",\"@id\":\"https:\\\/\\\/fjala.info\\\/2009-2015\\\/profili-psikologjik-i-kryeministrit\\\/#primaryimage\",\"url\":\"http:\\\/\\\/fjala.shkoder.net\\\/wp-content\\\/uploads\\\/2011\\\/02\\\/berisha_paranoje-300x185.jpg\",\"contentUrl\":\"http:\\\/\\\/fjala.shkoder.net\\\/wp-content\\\/uploads\\\/2011\\\/02\\\/berisha_paranoje-300x185.jpg\"},{\"@type\":\"BreadcrumbList\",\"@id\":\"https:\\\/\\\/fjala.info\\\/2009-2015\\\/profili-psikologjik-i-kryeministrit\\\/#breadcrumb\",\"itemListElement\":[{\"@type\":\"ListItem\",\"position\":1,\"name\":\"Home\",\"item\":\"https:\\\/\\\/fjala.info\\\/2009-2015\\\/\"},{\"@type\":\"ListItem\",\"position\":2,\"name\":\"Profili psikologjik i Kryeministrit\"}]},{\"@type\":\"WebSite\",\"@id\":\"https:\\\/\\\/fjala.info\\\/2009-2015\\\/#website\",\"url\":\"https:\\\/\\\/fjala.info\\\/2009-2015\\\/\",\"name\":\"FjALA e LIR\u00cb - Arkivi\",\"description\":\"Arkivi 2009-2015\",\"publisher\":{\"@id\":\"https:\\\/\\\/fjala.info\\\/2009-2015\\\/#organization\"},\"potentialAction\":[{\"@type\":\"SearchAction\",\"target\":{\"@type\":\"EntryPoint\",\"urlTemplate\":\"https:\\\/\\\/fjala.info\\\/2009-2015\\\/?s={search_term_string}\"},\"query-input\":{\"@type\":\"PropertyValueSpecification\",\"valueRequired\":true,\"valueName\":\"search_term_string\"}}],\"inLanguage\":\"sq-AL\"},{\"@type\":\"Organization\",\"@id\":\"https:\\\/\\\/fjala.info\\\/2009-2015\\\/#organization\",\"name\":\"FjALA e LIR\u00cb - Arkivi\",\"url\":\"https:\\\/\\\/fjala.info\\\/2009-2015\\\/\",\"logo\":{\"@type\":\"ImageObject\",\"inLanguage\":\"sq-AL\",\"@id\":\"https:\\\/\\\/fjala.info\\\/2009-2015\\\/#\\\/schema\\\/logo\\\/image\\\/\",\"url\":\"\",\"contentUrl\":\"\",\"caption\":\"FjALA e LIR\u00cb - Arkivi\"},\"image\":{\"@id\":\"https:\\\/\\\/fjala.info\\\/2009-2015\\\/#\\\/schema\\\/logo\\\/image\\\/\"}},{\"@type\":\"Person\",\"@id\":\"https:\\\/\\\/fjala.info\\\/2009-2015\\\/#\\\/schema\\\/person\\\/3aa1163ef05469c496fc94e77611ada2\",\"name\":\"admin\",\"image\":{\"@type\":\"ImageObject\",\"inLanguage\":\"sq-AL\",\"@id\":\"https:\\\/\\\/fjala.info\\\/2009-2015\\\/wp-content\\\/uploads\\\/2012\\\/02\\\/arben_cokaj-120x150.jpg\",\"url\":\"https:\\\/\\\/fjala.info\\\/2009-2015\\\/wp-content\\\/uploads\\\/2012\\\/02\\\/arben_cokaj-120x150.jpg\",\"contentUrl\":\"https:\\\/\\\/fjala.info\\\/2009-2015\\\/wp-content\\\/uploads\\\/2012\\\/02\\\/arben_cokaj-120x150.jpg\",\"caption\":\"admin\"},\"description\":\"Admin, Fjala e Lir\u00eb\",\"sameAs\":[\"https:\\\/\\\/fjala.info\\\/\"],\"url\":\"https:\\\/\\\/fjala.info\\\/2009-2015\\\/author\\\/admin\\\/\"}]}<\/script>\n<!-- \/ Yoast SEO plugin. -->","yoast_head_json":{"title":"Profili psikologjik i Kryeministrit - FjALA e LIR\u00cb - Arkivi","robots":{"index":"index","follow":"follow","max-snippet":"max-snippet:-1","max-image-preview":"max-image-preview:large","max-video-preview":"max-video-preview:-1"},"canonical":"https:\/\/fjala.info\/2009-2015\/profili-psikologjik-i-kryeministrit\/","og_locale":"sq_AL","og_type":"article","og_title":"Profili psikologjik i Kryeministrit - FjALA e LIR\u00cb - Arkivi","og_description":"Shekulli, 05.02.2011 &#8220;Shekulli&#8221; iu drejtua nj\u00eb grupi prej tri mjek\u00ebsh psikiat\u00ebr dy prej t\u00eb cil\u00ebve me veprimtari profesionale n\u00eb Shqip\u00ebri dhe nj\u00eb jasht\u00eb saj. Dy prej tyre jan\u00eb t\u00eb vjet\u00ebr n\u00eb profesion dhe i treti \u00ebsht\u00eb i sapo-diplomuar. (Psikolog Msc.) Atyre iu k\u00ebrkua n\u00eb m\u00ebnyr\u00eb t\u00eb pavarur nga nj\u00ebri tjetri, t\u00eb kryenin nj\u00eb profil psikologjik [&hellip;]","og_url":"https:\/\/fjala.info\/2009-2015\/profili-psikologjik-i-kryeministrit\/","og_site_name":"FjALA e LIR\u00cb - Arkivi","article_published_time":"2011-02-05T10:43:26+00:00","og_image":[{"url":"http:\/\/fjala.shkoder.net\/wp-content\/uploads\/2011\/02\/berisha_paranoje-300x185.jpg","type":"","width":"","height":""}],"author":"admin","twitter_card":"summary_large_image","twitter_misc":{"Written by":"admin","Est. reading time":"7 minutes"},"schema":{"@context":"https:\/\/schema.org","@graph":[{"@type":"Article","@id":"https:\/\/fjala.info\/2009-2015\/profili-psikologjik-i-kryeministrit\/#article","isPartOf":{"@id":"https:\/\/fjala.info\/2009-2015\/profili-psikologjik-i-kryeministrit\/"},"author":{"name":"admin","@id":"https:\/\/fjala.info\/2009-2015\/#\/schema\/person\/3aa1163ef05469c496fc94e77611ada2"},"headline":"Profili psikologjik i Kryeministrit","datePublished":"2011-02-05T10:43:26+00:00","mainEntityOfPage":{"@id":"https:\/\/fjala.info\/2009-2015\/profili-psikologjik-i-kryeministrit\/"},"wordCount":1414,"commentCount":0,"publisher":{"@id":"https:\/\/fjala.info\/2009-2015\/#organization"},"image":{"@id":"https:\/\/fjala.info\/2009-2015\/profili-psikologjik-i-kryeministrit\/#primaryimage"},"thumbnailUrl":"http:\/\/fjala.shkoder.net\/wp-content\/uploads\/2011\/02\/berisha_paranoje-300x185.jpg","articleSection":["Artikuj"],"inLanguage":"sq-AL","potentialAction":[{"@type":"CommentAction","name":"Comment","target":["https:\/\/fjala.info\/2009-2015\/profili-psikologjik-i-kryeministrit\/#respond"]}]},{"@type":"WebPage","@id":"https:\/\/fjala.info\/2009-2015\/profili-psikologjik-i-kryeministrit\/","url":"https:\/\/fjala.info\/2009-2015\/profili-psikologjik-i-kryeministrit\/","name":"Profili psikologjik i Kryeministrit - FjALA e LIR\u00cb - Arkivi","isPartOf":{"@id":"https:\/\/fjala.info\/2009-2015\/#website"},"primaryImageOfPage":{"@id":"https:\/\/fjala.info\/2009-2015\/profili-psikologjik-i-kryeministrit\/#primaryimage"},"image":{"@id":"https:\/\/fjala.info\/2009-2015\/profili-psikologjik-i-kryeministrit\/#primaryimage"},"thumbnailUrl":"http:\/\/fjala.shkoder.net\/wp-content\/uploads\/2011\/02\/berisha_paranoje-300x185.jpg","datePublished":"2011-02-05T10:43:26+00:00","breadcrumb":{"@id":"https:\/\/fjala.info\/2009-2015\/profili-psikologjik-i-kryeministrit\/#breadcrumb"},"inLanguage":"sq-AL","potentialAction":[{"@type":"ReadAction","target":["https:\/\/fjala.info\/2009-2015\/profili-psikologjik-i-kryeministrit\/"]}]},{"@type":"ImageObject","inLanguage":"sq-AL","@id":"https:\/\/fjala.info\/2009-2015\/profili-psikologjik-i-kryeministrit\/#primaryimage","url":"http:\/\/fjala.shkoder.net\/wp-content\/uploads\/2011\/02\/berisha_paranoje-300x185.jpg","contentUrl":"http:\/\/fjala.shkoder.net\/wp-content\/uploads\/2011\/02\/berisha_paranoje-300x185.jpg"},{"@type":"BreadcrumbList","@id":"https:\/\/fjala.info\/2009-2015\/profili-psikologjik-i-kryeministrit\/#breadcrumb","itemListElement":[{"@type":"ListItem","position":1,"name":"Home","item":"https:\/\/fjala.info\/2009-2015\/"},{"@type":"ListItem","position":2,"name":"Profili psikologjik i Kryeministrit"}]},{"@type":"WebSite","@id":"https:\/\/fjala.info\/2009-2015\/#website","url":"https:\/\/fjala.info\/2009-2015\/","name":"FjALA e LIR\u00cb - Arkivi","description":"Arkivi 2009-2015","publisher":{"@id":"https:\/\/fjala.info\/2009-2015\/#organization"},"potentialAction":[{"@type":"SearchAction","target":{"@type":"EntryPoint","urlTemplate":"https:\/\/fjala.info\/2009-2015\/?s={search_term_string}"},"query-input":{"@type":"PropertyValueSpecification","valueRequired":true,"valueName":"search_term_string"}}],"inLanguage":"sq-AL"},{"@type":"Organization","@id":"https:\/\/fjala.info\/2009-2015\/#organization","name":"FjALA e LIR\u00cb - Arkivi","url":"https:\/\/fjala.info\/2009-2015\/","logo":{"@type":"ImageObject","inLanguage":"sq-AL","@id":"https:\/\/fjala.info\/2009-2015\/#\/schema\/logo\/image\/","url":"","contentUrl":"","caption":"FjALA e LIR\u00cb - Arkivi"},"image":{"@id":"https:\/\/fjala.info\/2009-2015\/#\/schema\/logo\/image\/"}},{"@type":"Person","@id":"https:\/\/fjala.info\/2009-2015\/#\/schema\/person\/3aa1163ef05469c496fc94e77611ada2","name":"admin","image":{"@type":"ImageObject","inLanguage":"sq-AL","@id":"https:\/\/fjala.info\/2009-2015\/wp-content\/uploads\/2012\/02\/arben_cokaj-120x150.jpg","url":"https:\/\/fjala.info\/2009-2015\/wp-content\/uploads\/2012\/02\/arben_cokaj-120x150.jpg","contentUrl":"https:\/\/fjala.info\/2009-2015\/wp-content\/uploads\/2012\/02\/arben_cokaj-120x150.jpg","caption":"admin"},"description":"Admin, Fjala e Lir\u00eb","sameAs":["https:\/\/fjala.info\/"],"url":"https:\/\/fjala.info\/2009-2015\/author\/admin\/"}]}},"_links":{"self":[{"href":"https:\/\/fjala.info\/2009-2015\/wp-json\/wp\/v2\/posts\/6173","targetHints":{"allow":["GET"]}}],"collection":[{"href":"https:\/\/fjala.info\/2009-2015\/wp-json\/wp\/v2\/posts"}],"about":[{"href":"https:\/\/fjala.info\/2009-2015\/wp-json\/wp\/v2\/types\/post"}],"author":[{"embeddable":true,"href":"https:\/\/fjala.info\/2009-2015\/wp-json\/wp\/v2\/users\/1"}],"replies":[{"embeddable":true,"href":"https:\/\/fjala.info\/2009-2015\/wp-json\/wp\/v2\/comments?post=6173"}],"version-history":[{"count":0,"href":"https:\/\/fjala.info\/2009-2015\/wp-json\/wp\/v2\/posts\/6173\/revisions"}],"wp:attachment":[{"href":"https:\/\/fjala.info\/2009-2015\/wp-json\/wp\/v2\/media?parent=6173"}],"wp:term":[{"taxonomy":"category","embeddable":true,"href":"https:\/\/fjala.info\/2009-2015\/wp-json\/wp\/v2\/categories?post=6173"},{"taxonomy":"post_tag","embeddable":true,"href":"https:\/\/fjala.info\/2009-2015\/wp-json\/wp\/v2\/tags?post=6173"}],"curies":[{"name":"wp","href":"https:\/\/api.w.org\/{rel}","templated":true}]}}