{"id":6167,"date":"2011-02-05T11:26:33","date_gmt":"2011-02-05T10:26:33","guid":{"rendered":"http:\/\/fjala.shkoder.net\/?p=6167"},"modified":"2011-02-05T11:26:33","modified_gmt":"2011-02-05T10:26:33","slug":"bia-dhe-policia-e-serbise-ende-aktive-ne-kosove","status":"publish","type":"post","link":"https:\/\/fjala.info\/2009-2015\/bia-dhe-policia-e-serbise-ende-aktive-ne-kosove\/","title":{"rendered":"BIA dhe Policia e Serbis\u00eb ende aktive n\u00eb Kosov\u00eb"},"content":{"rendered":"<p><img loading=\"lazy\" decoding=\"async\" class=\"alignright size-medium wp-image-6168\" title=\"kosova_bia\" src=\"http:\/\/fjala.shkoder.net\/wp-content\/uploads\/2011\/02\/kosova_bia-300x173.jpg\" alt=\"\" width=\"300\" height=\"173\" \/><br \/>\nNga <strong>Korresp. 24-ore.com <\/strong><\/p>\n<p>Agjencia inteligjente e Serbis\u00eb, BIA, dhe nj\u00eb struktur\u00eb q\u00eb nga UNMIK-u evidencohet si Policia e Serbis\u00eb jan\u00eb ende aktiv\u00eb n\u00eb Kosov\u00eb. Nj\u00eb raport i p\u00ebrpiluar nga hetuesit e ish-administrat\u00ebs s\u00eb OKB-s\u00eb n\u00eb Kosov\u00eb jep shum\u00eb detaje p\u00ebr funksionimin e k\u00ebtyre strukturave dhe p\u00ebr ekzistimin menj\u00ebher\u00eb pas luft\u00ebs t\u00eb t\u00eb ashtuquajturave \u201cgrupe luftuese\u201d n\u00eb veri t\u00eb Kosov\u00ebs. Raporti, nj\u00eb kopje t\u00eb t\u00eb cilit e ka siguruar \u201cKoha Ditore\u201d, infiltron shum\u00eb emra t\u00eb p\u00ebrfaq\u00ebsuesve politik\u00eb serb\u00eb n\u00eb krime t\u00eb ndryshme, nd\u00ebrsa n\u00eb detaje flet p\u00ebr vrasjen e dhjet\u00eb shqiptar\u00ebve brenda nj\u00eb nate, q\u00eb UNMIK-u dyshon t\u00eb jen\u00eb b\u00ebr\u00eb nga nj\u00eb grup i udh\u00ebhequr prej Oliver Ivanoviqit, aktualisht sekretar shtet\u00ebror n\u00eb Ministris\u00eb e Qeveris\u00eb s\u00eb Serbis\u00eb p\u00ebr Kosov\u00eb.<\/p>\n<p>Burime nd\u00ebrkomb\u00ebtare kan\u00eb shpjeguar p\u00ebr gazet\u00ebn se struktura e t\u00eb ashtuquajtur\u00ebs Polici e Serbis\u00eb funksionon ende n\u00eb Kosov\u00eb, nd\u00ebrkaq t\u00eb vetmet q\u00eb jan\u00eb shuar nga viti 2006 jan\u00eb \u201cgrupet luftuese\u201d q\u00eb i ka udh\u00ebhequr kjo polici.<\/p>\n<p>T\u00eb nj\u00ebjtat burime kan\u00eb shpjeguar se edhe struktura dhe aktiviteti i agjencis\u00eb inteligjente t\u00eb Serbis\u00eb, BIA, \u00ebsht\u00eb i nj\u00ebjt\u00eb me at\u00eb q\u00eb e p\u00ebrshkruan raporti i at\u00ebhersh\u00ebm.<br \/>\nN\u00eb pjes\u00ebn ku flet p\u00ebr vrasjen e shqiptar\u00ebve n\u00eb nat\u00ebn mes 2 dhe 3 shkurtit t\u00eb vitit 2000, ku kan\u00eb humbur jet\u00ebn dhjet\u00ebra persona, sipas raportit, vler\u00ebsohet se t\u00eb dyshuarit kryesor\u00eb t\u00eb rastit jan\u00eb Oliver Ivanoviqi dhe shefi i Policis\u00eb s\u00eb Serbis\u00eb n\u00eb veri, Dragan Delibashiq.<br \/>\nMisioni i BE-s\u00eb p\u00ebr sundimin e ligjit n\u00eb Kosov\u00eb &#8211; EULEX, ka konfirmuar p\u00ebr \u201cKoh\u00ebn Ditore\u201d se \u00ebsht\u00eb duke zhvilluar hetime lidhur me masakr\u00ebn e shkurtit t\u00eb vitit 2000, por nuk ka pranuar q\u00eb t\u00eb p\u00ebrmend\u00eb emrat e t\u00eb dyshuarve.<br \/>\nSekretari shtet\u00ebror n\u00eb Ministrin\u00eb e Serbis\u00eb p\u00ebr Kosov\u00ebn, Ivanoviq, i ka mohuar lidhjet e tij me rastin, duke vler\u00ebsuar se akuzat jan\u00eb t\u00eb motivuara politikisht. Sipas tij, UNMIK-u i ka mbyllur hetimet, pasi q\u00eb ka konstatuar se kan\u00eb qen\u00eb t\u00eb pabaza.<br \/>\nRaporti i UNMIK-ut q\u00eb mban emrin \u201cPandora- Sigma\u201d, nuk ka dh\u00ebn\u00eb t\u00eb dh\u00ebna vet\u00ebm p\u00ebr masakr\u00ebn e shkurtit t\u00eb vitit 2000. Ai pasqyron aktivitet e strukturave t\u00eb Serbis\u00eb n\u00eb Kosov\u00eb dhe paraqet t\u00eb dh\u00ebna edhe p\u00ebr nj\u00eb masak\u00ebr n\u00eb Vushtrri t\u00eb b\u00ebr\u00eb gjat\u00eb koh\u00ebs s\u00eb luft\u00ebs.<br \/>\nRaporti konstaton se jan\u00eb tri lloje t\u00eb aktiviteteve t\u00eb Policis\u00eb s\u00eb Serbis\u00eb n\u00eb Kosov\u00ebn e pas luft\u00ebs q\u00eb bien ndesh edhe me Rezolut\u00ebn 12 44. Sipas raportit, Policia e Serbis\u00eb ka b\u00ebr\u00eb aktivitete t\u00eb rregullta policore, ka mbajtur n\u00eb m\u00ebnyr\u00eb ilegale arm\u00eb dhe eksploziv, si dhe ka orientuar aktivitetet kriminale t\u00eb \u201cgrupeve luftuese\u201d.<br \/>\nSa i p\u00ebrket Policis\u00eb s\u00eb Serbis\u00eb, raporti vet\u00ebm p\u00ebr at\u00eb koh\u00eb i vler\u00ebson ata si ekzekutues t\u00eb vrasjes s\u00eb tre personave, pas dh\u00ebnies s\u00eb urdhrit, nga ai q\u00eb mendohet t\u00eb jet\u00eb komandant i struktur\u00ebs ilegale policore Dragolub Delibashiq. Raporti p\u00ebrmend edhe vrasjen e Muharrem Sokolit dhe t\u00eb familjes s\u00eb Nexhmedin Ahmetit, si vepra t\u00eb s\u00eb nj\u00ebjt\u00ebs struktur\u00eb.<br \/>\nN\u00eb raport tregohet edhe p\u00ebr rrahjen deri n\u00eb vdekje t\u00eb nj\u00eb shqiptari nga nj\u00eb pjes\u00ebtar i k\u00ebsaj policie q\u00eb ka emrin Vuqina Jani\u00e7ijeviq.<br \/>\nRaporti jep nj\u00eb shpjegim t\u00eb detajuar t\u00eb funksionimit t\u00eb Ministris\u00eb s\u00eb Pun\u00ebve t\u00eb Brendshme t\u00eb Serbis\u00eb, nd\u00ebrkaq tregon se si t\u00eb gjitha zyrat e sekretarive t\u00eb k\u00ebsaj ministrie q\u00eb udh\u00ebheqin policin\u00eb (SUP-et) q\u00eb kan\u00eb qen\u00eb n\u00eb qytetet e Kosov\u00ebs, funksionojn\u00eb ende dhe i kan\u00eb selit\u00eb n\u00ebp\u00ebr qytete t\u00eb ndryshme t\u00eb Serbis\u00eb.<br \/>\nSipas raportit, SUP-i q\u00eb ka operuar n\u00eb Prishtin\u00eb \u00ebsht\u00eb i vendosur n\u00eb Nish. Ai q\u00eb ka operuar n\u00eb Pej\u00eb \u00ebsht\u00eb i vendosur n\u00eb Kragujevc. SUP-i i Gjilanit gjendet n\u00eb Vranj\u00eb, e ai i Ferizajt n\u00eb Leskovc. SUP-i q\u00eb para lufte ka operuar n\u00eb Prizren tash \u00ebsht\u00eb i vendosur n\u00eb Krushevc, nd\u00ebrkaq ai i Gjakov\u00ebs \u00ebsht\u00eb vendosur n\u00eb Jagodin\u00eb.<br \/>\nRaporti jep nj\u00eb p\u00ebrshkrim t\u00eb detajuar t\u00eb funksionimit t\u00eb SUP-it q\u00eb merret me Mitrovic\u00ebn, q\u00eb funksionin n\u00eb Kralev\u00eb, por q\u00eb ka kontakte m\u00eb t\u00eb rregullta, p\u00ebr shkak edhe t\u00eb pranis\u00eb m\u00eb t\u00eb madhe t\u00eb strukturave n\u00eb veri.<br \/>\nShef i Zyr\u00ebs s\u00eb SUP-it p\u00ebr Mitrovic\u00eb n\u00eb raport p\u00ebrshkruhet Momir Kasaloviq. Komandant i Policis\u00eb q\u00eb operon n\u00eb Mitrovic\u00eb, sipas raportit, \u00ebsht\u00eb Dragolub Delibashiq, i njohur me nofk\u00ebn \u201cDragan\u201d.<br \/>\nRaporti i p\u00ebrshkruan si p\u00ebrgjegj\u00ebsit mes kooperimit t\u00eb k\u00ebtij SUP-i me BIA-n jan\u00eb Liljana Dokniq dhe Danica Radojeviq.<br \/>\nEdhe BIA, sipas raportit, funksionon n\u00eb t\u00eb nj\u00ebjt\u00ebn ndarje sikur SUP-et. BIA q\u00eb operon n\u00eb Prishtin\u00eb i raporton SUP-it n\u00eb Nish, q\u00eb \u00ebsht\u00eb p\u00ebrgjegj\u00ebs p\u00ebr Prishtin\u00ebn. Nj\u00ebsiti i BIA-s q\u00eb operon n\u00eb Mitrovic\u00eb i raporton SUP-it n\u00eb Kralev\u00eb, q\u00eb \u00ebsht\u00eb p\u00ebrgjegj\u00ebs p\u00ebr Mitrovic\u00ebn. BIA e Pej\u00ebs i raporton SUP-it n\u00eb Kragujevc, ajo e Gjilanit asaj n\u00eb Vranj\u00eb. BIA e Ferizajt i raporton SUP-it n\u00eb Leskovc, ajo e Prizrenit asaj n\u00eb Krushevc dhe BIA e Gjakov\u00ebs i raporton SUP-it n\u00eb Jagodin\u00eb.<br \/>\nRaporti identifikon edhe nj\u00eb adres\u00eb t\u00eb BIA-s n\u00eb veri t\u00eb Kosov\u00ebs, e q\u00eb \u00ebsht\u00eb kafe \u201cVoZd\u201d n\u00eb veri t\u00eb Mitrovic\u00ebs.<br \/>\nZ\u00ebdh\u00ebn\u00ebsi i UNMIK-ut, Oliver Salgado, ka th\u00ebn\u00eb se nuk mund t\u00eb komentoj\u00eb p\u00ebr ngjarje q\u00eb kan\u00eb ndodhur para dhjet\u00eb vjet\u00ebsh .<\/p>\n","protected":false},"excerpt":{"rendered":"<p>Nga Korresp. 24-ore.com Agjencia inteligjente e Serbis\u00eb, BIA, dhe nj\u00eb struktur\u00eb q\u00eb nga UNMIK-u evidencohet si Policia e Serbis\u00eb jan\u00eb ende aktiv\u00eb n\u00eb Kosov\u00eb. Nj\u00eb raport i p\u00ebrpiluar nga hetuesit e ish-administrat\u00ebs s\u00eb OKB-s\u00eb n\u00eb Kosov\u00eb jep shum\u00eb detaje p\u00ebr funksionimin e k\u00ebtyre strukturave dhe p\u00ebr ekzistimin menj\u00ebher\u00eb pas luft\u00ebs t\u00eb t\u00eb ashtuquajturave \u201cgrupe luftuese\u201d [&hellip;]<\/p>\n","protected":false},"author":1,"featured_media":0,"comment_status":"open","ping_status":"closed","sticky":false,"template":"","format":"standard","meta":{"footnotes":""},"categories":[2],"tags":[],"class_list":{"0":"post-6167","1":"post","2":"type-post","3":"status-publish","4":"format-standard","6":"category-artikuj"},"yoast_head":"<!-- This site is optimized with the Yoast SEO plugin v27.4 - https:\/\/yoast.com\/product\/yoast-seo-wordpress\/ -->\n<title>BIA dhe Policia e Serbis\u00eb ende aktive n\u00eb Kosov\u00eb - FjALA e LIR\u00cb - Arkivi<\/title>\n<meta name=\"robots\" content=\"index, follow, max-snippet:-1, max-image-preview:large, max-video-preview:-1\" \/>\n<link rel=\"canonical\" href=\"https:\/\/fjala.info\/2009-2015\/bia-dhe-policia-e-serbise-ende-aktive-ne-kosove\/\" \/>\n<meta property=\"og:locale\" content=\"sq_AL\" \/>\n<meta property=\"og:type\" content=\"article\" \/>\n<meta property=\"og:title\" content=\"BIA dhe Policia e Serbis\u00eb ende aktive n\u00eb Kosov\u00eb - FjALA e LIR\u00cb - Arkivi\" \/>\n<meta property=\"og:description\" content=\"Nga Korresp. 24-ore.com Agjencia inteligjente e Serbis\u00eb, BIA, dhe nj\u00eb struktur\u00eb q\u00eb nga UNMIK-u evidencohet si Policia e Serbis\u00eb jan\u00eb ende aktiv\u00eb n\u00eb Kosov\u00eb. Nj\u00eb raport i p\u00ebrpiluar nga hetuesit e ish-administrat\u00ebs s\u00eb OKB-s\u00eb n\u00eb Kosov\u00eb jep shum\u00eb detaje p\u00ebr funksionimin e k\u00ebtyre strukturave dhe p\u00ebr ekzistimin menj\u00ebher\u00eb pas luft\u00ebs t\u00eb t\u00eb ashtuquajturave \u201cgrupe luftuese\u201d [&hellip;]\" \/>\n<meta property=\"og:url\" content=\"https:\/\/fjala.info\/2009-2015\/bia-dhe-policia-e-serbise-ende-aktive-ne-kosove\/\" \/>\n<meta property=\"og:site_name\" content=\"FjALA e LIR\u00cb - Arkivi\" \/>\n<meta property=\"article:published_time\" content=\"2011-02-05T10:26:33+00:00\" \/>\n<meta property=\"og:image\" content=\"http:\/\/fjala.shkoder.net\/wp-content\/uploads\/2011\/02\/kosova_bia-300x173.jpg\" \/>\n<meta name=\"author\" content=\"admin\" \/>\n<meta name=\"twitter:card\" content=\"summary_large_image\" \/>\n<meta name=\"twitter:label1\" content=\"Written by\" \/>\n\t<meta name=\"twitter:data1\" content=\"admin\" \/>\n\t<meta name=\"twitter:label2\" content=\"Est. reading time\" \/>\n\t<meta name=\"twitter:data2\" content=\"5 minutes\" \/>\n<script type=\"application\/ld+json\" class=\"yoast-schema-graph\">{\"@context\":\"https:\\\/\\\/schema.org\",\"@graph\":[{\"@type\":\"Article\",\"@id\":\"https:\\\/\\\/fjala.info\\\/2009-2015\\\/bia-dhe-policia-e-serbise-ende-aktive-ne-kosove\\\/#article\",\"isPartOf\":{\"@id\":\"https:\\\/\\\/fjala.info\\\/2009-2015\\\/bia-dhe-policia-e-serbise-ende-aktive-ne-kosove\\\/\"},\"author\":{\"name\":\"admin\",\"@id\":\"https:\\\/\\\/fjala.info\\\/2009-2015\\\/#\\\/schema\\\/person\\\/3aa1163ef05469c496fc94e77611ada2\"},\"headline\":\"BIA dhe Policia e Serbis\u00eb ende aktive n\u00eb Kosov\u00eb\",\"datePublished\":\"2011-02-05T10:26:33+00:00\",\"mainEntityOfPage\":{\"@id\":\"https:\\\/\\\/fjala.info\\\/2009-2015\\\/bia-dhe-policia-e-serbise-ende-aktive-ne-kosove\\\/\"},\"wordCount\":917,\"commentCount\":0,\"publisher\":{\"@id\":\"https:\\\/\\\/fjala.info\\\/2009-2015\\\/#organization\"},\"image\":{\"@id\":\"https:\\\/\\\/fjala.info\\\/2009-2015\\\/bia-dhe-policia-e-serbise-ende-aktive-ne-kosove\\\/#primaryimage\"},\"thumbnailUrl\":\"http:\\\/\\\/fjala.shkoder.net\\\/wp-content\\\/uploads\\\/2011\\\/02\\\/kosova_bia-300x173.jpg\",\"articleSection\":[\"Artikuj\"],\"inLanguage\":\"sq-AL\",\"potentialAction\":[{\"@type\":\"CommentAction\",\"name\":\"Comment\",\"target\":[\"https:\\\/\\\/fjala.info\\\/2009-2015\\\/bia-dhe-policia-e-serbise-ende-aktive-ne-kosove\\\/#respond\"]}]},{\"@type\":\"WebPage\",\"@id\":\"https:\\\/\\\/fjala.info\\\/2009-2015\\\/bia-dhe-policia-e-serbise-ende-aktive-ne-kosove\\\/\",\"url\":\"https:\\\/\\\/fjala.info\\\/2009-2015\\\/bia-dhe-policia-e-serbise-ende-aktive-ne-kosove\\\/\",\"name\":\"BIA dhe Policia e Serbis\u00eb ende aktive n\u00eb Kosov\u00eb - FjALA e LIR\u00cb - Arkivi\",\"isPartOf\":{\"@id\":\"https:\\\/\\\/fjala.info\\\/2009-2015\\\/#website\"},\"primaryImageOfPage\":{\"@id\":\"https:\\\/\\\/fjala.info\\\/2009-2015\\\/bia-dhe-policia-e-serbise-ende-aktive-ne-kosove\\\/#primaryimage\"},\"image\":{\"@id\":\"https:\\\/\\\/fjala.info\\\/2009-2015\\\/bia-dhe-policia-e-serbise-ende-aktive-ne-kosove\\\/#primaryimage\"},\"thumbnailUrl\":\"http:\\\/\\\/fjala.shkoder.net\\\/wp-content\\\/uploads\\\/2011\\\/02\\\/kosova_bia-300x173.jpg\",\"datePublished\":\"2011-02-05T10:26:33+00:00\",\"breadcrumb\":{\"@id\":\"https:\\\/\\\/fjala.info\\\/2009-2015\\\/bia-dhe-policia-e-serbise-ende-aktive-ne-kosove\\\/#breadcrumb\"},\"inLanguage\":\"sq-AL\",\"potentialAction\":[{\"@type\":\"ReadAction\",\"target\":[\"https:\\\/\\\/fjala.info\\\/2009-2015\\\/bia-dhe-policia-e-serbise-ende-aktive-ne-kosove\\\/\"]}]},{\"@type\":\"ImageObject\",\"inLanguage\":\"sq-AL\",\"@id\":\"https:\\\/\\\/fjala.info\\\/2009-2015\\\/bia-dhe-policia-e-serbise-ende-aktive-ne-kosove\\\/#primaryimage\",\"url\":\"http:\\\/\\\/fjala.shkoder.net\\\/wp-content\\\/uploads\\\/2011\\\/02\\\/kosova_bia-300x173.jpg\",\"contentUrl\":\"http:\\\/\\\/fjala.shkoder.net\\\/wp-content\\\/uploads\\\/2011\\\/02\\\/kosova_bia-300x173.jpg\"},{\"@type\":\"BreadcrumbList\",\"@id\":\"https:\\\/\\\/fjala.info\\\/2009-2015\\\/bia-dhe-policia-e-serbise-ende-aktive-ne-kosove\\\/#breadcrumb\",\"itemListElement\":[{\"@type\":\"ListItem\",\"position\":1,\"name\":\"Home\",\"item\":\"https:\\\/\\\/fjala.info\\\/2009-2015\\\/\"},{\"@type\":\"ListItem\",\"position\":2,\"name\":\"BIA dhe Policia e Serbis\u00eb ende aktive n\u00eb Kosov\u00eb\"}]},{\"@type\":\"WebSite\",\"@id\":\"https:\\\/\\\/fjala.info\\\/2009-2015\\\/#website\",\"url\":\"https:\\\/\\\/fjala.info\\\/2009-2015\\\/\",\"name\":\"FjALA e LIR\u00cb - Arkivi\",\"description\":\"Arkivi 2009-2015\",\"publisher\":{\"@id\":\"https:\\\/\\\/fjala.info\\\/2009-2015\\\/#organization\"},\"potentialAction\":[{\"@type\":\"SearchAction\",\"target\":{\"@type\":\"EntryPoint\",\"urlTemplate\":\"https:\\\/\\\/fjala.info\\\/2009-2015\\\/?s={search_term_string}\"},\"query-input\":{\"@type\":\"PropertyValueSpecification\",\"valueRequired\":true,\"valueName\":\"search_term_string\"}}],\"inLanguage\":\"sq-AL\"},{\"@type\":\"Organization\",\"@id\":\"https:\\\/\\\/fjala.info\\\/2009-2015\\\/#organization\",\"name\":\"FjALA e LIR\u00cb - Arkivi\",\"url\":\"https:\\\/\\\/fjala.info\\\/2009-2015\\\/\",\"logo\":{\"@type\":\"ImageObject\",\"inLanguage\":\"sq-AL\",\"@id\":\"https:\\\/\\\/fjala.info\\\/2009-2015\\\/#\\\/schema\\\/logo\\\/image\\\/\",\"url\":\"\",\"contentUrl\":\"\",\"caption\":\"FjALA e LIR\u00cb - Arkivi\"},\"image\":{\"@id\":\"https:\\\/\\\/fjala.info\\\/2009-2015\\\/#\\\/schema\\\/logo\\\/image\\\/\"}},{\"@type\":\"Person\",\"@id\":\"https:\\\/\\\/fjala.info\\\/2009-2015\\\/#\\\/schema\\\/person\\\/3aa1163ef05469c496fc94e77611ada2\",\"name\":\"admin\",\"image\":{\"@type\":\"ImageObject\",\"inLanguage\":\"sq-AL\",\"@id\":\"https:\\\/\\\/fjala.info\\\/2009-2015\\\/wp-content\\\/uploads\\\/2012\\\/02\\\/arben_cokaj-120x150.jpg\",\"url\":\"https:\\\/\\\/fjala.info\\\/2009-2015\\\/wp-content\\\/uploads\\\/2012\\\/02\\\/arben_cokaj-120x150.jpg\",\"contentUrl\":\"https:\\\/\\\/fjala.info\\\/2009-2015\\\/wp-content\\\/uploads\\\/2012\\\/02\\\/arben_cokaj-120x150.jpg\",\"caption\":\"admin\"},\"description\":\"Admin, Fjala e Lir\u00eb\",\"sameAs\":[\"https:\\\/\\\/fjala.info\\\/\"],\"url\":\"https:\\\/\\\/fjala.info\\\/2009-2015\\\/author\\\/admin\\\/\"}]}<\/script>\n<!-- \/ Yoast SEO plugin. -->","yoast_head_json":{"title":"BIA dhe Policia e Serbis\u00eb ende aktive n\u00eb Kosov\u00eb - FjALA e LIR\u00cb - Arkivi","robots":{"index":"index","follow":"follow","max-snippet":"max-snippet:-1","max-image-preview":"max-image-preview:large","max-video-preview":"max-video-preview:-1"},"canonical":"https:\/\/fjala.info\/2009-2015\/bia-dhe-policia-e-serbise-ende-aktive-ne-kosove\/","og_locale":"sq_AL","og_type":"article","og_title":"BIA dhe Policia e Serbis\u00eb ende aktive n\u00eb Kosov\u00eb - FjALA e LIR\u00cb - Arkivi","og_description":"Nga Korresp. 24-ore.com Agjencia inteligjente e Serbis\u00eb, BIA, dhe nj\u00eb struktur\u00eb q\u00eb nga UNMIK-u evidencohet si Policia e Serbis\u00eb jan\u00eb ende aktiv\u00eb n\u00eb Kosov\u00eb. Nj\u00eb raport i p\u00ebrpiluar nga hetuesit e ish-administrat\u00ebs s\u00eb OKB-s\u00eb n\u00eb Kosov\u00eb jep shum\u00eb detaje p\u00ebr funksionimin e k\u00ebtyre strukturave dhe p\u00ebr ekzistimin menj\u00ebher\u00eb pas luft\u00ebs t\u00eb t\u00eb ashtuquajturave \u201cgrupe luftuese\u201d [&hellip;]","og_url":"https:\/\/fjala.info\/2009-2015\/bia-dhe-policia-e-serbise-ende-aktive-ne-kosove\/","og_site_name":"FjALA e LIR\u00cb - Arkivi","article_published_time":"2011-02-05T10:26:33+00:00","og_image":[{"url":"http:\/\/fjala.shkoder.net\/wp-content\/uploads\/2011\/02\/kosova_bia-300x173.jpg","type":"","width":"","height":""}],"author":"admin","twitter_card":"summary_large_image","twitter_misc":{"Written by":"admin","Est. reading time":"5 minutes"},"schema":{"@context":"https:\/\/schema.org","@graph":[{"@type":"Article","@id":"https:\/\/fjala.info\/2009-2015\/bia-dhe-policia-e-serbise-ende-aktive-ne-kosove\/#article","isPartOf":{"@id":"https:\/\/fjala.info\/2009-2015\/bia-dhe-policia-e-serbise-ende-aktive-ne-kosove\/"},"author":{"name":"admin","@id":"https:\/\/fjala.info\/2009-2015\/#\/schema\/person\/3aa1163ef05469c496fc94e77611ada2"},"headline":"BIA dhe Policia e Serbis\u00eb ende aktive n\u00eb Kosov\u00eb","datePublished":"2011-02-05T10:26:33+00:00","mainEntityOfPage":{"@id":"https:\/\/fjala.info\/2009-2015\/bia-dhe-policia-e-serbise-ende-aktive-ne-kosove\/"},"wordCount":917,"commentCount":0,"publisher":{"@id":"https:\/\/fjala.info\/2009-2015\/#organization"},"image":{"@id":"https:\/\/fjala.info\/2009-2015\/bia-dhe-policia-e-serbise-ende-aktive-ne-kosove\/#primaryimage"},"thumbnailUrl":"http:\/\/fjala.shkoder.net\/wp-content\/uploads\/2011\/02\/kosova_bia-300x173.jpg","articleSection":["Artikuj"],"inLanguage":"sq-AL","potentialAction":[{"@type":"CommentAction","name":"Comment","target":["https:\/\/fjala.info\/2009-2015\/bia-dhe-policia-e-serbise-ende-aktive-ne-kosove\/#respond"]}]},{"@type":"WebPage","@id":"https:\/\/fjala.info\/2009-2015\/bia-dhe-policia-e-serbise-ende-aktive-ne-kosove\/","url":"https:\/\/fjala.info\/2009-2015\/bia-dhe-policia-e-serbise-ende-aktive-ne-kosove\/","name":"BIA dhe Policia e Serbis\u00eb ende aktive n\u00eb Kosov\u00eb - FjALA e LIR\u00cb - Arkivi","isPartOf":{"@id":"https:\/\/fjala.info\/2009-2015\/#website"},"primaryImageOfPage":{"@id":"https:\/\/fjala.info\/2009-2015\/bia-dhe-policia-e-serbise-ende-aktive-ne-kosove\/#primaryimage"},"image":{"@id":"https:\/\/fjala.info\/2009-2015\/bia-dhe-policia-e-serbise-ende-aktive-ne-kosove\/#primaryimage"},"thumbnailUrl":"http:\/\/fjala.shkoder.net\/wp-content\/uploads\/2011\/02\/kosova_bia-300x173.jpg","datePublished":"2011-02-05T10:26:33+00:00","breadcrumb":{"@id":"https:\/\/fjala.info\/2009-2015\/bia-dhe-policia-e-serbise-ende-aktive-ne-kosove\/#breadcrumb"},"inLanguage":"sq-AL","potentialAction":[{"@type":"ReadAction","target":["https:\/\/fjala.info\/2009-2015\/bia-dhe-policia-e-serbise-ende-aktive-ne-kosove\/"]}]},{"@type":"ImageObject","inLanguage":"sq-AL","@id":"https:\/\/fjala.info\/2009-2015\/bia-dhe-policia-e-serbise-ende-aktive-ne-kosove\/#primaryimage","url":"http:\/\/fjala.shkoder.net\/wp-content\/uploads\/2011\/02\/kosova_bia-300x173.jpg","contentUrl":"http:\/\/fjala.shkoder.net\/wp-content\/uploads\/2011\/02\/kosova_bia-300x173.jpg"},{"@type":"BreadcrumbList","@id":"https:\/\/fjala.info\/2009-2015\/bia-dhe-policia-e-serbise-ende-aktive-ne-kosove\/#breadcrumb","itemListElement":[{"@type":"ListItem","position":1,"name":"Home","item":"https:\/\/fjala.info\/2009-2015\/"},{"@type":"ListItem","position":2,"name":"BIA dhe Policia e Serbis\u00eb ende aktive n\u00eb Kosov\u00eb"}]},{"@type":"WebSite","@id":"https:\/\/fjala.info\/2009-2015\/#website","url":"https:\/\/fjala.info\/2009-2015\/","name":"FjALA e LIR\u00cb - Arkivi","description":"Arkivi 2009-2015","publisher":{"@id":"https:\/\/fjala.info\/2009-2015\/#organization"},"potentialAction":[{"@type":"SearchAction","target":{"@type":"EntryPoint","urlTemplate":"https:\/\/fjala.info\/2009-2015\/?s={search_term_string}"},"query-input":{"@type":"PropertyValueSpecification","valueRequired":true,"valueName":"search_term_string"}}],"inLanguage":"sq-AL"},{"@type":"Organization","@id":"https:\/\/fjala.info\/2009-2015\/#organization","name":"FjALA e LIR\u00cb - Arkivi","url":"https:\/\/fjala.info\/2009-2015\/","logo":{"@type":"ImageObject","inLanguage":"sq-AL","@id":"https:\/\/fjala.info\/2009-2015\/#\/schema\/logo\/image\/","url":"","contentUrl":"","caption":"FjALA e LIR\u00cb - Arkivi"},"image":{"@id":"https:\/\/fjala.info\/2009-2015\/#\/schema\/logo\/image\/"}},{"@type":"Person","@id":"https:\/\/fjala.info\/2009-2015\/#\/schema\/person\/3aa1163ef05469c496fc94e77611ada2","name":"admin","image":{"@type":"ImageObject","inLanguage":"sq-AL","@id":"https:\/\/fjala.info\/2009-2015\/wp-content\/uploads\/2012\/02\/arben_cokaj-120x150.jpg","url":"https:\/\/fjala.info\/2009-2015\/wp-content\/uploads\/2012\/02\/arben_cokaj-120x150.jpg","contentUrl":"https:\/\/fjala.info\/2009-2015\/wp-content\/uploads\/2012\/02\/arben_cokaj-120x150.jpg","caption":"admin"},"description":"Admin, Fjala e Lir\u00eb","sameAs":["https:\/\/fjala.info\/"],"url":"https:\/\/fjala.info\/2009-2015\/author\/admin\/"}]}},"_links":{"self":[{"href":"https:\/\/fjala.info\/2009-2015\/wp-json\/wp\/v2\/posts\/6167","targetHints":{"allow":["GET"]}}],"collection":[{"href":"https:\/\/fjala.info\/2009-2015\/wp-json\/wp\/v2\/posts"}],"about":[{"href":"https:\/\/fjala.info\/2009-2015\/wp-json\/wp\/v2\/types\/post"}],"author":[{"embeddable":true,"href":"https:\/\/fjala.info\/2009-2015\/wp-json\/wp\/v2\/users\/1"}],"replies":[{"embeddable":true,"href":"https:\/\/fjala.info\/2009-2015\/wp-json\/wp\/v2\/comments?post=6167"}],"version-history":[{"count":0,"href":"https:\/\/fjala.info\/2009-2015\/wp-json\/wp\/v2\/posts\/6167\/revisions"}],"wp:attachment":[{"href":"https:\/\/fjala.info\/2009-2015\/wp-json\/wp\/v2\/media?parent=6167"}],"wp:term":[{"taxonomy":"category","embeddable":true,"href":"https:\/\/fjala.info\/2009-2015\/wp-json\/wp\/v2\/categories?post=6167"},{"taxonomy":"post_tag","embeddable":true,"href":"https:\/\/fjala.info\/2009-2015\/wp-json\/wp\/v2\/tags?post=6167"}],"curies":[{"name":"wp","href":"https:\/\/api.w.org\/{rel}","templated":true}]}}