{"id":6164,"date":"2011-02-05T05:55:29","date_gmt":"2011-02-05T04:55:29","guid":{"rendered":"http:\/\/fjala.shkoder.net\/?p=6164"},"modified":"2011-02-05T05:55:29","modified_gmt":"2011-02-05T04:55:29","slug":"revolucioni-i-cadrave","status":"publish","type":"post","link":"https:\/\/fjala.info\/2009-2015\/revolucioni-i-cadrave\/","title":{"rendered":"Revolucioni i \u00e7adrave"},"content":{"rendered":"<p><img loading=\"lazy\" decoding=\"async\" class=\"alignright size-full wp-image-6165\" title=\"protesta_me_cadra\" src=\"http:\/\/fjala.shkoder.net\/wp-content\/uploads\/2011\/02\/protesta_me_cadra.jpg\" alt=\"\" width=\"300\" height=\"223\" \/><br \/>\nNga <strong>Enton Palushi<\/strong><\/p>\n<p>Christopher Hitchens \u00ebsht\u00eb nj\u00eb analist britanik, i cil\u00ebsuar si nj\u00eb nga pes\u00eb intelektual\u00ebt publik\u00eb m\u00eb t\u00eb njohur n\u00eb bot\u00eb. N\u00eb nj\u00eb shkrim t\u00eb botuar para pak dit\u00ebsh n\u00eb revist\u00ebn \u201cSlate\u201d, ai shkruan se turpi i nxori egjiptian\u00ebt n\u00eb rrug\u00eb. Hitchens e nis shkrimin duke treguar nj\u00eb histori:<\/p>\n<p>\u201cBiri i nj\u00eb diktatori t\u00eb nj\u00eb shteti arab me shumic\u00eb myslimane pyeti nj\u00eb mikun tim se a \u00ebsht\u00eb e v\u00ebrtet\u00eb q\u00eb edhe n\u00eb Shqip\u00ebri po mbahen zgjedhje t\u00eb lira. Miku im i pohoi t\u00eb v\u00ebrtet\u00ebn relative t\u00eb k\u00ebsaj duke th\u00ebn\u00eb se ka qen\u00eb vet\u00eb v\u00ebzhgues n\u00eb zgjedhjet shqiptare, ku ka v\u00ebn\u00eb re nj\u00ebfar\u00eb niveli transparence e ndershm\u00ebrie. \u201cN\u00eb k\u00ebt\u00eb rast, \u00e7far\u00eb na ngelet q\u00eb t\u00eb jemi ne,\u201d ul\u00ebriti trash\u00ebgimtari i diktatorit arab. \u201cD.m.th ne jemi katundar\u00eb, f\u00ebmij\u00eb, \u00e7far\u00eb?\u201d. E gjith\u00eb biseda u b\u00eb e zymt\u00eb p\u00ebr shkak t\u00eb faktit se vendet arabe ndodhen edhe pas Shqip\u00ebris\u00eb,\u201d e p\u00ebrfundon historin\u00eb Hitchens.<\/p>\n<p>Ky rast i sh\u00ebrben analistit britanik p\u00ebr t\u00eb nisur nj\u00eb v\u00ebzhgim t\u00eb mpreht\u00eb mbi arsyet q\u00eb soll\u00ebn trazirat n\u00eb Tunizi e n\u00eb Egjipt. \u201cNjer\u00ebzit nuk duhet t\u00eb trajtohen si budallenj,\u201d shkruan Hitchens. \u201cNdonj\u00ebher\u00eb njer\u00ebzit protestojn\u00eb ashp\u00ebr edhe p\u00ebr terma pak abstrakt\u00eb si nderi e njohja, po aq sa mund t\u00eb protestojn\u00eb p\u00ebr munges\u00ebn e buk\u00ebs dhe p\u00ebr territorin\u201d.<\/p>\n<p>Shum\u00eb media e kan\u00eb \u201cp\u00ebrkthyer\u201d shkrimin e Hitchens si nj\u00eb arsyetim se bota arabe \u00ebsht\u00eb lodhur duke u p\u00ebrqeshur e duke mbetur shum\u00eb pas bot\u00ebs moderne.<\/p>\n<p>S\u00ebrish tek tallja<\/p>\n<p>Si duhet t\u00eb ndjehemi ne shqiptar\u00ebt kur d\u00ebgjojm\u00eb nj\u00eb gj\u00eb t\u00eb till\u00eb? A jemi ne t\u00eb lodhur duke q\u00ebndruar t\u00eb fundit n\u00eb Europ\u00eb, t\u00eb tallur e t\u00eb p\u00ebrqeshur nga vendet e kontinentit ku b\u00ebjm\u00eb pjes\u00eb? Fundja, a nuk \u00ebsht\u00eb krahasimi q\u00eb b\u00ebn Hitchens p\u00ebr zgjedhjet n\u00eb Shqip\u00ebri nj\u00eb tallje? Ai flet p\u00ebr nj\u00eb t\u00eb v\u00ebrtet\u00eb relative p\u00ebr zgjedhje t\u00eb lira e shton se ka nj\u00ebfar\u00eb niveli transparence e ndershm\u00ebrie. A nuk \u00ebsht\u00eb edhe kjo tallje, kur m\u00eb posht\u00eb n\u00eb shkrimin e tij ai u jep ca k\u00ebshilla diktator\u00ebve t\u00eb tipit Mubarak e nj\u00eb prej tyre \u00ebsht\u00eb q\u00eb t\u00eb mos b\u00ebjn\u00eb zgjedhje fare n\u00ebse kan\u00eb nd\u00ebrmend t\u00eb b\u00ebjn\u00eb zgjedhje t\u00eb k\u00ebqija\u2026<\/p>\n<p>Por prej koh\u00ebsh vendi yn\u00eb \u00ebsht\u00eb kthyer n\u00eb nj\u00eb nj\u00ebsi mat\u00ebse t\u00eb s\u00eb keqes.<\/p>\n<p>A e dini se ndoshta kurr\u00eb nuk do e kishim marr\u00eb vesh q\u00eb paska nj\u00eb studim n\u00eb lidhje me vdekshm\u00ebrin\u00eb e n\u00ebnave gjat\u00eb lindjeve, po t\u00eb mos ishte \u201cshp\u00ebrthimi\u201d n\u00eb mediat britanike, se Anglia qenka pas Shqip\u00ebris\u00eb n\u00eb k\u00ebt\u00eb drejtim.<\/p>\n<p>Ndoshta kurr\u00eb nuk do kishim m\u00ebsuar q\u00eb gjerman\u00ebt nuk kan\u00eb nj\u00eb sistem dixhital t\u00eb komunikimit t\u00eb zjarrfik\u00ebsve, po t\u00eb mos ishte zem\u00ebrimi i mediave se Gjermania bashk\u00eb me Shqip\u00ebrin\u00eb, jan\u00eb t\u00eb vetmet q\u00eb nuk e kan\u00eb k\u00ebt\u00eb sistem.<\/p>\n<p>Ndoshta kurr\u00eb nuk do kishim m\u00ebsuar q\u00eb zgjedhjet n\u00eb Togo kan\u00eb qen\u00eb m\u00eb probleme, po t\u00eb mos ishte protesta e aktivist\u00ebve francez\u00eb me moton \u201cT\u00eb mos e b\u00ebjm\u00eb Togon si Shqip\u00ebria\u201d.<\/p>\n<p>Ndoshta kurr\u00eb nuk do kishim m\u00ebsuar se Hondurasi ishte n\u00eb prag t\u00eb nj\u00eb konflikti, po t\u00eb mos ishte presidenti i Kosta Rik\u00ebs, q\u00eb deklaronte se nuk duhet t\u00eb tolerojm\u00eb \u201cnj\u00eb Shqip\u00ebri t\u00eb dyt\u00eb\u201d n\u00eb rajon.<\/p>\n<p>Ndoshta kurr\u00eb nuk do m\u00ebsonim se t\u00eb ardhurat p\u00ebr frym\u00eb n\u00eb Kin\u00eb jan\u00eb po aq sa n\u00eb Shqip\u00ebri, po t\u00eb mos ishte revolta e mediave amerikane, q\u00eb ankohen se si nj\u00eb ekonomi aq e fuqishme, sjell p\u00ebr banor\u00ebt e saj t\u00eb ardhura p\u00ebr frym\u00eb nj\u00ebsoj si n\u00eb Shqip\u00ebri.<\/p>\n<p>Ndoshta kurr\u00eb nuk do m\u00ebsonim se Shqip\u00ebria e ka jet\u00ebgjat\u00ebsin\u00eb m\u00eb t\u00eb lart\u00eb se disa shtete t\u00eb SHBA, po t\u00eb mos ishte pezmatimi i mediave amerikane pse kan\u00eb r\u00ebn\u00eb kaq posht\u00eb.<\/p>\n<p>Sot, nj\u00ebzet vjet pas r\u00ebnies s\u00eb komunizmit, koh\u00eb e mjaftueshme p\u00ebr t\u00eb ringritur \u00e7do shtet nga hiri, ne jemi s\u00ebrish atje ku kemi qen\u00eb, duke sh\u00ebrbyer si nj\u00ebsi mat\u00ebse e mjerimit, varf\u00ebris\u00eb, totalitarizmit. Jemi thjesht nj\u00eb etalon i s\u00eb keqes.<\/p>\n<p>Tre vijat e kuqe<\/p>\n<p>M\u00ebngjesi i 21 janarit e gjeti Tiran\u00ebn t\u00eb qet\u00eb. Shum\u00eb pak njer\u00ebz l\u00ebviznin n\u00ebp\u00ebr rrug\u00eb. Po t\u00eb kaloje p\u00ebrpara kryeministris\u00eb nja dy or\u00eb p\u00ebrpara protest\u00ebs s\u00eb p\u00ebrgjakshme, mund t\u00eb vije re tre- kat\u00ebr kordon\u00eb polic\u00ebsh, pa asnj\u00eb mbrojtje, po thjesht me uniform\u00eb. Madje as uniformat e tyre nuk ishin nj\u00ebsoj.<\/p>\n<p>Gj\u00ebja e par\u00eb q\u00eb t\u00eb vjen nd\u00ebrmend tani q\u00eb kujton \u201cfaktet\u201d e kryeministrit p\u00ebr parap\u00ebrgatitjet p\u00ebr t\u00eb marr\u00eb pushtetin \u00ebsht\u00eb se p\u00ebrse k\u00ebta polic\u00eb t\u00eb shkret\u00eb, me duar n\u00eb xhepa, ishin vendosur n\u00eb radh\u00eb t\u00eb par\u00eb p\u00ebr t\u00eb pritur \u201czjarrin armik\u201d. Si\u00e7 tregojn\u00eb fotot e m\u00ebvonshme, ata nuk i rezistonin dot asaj furie njer\u00ebzish dhe madje nj\u00eb protestues i vet\u00ebm mund t\u00eb vinte p\u00ebrpara dhjet\u00eb prej tyre. P\u00ebrse ishin n\u00eb radh\u00eb t\u00eb par\u00eb k\u00ebta polic\u00eb gjynahqar\u00eb q\u00eb marrin nj\u00eb pag\u00eb qesharake?<\/p>\n<p>N\u00eb t\u00eb gjith\u00eb bot\u00ebn demokratike, taksat tona shkojn\u00eb p\u00ebr t\u00eb veshur policin\u00eb n\u00eb m\u00ebnyr\u00ebn m\u00eb t\u00eb mir\u00eb t\u00eb mundshme p\u00ebr t\u2019u mbrojtur nga sulmet e demonstruesve. Ndaj n\u00eb \u00e7do raportim q\u00eb b\u00ebhet p\u00ebr raste demonstratash n\u00eb Per\u00ebndim, flitet p\u00ebr num\u00ebr demonstruesish t\u00eb plagosur, sepse supozohet q\u00eb polic\u00ebt jan\u00eb t\u00eb mbrojtur nga arm\u00ebt q\u00eb ka populli n\u00eb nj\u00eb demokraci, gur\u00eb e shkopinj (dhe \u00e7adra).<\/p>\n<p>Prandaj dallon nj\u00eb demokraci nga nj\u00eb diktatur\u00eb, sepse ka nj\u00eb vij\u00eb t\u00eb kuqe, e cila nuk duhet t\u00eb shkelet nga policia e forcat e rendit.<\/p>\n<p>Ka nj\u00eb pamje q\u00eb m\u00eb \u00ebsht\u00eb v\u00ebrtitur n\u00eb mendje deri von\u00eb, ajo e nj\u00eb protestueseje iraniane, q\u00eb goditet me plumb n\u00eb kok\u00eb gjat\u00eb nj\u00eb proteste. Ajo u b\u00eb simbol i q\u00ebndres\u00ebs ndaj nj\u00eb regjimi diktatorial e t\u00eb dhunsh\u00ebm. Po tani q\u00eb kemi n\u00eb vendin ton\u00eb pamje t\u00eb jo nj\u00eb, por t\u00eb tre protestuesve t\u00eb vrar\u00eb me plumb n\u00eb kok\u00eb e gjoks, sa gjat\u00eb do rrin\u00eb n\u00eb kujtes\u00ebn ton\u00eb k\u00ebto pamje makab\u00ebr q\u00eb na kan\u00eb prishur gjakun?<\/p>\n<p>Nd\u00ebrsa ka shkelur me dy k\u00ebmb\u00eb vij\u00ebn e par\u00eb t\u00eb kuqe q\u00eb ndan nj\u00eb demokraci nga diktatura, at\u00eb t\u00eb dhun\u00ebs e terrorit policor, kryeministri po shkel \u00e7do dit\u00eb nj\u00eb tjet\u00ebr vij\u00eb t\u00eb kuqe q\u00eb ndan dy sistemet: at\u00eb t\u00eb ndarjes s\u00eb pushteteve.<\/p>\n<p>Por m\u00eb par\u00eb \u00ebsht\u00eb shkelur edhe nj\u00eb vij\u00eb e tret\u00eb e kuqe, duke plot\u00ebsuar kuadrin e nj\u00eb sistemi autokratik. \u00cbsht\u00eb nxjerr\u00eb jasht\u00eb loje opozita. V\u00ebshtir\u00ebsia e nd\u00ebrtimit t\u00eb nj\u00eb sistemi demokratik q\u00ebndron tek sjellja q\u00eb ke ndaj opozit\u00ebs. Kurse n\u00eb rastin ton\u00eb opozita cil\u00ebsohet si nj\u00eb humb\u00ebse e keqe, e cila duhet t\u00eb mbyll\u00eb goj\u00ebn e t\u00eb aprovoj\u00eb arritjet madh\u00ebshtore t\u00eb qeveris\u00eb. Por a kemi ne nj\u00eb opozit\u00eb destruktive? Deri m\u00eb tani kemi nj\u00eb opozit\u00eb q\u00eb ka folur vet\u00ebm p\u00ebr kauza demokratike, p\u00ebr nevoj\u00ebn e zgjedhjeve t\u00eb lira dhe p\u00ebr lirin\u00eb e fjal\u00ebs. Nj\u00eb opozit\u00eb \u00ebsht\u00eb destruktive kur bllokon parlamentin se k\u00ebrkon t\u00eb miratohet nj\u00eb ligj p\u00ebr legalizim vilash n\u00eb bregdet, p\u00ebr ulje akcize, apo q\u00eb do t\u00eb ndryshoj\u00eb ligje n\u00eb favor t\u00eb interesave t\u00eb saj ekonomike. Ne nuk kemi nj\u00eb opozit\u00eb t\u00eb till\u00eb.<\/p>\n<p>Godina e Berish\u00ebs<\/p>\n<p>Duhet t\u00eb jet\u00eb rast i rrall\u00eb q\u00eb nj\u00eb kryeminist\u00ebr t\u00eb citoj\u00eb kaq shpesh karrigen e tij n\u00eb \u00e7do dalje publike. \u201cDo m\u00eb merrnin karrigen, nuk e l\u00ebshoj karrigen, ai do karrigen,\u201d p\u00ebr t\u00eb pasuar m\u00eb pas n\u00eb n\u00ebnnd\u00ebrgjegje me \u201cdo m\u00eb marrin vul\u00ebn, dokumentet, setin, pikturat etj\u201d. \u00c7far\u00eb \u00ebsht\u00eb ky pasion i kryeministrit p\u00ebr t\u00eb identifikuar nj\u00eb institucion vet\u00ebm nga pik\u00ebpamja materiale? P\u00ebr t\u00eb kryeministria \u00ebsht\u00eb godina. Ajo ka r\u00ebnd\u00ebsi. Nd\u00ebrsa kudo n\u00eb bot\u00ebn per\u00ebndimore nuk jan\u00eb godinat q\u00eb mbajn\u00eb gjall\u00eb institucionin. Por k\u00ebt\u00eb gj\u00eb e di mir\u00eb kryeministri yn\u00eb aktual, q\u00eb edhe pse e pati pushtuar godin\u00ebn e qeveris\u00eb shum\u00eb vite m\u00eb par\u00eb, nuk ia pa dot hairin. Sepse nuk \u00ebsht\u00eb godina q\u00eb b\u00ebn institucionin. A e d\u00ebgjuat Eduard Halimin q\u00eb i thoshte presidentit titullar institucioni? Nd\u00ebrkoh\u00eb q\u00eb k\u00ebshilltari i Topit i tha se presidenti \u00ebsht\u00eb vet\u00eb institucioni. A u mjafton kjo logjik\u00eb? Po at\u00ebher\u00eb s\u00ebrish t\u00eb rilind pyetja, pse kjo joshje e kryeministrit pas materiales.<\/p>\n<p>Kok\u00ebpalar\u00ebt dhe bab\u00ebzia<\/p>\n<p>Ka nj\u00eb shpjegim ndoshta edhe p\u00ebr k\u00ebt\u00eb. Shum\u00eb her\u00eb i ka em\u00ebrtuar protestuesit e 21 janarit si kok\u00ebpalar\u00eb, morracak\u00eb, zhulsa, q\u00eb donin t\u00eb b\u00ebnin pis Tiran\u00ebn. Nd\u00ebrsa d\u00ebgjon kryeministrin tek flet k\u00ebto fjal\u00eb nuk ka si t\u00eb mos kujtohet ajo periudh\u00eb kur protestuesit e tij i em\u00ebrtonte \u201c\u00e7e\u00e7en\u00eb\u201d, \u201cbathoraxhinj\u201d e \u201ckatundar\u00eb\u201d ajo pjes\u00eb e pushtetit t\u00eb Fatos Nanos, t\u00eb cil\u00ebn Berisha e quante borxhezia e re q\u00eb lahet n\u00eb vaska ari. Madje kryeministri disa her\u00eb u betua q\u00eb do hakmerrej ndaj k\u00ebsaj borxhezie. \u00c7\u2019ka ndodhur? Tani Berisha ka aristokracin\u00eb e tij, q\u00eb bezdiset teksa sheh disa protestues t\u00eb palar\u00eb para zyrave. Bile, kur sheh Berish\u00ebn q\u00eb shqipton k\u00ebto fjal\u00eb, nuk t\u00eb duket se flet ai, po z\u00ebri i njer\u00ebzve q\u00eb e rrethojn\u00eb, i femrave t\u00eb aristokracis\u00eb s\u00eb re, q\u00eb ndjehen t\u00eb k\u00ebrc\u00ebnuara nga pabuksit. A nuk ju duket se sa her\u00eb flet Berisha me k\u00ebto fyerje, n\u00eb vend t\u00eb tij t\u00eb shfaqet nj\u00eb fem\u00ebr e rrethit t\u00eb tij familjaro- pushtetar, me qaf\u00ebn gjith\u00eb pala (sigurisht do jet\u00eb bionde), q\u00eb ankohet se \u201ckok\u00ebpalar\u00ebt\u201d po i shkat\u00ebrrojn\u00eb fundjav\u00ebn e skive?<\/p>\n<p>Nd\u00ebrsa kujtesa ta fshin k\u00ebt\u00eb femr\u00ebn me pala n\u00eb qaf\u00eb p\u00ebr nj\u00eb moment, n\u00eb mendje t\u00eb vjen Ana, vajza bukuroshe e \u201ckok\u00ebpalarit\u201d Ziver Veizi, loti i t\u00eb cil\u00ebs ka tronditur \u00e7do zem\u00ebr shqiptare.<\/p>\n<p>Psikologjia e turm\u00ebs<\/p>\n<p>Ka me qindra studime p\u00ebr psikologjin\u00eb e turm\u00ebs. Nuk ka fush\u00eb m\u00eb josh\u00ebse studimi p\u00ebr filozof\u00ebt, psikolog\u00ebt e historian\u00ebt se turma. Nuk ka r\u00ebnd\u00ebsi se kush b\u00ebhet pjes\u00eb e saj, nuk ka r\u00ebnd\u00ebsi vendi ku ajo grumbullohet, nuk ka r\u00ebnd\u00ebsi formimi i njer\u00ebzve q\u00eb i bashk\u00ebngjiten, turma \u00ebsht\u00eb e frikshme dhe shum\u00eb e rrezikshme. Jo m\u00eb kot shpesh p\u00ebrdoret edhe si fyerje. Nd\u00ebrsa gjitha ligj\u00ebsit\u00eb t\u00eb sugjerojn\u00eb se turma nuk dihet si reagon ndaj duhet t\u2019i ruhesh n\u00eb \u00e7do moment (qofsh n\u00eb Franc\u00eb, Angli, Zimbabve apo Tunizi), nj\u00eb tropojane me emrin Bekime \u00ebsht\u00eb \u201ckujtuar\u201d t\u00eb sfidoj\u00eb k\u00ebto ligj\u00ebsi duke provokuar nj\u00eb turm\u00eb q\u00eb po drejtohej drejt sheshit qendror m\u00eb 21 janar. Q\u00eb t\u00eb kuptohemi, e d\u00ebnoj sulmin mbi at\u00eb vajz\u00eb, sikund\u00ebr e besoj se mund t\u00eb jet\u00eb nj\u00eb reagim adoleshentesk i saj, por nuk \u00ebsht\u00eb ajo simboli i dhunimit t\u00eb mendimit ndryshe si\u00e7 na e paraqet \u00e7do sekond\u00eb nj\u00eb spot i qeveris\u00eb (t\u00eb tjera para tonat p\u00ebr propagand\u00ebn e Berish\u00ebs). P\u00ebrfytyroni p\u00ebr nj\u00eb moment sikur ajo turm\u00eb t\u00eb ishte e mbushur me tifoz\u00eb t\u00eb Rom\u00ebs dhe kjo vajza bukuroshe t\u00eb futej mes tyre e t\u00eb b\u00ebrtiste \u201cLacio, Lacio\u201d.<\/p>\n<p>\u00c7\u00ebshtja e imazhit<\/p>\n<p>Fotoja e nj\u00eb protestuesi egjiptian q\u00eb mban nj\u00eb parull\u00eb ku shkruhet \u201cT\u00eb lutem turist\u00eb, mos u largoni, nuk kemi gj\u00eb me ju\u201d, po publikohet n\u00eb mediat e m\u00ebdha n\u00eb Per\u00ebndim. Prej koh\u00ebsh Egjipti \u00ebsht\u00eb nj\u00eb destinacion i r\u00ebnd\u00ebsish\u00ebm turistik. Po ashtu edhe Tunizia.<\/p>\n<p>Ka shum\u00eb vende diktatoriale n\u00eb bot\u00eb q\u00eb kan\u00eb nj\u00eb turiz\u00ebm t\u00eb zhvilluar. Disa mund t\u00eb thon\u00eb se \u00ebsht\u00eb diktatura q\u00eb mban n\u00ebn kontroll krimin dhe i mbron turist\u00ebt. Mund t\u00eb jet\u00eb edhe kjo. Por e v\u00ebrteta \u00ebsht\u00eb se nj\u00eb popull dashamir\u00ebs, bujar e mikprit\u00ebs nuk zhb\u00ebn traditat e tij vet\u00ebm pse proteston ndaj qeveris\u00eb. Po ashtu nuk mund t\u00eb kriminalizosh nj\u00eb popull. Por ajo q\u00eb po b\u00ebn kryeministri shqiptar \u00ebsht\u00eb e frikshme p\u00ebr turist\u00ebt. Ai po kriminalizon individin shqiptar. Asnj\u00eb turist nuk ka frik\u00eb nga nj\u00eb popull q\u00eb revoltohet. Ka turist\u00eb jan\u00eb bashkuar me egjiptian\u00ebt n\u00eb protest\u00eb. Por ajo q\u00eb po b\u00ebn kryeministri \u00ebsht\u00eb e frikshme. Ai po flet p\u00ebr njer\u00ebz me arm\u00eb t\u00eb sofistikuara, p\u00ebr tritol q\u00eb l\u00ebviz lirisht n\u00eb rrug\u00eb, p\u00ebr thika me helm e p\u00ebr njer\u00ebz q\u00eb p\u00ebr 200 euro mund t\u00eb b\u00ebjn\u00eb k\u00ebrdin\u00eb. Kush turist do guxonte t\u00eb vinte n\u00eb nj\u00eb vend ky qytetari \u00ebsht\u00eb kaq i kriminalizuar? A mund t\u00eb vij\u00eb nj\u00eb turist n\u00eb nj\u00eb vend ku policia thot\u00eb se kreu i opozit\u00ebs mund t\u00eb vritet p\u00ebr nj\u00eb makin\u00eb? Po sikur ai turist t\u00eb vij\u00eb me makin\u00ebn e tij dhe t\u00eb shkaktoj\u00eb nj\u00eb aksident? Apo kur t\u00eb shkoj\u00eb n\u00eb bregdet t\u00eb has\u00eb pa dashje n\u00eb nj\u00eb kamp st\u00ebrvitor me mercenar\u00eb\u2026<\/p>\n<p>N\u00eb mbyllje<\/p>\n<p>\u201cP\u00ebrkthyesja\u201d \u00ebsht\u00eb nj\u00eb film me aktore kryesore Nicole Kidman, i pari film i xhiruar n\u00eb ambientet e Asambles\u00eb s\u00eb P\u00ebrgjithshme t\u00eb Kombeve t\u00eb Bashkuara. Kidman n\u00eb k\u00ebt\u00eb film \u00ebsht\u00eb p\u00ebrkthyese p\u00ebr OKB, e cila dyshohet se do t\u00eb vras\u00eb liderin e nj\u00eb shteti afrikan, p\u00ebr shkak se ai i ka vrar\u00eb v\u00ebllan\u00eb. Por n\u00eb realitet atentatin ndaj liderit afrikan po e p\u00ebrgatisin k\u00ebshilltar\u00ebt e tij. Synimi \u00ebsht\u00eb q\u00eb t\u00eb ket\u00eb nj\u00eb atentat t\u00eb d\u00ebshtuar, \u00e7ka do i sh\u00ebrbente liderit afrikan p\u00ebr t\u00eb asgj\u00ebsuar opozit\u00ebn e vendit t\u00eb tij.<\/p>\n<p>N\u00eb fund t\u00eb filmit ka nj\u00eb fjalim mjaft prek\u00ebs t\u00eb Kidman, e cila ka mb\u00ebshtetur liderin afrikan t\u00eb vij\u00eb n\u00eb pushtet duke besuar fort se ai do t\u00eb sjell\u00eb ndryshimin e shum\u00ebpritur. Por ai u b\u00eb m\u00eb i keq s\u00eb paraardh\u00ebsi. Duke besuar se mesazhi i k\u00ebtij filmi ishte shum\u00eb i fort\u00eb, OKB hapi dyert p\u00ebr t\u00eb xhiruar n\u00eb brend\u00ebsi.<\/p>\n<p>Prandaj duhet besuar vet\u00ebm tek nj\u00eb zgjidhje: tek zgjedhjet e lira e t\u00eb ndershme. Prej k\u00ebsaj kauze ne kemi mb\u00ebrritur n\u00eb k\u00ebt\u00eb dit\u00eb ku jemi. Askush nuk duhet t\u00eb ket\u00eb frik\u00eb nga zgjedhjet, edhe n\u00ebse b\u00ebhen t\u00eb shpeshta. \u00cbsht\u00eb e vetmja m\u00ebnyr\u00eb p\u00ebr t\u2019i treguar \u00e7do politikani se nuk e ka jet\u00ebn e gjat\u00eb. N\u00eb pushtet sigurisht.<\/p>\n","protected":false},"excerpt":{"rendered":"<p>Nga Enton Palushi Christopher Hitchens \u00ebsht\u00eb nj\u00eb analist britanik, i cil\u00ebsuar si nj\u00eb nga pes\u00eb intelektual\u00ebt publik\u00eb m\u00eb t\u00eb njohur n\u00eb bot\u00eb. N\u00eb nj\u00eb shkrim t\u00eb botuar para pak dit\u00ebsh n\u00eb revist\u00ebn \u201cSlate\u201d, ai shkruan se turpi i nxori egjiptian\u00ebt n\u00eb rrug\u00eb. Hitchens e nis shkrimin duke treguar nj\u00eb histori: \u201cBiri i nj\u00eb diktatori t\u00eb [&hellip;]<\/p>\n","protected":false},"author":1,"featured_media":0,"comment_status":"open","ping_status":"closed","sticky":false,"template":"","format":"standard","meta":{"footnotes":""},"categories":[2],"tags":[],"class_list":{"0":"post-6164","1":"post","2":"type-post","3":"status-publish","4":"format-standard","6":"category-artikuj"},"yoast_head":"<!-- This site is optimized with the Yoast SEO plugin v27.4 - https:\/\/yoast.com\/product\/yoast-seo-wordpress\/ -->\n<title>Revolucioni i \u00e7adrave - FjALA e LIR\u00cb - Arkivi<\/title>\n<meta name=\"robots\" content=\"index, follow, max-snippet:-1, max-image-preview:large, max-video-preview:-1\" \/>\n<link rel=\"canonical\" href=\"https:\/\/fjala.info\/2009-2015\/revolucioni-i-cadrave\/\" \/>\n<meta property=\"og:locale\" content=\"sq_AL\" \/>\n<meta property=\"og:type\" content=\"article\" \/>\n<meta property=\"og:title\" content=\"Revolucioni i \u00e7adrave - FjALA e LIR\u00cb - Arkivi\" \/>\n<meta property=\"og:description\" content=\"Nga Enton Palushi Christopher Hitchens \u00ebsht\u00eb nj\u00eb analist britanik, i cil\u00ebsuar si nj\u00eb nga pes\u00eb intelektual\u00ebt publik\u00eb m\u00eb t\u00eb njohur n\u00eb bot\u00eb. N\u00eb nj\u00eb shkrim t\u00eb botuar para pak dit\u00ebsh n\u00eb revist\u00ebn \u201cSlate\u201d, ai shkruan se turpi i nxori egjiptian\u00ebt n\u00eb rrug\u00eb. Hitchens e nis shkrimin duke treguar nj\u00eb histori: \u201cBiri i nj\u00eb diktatori t\u00eb [&hellip;]\" \/>\n<meta property=\"og:url\" content=\"https:\/\/fjala.info\/2009-2015\/revolucioni-i-cadrave\/\" \/>\n<meta property=\"og:site_name\" content=\"FjALA e LIR\u00cb - Arkivi\" \/>\n<meta property=\"article:published_time\" content=\"2011-02-05T04:55:29+00:00\" \/>\n<meta property=\"og:image\" content=\"http:\/\/fjala.shkoder.net\/wp-content\/uploads\/2011\/02\/protesta_me_cadra.jpg\" \/>\n<meta name=\"author\" content=\"admin\" \/>\n<meta name=\"twitter:card\" content=\"summary_large_image\" \/>\n<meta name=\"twitter:label1\" content=\"Written by\" \/>\n\t<meta name=\"twitter:data1\" content=\"admin\" \/>\n\t<meta name=\"twitter:label2\" content=\"Est. reading time\" \/>\n\t<meta name=\"twitter:data2\" content=\"12 minutes\" \/>\n<script type=\"application\/ld+json\" class=\"yoast-schema-graph\">{\"@context\":\"https:\\\/\\\/schema.org\",\"@graph\":[{\"@type\":\"Article\",\"@id\":\"https:\\\/\\\/fjala.info\\\/2009-2015\\\/revolucioni-i-cadrave\\\/#article\",\"isPartOf\":{\"@id\":\"https:\\\/\\\/fjala.info\\\/2009-2015\\\/revolucioni-i-cadrave\\\/\"},\"author\":{\"name\":\"admin\",\"@id\":\"https:\\\/\\\/fjala.info\\\/2009-2015\\\/#\\\/schema\\\/person\\\/3aa1163ef05469c496fc94e77611ada2\"},\"headline\":\"Revolucioni i \u00e7adrave\",\"datePublished\":\"2011-02-05T04:55:29+00:00\",\"mainEntityOfPage\":{\"@id\":\"https:\\\/\\\/fjala.info\\\/2009-2015\\\/revolucioni-i-cadrave\\\/\"},\"wordCount\":2452,\"commentCount\":0,\"publisher\":{\"@id\":\"https:\\\/\\\/fjala.info\\\/2009-2015\\\/#organization\"},\"image\":{\"@id\":\"https:\\\/\\\/fjala.info\\\/2009-2015\\\/revolucioni-i-cadrave\\\/#primaryimage\"},\"thumbnailUrl\":\"http:\\\/\\\/fjala.shkoder.net\\\/wp-content\\\/uploads\\\/2011\\\/02\\\/protesta_me_cadra.jpg\",\"articleSection\":[\"Artikuj\"],\"inLanguage\":\"sq-AL\",\"potentialAction\":[{\"@type\":\"CommentAction\",\"name\":\"Comment\",\"target\":[\"https:\\\/\\\/fjala.info\\\/2009-2015\\\/revolucioni-i-cadrave\\\/#respond\"]}]},{\"@type\":\"WebPage\",\"@id\":\"https:\\\/\\\/fjala.info\\\/2009-2015\\\/revolucioni-i-cadrave\\\/\",\"url\":\"https:\\\/\\\/fjala.info\\\/2009-2015\\\/revolucioni-i-cadrave\\\/\",\"name\":\"Revolucioni i \u00e7adrave - FjALA e LIR\u00cb - Arkivi\",\"isPartOf\":{\"@id\":\"https:\\\/\\\/fjala.info\\\/2009-2015\\\/#website\"},\"primaryImageOfPage\":{\"@id\":\"https:\\\/\\\/fjala.info\\\/2009-2015\\\/revolucioni-i-cadrave\\\/#primaryimage\"},\"image\":{\"@id\":\"https:\\\/\\\/fjala.info\\\/2009-2015\\\/revolucioni-i-cadrave\\\/#primaryimage\"},\"thumbnailUrl\":\"http:\\\/\\\/fjala.shkoder.net\\\/wp-content\\\/uploads\\\/2011\\\/02\\\/protesta_me_cadra.jpg\",\"datePublished\":\"2011-02-05T04:55:29+00:00\",\"breadcrumb\":{\"@id\":\"https:\\\/\\\/fjala.info\\\/2009-2015\\\/revolucioni-i-cadrave\\\/#breadcrumb\"},\"inLanguage\":\"sq-AL\",\"potentialAction\":[{\"@type\":\"ReadAction\",\"target\":[\"https:\\\/\\\/fjala.info\\\/2009-2015\\\/revolucioni-i-cadrave\\\/\"]}]},{\"@type\":\"ImageObject\",\"inLanguage\":\"sq-AL\",\"@id\":\"https:\\\/\\\/fjala.info\\\/2009-2015\\\/revolucioni-i-cadrave\\\/#primaryimage\",\"url\":\"http:\\\/\\\/fjala.shkoder.net\\\/wp-content\\\/uploads\\\/2011\\\/02\\\/protesta_me_cadra.jpg\",\"contentUrl\":\"http:\\\/\\\/fjala.shkoder.net\\\/wp-content\\\/uploads\\\/2011\\\/02\\\/protesta_me_cadra.jpg\"},{\"@type\":\"BreadcrumbList\",\"@id\":\"https:\\\/\\\/fjala.info\\\/2009-2015\\\/revolucioni-i-cadrave\\\/#breadcrumb\",\"itemListElement\":[{\"@type\":\"ListItem\",\"position\":1,\"name\":\"Home\",\"item\":\"https:\\\/\\\/fjala.info\\\/2009-2015\\\/\"},{\"@type\":\"ListItem\",\"position\":2,\"name\":\"Revolucioni i \u00e7adrave\"}]},{\"@type\":\"WebSite\",\"@id\":\"https:\\\/\\\/fjala.info\\\/2009-2015\\\/#website\",\"url\":\"https:\\\/\\\/fjala.info\\\/2009-2015\\\/\",\"name\":\"FjALA e LIR\u00cb - Arkivi\",\"description\":\"Arkivi 2009-2015\",\"publisher\":{\"@id\":\"https:\\\/\\\/fjala.info\\\/2009-2015\\\/#organization\"},\"potentialAction\":[{\"@type\":\"SearchAction\",\"target\":{\"@type\":\"EntryPoint\",\"urlTemplate\":\"https:\\\/\\\/fjala.info\\\/2009-2015\\\/?s={search_term_string}\"},\"query-input\":{\"@type\":\"PropertyValueSpecification\",\"valueRequired\":true,\"valueName\":\"search_term_string\"}}],\"inLanguage\":\"sq-AL\"},{\"@type\":\"Organization\",\"@id\":\"https:\\\/\\\/fjala.info\\\/2009-2015\\\/#organization\",\"name\":\"FjALA e LIR\u00cb - Arkivi\",\"url\":\"https:\\\/\\\/fjala.info\\\/2009-2015\\\/\",\"logo\":{\"@type\":\"ImageObject\",\"inLanguage\":\"sq-AL\",\"@id\":\"https:\\\/\\\/fjala.info\\\/2009-2015\\\/#\\\/schema\\\/logo\\\/image\\\/\",\"url\":\"\",\"contentUrl\":\"\",\"caption\":\"FjALA e LIR\u00cb - Arkivi\"},\"image\":{\"@id\":\"https:\\\/\\\/fjala.info\\\/2009-2015\\\/#\\\/schema\\\/logo\\\/image\\\/\"}},{\"@type\":\"Person\",\"@id\":\"https:\\\/\\\/fjala.info\\\/2009-2015\\\/#\\\/schema\\\/person\\\/3aa1163ef05469c496fc94e77611ada2\",\"name\":\"admin\",\"image\":{\"@type\":\"ImageObject\",\"inLanguage\":\"sq-AL\",\"@id\":\"https:\\\/\\\/fjala.info\\\/2009-2015\\\/wp-content\\\/uploads\\\/2012\\\/02\\\/arben_cokaj-120x150.jpg\",\"url\":\"https:\\\/\\\/fjala.info\\\/2009-2015\\\/wp-content\\\/uploads\\\/2012\\\/02\\\/arben_cokaj-120x150.jpg\",\"contentUrl\":\"https:\\\/\\\/fjala.info\\\/2009-2015\\\/wp-content\\\/uploads\\\/2012\\\/02\\\/arben_cokaj-120x150.jpg\",\"caption\":\"admin\"},\"description\":\"Admin, Fjala e Lir\u00eb\",\"sameAs\":[\"https:\\\/\\\/fjala.info\\\/\"],\"url\":\"https:\\\/\\\/fjala.info\\\/2009-2015\\\/author\\\/admin\\\/\"}]}<\/script>\n<!-- \/ Yoast SEO plugin. -->","yoast_head_json":{"title":"Revolucioni i \u00e7adrave - FjALA e LIR\u00cb - Arkivi","robots":{"index":"index","follow":"follow","max-snippet":"max-snippet:-1","max-image-preview":"max-image-preview:large","max-video-preview":"max-video-preview:-1"},"canonical":"https:\/\/fjala.info\/2009-2015\/revolucioni-i-cadrave\/","og_locale":"sq_AL","og_type":"article","og_title":"Revolucioni i \u00e7adrave - FjALA e LIR\u00cb - Arkivi","og_description":"Nga Enton Palushi Christopher Hitchens \u00ebsht\u00eb nj\u00eb analist britanik, i cil\u00ebsuar si nj\u00eb nga pes\u00eb intelektual\u00ebt publik\u00eb m\u00eb t\u00eb njohur n\u00eb bot\u00eb. N\u00eb nj\u00eb shkrim t\u00eb botuar para pak dit\u00ebsh n\u00eb revist\u00ebn \u201cSlate\u201d, ai shkruan se turpi i nxori egjiptian\u00ebt n\u00eb rrug\u00eb. Hitchens e nis shkrimin duke treguar nj\u00eb histori: \u201cBiri i nj\u00eb diktatori t\u00eb [&hellip;]","og_url":"https:\/\/fjala.info\/2009-2015\/revolucioni-i-cadrave\/","og_site_name":"FjALA e LIR\u00cb - Arkivi","article_published_time":"2011-02-05T04:55:29+00:00","og_image":[{"url":"http:\/\/fjala.shkoder.net\/wp-content\/uploads\/2011\/02\/protesta_me_cadra.jpg","type":"","width":"","height":""}],"author":"admin","twitter_card":"summary_large_image","twitter_misc":{"Written by":"admin","Est. reading time":"12 minutes"},"schema":{"@context":"https:\/\/schema.org","@graph":[{"@type":"Article","@id":"https:\/\/fjala.info\/2009-2015\/revolucioni-i-cadrave\/#article","isPartOf":{"@id":"https:\/\/fjala.info\/2009-2015\/revolucioni-i-cadrave\/"},"author":{"name":"admin","@id":"https:\/\/fjala.info\/2009-2015\/#\/schema\/person\/3aa1163ef05469c496fc94e77611ada2"},"headline":"Revolucioni i \u00e7adrave","datePublished":"2011-02-05T04:55:29+00:00","mainEntityOfPage":{"@id":"https:\/\/fjala.info\/2009-2015\/revolucioni-i-cadrave\/"},"wordCount":2452,"commentCount":0,"publisher":{"@id":"https:\/\/fjala.info\/2009-2015\/#organization"},"image":{"@id":"https:\/\/fjala.info\/2009-2015\/revolucioni-i-cadrave\/#primaryimage"},"thumbnailUrl":"http:\/\/fjala.shkoder.net\/wp-content\/uploads\/2011\/02\/protesta_me_cadra.jpg","articleSection":["Artikuj"],"inLanguage":"sq-AL","potentialAction":[{"@type":"CommentAction","name":"Comment","target":["https:\/\/fjala.info\/2009-2015\/revolucioni-i-cadrave\/#respond"]}]},{"@type":"WebPage","@id":"https:\/\/fjala.info\/2009-2015\/revolucioni-i-cadrave\/","url":"https:\/\/fjala.info\/2009-2015\/revolucioni-i-cadrave\/","name":"Revolucioni i \u00e7adrave - FjALA e LIR\u00cb - Arkivi","isPartOf":{"@id":"https:\/\/fjala.info\/2009-2015\/#website"},"primaryImageOfPage":{"@id":"https:\/\/fjala.info\/2009-2015\/revolucioni-i-cadrave\/#primaryimage"},"image":{"@id":"https:\/\/fjala.info\/2009-2015\/revolucioni-i-cadrave\/#primaryimage"},"thumbnailUrl":"http:\/\/fjala.shkoder.net\/wp-content\/uploads\/2011\/02\/protesta_me_cadra.jpg","datePublished":"2011-02-05T04:55:29+00:00","breadcrumb":{"@id":"https:\/\/fjala.info\/2009-2015\/revolucioni-i-cadrave\/#breadcrumb"},"inLanguage":"sq-AL","potentialAction":[{"@type":"ReadAction","target":["https:\/\/fjala.info\/2009-2015\/revolucioni-i-cadrave\/"]}]},{"@type":"ImageObject","inLanguage":"sq-AL","@id":"https:\/\/fjala.info\/2009-2015\/revolucioni-i-cadrave\/#primaryimage","url":"http:\/\/fjala.shkoder.net\/wp-content\/uploads\/2011\/02\/protesta_me_cadra.jpg","contentUrl":"http:\/\/fjala.shkoder.net\/wp-content\/uploads\/2011\/02\/protesta_me_cadra.jpg"},{"@type":"BreadcrumbList","@id":"https:\/\/fjala.info\/2009-2015\/revolucioni-i-cadrave\/#breadcrumb","itemListElement":[{"@type":"ListItem","position":1,"name":"Home","item":"https:\/\/fjala.info\/2009-2015\/"},{"@type":"ListItem","position":2,"name":"Revolucioni i \u00e7adrave"}]},{"@type":"WebSite","@id":"https:\/\/fjala.info\/2009-2015\/#website","url":"https:\/\/fjala.info\/2009-2015\/","name":"FjALA e LIR\u00cb - Arkivi","description":"Arkivi 2009-2015","publisher":{"@id":"https:\/\/fjala.info\/2009-2015\/#organization"},"potentialAction":[{"@type":"SearchAction","target":{"@type":"EntryPoint","urlTemplate":"https:\/\/fjala.info\/2009-2015\/?s={search_term_string}"},"query-input":{"@type":"PropertyValueSpecification","valueRequired":true,"valueName":"search_term_string"}}],"inLanguage":"sq-AL"},{"@type":"Organization","@id":"https:\/\/fjala.info\/2009-2015\/#organization","name":"FjALA e LIR\u00cb - Arkivi","url":"https:\/\/fjala.info\/2009-2015\/","logo":{"@type":"ImageObject","inLanguage":"sq-AL","@id":"https:\/\/fjala.info\/2009-2015\/#\/schema\/logo\/image\/","url":"","contentUrl":"","caption":"FjALA e LIR\u00cb - Arkivi"},"image":{"@id":"https:\/\/fjala.info\/2009-2015\/#\/schema\/logo\/image\/"}},{"@type":"Person","@id":"https:\/\/fjala.info\/2009-2015\/#\/schema\/person\/3aa1163ef05469c496fc94e77611ada2","name":"admin","image":{"@type":"ImageObject","inLanguage":"sq-AL","@id":"https:\/\/fjala.info\/2009-2015\/wp-content\/uploads\/2012\/02\/arben_cokaj-120x150.jpg","url":"https:\/\/fjala.info\/2009-2015\/wp-content\/uploads\/2012\/02\/arben_cokaj-120x150.jpg","contentUrl":"https:\/\/fjala.info\/2009-2015\/wp-content\/uploads\/2012\/02\/arben_cokaj-120x150.jpg","caption":"admin"},"description":"Admin, Fjala e Lir\u00eb","sameAs":["https:\/\/fjala.info\/"],"url":"https:\/\/fjala.info\/2009-2015\/author\/admin\/"}]}},"_links":{"self":[{"href":"https:\/\/fjala.info\/2009-2015\/wp-json\/wp\/v2\/posts\/6164","targetHints":{"allow":["GET"]}}],"collection":[{"href":"https:\/\/fjala.info\/2009-2015\/wp-json\/wp\/v2\/posts"}],"about":[{"href":"https:\/\/fjala.info\/2009-2015\/wp-json\/wp\/v2\/types\/post"}],"author":[{"embeddable":true,"href":"https:\/\/fjala.info\/2009-2015\/wp-json\/wp\/v2\/users\/1"}],"replies":[{"embeddable":true,"href":"https:\/\/fjala.info\/2009-2015\/wp-json\/wp\/v2\/comments?post=6164"}],"version-history":[{"count":0,"href":"https:\/\/fjala.info\/2009-2015\/wp-json\/wp\/v2\/posts\/6164\/revisions"}],"wp:attachment":[{"href":"https:\/\/fjala.info\/2009-2015\/wp-json\/wp\/v2\/media?parent=6164"}],"wp:term":[{"taxonomy":"category","embeddable":true,"href":"https:\/\/fjala.info\/2009-2015\/wp-json\/wp\/v2\/categories?post=6164"},{"taxonomy":"post_tag","embeddable":true,"href":"https:\/\/fjala.info\/2009-2015\/wp-json\/wp\/v2\/tags?post=6164"}],"curies":[{"name":"wp","href":"https:\/\/api.w.org\/{rel}","templated":true}]}}