{"id":6160,"date":"2011-02-05T05:47:50","date_gmt":"2011-02-05T04:47:50","guid":{"rendered":"http:\/\/fjala.shkoder.net\/?p=6160"},"modified":"2011-02-05T05:47:50","modified_gmt":"2011-02-05T04:47:50","slug":"pse-kam-zgjedhur-shqiperine","status":"publish","type":"post","link":"https:\/\/fjala.info\/2009-2015\/pse-kam-zgjedhur-shqiperine\/","title":{"rendered":"Pse kam zgjedhur Shqip\u00ebrin\u00eb?"},"content":{"rendered":"<p><img loading=\"lazy\" decoding=\"async\" class=\"alignright size-full wp-image-6161\" title=\"Valbona\" src=\"http:\/\/fjala.shkoder.net\/wp-content\/uploads\/2011\/02\/valbona.jpg\" alt=\"\" width=\"300\" height=\"225\" \/><br \/>\nNga <strong>Catherine Bohne<\/strong><\/p>\n<p>Jam ulur p\u00ebr t\u00eb shkruar me nj\u00eb ndjesi shtyp\u00ebse trysnie t\u00eb brendshme \u2013 \u00ebsht\u00eb di\u00e7ka q\u00eb dua ta b\u00ebj t\u00eb kuptueshme \u2013 por filloj t\u00eb radhis fjal\u00eb pa nj\u00eb ide t\u00eb qart\u00eb sesi do t\u00eb komunikoj nj\u00eb gj\u00eb kaq absolutisht t\u00eb thjesht\u00eb.<\/p>\n<p>Sipas bot\u00ebs prej nga rrjedh, kam b\u00ebr\u00eb nj\u00eb zgjedhje n\u00eb dukje donkishoteske dhe ndoshta farfurish\u00ebm romantike dhe jopraktike. Kam shitur biznesin dhe apartamentin, sa p\u00ebr t\u00eb dal\u00eb me t\u00eb miat, dhe jam shp\u00ebrngulur me pak valixhe me sende t\u00eb zgjedhura pa sistem n\u00eb Shqip\u00ebri \u2013 p\u00ebr t\u00eb qen\u00eb specifike n\u00eb Shqip\u00ebrin\u00eb e Ep\u00ebrme, n\u00eb rrethin e Tropoj\u00ebs, deri m\u00eb tash ndoshta nj\u00eb nga rajonet m\u00eb t\u00eb varfra dhe t\u00eb prapambetura e t\u00eb harruara t\u00eb Europ\u00ebs. P\u00ebr ta b\u00ebr\u00eb edhe m\u00eb t\u00eb mallkuesh\u00ebm jopraktikalitetin e vendimit tim, m\u00eb duhet t\u00eb shtoj se nuk kam asnj\u00eb burim t\u00eb ardhurash, asnj\u00eb plan p\u00ebr di\u00e7ka t\u00eb till\u00eb dhe, as ndonj\u00eb mendim t\u00eb qart\u00eb sesi do t\u00eb jet\u00eb e ardhmja ime. Si\u00e7 as nuk jam n\u00eb ndonj\u00eb mosh\u00eb q\u00eb t\u2019ia fal vetes nj\u00eb q\u00ebndrim kaq kavalier ndaj t\u00eb ardhmes. N\u00eb bot\u00ebn time un\u00eb duhet t\u00eb isha duke planifikuar me mend n\u00eb kok\u00eb p\u00ebr pleq\u00ebrin\u00eb. Epo, nuk jam.<\/p>\n<p>K\u00ebshtu q\u00eb cytja ime \u00ebsht\u00eb t\u00eb shpjegoj kuptimin faktik t\u00eb vendimit tim \u2013 t\u00eb komunikoj se pse jam absolutisht e sigurt q\u00eb ky \u00ebsht\u00eb vendimi m\u00eb i men\u00e7ur dhe zgjedhja m\u00eb praktike e jet\u00ebs time deri m\u00eb sot. \u00c7far\u00eb paska kaq magjeps\u00ebse kjo Shqip\u00ebria? \u00c7far\u00eb ka k\u00ebtu q\u00eb m\u00eb turbullon dhe nuk e kam hasur n\u00eb vendet e tjera ku kam qen\u00eb? Di\u00e7ka t\u00eb nj\u00ebmendt\u00eb dhe t\u00eb prekshme, q\u00eb vlen m\u00eb shum\u00eb se \u00e7far\u00ebdo kam braktisur? Dhe \u00e7far\u00eb \u00ebsht\u00eb ajo q\u00eb shoh dhe q\u00eb t\u00eb tjer\u00ebt nga bota ime nuk e kapin e q\u00eb shpesh duket sikur nxitojn\u00eb ta ndihmojn\u00eb Shqip\u00ebrin\u00eb t\u00eb humb\u00eb pik\u00ebrisht at\u00eb q\u00eb, sipas meje, e b\u00ebn at\u00eb kaq t\u00eb vlershme? Di\u00e7ka p\u00ebr t\u00eb cil\u00ebn ia vlen t\u00eb ngresh z\u00ebrin? Di\u00e7ka q\u00eb \u00ebsht\u00eb bash \u00e7ka bota ime duhet t\u00eb marr\u00eb si m\u00ebsim? Ose t\u00eb rim\u00ebsoj\u00eb at\u00eb q\u00eb kaq shpesh duket se harrohet.<\/p>\n<p>Mendja shigjetohet nga imazhe q\u00eb nuk din\u00eb t\u00eb organizohen. Argumente dhe kund\u00ebrargumente. N\u00eb nj\u00ebfar\u00eb m\u00ebnyre mendoj se arrijn\u00eb t\u00eb b\u00ebjn\u00eb bashk\u00eb nj\u00eb p\u00ebrgjigje ose di\u00e7ka t\u00eb till\u00eb q\u00eb duket si arsyetim, gjithsesi.<\/p>\n<p>Nj\u00eb burr\u00eb n\u00eb nj\u00eb shitore n\u00eb Tiran\u00eb, ku un\u00eb bleva nj\u00eb kapot\u00eb elegante kashmiri p\u00ebr gjysm\u00ebn e \u00e7mimit (aq sa do kushtonte nj\u00eb dark\u00eb p\u00ebr dy vet\u00eb n\u00eb New York) u intrigua, si t\u00eb gjith\u00eb shqiptar\u00ebt, nga zgjedhja ime: Shqip\u00ebria e periferis\u00eb para New York-ut? Ai ka jetuar n\u00eb Lond\u00ebr; i njeh t\u00eb dyja bot\u00ebt dhe fillon t\u00eb argumentoj\u00eb arritjet e Shteteve t\u00eb Bashkuara dhe Anglis\u00eb \u2013 pavar\u00ebsisht sesi jan\u00eb sjell\u00eb me pjes\u00ebn tjet\u00ebr t\u00eb bot\u00ebs, ato jan\u00eb siguruar q\u00eb qytetar\u00ebt e tyre t\u00eb \u00e7ojn\u00eb nj\u00eb jet\u00eb t\u00eb mir\u00eb, gj\u00eb t\u00eb cil\u00ebn qeverit\u00eb shqiptare s\u2019e b\u00ebjn\u00eb dhe as e kan\u00eb b\u00ebr\u00eb. Pjesa e dyt\u00eb e deklarat\u00ebs s\u00eb tij \u00ebsht\u00eb sigurisht e v\u00ebrtet\u00eb, por un\u00eb filloj t\u00eb psher\u00ebtij \u2013 nuk do t\u00eb debatoj rreth Anglis\u00eb, por Amerika? Nj\u00eb nd\u00ebr p\u00ebrqindjet m\u00eb t\u00eb larta t\u00eb vrasjeve, p\u00ebrqindjen m\u00eb t\u00eb lart\u00eb t\u00eb vdekjes s\u00eb foshnjave nga t\u00eb kequshqyerit, arsimimi i keq, mungesa e sigurimeve sh\u00ebndet\u00ebsore, p\u00ebrqindje t\u00eb lart\u00eb t\u00eb t\u00eb burgosurve \u2026 dhe nd\u00ebr m\u00eb t\u00eb privilegjuarit n\u00eb k\u00ebt\u00eb vend, 27 milion\u00eb njer\u00ebz n\u00eb antidepresiv\u00eb (sipas Arkivave t\u00eb Psikiatris\u00eb Qendrore, 2009)? Nuk jam e sigurt. I p\u00ebrmend m\u00ebnyr\u00ebn me t\u00eb cil\u00ebn njer\u00ebzit n\u00eb Shqip\u00ebri kujdesen p\u00ebr nj\u00ebri-tjetrin dhe burri n\u00eb dyqan buz\u00ebqesh dhe m\u00eb thot\u00eb, \u2018ah, po, por a e di nga vjen kjo? Nga mungesa e qytetaris\u00eb. Ne ende kemi nevoj\u00eb p\u00ebr nj\u00ebri-tjetrin. Por kur fillojm\u00eb t\u00eb kemi sukses, n\u00ebse ia arrijm\u00eb k\u00ebsaj, jeta do t\u00eb b\u00ebhet si n\u00eb Angli \u2013 gjithsecili p\u00ebr vete.<\/p>\n<p>Ja edhe nj\u00eb tjet\u00ebr pamje: un\u00eb, Alfredi, v\u00ebllai i tij Sk\u00ebnderi, jemi n\u00eb Kamenic\u00eb, fshati i strukur lart pran\u00eb kufirit me Kosov\u00ebn, ku n\u00ebna e Alfredit, Sosja, u rrit. Bora nuk na lejon p\u00ebr t\u00eb shkuar n\u00eb Valbon\u00eb dhe kemi ndalur k\u00ebtu p\u00ebr sonte. Graniti, kush\u00ebriri i Alfredit, nj\u00eb djalosh i st\u00ebrmadh p\u00ebrmasash herkuliane, po na pret n\u00eb Dogan\u00eb me dy v\u00ebllez\u00ebr t\u00eb tij (ata jan\u00eb n\u00ebnt\u00eb f\u00ebmij\u00eb, q\u00eb jetojn\u00eb k\u00ebtu me prind\u00ebrit e tyre, v\u00ebllan\u00eb e Soses dhe gruan e tij). T\u00eb gjasht\u00eb kacavirremi n\u00eb makin\u00ebn e familjes, nj\u00eb imitim fuoristrade, dhe nisemi p\u00ebrmes d\u00ebbor\u00ebs p\u00ebrgjat\u00eb nj\u00eb shtegu gjarp\u00ebrues, tabani i t\u00eb cilit \u00ebsht\u00eb natyrisht balt\u00eb e gur\u00eb. Ngecim disa her\u00eb dhe t\u00eb gjith\u00eb dalim jasht\u00eb p\u00ebr ta shtyr\u00eb n\u00ebn drit\u00ebn e h\u00ebn\u00ebs. \u00c7far\u00eb do t\u00eb b\u00ebje n\u00ebse ia behnin ujqit? \u2013 m\u00eb pyet Sk\u00ebnderi. P\u00ebr bes\u00eb, un\u00eb do ia fusja vrapit!- thot\u00eb ai. Vjen nj\u00eb moment kur un\u00eb rr\u00ebshqas dhe bie me fytyr\u00eb n\u00eb d\u00ebbor\u00eb dhe t\u00eb gjith\u00eb qeshim.<\/p>\n<p>Pas nja nj\u00eb ore mb\u00ebrrijm\u00eb \u2013 n\u00eb k\u00ebmb\u00eb, pasi makin\u00ebn e braktis\u00ebm diku m\u00eb larg. Grat\u00eb e sht\u00ebpis\u00eb e hedhin veten te k\u00ebmb\u00ebt tona duke qeshur dhe duke na ndihmuar t\u00eb heqim k\u00ebpuc\u00ebt e ngrira; na fusin n\u00eb od\u00ebn e miqve ku bubullon zjarri n\u00eb nj\u00eb stuf\u00eb drush dhe ia fillojn\u00eb procesit t\u00eb gjat\u00eb t\u00eb zbavitjes s\u00eb mysafir\u00ebve.<\/p>\n<p>M\u00eb japin papu\u00e7e t\u00eb thurura me dor\u00eb, p\u00ebr t\u00eb ngrohur k\u00ebmb\u00ebt, pasi m\u00eb ulin n\u00eb nj\u00eb karrige ngjitur me zjarrin. T\u00eb kat\u00ebr grat\u00eb fillojn\u00eb e pyesin vizitor\u00ebt me radh\u00eb: Si je? A u lodhe? A u m\u00ebrzite? Nan\u00ebn, si e ke? Po v\u00ebllan\u00eb? Motr\u00ebn? F\u00ebmij\u00ebt?<\/p>\n<p>Na gostisin me l\u00ebng portokalli. Dhoma \u00ebsht\u00eb e thjesht\u00eb: mure t\u00eb lyer me g\u00eblqere, stufa, televizori, tri kanape mbuluar me cop\u00eb t\u00eb kuqe e t\u00eb zez\u00eb. N\u00eb nj\u00eb prej mureve, nj\u00eb or\u00eb e sofistikuar brenda nj\u00eb kornize, duket si di\u00e7ka e dal\u00eb nga nj\u00eb cop\u00eb ve\u00e7an\u00ebrisht e shk\u00eblqyer arkitekture islamike; n\u00eb an\u00ebn tjet\u00ebr, nj\u00eb kalendar i madh me reklam\u00ebn e di\u00e7kaje t\u00eb cil\u00ebn tani e kam harruar. Nj\u00eb qilim i trash\u00eb n\u00eb dysheme. Na sh\u00ebrbehet kafe turke n\u00eb kupa t\u00eb vogla delikate dhe raki t\u00eb b\u00ebr\u00eb vet\u00eb, futur n\u00eb nj\u00eb shishe coca-cola. Cigaret nuk kan\u00eb t\u00eb pushuar dhe ato nd\u00ebrrojn\u00eb duar derisa secili prej burrave ka nj\u00eb stiv\u00eb t\u00eb vog\u00ebl me to ngjitur me kupat e kafes\u00eb.<\/p>\n<p>Kuvendi rrotullohet rreth protestave n\u00eb Tiran\u00eb \u2013 nj\u00eb an\u00ebtar i qeveris\u00eb ka incizuar nj\u00eb minist\u00ebr tjet\u00ebr duke k\u00ebrkuar nj\u00eb ryshfet prej 700 mij\u00eb eurosh nga nj\u00eb prej kontraktor\u00ebve t\u00eb nj\u00eb projekti n\u00eb infrastruktur\u00eb dhe ia ka dh\u00ebn\u00eb videon nj\u00eb emisioni t\u00eb njohur televiziv.<\/p>\n<p>Kjo \u00ebsht\u00eb krejt\u00ebsisht normale dhe t\u00eb gjith\u00eb e din\u00eb, por asnj\u00ebher\u00eb m\u00eb par\u00eb nuk \u00ebsht\u00eb dokumentuar kaq pamohuesh\u00ebm. Si kund\u00ebrp\u00ebrgjigje, nja 20 mij\u00eb shqiptar\u00eb dol\u00ebn n\u00eb rrug\u00eb. Nja 20 mij\u00eb shqiptar\u00eb dhe t\u00eb pakt\u00ebn nj\u00eb amerikan shkoi sa p\u00ebr t\u00eb par\u00eb dhe, kjo natyrisht, isha un\u00eb.<\/p>\n<p>Secilit i v\u00ebn\u00eb p\u00ebrpara nj\u00eb pjat\u00eb t\u00eb st\u00ebrmadhe me t\u00eb pakt\u00ebn pes\u00eb gj\u00ebra t\u00eb ndryshme \u2013 dy lloje mishi, qofte t\u00eb b\u00ebra vet\u00eb, patate t\u00eb skuqura, speca t\u00eb regjur t\u00eb mbushur me lak\u00ebr, nj\u00eb kos i trash\u00eb dhe i verdh\u00eb q\u00eb e quajn\u00eb \u2018ngjyem\u2019, ndjekur nga sup\u00eb lakre me mish t\u00eb thar\u00eb e t\u00eb zier n\u00eb t\u00eb e m\u00eb pas nga pasta me, n\u00ebse kujtesa m\u00eb ndihmon, m\u00eb shum\u00eb mish dhe, e gjitha kjo natyrisht, shoq\u00ebruar me kanistra q\u00eb mbushet e zbrazet me nj\u00eb buk\u00eb t\u00eb ngroht\u00eb e t\u00eb but\u00eb t\u00eb b\u00ebr\u00eb vet\u00eb.<\/p>\n<p>I zoti i sht\u00ebpis\u00eb po na rr\u00ebfen t\u00eb rejat e fundit q\u00eb transmeton televizori rreth pasojave t\u00eb protest\u00ebs. Nd\u00ebrsa un\u00eb dhe Alfredi ishim n\u00eb protest\u00eb gjat\u00eb or\u00ebve t\u00eb para t\u00eb saj, mbeta e tronditur, e impresionuar n\u00eb fakt, me m\u00ebnyr\u00ebn me t\u00eb cil\u00ebn policia, karfosur me mjete antiprotest\u00eb, q\u00ebndroi e qet\u00eb dhe pa reaguar n\u00ebn shiun e gur\u00ebve, t\u00eb cil\u00ebt protestuesit ua hidhnin; copa mermeri t\u00eb thyera nga shkall\u00ebt e mauzoleumit t\u00eb Enver Hoxh\u00ebs, q\u00eb ndodhej, si p\u00ebr leht\u00ebsi t\u00eb gj\u00ebrave, af\u00ebr me Kryeministrin\u00eb. Si mund\u00ebn t\u00eb mos l\u00ebviznin as edhe nj\u00eb qepall\u00eb, teksa makinat e policis\u00eb t\u00eb parkuara n\u00eb shkall\u00ebt e mauzoleumit u p\u00ebrmbys\u00ebn dhe iu vu flaka? Mbi protestuesit u derdh gaz lotsjell\u00ebs, por kjo ngjante m\u00eb shum\u00eb me nj\u00eb formalitet, pjes\u00eb e procedur\u00ebs dhe nuk bezdisi asnj\u00eb prej nesh. M\u00eb dukej sikur nj\u00eb simpati e n\u00ebnz\u00ebshme ishte n\u00eb veprim, n\u00eb kuptimin se njer\u00ebzit ishin absolutisht brenda t\u00eb drejt\u00ebs s\u00eb tyre p\u00ebr t\u00eb demonstruar me forc\u00eb, gj\u00eb e cila, n\u00eb rrafsh filozofik, k\u00ebshtu ishte. Natyrisht, sipas filozofis\u00eb amerikane, e cila, e p\u00eblqen ose jo, ruan me an\u00eb t\u00eb Amendamentit t\u00eb Dyt\u00eb t\u00eb Kushtetut\u00ebs t\u00eb drejt\u00ebn p\u00ebr t\u00eb mbajtur arm\u00eb \u2013 specifikisht p\u00ebr t\u00eb mos u \u00e7armatosur nga qeveria, rr\u00ebnj\u00ebt e k\u00ebsaj nevoje, t\u00eb pakt\u00ebn n\u00eb kryeher\u00eb, ishin nj\u00eb mbrojtje p\u00ebr njer\u00ebzit, n\u00eb rast t\u00eb nevoj\u00ebs p\u00ebr t\u00eb reaguar kund\u00ebr nj\u00eb regjimi shtyp\u00ebs.<\/p>\n<p>Hapet nj\u00eb shishe ver\u00eb dhe mbushen gotat rreth e rreth. Kortezia e \u00e7uditshme dhe komplekse q\u00eb vura re n\u00eb protest\u00eb \u2013 kur nuk ishin duke gjuajtur gur\u00eb apo u v\u00ebn\u00eb zjarrin makinave, protestuesit (shumica burra t\u00eb moshuar me ombrella elegante) ishin t\u00eb qet\u00eb, madje edhe t\u00eb qeshur dhe si gjithnj\u00eb me nj\u00eb brerore mir\u00ebsjelljeje \u2013 zgjati p\u00ebr ca or\u00eb, por kur ra mbr\u00ebmja tre burra u vran\u00eb, t\u00eb q\u00eblluar, si\u00e7 hamend\u00ebsohet, nga policia. Pamjet e dy prej burrave tek k\u00ebputeshin nga plumbat do t\u00eb jepen her\u00eb e pafund n\u00eb televizione. N\u00eb nj\u00eb moment, kur un\u00eb ngat\u00ebrrova di\u00e7ka n\u00eb shqipen time f\u00ebminore, i zoti i sht\u00ebpis\u00eb reagoi duke th\u00ebn\u00eb \u2018epo, ky \u00ebsht\u00eb kapitalizmi. N\u00ebse ke para, mund t\u00eb hash. N\u00ebse jo, mund t\u00eb vdes\u00ebsh. Kjo \u00ebsht\u00eb e gjitha\u2019.<\/p>\n<p>E zonja e sht\u00ebpis\u00eb m\u00eb afrohet, ma merr pirunin, ia ngul nj\u00eb salsi\u00e7eje t\u00eb kolme dhe ma jep duke k\u00ebmb\u00ebngulur ta ha e ta shoq\u00ebroj me ver\u00eb. E gjitha kjo p\u00ebrs\u00ebritet disa or\u00eb m\u00eb von\u00eb p\u00ebr m\u00ebngjes. Me sa di un\u00eb, e vetmja e ardhur q\u00eb k\u00ebta njer\u00ebz kan\u00eb jan\u00eb nj\u00eb tuf\u00eb prej 50 gjelash. F\u00ebmij\u00ebt nuk kan\u00eb shkuar n\u00eb shkoll\u00eb. I zoti i sht\u00ebpis\u00eb, sidoqoft\u00eb, m\u00eb thot\u00eb Alfredi, \u00ebsht\u00eb burr\u00eb me shkoll\u00eb. E ka kryer t\u00eb mesmen.<\/p>\n<p>Ja edhe nj\u00eb tjet\u00ebr pamje: n\u00eb televizor shohim nj\u00eb grusht njer\u00ebzish q\u00eb sillen rreth port\u00ebs s\u00eb Kryeministris\u00eb. Papritur \u2013 videoja nuk ka kolon\u00eb zanore t\u00eb dallueshme \u2013 nj\u00eb burr\u00eb bie p\u00ebrtok\u00eb qet\u00ebsisht. Ai \u00ebsht\u00eb q\u00eblluar nga nj\u00eb prej snajper\u00ebve n\u00eb \u00e7atin\u00eb e godin\u00ebs s\u00eb qeveris\u00eb. Plaku af\u00ebr tij e sheh sikur po i thot\u00eb \u2018e, me \u00e7far\u00eb po luan?\u2019 Pastaj e kupton. Ai p\u00ebrkulet mbi trupin e r\u00ebn\u00eb, ia hedh krah\u00ebt anash dhe th\u00ebrret p\u00ebr ndihm\u00eb. T\u00eb tjer\u00eb mb\u00ebrrijn\u00eb dhe e marrin trupin me vete. A shihni edhe ju at\u00eb q\u00eb shoh un\u00eb? Askush nuk ia mbathi. Nuk ik\u00ebn nga plumbat. U afruan p\u00ebr t\u00eb ndihmuar.<\/p>\n<p>Ja edhe pamja e fundit: pak para se t\u00eb l\u00ebm\u00eb Kamenic\u00ebn, jam ulur n\u00eb bor\u00eb n\u00eb an\u00eb t\u00eb nj\u00eb muri q\u00eb sh\u00ebrben si rrethim p\u00ebr sht\u00ebpin\u00eb. Nj\u00eb prej vajzave t\u00eb sht\u00ebpis\u00eb ulet af\u00ebr meje. V\u00ebshtrojm\u00eb s\u00eb bashku kah kodrat e mbuluara me bor\u00eb, absolutisht t\u00eb heshtura dhe lavdish\u00ebm t\u00eb zbraz\u00ebta. Nj\u00eb harabel i madh luan n\u00eb nj\u00eb pem\u00eb t\u00eb ngrir\u00eb duke hedhur shkrifla bore p\u00ebrtok\u00eb. A t\u00eb p\u00eblqen Shqip\u00ebria, m\u00eb pyet ajo. Oh, po, them un\u00eb. E dashuroj. Kthehem dhe e shohim nj\u00ebra-tjetr\u00ebn n\u00eb sy duke buz\u00ebqeshur g\u00ebzuesh\u00ebm. Po ti?, e pyes. E shoh teksa kthehet dhe u hedh syt\u00eb maleve. Oh, po, thot\u00eb ajo, ende me buz\u00eb n\u00eb gaz. Po.<\/p>\n<p><em>Marr\u00eb nga Online Journal. P\u00ebrktheu: Alfred Lela. Respublica.al<\/em><\/p>\n","protected":false},"excerpt":{"rendered":"<p>Nga Catherine Bohne Jam ulur p\u00ebr t\u00eb shkruar me nj\u00eb ndjesi shtyp\u00ebse trysnie t\u00eb brendshme \u2013 \u00ebsht\u00eb di\u00e7ka q\u00eb dua ta b\u00ebj t\u00eb kuptueshme \u2013 por filloj t\u00eb radhis fjal\u00eb pa nj\u00eb ide t\u00eb qart\u00eb sesi do t\u00eb komunikoj nj\u00eb gj\u00eb kaq absolutisht t\u00eb thjesht\u00eb. Sipas bot\u00ebs prej nga rrjedh, kam b\u00ebr\u00eb nj\u00eb zgjedhje n\u00eb [&hellip;]<\/p>\n","protected":false},"author":1,"featured_media":0,"comment_status":"open","ping_status":"closed","sticky":false,"template":"","format":"standard","meta":{"footnotes":""},"categories":[2],"tags":[],"class_list":{"0":"post-6160","1":"post","2":"type-post","3":"status-publish","4":"format-standard","6":"category-artikuj"},"yoast_head":"<!-- This site is optimized with the Yoast SEO plugin v27.4 - https:\/\/yoast.com\/product\/yoast-seo-wordpress\/ -->\n<title>Pse kam zgjedhur Shqip\u00ebrin\u00eb? - FjALA e LIR\u00cb - Arkivi<\/title>\n<meta name=\"robots\" content=\"index, follow, max-snippet:-1, max-image-preview:large, max-video-preview:-1\" \/>\n<link rel=\"canonical\" href=\"https:\/\/fjala.info\/2009-2015\/pse-kam-zgjedhur-shqiperine\/\" \/>\n<meta property=\"og:locale\" content=\"sq_AL\" \/>\n<meta property=\"og:type\" content=\"article\" \/>\n<meta property=\"og:title\" content=\"Pse kam zgjedhur Shqip\u00ebrin\u00eb? - FjALA e LIR\u00cb - Arkivi\" \/>\n<meta property=\"og:description\" content=\"Nga Catherine Bohne Jam ulur p\u00ebr t\u00eb shkruar me nj\u00eb ndjesi shtyp\u00ebse trysnie t\u00eb brendshme \u2013 \u00ebsht\u00eb di\u00e7ka q\u00eb dua ta b\u00ebj t\u00eb kuptueshme \u2013 por filloj t\u00eb radhis fjal\u00eb pa nj\u00eb ide t\u00eb qart\u00eb sesi do t\u00eb komunikoj nj\u00eb gj\u00eb kaq absolutisht t\u00eb thjesht\u00eb. Sipas bot\u00ebs prej nga rrjedh, kam b\u00ebr\u00eb nj\u00eb zgjedhje n\u00eb [&hellip;]\" \/>\n<meta property=\"og:url\" content=\"https:\/\/fjala.info\/2009-2015\/pse-kam-zgjedhur-shqiperine\/\" \/>\n<meta property=\"og:site_name\" content=\"FjALA e LIR\u00cb - Arkivi\" \/>\n<meta property=\"article:published_time\" content=\"2011-02-05T04:47:50+00:00\" \/>\n<meta property=\"og:image\" content=\"http:\/\/fjala.shkoder.net\/wp-content\/uploads\/2011\/02\/valbona.jpg\" \/>\n<meta name=\"author\" content=\"admin\" \/>\n<meta name=\"twitter:card\" content=\"summary_large_image\" \/>\n<meta name=\"twitter:label1\" content=\"Written by\" \/>\n\t<meta name=\"twitter:data1\" content=\"admin\" \/>\n\t<meta name=\"twitter:label2\" content=\"Est. reading time\" \/>\n\t<meta name=\"twitter:data2\" content=\"11 minutes\" \/>\n<script type=\"application\/ld+json\" class=\"yoast-schema-graph\">{\"@context\":\"https:\\\/\\\/schema.org\",\"@graph\":[{\"@type\":\"Article\",\"@id\":\"https:\\\/\\\/fjala.info\\\/2009-2015\\\/pse-kam-zgjedhur-shqiperine\\\/#article\",\"isPartOf\":{\"@id\":\"https:\\\/\\\/fjala.info\\\/2009-2015\\\/pse-kam-zgjedhur-shqiperine\\\/\"},\"author\":{\"name\":\"admin\",\"@id\":\"https:\\\/\\\/fjala.info\\\/2009-2015\\\/#\\\/schema\\\/person\\\/3aa1163ef05469c496fc94e77611ada2\"},\"headline\":\"Pse kam zgjedhur Shqip\u00ebrin\u00eb?\",\"datePublished\":\"2011-02-05T04:47:50+00:00\",\"mainEntityOfPage\":{\"@id\":\"https:\\\/\\\/fjala.info\\\/2009-2015\\\/pse-kam-zgjedhur-shqiperine\\\/\"},\"wordCount\":2119,\"commentCount\":0,\"publisher\":{\"@id\":\"https:\\\/\\\/fjala.info\\\/2009-2015\\\/#organization\"},\"image\":{\"@id\":\"https:\\\/\\\/fjala.info\\\/2009-2015\\\/pse-kam-zgjedhur-shqiperine\\\/#primaryimage\"},\"thumbnailUrl\":\"http:\\\/\\\/fjala.shkoder.net\\\/wp-content\\\/uploads\\\/2011\\\/02\\\/valbona.jpg\",\"articleSection\":[\"Artikuj\"],\"inLanguage\":\"sq-AL\",\"potentialAction\":[{\"@type\":\"CommentAction\",\"name\":\"Comment\",\"target\":[\"https:\\\/\\\/fjala.info\\\/2009-2015\\\/pse-kam-zgjedhur-shqiperine\\\/#respond\"]}]},{\"@type\":\"WebPage\",\"@id\":\"https:\\\/\\\/fjala.info\\\/2009-2015\\\/pse-kam-zgjedhur-shqiperine\\\/\",\"url\":\"https:\\\/\\\/fjala.info\\\/2009-2015\\\/pse-kam-zgjedhur-shqiperine\\\/\",\"name\":\"Pse kam zgjedhur Shqip\u00ebrin\u00eb? - FjALA e LIR\u00cb - Arkivi\",\"isPartOf\":{\"@id\":\"https:\\\/\\\/fjala.info\\\/2009-2015\\\/#website\"},\"primaryImageOfPage\":{\"@id\":\"https:\\\/\\\/fjala.info\\\/2009-2015\\\/pse-kam-zgjedhur-shqiperine\\\/#primaryimage\"},\"image\":{\"@id\":\"https:\\\/\\\/fjala.info\\\/2009-2015\\\/pse-kam-zgjedhur-shqiperine\\\/#primaryimage\"},\"thumbnailUrl\":\"http:\\\/\\\/fjala.shkoder.net\\\/wp-content\\\/uploads\\\/2011\\\/02\\\/valbona.jpg\",\"datePublished\":\"2011-02-05T04:47:50+00:00\",\"breadcrumb\":{\"@id\":\"https:\\\/\\\/fjala.info\\\/2009-2015\\\/pse-kam-zgjedhur-shqiperine\\\/#breadcrumb\"},\"inLanguage\":\"sq-AL\",\"potentialAction\":[{\"@type\":\"ReadAction\",\"target\":[\"https:\\\/\\\/fjala.info\\\/2009-2015\\\/pse-kam-zgjedhur-shqiperine\\\/\"]}]},{\"@type\":\"ImageObject\",\"inLanguage\":\"sq-AL\",\"@id\":\"https:\\\/\\\/fjala.info\\\/2009-2015\\\/pse-kam-zgjedhur-shqiperine\\\/#primaryimage\",\"url\":\"http:\\\/\\\/fjala.shkoder.net\\\/wp-content\\\/uploads\\\/2011\\\/02\\\/valbona.jpg\",\"contentUrl\":\"http:\\\/\\\/fjala.shkoder.net\\\/wp-content\\\/uploads\\\/2011\\\/02\\\/valbona.jpg\"},{\"@type\":\"BreadcrumbList\",\"@id\":\"https:\\\/\\\/fjala.info\\\/2009-2015\\\/pse-kam-zgjedhur-shqiperine\\\/#breadcrumb\",\"itemListElement\":[{\"@type\":\"ListItem\",\"position\":1,\"name\":\"Home\",\"item\":\"https:\\\/\\\/fjala.info\\\/2009-2015\\\/\"},{\"@type\":\"ListItem\",\"position\":2,\"name\":\"Pse kam zgjedhur Shqip\u00ebrin\u00eb?\"}]},{\"@type\":\"WebSite\",\"@id\":\"https:\\\/\\\/fjala.info\\\/2009-2015\\\/#website\",\"url\":\"https:\\\/\\\/fjala.info\\\/2009-2015\\\/\",\"name\":\"FjALA e LIR\u00cb - Arkivi\",\"description\":\"Arkivi 2009-2015\",\"publisher\":{\"@id\":\"https:\\\/\\\/fjala.info\\\/2009-2015\\\/#organization\"},\"potentialAction\":[{\"@type\":\"SearchAction\",\"target\":{\"@type\":\"EntryPoint\",\"urlTemplate\":\"https:\\\/\\\/fjala.info\\\/2009-2015\\\/?s={search_term_string}\"},\"query-input\":{\"@type\":\"PropertyValueSpecification\",\"valueRequired\":true,\"valueName\":\"search_term_string\"}}],\"inLanguage\":\"sq-AL\"},{\"@type\":\"Organization\",\"@id\":\"https:\\\/\\\/fjala.info\\\/2009-2015\\\/#organization\",\"name\":\"FjALA e LIR\u00cb - Arkivi\",\"url\":\"https:\\\/\\\/fjala.info\\\/2009-2015\\\/\",\"logo\":{\"@type\":\"ImageObject\",\"inLanguage\":\"sq-AL\",\"@id\":\"https:\\\/\\\/fjala.info\\\/2009-2015\\\/#\\\/schema\\\/logo\\\/image\\\/\",\"url\":\"\",\"contentUrl\":\"\",\"caption\":\"FjALA e LIR\u00cb - Arkivi\"},\"image\":{\"@id\":\"https:\\\/\\\/fjala.info\\\/2009-2015\\\/#\\\/schema\\\/logo\\\/image\\\/\"}},{\"@type\":\"Person\",\"@id\":\"https:\\\/\\\/fjala.info\\\/2009-2015\\\/#\\\/schema\\\/person\\\/3aa1163ef05469c496fc94e77611ada2\",\"name\":\"admin\",\"image\":{\"@type\":\"ImageObject\",\"inLanguage\":\"sq-AL\",\"@id\":\"https:\\\/\\\/fjala.info\\\/2009-2015\\\/wp-content\\\/uploads\\\/2012\\\/02\\\/arben_cokaj-120x150.jpg\",\"url\":\"https:\\\/\\\/fjala.info\\\/2009-2015\\\/wp-content\\\/uploads\\\/2012\\\/02\\\/arben_cokaj-120x150.jpg\",\"contentUrl\":\"https:\\\/\\\/fjala.info\\\/2009-2015\\\/wp-content\\\/uploads\\\/2012\\\/02\\\/arben_cokaj-120x150.jpg\",\"caption\":\"admin\"},\"description\":\"Admin, Fjala e Lir\u00eb\",\"sameAs\":[\"https:\\\/\\\/fjala.info\\\/\"],\"url\":\"https:\\\/\\\/fjala.info\\\/2009-2015\\\/author\\\/admin\\\/\"}]}<\/script>\n<!-- \/ Yoast SEO plugin. -->","yoast_head_json":{"title":"Pse kam zgjedhur Shqip\u00ebrin\u00eb? - FjALA e LIR\u00cb - Arkivi","robots":{"index":"index","follow":"follow","max-snippet":"max-snippet:-1","max-image-preview":"max-image-preview:large","max-video-preview":"max-video-preview:-1"},"canonical":"https:\/\/fjala.info\/2009-2015\/pse-kam-zgjedhur-shqiperine\/","og_locale":"sq_AL","og_type":"article","og_title":"Pse kam zgjedhur Shqip\u00ebrin\u00eb? - FjALA e LIR\u00cb - Arkivi","og_description":"Nga Catherine Bohne Jam ulur p\u00ebr t\u00eb shkruar me nj\u00eb ndjesi shtyp\u00ebse trysnie t\u00eb brendshme \u2013 \u00ebsht\u00eb di\u00e7ka q\u00eb dua ta b\u00ebj t\u00eb kuptueshme \u2013 por filloj t\u00eb radhis fjal\u00eb pa nj\u00eb ide t\u00eb qart\u00eb sesi do t\u00eb komunikoj nj\u00eb gj\u00eb kaq absolutisht t\u00eb thjesht\u00eb. Sipas bot\u00ebs prej nga rrjedh, kam b\u00ebr\u00eb nj\u00eb zgjedhje n\u00eb [&hellip;]","og_url":"https:\/\/fjala.info\/2009-2015\/pse-kam-zgjedhur-shqiperine\/","og_site_name":"FjALA e LIR\u00cb - Arkivi","article_published_time":"2011-02-05T04:47:50+00:00","og_image":[{"url":"http:\/\/fjala.shkoder.net\/wp-content\/uploads\/2011\/02\/valbona.jpg","type":"","width":"","height":""}],"author":"admin","twitter_card":"summary_large_image","twitter_misc":{"Written by":"admin","Est. reading time":"11 minutes"},"schema":{"@context":"https:\/\/schema.org","@graph":[{"@type":"Article","@id":"https:\/\/fjala.info\/2009-2015\/pse-kam-zgjedhur-shqiperine\/#article","isPartOf":{"@id":"https:\/\/fjala.info\/2009-2015\/pse-kam-zgjedhur-shqiperine\/"},"author":{"name":"admin","@id":"https:\/\/fjala.info\/2009-2015\/#\/schema\/person\/3aa1163ef05469c496fc94e77611ada2"},"headline":"Pse kam zgjedhur Shqip\u00ebrin\u00eb?","datePublished":"2011-02-05T04:47:50+00:00","mainEntityOfPage":{"@id":"https:\/\/fjala.info\/2009-2015\/pse-kam-zgjedhur-shqiperine\/"},"wordCount":2119,"commentCount":0,"publisher":{"@id":"https:\/\/fjala.info\/2009-2015\/#organization"},"image":{"@id":"https:\/\/fjala.info\/2009-2015\/pse-kam-zgjedhur-shqiperine\/#primaryimage"},"thumbnailUrl":"http:\/\/fjala.shkoder.net\/wp-content\/uploads\/2011\/02\/valbona.jpg","articleSection":["Artikuj"],"inLanguage":"sq-AL","potentialAction":[{"@type":"CommentAction","name":"Comment","target":["https:\/\/fjala.info\/2009-2015\/pse-kam-zgjedhur-shqiperine\/#respond"]}]},{"@type":"WebPage","@id":"https:\/\/fjala.info\/2009-2015\/pse-kam-zgjedhur-shqiperine\/","url":"https:\/\/fjala.info\/2009-2015\/pse-kam-zgjedhur-shqiperine\/","name":"Pse kam zgjedhur Shqip\u00ebrin\u00eb? - FjALA e LIR\u00cb - Arkivi","isPartOf":{"@id":"https:\/\/fjala.info\/2009-2015\/#website"},"primaryImageOfPage":{"@id":"https:\/\/fjala.info\/2009-2015\/pse-kam-zgjedhur-shqiperine\/#primaryimage"},"image":{"@id":"https:\/\/fjala.info\/2009-2015\/pse-kam-zgjedhur-shqiperine\/#primaryimage"},"thumbnailUrl":"http:\/\/fjala.shkoder.net\/wp-content\/uploads\/2011\/02\/valbona.jpg","datePublished":"2011-02-05T04:47:50+00:00","breadcrumb":{"@id":"https:\/\/fjala.info\/2009-2015\/pse-kam-zgjedhur-shqiperine\/#breadcrumb"},"inLanguage":"sq-AL","potentialAction":[{"@type":"ReadAction","target":["https:\/\/fjala.info\/2009-2015\/pse-kam-zgjedhur-shqiperine\/"]}]},{"@type":"ImageObject","inLanguage":"sq-AL","@id":"https:\/\/fjala.info\/2009-2015\/pse-kam-zgjedhur-shqiperine\/#primaryimage","url":"http:\/\/fjala.shkoder.net\/wp-content\/uploads\/2011\/02\/valbona.jpg","contentUrl":"http:\/\/fjala.shkoder.net\/wp-content\/uploads\/2011\/02\/valbona.jpg"},{"@type":"BreadcrumbList","@id":"https:\/\/fjala.info\/2009-2015\/pse-kam-zgjedhur-shqiperine\/#breadcrumb","itemListElement":[{"@type":"ListItem","position":1,"name":"Home","item":"https:\/\/fjala.info\/2009-2015\/"},{"@type":"ListItem","position":2,"name":"Pse kam zgjedhur Shqip\u00ebrin\u00eb?"}]},{"@type":"WebSite","@id":"https:\/\/fjala.info\/2009-2015\/#website","url":"https:\/\/fjala.info\/2009-2015\/","name":"FjALA e LIR\u00cb - Arkivi","description":"Arkivi 2009-2015","publisher":{"@id":"https:\/\/fjala.info\/2009-2015\/#organization"},"potentialAction":[{"@type":"SearchAction","target":{"@type":"EntryPoint","urlTemplate":"https:\/\/fjala.info\/2009-2015\/?s={search_term_string}"},"query-input":{"@type":"PropertyValueSpecification","valueRequired":true,"valueName":"search_term_string"}}],"inLanguage":"sq-AL"},{"@type":"Organization","@id":"https:\/\/fjala.info\/2009-2015\/#organization","name":"FjALA e LIR\u00cb - Arkivi","url":"https:\/\/fjala.info\/2009-2015\/","logo":{"@type":"ImageObject","inLanguage":"sq-AL","@id":"https:\/\/fjala.info\/2009-2015\/#\/schema\/logo\/image\/","url":"","contentUrl":"","caption":"FjALA e LIR\u00cb - Arkivi"},"image":{"@id":"https:\/\/fjala.info\/2009-2015\/#\/schema\/logo\/image\/"}},{"@type":"Person","@id":"https:\/\/fjala.info\/2009-2015\/#\/schema\/person\/3aa1163ef05469c496fc94e77611ada2","name":"admin","image":{"@type":"ImageObject","inLanguage":"sq-AL","@id":"https:\/\/fjala.info\/2009-2015\/wp-content\/uploads\/2012\/02\/arben_cokaj-120x150.jpg","url":"https:\/\/fjala.info\/2009-2015\/wp-content\/uploads\/2012\/02\/arben_cokaj-120x150.jpg","contentUrl":"https:\/\/fjala.info\/2009-2015\/wp-content\/uploads\/2012\/02\/arben_cokaj-120x150.jpg","caption":"admin"},"description":"Admin, Fjala e Lir\u00eb","sameAs":["https:\/\/fjala.info\/"],"url":"https:\/\/fjala.info\/2009-2015\/author\/admin\/"}]}},"_links":{"self":[{"href":"https:\/\/fjala.info\/2009-2015\/wp-json\/wp\/v2\/posts\/6160","targetHints":{"allow":["GET"]}}],"collection":[{"href":"https:\/\/fjala.info\/2009-2015\/wp-json\/wp\/v2\/posts"}],"about":[{"href":"https:\/\/fjala.info\/2009-2015\/wp-json\/wp\/v2\/types\/post"}],"author":[{"embeddable":true,"href":"https:\/\/fjala.info\/2009-2015\/wp-json\/wp\/v2\/users\/1"}],"replies":[{"embeddable":true,"href":"https:\/\/fjala.info\/2009-2015\/wp-json\/wp\/v2\/comments?post=6160"}],"version-history":[{"count":0,"href":"https:\/\/fjala.info\/2009-2015\/wp-json\/wp\/v2\/posts\/6160\/revisions"}],"wp:attachment":[{"href":"https:\/\/fjala.info\/2009-2015\/wp-json\/wp\/v2\/media?parent=6160"}],"wp:term":[{"taxonomy":"category","embeddable":true,"href":"https:\/\/fjala.info\/2009-2015\/wp-json\/wp\/v2\/categories?post=6160"},{"taxonomy":"post_tag","embeddable":true,"href":"https:\/\/fjala.info\/2009-2015\/wp-json\/wp\/v2\/tags?post=6160"}],"curies":[{"name":"wp","href":"https:\/\/api.w.org\/{rel}","templated":true}]}}