{"id":6156,"date":"2011-02-05T05:35:13","date_gmt":"2011-02-05T04:35:13","guid":{"rendered":"http:\/\/fjala.shkoder.net\/?p=6156"},"modified":"2011-02-05T05:35:13","modified_gmt":"2011-02-05T04:35:13","slug":"jo-shqiperia-nuk-eshte-tunizia","status":"publish","type":"post","link":"https:\/\/fjala.info\/2009-2015\/jo-shqiperia-nuk-eshte-tunizia\/","title":{"rendered":"Jo, Shqip\u00ebria nuk \u00ebsht\u00eb Tunizia"},"content":{"rendered":"<p><img decoding=\"async\" class=\"alignright size-full wp-image-6012\" title=\"200mije_homazhe\" src=\"http:\/\/fjala.shkoder.net\/wp-content\/uploads\/2011\/01\/200mije_homazhe.jpg\" alt=\"\" width=\"300\" \/><br \/>\n<strong>Cecilia Tosi<\/strong>, <em>04.02.2011<\/em><\/p>\n<p>P\u00ebrleshjet n\u00eb sheshin e Tiran\u00ebs t\u00eb b\u00ebjn\u00eb t\u00eb mendosh p\u00ebr &#8220;revolucionin&#8221; tunizian. Por n\u00eb vendin e shqiponjave, revolta ka nj\u00eb lider, socialistin Rama, nd\u00ebrsa kryeministri Berisha nuk ka nd\u00ebrmend t&#8217;ia mbath\u00eb, duke ia l\u00ebn\u00eb pushtetin opozit\u00ebs.<\/p>\n<p>Revolucionet e kadifenjta mund t\u00eb d\u00ebshtojn\u00eb, por nuk dalin kurr\u00eb nga moda. Pas suksesit t\u00eb tunizian\u00ebve, e provojn\u00eb edhe shqiptar\u00ebt: nd\u00ebrkoh\u00eb kauza \u00ebsht\u00eb p\u00ebr t\u00eb rr\u00ebzuar nj\u00eb regjim t\u00eb korruptuar, por n\u00eb Tiran\u00eb nuk \u00ebsht\u00eb nj\u00eb parti e bashkuar dhe manifestuesit kan\u00eb nj\u00eb lider q\u00eb quhet Edi Rama, kryebashkiaku socialist i kryeqytetit, dhe kandidati i mundur n\u00eb zgjedhjet e fundit. N\u00eb protestat n\u00eb shesh kryeministri Berisha u p\u00ebrgjigj me grusht t\u00eb hekurt: tre t\u00eb vdekur, shtat\u00eb t\u00eb hetuar, asnj\u00eb p\u00ebrgjegj\u00ebs.<\/p>\n<p>Gjat\u00eb manifestimeve, agjent\u00ebt kan\u00eb q\u00eblluar dhe vrar\u00eb, por policia refuzon t&#8217;i arrestoj\u00eb. Dhe qeveria akuzon Partin\u00eb Socialiste p\u00ebr grusht shteti, duke ngritur nj\u00eb komision hetimor p\u00ebr t\u00eb nxjerr\u00eb n\u00eb drit\u00eb faktet e 21 janarit.<\/p>\n<p>Nd\u00ebrsa parlamentar\u00ebt p\u00ebrleshen, Rama dhe Berisha lajm\u00ebrojn\u00eb manifestime t\u00eb reja, por dyshimi \u00ebsht\u00eb se p\u00ebrgatiten p\u00ebr t&#8217;u transferuar n\u00eb nj\u00eb betej\u00eb n\u00eb nj\u00eb fush\u00eb tjet\u00ebr, aty ku pushteti ndahet m\u00eb mir\u00eb: n\u00eb tryez\u00ebn e bisedimeve. Sepse n\u00eb Shqip\u00ebri loj\u00ebrat e pushtetit jan\u00eb norm\u00eb dhe k\u00ebto protesta nuk vijn\u00eb &#8220;nga posht\u00eb&#8221; si n\u00eb vendet e Maghreb (vende si Tunizia, Egjipti, apo Algjeria-sh\u00ebnimi i redaksis\u00eb).<\/p>\n<p>Megjithat\u00eb socialist\u00ebt po provojn\u00eb t\u00eb gjith\u00eb m\u00ebnyrat p\u00ebr t\u00eb b\u00ebr\u00eb analogjin\u00eb: &#8220;Jemi n\u00eb nj\u00eb diktatur\u00eb t\u00eb v\u00ebrtet\u00eb. Dukemi tamam si Tunizia e Ballkanit&#8221;,-deklaron Saimir Tahiri, n\u00ebnkryetar i grupit parlamentar t\u00eb PS-s\u00eb. Duke shpresuar q\u00eb t\u00eb fitojn\u00eb mb\u00ebshtetjen nd\u00ebrkomb\u00ebtare p\u00ebr t\u00eb p\u00ebrz\u00ebn\u00eb Berish\u00ebn, nj\u00eb kryeminist\u00ebr q\u00eb luan me duart me tenxheren e demagogjis\u00eb.<\/p>\n<p>Popullariteti i tij \u00ebsht\u00eb n\u00eb r\u00ebnie t\u00eb lir\u00eb, sidomos nga momenti kur ministri i Ekonomis\u00eb Ilir Meta, u detyrua t\u00eb jap\u00eb dor\u00ebheqjen p\u00ebr shkak se nj\u00eb telekamer\u00eb e fsheht\u00eb e kapi nd\u00ebrsa b\u00ebnte tratativa p\u00ebr t\u00eb firmosur nj\u00eb marr\u00ebveshje q\u00eb i garantonte p\u00ebrfitime.<\/p>\n<p>Pra, \u00ebsht\u00eb ajo q\u00eb t\u00eb gjith\u00eb shqiptar\u00ebt e din\u00eb ajo q\u00eb doli n\u00eb televizion, por Berisha ka theksuar se b\u00ebhet fjal\u00eb p\u00ebr nj\u00eb komplot, se duan t\u00eb njollosin imazhin e tij, se kan\u00eb falsifikuar xhirimet. Nj\u00eb pik\u00eb q\u00eb ka nxjerr\u00eb nga shtrati Tiran\u00ebn.<\/p>\n<p>Revoltat e sheshit n\u00eb Shqip\u00ebri kan\u00eb l\u00ebn\u00eb vend p\u00ebr paraleliz\u00ebm si n\u00eb Tunizi, por ka t\u00eb pakt\u00ebn diferenca t\u00eb r\u00ebnd\u00ebsishme.<\/p>\n<p>E para: opozita \u00ebsht\u00eb e drejtuar nga nj\u00eb parti, e cila ka qen\u00eb n\u00eb pushtet dhe aspiron t\u00eb rikthehet.<\/p>\n<p>E dyta: kryeministri Berisha nuk ka nd\u00ebrmend t&#8217;ia mbath\u00eb n\u00eb Xhedah (qytet n\u00eb Arabin\u00eb Saudite, ku k\u00ebrkoi strehim ish-presidenti i Tunizis\u00eb, Ben Ali-sh\u00ebnimi i redaksis\u00eb), sepse ka m\u00ebsuar q\u00eb t\u00eb mos trembet si n\u00eb 1997-\u00ebn, kur p\u00ebrleshjet e lindura p\u00ebr ta rr\u00ebzuar nga pushteti ishin aq t\u00eb dhunshme, saq\u00eb u desh nd\u00ebrhyrja e NATO-s p\u00ebr t&#8217;i qet\u00ebsuar.<\/p>\n<p>Edi Rama, nga ana e vet, nuk ka nd\u00ebrmend t\u00eb l\u00ebviz\u00eb. \u00cbsht\u00eb nj\u00eb kryebashkiak, q\u00eb g\u00ebzon nj\u00eb reputacion prej ylli mes shqiptar\u00ebve t\u00eb Kosov\u00ebs dhe Maqedonis\u00eb, q\u00eb n\u00eb 2009-\u00ebn mendoi ta mund\u00eb Berish\u00ebn, por n\u00eb t\u00eb v\u00ebrtet\u00eb humbi.<\/p>\n<p>Prej at\u00ebher\u00eb brenda Partis\u00eb Socialiste, &#8220;shok\u00ebt&#8221; e tij jan\u00eb ende n\u00eb pritje t\u00eb llogaridh\u00ebnies.<br \/>\nT\u00eb ndar\u00eb dhe grindavec\u00eb, eksponent\u00ebt e opozit\u00ebs jan\u00eb shfaqur para zgjedh\u00ebsve gjithnj\u00eb e m\u00eb t\u00eb brisht\u00eb dhe gjithnj\u00eb e m\u00eb pak t\u00eb interesuar p\u00ebr t\u00eb mir\u00ebn e vendit.<\/p>\n<p>I nj\u00ebjti Rama, n\u00eb vend q\u00eb t\u00eb shfryt\u00ebzonte d\u00ebshtimet e qeveris\u00eb s\u00eb qendr\u00ebs s\u00eb djatht\u00eb p\u00ebr ta sulmuar n\u00eb planin moral, ka preferuar t&#8217;u dedikohet sfidave t\u00eb brendshme dhe eliminimit t\u00eb rival\u00ebve t\u00eb vet\u00eb n\u00eb kampin socialist.<\/p>\n<p>Ndoshta t\u00eb vdekurit n\u00eb Tiran\u00eb do ta b\u00ebjn\u00eb t\u00eb nd\u00ebrroj\u00eb ide.<\/p>\n<p>Linkuhttp:\/\/temi.repubblica.it\/limes\/no-lalbania-non-e-la-tunisia\/19037<\/p>\n","protected":false},"excerpt":{"rendered":"<p>Cecilia Tosi, 04.02.2011 P\u00ebrleshjet n\u00eb sheshin e Tiran\u00ebs t\u00eb b\u00ebjn\u00eb t\u00eb mendosh p\u00ebr &#8220;revolucionin&#8221; tunizian. Por n\u00eb vendin e shqiponjave, revolta ka nj\u00eb lider, socialistin Rama, nd\u00ebrsa kryeministri Berisha nuk ka nd\u00ebrmend t&#8217;ia mbath\u00eb, duke ia l\u00ebn\u00eb pushtetin opozit\u00ebs. Revolucionet e kadifenjta mund t\u00eb d\u00ebshtojn\u00eb, por nuk dalin kurr\u00eb nga moda. Pas suksesit t\u00eb tunizian\u00ebve, [&hellip;]<\/p>\n","protected":false},"author":1,"featured_media":0,"comment_status":"open","ping_status":"closed","sticky":false,"template":"","format":"standard","meta":{"footnotes":""},"categories":[2],"tags":[],"class_list":{"0":"post-6156","1":"post","2":"type-post","3":"status-publish","4":"format-standard","6":"category-artikuj"},"yoast_head":"<!-- This site is optimized with the Yoast SEO plugin v27.4 - https:\/\/yoast.com\/product\/yoast-seo-wordpress\/ -->\n<title>Jo, Shqip\u00ebria nuk \u00ebsht\u00eb Tunizia - FjALA e LIR\u00cb - Arkivi<\/title>\n<meta name=\"robots\" content=\"index, follow, max-snippet:-1, max-image-preview:large, max-video-preview:-1\" \/>\n<link rel=\"canonical\" href=\"https:\/\/fjala.info\/2009-2015\/jo-shqiperia-nuk-eshte-tunizia\/\" \/>\n<meta property=\"og:locale\" content=\"sq_AL\" \/>\n<meta property=\"og:type\" content=\"article\" \/>\n<meta property=\"og:title\" content=\"Jo, Shqip\u00ebria nuk \u00ebsht\u00eb Tunizia - FjALA e LIR\u00cb - Arkivi\" \/>\n<meta property=\"og:description\" content=\"Cecilia Tosi, 04.02.2011 P\u00ebrleshjet n\u00eb sheshin e Tiran\u00ebs t\u00eb b\u00ebjn\u00eb t\u00eb mendosh p\u00ebr &#8220;revolucionin&#8221; tunizian. Por n\u00eb vendin e shqiponjave, revolta ka nj\u00eb lider, socialistin Rama, nd\u00ebrsa kryeministri Berisha nuk ka nd\u00ebrmend t&#8217;ia mbath\u00eb, duke ia l\u00ebn\u00eb pushtetin opozit\u00ebs. Revolucionet e kadifenjta mund t\u00eb d\u00ebshtojn\u00eb, por nuk dalin kurr\u00eb nga moda. Pas suksesit t\u00eb tunizian\u00ebve, [&hellip;]\" \/>\n<meta property=\"og:url\" content=\"https:\/\/fjala.info\/2009-2015\/jo-shqiperia-nuk-eshte-tunizia\/\" \/>\n<meta property=\"og:site_name\" content=\"FjALA e LIR\u00cb - Arkivi\" \/>\n<meta property=\"article:published_time\" content=\"2011-02-05T04:35:13+00:00\" \/>\n<meta property=\"og:image\" content=\"http:\/\/fjala.shkoder.net\/wp-content\/uploads\/2011\/01\/200mije_homazhe.jpg\" \/>\n<meta name=\"author\" content=\"admin\" \/>\n<meta name=\"twitter:card\" content=\"summary_large_image\" \/>\n<meta name=\"twitter:label1\" content=\"Written by\" \/>\n\t<meta name=\"twitter:data1\" content=\"admin\" \/>\n\t<meta name=\"twitter:label2\" content=\"Est. reading time\" \/>\n\t<meta name=\"twitter:data2\" content=\"3 minutes\" \/>\n<script type=\"application\/ld+json\" class=\"yoast-schema-graph\">{\"@context\":\"https:\\\/\\\/schema.org\",\"@graph\":[{\"@type\":\"Article\",\"@id\":\"https:\\\/\\\/fjala.info\\\/2009-2015\\\/jo-shqiperia-nuk-eshte-tunizia\\\/#article\",\"isPartOf\":{\"@id\":\"https:\\\/\\\/fjala.info\\\/2009-2015\\\/jo-shqiperia-nuk-eshte-tunizia\\\/\"},\"author\":{\"name\":\"admin\",\"@id\":\"https:\\\/\\\/fjala.info\\\/2009-2015\\\/#\\\/schema\\\/person\\\/3aa1163ef05469c496fc94e77611ada2\"},\"headline\":\"Jo, Shqip\u00ebria nuk \u00ebsht\u00eb Tunizia\",\"datePublished\":\"2011-02-05T04:35:13+00:00\",\"mainEntityOfPage\":{\"@id\":\"https:\\\/\\\/fjala.info\\\/2009-2015\\\/jo-shqiperia-nuk-eshte-tunizia\\\/\"},\"wordCount\":696,\"commentCount\":0,\"publisher\":{\"@id\":\"https:\\\/\\\/fjala.info\\\/2009-2015\\\/#organization\"},\"image\":{\"@id\":\"https:\\\/\\\/fjala.info\\\/2009-2015\\\/jo-shqiperia-nuk-eshte-tunizia\\\/#primaryimage\"},\"thumbnailUrl\":\"http:\\\/\\\/fjala.shkoder.net\\\/wp-content\\\/uploads\\\/2011\\\/01\\\/200mije_homazhe.jpg\",\"articleSection\":[\"Artikuj\"],\"inLanguage\":\"sq-AL\",\"potentialAction\":[{\"@type\":\"CommentAction\",\"name\":\"Comment\",\"target\":[\"https:\\\/\\\/fjala.info\\\/2009-2015\\\/jo-shqiperia-nuk-eshte-tunizia\\\/#respond\"]}]},{\"@type\":\"WebPage\",\"@id\":\"https:\\\/\\\/fjala.info\\\/2009-2015\\\/jo-shqiperia-nuk-eshte-tunizia\\\/\",\"url\":\"https:\\\/\\\/fjala.info\\\/2009-2015\\\/jo-shqiperia-nuk-eshte-tunizia\\\/\",\"name\":\"Jo, Shqip\u00ebria nuk \u00ebsht\u00eb Tunizia - FjALA e LIR\u00cb - Arkivi\",\"isPartOf\":{\"@id\":\"https:\\\/\\\/fjala.info\\\/2009-2015\\\/#website\"},\"primaryImageOfPage\":{\"@id\":\"https:\\\/\\\/fjala.info\\\/2009-2015\\\/jo-shqiperia-nuk-eshte-tunizia\\\/#primaryimage\"},\"image\":{\"@id\":\"https:\\\/\\\/fjala.info\\\/2009-2015\\\/jo-shqiperia-nuk-eshte-tunizia\\\/#primaryimage\"},\"thumbnailUrl\":\"http:\\\/\\\/fjala.shkoder.net\\\/wp-content\\\/uploads\\\/2011\\\/01\\\/200mije_homazhe.jpg\",\"datePublished\":\"2011-02-05T04:35:13+00:00\",\"breadcrumb\":{\"@id\":\"https:\\\/\\\/fjala.info\\\/2009-2015\\\/jo-shqiperia-nuk-eshte-tunizia\\\/#breadcrumb\"},\"inLanguage\":\"sq-AL\",\"potentialAction\":[{\"@type\":\"ReadAction\",\"target\":[\"https:\\\/\\\/fjala.info\\\/2009-2015\\\/jo-shqiperia-nuk-eshte-tunizia\\\/\"]}]},{\"@type\":\"ImageObject\",\"inLanguage\":\"sq-AL\",\"@id\":\"https:\\\/\\\/fjala.info\\\/2009-2015\\\/jo-shqiperia-nuk-eshte-tunizia\\\/#primaryimage\",\"url\":\"http:\\\/\\\/fjala.shkoder.net\\\/wp-content\\\/uploads\\\/2011\\\/01\\\/200mije_homazhe.jpg\",\"contentUrl\":\"http:\\\/\\\/fjala.shkoder.net\\\/wp-content\\\/uploads\\\/2011\\\/01\\\/200mije_homazhe.jpg\"},{\"@type\":\"BreadcrumbList\",\"@id\":\"https:\\\/\\\/fjala.info\\\/2009-2015\\\/jo-shqiperia-nuk-eshte-tunizia\\\/#breadcrumb\",\"itemListElement\":[{\"@type\":\"ListItem\",\"position\":1,\"name\":\"Home\",\"item\":\"https:\\\/\\\/fjala.info\\\/2009-2015\\\/\"},{\"@type\":\"ListItem\",\"position\":2,\"name\":\"Jo, Shqip\u00ebria nuk \u00ebsht\u00eb Tunizia\"}]},{\"@type\":\"WebSite\",\"@id\":\"https:\\\/\\\/fjala.info\\\/2009-2015\\\/#website\",\"url\":\"https:\\\/\\\/fjala.info\\\/2009-2015\\\/\",\"name\":\"FjALA e LIR\u00cb - Arkivi\",\"description\":\"Arkivi 2009-2015\",\"publisher\":{\"@id\":\"https:\\\/\\\/fjala.info\\\/2009-2015\\\/#organization\"},\"potentialAction\":[{\"@type\":\"SearchAction\",\"target\":{\"@type\":\"EntryPoint\",\"urlTemplate\":\"https:\\\/\\\/fjala.info\\\/2009-2015\\\/?s={search_term_string}\"},\"query-input\":{\"@type\":\"PropertyValueSpecification\",\"valueRequired\":true,\"valueName\":\"search_term_string\"}}],\"inLanguage\":\"sq-AL\"},{\"@type\":\"Organization\",\"@id\":\"https:\\\/\\\/fjala.info\\\/2009-2015\\\/#organization\",\"name\":\"FjALA e LIR\u00cb - Arkivi\",\"url\":\"https:\\\/\\\/fjala.info\\\/2009-2015\\\/\",\"logo\":{\"@type\":\"ImageObject\",\"inLanguage\":\"sq-AL\",\"@id\":\"https:\\\/\\\/fjala.info\\\/2009-2015\\\/#\\\/schema\\\/logo\\\/image\\\/\",\"url\":\"\",\"contentUrl\":\"\",\"caption\":\"FjALA e LIR\u00cb - Arkivi\"},\"image\":{\"@id\":\"https:\\\/\\\/fjala.info\\\/2009-2015\\\/#\\\/schema\\\/logo\\\/image\\\/\"}},{\"@type\":\"Person\",\"@id\":\"https:\\\/\\\/fjala.info\\\/2009-2015\\\/#\\\/schema\\\/person\\\/3aa1163ef05469c496fc94e77611ada2\",\"name\":\"admin\",\"image\":{\"@type\":\"ImageObject\",\"inLanguage\":\"sq-AL\",\"@id\":\"https:\\\/\\\/fjala.info\\\/2009-2015\\\/wp-content\\\/uploads\\\/2012\\\/02\\\/arben_cokaj-120x150.jpg\",\"url\":\"https:\\\/\\\/fjala.info\\\/2009-2015\\\/wp-content\\\/uploads\\\/2012\\\/02\\\/arben_cokaj-120x150.jpg\",\"contentUrl\":\"https:\\\/\\\/fjala.info\\\/2009-2015\\\/wp-content\\\/uploads\\\/2012\\\/02\\\/arben_cokaj-120x150.jpg\",\"caption\":\"admin\"},\"description\":\"Admin, Fjala e Lir\u00eb\",\"sameAs\":[\"https:\\\/\\\/fjala.info\\\/\"],\"url\":\"https:\\\/\\\/fjala.info\\\/2009-2015\\\/author\\\/admin\\\/\"}]}<\/script>\n<!-- \/ Yoast SEO plugin. -->","yoast_head_json":{"title":"Jo, Shqip\u00ebria nuk \u00ebsht\u00eb Tunizia - FjALA e LIR\u00cb - Arkivi","robots":{"index":"index","follow":"follow","max-snippet":"max-snippet:-1","max-image-preview":"max-image-preview:large","max-video-preview":"max-video-preview:-1"},"canonical":"https:\/\/fjala.info\/2009-2015\/jo-shqiperia-nuk-eshte-tunizia\/","og_locale":"sq_AL","og_type":"article","og_title":"Jo, Shqip\u00ebria nuk \u00ebsht\u00eb Tunizia - FjALA e LIR\u00cb - Arkivi","og_description":"Cecilia Tosi, 04.02.2011 P\u00ebrleshjet n\u00eb sheshin e Tiran\u00ebs t\u00eb b\u00ebjn\u00eb t\u00eb mendosh p\u00ebr &#8220;revolucionin&#8221; tunizian. Por n\u00eb vendin e shqiponjave, revolta ka nj\u00eb lider, socialistin Rama, nd\u00ebrsa kryeministri Berisha nuk ka nd\u00ebrmend t&#8217;ia mbath\u00eb, duke ia l\u00ebn\u00eb pushtetin opozit\u00ebs. Revolucionet e kadifenjta mund t\u00eb d\u00ebshtojn\u00eb, por nuk dalin kurr\u00eb nga moda. Pas suksesit t\u00eb tunizian\u00ebve, [&hellip;]","og_url":"https:\/\/fjala.info\/2009-2015\/jo-shqiperia-nuk-eshte-tunizia\/","og_site_name":"FjALA e LIR\u00cb - Arkivi","article_published_time":"2011-02-05T04:35:13+00:00","og_image":[{"url":"http:\/\/fjala.shkoder.net\/wp-content\/uploads\/2011\/01\/200mije_homazhe.jpg","type":"","width":"","height":""}],"author":"admin","twitter_card":"summary_large_image","twitter_misc":{"Written by":"admin","Est. reading time":"3 minutes"},"schema":{"@context":"https:\/\/schema.org","@graph":[{"@type":"Article","@id":"https:\/\/fjala.info\/2009-2015\/jo-shqiperia-nuk-eshte-tunizia\/#article","isPartOf":{"@id":"https:\/\/fjala.info\/2009-2015\/jo-shqiperia-nuk-eshte-tunizia\/"},"author":{"name":"admin","@id":"https:\/\/fjala.info\/2009-2015\/#\/schema\/person\/3aa1163ef05469c496fc94e77611ada2"},"headline":"Jo, Shqip\u00ebria nuk \u00ebsht\u00eb Tunizia","datePublished":"2011-02-05T04:35:13+00:00","mainEntityOfPage":{"@id":"https:\/\/fjala.info\/2009-2015\/jo-shqiperia-nuk-eshte-tunizia\/"},"wordCount":696,"commentCount":0,"publisher":{"@id":"https:\/\/fjala.info\/2009-2015\/#organization"},"image":{"@id":"https:\/\/fjala.info\/2009-2015\/jo-shqiperia-nuk-eshte-tunizia\/#primaryimage"},"thumbnailUrl":"http:\/\/fjala.shkoder.net\/wp-content\/uploads\/2011\/01\/200mije_homazhe.jpg","articleSection":["Artikuj"],"inLanguage":"sq-AL","potentialAction":[{"@type":"CommentAction","name":"Comment","target":["https:\/\/fjala.info\/2009-2015\/jo-shqiperia-nuk-eshte-tunizia\/#respond"]}]},{"@type":"WebPage","@id":"https:\/\/fjala.info\/2009-2015\/jo-shqiperia-nuk-eshte-tunizia\/","url":"https:\/\/fjala.info\/2009-2015\/jo-shqiperia-nuk-eshte-tunizia\/","name":"Jo, Shqip\u00ebria nuk \u00ebsht\u00eb Tunizia - FjALA e LIR\u00cb - Arkivi","isPartOf":{"@id":"https:\/\/fjala.info\/2009-2015\/#website"},"primaryImageOfPage":{"@id":"https:\/\/fjala.info\/2009-2015\/jo-shqiperia-nuk-eshte-tunizia\/#primaryimage"},"image":{"@id":"https:\/\/fjala.info\/2009-2015\/jo-shqiperia-nuk-eshte-tunizia\/#primaryimage"},"thumbnailUrl":"http:\/\/fjala.shkoder.net\/wp-content\/uploads\/2011\/01\/200mije_homazhe.jpg","datePublished":"2011-02-05T04:35:13+00:00","breadcrumb":{"@id":"https:\/\/fjala.info\/2009-2015\/jo-shqiperia-nuk-eshte-tunizia\/#breadcrumb"},"inLanguage":"sq-AL","potentialAction":[{"@type":"ReadAction","target":["https:\/\/fjala.info\/2009-2015\/jo-shqiperia-nuk-eshte-tunizia\/"]}]},{"@type":"ImageObject","inLanguage":"sq-AL","@id":"https:\/\/fjala.info\/2009-2015\/jo-shqiperia-nuk-eshte-tunizia\/#primaryimage","url":"http:\/\/fjala.shkoder.net\/wp-content\/uploads\/2011\/01\/200mije_homazhe.jpg","contentUrl":"http:\/\/fjala.shkoder.net\/wp-content\/uploads\/2011\/01\/200mije_homazhe.jpg"},{"@type":"BreadcrumbList","@id":"https:\/\/fjala.info\/2009-2015\/jo-shqiperia-nuk-eshte-tunizia\/#breadcrumb","itemListElement":[{"@type":"ListItem","position":1,"name":"Home","item":"https:\/\/fjala.info\/2009-2015\/"},{"@type":"ListItem","position":2,"name":"Jo, Shqip\u00ebria nuk \u00ebsht\u00eb Tunizia"}]},{"@type":"WebSite","@id":"https:\/\/fjala.info\/2009-2015\/#website","url":"https:\/\/fjala.info\/2009-2015\/","name":"FjALA e LIR\u00cb - Arkivi","description":"Arkivi 2009-2015","publisher":{"@id":"https:\/\/fjala.info\/2009-2015\/#organization"},"potentialAction":[{"@type":"SearchAction","target":{"@type":"EntryPoint","urlTemplate":"https:\/\/fjala.info\/2009-2015\/?s={search_term_string}"},"query-input":{"@type":"PropertyValueSpecification","valueRequired":true,"valueName":"search_term_string"}}],"inLanguage":"sq-AL"},{"@type":"Organization","@id":"https:\/\/fjala.info\/2009-2015\/#organization","name":"FjALA e LIR\u00cb - Arkivi","url":"https:\/\/fjala.info\/2009-2015\/","logo":{"@type":"ImageObject","inLanguage":"sq-AL","@id":"https:\/\/fjala.info\/2009-2015\/#\/schema\/logo\/image\/","url":"","contentUrl":"","caption":"FjALA e LIR\u00cb - Arkivi"},"image":{"@id":"https:\/\/fjala.info\/2009-2015\/#\/schema\/logo\/image\/"}},{"@type":"Person","@id":"https:\/\/fjala.info\/2009-2015\/#\/schema\/person\/3aa1163ef05469c496fc94e77611ada2","name":"admin","image":{"@type":"ImageObject","inLanguage":"sq-AL","@id":"https:\/\/fjala.info\/2009-2015\/wp-content\/uploads\/2012\/02\/arben_cokaj-120x150.jpg","url":"https:\/\/fjala.info\/2009-2015\/wp-content\/uploads\/2012\/02\/arben_cokaj-120x150.jpg","contentUrl":"https:\/\/fjala.info\/2009-2015\/wp-content\/uploads\/2012\/02\/arben_cokaj-120x150.jpg","caption":"admin"},"description":"Admin, Fjala e Lir\u00eb","sameAs":["https:\/\/fjala.info\/"],"url":"https:\/\/fjala.info\/2009-2015\/author\/admin\/"}]}},"_links":{"self":[{"href":"https:\/\/fjala.info\/2009-2015\/wp-json\/wp\/v2\/posts\/6156","targetHints":{"allow":["GET"]}}],"collection":[{"href":"https:\/\/fjala.info\/2009-2015\/wp-json\/wp\/v2\/posts"}],"about":[{"href":"https:\/\/fjala.info\/2009-2015\/wp-json\/wp\/v2\/types\/post"}],"author":[{"embeddable":true,"href":"https:\/\/fjala.info\/2009-2015\/wp-json\/wp\/v2\/users\/1"}],"replies":[{"embeddable":true,"href":"https:\/\/fjala.info\/2009-2015\/wp-json\/wp\/v2\/comments?post=6156"}],"version-history":[{"count":0,"href":"https:\/\/fjala.info\/2009-2015\/wp-json\/wp\/v2\/posts\/6156\/revisions"}],"wp:attachment":[{"href":"https:\/\/fjala.info\/2009-2015\/wp-json\/wp\/v2\/media?parent=6156"}],"wp:term":[{"taxonomy":"category","embeddable":true,"href":"https:\/\/fjala.info\/2009-2015\/wp-json\/wp\/v2\/categories?post=6156"},{"taxonomy":"post_tag","embeddable":true,"href":"https:\/\/fjala.info\/2009-2015\/wp-json\/wp\/v2\/tags?post=6156"}],"curies":[{"name":"wp","href":"https:\/\/api.w.org\/{rel}","templated":true}]}}