{"id":6154,"date":"2011-02-05T05:24:51","date_gmt":"2011-02-05T04:24:51","guid":{"rendered":"http:\/\/fjala.shkoder.net\/?p=6154"},"modified":"2011-02-05T05:24:51","modified_gmt":"2011-02-05T04:24:51","slug":"emigrantja-kozeta-krulis-rikthimi-ne-atdhe-permes-nje-rrefimi-artistik","status":"publish","type":"post","link":"https:\/\/fjala.info\/2009-2015\/emigrantja-kozeta-krulis-rikthimi-ne-atdhe-permes-nje-rrefimi-artistik\/","title":{"rendered":"Emigrantja Kozeta Krulis: Rikthimi n\u00eb atdhe p\u00ebrmes nj\u00eb rr\u00ebfimi artistik"},"content":{"rendered":"<p><strong>TRIPTIK N\u00cb INNSBRUCK<\/strong><\/p>\n<p>Pas 20 vjet\u00ebsh rikthehet n\u00eb atdhe, por, tashm\u00eb si autore e nj\u00eb libri n\u00ebn titullin \u201cVajza nga Berati\u201d, botim i par\u00eb i sht\u00ebpis\u00eb botuese \u201cNaimi\u201d p\u00ebr vitin 2011. Mund ta botonte n\u00eb gjuh\u00ebn gjermane, por parap\u00eblqen shqipe. Kozeta Krulis, nj\u00eb shqiptare me n\u00ebnshtet\u00ebsi austriake, sjell nj\u00eb lib\u00ebr me tregime t\u00eb cilat i bashkon jo vet\u00ebm autor\u00ebsia e p\u00ebrbashk\u00ebt, por edhe \u201cmallkimi i vendlindjes\u201d, q\u00eb e ndjek autoren ngado q\u00eb t\u00eb vej\u00eb, ashtu si thuhet n\u00eb sakramentin e krishter\u00eb: n\u00eb t\u00eb mir\u00eb e n\u00eb t\u00eb keq, n\u00eb sh\u00ebndet e n\u00eb t\u00eb lig. <\/p>\n<p>N\u00eb Europ\u00ebn e sotme shqiptar\u00ebt jan\u00eb t\u00eb pranish\u00ebm po aq sa t\u00eb tjer\u00ebt, p\u00ebrpjes\u00ebtimisht me t\u00eb tjer\u00ebt. Dhe thuajse kudo jan\u00eb t\u00eb pranish\u00ebm edhe shkrimtar\u00ebt shqiptar\u00eb n\u00eb gjuh\u00ebt e vendeve ku jetojn\u00eb: Ron Kubati, Ornela Vorpsi n\u00eb Itali, Besa Myftiu n\u00eb Zvic\u00ebr, Elvira Dones n\u00eb Franc\u00eb e p\u00ebrtej Atlantikut dhe shum\u00eb t\u00eb tjer\u00eb. Kozeta Krulis u shtohet emrave t\u00eb shqiptar\u00ebve q\u00eb shkruajn\u00eb e botojn\u00eb n\u00eb Per\u00ebndim dhe p\u00ebr lexuesin e Per\u00ebndimit.<\/p>\n<p>Kozeta Krulis ka shkruar nj\u00eb lib\u00ebr ku lexuesi mund t\u00eb v\u00ebrej\u00eb \u00e7\u2019ndodh me qenien dhe vet\u00ebdijen njer\u00ebzore kur gjendet p\u00ebrball\u00eb tjetrit, t\u00eb huajit, i cili ka gjith\u00eb-gjith\u00eb dy \u201cprograme\u201d leximi t\u00eb njeriut shqiptar: si n\u00eb let\u00ebrsin\u00eb ekzotike, ose si n\u00eb imazhin televiziv. M\u00eb s\u00eb shumti shqiptar\u00ebt u ndesh\u00ebn me dyshimin dhe vrazhd\u00ebsin\u00eb europiane, q\u00eb lidhej edhe me shum\u00eb sjellje t\u00eb padenja t\u00eb atyre q\u00eb dol\u00ebn t\u00eb par\u00ebt n\u00eb Per\u00ebndim. \u201cShqiptarin tim e kam dhurat\u00eb nga Per\u00ebndia, shqiptar\u00ebt e tjer\u00eb i marrt\u00eb djalli\u201d &#8211; ky qe titulli i nj\u00eb reportazhi t\u00eb botuar n\u00eb fillimin e viteve 1990 n\u00eb nj\u00eb t\u00eb p\u00ebrditshme greke. <\/p>\n<p>N\u00ebp\u00ebr k\u00ebt\u00eb kalvar duhej t\u00eb kalonte edhe Kozeta Krulis. Fillimisht duhej t\u00eb p\u00ebrballej me p\u00ebrfytyrimin europian p\u00ebr shqiptarin. Dhe, p\u00ebr t\u00eb mb\u00ebrritur deri tek \u201cringjallja llazariane\u201d, do t\u2019i duhej t\u00eb d\u00ebshmohej si vetje-ndryshe n\u00eb nj\u00eb proces t\u00eb gjat\u00eb e t\u00eb mundimsh\u00ebm. Tregimi i Kozeta Krulis \u201cVrap mbi mina\u201d \u00ebsht\u00eb nj\u00eb ikje prej skem\u00ebs s\u00eb re europiane t\u00eb p\u00ebrftimit t\u00eb njeriut shqiptar.<\/p>\n<p>Ajo t\u00eb kujton dialogjet e Tom Cruis n\u00eb filmin e mrekulluesh\u00ebm \u201cTerminal\u201d, ku pyetjeve gati lut\u00ebse p\u00ebr nj\u00eb pohim t\u00eb shpejt\u00eb q\u00eb i b\u00ebhen prej policis\u00eb aeroportuale: \u201cA \u00ebsht\u00eb p\u00ebr ju Cracovia, vendi i origjin\u00ebs, n j\u00eb rrezik\u201d, ai u p\u00ebrgjigjet thjesht: \u201cJo, p\u00ebrkundrazi, un\u00eb kam frik\u00eb nga ju!\u201d. Nd\u00ebrsa tregimi me titull \u201cNj\u00eb \u00e7ant\u00eb te dera\u201d i Kozeta Krulis \u00ebsht\u00eb jo vet\u00ebm let\u00ebrsi, por edhe nj\u00eb tekst p\u00ebr analiz\u00eb kompleksesh e psikozash etnike, q\u00eb nuk munguan t\u00eb shp\u00ebrthejn\u00eb lirisht me kalimin n\u00eb shoq\u00ebri t\u00eb hapur. Kurse \u201cTango n\u00eb Innsbruck\u201d \u00ebsht\u00eb nyja themelore e v\u00ebllimit. Esht\u00eb nj\u00eb novel\u00eb q\u00eb t\u00eb b\u00ebn t\u00eb mendohesh; ajo ka, gjithashtu, nj\u00eb lexim antropologjik, sidomos p\u00ebr lidhjet e njeriut me vendlindjen. Berati dhe gjith\u00e7ka di p\u00ebr t\u00eb b\u00ebhet shp\u00ebtimi i autores p\u00ebr t\u00eb shfaqur identitetin e vet.<\/p>\n<p>Autorja, duke jetuar fatin e personazhit t\u00eb novel\u00ebs s\u00eb vet, n\u00eb fakt i paraqet lexuesit se si vendlindja, me trash\u00ebgimin\u00eb e saj m\u00eb t\u00eb vlefshme, mund t\u2019i b\u00ebhet pjes\u00eb e pasaport\u00ebs s\u00eb vet; mund t\u00eb shenjoj\u00eb identitetin e saj. Prej k\u00ebndej nis ringritja e personazhit, alter ego e Kozet\u00ebs. Pik\u00ebrisht kjo e b\u00ebn triptikun e saj nj\u00eb vep\u00ebr q\u00eb lexohet si let\u00ebrsi, si d\u00ebshmi, si burim t\u00eb dh\u00ebnash etnopsikologjike, t\u00eb vlefshme p\u00ebr krahasim gjendjesh n\u00eb p\u00ebrplasje mend\u00ebsish dhe identitetesh. Kozeta u jep, p\u00ebrmes k\u00ebtij libri, jo vet\u00ebm bashkatdhetar\u00ebve t\u00eb vet, por kujtdo q\u00eb do ta lexoj\u00eb, shum\u00eb trishtim e dram\u00eb, por nj\u00ebher\u00ebsh edhe shum\u00eb ringjallje shpirt\u00ebrore dhe shpalosje identiteti, duke e promovuar vetveten n\u00eb sfondin e atij qyteti q\u00eb ka mahnitur nd\u00ebr shekuj bot\u00ebn dhe sot \u00ebsht\u00eb n\u00eb list\u00ebn e Kryeveprave t\u00eb Trash\u00ebgimit Bot\u00ebror, nj\u00eb prej programeve m\u00eb elitar\u00eb t\u00eb Unesco-s, qytetit t\u00eb Beratit.<\/p>\n","protected":false},"excerpt":{"rendered":"<p>TRIPTIK N\u00cb INNSBRUCK Pas 20 vjet\u00ebsh rikthehet n\u00eb atdhe, por, tashm\u00eb si autore e nj\u00eb libri n\u00ebn titullin \u201cVajza nga Berati\u201d, botim i par\u00eb i sht\u00ebpis\u00eb botuese \u201cNaimi\u201d p\u00ebr vitin 2011. Mund ta botonte n\u00eb gjuh\u00ebn gjermane, por parap\u00eblqen shqipe. Kozeta Krulis, nj\u00eb shqiptare me n\u00ebnshtet\u00ebsi austriake, sjell nj\u00eb lib\u00ebr me tregime t\u00eb cilat i [&hellip;]<\/p>\n","protected":false},"author":1,"featured_media":0,"comment_status":"open","ping_status":"closed","sticky":false,"template":"","format":"standard","meta":{"footnotes":""},"categories":[7],"tags":[],"class_list":{"0":"post-6154","1":"post","2":"type-post","3":"status-publish","4":"format-standard","6":"category-letersi"},"yoast_head":"<!-- This site is optimized with the Yoast SEO plugin v27.4 - https:\/\/yoast.com\/product\/yoast-seo-wordpress\/ -->\n<title>Emigrantja Kozeta Krulis: Rikthimi n\u00eb atdhe p\u00ebrmes nj\u00eb rr\u00ebfimi artistik - FjALA e LIR\u00cb - Arkivi<\/title>\n<meta name=\"robots\" content=\"index, follow, max-snippet:-1, max-image-preview:large, max-video-preview:-1\" \/>\n<link rel=\"canonical\" href=\"https:\/\/fjala.info\/2009-2015\/emigrantja-kozeta-krulis-rikthimi-ne-atdhe-permes-nje-rrefimi-artistik\/\" \/>\n<meta property=\"og:locale\" content=\"sq_AL\" \/>\n<meta property=\"og:type\" content=\"article\" \/>\n<meta property=\"og:title\" content=\"Emigrantja Kozeta Krulis: Rikthimi n\u00eb atdhe p\u00ebrmes nj\u00eb rr\u00ebfimi artistik - FjALA e LIR\u00cb - Arkivi\" \/>\n<meta property=\"og:description\" content=\"TRIPTIK N\u00cb INNSBRUCK Pas 20 vjet\u00ebsh rikthehet n\u00eb atdhe, por, tashm\u00eb si autore e nj\u00eb libri n\u00ebn titullin \u201cVajza nga Berati\u201d, botim i par\u00eb i sht\u00ebpis\u00eb botuese \u201cNaimi\u201d p\u00ebr vitin 2011. Mund ta botonte n\u00eb gjuh\u00ebn gjermane, por parap\u00eblqen shqipe. Kozeta Krulis, nj\u00eb shqiptare me n\u00ebnshtet\u00ebsi austriake, sjell nj\u00eb lib\u00ebr me tregime t\u00eb cilat i [&hellip;]\" \/>\n<meta property=\"og:url\" content=\"https:\/\/fjala.info\/2009-2015\/emigrantja-kozeta-krulis-rikthimi-ne-atdhe-permes-nje-rrefimi-artistik\/\" \/>\n<meta property=\"og:site_name\" content=\"FjALA e LIR\u00cb - Arkivi\" \/>\n<meta property=\"article:published_time\" content=\"2011-02-05T04:24:51+00:00\" \/>\n<meta name=\"author\" content=\"admin\" \/>\n<meta name=\"twitter:card\" content=\"summary_large_image\" \/>\n<meta name=\"twitter:label1\" content=\"Written by\" \/>\n\t<meta name=\"twitter:data1\" content=\"admin\" \/>\n\t<meta name=\"twitter:label2\" content=\"Est. reading time\" \/>\n\t<meta name=\"twitter:data2\" content=\"4 minutes\" \/>\n<script type=\"application\/ld+json\" class=\"yoast-schema-graph\">{\"@context\":\"https:\\\/\\\/schema.org\",\"@graph\":[{\"@type\":\"Article\",\"@id\":\"https:\\\/\\\/fjala.info\\\/2009-2015\\\/emigrantja-kozeta-krulis-rikthimi-ne-atdhe-permes-nje-rrefimi-artistik\\\/#article\",\"isPartOf\":{\"@id\":\"https:\\\/\\\/fjala.info\\\/2009-2015\\\/emigrantja-kozeta-krulis-rikthimi-ne-atdhe-permes-nje-rrefimi-artistik\\\/\"},\"author\":{\"name\":\"admin\",\"@id\":\"https:\\\/\\\/fjala.info\\\/2009-2015\\\/#\\\/schema\\\/person\\\/3aa1163ef05469c496fc94e77611ada2\"},\"headline\":\"Emigrantja Kozeta Krulis: Rikthimi n\u00eb atdhe p\u00ebrmes nj\u00eb rr\u00ebfimi artistik\",\"datePublished\":\"2011-02-05T04:24:51+00:00\",\"mainEntityOfPage\":{\"@id\":\"https:\\\/\\\/fjala.info\\\/2009-2015\\\/emigrantja-kozeta-krulis-rikthimi-ne-atdhe-permes-nje-rrefimi-artistik\\\/\"},\"wordCount\":721,\"commentCount\":0,\"publisher\":{\"@id\":\"https:\\\/\\\/fjala.info\\\/2009-2015\\\/#organization\"},\"articleSection\":[\"Let\u00ebrsi\"],\"inLanguage\":\"sq-AL\",\"potentialAction\":[{\"@type\":\"CommentAction\",\"name\":\"Comment\",\"target\":[\"https:\\\/\\\/fjala.info\\\/2009-2015\\\/emigrantja-kozeta-krulis-rikthimi-ne-atdhe-permes-nje-rrefimi-artistik\\\/#respond\"]}]},{\"@type\":\"WebPage\",\"@id\":\"https:\\\/\\\/fjala.info\\\/2009-2015\\\/emigrantja-kozeta-krulis-rikthimi-ne-atdhe-permes-nje-rrefimi-artistik\\\/\",\"url\":\"https:\\\/\\\/fjala.info\\\/2009-2015\\\/emigrantja-kozeta-krulis-rikthimi-ne-atdhe-permes-nje-rrefimi-artistik\\\/\",\"name\":\"Emigrantja Kozeta Krulis: Rikthimi n\u00eb atdhe p\u00ebrmes nj\u00eb rr\u00ebfimi artistik - FjALA e LIR\u00cb - Arkivi\",\"isPartOf\":{\"@id\":\"https:\\\/\\\/fjala.info\\\/2009-2015\\\/#website\"},\"datePublished\":\"2011-02-05T04:24:51+00:00\",\"breadcrumb\":{\"@id\":\"https:\\\/\\\/fjala.info\\\/2009-2015\\\/emigrantja-kozeta-krulis-rikthimi-ne-atdhe-permes-nje-rrefimi-artistik\\\/#breadcrumb\"},\"inLanguage\":\"sq-AL\",\"potentialAction\":[{\"@type\":\"ReadAction\",\"target\":[\"https:\\\/\\\/fjala.info\\\/2009-2015\\\/emigrantja-kozeta-krulis-rikthimi-ne-atdhe-permes-nje-rrefimi-artistik\\\/\"]}]},{\"@type\":\"BreadcrumbList\",\"@id\":\"https:\\\/\\\/fjala.info\\\/2009-2015\\\/emigrantja-kozeta-krulis-rikthimi-ne-atdhe-permes-nje-rrefimi-artistik\\\/#breadcrumb\",\"itemListElement\":[{\"@type\":\"ListItem\",\"position\":1,\"name\":\"Home\",\"item\":\"https:\\\/\\\/fjala.info\\\/2009-2015\\\/\"},{\"@type\":\"ListItem\",\"position\":2,\"name\":\"Emigrantja Kozeta Krulis: Rikthimi n\u00eb atdhe p\u00ebrmes nj\u00eb rr\u00ebfimi artistik\"}]},{\"@type\":\"WebSite\",\"@id\":\"https:\\\/\\\/fjala.info\\\/2009-2015\\\/#website\",\"url\":\"https:\\\/\\\/fjala.info\\\/2009-2015\\\/\",\"name\":\"FjALA e LIR\u00cb - Arkivi\",\"description\":\"Arkivi 2009-2015\",\"publisher\":{\"@id\":\"https:\\\/\\\/fjala.info\\\/2009-2015\\\/#organization\"},\"potentialAction\":[{\"@type\":\"SearchAction\",\"target\":{\"@type\":\"EntryPoint\",\"urlTemplate\":\"https:\\\/\\\/fjala.info\\\/2009-2015\\\/?s={search_term_string}\"},\"query-input\":{\"@type\":\"PropertyValueSpecification\",\"valueRequired\":true,\"valueName\":\"search_term_string\"}}],\"inLanguage\":\"sq-AL\"},{\"@type\":\"Organization\",\"@id\":\"https:\\\/\\\/fjala.info\\\/2009-2015\\\/#organization\",\"name\":\"FjALA e LIR\u00cb - Arkivi\",\"url\":\"https:\\\/\\\/fjala.info\\\/2009-2015\\\/\",\"logo\":{\"@type\":\"ImageObject\",\"inLanguage\":\"sq-AL\",\"@id\":\"https:\\\/\\\/fjala.info\\\/2009-2015\\\/#\\\/schema\\\/logo\\\/image\\\/\",\"url\":\"\",\"contentUrl\":\"\",\"caption\":\"FjALA e LIR\u00cb - Arkivi\"},\"image\":{\"@id\":\"https:\\\/\\\/fjala.info\\\/2009-2015\\\/#\\\/schema\\\/logo\\\/image\\\/\"}},{\"@type\":\"Person\",\"@id\":\"https:\\\/\\\/fjala.info\\\/2009-2015\\\/#\\\/schema\\\/person\\\/3aa1163ef05469c496fc94e77611ada2\",\"name\":\"admin\",\"image\":{\"@type\":\"ImageObject\",\"inLanguage\":\"sq-AL\",\"@id\":\"https:\\\/\\\/fjala.info\\\/2009-2015\\\/wp-content\\\/uploads\\\/2012\\\/02\\\/arben_cokaj-120x150.jpg\",\"url\":\"https:\\\/\\\/fjala.info\\\/2009-2015\\\/wp-content\\\/uploads\\\/2012\\\/02\\\/arben_cokaj-120x150.jpg\",\"contentUrl\":\"https:\\\/\\\/fjala.info\\\/2009-2015\\\/wp-content\\\/uploads\\\/2012\\\/02\\\/arben_cokaj-120x150.jpg\",\"caption\":\"admin\"},\"description\":\"Admin, Fjala e Lir\u00eb\",\"sameAs\":[\"https:\\\/\\\/fjala.info\\\/\"],\"url\":\"https:\\\/\\\/fjala.info\\\/2009-2015\\\/author\\\/admin\\\/\"}]}<\/script>\n<!-- \/ Yoast SEO plugin. -->","yoast_head_json":{"title":"Emigrantja Kozeta Krulis: Rikthimi n\u00eb atdhe p\u00ebrmes nj\u00eb rr\u00ebfimi artistik - FjALA e LIR\u00cb - Arkivi","robots":{"index":"index","follow":"follow","max-snippet":"max-snippet:-1","max-image-preview":"max-image-preview:large","max-video-preview":"max-video-preview:-1"},"canonical":"https:\/\/fjala.info\/2009-2015\/emigrantja-kozeta-krulis-rikthimi-ne-atdhe-permes-nje-rrefimi-artistik\/","og_locale":"sq_AL","og_type":"article","og_title":"Emigrantja Kozeta Krulis: Rikthimi n\u00eb atdhe p\u00ebrmes nj\u00eb rr\u00ebfimi artistik - FjALA e LIR\u00cb - Arkivi","og_description":"TRIPTIK N\u00cb INNSBRUCK Pas 20 vjet\u00ebsh rikthehet n\u00eb atdhe, por, tashm\u00eb si autore e nj\u00eb libri n\u00ebn titullin \u201cVajza nga Berati\u201d, botim i par\u00eb i sht\u00ebpis\u00eb botuese \u201cNaimi\u201d p\u00ebr vitin 2011. Mund ta botonte n\u00eb gjuh\u00ebn gjermane, por parap\u00eblqen shqipe. Kozeta Krulis, nj\u00eb shqiptare me n\u00ebnshtet\u00ebsi austriake, sjell nj\u00eb lib\u00ebr me tregime t\u00eb cilat i [&hellip;]","og_url":"https:\/\/fjala.info\/2009-2015\/emigrantja-kozeta-krulis-rikthimi-ne-atdhe-permes-nje-rrefimi-artistik\/","og_site_name":"FjALA e LIR\u00cb - Arkivi","article_published_time":"2011-02-05T04:24:51+00:00","author":"admin","twitter_card":"summary_large_image","twitter_misc":{"Written by":"admin","Est. reading time":"4 minutes"},"schema":{"@context":"https:\/\/schema.org","@graph":[{"@type":"Article","@id":"https:\/\/fjala.info\/2009-2015\/emigrantja-kozeta-krulis-rikthimi-ne-atdhe-permes-nje-rrefimi-artistik\/#article","isPartOf":{"@id":"https:\/\/fjala.info\/2009-2015\/emigrantja-kozeta-krulis-rikthimi-ne-atdhe-permes-nje-rrefimi-artistik\/"},"author":{"name":"admin","@id":"https:\/\/fjala.info\/2009-2015\/#\/schema\/person\/3aa1163ef05469c496fc94e77611ada2"},"headline":"Emigrantja Kozeta Krulis: Rikthimi n\u00eb atdhe p\u00ebrmes nj\u00eb rr\u00ebfimi artistik","datePublished":"2011-02-05T04:24:51+00:00","mainEntityOfPage":{"@id":"https:\/\/fjala.info\/2009-2015\/emigrantja-kozeta-krulis-rikthimi-ne-atdhe-permes-nje-rrefimi-artistik\/"},"wordCount":721,"commentCount":0,"publisher":{"@id":"https:\/\/fjala.info\/2009-2015\/#organization"},"articleSection":["Let\u00ebrsi"],"inLanguage":"sq-AL","potentialAction":[{"@type":"CommentAction","name":"Comment","target":["https:\/\/fjala.info\/2009-2015\/emigrantja-kozeta-krulis-rikthimi-ne-atdhe-permes-nje-rrefimi-artistik\/#respond"]}]},{"@type":"WebPage","@id":"https:\/\/fjala.info\/2009-2015\/emigrantja-kozeta-krulis-rikthimi-ne-atdhe-permes-nje-rrefimi-artistik\/","url":"https:\/\/fjala.info\/2009-2015\/emigrantja-kozeta-krulis-rikthimi-ne-atdhe-permes-nje-rrefimi-artistik\/","name":"Emigrantja Kozeta Krulis: Rikthimi n\u00eb atdhe p\u00ebrmes nj\u00eb rr\u00ebfimi artistik - FjALA e LIR\u00cb - Arkivi","isPartOf":{"@id":"https:\/\/fjala.info\/2009-2015\/#website"},"datePublished":"2011-02-05T04:24:51+00:00","breadcrumb":{"@id":"https:\/\/fjala.info\/2009-2015\/emigrantja-kozeta-krulis-rikthimi-ne-atdhe-permes-nje-rrefimi-artistik\/#breadcrumb"},"inLanguage":"sq-AL","potentialAction":[{"@type":"ReadAction","target":["https:\/\/fjala.info\/2009-2015\/emigrantja-kozeta-krulis-rikthimi-ne-atdhe-permes-nje-rrefimi-artistik\/"]}]},{"@type":"BreadcrumbList","@id":"https:\/\/fjala.info\/2009-2015\/emigrantja-kozeta-krulis-rikthimi-ne-atdhe-permes-nje-rrefimi-artistik\/#breadcrumb","itemListElement":[{"@type":"ListItem","position":1,"name":"Home","item":"https:\/\/fjala.info\/2009-2015\/"},{"@type":"ListItem","position":2,"name":"Emigrantja Kozeta Krulis: Rikthimi n\u00eb atdhe p\u00ebrmes nj\u00eb rr\u00ebfimi artistik"}]},{"@type":"WebSite","@id":"https:\/\/fjala.info\/2009-2015\/#website","url":"https:\/\/fjala.info\/2009-2015\/","name":"FjALA e LIR\u00cb - Arkivi","description":"Arkivi 2009-2015","publisher":{"@id":"https:\/\/fjala.info\/2009-2015\/#organization"},"potentialAction":[{"@type":"SearchAction","target":{"@type":"EntryPoint","urlTemplate":"https:\/\/fjala.info\/2009-2015\/?s={search_term_string}"},"query-input":{"@type":"PropertyValueSpecification","valueRequired":true,"valueName":"search_term_string"}}],"inLanguage":"sq-AL"},{"@type":"Organization","@id":"https:\/\/fjala.info\/2009-2015\/#organization","name":"FjALA e LIR\u00cb - Arkivi","url":"https:\/\/fjala.info\/2009-2015\/","logo":{"@type":"ImageObject","inLanguage":"sq-AL","@id":"https:\/\/fjala.info\/2009-2015\/#\/schema\/logo\/image\/","url":"","contentUrl":"","caption":"FjALA e LIR\u00cb - Arkivi"},"image":{"@id":"https:\/\/fjala.info\/2009-2015\/#\/schema\/logo\/image\/"}},{"@type":"Person","@id":"https:\/\/fjala.info\/2009-2015\/#\/schema\/person\/3aa1163ef05469c496fc94e77611ada2","name":"admin","image":{"@type":"ImageObject","inLanguage":"sq-AL","@id":"https:\/\/fjala.info\/2009-2015\/wp-content\/uploads\/2012\/02\/arben_cokaj-120x150.jpg","url":"https:\/\/fjala.info\/2009-2015\/wp-content\/uploads\/2012\/02\/arben_cokaj-120x150.jpg","contentUrl":"https:\/\/fjala.info\/2009-2015\/wp-content\/uploads\/2012\/02\/arben_cokaj-120x150.jpg","caption":"admin"},"description":"Admin, Fjala e Lir\u00eb","sameAs":["https:\/\/fjala.info\/"],"url":"https:\/\/fjala.info\/2009-2015\/author\/admin\/"}]}},"_links":{"self":[{"href":"https:\/\/fjala.info\/2009-2015\/wp-json\/wp\/v2\/posts\/6154","targetHints":{"allow":["GET"]}}],"collection":[{"href":"https:\/\/fjala.info\/2009-2015\/wp-json\/wp\/v2\/posts"}],"about":[{"href":"https:\/\/fjala.info\/2009-2015\/wp-json\/wp\/v2\/types\/post"}],"author":[{"embeddable":true,"href":"https:\/\/fjala.info\/2009-2015\/wp-json\/wp\/v2\/users\/1"}],"replies":[{"embeddable":true,"href":"https:\/\/fjala.info\/2009-2015\/wp-json\/wp\/v2\/comments?post=6154"}],"version-history":[{"count":0,"href":"https:\/\/fjala.info\/2009-2015\/wp-json\/wp\/v2\/posts\/6154\/revisions"}],"wp:attachment":[{"href":"https:\/\/fjala.info\/2009-2015\/wp-json\/wp\/v2\/media?parent=6154"}],"wp:term":[{"taxonomy":"category","embeddable":true,"href":"https:\/\/fjala.info\/2009-2015\/wp-json\/wp\/v2\/categories?post=6154"},{"taxonomy":"post_tag","embeddable":true,"href":"https:\/\/fjala.info\/2009-2015\/wp-json\/wp\/v2\/tags?post=6154"}],"curies":[{"name":"wp","href":"https:\/\/api.w.org\/{rel}","templated":true}]}}