{"id":6144,"date":"2011-02-04T11:33:00","date_gmt":"2011-02-04T10:33:00","guid":{"rendered":"http:\/\/fjala.shkoder.net\/?p=6144"},"modified":"2011-02-04T11:33:00","modified_gmt":"2011-02-04T10:33:00","slug":"e-kote-ai-nuk-din-ndryshe","status":"publish","type":"post","link":"https:\/\/fjala.info\/2009-2015\/e-kote-ai-nuk-din-ndryshe\/","title":{"rendered":"E kot\u00eb. Ai nuk din ndryshe&#8230;"},"content":{"rendered":"<p><img loading=\"lazy\" decoding=\"async\" class=\"alignright size-full wp-image-4127\" title=\"Naser Aliu\" src=\"http:\/\/fjala.shkoder.net\/wp-content\/uploads\/2010\/10\/naser_aliu.jpg\" alt=\"\" width=\"150\" height=\"112\" \/><br \/>\n<strong>Naser Aliu<\/strong>, <em>03.02.2011<\/em><\/p>\n<p>Allalla o Saleh allalla!<\/p>\n<p>N\u00eb kryeqytetin e Jemenit, diktatori arsyeton vrasjen e njer\u00ebzve t\u00eb vet, sepse me ato vrasje mbrohet karrigia e despotit. N\u00eb kryeqytetin e Egjiptit Mubarak p\u00ebrligj vrasjen e qindra njer\u00ebzve dhe l\u00ebndimin e mij\u00ebra vetave, sepse ato vrasje ishin t\u00eb mira dhe i sh\u00ebrbenin ruajtjes s\u00eb pozit\u00ebs.<\/p>\n<p>N\u00eb kryeqytetin shqiptar arsyetohen vrasjet. Ato ishin t\u00eb mira p\u00ebr ta mbrojtur demokracin\u00eb. Shp\u00ebrblehen vras\u00ebsit, dekorohen dhe u rriten rrogat. Tre vende, dy kontinente, tre rende shoq\u00ebrore, nj\u00eb justifikim! Nj\u00eb diagnoz\u00eb: Autokraci, kleptokraci, idiokraci, despotiz\u00ebm!<\/p>\n<p>Despot\u00ebt q\u00eb k\u00ebtyre dit\u00ebve zem\u00ebrojn\u00eb popullin jan\u00eb: Jemen, Ali Abdullah Saleh 32 vjet n\u00eb pushtet. Protestat i organizon opozita, ai ishte duke p\u00ebrgatitur djalin p\u00ebr t&#8217; ia falur shtetin dhe pushtetin si dhurat\u00eb, Egjipt: Husni Mubarak 30 vjet n\u00eb pushtet, protestat i organizon opozita. Ai \u00ebsht\u00eb duke st\u00ebrvitur djalin p\u00ebr t&#8217; ia dor\u00ebzuar shtetin, Shqip\u00ebri: Saleh Ram Berisha mbi 20 vite dominon sken\u00ebn politike shqiptare dhe si &#8220;nj\u00eb njeri parti&#8221;, nuk largohet pa termet nacional, si edhe siv\u00ebllez\u00ebrit e tij t\u00eb Konferenc\u00ebs. Edhe ky e ka nd\u00ebrmend t\u00eb sundoj\u00eb, jo qeveris\u00eb, nja tridhjet\u00eb vjet. Nuk \u00ebsht\u00eb duke st\u00ebrvitur njeri p\u00ebr t&#8217; i dor\u00ebzuar si dhurat\u00eb shtetin dhe prognoza \u00ebsht\u00eb kjo: Partia Demokratike pas despotit do t\u00eb cop\u00ebtohet n\u00eb shum\u00eb fragmente, si LDK-ja n\u00eb Kosov\u00eb. Nj\u00ebri nga dy Salehet mendon se \u00ebsht\u00eb demokrat, \u00ebsht\u00eb an\u00ebtar i NATO-s dhe d\u00ebshiron t&#8217; i bashk\u00ebngjitet BE, mir\u00ebpo flet, gjykon, p\u00ebrligj dhe vret si dy koleg\u00eb e Afrik\u00ebs veriore. Allalla o Saleh allalla!<\/p>\n<p>N\u00eb kryeqytetin shqiptar nuk p\u00ebrmenden t\u00eb vrar\u00ebt fare nga Kryeministri, por jetohet n\u00eb panik se grusht shteti po b\u00ebhet sepse demonstruesit kishin ngritur grushtet n\u00eb aj\u00ebr edhe at\u00eb drejt Kryeministrit. N\u00ebse ngrit shuplak\u00ebn drejt Kryeministris\u00eb, at\u00ebher\u00eb quhet shuplak\u00eb shtet. N\u00ebse ngrit k\u00ebmb\u00ebn, at\u00ebher\u00eb quhet shqelm shtet dhe t\u00eb gjitha k\u00ebto s\u00eb bashku, pra grushti, shuplaka dhe shqelmi n\u00eb Partin\u00eb Demokratike quhen: PU\u00c7! N\u00eb terapin\u00eb psikiatrike quhet: Paranoj\u00eb! Pacienti ndjehet i p\u00ebrndjekur, n\u00eb rrezik dhe shum\u00eb i k\u00ebrc\u00ebnuar&#8230;<\/p>\n<p>Kryeministrit u zu nga profesor Myslim Pasha duke i shitur detin shqiptar Greqis\u00eb. Shitjen e ndaloi Gjykata Kushtetuese. Ky synim do t\u00eb kishte mjaftuar ta rr\u00ebzonte nj\u00eb politikan kudo n\u00eb Europ\u00eb, te ne jo, madje nga ithtar\u00ebt e tij konsiderohet akt patriotik!<\/p>\n<p>N\u00eb Shqip\u00ebri tri familje jan\u00eb n\u00eb zi dhe qajn\u00eb p\u00ebr t\u00eb dashurit e tyre. Kryeministri i tyre shfaqet n\u00eb televizor me gjeneral e pa ta dhe shan kryeprokuroren, kryetarin e shtetit dhe tregon veten si viktim\u00eb permanente: ai din\u00eb p\u00ebr st\u00ebrvitjet e pu\u00e7ist\u00ebve, p\u00ebr armatimin e tyre, p\u00ebr \u00e7ka nuk dinte gj\u00eb policia e tij, as kryeprokurorja, por i din kryeprokurori q\u00eb \u00ebsht\u00eb edhe Kryeminist\u00ebr.<\/p>\n<p>Tani mund t\u00eb pritet ndryshimi i ligjit dhe t\u00eb ndalohen stilolapsat n\u00eb xhepat e shqiptar\u00ebve sepse ka rrezik se me to t\u00eb behet pu\u00e7. Duhet ndaluar edhe shtr\u00ebngimin e grushtit, sepse t\u00eb traumatizuarit mund t&#8217; i shkaktoj\u00eb d\u00ebme post traumatike. Allalla o Saleh allalla!<\/p>\n<p>Si n\u00eb Tunizi, si n\u00eb Jemen, si n\u00eb Egjipt, po ashtu edhe n\u00eb Shqip\u00ebri vrasja e qytetar\u00ebve konsiderohet e domosdoshme p\u00ebr ruajtjen e status quos. Si n\u00eb Tunizi, Jemen, Egjipt e Shqip\u00ebri, vrasja e qytetar\u00ebve t\u00eb vet konsiderohet mas\u00eb preventive dhe shum\u00eb e p\u00eblqyeshme.<\/p>\n<p>Si n\u00eb Tunizi, si n\u00eb Jemen, si n\u00eb Egjipt, po ashtu edhe n\u00eb Shqip\u00ebri ka njer\u00ebz q\u00eb mbrojn\u00eb interesat e veta, duke mbrojtur despotin: lidhjet fisnore horizontale dhe vertikale. Privilegjet e tyre.<\/p>\n<p>N\u00eb ato vende t\u00eb Afrik\u00ebs prokuroria nuk mund t\u00eb b\u00ebj\u00eb hetime kund\u00ebr Qeveris\u00eb, sepse despoti i ka falur pozit\u00ebn dhe ajo duhet t\u00eb tregohet mir\u00ebnjoh\u00ebse pik\u00ebrisht kur despoti vret popullin, ndryshe mund t\u00eb pezullohet prokuroria dhe me hetime t\u00eb merret Parlamenti: si n\u00eb Shqip\u00ebri p\u00ebr shembull. Dhe, natyrisht komisioni hetimor nga partia n\u00eb pushtet do t&#8217; i p\u00ebrfundoj\u00eb hetimet duke rip\u00ebrs\u00ebritur dhe kopjuar fjal\u00ebt e kryeministrit, sepse ai \u00ebsht\u00eb organ q\u00eb ngrit akuza dhe q\u00eb merr vendime. Sepse ai \u00ebsht\u00eb organ i akuz\u00ebs dhe gjykat\u00ebs nj\u00ebkoh\u00ebsisht. D\u00ebshmi tjera nuk lejohen. Kjo \u00ebsht\u00eb demokracia q\u00eb njeh dhe kupton Salehu jon\u00eb.<\/p>\n<p>Para dy muajve Westerwelle lavd\u00ebroi Mubarakun p\u00ebr men\u00e7uri t\u00eb madhe, tani e kritikon. \u00c7ka na m\u00ebson kjo? Per\u00ebndimi shikon interesat e veta dhe i duhen tregje t\u00eb qeta dhe gjithmon\u00eb mb\u00ebshtesin at\u00eb q\u00eb ka timonin n\u00eb dor\u00eb dhe at\u00eb q\u00eb posedon forc\u00ebn reale: ushtrin\u00eb dhe policin\u00eb. Sapo ta shohin se populli mund ta marr\u00eb pushtetin, at\u00ebher\u00eb despot\u00ebve u b\u00ebjn\u00eb t\u00eb ditur se nuk pajtohen me vrasje dhe se duhet respektuar t\u00eb drejtat dhe lirit\u00eb njeriut. Thua se deri dje ishin respektuar ato! Ky \u00ebsht\u00eb Per\u00ebndimi. Ka frik\u00eb nga humbja e tregjeve dhe ka frik\u00eb nga v\u00ebrshimi i refugjat\u00ebve, prandaj Westerwelle para dy muajve e quajti Mubarakun &#8221; t\u00eb urt\u00eb dhe vizionar&#8221;, sot ia t\u00ebrheq v\u00ebrejtjen!<\/p>\n<p>K\u00ebshtu do t\u00eb sillen edhe me Salehun ton\u00eb. Si n\u00eb Egjipt, ashtu edhe n\u00eb Shqip\u00ebri nuk i kan\u00eb fajet vras\u00ebsit, por t\u00eb vdekurit jan\u00eb fajtor\u00eb pse vdiq\u00ebn nga plumbat e qeveris\u00eb.<\/p>\n<p>Salehu jon\u00eb, jo prokuroria, na njoftoi se opozita kishte arm\u00eb t\u00eb sofistikuara, n\u00eb mes tyre edhe revole inteligjente, me plumb t\u00eb men\u00e7ur. Ato funksionojn\u00eb k\u00ebshtu: plumbi niset drejt Kryeministris\u00eb dhe gjat\u00eb flurudh\u00ebs i bie nd\u00ebrmend t\u00eb kthehet dhe diku pas 50 metrave ndryshon drejtimin dhe kthehet dhe vret protestues. Me nj\u00eb q\u00ebllim. P\u00ebr ta diskredituar qeverin\u00eb m\u00eb demokratike n\u00eb Tok\u00eb!<\/p>\n<p>T&#8217; i l\u00ebm\u00eb anash vendet afrikane dhe t&#8217; i kthehemi Shqip\u00ebris\u00eb. Si do t\u00eb kishte reaguar Enver Hoxha n\u00ebse protestohej para selis\u00eb s\u00eb tij? Si Salehu! Ja, p\u00ebraf\u00ebrsisht k\u00ebshtu do t\u00eb kishte ligj\u00ebruar: &#8220;armiqt\u00eb e popullit t\u00eb p\u00ebrkrahur dhe armatosur nga revizionist\u00eb jugosllav, CIA, KGB, UDB-a dhe imperialist\u00ebt, desh\u00ebn ta rr\u00ebzojn\u00eb pushtetin e klas\u00ebs pun\u00ebtore dhe ta marrin me dhun\u00eb. Populli vigjilent din t\u00eb p\u00ebrgjigjet dhe i vrau disa prej tyre duke u dh\u00ebn\u00eb m\u00ebsimin se si mbrohet pushteti i popullit nga reaksionar\u00ebt, revizionist\u00ebt dhe imperialist\u00ebt. Sapo i telefonova Ministrit t\u00eb Pun\u00ebve t\u00eb Brendshmet dhe ai do t\u00eb njoftoj\u00eb p\u00ebr armatimin e tyre dhe vendet ku ishin st\u00ebrvitur p\u00ebr ta kryer pu\u00e7in. I kemi dokumentet! Kur t\u00eb shkoj\u00eb policia tek ta, sigurisht do t\u00eb ken\u00eb b\u00ebr\u00eb vet\u00ebvrasje. P\u00ebr k\u00ebt\u00eb nuk ka dyshime! Sot do t\u00eb mblidhet Komiteti Qendror sepse kemi prova se dy spiun kan\u00eb bashk\u00ebpunuar me pu\u00e7ist\u00ebt! Si presidenti p\u00ebr shembull dhe prokurorja e p\u00ebrgjithshme! Allalla o Saleh, allalla&#8230;<\/p>\n<p>Nga Salehu jon\u00eb t\u00eb k\u00ebrkohet t\u00eb mendohet ndryshe, \u00ebsht\u00eb gabim. E kot\u00eb. Ai nuk din ndryshe. Ashtu u m\u00ebsua, at\u00eb shkoll\u00eb mban dhe do t\u00eb vras\u00eb si Enveri p\u00ebr pushtet apo si siv\u00ebllez\u00ebrit e tij n\u00eb Afrik\u00eb. Zakonisht vrasjet q\u00eb nuk zbardhen kurr\u00eb, b\u00ebhen nga profesionist\u00eb, sepse ka interesat e veta nj\u00eb patriark! K\u00ebtu mund t\u00eb kuptohet se kush p\u00ebrfitonte nga vrasja e Azem Hajdarit.<\/p>\n<p>Mir\u00ebpo, pse ndodh\u00ebn k\u00ebto vrasje n\u00eb fakt? K\u00ebto vrasje u kryen p\u00ebr ta hedhur n\u00eb harres\u00eb krimin e kapos Ilir Meta dhe tani n\u00eb vend se t\u00eb zbardhej kriminaliteti i organizuar, kemi detyra tjera m\u00eb urgjente dhe do t\u00eb ket\u00eb mjaft koh\u00eb p\u00ebr t\u00eb shlyer gjurm\u00ebt q\u00eb inkriminojn\u00eb bosin!<\/p>\n<p>P\u00ebr ta kuptuar vitin ku gjendemi ne sot dhe shekullin, at\u00ebher\u00eb ju lutem lexoni Nolin: Marshi i Barabbajt&#8230;<\/p>\n","protected":false},"excerpt":{"rendered":"<p>Naser Aliu, 03.02.2011 Allalla o Saleh allalla! N\u00eb kryeqytetin e Jemenit, diktatori arsyeton vrasjen e njer\u00ebzve t\u00eb vet, sepse me ato vrasje mbrohet karrigia e despotit. N\u00eb kryeqytetin e Egjiptit Mubarak p\u00ebrligj vrasjen e qindra njer\u00ebzve dhe l\u00ebndimin e mij\u00ebra vetave, sepse ato vrasje ishin t\u00eb mira dhe i sh\u00ebrbenin ruajtjes s\u00eb pozit\u00ebs. N\u00eb kryeqytetin [&hellip;]<\/p>\n","protected":false},"author":1,"featured_media":0,"comment_status":"open","ping_status":"closed","sticky":false,"template":"","format":"standard","meta":{"footnotes":""},"categories":[2],"tags":[],"class_list":{"0":"post-6144","1":"post","2":"type-post","3":"status-publish","4":"format-standard","6":"category-artikuj"},"yoast_head":"<!-- This site is optimized with the Yoast SEO plugin v27.4 - https:\/\/yoast.com\/product\/yoast-seo-wordpress\/ -->\n<title>E kot\u00eb. Ai nuk din ndryshe... - FjALA e LIR\u00cb - Arkivi<\/title>\n<meta name=\"robots\" content=\"index, follow, max-snippet:-1, max-image-preview:large, max-video-preview:-1\" \/>\n<link rel=\"canonical\" href=\"https:\/\/fjala.info\/2009-2015\/e-kote-ai-nuk-din-ndryshe\/\" \/>\n<meta property=\"og:locale\" content=\"sq_AL\" \/>\n<meta property=\"og:type\" content=\"article\" \/>\n<meta property=\"og:title\" content=\"E kot\u00eb. Ai nuk din ndryshe... - FjALA e LIR\u00cb - Arkivi\" \/>\n<meta property=\"og:description\" content=\"Naser Aliu, 03.02.2011 Allalla o Saleh allalla! N\u00eb kryeqytetin e Jemenit, diktatori arsyeton vrasjen e njer\u00ebzve t\u00eb vet, sepse me ato vrasje mbrohet karrigia e despotit. N\u00eb kryeqytetin e Egjiptit Mubarak p\u00ebrligj vrasjen e qindra njer\u00ebzve dhe l\u00ebndimin e mij\u00ebra vetave, sepse ato vrasje ishin t\u00eb mira dhe i sh\u00ebrbenin ruajtjes s\u00eb pozit\u00ebs. N\u00eb kryeqytetin [&hellip;]\" \/>\n<meta property=\"og:url\" content=\"https:\/\/fjala.info\/2009-2015\/e-kote-ai-nuk-din-ndryshe\/\" \/>\n<meta property=\"og:site_name\" content=\"FjALA e LIR\u00cb - Arkivi\" \/>\n<meta property=\"article:published_time\" content=\"2011-02-04T10:33:00+00:00\" \/>\n<meta property=\"og:image\" content=\"http:\/\/fjala.shkoder.net\/wp-content\/uploads\/2010\/10\/naser_aliu.jpg\" \/>\n<meta name=\"author\" content=\"admin\" \/>\n<meta name=\"twitter:card\" content=\"summary_large_image\" \/>\n<meta name=\"twitter:label1\" content=\"Written by\" \/>\n\t<meta name=\"twitter:data1\" content=\"admin\" \/>\n\t<meta name=\"twitter:label2\" content=\"Est. reading time\" \/>\n\t<meta name=\"twitter:data2\" content=\"7 minutes\" \/>\n<script type=\"application\/ld+json\" class=\"yoast-schema-graph\">{\"@context\":\"https:\\\/\\\/schema.org\",\"@graph\":[{\"@type\":\"Article\",\"@id\":\"https:\\\/\\\/fjala.info\\\/2009-2015\\\/e-kote-ai-nuk-din-ndryshe\\\/#article\",\"isPartOf\":{\"@id\":\"https:\\\/\\\/fjala.info\\\/2009-2015\\\/e-kote-ai-nuk-din-ndryshe\\\/\"},\"author\":{\"name\":\"admin\",\"@id\":\"https:\\\/\\\/fjala.info\\\/2009-2015\\\/#\\\/schema\\\/person\\\/3aa1163ef05469c496fc94e77611ada2\"},\"headline\":\"E kot\u00eb. Ai nuk din ndryshe&#8230;\",\"datePublished\":\"2011-02-04T10:33:00+00:00\",\"mainEntityOfPage\":{\"@id\":\"https:\\\/\\\/fjala.info\\\/2009-2015\\\/e-kote-ai-nuk-din-ndryshe\\\/\"},\"wordCount\":1315,\"commentCount\":0,\"publisher\":{\"@id\":\"https:\\\/\\\/fjala.info\\\/2009-2015\\\/#organization\"},\"image\":{\"@id\":\"https:\\\/\\\/fjala.info\\\/2009-2015\\\/e-kote-ai-nuk-din-ndryshe\\\/#primaryimage\"},\"thumbnailUrl\":\"http:\\\/\\\/fjala.shkoder.net\\\/wp-content\\\/uploads\\\/2010\\\/10\\\/naser_aliu.jpg\",\"articleSection\":[\"Artikuj\"],\"inLanguage\":\"sq-AL\",\"potentialAction\":[{\"@type\":\"CommentAction\",\"name\":\"Comment\",\"target\":[\"https:\\\/\\\/fjala.info\\\/2009-2015\\\/e-kote-ai-nuk-din-ndryshe\\\/#respond\"]}]},{\"@type\":\"WebPage\",\"@id\":\"https:\\\/\\\/fjala.info\\\/2009-2015\\\/e-kote-ai-nuk-din-ndryshe\\\/\",\"url\":\"https:\\\/\\\/fjala.info\\\/2009-2015\\\/e-kote-ai-nuk-din-ndryshe\\\/\",\"name\":\"E kot\u00eb. Ai nuk din ndryshe... - FjALA e LIR\u00cb - Arkivi\",\"isPartOf\":{\"@id\":\"https:\\\/\\\/fjala.info\\\/2009-2015\\\/#website\"},\"primaryImageOfPage\":{\"@id\":\"https:\\\/\\\/fjala.info\\\/2009-2015\\\/e-kote-ai-nuk-din-ndryshe\\\/#primaryimage\"},\"image\":{\"@id\":\"https:\\\/\\\/fjala.info\\\/2009-2015\\\/e-kote-ai-nuk-din-ndryshe\\\/#primaryimage\"},\"thumbnailUrl\":\"http:\\\/\\\/fjala.shkoder.net\\\/wp-content\\\/uploads\\\/2010\\\/10\\\/naser_aliu.jpg\",\"datePublished\":\"2011-02-04T10:33:00+00:00\",\"breadcrumb\":{\"@id\":\"https:\\\/\\\/fjala.info\\\/2009-2015\\\/e-kote-ai-nuk-din-ndryshe\\\/#breadcrumb\"},\"inLanguage\":\"sq-AL\",\"potentialAction\":[{\"@type\":\"ReadAction\",\"target\":[\"https:\\\/\\\/fjala.info\\\/2009-2015\\\/e-kote-ai-nuk-din-ndryshe\\\/\"]}]},{\"@type\":\"ImageObject\",\"inLanguage\":\"sq-AL\",\"@id\":\"https:\\\/\\\/fjala.info\\\/2009-2015\\\/e-kote-ai-nuk-din-ndryshe\\\/#primaryimage\",\"url\":\"http:\\\/\\\/fjala.shkoder.net\\\/wp-content\\\/uploads\\\/2010\\\/10\\\/naser_aliu.jpg\",\"contentUrl\":\"http:\\\/\\\/fjala.shkoder.net\\\/wp-content\\\/uploads\\\/2010\\\/10\\\/naser_aliu.jpg\"},{\"@type\":\"BreadcrumbList\",\"@id\":\"https:\\\/\\\/fjala.info\\\/2009-2015\\\/e-kote-ai-nuk-din-ndryshe\\\/#breadcrumb\",\"itemListElement\":[{\"@type\":\"ListItem\",\"position\":1,\"name\":\"Home\",\"item\":\"https:\\\/\\\/fjala.info\\\/2009-2015\\\/\"},{\"@type\":\"ListItem\",\"position\":2,\"name\":\"E kot\u00eb. Ai nuk din ndryshe&#8230;\"}]},{\"@type\":\"WebSite\",\"@id\":\"https:\\\/\\\/fjala.info\\\/2009-2015\\\/#website\",\"url\":\"https:\\\/\\\/fjala.info\\\/2009-2015\\\/\",\"name\":\"FjALA e LIR\u00cb - Arkivi\",\"description\":\"Arkivi 2009-2015\",\"publisher\":{\"@id\":\"https:\\\/\\\/fjala.info\\\/2009-2015\\\/#organization\"},\"potentialAction\":[{\"@type\":\"SearchAction\",\"target\":{\"@type\":\"EntryPoint\",\"urlTemplate\":\"https:\\\/\\\/fjala.info\\\/2009-2015\\\/?s={search_term_string}\"},\"query-input\":{\"@type\":\"PropertyValueSpecification\",\"valueRequired\":true,\"valueName\":\"search_term_string\"}}],\"inLanguage\":\"sq-AL\"},{\"@type\":\"Organization\",\"@id\":\"https:\\\/\\\/fjala.info\\\/2009-2015\\\/#organization\",\"name\":\"FjALA e LIR\u00cb - Arkivi\",\"url\":\"https:\\\/\\\/fjala.info\\\/2009-2015\\\/\",\"logo\":{\"@type\":\"ImageObject\",\"inLanguage\":\"sq-AL\",\"@id\":\"https:\\\/\\\/fjala.info\\\/2009-2015\\\/#\\\/schema\\\/logo\\\/image\\\/\",\"url\":\"\",\"contentUrl\":\"\",\"caption\":\"FjALA e LIR\u00cb - Arkivi\"},\"image\":{\"@id\":\"https:\\\/\\\/fjala.info\\\/2009-2015\\\/#\\\/schema\\\/logo\\\/image\\\/\"}},{\"@type\":\"Person\",\"@id\":\"https:\\\/\\\/fjala.info\\\/2009-2015\\\/#\\\/schema\\\/person\\\/3aa1163ef05469c496fc94e77611ada2\",\"name\":\"admin\",\"image\":{\"@type\":\"ImageObject\",\"inLanguage\":\"sq-AL\",\"@id\":\"https:\\\/\\\/fjala.info\\\/2009-2015\\\/wp-content\\\/uploads\\\/2012\\\/02\\\/arben_cokaj-120x150.jpg\",\"url\":\"https:\\\/\\\/fjala.info\\\/2009-2015\\\/wp-content\\\/uploads\\\/2012\\\/02\\\/arben_cokaj-120x150.jpg\",\"contentUrl\":\"https:\\\/\\\/fjala.info\\\/2009-2015\\\/wp-content\\\/uploads\\\/2012\\\/02\\\/arben_cokaj-120x150.jpg\",\"caption\":\"admin\"},\"description\":\"Admin, Fjala e Lir\u00eb\",\"sameAs\":[\"https:\\\/\\\/fjala.info\\\/\"],\"url\":\"https:\\\/\\\/fjala.info\\\/2009-2015\\\/author\\\/admin\\\/\"}]}<\/script>\n<!-- \/ Yoast SEO plugin. -->","yoast_head_json":{"title":"E kot\u00eb. Ai nuk din ndryshe... - FjALA e LIR\u00cb - Arkivi","robots":{"index":"index","follow":"follow","max-snippet":"max-snippet:-1","max-image-preview":"max-image-preview:large","max-video-preview":"max-video-preview:-1"},"canonical":"https:\/\/fjala.info\/2009-2015\/e-kote-ai-nuk-din-ndryshe\/","og_locale":"sq_AL","og_type":"article","og_title":"E kot\u00eb. Ai nuk din ndryshe... - FjALA e LIR\u00cb - Arkivi","og_description":"Naser Aliu, 03.02.2011 Allalla o Saleh allalla! N\u00eb kryeqytetin e Jemenit, diktatori arsyeton vrasjen e njer\u00ebzve t\u00eb vet, sepse me ato vrasje mbrohet karrigia e despotit. N\u00eb kryeqytetin e Egjiptit Mubarak p\u00ebrligj vrasjen e qindra njer\u00ebzve dhe l\u00ebndimin e mij\u00ebra vetave, sepse ato vrasje ishin t\u00eb mira dhe i sh\u00ebrbenin ruajtjes s\u00eb pozit\u00ebs. N\u00eb kryeqytetin [&hellip;]","og_url":"https:\/\/fjala.info\/2009-2015\/e-kote-ai-nuk-din-ndryshe\/","og_site_name":"FjALA e LIR\u00cb - Arkivi","article_published_time":"2011-02-04T10:33:00+00:00","og_image":[{"url":"http:\/\/fjala.shkoder.net\/wp-content\/uploads\/2010\/10\/naser_aliu.jpg","type":"","width":"","height":""}],"author":"admin","twitter_card":"summary_large_image","twitter_misc":{"Written by":"admin","Est. reading time":"7 minutes"},"schema":{"@context":"https:\/\/schema.org","@graph":[{"@type":"Article","@id":"https:\/\/fjala.info\/2009-2015\/e-kote-ai-nuk-din-ndryshe\/#article","isPartOf":{"@id":"https:\/\/fjala.info\/2009-2015\/e-kote-ai-nuk-din-ndryshe\/"},"author":{"name":"admin","@id":"https:\/\/fjala.info\/2009-2015\/#\/schema\/person\/3aa1163ef05469c496fc94e77611ada2"},"headline":"E kot\u00eb. Ai nuk din ndryshe&#8230;","datePublished":"2011-02-04T10:33:00+00:00","mainEntityOfPage":{"@id":"https:\/\/fjala.info\/2009-2015\/e-kote-ai-nuk-din-ndryshe\/"},"wordCount":1315,"commentCount":0,"publisher":{"@id":"https:\/\/fjala.info\/2009-2015\/#organization"},"image":{"@id":"https:\/\/fjala.info\/2009-2015\/e-kote-ai-nuk-din-ndryshe\/#primaryimage"},"thumbnailUrl":"http:\/\/fjala.shkoder.net\/wp-content\/uploads\/2010\/10\/naser_aliu.jpg","articleSection":["Artikuj"],"inLanguage":"sq-AL","potentialAction":[{"@type":"CommentAction","name":"Comment","target":["https:\/\/fjala.info\/2009-2015\/e-kote-ai-nuk-din-ndryshe\/#respond"]}]},{"@type":"WebPage","@id":"https:\/\/fjala.info\/2009-2015\/e-kote-ai-nuk-din-ndryshe\/","url":"https:\/\/fjala.info\/2009-2015\/e-kote-ai-nuk-din-ndryshe\/","name":"E kot\u00eb. Ai nuk din ndryshe... - FjALA e LIR\u00cb - Arkivi","isPartOf":{"@id":"https:\/\/fjala.info\/2009-2015\/#website"},"primaryImageOfPage":{"@id":"https:\/\/fjala.info\/2009-2015\/e-kote-ai-nuk-din-ndryshe\/#primaryimage"},"image":{"@id":"https:\/\/fjala.info\/2009-2015\/e-kote-ai-nuk-din-ndryshe\/#primaryimage"},"thumbnailUrl":"http:\/\/fjala.shkoder.net\/wp-content\/uploads\/2010\/10\/naser_aliu.jpg","datePublished":"2011-02-04T10:33:00+00:00","breadcrumb":{"@id":"https:\/\/fjala.info\/2009-2015\/e-kote-ai-nuk-din-ndryshe\/#breadcrumb"},"inLanguage":"sq-AL","potentialAction":[{"@type":"ReadAction","target":["https:\/\/fjala.info\/2009-2015\/e-kote-ai-nuk-din-ndryshe\/"]}]},{"@type":"ImageObject","inLanguage":"sq-AL","@id":"https:\/\/fjala.info\/2009-2015\/e-kote-ai-nuk-din-ndryshe\/#primaryimage","url":"http:\/\/fjala.shkoder.net\/wp-content\/uploads\/2010\/10\/naser_aliu.jpg","contentUrl":"http:\/\/fjala.shkoder.net\/wp-content\/uploads\/2010\/10\/naser_aliu.jpg"},{"@type":"BreadcrumbList","@id":"https:\/\/fjala.info\/2009-2015\/e-kote-ai-nuk-din-ndryshe\/#breadcrumb","itemListElement":[{"@type":"ListItem","position":1,"name":"Home","item":"https:\/\/fjala.info\/2009-2015\/"},{"@type":"ListItem","position":2,"name":"E kot\u00eb. Ai nuk din ndryshe&#8230;"}]},{"@type":"WebSite","@id":"https:\/\/fjala.info\/2009-2015\/#website","url":"https:\/\/fjala.info\/2009-2015\/","name":"FjALA e LIR\u00cb - Arkivi","description":"Arkivi 2009-2015","publisher":{"@id":"https:\/\/fjala.info\/2009-2015\/#organization"},"potentialAction":[{"@type":"SearchAction","target":{"@type":"EntryPoint","urlTemplate":"https:\/\/fjala.info\/2009-2015\/?s={search_term_string}"},"query-input":{"@type":"PropertyValueSpecification","valueRequired":true,"valueName":"search_term_string"}}],"inLanguage":"sq-AL"},{"@type":"Organization","@id":"https:\/\/fjala.info\/2009-2015\/#organization","name":"FjALA e LIR\u00cb - Arkivi","url":"https:\/\/fjala.info\/2009-2015\/","logo":{"@type":"ImageObject","inLanguage":"sq-AL","@id":"https:\/\/fjala.info\/2009-2015\/#\/schema\/logo\/image\/","url":"","contentUrl":"","caption":"FjALA e LIR\u00cb - Arkivi"},"image":{"@id":"https:\/\/fjala.info\/2009-2015\/#\/schema\/logo\/image\/"}},{"@type":"Person","@id":"https:\/\/fjala.info\/2009-2015\/#\/schema\/person\/3aa1163ef05469c496fc94e77611ada2","name":"admin","image":{"@type":"ImageObject","inLanguage":"sq-AL","@id":"https:\/\/fjala.info\/2009-2015\/wp-content\/uploads\/2012\/02\/arben_cokaj-120x150.jpg","url":"https:\/\/fjala.info\/2009-2015\/wp-content\/uploads\/2012\/02\/arben_cokaj-120x150.jpg","contentUrl":"https:\/\/fjala.info\/2009-2015\/wp-content\/uploads\/2012\/02\/arben_cokaj-120x150.jpg","caption":"admin"},"description":"Admin, Fjala e Lir\u00eb","sameAs":["https:\/\/fjala.info\/"],"url":"https:\/\/fjala.info\/2009-2015\/author\/admin\/"}]}},"_links":{"self":[{"href":"https:\/\/fjala.info\/2009-2015\/wp-json\/wp\/v2\/posts\/6144","targetHints":{"allow":["GET"]}}],"collection":[{"href":"https:\/\/fjala.info\/2009-2015\/wp-json\/wp\/v2\/posts"}],"about":[{"href":"https:\/\/fjala.info\/2009-2015\/wp-json\/wp\/v2\/types\/post"}],"author":[{"embeddable":true,"href":"https:\/\/fjala.info\/2009-2015\/wp-json\/wp\/v2\/users\/1"}],"replies":[{"embeddable":true,"href":"https:\/\/fjala.info\/2009-2015\/wp-json\/wp\/v2\/comments?post=6144"}],"version-history":[{"count":0,"href":"https:\/\/fjala.info\/2009-2015\/wp-json\/wp\/v2\/posts\/6144\/revisions"}],"wp:attachment":[{"href":"https:\/\/fjala.info\/2009-2015\/wp-json\/wp\/v2\/media?parent=6144"}],"wp:term":[{"taxonomy":"category","embeddable":true,"href":"https:\/\/fjala.info\/2009-2015\/wp-json\/wp\/v2\/categories?post=6144"},{"taxonomy":"post_tag","embeddable":true,"href":"https:\/\/fjala.info\/2009-2015\/wp-json\/wp\/v2\/tags?post=6144"}],"curies":[{"name":"wp","href":"https:\/\/api.w.org\/{rel}","templated":true}]}}