{"id":6135,"date":"2011-02-03T23:09:03","date_gmt":"2011-02-03T22:09:03","guid":{"rendered":"http:\/\/fjala.shkoder.net\/?p=6135"},"modified":"2011-02-03T23:09:03","modified_gmt":"2011-02-03T22:09:03","slug":"kalendari-tabu-zgjedhor-dhe-herezia-e-zgjedhjeve-te-parakoheshme","status":"publish","type":"post","link":"https:\/\/fjala.info\/2009-2015\/kalendari-tabu-zgjedhor-dhe-herezia-e-zgjedhjeve-te-parakoheshme\/","title":{"rendered":"Kalendari &#8216;tabu&#8217; zgjedhor dhe &#8216;herezia&#8217; e zgjedhjeve t\u00eb parakoh\u00ebshme!"},"content":{"rendered":"<p><strong>Artan Xh. Duka<\/strong>, <em>03.02.2011<\/em><\/p>\n<p><strong>&#8216;Vaksin\u00eb&#8217; dhe &#8216;serum&#8217; demokratik!<\/strong><\/p>\n<p>Mes opinioneve q\u00eb vijn\u00eb nga per\u00ebndimi, syresh theksojn\u00eb respektimin e kalendarit zgjedhor dhe 2013 si vit zgjedhor. Sipas tyre kjo \u00ebsht\u00eb demokracia dhe opozit\u00ebs nuk i mbetet ve\u00e7se t\u00eb duroj\u00eb. Patetike nd\u00ebrsa injorohen konteksti konkret, durimi n\u00eb sprov\u00eb i elektoratit, performanca e qeverisjes dhe praktikisht zgjedhjet e parakoh\u00ebshme shpallen &#8216;herezi&#8217; demokratike nd\u00ebrkoh\u00eb q\u00eb jan\u00eb normalitet. Pritshm\u00ebria e elektoratit shqiptar prej per\u00ebndimit ndaj kriz\u00ebs politike, shkon p\u00ebrtej nxitjes p\u00ebr dialog, konsensus e respektim t\u00eb kalendarit zgjedhor, q\u00eb sa thelb\u00ebsore e parimore p\u00ebr stabilitetin demokratik e prevenuese p\u00ebr kriza potenciale, koha d\u00ebshmoi se mbeten z\u00eb n\u00eb shkret\u00ebtir\u00eb. Nj\u00eb shoq\u00ebrie t\u00eb &#8216;plagosur&#8217; n\u00eb shpres\u00ebn e inspirimin demokratik, m\u00eb tep\u00ebr se ligj\u00ebrime &#8216;luksi&#8217; rreth parimeve &#8216;vaksin\u00eb&#8217; i intereson &#8216;serumi&#8217; intensiv, i menj\u00ebhersh\u00ebm demokratik p\u00ebr t\u00eb rikthyer normalitetin e izoluar shkaqet q\u00eb e provokuan.<\/p>\n<p>Ky mjerim demokratik, reflektim i kapacitetit t\u00eb pamjaftuesh\u00ebm negocius e predispozicionit t\u00eb pak\u00ebt p\u00ebr konsensus p\u00ebr t\u00eb gjeneruar rezultate t\u00eb balancuara p\u00ebr pal\u00ebt por maksimalisten p\u00ebr shoq\u00ebrin\u00eb, \u00ebsht\u00eb shnd\u00ebrruar n\u00eb makth e tashm\u00eb nd\u00ebrsa po nd\u00ebrmjet\u00ebsohet p\u00ebr bisedime Kosov\u00eb &#8211; Serbi, po ravij\u00ebzohet dhe perspektiva e bisedimeve &#8216;Shqip\u00ebri &#8211; Shqip\u00ebri&#8217; (!). Nd\u00ebrsa emancipimi demokratik k\u00ebrkon koh\u00ebn e vet pas vakumit monist, barra i takon Per\u00ebndimit, drejtn t\u00eb cilit aspirojm\u00eb, q\u00eb t\u00eb vendos\u00eb piketa t\u00eb qarta n\u00eb rrug\u00ebn ton\u00eb dhe p\u00ebrmes politik\u00ebs korrekte t\u00eb &#8216;karrot\u00ebs dhe shkopit&#8217; t\u00eb sponsorizoj\u00eb prirjet e bart\u00ebsit e progresit demokratik e denoncoj\u00eb e marzhinalizoj\u00eb shkaktar\u00ebt e pengmarrjes s\u00eb parimeve demokratike, haptazi, qartazi e n\u00eb koh\u00ebn e duhur.<\/p>\n<p><strong>Kalendari zgjedhor &#8211; q\u00ebllim apo instrument?<\/strong><\/p>\n<p>Predikimi rreth respektimit t\u00eb kalendarit t\u00eb mbajtjes s\u00eb zgjedhjeve, p\u00ebrtej racionalitetit e d\u00ebshir\u00ebs s\u00eb mir\u00eb p\u00ebr statukuo qeveris\u00ebse, druaj se nuk mund t\u00eb jet\u00eb &#8216;serumi&#8217; i duhur p\u00ebr kontekstin aktual. Nd\u00ebrsa \u00ebsht\u00eb korrekte q\u00eb kalendari zgjedhor t\u00eb respektohet n\u00eb funksion t\u00eb stabilitetit t\u00eb qeverisjes p\u00ebr t\u00eb nd\u00ebrmarr\u00eb dhe performuar reformat n\u00eb dobi t\u00eb stabilitetit t\u00eb shoq\u00ebris\u00eb, ai presupozon p\u00ebrgjegj\u00ebsi dhe objektivitet qeverisjeje. Kjo n\u00ebnkupton transparenc\u00eb dhe sjellje europiane ndaj performanc\u00ebs duke d\u00ebshmuar burr\u00ebshtet\u00ebsi si n\u00eb rastin e mosmonopolizimit t\u00eb arritjeve me r\u00ebnd\u00ebsi komb\u00ebtare &#8211; pranimi n\u00eb NATO, liberalizimi i vizave, nd\u00ebrtimi i rrug\u00ebs s\u00eb Kombit me parat\u00eb e gjith\u00eb shqiptar\u00ebve, ashtu dhe n\u00eb rastin e &#8216;mosvarjes s\u00eb qyrkut&#8217; t\u00eb d\u00ebshtimit eskluzivisht opozit\u00ebs e karshill\u00ebkun ekstrem ndaj saj.<\/p>\n<p><strong>Pre\u00e7edenti &#8216;burr\u00ebshtet\u00ebsis\u00eb&#8217;<\/strong><\/p>\n<p>Sikurse \u00ebsht\u00eb mir\u00eb t\u00eb mos krijohet pre\u00e7edenti i zgjedhjeve t\u00eb parakoh\u00ebshme pa shkak thelb\u00ebsor, t\u00eb mos rishfaqet pre\u00e7edenti i protestave t\u00eb dhunshme ndaj institucioneve, t\u00eb mos krijohet pre\u00e7edent i dhun\u00ebs fatale ndaj protestuesve pa arm\u00eb, sikund\u00ebr \u00ebsht\u00eb mir\u00eb q\u00eb t\u00eb mos krijohet pre\u00e7edenti i akuzave reciproke mes pushteteve n\u00eb demokraci, t\u00eb krijohet pre\u00e7edenti i transparenc\u00ebs zgjedhore, \u00ebsht\u00eb po aq e r\u00ebnd\u00ebsishme t\u00eb krijohet pre\u00e7edenti i p\u00ebrgjegjshm\u00ebris\u00eb dhe burr\u00ebshtet\u00ebsis\u00eb n\u00eb qeverisjeje p\u00ebrmes transparenc\u00ebs s\u00eb performanc\u00ebs, p\u00ebrfshirjes s\u00eb opozit\u00ebs efektivisht n\u00eb hartimin e strategjive komb\u00ebtare, ndarjes realiste dhe objektive t\u00eb meritave e p\u00ebrgjegj\u00ebsive p\u00ebr p\u00ebrmbushjen e ambicieve drejt BE e deri &#8216;shlyerjen&#8217; e d\u00ebshtimit e implikimit n\u00eb praktika joetike qeverisjeje p\u00ebrmes institucioneve si dor\u00ebheqja individuale, distancim e rikompozim qeveritar, rrokad\u00eb kryeministrore apo dor\u00ebheqje qeveritare e shpallje zgjedhjesh t\u00eb hershme p\u00ebr efekt vot\u00ebbesimi n\u00eb elektorat.<\/p>\n<p><strong>Pika e &#8216;moskthimit&#8217; &#8211; realitet apo bllof?<\/strong><\/p>\n<p>N\u00eb kontekstin shqiptar, debati \u00ebsht\u00eb fokusuar n\u00ebse performanca e pushtetit \u00ebsht\u00eb ende br\u00ebnda normalitetit demokratik p\u00ebr t\u00eb vijuar me statukuon\u00eb kundrejt ritestimit n\u00eb elektorat. Pal\u00ebt akuzojn\u00eb nj\u00ebra-tjetr\u00ebn p\u00ebr tejkalim dhe abuzim me standartet demokratike dhe n\u00eb k\u00ebto kushte \u00ebsht\u00eb i domosdosh\u00ebm roli i t\u00eb tret\u00ebve duke patur n\u00eb konsiderat\u00eb shkaqet e kriterin e nj\u00eb zgjidhjeje q\u00eb favorizon interesin afatgjat\u00eb t\u00eb publikut.<\/p>\n<p>P\u00ebrtej arritjeve, p\u00ebr t\u00eb cilat mazhoranca ka b\u00ebr\u00eb detyr\u00ebn, ajo po koleksionon shum\u00eb &#8216;skelete n\u00eb dollapin&#8217; e saj politik duke filluar, sipas opozit\u00ebs e medias, me G\u00ebrdecin, financimin e rrug\u00ebs s\u00eb Kombit, kon\u00e7ensione larg transparenc\u00ebs, &#8216;Arka e shpuar e Noes&#8217; q\u00eb futi aq uj\u00eb n\u00eb Shkod\u00ebr, marr\u00ebveshje detare jokushtetuese, shkartisje t\u00eb prioriteteve t\u00eb zhvillimit, alergji absurde ndaj transparenc\u00ebs zgjedhore, tejkalim fatal i reagimit ndaj protestave t\u00eb dhunshme, interferenc\u00eb e intimidim t\u00eb pushteteve etj devijime nga standarti demokratik e programi elektoral p\u00ebr t\u00eb cilin u votbesua q\u00eb e b\u00ebjn\u00eb realist debatin p\u00ebr gjas\u00ebn e kalimit t\u00eb &#8216;pik\u00ebs s\u00eb moskthimit&#8217; p\u00ebrtej t\u00eb cil\u00ebs \u00ebsht\u00eb i domosdosh\u00ebm rikonfirmimi i vot\u00ebs popullore.<\/p>\n<p><strong>&#8216;Nyja Gordiane&#8217; dhe &#8216;herezia&#8217; e zgjedhjeve t\u00eb parakoh\u00ebshme<\/strong><\/p>\n<p>N\u00ebse nisemi nga paranteza se besimi reciprok mes pal\u00ebve \u00ebsht\u00eb inekzistent, se secila pretendon monopolin e s\u00eb vertet\u00ebs e flet n\u00eb em\u00ebr t\u00eb demokracis\u00eb e shtetit ligjor, n\u00eb kushtet kur ky debat ka p\u00ebrfshir\u00eb e ndar\u00eb deri-diku dhe faktorin nd\u00ebrkomb\u00ebtar, kur koha nuk pret m\u00eb p\u00ebr reforma t\u00eb m\u00ebdha n\u00eb interes t\u00eb t\u00eb gjith\u00ebve, k\u00ebt\u00eb &#8216;nyje gordiane&#8217; mund t\u00eb ndaj\u00eb vet\u00ebm nj\u00eb &#8216;shpat\u00eb&#8217;: zgjedhjet e parakoh\u00ebshme.<\/p>\n<p>Zgjedhjet e parakoh\u00ebshme, n\u00eb rastet kur performanca qeveris\u00ebse stonon me standartet normale demokratike e nuk shoq\u00ebrohet me katarsis n\u00eb koh\u00eb prej saj, nuk jan\u00eb m\u00eb &#8216;shkopi n\u00ebn rrot\u00eb&#8217; n\u00eb ecurin\u00eb e reformave por &#8216;karburanti&#8217; i domosdosh\u00ebm p\u00ebr p\u00ebrshpejtimin e tyre, &#8216;metri&#8217;<\/p>\n<p>q\u00eb rilexon sakt\u00eb dhe b\u00ebn efektive p\u00ebrpjekjet n\u00eb vijim. Ato jan\u00eb shprehje e sjelljes demokratike dhe respektimit me vepra t\u00eb interesave madhore t\u00eb shoq\u00ebris\u00eb p\u00ebrtej statukuos\u00eb s\u00eb interesave t\u00eb \u00e7astit t\u00eb politik\u00ebs.<\/p>\n<p><strong>Zgjedhjet e parakoh\u00ebshme &#8211; trofeu i takon t\u00eb gjith\u00ebve<\/strong><\/p>\n<p>Zgjedhjet e parakoh\u00ebshme jan\u00eb burr\u00ebshtet\u00ebsi e \u00e7do mazhorance q\u00eb i sfidon ato n\u00eb rradh\u00eb t\u00eb par\u00eb n\u00eb em\u00ebr t\u00eb vet\u00ebdijes demokratike dhe m\u00eb tej pragmatizmit t\u00eb kredos politike q\u00eb pason. N\u00ebse \u00ebsht\u00eb normale t\u00eb k\u00ebrkohen nga opozita, ato nuk d\u00ebshmojn\u00eb dob\u00ebsi politike t\u00eb mazhoranc\u00ebs por thirrje &#8216;xhent\u00eblmen\u00ebsh&#8217; ndaj opozit\u00ebs p\u00ebr &#8216;duel&#8217; demokratik. Kjo sjellje demokratike e rasti p\u00ebr t&#8217;a demonstruar at\u00eb \u00ebsht\u00eb nj\u00eb shans p\u00ebr mazhoranc\u00ebn. Duke lan\u00e7uar ato, p\u00ebrve\u00e7se hapet nj\u00eb kapitull i ri n\u00eb normalizimin e parametrave demokratik, ajo kreditohet me autor\u00ebsin\u00eb e k\u00ebtij pre\u00e7edenti solemn demokratik t\u00eb p\u00ebrgjegjshm\u00ebris\u00eb politike n\u00eb ballafaqimet e rradh\u00ebs elektorale.<\/p>\n<p>N\u00eb pritje t\u00eb reagimit t\u00eb mazhoranc\u00ebs, opozita \u00ebsht\u00eb n\u00eb misionin e saj kushtetues p\u00ebr t\u00eb k\u00ebrkuar dhe insistuar n\u00eb standarte demokratike sjelljeje prej saj me dor\u00ebheqjen si pritshm\u00ebri normale dhe zgjedhjet e parakoh\u00ebshme si tez\u00eb t\u00eb panegociushme pas kriz\u00ebs pakthim t\u00eb besimit se kjo mazhoranc\u00eb garanton objektivitet n\u00eb pro\u00e7esin zgjedhor dhe transparenc\u00ebn eventuale. Nd\u00ebrkoh\u00eb sfida p\u00ebr t\u00eb mbetet t\u00eb konfirmoj\u00eb pre\u00e7edentin e opozit\u00ebs normale n\u00eb nj\u00eb v\u00ebnd demokratik p\u00ebrmes nj\u00eb fushate paq\u00ebsore kritike ndaj qeverisjes dhe afirmimit t\u00eb nj\u00eb strategjie alternative p\u00ebr t&#8217;i dh\u00ebn\u00eb nj\u00eb arsye m\u00eb shum\u00eb tez\u00ebs s\u00eb ndryshimit.<\/p>\n<p>N\u00eb k\u00ebt\u00eb gar\u00eb t\u00eb fisme p\u00ebr &#8216;burr\u00ebshtet\u00ebsi&#8217;, vet\u00eb Per\u00ebndimi ka p\u00ebrball\u00eb sfid\u00ebn p\u00ebr t\u00eb folur qart\u00eb dhe pozicionuar me objektivitet n\u00eb dilem\u00ebn &#8216;statukuo qeverisjeje &#8211; stabilitet t\u00eb qytetarit&#8217;. Kalendari zgjedhor nuk mund t\u00eb jet\u00eb q\u00ebllim m\u00eb vete n\u00eb demokraci. N\u00ebse verifikohet devijanc\u00eb prej qeverisjes p\u00ebrtej kufirit t\u00eb pranuesh\u00ebm demokratik, ndryshimi datave n\u00eb t\u00eb nuk p\u00ebrb\u00ebn &#8216;m\u00ebkat&#8217; por &#8216;ringjallje&#8217; t\u00eb besimit n\u00eb shpirtin demokratik dhe n\u00ebse k\u00ebshtu, Per\u00ebndimi duhet t\u00eb jet\u00eb i pari q\u00eb duhet ta sponzorizoj\u00eb at\u00eb.<\/p>\n","protected":false},"excerpt":{"rendered":"<p>Artan Xh. Duka, 03.02.2011 &#8216;Vaksin\u00eb&#8217; dhe &#8216;serum&#8217; demokratik! Mes opinioneve q\u00eb vijn\u00eb nga per\u00ebndimi, syresh theksojn\u00eb respektimin e kalendarit zgjedhor dhe 2013 si vit zgjedhor. Sipas tyre kjo \u00ebsht\u00eb demokracia dhe opozit\u00ebs nuk i mbetet ve\u00e7se t\u00eb duroj\u00eb. Patetike nd\u00ebrsa injorohen konteksti konkret, durimi n\u00eb sprov\u00eb i elektoratit, performanca e qeverisjes dhe praktikisht zgjedhjet e [&hellip;]<\/p>\n","protected":false},"author":1,"featured_media":0,"comment_status":"open","ping_status":"closed","sticky":false,"template":"","format":"standard","meta":{"footnotes":""},"categories":[2],"tags":[],"class_list":{"0":"post-6135","1":"post","2":"type-post","3":"status-publish","4":"format-standard","6":"category-artikuj"},"yoast_head":"<!-- This site is optimized with the Yoast SEO plugin v27.4 - https:\/\/yoast.com\/product\/yoast-seo-wordpress\/ -->\n<title>Kalendari &#039;tabu&#039; zgjedhor dhe &#039;herezia&#039; e zgjedhjeve t\u00eb parakoh\u00ebshme! - FjALA e LIR\u00cb - Arkivi<\/title>\n<meta name=\"robots\" content=\"index, follow, max-snippet:-1, max-image-preview:large, max-video-preview:-1\" \/>\n<link rel=\"canonical\" href=\"https:\/\/fjala.info\/2009-2015\/kalendari-tabu-zgjedhor-dhe-herezia-e-zgjedhjeve-te-parakoheshme\/\" \/>\n<meta property=\"og:locale\" content=\"sq_AL\" \/>\n<meta property=\"og:type\" content=\"article\" \/>\n<meta property=\"og:title\" content=\"Kalendari &#039;tabu&#039; zgjedhor dhe &#039;herezia&#039; e zgjedhjeve t\u00eb parakoh\u00ebshme! - FjALA e LIR\u00cb - Arkivi\" \/>\n<meta property=\"og:description\" content=\"Artan Xh. Duka, 03.02.2011 &#8216;Vaksin\u00eb&#8217; dhe &#8216;serum&#8217; demokratik! Mes opinioneve q\u00eb vijn\u00eb nga per\u00ebndimi, syresh theksojn\u00eb respektimin e kalendarit zgjedhor dhe 2013 si vit zgjedhor. Sipas tyre kjo \u00ebsht\u00eb demokracia dhe opozit\u00ebs nuk i mbetet ve\u00e7se t\u00eb duroj\u00eb. Patetike nd\u00ebrsa injorohen konteksti konkret, durimi n\u00eb sprov\u00eb i elektoratit, performanca e qeverisjes dhe praktikisht zgjedhjet e [&hellip;]\" \/>\n<meta property=\"og:url\" content=\"https:\/\/fjala.info\/2009-2015\/kalendari-tabu-zgjedhor-dhe-herezia-e-zgjedhjeve-te-parakoheshme\/\" \/>\n<meta property=\"og:site_name\" content=\"FjALA e LIR\u00cb - Arkivi\" \/>\n<meta property=\"article:published_time\" content=\"2011-02-03T22:09:03+00:00\" \/>\n<meta name=\"author\" content=\"admin\" \/>\n<meta name=\"twitter:card\" content=\"summary_large_image\" \/>\n<meta name=\"twitter:label1\" content=\"Written by\" \/>\n\t<meta name=\"twitter:data1\" content=\"admin\" \/>\n\t<meta name=\"twitter:label2\" content=\"Est. reading time\" \/>\n\t<meta name=\"twitter:data2\" content=\"7 minutes\" \/>\n<script type=\"application\/ld+json\" class=\"yoast-schema-graph\">{\"@context\":\"https:\\\/\\\/schema.org\",\"@graph\":[{\"@type\":\"Article\",\"@id\":\"https:\\\/\\\/fjala.info\\\/2009-2015\\\/kalendari-tabu-zgjedhor-dhe-herezia-e-zgjedhjeve-te-parakoheshme\\\/#article\",\"isPartOf\":{\"@id\":\"https:\\\/\\\/fjala.info\\\/2009-2015\\\/kalendari-tabu-zgjedhor-dhe-herezia-e-zgjedhjeve-te-parakoheshme\\\/\"},\"author\":{\"name\":\"admin\",\"@id\":\"https:\\\/\\\/fjala.info\\\/2009-2015\\\/#\\\/schema\\\/person\\\/3aa1163ef05469c496fc94e77611ada2\"},\"headline\":\"Kalendari &#8216;tabu&#8217; zgjedhor dhe &#8216;herezia&#8217; e zgjedhjeve t\u00eb parakoh\u00ebshme!\",\"datePublished\":\"2011-02-03T22:09:03+00:00\",\"mainEntityOfPage\":{\"@id\":\"https:\\\/\\\/fjala.info\\\/2009-2015\\\/kalendari-tabu-zgjedhor-dhe-herezia-e-zgjedhjeve-te-parakoheshme\\\/\"},\"wordCount\":1347,\"commentCount\":0,\"publisher\":{\"@id\":\"https:\\\/\\\/fjala.info\\\/2009-2015\\\/#organization\"},\"articleSection\":[\"Artikuj\"],\"inLanguage\":\"sq-AL\",\"potentialAction\":[{\"@type\":\"CommentAction\",\"name\":\"Comment\",\"target\":[\"https:\\\/\\\/fjala.info\\\/2009-2015\\\/kalendari-tabu-zgjedhor-dhe-herezia-e-zgjedhjeve-te-parakoheshme\\\/#respond\"]}]},{\"@type\":\"WebPage\",\"@id\":\"https:\\\/\\\/fjala.info\\\/2009-2015\\\/kalendari-tabu-zgjedhor-dhe-herezia-e-zgjedhjeve-te-parakoheshme\\\/\",\"url\":\"https:\\\/\\\/fjala.info\\\/2009-2015\\\/kalendari-tabu-zgjedhor-dhe-herezia-e-zgjedhjeve-te-parakoheshme\\\/\",\"name\":\"Kalendari 'tabu' zgjedhor dhe 'herezia' e zgjedhjeve t\u00eb parakoh\u00ebshme! - FjALA e LIR\u00cb - Arkivi\",\"isPartOf\":{\"@id\":\"https:\\\/\\\/fjala.info\\\/2009-2015\\\/#website\"},\"datePublished\":\"2011-02-03T22:09:03+00:00\",\"breadcrumb\":{\"@id\":\"https:\\\/\\\/fjala.info\\\/2009-2015\\\/kalendari-tabu-zgjedhor-dhe-herezia-e-zgjedhjeve-te-parakoheshme\\\/#breadcrumb\"},\"inLanguage\":\"sq-AL\",\"potentialAction\":[{\"@type\":\"ReadAction\",\"target\":[\"https:\\\/\\\/fjala.info\\\/2009-2015\\\/kalendari-tabu-zgjedhor-dhe-herezia-e-zgjedhjeve-te-parakoheshme\\\/\"]}]},{\"@type\":\"BreadcrumbList\",\"@id\":\"https:\\\/\\\/fjala.info\\\/2009-2015\\\/kalendari-tabu-zgjedhor-dhe-herezia-e-zgjedhjeve-te-parakoheshme\\\/#breadcrumb\",\"itemListElement\":[{\"@type\":\"ListItem\",\"position\":1,\"name\":\"Home\",\"item\":\"https:\\\/\\\/fjala.info\\\/2009-2015\\\/\"},{\"@type\":\"ListItem\",\"position\":2,\"name\":\"Kalendari &#8216;tabu&#8217; zgjedhor dhe &#8216;herezia&#8217; e zgjedhjeve t\u00eb parakoh\u00ebshme!\"}]},{\"@type\":\"WebSite\",\"@id\":\"https:\\\/\\\/fjala.info\\\/2009-2015\\\/#website\",\"url\":\"https:\\\/\\\/fjala.info\\\/2009-2015\\\/\",\"name\":\"FjALA e LIR\u00cb - Arkivi\",\"description\":\"Arkivi 2009-2015\",\"publisher\":{\"@id\":\"https:\\\/\\\/fjala.info\\\/2009-2015\\\/#organization\"},\"potentialAction\":[{\"@type\":\"SearchAction\",\"target\":{\"@type\":\"EntryPoint\",\"urlTemplate\":\"https:\\\/\\\/fjala.info\\\/2009-2015\\\/?s={search_term_string}\"},\"query-input\":{\"@type\":\"PropertyValueSpecification\",\"valueRequired\":true,\"valueName\":\"search_term_string\"}}],\"inLanguage\":\"sq-AL\"},{\"@type\":\"Organization\",\"@id\":\"https:\\\/\\\/fjala.info\\\/2009-2015\\\/#organization\",\"name\":\"FjALA e LIR\u00cb - Arkivi\",\"url\":\"https:\\\/\\\/fjala.info\\\/2009-2015\\\/\",\"logo\":{\"@type\":\"ImageObject\",\"inLanguage\":\"sq-AL\",\"@id\":\"https:\\\/\\\/fjala.info\\\/2009-2015\\\/#\\\/schema\\\/logo\\\/image\\\/\",\"url\":\"\",\"contentUrl\":\"\",\"caption\":\"FjALA e LIR\u00cb - Arkivi\"},\"image\":{\"@id\":\"https:\\\/\\\/fjala.info\\\/2009-2015\\\/#\\\/schema\\\/logo\\\/image\\\/\"}},{\"@type\":\"Person\",\"@id\":\"https:\\\/\\\/fjala.info\\\/2009-2015\\\/#\\\/schema\\\/person\\\/3aa1163ef05469c496fc94e77611ada2\",\"name\":\"admin\",\"image\":{\"@type\":\"ImageObject\",\"inLanguage\":\"sq-AL\",\"@id\":\"https:\\\/\\\/fjala.info\\\/2009-2015\\\/wp-content\\\/uploads\\\/2012\\\/02\\\/arben_cokaj-120x150.jpg\",\"url\":\"https:\\\/\\\/fjala.info\\\/2009-2015\\\/wp-content\\\/uploads\\\/2012\\\/02\\\/arben_cokaj-120x150.jpg\",\"contentUrl\":\"https:\\\/\\\/fjala.info\\\/2009-2015\\\/wp-content\\\/uploads\\\/2012\\\/02\\\/arben_cokaj-120x150.jpg\",\"caption\":\"admin\"},\"description\":\"Admin, Fjala e Lir\u00eb\",\"sameAs\":[\"https:\\\/\\\/fjala.info\\\/\"],\"url\":\"https:\\\/\\\/fjala.info\\\/2009-2015\\\/author\\\/admin\\\/\"}]}<\/script>\n<!-- \/ Yoast SEO plugin. -->","yoast_head_json":{"title":"Kalendari 'tabu' zgjedhor dhe 'herezia' e zgjedhjeve t\u00eb parakoh\u00ebshme! - FjALA e LIR\u00cb - Arkivi","robots":{"index":"index","follow":"follow","max-snippet":"max-snippet:-1","max-image-preview":"max-image-preview:large","max-video-preview":"max-video-preview:-1"},"canonical":"https:\/\/fjala.info\/2009-2015\/kalendari-tabu-zgjedhor-dhe-herezia-e-zgjedhjeve-te-parakoheshme\/","og_locale":"sq_AL","og_type":"article","og_title":"Kalendari 'tabu' zgjedhor dhe 'herezia' e zgjedhjeve t\u00eb parakoh\u00ebshme! - FjALA e LIR\u00cb - Arkivi","og_description":"Artan Xh. Duka, 03.02.2011 &#8216;Vaksin\u00eb&#8217; dhe &#8216;serum&#8217; demokratik! Mes opinioneve q\u00eb vijn\u00eb nga per\u00ebndimi, syresh theksojn\u00eb respektimin e kalendarit zgjedhor dhe 2013 si vit zgjedhor. Sipas tyre kjo \u00ebsht\u00eb demokracia dhe opozit\u00ebs nuk i mbetet ve\u00e7se t\u00eb duroj\u00eb. Patetike nd\u00ebrsa injorohen konteksti konkret, durimi n\u00eb sprov\u00eb i elektoratit, performanca e qeverisjes dhe praktikisht zgjedhjet e [&hellip;]","og_url":"https:\/\/fjala.info\/2009-2015\/kalendari-tabu-zgjedhor-dhe-herezia-e-zgjedhjeve-te-parakoheshme\/","og_site_name":"FjALA e LIR\u00cb - Arkivi","article_published_time":"2011-02-03T22:09:03+00:00","author":"admin","twitter_card":"summary_large_image","twitter_misc":{"Written by":"admin","Est. reading time":"7 minutes"},"schema":{"@context":"https:\/\/schema.org","@graph":[{"@type":"Article","@id":"https:\/\/fjala.info\/2009-2015\/kalendari-tabu-zgjedhor-dhe-herezia-e-zgjedhjeve-te-parakoheshme\/#article","isPartOf":{"@id":"https:\/\/fjala.info\/2009-2015\/kalendari-tabu-zgjedhor-dhe-herezia-e-zgjedhjeve-te-parakoheshme\/"},"author":{"name":"admin","@id":"https:\/\/fjala.info\/2009-2015\/#\/schema\/person\/3aa1163ef05469c496fc94e77611ada2"},"headline":"Kalendari &#8216;tabu&#8217; zgjedhor dhe &#8216;herezia&#8217; e zgjedhjeve t\u00eb parakoh\u00ebshme!","datePublished":"2011-02-03T22:09:03+00:00","mainEntityOfPage":{"@id":"https:\/\/fjala.info\/2009-2015\/kalendari-tabu-zgjedhor-dhe-herezia-e-zgjedhjeve-te-parakoheshme\/"},"wordCount":1347,"commentCount":0,"publisher":{"@id":"https:\/\/fjala.info\/2009-2015\/#organization"},"articleSection":["Artikuj"],"inLanguage":"sq-AL","potentialAction":[{"@type":"CommentAction","name":"Comment","target":["https:\/\/fjala.info\/2009-2015\/kalendari-tabu-zgjedhor-dhe-herezia-e-zgjedhjeve-te-parakoheshme\/#respond"]}]},{"@type":"WebPage","@id":"https:\/\/fjala.info\/2009-2015\/kalendari-tabu-zgjedhor-dhe-herezia-e-zgjedhjeve-te-parakoheshme\/","url":"https:\/\/fjala.info\/2009-2015\/kalendari-tabu-zgjedhor-dhe-herezia-e-zgjedhjeve-te-parakoheshme\/","name":"Kalendari 'tabu' zgjedhor dhe 'herezia' e zgjedhjeve t\u00eb parakoh\u00ebshme! - FjALA e LIR\u00cb - Arkivi","isPartOf":{"@id":"https:\/\/fjala.info\/2009-2015\/#website"},"datePublished":"2011-02-03T22:09:03+00:00","breadcrumb":{"@id":"https:\/\/fjala.info\/2009-2015\/kalendari-tabu-zgjedhor-dhe-herezia-e-zgjedhjeve-te-parakoheshme\/#breadcrumb"},"inLanguage":"sq-AL","potentialAction":[{"@type":"ReadAction","target":["https:\/\/fjala.info\/2009-2015\/kalendari-tabu-zgjedhor-dhe-herezia-e-zgjedhjeve-te-parakoheshme\/"]}]},{"@type":"BreadcrumbList","@id":"https:\/\/fjala.info\/2009-2015\/kalendari-tabu-zgjedhor-dhe-herezia-e-zgjedhjeve-te-parakoheshme\/#breadcrumb","itemListElement":[{"@type":"ListItem","position":1,"name":"Home","item":"https:\/\/fjala.info\/2009-2015\/"},{"@type":"ListItem","position":2,"name":"Kalendari &#8216;tabu&#8217; zgjedhor dhe &#8216;herezia&#8217; e zgjedhjeve t\u00eb parakoh\u00ebshme!"}]},{"@type":"WebSite","@id":"https:\/\/fjala.info\/2009-2015\/#website","url":"https:\/\/fjala.info\/2009-2015\/","name":"FjALA e LIR\u00cb - Arkivi","description":"Arkivi 2009-2015","publisher":{"@id":"https:\/\/fjala.info\/2009-2015\/#organization"},"potentialAction":[{"@type":"SearchAction","target":{"@type":"EntryPoint","urlTemplate":"https:\/\/fjala.info\/2009-2015\/?s={search_term_string}"},"query-input":{"@type":"PropertyValueSpecification","valueRequired":true,"valueName":"search_term_string"}}],"inLanguage":"sq-AL"},{"@type":"Organization","@id":"https:\/\/fjala.info\/2009-2015\/#organization","name":"FjALA e LIR\u00cb - Arkivi","url":"https:\/\/fjala.info\/2009-2015\/","logo":{"@type":"ImageObject","inLanguage":"sq-AL","@id":"https:\/\/fjala.info\/2009-2015\/#\/schema\/logo\/image\/","url":"","contentUrl":"","caption":"FjALA e LIR\u00cb - Arkivi"},"image":{"@id":"https:\/\/fjala.info\/2009-2015\/#\/schema\/logo\/image\/"}},{"@type":"Person","@id":"https:\/\/fjala.info\/2009-2015\/#\/schema\/person\/3aa1163ef05469c496fc94e77611ada2","name":"admin","image":{"@type":"ImageObject","inLanguage":"sq-AL","@id":"https:\/\/fjala.info\/2009-2015\/wp-content\/uploads\/2012\/02\/arben_cokaj-120x150.jpg","url":"https:\/\/fjala.info\/2009-2015\/wp-content\/uploads\/2012\/02\/arben_cokaj-120x150.jpg","contentUrl":"https:\/\/fjala.info\/2009-2015\/wp-content\/uploads\/2012\/02\/arben_cokaj-120x150.jpg","caption":"admin"},"description":"Admin, Fjala e Lir\u00eb","sameAs":["https:\/\/fjala.info\/"],"url":"https:\/\/fjala.info\/2009-2015\/author\/admin\/"}]}},"_links":{"self":[{"href":"https:\/\/fjala.info\/2009-2015\/wp-json\/wp\/v2\/posts\/6135","targetHints":{"allow":["GET"]}}],"collection":[{"href":"https:\/\/fjala.info\/2009-2015\/wp-json\/wp\/v2\/posts"}],"about":[{"href":"https:\/\/fjala.info\/2009-2015\/wp-json\/wp\/v2\/types\/post"}],"author":[{"embeddable":true,"href":"https:\/\/fjala.info\/2009-2015\/wp-json\/wp\/v2\/users\/1"}],"replies":[{"embeddable":true,"href":"https:\/\/fjala.info\/2009-2015\/wp-json\/wp\/v2\/comments?post=6135"}],"version-history":[{"count":0,"href":"https:\/\/fjala.info\/2009-2015\/wp-json\/wp\/v2\/posts\/6135\/revisions"}],"wp:attachment":[{"href":"https:\/\/fjala.info\/2009-2015\/wp-json\/wp\/v2\/media?parent=6135"}],"wp:term":[{"taxonomy":"category","embeddable":true,"href":"https:\/\/fjala.info\/2009-2015\/wp-json\/wp\/v2\/categories?post=6135"},{"taxonomy":"post_tag","embeddable":true,"href":"https:\/\/fjala.info\/2009-2015\/wp-json\/wp\/v2\/tags?post=6135"}],"curies":[{"name":"wp","href":"https:\/\/api.w.org\/{rel}","templated":true}]}}