{"id":6133,"date":"2011-02-03T21:15:30","date_gmt":"2011-02-03T20:15:30","guid":{"rendered":"http:\/\/fjala.shkoder.net\/?p=6133"},"modified":"2011-02-03T21:15:30","modified_gmt":"2011-02-03T20:15:30","slug":"le-ta-bejme-te-lumtur-kryeministrin","status":"publish","type":"post","link":"https:\/\/fjala.info\/2009-2015\/le-ta-bejme-te-lumtur-kryeministrin\/","title":{"rendered":"Le ta b\u00ebjm\u00eb t\u00eb lumtur kryeministrin!"},"content":{"rendered":"<p>Nga <strong>Elvira Dones<\/strong><\/p>\n<p>Kur i p\u00ebrjeton ngjarjet s\u00eb largu, ecin p\u00ebrkrahu dy t\u00eb v\u00ebrteta: heraher\u00ebs t\u00eb mungojn\u00eb nj\u00eb pjes\u00eb e holl\u00ebsirave e nd\u00ebrthurjeve t\u00eb asaj q\u00eb po ndodh n\u00eb Shqip\u00ebri. P\u00ebrkund\u00ebr, pik\u00ebrisht kjo munges\u00eb e holl\u00ebsirave ta leht\u00ebson k\u00ebqyrjen e thelbit (U b\u00ebn\u00eb vite q\u00eb pyes veten: m\u00eb mir\u00eb ta vuash s\u00ebmundjen n\u00eb vet\u00ebn e par\u00eb apo t\u2019i rrish krah t\u00eb s\u00ebmurit?).<\/p>\n<p><img loading=\"lazy\" decoding=\"async\" class=\"alignleft size-full wp-image-6140\" title=\"sali_berisha_ne_ikje\" src=\"http:\/\/fjala.shkoder.net\/wp-content\/uploads\/2011\/02\/sali_berisha_ne_ikje.jpg\" alt=\"\" width=\"203\" height=\"152\" \/><\/p>\n<p>Sido q\u00eb ta kthesh, shqiptar\u00ebt e diaspor\u00ebs jan\u00eb n\u00eb zgripin e nj\u00eb vuajtjeje jo t\u00eb vog\u00ebl: jemi t\u00eb pafuqish\u00ebm.<\/p>\n<p>Personalisht jam ndjer\u00eb e pafuqishme.<\/p>\n<p>Personalisht ushqej nj\u00eb respekt t\u00eb shenjt\u00eb p\u00ebr urt\u00ebsin\u00eb \u2013 kur nuk ke t\u00eb hedh\u00ebsh nj\u00eb ide nd\u00ebrtimtare n\u00eb tryez\u00eb, n\u00eb vend q\u00eb t\u00eb k\u00ebput\u00ebsh bro\u00e7kulla, m\u00eb mir\u00eb hesht. N\u00eb pamund\u00ebsi t\u00eb ndihmosh konkretisht, t\u00eb pakt\u00ebn mos hidh tjet\u00ebr benzin\u00eb mbi zjarr. Ky i fundit \u00ebsht\u00eb i ndezur boll mir\u00eb.<\/p>\n<p>Por edhe heshtja vjen nj\u00eb \u00e7ast e b\u00ebhet e d\u00ebmshme. E nuk mundem m\u00eb t\u00eb hesht, thjesht si nj\u00eb njeri q\u00eb Shqip\u00ebrin\u00eb e ka p\u00ebr zem\u00ebr.<\/p>\n<p>Duke cituar nga shtypi i djesh\u00ebm: \u201cKomisioni hetimor parlamentar q\u00eb po heton ngjarjet e 21 janarit ka vendosur t\u00eb k\u00ebrkoj\u00eb tabulatet telefonike t\u00eb disa gazetar\u00ebve t\u00eb mediave n\u00eb vend. N\u00eb k\u00ebt\u00eb list\u00eb p\u00ebrfshihen Filip \u00c7akuli, Sokol Balla, Andi Bushati dhe Mero Baze\u201d.<\/p>\n<p>P\u00ebrs\u00ebri duke cituar, dhe k\u00ebtu p\u00ebrcjell fjal\u00ebt e kryeministrit Sali Berisha: \u201cUn\u00eb ju garantoj se k\u00ebta gazetar\u00eb q\u00eb nuk kan\u00eb aspak lidhje me profesionin e tyre jan\u00eb t\u00eb implikuar direkt n\u00eb dhun\u00ebn dhe pu\u00e7in ndaj shtetit\u2026. K\u00ebta s\u2019kan\u00eb lidhje me gazetarin\u00eb.\u201d<\/p>\n<p>Dhe sot, lidhur p\u00ebrs\u00ebri me tabulatet telefonike. kryeministri Berisha n\u00eb mbledhjen e qeveris\u00eb: \u201cNuk ka pasur dhe nuk asnj\u00eb kufizim n\u00eb ushtrimin e lirive dhe t\u00eb drejtave t\u00eb njeriut\u2026\u201d<\/p>\n<p>Hetimi i komisionit hetimor parlamentar \u00ebsht\u00eb di\u00e7ka q\u00eb: \u201cka lidhje me implikim direkt n\u00eb veprime konkrete q\u00eb nuk kan\u00eb lidhje me gazetarin\u00eb, por me probleme jasht\u00eb saj.\u201d<\/p>\n<p>E k\u00ebtu mbarojn\u00eb citimet.<\/p>\n<p>Pra kat\u00ebr koleg\u00ebt e sip\u00ebrp\u00ebrmendur qenkan n\u00ebn sh\u00ebnjest\u00ebr thjesht sepse jan\u00eb \u201cpu\u00e7ist\u00eb\u201d. Por jo si gazetar\u00eb, thjesht si qytetar\u00eb q\u00eb paskan \u201cpatur gisht\u201d.<\/p>\n<p>N\u00ebnvizoj: \u201csi qytetar\u00eb\u201d.<\/p>\n<p>Me k\u00ebt\u00eb llogjik\u00eb pa kurrfar\u00eb ndershm\u00ebrie qytetare, politike, vetjake, kryeministri shqiptar, tok me ata q\u00eb e ndjekin pas, fyejn\u00eb inteligjenc\u00ebn fillestare t\u00eb \u00e7do shqiptari. Nuk lipsen tituj shkencor\u00eb p\u00ebr ta kuptuar. Nevojitet ve\u00e7 nj\u00eb fije d\u00ebshire p\u00ebr ndershm\u00ebri (dhe k\u00ebtu e kam fjal\u00ebn edhe, e sidomos, p\u00ebr njer\u00ebzit e kahut t\u00eb maxhoranc\u00ebs. Refuzoj t\u00eb besoj se nuk gjenden n\u00eb at\u00eb koalicion njer\u00ebz ende me nd\u00ebrgjegje e dashuri t\u00eb mir\u00ebfillt\u00eb ndaj vendit. Refuzoj ta besoj. N\u00ebse do t\u00eb dor\u00ebzohesha si individ, para k\u00ebsaj, do t\u00eb thoshte t\u2019ia vija kryqin, t\u2019ia hiqja fillin vendit\u2026)\u2026<\/p>\n<p>Por po rrekem (p\u00ebr nj\u00eb \u00e7ast) t\u2019i besoj profk\u00ebs se Berish\u00ebs. Komisioni parlamentar duhet t\u00eb kaloj\u00eb n\u00eb sit\u00ebn e miellit tabulatet telefonike t\u00eb kat\u00ebr shqiptar\u00ebve, t\u00eb cil\u00ebt rast\u00ebsisht jan\u00eb gazetar\u00eb t\u00eb \u201carmikut\u201d. Si \u201cqytetar\u00eb\u201d?! Sipas k\u00ebsaj llogjike t\u00eb gjith\u00eb n\u00eb Shqip\u00ebri jan\u00eb t\u00eb shqyrtuesh\u00ebm. T\u00eb hetuesh\u00ebm. Si atmot, n\u00ebn diktatur\u00eb. N\u00ebse mosozot \u201cnomenklatura\u201d vendos se filan fisteku \u00ebsht\u00eb i rreziksh\u00ebm jo vet\u00ebm m\u00eb kontrollon, por m\u00eb heq edhe l\u00ebkur\u00ebn e shtat\u00eb.<\/p>\n<p>Ky \u00ebsht\u00eb fundi i \u00ebndrr\u00ebs s\u00eb demokracis\u00eb n\u00eb Shqip\u00ebri! Ndon\u00ebse si njeri i librave m\u00eb \u00ebsht\u00eb e qart\u00eb se demokracia n\u00eb nivelin m\u00eb t\u00eb lart\u00eb t\u00eb vet do t\u00eb mbetet nj\u00eb \u00ebnd\u00ebrr gjith\u00ebher\u00eb e pap\u00ebrsosur. Ashtu si\u00e7 i pap\u00ebrsosur \u00ebsht\u00eb njeriu, homo sapiens sapiens, plot me difekte, por sidoqoft\u00eb m\u00eb af\u00ebr \u00ebndrr\u00ebs utopike t\u00eb liris\u00eb e barazis\u00eb se t\u00eb tjera eksperimente njer\u00ebzore deri m\u00eb sot.<\/p>\n<p>Me trishtim e indinjat\u00eb t\u00eb thell\u00eb sot shoh se komisioni hetimor i kryeministrit tjet\u00ebr nuk \u00ebsht\u00eb ve\u00e7 nj\u00eb larje hesapesh n\u00eb mes t\u00eb dit\u00ebs, n\u00eb mes t\u00eb diellit, n\u00eb indiferenc\u00ebn m\u00eb t\u00eb plot\u00eb kundrejt nj\u00eb interesi m\u00eb t\u00eb madh, t\u00eb tashmes e s\u00eb ardhmes s\u00eb popullit shqiptar. Pas k\u00ebtij gardhi, e m\u00eb tutje Shqip\u00ebria \u00ebsht\u00eb ajo q\u00eb ishte dikur: e sunduar.<\/p>\n<p>Kjo \u00ebsht\u00eb sot demokracia Albanian Style, pas 20 viteve t\u00eb r\u00ebnies s\u00eb diktatur\u00ebs (Nuk po zbuloj vez\u00ebn e Kolombit, deri para pak jav\u00ebsh rezistonte brenda meje nevoja p\u00ebr t\u00eb besuar se pas s\u00ebmundjes s\u00eb par\u00eb f\u00ebmij\u00ebrore t\u00eb \u00e7do demokracie t\u00eb re, qeveritar\u00ebt e atij vendi di\u00e7ka do t\u00eb m\u00ebsonin, me hir a me pahir, n\u00eb mos p\u00ebr tjet\u00ebr arsye, p\u00ebr pragmatiz\u00ebm)\u2026<\/p>\n<p>Ndaj, po i drejtohem p\u00ebrs\u00ebdrejti zotit kryeminist\u00ebr t\u00eb Shqip\u00ebris\u00eb: ky qenka, n\u00eb thelb, mesazhi i demokracis\u00eb suaj?! Nj\u00eb demokraci sipas modelit Putin; modelit Ben Ali; modelit Mubarak? P\u00ebr t\u00eb l\u00ebn\u00eb m\u00ebnjan\u00eb mikun tuaj Berlusconi \u2013 \u201closco figuro\u201d, p\u00ebr ta th\u00ebn\u00eb me nj\u00eb shprehje italiane\u2026 ??<\/p>\n<p>Duke iu kthyer \u201clegjitimitetit\u201d t\u00eb nj\u00eb kryeministri p\u00ebr t\u00eb kontrolluar tabulatet telefonike t\u00eb kat\u00ebr gazetar\u00ebve shqiptar\u00eb, po i b\u00ebj nj\u00eb propozim gjithkujt n\u00eb Shqip\u00ebri e n\u00eb diaspor\u00eb: gjith\u00eb shqiptar\u00ebt t\u2019i d\u00ebrgonin komisionit parlamentar t\u00eb hetimit n\u00eb m\u00ebnyr\u00eb vullnetare tabulatet telefonike. Njer\u00ebz q\u00eb jan\u00eb kund\u00ebr qeveris\u00eb, apo edhe ata q\u00eb jan\u00eb berishan\u00eb t\u00eb betuar; pak r\u00ebnd\u00ebsi ka. Jemi shqiptar\u00eb t\u00eb gjith\u00eb, me gjuh\u00ebn ton\u00eb t\u00eb mrekullueshme, me vog\u00eblsin\u00eb ton\u00eb gjeografike e politike; me vobekt\u00ebsin\u00eb, varf\u00ebrin\u00eb, agresivitetin e bujarin\u00eb ballkanase, me dinjitetin e sakatll\u00ebkun psikologjik t\u00eb nj\u00eb vendi t\u00eb d\u00ebmtuar nga 47 vite diktatur\u00eb.<\/p>\n<p>Le t\u2019i b\u00ebjm\u00eb dhurat\u00eb kryeministrit Berisha tabulatet telefonike. \u00cbsht\u00eb e vetmja m\u00ebnyr\u00eb p\u00ebr t\u2019i b\u00ebr\u00eb ata kat\u00ebr gazetar\u00eb shqiptar\u00eb t\u00eb ndihen m\u00eb pak t\u00eb rrezikuar e m\u00eb pak t\u00eb vetmuar, ngaq\u00eb kjo nuk \u00ebsht\u00eb nj\u00eb kauz\u00eb e kat\u00ebr gazetar\u00ebve, e gjasht\u00eb gazetar\u00ebve e dhjet\u00eb syresh. Nuk \u00ebsht\u00eb \u2013 aspak \u2013 kauza e dy forcave politike, e dy \u201cgjelave\u201d politikan\u00eb: Berisha e Rama. Kjo \u00ebsht\u00eb n\u00eb radh\u00eb t\u00eb par\u00eb kauza e Shqip\u00ebris\u00eb. Nga cilado an\u00eb e \u201cistikamit\u201d q\u00eb shqiptar\u00ebt t\u00eb gjenden, ajo q\u00eb \u00ebsht\u00eb n\u00eb kandar \u00ebsht\u00eb e ardhmja e Shqip\u00ebris\u00eb \u2013 e po t\u00eb hiqnim dor\u00eb nga \u201cistikami\u201d q\u00eb na \u00ebsht\u00eb ngulur si gozhd\u00eb n\u00eb tru do ishte nj\u00eb \u00e7lirim p\u00ebr t\u00eb gjith\u00eb ne.<\/p>\n<p>E kot\u00eb dhe propagandistike \u00e7do rrekje p\u00ebr fjal\u00eb bombastike si: \u201cpatriotiz\u00ebm\u201d, \u201cshqiptari\u201d, \u201cdemokraci\u201d. Liria dhe e ardhmja e atij vendi fillon nga e drejta e shtypit t\u00eb komunikoj\u00eb me k\u00ebdo, t\u00eb shkruaj\u00eb at\u00eb q\u00eb don t\u00eb shkruaj\u00eb.<\/p>\n<p>Dhe Ju, zoti Kryeminist\u00ebr, jeni p\u00ebrgjegj\u00ebs:<\/p>\n<p>p\u00ebr sh\u00ebmtin\u00eb, varf\u00ebrin\u00eb, \u00e7jerrjet k\u00ebrc\u00ebnuese, p\u00ebr mashtrimin;<\/p>\n<p>p\u00ebr manipulimin, korrupsionin p\u00ebrgjat\u00eb viteve;<\/p>\n<p>p\u00ebr vrasjet e 21 janarit.<\/p>\n<p>Jeni p\u00ebrgjegj\u00ebs p\u00ebr frym\u00ebn p\u00ebshtymore q\u00eb keni mbjell\u00eb (me hir e me pahir) n\u00eb k\u00ebt\u00eb\/at\u00eb vend.<\/p>\n<p><strong>2<\/strong>.<\/p>\n<p>Problemi juaj, zoti Kryeminist\u00ebr, n\u00eb k\u00ebt\u00eb \u00e7ast quhet Sali Berisha, e nga ai problem nuk besoj se do t\u00eb liroheni dot m\u00eb. Nd\u00ebrkoh\u00eb, ama, l\u00ebreni Shqip\u00ebrin\u00eb t\u00eb marr\u00eb frym\u00eb. Ju keni humbur, por ende nuk doni ta qasni k\u00ebt\u00eb n\u00eb nd\u00ebrgjegje. E ajo q\u00eb paguan e q\u00eb do t\u00eb vazhdoj\u00eb t\u00eb paguaj\u00eb (si ngaher\u00eb, n\u00eb \u00e7do vend, e ky \u00ebsht\u00eb i vetmi \u201cngush\u00ebllim\u201d p\u00ebr ne naiv\u00ebt) \u00ebsht\u00eb Shqip\u00ebria e njer\u00ebzve akoma m\u00eb naiv\u00eb; e njer\u00ebzve me nj\u00eb kod nderi e besnik\u00ebrie; e njer\u00ebzve q\u00eb e kan\u00eb t\u00eb v\u00ebshtir\u00eb t\u00eb mosbesojn\u00eb n\u00eb shefin, cilido qoft\u00eb ky, si n\u00eb \u00e7do vend t\u00eb bot\u00ebs.<\/p>\n<p>Ju mor\u00ebt \u00e7\u2019ishte p\u00ebr t\u00eb marr\u00eb nga Shqip\u00ebria. Tani merrni llogarit\u00eb tuaja bankare, n\u00eb em\u00ebr t\u00eb kujtdo q\u00eb ato llogari t\u00eb jen\u00eb, dhe largohuni. Dilni n\u00eb pension. K\u00ebqyrni nj\u00eb per\u00ebndim dielli, diku, n\u00ebse nd\u00ebrgjegja jua lejon. Jini i lumtur n\u00ebse mundeni. P\u00ebrpara se t\u00eb jet\u00eb von\u00eb p\u00ebr at\u00eb vend t\u00eb vog\u00ebl. Sepse \u201cbota\u201d \u2013 me kthjellt\u00ebsin\u00eb e lojrave gjeopolitike \u2013 nuk e \u00e7an kok\u00ebn p\u00ebr Shqip\u00ebrin\u00eb: ky vend\/ai vend \u00ebsht\u00eb \u00e7\u00ebshtja jon\u00eb. Dhe komuniteti nd\u00ebrkomb\u00ebtar, n\u00eb k\u00ebt\u00eb \u00e7ast i ng\u00ebrthyer n\u00eb k\u00ebrthiz\u00ebn e t\u00eb tjerave bela, m\u00eb t\u00eb m\u00ebdha se Shqip\u00ebria, nuk ka b\u00ebr\u00eb loj\u00ebn tuaj k\u00ebto dit\u00eb ngaq\u00eb ju dashuron apo ju mb\u00ebshtet, apo ju respekton.<\/p>\n<p>Ka b\u00ebr\u00eb thjesht ca deklarata t\u00eb vakta, ca shp\u00ebrndarje t\u00eb \u201cbarabarta\u201d, keqardh\u00ebse and politically correct t\u00eb p\u00ebrgjegj\u00ebsive t\u00eb \u201cdhun\u00ebs\u201d s\u00eb 21 janarit, thjesht sepse k\u00ebshtu i volit n\u00eb k\u00ebt\u00eb \u00e7ast. Ju e dini krejt mir\u00eb, se \u201cbota\u201d ju shkarkon, lan duart nga ju, sapo t\u2019i b\u00ebheni shum\u00eb \u201ci r\u00ebnd\u00eb\u201d dhe \u201ci sikletsh\u00ebm\u201d. Por ai q\u00eb do t\u00eb vazhdoj\u00eb t\u00eb paguaj\u00eb p\u00ebr cinizmin e \u201cbot\u00ebs\u201d e p\u00ebr pap\u00ebrgjeshm\u00ebrin\u00eb tuaj si kryeminist\u00ebr \u00ebsht\u00eb populli shqiptar. Ndjeni, ende, nj\u00eb fije p\u00ebrgjegj\u00ebsie ndaj atij vendi, kryeminist\u00ebr?<\/p>\n<p>Ju b\u00ebni sikur jeni i gjor\u00eb mend\u00ebrisht, por k\u00ebshtu nuk jeni. Ju jeni shum\u00eb m\u00eb i rreziksh\u00ebm se kaq. E nj\u00ebkoh\u00ebsisht m\u00eb drit\u00ebshkurt\u00ebr se kaq.<\/p>\n<p>*<em>respublica.al<\/em><\/p>\n","protected":false},"excerpt":{"rendered":"<p>Nga Elvira Dones Kur i p\u00ebrjeton ngjarjet s\u00eb largu, ecin p\u00ebrkrahu dy t\u00eb v\u00ebrteta: heraher\u00ebs t\u00eb mungojn\u00eb nj\u00eb pjes\u00eb e holl\u00ebsirave e nd\u00ebrthurjeve t\u00eb asaj q\u00eb po ndodh n\u00eb Shqip\u00ebri. P\u00ebrkund\u00ebr, pik\u00ebrisht kjo munges\u00eb e holl\u00ebsirave ta leht\u00ebson k\u00ebqyrjen e thelbit (U b\u00ebn\u00eb vite q\u00eb pyes veten: m\u00eb mir\u00eb ta vuash s\u00ebmundjen n\u00eb vet\u00ebn e [&hellip;]<\/p>\n","protected":false},"author":1,"featured_media":0,"comment_status":"open","ping_status":"closed","sticky":false,"template":"","format":"standard","meta":{"footnotes":""},"categories":[2],"tags":[],"class_list":{"0":"post-6133","1":"post","2":"type-post","3":"status-publish","4":"format-standard","6":"category-artikuj"},"yoast_head":"<!-- This site is optimized with the Yoast SEO plugin v27.4 - https:\/\/yoast.com\/product\/yoast-seo-wordpress\/ -->\n<title>Le ta b\u00ebjm\u00eb t\u00eb lumtur kryeministrin! - FjALA e LIR\u00cb - Arkivi<\/title>\n<meta name=\"robots\" content=\"index, follow, max-snippet:-1, max-image-preview:large, max-video-preview:-1\" \/>\n<link rel=\"canonical\" href=\"https:\/\/fjala.info\/2009-2015\/le-ta-bejme-te-lumtur-kryeministrin\/\" \/>\n<meta property=\"og:locale\" content=\"sq_AL\" \/>\n<meta property=\"og:type\" content=\"article\" \/>\n<meta property=\"og:title\" content=\"Le ta b\u00ebjm\u00eb t\u00eb lumtur kryeministrin! - FjALA e LIR\u00cb - Arkivi\" \/>\n<meta property=\"og:description\" content=\"Nga Elvira Dones Kur i p\u00ebrjeton ngjarjet s\u00eb largu, ecin p\u00ebrkrahu dy t\u00eb v\u00ebrteta: heraher\u00ebs t\u00eb mungojn\u00eb nj\u00eb pjes\u00eb e holl\u00ebsirave e nd\u00ebrthurjeve t\u00eb asaj q\u00eb po ndodh n\u00eb Shqip\u00ebri. P\u00ebrkund\u00ebr, pik\u00ebrisht kjo munges\u00eb e holl\u00ebsirave ta leht\u00ebson k\u00ebqyrjen e thelbit (U b\u00ebn\u00eb vite q\u00eb pyes veten: m\u00eb mir\u00eb ta vuash s\u00ebmundjen n\u00eb vet\u00ebn e [&hellip;]\" \/>\n<meta property=\"og:url\" content=\"https:\/\/fjala.info\/2009-2015\/le-ta-bejme-te-lumtur-kryeministrin\/\" \/>\n<meta property=\"og:site_name\" content=\"FjALA e LIR\u00cb - Arkivi\" \/>\n<meta property=\"article:published_time\" content=\"2011-02-03T20:15:30+00:00\" \/>\n<meta property=\"og:image\" content=\"http:\/\/fjala.shkoder.net\/wp-content\/uploads\/2011\/02\/sali_berisha_ne_ikje.jpg\" \/>\n<meta name=\"author\" content=\"admin\" \/>\n<meta name=\"twitter:card\" content=\"summary_large_image\" \/>\n<meta name=\"twitter:label1\" content=\"Written by\" \/>\n\t<meta name=\"twitter:data1\" content=\"admin\" \/>\n\t<meta name=\"twitter:label2\" content=\"Est. reading time\" \/>\n\t<meta name=\"twitter:data2\" content=\"8 minutes\" \/>\n<script type=\"application\/ld+json\" class=\"yoast-schema-graph\">{\"@context\":\"https:\\\/\\\/schema.org\",\"@graph\":[{\"@type\":\"Article\",\"@id\":\"https:\\\/\\\/fjala.info\\\/2009-2015\\\/le-ta-bejme-te-lumtur-kryeministrin\\\/#article\",\"isPartOf\":{\"@id\":\"https:\\\/\\\/fjala.info\\\/2009-2015\\\/le-ta-bejme-te-lumtur-kryeministrin\\\/\"},\"author\":{\"name\":\"admin\",\"@id\":\"https:\\\/\\\/fjala.info\\\/2009-2015\\\/#\\\/schema\\\/person\\\/3aa1163ef05469c496fc94e77611ada2\"},\"headline\":\"Le ta b\u00ebjm\u00eb t\u00eb lumtur kryeministrin!\",\"datePublished\":\"2011-02-03T20:15:30+00:00\",\"mainEntityOfPage\":{\"@id\":\"https:\\\/\\\/fjala.info\\\/2009-2015\\\/le-ta-bejme-te-lumtur-kryeministrin\\\/\"},\"wordCount\":1591,\"commentCount\":0,\"publisher\":{\"@id\":\"https:\\\/\\\/fjala.info\\\/2009-2015\\\/#organization\"},\"image\":{\"@id\":\"https:\\\/\\\/fjala.info\\\/2009-2015\\\/le-ta-bejme-te-lumtur-kryeministrin\\\/#primaryimage\"},\"thumbnailUrl\":\"http:\\\/\\\/fjala.shkoder.net\\\/wp-content\\\/uploads\\\/2011\\\/02\\\/sali_berisha_ne_ikje.jpg\",\"articleSection\":[\"Artikuj\"],\"inLanguage\":\"sq-AL\",\"potentialAction\":[{\"@type\":\"CommentAction\",\"name\":\"Comment\",\"target\":[\"https:\\\/\\\/fjala.info\\\/2009-2015\\\/le-ta-bejme-te-lumtur-kryeministrin\\\/#respond\"]}]},{\"@type\":\"WebPage\",\"@id\":\"https:\\\/\\\/fjala.info\\\/2009-2015\\\/le-ta-bejme-te-lumtur-kryeministrin\\\/\",\"url\":\"https:\\\/\\\/fjala.info\\\/2009-2015\\\/le-ta-bejme-te-lumtur-kryeministrin\\\/\",\"name\":\"Le ta b\u00ebjm\u00eb t\u00eb lumtur kryeministrin! - FjALA e LIR\u00cb - Arkivi\",\"isPartOf\":{\"@id\":\"https:\\\/\\\/fjala.info\\\/2009-2015\\\/#website\"},\"primaryImageOfPage\":{\"@id\":\"https:\\\/\\\/fjala.info\\\/2009-2015\\\/le-ta-bejme-te-lumtur-kryeministrin\\\/#primaryimage\"},\"image\":{\"@id\":\"https:\\\/\\\/fjala.info\\\/2009-2015\\\/le-ta-bejme-te-lumtur-kryeministrin\\\/#primaryimage\"},\"thumbnailUrl\":\"http:\\\/\\\/fjala.shkoder.net\\\/wp-content\\\/uploads\\\/2011\\\/02\\\/sali_berisha_ne_ikje.jpg\",\"datePublished\":\"2011-02-03T20:15:30+00:00\",\"breadcrumb\":{\"@id\":\"https:\\\/\\\/fjala.info\\\/2009-2015\\\/le-ta-bejme-te-lumtur-kryeministrin\\\/#breadcrumb\"},\"inLanguage\":\"sq-AL\",\"potentialAction\":[{\"@type\":\"ReadAction\",\"target\":[\"https:\\\/\\\/fjala.info\\\/2009-2015\\\/le-ta-bejme-te-lumtur-kryeministrin\\\/\"]}]},{\"@type\":\"ImageObject\",\"inLanguage\":\"sq-AL\",\"@id\":\"https:\\\/\\\/fjala.info\\\/2009-2015\\\/le-ta-bejme-te-lumtur-kryeministrin\\\/#primaryimage\",\"url\":\"http:\\\/\\\/fjala.shkoder.net\\\/wp-content\\\/uploads\\\/2011\\\/02\\\/sali_berisha_ne_ikje.jpg\",\"contentUrl\":\"http:\\\/\\\/fjala.shkoder.net\\\/wp-content\\\/uploads\\\/2011\\\/02\\\/sali_berisha_ne_ikje.jpg\"},{\"@type\":\"BreadcrumbList\",\"@id\":\"https:\\\/\\\/fjala.info\\\/2009-2015\\\/le-ta-bejme-te-lumtur-kryeministrin\\\/#breadcrumb\",\"itemListElement\":[{\"@type\":\"ListItem\",\"position\":1,\"name\":\"Home\",\"item\":\"https:\\\/\\\/fjala.info\\\/2009-2015\\\/\"},{\"@type\":\"ListItem\",\"position\":2,\"name\":\"Le ta b\u00ebjm\u00eb t\u00eb lumtur kryeministrin!\"}]},{\"@type\":\"WebSite\",\"@id\":\"https:\\\/\\\/fjala.info\\\/2009-2015\\\/#website\",\"url\":\"https:\\\/\\\/fjala.info\\\/2009-2015\\\/\",\"name\":\"FjALA e LIR\u00cb - Arkivi\",\"description\":\"Arkivi 2009-2015\",\"publisher\":{\"@id\":\"https:\\\/\\\/fjala.info\\\/2009-2015\\\/#organization\"},\"potentialAction\":[{\"@type\":\"SearchAction\",\"target\":{\"@type\":\"EntryPoint\",\"urlTemplate\":\"https:\\\/\\\/fjala.info\\\/2009-2015\\\/?s={search_term_string}\"},\"query-input\":{\"@type\":\"PropertyValueSpecification\",\"valueRequired\":true,\"valueName\":\"search_term_string\"}}],\"inLanguage\":\"sq-AL\"},{\"@type\":\"Organization\",\"@id\":\"https:\\\/\\\/fjala.info\\\/2009-2015\\\/#organization\",\"name\":\"FjALA e LIR\u00cb - Arkivi\",\"url\":\"https:\\\/\\\/fjala.info\\\/2009-2015\\\/\",\"logo\":{\"@type\":\"ImageObject\",\"inLanguage\":\"sq-AL\",\"@id\":\"https:\\\/\\\/fjala.info\\\/2009-2015\\\/#\\\/schema\\\/logo\\\/image\\\/\",\"url\":\"\",\"contentUrl\":\"\",\"caption\":\"FjALA e LIR\u00cb - Arkivi\"},\"image\":{\"@id\":\"https:\\\/\\\/fjala.info\\\/2009-2015\\\/#\\\/schema\\\/logo\\\/image\\\/\"}},{\"@type\":\"Person\",\"@id\":\"https:\\\/\\\/fjala.info\\\/2009-2015\\\/#\\\/schema\\\/person\\\/3aa1163ef05469c496fc94e77611ada2\",\"name\":\"admin\",\"image\":{\"@type\":\"ImageObject\",\"inLanguage\":\"sq-AL\",\"@id\":\"https:\\\/\\\/fjala.info\\\/2009-2015\\\/wp-content\\\/uploads\\\/2012\\\/02\\\/arben_cokaj-120x150.jpg\",\"url\":\"https:\\\/\\\/fjala.info\\\/2009-2015\\\/wp-content\\\/uploads\\\/2012\\\/02\\\/arben_cokaj-120x150.jpg\",\"contentUrl\":\"https:\\\/\\\/fjala.info\\\/2009-2015\\\/wp-content\\\/uploads\\\/2012\\\/02\\\/arben_cokaj-120x150.jpg\",\"caption\":\"admin\"},\"description\":\"Admin, Fjala e Lir\u00eb\",\"sameAs\":[\"https:\\\/\\\/fjala.info\\\/\"],\"url\":\"https:\\\/\\\/fjala.info\\\/2009-2015\\\/author\\\/admin\\\/\"}]}<\/script>\n<!-- \/ Yoast SEO plugin. -->","yoast_head_json":{"title":"Le ta b\u00ebjm\u00eb t\u00eb lumtur kryeministrin! - FjALA e LIR\u00cb - Arkivi","robots":{"index":"index","follow":"follow","max-snippet":"max-snippet:-1","max-image-preview":"max-image-preview:large","max-video-preview":"max-video-preview:-1"},"canonical":"https:\/\/fjala.info\/2009-2015\/le-ta-bejme-te-lumtur-kryeministrin\/","og_locale":"sq_AL","og_type":"article","og_title":"Le ta b\u00ebjm\u00eb t\u00eb lumtur kryeministrin! - FjALA e LIR\u00cb - Arkivi","og_description":"Nga Elvira Dones Kur i p\u00ebrjeton ngjarjet s\u00eb largu, ecin p\u00ebrkrahu dy t\u00eb v\u00ebrteta: heraher\u00ebs t\u00eb mungojn\u00eb nj\u00eb pjes\u00eb e holl\u00ebsirave e nd\u00ebrthurjeve t\u00eb asaj q\u00eb po ndodh n\u00eb Shqip\u00ebri. P\u00ebrkund\u00ebr, pik\u00ebrisht kjo munges\u00eb e holl\u00ebsirave ta leht\u00ebson k\u00ebqyrjen e thelbit (U b\u00ebn\u00eb vite q\u00eb pyes veten: m\u00eb mir\u00eb ta vuash s\u00ebmundjen n\u00eb vet\u00ebn e [&hellip;]","og_url":"https:\/\/fjala.info\/2009-2015\/le-ta-bejme-te-lumtur-kryeministrin\/","og_site_name":"FjALA e LIR\u00cb - Arkivi","article_published_time":"2011-02-03T20:15:30+00:00","og_image":[{"url":"http:\/\/fjala.shkoder.net\/wp-content\/uploads\/2011\/02\/sali_berisha_ne_ikje.jpg","type":"","width":"","height":""}],"author":"admin","twitter_card":"summary_large_image","twitter_misc":{"Written by":"admin","Est. reading time":"8 minutes"},"schema":{"@context":"https:\/\/schema.org","@graph":[{"@type":"Article","@id":"https:\/\/fjala.info\/2009-2015\/le-ta-bejme-te-lumtur-kryeministrin\/#article","isPartOf":{"@id":"https:\/\/fjala.info\/2009-2015\/le-ta-bejme-te-lumtur-kryeministrin\/"},"author":{"name":"admin","@id":"https:\/\/fjala.info\/2009-2015\/#\/schema\/person\/3aa1163ef05469c496fc94e77611ada2"},"headline":"Le ta b\u00ebjm\u00eb t\u00eb lumtur kryeministrin!","datePublished":"2011-02-03T20:15:30+00:00","mainEntityOfPage":{"@id":"https:\/\/fjala.info\/2009-2015\/le-ta-bejme-te-lumtur-kryeministrin\/"},"wordCount":1591,"commentCount":0,"publisher":{"@id":"https:\/\/fjala.info\/2009-2015\/#organization"},"image":{"@id":"https:\/\/fjala.info\/2009-2015\/le-ta-bejme-te-lumtur-kryeministrin\/#primaryimage"},"thumbnailUrl":"http:\/\/fjala.shkoder.net\/wp-content\/uploads\/2011\/02\/sali_berisha_ne_ikje.jpg","articleSection":["Artikuj"],"inLanguage":"sq-AL","potentialAction":[{"@type":"CommentAction","name":"Comment","target":["https:\/\/fjala.info\/2009-2015\/le-ta-bejme-te-lumtur-kryeministrin\/#respond"]}]},{"@type":"WebPage","@id":"https:\/\/fjala.info\/2009-2015\/le-ta-bejme-te-lumtur-kryeministrin\/","url":"https:\/\/fjala.info\/2009-2015\/le-ta-bejme-te-lumtur-kryeministrin\/","name":"Le ta b\u00ebjm\u00eb t\u00eb lumtur kryeministrin! - FjALA e LIR\u00cb - Arkivi","isPartOf":{"@id":"https:\/\/fjala.info\/2009-2015\/#website"},"primaryImageOfPage":{"@id":"https:\/\/fjala.info\/2009-2015\/le-ta-bejme-te-lumtur-kryeministrin\/#primaryimage"},"image":{"@id":"https:\/\/fjala.info\/2009-2015\/le-ta-bejme-te-lumtur-kryeministrin\/#primaryimage"},"thumbnailUrl":"http:\/\/fjala.shkoder.net\/wp-content\/uploads\/2011\/02\/sali_berisha_ne_ikje.jpg","datePublished":"2011-02-03T20:15:30+00:00","breadcrumb":{"@id":"https:\/\/fjala.info\/2009-2015\/le-ta-bejme-te-lumtur-kryeministrin\/#breadcrumb"},"inLanguage":"sq-AL","potentialAction":[{"@type":"ReadAction","target":["https:\/\/fjala.info\/2009-2015\/le-ta-bejme-te-lumtur-kryeministrin\/"]}]},{"@type":"ImageObject","inLanguage":"sq-AL","@id":"https:\/\/fjala.info\/2009-2015\/le-ta-bejme-te-lumtur-kryeministrin\/#primaryimage","url":"http:\/\/fjala.shkoder.net\/wp-content\/uploads\/2011\/02\/sali_berisha_ne_ikje.jpg","contentUrl":"http:\/\/fjala.shkoder.net\/wp-content\/uploads\/2011\/02\/sali_berisha_ne_ikje.jpg"},{"@type":"BreadcrumbList","@id":"https:\/\/fjala.info\/2009-2015\/le-ta-bejme-te-lumtur-kryeministrin\/#breadcrumb","itemListElement":[{"@type":"ListItem","position":1,"name":"Home","item":"https:\/\/fjala.info\/2009-2015\/"},{"@type":"ListItem","position":2,"name":"Le ta b\u00ebjm\u00eb t\u00eb lumtur kryeministrin!"}]},{"@type":"WebSite","@id":"https:\/\/fjala.info\/2009-2015\/#website","url":"https:\/\/fjala.info\/2009-2015\/","name":"FjALA e LIR\u00cb - Arkivi","description":"Arkivi 2009-2015","publisher":{"@id":"https:\/\/fjala.info\/2009-2015\/#organization"},"potentialAction":[{"@type":"SearchAction","target":{"@type":"EntryPoint","urlTemplate":"https:\/\/fjala.info\/2009-2015\/?s={search_term_string}"},"query-input":{"@type":"PropertyValueSpecification","valueRequired":true,"valueName":"search_term_string"}}],"inLanguage":"sq-AL"},{"@type":"Organization","@id":"https:\/\/fjala.info\/2009-2015\/#organization","name":"FjALA e LIR\u00cb - Arkivi","url":"https:\/\/fjala.info\/2009-2015\/","logo":{"@type":"ImageObject","inLanguage":"sq-AL","@id":"https:\/\/fjala.info\/2009-2015\/#\/schema\/logo\/image\/","url":"","contentUrl":"","caption":"FjALA e LIR\u00cb - Arkivi"},"image":{"@id":"https:\/\/fjala.info\/2009-2015\/#\/schema\/logo\/image\/"}},{"@type":"Person","@id":"https:\/\/fjala.info\/2009-2015\/#\/schema\/person\/3aa1163ef05469c496fc94e77611ada2","name":"admin","image":{"@type":"ImageObject","inLanguage":"sq-AL","@id":"https:\/\/fjala.info\/2009-2015\/wp-content\/uploads\/2012\/02\/arben_cokaj-120x150.jpg","url":"https:\/\/fjala.info\/2009-2015\/wp-content\/uploads\/2012\/02\/arben_cokaj-120x150.jpg","contentUrl":"https:\/\/fjala.info\/2009-2015\/wp-content\/uploads\/2012\/02\/arben_cokaj-120x150.jpg","caption":"admin"},"description":"Admin, Fjala e Lir\u00eb","sameAs":["https:\/\/fjala.info\/"],"url":"https:\/\/fjala.info\/2009-2015\/author\/admin\/"}]}},"_links":{"self":[{"href":"https:\/\/fjala.info\/2009-2015\/wp-json\/wp\/v2\/posts\/6133","targetHints":{"allow":["GET"]}}],"collection":[{"href":"https:\/\/fjala.info\/2009-2015\/wp-json\/wp\/v2\/posts"}],"about":[{"href":"https:\/\/fjala.info\/2009-2015\/wp-json\/wp\/v2\/types\/post"}],"author":[{"embeddable":true,"href":"https:\/\/fjala.info\/2009-2015\/wp-json\/wp\/v2\/users\/1"}],"replies":[{"embeddable":true,"href":"https:\/\/fjala.info\/2009-2015\/wp-json\/wp\/v2\/comments?post=6133"}],"version-history":[{"count":0,"href":"https:\/\/fjala.info\/2009-2015\/wp-json\/wp\/v2\/posts\/6133\/revisions"}],"wp:attachment":[{"href":"https:\/\/fjala.info\/2009-2015\/wp-json\/wp\/v2\/media?parent=6133"}],"wp:term":[{"taxonomy":"category","embeddable":true,"href":"https:\/\/fjala.info\/2009-2015\/wp-json\/wp\/v2\/categories?post=6133"},{"taxonomy":"post_tag","embeddable":true,"href":"https:\/\/fjala.info\/2009-2015\/wp-json\/wp\/v2\/tags?post=6133"}],"curies":[{"name":"wp","href":"https:\/\/api.w.org\/{rel}","templated":true}]}}