{"id":6130,"date":"2011-02-02T23:43:50","date_gmt":"2011-02-02T22:43:50","guid":{"rendered":"http:\/\/fjala.shkoder.net\/?p=6130"},"modified":"2011-02-02T23:43:50","modified_gmt":"2011-02-02T22:43:50","slug":"paranoja-berisha-per-tabulatet","status":"publish","type":"post","link":"https:\/\/fjala.info\/2009-2015\/paranoja-berisha-per-tabulatet\/","title":{"rendered":"\u201cParanoja Berisha\u201d p\u00ebr tabulatet"},"content":{"rendered":"<p><img loading=\"lazy\" decoding=\"async\" class=\"alignright size-full wp-image-4090\" title=\"Mero Baze\" src=\"http:\/\/fjala.shkoder.net\/wp-content\/uploads\/2010\/10\/mero_baze1.jpg\" alt=\"\" width=\"149\" height=\"200\" \/><br \/>\nNga <strong>Mero Baze<\/strong><\/p>\n<p>K\u00ebto dit\u00eb, her\u00eb me humor e her\u00eb me shqet\u00ebsim, kryeministri na ka vendosur n\u00eb qend\u00ebr t\u00eb v\u00ebmendjes s\u00eb qytetar\u00ebve t\u00eb Shqip\u00ebris\u00eb dhe komunitetit nd\u00ebrkomb\u00ebtar. Edhe pse kemi b\u00ebr\u00eb boll humor me lajthitjen e kryeministrit, s\u00ebrish un\u00eb dhe koleg\u00ebt e mi na duhet t\u00eb sqarojm\u00eb privatisht dhe publikisht nj\u00eb gj\u00eb shum\u00eb thelb\u00ebsore p\u00ebr k\u00ebt\u00eb zhvillim: Pse Sali Berisha ka fiksim tabulatet telefonike? M\u00eb i persekutuar n\u00eb raport me tri koleg\u00ebt e tjer\u00eb jam un\u00eb, pasi pyetjet ndaj meje fillojn\u00eb me parantez\u00ebn \u201cti e njeh at\u00eb, di gj\u00eb pse ka degraduar\u2026?\u201d. N\u00eb t\u00eb v\u00ebrtet e kam nj\u00eb shpjegim p\u00ebr fiksimin e tij p\u00ebr tabulatet. \u00cbsht\u00eb paksa i v\u00ebshtir\u00eb t\u00eb kuptohet kur nuk e ke njohur nga af\u00ebr at\u00eb njeri, por s\u00eb paku p\u00ebr disa an\u00ebtar\u00eb t\u00eb Komisionit q\u00eb kan\u00eb pasur rast t\u00eb pin\u00eb ndonj\u00ebher\u00eb kafe me Berish\u00ebn \u00ebsht\u00eb m\u00eb e qart\u00eb.<\/p>\n<p>N\u00ebse ka nj\u00eb ngjarje q\u00eb e ka ndryshuar t\u00ebr\u00ebsisht Sali Berish\u00ebn dhe historin\u00eb e tij me shoq\u00ebrin\u00eb shqiptare \u00ebsht\u00eb historia e G\u00ebrdecit. N\u00eb at\u00eb histori si rrall\u00eb n\u00eb ndonj\u00eb histori tjet\u00ebr korrupsioni ku vritet p\u00ebr t\u00eb vjedhur, Sali Berisha ka p\u00ebrjetuar nj\u00eb dram\u00eb t\u00eb r\u00ebnd\u00eb personale, shpirt\u00ebrore, politike dhe ligjore. Gj\u00ebrat q\u00eb e bashkonin dhe e largonin at\u00eb nga krimi ishin disa detaje aq t\u00eb vogla, sa po t\u00eb tregohej pak kujdes ai mund t\u00eb kishte dal\u00eb pa lagur. Si n\u00eb \u00e7do dram\u00eb t\u00eb madhe, dhe aty historin\u00eb e tradhtuan detajet.<\/p>\n<p>E tradhtoi detaji q\u00eb baxhanaku i tij dhe disa njer\u00ebz t\u00eb tjer\u00eb t\u00eb af\u00ebrt ishin drejtues ky\u00e7 t\u00eb dy bizneseve, t\u00eb demontimit dhe trafikut t\u00eb fishek\u00ebve drejt Afganistanit. E tradhtoi gruaja e tij n\u00eb intervist\u00ebn e saj t\u00eb par\u00eb publike pas tragjedis\u00eb kur tha \u201cE zeza si nuk i treguam Saliut\u201d dhe e kishte fjal\u00ebn p\u00ebr veten dhe djalin e saj Shk\u00eblzenin, e tradhtoi kunata e tij, motra e gruas, q\u00eb tha se burri i saj i vrar\u00eb n\u00eb G\u00ebrdec nuk mbante arka se nuk ishin keq p\u00ebr buk\u00eb t\u00eb goj\u00ebs, e tradhtoi vetja e tij kur n\u00eb mesdit\u00ebn e 15 marsit, duke lexuar tre emrat e viktimave t\u00eb para, nj\u00eb nga t\u00eb cil\u00ebt ishte dhe baxhanaku i tij, ndali nj\u00eb moment, pati nj\u00eb ng\u00ebr\u00e7, b\u00ebri sikur ju drodh z\u00ebri dhe tha Mehmet Hoxha n\u00eb vend t\u00eb emrit t\u00eb tij real Muhamet Hoxha. Por super-tradhtia i ndodhi nga TABULATET.<\/p>\n<p>Ai nxitoi t\u00eb thoshte se im bir s\u2019ka pasur kurr\u00eb lidhje me Delijorgjin, se nuk njiheshin kurr\u00eb, se nuk kan\u00eb folur kurr\u00eb, se nuk dinte gj\u00eb kurr\u00eb p\u00ebr at\u00eb q\u00eb ndodhte, dhe befas ne gjet\u00ebm tabulatet telefonike t\u00eb Delijorgjit, ku shihej qart\u00eb se pas shp\u00ebrthimit t\u00eb depos, pasi kishte folur me gruan dhe kunatin, njeriu me t\u00eb cilin ai kishte biseduar ishte Shk\u00eblzen Berisha. Kjo e rr\u00ebnoi Sali Berish\u00ebn. Pati m\u00eb pas plot fakte t\u00eb tjera. U botua faksi q\u00eb tregonte se Shk\u00eblzeni komandonte ministrat p\u00ebr G\u00ebrdecin, u botuan dokumente q\u00eb Rrahmani ishte p\u00ebrfaq\u00ebsues i firm\u00ebs fantazm\u00eb amerikane, u botuan t\u00eb af\u00ebrmit q\u00eb drejtonin biznesin n\u00eb G\u00ebrdec, por Sali Berish\u00ebn asgj\u00eb nuk e rr\u00ebnoi, nuk e plaku dhe ndryshoi brenda dit\u00ebs si politikan, si prind dhe si kryeminist\u00ebr se sa tabulati i bised\u00ebs s\u00eb djalit t\u00eb tij me biznesmenin e pafajsh\u00ebm, n\u00eb k\u00ebt\u00eb rast Delijorgji.<\/p>\n<p>Ai ishte nj\u00eb fakt komfort, kryene\u00e7, nga ata q\u00eb nuk kishte nevoj\u00eb t\u00eb deshifrohej apo t\u00eb m\u00ebsohej p\u00ebrmbajtja e bised\u00ebs. Ishte nj\u00eb bised\u00eb e nj\u00eb njeriu q\u00eb i kish ndodh nj\u00eb tragjedi dhe pasi po i linte amanetet gruas dhe kunatit, po fliste me njeriun me t\u00eb cilin e kishte k\u00ebt\u00eb biznes q\u00eb rezultoi vdekjeprur\u00ebs. Ishte i vetmi tabulat n\u00eb bot\u00eb, q\u00eb nuk k\u00ebrkonte shpjegime. Ishte i vetmi tabulat telefonik, p\u00ebr t\u00eb cilin Sali Berisha mund t\u00eb kishte dh\u00ebn\u00eb miliona q\u00eb t\u00eb zhdukej. Ina Rama nuk e zhduku dhe ai nuk ia fali kurr\u00eb.<\/p>\n<p>Sali Berisha nuk \u00ebsht\u00eb d\u00ebnuar p\u00ebr G\u00ebrdecin. Bile dhe ata q\u00eb po mbahen n\u00eb burg po dalin nj\u00eb nga nj\u00eb, pasi procesi ka degraduar. Por Sali Berisha \u00ebsht\u00eb njollosur keq p\u00ebr G\u00ebrdecin. Geraldo Durda \u00ebsht\u00eb nj\u00eb i ri q\u00eb shkruan shpesh tek gazeta ime dhe v\u00ebllai i tij 7 vje\u00e7ar Edison Durda ka vdekur nga ai shp\u00ebrthim. Geraldo nuk e harron kurr\u00eb fajtorin e asaj tragjedie, edhe pse drejt\u00ebsia nuk ka vepruar. Si Geraldo jan\u00eb shum\u00eb familjar\u00eb t\u00eb viktimave dhe miliona shqiptar\u00eb. Ata nuk kan\u00eb asgj\u00eb me Delijorgjin, as me Minxollin, as me Pinarin\u2026<\/p>\n<p>Atyre v\u00ebrtet u ka ndodhur nj\u00eb aksident teknik. Ata e kan\u00eb me njeriun q\u00eb theu t\u00eb gjitha ligjet p\u00ebr t\u00eb b\u00ebr\u00eb nj\u00eb biznes q\u00eb rezultoi vdekjeprur\u00ebs n\u00eb em\u00ebr t\u00eb pushtetit, dhe ai \u00ebsht\u00eb i biri i kryeministrit. Fakti q\u00eb lidh fort k\u00ebt\u00eb histori \u00ebsht\u00eb nj\u00eb tabulat bisede pak pas tragjedis\u00eb. Prej momentit q\u00eb ajo doli, Berisha u rr\u00ebnua pasi i ra p\u00ebrfundimisht maska e njeriut q\u00eb do qeveriste me duar t\u00eb pastra n\u00eb k\u00ebt\u00eb vend. Duart e pastra u p\u00ebrgjak\u00ebn, dhe ai ka nj\u00eb fiksim t\u00eb \u00e7mendur se kjo i ka ardhur nga tabulati. Prej asaj dite, sa her\u00eb q\u00eb atij i shfaqen p\u00ebrball\u00eb kund\u00ebrshtar\u00eb apo kritik\u00eb, sa her\u00eb q\u00eb dikush e refuzon apo kund\u00ebrshton, sa her\u00eb q\u00eb gazetar\u00ebt e sulmojn\u00eb apo nuk i sh\u00ebrbejn\u00eb, gj\u00ebja e par\u00eb q\u00eb i vjen nd\u00ebrmend se si t\u00eb hakmerret ndaj tyre \u00ebsht\u00eb \u201cTABULATI\u201d.<\/p>\n<p>Ai mendon se t\u00eb jesh kund\u00ebrshtar i tij \u00ebsht\u00eb krim, dhe krimi zbulohet nga TABULATI, meqen\u00ebse k\u00ebshtu u zbulua krimi i djalit t\u00eb tij. \u00cbsht\u00eb shum\u00eb personale, shum\u00eb psikologjike dhe shum\u00eb njer\u00ebzor makthi i tij. Tabulatet tona p\u00ebr fatin e tij t\u00eb keq nuk shpjegojn\u00eb asgj\u00eb, edhe sikur t\u2019ia japim jo vet\u00ebm si tabulate, por dhe si audio dhe tekste sms. Por kjo nuk e bind. Ai jeton dram\u00ebn e tij t\u00eb madhe t\u00eb asaj \u00e7far\u00eb i ka b\u00ebr\u00eb nj\u00eb tabulat. Nj\u00eb tabulat q\u00eb shpjegon pse vdiq\u00ebn 26 njer\u00ebz m\u00eb 15 mars 2008 prej djalit t\u00eb tij. Dhe ky makth do ta vras\u00eb dita-dit\u00ebs. Nuk e ka me ne. E ka me \u201ctabulatin\u201d q\u00eb i ka ndryshuar historin\u00eb nga nj\u00eb kryeminist\u00ebr me duar t\u00eb pastra n\u00eb kryeminist\u00ebr q\u00eb i jan\u00eb p\u00ebrgjakur duart duke vjedhur.<\/p>\n","protected":false},"excerpt":{"rendered":"<p>Nga Mero Baze K\u00ebto dit\u00eb, her\u00eb me humor e her\u00eb me shqet\u00ebsim, kryeministri na ka vendosur n\u00eb qend\u00ebr t\u00eb v\u00ebmendjes s\u00eb qytetar\u00ebve t\u00eb Shqip\u00ebris\u00eb dhe komunitetit nd\u00ebrkomb\u00ebtar. Edhe pse kemi b\u00ebr\u00eb boll humor me lajthitjen e kryeministrit, s\u00ebrish un\u00eb dhe koleg\u00ebt e mi na duhet t\u00eb sqarojm\u00eb privatisht dhe publikisht nj\u00eb gj\u00eb shum\u00eb thelb\u00ebsore p\u00ebr [&hellip;]<\/p>\n","protected":false},"author":1,"featured_media":0,"comment_status":"open","ping_status":"closed","sticky":false,"template":"","format":"standard","meta":{"footnotes":""},"categories":[2],"tags":[],"class_list":{"0":"post-6130","1":"post","2":"type-post","3":"status-publish","4":"format-standard","6":"category-artikuj"},"yoast_head":"<!-- This site is optimized with the Yoast SEO plugin v27.4 - https:\/\/yoast.com\/product\/yoast-seo-wordpress\/ -->\n<title>\u201cParanoja Berisha\u201d p\u00ebr tabulatet - FjALA e LIR\u00cb - Arkivi<\/title>\n<meta name=\"robots\" content=\"index, follow, max-snippet:-1, max-image-preview:large, max-video-preview:-1\" \/>\n<link rel=\"canonical\" href=\"https:\/\/fjala.info\/2009-2015\/paranoja-berisha-per-tabulatet\/\" \/>\n<meta property=\"og:locale\" content=\"sq_AL\" \/>\n<meta property=\"og:type\" content=\"article\" \/>\n<meta property=\"og:title\" content=\"\u201cParanoja Berisha\u201d p\u00ebr tabulatet - FjALA e LIR\u00cb - Arkivi\" \/>\n<meta property=\"og:description\" content=\"Nga Mero Baze K\u00ebto dit\u00eb, her\u00eb me humor e her\u00eb me shqet\u00ebsim, kryeministri na ka vendosur n\u00eb qend\u00ebr t\u00eb v\u00ebmendjes s\u00eb qytetar\u00ebve t\u00eb Shqip\u00ebris\u00eb dhe komunitetit nd\u00ebrkomb\u00ebtar. Edhe pse kemi b\u00ebr\u00eb boll humor me lajthitjen e kryeministrit, s\u00ebrish un\u00eb dhe koleg\u00ebt e mi na duhet t\u00eb sqarojm\u00eb privatisht dhe publikisht nj\u00eb gj\u00eb shum\u00eb thelb\u00ebsore p\u00ebr [&hellip;]\" \/>\n<meta property=\"og:url\" content=\"https:\/\/fjala.info\/2009-2015\/paranoja-berisha-per-tabulatet\/\" \/>\n<meta property=\"og:site_name\" content=\"FjALA e LIR\u00cb - Arkivi\" \/>\n<meta property=\"article:published_time\" content=\"2011-02-02T22:43:50+00:00\" \/>\n<meta property=\"og:image\" content=\"http:\/\/fjala.shkoder.net\/wp-content\/uploads\/2010\/10\/mero_baze1.jpg\" \/>\n<meta name=\"author\" content=\"admin\" \/>\n<meta name=\"twitter:card\" content=\"summary_large_image\" \/>\n<meta name=\"twitter:label1\" content=\"Written by\" \/>\n\t<meta name=\"twitter:data1\" content=\"admin\" \/>\n\t<meta name=\"twitter:label2\" content=\"Est. reading time\" \/>\n\t<meta name=\"twitter:data2\" content=\"6 minutes\" \/>\n<script type=\"application\/ld+json\" class=\"yoast-schema-graph\">{\"@context\":\"https:\\\/\\\/schema.org\",\"@graph\":[{\"@type\":\"Article\",\"@id\":\"https:\\\/\\\/fjala.info\\\/2009-2015\\\/paranoja-berisha-per-tabulatet\\\/#article\",\"isPartOf\":{\"@id\":\"https:\\\/\\\/fjala.info\\\/2009-2015\\\/paranoja-berisha-per-tabulatet\\\/\"},\"author\":{\"name\":\"admin\",\"@id\":\"https:\\\/\\\/fjala.info\\\/2009-2015\\\/#\\\/schema\\\/person\\\/3aa1163ef05469c496fc94e77611ada2\"},\"headline\":\"\u201cParanoja Berisha\u201d p\u00ebr tabulatet\",\"datePublished\":\"2011-02-02T22:43:50+00:00\",\"mainEntityOfPage\":{\"@id\":\"https:\\\/\\\/fjala.info\\\/2009-2015\\\/paranoja-berisha-per-tabulatet\\\/\"},\"wordCount\":1113,\"commentCount\":0,\"publisher\":{\"@id\":\"https:\\\/\\\/fjala.info\\\/2009-2015\\\/#organization\"},\"image\":{\"@id\":\"https:\\\/\\\/fjala.info\\\/2009-2015\\\/paranoja-berisha-per-tabulatet\\\/#primaryimage\"},\"thumbnailUrl\":\"http:\\\/\\\/fjala.shkoder.net\\\/wp-content\\\/uploads\\\/2010\\\/10\\\/mero_baze1.jpg\",\"articleSection\":[\"Artikuj\"],\"inLanguage\":\"sq-AL\",\"potentialAction\":[{\"@type\":\"CommentAction\",\"name\":\"Comment\",\"target\":[\"https:\\\/\\\/fjala.info\\\/2009-2015\\\/paranoja-berisha-per-tabulatet\\\/#respond\"]}]},{\"@type\":\"WebPage\",\"@id\":\"https:\\\/\\\/fjala.info\\\/2009-2015\\\/paranoja-berisha-per-tabulatet\\\/\",\"url\":\"https:\\\/\\\/fjala.info\\\/2009-2015\\\/paranoja-berisha-per-tabulatet\\\/\",\"name\":\"\u201cParanoja Berisha\u201d p\u00ebr tabulatet - FjALA e LIR\u00cb - Arkivi\",\"isPartOf\":{\"@id\":\"https:\\\/\\\/fjala.info\\\/2009-2015\\\/#website\"},\"primaryImageOfPage\":{\"@id\":\"https:\\\/\\\/fjala.info\\\/2009-2015\\\/paranoja-berisha-per-tabulatet\\\/#primaryimage\"},\"image\":{\"@id\":\"https:\\\/\\\/fjala.info\\\/2009-2015\\\/paranoja-berisha-per-tabulatet\\\/#primaryimage\"},\"thumbnailUrl\":\"http:\\\/\\\/fjala.shkoder.net\\\/wp-content\\\/uploads\\\/2010\\\/10\\\/mero_baze1.jpg\",\"datePublished\":\"2011-02-02T22:43:50+00:00\",\"breadcrumb\":{\"@id\":\"https:\\\/\\\/fjala.info\\\/2009-2015\\\/paranoja-berisha-per-tabulatet\\\/#breadcrumb\"},\"inLanguage\":\"sq-AL\",\"potentialAction\":[{\"@type\":\"ReadAction\",\"target\":[\"https:\\\/\\\/fjala.info\\\/2009-2015\\\/paranoja-berisha-per-tabulatet\\\/\"]}]},{\"@type\":\"ImageObject\",\"inLanguage\":\"sq-AL\",\"@id\":\"https:\\\/\\\/fjala.info\\\/2009-2015\\\/paranoja-berisha-per-tabulatet\\\/#primaryimage\",\"url\":\"http:\\\/\\\/fjala.shkoder.net\\\/wp-content\\\/uploads\\\/2010\\\/10\\\/mero_baze1.jpg\",\"contentUrl\":\"http:\\\/\\\/fjala.shkoder.net\\\/wp-content\\\/uploads\\\/2010\\\/10\\\/mero_baze1.jpg\"},{\"@type\":\"BreadcrumbList\",\"@id\":\"https:\\\/\\\/fjala.info\\\/2009-2015\\\/paranoja-berisha-per-tabulatet\\\/#breadcrumb\",\"itemListElement\":[{\"@type\":\"ListItem\",\"position\":1,\"name\":\"Home\",\"item\":\"https:\\\/\\\/fjala.info\\\/2009-2015\\\/\"},{\"@type\":\"ListItem\",\"position\":2,\"name\":\"\u201cParanoja Berisha\u201d p\u00ebr tabulatet\"}]},{\"@type\":\"WebSite\",\"@id\":\"https:\\\/\\\/fjala.info\\\/2009-2015\\\/#website\",\"url\":\"https:\\\/\\\/fjala.info\\\/2009-2015\\\/\",\"name\":\"FjALA e LIR\u00cb - Arkivi\",\"description\":\"Arkivi 2009-2015\",\"publisher\":{\"@id\":\"https:\\\/\\\/fjala.info\\\/2009-2015\\\/#organization\"},\"potentialAction\":[{\"@type\":\"SearchAction\",\"target\":{\"@type\":\"EntryPoint\",\"urlTemplate\":\"https:\\\/\\\/fjala.info\\\/2009-2015\\\/?s={search_term_string}\"},\"query-input\":{\"@type\":\"PropertyValueSpecification\",\"valueRequired\":true,\"valueName\":\"search_term_string\"}}],\"inLanguage\":\"sq-AL\"},{\"@type\":\"Organization\",\"@id\":\"https:\\\/\\\/fjala.info\\\/2009-2015\\\/#organization\",\"name\":\"FjALA e LIR\u00cb - Arkivi\",\"url\":\"https:\\\/\\\/fjala.info\\\/2009-2015\\\/\",\"logo\":{\"@type\":\"ImageObject\",\"inLanguage\":\"sq-AL\",\"@id\":\"https:\\\/\\\/fjala.info\\\/2009-2015\\\/#\\\/schema\\\/logo\\\/image\\\/\",\"url\":\"\",\"contentUrl\":\"\",\"caption\":\"FjALA e LIR\u00cb - Arkivi\"},\"image\":{\"@id\":\"https:\\\/\\\/fjala.info\\\/2009-2015\\\/#\\\/schema\\\/logo\\\/image\\\/\"}},{\"@type\":\"Person\",\"@id\":\"https:\\\/\\\/fjala.info\\\/2009-2015\\\/#\\\/schema\\\/person\\\/3aa1163ef05469c496fc94e77611ada2\",\"name\":\"admin\",\"image\":{\"@type\":\"ImageObject\",\"inLanguage\":\"sq-AL\",\"@id\":\"https:\\\/\\\/fjala.info\\\/2009-2015\\\/wp-content\\\/uploads\\\/2012\\\/02\\\/arben_cokaj-120x150.jpg\",\"url\":\"https:\\\/\\\/fjala.info\\\/2009-2015\\\/wp-content\\\/uploads\\\/2012\\\/02\\\/arben_cokaj-120x150.jpg\",\"contentUrl\":\"https:\\\/\\\/fjala.info\\\/2009-2015\\\/wp-content\\\/uploads\\\/2012\\\/02\\\/arben_cokaj-120x150.jpg\",\"caption\":\"admin\"},\"description\":\"Admin, Fjala e Lir\u00eb\",\"sameAs\":[\"https:\\\/\\\/fjala.info\\\/\"],\"url\":\"https:\\\/\\\/fjala.info\\\/2009-2015\\\/author\\\/admin\\\/\"}]}<\/script>\n<!-- \/ Yoast SEO plugin. -->","yoast_head_json":{"title":"\u201cParanoja Berisha\u201d p\u00ebr tabulatet - FjALA e LIR\u00cb - Arkivi","robots":{"index":"index","follow":"follow","max-snippet":"max-snippet:-1","max-image-preview":"max-image-preview:large","max-video-preview":"max-video-preview:-1"},"canonical":"https:\/\/fjala.info\/2009-2015\/paranoja-berisha-per-tabulatet\/","og_locale":"sq_AL","og_type":"article","og_title":"\u201cParanoja Berisha\u201d p\u00ebr tabulatet - FjALA e LIR\u00cb - Arkivi","og_description":"Nga Mero Baze K\u00ebto dit\u00eb, her\u00eb me humor e her\u00eb me shqet\u00ebsim, kryeministri na ka vendosur n\u00eb qend\u00ebr t\u00eb v\u00ebmendjes s\u00eb qytetar\u00ebve t\u00eb Shqip\u00ebris\u00eb dhe komunitetit nd\u00ebrkomb\u00ebtar. Edhe pse kemi b\u00ebr\u00eb boll humor me lajthitjen e kryeministrit, s\u00ebrish un\u00eb dhe koleg\u00ebt e mi na duhet t\u00eb sqarojm\u00eb privatisht dhe publikisht nj\u00eb gj\u00eb shum\u00eb thelb\u00ebsore p\u00ebr [&hellip;]","og_url":"https:\/\/fjala.info\/2009-2015\/paranoja-berisha-per-tabulatet\/","og_site_name":"FjALA e LIR\u00cb - Arkivi","article_published_time":"2011-02-02T22:43:50+00:00","og_image":[{"url":"http:\/\/fjala.shkoder.net\/wp-content\/uploads\/2010\/10\/mero_baze1.jpg","type":"","width":"","height":""}],"author":"admin","twitter_card":"summary_large_image","twitter_misc":{"Written by":"admin","Est. reading time":"6 minutes"},"schema":{"@context":"https:\/\/schema.org","@graph":[{"@type":"Article","@id":"https:\/\/fjala.info\/2009-2015\/paranoja-berisha-per-tabulatet\/#article","isPartOf":{"@id":"https:\/\/fjala.info\/2009-2015\/paranoja-berisha-per-tabulatet\/"},"author":{"name":"admin","@id":"https:\/\/fjala.info\/2009-2015\/#\/schema\/person\/3aa1163ef05469c496fc94e77611ada2"},"headline":"\u201cParanoja Berisha\u201d p\u00ebr tabulatet","datePublished":"2011-02-02T22:43:50+00:00","mainEntityOfPage":{"@id":"https:\/\/fjala.info\/2009-2015\/paranoja-berisha-per-tabulatet\/"},"wordCount":1113,"commentCount":0,"publisher":{"@id":"https:\/\/fjala.info\/2009-2015\/#organization"},"image":{"@id":"https:\/\/fjala.info\/2009-2015\/paranoja-berisha-per-tabulatet\/#primaryimage"},"thumbnailUrl":"http:\/\/fjala.shkoder.net\/wp-content\/uploads\/2010\/10\/mero_baze1.jpg","articleSection":["Artikuj"],"inLanguage":"sq-AL","potentialAction":[{"@type":"CommentAction","name":"Comment","target":["https:\/\/fjala.info\/2009-2015\/paranoja-berisha-per-tabulatet\/#respond"]}]},{"@type":"WebPage","@id":"https:\/\/fjala.info\/2009-2015\/paranoja-berisha-per-tabulatet\/","url":"https:\/\/fjala.info\/2009-2015\/paranoja-berisha-per-tabulatet\/","name":"\u201cParanoja Berisha\u201d p\u00ebr tabulatet - FjALA e LIR\u00cb - Arkivi","isPartOf":{"@id":"https:\/\/fjala.info\/2009-2015\/#website"},"primaryImageOfPage":{"@id":"https:\/\/fjala.info\/2009-2015\/paranoja-berisha-per-tabulatet\/#primaryimage"},"image":{"@id":"https:\/\/fjala.info\/2009-2015\/paranoja-berisha-per-tabulatet\/#primaryimage"},"thumbnailUrl":"http:\/\/fjala.shkoder.net\/wp-content\/uploads\/2010\/10\/mero_baze1.jpg","datePublished":"2011-02-02T22:43:50+00:00","breadcrumb":{"@id":"https:\/\/fjala.info\/2009-2015\/paranoja-berisha-per-tabulatet\/#breadcrumb"},"inLanguage":"sq-AL","potentialAction":[{"@type":"ReadAction","target":["https:\/\/fjala.info\/2009-2015\/paranoja-berisha-per-tabulatet\/"]}]},{"@type":"ImageObject","inLanguage":"sq-AL","@id":"https:\/\/fjala.info\/2009-2015\/paranoja-berisha-per-tabulatet\/#primaryimage","url":"http:\/\/fjala.shkoder.net\/wp-content\/uploads\/2010\/10\/mero_baze1.jpg","contentUrl":"http:\/\/fjala.shkoder.net\/wp-content\/uploads\/2010\/10\/mero_baze1.jpg"},{"@type":"BreadcrumbList","@id":"https:\/\/fjala.info\/2009-2015\/paranoja-berisha-per-tabulatet\/#breadcrumb","itemListElement":[{"@type":"ListItem","position":1,"name":"Home","item":"https:\/\/fjala.info\/2009-2015\/"},{"@type":"ListItem","position":2,"name":"\u201cParanoja Berisha\u201d p\u00ebr tabulatet"}]},{"@type":"WebSite","@id":"https:\/\/fjala.info\/2009-2015\/#website","url":"https:\/\/fjala.info\/2009-2015\/","name":"FjALA e LIR\u00cb - Arkivi","description":"Arkivi 2009-2015","publisher":{"@id":"https:\/\/fjala.info\/2009-2015\/#organization"},"potentialAction":[{"@type":"SearchAction","target":{"@type":"EntryPoint","urlTemplate":"https:\/\/fjala.info\/2009-2015\/?s={search_term_string}"},"query-input":{"@type":"PropertyValueSpecification","valueRequired":true,"valueName":"search_term_string"}}],"inLanguage":"sq-AL"},{"@type":"Organization","@id":"https:\/\/fjala.info\/2009-2015\/#organization","name":"FjALA e LIR\u00cb - Arkivi","url":"https:\/\/fjala.info\/2009-2015\/","logo":{"@type":"ImageObject","inLanguage":"sq-AL","@id":"https:\/\/fjala.info\/2009-2015\/#\/schema\/logo\/image\/","url":"","contentUrl":"","caption":"FjALA e LIR\u00cb - Arkivi"},"image":{"@id":"https:\/\/fjala.info\/2009-2015\/#\/schema\/logo\/image\/"}},{"@type":"Person","@id":"https:\/\/fjala.info\/2009-2015\/#\/schema\/person\/3aa1163ef05469c496fc94e77611ada2","name":"admin","image":{"@type":"ImageObject","inLanguage":"sq-AL","@id":"https:\/\/fjala.info\/2009-2015\/wp-content\/uploads\/2012\/02\/arben_cokaj-120x150.jpg","url":"https:\/\/fjala.info\/2009-2015\/wp-content\/uploads\/2012\/02\/arben_cokaj-120x150.jpg","contentUrl":"https:\/\/fjala.info\/2009-2015\/wp-content\/uploads\/2012\/02\/arben_cokaj-120x150.jpg","caption":"admin"},"description":"Admin, Fjala e Lir\u00eb","sameAs":["https:\/\/fjala.info\/"],"url":"https:\/\/fjala.info\/2009-2015\/author\/admin\/"}]}},"_links":{"self":[{"href":"https:\/\/fjala.info\/2009-2015\/wp-json\/wp\/v2\/posts\/6130","targetHints":{"allow":["GET"]}}],"collection":[{"href":"https:\/\/fjala.info\/2009-2015\/wp-json\/wp\/v2\/posts"}],"about":[{"href":"https:\/\/fjala.info\/2009-2015\/wp-json\/wp\/v2\/types\/post"}],"author":[{"embeddable":true,"href":"https:\/\/fjala.info\/2009-2015\/wp-json\/wp\/v2\/users\/1"}],"replies":[{"embeddable":true,"href":"https:\/\/fjala.info\/2009-2015\/wp-json\/wp\/v2\/comments?post=6130"}],"version-history":[{"count":0,"href":"https:\/\/fjala.info\/2009-2015\/wp-json\/wp\/v2\/posts\/6130\/revisions"}],"wp:attachment":[{"href":"https:\/\/fjala.info\/2009-2015\/wp-json\/wp\/v2\/media?parent=6130"}],"wp:term":[{"taxonomy":"category","embeddable":true,"href":"https:\/\/fjala.info\/2009-2015\/wp-json\/wp\/v2\/categories?post=6130"},{"taxonomy":"post_tag","embeddable":true,"href":"https:\/\/fjala.info\/2009-2015\/wp-json\/wp\/v2\/tags?post=6130"}],"curies":[{"name":"wp","href":"https:\/\/api.w.org\/{rel}","templated":true}]}}