{"id":6127,"date":"2011-02-02T23:29:18","date_gmt":"2011-02-02T22:29:18","guid":{"rendered":"http:\/\/fjala.shkoder.net\/?p=6127"},"modified":"2011-02-02T23:29:18","modified_gmt":"2011-02-02T22:29:18","slug":"zgjedhje-te-parakohshme-2","status":"publish","type":"post","link":"https:\/\/fjala.info\/2009-2015\/zgjedhje-te-parakohshme-2\/","title":{"rendered":"Zgjedhje t\u00eb parakohshme?"},"content":{"rendered":"<p><strong>Artan Xh. Duka<\/strong>, <em>02.02.2011<\/em><\/p>\n<p>Kriza perpetum!Kur &#8216;ena&#8217; social-ekonomike tejvlon e shigjeta \u00ebsht\u00eb n\u00eb &#8216;zon\u00ebn e kuqe&#8217;, shkarkimi i presionit p\u00ebrmes valvolave demokratike &#8211; dor\u00ebheqje individuale, rikompozim qeveritar e deri zgjedhje t\u00eb parakoh\u00ebshme jan\u00eb pritshm\u00ebri normale p\u00ebr nj\u00eb qeveri NATO-je e opozita \u00ebsht\u00eb n\u00eb misionin e saj kur insiston n\u00eb t\u00eb.<\/p>\n<p style=\"text-align: center;\"><a href=\"http:\/\/www.shekulli.com.al\/2011\/02\/01\/shekulli-ju-fton-ti-ndihmojme.html#c331736\"><img loading=\"lazy\" decoding=\"async\" class=\"alignnone size-full wp-image-6117\" title=\"web_banner\" src=\"http:\/\/fjala.shkoder.net\/wp-content\/uploads\/2011\/02\/web_banner.jpg\" alt=\"\" width=\"500\" height=\"66\" \/><\/a><\/p>\n<p>N\u00ebse politika ka p\u00ebr moto stabilitetin e v\u00ebndit, prej shum\u00eb muajsh ai \u00ebsht\u00eb marr\u00eb peng prej saj teksa ende debatohet p\u00ebr &#8216;tabu&#8217; t\u00eb demokracis\u00eb &#8211; vota e lir\u00eb e p\u00ebrgjegjshm\u00ebria qeveritare me pasoja n\u00eb jet\u00ebn e v\u00ebndit. Kemi pezulli t\u00eb reformave strukturore, BE na ktheu &#8216;th\u00ebmbrat nga majat&#8217;, na hapi kufijt\u00eb t\u00eb fundit por me &#8216;kok\u00ebn t\u00eb kapur n\u00eb der\u00eb&#8217;, matrica e investimeve denoncohet prej opozit\u00ebs e medias p\u00ebr korrupsion, mostransparenc\u00eb e klienteliz\u00ebm, buxheti \u00ebsht\u00eb &#8216;vrim\u00eb e zez\u00eb&#8217; q\u00eb shp\u00ebrdorohet hapur, harta e varf\u00ebris\u00eb zgjerohet, jeta e dinjiteti jan\u00eb zhvler\u00ebsuar, nepotiz\u00ebm elitar, mikrokorrupsion q\u00eb stimulohet m\u00eb tej prej modeleve lart, mosbesim t\u00eb theksuar mes pal\u00ebve rreth liris\u00eb e transparenc\u00ebs s\u00eb vot\u00ebs, protesta t\u00eb shumta deri me sakrifica sublime apo media q\u00eb p\u00ebrp\u00eblitet n\u00eb dar\u00ebn e politik\u00ebs.<\/p>\n<p>Stabilitet qeverisjeje apo stabilitet shoq\u00ebror!N\u00ebse prioritet \u00ebsht\u00eb stabiliteti i shoq\u00ebris\u00eb e jo t\u00eb qeverisjes, qytetarit e jo politikanit, statukuoja e vlerave demokratike e jo abuzimi autokrat, kur nga lufta mes &#8216;titan\u00ebve&#8217; nuk ka asnj\u00eb t\u00eb fituar p\u00ebrve\u00e7 politik\u00ebs e asnj\u00eb t\u00eb humbur p\u00ebrve\u00e7 shoq\u00ebris\u00eb, n\u00eb kushtet kur &#8216;vlimi&#8217; popullor del jasht\u00eb kontrollit, valvula e shkarkimit mbetet ve\u00e7 zgjedhjet e parakoh\u00ebshme. Statukuoja politike e tanishme nuk garanton stabilitet shoq\u00ebror e prishja apo &#8216;reboot&#8217; e saj p\u00ebrmes zgjedhjeve t\u00eb parakoh\u00ebshme mbeten shpresa p\u00ebr stabilitetin e d\u00ebshiruar.<\/p>\n<p>&#8216;Mocioni i Mosbesimit&#8217; popullorN\u00eb k\u00ebt\u00eb kontekst dramatik social-ekonomik, kampi opozitar po shnd\u00ebrrohet n\u00eb front multi-ideologjik p\u00ebr shkak t\u00eb konvergimit t\u00eb interesave t\u00eb shtresave q\u00eb, ndonse ideologjikisht ndahen, p\u00ebrjetojn\u00eb nj\u00eblloj efektet e bllokimit t\u00eb sistemit, demokracis\u00eb tribale duke par\u00eb zgjedhjet e parakoh\u00ebshme si shansin e vet\u00ebm p\u00ebr t\u00eb evituar pre\u00e7edentin e &#8216;tok\u00ebs s\u00eb djegur&#8217;. N\u00ebse mekanizmat kushtetues favorizojn\u00eb stabilitetin e qeverisjes, kur kjo nuk promovon stabilitet shoq\u00ebror, mbetet mekanizmi moral &#8211; &#8216;mocioni i mosbesimit popullor&#8217; shprehje e s\u00eb cil\u00ebs jan\u00eb protestat e pandalshme e masive q\u00eb p\u00ebrtej &#8216;pik\u00ebs pakthim&#8217; nuk amortizohen as me rrokad\u00eb kryeministrore apo rikompozim qeveritar p\u00ebr shkak t\u00eb paragjykimit t\u00eb mazhoranc\u00ebs q\u00eb shkoi tep\u00ebr larg me karshill\u00ebkun ndaj vot\u00ebs, abuzimin me qeverisjen e ushtrimin absurd t\u00eb dhun\u00ebs.<\/p>\n<p>Kriza &#8216;pakthim&#8217; e besimit Zgjedhjet lokale jan\u00eb tejkaluar tashm\u00eb si testi p\u00ebr t\u00eb vler\u00ebsuar mbajtjen apo jo t\u00eb atyre t\u00eb p\u00ebrgjithshme sepse dinamika e deritanishme e ngjarjeve &#8211; arroganca e KQZ, pandjeshm\u00ebria e mazhoranc\u00ebs ndaj institucioneve t\u00eb huaja, intimidimi ndaj administrat\u00ebs e pushteteve t\u00eb tjera, djegja e flet\u00ebve t\u00eb votimit, roli i Ministris\u00eb s\u00eb Br\u00ebnd\u00ebshme e akuzuar prej opozit\u00ebs p\u00ebr fanatiz\u00ebm partiak dhe jo profesionaliz\u00ebm, denigrimi i protestave paq\u00ebsore e tashm\u00eb sakrifica sublime e tre protestuesve q\u00eb provokoi &#8216;pik\u00ebn e moskthimit&#8217;, nuk ofron m\u00eb garanci p\u00ebr objektivitet t\u00eb pro\u00e7esit e transparenc\u00ebs.<\/p>\n<p>Pre\u00e7edent i (mos)marrjes peng t\u00eb Republik\u00ebs!Zgjedhjet e 2009 nuk ishin t\u00eb standartit t\u00eb NATO ndaj sesa arsye m\u00eb pak jan\u00eb arsye m\u00eb shum\u00eb p\u00ebr rikonfirmim t\u00eb vullnetit t\u00eb elektoratit n\u00eb kushtet kur mazhoranca abuzoi me mir\u00ebbesimin e \u00e7ertifikuesve nd\u00ebrkomb\u00ebtar e performon larg pritshm\u00ebris\u00eb t\u00eb nj\u00eb qeverie NATO-je. Zgjedhjet e parakoh\u00ebshme nuk jan\u00eb shp\u00ebrblim p\u00ebr opozit\u00ebn q\u00eb kryen detyr\u00ebn kushtetuese n\u00eb denoncimin e abuzimit qeveritar, me efekt t\u00eb &#8216;pad\u00ebshiruesh\u00ebm&#8217; pre\u00e7edentin e &#8216;marrjes peng&#8217; t\u00eb Republik\u00ebs n\u00eb t\u00eb ardhmen por obligim ndaj publikut e pre\u00e7edent i d\u00ebshiruesh\u00ebm i &#8216;mosmarrjes peng&#8217; t\u00eb saj prej qeverive abuzuese n\u00eb t\u00eb ardhmen.<\/p>\n<p>Sfida nuk \u00ebsht\u00eb dekurajimi e shtypja e protestave por mosprovokimi i tyre p\u00ebrmes qeverisjeve t\u00eb p\u00ebrgjegjshme n\u00eb respekt t\u00eb Republik\u00ebs q\u00eb tanim\u00eb e din\u00eb se \u00e7far\u00eb pason n\u00ebse derdhet &#8216;kupa&#8217; e abuzimit e intimidimit t\u00eb t\u00eb drejtave kushtetuese. N\u00ebse nuk kemi zgjedhje t\u00eb reja dhe nuk krijojm\u00eb pre\u00e7edentin e nd\u00ebshkimit politik, pushteti imunizohet prej llogaridh\u00ebnies e abuzimi ve\u00e7 riciklohet me opozit\u00ebn n\u00eb pushtet. N\u00ebse stabiliteti qeverisjes dhe jo i shoq\u00ebris\u00eb shnd\u00ebrrohet n\u00eb q\u00ebllim m\u00eb vete, nuk mbetet ve\u00e7 t\u00eb hiqet prej Kushtetut\u00ebs e drejta e opozit\u00ebs p\u00ebr mocion t\u00eb mosbesimit duke legalizuar k\u00ebshtu karshill\u00ebkun ndaj elektoratit.<\/p>\n<p>Respektimi standarteve fillon nga mazhorancaN\u00eb nj\u00eb v\u00ebnd t\u00eb NATO e para q\u00eb duhet t\u00eb standartizohet demokratisht \u00ebsht\u00eb mazhoranca. Opozita duhet t\u00eb mos abuzoj\u00eb me t\u00eb drejtat e saj kushtetuese e nd\u00ebr to dhe tubimi por mazhoranca shum\u00eb m\u00eb her\u00ebt se 21 Janarit duhej t\u00eb reagonte si nj\u00eb qeveri n\u00eb NATO duke v\u00ebn\u00eb n\u00eb dispozicion e jo imunizuar t\u00eb dyshuarit e G\u00ebrdecit, respektuar e d\u00ebshmuar vullnet p\u00ebr transparenc\u00ebn zgjedhore, respektuar rezolut\u00ebn e PE, spastruar individ\u00ebt e p\u00ebrfolur p\u00ebr korrupsion dhe rikompozuar apo ofruar dor\u00ebheqjen pas tragjedis\u00eb s\u00eb 21 Janarit. Tubimi i 21 Janarit degjeneroi n\u00eb dhun\u00eb por faji nuk \u00ebsht\u00eb simetrik.<\/p>\n<p>P\u00ebrtej intimidimit t\u00eb opozit\u00ebs deri n\u00eb 20 janar tashm\u00eb po projektohet inkriminimi i saj dhe kjo \u00ebsht\u00eb &#8216;paloburr\u00ebshtet\u00ebsi&#8217;! P\u00ebrpara se per\u00ebndimi t&#8217;i k\u00ebrkoj\u00eb normalitet demokratik opozit\u00ebs t\u00eb intimiduar e shp\u00ebrfillur n\u00eb ekstrem, ai duhet t\u00eb verifikoj\u00eb marr\u00ebdh\u00ebniet me nj\u00eb mazhoranc\u00eb q\u00eb duke mos respektuar opozit\u00ebn, nuk ka respektuar shoq\u00ebrin\u00eb, vlerat per\u00ebndimore q\u00eb aspirojm\u00eb dhe vet\u00eb per\u00ebndimin q\u00eb i ka p\u00ebr shum\u00eb z\u00ebm\u00ebr ato.<\/p>\n<p>&#8216;Gandiz\u00ebm&#8217; q\u00eb impresionon e impononTubimi homazh i 28 Janarit, nderoi jet\u00ebn e d\u00ebshmor\u00ebve m\u00eb t\u00eb fundit t\u00eb demokracis\u00eb, lart\u00ebsoi nj\u00eb komb p\u00ebrpara opinionit bot\u00ebror e konfirmoi &#8216;Gandizmin&#8217; opozitar q\u00eb impresionon e imponon p\u00ebrball\u00eb &#8216;burr\u00ebshtet\u00ebsis\u00eb&#8217; surrogate t\u00eb mazhoranc\u00ebs q\u00eb e akredituar n\u00eb m\u00ebnyr\u00eb absurde prej per\u00ebndimit, ngre pik\u00ebpyetje rreth konsistenc\u00ebs s\u00eb realizmit t\u00eb perceptimit t\u00eb tij politik. I paragjykuar padrejt\u00ebsisht, tubimi theu frik\u00ebn e intimidimit ndaj nj\u00eb opozite q\u00eb n\u00ebse do e anullonte at\u00eb, nuk do t\u00eb &#8216;guxonte&#8217; m\u00eb t\u00eb tjer\u00eb duke krijuar nj\u00eb standart demokracie &#8216;buono per Albania&#8217;.<\/p>\n<p>Nd\u00ebrsa ka fituar opinionin e br\u00ebndsh\u00ebm, sfida e opozit\u00ebs \u00ebsht\u00eb lobimi i per\u00ebndimit p\u00ebr t\u00eb davaritur \u00e7do hezitim apo m\u00ebdyshje e garantuar partnership solid n\u00ebn frym\u00ebn e vlerave t\u00eb p\u00ebrbashk\u00ebta t\u00eb qytet\u00ebrimit demokratik per\u00ebndimor konfirmimi i t\u00eb cilave p\u00ebrb\u00ebn &#8216;burr\u00ebshtet\u00ebsi&#8217; politike reale.<\/p>\n<p>Zgjedhje t\u00eb parakoh\u00ebshme jo t\u00eb parakoh\u00ebshme! Pas 21 Janarit arsyet nuk jan\u00eb pak\u00ebsuar por jan\u00eb kompletuar p\u00ebr t\u00eb lan\u00e7uar zgjedhje t\u00eb parakoh\u00ebshme. P\u00ebr mazhoranc\u00ebn \u00ebsht\u00eb shansi p\u00ebr t\u00eb rikonfirmuar 2009 e marzhinalizuar &#8216;pu\u00e7ist\u00ebt&#8217; q\u00eb luftojn\u00eb me &#8216;mullinjt\u00eb e er\u00ebs&#8217;. Ajo ka shansin e inicimit e kreditimit q\u00eb pason n\u00ebse e para lan\u00e7on ato duke pritur si kompensim p\u00ebr &#8216;burr\u00ebshtet\u00ebsin\u00eb&#8217; statukuon\u00eb qeveritare deri n\u00eb zgjedhje me avantazhet &#8216;legale&#8217; si kontrolli institucioneve, administrat\u00ebs, fondet, media. Kjo sepse zgjedhjet jan\u00eb n\u00eb funksion t\u00eb zgjidhjeve e jo t\u00eb riciklimit t\u00eb ng\u00ebr\u00e7eve ndaj p\u00ebr opozit\u00ebn parakohshm\u00ebria e zgjedhjeve t\u00eb parakohshme apo zhvillimi n\u00ebn administrimin e qeveris\u00eb q\u00eb nuk ofron garanci e nuk respekton transparenc\u00ebn, do t\u00eb provokonte potencialisht nj\u00eb cik\u00ebl t\u00eb ri abuzimesh zgjedhore, karshill\u00ebk ndaj opozit\u00ebs e tension pambarim p\u00ebr shoq\u00ebrin\u00eb.<\/p>\n<p>Qeveri e &#8216;Mir\u00ebbesimit&#8217;Sfida e opozit\u00ebs \u00ebsht\u00eb organizimi i zgjedhjeve t\u00eb parakoh\u00ebshme n\u00eb koh\u00ebn e duhur prej nj\u00eb qeverie t\u00eb &#8216;Besimit&#8217; apo &#8216;Mir\u00ebbesimit&#8217; p\u00ebr t\u00eb balancuar e neutralizuar politizimin fanatik n\u00eb administrat\u00ebn p\u00ebrgjegj\u00ebse direkt apo indirekt p\u00ebr zgjedhjet. Nj\u00ebkoh\u00ebsisht apo n\u00eb distanc\u00eb disa mujore prej atyre lokale por me kushtin e vet\u00ebm q\u00eb secila t\u00eb administrohet prej &#8216;Qeveris\u00eb s\u00eb Mir\u00ebbesimit&#8217;. Ato duhet t\u00eb paraprihen edhe nga p\u00ebrmbushja e teknikaliteteve si karta identiteti online, filtrim listave zgjedhore, garanci p\u00ebr rishikim rezultati apo monitorim t\u00eb fondeve elektorale. Zgjedhjet e parakoh\u00ebshme ve\u00e7 m\u00eb mir\u00eb shpien. Kushti i vet\u00ebm \u00ebsht\u00eb respektimi votes dhe besimi reciprok garantuar prej Qeveris\u00eb s\u00eb &#8216;Mir\u00ebbesimit&#8217;.<\/p>\n","protected":false},"excerpt":{"rendered":"<p>Artan Xh. Duka, 02.02.2011 Kriza perpetum!Kur &#8216;ena&#8217; social-ekonomike tejvlon e shigjeta \u00ebsht\u00eb n\u00eb &#8216;zon\u00ebn e kuqe&#8217;, shkarkimi i presionit p\u00ebrmes valvolave demokratike &#8211; dor\u00ebheqje individuale, rikompozim qeveritar e deri zgjedhje t\u00eb parakoh\u00ebshme jan\u00eb pritshm\u00ebri normale p\u00ebr nj\u00eb qeveri NATO-je e opozita \u00ebsht\u00eb n\u00eb misionin e saj kur insiston n\u00eb t\u00eb. N\u00ebse politika ka p\u00ebr moto [&hellip;]<\/p>\n","protected":false},"author":1,"featured_media":0,"comment_status":"open","ping_status":"closed","sticky":false,"template":"","format":"standard","meta":{"footnotes":""},"categories":[2],"tags":[],"class_list":{"0":"post-6127","1":"post","2":"type-post","3":"status-publish","4":"format-standard","6":"category-artikuj"},"yoast_head":"<!-- This site is optimized with the Yoast SEO plugin v27.4 - https:\/\/yoast.com\/product\/yoast-seo-wordpress\/ -->\n<title>Zgjedhje t\u00eb parakohshme? - FjALA e LIR\u00cb - Arkivi<\/title>\n<meta name=\"robots\" content=\"index, follow, max-snippet:-1, max-image-preview:large, max-video-preview:-1\" \/>\n<link rel=\"canonical\" href=\"https:\/\/fjala.info\/2009-2015\/zgjedhje-te-parakohshme-2\/\" \/>\n<meta property=\"og:locale\" content=\"sq_AL\" \/>\n<meta property=\"og:type\" content=\"article\" \/>\n<meta property=\"og:title\" content=\"Zgjedhje t\u00eb parakohshme? - FjALA e LIR\u00cb - Arkivi\" \/>\n<meta property=\"og:description\" content=\"Artan Xh. Duka, 02.02.2011 Kriza perpetum!Kur &#8216;ena&#8217; social-ekonomike tejvlon e shigjeta \u00ebsht\u00eb n\u00eb &#8216;zon\u00ebn e kuqe&#8217;, shkarkimi i presionit p\u00ebrmes valvolave demokratike &#8211; dor\u00ebheqje individuale, rikompozim qeveritar e deri zgjedhje t\u00eb parakoh\u00ebshme jan\u00eb pritshm\u00ebri normale p\u00ebr nj\u00eb qeveri NATO-je e opozita \u00ebsht\u00eb n\u00eb misionin e saj kur insiston n\u00eb t\u00eb. N\u00ebse politika ka p\u00ebr moto [&hellip;]\" \/>\n<meta property=\"og:url\" content=\"https:\/\/fjala.info\/2009-2015\/zgjedhje-te-parakohshme-2\/\" \/>\n<meta property=\"og:site_name\" content=\"FjALA e LIR\u00cb - Arkivi\" \/>\n<meta property=\"article:published_time\" content=\"2011-02-02T22:29:18+00:00\" \/>\n<meta property=\"og:image\" content=\"http:\/\/fjala.shkoder.net\/wp-content\/uploads\/2011\/02\/web_banner.jpg\" \/>\n<meta name=\"author\" content=\"admin\" \/>\n<meta name=\"twitter:card\" content=\"summary_large_image\" \/>\n<meta name=\"twitter:label1\" content=\"Written by\" \/>\n\t<meta name=\"twitter:data1\" content=\"admin\" \/>\n\t<meta name=\"twitter:label2\" content=\"Est. reading time\" \/>\n\t<meta name=\"twitter:data2\" content=\"7 minutes\" \/>\n<script type=\"application\/ld+json\" class=\"yoast-schema-graph\">{\"@context\":\"https:\\\/\\\/schema.org\",\"@graph\":[{\"@type\":\"Article\",\"@id\":\"https:\\\/\\\/fjala.info\\\/2009-2015\\\/zgjedhje-te-parakohshme-2\\\/#article\",\"isPartOf\":{\"@id\":\"https:\\\/\\\/fjala.info\\\/2009-2015\\\/zgjedhje-te-parakohshme-2\\\/\"},\"author\":{\"name\":\"admin\",\"@id\":\"https:\\\/\\\/fjala.info\\\/2009-2015\\\/#\\\/schema\\\/person\\\/3aa1163ef05469c496fc94e77611ada2\"},\"headline\":\"Zgjedhje t\u00eb parakohshme?\",\"datePublished\":\"2011-02-02T22:29:18+00:00\",\"mainEntityOfPage\":{\"@id\":\"https:\\\/\\\/fjala.info\\\/2009-2015\\\/zgjedhje-te-parakohshme-2\\\/\"},\"wordCount\":1422,\"commentCount\":0,\"publisher\":{\"@id\":\"https:\\\/\\\/fjala.info\\\/2009-2015\\\/#organization\"},\"image\":{\"@id\":\"https:\\\/\\\/fjala.info\\\/2009-2015\\\/zgjedhje-te-parakohshme-2\\\/#primaryimage\"},\"thumbnailUrl\":\"http:\\\/\\\/fjala.shkoder.net\\\/wp-content\\\/uploads\\\/2011\\\/02\\\/web_banner.jpg\",\"articleSection\":[\"Artikuj\"],\"inLanguage\":\"sq-AL\",\"potentialAction\":[{\"@type\":\"CommentAction\",\"name\":\"Comment\",\"target\":[\"https:\\\/\\\/fjala.info\\\/2009-2015\\\/zgjedhje-te-parakohshme-2\\\/#respond\"]}]},{\"@type\":\"WebPage\",\"@id\":\"https:\\\/\\\/fjala.info\\\/2009-2015\\\/zgjedhje-te-parakohshme-2\\\/\",\"url\":\"https:\\\/\\\/fjala.info\\\/2009-2015\\\/zgjedhje-te-parakohshme-2\\\/\",\"name\":\"Zgjedhje t\u00eb parakohshme? - FjALA e LIR\u00cb - Arkivi\",\"isPartOf\":{\"@id\":\"https:\\\/\\\/fjala.info\\\/2009-2015\\\/#website\"},\"primaryImageOfPage\":{\"@id\":\"https:\\\/\\\/fjala.info\\\/2009-2015\\\/zgjedhje-te-parakohshme-2\\\/#primaryimage\"},\"image\":{\"@id\":\"https:\\\/\\\/fjala.info\\\/2009-2015\\\/zgjedhje-te-parakohshme-2\\\/#primaryimage\"},\"thumbnailUrl\":\"http:\\\/\\\/fjala.shkoder.net\\\/wp-content\\\/uploads\\\/2011\\\/02\\\/web_banner.jpg\",\"datePublished\":\"2011-02-02T22:29:18+00:00\",\"breadcrumb\":{\"@id\":\"https:\\\/\\\/fjala.info\\\/2009-2015\\\/zgjedhje-te-parakohshme-2\\\/#breadcrumb\"},\"inLanguage\":\"sq-AL\",\"potentialAction\":[{\"@type\":\"ReadAction\",\"target\":[\"https:\\\/\\\/fjala.info\\\/2009-2015\\\/zgjedhje-te-parakohshme-2\\\/\"]}]},{\"@type\":\"ImageObject\",\"inLanguage\":\"sq-AL\",\"@id\":\"https:\\\/\\\/fjala.info\\\/2009-2015\\\/zgjedhje-te-parakohshme-2\\\/#primaryimage\",\"url\":\"http:\\\/\\\/fjala.shkoder.net\\\/wp-content\\\/uploads\\\/2011\\\/02\\\/web_banner.jpg\",\"contentUrl\":\"http:\\\/\\\/fjala.shkoder.net\\\/wp-content\\\/uploads\\\/2011\\\/02\\\/web_banner.jpg\"},{\"@type\":\"BreadcrumbList\",\"@id\":\"https:\\\/\\\/fjala.info\\\/2009-2015\\\/zgjedhje-te-parakohshme-2\\\/#breadcrumb\",\"itemListElement\":[{\"@type\":\"ListItem\",\"position\":1,\"name\":\"Home\",\"item\":\"https:\\\/\\\/fjala.info\\\/2009-2015\\\/\"},{\"@type\":\"ListItem\",\"position\":2,\"name\":\"Zgjedhje t\u00eb parakohshme?\"}]},{\"@type\":\"WebSite\",\"@id\":\"https:\\\/\\\/fjala.info\\\/2009-2015\\\/#website\",\"url\":\"https:\\\/\\\/fjala.info\\\/2009-2015\\\/\",\"name\":\"FjALA e LIR\u00cb - Arkivi\",\"description\":\"Arkivi 2009-2015\",\"publisher\":{\"@id\":\"https:\\\/\\\/fjala.info\\\/2009-2015\\\/#organization\"},\"potentialAction\":[{\"@type\":\"SearchAction\",\"target\":{\"@type\":\"EntryPoint\",\"urlTemplate\":\"https:\\\/\\\/fjala.info\\\/2009-2015\\\/?s={search_term_string}\"},\"query-input\":{\"@type\":\"PropertyValueSpecification\",\"valueRequired\":true,\"valueName\":\"search_term_string\"}}],\"inLanguage\":\"sq-AL\"},{\"@type\":\"Organization\",\"@id\":\"https:\\\/\\\/fjala.info\\\/2009-2015\\\/#organization\",\"name\":\"FjALA e LIR\u00cb - Arkivi\",\"url\":\"https:\\\/\\\/fjala.info\\\/2009-2015\\\/\",\"logo\":{\"@type\":\"ImageObject\",\"inLanguage\":\"sq-AL\",\"@id\":\"https:\\\/\\\/fjala.info\\\/2009-2015\\\/#\\\/schema\\\/logo\\\/image\\\/\",\"url\":\"\",\"contentUrl\":\"\",\"caption\":\"FjALA e LIR\u00cb - Arkivi\"},\"image\":{\"@id\":\"https:\\\/\\\/fjala.info\\\/2009-2015\\\/#\\\/schema\\\/logo\\\/image\\\/\"}},{\"@type\":\"Person\",\"@id\":\"https:\\\/\\\/fjala.info\\\/2009-2015\\\/#\\\/schema\\\/person\\\/3aa1163ef05469c496fc94e77611ada2\",\"name\":\"admin\",\"image\":{\"@type\":\"ImageObject\",\"inLanguage\":\"sq-AL\",\"@id\":\"https:\\\/\\\/fjala.info\\\/2009-2015\\\/wp-content\\\/uploads\\\/2012\\\/02\\\/arben_cokaj-120x150.jpg\",\"url\":\"https:\\\/\\\/fjala.info\\\/2009-2015\\\/wp-content\\\/uploads\\\/2012\\\/02\\\/arben_cokaj-120x150.jpg\",\"contentUrl\":\"https:\\\/\\\/fjala.info\\\/2009-2015\\\/wp-content\\\/uploads\\\/2012\\\/02\\\/arben_cokaj-120x150.jpg\",\"caption\":\"admin\"},\"description\":\"Admin, Fjala e Lir\u00eb\",\"sameAs\":[\"https:\\\/\\\/fjala.info\\\/\"],\"url\":\"https:\\\/\\\/fjala.info\\\/2009-2015\\\/author\\\/admin\\\/\"}]}<\/script>\n<!-- \/ Yoast SEO plugin. -->","yoast_head_json":{"title":"Zgjedhje t\u00eb parakohshme? - FjALA e LIR\u00cb - Arkivi","robots":{"index":"index","follow":"follow","max-snippet":"max-snippet:-1","max-image-preview":"max-image-preview:large","max-video-preview":"max-video-preview:-1"},"canonical":"https:\/\/fjala.info\/2009-2015\/zgjedhje-te-parakohshme-2\/","og_locale":"sq_AL","og_type":"article","og_title":"Zgjedhje t\u00eb parakohshme? - FjALA e LIR\u00cb - Arkivi","og_description":"Artan Xh. Duka, 02.02.2011 Kriza perpetum!Kur &#8216;ena&#8217; social-ekonomike tejvlon e shigjeta \u00ebsht\u00eb n\u00eb &#8216;zon\u00ebn e kuqe&#8217;, shkarkimi i presionit p\u00ebrmes valvolave demokratike &#8211; dor\u00ebheqje individuale, rikompozim qeveritar e deri zgjedhje t\u00eb parakoh\u00ebshme jan\u00eb pritshm\u00ebri normale p\u00ebr nj\u00eb qeveri NATO-je e opozita \u00ebsht\u00eb n\u00eb misionin e saj kur insiston n\u00eb t\u00eb. N\u00ebse politika ka p\u00ebr moto [&hellip;]","og_url":"https:\/\/fjala.info\/2009-2015\/zgjedhje-te-parakohshme-2\/","og_site_name":"FjALA e LIR\u00cb - Arkivi","article_published_time":"2011-02-02T22:29:18+00:00","og_image":[{"url":"http:\/\/fjala.shkoder.net\/wp-content\/uploads\/2011\/02\/web_banner.jpg","type":"","width":"","height":""}],"author":"admin","twitter_card":"summary_large_image","twitter_misc":{"Written by":"admin","Est. reading time":"7 minutes"},"schema":{"@context":"https:\/\/schema.org","@graph":[{"@type":"Article","@id":"https:\/\/fjala.info\/2009-2015\/zgjedhje-te-parakohshme-2\/#article","isPartOf":{"@id":"https:\/\/fjala.info\/2009-2015\/zgjedhje-te-parakohshme-2\/"},"author":{"name":"admin","@id":"https:\/\/fjala.info\/2009-2015\/#\/schema\/person\/3aa1163ef05469c496fc94e77611ada2"},"headline":"Zgjedhje t\u00eb parakohshme?","datePublished":"2011-02-02T22:29:18+00:00","mainEntityOfPage":{"@id":"https:\/\/fjala.info\/2009-2015\/zgjedhje-te-parakohshme-2\/"},"wordCount":1422,"commentCount":0,"publisher":{"@id":"https:\/\/fjala.info\/2009-2015\/#organization"},"image":{"@id":"https:\/\/fjala.info\/2009-2015\/zgjedhje-te-parakohshme-2\/#primaryimage"},"thumbnailUrl":"http:\/\/fjala.shkoder.net\/wp-content\/uploads\/2011\/02\/web_banner.jpg","articleSection":["Artikuj"],"inLanguage":"sq-AL","potentialAction":[{"@type":"CommentAction","name":"Comment","target":["https:\/\/fjala.info\/2009-2015\/zgjedhje-te-parakohshme-2\/#respond"]}]},{"@type":"WebPage","@id":"https:\/\/fjala.info\/2009-2015\/zgjedhje-te-parakohshme-2\/","url":"https:\/\/fjala.info\/2009-2015\/zgjedhje-te-parakohshme-2\/","name":"Zgjedhje t\u00eb parakohshme? - FjALA e LIR\u00cb - Arkivi","isPartOf":{"@id":"https:\/\/fjala.info\/2009-2015\/#website"},"primaryImageOfPage":{"@id":"https:\/\/fjala.info\/2009-2015\/zgjedhje-te-parakohshme-2\/#primaryimage"},"image":{"@id":"https:\/\/fjala.info\/2009-2015\/zgjedhje-te-parakohshme-2\/#primaryimage"},"thumbnailUrl":"http:\/\/fjala.shkoder.net\/wp-content\/uploads\/2011\/02\/web_banner.jpg","datePublished":"2011-02-02T22:29:18+00:00","breadcrumb":{"@id":"https:\/\/fjala.info\/2009-2015\/zgjedhje-te-parakohshme-2\/#breadcrumb"},"inLanguage":"sq-AL","potentialAction":[{"@type":"ReadAction","target":["https:\/\/fjala.info\/2009-2015\/zgjedhje-te-parakohshme-2\/"]}]},{"@type":"ImageObject","inLanguage":"sq-AL","@id":"https:\/\/fjala.info\/2009-2015\/zgjedhje-te-parakohshme-2\/#primaryimage","url":"http:\/\/fjala.shkoder.net\/wp-content\/uploads\/2011\/02\/web_banner.jpg","contentUrl":"http:\/\/fjala.shkoder.net\/wp-content\/uploads\/2011\/02\/web_banner.jpg"},{"@type":"BreadcrumbList","@id":"https:\/\/fjala.info\/2009-2015\/zgjedhje-te-parakohshme-2\/#breadcrumb","itemListElement":[{"@type":"ListItem","position":1,"name":"Home","item":"https:\/\/fjala.info\/2009-2015\/"},{"@type":"ListItem","position":2,"name":"Zgjedhje t\u00eb parakohshme?"}]},{"@type":"WebSite","@id":"https:\/\/fjala.info\/2009-2015\/#website","url":"https:\/\/fjala.info\/2009-2015\/","name":"FjALA e LIR\u00cb - Arkivi","description":"Arkivi 2009-2015","publisher":{"@id":"https:\/\/fjala.info\/2009-2015\/#organization"},"potentialAction":[{"@type":"SearchAction","target":{"@type":"EntryPoint","urlTemplate":"https:\/\/fjala.info\/2009-2015\/?s={search_term_string}"},"query-input":{"@type":"PropertyValueSpecification","valueRequired":true,"valueName":"search_term_string"}}],"inLanguage":"sq-AL"},{"@type":"Organization","@id":"https:\/\/fjala.info\/2009-2015\/#organization","name":"FjALA e LIR\u00cb - Arkivi","url":"https:\/\/fjala.info\/2009-2015\/","logo":{"@type":"ImageObject","inLanguage":"sq-AL","@id":"https:\/\/fjala.info\/2009-2015\/#\/schema\/logo\/image\/","url":"","contentUrl":"","caption":"FjALA e LIR\u00cb - Arkivi"},"image":{"@id":"https:\/\/fjala.info\/2009-2015\/#\/schema\/logo\/image\/"}},{"@type":"Person","@id":"https:\/\/fjala.info\/2009-2015\/#\/schema\/person\/3aa1163ef05469c496fc94e77611ada2","name":"admin","image":{"@type":"ImageObject","inLanguage":"sq-AL","@id":"https:\/\/fjala.info\/2009-2015\/wp-content\/uploads\/2012\/02\/arben_cokaj-120x150.jpg","url":"https:\/\/fjala.info\/2009-2015\/wp-content\/uploads\/2012\/02\/arben_cokaj-120x150.jpg","contentUrl":"https:\/\/fjala.info\/2009-2015\/wp-content\/uploads\/2012\/02\/arben_cokaj-120x150.jpg","caption":"admin"},"description":"Admin, Fjala e Lir\u00eb","sameAs":["https:\/\/fjala.info\/"],"url":"https:\/\/fjala.info\/2009-2015\/author\/admin\/"}]}},"_links":{"self":[{"href":"https:\/\/fjala.info\/2009-2015\/wp-json\/wp\/v2\/posts\/6127","targetHints":{"allow":["GET"]}}],"collection":[{"href":"https:\/\/fjala.info\/2009-2015\/wp-json\/wp\/v2\/posts"}],"about":[{"href":"https:\/\/fjala.info\/2009-2015\/wp-json\/wp\/v2\/types\/post"}],"author":[{"embeddable":true,"href":"https:\/\/fjala.info\/2009-2015\/wp-json\/wp\/v2\/users\/1"}],"replies":[{"embeddable":true,"href":"https:\/\/fjala.info\/2009-2015\/wp-json\/wp\/v2\/comments?post=6127"}],"version-history":[{"count":0,"href":"https:\/\/fjala.info\/2009-2015\/wp-json\/wp\/v2\/posts\/6127\/revisions"}],"wp:attachment":[{"href":"https:\/\/fjala.info\/2009-2015\/wp-json\/wp\/v2\/media?parent=6127"}],"wp:term":[{"taxonomy":"category","embeddable":true,"href":"https:\/\/fjala.info\/2009-2015\/wp-json\/wp\/v2\/categories?post=6127"},{"taxonomy":"post_tag","embeddable":true,"href":"https:\/\/fjala.info\/2009-2015\/wp-json\/wp\/v2\/tags?post=6127"}],"curies":[{"name":"wp","href":"https:\/\/api.w.org\/{rel}","templated":true}]}}