{"id":6124,"date":"2011-02-02T23:25:32","date_gmt":"2011-02-02T22:25:32","guid":{"rendered":"http:\/\/fjala.shkoder.net\/?p=6124"},"modified":"2011-02-02T23:25:32","modified_gmt":"2011-02-02T22:25:32","slug":"ndihmoni-popullin-shqiptar-te-perqafoje-familjen-e-madhe-evropiane","status":"publish","type":"post","link":"https:\/\/fjala.info\/2009-2015\/ndihmoni-popullin-shqiptar-te-perqafoje-familjen-e-madhe-evropiane\/","title":{"rendered":"Ndihmoni popullin shqiptar t\u00eb p\u00ebrqafoj\u00eb familjen e madhe evropiane!"},"content":{"rendered":"<p><img loading=\"lazy\" decoding=\"async\" class=\"alignright size-full wp-image-6125\" title=\"homazhet_28jan11\" src=\"http:\/\/fjala.shkoder.net\/wp-content\/uploads\/2011\/02\/homazhet_28jan11.jpg\" alt=\"\" width=\"300\" height=\"199\" \/><br \/>\nNga <strong>Ernest Bunguri<\/strong>, <em>gazetar shqiptar n\u00eb Bruksel<\/em><\/p>\n<p><strong><a href=\"http:\/\/www.lemonde.fr\/idees\/article\/2011\/02\/02\/aidez-le-peuple-albanais-a-rejoindre-la-grande-famille-europeenne_1473768_3232.html#xtor=AL-32280184\">Le Monde<\/a><\/strong><\/p>\n<p>Shum\u00eb njer\u00ebz ndajn\u00eb ende sot bindjen se Shqip\u00ebria, nj\u00ebsoj si shum\u00eb vende t\u00eb tjera t\u00eb lindjes, u \u00e7lirua nga komunizmi n\u00eb vitet 90t\u00eb. Fatkeq\u00ebsisht gabohen r\u00ebnd\u00eb.<\/p>\n<p>Sali Berisha ka qen\u00eb komunist deri n\u00eb dit\u00ebt e fundit t\u00eb regjimit t\u00eb partis\u00eb s\u00eb vetme. Ai mish\u00ebron personazhin perfekt t\u00eb fabul\u00ebs mbi politikanin q\u00eb rr\u00ebfen P.J. O\u2019Rourke. Nj\u00eb burr\u00eb sheh nj\u00eb dit\u00eb t\u00eb bukur nga ballkoni popullin t\u00eb v\u00ebrshoj\u00eb rrug\u00ebve duke protestuar, dhe k\u00ebrkon q\u00eb t\u2019i udh\u00ebheq\u00eb. Kur ndihm\u00ebsi e pyet n\u00ebse e di se p\u00ebr ku jan\u00eb drejtuar, politikani i p\u00ebrgjigjet: \u201cAs q\u00eb e kam iden\u00eb, por duhet t\u00eb jem medoemos n\u00eb krye t\u00eb tyre\u201d.<\/p>\n<p>Ky person, me shpur\u00ebn e tij prej predator\u00ebsh \u00e7oi popullin shqiptar drejt luft\u00ebs absurde civile t\u00eb vitit 1997. R\u00ebnia e \u2018piramidave t\u00eb famshme financiare\u2019, nj\u00eb mashtrim ky i shkall\u00ebs m\u00eb t\u00eb lart\u00eb q\u00eb u mbulua nga qeveria e at\u00ebhershme, prodhoi trazira shoq\u00ebrore me pasoj\u00eb vdekjen e mij\u00ebra njer\u00ebzve.<\/p>\n<p>I flakur nga presidenca, Sali Berisha udh\u00ebhoqi nj\u00eb opozit\u00eb eg\u00ebrsisht shkat\u00ebrruese, e cila pengoi funksionimin e duhur t\u00eb institucioneve. Madje i nj\u00ebjti person tentoi edhe nj\u00eb grusht shteti p\u00ebr t\u00eb ri-marr\u00eb pushtetin.<\/p>\n<p>Pas kthimit t\u00eb tij n\u00eb qeveri, pas zgjedhjeve t\u00eb vitit 2005, me parull\u00ebn e \u2018duarve t\u00eb pastra\u2019, Sali Berisha harxhoi t\u00eb gjith\u00eb energjit\u00eb n\u00eb p\u00ebrpjekje p\u00ebr t\u00eb ndryshuar imazhin e vendit, nj\u00eb pjes\u00eb t\u00eb madhe t\u00eb t\u00eb cilit e kishte ngritur vet\u00eb ai duke akuzuar ish-kryeministrin Fatos Nano p\u00ebr \u00e7\u2018do t\u00eb lig\u00eb. Pjesa tjet\u00ebr e veprimeve t\u00eb tij mbet\u00ebn vet\u00ebm premtime t\u00eb pa-mbajtura ndonj\u00ebher\u00eb. Apo g\u00ebnjeshtra po aq t\u00eb m\u00ebdha sa dhe qesharake. A nuk ishte ai q\u00eb deklaroi n\u00eb vitin 2006 n\u00eb tribun\u00ebn e Senatit belg se \u201cShqip\u00ebria \u00ebsht\u00eb tashm\u00eb si Zvicra, e p\u00ebr m\u00eb shum\u00eb laget nga dy dete\u201d?<\/p>\n<p>Sali Berisha \u00ebsht\u00eb p\u00ebrgjegj\u00ebs edhe p\u00ebr shp\u00ebrthimin e uzin\u00ebs s\u00eb \u00e7montimit t\u00eb municioneve n\u00eb G\u00ebrdec, n\u00eb vitin 2008, ku 26 vet\u00eb u vran\u00eb vet\u00ebm pak dit\u00eb para se Shqip\u00ebria t\u00eb ftohej t\u2019i bashkangjitej NATO-s. Kjo tragjedi ku p\u00ebrzihen trafiqe arm\u00ebsh, interesa gjeo-politik\u00eb dhe shfryt\u00ebzimi i nj\u00eb krahu pune t\u00eb mjer\u00eb, ka nxitur Paramount Pictures ta kthej\u00eb n\u00eb tem\u00ebn e filmit t\u00eb par\u00eb t\u00eb madh p\u00ebr vendin tim t\u00eb vog\u00ebl e t\u00eb panjohur, me aktor kryesor Will Smithin.<\/p>\n<p>Para disa jav\u00ebsh, nj\u00eb regjistrim klandestin video-audio, shfaqi n\u00ebp\u00ebrmjet z\u00ebvend\u00ebs-kryeministrit Ilir Meta, se si vepron korrupsioni n\u00eb nivelet m\u00eb t\u00eb larta t\u00eb Shtetit. Rast ky q\u00eb nj\u00eb koleg gazetar e ilustroi me nj\u00eb shprehje mjaft ther\u00ebse: \u201c\u00ebsht\u00eb tjet\u00ebr gj\u00eb kur d\u00ebgjon se gruaja ju tradhton, dhe krejt tjet\u00ebr kur e sheh me syt\u00eb e tu\u201d. D\u00ebshp\u00ebrimi kund\u00ebr atyre q\u00eb zhg\u00ebnjejn\u00eb prej 20 vitesh shpres\u00ebn e shqiptar\u00ebve ka arritur pa dyshim pik\u00ebn kulmore.<\/p>\n<p>E pam\u00eb t\u00eb premten e 21 janarit, kur tre qytetar\u00eb, nd\u00ebr m\u00eb t\u00eb varfrit, u vran\u00eb me plumba nd\u00ebrkoh\u00eb q\u00eb duart i kishin n\u00eb xhep, n\u00eb nj\u00eb manifestim q\u00eb t\u00eb p\u00ebrkujtonte n\u00eb t\u00eb nj\u00ebjt\u00ebn koh\u00eb ngjarjet e vitit 90t\u00eb dhe ato t\u00eb vitit 1997t\u00eb. Si zakonisht, Sali Berisha rendi t\u00eb fshihej pas Kushtetut\u00ebs dhe Shtetit Ligjor, t\u00eb cilat ai vet\u00eb i shkel me t\u00eb dyja k\u00ebmb\u00ebt sa her\u00eb i jepet mund\u00ebsia. Sot k\u00ebrc\u00ebnon shefin e opozit\u00ebs me \u201cnd\u00ebshkim ekzemplar\u201d, akuzon presidentin e Republik\u00ebs, prokuroren e p\u00ebrgjithshme, sh\u00ebrbimin sekret t\u00eb vendit dhe pes\u00eb gazetar\u00eb se jan\u00eb pjes\u00eb e nj\u00eb \u2018pu\u00e7i\u2019, nd\u00ebrkoh\u00eb q\u00eb policia refuzon t\u00eb zbatoj\u00eb urdh\u00ebr-arrestet e prokuroris\u00eb p\u00ebr gjasht\u00eb udh\u00ebheq\u00ebs t\u00eb gard\u00ebs s\u00eb republik\u00ebs n\u00eb lidhje me urdhrat p\u00ebr t\u00eb q\u00eblluar me plumba mbi manifestuesit e \u2018armatosur\u2019 me \u00e7adra, gur\u00eb e shkopinj. N\u00eb nj\u00eb loj\u00eb absurde pasqyrash, ai shkon m\u00eb larg kur shan manifestuesit si \u201cbastard\u00ebt e Ben Ali-s\u00eb\u201d.<\/p>\n<p>N\u00ebn\u00eb Evrop\u00eb, ndihmoje popullin tim t\u00eb rr\u00ebzoj\u00eb \u201cperden e hekurt\u201d t\u00eb g\u00ebnjeshtrave, t\u00eb korrupsionit, t\u00eb debateve boshe, t\u00eb aleancave fasad\u00eb, t\u00eb paturp\u00ebsis\u00eb politike. Ma ke borxh, pasi n\u00eb pun\u00ebn time prej 7 vitesh si gazetar i akredituar n\u00eb Bruksel nuk kam reshtur kurr\u00eb duke t\u00eb paraqitur para qytetar\u00ebve t\u00eb mi si nj\u00eb hap\u00ebsir\u00eb demokratike dhe qytetare. Si shqiptar, kam lavd\u00ebruar institucionet e tua para koleg\u00ebve francez\u00eb e t\u00eb vendeve t\u00eb tjera an\u00ebtare. Ju flas p\u00ebr t\u00eb tashmen, p\u00ebr t\u00eb ardhmen; ju rikujtoj me pasion t\u00eb kaluar\u00ebn t\u00ebnde t\u00eb shk\u00eblqyer, e cila n\u00eb vendin tim nuk p\u00ebrfaq\u00ebson ende ndonj\u00eb t\u00eb tashme t\u00eb prekshme.<\/p>\n<p>Por ja ke borxh edhe vetes, gjithnj\u00eb qorre, e paorganizuar, e dob\u00ebt dhe e ndar\u00eb p\u00ebrball\u00eb sfidave t\u00eb k\u00ebsaj bote dhe atyre q\u00eb t\u00eb imponojn\u00eb fqinj\u00ebt e tu t\u00eb af\u00ebrt.<\/p>\n<p>Para 20 vitesh, n\u00eb vendin tim, \u00e7irreshim me plot zem\u00ebr: \u201cE duam Shqip\u00ebrin\u00eb si e gjith\u00eb Evropa\u201d. Duke i mund\u00ebsuar qytetar\u00ebve shqiptar\u00eb t\u00eb vizitojn\u00eb Evrop\u00ebn, Sali Berisha iu dha mund\u00ebsin\u00eb t\u00eb shohin me syt\u00eb e tyre sa larg \u00ebsht\u00eb vendi nga modeli q\u00eb \u00ebnd\u00ebrronin 20 vite m\u00eb par\u00eb.<\/p>\n<p>Kjo thirrje bu\u00e7et akoma, gjithnj\u00eb e m\u00eb e fort\u00eb. T\u00eb kam falur q\u00eb nuk e ke d\u00ebgjuar dhe q\u00eb ke mbyllur syt\u00eb. Por sot, t\u00eb p\u00ebrgj\u00ebrohem, vepro shpejt Evrop\u00eb, n\u00eb em\u00ebr t\u00eb jet\u00ebve t\u00eb bashk\u00eb-qytetar\u00ebve t\u00eb mi t\u00eb varf\u00ebr dhe t\u00eb t\u00eb ardhmes s\u00eb vendit: b\u00ebju krah popullit tim.<\/p>\n","protected":false},"excerpt":{"rendered":"<p>Nga Ernest Bunguri, gazetar shqiptar n\u00eb Bruksel Le Monde Shum\u00eb njer\u00ebz ndajn\u00eb ende sot bindjen se Shqip\u00ebria, nj\u00ebsoj si shum\u00eb vende t\u00eb tjera t\u00eb lindjes, u \u00e7lirua nga komunizmi n\u00eb vitet 90t\u00eb. Fatkeq\u00ebsisht gabohen r\u00ebnd\u00eb. Sali Berisha ka qen\u00eb komunist deri n\u00eb dit\u00ebt e fundit t\u00eb regjimit t\u00eb partis\u00eb s\u00eb vetme. Ai mish\u00ebron personazhin perfekt [&hellip;]<\/p>\n","protected":false},"author":1,"featured_media":0,"comment_status":"open","ping_status":"closed","sticky":false,"template":"","format":"standard","meta":{"footnotes":""},"categories":[2],"tags":[],"class_list":{"0":"post-6124","1":"post","2":"type-post","3":"status-publish","4":"format-standard","6":"category-artikuj"},"yoast_head":"<!-- This site is optimized with the Yoast SEO plugin v27.4 - https:\/\/yoast.com\/product\/yoast-seo-wordpress\/ -->\n<title>Ndihmoni popullin shqiptar t\u00eb p\u00ebrqafoj\u00eb familjen e madhe evropiane! - FjALA e LIR\u00cb - Arkivi<\/title>\n<meta name=\"robots\" content=\"index, follow, max-snippet:-1, max-image-preview:large, max-video-preview:-1\" \/>\n<link rel=\"canonical\" href=\"https:\/\/fjala.info\/2009-2015\/ndihmoni-popullin-shqiptar-te-perqafoje-familjen-e-madhe-evropiane\/\" \/>\n<meta property=\"og:locale\" content=\"sq_AL\" \/>\n<meta property=\"og:type\" content=\"article\" \/>\n<meta property=\"og:title\" content=\"Ndihmoni popullin shqiptar t\u00eb p\u00ebrqafoj\u00eb familjen e madhe evropiane! - FjALA e LIR\u00cb - Arkivi\" \/>\n<meta property=\"og:description\" content=\"Nga Ernest Bunguri, gazetar shqiptar n\u00eb Bruksel Le Monde Shum\u00eb njer\u00ebz ndajn\u00eb ende sot bindjen se Shqip\u00ebria, nj\u00ebsoj si shum\u00eb vende t\u00eb tjera t\u00eb lindjes, u \u00e7lirua nga komunizmi n\u00eb vitet 90t\u00eb. Fatkeq\u00ebsisht gabohen r\u00ebnd\u00eb. Sali Berisha ka qen\u00eb komunist deri n\u00eb dit\u00ebt e fundit t\u00eb regjimit t\u00eb partis\u00eb s\u00eb vetme. Ai mish\u00ebron personazhin perfekt [&hellip;]\" \/>\n<meta property=\"og:url\" content=\"https:\/\/fjala.info\/2009-2015\/ndihmoni-popullin-shqiptar-te-perqafoje-familjen-e-madhe-evropiane\/\" \/>\n<meta property=\"og:site_name\" content=\"FjALA e LIR\u00cb - Arkivi\" \/>\n<meta property=\"article:published_time\" content=\"2011-02-02T22:25:32+00:00\" \/>\n<meta property=\"og:image\" content=\"http:\/\/fjala.shkoder.net\/wp-content\/uploads\/2011\/02\/homazhet_28jan11.jpg\" \/>\n<meta name=\"author\" content=\"admin\" \/>\n<meta name=\"twitter:card\" content=\"summary_large_image\" \/>\n<meta name=\"twitter:label1\" content=\"Written by\" \/>\n\t<meta name=\"twitter:data1\" content=\"admin\" \/>\n\t<meta name=\"twitter:label2\" content=\"Est. reading time\" \/>\n\t<meta name=\"twitter:data2\" content=\"5 minutes\" \/>\n<script type=\"application\/ld+json\" class=\"yoast-schema-graph\">{\"@context\":\"https:\\\/\\\/schema.org\",\"@graph\":[{\"@type\":\"Article\",\"@id\":\"https:\\\/\\\/fjala.info\\\/2009-2015\\\/ndihmoni-popullin-shqiptar-te-perqafoje-familjen-e-madhe-evropiane\\\/#article\",\"isPartOf\":{\"@id\":\"https:\\\/\\\/fjala.info\\\/2009-2015\\\/ndihmoni-popullin-shqiptar-te-perqafoje-familjen-e-madhe-evropiane\\\/\"},\"author\":{\"name\":\"admin\",\"@id\":\"https:\\\/\\\/fjala.info\\\/2009-2015\\\/#\\\/schema\\\/person\\\/3aa1163ef05469c496fc94e77611ada2\"},\"headline\":\"Ndihmoni popullin shqiptar t\u00eb p\u00ebrqafoj\u00eb familjen e madhe evropiane!\",\"datePublished\":\"2011-02-02T22:25:32+00:00\",\"mainEntityOfPage\":{\"@id\":\"https:\\\/\\\/fjala.info\\\/2009-2015\\\/ndihmoni-popullin-shqiptar-te-perqafoje-familjen-e-madhe-evropiane\\\/\"},\"wordCount\":965,\"commentCount\":0,\"publisher\":{\"@id\":\"https:\\\/\\\/fjala.info\\\/2009-2015\\\/#organization\"},\"image\":{\"@id\":\"https:\\\/\\\/fjala.info\\\/2009-2015\\\/ndihmoni-popullin-shqiptar-te-perqafoje-familjen-e-madhe-evropiane\\\/#primaryimage\"},\"thumbnailUrl\":\"http:\\\/\\\/fjala.shkoder.net\\\/wp-content\\\/uploads\\\/2011\\\/02\\\/homazhet_28jan11.jpg\",\"articleSection\":[\"Artikuj\"],\"inLanguage\":\"sq-AL\",\"potentialAction\":[{\"@type\":\"CommentAction\",\"name\":\"Comment\",\"target\":[\"https:\\\/\\\/fjala.info\\\/2009-2015\\\/ndihmoni-popullin-shqiptar-te-perqafoje-familjen-e-madhe-evropiane\\\/#respond\"]}]},{\"@type\":\"WebPage\",\"@id\":\"https:\\\/\\\/fjala.info\\\/2009-2015\\\/ndihmoni-popullin-shqiptar-te-perqafoje-familjen-e-madhe-evropiane\\\/\",\"url\":\"https:\\\/\\\/fjala.info\\\/2009-2015\\\/ndihmoni-popullin-shqiptar-te-perqafoje-familjen-e-madhe-evropiane\\\/\",\"name\":\"Ndihmoni popullin shqiptar t\u00eb p\u00ebrqafoj\u00eb familjen e madhe evropiane! - FjALA e LIR\u00cb - Arkivi\",\"isPartOf\":{\"@id\":\"https:\\\/\\\/fjala.info\\\/2009-2015\\\/#website\"},\"primaryImageOfPage\":{\"@id\":\"https:\\\/\\\/fjala.info\\\/2009-2015\\\/ndihmoni-popullin-shqiptar-te-perqafoje-familjen-e-madhe-evropiane\\\/#primaryimage\"},\"image\":{\"@id\":\"https:\\\/\\\/fjala.info\\\/2009-2015\\\/ndihmoni-popullin-shqiptar-te-perqafoje-familjen-e-madhe-evropiane\\\/#primaryimage\"},\"thumbnailUrl\":\"http:\\\/\\\/fjala.shkoder.net\\\/wp-content\\\/uploads\\\/2011\\\/02\\\/homazhet_28jan11.jpg\",\"datePublished\":\"2011-02-02T22:25:32+00:00\",\"breadcrumb\":{\"@id\":\"https:\\\/\\\/fjala.info\\\/2009-2015\\\/ndihmoni-popullin-shqiptar-te-perqafoje-familjen-e-madhe-evropiane\\\/#breadcrumb\"},\"inLanguage\":\"sq-AL\",\"potentialAction\":[{\"@type\":\"ReadAction\",\"target\":[\"https:\\\/\\\/fjala.info\\\/2009-2015\\\/ndihmoni-popullin-shqiptar-te-perqafoje-familjen-e-madhe-evropiane\\\/\"]}]},{\"@type\":\"ImageObject\",\"inLanguage\":\"sq-AL\",\"@id\":\"https:\\\/\\\/fjala.info\\\/2009-2015\\\/ndihmoni-popullin-shqiptar-te-perqafoje-familjen-e-madhe-evropiane\\\/#primaryimage\",\"url\":\"http:\\\/\\\/fjala.shkoder.net\\\/wp-content\\\/uploads\\\/2011\\\/02\\\/homazhet_28jan11.jpg\",\"contentUrl\":\"http:\\\/\\\/fjala.shkoder.net\\\/wp-content\\\/uploads\\\/2011\\\/02\\\/homazhet_28jan11.jpg\"},{\"@type\":\"BreadcrumbList\",\"@id\":\"https:\\\/\\\/fjala.info\\\/2009-2015\\\/ndihmoni-popullin-shqiptar-te-perqafoje-familjen-e-madhe-evropiane\\\/#breadcrumb\",\"itemListElement\":[{\"@type\":\"ListItem\",\"position\":1,\"name\":\"Home\",\"item\":\"https:\\\/\\\/fjala.info\\\/2009-2015\\\/\"},{\"@type\":\"ListItem\",\"position\":2,\"name\":\"Ndihmoni popullin shqiptar t\u00eb p\u00ebrqafoj\u00eb familjen e madhe evropiane!\"}]},{\"@type\":\"WebSite\",\"@id\":\"https:\\\/\\\/fjala.info\\\/2009-2015\\\/#website\",\"url\":\"https:\\\/\\\/fjala.info\\\/2009-2015\\\/\",\"name\":\"FjALA e LIR\u00cb - Arkivi\",\"description\":\"Arkivi 2009-2015\",\"publisher\":{\"@id\":\"https:\\\/\\\/fjala.info\\\/2009-2015\\\/#organization\"},\"potentialAction\":[{\"@type\":\"SearchAction\",\"target\":{\"@type\":\"EntryPoint\",\"urlTemplate\":\"https:\\\/\\\/fjala.info\\\/2009-2015\\\/?s={search_term_string}\"},\"query-input\":{\"@type\":\"PropertyValueSpecification\",\"valueRequired\":true,\"valueName\":\"search_term_string\"}}],\"inLanguage\":\"sq-AL\"},{\"@type\":\"Organization\",\"@id\":\"https:\\\/\\\/fjala.info\\\/2009-2015\\\/#organization\",\"name\":\"FjALA e LIR\u00cb - Arkivi\",\"url\":\"https:\\\/\\\/fjala.info\\\/2009-2015\\\/\",\"logo\":{\"@type\":\"ImageObject\",\"inLanguage\":\"sq-AL\",\"@id\":\"https:\\\/\\\/fjala.info\\\/2009-2015\\\/#\\\/schema\\\/logo\\\/image\\\/\",\"url\":\"\",\"contentUrl\":\"\",\"caption\":\"FjALA e LIR\u00cb - Arkivi\"},\"image\":{\"@id\":\"https:\\\/\\\/fjala.info\\\/2009-2015\\\/#\\\/schema\\\/logo\\\/image\\\/\"}},{\"@type\":\"Person\",\"@id\":\"https:\\\/\\\/fjala.info\\\/2009-2015\\\/#\\\/schema\\\/person\\\/3aa1163ef05469c496fc94e77611ada2\",\"name\":\"admin\",\"image\":{\"@type\":\"ImageObject\",\"inLanguage\":\"sq-AL\",\"@id\":\"https:\\\/\\\/fjala.info\\\/2009-2015\\\/wp-content\\\/uploads\\\/2012\\\/02\\\/arben_cokaj-120x150.jpg\",\"url\":\"https:\\\/\\\/fjala.info\\\/2009-2015\\\/wp-content\\\/uploads\\\/2012\\\/02\\\/arben_cokaj-120x150.jpg\",\"contentUrl\":\"https:\\\/\\\/fjala.info\\\/2009-2015\\\/wp-content\\\/uploads\\\/2012\\\/02\\\/arben_cokaj-120x150.jpg\",\"caption\":\"admin\"},\"description\":\"Admin, Fjala e Lir\u00eb\",\"sameAs\":[\"https:\\\/\\\/fjala.info\\\/\"],\"url\":\"https:\\\/\\\/fjala.info\\\/2009-2015\\\/author\\\/admin\\\/\"}]}<\/script>\n<!-- \/ Yoast SEO plugin. -->","yoast_head_json":{"title":"Ndihmoni popullin shqiptar t\u00eb p\u00ebrqafoj\u00eb familjen e madhe evropiane! - FjALA e LIR\u00cb - Arkivi","robots":{"index":"index","follow":"follow","max-snippet":"max-snippet:-1","max-image-preview":"max-image-preview:large","max-video-preview":"max-video-preview:-1"},"canonical":"https:\/\/fjala.info\/2009-2015\/ndihmoni-popullin-shqiptar-te-perqafoje-familjen-e-madhe-evropiane\/","og_locale":"sq_AL","og_type":"article","og_title":"Ndihmoni popullin shqiptar t\u00eb p\u00ebrqafoj\u00eb familjen e madhe evropiane! - FjALA e LIR\u00cb - Arkivi","og_description":"Nga Ernest Bunguri, gazetar shqiptar n\u00eb Bruksel Le Monde Shum\u00eb njer\u00ebz ndajn\u00eb ende sot bindjen se Shqip\u00ebria, nj\u00ebsoj si shum\u00eb vende t\u00eb tjera t\u00eb lindjes, u \u00e7lirua nga komunizmi n\u00eb vitet 90t\u00eb. Fatkeq\u00ebsisht gabohen r\u00ebnd\u00eb. Sali Berisha ka qen\u00eb komunist deri n\u00eb dit\u00ebt e fundit t\u00eb regjimit t\u00eb partis\u00eb s\u00eb vetme. Ai mish\u00ebron personazhin perfekt [&hellip;]","og_url":"https:\/\/fjala.info\/2009-2015\/ndihmoni-popullin-shqiptar-te-perqafoje-familjen-e-madhe-evropiane\/","og_site_name":"FjALA e LIR\u00cb - Arkivi","article_published_time":"2011-02-02T22:25:32+00:00","og_image":[{"url":"http:\/\/fjala.shkoder.net\/wp-content\/uploads\/2011\/02\/homazhet_28jan11.jpg","type":"","width":"","height":""}],"author":"admin","twitter_card":"summary_large_image","twitter_misc":{"Written by":"admin","Est. reading time":"5 minutes"},"schema":{"@context":"https:\/\/schema.org","@graph":[{"@type":"Article","@id":"https:\/\/fjala.info\/2009-2015\/ndihmoni-popullin-shqiptar-te-perqafoje-familjen-e-madhe-evropiane\/#article","isPartOf":{"@id":"https:\/\/fjala.info\/2009-2015\/ndihmoni-popullin-shqiptar-te-perqafoje-familjen-e-madhe-evropiane\/"},"author":{"name":"admin","@id":"https:\/\/fjala.info\/2009-2015\/#\/schema\/person\/3aa1163ef05469c496fc94e77611ada2"},"headline":"Ndihmoni popullin shqiptar t\u00eb p\u00ebrqafoj\u00eb familjen e madhe evropiane!","datePublished":"2011-02-02T22:25:32+00:00","mainEntityOfPage":{"@id":"https:\/\/fjala.info\/2009-2015\/ndihmoni-popullin-shqiptar-te-perqafoje-familjen-e-madhe-evropiane\/"},"wordCount":965,"commentCount":0,"publisher":{"@id":"https:\/\/fjala.info\/2009-2015\/#organization"},"image":{"@id":"https:\/\/fjala.info\/2009-2015\/ndihmoni-popullin-shqiptar-te-perqafoje-familjen-e-madhe-evropiane\/#primaryimage"},"thumbnailUrl":"http:\/\/fjala.shkoder.net\/wp-content\/uploads\/2011\/02\/homazhet_28jan11.jpg","articleSection":["Artikuj"],"inLanguage":"sq-AL","potentialAction":[{"@type":"CommentAction","name":"Comment","target":["https:\/\/fjala.info\/2009-2015\/ndihmoni-popullin-shqiptar-te-perqafoje-familjen-e-madhe-evropiane\/#respond"]}]},{"@type":"WebPage","@id":"https:\/\/fjala.info\/2009-2015\/ndihmoni-popullin-shqiptar-te-perqafoje-familjen-e-madhe-evropiane\/","url":"https:\/\/fjala.info\/2009-2015\/ndihmoni-popullin-shqiptar-te-perqafoje-familjen-e-madhe-evropiane\/","name":"Ndihmoni popullin shqiptar t\u00eb p\u00ebrqafoj\u00eb familjen e madhe evropiane! - FjALA e LIR\u00cb - Arkivi","isPartOf":{"@id":"https:\/\/fjala.info\/2009-2015\/#website"},"primaryImageOfPage":{"@id":"https:\/\/fjala.info\/2009-2015\/ndihmoni-popullin-shqiptar-te-perqafoje-familjen-e-madhe-evropiane\/#primaryimage"},"image":{"@id":"https:\/\/fjala.info\/2009-2015\/ndihmoni-popullin-shqiptar-te-perqafoje-familjen-e-madhe-evropiane\/#primaryimage"},"thumbnailUrl":"http:\/\/fjala.shkoder.net\/wp-content\/uploads\/2011\/02\/homazhet_28jan11.jpg","datePublished":"2011-02-02T22:25:32+00:00","breadcrumb":{"@id":"https:\/\/fjala.info\/2009-2015\/ndihmoni-popullin-shqiptar-te-perqafoje-familjen-e-madhe-evropiane\/#breadcrumb"},"inLanguage":"sq-AL","potentialAction":[{"@type":"ReadAction","target":["https:\/\/fjala.info\/2009-2015\/ndihmoni-popullin-shqiptar-te-perqafoje-familjen-e-madhe-evropiane\/"]}]},{"@type":"ImageObject","inLanguage":"sq-AL","@id":"https:\/\/fjala.info\/2009-2015\/ndihmoni-popullin-shqiptar-te-perqafoje-familjen-e-madhe-evropiane\/#primaryimage","url":"http:\/\/fjala.shkoder.net\/wp-content\/uploads\/2011\/02\/homazhet_28jan11.jpg","contentUrl":"http:\/\/fjala.shkoder.net\/wp-content\/uploads\/2011\/02\/homazhet_28jan11.jpg"},{"@type":"BreadcrumbList","@id":"https:\/\/fjala.info\/2009-2015\/ndihmoni-popullin-shqiptar-te-perqafoje-familjen-e-madhe-evropiane\/#breadcrumb","itemListElement":[{"@type":"ListItem","position":1,"name":"Home","item":"https:\/\/fjala.info\/2009-2015\/"},{"@type":"ListItem","position":2,"name":"Ndihmoni popullin shqiptar t\u00eb p\u00ebrqafoj\u00eb familjen e madhe evropiane!"}]},{"@type":"WebSite","@id":"https:\/\/fjala.info\/2009-2015\/#website","url":"https:\/\/fjala.info\/2009-2015\/","name":"FjALA e LIR\u00cb - Arkivi","description":"Arkivi 2009-2015","publisher":{"@id":"https:\/\/fjala.info\/2009-2015\/#organization"},"potentialAction":[{"@type":"SearchAction","target":{"@type":"EntryPoint","urlTemplate":"https:\/\/fjala.info\/2009-2015\/?s={search_term_string}"},"query-input":{"@type":"PropertyValueSpecification","valueRequired":true,"valueName":"search_term_string"}}],"inLanguage":"sq-AL"},{"@type":"Organization","@id":"https:\/\/fjala.info\/2009-2015\/#organization","name":"FjALA e LIR\u00cb - Arkivi","url":"https:\/\/fjala.info\/2009-2015\/","logo":{"@type":"ImageObject","inLanguage":"sq-AL","@id":"https:\/\/fjala.info\/2009-2015\/#\/schema\/logo\/image\/","url":"","contentUrl":"","caption":"FjALA e LIR\u00cb - Arkivi"},"image":{"@id":"https:\/\/fjala.info\/2009-2015\/#\/schema\/logo\/image\/"}},{"@type":"Person","@id":"https:\/\/fjala.info\/2009-2015\/#\/schema\/person\/3aa1163ef05469c496fc94e77611ada2","name":"admin","image":{"@type":"ImageObject","inLanguage":"sq-AL","@id":"https:\/\/fjala.info\/2009-2015\/wp-content\/uploads\/2012\/02\/arben_cokaj-120x150.jpg","url":"https:\/\/fjala.info\/2009-2015\/wp-content\/uploads\/2012\/02\/arben_cokaj-120x150.jpg","contentUrl":"https:\/\/fjala.info\/2009-2015\/wp-content\/uploads\/2012\/02\/arben_cokaj-120x150.jpg","caption":"admin"},"description":"Admin, Fjala e Lir\u00eb","sameAs":["https:\/\/fjala.info\/"],"url":"https:\/\/fjala.info\/2009-2015\/author\/admin\/"}]}},"_links":{"self":[{"href":"https:\/\/fjala.info\/2009-2015\/wp-json\/wp\/v2\/posts\/6124","targetHints":{"allow":["GET"]}}],"collection":[{"href":"https:\/\/fjala.info\/2009-2015\/wp-json\/wp\/v2\/posts"}],"about":[{"href":"https:\/\/fjala.info\/2009-2015\/wp-json\/wp\/v2\/types\/post"}],"author":[{"embeddable":true,"href":"https:\/\/fjala.info\/2009-2015\/wp-json\/wp\/v2\/users\/1"}],"replies":[{"embeddable":true,"href":"https:\/\/fjala.info\/2009-2015\/wp-json\/wp\/v2\/comments?post=6124"}],"version-history":[{"count":0,"href":"https:\/\/fjala.info\/2009-2015\/wp-json\/wp\/v2\/posts\/6124\/revisions"}],"wp:attachment":[{"href":"https:\/\/fjala.info\/2009-2015\/wp-json\/wp\/v2\/media?parent=6124"}],"wp:term":[{"taxonomy":"category","embeddable":true,"href":"https:\/\/fjala.info\/2009-2015\/wp-json\/wp\/v2\/categories?post=6124"},{"taxonomy":"post_tag","embeddable":true,"href":"https:\/\/fjala.info\/2009-2015\/wp-json\/wp\/v2\/tags?post=6124"}],"curies":[{"name":"wp","href":"https:\/\/api.w.org\/{rel}","templated":true}]}}