{"id":6122,"date":"2011-02-02T23:18:59","date_gmt":"2011-02-02T22:18:59","guid":{"rendered":"http:\/\/fjala.shkoder.net\/?p=6122"},"modified":"2011-02-02T23:18:59","modified_gmt":"2011-02-02T22:18:59","slug":"populli-ne-shqiperi-te-largoje-me-mosbindje-civile-s-berishen","status":"publish","type":"post","link":"https:\/\/fjala.info\/2009-2015\/populli-ne-shqiperi-te-largoje-me-mosbindje-civile-s-berishen\/","title":{"rendered":"Populli n\u00eb Shqip\u00ebri t\u00eb largoj\u00eb me mosbindje civile S.Berish\u00ebn"},"content":{"rendered":"<p>Nga <strong>Rexhep Qosja<\/strong>, <em>02.02.2011<\/em><\/p>\n<p><strong>G\u00ebnjeshtra dhe qytet\u00ebrimi<\/strong><\/p>\n<p>Mund t\u00eb jet\u00eb Dekarti, mund t\u00eb jet\u00eb Spinoza, mund t\u00eb jet\u00eb Kanti e mund t\u00eb jet\u00eb Klod Levi Strosi, nuk m\u00eb kujtohet tash se cili prej tyre, ka th\u00ebn\u00eb, sigurisht jo pik\u00eb p\u00ebr pik\u00eb si\u00e7 po e paraqes un\u00eb th\u00ebnien e tij, se njer\u00ebzimi ka hyr\u00eb n\u00eb nj\u00eb epok\u00eb t\u00eb re, m\u00eb t\u00eb lart\u00eb, t\u00eb zhvillimit kulturor dhe, n\u00eb p\u00ebrgjith\u00ebsi, qytet\u00ebrues, at\u00ebher\u00eb kur ka filluar ta shikoj\u00eb e ta d\u00ebnoj\u00eb g\u00ebnjeshtr\u00ebn si nj\u00eb krim t\u00eb r\u00ebnd\u00eb.<\/p>\n<p style=\"text-align: center;\"><a href=\"http:\/\/www.shekulli.com.al\/2011\/02\/01\/shekulli-ju-fton-ti-ndihmojme.html#c331736\"><img loading=\"lazy\" decoding=\"async\" class=\"alignnone size-full wp-image-6117\" title=\"web_banner\" src=\"http:\/\/fjala.shkoder.net\/wp-content\/uploads\/2011\/02\/web_banner.jpg\" alt=\"\" width=\"500\" height=\"66\" \/><\/a><\/p>\n<p>Dhe, k\u00ebshtu, njer\u00ebzimi \u00ebsht\u00eb shk\u00ebputur prej gjendjes parake n\u00eb t\u00eb cil\u00ebn ndodhej kur ka filluar t\u00eb d\u00ebnoj\u00eb g\u00ebnjeshtarin, q\u00eb b\u00ebnte t\u00eb keqen, e jo at\u00eb q\u00eb i thoshte g\u00ebnjeshtarit g\u00ebnjeshtar.<br \/>\nNuk e di sa e si \u00ebsht\u00eb d\u00ebnuar g\u00ebnjeshtra me ligje n\u00eb shtetin shqiptar prej se \u00ebsht\u00eb krijuar ai: nuk e di sa e si \u00ebsht\u00eb d\u00ebnuar g\u00ebnjeshtra gjat\u00eb t\u00eb ashtuquajtur\u00ebs periudh\u00eb t\u00eb peripecive menj\u00ebher\u00eb pas krijimit t\u00eb k\u00ebtij shteti, as gjat\u00eb gjasht\u00eb muajve t\u00eb qeverisjes s\u00eb Fan Nolit me ministrat e tij intelektual\u00eb t\u00eb shquar, as gjat\u00eb mbret\u00ebris\u00eb s\u00eb Ahmet Zogut, as gjat\u00eb totalitarizmit t\u00eb Enver Hoxh\u00ebs. E di, nd\u00ebrkaq, se populli shqiptar n\u00eb koh\u00ebn kur nuk kishte arritur ta d\u00ebnonte me ligje, e d\u00ebnonte g\u00ebnjeshtr\u00ebn moralisht. Sipas tradit\u00ebs popullore, mashtruesi, g\u00ebnjeshtari, ishte njeri i mallkuar, i p\u00ebrqeshur dhe i p\u00ebrbuzur e, n\u00eb raste t\u00eb ve\u00e7anta, edhe i ve\u00e7uar.<\/p>\n<p>A e d\u00ebnojm\u00eb ne g\u00ebnjeshtr\u00ebn sot me ligje?<br \/>\nA e d\u00ebnojm\u00eb ne sot g\u00ebnjeshtr\u00ebn moralisht?<br \/>\nJo.<\/p>\n<p>Nuk m\u00eb ka takuar t\u00eb d\u00ebgjoj p\u00ebr g\u00ebnjeshtar t\u00eb d\u00ebnuar ligj\u00ebrisht dhe nuk m\u00eb ka takuar t\u00eb shoh n\u00eb mediat elektronike g\u00ebnjeshtar t\u00eb d\u00ebnuar moralisht n\u00eb jet\u00ebn ton\u00eb sot!<br \/>\nDhe, pik\u00ebrisht pse g\u00ebnjeshtari nuk d\u00ebnohet as ligj\u00ebrisht, as moralisht, g\u00ebnjeshtra \u00ebsht\u00eb b\u00ebr\u00eb mjet i politik\u00ebs dhe mjet p\u00ebr sukses n\u00eb jet\u00ebn ton\u00eb. Mjet i moskultur\u00ebs n\u00eb jet\u00ebn ton\u00eb.<br \/>\nG\u00ebnjejn\u00eb intelektual\u00eb! G\u00ebnjejn\u00eb shkrimtar\u00eb! G\u00ebnjejn\u00eb krijues t\u00eb fushave t\u00eb ndryshme t\u00eb arteve! G\u00ebnjejn\u00eb shkenc\u00ebtar\u00eb! G\u00ebnjejn\u00eb politikan\u00eb, zyrtar\u00eb, shtetar\u00eb!<br \/>\nAskush m\u00eb shum\u00eb, askush m\u00eb r\u00ebnd\u00eb, askush m\u00eb gjithansh\u00ebm nuk g\u00ebnjen se njer\u00ebzit e politik\u00ebs &#8211; n\u00eb m\u00ebnyr\u00eb t\u00eb ve\u00e7ant\u00eb ata t\u00eb partis\u00eb n\u00eb pushtet &#8211; t\u00eb Partis\u00eb s\u00eb Sali Berish\u00ebs.<br \/>\nZ\u00ebz\u00ebllimat e tyre jan\u00eb b\u00ebr\u00eb t\u00eb padurueshme.<\/p>\n<p>Mund t\u00eb them se e njoh mir\u00eb historin\u00eb e popullit shqiptar dhe mund t\u00eb them k\u00ebshtu &#8211; se e njoh mir\u00eb, n\u00eb radh\u00eb t\u00eb par\u00eb sepse e njoh prej p\u00ebrbrenda: e njoh kultur\u00ebn e tij, e njoh jet\u00ebn e tij kulturore, shoq\u00ebrore dhe politike. Njohurit\u00eb q\u00eb kam p\u00ebr historin\u00eb e popullit shqiptar, p\u00ebr jet\u00ebshkrimet e krijuesve t\u00eb ndrysh\u00ebm t\u00eb koh\u00ebve t\u00eb ndryshme dhe p\u00ebr jet\u00ebshkrimet e shqiptar\u00ebve q\u00eb kan\u00eb vepruar n\u00eb politik\u00ebn e atdheut a t\u00eb pushtuesit t\u00eb tij prej fillimeve t\u00eb Rilindjes Komb\u00ebtare, madje, prej koh\u00ebs s\u00eb Sk\u00ebnderbeut e deri sot &#8211; k\u00ebto njohuri historike q\u00eb kam m\u00eb b\u00ebjn\u00eb t\u00eb mundshme t\u00eb them: n\u00eb historin\u00eb politike dhe n\u00eb historin\u00eb kulturore t\u00eb popullit shqiptar nuk ka pasur dhe nuk ka njeri publik, politikan a intelektual, q\u00eb ka g\u00ebnjyer sa dhe si g\u00ebnjen ish-kryetari i Shqip\u00ebris\u00eb, Sali Berisha, kryeministri i tash\u00ebm i Shqip\u00ebris\u00eb, Sali Berisha dhe kryetari 20-vje\u00e7ar i Partis\u00eb Demokratike t\u00eb Shqip\u00ebris\u00eb, Sali Berisha. Me t\u00eb, me Sali Berish\u00ebn, nuk mund t\u00eb krahasohet asnj\u00eb g\u00ebnjeshtar i yni historik, madje, as pretenduesi i rrejsh\u00ebm p\u00ebr fronin shqiptar, g\u00ebnjeshtari spanjoll, Gjin Aleadro Kastrioti!<\/p>\n<p><strong>G\u00ebnjeshtar\u00ebt ontologjik\u00eb <\/strong><\/p>\n<p>Kryeministri i sot\u00ebm i Shqip\u00ebris\u00eb, Sali Berisha, g\u00ebnjen kurdo dhe kudo: n\u00eb \u00e7do koh\u00eb dhe n\u00eb \u00e7do vend. Dhe, g\u00ebnjen i harlisur. Ai g\u00ebnjen n\u00eb mbledhjet e zakonshme dhe n\u00eb kuvendet komb\u00ebtare t\u00eb Partis\u00eb s\u00eb tij t\u00eb quajtur demokratike; n\u00eb akademi t\u00eb ndryshme me t\u00eb cilat p\u00ebrkujtohen vetje politike a kulturore apo me t\u00eb cilat sh\u00ebnohen p\u00ebrvjetor\u00eb shtet\u00ebror\u00eb a partiak\u00eb; n\u00eb mitingje; n\u00eb fushata zgjedhore; n\u00eb mbledhje t\u00eb Qeveris\u00eb s\u00eb Shqip\u00ebris\u00eb; n\u00eb mbledhje t\u00eb Kuvendit t\u00eb Shqip\u00ebris\u00eb; n\u00eb takime zyrtare a gjysm\u00ebzyrtare me bashk\u00ebshtetar\u00eb; n\u00eb takime me politikan\u00eb e diplomat\u00eb nd\u00ebrkomb\u00ebtar\u00eb; n\u00eb biseda n\u00eb mediat dhe n\u00eb konferenca me gazetar\u00eb; n\u00eb takime me student\u00eb dhe n\u00eb takime me pedagog\u00eb e shkenc\u00ebtar\u00eb!<\/p>\n<p>Kryeministri i Shqip\u00ebris\u00eb, Sali Berisha, g\u00ebnjen aq shpesh, aq mjesht\u00ebrisht dhe aq naivisht, aq djall\u00ebzisht dhe aq primitivisht, aq sofistikuesh\u00ebm dhe aq hapur, aq premtuesh\u00ebm e aq k\u00ebrc\u00ebnuesh\u00ebm, saq\u00eb t\u00eb gjitha k\u00ebto ngjyresa t\u00eb g\u00ebnjeshtrave t\u00eb tij publike b\u00ebjn\u00eb t\u00eb mundshme, madje, t\u00eb domosdoshme, t\u00eb thuhet se g\u00ebnjeshtra \u00ebsht\u00eb thelbi i tij, substanca e tij mendore e shpirt\u00ebrore, qenia e tij, ashtu si\u00e7 \u00ebsht\u00eb servilizmi thelbi, substanca mendore e shpirt\u00ebrore, qenja e Ismail Kadares\u00eb.<\/p>\n<p>Kryeministri i Shqip\u00ebris\u00eb, Sali Berisha, \u00ebsht\u00eb g\u00ebnjeshtar ontologjik; dhe antologjik, ashtu si\u00e7 \u00ebsht\u00eb Ismail Kadare servis intelektual i diktatur\u00ebs komuniste dje dhe servis intelektual i despotizmit tribalist t\u00eb Sali Berish\u00ebs sot.<\/p>\n<p>Kryeministrin e Shqip\u00ebris\u00eb, Sali Berisha, si g\u00ebnjeshtar nuk dua ta krahasoj me g\u00ebnjeshtar\u00ebt dhe me mashtruesit e njohur bot\u00ebror\u00eb n\u00eb shekujt e kaluar, si\u00e7 ishin Xhon Lo, D&#8217;Eon, Nojhof, Kalostro, Plaku Trenk, e t\u00eb tjer\u00eb dhe nuk dua ta krahasoj me ta sepse mashtrimet dhe g\u00ebnjeshtrat e tyre, q\u00eb ndodhin n\u00eb fush\u00eb t\u00eb politik\u00ebs, nuk prodhojn\u00eb p\u00ebr t\u00eb tjer\u00ebt, por vet\u00ebm p\u00ebr ta, pasojat q\u00eb prodhojn\u00eb g\u00ebnjeshtrat e kryeministrit t\u00eb Shqip\u00ebris\u00eb, Sali Berisha, p\u00ebr shqiptar\u00ebt.<br \/>\nKryeministrin e Shqip\u00ebris\u00eb, Sali Berisha, nuk dua ta krahasoj as me g\u00ebnjeshtar\u00ebt e m\u00ebdhenj shtetar\u00eb, si\u00e7 ishin Musolini dhe Stalini, dhe nuk dua ta krahasoj me ta sepse ata, t\u00eb dy, edhe Musolini, edhe Stalini, ishin g\u00ebnjeshtar\u00eb me stil t\u00eb lart\u00eb, q\u00eb g\u00ebnjenin p\u00ebr q\u00ebllime t\u00eb larta ideologjike dhe strategjike.<\/p>\n<p>Kryeministri i sot\u00ebm i Shqip\u00ebris\u00eb, Sali Berisha, nd\u00ebrkaq, g\u00ebnjen p\u00ebr \u00e7\u00ebshtje t\u00eb r\u00ebnd\u00ebsishme dhe p\u00ebr \u00e7\u00ebshtje t\u00eb vogla, kur e kur banale. Ai g\u00ebnjen kur flet p\u00ebr nj\u00eb ur\u00eb t\u00eb vog\u00ebl dhe kur flet p\u00ebr nj\u00eb tunel t\u00eb madh, kur flet p\u00ebr pajisjen e shkollave me kompjuter\u00eb dhe kur flet p\u00ebr zhvillimin e p\u00ebrgjithsh\u00ebm ekonomik t\u00eb Shqip\u00ebris\u00eb, kur flet p\u00ebr vitin e kompjuterizimit vetjak dhe kur flet p\u00ebr zhvillimin e turizmit n\u00eb Shqip\u00ebri, kur flet p\u00ebr historin\u00eb e koh\u00ebs s\u00eb Sk\u00ebnderbeut e t\u00eb koh\u00ebs s\u00eb komunizmit dhe kur flet p\u00ebr historin\u00eb e let\u00ebrsis\u00eb shqipe, kur flet p\u00ebr bllokmen\u00ebt e vjet\u00ebr e bllokmen\u00ebt e rinj dhe p\u00ebr vendin q\u00eb ka ai nd\u00ebr t\u00eb par\u00ebt dhe nd\u00ebr t\u00eb dyt\u00eb, kur flet p\u00ebr figura intelektual\u00ebsh dhe kur flet p\u00ebr figura politikan\u00ebsh.<\/p>\n<p>N\u00eb g\u00ebnjeshtrat e tij rol posa\u00e7\u00ebrisht t\u00eb madh luajn\u00eb numrat dhe krahasimet. Numrat &#8211; kur e paraqet zhvillimin e fushave t\u00eb ndryshme t\u00eb ekonomis\u00eb, t\u00eb arsimit e t\u00eb sh\u00ebndet\u00ebsis\u00eb n\u00eb Shqip\u00ebri dhe krahasimet &#8211; kur k\u00ebt\u00eb zhvillim t\u00eb Shqip\u00ebris\u00eb e p\u00ebrqas me zhvillimin e vendeve t\u00eb tjera n\u00eb Evrop\u00eb e n\u00eb bot\u00eb. N\u00eb propagand\u00ebn e rrejshme komuniste g\u00ebnjeshtra kurr\u00eb nuk ishte aq e \u00e7mendur sa n\u00eb propagand\u00ebn g\u00ebnjeshtare, delirante t\u00eb Sali Berish\u00ebs.<\/p>\n<p><strong>Vargu i g\u00ebnjeshtrave <\/strong><\/p>\n<p>E keni par\u00eb dhe e keni d\u00ebgjuar \u00e7ka thoshte dikur p\u00ebr ish-kryeministrin e Shqip\u00ebris\u00eb, Fatos Nano. Pjes\u00ebtar i klubeve t\u00eb bixhozit n\u00eb qendra t\u00eb ndryshme evropiane; pronar nd\u00ebrtesash dhe firmash; p\u00ebrfitues nga trafikimi i qenieve njer\u00ebzore; pastrues parash; padrino i klaneve mafioze; vras\u00ebs i qytetarit n\u00eb hyrje t\u00eb Durr\u00ebsit. E t\u00eb tjera. Zi e m\u00eb zi! Dhe, k\u00ebt\u00eb &#8220;kryekriminel&#8221; i cili, po t\u00eb ishin t\u00eb v\u00ebrteta ato q\u00eb thoshte at\u00ebher\u00eb, kur Fatos Nano ishte kryeminist\u00ebr, do t\u00eb duhej t\u00eb ishte ende n\u00eb burg, pas nj\u00eb kohe, kur ai do t\u00eb bjer\u00eb nga politika, do ta shpall\u00eb mik t\u00eb \u00e7muar me t\u00eb cilin do t\u00eb p\u00ebrpiqet t\u00eb nd\u00ebrroj\u00eb gjendjen kuadrore n\u00eb Partin\u00eb Socialiste!<\/p>\n<p>E keni d\u00ebgjuar \u00e7ka thoshte dikur, n\u00eb Qeveri, n\u00eb Kuvend, n\u00eb biseda n\u00eb televizione p\u00ebr kryetarin e Partis\u00eb Socialiste p\u00ebr Integrim, Ilir Met\u00ebn? I thoshte t\u00eb gjitha ato q\u00eb i thoshte p\u00ebr Fatos Nanon plus disa zeza t\u00eb tjera m\u00eb t\u00eb zeza se ato me t\u00eb cilat e katranoste t\u00eb parin! L\u00ebshojeni xhirimin e dh\u00ebn\u00eb n\u00eb emisionin Fiks-fare mbi ato \u00e7ka thoshte Sali Berisha p\u00ebr Ilir Met\u00ebn dhe do t\u00eb krijoni p\u00ebrfytyrimin e p\u00ebraf\u00ebrt se sa e p\u00ebrshtrir\u00eb dhe se sa e p\u00ebrthelluar ishte veprimtaria kriminale e Ilir Met\u00ebs! Sikur t\u00eb ishin t\u00eb v\u00ebrteta ato q\u00eb thoshte at\u00ebher\u00eb kryeministri i tash\u00ebm i Shqip\u00ebris\u00eb, Sali Berisha, p\u00ebr z\u00ebvend\u00ebskryeministrin e tij mandej shum\u00eb t\u00eb dashur, Dritan Prifti nuk do t\u00eb kishte pasur nevoj\u00eb q\u00eb t&#8217;i xhironte fshehurazi bisedat e tij me shefin e partis\u00eb n\u00eb t\u00eb cil\u00ebn ishte, sepse Ilir Meta do t\u00eb ishte i d\u00ebnuar me shum\u00eb vite burg!<\/p>\n<p>E keni d\u00ebgjuar \u00e7ka flet kryeministri i Shqip\u00ebris\u00eb, Sali Berisha, n\u00eb bisedat televizive, n\u00eb konferencat me gazetar\u00ebt , n\u00eb Qeverin\u00eb e Shqip\u00ebris\u00eb, n\u00eb Kuvendin e Shqip\u00ebris\u00eb p\u00ebr kryetarin e Partis\u00eb Socialiste, Edi Rama dhe p\u00ebr zyrtar\u00eb t\u00eb tjer\u00eb t\u00eb k\u00ebsaj partie?<br \/>\nBesoj se e keni d\u00ebgjuar- shumica; dhe shum\u00eb her\u00eb. Ato fjal\u00eb i kemi d\u00ebgjuar ne, shikuesit e zakonsh\u00ebm, dhe ato fjal\u00eb do t&#8217;i d\u00ebgjojn\u00eb edhe pasardh\u00ebsit tan\u00eb, q\u00eb do t\u00eb merren me patologjin\u00eb e jet\u00ebs son\u00eb t\u00eb sotme politike. P\u00ebr k\u00ebt\u00eb arsye nuk e quaj t\u00eb nevojshme t&#8217;i p\u00ebrs\u00ebris n\u00eb k\u00ebt\u00eb shkrim.<\/p>\n<p>Po, me kaq nuk merr fund p\u00ebrmbledhja e deklaratave, e fjalimeve, e bisedave, e vet\u00ebrr\u00ebfimeve, e lavd\u00ebrimeve dhe e k\u00ebrc\u00ebnimeve p\u00ebrplot rrena t\u00eb kryeministrit t\u00eb sot\u00ebm t\u00eb Shqip\u00ebris\u00eb, Sali Berisha. Ajo \u00ebsht\u00eb p\u00ebrmbledhje shum\u00eb e v\u00ebllimshme dhe vazhdon t\u00eb plot\u00ebsohet dita dit\u00ebs dhe nata nat\u00ebs.<\/p>\n<p>E d\u00ebgjuat sa g\u00ebnjeu dhe si g\u00ebnjeu kryeministri i Shqip\u00ebris\u00eb, Sali Berisha, m\u00eb 21, 22, 23, 24 janar dhe sa e si vazhdon t\u00eb g\u00ebnjej\u00eb p\u00ebr demonstrat\u00ebn e 21 janarit t\u00eb Partis\u00eb Socialiste dhe t\u00eb qytetar\u00ebve t\u00eb tjer\u00eb q\u00eb nuk jan\u00eb an\u00ebtar\u00eb partish?<br \/>\nS\u00eb pari tha se tre t\u00eb vrar\u00ebt n\u00eb demonstrat\u00eb u vran\u00eb prej demonstruesve t\u00eb tjer\u00eb dhe u vran\u00eb me pistoleta t\u00eb kalibrit t\u00eb vog\u00ebl. Dhe, u vran\u00eb, shtoi ai, me q\u00ebllim q\u00eb t\u00eb akuzohej pushteti p\u00ebr vrasjen e tyre! Nuk kishte nevoj\u00eb t\u00eb ishte mjekoligjor as ekspert balistik p\u00ebr t\u00eb ditur se kjo ishte g\u00ebnjesht\u00ebr e g\u00ebnjeshtarit t\u00eb dehur prej urrejtjes.<\/p>\n<p>Mandej, pas disa or\u00ebsh apo nj\u00eb dite &#8211; nuk e di sigurt, kur u p\u00ebrg\u00ebnjeshtrua prej xhirimeve q\u00eb kishin b\u00ebr\u00eb kamera a celular\u00eb t\u00eb gazetar\u00ebve a t\u00eb qytetar\u00ebve dhe prej deklaratave t\u00eb atyre q\u00eb i kishin \u00e7uar deri n\u00eb autoambulanca t\u00eb vrar\u00ebt, q\u00eb d\u00ebshmonin se vrasjet u b\u00ebn\u00eb prej gardist\u00ebve t\u00eb kryeministrit t\u00eb Shqip\u00ebris\u00eb, Sali Berisha e nd\u00ebrroi pllak\u00ebn dhe tha: gardist\u00ebt kan\u00eb mbrojtur Kryeministrin\u00eb. Dometh\u00ebn\u00eb: kan\u00eb b\u00ebr\u00eb vrasjen duke mbrojtur Sali Berish\u00ebn (e parrezikuar prej askujt). Dhe, shtoi: me t\u00eb gjitha k\u00ebto do t\u00eb merret prokuroria. Dhe, kur Prokurorja e P\u00ebrgjithshme e filloi hetimin p\u00ebr vrasjen e demonstruesve t\u00eb paarmatosur dhe mori vendimin p\u00ebr arrestimin e gjasht\u00eb oficer\u00ebve t\u00eb gard\u00ebs, kryeministri e mohoi \u00e7&#8217;tha m\u00eb par\u00eb sepse e mohoi t\u00eb drejt\u00ebn e prokuroris\u00eb q\u00eb t\u00eb merret &#8220;me t\u00eb gjitha k\u00ebto&#8221;. Dhe, k\u00ebshtu, edhe g\u00ebnjeu prap\u00eb para opinionit shqiptar, edhe e shkeli Kushtetut\u00ebn!<\/p>\n<p>Por, p\u00ebr \u00e7\u00ebshtjen e hetimit t\u00eb krimit t\u00eb b\u00ebr\u00eb prej gard\u00ebs republikane m\u00eb 21 janar, kryeministri i Shqip\u00ebris\u00eb do t\u00eb g\u00ebnjej\u00eb prap\u00eb, e prap\u00eb e prap\u00eb. Nd\u00ebrmjet\u00ebsuesit t\u00eb P\u00ebrfaq\u00ebsueses s\u00eb Lart\u00eb t\u00eb Bashkimit Evropian, Katrin Eshton, n\u00eb konfliktin e tash\u00ebm n\u00eb Shqip\u00ebri &#8211; n\u00eb konfliktin e tret\u00eb nd\u00ebrmjet dy pal\u00ebve kund\u00ebrshtimore n\u00eb politik\u00ebn dhe n\u00eb jet\u00ebn shqiptare prej se Sali Berisha e sundon Shqip\u00ebrin\u00eb, Mirosllav Llaj\u00e7ak, ai i tha: qeveria shqiptare do t\u00eb p\u00ebrkrah\u00eb hulumtimin e pavarur t\u00eb vrasjeve. Dhe, k\u00ebshtu, p\u00ebr t\u00eb nj\u00ebjt\u00ebn \u00e7\u00ebshtje p\u00ebr tri dit\u00eb, g\u00ebnjeu tri her\u00eb.<br \/>\nP\u00ebrpos k\u00ebtyre g\u00ebnjeshtrave p\u00ebr t\u00eb nj\u00ebjt\u00ebn \u00e7\u00ebshtje &#8211; p\u00ebr \u00e7\u00ebshtjen e hetimit t\u00eb vrasjeve n\u00eb demonstrat\u00ebn e 21 janarit, kryeministri shqiptar, Sali Berisha, b\u00ebri edhe tri g\u00ebnjeshtra t\u00eb tjera &#8211; tani p\u00ebr q\u00ebllimin e demonstrat\u00ebs s\u00eb 21 janarit.<\/p>\n<p><em>Cilat jan\u00eb k\u00ebto tri g\u00ebnjeshtra t\u00eb tjera? <\/em><\/p>\n<p>E para, e shpalli demonstrat\u00ebn pu\u00e7 (q\u00eb b\u00ebhet me \u00e7adra), q\u00eb kishte p\u00ebr q\u00ebllim marrjen e pushtetit.<br \/>\nE dyta, e shpalli Prokuroren e P\u00ebrgjithshme bashk\u00ebpjes\u00ebmarr\u00ebse t\u00eb pu\u00e7it (pa treguar n\u00ebse ishte n\u00eb shtabin pu\u00e7ist apo demonstruese e thjesht\u00eb); dhe,<br \/>\nE treta, e shpalli bashk\u00ebpjes\u00ebmarr\u00ebs t\u00eb pu\u00e7it edhe Sh\u00ebrbimin Informativ Shtet\u00ebror!<br \/>\nDhe, d\u00ebshmi e tij se demonstrata ishte pu\u00e7 nuk ishin as xhirimet e demonstrat\u00ebs, as deklaratat e demonstruesve, as informatat e sh\u00ebrbimit komb\u00ebtar, por, si\u00e7 e theksoi vet\u00eb, informata t\u00eb sh\u00ebrbimeve t\u00eb jashtme, t\u00eb huaja (ndoshta serbe, ndoshta malazeze, ndoshta maqedonase, ndoshta greke, e ndoshta italiane). Informata t\u00eb sh\u00ebrbimeve amerikane, angleze dhe gjermane ato nuk mund t\u00eb ishin sepse sh\u00ebrbimet informative amerikane, angleze dhe gjermane gjithsesi nuk do t\u00eb merrnin pjes\u00eb n\u00eb g\u00ebnjeshtrat tragjikomike q\u00eb b\u00ebn kryeministri i Shqip\u00ebris\u00eb.<\/p>\n<p><strong>Zyrtarizimi i g\u00ebnjeshtrave <\/strong><\/p>\n<p>Nuk ka dyshim se g\u00ebnjeshtrat q\u00eb b\u00ebn kryetari i Partis\u00eb Demokratike t\u00eb Shqip\u00ebris\u00eb, Sali Berisha, prej se fati fatal i Shqip\u00ebris\u00eb e ka nxjerr\u00eb n\u00eb sken\u00ebn politike shqiptare, e soll\u00ebn Shqip\u00ebrin\u00eb ku ishte n\u00eb vitin 1997; ku ishte n\u00eb vitin 1998 dhe ku \u00ebsht\u00eb sot, n\u00eb vitin 2011! E ku \u00ebsht\u00eb sot Shqip\u00ebria e sunduar prej tij? \u00cbsht\u00eb n\u00eb kriz\u00eb t\u00eb r\u00ebnd\u00eb, t\u00eb gjat\u00eb, t\u00eb vazhdueshme, n\u00eb t\u00eb v\u00ebrtet\u00eb n\u00eb kriz\u00eb t\u00eb p\u00ebrgjithshme politike, shoq\u00ebrore, shpirt\u00ebrore, morale, q\u00eb shprehet: me urrejtje t\u00eb madhe nj\u00ebzetvje\u00e7are nd\u00ebrmjet dy an\u00ebve politike, q\u00eb nuk jan\u00eb t\u00eb liruara prej mend\u00ebsish krahinore, dialektore dhe, ndoshta, fetare; me shp\u00ebrthime t\u00eb koh\u00ebpaskohshme t\u00eb dhun\u00ebs n\u00eb demonstrata t\u00eb qytetar\u00ebve; me largimin e pand\u00ebrprer\u00eb t\u00eb shqiptar\u00ebve prej atdheut t\u00eb vet &#8211; n\u00eb Itali, n\u00eb Greqi, n\u00eb vende t\u00eb tjera evropiane, n\u00eb SHBA, n\u00eb Kanada, n\u00eb Australi, n\u00eb Zeland\u00eb t\u00eb Re; me krimet gjithnj\u00eb e m\u00eb t\u00eb shpeshta n\u00eb familje; me prostitucion; me drog\u00eb; me vet\u00ebvrasje; me fatkeq\u00ebsi t\u00eb jasht\u00ebzakonshme n\u00eb trafik, n\u00eb rastet m\u00eb t\u00eb shpeshta, t\u00eb shkaktuara prej shpejt\u00ebsis\u00eb dhe prej p\u00ebrdorimit t\u00eb pijeve alkoolike; me shp\u00ebrfytyrim moral q\u00eb tregohet qoft\u00eb edhe me nj\u00eb indiferenc\u00eb t\u00eb pakuptueshme ndaj padrejt\u00ebsis\u00eb e ndaj g\u00ebnjeshtr\u00ebs, duke p\u00ebrfshir\u00eb k\u00ebtu, sidomos, g\u00ebnjeshtrat q\u00eb b\u00ebn kryeministri me pretorian\u00ebt e tij partiak\u00eb. E t\u00eb tjera. E t\u00eb tjera.<\/p>\n<p>Pse Sali Berisha n\u00eb vazhdim\u00ebsi g\u00ebnjen si individ, dometh\u00ebn\u00eb pse si individ n\u00eb vazhdim\u00ebsi d\u00ebshmohet g\u00ebnjeshtar ontologjik &#8211; kjo edhe mund t\u00eb durohet.<br \/>\nPor, pse Sali Berisha n\u00eb vazhdim\u00ebsi g\u00ebnjen si kryeminist\u00ebr i Shqip\u00ebris\u00eb, dometh\u00ebn\u00eb pse si zyrtar i lart\u00eb shtet\u00ebror d\u00ebshmohet pand\u00ebrprer\u00eb g\u00ebnjeshtar ontologjik &#8211; e kjo nuk durohet, kjo nuk mund t\u00eb durohet, kjo nuk duhet t\u00eb durohet. Mund t\u00eb thuhet k\u00ebshtu, n\u00eb radh\u00eb t\u00eb par\u00eb p\u00ebr shkak se g\u00ebnjeshtrat e tij jan\u00eb b\u00ebr\u00eb dhe vazhdojn\u00eb t\u00eb b\u00ebhen g\u00ebnjeshtra partiake, g\u00ebnjeshtra t\u00eb nj\u00eb partie t\u00eb madhe, gjithsesi t\u00eb partis\u00eb s\u00eb dyt\u00eb p\u00ebr nga numri i an\u00ebtar\u00ebve n\u00eb Shqip\u00ebri. Si g\u00ebnjeshtra t\u00eb nd\u00ebrtuara dhe t\u00eb shqiptuara prej kryeministrit dhe kryetarit t\u00eb Partis\u00eb ato b\u00ebhen m\u00eb leht\u00eb g\u00ebnjeshtra kolektive dhe zyrtare: g\u00ebnjeshtra t\u00eb zyrtar\u00ebve m\u00eb t\u00eb lart\u00eb partiak\u00eb n\u00eb institucionet e shtetit: g\u00ebnjeshtra t\u00eb kryetares s\u00eb Kuvendit, g\u00ebnjeshtra t\u00eb deputet\u00ebve, g\u00ebnjeshtra t\u00eb z\u00ebvend\u00ebs-kryeministrave, g\u00ebnjeshtra t\u00eb ministrave, g\u00ebnjeshtra t\u00eb z\u00ebdh\u00ebn\u00ebsve dhe z\u00ebdh\u00ebn\u00ebseve t\u00eb partis\u00eb n\u00eb institucionet partiake e shtet\u00ebrore, g\u00ebnjeshtra t\u00eb diplomat\u00ebve an\u00ebtar\u00eb a p\u00ebrkrah\u00ebs t\u00eb PD-s\u00eb, g\u00ebnjeshtra t\u00eb pronar\u00ebve, drejtor\u00ebve, kryeredaktor\u00ebve, gazetar\u00ebve t\u00eb medieve elektronike e t\u00eb tjera q\u00eb jan\u00eb an\u00ebtar\u00eb t\u00eb PD-s\u00eb apo p\u00ebrkrah\u00ebs t\u00eb saj. Dhe, k\u00ebshtu me radh\u00eb. Dhe, k\u00ebshtu me radh\u00eb e pa radh\u00eb. T\u00eb gjith\u00eb k\u00ebta pretorian\u00eb partiak\u00eb, politik\u00eb dhe profesional\u00eb, jo vet\u00ebm se i shqiptojn\u00eb g\u00ebnjeshtrat e kryeministrit, por, kur e kur, i zmadhojn\u00eb, i plot\u00ebsojn\u00eb, i drakulizojn\u00eb.<\/p>\n<p>E d\u00ebgjuat \u00e7ka tha nj\u00ebri nga k\u00ebta pretorian\u00eb partiak\u00eb, q\u00eb \u00ebsht\u00eb i shp\u00ebrblyer me post ministror p\u00ebr rolin e treguar n\u00eb popullarizimin e g\u00ebnjeshtrave t\u00eb kryeministrit? Ai tha duke shqelmuar logjik\u00ebn dhe gramatik\u00ebn p\u00ebr \u00e7&#8217;arsye po e parafrazoj th\u00ebnien e tij p\u00ebr &#8220;barutin plot barut&#8221;: ajo vetura me t\u00eb cil\u00ebn banda e demonstruesve iu v\u00ebrsul der\u00ebs s\u00eb rrethoj\u00ebs s\u00eb kryeministris\u00eb ishte plot me eksploziv!<\/p>\n<p>Kjo g\u00ebnjesht\u00ebr ishte aq e marr\u00eb, aq e \u00e7mendur, saq\u00eb nuk kuturisi ta shqiptonte as kryeministri, i cili nuk stepet as nga g\u00ebnjeshtrat m\u00eb fantastike.<br \/>\nDuke u b\u00ebr\u00eb g\u00ebnjeshtra kolektive, partiake, zyrtare, g\u00ebnjeshtrat e kryeministrit t\u00eb Shqip\u00ebris\u00eb jan\u00eb b\u00ebr\u00eb aq m\u00eb t\u00eb rrezikshme, aq m\u00eb k\u00ebrc\u00ebnuese sepse kan\u00eb fuqi m\u00eb t\u00eb madhe p\u00ebrshtrir\u00ebse dhe fuqi m\u00eb t\u00eb madhe shkat\u00ebrruese n\u00eb organizimin e shtetit dhe n\u00eb p\u00ebrbashk\u00ebsin\u00eb e Kombit.<\/p>\n<p><strong>G\u00ebnjeshtrat dhe demokracia <\/strong><\/p>\n<p>P\u00ebr shkak t\u00eb ndikimit t\u00eb till\u00eb shp\u00ebrb\u00ebr\u00ebs, shkat\u00ebrrues, shp\u00ebrfytyrues n\u00eb shtetin e n\u00eb jet\u00ebn shoq\u00ebrore n\u00eb p\u00ebrgjith\u00ebsi t\u00eb g\u00ebnjeshtrave q\u00eb mund t\u00eb shqiptojn\u00eb zyrtar\u00ebt, popujt me tradita shtet\u00ebrore dhe politike i d\u00ebnojn\u00eb r\u00ebnd\u00eb g\u00ebnjeshtar\u00ebt politik\u00eb e shtet\u00ebror\u00eb dhe i nd\u00ebshkojn\u00eb r\u00ebnd\u00eb g\u00ebnjeshtrat e shqiptuara prej tyre. N\u00eb bot\u00ebn demokratike, politikani, shtetari, zyrtari, q\u00eb b\u00ebn qoft\u00eb edhe nj\u00eb g\u00ebnjesht\u00ebr e l\u00ebre m\u00eb m\u00eb shum\u00eb, detyrohet t\u00eb jap\u00eb dor\u00ebheqje vet\u00eb apo shkarkohet nga pozita. Var\u00ebsisht prej pesh\u00ebs s\u00eb g\u00ebnjeshtr\u00ebs dhe pasojave t\u00eb saj ai mund t\u00eb d\u00ebnohet p\u00ebr krim. Shtetet e Bashkuara t\u00eb Amerik\u00ebs, fjala vjen, p\u00ebr her\u00eb t\u00eb par\u00eb n\u00eb historin\u00eb e tyre e kan\u00eb shkarkuar nj\u00eb kryetar &#8211; e kan\u00eb shkarkuar nga pozita e kryetarit t\u00eb SHBA-ve, Ri\u00e7ard Niksonin, jo pse kishte ndodhur afera Uotergejt, por pse kishte deklaruar se nuk kishte ditur se po ndodhte kjo afer\u00eb.<\/p>\n<p>Nj\u00ebri prej kryetar\u00ebve m\u00eb t\u00eb popullarizuar amerikan, Bill Klinton, ishte gjetur n\u00eb prag t\u00eb shkarkimit nga pozita jo pse kishte v\u00ebn\u00eb marr\u00ebdh\u00ebnie t\u00eb palejuara n\u00eb Sht\u00ebpin\u00eb e Bardh\u00eb me nj\u00eb n\u00ebpun\u00ebse t\u00eb administrat\u00ebs presidenciale, por pse n\u00eb fillim kishte mohuar se kishte pasur lidhje me t\u00eb. Ishte mir\u00ebkuptuar kur kishte k\u00ebrkuar falje prej amerikan\u00ebve pse nuk e kishte th\u00ebn\u00eb t\u00eb v\u00ebrtet\u00ebn.<\/p>\n<p><em>E ne, \u00e7&#8217;b\u00ebjm\u00eb ne?<br \/>\n<\/em>Ne jo vet\u00ebm se nuk d\u00ebnojm\u00eb me ligje g\u00ebnjeshtrat 20-vje\u00e7are t\u00eb ish-kryetarit t\u00eb Shqip\u00ebris\u00eb, t\u00eb kryeministrit t\u00eb tash\u00ebm t\u00eb Shqip\u00ebris\u00eb, t\u00eb kryetarit t\u00eb Partis\u00eb Demokratike t\u00eb Shqip\u00ebris\u00eb, q\u00eb ka sjell\u00eb mend\u00ebsin\u00eb lindore despotike dhe g\u00ebnjeshtare n\u00eb jet\u00ebn politike e shtet\u00ebrore shqiptare, por nuk i d\u00ebnojm\u00eb ato as moralisht. P\u00ebrkundrazi: ndodh t\u00eb b\u00ebhemi p\u00ebrkrah\u00ebs dhe popullarizues t\u00eb tyre. Jo vet\u00ebm kryetarja e Kuvendit t\u00eb Shqip\u00ebris\u00eb, jo vet\u00ebm z\u00ebvend\u00ebs-kryeministri, jo vet\u00ebm ministrat, jo vet\u00ebm deputet\u00ebt, jo vet\u00ebm diplomat\u00ebt, jo vet\u00ebm zyrtar\u00ebt e sektor\u00ebve t\u00eb ndrysh\u00ebm pushtetor\u00eb, jo vet\u00ebm drejtor\u00eb, kryeredaktor\u00eb, redaktor\u00eb, gazetar\u00eb, po edhe intelektual\u00eb mund t\u00eb shihen e mund t\u00eb d\u00ebgjohen e mund t\u00eb lexohen duke u sh\u00ebrbyer me goj\u00eb e me shkrim g\u00ebnjeshtrave t\u00eb kryeministrit t\u00eb Shqip\u00ebris\u00eb! Prej droj\u00ebs! P\u00ebr leverdi!<\/p>\n<p>Po, t&#8217;i kthehem asaj fjalis\u00eb me t\u00eb cil\u00ebn e fillova k\u00ebt\u00eb sprov\u00eb mbi g\u00ebnjeshtarin ontologjik kampion nd\u00ebr g\u00ebnjeshtar\u00ebt n\u00eb historin\u00eb politike dhe kulturore shqiptare.<br \/>\nN\u00eb qoft\u00eb se \u00ebsht\u00eb e v\u00ebrtet\u00eb se njer\u00ebzimi \u00ebsht\u00eb shkoqur nga gjendja parake dhe \u00ebsht\u00eb ngritur n\u00eb shkall\u00eb m\u00eb t\u00eb lart\u00eb t\u00eb zhvillimit kulturor dhe, n\u00eb p\u00ebrgjith\u00ebsi, qytet\u00ebrues, at\u00ebher\u00eb kur ka filluar ta shikoj\u00eb dhe ta d\u00ebnoj\u00eb si krim t\u00eb r\u00ebnd\u00eb g\u00ebnjeshtr\u00ebn, mos do t\u00eb thot\u00eb kjo se politika e Sali Berish\u00ebs, n\u00eb t\u00eb cil\u00ebn \u00ebsht\u00eb e mbajtur g\u00ebnjeshtra si thelb, kuptim dhe mjet i saj, tregon se ne n\u00eb at\u00eb shkall\u00eb ende nuk jemi ngritur?<br \/>\nNuk dua t\u00eb besoj n\u00eb k\u00ebt\u00eb mund\u00ebsi.<\/p>\n<p><strong>Nd\u00ebshkimi i g\u00ebnjeshtarit<br \/>\n<\/strong>G\u00ebnjeshtrat e vazhdueshme, zyrtare, t\u00eb Sali Berish\u00ebs dhe t\u00eb pretorian\u00ebve t\u00eb tij partiak\u00eb, q\u00eb kan\u00eb pushtuar institucionet e shtetit shqiptar, jo vet\u00ebm se sjellin d\u00ebmet, k\u00ebrc\u00ebnimet, rreziqet q\u00eb po shohim k\u00ebto dit\u00eb, por edhe e fyejn\u00eb r\u00ebnd\u00eb popullin shqiptar. Nuk thuhet kot n\u00eb bot\u00eb: popullin nuk ka t\u00eb drejt\u00eb ta g\u00ebnjej\u00eb asnj\u00eb njeri politik. Dhe, askush.<\/p>\n<p>Populli shqiptar do ta rikthej\u00eb dinjitetin e p\u00ebrulur, t\u00eb fyer r\u00ebnd\u00eb prej g\u00ebnjeshtrave t\u00eb Sali Berish\u00ebs dhe pretorian\u00ebve t\u00eb tij politik\u00eb e shtet\u00ebror\u00eb vet\u00ebm n\u00eb nj\u00eb m\u00ebnyr\u00eb: duke e larguar Sali Berish\u00ebn prej pushtetit dhe, pas largimit prej pushtetit, duke k\u00ebrkuar hetimin e pasojave t\u00eb g\u00ebnjeshtrave t\u00eb tij n\u00eb jet\u00ebn komb\u00ebtare dhe n\u00eb sigurin\u00eb e qytetar\u00ebve. Dhe, kjo mund t\u00eb arrihet jo me fjalimet poetike e p\u00ebrshtypjel\u00ebn\u00ebse t\u00eb Edi Ram\u00ebs, por (n\u00eb qoft\u00eb se nuk pranohen zgjedhjet e parakohshme) me l\u00ebvizje popullore dhe mosbindje qytetare. Jam thell\u00ebsisht i bindur se vet\u00ebm duke e larguar Sali Berish\u00ebn prej pushtetit dhe duke e nxjerr\u00eb n\u00eb gjyq p\u00ebr pasojat kriminale t\u00eb politik\u00ebs s\u00eb tij sidomos m\u00eb 1997, 1998 dhe, tani, m\u00eb 2011 Shqip\u00ebria do ta kthej\u00eb rendin, paqen, drejt\u00ebsin\u00eb dhe q\u00ebndrueshm\u00ebrin\u00eb. Dhe, \u00e7&#8217;\u00ebsht\u00eb me r\u00ebnd\u00ebsi tep\u00ebr t\u00eb madhe: do ta ndal\u00eb r\u00ebnien shpirt\u00ebrore dhe morale q\u00eb po e shkallmon.<\/p>\n<p><em>Prishtin\u00eb 29.1.2011 <\/em><\/p>\n","protected":false},"excerpt":{"rendered":"<p>Nga Rexhep Qosja, 02.02.2011 G\u00ebnjeshtra dhe qytet\u00ebrimi Mund t\u00eb jet\u00eb Dekarti, mund t\u00eb jet\u00eb Spinoza, mund t\u00eb jet\u00eb Kanti e mund t\u00eb jet\u00eb Klod Levi Strosi, nuk m\u00eb kujtohet tash se cili prej tyre, ka th\u00ebn\u00eb, sigurisht jo pik\u00eb p\u00ebr pik\u00eb si\u00e7 po e paraqes un\u00eb th\u00ebnien e tij, se njer\u00ebzimi ka hyr\u00eb n\u00eb nj\u00eb [&hellip;]<\/p>\n","protected":false},"author":1,"featured_media":0,"comment_status":"open","ping_status":"closed","sticky":false,"template":"","format":"standard","meta":{"footnotes":""},"categories":[2],"tags":[],"class_list":{"0":"post-6122","1":"post","2":"type-post","3":"status-publish","4":"format-standard","6":"category-artikuj"},"yoast_head":"<!-- This site is optimized with the Yoast SEO plugin v27.4 - https:\/\/yoast.com\/product\/yoast-seo-wordpress\/ -->\n<title>Populli n\u00eb Shqip\u00ebri t\u00eb largoj\u00eb me mosbindje civile S.Berish\u00ebn - FjALA e LIR\u00cb - Arkivi<\/title>\n<meta name=\"robots\" content=\"index, follow, max-snippet:-1, max-image-preview:large, max-video-preview:-1\" \/>\n<link rel=\"canonical\" href=\"https:\/\/fjala.info\/2009-2015\/populli-ne-shqiperi-te-largoje-me-mosbindje-civile-s-berishen\/\" \/>\n<meta property=\"og:locale\" content=\"sq_AL\" \/>\n<meta property=\"og:type\" content=\"article\" \/>\n<meta property=\"og:title\" content=\"Populli n\u00eb Shqip\u00ebri t\u00eb largoj\u00eb me mosbindje civile S.Berish\u00ebn - FjALA e LIR\u00cb - Arkivi\" \/>\n<meta property=\"og:description\" content=\"Nga Rexhep Qosja, 02.02.2011 G\u00ebnjeshtra dhe qytet\u00ebrimi Mund t\u00eb jet\u00eb Dekarti, mund t\u00eb jet\u00eb Spinoza, mund t\u00eb jet\u00eb Kanti e mund t\u00eb jet\u00eb Klod Levi Strosi, nuk m\u00eb kujtohet tash se cili prej tyre, ka th\u00ebn\u00eb, sigurisht jo pik\u00eb p\u00ebr pik\u00eb si\u00e7 po e paraqes un\u00eb th\u00ebnien e tij, se njer\u00ebzimi ka hyr\u00eb n\u00eb nj\u00eb [&hellip;]\" \/>\n<meta property=\"og:url\" content=\"https:\/\/fjala.info\/2009-2015\/populli-ne-shqiperi-te-largoje-me-mosbindje-civile-s-berishen\/\" \/>\n<meta property=\"og:site_name\" content=\"FjALA e LIR\u00cb - Arkivi\" \/>\n<meta property=\"article:published_time\" content=\"2011-02-02T22:18:59+00:00\" \/>\n<meta property=\"og:image\" content=\"http:\/\/fjala.shkoder.net\/wp-content\/uploads\/2011\/02\/web_banner.jpg\" \/>\n<meta name=\"author\" content=\"admin\" \/>\n<meta name=\"twitter:card\" content=\"summary_large_image\" \/>\n<meta name=\"twitter:label1\" content=\"Written by\" \/>\n\t<meta name=\"twitter:data1\" content=\"admin\" \/>\n\t<meta name=\"twitter:label2\" content=\"Est. reading time\" \/>\n\t<meta name=\"twitter:data2\" content=\"19 minutes\" \/>\n<script type=\"application\/ld+json\" class=\"yoast-schema-graph\">{\"@context\":\"https:\\\/\\\/schema.org\",\"@graph\":[{\"@type\":\"Article\",\"@id\":\"https:\\\/\\\/fjala.info\\\/2009-2015\\\/populli-ne-shqiperi-te-largoje-me-mosbindje-civile-s-berishen\\\/#article\",\"isPartOf\":{\"@id\":\"https:\\\/\\\/fjala.info\\\/2009-2015\\\/populli-ne-shqiperi-te-largoje-me-mosbindje-civile-s-berishen\\\/\"},\"author\":{\"name\":\"admin\",\"@id\":\"https:\\\/\\\/fjala.info\\\/2009-2015\\\/#\\\/schema\\\/person\\\/3aa1163ef05469c496fc94e77611ada2\"},\"headline\":\"Populli n\u00eb Shqip\u00ebri t\u00eb largoj\u00eb me mosbindje civile S.Berish\u00ebn\",\"datePublished\":\"2011-02-02T22:18:59+00:00\",\"mainEntityOfPage\":{\"@id\":\"https:\\\/\\\/fjala.info\\\/2009-2015\\\/populli-ne-shqiperi-te-largoje-me-mosbindje-civile-s-berishen\\\/\"},\"wordCount\":3908,\"commentCount\":1,\"publisher\":{\"@id\":\"https:\\\/\\\/fjala.info\\\/2009-2015\\\/#organization\"},\"image\":{\"@id\":\"https:\\\/\\\/fjala.info\\\/2009-2015\\\/populli-ne-shqiperi-te-largoje-me-mosbindje-civile-s-berishen\\\/#primaryimage\"},\"thumbnailUrl\":\"http:\\\/\\\/fjala.shkoder.net\\\/wp-content\\\/uploads\\\/2011\\\/02\\\/web_banner.jpg\",\"articleSection\":[\"Artikuj\"],\"inLanguage\":\"sq-AL\",\"potentialAction\":[{\"@type\":\"CommentAction\",\"name\":\"Comment\",\"target\":[\"https:\\\/\\\/fjala.info\\\/2009-2015\\\/populli-ne-shqiperi-te-largoje-me-mosbindje-civile-s-berishen\\\/#respond\"]}]},{\"@type\":\"WebPage\",\"@id\":\"https:\\\/\\\/fjala.info\\\/2009-2015\\\/populli-ne-shqiperi-te-largoje-me-mosbindje-civile-s-berishen\\\/\",\"url\":\"https:\\\/\\\/fjala.info\\\/2009-2015\\\/populli-ne-shqiperi-te-largoje-me-mosbindje-civile-s-berishen\\\/\",\"name\":\"Populli n\u00eb Shqip\u00ebri t\u00eb largoj\u00eb me mosbindje civile S.Berish\u00ebn - FjALA e LIR\u00cb - Arkivi\",\"isPartOf\":{\"@id\":\"https:\\\/\\\/fjala.info\\\/2009-2015\\\/#website\"},\"primaryImageOfPage\":{\"@id\":\"https:\\\/\\\/fjala.info\\\/2009-2015\\\/populli-ne-shqiperi-te-largoje-me-mosbindje-civile-s-berishen\\\/#primaryimage\"},\"image\":{\"@id\":\"https:\\\/\\\/fjala.info\\\/2009-2015\\\/populli-ne-shqiperi-te-largoje-me-mosbindje-civile-s-berishen\\\/#primaryimage\"},\"thumbnailUrl\":\"http:\\\/\\\/fjala.shkoder.net\\\/wp-content\\\/uploads\\\/2011\\\/02\\\/web_banner.jpg\",\"datePublished\":\"2011-02-02T22:18:59+00:00\",\"breadcrumb\":{\"@id\":\"https:\\\/\\\/fjala.info\\\/2009-2015\\\/populli-ne-shqiperi-te-largoje-me-mosbindje-civile-s-berishen\\\/#breadcrumb\"},\"inLanguage\":\"sq-AL\",\"potentialAction\":[{\"@type\":\"ReadAction\",\"target\":[\"https:\\\/\\\/fjala.info\\\/2009-2015\\\/populli-ne-shqiperi-te-largoje-me-mosbindje-civile-s-berishen\\\/\"]}]},{\"@type\":\"ImageObject\",\"inLanguage\":\"sq-AL\",\"@id\":\"https:\\\/\\\/fjala.info\\\/2009-2015\\\/populli-ne-shqiperi-te-largoje-me-mosbindje-civile-s-berishen\\\/#primaryimage\",\"url\":\"http:\\\/\\\/fjala.shkoder.net\\\/wp-content\\\/uploads\\\/2011\\\/02\\\/web_banner.jpg\",\"contentUrl\":\"http:\\\/\\\/fjala.shkoder.net\\\/wp-content\\\/uploads\\\/2011\\\/02\\\/web_banner.jpg\"},{\"@type\":\"BreadcrumbList\",\"@id\":\"https:\\\/\\\/fjala.info\\\/2009-2015\\\/populli-ne-shqiperi-te-largoje-me-mosbindje-civile-s-berishen\\\/#breadcrumb\",\"itemListElement\":[{\"@type\":\"ListItem\",\"position\":1,\"name\":\"Home\",\"item\":\"https:\\\/\\\/fjala.info\\\/2009-2015\\\/\"},{\"@type\":\"ListItem\",\"position\":2,\"name\":\"Populli n\u00eb Shqip\u00ebri t\u00eb largoj\u00eb me mosbindje civile S.Berish\u00ebn\"}]},{\"@type\":\"WebSite\",\"@id\":\"https:\\\/\\\/fjala.info\\\/2009-2015\\\/#website\",\"url\":\"https:\\\/\\\/fjala.info\\\/2009-2015\\\/\",\"name\":\"FjALA e LIR\u00cb - Arkivi\",\"description\":\"Arkivi 2009-2015\",\"publisher\":{\"@id\":\"https:\\\/\\\/fjala.info\\\/2009-2015\\\/#organization\"},\"potentialAction\":[{\"@type\":\"SearchAction\",\"target\":{\"@type\":\"EntryPoint\",\"urlTemplate\":\"https:\\\/\\\/fjala.info\\\/2009-2015\\\/?s={search_term_string}\"},\"query-input\":{\"@type\":\"PropertyValueSpecification\",\"valueRequired\":true,\"valueName\":\"search_term_string\"}}],\"inLanguage\":\"sq-AL\"},{\"@type\":\"Organization\",\"@id\":\"https:\\\/\\\/fjala.info\\\/2009-2015\\\/#organization\",\"name\":\"FjALA e LIR\u00cb - Arkivi\",\"url\":\"https:\\\/\\\/fjala.info\\\/2009-2015\\\/\",\"logo\":{\"@type\":\"ImageObject\",\"inLanguage\":\"sq-AL\",\"@id\":\"https:\\\/\\\/fjala.info\\\/2009-2015\\\/#\\\/schema\\\/logo\\\/image\\\/\",\"url\":\"\",\"contentUrl\":\"\",\"caption\":\"FjALA e LIR\u00cb - Arkivi\"},\"image\":{\"@id\":\"https:\\\/\\\/fjala.info\\\/2009-2015\\\/#\\\/schema\\\/logo\\\/image\\\/\"}},{\"@type\":\"Person\",\"@id\":\"https:\\\/\\\/fjala.info\\\/2009-2015\\\/#\\\/schema\\\/person\\\/3aa1163ef05469c496fc94e77611ada2\",\"name\":\"admin\",\"image\":{\"@type\":\"ImageObject\",\"inLanguage\":\"sq-AL\",\"@id\":\"https:\\\/\\\/fjala.info\\\/2009-2015\\\/wp-content\\\/uploads\\\/2012\\\/02\\\/arben_cokaj-120x150.jpg\",\"url\":\"https:\\\/\\\/fjala.info\\\/2009-2015\\\/wp-content\\\/uploads\\\/2012\\\/02\\\/arben_cokaj-120x150.jpg\",\"contentUrl\":\"https:\\\/\\\/fjala.info\\\/2009-2015\\\/wp-content\\\/uploads\\\/2012\\\/02\\\/arben_cokaj-120x150.jpg\",\"caption\":\"admin\"},\"description\":\"Admin, Fjala e Lir\u00eb\",\"sameAs\":[\"https:\\\/\\\/fjala.info\\\/\"],\"url\":\"https:\\\/\\\/fjala.info\\\/2009-2015\\\/author\\\/admin\\\/\"}]}<\/script>\n<!-- \/ Yoast SEO plugin. -->","yoast_head_json":{"title":"Populli n\u00eb Shqip\u00ebri t\u00eb largoj\u00eb me mosbindje civile S.Berish\u00ebn - FjALA e LIR\u00cb - Arkivi","robots":{"index":"index","follow":"follow","max-snippet":"max-snippet:-1","max-image-preview":"max-image-preview:large","max-video-preview":"max-video-preview:-1"},"canonical":"https:\/\/fjala.info\/2009-2015\/populli-ne-shqiperi-te-largoje-me-mosbindje-civile-s-berishen\/","og_locale":"sq_AL","og_type":"article","og_title":"Populli n\u00eb Shqip\u00ebri t\u00eb largoj\u00eb me mosbindje civile S.Berish\u00ebn - FjALA e LIR\u00cb - Arkivi","og_description":"Nga Rexhep Qosja, 02.02.2011 G\u00ebnjeshtra dhe qytet\u00ebrimi Mund t\u00eb jet\u00eb Dekarti, mund t\u00eb jet\u00eb Spinoza, mund t\u00eb jet\u00eb Kanti e mund t\u00eb jet\u00eb Klod Levi Strosi, nuk m\u00eb kujtohet tash se cili prej tyre, ka th\u00ebn\u00eb, sigurisht jo pik\u00eb p\u00ebr pik\u00eb si\u00e7 po e paraqes un\u00eb th\u00ebnien e tij, se njer\u00ebzimi ka hyr\u00eb n\u00eb nj\u00eb [&hellip;]","og_url":"https:\/\/fjala.info\/2009-2015\/populli-ne-shqiperi-te-largoje-me-mosbindje-civile-s-berishen\/","og_site_name":"FjALA e LIR\u00cb - Arkivi","article_published_time":"2011-02-02T22:18:59+00:00","og_image":[{"url":"http:\/\/fjala.shkoder.net\/wp-content\/uploads\/2011\/02\/web_banner.jpg","type":"","width":"","height":""}],"author":"admin","twitter_card":"summary_large_image","twitter_misc":{"Written by":"admin","Est. reading time":"19 minutes"},"schema":{"@context":"https:\/\/schema.org","@graph":[{"@type":"Article","@id":"https:\/\/fjala.info\/2009-2015\/populli-ne-shqiperi-te-largoje-me-mosbindje-civile-s-berishen\/#article","isPartOf":{"@id":"https:\/\/fjala.info\/2009-2015\/populli-ne-shqiperi-te-largoje-me-mosbindje-civile-s-berishen\/"},"author":{"name":"admin","@id":"https:\/\/fjala.info\/2009-2015\/#\/schema\/person\/3aa1163ef05469c496fc94e77611ada2"},"headline":"Populli n\u00eb Shqip\u00ebri t\u00eb largoj\u00eb me mosbindje civile S.Berish\u00ebn","datePublished":"2011-02-02T22:18:59+00:00","mainEntityOfPage":{"@id":"https:\/\/fjala.info\/2009-2015\/populli-ne-shqiperi-te-largoje-me-mosbindje-civile-s-berishen\/"},"wordCount":3908,"commentCount":1,"publisher":{"@id":"https:\/\/fjala.info\/2009-2015\/#organization"},"image":{"@id":"https:\/\/fjala.info\/2009-2015\/populli-ne-shqiperi-te-largoje-me-mosbindje-civile-s-berishen\/#primaryimage"},"thumbnailUrl":"http:\/\/fjala.shkoder.net\/wp-content\/uploads\/2011\/02\/web_banner.jpg","articleSection":["Artikuj"],"inLanguage":"sq-AL","potentialAction":[{"@type":"CommentAction","name":"Comment","target":["https:\/\/fjala.info\/2009-2015\/populli-ne-shqiperi-te-largoje-me-mosbindje-civile-s-berishen\/#respond"]}]},{"@type":"WebPage","@id":"https:\/\/fjala.info\/2009-2015\/populli-ne-shqiperi-te-largoje-me-mosbindje-civile-s-berishen\/","url":"https:\/\/fjala.info\/2009-2015\/populli-ne-shqiperi-te-largoje-me-mosbindje-civile-s-berishen\/","name":"Populli n\u00eb Shqip\u00ebri t\u00eb largoj\u00eb me mosbindje civile S.Berish\u00ebn - FjALA e LIR\u00cb - Arkivi","isPartOf":{"@id":"https:\/\/fjala.info\/2009-2015\/#website"},"primaryImageOfPage":{"@id":"https:\/\/fjala.info\/2009-2015\/populli-ne-shqiperi-te-largoje-me-mosbindje-civile-s-berishen\/#primaryimage"},"image":{"@id":"https:\/\/fjala.info\/2009-2015\/populli-ne-shqiperi-te-largoje-me-mosbindje-civile-s-berishen\/#primaryimage"},"thumbnailUrl":"http:\/\/fjala.shkoder.net\/wp-content\/uploads\/2011\/02\/web_banner.jpg","datePublished":"2011-02-02T22:18:59+00:00","breadcrumb":{"@id":"https:\/\/fjala.info\/2009-2015\/populli-ne-shqiperi-te-largoje-me-mosbindje-civile-s-berishen\/#breadcrumb"},"inLanguage":"sq-AL","potentialAction":[{"@type":"ReadAction","target":["https:\/\/fjala.info\/2009-2015\/populli-ne-shqiperi-te-largoje-me-mosbindje-civile-s-berishen\/"]}]},{"@type":"ImageObject","inLanguage":"sq-AL","@id":"https:\/\/fjala.info\/2009-2015\/populli-ne-shqiperi-te-largoje-me-mosbindje-civile-s-berishen\/#primaryimage","url":"http:\/\/fjala.shkoder.net\/wp-content\/uploads\/2011\/02\/web_banner.jpg","contentUrl":"http:\/\/fjala.shkoder.net\/wp-content\/uploads\/2011\/02\/web_banner.jpg"},{"@type":"BreadcrumbList","@id":"https:\/\/fjala.info\/2009-2015\/populli-ne-shqiperi-te-largoje-me-mosbindje-civile-s-berishen\/#breadcrumb","itemListElement":[{"@type":"ListItem","position":1,"name":"Home","item":"https:\/\/fjala.info\/2009-2015\/"},{"@type":"ListItem","position":2,"name":"Populli n\u00eb Shqip\u00ebri t\u00eb largoj\u00eb me mosbindje civile S.Berish\u00ebn"}]},{"@type":"WebSite","@id":"https:\/\/fjala.info\/2009-2015\/#website","url":"https:\/\/fjala.info\/2009-2015\/","name":"FjALA e LIR\u00cb - Arkivi","description":"Arkivi 2009-2015","publisher":{"@id":"https:\/\/fjala.info\/2009-2015\/#organization"},"potentialAction":[{"@type":"SearchAction","target":{"@type":"EntryPoint","urlTemplate":"https:\/\/fjala.info\/2009-2015\/?s={search_term_string}"},"query-input":{"@type":"PropertyValueSpecification","valueRequired":true,"valueName":"search_term_string"}}],"inLanguage":"sq-AL"},{"@type":"Organization","@id":"https:\/\/fjala.info\/2009-2015\/#organization","name":"FjALA e LIR\u00cb - Arkivi","url":"https:\/\/fjala.info\/2009-2015\/","logo":{"@type":"ImageObject","inLanguage":"sq-AL","@id":"https:\/\/fjala.info\/2009-2015\/#\/schema\/logo\/image\/","url":"","contentUrl":"","caption":"FjALA e LIR\u00cb - Arkivi"},"image":{"@id":"https:\/\/fjala.info\/2009-2015\/#\/schema\/logo\/image\/"}},{"@type":"Person","@id":"https:\/\/fjala.info\/2009-2015\/#\/schema\/person\/3aa1163ef05469c496fc94e77611ada2","name":"admin","image":{"@type":"ImageObject","inLanguage":"sq-AL","@id":"https:\/\/fjala.info\/2009-2015\/wp-content\/uploads\/2012\/02\/arben_cokaj-120x150.jpg","url":"https:\/\/fjala.info\/2009-2015\/wp-content\/uploads\/2012\/02\/arben_cokaj-120x150.jpg","contentUrl":"https:\/\/fjala.info\/2009-2015\/wp-content\/uploads\/2012\/02\/arben_cokaj-120x150.jpg","caption":"admin"},"description":"Admin, Fjala e Lir\u00eb","sameAs":["https:\/\/fjala.info\/"],"url":"https:\/\/fjala.info\/2009-2015\/author\/admin\/"}]}},"_links":{"self":[{"href":"https:\/\/fjala.info\/2009-2015\/wp-json\/wp\/v2\/posts\/6122","targetHints":{"allow":["GET"]}}],"collection":[{"href":"https:\/\/fjala.info\/2009-2015\/wp-json\/wp\/v2\/posts"}],"about":[{"href":"https:\/\/fjala.info\/2009-2015\/wp-json\/wp\/v2\/types\/post"}],"author":[{"embeddable":true,"href":"https:\/\/fjala.info\/2009-2015\/wp-json\/wp\/v2\/users\/1"}],"replies":[{"embeddable":true,"href":"https:\/\/fjala.info\/2009-2015\/wp-json\/wp\/v2\/comments?post=6122"}],"version-history":[{"count":0,"href":"https:\/\/fjala.info\/2009-2015\/wp-json\/wp\/v2\/posts\/6122\/revisions"}],"wp:attachment":[{"href":"https:\/\/fjala.info\/2009-2015\/wp-json\/wp\/v2\/media?parent=6122"}],"wp:term":[{"taxonomy":"category","embeddable":true,"href":"https:\/\/fjala.info\/2009-2015\/wp-json\/wp\/v2\/categories?post=6122"},{"taxonomy":"post_tag","embeddable":true,"href":"https:\/\/fjala.info\/2009-2015\/wp-json\/wp\/v2\/tags?post=6122"}],"curies":[{"name":"wp","href":"https:\/\/api.w.org\/{rel}","templated":true}]}}