{"id":612,"date":"2011-12-15T08:45:14","date_gmt":"2011-12-15T07:45:14","guid":{"rendered":"http:\/\/fjala.shkoder.net\/?p=612"},"modified":"2011-12-15T08:45:14","modified_gmt":"2011-12-15T07:45:14","slug":"dell-kosova-model-i-shtetit-islamik-kurthi-islam-nga-jo-islamiket","status":"publish","type":"post","link":"https:\/\/fjala.info\/2009-2015\/dell-kosova-model-i-shtetit-islamik-kurthi-islam-nga-jo-islamiket\/","title":{"rendered":"Dell: Kosova, model i shtetit islamik (kurthi islam nga jo-islamik\u00ebt)"},"content":{"rendered":"<p><img decoding=\"async\" class=\"alignright size-thumbnail wp-image-7236\" title=\"Christofer Dell\" src=\"http:\/\/www.shkoder.net\/images\/fjala\/2011\/christofer_dell1.jpg\" alt=\"\" width=\"300\" \/> <em>New Jersey, 14 dhjetor<\/em> &#8211; Ambasadori amerikan n\u00eb Kosov\u00eb, Christopher Dell i ka mund\u00ebsuar presidentes Jahjaga nj\u00eb ligj\u00ebrat\u00eb n\u00eb Monmouth University t\u00eb New Jerseyt. Bashk\u00eb me t\u00eb ai para student\u00ebve t\u00eb k\u00ebtij universiteti ka th\u00ebn\u00eb se Kosova \u00ebsht\u00eb tregim i suksessh\u00ebm dhe shembull i bashk\u00eb-ekzistenc\u00ebs s\u00eb vlerave per\u00ebndimore e islamike.<\/p>\n<p>\u201cKosova \u00ebsht\u00eb nj\u00eb tregim i mir\u00eb n\u00eb lajme, jo nj\u00eb lajm i keq. \u00cbsht\u00eb nj\u00eb shtet q\u00eb k\u00ebrkon vendin e tij n\u00eb hap\u00ebsir\u00ebn evropiane\u2026.Besoj se ajo (Jahjaga) p\u00ebrfaq\u00ebson nj\u00eb t\u00eb ardhme, sipas s\u00eb cil\u00ebs nj\u00eb shtet mysliman mund t\u00eb tregoj\u00eb se vlerat islamike dhe ato per\u00ebndimore mund t\u00eb bashk\u00ebjetojn\u00eb\u201d, ka th\u00ebn\u00eb Dell, transmeton Indeksonline.<\/p>\n<p>Ai ka treguar se si Jahjaga pranoi ta marr\u00eb udh\u00ebheqjen e shtetit pasi q\u00eb dy paraardh\u00ebsit e saj u larguan nga posti brenda 4 muajsh.<\/p>\n<p>&#8212;&#8212;&#8212;&#8212;&#8211;<\/p>\n<p><strong>Ndue Ukaj<\/strong>: Po perdoret Kosova dhe populli i saj i mjere per kusure politike&#8230;Mjerisht kjo klase politik miope, pa vizione dhe ide, nuk sheh pertej hundes, pradaj edhe keto deklarime fyese dhe aspak reale i perpine, pa i tret fare&#8230; Kjo deklarate e Dellit dhe shume deklarata tjera te kesaj natyre, qe vijne nga Adminstrata Amerikane, jane deshmi se po perdoret maksimalisht ky vend per kusure politike ne interesat gjeostrategjike te Amerikes, kryesisht ne vendet tjera islamike. Ne emer te Kosoves, qe nuk eshte shtet islamik, por po e fiton kete epitet cdo dite e me shume, po sendertohen gjetiu interesat amerikane duke i relativizuar tensionet e medha mes botes arabe dhe asaj amerikane.<\/p>\n<p>Kosova nuk guxon ta haj kete kashte, edhe pse asaj ia jane vu syzat e gjelberta dhe po e sheh si bari te gjelbert e te dobishem per stomakun e saj (perafrazim i nje fabule). Prandaj, e gjithe inteligjencia shqiptare, duke mos prit politiken tone medikore dhe miope, duhet te del ne mbrojtje te shtetit te Kosoves dhe sekularitetit te saj&#8230;<\/p>\n","protected":false},"excerpt":{"rendered":"<p>New Jersey, 14 dhjetor &#8211; Ambasadori amerikan n\u00eb Kosov\u00eb, Christopher Dell i ka mund\u00ebsuar presidentes Jahjaga nj\u00eb ligj\u00ebrat\u00eb n\u00eb Monmouth University t\u00eb New Jerseyt. Bashk\u00eb me t\u00eb ai para student\u00ebve t\u00eb k\u00ebtij universiteti ka th\u00ebn\u00eb se Kosova \u00ebsht\u00eb tregim i suksessh\u00ebm dhe shembull i bashk\u00eb-ekzistenc\u00ebs s\u00eb vlerave per\u00ebndimore e islamike. \u201cKosova \u00ebsht\u00eb nj\u00eb tregim i [&hellip;]<\/p>\n","protected":false},"author":1,"featured_media":0,"comment_status":"open","ping_status":"closed","sticky":false,"template":"","format":"standard","meta":{"footnotes":""},"categories":[5],"tags":[],"class_list":{"0":"post-612","1":"post","2":"type-post","3":"status-publish","4":"format-standard","6":"category-lajme"},"yoast_head":"<!-- This site is optimized with the Yoast SEO plugin v27.4 - https:\/\/yoast.com\/product\/yoast-seo-wordpress\/ -->\n<title>Dell: Kosova, model i shtetit islamik (kurthi islam nga jo-islamik\u00ebt) - FjALA e LIR\u00cb - Arkivi<\/title>\n<meta name=\"robots\" content=\"index, follow, max-snippet:-1, max-image-preview:large, max-video-preview:-1\" \/>\n<link rel=\"canonical\" href=\"https:\/\/fjala.info\/2009-2015\/dell-kosova-model-i-shtetit-islamik-kurthi-islam-nga-jo-islamiket\/\" \/>\n<meta property=\"og:locale\" content=\"sq_AL\" \/>\n<meta property=\"og:type\" content=\"article\" \/>\n<meta property=\"og:title\" content=\"Dell: Kosova, model i shtetit islamik (kurthi islam nga jo-islamik\u00ebt) - FjALA e LIR\u00cb - Arkivi\" \/>\n<meta property=\"og:description\" content=\"New Jersey, 14 dhjetor &#8211; Ambasadori amerikan n\u00eb Kosov\u00eb, Christopher Dell i ka mund\u00ebsuar presidentes Jahjaga nj\u00eb ligj\u00ebrat\u00eb n\u00eb Monmouth University t\u00eb New Jerseyt. Bashk\u00eb me t\u00eb ai para student\u00ebve t\u00eb k\u00ebtij universiteti ka th\u00ebn\u00eb se Kosova \u00ebsht\u00eb tregim i suksessh\u00ebm dhe shembull i bashk\u00eb-ekzistenc\u00ebs s\u00eb vlerave per\u00ebndimore e islamike. \u201cKosova \u00ebsht\u00eb nj\u00eb tregim i [&hellip;]\" \/>\n<meta property=\"og:url\" content=\"https:\/\/fjala.info\/2009-2015\/dell-kosova-model-i-shtetit-islamik-kurthi-islam-nga-jo-islamiket\/\" \/>\n<meta property=\"og:site_name\" content=\"FjALA e LIR\u00cb - Arkivi\" \/>\n<meta property=\"article:published_time\" content=\"2011-12-15T07:45:14+00:00\" \/>\n<meta property=\"og:image\" content=\"http:\/\/www.shkoder.net\/images\/fjala\/2011\/christofer_dell1.jpg\" \/>\n<meta name=\"author\" content=\"admin\" \/>\n<meta name=\"twitter:card\" content=\"summary_large_image\" \/>\n<meta name=\"twitter:label1\" content=\"Written by\" \/>\n\t<meta name=\"twitter:data1\" content=\"admin\" \/>\n\t<meta name=\"twitter:label2\" content=\"Est. reading time\" \/>\n\t<meta name=\"twitter:data2\" content=\"2 minutes\" \/>\n<script type=\"application\/ld+json\" class=\"yoast-schema-graph\">{\"@context\":\"https:\\\/\\\/schema.org\",\"@graph\":[{\"@type\":\"Article\",\"@id\":\"https:\\\/\\\/fjala.info\\\/2009-2015\\\/dell-kosova-model-i-shtetit-islamik-kurthi-islam-nga-jo-islamiket\\\/#article\",\"isPartOf\":{\"@id\":\"https:\\\/\\\/fjala.info\\\/2009-2015\\\/dell-kosova-model-i-shtetit-islamik-kurthi-islam-nga-jo-islamiket\\\/\"},\"author\":{\"name\":\"admin\",\"@id\":\"https:\\\/\\\/fjala.info\\\/2009-2015\\\/#\\\/schema\\\/person\\\/3aa1163ef05469c496fc94e77611ada2\"},\"headline\":\"Dell: Kosova, model i shtetit islamik (kurthi islam nga jo-islamik\u00ebt)\",\"datePublished\":\"2011-12-15T07:45:14+00:00\",\"mainEntityOfPage\":{\"@id\":\"https:\\\/\\\/fjala.info\\\/2009-2015\\\/dell-kosova-model-i-shtetit-islamik-kurthi-islam-nga-jo-islamiket\\\/\"},\"wordCount\":336,\"commentCount\":0,\"publisher\":{\"@id\":\"https:\\\/\\\/fjala.info\\\/2009-2015\\\/#organization\"},\"image\":{\"@id\":\"https:\\\/\\\/fjala.info\\\/2009-2015\\\/dell-kosova-model-i-shtetit-islamik-kurthi-islam-nga-jo-islamiket\\\/#primaryimage\"},\"thumbnailUrl\":\"http:\\\/\\\/www.shkoder.net\\\/images\\\/fjala\\\/2011\\\/christofer_dell1.jpg\",\"articleSection\":[\"Lajme\"],\"inLanguage\":\"sq-AL\",\"potentialAction\":[{\"@type\":\"CommentAction\",\"name\":\"Comment\",\"target\":[\"https:\\\/\\\/fjala.info\\\/2009-2015\\\/dell-kosova-model-i-shtetit-islamik-kurthi-islam-nga-jo-islamiket\\\/#respond\"]}]},{\"@type\":\"WebPage\",\"@id\":\"https:\\\/\\\/fjala.info\\\/2009-2015\\\/dell-kosova-model-i-shtetit-islamik-kurthi-islam-nga-jo-islamiket\\\/\",\"url\":\"https:\\\/\\\/fjala.info\\\/2009-2015\\\/dell-kosova-model-i-shtetit-islamik-kurthi-islam-nga-jo-islamiket\\\/\",\"name\":\"Dell: Kosova, model i shtetit islamik (kurthi islam nga jo-islamik\u00ebt) - FjALA e LIR\u00cb - Arkivi\",\"isPartOf\":{\"@id\":\"https:\\\/\\\/fjala.info\\\/2009-2015\\\/#website\"},\"primaryImageOfPage\":{\"@id\":\"https:\\\/\\\/fjala.info\\\/2009-2015\\\/dell-kosova-model-i-shtetit-islamik-kurthi-islam-nga-jo-islamiket\\\/#primaryimage\"},\"image\":{\"@id\":\"https:\\\/\\\/fjala.info\\\/2009-2015\\\/dell-kosova-model-i-shtetit-islamik-kurthi-islam-nga-jo-islamiket\\\/#primaryimage\"},\"thumbnailUrl\":\"http:\\\/\\\/www.shkoder.net\\\/images\\\/fjala\\\/2011\\\/christofer_dell1.jpg\",\"datePublished\":\"2011-12-15T07:45:14+00:00\",\"breadcrumb\":{\"@id\":\"https:\\\/\\\/fjala.info\\\/2009-2015\\\/dell-kosova-model-i-shtetit-islamik-kurthi-islam-nga-jo-islamiket\\\/#breadcrumb\"},\"inLanguage\":\"sq-AL\",\"potentialAction\":[{\"@type\":\"ReadAction\",\"target\":[\"https:\\\/\\\/fjala.info\\\/2009-2015\\\/dell-kosova-model-i-shtetit-islamik-kurthi-islam-nga-jo-islamiket\\\/\"]}]},{\"@type\":\"ImageObject\",\"inLanguage\":\"sq-AL\",\"@id\":\"https:\\\/\\\/fjala.info\\\/2009-2015\\\/dell-kosova-model-i-shtetit-islamik-kurthi-islam-nga-jo-islamiket\\\/#primaryimage\",\"url\":\"http:\\\/\\\/www.shkoder.net\\\/images\\\/fjala\\\/2011\\\/christofer_dell1.jpg\",\"contentUrl\":\"http:\\\/\\\/www.shkoder.net\\\/images\\\/fjala\\\/2011\\\/christofer_dell1.jpg\"},{\"@type\":\"BreadcrumbList\",\"@id\":\"https:\\\/\\\/fjala.info\\\/2009-2015\\\/dell-kosova-model-i-shtetit-islamik-kurthi-islam-nga-jo-islamiket\\\/#breadcrumb\",\"itemListElement\":[{\"@type\":\"ListItem\",\"position\":1,\"name\":\"Home\",\"item\":\"https:\\\/\\\/fjala.info\\\/2009-2015\\\/\"},{\"@type\":\"ListItem\",\"position\":2,\"name\":\"Dell: Kosova, model i shtetit islamik (kurthi islam nga jo-islamik\u00ebt)\"}]},{\"@type\":\"WebSite\",\"@id\":\"https:\\\/\\\/fjala.info\\\/2009-2015\\\/#website\",\"url\":\"https:\\\/\\\/fjala.info\\\/2009-2015\\\/\",\"name\":\"FjALA e LIR\u00cb - Arkivi\",\"description\":\"Arkivi 2009-2015\",\"publisher\":{\"@id\":\"https:\\\/\\\/fjala.info\\\/2009-2015\\\/#organization\"},\"potentialAction\":[{\"@type\":\"SearchAction\",\"target\":{\"@type\":\"EntryPoint\",\"urlTemplate\":\"https:\\\/\\\/fjala.info\\\/2009-2015\\\/?s={search_term_string}\"},\"query-input\":{\"@type\":\"PropertyValueSpecification\",\"valueRequired\":true,\"valueName\":\"search_term_string\"}}],\"inLanguage\":\"sq-AL\"},{\"@type\":\"Organization\",\"@id\":\"https:\\\/\\\/fjala.info\\\/2009-2015\\\/#organization\",\"name\":\"FjALA e LIR\u00cb - Arkivi\",\"url\":\"https:\\\/\\\/fjala.info\\\/2009-2015\\\/\",\"logo\":{\"@type\":\"ImageObject\",\"inLanguage\":\"sq-AL\",\"@id\":\"https:\\\/\\\/fjala.info\\\/2009-2015\\\/#\\\/schema\\\/logo\\\/image\\\/\",\"url\":\"\",\"contentUrl\":\"\",\"caption\":\"FjALA e LIR\u00cb - Arkivi\"},\"image\":{\"@id\":\"https:\\\/\\\/fjala.info\\\/2009-2015\\\/#\\\/schema\\\/logo\\\/image\\\/\"}},{\"@type\":\"Person\",\"@id\":\"https:\\\/\\\/fjala.info\\\/2009-2015\\\/#\\\/schema\\\/person\\\/3aa1163ef05469c496fc94e77611ada2\",\"name\":\"admin\",\"image\":{\"@type\":\"ImageObject\",\"inLanguage\":\"sq-AL\",\"@id\":\"https:\\\/\\\/fjala.info\\\/2009-2015\\\/wp-content\\\/uploads\\\/2012\\\/02\\\/arben_cokaj-120x150.jpg\",\"url\":\"https:\\\/\\\/fjala.info\\\/2009-2015\\\/wp-content\\\/uploads\\\/2012\\\/02\\\/arben_cokaj-120x150.jpg\",\"contentUrl\":\"https:\\\/\\\/fjala.info\\\/2009-2015\\\/wp-content\\\/uploads\\\/2012\\\/02\\\/arben_cokaj-120x150.jpg\",\"caption\":\"admin\"},\"description\":\"Admin, Fjala e Lir\u00eb\",\"sameAs\":[\"https:\\\/\\\/fjala.info\\\/\"],\"url\":\"https:\\\/\\\/fjala.info\\\/2009-2015\\\/author\\\/admin\\\/\"}]}<\/script>\n<!-- \/ Yoast SEO plugin. -->","yoast_head_json":{"title":"Dell: Kosova, model i shtetit islamik (kurthi islam nga jo-islamik\u00ebt) - FjALA e LIR\u00cb - Arkivi","robots":{"index":"index","follow":"follow","max-snippet":"max-snippet:-1","max-image-preview":"max-image-preview:large","max-video-preview":"max-video-preview:-1"},"canonical":"https:\/\/fjala.info\/2009-2015\/dell-kosova-model-i-shtetit-islamik-kurthi-islam-nga-jo-islamiket\/","og_locale":"sq_AL","og_type":"article","og_title":"Dell: Kosova, model i shtetit islamik (kurthi islam nga jo-islamik\u00ebt) - FjALA e LIR\u00cb - Arkivi","og_description":"New Jersey, 14 dhjetor &#8211; Ambasadori amerikan n\u00eb Kosov\u00eb, Christopher Dell i ka mund\u00ebsuar presidentes Jahjaga nj\u00eb ligj\u00ebrat\u00eb n\u00eb Monmouth University t\u00eb New Jerseyt. Bashk\u00eb me t\u00eb ai para student\u00ebve t\u00eb k\u00ebtij universiteti ka th\u00ebn\u00eb se Kosova \u00ebsht\u00eb tregim i suksessh\u00ebm dhe shembull i bashk\u00eb-ekzistenc\u00ebs s\u00eb vlerave per\u00ebndimore e islamike. \u201cKosova \u00ebsht\u00eb nj\u00eb tregim i [&hellip;]","og_url":"https:\/\/fjala.info\/2009-2015\/dell-kosova-model-i-shtetit-islamik-kurthi-islam-nga-jo-islamiket\/","og_site_name":"FjALA e LIR\u00cb - Arkivi","article_published_time":"2011-12-15T07:45:14+00:00","og_image":[{"url":"http:\/\/www.shkoder.net\/images\/fjala\/2011\/christofer_dell1.jpg","type":"","width":"","height":""}],"author":"admin","twitter_card":"summary_large_image","twitter_misc":{"Written by":"admin","Est. reading time":"2 minutes"},"schema":{"@context":"https:\/\/schema.org","@graph":[{"@type":"Article","@id":"https:\/\/fjala.info\/2009-2015\/dell-kosova-model-i-shtetit-islamik-kurthi-islam-nga-jo-islamiket\/#article","isPartOf":{"@id":"https:\/\/fjala.info\/2009-2015\/dell-kosova-model-i-shtetit-islamik-kurthi-islam-nga-jo-islamiket\/"},"author":{"name":"admin","@id":"https:\/\/fjala.info\/2009-2015\/#\/schema\/person\/3aa1163ef05469c496fc94e77611ada2"},"headline":"Dell: Kosova, model i shtetit islamik (kurthi islam nga jo-islamik\u00ebt)","datePublished":"2011-12-15T07:45:14+00:00","mainEntityOfPage":{"@id":"https:\/\/fjala.info\/2009-2015\/dell-kosova-model-i-shtetit-islamik-kurthi-islam-nga-jo-islamiket\/"},"wordCount":336,"commentCount":0,"publisher":{"@id":"https:\/\/fjala.info\/2009-2015\/#organization"},"image":{"@id":"https:\/\/fjala.info\/2009-2015\/dell-kosova-model-i-shtetit-islamik-kurthi-islam-nga-jo-islamiket\/#primaryimage"},"thumbnailUrl":"http:\/\/www.shkoder.net\/images\/fjala\/2011\/christofer_dell1.jpg","articleSection":["Lajme"],"inLanguage":"sq-AL","potentialAction":[{"@type":"CommentAction","name":"Comment","target":["https:\/\/fjala.info\/2009-2015\/dell-kosova-model-i-shtetit-islamik-kurthi-islam-nga-jo-islamiket\/#respond"]}]},{"@type":"WebPage","@id":"https:\/\/fjala.info\/2009-2015\/dell-kosova-model-i-shtetit-islamik-kurthi-islam-nga-jo-islamiket\/","url":"https:\/\/fjala.info\/2009-2015\/dell-kosova-model-i-shtetit-islamik-kurthi-islam-nga-jo-islamiket\/","name":"Dell: Kosova, model i shtetit islamik (kurthi islam nga jo-islamik\u00ebt) - FjALA e LIR\u00cb - Arkivi","isPartOf":{"@id":"https:\/\/fjala.info\/2009-2015\/#website"},"primaryImageOfPage":{"@id":"https:\/\/fjala.info\/2009-2015\/dell-kosova-model-i-shtetit-islamik-kurthi-islam-nga-jo-islamiket\/#primaryimage"},"image":{"@id":"https:\/\/fjala.info\/2009-2015\/dell-kosova-model-i-shtetit-islamik-kurthi-islam-nga-jo-islamiket\/#primaryimage"},"thumbnailUrl":"http:\/\/www.shkoder.net\/images\/fjala\/2011\/christofer_dell1.jpg","datePublished":"2011-12-15T07:45:14+00:00","breadcrumb":{"@id":"https:\/\/fjala.info\/2009-2015\/dell-kosova-model-i-shtetit-islamik-kurthi-islam-nga-jo-islamiket\/#breadcrumb"},"inLanguage":"sq-AL","potentialAction":[{"@type":"ReadAction","target":["https:\/\/fjala.info\/2009-2015\/dell-kosova-model-i-shtetit-islamik-kurthi-islam-nga-jo-islamiket\/"]}]},{"@type":"ImageObject","inLanguage":"sq-AL","@id":"https:\/\/fjala.info\/2009-2015\/dell-kosova-model-i-shtetit-islamik-kurthi-islam-nga-jo-islamiket\/#primaryimage","url":"http:\/\/www.shkoder.net\/images\/fjala\/2011\/christofer_dell1.jpg","contentUrl":"http:\/\/www.shkoder.net\/images\/fjala\/2011\/christofer_dell1.jpg"},{"@type":"BreadcrumbList","@id":"https:\/\/fjala.info\/2009-2015\/dell-kosova-model-i-shtetit-islamik-kurthi-islam-nga-jo-islamiket\/#breadcrumb","itemListElement":[{"@type":"ListItem","position":1,"name":"Home","item":"https:\/\/fjala.info\/2009-2015\/"},{"@type":"ListItem","position":2,"name":"Dell: Kosova, model i shtetit islamik (kurthi islam nga jo-islamik\u00ebt)"}]},{"@type":"WebSite","@id":"https:\/\/fjala.info\/2009-2015\/#website","url":"https:\/\/fjala.info\/2009-2015\/","name":"FjALA e LIR\u00cb - Arkivi","description":"Arkivi 2009-2015","publisher":{"@id":"https:\/\/fjala.info\/2009-2015\/#organization"},"potentialAction":[{"@type":"SearchAction","target":{"@type":"EntryPoint","urlTemplate":"https:\/\/fjala.info\/2009-2015\/?s={search_term_string}"},"query-input":{"@type":"PropertyValueSpecification","valueRequired":true,"valueName":"search_term_string"}}],"inLanguage":"sq-AL"},{"@type":"Organization","@id":"https:\/\/fjala.info\/2009-2015\/#organization","name":"FjALA e LIR\u00cb - Arkivi","url":"https:\/\/fjala.info\/2009-2015\/","logo":{"@type":"ImageObject","inLanguage":"sq-AL","@id":"https:\/\/fjala.info\/2009-2015\/#\/schema\/logo\/image\/","url":"","contentUrl":"","caption":"FjALA e LIR\u00cb - Arkivi"},"image":{"@id":"https:\/\/fjala.info\/2009-2015\/#\/schema\/logo\/image\/"}},{"@type":"Person","@id":"https:\/\/fjala.info\/2009-2015\/#\/schema\/person\/3aa1163ef05469c496fc94e77611ada2","name":"admin","image":{"@type":"ImageObject","inLanguage":"sq-AL","@id":"https:\/\/fjala.info\/2009-2015\/wp-content\/uploads\/2012\/02\/arben_cokaj-120x150.jpg","url":"https:\/\/fjala.info\/2009-2015\/wp-content\/uploads\/2012\/02\/arben_cokaj-120x150.jpg","contentUrl":"https:\/\/fjala.info\/2009-2015\/wp-content\/uploads\/2012\/02\/arben_cokaj-120x150.jpg","caption":"admin"},"description":"Admin, Fjala e Lir\u00eb","sameAs":["https:\/\/fjala.info\/"],"url":"https:\/\/fjala.info\/2009-2015\/author\/admin\/"}]}},"_links":{"self":[{"href":"https:\/\/fjala.info\/2009-2015\/wp-json\/wp\/v2\/posts\/612","targetHints":{"allow":["GET"]}}],"collection":[{"href":"https:\/\/fjala.info\/2009-2015\/wp-json\/wp\/v2\/posts"}],"about":[{"href":"https:\/\/fjala.info\/2009-2015\/wp-json\/wp\/v2\/types\/post"}],"author":[{"embeddable":true,"href":"https:\/\/fjala.info\/2009-2015\/wp-json\/wp\/v2\/users\/1"}],"replies":[{"embeddable":true,"href":"https:\/\/fjala.info\/2009-2015\/wp-json\/wp\/v2\/comments?post=612"}],"version-history":[{"count":0,"href":"https:\/\/fjala.info\/2009-2015\/wp-json\/wp\/v2\/posts\/612\/revisions"}],"wp:attachment":[{"href":"https:\/\/fjala.info\/2009-2015\/wp-json\/wp\/v2\/media?parent=612"}],"wp:term":[{"taxonomy":"category","embeddable":true,"href":"https:\/\/fjala.info\/2009-2015\/wp-json\/wp\/v2\/categories?post=612"},{"taxonomy":"post_tag","embeddable":true,"href":"https:\/\/fjala.info\/2009-2015\/wp-json\/wp\/v2\/tags?post=612"}],"curies":[{"name":"wp","href":"https:\/\/api.w.org\/{rel}","templated":true}]}}