{"id":6115,"date":"2011-02-02T23:03:54","date_gmt":"2011-02-02T22:03:54","guid":{"rendered":"http:\/\/fjala.shkoder.net\/?p=6115"},"modified":"2011-02-02T23:03:54","modified_gmt":"2011-02-02T22:03:54","slug":"grushti-kunder-se-vertetes","status":"publish","type":"post","link":"https:\/\/fjala.info\/2009-2015\/grushti-kunder-se-vertetes\/","title":{"rendered":"Grushti kund\u00ebr s\u00eb v\u00ebrtet\u00ebs"},"content":{"rendered":"<p><strong>Pre\u00e7 Zogaj<\/strong>, <em>02.02.2011<\/em><\/p>\n<p>&#8220;D\u00ebshmia&#8221; e Berish\u00ebs n\u00eb Komisionin Hetimor pritej t\u00eb sh\u00ebnonte nj\u00eb moment kulmor t\u00eb denoncimit prej tij, t\u00eb t\u00eb ashtuquajturit grusht shteti t\u00eb 21 janarit. Ata q\u00eb deri dje mendonin se &#8220;ka di\u00e7ka&#8221; n\u00eb turfullimin e kryeministrit, prisnin prej tij t\u00eb tregonte t\u00eb dh\u00ebna dhe t&#8217;i gozhdonte pu\u00e7ist\u00ebt jo m\u00eb me fuqin\u00eb e fantazis\u00eb, por t\u00eb provave t\u00eb pakund\u00ebrshtueshme.<\/p>\n<p style=\"text-align: center;\"><a href=\"http:\/\/www.shekulli.com.al\/2011\/02\/01\/shekulli-ju-fton-ti-ndihmojme.html#c331736\"><img loading=\"lazy\" decoding=\"async\" class=\"alignnone size-full wp-image-6117\" title=\"web_banner\" src=\"http:\/\/fjala.shkoder.net\/wp-content\/uploads\/2011\/02\/web_banner.jpg\" alt=\"\" width=\"500\" height=\"66\" \/><\/a><\/p>\n<p>Seanca d\u00ebgjimore ishte momenti i tij. E gjith\u00eb kjo edhe p\u00ebr faktin se, nd\u00ebrsa e ka injoruar Prokurorin\u00eb, Komisioni Hetimor parlamentar, edhe pse i nj\u00ebansh\u00ebm, mbetej aula e vetme ku ky kryeminist\u00ebr mund t\u00eb deponoj\u00eb n\u00eb mb\u00ebshtetje t\u00eb akuzave t\u00eb r\u00ebnda, q\u00eb ka ngritur kund\u00ebr opozit\u00ebs, Presidentit t\u00eb Republik\u00ebs, Prokurores s\u00eb P\u00ebrgjithshme dhe disa gazetar\u00ebve antiqeveritar\u00eb.<\/p>\n<p>N\u00eb mos n\u00eb Komisionin Hetimor, ku tjet\u00ebr?<br \/>\nNuk pata rastin ta d\u00ebgjoj\u00eb t\u00eb plot\u00eb d\u00ebshmin\u00eb e Berish\u00ebs, por e lexova t\u00eb nes\u00ebrmen n\u00eb nj\u00eb gazet\u00eb t\u00eb p\u00ebrditshme af\u00ebr qeveris\u00eb.<\/p>\n<p>Nuk ishte d\u00ebshmi, por nj\u00eb fjalim i gjat\u00eb dhe i p\u00ebrs\u00ebritur. Vet\u00eb s\u00e9anca d\u00ebgjimore ishte nj\u00eb parodi m\u00eb vete e hetimit parlamentar, ku hetimi v\u00eb karroc\u00ebn para kalit. Por kishte nj\u00eb moment shum\u00eb dometh\u00ebn\u00ebs, q\u00eb po e citoj\u00eb. Deputeti Dashnor Sula pyet: &#8220;Zoti kryeminist\u00ebr, Ju n\u00eb k\u00ebt\u00eb sall\u00eb d\u00ebgjimore shpjeguat dhe deklaruat se keni prova t\u00eb plota , p\u00ebrsa i p\u00ebrket t\u00eb ashtuquajturit &#8220;Grusht Shteti&#8221;.<\/p>\n<p>A jeni n\u00eb gjendje q\u00eb para k\u00ebtij komisioni t\u00eb mund t&#8217;i kemi ne ato prova, pasi p\u00ebrmend\u00ebt te Tajvani nj\u00eb makin\u00eb me tritol dhe me kallashnikov\u00eb. Kur do t&#8217;ia paraqitni Komisionit dhe kur do t&#8217;ia paraqitni Prokuroris\u00eb. Ju n\u00eb deklarat\u00ebn tuaj that\u00eb se segmente t\u00eb caktuara t\u00eb institucioneve t\u00eb Republik\u00ebs kan\u00eb qen\u00eb pjes\u00ebmarr\u00ebse n\u00eb k\u00ebt\u00eb pu\u00e7.<\/p>\n<p>Duke qen\u00eb se organi i prokuroris\u00eb nuk ka filluar nj\u00eb procedim t\u00eb till\u00eb dhe duke pasur gjith\u00eb k\u00ebto prova, at\u00ebher\u00eb p\u00ebrse policia nuk ndalon dhe arreston nxit\u00ebsit, organizator\u00ebt dhe ekzekutor\u00ebt e grushtit t\u00eb shtetit n\u00eb baz\u00eb t\u00eb nenit 251 t\u00eb Kodit t\u00eb Procedur\u00ebs penale&#8221;?<\/p>\n<p>P\u00ebrgjigjet Berisha: &#8220;S\u00eb pari kan\u00eb qen\u00eb apo jo t\u00eb implikuar, kjo ju takon ju, un\u00eb k\u00ebtu vij p\u00ebr t\u00eb paraqitur ato \u00e7ka di n\u00eb nj\u00eb ngjarje. Por se cila \u00ebsht\u00eb shkalla e implikimit dhe cili \u00ebsht\u00eb realiteti, i takon k\u00ebtij komisioni hetimor parlamentar&#8230;&#8221;<\/p>\n<p>P\u00ebrgjigje normale, q\u00eb konstaton me gjith\u00eb \u00e7&#8217;ka th\u00ebn\u00eb e do t\u00eb vazhdoj\u00eb t\u00eb thot\u00eb kryeministri p\u00ebr ngjarjet e 21 janarit. Pasi i ka akuzuar &#8220;pu\u00e7ist\u00ebt&#8221; dit\u00eb me radh\u00eb dhe pasi e ka l\u00ebmuar sipas qejfit fanitjen e tij t\u00eb grushtit t\u00eb shtetit, Berisha papritur b\u00ebn nj\u00eb kthes\u00eb nj\u00ebqind e tet\u00ebdhjet\u00eb grad\u00eb p\u00ebrball\u00eb pyetjes se par\u00eb relativisht profesionale q\u00eb nj\u00eb deputet i partis\u00eb s\u00eb tij ia b\u00ebn i motivuar nga kredoja e profesionit.<\/p>\n<p>\u00cbsht\u00eb e leht\u00eb t\u00eb merret me mend se si do t\u00eb th\u00ebrrmoheshin akuzat prej bude t\u00eb kreut t\u00eb qeveris\u00eb p\u00ebrball\u00eb organit t\u00eb specializuar t\u00eb akuz\u00ebs. Nd\u00ebrkaq, Berisha e anashkalon dhe sigurisht e l\u00eb t\u00eb zhg\u00ebnjyer deputetin e tij n\u00eb lidhje me paraqitjen e fakteve.<\/p>\n<p>&#8220;Faktet&#8221; q\u00eb k\u00ebrkon deputeti jan\u00eb tretur n\u00eb eter p\u00ebr konsum propagandistik. Kryeministri thot\u00eb me tej se Prokurorja e P\u00ebrgjithshme kishte ngarkuar nj\u00eb grup prokuror\u00ebsh ta arrestonin. \u00c7\u00ebshtja duket shum\u00eb serioze. Lajmi do t\u00eb ishte nj\u00eb skup\u00eb i v\u00ebrtet\u00eb.<\/p>\n<p>Po kush jan\u00eb k\u00ebta prokuror\u00eb q\u00eb jan\u00eb ngarkuar t\u00eb arrestojn\u00eb kryeministrin? Si quhen? A iu dhan\u00eb emrat e tyre komisionit hetimor? Sigurisht q\u00eb jo.<\/p>\n<p>Dhe nuk iu dhan\u00eb p\u00ebr nj\u00eb arsye t\u00eb thjesht\u00eb: sepse me sa duket nuk ekzistojn\u00eb. Berisha e di se po t\u00eb p\u00ebrmend\u00eb emra, do t\u00eb p\u00ebrballet menj\u00ebher\u00eb me reagimin e tyre ligjor.<\/p>\n<p>&#8220;Grushti i shtetit&#8221; nuk mbrohet me fakte dhe prova, por me hamendje , me opinione dhe sajime. Ai ose besohet, ose nuk besohet. Por nuk provohet. Ky \u00ebsht\u00eb nj\u00eb rast shum\u00eb i ve\u00e7ant\u00eb kur publiku mund t\u00eb shoh\u00eb se si pas nj\u00ebzet vjet\u00ebsh mend\u00ebsia e vjet\u00ebr e partis\u00eb-shtet vihet n\u00eb sken\u00ebn politike jo si pjes\u00eb teatrale, por si q\u00ebndrim i shumic\u00ebs qeveris\u00ebse.<\/p>\n<p>Por &#8220;tabloja sinoptike &#8221; \u00ebsht\u00eb e destinuar t\u00eb mbetet teatrale k\u00ebsaj radhe p\u00ebr arsye se pas dy dekadash e m\u00eb shum\u00eb vendi nuk ka nj\u00eb presidenc\u00eb dhe nj\u00eb president si t\u00eb koh\u00ebs s\u00eb Haxhi Lleshit, apo nj\u00eb prokurori dhe kryeprokuror si t\u00eb koh\u00ebs s\u00eb Rrapi Minos; vendi sot ka nj\u00eb kushtetut\u00eb demokratike, nj\u00eb opozit\u00eb t\u00eb fuqishme dhe nj\u00eb opinion publik t\u00eb kultivuar . Po &#8220;\u00e7irret&#8221; Brukseli duke na kujtuar se pushtetet n\u00eb demokraci jan\u00eb t\u00eb ndara.<\/p>\n<p>N\u00eb nj\u00eb an\u00eb Europa \u00ebsht\u00eb duke i th\u00ebn\u00eb Berish\u00ebs t\u00eb mos pengoj\u00eb hetimin e Prokuroris\u00eb. N\u00eb an\u00eb tjet\u00ebr, duke p\u00ebrs\u00ebritur nj\u00eb parim elementar t\u00eb sistemit demokratik, si\u00e7 \u00ebsht\u00eb ndarja e pushteteve, Europa \u00ebsht\u00eb duke p\u00ebrqeshur nj\u00ebsimin e qeveris\u00eb me mbar\u00eb shtetin. Ekzekutivi n\u00eb demokraci \u00ebsht\u00eb vet\u00ebm nj\u00ebri prej pushteteve.<\/p>\n<p>N\u00eb sistemin q\u00eb kemi zgjedhur dhe n\u00eb familjen politike euroatlantike ku jetojm\u00eb, as opozita nuk i b\u00ebn dot grusht shteti qeveris\u00eb, as qeveria nuk u b\u00ebn dot grusht shteti institucioneve t\u00eb tjera. Kjo e qeveris\u00eb \u00ebsht\u00eb padyshim n\u00eb kufijt\u00eb e d\u00ebshir\u00ebs dhe blofit, por kur zgjat shum\u00eb edhe shakas\u00eb m\u00eb t\u00eb kripur i del lezeti.<\/p>\n<p>E di shum\u00eb mir\u00eb Berisha se asnj\u00eb politikan i opozit\u00ebs nuk e ka \u00e7uar e nuk e \u00e7on n\u00ebp\u00ebr mend t\u00eb shkoj\u00eb t\u00eb ulet pa vot\u00eb dhe pa legjitimitet n\u00eb karrigen e tij apo t\u00eb ministrave t\u00eb tij. Shqiptar\u00ebt, edhe ata q\u00eb nuk e kan\u00eb ditur, e kan\u00eb m\u00ebsuar q\u00eb nga 14 shtatori i vitit 1998 se marrja e nd\u00ebrtesave nuk \u00ebsht\u00eb marrje pushteti, por nj\u00eb aventur\u00eb me zarar.<\/p>\n<p>Kjo \u00ebsht\u00eb arsyeja kryesore q\u00eb demonstruesit e 21 janarit 2011, p\u00ebrfshir\u00eb edhe ata q\u00eb u p\u00ebrleshen me policin\u00eb, nuk e kaluan vij\u00ebn e kuqe kur policia u t\u00ebrhoq. Ata thjesht donin t\u00eb nxirrnin jasht\u00eb dufin, zem\u00ebrimin, revolt\u00ebn apo pak\u00ebnaq\u00ebsin\u00eb e tyre kund\u00ebr korrupsionit qeveritar para nd\u00ebrtes\u00ebs s\u00eb kryeministris\u00eb.<\/p>\n<p>Disa t\u00eb tjer\u00eb, q\u00eb jan\u00eb filmuar e ndaluar nga policia, thjesht u p\u00ebrfshin\u00eb n\u00eb nj\u00eb reaksion zinxhir goditjesh e kund\u00ebrgoditjesh n\u00eb p\u00ebrballjen e tyre me uniformat dhe sidomos me makinat uj\u00ebhedh\u00ebse e gazhedh\u00ebse t\u00eb policis\u00eb. Jan\u00eb skena t\u00eb pad\u00ebshiruara sigurisht, q\u00eb i kemi par\u00eb disa her\u00eb n\u00eb Shqip\u00ebri gjat\u00eb nj\u00ebzet vjet\u00ebve t\u00eb tranzicionit demokratik. I shohim vazhdimisht n\u00eb Per\u00ebndim. Policia prandaj trajnohet. Q\u00eb t&#8217;i frenoj\u00eb e prap\u00ebsoj\u00eb me profesionaliz\u00ebm.<\/p>\n<p>E p\u00ebrs\u00ebrisim se reja e bujshme n\u00eb dinamik\u00ebn e demonstrat\u00ebs s\u00eb 21 janarit \u00ebsht\u00eb p\u00ebrdorimi i arm\u00ebve t\u00eb zjarrit nga garda e Republik\u00ebs , vrasja e tre demonstruesve dhe plagosja e disa ta tjer\u00ebve n\u00eb harkun e pak minutave, jasht\u00eb gardhit t\u00eb kryeministris\u00eb, kur demonstrata po shp\u00ebrndahej.<\/p>\n<p>Vrasjet n\u00eb k\u00ebto kushte demaskojn\u00eb nj\u00eb krim t\u00eb kryer me gjakftoht\u00ebsi kund\u00ebr jet\u00ebs s\u00eb personave t\u00eb pafajsh\u00ebm. Ka qen\u00eb e arsyeshme q\u00eb prokuroria, duke mos injoruar asnj\u00eb padi apo indicie tjet\u00ebr n\u00eb lidhje me veprimet antiligjore q\u00eb jan\u00eb sh\u00ebnuar n\u00eb demonstrat\u00eb, t\u00eb fokusohej me p\u00ebrpar\u00ebsi te vrasjet e qytetar\u00ebve.<\/p>\n<p>Hetimi paralel i Komisionit Hetimor Parlamentar nuk po merret pothuajse fare me vrasjet. Sigurisht, ai nuk \u00ebsht\u00eb ngritur p\u00ebr t\u00eb b\u00ebr\u00eb transparenc\u00ebn e vrasjeve, por p\u00ebr t\u00eb mbushur me fjal\u00eb boshe invencionin e grushtit t\u00eb shtetit. Apo m\u00eb sakt\u00eb p\u00ebr t\u00eb tentuar nj\u00eb &#8220;grusht pushteti&#8221; mbi t\u00eb v\u00ebrtet\u00ebn e vrasjeve tragjike. Q\u00eb nuk mund t\u00eb mos d\u00ebshtoj\u00eb.<\/p>\n","protected":false},"excerpt":{"rendered":"<p>Pre\u00e7 Zogaj, 02.02.2011 &#8220;D\u00ebshmia&#8221; e Berish\u00ebs n\u00eb Komisionin Hetimor pritej t\u00eb sh\u00ebnonte nj\u00eb moment kulmor t\u00eb denoncimit prej tij, t\u00eb t\u00eb ashtuquajturit grusht shteti t\u00eb 21 janarit. Ata q\u00eb deri dje mendonin se &#8220;ka di\u00e7ka&#8221; n\u00eb turfullimin e kryeministrit, prisnin prej tij t\u00eb tregonte t\u00eb dh\u00ebna dhe t&#8217;i gozhdonte pu\u00e7ist\u00ebt jo m\u00eb me fuqin\u00eb e [&hellip;]<\/p>\n","protected":false},"author":1,"featured_media":0,"comment_status":"open","ping_status":"closed","sticky":false,"template":"","format":"standard","meta":{"footnotes":""},"categories":[2],"tags":[],"class_list":{"0":"post-6115","1":"post","2":"type-post","3":"status-publish","4":"format-standard","6":"category-artikuj"},"yoast_head":"<!-- This site is optimized with the Yoast SEO plugin v27.4 - https:\/\/yoast.com\/product\/yoast-seo-wordpress\/ -->\n<title>Grushti kund\u00ebr s\u00eb v\u00ebrtet\u00ebs - FjALA e LIR\u00cb - Arkivi<\/title>\n<meta name=\"robots\" content=\"index, follow, max-snippet:-1, max-image-preview:large, max-video-preview:-1\" \/>\n<link rel=\"canonical\" href=\"https:\/\/fjala.info\/2009-2015\/grushti-kunder-se-vertetes\/\" \/>\n<meta property=\"og:locale\" content=\"sq_AL\" \/>\n<meta property=\"og:type\" content=\"article\" \/>\n<meta property=\"og:title\" content=\"Grushti kund\u00ebr s\u00eb v\u00ebrtet\u00ebs - FjALA e LIR\u00cb - Arkivi\" \/>\n<meta property=\"og:description\" content=\"Pre\u00e7 Zogaj, 02.02.2011 &#8220;D\u00ebshmia&#8221; e Berish\u00ebs n\u00eb Komisionin Hetimor pritej t\u00eb sh\u00ebnonte nj\u00eb moment kulmor t\u00eb denoncimit prej tij, t\u00eb t\u00eb ashtuquajturit grusht shteti t\u00eb 21 janarit. Ata q\u00eb deri dje mendonin se &#8220;ka di\u00e7ka&#8221; n\u00eb turfullimin e kryeministrit, prisnin prej tij t\u00eb tregonte t\u00eb dh\u00ebna dhe t&#8217;i gozhdonte pu\u00e7ist\u00ebt jo m\u00eb me fuqin\u00eb e [&hellip;]\" \/>\n<meta property=\"og:url\" content=\"https:\/\/fjala.info\/2009-2015\/grushti-kunder-se-vertetes\/\" \/>\n<meta property=\"og:site_name\" content=\"FjALA e LIR\u00cb - Arkivi\" \/>\n<meta property=\"article:published_time\" content=\"2011-02-02T22:03:54+00:00\" \/>\n<meta property=\"og:image\" content=\"http:\/\/fjala.shkoder.net\/wp-content\/uploads\/2011\/02\/web_banner.jpg\" \/>\n<meta name=\"author\" content=\"admin\" \/>\n<meta name=\"twitter:card\" content=\"summary_large_image\" \/>\n<meta name=\"twitter:label1\" content=\"Written by\" \/>\n\t<meta name=\"twitter:data1\" content=\"admin\" \/>\n\t<meta name=\"twitter:label2\" content=\"Est. reading time\" \/>\n\t<meta name=\"twitter:data2\" content=\"7 minutes\" \/>\n<script type=\"application\/ld+json\" class=\"yoast-schema-graph\">{\"@context\":\"https:\\\/\\\/schema.org\",\"@graph\":[{\"@type\":\"Article\",\"@id\":\"https:\\\/\\\/fjala.info\\\/2009-2015\\\/grushti-kunder-se-vertetes\\\/#article\",\"isPartOf\":{\"@id\":\"https:\\\/\\\/fjala.info\\\/2009-2015\\\/grushti-kunder-se-vertetes\\\/\"},\"author\":{\"name\":\"admin\",\"@id\":\"https:\\\/\\\/fjala.info\\\/2009-2015\\\/#\\\/schema\\\/person\\\/3aa1163ef05469c496fc94e77611ada2\"},\"headline\":\"Grushti kund\u00ebr s\u00eb v\u00ebrtet\u00ebs\",\"datePublished\":\"2011-02-02T22:03:54+00:00\",\"mainEntityOfPage\":{\"@id\":\"https:\\\/\\\/fjala.info\\\/2009-2015\\\/grushti-kunder-se-vertetes\\\/\"},\"wordCount\":1313,\"commentCount\":0,\"publisher\":{\"@id\":\"https:\\\/\\\/fjala.info\\\/2009-2015\\\/#organization\"},\"image\":{\"@id\":\"https:\\\/\\\/fjala.info\\\/2009-2015\\\/grushti-kunder-se-vertetes\\\/#primaryimage\"},\"thumbnailUrl\":\"http:\\\/\\\/fjala.shkoder.net\\\/wp-content\\\/uploads\\\/2011\\\/02\\\/web_banner.jpg\",\"articleSection\":[\"Artikuj\"],\"inLanguage\":\"sq-AL\",\"potentialAction\":[{\"@type\":\"CommentAction\",\"name\":\"Comment\",\"target\":[\"https:\\\/\\\/fjala.info\\\/2009-2015\\\/grushti-kunder-se-vertetes\\\/#respond\"]}]},{\"@type\":\"WebPage\",\"@id\":\"https:\\\/\\\/fjala.info\\\/2009-2015\\\/grushti-kunder-se-vertetes\\\/\",\"url\":\"https:\\\/\\\/fjala.info\\\/2009-2015\\\/grushti-kunder-se-vertetes\\\/\",\"name\":\"Grushti kund\u00ebr s\u00eb v\u00ebrtet\u00ebs - FjALA e LIR\u00cb - Arkivi\",\"isPartOf\":{\"@id\":\"https:\\\/\\\/fjala.info\\\/2009-2015\\\/#website\"},\"primaryImageOfPage\":{\"@id\":\"https:\\\/\\\/fjala.info\\\/2009-2015\\\/grushti-kunder-se-vertetes\\\/#primaryimage\"},\"image\":{\"@id\":\"https:\\\/\\\/fjala.info\\\/2009-2015\\\/grushti-kunder-se-vertetes\\\/#primaryimage\"},\"thumbnailUrl\":\"http:\\\/\\\/fjala.shkoder.net\\\/wp-content\\\/uploads\\\/2011\\\/02\\\/web_banner.jpg\",\"datePublished\":\"2011-02-02T22:03:54+00:00\",\"breadcrumb\":{\"@id\":\"https:\\\/\\\/fjala.info\\\/2009-2015\\\/grushti-kunder-se-vertetes\\\/#breadcrumb\"},\"inLanguage\":\"sq-AL\",\"potentialAction\":[{\"@type\":\"ReadAction\",\"target\":[\"https:\\\/\\\/fjala.info\\\/2009-2015\\\/grushti-kunder-se-vertetes\\\/\"]}]},{\"@type\":\"ImageObject\",\"inLanguage\":\"sq-AL\",\"@id\":\"https:\\\/\\\/fjala.info\\\/2009-2015\\\/grushti-kunder-se-vertetes\\\/#primaryimage\",\"url\":\"http:\\\/\\\/fjala.shkoder.net\\\/wp-content\\\/uploads\\\/2011\\\/02\\\/web_banner.jpg\",\"contentUrl\":\"http:\\\/\\\/fjala.shkoder.net\\\/wp-content\\\/uploads\\\/2011\\\/02\\\/web_banner.jpg\"},{\"@type\":\"BreadcrumbList\",\"@id\":\"https:\\\/\\\/fjala.info\\\/2009-2015\\\/grushti-kunder-se-vertetes\\\/#breadcrumb\",\"itemListElement\":[{\"@type\":\"ListItem\",\"position\":1,\"name\":\"Home\",\"item\":\"https:\\\/\\\/fjala.info\\\/2009-2015\\\/\"},{\"@type\":\"ListItem\",\"position\":2,\"name\":\"Grushti kund\u00ebr s\u00eb v\u00ebrtet\u00ebs\"}]},{\"@type\":\"WebSite\",\"@id\":\"https:\\\/\\\/fjala.info\\\/2009-2015\\\/#website\",\"url\":\"https:\\\/\\\/fjala.info\\\/2009-2015\\\/\",\"name\":\"FjALA e LIR\u00cb - Arkivi\",\"description\":\"Arkivi 2009-2015\",\"publisher\":{\"@id\":\"https:\\\/\\\/fjala.info\\\/2009-2015\\\/#organization\"},\"potentialAction\":[{\"@type\":\"SearchAction\",\"target\":{\"@type\":\"EntryPoint\",\"urlTemplate\":\"https:\\\/\\\/fjala.info\\\/2009-2015\\\/?s={search_term_string}\"},\"query-input\":{\"@type\":\"PropertyValueSpecification\",\"valueRequired\":true,\"valueName\":\"search_term_string\"}}],\"inLanguage\":\"sq-AL\"},{\"@type\":\"Organization\",\"@id\":\"https:\\\/\\\/fjala.info\\\/2009-2015\\\/#organization\",\"name\":\"FjALA e LIR\u00cb - Arkivi\",\"url\":\"https:\\\/\\\/fjala.info\\\/2009-2015\\\/\",\"logo\":{\"@type\":\"ImageObject\",\"inLanguage\":\"sq-AL\",\"@id\":\"https:\\\/\\\/fjala.info\\\/2009-2015\\\/#\\\/schema\\\/logo\\\/image\\\/\",\"url\":\"\",\"contentUrl\":\"\",\"caption\":\"FjALA e LIR\u00cb - Arkivi\"},\"image\":{\"@id\":\"https:\\\/\\\/fjala.info\\\/2009-2015\\\/#\\\/schema\\\/logo\\\/image\\\/\"}},{\"@type\":\"Person\",\"@id\":\"https:\\\/\\\/fjala.info\\\/2009-2015\\\/#\\\/schema\\\/person\\\/3aa1163ef05469c496fc94e77611ada2\",\"name\":\"admin\",\"image\":{\"@type\":\"ImageObject\",\"inLanguage\":\"sq-AL\",\"@id\":\"https:\\\/\\\/fjala.info\\\/2009-2015\\\/wp-content\\\/uploads\\\/2012\\\/02\\\/arben_cokaj-120x150.jpg\",\"url\":\"https:\\\/\\\/fjala.info\\\/2009-2015\\\/wp-content\\\/uploads\\\/2012\\\/02\\\/arben_cokaj-120x150.jpg\",\"contentUrl\":\"https:\\\/\\\/fjala.info\\\/2009-2015\\\/wp-content\\\/uploads\\\/2012\\\/02\\\/arben_cokaj-120x150.jpg\",\"caption\":\"admin\"},\"description\":\"Admin, Fjala e Lir\u00eb\",\"sameAs\":[\"https:\\\/\\\/fjala.info\\\/\"],\"url\":\"https:\\\/\\\/fjala.info\\\/2009-2015\\\/author\\\/admin\\\/\"}]}<\/script>\n<!-- \/ Yoast SEO plugin. -->","yoast_head_json":{"title":"Grushti kund\u00ebr s\u00eb v\u00ebrtet\u00ebs - FjALA e LIR\u00cb - Arkivi","robots":{"index":"index","follow":"follow","max-snippet":"max-snippet:-1","max-image-preview":"max-image-preview:large","max-video-preview":"max-video-preview:-1"},"canonical":"https:\/\/fjala.info\/2009-2015\/grushti-kunder-se-vertetes\/","og_locale":"sq_AL","og_type":"article","og_title":"Grushti kund\u00ebr s\u00eb v\u00ebrtet\u00ebs - FjALA e LIR\u00cb - Arkivi","og_description":"Pre\u00e7 Zogaj, 02.02.2011 &#8220;D\u00ebshmia&#8221; e Berish\u00ebs n\u00eb Komisionin Hetimor pritej t\u00eb sh\u00ebnonte nj\u00eb moment kulmor t\u00eb denoncimit prej tij, t\u00eb t\u00eb ashtuquajturit grusht shteti t\u00eb 21 janarit. Ata q\u00eb deri dje mendonin se &#8220;ka di\u00e7ka&#8221; n\u00eb turfullimin e kryeministrit, prisnin prej tij t\u00eb tregonte t\u00eb dh\u00ebna dhe t&#8217;i gozhdonte pu\u00e7ist\u00ebt jo m\u00eb me fuqin\u00eb e [&hellip;]","og_url":"https:\/\/fjala.info\/2009-2015\/grushti-kunder-se-vertetes\/","og_site_name":"FjALA e LIR\u00cb - Arkivi","article_published_time":"2011-02-02T22:03:54+00:00","og_image":[{"url":"http:\/\/fjala.shkoder.net\/wp-content\/uploads\/2011\/02\/web_banner.jpg","type":"","width":"","height":""}],"author":"admin","twitter_card":"summary_large_image","twitter_misc":{"Written by":"admin","Est. reading time":"7 minutes"},"schema":{"@context":"https:\/\/schema.org","@graph":[{"@type":"Article","@id":"https:\/\/fjala.info\/2009-2015\/grushti-kunder-se-vertetes\/#article","isPartOf":{"@id":"https:\/\/fjala.info\/2009-2015\/grushti-kunder-se-vertetes\/"},"author":{"name":"admin","@id":"https:\/\/fjala.info\/2009-2015\/#\/schema\/person\/3aa1163ef05469c496fc94e77611ada2"},"headline":"Grushti kund\u00ebr s\u00eb v\u00ebrtet\u00ebs","datePublished":"2011-02-02T22:03:54+00:00","mainEntityOfPage":{"@id":"https:\/\/fjala.info\/2009-2015\/grushti-kunder-se-vertetes\/"},"wordCount":1313,"commentCount":0,"publisher":{"@id":"https:\/\/fjala.info\/2009-2015\/#organization"},"image":{"@id":"https:\/\/fjala.info\/2009-2015\/grushti-kunder-se-vertetes\/#primaryimage"},"thumbnailUrl":"http:\/\/fjala.shkoder.net\/wp-content\/uploads\/2011\/02\/web_banner.jpg","articleSection":["Artikuj"],"inLanguage":"sq-AL","potentialAction":[{"@type":"CommentAction","name":"Comment","target":["https:\/\/fjala.info\/2009-2015\/grushti-kunder-se-vertetes\/#respond"]}]},{"@type":"WebPage","@id":"https:\/\/fjala.info\/2009-2015\/grushti-kunder-se-vertetes\/","url":"https:\/\/fjala.info\/2009-2015\/grushti-kunder-se-vertetes\/","name":"Grushti kund\u00ebr s\u00eb v\u00ebrtet\u00ebs - FjALA e LIR\u00cb - Arkivi","isPartOf":{"@id":"https:\/\/fjala.info\/2009-2015\/#website"},"primaryImageOfPage":{"@id":"https:\/\/fjala.info\/2009-2015\/grushti-kunder-se-vertetes\/#primaryimage"},"image":{"@id":"https:\/\/fjala.info\/2009-2015\/grushti-kunder-se-vertetes\/#primaryimage"},"thumbnailUrl":"http:\/\/fjala.shkoder.net\/wp-content\/uploads\/2011\/02\/web_banner.jpg","datePublished":"2011-02-02T22:03:54+00:00","breadcrumb":{"@id":"https:\/\/fjala.info\/2009-2015\/grushti-kunder-se-vertetes\/#breadcrumb"},"inLanguage":"sq-AL","potentialAction":[{"@type":"ReadAction","target":["https:\/\/fjala.info\/2009-2015\/grushti-kunder-se-vertetes\/"]}]},{"@type":"ImageObject","inLanguage":"sq-AL","@id":"https:\/\/fjala.info\/2009-2015\/grushti-kunder-se-vertetes\/#primaryimage","url":"http:\/\/fjala.shkoder.net\/wp-content\/uploads\/2011\/02\/web_banner.jpg","contentUrl":"http:\/\/fjala.shkoder.net\/wp-content\/uploads\/2011\/02\/web_banner.jpg"},{"@type":"BreadcrumbList","@id":"https:\/\/fjala.info\/2009-2015\/grushti-kunder-se-vertetes\/#breadcrumb","itemListElement":[{"@type":"ListItem","position":1,"name":"Home","item":"https:\/\/fjala.info\/2009-2015\/"},{"@type":"ListItem","position":2,"name":"Grushti kund\u00ebr s\u00eb v\u00ebrtet\u00ebs"}]},{"@type":"WebSite","@id":"https:\/\/fjala.info\/2009-2015\/#website","url":"https:\/\/fjala.info\/2009-2015\/","name":"FjALA e LIR\u00cb - Arkivi","description":"Arkivi 2009-2015","publisher":{"@id":"https:\/\/fjala.info\/2009-2015\/#organization"},"potentialAction":[{"@type":"SearchAction","target":{"@type":"EntryPoint","urlTemplate":"https:\/\/fjala.info\/2009-2015\/?s={search_term_string}"},"query-input":{"@type":"PropertyValueSpecification","valueRequired":true,"valueName":"search_term_string"}}],"inLanguage":"sq-AL"},{"@type":"Organization","@id":"https:\/\/fjala.info\/2009-2015\/#organization","name":"FjALA e LIR\u00cb - Arkivi","url":"https:\/\/fjala.info\/2009-2015\/","logo":{"@type":"ImageObject","inLanguage":"sq-AL","@id":"https:\/\/fjala.info\/2009-2015\/#\/schema\/logo\/image\/","url":"","contentUrl":"","caption":"FjALA e LIR\u00cb - Arkivi"},"image":{"@id":"https:\/\/fjala.info\/2009-2015\/#\/schema\/logo\/image\/"}},{"@type":"Person","@id":"https:\/\/fjala.info\/2009-2015\/#\/schema\/person\/3aa1163ef05469c496fc94e77611ada2","name":"admin","image":{"@type":"ImageObject","inLanguage":"sq-AL","@id":"https:\/\/fjala.info\/2009-2015\/wp-content\/uploads\/2012\/02\/arben_cokaj-120x150.jpg","url":"https:\/\/fjala.info\/2009-2015\/wp-content\/uploads\/2012\/02\/arben_cokaj-120x150.jpg","contentUrl":"https:\/\/fjala.info\/2009-2015\/wp-content\/uploads\/2012\/02\/arben_cokaj-120x150.jpg","caption":"admin"},"description":"Admin, Fjala e Lir\u00eb","sameAs":["https:\/\/fjala.info\/"],"url":"https:\/\/fjala.info\/2009-2015\/author\/admin\/"}]}},"_links":{"self":[{"href":"https:\/\/fjala.info\/2009-2015\/wp-json\/wp\/v2\/posts\/6115","targetHints":{"allow":["GET"]}}],"collection":[{"href":"https:\/\/fjala.info\/2009-2015\/wp-json\/wp\/v2\/posts"}],"about":[{"href":"https:\/\/fjala.info\/2009-2015\/wp-json\/wp\/v2\/types\/post"}],"author":[{"embeddable":true,"href":"https:\/\/fjala.info\/2009-2015\/wp-json\/wp\/v2\/users\/1"}],"replies":[{"embeddable":true,"href":"https:\/\/fjala.info\/2009-2015\/wp-json\/wp\/v2\/comments?post=6115"}],"version-history":[{"count":0,"href":"https:\/\/fjala.info\/2009-2015\/wp-json\/wp\/v2\/posts\/6115\/revisions"}],"wp:attachment":[{"href":"https:\/\/fjala.info\/2009-2015\/wp-json\/wp\/v2\/media?parent=6115"}],"wp:term":[{"taxonomy":"category","embeddable":true,"href":"https:\/\/fjala.info\/2009-2015\/wp-json\/wp\/v2\/categories?post=6115"},{"taxonomy":"post_tag","embeddable":true,"href":"https:\/\/fjala.info\/2009-2015\/wp-json\/wp\/v2\/tags?post=6115"}],"curies":[{"name":"wp","href":"https:\/\/api.w.org\/{rel}","templated":true}]}}