{"id":6109,"date":"2011-02-02T21:57:48","date_gmt":"2011-02-02T20:57:48","guid":{"rendered":"http:\/\/fjala.shkoder.net\/?p=6109"},"modified":"2011-02-02T21:57:48","modified_gmt":"2011-02-02T20:57:48","slug":"une-kryepucist","status":"publish","type":"post","link":"https:\/\/fjala.info\/2009-2015\/une-kryepucist\/","title":{"rendered":"Un\u00eb kryepu\u00e7ist"},"content":{"rendered":"<p><img loading=\"lazy\" decoding=\"async\" class=\"alignright size-medium wp-image-6110\" title=\"Filip \u00c7akuli\" src=\"http:\/\/fjala.shkoder.net\/wp-content\/uploads\/2011\/02\/filip_cakuli-300x225.jpg\" alt=\"\" width=\"300\" height=\"225\" \/><br \/>\nNga <strong>Filip \u00c7akuli<\/strong><\/p>\n<p>N\u00eb respekt t\u00eb lexuesve e teleshikuesve t\u00eb mi dhe p\u00ebr t\u2019i ardhur n\u00eb ndihm\u00eb mender me th\u00ebn\u00eb, komisionit hetimor, po rr\u00ebfehem publikisht p\u00ebr pu\u00e7in q\u00eb organizova p\u00ebr t\u00eb rr\u00ebzuar Kryeministrin e ligjsh\u00ebm t\u00eb vendit tim, ish-sekretarin e Partis\u00eb s\u00eb Pun\u00ebs, q\u00eb pozonte mes familjar\u00ebve t\u00eb Enver Hoxh\u00ebs, duke kaluar s\u00eb bashku pushimet me ta.<\/p>\n<p>Un\u00eb dhe askush tjet\u00ebr jam organizator i k\u00ebtij pu\u00e7i. N\u00eb fillim vura n\u00eb p\u00ebrgjim z\u00ebvend\u00ebskryeministrin, se \u00e7far\u00eb do t\u2019i thoshte ministrit t\u00eb tij n\u00eb nj\u00eb takim rutin\u00eb, n\u00eb zyr\u00ebn e k\u00ebtij t\u00eb fundit. Pastaj e mora videon e regjistruar dhe meqen\u00ebse nuk dilte gj\u00ebkundi p\u00ebrgjegj\u00ebsia e Kryeministrit (\u00e7\u2019p\u00ebrgjegj\u00ebsi ka nj\u00eb Kryeminist\u00ebr n\u00ebse ministrat e tij b\u00ebjn\u00eb afera) e shkurtova videon p\u00ebr ta transmetuar te \u201cFiksi\u201d.<\/p>\n<p>T\u00eb nes\u00ebrmen ia dhash\u00eb t\u00eb pashkurtuar Sokol Ball\u00ebs, me q\u00ebllim q\u00eb t\u00eb dilte n\u00eb pah shkurtimi i famsh\u00ebm i 30 sekond\u00ebshit. Nuk m\u00eb detyroi kush p\u00ebr ta transmetuar t\u00eb plot\u00eb, por doja me \u00e7do kusht q\u00eb t\u00eb m\u00eb kuptonte publiku se \u00e7far\u00eb manipulimi t\u00eb tmerrsh\u00ebm kisha b\u00ebr\u00eb.<\/p>\n<p>Pas transmetimit, thirra me urgjenc\u00eb n\u00eb nj\u00eb drek\u00eb pune, Edi Ram\u00ebn, Ina Ram\u00ebn, Bamir Topin, Bahri Shaqirin, Gramoz Ru\u00e7in dhe Tom Doshin.<\/p>\n<p>U thash\u00eb pak a shum\u00eb, q\u00eb Kryeministri duhet rr\u00ebzuar me \u00e7do kusht dhe p\u00ebr k\u00ebt\u00eb duhet t\u00eb p\u00ebrleshemi me policin\u00eb. \u201cN\u00ebse marrim nd\u00ebrtes\u00ebn, marrim dhe qeverin\u00eb\u201d.<\/p>\n<p>-Dale mo, tha Gramozi, t\u00eb marr\u00ebsh nd\u00ebrtes\u00ebn nuk do t\u00eb thot\u00eb se more qeverin\u00eb. Qeveria \u201cNano\u201d, kur Berisha mori nd\u00ebrtes\u00ebn e Kryeministris\u00eb dhe TVSH-n\u00eb, e drejtonte vendin nga Dajti\u201d<br \/>\nNuk i kuptoni ju Gramoz, ia ktheva, ti duhet t\u00eb merresh me organizimin e p\u00ebrleshjes. Ti, Tom Doshi do paguash ca lek\u00eb q\u00eb \u00e7unat t\u00eb hipin n\u00eb gardhin pa leje t\u00eb Kryeministris\u00eb<\/p>\n<p>\u201cSa lek\u00eb?\u201d, m\u00eb pyeti Toma.<br \/>\n\u201cNuk e di mir\u00eb, shum\u00ebn do ta d\u00ebgjosh m\u00eb von\u00eb. Por besoj, rreth 2 milion\u00eb dollar\u00eb, jo m\u00eb shum\u00eb. Nd\u00ebrsa ti Edi Rama, do t\u00eb rrish te kulla e Fidelit, pa pranin\u00eb e Fidelit, dhe do t\u00eb komandosh q\u00eb andej me celular\u201d.<\/p>\n<p>-Po ne, m\u2019u drejtuan me nj\u00eb goj\u00eb, Ina dhe Bamiri<br \/>\nJu, u thash\u00eb, do t\u00eb hyni m\u00eb von\u00eb, varianti \u201cB\u201d i pu\u00e7it\u201d<br \/>\nTi Bamir do t\u00eb b\u00ebsh nj\u00eb deklarat\u00eb me kat\u00ebr rreshta, ku nuk do t\u00eb p\u00ebrmend\u00ebsh fjal\u00ebn \u201cdhun\u00eb\u201d, nd\u00ebrsa ti Ina do t\u00eb nxjerr\u00ebsh 6 urdhra arresti p\u00ebr drejtuesit e Gard\u00ebs. Me q\u00ebllim q\u00eb ta lem\u00eb nd\u00ebrtes\u00ebn t\u00eb pambrojtur, p\u00ebr ta marr\u00eb kollaj n\u00eb nj\u00eb sulm t\u00eb dyt\u00eb, nj\u00eb her\u00eb tjet\u00ebr.<\/p>\n<p>-Nd\u00ebrsa Bahriut i dhash\u00eb detyr\u00eb t\u00eb mbyllte syt\u00eb dhe vesh\u00ebt dhe t\u00eb mos jepte asnj\u00eb informacion.<br \/>\nPastaj takova ambasadorin amerikan, t\u00eb cilin e udh\u00ebzova q\u00eb t\u00eb dilte n\u00eb krah t\u00eb Prokurores s\u00eb P\u00ebrgjithshme, n\u00ebse Kryeministri do ta sulmonte. Do ti q\u00eb edhe ambasadori tundi kok\u00ebn menj\u00ebher\u00eb, n\u00eb shenj\u00eb pohimi?<\/p>\n<p>Tani m\u00eb duheshin mediat. I pari q\u00eb m\u00eb erdhi nd\u00ebrmend Mero Baze, me t\u00eb cilin e pata shum\u00eb t\u00eb v\u00ebshtir\u00eb t\u2019i mbushja mendjen q\u00eb duhej rr\u00ebzuar Kryeministri Berisha. M\u00eb n\u00eb fund e binda dhe i lash\u00eb detyr\u00eb q\u00eb pu\u00e7ist\u00ebt ta kishin z\u00ebrin e tyre n\u00eb gazet\u00eb.<\/p>\n<p>\u201cNa duhet dhe nj\u00eb video n\u00ebse q\u00ebllojn\u00eb gardist\u00ebt\u201d. Patjet\u00ebr, i thash\u00eb. P\u00ebr k\u00ebt\u00eb do t\u00eb flas me Berish\u00ebn se kemi muhabete t\u00eb vjetra q\u00eb kur un\u00eb si oficer i Sigurimit t\u00eb Shtetit ruaja vilat e Enverit n\u00eb Vlor\u00eb ku dhe kur Saliu hynte e dilte si n\u00eb sht\u00ebpin\u00eb e vet. Menj\u00ebher\u00eb u lidha me Saliun dhe fola p\u00ebr pu\u00e7in dhe e porosita q\u00eb Garda duhej t\u00eb q\u00ebllonte sipas ligjit, n\u00ebse pu\u00e7ist\u00ebt do t\u00eb hynin n\u00eb nd\u00ebrtes\u00ebn e tij. \u201cPo sikur t\u00eb mos hyjn\u00eb? \u2013 m\u00eb pyeti ai- S\u2019ka problem, i q\u00eblloni dhe aty af\u00ebr mureve&#8230;<\/p>\n<p>-Me \u00e7\u2019arm\u00eb do t\u00eb sulmoni? \u2013 u interesua ai<br \/>\n-Me gur\u00eb, me hunj, me asgj\u00eb tjet\u00ebr, &#8211; ia ktheva. Po \u00e7\u2019pu\u00e7 qenka ky mo, &#8211; tha ai i nxehur &#8211; Duhen arm\u00eb t\u00eb sofistikuara, duhen stilolapsa pistolet\u00eb, \u00e7adra automatik\u00eb, mina, flak\u00ebhedh\u00ebse, t\u00eb cilat i kemi p\u00ebrdorur ne dy her\u00eb, nj\u00eb n\u00eb 1998, nj\u00eb n\u00eb 2004.<\/p>\n<p>-Eh, bela e madhe, thash\u00eb me vete. Ku t\u2019i gjeja k\u00ebto arm\u00eb? Fola pastaj me ministrin e Mbrojtjes dhe i k\u00ebrkova k\u00ebto tipa arm\u00ebsh. \u201cNuk i kemi\u201d, ma preu shkurt ai. \u201cAt\u00ebher\u00eb i prodhoni sa m\u00eb shpejt\u201d, e urdh\u00ebrova un\u00eb.<\/p>\n<p>M\u00eb ngeli vet\u00ebm kush do t\u00eb filmonte vrasjet para Kryeministris\u00eb. Kush tjet\u00ebr ve\u00e7 Artan Hoxh\u00ebs, mendova dhe menj\u00ebher\u00eb ia ngarkova detyr\u00ebn atij.<\/p>\n<p>I porosita edhe nj\u00eb her\u00eb Ram\u00ebn dhe Ru\u00e7in q\u00eb m\u00eb 21 janar dua t\u00eb mblidhen gjith\u00eb horrat e partis\u00eb, bandit\u00ebt, kriminel\u00ebt, hajdut\u00ebt, mafioz\u00ebt e ndersh\u00ebm t\u00eb PS-s\u00eb. Dhe mund\u00ebsisht t\u00eb mos lahen, me q\u00ebllim q\u00eb t\u2019u duket nga lart koka e palar\u00eb: U k\u00ebrkova gjithashtu q\u00eb t\u00eb formonin qeverin\u00eb e re, duke propozuar nja dy ministra vet\u00eb: Zogaj minist\u00ebr Kulture, Ngjela minist\u00ebr Drejt\u00ebsie, Toma minist\u00ebr i Brendsh\u00ebm.<\/p>\n<p>Pasi ndava t\u00eb gjitha detyrat, dit\u00ebn e premte, m\u00eb 21 janar, zura pozicion n\u00eb nj\u00eb bunker af\u00ebr bllokut dhe prisja rezultatet. \u201cEh, thash\u00eb me vete, sa i leht\u00eb qenka nj\u00eb pu\u00e7, gjynah q\u00eb s\u2019e kam b\u00ebr\u00eb me koh\u00eb e shpesh\u201d.<\/p>\n<p>Pastaj ndodhi ajo q\u00eb e pam\u00eb t\u00eb gjith\u00eb. Kryeministria u mbrojt me heroiz\u00ebm. T\u00eb gjith\u00eb an\u00ebtar\u00ebt e pu\u00e7it punuan sipas detyrave t\u00eb caktuara. Vet\u00ebm policia m\u00eb doli fjale, se ata q\u00eb arrestoi nuk ishin bandit\u00eb e kriminel\u00eb dhe nuk gjeti njeri me arm\u00ebt e sofistikuara q\u00eb u kisha th\u00ebn\u00eb.<\/p>\n<p>Pas pu\u00e7it komunikova menj\u00ebher\u00eb me policin\u00eb. \u201cNuk i gjet\u00ebm dot, sado q\u00eb k\u00ebrkuam ma kthyen ata me naivitet: \u201cT\u2019i prodhoni sa m\u00eb par\u00eb, se ju piu e zeza: Po \u00e7\u2019duhen tani? P\u00ebr komisionin hetimor, se nuk duam t\u00eb dal\u00eb blof Kryeministri. Me sa jam informuar ka filluar prodhimi i tyre, por kan\u00eb ngecur te \u00e7adra\u2013automatik\u00eb, q\u00eb s\u2019po ia gjejm\u00eb an\u00ebn dhe te thika me helm.<\/p>\n<p>\u201c\u00c7adra kemi, automatik\u00eb sa t\u00eb duash, po nuk dim\u00eb si t\u2019i bashkojm\u00eb\u201d, m\u2019u shfaj\u00ebsuan ata\u201d.<br \/>\nMos na lini n\u00eb balt\u00eb, ua mbylla telefonin<\/p>\n<p>Tani jam gati t\u00eb dor\u00ebzohem, po ku? Prokuroria \u00ebsht\u00eb e nj\u00ebanshme, komisioni hetimor anon nga ana tjet\u00ebr. T\u2019u drejtohem amerikan\u00ebve, ata s\u2019kan\u00eb ngen\u00eb time, as europian\u00ebt nuk na kuptojn\u00eb \u00e7\u2019kemi b\u00ebr\u00eb e \u00e7\u2019po b\u00ebjm\u00eb! Ngela n\u00eb mes t\u00eb kat\u00ebr rrug\u00ebve. Kur papritur m\u00eb vjen nj\u00ebri nga ambasada amerikane. \u201cTi je ai, koka e Pu\u00e7it?\u201d<\/p>\n<p>\u201cPo, i thash\u00eb\u201d<br \/>\n\u201cDo vish me mua!<br \/>\nKu po m\u00eb \u00e7oni?<br \/>\nDo t\u00eb jap\u00ebsh m\u00ebsim n\u00eb nj\u00eb shkoll\u00eb ushtarake, na duhet p\u00ebrvoja jote, &#8211; m\u2019u p\u00ebrgjigj\u00ebn ata.<\/p>\n","protected":false},"excerpt":{"rendered":"<p>Nga Filip \u00c7akuli N\u00eb respekt t\u00eb lexuesve e teleshikuesve t\u00eb mi dhe p\u00ebr t\u2019i ardhur n\u00eb ndihm\u00eb mender me th\u00ebn\u00eb, komisionit hetimor, po rr\u00ebfehem publikisht p\u00ebr pu\u00e7in q\u00eb organizova p\u00ebr t\u00eb rr\u00ebzuar Kryeministrin e ligjsh\u00ebm t\u00eb vendit tim, ish-sekretarin e Partis\u00eb s\u00eb Pun\u00ebs, q\u00eb pozonte mes familjar\u00ebve t\u00eb Enver Hoxh\u00ebs, duke kaluar s\u00eb bashku pushimet [&hellip;]<\/p>\n","protected":false},"author":1,"featured_media":0,"comment_status":"open","ping_status":"closed","sticky":false,"template":"","format":"standard","meta":{"footnotes":""},"categories":[2],"tags":[],"class_list":{"0":"post-6109","1":"post","2":"type-post","3":"status-publish","4":"format-standard","6":"category-artikuj"},"yoast_head":"<!-- This site is optimized with the Yoast SEO plugin v27.4 - https:\/\/yoast.com\/product\/yoast-seo-wordpress\/ -->\n<title>Un\u00eb kryepu\u00e7ist - FjALA e LIR\u00cb - Arkivi<\/title>\n<meta name=\"robots\" content=\"index, follow, max-snippet:-1, max-image-preview:large, max-video-preview:-1\" \/>\n<link rel=\"canonical\" href=\"https:\/\/fjala.info\/2009-2015\/une-kryepucist\/\" \/>\n<meta property=\"og:locale\" content=\"sq_AL\" \/>\n<meta property=\"og:type\" content=\"article\" \/>\n<meta property=\"og:title\" content=\"Un\u00eb kryepu\u00e7ist - FjALA e LIR\u00cb - Arkivi\" \/>\n<meta property=\"og:description\" content=\"Nga Filip \u00c7akuli N\u00eb respekt t\u00eb lexuesve e teleshikuesve t\u00eb mi dhe p\u00ebr t\u2019i ardhur n\u00eb ndihm\u00eb mender me th\u00ebn\u00eb, komisionit hetimor, po rr\u00ebfehem publikisht p\u00ebr pu\u00e7in q\u00eb organizova p\u00ebr t\u00eb rr\u00ebzuar Kryeministrin e ligjsh\u00ebm t\u00eb vendit tim, ish-sekretarin e Partis\u00eb s\u00eb Pun\u00ebs, q\u00eb pozonte mes familjar\u00ebve t\u00eb Enver Hoxh\u00ebs, duke kaluar s\u00eb bashku pushimet [&hellip;]\" \/>\n<meta property=\"og:url\" content=\"https:\/\/fjala.info\/2009-2015\/une-kryepucist\/\" \/>\n<meta property=\"og:site_name\" content=\"FjALA e LIR\u00cb - Arkivi\" \/>\n<meta property=\"article:published_time\" content=\"2011-02-02T20:57:48+00:00\" \/>\n<meta property=\"og:image\" content=\"http:\/\/fjala.shkoder.net\/wp-content\/uploads\/2011\/02\/filip_cakuli-300x225.jpg\" \/>\n<meta name=\"author\" content=\"admin\" \/>\n<meta name=\"twitter:card\" content=\"summary_large_image\" \/>\n<meta name=\"twitter:label1\" content=\"Written by\" \/>\n\t<meta name=\"twitter:data1\" content=\"admin\" \/>\n\t<meta name=\"twitter:label2\" content=\"Est. reading time\" \/>\n\t<meta name=\"twitter:data2\" content=\"6 minutes\" \/>\n<script type=\"application\/ld+json\" class=\"yoast-schema-graph\">{\"@context\":\"https:\\\/\\\/schema.org\",\"@graph\":[{\"@type\":\"Article\",\"@id\":\"https:\\\/\\\/fjala.info\\\/2009-2015\\\/une-kryepucist\\\/#article\",\"isPartOf\":{\"@id\":\"https:\\\/\\\/fjala.info\\\/2009-2015\\\/une-kryepucist\\\/\"},\"author\":{\"name\":\"admin\",\"@id\":\"https:\\\/\\\/fjala.info\\\/2009-2015\\\/#\\\/schema\\\/person\\\/3aa1163ef05469c496fc94e77611ada2\"},\"headline\":\"Un\u00eb kryepu\u00e7ist\",\"datePublished\":\"2011-02-02T20:57:48+00:00\",\"mainEntityOfPage\":{\"@id\":\"https:\\\/\\\/fjala.info\\\/2009-2015\\\/une-kryepucist\\\/\"},\"wordCount\":1205,\"commentCount\":0,\"publisher\":{\"@id\":\"https:\\\/\\\/fjala.info\\\/2009-2015\\\/#organization\"},\"image\":{\"@id\":\"https:\\\/\\\/fjala.info\\\/2009-2015\\\/une-kryepucist\\\/#primaryimage\"},\"thumbnailUrl\":\"http:\\\/\\\/fjala.shkoder.net\\\/wp-content\\\/uploads\\\/2011\\\/02\\\/filip_cakuli-300x225.jpg\",\"articleSection\":[\"Artikuj\"],\"inLanguage\":\"sq-AL\",\"potentialAction\":[{\"@type\":\"CommentAction\",\"name\":\"Comment\",\"target\":[\"https:\\\/\\\/fjala.info\\\/2009-2015\\\/une-kryepucist\\\/#respond\"]}]},{\"@type\":\"WebPage\",\"@id\":\"https:\\\/\\\/fjala.info\\\/2009-2015\\\/une-kryepucist\\\/\",\"url\":\"https:\\\/\\\/fjala.info\\\/2009-2015\\\/une-kryepucist\\\/\",\"name\":\"Un\u00eb kryepu\u00e7ist - FjALA e LIR\u00cb - Arkivi\",\"isPartOf\":{\"@id\":\"https:\\\/\\\/fjala.info\\\/2009-2015\\\/#website\"},\"primaryImageOfPage\":{\"@id\":\"https:\\\/\\\/fjala.info\\\/2009-2015\\\/une-kryepucist\\\/#primaryimage\"},\"image\":{\"@id\":\"https:\\\/\\\/fjala.info\\\/2009-2015\\\/une-kryepucist\\\/#primaryimage\"},\"thumbnailUrl\":\"http:\\\/\\\/fjala.shkoder.net\\\/wp-content\\\/uploads\\\/2011\\\/02\\\/filip_cakuli-300x225.jpg\",\"datePublished\":\"2011-02-02T20:57:48+00:00\",\"breadcrumb\":{\"@id\":\"https:\\\/\\\/fjala.info\\\/2009-2015\\\/une-kryepucist\\\/#breadcrumb\"},\"inLanguage\":\"sq-AL\",\"potentialAction\":[{\"@type\":\"ReadAction\",\"target\":[\"https:\\\/\\\/fjala.info\\\/2009-2015\\\/une-kryepucist\\\/\"]}]},{\"@type\":\"ImageObject\",\"inLanguage\":\"sq-AL\",\"@id\":\"https:\\\/\\\/fjala.info\\\/2009-2015\\\/une-kryepucist\\\/#primaryimage\",\"url\":\"http:\\\/\\\/fjala.shkoder.net\\\/wp-content\\\/uploads\\\/2011\\\/02\\\/filip_cakuli-300x225.jpg\",\"contentUrl\":\"http:\\\/\\\/fjala.shkoder.net\\\/wp-content\\\/uploads\\\/2011\\\/02\\\/filip_cakuli-300x225.jpg\"},{\"@type\":\"BreadcrumbList\",\"@id\":\"https:\\\/\\\/fjala.info\\\/2009-2015\\\/une-kryepucist\\\/#breadcrumb\",\"itemListElement\":[{\"@type\":\"ListItem\",\"position\":1,\"name\":\"Home\",\"item\":\"https:\\\/\\\/fjala.info\\\/2009-2015\\\/\"},{\"@type\":\"ListItem\",\"position\":2,\"name\":\"Un\u00eb kryepu\u00e7ist\"}]},{\"@type\":\"WebSite\",\"@id\":\"https:\\\/\\\/fjala.info\\\/2009-2015\\\/#website\",\"url\":\"https:\\\/\\\/fjala.info\\\/2009-2015\\\/\",\"name\":\"FjALA e LIR\u00cb - Arkivi\",\"description\":\"Arkivi 2009-2015\",\"publisher\":{\"@id\":\"https:\\\/\\\/fjala.info\\\/2009-2015\\\/#organization\"},\"potentialAction\":[{\"@type\":\"SearchAction\",\"target\":{\"@type\":\"EntryPoint\",\"urlTemplate\":\"https:\\\/\\\/fjala.info\\\/2009-2015\\\/?s={search_term_string}\"},\"query-input\":{\"@type\":\"PropertyValueSpecification\",\"valueRequired\":true,\"valueName\":\"search_term_string\"}}],\"inLanguage\":\"sq-AL\"},{\"@type\":\"Organization\",\"@id\":\"https:\\\/\\\/fjala.info\\\/2009-2015\\\/#organization\",\"name\":\"FjALA e LIR\u00cb - Arkivi\",\"url\":\"https:\\\/\\\/fjala.info\\\/2009-2015\\\/\",\"logo\":{\"@type\":\"ImageObject\",\"inLanguage\":\"sq-AL\",\"@id\":\"https:\\\/\\\/fjala.info\\\/2009-2015\\\/#\\\/schema\\\/logo\\\/image\\\/\",\"url\":\"\",\"contentUrl\":\"\",\"caption\":\"FjALA e LIR\u00cb - Arkivi\"},\"image\":{\"@id\":\"https:\\\/\\\/fjala.info\\\/2009-2015\\\/#\\\/schema\\\/logo\\\/image\\\/\"}},{\"@type\":\"Person\",\"@id\":\"https:\\\/\\\/fjala.info\\\/2009-2015\\\/#\\\/schema\\\/person\\\/3aa1163ef05469c496fc94e77611ada2\",\"name\":\"admin\",\"image\":{\"@type\":\"ImageObject\",\"inLanguage\":\"sq-AL\",\"@id\":\"https:\\\/\\\/fjala.info\\\/2009-2015\\\/wp-content\\\/uploads\\\/2012\\\/02\\\/arben_cokaj-120x150.jpg\",\"url\":\"https:\\\/\\\/fjala.info\\\/2009-2015\\\/wp-content\\\/uploads\\\/2012\\\/02\\\/arben_cokaj-120x150.jpg\",\"contentUrl\":\"https:\\\/\\\/fjala.info\\\/2009-2015\\\/wp-content\\\/uploads\\\/2012\\\/02\\\/arben_cokaj-120x150.jpg\",\"caption\":\"admin\"},\"description\":\"Admin, Fjala e Lir\u00eb\",\"sameAs\":[\"https:\\\/\\\/fjala.info\\\/\"],\"url\":\"https:\\\/\\\/fjala.info\\\/2009-2015\\\/author\\\/admin\\\/\"}]}<\/script>\n<!-- \/ Yoast SEO plugin. -->","yoast_head_json":{"title":"Un\u00eb kryepu\u00e7ist - FjALA e LIR\u00cb - Arkivi","robots":{"index":"index","follow":"follow","max-snippet":"max-snippet:-1","max-image-preview":"max-image-preview:large","max-video-preview":"max-video-preview:-1"},"canonical":"https:\/\/fjala.info\/2009-2015\/une-kryepucist\/","og_locale":"sq_AL","og_type":"article","og_title":"Un\u00eb kryepu\u00e7ist - FjALA e LIR\u00cb - Arkivi","og_description":"Nga Filip \u00c7akuli N\u00eb respekt t\u00eb lexuesve e teleshikuesve t\u00eb mi dhe p\u00ebr t\u2019i ardhur n\u00eb ndihm\u00eb mender me th\u00ebn\u00eb, komisionit hetimor, po rr\u00ebfehem publikisht p\u00ebr pu\u00e7in q\u00eb organizova p\u00ebr t\u00eb rr\u00ebzuar Kryeministrin e ligjsh\u00ebm t\u00eb vendit tim, ish-sekretarin e Partis\u00eb s\u00eb Pun\u00ebs, q\u00eb pozonte mes familjar\u00ebve t\u00eb Enver Hoxh\u00ebs, duke kaluar s\u00eb bashku pushimet [&hellip;]","og_url":"https:\/\/fjala.info\/2009-2015\/une-kryepucist\/","og_site_name":"FjALA e LIR\u00cb - Arkivi","article_published_time":"2011-02-02T20:57:48+00:00","og_image":[{"url":"http:\/\/fjala.shkoder.net\/wp-content\/uploads\/2011\/02\/filip_cakuli-300x225.jpg","type":"","width":"","height":""}],"author":"admin","twitter_card":"summary_large_image","twitter_misc":{"Written by":"admin","Est. reading time":"6 minutes"},"schema":{"@context":"https:\/\/schema.org","@graph":[{"@type":"Article","@id":"https:\/\/fjala.info\/2009-2015\/une-kryepucist\/#article","isPartOf":{"@id":"https:\/\/fjala.info\/2009-2015\/une-kryepucist\/"},"author":{"name":"admin","@id":"https:\/\/fjala.info\/2009-2015\/#\/schema\/person\/3aa1163ef05469c496fc94e77611ada2"},"headline":"Un\u00eb kryepu\u00e7ist","datePublished":"2011-02-02T20:57:48+00:00","mainEntityOfPage":{"@id":"https:\/\/fjala.info\/2009-2015\/une-kryepucist\/"},"wordCount":1205,"commentCount":0,"publisher":{"@id":"https:\/\/fjala.info\/2009-2015\/#organization"},"image":{"@id":"https:\/\/fjala.info\/2009-2015\/une-kryepucist\/#primaryimage"},"thumbnailUrl":"http:\/\/fjala.shkoder.net\/wp-content\/uploads\/2011\/02\/filip_cakuli-300x225.jpg","articleSection":["Artikuj"],"inLanguage":"sq-AL","potentialAction":[{"@type":"CommentAction","name":"Comment","target":["https:\/\/fjala.info\/2009-2015\/une-kryepucist\/#respond"]}]},{"@type":"WebPage","@id":"https:\/\/fjala.info\/2009-2015\/une-kryepucist\/","url":"https:\/\/fjala.info\/2009-2015\/une-kryepucist\/","name":"Un\u00eb kryepu\u00e7ist - FjALA e LIR\u00cb - Arkivi","isPartOf":{"@id":"https:\/\/fjala.info\/2009-2015\/#website"},"primaryImageOfPage":{"@id":"https:\/\/fjala.info\/2009-2015\/une-kryepucist\/#primaryimage"},"image":{"@id":"https:\/\/fjala.info\/2009-2015\/une-kryepucist\/#primaryimage"},"thumbnailUrl":"http:\/\/fjala.shkoder.net\/wp-content\/uploads\/2011\/02\/filip_cakuli-300x225.jpg","datePublished":"2011-02-02T20:57:48+00:00","breadcrumb":{"@id":"https:\/\/fjala.info\/2009-2015\/une-kryepucist\/#breadcrumb"},"inLanguage":"sq-AL","potentialAction":[{"@type":"ReadAction","target":["https:\/\/fjala.info\/2009-2015\/une-kryepucist\/"]}]},{"@type":"ImageObject","inLanguage":"sq-AL","@id":"https:\/\/fjala.info\/2009-2015\/une-kryepucist\/#primaryimage","url":"http:\/\/fjala.shkoder.net\/wp-content\/uploads\/2011\/02\/filip_cakuli-300x225.jpg","contentUrl":"http:\/\/fjala.shkoder.net\/wp-content\/uploads\/2011\/02\/filip_cakuli-300x225.jpg"},{"@type":"BreadcrumbList","@id":"https:\/\/fjala.info\/2009-2015\/une-kryepucist\/#breadcrumb","itemListElement":[{"@type":"ListItem","position":1,"name":"Home","item":"https:\/\/fjala.info\/2009-2015\/"},{"@type":"ListItem","position":2,"name":"Un\u00eb kryepu\u00e7ist"}]},{"@type":"WebSite","@id":"https:\/\/fjala.info\/2009-2015\/#website","url":"https:\/\/fjala.info\/2009-2015\/","name":"FjALA e LIR\u00cb - Arkivi","description":"Arkivi 2009-2015","publisher":{"@id":"https:\/\/fjala.info\/2009-2015\/#organization"},"potentialAction":[{"@type":"SearchAction","target":{"@type":"EntryPoint","urlTemplate":"https:\/\/fjala.info\/2009-2015\/?s={search_term_string}"},"query-input":{"@type":"PropertyValueSpecification","valueRequired":true,"valueName":"search_term_string"}}],"inLanguage":"sq-AL"},{"@type":"Organization","@id":"https:\/\/fjala.info\/2009-2015\/#organization","name":"FjALA e LIR\u00cb - Arkivi","url":"https:\/\/fjala.info\/2009-2015\/","logo":{"@type":"ImageObject","inLanguage":"sq-AL","@id":"https:\/\/fjala.info\/2009-2015\/#\/schema\/logo\/image\/","url":"","contentUrl":"","caption":"FjALA e LIR\u00cb - Arkivi"},"image":{"@id":"https:\/\/fjala.info\/2009-2015\/#\/schema\/logo\/image\/"}},{"@type":"Person","@id":"https:\/\/fjala.info\/2009-2015\/#\/schema\/person\/3aa1163ef05469c496fc94e77611ada2","name":"admin","image":{"@type":"ImageObject","inLanguage":"sq-AL","@id":"https:\/\/fjala.info\/2009-2015\/wp-content\/uploads\/2012\/02\/arben_cokaj-120x150.jpg","url":"https:\/\/fjala.info\/2009-2015\/wp-content\/uploads\/2012\/02\/arben_cokaj-120x150.jpg","contentUrl":"https:\/\/fjala.info\/2009-2015\/wp-content\/uploads\/2012\/02\/arben_cokaj-120x150.jpg","caption":"admin"},"description":"Admin, Fjala e Lir\u00eb","sameAs":["https:\/\/fjala.info\/"],"url":"https:\/\/fjala.info\/2009-2015\/author\/admin\/"}]}},"_links":{"self":[{"href":"https:\/\/fjala.info\/2009-2015\/wp-json\/wp\/v2\/posts\/6109","targetHints":{"allow":["GET"]}}],"collection":[{"href":"https:\/\/fjala.info\/2009-2015\/wp-json\/wp\/v2\/posts"}],"about":[{"href":"https:\/\/fjala.info\/2009-2015\/wp-json\/wp\/v2\/types\/post"}],"author":[{"embeddable":true,"href":"https:\/\/fjala.info\/2009-2015\/wp-json\/wp\/v2\/users\/1"}],"replies":[{"embeddable":true,"href":"https:\/\/fjala.info\/2009-2015\/wp-json\/wp\/v2\/comments?post=6109"}],"version-history":[{"count":0,"href":"https:\/\/fjala.info\/2009-2015\/wp-json\/wp\/v2\/posts\/6109\/revisions"}],"wp:attachment":[{"href":"https:\/\/fjala.info\/2009-2015\/wp-json\/wp\/v2\/media?parent=6109"}],"wp:term":[{"taxonomy":"category","embeddable":true,"href":"https:\/\/fjala.info\/2009-2015\/wp-json\/wp\/v2\/categories?post=6109"},{"taxonomy":"post_tag","embeddable":true,"href":"https:\/\/fjala.info\/2009-2015\/wp-json\/wp\/v2\/tags?post=6109"}],"curies":[{"name":"wp","href":"https:\/\/api.w.org\/{rel}","templated":true}]}}