{"id":6105,"date":"2011-02-02T01:07:17","date_gmt":"2011-02-02T00:07:17","guid":{"rendered":"http:\/\/fjala.shkoder.net\/?p=6105"},"modified":"2011-02-02T01:07:17","modified_gmt":"2011-02-02T00:07:17","slug":"mos-u-tremb-zoti-kryeminister-i-cmenduri-dhe-i-ligu-nuk-vriten-as-per-gjak","status":"publish","type":"post","link":"https:\/\/fjala.info\/2009-2015\/mos-u-tremb-zoti-kryeminister-i-cmenduri-dhe-i-ligu-nuk-vriten-as-per-gjak\/","title":{"rendered":"Mos u tremb zoti kryeminist\u00ebr, i \u00e7menduri dhe i ligu nuk vriten as p\u00ebr gjak"},"content":{"rendered":"<p><img loading=\"lazy\" decoding=\"async\" class=\"alignright size-full wp-image-6106\" title=\"berisha_cmendur\" src=\"http:\/\/fjala.shkoder.net\/wp-content\/uploads\/2011\/02\/berisha_cmendur.jpg\" alt=\"\" width=\"300\" height=\"224\" \/><br \/>\nNga <strong>Kledian Lula<\/strong><\/p>\n<p>N\u00ebse deri n\u00eb qershor 2009, kishim kuptuar gjith\u00eb lig\u00ebsit\u00eb e Sali Berish\u00ebs n\u00eb jet\u00ebn politike, qeveris\u00ebse e shoq\u00ebrore, duhej demonstrata popullore e 21 janarit 2011, q\u00eb t\u00eb konfirmonte p\u00ebrfundimisht, se paskemi p\u00ebr kryeminist\u00ebr nj\u00eb individ t\u00eb s\u00ebmur\u00eb, me simptoma t\u00eb r\u00ebnda e manifestuese n\u00eb sistemin q\u00ebndror nervor (truri i vog\u00ebl). Gjith\u00eb veprimet dhe fjalimet e tij n\u00eb 10 ditet e fundit, tregojn\u00eb qart\u00eb k\u00ebt\u00eb \u201cshp\u00ebrthim nervor\u201d, tipik prej pacienti maksimalisht t\u00eb s\u00ebmur\u00eb menderisht, me pasoj\u00eb humbjen e kontrollit dhe rreziksh\u00ebmrin\u00eb e plot\u00eb p\u00ebr mjedisin ku punon e jeton.<\/p>\n<p>Shteti Shqiptar, n\u00ebp\u00ebrmjet Sh\u00ebrbimit Qeveritar, ashtu si\u00e7 ka vepruar p\u00ebr cdo shtetas tjet\u00ebr n\u00eb raste s\u00ebmundjesh t\u00eb r\u00ebnda, ka detyrimin ta marr\u00eb Sali berish\u00ebn n\u00ebn kujdes mjek\u00ebsor paraprak e ta nis urgjent jasht\u00eb vendit, p\u00ebr kurim mjeksor n\u00eb klinkat e pavionet e specializuar psikiatrik\u00eb. Fundja, pavar\u00ebsisht shkat\u00ebrrimeve dhe tragjedive q\u00eb i ka shkaktuar vendit e popullit n\u00eb k\u00ebto 20 vjet si politikan e krye-qeveris\u00ebs, Sali Berisha duhet trajtuar me \u201cstatusin e kryeministrit\u201d, pavar\u00ebsisht fatkeq\u00ebsis\u00eb me \u201cikje truri t\u00eb p\u00ebrshpejtuar\u201d.<\/p>\n<p><strong>Sali Berisha p\u00ebrb\u00ebn rrezik komb\u00ebtar me veprimet e tij anormale<\/strong><\/p>\n<p>N\u00ebse familja kryeministrore, ndoshta edhe nga turpi e konsideron normale gjendjen e tij nervore, shteti nuk duhet t\u00eb q\u00ebndroj indiferent p\u00ebrball\u00eb k\u00ebtij rasti. Shteti duhet t\u00eb nd\u00ebrhyj\u00eb, mbasi nuk kemi t\u00eb b\u00ebjm\u00eb me nj\u00eb t\u00eb \u201cikur nga trut\u00eb\u201d q\u00eb jeton mes malesh e le t\u2019u bier me kok\u00eb gur\u00ebve e trungjeve. P\u00ebrkundrazi, kemi t\u00eb b\u00ebjm\u00eb me nj\u00eb individ q\u00eb mund t\u00eb b\u00ebj\u00eb \u201czarar\u201d t\u00eb madh mbi popullin dhe ekonomin\u00eb.<\/p>\n<p>Rrezikshm\u00ebria q\u00ebndron n\u00eb faktin, se ky i s\u00ebmur nervor n\u00eb gjendje t\u00eb lir\u00eb dhe me detyr\u00eb krye-qeveritar, ka n\u00eb dor\u00eb policin\u00eb e shtetit, ka ushtrin\u00eb, Gard\u00ebn e Republik\u00ebs, buxhetin e shtetit, ministrit\u00eb, spitalet, shkollat, nd\u00ebrmarrjet strategjike, si hidorcentralet, naft\u00ebn, hekurudhat, aeroportet. M\u00eb shqet\u00ebsues \u00ebsht\u00eb fakti, se ky njeri ka n\u00eb dor\u00eb \u201czarfin\u201d e Politikave t\u00eb Siguris\u00eb Komb\u00ebtare, ka koorrespondenc\u00ebn e NATO, te BE, t\u00eb BB, te FBI etj, etj. Gjendemi p\u00ebrball\u00eb nj\u00eb kryeministri q\u00eb mund t\u00eb b\u00ebj\u00eb gjith\u00e7ka kund\u00ebr gjith\u00e7kaje \u201cme nj\u00eb t\u00eb th\u00ebn\u00eb t\u00eb mendjes\u201d!<\/p>\n<p>Analizoni veprimet dhe fjal\u00ebt e tij, t\u00eb dit\u00ebve t\u00eb fundit, t\u00eb nxitura prej piksoz\u00ebs fantazm\u00eb t\u00eb \u201cpu\u00e7it\u201d dhe t\u00eb \u201celeminimit fizik\u201d. Shikoni se si i \u00ebsht\u00eb v\u00ebrsulur prokuroris\u00eb, p\u00ebr ta n\u00ebnshtruar dhe kreut t\u00eb saj, me fjal\u00eb prej halabaku. Shikoni se si i v\u00ebrsulet Presidentit t\u00eb Republik\u00ebs p\u00ebr ta dettyruar t\u00eb mbuloj krimet dhe t\u00eb zbatoj dhunsh\u00ebm brockullat q\u00eb ai shpik p\u00ebr \u201carmiq\u00eb, tradh\u00ebtar\u00eb, kriminel\u00eb e pui\u00e7ist\u00eb\u201d. Shikoni se si v\u00ebrsulet SHISH dhe kreut t\u00eb k\u00ebtij institucioni t\u00eb Siguris\u00eb Kom\u00ebbatre, duke e quajtur \u201cpu\u00e7ist\u201d dhe duke tentuar ta p\u00ebrgjoj e ta fus n\u00eb kurthin e krimeve t\u00eb tij. Shikoni se si v\u00ebrsulet shtypit t\u00eb lir\u00eb, duke e k\u00ebrc\u00ebnuar dhe p\u00ebrgjuar, p\u00ebr ta n\u00ebnshtruar.<\/p>\n<p>Zoti President i Republik\u00ebs! Situata nuk \u00ebsht\u00eb p\u00ebr t\u00eb luajtur me \u201cping-pong\u201d akuzash e kund\u00ebr-akuzash, as p\u00ebr luft\u00eb batutash me \u201cspond\u201d e n\u00ebnkuptime. Duhet t\u00eb nd\u00ebrhyni jo me fjalime, thirrje e citate, por me q\u00ebndrime konkrete. Esht\u00eb detyra Juaj zoti President I Republik\u00ebs, q\u00eb t\u00eb veproni n\u00eb rastin konkret, madje sa m\u00eb shpejt, p\u00ebr t\u00eb shmangur kryeministrin Sali Berisha nga k\u00ebto pozicione anti-institucionale e anti-komb\u00ebtare, por s\u00eb pari ta spostoni nga qeverisja e vendit p\u00ebr \u201carsye sh\u00ebndet\u00ebsore\u201d. Besojm\u00eb, se Ju jeni i bindur tashm\u00eb plot\u00ebsisht, q\u00eb veprimet e manifestuara s\u00eb fundi prej kryeministrit Sali Berisha, kan\u00eb kaluar t\u00eb gjith\u00eb caqet e nj\u00eb sjelljeje dhe qeverisjeje normale e t\u00eb sigurt p\u00ebr fatet e shqiptar\u00ebve e t\u00eb vendit.<\/p>\n<p>I ka ikur truri, thot\u00eb edhe n\u00eb gjum\u00eb: \u201cDo m\u00eb vras\u00eb presidenti!\u201d<\/p>\n<p>Pasi zbuloi \u201cpu\u00e7in e shtetit\u201d dhe \u201corganizator\u00ebt\u201d e tij me planin \u201cA\u201d e \u201cB\u201d, kryeministri Sali Berisha zbardhi publikisht edhe planin \u201cZh\u201d t\u00eb k\u00ebtij \u201cpu\u00e7i\u201d, i cili sipas trurit t\u00eb Berish\u00ebs, kishte si objektiv \u201celeminimin e tij fizik\u201d. Sipas planit t\u00eb shpikur prej tij, k\u00ebt\u00eb \u201celeminim e ka d\u00ebshiruar dhe e ka organizuar Presidenti i Republik\u00ebs, zoti Bamir Topi\u201d. Paranoja e tij p\u00ebr \u201celiminim fizik n\u00eb bashk\u00ebpunim nga Presidenti i Republik\u00ebs, Kryeprokurorja e kreu i PS\u201d n\u00ebp\u00ebrmjet \u201cnxitjes s\u00eb demonstratave\u201d, nuk k\u00ebrkon asnj\u00eb koment. Sali Berisha e di pozicionin e tij p\u00ebrball\u00eb shqiptar\u00ebve e p\u00ebrball\u00eb ligjit, ndaj dhe po p\u00ebrjeton ankthin e eliminimit fizik, t\u00eb \u201cpu\u00e7izmit\u201d, t\u00eb \u201clargimit me dhun\u00eb nga pushteti\u201d.<\/p>\n<p>Tashm\u00eb nuk ka as forc\u00eb hyjnore, q\u00eb t\u2019i ndryshoj k\u00ebt\u00eb bindje psikopatie q\u00eb dominon n\u00eb mendjen e Sali Berish\u00ebs. Atij i duken t\u00eb gjith\u00eb, \u201carmiq q\u00eb duan ta vrasin\u201d. Pushteti i kriminalizuar n\u00eb raport me shqiptar\u00ebt dhe me ligjin, e ka b\u00ebr\u00eb me \u201chije\u201d, nuk e l\u00eb t\u00eb qet\u00eb\u201d. K\u00ebshtu ndodh me t\u00eb gjith\u00eb diktator\u00ebt. Mao Ce Duni, n\u00eb tamam n\u00eb mosh\u00ebn e Sali Berish\u00ebs filloi t\u00eb dyshonte e t\u00eb shikonte \u00ebndrra me grupe pu\u00e7iste, me eliminime fizike pas shpine, me largime nga pushteti me dhun\u00eb prej grupesh terroriste. K\u00ebshtu u katandis edhe Stalini, i cili shpikte dhe ekzekutonte nga nj\u00eb \u201cgrup pu\u00e7ist\u201d n\u00eb jav\u00eb, duke arritur deri aty, sa prej k\u00ebsaj paranoje, futi dhunsh\u00ebm n\u00ebn kontroll t\u00eb gjith\u00eb pushtetet. K\u00ebshtu ndodhi edhe me diktatorin Ben Ali t\u00eb Tunizis\u00eb.<\/p>\n<p>Edhe ai sajonte armiq e \u201cpu\u00e7ist\u00eb\u201d kudo ku i thoshte truri dhe \u201chijet\u201d q\u00eb i vinin rrotull dit\u00ebn e nat\u00ebn, ose ku d\u00ebgjonte fjal\u00eb rrug\u00ebsh. K\u00ebshtu ndodhi dhe me Enver Hoxh\u00ebn, i cili fill pas s\u00ebmundjes mendore q\u00eb e zuri, nisi t\u00eb shpikte dhe t\u00eb ekzekutonte nga nj\u00eb grup armiq\u00ebsor \u00e7do 6 muaj, deri sa arriti n\u00eb at\u00eb shkarje mendore, sa m\u00eb t\u00eb, filluan t\u00eb talleshin ushtar\u00ebt e gard\u00ebs, lulishtar\u00ebt e pastruesit e sht\u00ebpis\u00eb. K\u00ebshtu po ndodh dhe me Sali Berish\u00ebn.<\/p>\n<p>I ka ikur mendja dhe po shpik \u201cgrupe pu\u00e7iste\u201d q\u00eb duan ta rr\u00ebzojn\u00eb nga kolltuku e ta eleminojn\u00eb fizikisht. Ende nuk ka p\u00ebrfunduar kjo aventur\u00eb \u00e7mendarake e tij, por sipas shenjave q\u00eb po jep, Sali Berisha nuk ka p\u00ebr t\u00eb vonuar dhe do t\u00eb d\u00ebgjojm\u00eb, q\u00eb ka zbuluar \u201cgrupe pu\u00e7iste\u201d e \u201cvras\u00ebs t\u00eb paguar\u201d edhe n\u00eb kop\u00ebshte e \u00e7erdh f\u00ebmij\u00ebsh, apo brenda rradh\u00ebve t\u00eb fshesaxhinj\u00ebve t\u00eb nat\u00ebs.<\/p>\n<p>Dil nga \u201ckulla e ngujimit\u201d, kanuni e ndalon vrasjen e t\u00eb \u00e7mendurit dhe t\u00eb ligut<\/p>\n<p>Q\u00eb shqiptar\u00ebt e urrejn\u00eb \u201clebrozin\u201d Sali Berisha edhe si njeri edhe si kryeminist\u00ebr, kjo dihet tashm\u00eb, mbasi politikat e tij n\u00eb k\u00ebto 20 vjet, kan\u00eb q\u00ebn\u00eb e kan\u00eb funksionuar si politika regresive p\u00ebr vendin dhe shkat\u00ebrimtare p\u00ebr jet\u00ebn e shqiptar\u00ebve. Pasi e ka kuptuar, se deri n\u00eb \u00e7far\u00eb mase e ka tep\u00ebruar zullumin, kryeministri Berisha po p\u00ebrjeton ankthin e \u201cp\u00ebrz\u00ebnies nga Shqip\u00ebria\u201d dhe t\u00eb \u201celeminimit fizik\u201d. N\u00eb fakt, gjith\u00eb diktator\u00ebt dhe hajdutit e pasurive komb\u00ebtare, ose i mbathin me valixhet me flori e dollar\u00eb, ose t\u00ebrhiqen zvarr\u00eb nga populli deri sa \u201cu del qum\u00ebshti i n\u00ebn\u00ebs\u201d.<\/p>\n<p>I gjendur n\u00eb k\u00ebt\u00eb terren t\u00eb p\u00ebprgatitur vet, kryeministri Sali Berisha \u00ebsht\u00eb n\u00eb situat\u00eb t\u00eb r\u00ebnduar psikike dhe e vetmja gj\u00eb, q\u00eb v\u00eb n\u00eb l\u00ebvizje trurin e tij \u00ebsht\u00eb paranoja e \u201celeiminimit fizik\u201d. Duke p\u00ebrjetuar k\u00ebt\u00eb makth hijesh vras\u00ebsish n\u00eb \u00e7do cep rruge, maj\u00eb peme e dritare pallati, Sali Berisha \u00ebsht\u00eb izoluar m\u00eb banes\u00ebn e tij, duke e kthyer edhe shtpin\u00eb n\u00eb \u201ckryeministri. Edhe kur shkon n\u00eb zyr\u00ebn e qeveris\u00eb, l\u00ebviz i blinduar. Kat\u00ebr dit\u00eb m\u00eb par\u00eb, Sali Berisha mblodhi gjith\u00eb familjen kryeministrore dhe u fut n\u00eb \u201ckull\u00ebn e ngujimit\u201d, t\u00eb cil\u00ebn e ka rrethuar me polic\u00eb, me gardist\u00eb, me ushtar\u00eb, me tela me gjemba, me postoblloqe hekur-betoni.<\/p>\n<p><em>Planet e \u201cpu\u00e7ist\u00ebve\u201d, zbuluar prej Sali Berish\u00ebs sipas g\u00ebrmave t\u00eb alfabetit<\/em><\/p>\n<p>Plani \u201cA\u201d \u2013 Armatimi p\u00ebr st\u00ebrvitjen e terrorist\u00ebve komunist\u00eb<br \/>\nPlani \u201cB\u201d \u2013 Bashk\u00ebpunimi \u201cpu\u00e7ist\u00ebve\u201d Rama-Gjinushi-Ru\u00e7i<br \/>\nPlani \u201cC\u201d \u2013 Bombat \u201cC-4\u201d p\u00ebr shp\u00ebrthimin e zyr\u00ebs s\u00eb kryeminsitrit<br \/>\nPlani \u201c\u00c7\u201d \u2013 \u00c7adrat, shkopinj\u00eb, thikat me helm dhe stilolapsat pistolet\u00eb<br \/>\nPlani \u201cD\u201d \u2013 Dinamit i d\u00ebrguar n\u00eb kryeministri me makin\u00eb kamikaze<br \/>\nPlani \u201cDH\u201d \u2013 Dhunimi i Flamurit Komb\u00ebtar<br \/>\nPlani \u201cE\u201d \u2013 Element\u00ebt e p\u00ebrzgjedhur p\u00ebr sulmin e par\u00eb<br \/>\nPlani \u201c\u00cb\u201d \u2013 Endrra e Edi Ram\u00ebs p\u00ebr t\u2019u b\u00ebr\u00eb kryeminist\u00ebr<br \/>\nPlani \u201cF\u201d \u2013 Falangat e bandave t\u00eb krimit t\u00eb organizuar<br \/>\nPlani \u201cG\u201d \u2013 Gur\u00ebt p\u00ebr goditjen e policis\u00eb<br \/>\nPlani \u201cGJ\u201d \u2013 Gjuajta e kryeministris\u00eb me arm\u00eb<br \/>\nPlani \u201cH\u201d \u2013 Tre heronjt\u00eb q\u00eb duhet t\u00eb vriteshin prej pu\u00e7ist\u00ebve<br \/>\nPlani \u201cI\u201d \u2013 Irritimi i \u201ckok\u00ebpalar\u00ebve\u201d me krismat nga brenda turm\u00ebs<br \/>\nPlani \u201cJ\u201d \u2013 Junta q\u00eb donte t\u00eb vendoste Rama-Gjinushi-Ru\u00e7i<br \/>\nPlani \u201cK\u201d \u2013 Kullat binjeke, si bunker i fshehjes s\u00eb pu\u00e7ist\u00ebve<br \/>\nPlani \u201cL\u201d \u2013 Largimi i qeveris\u00eb nga pushteti<br \/>\nPlani \u201cLL\u201d \u2013 Llastiqet q\u00eb do p\u00ebrdoreshin p\u00ebr thyerjen e xhamave<br \/>\nPlani \u201cM\u201d \u2013 Marrja e Selis\u00eb s\u00eb Kuvendit<br \/>\nPlani \u201cN\u201d \u2013 Ndarja e posteve ministrore mes pu\u00e7ist\u00ebve<br \/>\nPlani \u201cNJ\u201d \u2013 Njollosja e arritjeve t\u00eb qeveris\u00eb n\u00eb syt\u00eb e bot\u00ebs<br \/>\nPlani \u201cO\u201d \u2013 Organizimi i protest\u00ebs sipas skem\u00ebs mafioze opozitare<br \/>\nPlani \u201cP\u201d \u2013 Pushtimi me dhun\u00eb i ministrive<br \/>\nPlani \u201cQ\u201d \u2013 Q\u00ebndrimi i terrorist\u00ebve me duar n\u00eb xhepa, sikur nuk kishin arm\u00eb<br \/>\nPlani \u201cR\u201d \u2013 Revolucioni komunisto-pu\u00e7ist si n\u00eb vitin 1924<br \/>\nPlani \u201cRR\u201d \u2013 Rr\u00ebmbimi i dokumenteve sekrete t\u00eb kryeministrit<br \/>\nPlani \u201cS\u201d \u2013 Strehimi n\u00eb kullat binjake i krminel\u00ebve n\u00eb rast d\u00ebshtimi<br \/>\nPlani \u201cSH\u201d \u2013 Shkat\u00ebrrimi i bulevardit nga shkulja e pllakave<br \/>\nPlani \u201cT\u201d- Tronditja psikologjike e popullit prej dhun\u00ebs<br \/>\nPlani \u201cTH\u201d \u2013 Thyerja e port\u00ebs s\u00eb kryeministris\u00eb<br \/>\nPlani \u201cU\u201d \u2013 Ul\u00ebrimat e pu\u00e7ist\u00ebve mbi kangjella<br \/>\nPlani \u201cV\u201d \u2013 Vendosja e Spartak Ngjel\u00ebs, si minist\u00ebr drejt\u00ebsie<br \/>\nPlani \u201cX\u201d \u2013 \u201cKod\u201d sekret p\u00ebr lidhjet mes krer\u00ebve pu\u00e7ist\u00ebve<br \/>\nPlani \u201cXH\u201d \u2013 Xhirroja e fitores s\u00eb pu\u00e7ist\u00ebve n\u00eb qend\u00ebr t\u00eb Tiran\u00ebs<br \/>\nPlani \u201cY\u201d \u2013 Ylli komunist do t\u00eb vendosej mbi nd\u00ebrtes\u00ebn e qeveris\u00eb<br \/>\nPlani \u201cZ\u201d \u2013 Zjarrvenie e kryeminsitris\u00eb<br \/>\nPlani \u201cZH\u201d \u2013 Zhdukja me eleminim fizik e Sali Berish\u00ebs n\u00ebn drejtimin e Bamir Topit<\/p>\n","protected":false},"excerpt":{"rendered":"<p>Nga Kledian Lula N\u00ebse deri n\u00eb qershor 2009, kishim kuptuar gjith\u00eb lig\u00ebsit\u00eb e Sali Berish\u00ebs n\u00eb jet\u00ebn politike, qeveris\u00ebse e shoq\u00ebrore, duhej demonstrata popullore e 21 janarit 2011, q\u00eb t\u00eb konfirmonte p\u00ebrfundimisht, se paskemi p\u00ebr kryeminist\u00ebr nj\u00eb individ t\u00eb s\u00ebmur\u00eb, me simptoma t\u00eb r\u00ebnda e manifestuese n\u00eb sistemin q\u00ebndror nervor (truri i vog\u00ebl). Gjith\u00eb veprimet [&hellip;]<\/p>\n","protected":false},"author":1,"featured_media":0,"comment_status":"open","ping_status":"closed","sticky":false,"template":"","format":"standard","meta":{"footnotes":""},"categories":[2],"tags":[],"class_list":{"0":"post-6105","1":"post","2":"type-post","3":"status-publish","4":"format-standard","6":"category-artikuj"},"yoast_head":"<!-- This site is optimized with the Yoast SEO plugin v27.4 - https:\/\/yoast.com\/product\/yoast-seo-wordpress\/ -->\n<title>Mos u tremb zoti kryeminist\u00ebr, i \u00e7menduri dhe i ligu nuk vriten as p\u00ebr gjak - FjALA e LIR\u00cb - Arkivi<\/title>\n<meta name=\"robots\" content=\"index, follow, max-snippet:-1, max-image-preview:large, max-video-preview:-1\" \/>\n<link rel=\"canonical\" href=\"https:\/\/fjala.info\/2009-2015\/mos-u-tremb-zoti-kryeminister-i-cmenduri-dhe-i-ligu-nuk-vriten-as-per-gjak\/\" \/>\n<meta property=\"og:locale\" content=\"sq_AL\" \/>\n<meta property=\"og:type\" content=\"article\" \/>\n<meta property=\"og:title\" content=\"Mos u tremb zoti kryeminist\u00ebr, i \u00e7menduri dhe i ligu nuk vriten as p\u00ebr gjak - FjALA e LIR\u00cb - Arkivi\" \/>\n<meta property=\"og:description\" content=\"Nga Kledian Lula N\u00ebse deri n\u00eb qershor 2009, kishim kuptuar gjith\u00eb lig\u00ebsit\u00eb e Sali Berish\u00ebs n\u00eb jet\u00ebn politike, qeveris\u00ebse e shoq\u00ebrore, duhej demonstrata popullore e 21 janarit 2011, q\u00eb t\u00eb konfirmonte p\u00ebrfundimisht, se paskemi p\u00ebr kryeminist\u00ebr nj\u00eb individ t\u00eb s\u00ebmur\u00eb, me simptoma t\u00eb r\u00ebnda e manifestuese n\u00eb sistemin q\u00ebndror nervor (truri i vog\u00ebl). Gjith\u00eb veprimet [&hellip;]\" \/>\n<meta property=\"og:url\" content=\"https:\/\/fjala.info\/2009-2015\/mos-u-tremb-zoti-kryeminister-i-cmenduri-dhe-i-ligu-nuk-vriten-as-per-gjak\/\" \/>\n<meta property=\"og:site_name\" content=\"FjALA e LIR\u00cb - Arkivi\" \/>\n<meta property=\"article:published_time\" content=\"2011-02-02T00:07:17+00:00\" \/>\n<meta property=\"og:image\" content=\"http:\/\/fjala.shkoder.net\/wp-content\/uploads\/2011\/02\/berisha_cmendur.jpg\" \/>\n<meta name=\"author\" content=\"admin\" \/>\n<meta name=\"twitter:card\" content=\"summary_large_image\" \/>\n<meta name=\"twitter:label1\" content=\"Written by\" \/>\n\t<meta name=\"twitter:data1\" content=\"admin\" \/>\n\t<meta name=\"twitter:label2\" content=\"Est. reading time\" \/>\n\t<meta name=\"twitter:data2\" content=\"9 minutes\" \/>\n<script type=\"application\/ld+json\" class=\"yoast-schema-graph\">{\"@context\":\"https:\\\/\\\/schema.org\",\"@graph\":[{\"@type\":\"Article\",\"@id\":\"https:\\\/\\\/fjala.info\\\/2009-2015\\\/mos-u-tremb-zoti-kryeminister-i-cmenduri-dhe-i-ligu-nuk-vriten-as-per-gjak\\\/#article\",\"isPartOf\":{\"@id\":\"https:\\\/\\\/fjala.info\\\/2009-2015\\\/mos-u-tremb-zoti-kryeminister-i-cmenduri-dhe-i-ligu-nuk-vriten-as-per-gjak\\\/\"},\"author\":{\"name\":\"admin\",\"@id\":\"https:\\\/\\\/fjala.info\\\/2009-2015\\\/#\\\/schema\\\/person\\\/3aa1163ef05469c496fc94e77611ada2\"},\"headline\":\"Mos u tremb zoti kryeminist\u00ebr, i \u00e7menduri dhe i ligu nuk vriten as p\u00ebr gjak\",\"datePublished\":\"2011-02-02T00:07:17+00:00\",\"mainEntityOfPage\":{\"@id\":\"https:\\\/\\\/fjala.info\\\/2009-2015\\\/mos-u-tremb-zoti-kryeminister-i-cmenduri-dhe-i-ligu-nuk-vriten-as-per-gjak\\\/\"},\"wordCount\":1793,\"commentCount\":0,\"publisher\":{\"@id\":\"https:\\\/\\\/fjala.info\\\/2009-2015\\\/#organization\"},\"image\":{\"@id\":\"https:\\\/\\\/fjala.info\\\/2009-2015\\\/mos-u-tremb-zoti-kryeminister-i-cmenduri-dhe-i-ligu-nuk-vriten-as-per-gjak\\\/#primaryimage\"},\"thumbnailUrl\":\"http:\\\/\\\/fjala.shkoder.net\\\/wp-content\\\/uploads\\\/2011\\\/02\\\/berisha_cmendur.jpg\",\"articleSection\":[\"Artikuj\"],\"inLanguage\":\"sq-AL\",\"potentialAction\":[{\"@type\":\"CommentAction\",\"name\":\"Comment\",\"target\":[\"https:\\\/\\\/fjala.info\\\/2009-2015\\\/mos-u-tremb-zoti-kryeminister-i-cmenduri-dhe-i-ligu-nuk-vriten-as-per-gjak\\\/#respond\"]}]},{\"@type\":\"WebPage\",\"@id\":\"https:\\\/\\\/fjala.info\\\/2009-2015\\\/mos-u-tremb-zoti-kryeminister-i-cmenduri-dhe-i-ligu-nuk-vriten-as-per-gjak\\\/\",\"url\":\"https:\\\/\\\/fjala.info\\\/2009-2015\\\/mos-u-tremb-zoti-kryeminister-i-cmenduri-dhe-i-ligu-nuk-vriten-as-per-gjak\\\/\",\"name\":\"Mos u tremb zoti kryeminist\u00ebr, i \u00e7menduri dhe i ligu nuk vriten as p\u00ebr gjak - FjALA e LIR\u00cb - Arkivi\",\"isPartOf\":{\"@id\":\"https:\\\/\\\/fjala.info\\\/2009-2015\\\/#website\"},\"primaryImageOfPage\":{\"@id\":\"https:\\\/\\\/fjala.info\\\/2009-2015\\\/mos-u-tremb-zoti-kryeminister-i-cmenduri-dhe-i-ligu-nuk-vriten-as-per-gjak\\\/#primaryimage\"},\"image\":{\"@id\":\"https:\\\/\\\/fjala.info\\\/2009-2015\\\/mos-u-tremb-zoti-kryeminister-i-cmenduri-dhe-i-ligu-nuk-vriten-as-per-gjak\\\/#primaryimage\"},\"thumbnailUrl\":\"http:\\\/\\\/fjala.shkoder.net\\\/wp-content\\\/uploads\\\/2011\\\/02\\\/berisha_cmendur.jpg\",\"datePublished\":\"2011-02-02T00:07:17+00:00\",\"breadcrumb\":{\"@id\":\"https:\\\/\\\/fjala.info\\\/2009-2015\\\/mos-u-tremb-zoti-kryeminister-i-cmenduri-dhe-i-ligu-nuk-vriten-as-per-gjak\\\/#breadcrumb\"},\"inLanguage\":\"sq-AL\",\"potentialAction\":[{\"@type\":\"ReadAction\",\"target\":[\"https:\\\/\\\/fjala.info\\\/2009-2015\\\/mos-u-tremb-zoti-kryeminister-i-cmenduri-dhe-i-ligu-nuk-vriten-as-per-gjak\\\/\"]}]},{\"@type\":\"ImageObject\",\"inLanguage\":\"sq-AL\",\"@id\":\"https:\\\/\\\/fjala.info\\\/2009-2015\\\/mos-u-tremb-zoti-kryeminister-i-cmenduri-dhe-i-ligu-nuk-vriten-as-per-gjak\\\/#primaryimage\",\"url\":\"http:\\\/\\\/fjala.shkoder.net\\\/wp-content\\\/uploads\\\/2011\\\/02\\\/berisha_cmendur.jpg\",\"contentUrl\":\"http:\\\/\\\/fjala.shkoder.net\\\/wp-content\\\/uploads\\\/2011\\\/02\\\/berisha_cmendur.jpg\"},{\"@type\":\"BreadcrumbList\",\"@id\":\"https:\\\/\\\/fjala.info\\\/2009-2015\\\/mos-u-tremb-zoti-kryeminister-i-cmenduri-dhe-i-ligu-nuk-vriten-as-per-gjak\\\/#breadcrumb\",\"itemListElement\":[{\"@type\":\"ListItem\",\"position\":1,\"name\":\"Home\",\"item\":\"https:\\\/\\\/fjala.info\\\/2009-2015\\\/\"},{\"@type\":\"ListItem\",\"position\":2,\"name\":\"Mos u tremb zoti kryeminist\u00ebr, i \u00e7menduri dhe i ligu nuk vriten as p\u00ebr gjak\"}]},{\"@type\":\"WebSite\",\"@id\":\"https:\\\/\\\/fjala.info\\\/2009-2015\\\/#website\",\"url\":\"https:\\\/\\\/fjala.info\\\/2009-2015\\\/\",\"name\":\"FjALA e LIR\u00cb - Arkivi\",\"description\":\"Arkivi 2009-2015\",\"publisher\":{\"@id\":\"https:\\\/\\\/fjala.info\\\/2009-2015\\\/#organization\"},\"potentialAction\":[{\"@type\":\"SearchAction\",\"target\":{\"@type\":\"EntryPoint\",\"urlTemplate\":\"https:\\\/\\\/fjala.info\\\/2009-2015\\\/?s={search_term_string}\"},\"query-input\":{\"@type\":\"PropertyValueSpecification\",\"valueRequired\":true,\"valueName\":\"search_term_string\"}}],\"inLanguage\":\"sq-AL\"},{\"@type\":\"Organization\",\"@id\":\"https:\\\/\\\/fjala.info\\\/2009-2015\\\/#organization\",\"name\":\"FjALA e LIR\u00cb - Arkivi\",\"url\":\"https:\\\/\\\/fjala.info\\\/2009-2015\\\/\",\"logo\":{\"@type\":\"ImageObject\",\"inLanguage\":\"sq-AL\",\"@id\":\"https:\\\/\\\/fjala.info\\\/2009-2015\\\/#\\\/schema\\\/logo\\\/image\\\/\",\"url\":\"\",\"contentUrl\":\"\",\"caption\":\"FjALA e LIR\u00cb - Arkivi\"},\"image\":{\"@id\":\"https:\\\/\\\/fjala.info\\\/2009-2015\\\/#\\\/schema\\\/logo\\\/image\\\/\"}},{\"@type\":\"Person\",\"@id\":\"https:\\\/\\\/fjala.info\\\/2009-2015\\\/#\\\/schema\\\/person\\\/3aa1163ef05469c496fc94e77611ada2\",\"name\":\"admin\",\"image\":{\"@type\":\"ImageObject\",\"inLanguage\":\"sq-AL\",\"@id\":\"https:\\\/\\\/fjala.info\\\/2009-2015\\\/wp-content\\\/uploads\\\/2012\\\/02\\\/arben_cokaj-120x150.jpg\",\"url\":\"https:\\\/\\\/fjala.info\\\/2009-2015\\\/wp-content\\\/uploads\\\/2012\\\/02\\\/arben_cokaj-120x150.jpg\",\"contentUrl\":\"https:\\\/\\\/fjala.info\\\/2009-2015\\\/wp-content\\\/uploads\\\/2012\\\/02\\\/arben_cokaj-120x150.jpg\",\"caption\":\"admin\"},\"description\":\"Admin, Fjala e Lir\u00eb\",\"sameAs\":[\"https:\\\/\\\/fjala.info\\\/\"],\"url\":\"https:\\\/\\\/fjala.info\\\/2009-2015\\\/author\\\/admin\\\/\"}]}<\/script>\n<!-- \/ Yoast SEO plugin. -->","yoast_head_json":{"title":"Mos u tremb zoti kryeminist\u00ebr, i \u00e7menduri dhe i ligu nuk vriten as p\u00ebr gjak - FjALA e LIR\u00cb - Arkivi","robots":{"index":"index","follow":"follow","max-snippet":"max-snippet:-1","max-image-preview":"max-image-preview:large","max-video-preview":"max-video-preview:-1"},"canonical":"https:\/\/fjala.info\/2009-2015\/mos-u-tremb-zoti-kryeminister-i-cmenduri-dhe-i-ligu-nuk-vriten-as-per-gjak\/","og_locale":"sq_AL","og_type":"article","og_title":"Mos u tremb zoti kryeminist\u00ebr, i \u00e7menduri dhe i ligu nuk vriten as p\u00ebr gjak - FjALA e LIR\u00cb - Arkivi","og_description":"Nga Kledian Lula N\u00ebse deri n\u00eb qershor 2009, kishim kuptuar gjith\u00eb lig\u00ebsit\u00eb e Sali Berish\u00ebs n\u00eb jet\u00ebn politike, qeveris\u00ebse e shoq\u00ebrore, duhej demonstrata popullore e 21 janarit 2011, q\u00eb t\u00eb konfirmonte p\u00ebrfundimisht, se paskemi p\u00ebr kryeminist\u00ebr nj\u00eb individ t\u00eb s\u00ebmur\u00eb, me simptoma t\u00eb r\u00ebnda e manifestuese n\u00eb sistemin q\u00ebndror nervor (truri i vog\u00ebl). Gjith\u00eb veprimet [&hellip;]","og_url":"https:\/\/fjala.info\/2009-2015\/mos-u-tremb-zoti-kryeminister-i-cmenduri-dhe-i-ligu-nuk-vriten-as-per-gjak\/","og_site_name":"FjALA e LIR\u00cb - Arkivi","article_published_time":"2011-02-02T00:07:17+00:00","og_image":[{"url":"http:\/\/fjala.shkoder.net\/wp-content\/uploads\/2011\/02\/berisha_cmendur.jpg","type":"","width":"","height":""}],"author":"admin","twitter_card":"summary_large_image","twitter_misc":{"Written by":"admin","Est. reading time":"9 minutes"},"schema":{"@context":"https:\/\/schema.org","@graph":[{"@type":"Article","@id":"https:\/\/fjala.info\/2009-2015\/mos-u-tremb-zoti-kryeminister-i-cmenduri-dhe-i-ligu-nuk-vriten-as-per-gjak\/#article","isPartOf":{"@id":"https:\/\/fjala.info\/2009-2015\/mos-u-tremb-zoti-kryeminister-i-cmenduri-dhe-i-ligu-nuk-vriten-as-per-gjak\/"},"author":{"name":"admin","@id":"https:\/\/fjala.info\/2009-2015\/#\/schema\/person\/3aa1163ef05469c496fc94e77611ada2"},"headline":"Mos u tremb zoti kryeminist\u00ebr, i \u00e7menduri dhe i ligu nuk vriten as p\u00ebr gjak","datePublished":"2011-02-02T00:07:17+00:00","mainEntityOfPage":{"@id":"https:\/\/fjala.info\/2009-2015\/mos-u-tremb-zoti-kryeminister-i-cmenduri-dhe-i-ligu-nuk-vriten-as-per-gjak\/"},"wordCount":1793,"commentCount":0,"publisher":{"@id":"https:\/\/fjala.info\/2009-2015\/#organization"},"image":{"@id":"https:\/\/fjala.info\/2009-2015\/mos-u-tremb-zoti-kryeminister-i-cmenduri-dhe-i-ligu-nuk-vriten-as-per-gjak\/#primaryimage"},"thumbnailUrl":"http:\/\/fjala.shkoder.net\/wp-content\/uploads\/2011\/02\/berisha_cmendur.jpg","articleSection":["Artikuj"],"inLanguage":"sq-AL","potentialAction":[{"@type":"CommentAction","name":"Comment","target":["https:\/\/fjala.info\/2009-2015\/mos-u-tremb-zoti-kryeminister-i-cmenduri-dhe-i-ligu-nuk-vriten-as-per-gjak\/#respond"]}]},{"@type":"WebPage","@id":"https:\/\/fjala.info\/2009-2015\/mos-u-tremb-zoti-kryeminister-i-cmenduri-dhe-i-ligu-nuk-vriten-as-per-gjak\/","url":"https:\/\/fjala.info\/2009-2015\/mos-u-tremb-zoti-kryeminister-i-cmenduri-dhe-i-ligu-nuk-vriten-as-per-gjak\/","name":"Mos u tremb zoti kryeminist\u00ebr, i \u00e7menduri dhe i ligu nuk vriten as p\u00ebr gjak - FjALA e LIR\u00cb - Arkivi","isPartOf":{"@id":"https:\/\/fjala.info\/2009-2015\/#website"},"primaryImageOfPage":{"@id":"https:\/\/fjala.info\/2009-2015\/mos-u-tremb-zoti-kryeminister-i-cmenduri-dhe-i-ligu-nuk-vriten-as-per-gjak\/#primaryimage"},"image":{"@id":"https:\/\/fjala.info\/2009-2015\/mos-u-tremb-zoti-kryeminister-i-cmenduri-dhe-i-ligu-nuk-vriten-as-per-gjak\/#primaryimage"},"thumbnailUrl":"http:\/\/fjala.shkoder.net\/wp-content\/uploads\/2011\/02\/berisha_cmendur.jpg","datePublished":"2011-02-02T00:07:17+00:00","breadcrumb":{"@id":"https:\/\/fjala.info\/2009-2015\/mos-u-tremb-zoti-kryeminister-i-cmenduri-dhe-i-ligu-nuk-vriten-as-per-gjak\/#breadcrumb"},"inLanguage":"sq-AL","potentialAction":[{"@type":"ReadAction","target":["https:\/\/fjala.info\/2009-2015\/mos-u-tremb-zoti-kryeminister-i-cmenduri-dhe-i-ligu-nuk-vriten-as-per-gjak\/"]}]},{"@type":"ImageObject","inLanguage":"sq-AL","@id":"https:\/\/fjala.info\/2009-2015\/mos-u-tremb-zoti-kryeminister-i-cmenduri-dhe-i-ligu-nuk-vriten-as-per-gjak\/#primaryimage","url":"http:\/\/fjala.shkoder.net\/wp-content\/uploads\/2011\/02\/berisha_cmendur.jpg","contentUrl":"http:\/\/fjala.shkoder.net\/wp-content\/uploads\/2011\/02\/berisha_cmendur.jpg"},{"@type":"BreadcrumbList","@id":"https:\/\/fjala.info\/2009-2015\/mos-u-tremb-zoti-kryeminister-i-cmenduri-dhe-i-ligu-nuk-vriten-as-per-gjak\/#breadcrumb","itemListElement":[{"@type":"ListItem","position":1,"name":"Home","item":"https:\/\/fjala.info\/2009-2015\/"},{"@type":"ListItem","position":2,"name":"Mos u tremb zoti kryeminist\u00ebr, i \u00e7menduri dhe i ligu nuk vriten as p\u00ebr gjak"}]},{"@type":"WebSite","@id":"https:\/\/fjala.info\/2009-2015\/#website","url":"https:\/\/fjala.info\/2009-2015\/","name":"FjALA e LIR\u00cb - Arkivi","description":"Arkivi 2009-2015","publisher":{"@id":"https:\/\/fjala.info\/2009-2015\/#organization"},"potentialAction":[{"@type":"SearchAction","target":{"@type":"EntryPoint","urlTemplate":"https:\/\/fjala.info\/2009-2015\/?s={search_term_string}"},"query-input":{"@type":"PropertyValueSpecification","valueRequired":true,"valueName":"search_term_string"}}],"inLanguage":"sq-AL"},{"@type":"Organization","@id":"https:\/\/fjala.info\/2009-2015\/#organization","name":"FjALA e LIR\u00cb - Arkivi","url":"https:\/\/fjala.info\/2009-2015\/","logo":{"@type":"ImageObject","inLanguage":"sq-AL","@id":"https:\/\/fjala.info\/2009-2015\/#\/schema\/logo\/image\/","url":"","contentUrl":"","caption":"FjALA e LIR\u00cb - Arkivi"},"image":{"@id":"https:\/\/fjala.info\/2009-2015\/#\/schema\/logo\/image\/"}},{"@type":"Person","@id":"https:\/\/fjala.info\/2009-2015\/#\/schema\/person\/3aa1163ef05469c496fc94e77611ada2","name":"admin","image":{"@type":"ImageObject","inLanguage":"sq-AL","@id":"https:\/\/fjala.info\/2009-2015\/wp-content\/uploads\/2012\/02\/arben_cokaj-120x150.jpg","url":"https:\/\/fjala.info\/2009-2015\/wp-content\/uploads\/2012\/02\/arben_cokaj-120x150.jpg","contentUrl":"https:\/\/fjala.info\/2009-2015\/wp-content\/uploads\/2012\/02\/arben_cokaj-120x150.jpg","caption":"admin"},"description":"Admin, Fjala e Lir\u00eb","sameAs":["https:\/\/fjala.info\/"],"url":"https:\/\/fjala.info\/2009-2015\/author\/admin\/"}]}},"_links":{"self":[{"href":"https:\/\/fjala.info\/2009-2015\/wp-json\/wp\/v2\/posts\/6105","targetHints":{"allow":["GET"]}}],"collection":[{"href":"https:\/\/fjala.info\/2009-2015\/wp-json\/wp\/v2\/posts"}],"about":[{"href":"https:\/\/fjala.info\/2009-2015\/wp-json\/wp\/v2\/types\/post"}],"author":[{"embeddable":true,"href":"https:\/\/fjala.info\/2009-2015\/wp-json\/wp\/v2\/users\/1"}],"replies":[{"embeddable":true,"href":"https:\/\/fjala.info\/2009-2015\/wp-json\/wp\/v2\/comments?post=6105"}],"version-history":[{"count":0,"href":"https:\/\/fjala.info\/2009-2015\/wp-json\/wp\/v2\/posts\/6105\/revisions"}],"wp:attachment":[{"href":"https:\/\/fjala.info\/2009-2015\/wp-json\/wp\/v2\/media?parent=6105"}],"wp:term":[{"taxonomy":"category","embeddable":true,"href":"https:\/\/fjala.info\/2009-2015\/wp-json\/wp\/v2\/categories?post=6105"},{"taxonomy":"post_tag","embeddable":true,"href":"https:\/\/fjala.info\/2009-2015\/wp-json\/wp\/v2\/tags?post=6105"}],"curies":[{"name":"wp","href":"https:\/\/api.w.org\/{rel}","templated":true}]}}