{"id":6103,"date":"2011-02-02T00:00:04","date_gmt":"2011-02-01T23:00:04","guid":{"rendered":"http:\/\/fjala.shkoder.net\/?p=6103"},"modified":"2011-02-02T00:00:04","modified_gmt":"2011-02-01T23:00:04","slug":"tre-te-vrare-dhe-tre-pushtete-te-vdekur","status":"publish","type":"post","link":"https:\/\/fjala.info\/2009-2015\/tre-te-vrare-dhe-tre-pushtete-te-vdekur\/","title":{"rendered":"Tre t\u00eb vrar\u00eb dhe tre pushtete t\u00eb vdekur"},"content":{"rendered":"<p><img loading=\"lazy\" decoding=\"async\" class=\"alignright size-full wp-image-4090\" title=\"Mero Baze\" src=\"http:\/\/fjala.shkoder.net\/wp-content\/uploads\/2010\/10\/mero_baze1.jpg\" alt=\"\" width=\"149\" height=\"200\" \/><br \/>\nNga <strong>Mero Baze<\/strong><\/p>\n<p>Pas vrasjes s\u00eb tre qytetar\u00ebve, Sali Berisha kishte vet\u00ebm nj\u00eb m\u00ebnyr\u00eb t\u00eb tejkalonte ekstremizmin e kriz\u00ebs politike, t\u00eb b\u00ebnte aleanc\u00eb me gjith\u00eb pushtetet n\u00eb vend dhe pas k\u00ebsaj t\u00eb arrinte t\u00eb bindte opozit\u00ebn s\u00eb bashk\u00eb me k\u00ebto pushtete t\u00eb uleshin n\u00eb bisedime p\u00ebr t\u2019i dh\u00ebn\u00eb fund ndarjes s\u00eb thell\u00eb politike n\u00eb vend dhe respektit p\u00ebr qytetar\u00ebt e vrar\u00eb. Megjith\u00ebse do t\u00eb ishte pak e v\u00ebshtir\u00eb, por f\u00ebmijet e Ziverit, Faikut apo Hekuranit do t\u00eb ndjeheshin m\u00eb t\u00eb qet\u00eb p\u00ebr ikjen e prind\u00ebrve t\u00eb tyre kur t\u00eb shikonin n\u00eb ekran Sali Berish\u00ebn apo Lul\u00ebzim Bash\u00ebn. Do t\u00eb ndjeheshin m\u00eb t\u00eb respektuar dhe m\u00eb t\u00eb vler\u00ebsuar p\u00ebr jet\u00ebn e humbur t\u00eb prind\u00ebrve t\u00eb tyre. Dhe natyrisht mund t\u00eb shmangnin at\u00eb q\u00eb duhej shmangur doemos n\u00eb k\u00ebt\u00eb vend, urrrejtjen q\u00eb lind nga krimi politik.<\/p>\n<p>Sali Berisha nuk e b\u00ebri k\u00ebt\u00eb. Duke e llogaritur vrasjen e tre qytetar\u00ebve si nj\u00eb skenar t\u00eb zakonsh\u00ebm, ai tentoi ta thjeshtonte skenarin duke akuzuar p\u00ebr vrasjet opozit\u00ebn dhe kur nuk arriti ta b\u00ebj\u00eb k\u00ebt\u00eb, n\u00eb vend q\u00eb t\u00eb k\u00ebrkonte aleat\u00eb p\u00ebr t\u00eb ulur gjakrat, u shpalli luft\u00eb gjith\u00eb institucioneve t\u00eb shtetit shqiptar, pushtetit t\u00eb Presidentit, pushtetit gjyq\u00ebsor dhe medies shqiptare. Edhe pse k\u00ebto tri pushtete respektojn\u00eb pavar\u00ebsin\u00eb e nj\u00ebri- tjetrit, sot t\u00eb tre k\u00ebto pushtete Sali Berisha i ka bashkuar n\u00eb m\u00ebnyr\u00eb t\u00eb dhunshme dhe artificiale kund\u00ebr tij. Nj\u00eb dit\u00eb m\u00eb par\u00eb Sali Berisha, dhe dje pasdite urdh\u00ebruesi administrativ i vrasjeve, Lul\u00ebzim Basha, d\u00ebshmuan para Komisionit poltik t\u00eb Pu\u00e7it, se jan\u00eb n\u00eb luft\u00eb me t\u00eb tre pushtetet e tjera n\u00eb Shqip\u00ebri.<\/p>\n<p>Tani t\u00eb gjitha thirrjet banale p\u00ebr zgjidhjen e kriz\u00ebs shqiptare duhet t\u00eb marrin doemos parasysh k\u00ebt\u00eb realitet. Ka shum\u00eb njer\u00ebz q\u00eb kritikojn\u00eb presidentin pse \u00ebsht\u00eb i but\u00eb dhe nuk i \u201ckthen pushk\u00eb\u201d Berish\u00ebs?! Do t\u00eb ishte absurde ta b\u00ebnte k\u00ebt\u00eb. Edhe kaq i heshtur sa \u00e7\u2019\u00ebsht\u00eb Presidenti, Berisha po e konsideron at\u00eb pu\u00e7ist. Ka shum\u00eb z\u00ebra q\u00eb thon\u00eb pse nuk vepron Ina Rama! Po kund\u00ebr kujt t\u00eb veproj\u00eb kryeprokurorja, kur perversiteti i kryeministrit arrin deri tek nd\u00ebrrimi i rojeve personale t\u00eb sa, p\u00ebr t\u00eb p\u00ebrgjuar dhe jet\u00ebn e saj private?<\/p>\n<p>Ka shum\u00eb z\u00ebra q\u00eb thon\u00eb p\u00ebrse nuk nd\u00ebrhyjn\u00eb nd\u00ebrkomb\u00ebtar\u00ebt? Po \u00e7\u2019u ka ngelur tjet\u00ebr t\u00eb b\u00ebjn\u00eb ata ve\u00e7se t\u00eb d\u00ebrgojn\u00eb forcat nd\u00ebrkomb\u00ebtare n\u00eb Shqip\u00ebri dhe ta izolojn\u00eb k\u00ebt\u00eb njeri. Ka shum\u00eb z\u00ebra q\u00eb thon\u00eb pse nuk reagon m\u00eb eg\u00ebr media. Po \u00e7\u2019t\u2019i b\u00ebj\u00eb m\u00eb media k\u00ebtij njeriu ve\u00e7 t\u00eb transmetoj\u00eb ato marr\u00ebzi q\u00eb ai vet\u00eb thot\u00eb pa pasur frik\u00eb m\u00eb as nga vetja e tij. Pra, jemi n\u00eb nj\u00eb situat\u00eb kur gjith\u00eb pushtetet e tjera mbi t\u00eb cilat mb\u00ebshtetet funksionimi i nj\u00eb republike normale jan\u00eb paralizuar, pasi ai u ka shpallur luft\u00eb p\u00ebr tu hequr t\u00eb drejt\u00ebn e funksionimit kundrejt tij.<\/p>\n<p>P\u00ebr t\u00eb mbuluar p\u00ebrgjegj\u00ebsin\u00eb q\u00eb ai ka p\u00ebr tre vrasjet n\u00eb bulevard, s\u00eb bashku me ekzekutuesin administrativ t\u00eb vrasjeve Lul\u00ebzim Basha, ai ka vdekur tre pushtete e tjera n\u00eb vend dhe e ka futur kriz\u00ebn shqiptare n\u00eb nj\u00eb spirale pa kthim.<\/p>\n<p>T\u00eb gjitha thirrjet q\u00eb vijn\u00eb nga Per\u00ebndimi p\u00ebr nj\u00eb ulje gjakrash dhe bisedime mes Ram\u00ebs dhe Berish\u00ebs jan\u00eb t\u00eb kota. N\u00eb nj\u00eb Republik\u00eb normale demokratike, do t\u00eb ishte super grusht shteti n\u00ebse sot Berisha dhe Rama merreshin vesh dhe pushtetet e tjera n\u00eb vend mbeteshin t\u00eb fyera dhe t\u00eb etiketuara si pu\u00e7iste. Kriza ka hyr\u00eb n\u00eb nj\u00eb spirale pa kthim, pasi as Presidenti Bamir Topi, as kryeprokurorja Ina Rama, as un\u00eb dhe koleg\u00ebt e mi gazetar\u00eb t\u00eb \u201csupervler\u00ebsuar\u201d si \u201cpu\u00e7ist\u00eb\u201d nuk kemi asnj\u00eb mekaniz\u00ebm ligjor t\u00eb v\u00ebm\u00eb nderin n\u00eb vend p\u00ebrball\u00eb k\u00ebtij horrori akuzash ve\u00e7se t\u2019i drejtohemi shoq\u00ebris\u00eb shqiptare p\u00ebr t\u00eb vot\u00ebbesuar ose tri pushtetet e asgj\u00ebsuara nga Sali Berisha, ose Sali Berish\u00ebn.<\/p>\n<p>\u00c7do p\u00ebrpjekje p\u00ebr ta thjesht\u00ebzuar kriz\u00ebn shqiptare si rivalitet Berisha- Rama \u00ebsht\u00eb nj\u00eb gabim i r\u00ebnd\u00eb dhe nj\u00eb loj\u00eb e ndyr\u00eb e Sali Berish\u00ebs. Kriza shqiptare \u00ebsht\u00eb kriz\u00eb mes Republik\u00ebs s\u00eb Sali Berish\u00ebs dhe Republik\u00ebs s\u00eb Shqip\u00ebris\u00eb dhe k\u00ebt\u00eb kriz\u00eb e zgjidh vet\u00ebm shoq\u00ebria shqiptare me zgjedhje t\u00eb lira dhe t\u00eb ndershme. Edhe n\u00ebse nes\u00ebr pajtohet Rama dhe Berisha dhe ndajn\u00eb pushtetin, ky vend nuk mund t\u00eb ringrihet n\u00ebse nuk nd\u00ebshkohet fyerja dhe posht\u00ebrimi q\u00eb ju b\u00eb presidentit t\u00eb Republik\u00ebs, kryeprokurores, kryetarit t\u00eb SHISH, medies dhe faktorit nd\u00ebrkomb\u00ebtar.<\/p>\n<p>N\u00ebse ne duhet t\u00eb jetojm\u00eb n\u00eb nj\u00eb republik\u00eb normale, ne duhet t\u00eb vot\u00ebbesojm\u00eb ose Republik\u00ebn e Shqip\u00ebris\u00eb, ose Republik\u00ebn e Sali Berish\u00ebs. N\u00ebse fiton opsioni i Republik\u00ebs normale t\u00eb Shqip\u00ebris\u00eb, jemi vend me fat. N\u00ebse shqiptar\u00ebt votojn\u00eb Sali Berish\u00ebn dhe \u00e7mendurin\u00eb e tij, at\u00ebher\u00eb t\u00eb gjitha k\u00ebto institucione bien dhe shikojn\u00eb fatin e tyre ndaras nga fati i shoq\u00ebris\u00eb shqiptare. Berisha e ka \u00e7uar aq larg luft\u00ebn dhe ndarjen sa \u00e7do formul\u00eb bisedimesh p\u00ebrve\u00e7 zgjedhjeve t\u00eb parakohshme nuk ofron asnj\u00eb zgjidhje p\u00ebr situat\u00ebn.<\/p>\n<p>M\u00eb mir\u00eb se kushdo tjet\u00ebr k\u00ebt\u00eb duket se e kishte kuptuar nj\u00eb nga emrat m\u00eb t\u00eb dashur p\u00ebr shqiptar\u00ebt n\u00eb Bashkimin Evropian, Tanja Fajon, e cila kishte gjetur dje gjuh\u00ebn e duhur diplomatike p\u00ebr ta p\u00ebrmendur si opsion. Por n\u00ebse ajo \u00ebsht\u00eb diplomate dhe k\u00ebrkon t\u00eb ruaj\u00eb statur\u00ebn e saj, ne t\u00eb akuzuarit p\u00ebr Pu\u00e7 kund\u00ebr Republik\u00ebs s\u00eb Sali Berish\u00ebs, nuk kemi asnj\u00eb opsion tjet\u00ebr p\u00ebr ta nxjerr vendin nga kriza, p\u00ebrve\u00e7se tu drejtohemi shqiptar\u00ebve p\u00ebr t\u00eb zgjedhur nj\u00eb nga dy republikat, at\u00eb t\u00eb Shqip\u00ebris\u00eb apo at\u00eb t\u00eb Sali Berish\u00ebs. Vet\u00ebm koshienca se ai njeri do t\u00eb hetoj\u00eb p\u00ebr tre qytetar\u00eb t\u00eb vrar\u00eb me vullnet t\u00eb plot\u00eb prej tij, b\u00ebri q\u00eb ai t\u2019i vinte zjarrin gjith\u00eb pushteteve t\u00eb tjera n\u00eb k\u00ebt\u00eb vend.<\/p>\n<p>Mos mendoni se makthi i vrasjes t\u00eb \u00e7liron aq leht\u00eb, sa ai t\u00eb ndjehet i qet\u00eb n\u00eb pjes\u00ebn e jet\u00ebs q\u00eb i ka mbetur. Ai do ta vuaj\u00eb derisa t\u00eb mbyll\u00eb syt\u00eb, faktin q\u00eb ka l\u00ebn\u00eb f\u00ebmij\u00ebt e Ziverit, Hekuranit dhe Faikut jetim p\u00ebr pushtetin e tij. Dhe Shqip\u00ebria nuk ka pse vuan makthin e tij. Ajo duhet t\u00eb zgjedh\u00eb.<\/p>\n","protected":false},"excerpt":{"rendered":"<p>Nga Mero Baze Pas vrasjes s\u00eb tre qytetar\u00ebve, Sali Berisha kishte vet\u00ebm nj\u00eb m\u00ebnyr\u00eb t\u00eb tejkalonte ekstremizmin e kriz\u00ebs politike, t\u00eb b\u00ebnte aleanc\u00eb me gjith\u00eb pushtetet n\u00eb vend dhe pas k\u00ebsaj t\u00eb arrinte t\u00eb bindte opozit\u00ebn s\u00eb bashk\u00eb me k\u00ebto pushtete t\u00eb uleshin n\u00eb bisedime p\u00ebr t\u2019i dh\u00ebn\u00eb fund ndarjes s\u00eb thell\u00eb politike n\u00eb vend [&hellip;]<\/p>\n","protected":false},"author":1,"featured_media":0,"comment_status":"open","ping_status":"closed","sticky":false,"template":"","format":"standard","meta":{"footnotes":""},"categories":[2],"tags":[],"class_list":{"0":"post-6103","1":"post","2":"type-post","3":"status-publish","4":"format-standard","6":"category-artikuj"},"yoast_head":"<!-- This site is optimized with the Yoast SEO plugin v27.4 - https:\/\/yoast.com\/product\/yoast-seo-wordpress\/ -->\n<title>Tre t\u00eb vrar\u00eb dhe tre pushtete t\u00eb vdekur - FjALA e LIR\u00cb - Arkivi<\/title>\n<meta name=\"robots\" content=\"index, follow, max-snippet:-1, max-image-preview:large, max-video-preview:-1\" \/>\n<link rel=\"canonical\" href=\"https:\/\/fjala.info\/2009-2015\/tre-te-vrare-dhe-tre-pushtete-te-vdekur\/\" \/>\n<meta property=\"og:locale\" content=\"sq_AL\" \/>\n<meta property=\"og:type\" content=\"article\" \/>\n<meta property=\"og:title\" content=\"Tre t\u00eb vrar\u00eb dhe tre pushtete t\u00eb vdekur - FjALA e LIR\u00cb - Arkivi\" \/>\n<meta property=\"og:description\" content=\"Nga Mero Baze Pas vrasjes s\u00eb tre qytetar\u00ebve, Sali Berisha kishte vet\u00ebm nj\u00eb m\u00ebnyr\u00eb t\u00eb tejkalonte ekstremizmin e kriz\u00ebs politike, t\u00eb b\u00ebnte aleanc\u00eb me gjith\u00eb pushtetet n\u00eb vend dhe pas k\u00ebsaj t\u00eb arrinte t\u00eb bindte opozit\u00ebn s\u00eb bashk\u00eb me k\u00ebto pushtete t\u00eb uleshin n\u00eb bisedime p\u00ebr t\u2019i dh\u00ebn\u00eb fund ndarjes s\u00eb thell\u00eb politike n\u00eb vend [&hellip;]\" \/>\n<meta property=\"og:url\" content=\"https:\/\/fjala.info\/2009-2015\/tre-te-vrare-dhe-tre-pushtete-te-vdekur\/\" \/>\n<meta property=\"og:site_name\" content=\"FjALA e LIR\u00cb - Arkivi\" \/>\n<meta property=\"article:published_time\" content=\"2011-02-01T23:00:04+00:00\" \/>\n<meta property=\"og:image\" content=\"http:\/\/fjala.shkoder.net\/wp-content\/uploads\/2010\/10\/mero_baze1.jpg\" \/>\n<meta name=\"author\" content=\"admin\" \/>\n<meta name=\"twitter:card\" content=\"summary_large_image\" \/>\n<meta name=\"twitter:label1\" content=\"Written by\" \/>\n\t<meta name=\"twitter:data1\" content=\"admin\" \/>\n\t<meta name=\"twitter:label2\" content=\"Est. reading time\" \/>\n\t<meta name=\"twitter:data2\" content=\"6 minutes\" \/>\n<script type=\"application\/ld+json\" class=\"yoast-schema-graph\">{\"@context\":\"https:\\\/\\\/schema.org\",\"@graph\":[{\"@type\":\"Article\",\"@id\":\"https:\\\/\\\/fjala.info\\\/2009-2015\\\/tre-te-vrare-dhe-tre-pushtete-te-vdekur\\\/#article\",\"isPartOf\":{\"@id\":\"https:\\\/\\\/fjala.info\\\/2009-2015\\\/tre-te-vrare-dhe-tre-pushtete-te-vdekur\\\/\"},\"author\":{\"name\":\"admin\",\"@id\":\"https:\\\/\\\/fjala.info\\\/2009-2015\\\/#\\\/schema\\\/person\\\/3aa1163ef05469c496fc94e77611ada2\"},\"headline\":\"Tre t\u00eb vrar\u00eb dhe tre pushtete t\u00eb vdekur\",\"datePublished\":\"2011-02-01T23:00:04+00:00\",\"mainEntityOfPage\":{\"@id\":\"https:\\\/\\\/fjala.info\\\/2009-2015\\\/tre-te-vrare-dhe-tre-pushtete-te-vdekur\\\/\"},\"wordCount\":1147,\"commentCount\":0,\"publisher\":{\"@id\":\"https:\\\/\\\/fjala.info\\\/2009-2015\\\/#organization\"},\"image\":{\"@id\":\"https:\\\/\\\/fjala.info\\\/2009-2015\\\/tre-te-vrare-dhe-tre-pushtete-te-vdekur\\\/#primaryimage\"},\"thumbnailUrl\":\"http:\\\/\\\/fjala.shkoder.net\\\/wp-content\\\/uploads\\\/2010\\\/10\\\/mero_baze1.jpg\",\"articleSection\":[\"Artikuj\"],\"inLanguage\":\"sq-AL\",\"potentialAction\":[{\"@type\":\"CommentAction\",\"name\":\"Comment\",\"target\":[\"https:\\\/\\\/fjala.info\\\/2009-2015\\\/tre-te-vrare-dhe-tre-pushtete-te-vdekur\\\/#respond\"]}]},{\"@type\":\"WebPage\",\"@id\":\"https:\\\/\\\/fjala.info\\\/2009-2015\\\/tre-te-vrare-dhe-tre-pushtete-te-vdekur\\\/\",\"url\":\"https:\\\/\\\/fjala.info\\\/2009-2015\\\/tre-te-vrare-dhe-tre-pushtete-te-vdekur\\\/\",\"name\":\"Tre t\u00eb vrar\u00eb dhe tre pushtete t\u00eb vdekur - FjALA e LIR\u00cb - Arkivi\",\"isPartOf\":{\"@id\":\"https:\\\/\\\/fjala.info\\\/2009-2015\\\/#website\"},\"primaryImageOfPage\":{\"@id\":\"https:\\\/\\\/fjala.info\\\/2009-2015\\\/tre-te-vrare-dhe-tre-pushtete-te-vdekur\\\/#primaryimage\"},\"image\":{\"@id\":\"https:\\\/\\\/fjala.info\\\/2009-2015\\\/tre-te-vrare-dhe-tre-pushtete-te-vdekur\\\/#primaryimage\"},\"thumbnailUrl\":\"http:\\\/\\\/fjala.shkoder.net\\\/wp-content\\\/uploads\\\/2010\\\/10\\\/mero_baze1.jpg\",\"datePublished\":\"2011-02-01T23:00:04+00:00\",\"breadcrumb\":{\"@id\":\"https:\\\/\\\/fjala.info\\\/2009-2015\\\/tre-te-vrare-dhe-tre-pushtete-te-vdekur\\\/#breadcrumb\"},\"inLanguage\":\"sq-AL\",\"potentialAction\":[{\"@type\":\"ReadAction\",\"target\":[\"https:\\\/\\\/fjala.info\\\/2009-2015\\\/tre-te-vrare-dhe-tre-pushtete-te-vdekur\\\/\"]}]},{\"@type\":\"ImageObject\",\"inLanguage\":\"sq-AL\",\"@id\":\"https:\\\/\\\/fjala.info\\\/2009-2015\\\/tre-te-vrare-dhe-tre-pushtete-te-vdekur\\\/#primaryimage\",\"url\":\"http:\\\/\\\/fjala.shkoder.net\\\/wp-content\\\/uploads\\\/2010\\\/10\\\/mero_baze1.jpg\",\"contentUrl\":\"http:\\\/\\\/fjala.shkoder.net\\\/wp-content\\\/uploads\\\/2010\\\/10\\\/mero_baze1.jpg\"},{\"@type\":\"BreadcrumbList\",\"@id\":\"https:\\\/\\\/fjala.info\\\/2009-2015\\\/tre-te-vrare-dhe-tre-pushtete-te-vdekur\\\/#breadcrumb\",\"itemListElement\":[{\"@type\":\"ListItem\",\"position\":1,\"name\":\"Home\",\"item\":\"https:\\\/\\\/fjala.info\\\/2009-2015\\\/\"},{\"@type\":\"ListItem\",\"position\":2,\"name\":\"Tre t\u00eb vrar\u00eb dhe tre pushtete t\u00eb vdekur\"}]},{\"@type\":\"WebSite\",\"@id\":\"https:\\\/\\\/fjala.info\\\/2009-2015\\\/#website\",\"url\":\"https:\\\/\\\/fjala.info\\\/2009-2015\\\/\",\"name\":\"FjALA e LIR\u00cb - Arkivi\",\"description\":\"Arkivi 2009-2015\",\"publisher\":{\"@id\":\"https:\\\/\\\/fjala.info\\\/2009-2015\\\/#organization\"},\"potentialAction\":[{\"@type\":\"SearchAction\",\"target\":{\"@type\":\"EntryPoint\",\"urlTemplate\":\"https:\\\/\\\/fjala.info\\\/2009-2015\\\/?s={search_term_string}\"},\"query-input\":{\"@type\":\"PropertyValueSpecification\",\"valueRequired\":true,\"valueName\":\"search_term_string\"}}],\"inLanguage\":\"sq-AL\"},{\"@type\":\"Organization\",\"@id\":\"https:\\\/\\\/fjala.info\\\/2009-2015\\\/#organization\",\"name\":\"FjALA e LIR\u00cb - Arkivi\",\"url\":\"https:\\\/\\\/fjala.info\\\/2009-2015\\\/\",\"logo\":{\"@type\":\"ImageObject\",\"inLanguage\":\"sq-AL\",\"@id\":\"https:\\\/\\\/fjala.info\\\/2009-2015\\\/#\\\/schema\\\/logo\\\/image\\\/\",\"url\":\"\",\"contentUrl\":\"\",\"caption\":\"FjALA e LIR\u00cb - Arkivi\"},\"image\":{\"@id\":\"https:\\\/\\\/fjala.info\\\/2009-2015\\\/#\\\/schema\\\/logo\\\/image\\\/\"}},{\"@type\":\"Person\",\"@id\":\"https:\\\/\\\/fjala.info\\\/2009-2015\\\/#\\\/schema\\\/person\\\/3aa1163ef05469c496fc94e77611ada2\",\"name\":\"admin\",\"image\":{\"@type\":\"ImageObject\",\"inLanguage\":\"sq-AL\",\"@id\":\"https:\\\/\\\/fjala.info\\\/2009-2015\\\/wp-content\\\/uploads\\\/2012\\\/02\\\/arben_cokaj-120x150.jpg\",\"url\":\"https:\\\/\\\/fjala.info\\\/2009-2015\\\/wp-content\\\/uploads\\\/2012\\\/02\\\/arben_cokaj-120x150.jpg\",\"contentUrl\":\"https:\\\/\\\/fjala.info\\\/2009-2015\\\/wp-content\\\/uploads\\\/2012\\\/02\\\/arben_cokaj-120x150.jpg\",\"caption\":\"admin\"},\"description\":\"Admin, Fjala e Lir\u00eb\",\"sameAs\":[\"https:\\\/\\\/fjala.info\\\/\"],\"url\":\"https:\\\/\\\/fjala.info\\\/2009-2015\\\/author\\\/admin\\\/\"}]}<\/script>\n<!-- \/ Yoast SEO plugin. -->","yoast_head_json":{"title":"Tre t\u00eb vrar\u00eb dhe tre pushtete t\u00eb vdekur - FjALA e LIR\u00cb - Arkivi","robots":{"index":"index","follow":"follow","max-snippet":"max-snippet:-1","max-image-preview":"max-image-preview:large","max-video-preview":"max-video-preview:-1"},"canonical":"https:\/\/fjala.info\/2009-2015\/tre-te-vrare-dhe-tre-pushtete-te-vdekur\/","og_locale":"sq_AL","og_type":"article","og_title":"Tre t\u00eb vrar\u00eb dhe tre pushtete t\u00eb vdekur - FjALA e LIR\u00cb - Arkivi","og_description":"Nga Mero Baze Pas vrasjes s\u00eb tre qytetar\u00ebve, Sali Berisha kishte vet\u00ebm nj\u00eb m\u00ebnyr\u00eb t\u00eb tejkalonte ekstremizmin e kriz\u00ebs politike, t\u00eb b\u00ebnte aleanc\u00eb me gjith\u00eb pushtetet n\u00eb vend dhe pas k\u00ebsaj t\u00eb arrinte t\u00eb bindte opozit\u00ebn s\u00eb bashk\u00eb me k\u00ebto pushtete t\u00eb uleshin n\u00eb bisedime p\u00ebr t\u2019i dh\u00ebn\u00eb fund ndarjes s\u00eb thell\u00eb politike n\u00eb vend [&hellip;]","og_url":"https:\/\/fjala.info\/2009-2015\/tre-te-vrare-dhe-tre-pushtete-te-vdekur\/","og_site_name":"FjALA e LIR\u00cb - Arkivi","article_published_time":"2011-02-01T23:00:04+00:00","og_image":[{"url":"http:\/\/fjala.shkoder.net\/wp-content\/uploads\/2010\/10\/mero_baze1.jpg","type":"","width":"","height":""}],"author":"admin","twitter_card":"summary_large_image","twitter_misc":{"Written by":"admin","Est. reading time":"6 minutes"},"schema":{"@context":"https:\/\/schema.org","@graph":[{"@type":"Article","@id":"https:\/\/fjala.info\/2009-2015\/tre-te-vrare-dhe-tre-pushtete-te-vdekur\/#article","isPartOf":{"@id":"https:\/\/fjala.info\/2009-2015\/tre-te-vrare-dhe-tre-pushtete-te-vdekur\/"},"author":{"name":"admin","@id":"https:\/\/fjala.info\/2009-2015\/#\/schema\/person\/3aa1163ef05469c496fc94e77611ada2"},"headline":"Tre t\u00eb vrar\u00eb dhe tre pushtete t\u00eb vdekur","datePublished":"2011-02-01T23:00:04+00:00","mainEntityOfPage":{"@id":"https:\/\/fjala.info\/2009-2015\/tre-te-vrare-dhe-tre-pushtete-te-vdekur\/"},"wordCount":1147,"commentCount":0,"publisher":{"@id":"https:\/\/fjala.info\/2009-2015\/#organization"},"image":{"@id":"https:\/\/fjala.info\/2009-2015\/tre-te-vrare-dhe-tre-pushtete-te-vdekur\/#primaryimage"},"thumbnailUrl":"http:\/\/fjala.shkoder.net\/wp-content\/uploads\/2010\/10\/mero_baze1.jpg","articleSection":["Artikuj"],"inLanguage":"sq-AL","potentialAction":[{"@type":"CommentAction","name":"Comment","target":["https:\/\/fjala.info\/2009-2015\/tre-te-vrare-dhe-tre-pushtete-te-vdekur\/#respond"]}]},{"@type":"WebPage","@id":"https:\/\/fjala.info\/2009-2015\/tre-te-vrare-dhe-tre-pushtete-te-vdekur\/","url":"https:\/\/fjala.info\/2009-2015\/tre-te-vrare-dhe-tre-pushtete-te-vdekur\/","name":"Tre t\u00eb vrar\u00eb dhe tre pushtete t\u00eb vdekur - FjALA e LIR\u00cb - Arkivi","isPartOf":{"@id":"https:\/\/fjala.info\/2009-2015\/#website"},"primaryImageOfPage":{"@id":"https:\/\/fjala.info\/2009-2015\/tre-te-vrare-dhe-tre-pushtete-te-vdekur\/#primaryimage"},"image":{"@id":"https:\/\/fjala.info\/2009-2015\/tre-te-vrare-dhe-tre-pushtete-te-vdekur\/#primaryimage"},"thumbnailUrl":"http:\/\/fjala.shkoder.net\/wp-content\/uploads\/2010\/10\/mero_baze1.jpg","datePublished":"2011-02-01T23:00:04+00:00","breadcrumb":{"@id":"https:\/\/fjala.info\/2009-2015\/tre-te-vrare-dhe-tre-pushtete-te-vdekur\/#breadcrumb"},"inLanguage":"sq-AL","potentialAction":[{"@type":"ReadAction","target":["https:\/\/fjala.info\/2009-2015\/tre-te-vrare-dhe-tre-pushtete-te-vdekur\/"]}]},{"@type":"ImageObject","inLanguage":"sq-AL","@id":"https:\/\/fjala.info\/2009-2015\/tre-te-vrare-dhe-tre-pushtete-te-vdekur\/#primaryimage","url":"http:\/\/fjala.shkoder.net\/wp-content\/uploads\/2010\/10\/mero_baze1.jpg","contentUrl":"http:\/\/fjala.shkoder.net\/wp-content\/uploads\/2010\/10\/mero_baze1.jpg"},{"@type":"BreadcrumbList","@id":"https:\/\/fjala.info\/2009-2015\/tre-te-vrare-dhe-tre-pushtete-te-vdekur\/#breadcrumb","itemListElement":[{"@type":"ListItem","position":1,"name":"Home","item":"https:\/\/fjala.info\/2009-2015\/"},{"@type":"ListItem","position":2,"name":"Tre t\u00eb vrar\u00eb dhe tre pushtete t\u00eb vdekur"}]},{"@type":"WebSite","@id":"https:\/\/fjala.info\/2009-2015\/#website","url":"https:\/\/fjala.info\/2009-2015\/","name":"FjALA e LIR\u00cb - Arkivi","description":"Arkivi 2009-2015","publisher":{"@id":"https:\/\/fjala.info\/2009-2015\/#organization"},"potentialAction":[{"@type":"SearchAction","target":{"@type":"EntryPoint","urlTemplate":"https:\/\/fjala.info\/2009-2015\/?s={search_term_string}"},"query-input":{"@type":"PropertyValueSpecification","valueRequired":true,"valueName":"search_term_string"}}],"inLanguage":"sq-AL"},{"@type":"Organization","@id":"https:\/\/fjala.info\/2009-2015\/#organization","name":"FjALA e LIR\u00cb - Arkivi","url":"https:\/\/fjala.info\/2009-2015\/","logo":{"@type":"ImageObject","inLanguage":"sq-AL","@id":"https:\/\/fjala.info\/2009-2015\/#\/schema\/logo\/image\/","url":"","contentUrl":"","caption":"FjALA e LIR\u00cb - Arkivi"},"image":{"@id":"https:\/\/fjala.info\/2009-2015\/#\/schema\/logo\/image\/"}},{"@type":"Person","@id":"https:\/\/fjala.info\/2009-2015\/#\/schema\/person\/3aa1163ef05469c496fc94e77611ada2","name":"admin","image":{"@type":"ImageObject","inLanguage":"sq-AL","@id":"https:\/\/fjala.info\/2009-2015\/wp-content\/uploads\/2012\/02\/arben_cokaj-120x150.jpg","url":"https:\/\/fjala.info\/2009-2015\/wp-content\/uploads\/2012\/02\/arben_cokaj-120x150.jpg","contentUrl":"https:\/\/fjala.info\/2009-2015\/wp-content\/uploads\/2012\/02\/arben_cokaj-120x150.jpg","caption":"admin"},"description":"Admin, Fjala e Lir\u00eb","sameAs":["https:\/\/fjala.info\/"],"url":"https:\/\/fjala.info\/2009-2015\/author\/admin\/"}]}},"_links":{"self":[{"href":"https:\/\/fjala.info\/2009-2015\/wp-json\/wp\/v2\/posts\/6103","targetHints":{"allow":["GET"]}}],"collection":[{"href":"https:\/\/fjala.info\/2009-2015\/wp-json\/wp\/v2\/posts"}],"about":[{"href":"https:\/\/fjala.info\/2009-2015\/wp-json\/wp\/v2\/types\/post"}],"author":[{"embeddable":true,"href":"https:\/\/fjala.info\/2009-2015\/wp-json\/wp\/v2\/users\/1"}],"replies":[{"embeddable":true,"href":"https:\/\/fjala.info\/2009-2015\/wp-json\/wp\/v2\/comments?post=6103"}],"version-history":[{"count":0,"href":"https:\/\/fjala.info\/2009-2015\/wp-json\/wp\/v2\/posts\/6103\/revisions"}],"wp:attachment":[{"href":"https:\/\/fjala.info\/2009-2015\/wp-json\/wp\/v2\/media?parent=6103"}],"wp:term":[{"taxonomy":"category","embeddable":true,"href":"https:\/\/fjala.info\/2009-2015\/wp-json\/wp\/v2\/categories?post=6103"},{"taxonomy":"post_tag","embeddable":true,"href":"https:\/\/fjala.info\/2009-2015\/wp-json\/wp\/v2\/tags?post=6103"}],"curies":[{"name":"wp","href":"https:\/\/api.w.org\/{rel}","templated":true}]}}