{"id":6098,"date":"2011-02-01T11:03:14","date_gmt":"2011-02-01T10:03:14","guid":{"rendered":"http:\/\/fjala.shkoder.net\/?p=6098"},"modified":"2011-02-01T11:03:14","modified_gmt":"2011-02-01T10:03:14","slug":"z-kryeminister-a-e-di-cilet-vrave","status":"publish","type":"post","link":"https:\/\/fjala.info\/2009-2015\/z-kryeminister-a-e-di-cilet-vrave\/","title":{"rendered":"Z. Kryeminist\u00ebr, a e di cil\u00ebt vrave?"},"content":{"rendered":"<p><img loading=\"lazy\" decoding=\"async\" class=\"alignright size-medium wp-image-6057\" title=\"Sali Berisha\" src=\"http:\/\/fjala.shkoder.net\/wp-content\/uploads\/2011\/01\/sali_berisha-300x205.jpg\" alt=\"\" width=\"300\" height=\"205\" \/><\/p>\n<p><strong>Shekulli &#8211; Redaksionale<\/strong>, <em>01.02.2011<\/em><\/p>\n<p>Mbi 21 janarin \u00ebsht\u00eb folur gjat\u00eb, me tekste e me foto, me homazhe e me statistika, me shpifje e me t\u00eb v\u00ebrteta, dhe mir\u00eb \u00ebsht\u00eb b\u00ebr\u00eb. Ky debati i neveritsh\u00ebm, i nisur nga Berisha me q\u00ebllimin e vet\u00ebm p\u00ebr t\u00eb relativizuar mortin, n\u00eb mos p\u00ebr gj\u00eb tjet\u00ebr, le t\u00eb sh\u00ebrbej\u00eb p\u00ebr t\u00eb njohur m\u00eb mir\u00eb se cil\u00ebt jemi, \u00e7far\u00eb na dallon e \u00e7far\u00eb na bashkon me njer\u00ebzin\u00eb e me t\u00eb njer\u00ebzishmen.<\/p>\n<p>Meqen\u00ebse kryeministri ka folur gjat\u00eb p\u00ebr t\u00eb vrar\u00ebt, meqen\u00ebse \u00ebsht\u00eb th\u00ebn\u00eb se ishin t\u00eb k\u00ebtill\u00eb e t\u00eb atill\u00eb, t\u00eb paguar e t\u00eb droguar, instrumente t\u00eb nj\u00ebrit, apo vegla t\u00eb tjetrit, le t&#8217;i v\u00ebm\u00eb pikat mbi &#8220;i&#8221; e le t&#8217;i shfaqim ashtu si\u00e7 ishin. Jo si heronj, se nuk ishin t\u00eb till\u00eb, po bash ashtu si\u00e7 jetuan e si\u00e7 mjerisht, vdiq\u00ebn.<\/p>\n<p><img loading=\"lazy\" decoding=\"async\" class=\"alignright size-medium wp-image-5871\" title=\"demonstruesi_vrare_plumb_ne_koke\" src=\"http:\/\/fjala.shkoder.net\/wp-content\/uploads\/2011\/01\/demonstruesi_vrare_plumb_ne_koke-300x200.jpg\" alt=\"\" width=\"300\" height=\"200\" \/><\/p>\n<p>Hekuran Deda ishte 38-vje\u00e7. Baba i dy vajzave. Mbijetonte duke punuar me m\u00ebditje, si pun\u00ebtor sezonal krahu. Familja e Ded\u00ebs, i lindur n\u00eb Dib\u00ebr ishte zhvendosur n\u00eb Laknas, Kamz\u00eb.<br \/>\nFaik Myrtaj, 50-vje\u00e7, ishte babai i dy f\u00ebmij\u00ebve, Renatos dhe Bardhit, t\u00eb mosh\u00ebs 25 dhe 22 vje\u00e7, si dhe bashk\u00ebshort i Mamudes\u00eb. Banonte n\u00eb Kreshpan t\u00eb Fierit. M\u00ebsohet se Myrtaj ishte i papun\u00eb mbijetonte po nj\u00ebsoj, duke migruar sezonalisht.<\/p>\n<p>Ziver Veizi, 44-vje\u00e7, kishte dy f\u00ebmij\u00eb, An\u00ebn dhe Klajdin, t\u00eb mosh\u00ebs 11 dhe 14 vje\u00e7. Ishte banor i Gjirokastr\u00ebs, invalid me status. Ziveri ishte emigrant dhe ishte kthyer n\u00eb Shqip\u00ebri p\u00ebr t\u00eb protestuar.<\/p>\n<p>Kjo \u00ebsht\u00eb e v\u00ebrteta zoti kryeminist\u00ebr. Ti ke vrar\u00eb tre protestues t\u00eb cil\u00ebt para &#8220;kull\u00ebs&#8221; t\u00ebnde i kishte sjell\u00eb mjerimi. Ti ke vrar\u00eb tre t\u00eb papun\u00eb. Ti ke vrar\u00eb tre baballar\u00eb q\u00eb atdheu i tyre i kishte braktisur, shteti i tyre i kishte rr\u00ebnuar e i kishte flakur n\u00eb emigrim.<\/p>\n<p>Ti, Sali Berisha s\u00ebrish i ke dh\u00ebn\u00eb plumbin shqiptar\u00ebve si n\u00eb 1997-\u00ebn. Nj\u00ebsoj si at\u00ebher\u00eb, u ke dhuruar m\u00eb par\u00eb mjerimin.<\/p>\n<p><strong>DY NUMRA LLOGARIE P\u00cbR T\u00cb NDIHMUAR FAMILJET E VIKTIMAVE T\u00cb 21 JANARIT<\/strong><\/p>\n<p>&#8220;Shekulli&#8221; ka nisur dje nj\u00eb fushat\u00eb p\u00ebr t&#8217;u ardhur n\u00eb ndihm\u00eb familjeve t\u00eb tri viktimave t\u00eb 21 janarit. Prej dje jan\u00eb v\u00ebn\u00eb n\u00eb funksionim n\u00eb Raiffeisen Bank dhe n\u00eb Tirana Bank dy numra llogarie (RAIFFEISEN BANK &#8211; JETIM\u00cbT E T\u00cb VRAR\u00cbVE &#8211; NUMRI I LLOGARIS\u00cb 0005810592) dhe (TIRANA BANK SHA &#8211; JETIM\u00cbT E 21 JANARIT &#8211; NUM\u00cbR LLOGARIE 0110-307178-100). T\u00eb dy numrat n\u00eb t\u00eb dy bankat jan\u00eb n\u00eb lek\u00eb.<\/p>\n<p>&#8220;Shekulli&#8221; do botoj\u00eb t\u00eb gjitha shumat e kontributeve dhe emrat e kontribuesve n\u00eb rast se d\u00ebshirojn\u00eb, ose kontributin dhe sh\u00ebnimin &#8220;anonim&#8221; n\u00eb rast se nuk d\u00ebshirojn\u00eb t\u00eb identifikohen. Kontributet \u00e7elen sot n\u00eb m\u00ebngjes me disa shuma t\u00eb dhuruara nga gazetar\u00ebt e Shekullit.<\/p>\n","protected":false},"excerpt":{"rendered":"<p>Shekulli &#8211; Redaksionale, 01.02.2011 Mbi 21 janarin \u00ebsht\u00eb folur gjat\u00eb, me tekste e me foto, me homazhe e me statistika, me shpifje e me t\u00eb v\u00ebrteta, dhe mir\u00eb \u00ebsht\u00eb b\u00ebr\u00eb. Ky debati i neveritsh\u00ebm, i nisur nga Berisha me q\u00ebllimin e vet\u00ebm p\u00ebr t\u00eb relativizuar mortin, n\u00eb mos p\u00ebr gj\u00eb tjet\u00ebr, le t\u00eb sh\u00ebrbej\u00eb p\u00ebr [&hellip;]<\/p>\n","protected":false},"author":1,"featured_media":0,"comment_status":"open","ping_status":"closed","sticky":false,"template":"","format":"standard","meta":{"footnotes":""},"categories":[2],"tags":[],"class_list":{"0":"post-6098","1":"post","2":"type-post","3":"status-publish","4":"format-standard","6":"category-artikuj"},"yoast_head":"<!-- This site is optimized with the Yoast SEO plugin v27.4 - https:\/\/yoast.com\/product\/yoast-seo-wordpress\/ -->\n<title>Z. Kryeminist\u00ebr, a e di cil\u00ebt vrave? - FjALA e LIR\u00cb - Arkivi<\/title>\n<meta name=\"robots\" content=\"index, follow, max-snippet:-1, max-image-preview:large, max-video-preview:-1\" \/>\n<link rel=\"canonical\" href=\"https:\/\/fjala.info\/2009-2015\/z-kryeminister-a-e-di-cilet-vrave\/\" \/>\n<meta property=\"og:locale\" content=\"sq_AL\" \/>\n<meta property=\"og:type\" content=\"article\" \/>\n<meta property=\"og:title\" content=\"Z. Kryeminist\u00ebr, a e di cil\u00ebt vrave? - FjALA e LIR\u00cb - Arkivi\" \/>\n<meta property=\"og:description\" content=\"Shekulli &#8211; Redaksionale, 01.02.2011 Mbi 21 janarin \u00ebsht\u00eb folur gjat\u00eb, me tekste e me foto, me homazhe e me statistika, me shpifje e me t\u00eb v\u00ebrteta, dhe mir\u00eb \u00ebsht\u00eb b\u00ebr\u00eb. Ky debati i neveritsh\u00ebm, i nisur nga Berisha me q\u00ebllimin e vet\u00ebm p\u00ebr t\u00eb relativizuar mortin, n\u00eb mos p\u00ebr gj\u00eb tjet\u00ebr, le t\u00eb sh\u00ebrbej\u00eb p\u00ebr [&hellip;]\" \/>\n<meta property=\"og:url\" content=\"https:\/\/fjala.info\/2009-2015\/z-kryeminister-a-e-di-cilet-vrave\/\" \/>\n<meta property=\"og:site_name\" content=\"FjALA e LIR\u00cb - Arkivi\" \/>\n<meta property=\"article:published_time\" content=\"2011-02-01T10:03:14+00:00\" \/>\n<meta property=\"og:image\" content=\"http:\/\/fjala.shkoder.net\/wp-content\/uploads\/2011\/01\/sali_berisha-300x205.jpg\" \/>\n<meta name=\"author\" content=\"admin\" \/>\n<meta name=\"twitter:card\" content=\"summary_large_image\" \/>\n<meta name=\"twitter:label1\" content=\"Written by\" \/>\n\t<meta name=\"twitter:data1\" content=\"admin\" \/>\n\t<meta name=\"twitter:label2\" content=\"Est. reading time\" \/>\n\t<meta name=\"twitter:data2\" content=\"2 minutes\" \/>\n<script type=\"application\/ld+json\" class=\"yoast-schema-graph\">{\"@context\":\"https:\\\/\\\/schema.org\",\"@graph\":[{\"@type\":\"Article\",\"@id\":\"https:\\\/\\\/fjala.info\\\/2009-2015\\\/z-kryeminister-a-e-di-cilet-vrave\\\/#article\",\"isPartOf\":{\"@id\":\"https:\\\/\\\/fjala.info\\\/2009-2015\\\/z-kryeminister-a-e-di-cilet-vrave\\\/\"},\"author\":{\"name\":\"admin\",\"@id\":\"https:\\\/\\\/fjala.info\\\/2009-2015\\\/#\\\/schema\\\/person\\\/3aa1163ef05469c496fc94e77611ada2\"},\"headline\":\"Z. Kryeminist\u00ebr, a e di cil\u00ebt vrave?\",\"datePublished\":\"2011-02-01T10:03:14+00:00\",\"mainEntityOfPage\":{\"@id\":\"https:\\\/\\\/fjala.info\\\/2009-2015\\\/z-kryeminister-a-e-di-cilet-vrave\\\/\"},\"wordCount\":495,\"commentCount\":0,\"publisher\":{\"@id\":\"https:\\\/\\\/fjala.info\\\/2009-2015\\\/#organization\"},\"image\":{\"@id\":\"https:\\\/\\\/fjala.info\\\/2009-2015\\\/z-kryeminister-a-e-di-cilet-vrave\\\/#primaryimage\"},\"thumbnailUrl\":\"http:\\\/\\\/fjala.shkoder.net\\\/wp-content\\\/uploads\\\/2011\\\/01\\\/sali_berisha-300x205.jpg\",\"articleSection\":[\"Artikuj\"],\"inLanguage\":\"sq-AL\",\"potentialAction\":[{\"@type\":\"CommentAction\",\"name\":\"Comment\",\"target\":[\"https:\\\/\\\/fjala.info\\\/2009-2015\\\/z-kryeminister-a-e-di-cilet-vrave\\\/#respond\"]}]},{\"@type\":\"WebPage\",\"@id\":\"https:\\\/\\\/fjala.info\\\/2009-2015\\\/z-kryeminister-a-e-di-cilet-vrave\\\/\",\"url\":\"https:\\\/\\\/fjala.info\\\/2009-2015\\\/z-kryeminister-a-e-di-cilet-vrave\\\/\",\"name\":\"Z. Kryeminist\u00ebr, a e di cil\u00ebt vrave? - FjALA e LIR\u00cb - Arkivi\",\"isPartOf\":{\"@id\":\"https:\\\/\\\/fjala.info\\\/2009-2015\\\/#website\"},\"primaryImageOfPage\":{\"@id\":\"https:\\\/\\\/fjala.info\\\/2009-2015\\\/z-kryeminister-a-e-di-cilet-vrave\\\/#primaryimage\"},\"image\":{\"@id\":\"https:\\\/\\\/fjala.info\\\/2009-2015\\\/z-kryeminister-a-e-di-cilet-vrave\\\/#primaryimage\"},\"thumbnailUrl\":\"http:\\\/\\\/fjala.shkoder.net\\\/wp-content\\\/uploads\\\/2011\\\/01\\\/sali_berisha-300x205.jpg\",\"datePublished\":\"2011-02-01T10:03:14+00:00\",\"breadcrumb\":{\"@id\":\"https:\\\/\\\/fjala.info\\\/2009-2015\\\/z-kryeminister-a-e-di-cilet-vrave\\\/#breadcrumb\"},\"inLanguage\":\"sq-AL\",\"potentialAction\":[{\"@type\":\"ReadAction\",\"target\":[\"https:\\\/\\\/fjala.info\\\/2009-2015\\\/z-kryeminister-a-e-di-cilet-vrave\\\/\"]}]},{\"@type\":\"ImageObject\",\"inLanguage\":\"sq-AL\",\"@id\":\"https:\\\/\\\/fjala.info\\\/2009-2015\\\/z-kryeminister-a-e-di-cilet-vrave\\\/#primaryimage\",\"url\":\"http:\\\/\\\/fjala.shkoder.net\\\/wp-content\\\/uploads\\\/2011\\\/01\\\/sali_berisha-300x205.jpg\",\"contentUrl\":\"http:\\\/\\\/fjala.shkoder.net\\\/wp-content\\\/uploads\\\/2011\\\/01\\\/sali_berisha-300x205.jpg\"},{\"@type\":\"BreadcrumbList\",\"@id\":\"https:\\\/\\\/fjala.info\\\/2009-2015\\\/z-kryeminister-a-e-di-cilet-vrave\\\/#breadcrumb\",\"itemListElement\":[{\"@type\":\"ListItem\",\"position\":1,\"name\":\"Home\",\"item\":\"https:\\\/\\\/fjala.info\\\/2009-2015\\\/\"},{\"@type\":\"ListItem\",\"position\":2,\"name\":\"Z. Kryeminist\u00ebr, a e di cil\u00ebt vrave?\"}]},{\"@type\":\"WebSite\",\"@id\":\"https:\\\/\\\/fjala.info\\\/2009-2015\\\/#website\",\"url\":\"https:\\\/\\\/fjala.info\\\/2009-2015\\\/\",\"name\":\"FjALA e LIR\u00cb - Arkivi\",\"description\":\"Arkivi 2009-2015\",\"publisher\":{\"@id\":\"https:\\\/\\\/fjala.info\\\/2009-2015\\\/#organization\"},\"potentialAction\":[{\"@type\":\"SearchAction\",\"target\":{\"@type\":\"EntryPoint\",\"urlTemplate\":\"https:\\\/\\\/fjala.info\\\/2009-2015\\\/?s={search_term_string}\"},\"query-input\":{\"@type\":\"PropertyValueSpecification\",\"valueRequired\":true,\"valueName\":\"search_term_string\"}}],\"inLanguage\":\"sq-AL\"},{\"@type\":\"Organization\",\"@id\":\"https:\\\/\\\/fjala.info\\\/2009-2015\\\/#organization\",\"name\":\"FjALA e LIR\u00cb - Arkivi\",\"url\":\"https:\\\/\\\/fjala.info\\\/2009-2015\\\/\",\"logo\":{\"@type\":\"ImageObject\",\"inLanguage\":\"sq-AL\",\"@id\":\"https:\\\/\\\/fjala.info\\\/2009-2015\\\/#\\\/schema\\\/logo\\\/image\\\/\",\"url\":\"\",\"contentUrl\":\"\",\"caption\":\"FjALA e LIR\u00cb - Arkivi\"},\"image\":{\"@id\":\"https:\\\/\\\/fjala.info\\\/2009-2015\\\/#\\\/schema\\\/logo\\\/image\\\/\"}},{\"@type\":\"Person\",\"@id\":\"https:\\\/\\\/fjala.info\\\/2009-2015\\\/#\\\/schema\\\/person\\\/3aa1163ef05469c496fc94e77611ada2\",\"name\":\"admin\",\"image\":{\"@type\":\"ImageObject\",\"inLanguage\":\"sq-AL\",\"@id\":\"https:\\\/\\\/fjala.info\\\/2009-2015\\\/wp-content\\\/uploads\\\/2012\\\/02\\\/arben_cokaj-120x150.jpg\",\"url\":\"https:\\\/\\\/fjala.info\\\/2009-2015\\\/wp-content\\\/uploads\\\/2012\\\/02\\\/arben_cokaj-120x150.jpg\",\"contentUrl\":\"https:\\\/\\\/fjala.info\\\/2009-2015\\\/wp-content\\\/uploads\\\/2012\\\/02\\\/arben_cokaj-120x150.jpg\",\"caption\":\"admin\"},\"description\":\"Admin, Fjala e Lir\u00eb\",\"sameAs\":[\"https:\\\/\\\/fjala.info\\\/\"],\"url\":\"https:\\\/\\\/fjala.info\\\/2009-2015\\\/author\\\/admin\\\/\"}]}<\/script>\n<!-- \/ Yoast SEO plugin. -->","yoast_head_json":{"title":"Z. Kryeminist\u00ebr, a e di cil\u00ebt vrave? - FjALA e LIR\u00cb - Arkivi","robots":{"index":"index","follow":"follow","max-snippet":"max-snippet:-1","max-image-preview":"max-image-preview:large","max-video-preview":"max-video-preview:-1"},"canonical":"https:\/\/fjala.info\/2009-2015\/z-kryeminister-a-e-di-cilet-vrave\/","og_locale":"sq_AL","og_type":"article","og_title":"Z. Kryeminist\u00ebr, a e di cil\u00ebt vrave? - FjALA e LIR\u00cb - Arkivi","og_description":"Shekulli &#8211; Redaksionale, 01.02.2011 Mbi 21 janarin \u00ebsht\u00eb folur gjat\u00eb, me tekste e me foto, me homazhe e me statistika, me shpifje e me t\u00eb v\u00ebrteta, dhe mir\u00eb \u00ebsht\u00eb b\u00ebr\u00eb. Ky debati i neveritsh\u00ebm, i nisur nga Berisha me q\u00ebllimin e vet\u00ebm p\u00ebr t\u00eb relativizuar mortin, n\u00eb mos p\u00ebr gj\u00eb tjet\u00ebr, le t\u00eb sh\u00ebrbej\u00eb p\u00ebr [&hellip;]","og_url":"https:\/\/fjala.info\/2009-2015\/z-kryeminister-a-e-di-cilet-vrave\/","og_site_name":"FjALA e LIR\u00cb - Arkivi","article_published_time":"2011-02-01T10:03:14+00:00","og_image":[{"url":"http:\/\/fjala.shkoder.net\/wp-content\/uploads\/2011\/01\/sali_berisha-300x205.jpg","type":"","width":"","height":""}],"author":"admin","twitter_card":"summary_large_image","twitter_misc":{"Written by":"admin","Est. reading time":"2 minutes"},"schema":{"@context":"https:\/\/schema.org","@graph":[{"@type":"Article","@id":"https:\/\/fjala.info\/2009-2015\/z-kryeminister-a-e-di-cilet-vrave\/#article","isPartOf":{"@id":"https:\/\/fjala.info\/2009-2015\/z-kryeminister-a-e-di-cilet-vrave\/"},"author":{"name":"admin","@id":"https:\/\/fjala.info\/2009-2015\/#\/schema\/person\/3aa1163ef05469c496fc94e77611ada2"},"headline":"Z. Kryeminist\u00ebr, a e di cil\u00ebt vrave?","datePublished":"2011-02-01T10:03:14+00:00","mainEntityOfPage":{"@id":"https:\/\/fjala.info\/2009-2015\/z-kryeminister-a-e-di-cilet-vrave\/"},"wordCount":495,"commentCount":0,"publisher":{"@id":"https:\/\/fjala.info\/2009-2015\/#organization"},"image":{"@id":"https:\/\/fjala.info\/2009-2015\/z-kryeminister-a-e-di-cilet-vrave\/#primaryimage"},"thumbnailUrl":"http:\/\/fjala.shkoder.net\/wp-content\/uploads\/2011\/01\/sali_berisha-300x205.jpg","articleSection":["Artikuj"],"inLanguage":"sq-AL","potentialAction":[{"@type":"CommentAction","name":"Comment","target":["https:\/\/fjala.info\/2009-2015\/z-kryeminister-a-e-di-cilet-vrave\/#respond"]}]},{"@type":"WebPage","@id":"https:\/\/fjala.info\/2009-2015\/z-kryeminister-a-e-di-cilet-vrave\/","url":"https:\/\/fjala.info\/2009-2015\/z-kryeminister-a-e-di-cilet-vrave\/","name":"Z. Kryeminist\u00ebr, a e di cil\u00ebt vrave? - FjALA e LIR\u00cb - Arkivi","isPartOf":{"@id":"https:\/\/fjala.info\/2009-2015\/#website"},"primaryImageOfPage":{"@id":"https:\/\/fjala.info\/2009-2015\/z-kryeminister-a-e-di-cilet-vrave\/#primaryimage"},"image":{"@id":"https:\/\/fjala.info\/2009-2015\/z-kryeminister-a-e-di-cilet-vrave\/#primaryimage"},"thumbnailUrl":"http:\/\/fjala.shkoder.net\/wp-content\/uploads\/2011\/01\/sali_berisha-300x205.jpg","datePublished":"2011-02-01T10:03:14+00:00","breadcrumb":{"@id":"https:\/\/fjala.info\/2009-2015\/z-kryeminister-a-e-di-cilet-vrave\/#breadcrumb"},"inLanguage":"sq-AL","potentialAction":[{"@type":"ReadAction","target":["https:\/\/fjala.info\/2009-2015\/z-kryeminister-a-e-di-cilet-vrave\/"]}]},{"@type":"ImageObject","inLanguage":"sq-AL","@id":"https:\/\/fjala.info\/2009-2015\/z-kryeminister-a-e-di-cilet-vrave\/#primaryimage","url":"http:\/\/fjala.shkoder.net\/wp-content\/uploads\/2011\/01\/sali_berisha-300x205.jpg","contentUrl":"http:\/\/fjala.shkoder.net\/wp-content\/uploads\/2011\/01\/sali_berisha-300x205.jpg"},{"@type":"BreadcrumbList","@id":"https:\/\/fjala.info\/2009-2015\/z-kryeminister-a-e-di-cilet-vrave\/#breadcrumb","itemListElement":[{"@type":"ListItem","position":1,"name":"Home","item":"https:\/\/fjala.info\/2009-2015\/"},{"@type":"ListItem","position":2,"name":"Z. Kryeminist\u00ebr, a e di cil\u00ebt vrave?"}]},{"@type":"WebSite","@id":"https:\/\/fjala.info\/2009-2015\/#website","url":"https:\/\/fjala.info\/2009-2015\/","name":"FjALA e LIR\u00cb - Arkivi","description":"Arkivi 2009-2015","publisher":{"@id":"https:\/\/fjala.info\/2009-2015\/#organization"},"potentialAction":[{"@type":"SearchAction","target":{"@type":"EntryPoint","urlTemplate":"https:\/\/fjala.info\/2009-2015\/?s={search_term_string}"},"query-input":{"@type":"PropertyValueSpecification","valueRequired":true,"valueName":"search_term_string"}}],"inLanguage":"sq-AL"},{"@type":"Organization","@id":"https:\/\/fjala.info\/2009-2015\/#organization","name":"FjALA e LIR\u00cb - Arkivi","url":"https:\/\/fjala.info\/2009-2015\/","logo":{"@type":"ImageObject","inLanguage":"sq-AL","@id":"https:\/\/fjala.info\/2009-2015\/#\/schema\/logo\/image\/","url":"","contentUrl":"","caption":"FjALA e LIR\u00cb - Arkivi"},"image":{"@id":"https:\/\/fjala.info\/2009-2015\/#\/schema\/logo\/image\/"}},{"@type":"Person","@id":"https:\/\/fjala.info\/2009-2015\/#\/schema\/person\/3aa1163ef05469c496fc94e77611ada2","name":"admin","image":{"@type":"ImageObject","inLanguage":"sq-AL","@id":"https:\/\/fjala.info\/2009-2015\/wp-content\/uploads\/2012\/02\/arben_cokaj-120x150.jpg","url":"https:\/\/fjala.info\/2009-2015\/wp-content\/uploads\/2012\/02\/arben_cokaj-120x150.jpg","contentUrl":"https:\/\/fjala.info\/2009-2015\/wp-content\/uploads\/2012\/02\/arben_cokaj-120x150.jpg","caption":"admin"},"description":"Admin, Fjala e Lir\u00eb","sameAs":["https:\/\/fjala.info\/"],"url":"https:\/\/fjala.info\/2009-2015\/author\/admin\/"}]}},"_links":{"self":[{"href":"https:\/\/fjala.info\/2009-2015\/wp-json\/wp\/v2\/posts\/6098","targetHints":{"allow":["GET"]}}],"collection":[{"href":"https:\/\/fjala.info\/2009-2015\/wp-json\/wp\/v2\/posts"}],"about":[{"href":"https:\/\/fjala.info\/2009-2015\/wp-json\/wp\/v2\/types\/post"}],"author":[{"embeddable":true,"href":"https:\/\/fjala.info\/2009-2015\/wp-json\/wp\/v2\/users\/1"}],"replies":[{"embeddable":true,"href":"https:\/\/fjala.info\/2009-2015\/wp-json\/wp\/v2\/comments?post=6098"}],"version-history":[{"count":0,"href":"https:\/\/fjala.info\/2009-2015\/wp-json\/wp\/v2\/posts\/6098\/revisions"}],"wp:attachment":[{"href":"https:\/\/fjala.info\/2009-2015\/wp-json\/wp\/v2\/media?parent=6098"}],"wp:term":[{"taxonomy":"category","embeddable":true,"href":"https:\/\/fjala.info\/2009-2015\/wp-json\/wp\/v2\/categories?post=6098"},{"taxonomy":"post_tag","embeddable":true,"href":"https:\/\/fjala.info\/2009-2015\/wp-json\/wp\/v2\/tags?post=6098"}],"curies":[{"name":"wp","href":"https:\/\/api.w.org\/{rel}","templated":true}]}}