{"id":6095,"date":"2011-02-01T09:29:48","date_gmt":"2011-02-01T08:29:48","guid":{"rendered":"http:\/\/fjala.shkoder.net\/?p=6095"},"modified":"2011-02-01T09:29:48","modified_gmt":"2011-02-01T08:29:48","slug":"cari-sali-berisha","status":"publish","type":"post","link":"https:\/\/fjala.info\/2009-2015\/cari-sali-berisha\/","title":{"rendered":"\u201cCari\u201d Sali Berisha"},"content":{"rendered":"<p><img loading=\"lazy\" decoding=\"async\" class=\"alignright size-medium wp-image-6057\" title=\"Sali Berisha\" src=\"http:\/\/fjala.shkoder.net\/wp-content\/uploads\/2011\/01\/sali_berisha-300x205.jpg\" alt=\"\" width=\"300\" height=\"205\" \/><\/p>\n<p>Nga <strong>Kledian Lula<\/strong><\/p>\n<p>N\u00ebse ka nj\u00eb simbol, me t\u00eb cilin mund t\u00eb krahasohet kryetari i PD dhe kryeministri shqiptar Sali Berisha, ky \u00ebsht\u00eb \u201cCARI\u201d, ish \u201cZeusi\u201d i dinastis\u00eb ruse t\u00eb shekullit t\u00eb kaluar, n\u00ebn k\u00ebmb\u00ebt e t\u00eb cilit vihej, gjendej, shtypej, l\u00ebpihej, vendosej e shkat\u00ebrrohej gjith\u00e7ka. P\u00ebrve\u00e7se me \u201cCARIN\u201d, Sali Berisha nuk ka asnj\u00eb krahasim tjet\u00ebr m\u00eb t\u00eb plot\u00eb p\u00ebr t\u00eb p\u00ebrshkruar k\u00ebt\u00eb sundimtar e diktator t\u00eb pakufi, q\u00eb vazhdon t\u00eb qeveris\u00eb si i till\u00eb n\u00eb mes t\u00eb Europ\u00ebs edhe sot n\u00eb Shekullin e XXI. P\u00ebrse e meriton kryeministri Sali Berisha, t\u00eb quhet me plot\u00eb kuptimin e fjal\u00ebs: \u201cCAR\u201d?<\/p>\n<p><strong>Sali Berisha, p\u00ebr 20 vjet e ka drejtuar PD si \u201cCAR\u201d<\/strong><\/p>\n<p>Historia 20 vje\u00e7are politike e qeveris\u00ebse e Sali Berish\u00ebs \u00ebsht\u00eb tejmbushur me episode t\u00eb hidhura me natyr\u00eb diktatori, q\u00eb e paraqesin at\u00eb si t\u00eb till\u00eb. Berisha u desantua n\u00eb l\u00ebvizjen studentore t\u00eb Dhjetorit \u201990, si misionar special i ish-presidentit komunist Ramiz Alia, me rekomandimin e posa\u00e7\u00ebm t\u00eb Sigurimit t\u00eb Shtetit, si njeri \u201cextra i besuar\u201d dhe kontigjent aktiv e produktiv i tij. Me makinacione e pu\u00e7e t\u00eb njohur tashm\u00eb, Sali Berisha u vendos n\u00eb krye t\u00eb l\u00ebvizjes studentore e m\u00eb pas t\u00eb PD, duke monopolizuar dhunsh\u00ebm drejtimin e k\u00ebsaj force demokratike. Pik\u00ebrisht n\u00eb k\u00ebt\u00eb moment, ka nisur dhe \u201ccarll\u00ebku\u201d i k\u00ebtij neo-diktatori, q\u00eb si\u00e7 rezulton \u00ebsht\u00eb \u201cpa din e pa iman\u201d.<\/p>\n<p>Ata q\u00eb e njohin kronologjin\u00eb e veprimtaris\u00eb (\u00e7)drejtuese t\u00eb Sali \u201cCARIT\u201d si kryetar i PD, kan\u00eb n\u00eb kujtes\u00eb \u201cprovat\u201d e plota t\u00eb k\u00ebtij sundimi prej diktatori. Sali Berisha ushtroi reprezalje masive e t\u00eb dhunshme ndaj bashk\u00ebpun\u00ebtor\u00ebve e kund\u00ebrshtar\u00ebve t\u00eb tij brenda k\u00ebsaj partie e cila si\u00e7 dihet, u krijua prej vlerave, por u uzurpua e u shkat\u00ebrrua prej plehrave. Nga t\u00eb gjith\u00eb ata q\u00eb krijuan PD, brenda saj ka mbetur dhe d\u00ebgjohet vet\u00ebm \u201cCARI\u201d Sali Berisha. P\u00ebr t\u00eb mbret\u00ebruar e p\u00ebr t\u00eb q\u00ebn\u00eb NJESH i p\u00ebrjetsh\u00ebm i k\u00ebsaj partie t\u00eb madhe, ai sulmoi fillimisht themeluesit e PD, student\u00ebt anti-komunist\u00eb t\u00eb l\u00ebvizjes \u201cDhjetori \u201990\u201d.<\/p>\n<p>E pasi i nxori ata jasht\u00eb loje me ndihm\u00ebn e Sigurimit t\u00eb Shtetit, krijoji \u201coborrin\u201d e servil\u00ebve, t\u00eb t\u00eb paaft\u00ebve dhe njer\u00ebzve me vese. Vet\u00ebm Azem Hajdari, rezistoi p\u00ebrball\u00eb pu\u00e7eve t\u00eb organizuara n\u00eb kryesin\u00eb e PD e t\u00eb parlamentit prej \u201cmikut\u201d Sali Berisha. At\u00eb nuk e \u201cvran\u00eb\u201d dot pu\u00e7et e Sali Berish\u00ebs, por e vran\u00eb plumbat e pabesis\u00eb n\u00eb prit\u00eb, p\u00ebr t\u00eb cilat edhe pse Sali Berisha \u201cqau me ngash\u00ebrim\u201d e deklaroi se do t\u00eb d\u00ebshmonte n\u00eb prokurori, ende nuk e ka marr\u00eb mundimin p\u00ebr ta b\u00ebr\u00eb k\u00ebt\u00eb akt, pa\u00e7ka se drejt\u00ebsia e k\u00ebrc\u00ebnoi p\u00ebr ta marr\u00eb edhe forc\u00ebrisht.<\/p>\n<p>Pasi spastroi t\u00eb gjith\u00eb ata q\u00eb i duheshin PD, por jo skemave sunduese e mbret\u00ebruese t\u00eb tij, Sali Berisha vazhdoi prapaskenat prej njeriu t\u00eb pabes\u00eb, duke iu v\u00ebrsulur intelektual\u00ebve potencial\u00eb n\u00eb krye e n\u00eb baz\u00ebn e PD. Duke p\u00ebrdorur \u201cekipet e shantazhit e t\u00eb dhun\u00ebs\u201d, Sali Berisha siguroi largimin nga PD e nga Shqip\u00ebria, t\u00eb atyre q\u00eb i rrezikonin postin si kryetar i PD, duke e mbajtur k\u00ebt\u00eb post p\u00ebr 20 vjet me pu\u00e7e e dhun\u00eb fizike.<\/p>\n<p>Ata q\u00eb mbet\u00ebn brenda PD, pranuan m\u00eb p\u00ebrul\u00ebsi publike diktatin dhe komand\u00ebn e tij. Personaliteti dhe fati i tyre varet vet\u00ebm nga \u201cCARI\u201d Sali Berisha, p\u00ebrball\u00eb t\u00eb cilit ata jan\u00eb \u201cHI\u00c7\u201d. Sali Berisha prej 20 vjet\u00ebsh, ve\u00e7an\u00ebrisht 10 vitet e fundit e ka kthyer PD n\u00eb \u201ckazerm\u00eb\u201d, ku t\u00eb gjith\u00eb q\u00ebndrojn\u00eb \u201cgatitu\u201d. Askush nuk ka t\u00eb drejt\u00eb t\u00eb hedh ide, askush nuk b\u00ebn\u00eb dot propozime, askush nuk guxon as t\u00eb teshtij\u00eb pa lejen e \u201cCARIT\u201d. Ata q\u00eb guxuan, jan\u00eb anatemuar e jan\u00eb p\u00ebrz\u00ebn\u00eb me dhun\u00eb prej PD e prej posteve qeveritare duke mos e kthyer m\u00eb kok\u00ebn nga PD-ja e kalbur dhe e ndotur prej sundimit barabar e t\u00eb dhunsh\u00ebm t\u00eb Sali Berish\u00ebs.<\/p>\n<p>T\u00eb vetmit q\u00eb jan\u00eb kthyer tek \u201cstani Berisha\u201d jan\u00eb disa dh\u00ebmb\u00ebthyer, duarprangosur, disa fytyr\u00eb p\u00ebshtyr\u00eb, disa brinj\u00ebnxir\u00eb e disa monstra, q\u00eb vazhdojn\u00eb t\u00eb \u201clehin\u201d p\u00ebr Sali Berish\u00ebn e t\u00eb pasurohen p\u00ebr vete edhe pse n\u00eb vitin 1997 u \u201crrah\u00ebn me presh byth\u00ebve\u201d n\u00eb Lushnj\u00eb.<br \/>\nPartia Demokratike, p\u00ebr shkak t\u00eb k\u00ebtij uzurpimi e \u00e7\u2019drejtimi \u00ebsht\u00eb tjet\u00ebrsuar n\u00eb nj\u00eb barak\u00eb t\u00eb qelbur deputet\u00ebsh, ministrash, politikan\u00ebsh e zyrtar\u00ebsh manekin\u00eb e mikrofon\u00eb, q\u00eb l\u00ebpihen posht\u00eb kolltukut t\u00eb \u201cCAR\u201d Berish\u00ebs, n\u00eb shk\u00ebmbim t\u00eb p\u00ebrfitimeve ekonomike e financiare.<\/p>\n<p>Ata jan\u00eb t\u00eb k\u00ebnaqur p\u00ebr pozicionin e tyre t\u00eb zgjedhur prej zvarranik\u00ebsh e \u201caltoparlant\u00ebsh\u201d n\u00eb sh\u00ebrbim t\u00eb \u201cCARIT\u201d (Berish\u00ebs). P\u00ebr pseudokryetarin diktator, ata konsiderohen \u201cgogla\u201d q\u00eb seleksionohen, num\u00ebrohen, skartohen e z\u00ebvend\u00ebsohen si bag\u00ebtit\u00eb vet\u00ebm nga \u201cCARI\u201d i PD. Ka mbi 1 vit, q\u00eb nuk po mblidhet K\u00ebshilli Komb\u00ebtar i PD. Pse? Sepse nuk do \u201cCARI\u201d. Kur do t\u00eb mblidhet? Kur t\u00eb doj\u00eb \u201cCARI\u201d. T\u00eb tjer\u00ebt vazhdojn\u00eb t\u00eb q\u00ebndrojn\u00eb me vesh e me goj\u00eb hapur n\u00ebn k\u00ebmb\u00ebt e \u201cCARIT\u201d Sali Berisha, p\u00ebr t\u00eb d\u00ebgjuar e shp\u00ebrndar\u00eb \u00e7mendurit\u00eb q\u00eb rrjedhin prej trurit t\u00eb tij.<\/p>\n<p><strong>Pushtetet e \u201ccar\u00ebve\u201d ngrihen nga krimi dhe bien nga populli<\/strong><\/p>\n<p>Sepse ishte nj\u00eb PD e till\u00eb me n\u00eb krye nj\u00eb \u201cCAR\u201d, ndaj dhe Shqip\u00ebia u b\u00eb shkrumb e hi n\u00eb vitin 1997. Sepse vazhdon t\u00eb jet\u00eb nj\u00eb PD e till\u00eb \u201cme mbret\u201d, ku d\u00ebgjohet vet\u00ebm z\u00ebri i Sali Berish\u00ebs, me funksionar\u00eb mumje q\u00eb nuk pip\u00ebtijn\u00eb edhe kur Saliu (mender) i \u201cdhjet n\u00eb fytyr\u00eb\u201d, ndaj dhe kemi nj\u00eb qeverisje me fytyr\u00eb korrupsioni e krimesh deri njer\u00ebzore. Ndaj kemi nj\u00eb pushtet, q\u00eb nuk ka n\u00eb program integrimin e vendit, as mir\u00ebqenien ekonomike t\u00eb popullit, por vet\u00ebm pasurimin e klik\u00ebs q\u00eb e ka uzurpuar k\u00ebt\u00eb pushtet, me n\u00eb krye kryeministrin \u201cCAR\u201d.<\/p>\n<p>Kund\u00ebr k\u00ebtij \u201cCARI\u201d shqiptar, shp\u00ebrtheu 10 dit\u00eb m\u00eb par\u00eb \u201crevolta e uris\u00eb\u201d, e varf\u00ebris\u00eb ekstreme deri n\u00eb dhimbje n\u00ebnash e lot f\u00ebmij\u00ebsh p\u00ebr buk\u00eb. Gur\u00ebt dhe hunjt\u00eb e popullit nuk kishin lidhje as me \u201cpu\u00e7et\u201d e Saliut e as me kapardisjet e Met\u00ebs, por vet\u00ebm me buk\u00ebn that\u00eb. Shqiptar\u00ebt nuk po k\u00ebrkojn\u00eb salltanete si ato q\u00eb kan\u00eb f\u00ebmij\u00ebt dhe mbesat e \u201cCARIT\u201d shqiptar, Sali Berisha. As jet\u00eb luksi si\u00e7 kan\u00eb f\u00ebmij\u00ebt e Ilir Met\u00ebs. Shqiptar\u00ebve ua \u00e7oi thik\u00ebn n\u00eb shpirt kjo qeverisje duke u premtuar parajs\u00ebn e duke u sjell mjerimin.<\/p>\n<p>U ngrit\u00ebn se nuk duronin dt m\u00eb. Dhe nuk do t\u00eb heqin dor\u00eb nga revolta, sepse ka arritur mjerimi deri n\u00eb at\u00eb grad\u00eb, sa njer\u00ebzit jan\u00eb \u201cpun\u00ebsuar\u201d n\u00eb kazan\u00ebt e plehrave, mij\u00ebra familje u jan\u00eb kthyer lakrave e misrit t\u00eb zier. Nd\u00ebrsa Sali Berish\u00ebt, Genc Rul\u00ebt, Lul\u00ebzim Bash\u00ebt, Shk\u00eblzen Berish\u00ebt, Ilir Met\u00ebt, Ridvan Bodet, Jozefina Topall\u00ebt Majlinda Breg\u00ebt e CO, vet\u00ebm p\u00ebr parfumosje mujore shpenzojn\u00eb aq sa merr nj\u00eb pensionist gjat\u00eb gjith\u00eb vitit! Esht\u00eb kjo klik\u00eb n\u00eb pushtet e komanduar prej Sali \u201cCARIT\u201d, q\u00eb nuk po qeveris\u00eb vendin, por po shton me bab\u00ebzi super pronat, super llogarit\u00eb bankare, super luksin. Jeta luksoze e \u201ccar\u00ebve\u201d t\u00eb k\u00ebtij pushteti, ka mb\u00ebrritur deri n\u00eb at\u00eb kulm, sa kan\u00eb filluar t\u00eb \u00e7ojn\u00eb edhe qent\u00eb e macet p\u00ebr pushime n\u00eb plazhet m\u00eb t\u00eb shtrenjta t\u00eb bot\u00ebs.<\/p>\n<p>Nd\u00ebrsa shqiptar\u00ebt akuzohen si \u201cpu\u00e7ist\u201d prej hajdut\u00ebve e kriminel\u00ebve, dhunohen, arrestohen, ofendohen e vriten! Sipas delenxhinj\u00ebve n\u00eb pushtet, ata kan\u00eb b\u00ebr\u00eb \u201ckrimin\u201d q\u00eb jan\u00eb ngritur n\u00eb protest\u00eb. Po \u00e7far\u00eb t\u00eb b\u00ebjn\u00eb? T\u00eb vuajn\u00eb e t\u00eb qajn\u00eb p\u00ebr koren e buk\u00ebs?! T\u00eb vazhdojn\u00eb t\u00eb shikojn\u00eb akoma, se si ju dhe familjet tuaja zot\u00ebrinj hajdut\u00eb e kriminel\u00eb sh\u00ebtisni bot\u00ebn me paret e vjedhura prej koncensieneve, li\u00e7ensave, tender\u00ebve, ryshfeteve miliard\u00ebshe e taksave t\u00eb popullit?! Jo! Shqip\u00ebria e rr\u00ebzoi dhe e t\u00ebrhoqi zvarr\u00eb nj\u00eb \u201cmbret\u201d dhe nuk mund t\u00eb lejoj q\u00eb ta komandoj e ta shkat\u00ebrroj nj\u00eb \u201cCAR\u201d.<\/p>\n","protected":false},"excerpt":{"rendered":"<p>Nga Kledian Lula N\u00ebse ka nj\u00eb simbol, me t\u00eb cilin mund t\u00eb krahasohet kryetari i PD dhe kryeministri shqiptar Sali Berisha, ky \u00ebsht\u00eb \u201cCARI\u201d, ish \u201cZeusi\u201d i dinastis\u00eb ruse t\u00eb shekullit t\u00eb kaluar, n\u00ebn k\u00ebmb\u00ebt e t\u00eb cilit vihej, gjendej, shtypej, l\u00ebpihej, vendosej e shkat\u00ebrrohej gjith\u00e7ka. P\u00ebrve\u00e7se me \u201cCARIN\u201d, Sali Berisha nuk ka asnj\u00eb krahasim [&hellip;]<\/p>\n","protected":false},"author":1,"featured_media":0,"comment_status":"open","ping_status":"closed","sticky":false,"template":"","format":"standard","meta":{"footnotes":""},"categories":[2],"tags":[],"class_list":{"0":"post-6095","1":"post","2":"type-post","3":"status-publish","4":"format-standard","6":"category-artikuj"},"yoast_head":"<!-- This site is optimized with the Yoast SEO plugin v27.4 - https:\/\/yoast.com\/product\/yoast-seo-wordpress\/ -->\n<title>\u201cCari\u201d Sali Berisha - FjALA e LIR\u00cb - Arkivi<\/title>\n<meta name=\"robots\" content=\"index, follow, max-snippet:-1, max-image-preview:large, max-video-preview:-1\" \/>\n<link rel=\"canonical\" href=\"https:\/\/fjala.info\/2009-2015\/cari-sali-berisha\/\" \/>\n<meta property=\"og:locale\" content=\"sq_AL\" \/>\n<meta property=\"og:type\" content=\"article\" \/>\n<meta property=\"og:title\" content=\"\u201cCari\u201d Sali Berisha - FjALA e LIR\u00cb - Arkivi\" \/>\n<meta property=\"og:description\" content=\"Nga Kledian Lula N\u00ebse ka nj\u00eb simbol, me t\u00eb cilin mund t\u00eb krahasohet kryetari i PD dhe kryeministri shqiptar Sali Berisha, ky \u00ebsht\u00eb \u201cCARI\u201d, ish \u201cZeusi\u201d i dinastis\u00eb ruse t\u00eb shekullit t\u00eb kaluar, n\u00ebn k\u00ebmb\u00ebt e t\u00eb cilit vihej, gjendej, shtypej, l\u00ebpihej, vendosej e shkat\u00ebrrohej gjith\u00e7ka. P\u00ebrve\u00e7se me \u201cCARIN\u201d, Sali Berisha nuk ka asnj\u00eb krahasim [&hellip;]\" \/>\n<meta property=\"og:url\" content=\"https:\/\/fjala.info\/2009-2015\/cari-sali-berisha\/\" \/>\n<meta property=\"og:site_name\" content=\"FjALA e LIR\u00cb - Arkivi\" \/>\n<meta property=\"article:published_time\" content=\"2011-02-01T08:29:48+00:00\" \/>\n<meta property=\"og:image\" content=\"http:\/\/fjala.shkoder.net\/wp-content\/uploads\/2011\/01\/sali_berisha-300x205.jpg\" \/>\n<meta name=\"author\" content=\"admin\" \/>\n<meta name=\"twitter:card\" content=\"summary_large_image\" \/>\n<meta name=\"twitter:label1\" content=\"Written by\" \/>\n\t<meta name=\"twitter:data1\" content=\"admin\" \/>\n\t<meta name=\"twitter:label2\" content=\"Est. reading time\" \/>\n\t<meta name=\"twitter:data2\" content=\"7 minutes\" \/>\n<script type=\"application\/ld+json\" class=\"yoast-schema-graph\">{\"@context\":\"https:\\\/\\\/schema.org\",\"@graph\":[{\"@type\":\"Article\",\"@id\":\"https:\\\/\\\/fjala.info\\\/2009-2015\\\/cari-sali-berisha\\\/#article\",\"isPartOf\":{\"@id\":\"https:\\\/\\\/fjala.info\\\/2009-2015\\\/cari-sali-berisha\\\/\"},\"author\":{\"name\":\"admin\",\"@id\":\"https:\\\/\\\/fjala.info\\\/2009-2015\\\/#\\\/schema\\\/person\\\/3aa1163ef05469c496fc94e77611ada2\"},\"headline\":\"\u201cCari\u201d Sali Berisha\",\"datePublished\":\"2011-02-01T08:29:48+00:00\",\"mainEntityOfPage\":{\"@id\":\"https:\\\/\\\/fjala.info\\\/2009-2015\\\/cari-sali-berisha\\\/\"},\"wordCount\":1418,\"commentCount\":0,\"publisher\":{\"@id\":\"https:\\\/\\\/fjala.info\\\/2009-2015\\\/#organization\"},\"image\":{\"@id\":\"https:\\\/\\\/fjala.info\\\/2009-2015\\\/cari-sali-berisha\\\/#primaryimage\"},\"thumbnailUrl\":\"http:\\\/\\\/fjala.shkoder.net\\\/wp-content\\\/uploads\\\/2011\\\/01\\\/sali_berisha-300x205.jpg\",\"articleSection\":[\"Artikuj\"],\"inLanguage\":\"sq-AL\",\"potentialAction\":[{\"@type\":\"CommentAction\",\"name\":\"Comment\",\"target\":[\"https:\\\/\\\/fjala.info\\\/2009-2015\\\/cari-sali-berisha\\\/#respond\"]}]},{\"@type\":\"WebPage\",\"@id\":\"https:\\\/\\\/fjala.info\\\/2009-2015\\\/cari-sali-berisha\\\/\",\"url\":\"https:\\\/\\\/fjala.info\\\/2009-2015\\\/cari-sali-berisha\\\/\",\"name\":\"\u201cCari\u201d Sali Berisha - FjALA e LIR\u00cb - Arkivi\",\"isPartOf\":{\"@id\":\"https:\\\/\\\/fjala.info\\\/2009-2015\\\/#website\"},\"primaryImageOfPage\":{\"@id\":\"https:\\\/\\\/fjala.info\\\/2009-2015\\\/cari-sali-berisha\\\/#primaryimage\"},\"image\":{\"@id\":\"https:\\\/\\\/fjala.info\\\/2009-2015\\\/cari-sali-berisha\\\/#primaryimage\"},\"thumbnailUrl\":\"http:\\\/\\\/fjala.shkoder.net\\\/wp-content\\\/uploads\\\/2011\\\/01\\\/sali_berisha-300x205.jpg\",\"datePublished\":\"2011-02-01T08:29:48+00:00\",\"breadcrumb\":{\"@id\":\"https:\\\/\\\/fjala.info\\\/2009-2015\\\/cari-sali-berisha\\\/#breadcrumb\"},\"inLanguage\":\"sq-AL\",\"potentialAction\":[{\"@type\":\"ReadAction\",\"target\":[\"https:\\\/\\\/fjala.info\\\/2009-2015\\\/cari-sali-berisha\\\/\"]}]},{\"@type\":\"ImageObject\",\"inLanguage\":\"sq-AL\",\"@id\":\"https:\\\/\\\/fjala.info\\\/2009-2015\\\/cari-sali-berisha\\\/#primaryimage\",\"url\":\"http:\\\/\\\/fjala.shkoder.net\\\/wp-content\\\/uploads\\\/2011\\\/01\\\/sali_berisha-300x205.jpg\",\"contentUrl\":\"http:\\\/\\\/fjala.shkoder.net\\\/wp-content\\\/uploads\\\/2011\\\/01\\\/sali_berisha-300x205.jpg\"},{\"@type\":\"BreadcrumbList\",\"@id\":\"https:\\\/\\\/fjala.info\\\/2009-2015\\\/cari-sali-berisha\\\/#breadcrumb\",\"itemListElement\":[{\"@type\":\"ListItem\",\"position\":1,\"name\":\"Home\",\"item\":\"https:\\\/\\\/fjala.info\\\/2009-2015\\\/\"},{\"@type\":\"ListItem\",\"position\":2,\"name\":\"\u201cCari\u201d Sali Berisha\"}]},{\"@type\":\"WebSite\",\"@id\":\"https:\\\/\\\/fjala.info\\\/2009-2015\\\/#website\",\"url\":\"https:\\\/\\\/fjala.info\\\/2009-2015\\\/\",\"name\":\"FjALA e LIR\u00cb - Arkivi\",\"description\":\"Arkivi 2009-2015\",\"publisher\":{\"@id\":\"https:\\\/\\\/fjala.info\\\/2009-2015\\\/#organization\"},\"potentialAction\":[{\"@type\":\"SearchAction\",\"target\":{\"@type\":\"EntryPoint\",\"urlTemplate\":\"https:\\\/\\\/fjala.info\\\/2009-2015\\\/?s={search_term_string}\"},\"query-input\":{\"@type\":\"PropertyValueSpecification\",\"valueRequired\":true,\"valueName\":\"search_term_string\"}}],\"inLanguage\":\"sq-AL\"},{\"@type\":\"Organization\",\"@id\":\"https:\\\/\\\/fjala.info\\\/2009-2015\\\/#organization\",\"name\":\"FjALA e LIR\u00cb - Arkivi\",\"url\":\"https:\\\/\\\/fjala.info\\\/2009-2015\\\/\",\"logo\":{\"@type\":\"ImageObject\",\"inLanguage\":\"sq-AL\",\"@id\":\"https:\\\/\\\/fjala.info\\\/2009-2015\\\/#\\\/schema\\\/logo\\\/image\\\/\",\"url\":\"\",\"contentUrl\":\"\",\"caption\":\"FjALA e LIR\u00cb - Arkivi\"},\"image\":{\"@id\":\"https:\\\/\\\/fjala.info\\\/2009-2015\\\/#\\\/schema\\\/logo\\\/image\\\/\"}},{\"@type\":\"Person\",\"@id\":\"https:\\\/\\\/fjala.info\\\/2009-2015\\\/#\\\/schema\\\/person\\\/3aa1163ef05469c496fc94e77611ada2\",\"name\":\"admin\",\"image\":{\"@type\":\"ImageObject\",\"inLanguage\":\"sq-AL\",\"@id\":\"https:\\\/\\\/fjala.info\\\/2009-2015\\\/wp-content\\\/uploads\\\/2012\\\/02\\\/arben_cokaj-120x150.jpg\",\"url\":\"https:\\\/\\\/fjala.info\\\/2009-2015\\\/wp-content\\\/uploads\\\/2012\\\/02\\\/arben_cokaj-120x150.jpg\",\"contentUrl\":\"https:\\\/\\\/fjala.info\\\/2009-2015\\\/wp-content\\\/uploads\\\/2012\\\/02\\\/arben_cokaj-120x150.jpg\",\"caption\":\"admin\"},\"description\":\"Admin, Fjala e Lir\u00eb\",\"sameAs\":[\"https:\\\/\\\/fjala.info\\\/\"],\"url\":\"https:\\\/\\\/fjala.info\\\/2009-2015\\\/author\\\/admin\\\/\"}]}<\/script>\n<!-- \/ Yoast SEO plugin. -->","yoast_head_json":{"title":"\u201cCari\u201d Sali Berisha - FjALA e LIR\u00cb - Arkivi","robots":{"index":"index","follow":"follow","max-snippet":"max-snippet:-1","max-image-preview":"max-image-preview:large","max-video-preview":"max-video-preview:-1"},"canonical":"https:\/\/fjala.info\/2009-2015\/cari-sali-berisha\/","og_locale":"sq_AL","og_type":"article","og_title":"\u201cCari\u201d Sali Berisha - FjALA e LIR\u00cb - Arkivi","og_description":"Nga Kledian Lula N\u00ebse ka nj\u00eb simbol, me t\u00eb cilin mund t\u00eb krahasohet kryetari i PD dhe kryeministri shqiptar Sali Berisha, ky \u00ebsht\u00eb \u201cCARI\u201d, ish \u201cZeusi\u201d i dinastis\u00eb ruse t\u00eb shekullit t\u00eb kaluar, n\u00ebn k\u00ebmb\u00ebt e t\u00eb cilit vihej, gjendej, shtypej, l\u00ebpihej, vendosej e shkat\u00ebrrohej gjith\u00e7ka. P\u00ebrve\u00e7se me \u201cCARIN\u201d, Sali Berisha nuk ka asnj\u00eb krahasim [&hellip;]","og_url":"https:\/\/fjala.info\/2009-2015\/cari-sali-berisha\/","og_site_name":"FjALA e LIR\u00cb - Arkivi","article_published_time":"2011-02-01T08:29:48+00:00","og_image":[{"url":"http:\/\/fjala.shkoder.net\/wp-content\/uploads\/2011\/01\/sali_berisha-300x205.jpg","type":"","width":"","height":""}],"author":"admin","twitter_card":"summary_large_image","twitter_misc":{"Written by":"admin","Est. reading time":"7 minutes"},"schema":{"@context":"https:\/\/schema.org","@graph":[{"@type":"Article","@id":"https:\/\/fjala.info\/2009-2015\/cari-sali-berisha\/#article","isPartOf":{"@id":"https:\/\/fjala.info\/2009-2015\/cari-sali-berisha\/"},"author":{"name":"admin","@id":"https:\/\/fjala.info\/2009-2015\/#\/schema\/person\/3aa1163ef05469c496fc94e77611ada2"},"headline":"\u201cCari\u201d Sali Berisha","datePublished":"2011-02-01T08:29:48+00:00","mainEntityOfPage":{"@id":"https:\/\/fjala.info\/2009-2015\/cari-sali-berisha\/"},"wordCount":1418,"commentCount":0,"publisher":{"@id":"https:\/\/fjala.info\/2009-2015\/#organization"},"image":{"@id":"https:\/\/fjala.info\/2009-2015\/cari-sali-berisha\/#primaryimage"},"thumbnailUrl":"http:\/\/fjala.shkoder.net\/wp-content\/uploads\/2011\/01\/sali_berisha-300x205.jpg","articleSection":["Artikuj"],"inLanguage":"sq-AL","potentialAction":[{"@type":"CommentAction","name":"Comment","target":["https:\/\/fjala.info\/2009-2015\/cari-sali-berisha\/#respond"]}]},{"@type":"WebPage","@id":"https:\/\/fjala.info\/2009-2015\/cari-sali-berisha\/","url":"https:\/\/fjala.info\/2009-2015\/cari-sali-berisha\/","name":"\u201cCari\u201d Sali Berisha - FjALA e LIR\u00cb - Arkivi","isPartOf":{"@id":"https:\/\/fjala.info\/2009-2015\/#website"},"primaryImageOfPage":{"@id":"https:\/\/fjala.info\/2009-2015\/cari-sali-berisha\/#primaryimage"},"image":{"@id":"https:\/\/fjala.info\/2009-2015\/cari-sali-berisha\/#primaryimage"},"thumbnailUrl":"http:\/\/fjala.shkoder.net\/wp-content\/uploads\/2011\/01\/sali_berisha-300x205.jpg","datePublished":"2011-02-01T08:29:48+00:00","breadcrumb":{"@id":"https:\/\/fjala.info\/2009-2015\/cari-sali-berisha\/#breadcrumb"},"inLanguage":"sq-AL","potentialAction":[{"@type":"ReadAction","target":["https:\/\/fjala.info\/2009-2015\/cari-sali-berisha\/"]}]},{"@type":"ImageObject","inLanguage":"sq-AL","@id":"https:\/\/fjala.info\/2009-2015\/cari-sali-berisha\/#primaryimage","url":"http:\/\/fjala.shkoder.net\/wp-content\/uploads\/2011\/01\/sali_berisha-300x205.jpg","contentUrl":"http:\/\/fjala.shkoder.net\/wp-content\/uploads\/2011\/01\/sali_berisha-300x205.jpg"},{"@type":"BreadcrumbList","@id":"https:\/\/fjala.info\/2009-2015\/cari-sali-berisha\/#breadcrumb","itemListElement":[{"@type":"ListItem","position":1,"name":"Home","item":"https:\/\/fjala.info\/2009-2015\/"},{"@type":"ListItem","position":2,"name":"\u201cCari\u201d Sali Berisha"}]},{"@type":"WebSite","@id":"https:\/\/fjala.info\/2009-2015\/#website","url":"https:\/\/fjala.info\/2009-2015\/","name":"FjALA e LIR\u00cb - Arkivi","description":"Arkivi 2009-2015","publisher":{"@id":"https:\/\/fjala.info\/2009-2015\/#organization"},"potentialAction":[{"@type":"SearchAction","target":{"@type":"EntryPoint","urlTemplate":"https:\/\/fjala.info\/2009-2015\/?s={search_term_string}"},"query-input":{"@type":"PropertyValueSpecification","valueRequired":true,"valueName":"search_term_string"}}],"inLanguage":"sq-AL"},{"@type":"Organization","@id":"https:\/\/fjala.info\/2009-2015\/#organization","name":"FjALA e LIR\u00cb - Arkivi","url":"https:\/\/fjala.info\/2009-2015\/","logo":{"@type":"ImageObject","inLanguage":"sq-AL","@id":"https:\/\/fjala.info\/2009-2015\/#\/schema\/logo\/image\/","url":"","contentUrl":"","caption":"FjALA e LIR\u00cb - Arkivi"},"image":{"@id":"https:\/\/fjala.info\/2009-2015\/#\/schema\/logo\/image\/"}},{"@type":"Person","@id":"https:\/\/fjala.info\/2009-2015\/#\/schema\/person\/3aa1163ef05469c496fc94e77611ada2","name":"admin","image":{"@type":"ImageObject","inLanguage":"sq-AL","@id":"https:\/\/fjala.info\/2009-2015\/wp-content\/uploads\/2012\/02\/arben_cokaj-120x150.jpg","url":"https:\/\/fjala.info\/2009-2015\/wp-content\/uploads\/2012\/02\/arben_cokaj-120x150.jpg","contentUrl":"https:\/\/fjala.info\/2009-2015\/wp-content\/uploads\/2012\/02\/arben_cokaj-120x150.jpg","caption":"admin"},"description":"Admin, Fjala e Lir\u00eb","sameAs":["https:\/\/fjala.info\/"],"url":"https:\/\/fjala.info\/2009-2015\/author\/admin\/"}]}},"_links":{"self":[{"href":"https:\/\/fjala.info\/2009-2015\/wp-json\/wp\/v2\/posts\/6095","targetHints":{"allow":["GET"]}}],"collection":[{"href":"https:\/\/fjala.info\/2009-2015\/wp-json\/wp\/v2\/posts"}],"about":[{"href":"https:\/\/fjala.info\/2009-2015\/wp-json\/wp\/v2\/types\/post"}],"author":[{"embeddable":true,"href":"https:\/\/fjala.info\/2009-2015\/wp-json\/wp\/v2\/users\/1"}],"replies":[{"embeddable":true,"href":"https:\/\/fjala.info\/2009-2015\/wp-json\/wp\/v2\/comments?post=6095"}],"version-history":[{"count":0,"href":"https:\/\/fjala.info\/2009-2015\/wp-json\/wp\/v2\/posts\/6095\/revisions"}],"wp:attachment":[{"href":"https:\/\/fjala.info\/2009-2015\/wp-json\/wp\/v2\/media?parent=6095"}],"wp:term":[{"taxonomy":"category","embeddable":true,"href":"https:\/\/fjala.info\/2009-2015\/wp-json\/wp\/v2\/categories?post=6095"},{"taxonomy":"post_tag","embeddable":true,"href":"https:\/\/fjala.info\/2009-2015\/wp-json\/wp\/v2\/tags?post=6095"}],"curies":[{"name":"wp","href":"https:\/\/api.w.org\/{rel}","templated":true}]}}