{"id":6092,"date":"2011-02-01T00:35:13","date_gmt":"2011-01-31T23:35:13","guid":{"rendered":"http:\/\/fjala.shkoder.net\/?p=6092"},"modified":"2011-02-01T00:35:13","modified_gmt":"2011-01-31T23:35:13","slug":"liria-e-kercenuar-nga-feudi-i-injorances","status":"publish","type":"post","link":"https:\/\/fjala.info\/2009-2015\/liria-e-kercenuar-nga-feudi-i-injorances\/","title":{"rendered":"Liria e k\u00ebrc\u00ebnuar nga feudi i injoranc\u00ebs"},"content":{"rendered":"<p><img loading=\"lazy\" decoding=\"async\" class=\"alignright size-medium wp-image-6057\" title=\"Sali Berisha\" src=\"http:\/\/fjala.shkoder.net\/wp-content\/uploads\/2011\/01\/sali_berisha-300x205.jpg\" alt=\"\" width=\"300\" height=\"205\" \/><\/p>\n<p><strong>Enriko Ceko<\/strong><\/p>\n<p>Liria \u00ebsht\u00eb nj\u00eb koncept i gjer\u00eb, q\u00eb, p\u00ebrve\u00e7 t\u00eb tjerash, p\u00ebrfshin edhe disa t\u00eb drejta baz\u00eb dhe disa detyrime t\u00eb nd\u00ebrsjella, t\u00eb paracaktuara, midis qytetar\u00ebve dhe qeverisjes. \u00cbsht\u00eb e dukshme se n\u00eb Shqip\u00ebri, n\u00eb m\u00ebnyr\u00eb t\u00eb hapur lirit\u00eb baz\u00eb dhunohen e k\u00ebrc\u00ebnohen n\u00eb m\u00ebnyr\u00eb t\u00eb vazhdueshme dhe kjo nga ata q\u00eb e kan\u00eb k\u00ebt\u00eb mund\u00ebsi, q\u00eb jan\u00eb n\u00eb fakt shtetar\u00ebt e k\u00ebtij vendi t\u00eb vog\u00ebl, t\u00eb cil\u00ebt q\u00ebndrojn\u00eb n\u00eb krye t\u00eb zyrave t\u00eb shtetit si monark\u00eb t\u00eb pashpallur dhe kjo sepse p\u00ebrzgjedhja e tyre \u00ebsht\u00eb b\u00ebr\u00eb n\u00eb m\u00ebnyr\u00eb krejt abuzive dhe t\u00eb jasht\u00ebligjshme.<\/p>\n<p>K\u00ebta tipa jan\u00eb b\u00ebr\u00eb bllok kund\u00ebr qytetaris\u00eb dhe lirive e t\u00eb drejtave themelore t\u00eb njeriut dhe po sillen sikur Shqip\u00ebria t\u00eb ishte nj\u00eb feud, q\u00eb u \u00ebsht\u00eb dh\u00ebn\u00eb atyre n\u00eb pafund\u00ebsi. K\u00ebta individ\u00eb, t\u00eb shtresave t\u00eb mesme dhe t\u00eb larta t\u00eb qeverisjes, q\u00eb i kan\u00eb z\u00ebn\u00eb k\u00ebto vende pune me lidhje farefisnie, me para n\u00ebn tavolin\u00eb, me konkurse fiktive dhe \/ ose me telefonata nga shefat e m\u00ebdhenj apo me lista n\u00eb blloqet e kryetar\u00ebve t\u00eb partive n\u00eb koalicion, me paaft\u00ebsin\u00eb, korrupsionin, injoranc\u00ebn dhe mendjemadh\u00ebsin\u00eb e tyre, b\u00ebjn\u00eb q\u00eb njer\u00ebzit t\u00eb arrijn\u00eb deri aty sa t\u00eb dalin n\u00eb protesta t\u00eb vazhdueshme p\u00ebr t\u00eb mbrojtur edhe me forc\u00eb t\u00eb drejtat e tyre legjitime, q\u00eb u shkelen n\u00eb m\u00ebnyr\u00eb t\u00eb vazhdueshme nga k\u00ebta an\u00ebtar\u00eb t\u00eb feudit t\u00eb injoranc\u00ebs n\u00eb pushtet.<\/p>\n<p>Nj\u00eb nd\u00ebr t\u00eb drejtat kryesore t\u00eb njeriut n\u00eb nj\u00eb vend demokratik \u00ebsht\u00eb e drejta p\u00ebr t\u2019u mbledhur s\u00eb bashku, p\u00ebr t\u00eb shprehur n\u00eb m\u00ebnyr\u00eb kolektive e p\u00ebr t\u00eb promovuar, ndjekur dhe mbrojtur interesa t\u00eb p\u00ebrbashk\u00ebta. Kjo \u00ebsht\u00eb nj\u00eb e drejt\u00eb humane, politike dhe civile. Pjes\u00eb e s\u00eb drejt\u00ebs p\u00ebr t\u2019u mbledhur \u00ebsht\u00eb edhe e drejta e protest\u00ebs. Pran\u00eb k\u00ebsaj t\u00eb drejte q\u00ebndron edhe e drejta p\u00ebr t\u2019u organizuar, si nj\u00eb e drejt\u00eb individuale dhe kolektive p\u00ebr t\u00eb shprehur, nxitur, ndjekur dhe mbrojtur interesa t\u00eb p\u00ebrbashk\u00ebta, q\u00eb shpesh marrin sensin e mbrojtjes s\u00eb t\u00eb drejtave t\u00eb pun\u00ebtor\u00ebve, si nj\u00eb nga elementet m\u00eb t\u00eb r\u00ebnd\u00ebsishme t\u00eb Deklarat\u00ebs Universale t\u00eb t\u00eb Drejtave t\u00eb Njeriut dhe Konvent\u00ebs s\u00eb Organizat\u00ebs Nd\u00ebrkomb\u00ebtare t\u00eb Pun\u00ebs.<\/p>\n<p>\u00cbsht\u00eb e dukshme se t\u00eb drejtat p\u00ebr t\u2019u mbledhur, protestuar dhe organizuar jan\u00eb t\u00eb dhunuara n\u00eb Shqip\u00ebri, pasi mjafton t\u00eb p\u00ebrmendet fakti se kreu i Sindikatave t\u00eb Pun\u00ebtor\u00ebve n\u00eb vend d\u00ebnohet me kusht p\u00ebr t\u00eb mos marr\u00eb pjes\u00eb n\u00eb protesta kund\u00ebr qeveris\u00eb dhe t\u00eb kuptohet se atij i ndalohet ajo q\u00eb ai duhet t\u00eb b\u00ebj\u00eb n\u00eb fakt, t\u00eb protestoj\u00eb, q\u00eb \u00ebsht\u00eb e drejta themelore e \u00e7do njeriu q\u00eb i dhunohet e drejta p\u00ebr pun\u00eb e jo m\u00eb e drejta e kreut t\u00eb Sindikatave t\u00eb Pun\u00ebtor\u00ebve.<\/p>\n<p>Nj\u00eb tjet\u00ebr e drejt\u00eb e dhunuar n\u00eb vend \u00ebsht\u00eb e drejta p\u00ebr t\u00eb l\u00ebvizur, udh\u00ebtuar e q\u00ebndruar n\u00eb nj\u00eb vend ku shihet e arsyeshme dhe e pranueshme nga individi. Kjo \u00ebsht\u00eb nj\u00eb e drejt\u00eb humane e respektuar n\u00eb t\u00eb t\u00ebra Kushtetutat e vendeve europiane. Qytetar\u00ebt e shteteve t\u00eb ndryshme kan\u00eb t\u00eb drejt\u00eb t\u00eb udh\u00ebtojn\u00eb, q\u00ebndrojn\u00eb dhe punojn\u00eb atje ku mendojn\u00eb se respektohen t\u00eb drejtat e tyre humane dhe t\u00eb t\u00eb tjer\u00ebve dhe t\u00eb l\u00ebn\u00eb at\u00eb shtet dhe t\u00eb kthehen atje ku ishin apo t\u00eb shkojn\u00eb n\u00eb ndonj\u00eb vend tjet\u00ebr pa kufizim.<\/p>\n<p>N\u00eb fakt, edhe pse qytetar\u00ebt shqiptar\u00eb tashm\u00eb jan\u00eb t\u00eb lir\u00eb t\u00eb udh\u00ebtojn\u00eb n\u00eb pjes\u00ebn m\u00eb t\u00eb madhe t\u00eb kontinentit pa viza, t\u00eb drejt\u00eb q\u00eb e fituan pas nj\u00eb p\u00ebrpjekjeje dhjet\u00ebravje\u00e7are, e drejta e q\u00ebndrimit dhe e pun\u00ebsimit u \u00ebsht\u00eb ndaluar dhe kjo jo p\u00ebr faj t\u00eb qytetaris\u00eb shqiptare, por p\u00ebr faj dhe vet\u00ebm p\u00ebr faj t\u00eb rendit politik n\u00eb vend, q\u00eb e ka katandisur qytetarin\u00eb shqiptare n\u00eb k\u00ebt\u00eb far\u00eb derexheje ku sapo shkel n\u00eb kufirin e nj\u00eb vendi europian, t\u00eb shohin si kavje laboratori e t\u00eb kontrollojn\u00eb dh\u00ebmb\u00eb e dh\u00ebmball\u00eb. \u00cbsht\u00eb e kuptueshme se feudi i injoranc\u00ebs, sado p\u00ebrpjekje q\u00eb t\u00eb b\u00ebj\u00eb, p\u00ebr t\u2019u z\u00ebn\u00eb goj\u00ebn, syt\u00eb dhe vesh\u00ebt qytetar\u00ebve, nuk ka asnj\u00eb shans q\u00eb t\u00eb ndihmoj\u00eb n\u00eb k\u00ebt\u00eb drejtim, sepse nuk mund t\u00eb zhb\u00ebhet me nj\u00eb dit\u00eb apo nj\u00eb jav\u00eb, e t\u00ebr\u00eb ajo q\u00eb \u00ebsht\u00eb b\u00ebr\u00eb p\u00ebr m\u00eb shum\u00eb se 20 vite kund\u00ebr qytetaris\u00eb dhe imazhit t\u00eb shqiptar\u00ebve n\u00eb bot\u00eb.<\/p>\n<p>Edhe liria e besimit, nj\u00eb princip q\u00eb mb\u00ebshtet lirin\u00eb e individit dhe t\u00eb komuniteteve q\u00eb t\u00eb shprehin dhe manifestojn\u00eb pa kufizim besimin fetar, m\u00ebsimin dhe\/apo praktikimin e tij, p\u00ebrfshir\u00eb k\u00ebtu edhe t\u00eb drejt\u00ebn e ndryshimit t\u00eb besimit dhe t\u00eb mos ndjekjes s\u00eb ndonj\u00eb besimi, \u00ebsht\u00eb nj\u00eb e drejt\u00eb baz\u00eb e njeriut. Si pasoj\u00eb, n\u00eb nj\u00eb shtet me nj\u00eb shumic\u00eb besimtare t\u00eb caktuar kjo do t\u00eb thot\u00eb se lejohen edhe praktikat e sekteve t\u00eb tjera dhe se nuk persekutohen besimtar\u00ebt e besimeve t\u00eb tjera. N\u00eb fakt, kjo \u00ebsht\u00eb pasuria m\u00eb e madhe e kombit shqiptar, por edhe k\u00ebtu po vihen re nd\u00ebrhyrje t\u00eb politik\u00ebs p\u00ebr t\u00eb manipuluar ndjenjat e qytetar\u00ebve shqiptar\u00eb t\u00eb besimeve t\u00eb ndryshme n\u00eb lidhje me t\u00eb tjer\u00ebt dhe m\u00ebsimin apo praktikimin e besimeve t\u00eb tjera.<\/p>\n<p>N\u00eb mjaft raste \u00ebsht\u00eb v\u00ebn\u00eb re se drejtues politik\u00eb institucionesh t\u00eb r\u00ebnd\u00ebsishme largojn\u00eb nga puna ose nuk pranojn\u00eb n\u00eb pun\u00eb individ\u00eb q\u00eb jan\u00eb me besime fetare t\u00eb ndryshme nga ajo e kreut t\u00eb institucionit dhe nga ajo e shumic\u00ebs s\u00eb punonj\u00ebsve. Gjithashtu, n\u00eb mjaft raste, \u00ebsht\u00eb v\u00ebn\u00eb re se individ\u00eb t\u00eb besimeve fetare t\u00eb shumic\u00ebs, n\u00eb rastet e festave t\u00eb tyre religjioze, pyesin me q\u00ebllim dhe prapamendim, praktikuesit e besimeve t\u00eb tjera fetare minore, pik\u00ebrisht n\u00eb vendin e tyre t\u00eb pun\u00ebs, n\u00ebse e festuan fest\u00ebn dhe n\u00ebse ia uruan at\u00eb besimtar\u00ebve t\u00eb besimit tjet\u00ebr dhe pastaj fillojn\u00eb thashethemet, dasit\u00eb, represioni e lin\u00e7imet n\u00eb vendin e pun\u00ebs.<\/p>\n<p>Po ashtu, liria e fjal\u00ebs \u00ebsht\u00eb nj\u00eb liri p\u00ebr t\u00eb folur n\u00eb m\u00ebnyr\u00eb t\u00eb lir\u00eb pa censur\u00eb dhe pa asnj\u00eb kufizim. Kjo p\u00ebrfshin edhe t\u00eb drejt\u00ebn e k\u00ebrkimit, marrjes dhe p\u00ebrdorimit t\u00eb informacioneve publike, por edhe pse n\u00eb vend ka nj\u00eb ligj p\u00ebr k\u00ebt\u00eb, jan\u00eb shtetar\u00ebt e feudit t\u00eb injorant\u00ebve q\u00eb e dhunojn\u00eb k\u00ebt\u00eb ligj, duke mos u kthyer p\u00ebrgjigje qytetar\u00ebve kur ata k\u00ebrkojn\u00eb informacione dhe dokumente publike p\u00ebr \u00e7\u00ebshtjet q\u00eb atyre u interesojn\u00eb, duke u sjell\u00eb vonesa qytetar\u00ebve n\u00eb zgjidhjen e halleve t\u00eb tyre e duke i penguar ata n\u00eb jet\u00ebn e tyre t\u00eb p\u00ebrditshme me t\u00eb tilla situata t\u00eb pak\u00ebndshme, n\u00eb m\u00ebnyr\u00eb q\u00eb qytetar\u00ebt t\u00eb mos ken\u00eb koh\u00eb t\u00eb diskutojn\u00eb p\u00ebr \u00e7\u00ebshtjet madhore t\u00eb qytetaris\u00eb, por t\u00eb merren me v\u00ebshtir\u00ebsit\u00eb artificiale, q\u00eb u nxjerr p\u00ebrpara atyre feudi i injorant\u00ebve.<\/p>\n<p>Liria e medias \u00ebsht\u00eb liria q\u00eb t\u00eb t\u00ebr\u00eb t\u00eb ken\u00eb shansin t\u00eb shprehin n\u00ebp\u00ebrmjet mjeteve mediatike dhe materialeve t\u00eb printuara, pik\u00ebpamjet e tyre. N\u00eb Deklarat\u00ebn Universale t\u00eb t\u00eb Drejtave t\u00eb Njeriut thuhet: \u201c\u00c7dokush ka t\u00eb drejt\u00eb p\u00ebr liri opinioni dhe shprehjeje dhe kjo e drejt\u00eb p\u00ebrfshin lirin\u00eb p\u00ebr t\u00eb pasur opinione pa nd\u00ebrhyrje dhe pasjen e kalimin e informacionit nga dhe n\u00eb \u00e7do media pa kufi\u201d. Kjo ide n\u00eb \u00e7do vend shoq\u00ebrohet me legjislacionin p\u00ebrkat\u00ebs, por n\u00eb kushtet e vendit ton\u00eb duket sheshit se pjes\u00eb apo segmente mediatike jan\u00eb n\u00eb sh\u00ebrbim t\u00eb segmenteve t\u00eb caktuara politike n\u00eb drejtim, q\u00eb cenojn\u00eb apo kufizojn\u00eb dhe ndalojn\u00eb lirin\u00eb e t\u00eb shprehurit t\u00eb qytetar\u00ebve apo p\u00ebrdorin mjete presioni e represioni ndaj pik\u00ebpamjeve t\u00eb t\u00eb tjer\u00ebve n\u00ebp\u00ebrmjet mediave t\u00eb ndryshme. Kjo lidhet n\u00eb m\u00ebnyr\u00eb t\u00eb padiskutueshme me lirin\u00eb e mendimit apo lirin\u00eb e koshienc\u00ebs apo t\u00eb ideve, q\u00eb \u00ebsht\u00eb nj\u00eb liri individuale p\u00ebr t\u00eb pasur apo konsideruar faktet, k\u00ebndv\u00ebshtrimet dhe mendimet, pavar\u00ebsisht nga ato t\u00eb t\u00eb tjer\u00ebve, si themeli i zhvillimit dhe i prosperitetit.<\/p>\n<p>Nj\u00eb element shum\u00eb i r\u00ebnd\u00ebsish\u00ebm i lirive dhe t\u00eb drejtave t\u00eb njeriut \u00ebsht\u00eb liria e privat\u00ebsis\u00eb, q\u00eb ka t\u00eb b\u00ebj\u00eb me at\u00eb se qytetar\u00ebt duhet t\u00eb jen\u00eb t\u00eb sigurt n\u00eb veten e tyre, p\u00ebr sht\u00ebpin\u00eb dhe dokumentet e tyre individuale dhe familjare, si dhe t\u00eb jen\u00eb t\u00eb garantuar se kund\u00ebr tyre nuk ka pasur, nuk ka dhe nuk do t\u00eb ket\u00eb efekte, k\u00ebqyrje, dhunime e ndjekje t\u00eb paarsyeshme n\u00ebse nuk ka dyshime t\u00eb arsyeshme, prova dhe afirmime, n\u00eb m\u00ebnyr\u00eb q\u00eb t\u00eb jen\u00eb t\u00eb p\u00ebrcaktuara qart\u00eb vendet, personat e dokumentet q\u00eb k\u00ebqyren e ndiqen ligj\u00ebrisht.<\/p>\n<p>Mbi k\u00ebt\u00eb baz\u00eb, k\u00ebrkimi, arrestimi dhe marrja e informacioneve dhe dokumenteve kufizohet vet\u00ebm n\u00eb fokusin e informacionit specifik, gjithmon\u00eb p\u00ebrpara nj\u00eb gjykate, por n\u00eb fakt, rastet kur qytetar\u00ebt e pafajsh\u00ebm e p\u00ebsojn\u00eb n\u00eb m\u00ebnyr\u00eb t\u00eb padrejt\u00eb pasi nuk kan\u00eb kryer gj\u00ebra t\u00eb jasht\u00ebligjshme dhe kur fajtor\u00ebt nuk p\u00ebsojn\u00eb asgj\u00eb p\u00ebr aktet e jasht\u00ebligjshme q\u00eb kryejn\u00eb, jan\u00eb aq t\u00eb shumta sa i detyrojn\u00eb njer\u00ebzit e ndersh\u00ebm t\u00eb dalin n\u00eb protesta p\u00ebr t\u00eb shprehur pik\u00ebpamjet e tyre, sepse askush nuk i d\u00ebgjon ndryshe.<\/p>\n<p>Edhe e drejta e vot\u00ebs \u00ebsht\u00eb nj\u00eb e drejt\u00eb civile baz\u00eb. P\u00ebr t\u00eb ushtruar k\u00ebt\u00eb t\u00eb drejt\u00eb, vota duhet t\u00eb jepet pa nd\u00ebrhyrje dhe e pa dhunuar. Kjo shtrihet edhe n\u00eb iniciativat e ndryshme qytetare deri te referendumet. Por, edhe n\u00eb rastet kur qytetar\u00ebt e japin verdiktin e tyre pa nd\u00ebrhyrje parazgjedhore dhe gjat\u00eb zgjedhjeve, vota devijohet nga nd\u00ebrhyrjet paszgjedhore, p\u00ebr shkak t\u00eb feudit t\u00eb injorant\u00ebve, q\u00eb mendon se e v\u00ebrteta nuk del asnj\u00ebher\u00eb n\u00eb shesh. Feudi i injorant\u00ebve, p\u00ebr t\u00eb devijuar vot\u00ebn, p\u00ebrdor metoda nga m\u00eb t\u00eb ndryshmet, q\u00eb p\u00ebrfshijn\u00eb blerjen e komisioner\u00ebve, ndryshimin e kutive t\u00eb votimit, manipulimin e procesverbaleve t\u00eb votimeve etj. Dhe e t\u00ebr\u00eb kjo vet\u00ebm e vet\u00ebm p\u00ebr t\u00eb p\u00ebrjet\u00ebsuar feudin, gj\u00eb q\u00eb \u00ebsht\u00eb e pamundur, sado koh\u00eb t\u00eb rrij\u00eb feudi n\u00eb pushtet, sepse baza apo shumica e feudit \u00ebsht\u00eb injorante.<\/p>\n<p>Nj\u00eb aspekt tjet\u00ebr shum\u00eb interesant q\u00eb shoq\u00ebron feudin e injoranc\u00ebs p\u00ebrgjat\u00eb t\u00ebr\u00eb historis\u00eb s\u00eb njer\u00ebzimit \u00ebsht\u00eb d\u00ebshira e pakufishme q\u00eb an\u00ebtar\u00ebt e zgjedhur t\u00eb feudit t\u00eb duken dhe t\u00eb shpallen t\u00eb t\u00ebr\u00eb inteligjent\u00eb dhe q\u00eb kan\u00eb aft\u00ebsi t\u00eb m\u00ebdha shkencore, akademike apo hyjnore. E drejta shkencore \u00ebsht\u00eb ideja e liris\u00eb s\u00eb aplikimit n\u00eb shkencat e ndryshme t\u00eb praktikave t\u00eb k\u00ebrkimit shkencor.<\/p>\n<p>P\u00ebr k\u00ebt\u00eb, feudi p\u00ebrzgjedh disa individ\u00eb t\u00eb cil\u00ebve u v\u00eb nofk\u00ebn \u201cshkenc\u00ebtar\u00eb\u201d, t\u00eb cil\u00ebt pun\u00ebsohen n\u00eb qendra k\u00ebrkimore e shkencore dhe n\u00eb universitete kryesisht publike, vet\u00ebm e vet\u00ebm p\u00ebr t\u00eb abuzuar me fondet, q\u00eb ata marrin nga feudi p\u00ebr gjasme \u201ck\u00ebrkime shkencore\u201d, nd\u00ebrsa t\u00eb tjer\u00ebve, edhe pse jan\u00eb m\u00eb t\u00eb aft\u00eb se \u201cshkenc\u00ebtar\u00ebt\u201d e feudit, kjo mb\u00ebshtetje nuk u jepet, por arrihet deri aty sa t\u00eb lihen t\u00eb papun\u00eb, edhe pse kan\u00eb shum\u00eb shkoll\u00eb dhe p\u00ebrvoj\u00eb pune dhe kualifikime, dhe e t\u00ebr\u00eb kjo sepse k\u00ebta t\u00eb fundit nuk duan q\u00eb b\u00ebhen pjes\u00eb e feudit t\u00eb injorant\u00ebve dhe pjes\u00eb e vjedhjes s\u00eb madhe t\u00eb fondeve \u201cp\u00ebr k\u00ebrkime shkencore\u201d e t\u00eb tilla situata t\u00eb ngjashme.<\/p>\n<p>Kjo nd\u00ebrthuret edhe me lirin\u00eb akademike, q\u00eb \u00ebsht\u00eb besimi q\u00eb kan\u00eb student\u00ebt dhe pedagog\u00ebt e fakulteteve n\u00eb universitetet publike dhe private n\u00eb lidhje me misionin e akademizm\u00ebs, q\u00eb \u00ebsht\u00eb prirja p\u00ebr p\u00ebrmir\u00ebsimin m\u00eb tej n\u00eb m\u00ebnyr\u00eb t\u00eb vazhdueshme t\u00eb jet\u00ebs ton\u00eb t\u00eb p\u00ebrditshme dhe, se, p\u00ebr k\u00ebt\u00eb, shkollar\u00ebt duhet t\u00eb ken\u00eb liri p\u00ebr t\u00eb m\u00ebsuar dhe p\u00ebr t\u00eb komunikuar idet\u00eb dhe faktet (p\u00ebrfshir\u00eb k\u00ebtu edhe ato q\u00eb nuk jan\u00eb t\u00eb p\u00ebrshtatshme p\u00ebr grupet politike dhe autoritetet) dhe kjo pa qen\u00eb target i represionit, humbjes s\u00eb pun\u00ebs apo burgosjes.<\/p>\n<p>Ka raste t\u00eb shumta q\u00eb, student\u00ebt, q\u00eb pretendojn\u00eb t\u00eb jen\u00eb n\u00eb t\u00eb ardhmen pjes\u00eb e feudit t\u00eb injoranc\u00ebs, i incizojn\u00eb, filmojn\u00eb dhe fotografojn\u00eb student\u00ebt e tjer\u00eb dhe pedagog\u00ebt e tyre n\u00eb leksione e praktika m\u00ebsimore, p\u00ebr at\u00eb se \u00e7far\u00eb thon\u00eb k\u00ebta n\u00eb lidhje me k\u00ebt\u00eb apo at\u00eb \u00e7\u00ebshtje dhe kjo b\u00ebhet shkak p\u00ebr t\u2019i lin\u00e7uar k\u00ebta student\u00eb dhe pedagog\u00eb n\u00eb t\u00eb ardhmen. K\u00ebto metoda antiakademike dhe antishkencore largojn\u00eb qytetarin\u00eb nga drejtimi i vendit dhe heqin shansin q\u00eb n\u00eb zyrat e shtetit t\u00eb pun\u00ebsohen njer\u00ebz me ide dhe pik\u00ebpamje p\u00ebrparimtare dhe q\u00eb respektojn\u00eb e mbrojn\u00eb lirit\u00eb e t\u00eb drejtat themelore t\u00eb njeriut, p\u00ebrfshir\u00eb k\u00ebtu edhe lirin\u00eb akademike, p\u00ebr t\u00eb p\u00ebrmir\u00ebsuar jet\u00ebn n\u00eb vazhdim\u00ebsi, si themeli i akademizm\u00ebs.<\/p>\n<p>Dhe n\u00eb fund, duke p\u00ebrsiatur n\u00eb lidhje me nj\u00eb nga lirit\u00eb kryesore t\u00eb njeriut, q\u00eb \u00ebsht\u00eb liria ekonomike, nj\u00eb liri e p\u00ebrgjithshme, q\u00eb lidhet me tregun e lir\u00eb dhe t\u00eb drejt\u00ebn e pron\u00ebs private, duhet th\u00ebn\u00eb se n\u00eb Shqip\u00ebri kjo liri dhe e drejt\u00eb \u00ebsht\u00eb dhunuar n\u00eb m\u00ebnyr\u00eb sistematike. Kjo liri dhe e drejt\u00eb lidhet me t\u00eb drejt\u00ebn e zgjedhjes individuale, zgjedhjes s\u00eb mund\u00ebsive, liris\u00eb p\u00ebr t\u00eb prodhuar, tregtuar dhe konsumuar mallra e sh\u00ebrbime pa p\u00ebrdorimin e forc\u00ebs, vjedhjes apo falsifikimit.<\/p>\n<p>S\u00eb bashku me k\u00ebt\u00eb jan\u00eb bashk\u00ebngjitur e drejta p\u00ebr t\u00eb n\u00ebnshkruar kontrata, e drejta e autorit, liria e iniciativave ekonomike etj. \u00cbsht\u00eb e pranuar nga t\u00eb gjith\u00eb se liria ekonomike ekziston atje ku ka standarde t\u00eb larta jetese, rritje ekonomike, barazi n\u00eb shp\u00ebrndarjen dhe rishp\u00ebrndarjen e t\u00eb ardhurave, atje ku korrupsioni \u00ebsht\u00eb n\u00eb nivel t\u00eb ul\u00ebt dhe ku dhuna politike \u00ebsht\u00eb shum\u00eb larg nga tregu i lir\u00eb dhe lirit\u00eb ekonomike, karakteristika k\u00ebto q\u00eb e mbajn\u00eb Shqip\u00ebrin\u00eb mjaft larg nga t\u00eb qenit nj\u00eb vend demokratik dhe t\u00eb lir\u00eb jo vet\u00ebm n\u00eb aspektin ekonomik, por n\u00eb t\u00eb t\u00ebra aspektet.<\/p>\n<p>Dhe e t\u00ebr\u00eb kjo situat\u00eb e pak\u00ebndshme dhe e papranueshme vjen vet\u00ebm e vet\u00ebm nga ekzistenca e feudit t\u00eb injoranc\u00ebs, q\u00eb po sundon vendin. Pas 20 vitesh p\u00ebrpjekjesh t\u00eb vazhdueshme p\u00ebr liri dhe demokraci shikon se n\u00eb asnj\u00eb dikaster nuk ka orare t\u00eb pritjes s\u00eb qytetar\u00ebve. Asnj\u00eb qytetar nuk merr p\u00ebrgjigje p\u00ebr ankesat q\u00eb ka, dhe, edhe kur merr p\u00ebrgjigje ajo \u00ebsht\u00eb negative. Numri i pronar\u00ebve t\u00eb cil\u00ebve u dhunohet prona rritet nga dita n\u00eb dit\u00eb.<\/p>\n<p>Numri i bizneseve q\u00eb ankohen se u dhunohet e drejta e pron\u00ebsis\u00eb, veprimtaria e tyre ekonomike, pron\u00ebsia intelektuale dhe e drejta e autorit \u00ebsht\u00eb n\u00eb rritje. Numri i akademik\u00ebve t\u00eb palidhur me pushtetin, q\u00eb japin ide p\u00ebr p\u00ebrmir\u00ebsimin e jet\u00ebs dhe, q\u00eb, idet\u00eb e tyre nuk merren parasysh apo u vidhen hapur n\u00eb mes t\u00eb dit\u00ebs, po shtohet p\u00ebrher\u00eb e m\u00eb shum\u00eb. Shum\u00eb njer\u00ebz duan t\u00eb thon\u00eb mendimet dhe pik\u00ebpamjet e tyre dhe askush nuk u hap dyert p\u00ebr k\u00ebt\u00eb, edhe kur k\u00ebto mendime dhe pik\u00ebpamje jan\u00eb mjaft t\u00eb mira.<\/p>\n<p>Numri i punonj\u00ebsve q\u00eb u shkelen t\u00eb drejtat nga pun\u00ebdh\u00ebn\u00ebsit dhe q\u00eb paraqiten n\u00eb dyert e gjykatave p\u00ebr k\u00ebt\u00eb \u00ebsht\u00eb shum\u00eb i madh. Askush q\u00eb aplikon n\u00eb m\u00ebnyr\u00eb t\u00eb drejt\u00eb p\u00ebr pun\u00eb n\u00eb Departamentin e Administrat\u00ebs Publike, edhe pse del i pari nuk e fiton vendin e pun\u00ebs dhe kjo sepse feudi nuk lejon q\u00eb qytetar\u00ebt t\u00eb pun\u00ebsohen atje ku d\u00ebshirojn\u00eb mbi baz\u00ebn e konkurrimit t\u00eb ndersh\u00ebm. Vendet e pun\u00ebs i marrin njer\u00ebz fare pran\u00eb politik\u00ebs, me lidhje farefisnie me politikan\u00ebt n\u00eb pushtet dhe t\u00eb tjer\u00eb q\u00eb me metoda dhe praktika korruptive synojn\u00eb t\u00eb b\u00ebjn\u00eb karrier\u00eb atje ku nuk u takon.<\/p>\n<p>K\u00ebta tipa, duke qen\u00eb t\u00eb paaft\u00eb t\u00eb b\u00ebjn\u00eb pun\u00ebn, duke e ditur se e kan\u00eb t\u00eb shkurt\u00ebr dit\u00ebn n\u00eb at\u00eb pozicion, duke u korruptuar apo duke korruptuar, nd\u00ebrmarrin vendime dhe veprime q\u00eb cenojn\u00eb interesat e qytetar\u00ebve ose nuk nd\u00ebrmarrin vendime dhe veprime q\u00eb mbrojn\u00eb interesat e publikut dhe duke b\u00ebr\u00eb k\u00ebto, ata nuk b\u00ebjn\u00eb gj\u00eb tjet\u00ebr ve\u00e7se cenojn\u00eb dhe dhunojn\u00eb lirit\u00eb dhe t\u00eb drejtat themelore t\u00eb njeriut, p\u00ebr t\u00eb cilat aspiron pjesa m\u00eb e madhe e qytetar\u00ebve t\u00eb k\u00ebtij vendi, q\u00eb synon integrimin dhe zhvillimin, integrim dhe zhvillim q\u00eb nuk mund t\u2019i sjell\u00eb kurr\u00eb feudi i injoranc\u00ebs n\u00eb pushtet.<\/p>\n","protected":false},"excerpt":{"rendered":"<p>Enriko Ceko Liria \u00ebsht\u00eb nj\u00eb koncept i gjer\u00eb, q\u00eb, p\u00ebrve\u00e7 t\u00eb tjerash, p\u00ebrfshin edhe disa t\u00eb drejta baz\u00eb dhe disa detyrime t\u00eb nd\u00ebrsjella, t\u00eb paracaktuara, midis qytetar\u00ebve dhe qeverisjes. \u00cbsht\u00eb e dukshme se n\u00eb Shqip\u00ebri, n\u00eb m\u00ebnyr\u00eb t\u00eb hapur lirit\u00eb baz\u00eb dhunohen e k\u00ebrc\u00ebnohen n\u00eb m\u00ebnyr\u00eb t\u00eb vazhdueshme dhe kjo nga ata q\u00eb e kan\u00eb [&hellip;]<\/p>\n","protected":false},"author":1,"featured_media":0,"comment_status":"open","ping_status":"closed","sticky":false,"template":"","format":"standard","meta":{"footnotes":""},"categories":[2],"tags":[],"class_list":{"0":"post-6092","1":"post","2":"type-post","3":"status-publish","4":"format-standard","6":"category-artikuj"},"yoast_head":"<!-- This site is optimized with the Yoast SEO plugin v27.4 - https:\/\/yoast.com\/product\/yoast-seo-wordpress\/ -->\n<title>Liria e k\u00ebrc\u00ebnuar nga feudi i injoranc\u00ebs - FjALA e LIR\u00cb - Arkivi<\/title>\n<meta name=\"robots\" content=\"index, follow, max-snippet:-1, max-image-preview:large, max-video-preview:-1\" \/>\n<link rel=\"canonical\" href=\"https:\/\/fjala.info\/2009-2015\/liria-e-kercenuar-nga-feudi-i-injorances\/\" \/>\n<meta property=\"og:locale\" content=\"sq_AL\" \/>\n<meta property=\"og:type\" content=\"article\" \/>\n<meta property=\"og:title\" content=\"Liria e k\u00ebrc\u00ebnuar nga feudi i injoranc\u00ebs - FjALA e LIR\u00cb - Arkivi\" \/>\n<meta property=\"og:description\" content=\"Enriko Ceko Liria \u00ebsht\u00eb nj\u00eb koncept i gjer\u00eb, q\u00eb, p\u00ebrve\u00e7 t\u00eb tjerash, p\u00ebrfshin edhe disa t\u00eb drejta baz\u00eb dhe disa detyrime t\u00eb nd\u00ebrsjella, t\u00eb paracaktuara, midis qytetar\u00ebve dhe qeverisjes. \u00cbsht\u00eb e dukshme se n\u00eb Shqip\u00ebri, n\u00eb m\u00ebnyr\u00eb t\u00eb hapur lirit\u00eb baz\u00eb dhunohen e k\u00ebrc\u00ebnohen n\u00eb m\u00ebnyr\u00eb t\u00eb vazhdueshme dhe kjo nga ata q\u00eb e kan\u00eb [&hellip;]\" \/>\n<meta property=\"og:url\" content=\"https:\/\/fjala.info\/2009-2015\/liria-e-kercenuar-nga-feudi-i-injorances\/\" \/>\n<meta property=\"og:site_name\" content=\"FjALA e LIR\u00cb - Arkivi\" \/>\n<meta property=\"article:published_time\" content=\"2011-01-31T23:35:13+00:00\" \/>\n<meta property=\"og:image\" content=\"http:\/\/fjala.shkoder.net\/wp-content\/uploads\/2011\/01\/sali_berisha-300x205.jpg\" \/>\n<meta name=\"author\" content=\"admin\" \/>\n<meta name=\"twitter:card\" content=\"summary_large_image\" \/>\n<meta name=\"twitter:label1\" content=\"Written by\" \/>\n\t<meta name=\"twitter:data1\" content=\"admin\" \/>\n\t<meta name=\"twitter:label2\" content=\"Est. reading time\" \/>\n\t<meta name=\"twitter:data2\" content=\"14 minutes\" \/>\n<script type=\"application\/ld+json\" class=\"yoast-schema-graph\">{\"@context\":\"https:\\\/\\\/schema.org\",\"@graph\":[{\"@type\":\"Article\",\"@id\":\"https:\\\/\\\/fjala.info\\\/2009-2015\\\/liria-e-kercenuar-nga-feudi-i-injorances\\\/#article\",\"isPartOf\":{\"@id\":\"https:\\\/\\\/fjala.info\\\/2009-2015\\\/liria-e-kercenuar-nga-feudi-i-injorances\\\/\"},\"author\":{\"name\":\"admin\",\"@id\":\"https:\\\/\\\/fjala.info\\\/2009-2015\\\/#\\\/schema\\\/person\\\/3aa1163ef05469c496fc94e77611ada2\"},\"headline\":\"Liria e k\u00ebrc\u00ebnuar nga feudi i injoranc\u00ebs\",\"datePublished\":\"2011-01-31T23:35:13+00:00\",\"mainEntityOfPage\":{\"@id\":\"https:\\\/\\\/fjala.info\\\/2009-2015\\\/liria-e-kercenuar-nga-feudi-i-injorances\\\/\"},\"wordCount\":2885,\"commentCount\":1,\"publisher\":{\"@id\":\"https:\\\/\\\/fjala.info\\\/2009-2015\\\/#organization\"},\"image\":{\"@id\":\"https:\\\/\\\/fjala.info\\\/2009-2015\\\/liria-e-kercenuar-nga-feudi-i-injorances\\\/#primaryimage\"},\"thumbnailUrl\":\"http:\\\/\\\/fjala.shkoder.net\\\/wp-content\\\/uploads\\\/2011\\\/01\\\/sali_berisha-300x205.jpg\",\"articleSection\":[\"Artikuj\"],\"inLanguage\":\"sq-AL\",\"potentialAction\":[{\"@type\":\"CommentAction\",\"name\":\"Comment\",\"target\":[\"https:\\\/\\\/fjala.info\\\/2009-2015\\\/liria-e-kercenuar-nga-feudi-i-injorances\\\/#respond\"]}]},{\"@type\":\"WebPage\",\"@id\":\"https:\\\/\\\/fjala.info\\\/2009-2015\\\/liria-e-kercenuar-nga-feudi-i-injorances\\\/\",\"url\":\"https:\\\/\\\/fjala.info\\\/2009-2015\\\/liria-e-kercenuar-nga-feudi-i-injorances\\\/\",\"name\":\"Liria e k\u00ebrc\u00ebnuar nga feudi i injoranc\u00ebs - FjALA e LIR\u00cb - Arkivi\",\"isPartOf\":{\"@id\":\"https:\\\/\\\/fjala.info\\\/2009-2015\\\/#website\"},\"primaryImageOfPage\":{\"@id\":\"https:\\\/\\\/fjala.info\\\/2009-2015\\\/liria-e-kercenuar-nga-feudi-i-injorances\\\/#primaryimage\"},\"image\":{\"@id\":\"https:\\\/\\\/fjala.info\\\/2009-2015\\\/liria-e-kercenuar-nga-feudi-i-injorances\\\/#primaryimage\"},\"thumbnailUrl\":\"http:\\\/\\\/fjala.shkoder.net\\\/wp-content\\\/uploads\\\/2011\\\/01\\\/sali_berisha-300x205.jpg\",\"datePublished\":\"2011-01-31T23:35:13+00:00\",\"breadcrumb\":{\"@id\":\"https:\\\/\\\/fjala.info\\\/2009-2015\\\/liria-e-kercenuar-nga-feudi-i-injorances\\\/#breadcrumb\"},\"inLanguage\":\"sq-AL\",\"potentialAction\":[{\"@type\":\"ReadAction\",\"target\":[\"https:\\\/\\\/fjala.info\\\/2009-2015\\\/liria-e-kercenuar-nga-feudi-i-injorances\\\/\"]}]},{\"@type\":\"ImageObject\",\"inLanguage\":\"sq-AL\",\"@id\":\"https:\\\/\\\/fjala.info\\\/2009-2015\\\/liria-e-kercenuar-nga-feudi-i-injorances\\\/#primaryimage\",\"url\":\"http:\\\/\\\/fjala.shkoder.net\\\/wp-content\\\/uploads\\\/2011\\\/01\\\/sali_berisha-300x205.jpg\",\"contentUrl\":\"http:\\\/\\\/fjala.shkoder.net\\\/wp-content\\\/uploads\\\/2011\\\/01\\\/sali_berisha-300x205.jpg\"},{\"@type\":\"BreadcrumbList\",\"@id\":\"https:\\\/\\\/fjala.info\\\/2009-2015\\\/liria-e-kercenuar-nga-feudi-i-injorances\\\/#breadcrumb\",\"itemListElement\":[{\"@type\":\"ListItem\",\"position\":1,\"name\":\"Home\",\"item\":\"https:\\\/\\\/fjala.info\\\/2009-2015\\\/\"},{\"@type\":\"ListItem\",\"position\":2,\"name\":\"Liria e k\u00ebrc\u00ebnuar nga feudi i injoranc\u00ebs\"}]},{\"@type\":\"WebSite\",\"@id\":\"https:\\\/\\\/fjala.info\\\/2009-2015\\\/#website\",\"url\":\"https:\\\/\\\/fjala.info\\\/2009-2015\\\/\",\"name\":\"FjALA e LIR\u00cb - Arkivi\",\"description\":\"Arkivi 2009-2015\",\"publisher\":{\"@id\":\"https:\\\/\\\/fjala.info\\\/2009-2015\\\/#organization\"},\"potentialAction\":[{\"@type\":\"SearchAction\",\"target\":{\"@type\":\"EntryPoint\",\"urlTemplate\":\"https:\\\/\\\/fjala.info\\\/2009-2015\\\/?s={search_term_string}\"},\"query-input\":{\"@type\":\"PropertyValueSpecification\",\"valueRequired\":true,\"valueName\":\"search_term_string\"}}],\"inLanguage\":\"sq-AL\"},{\"@type\":\"Organization\",\"@id\":\"https:\\\/\\\/fjala.info\\\/2009-2015\\\/#organization\",\"name\":\"FjALA e LIR\u00cb - Arkivi\",\"url\":\"https:\\\/\\\/fjala.info\\\/2009-2015\\\/\",\"logo\":{\"@type\":\"ImageObject\",\"inLanguage\":\"sq-AL\",\"@id\":\"https:\\\/\\\/fjala.info\\\/2009-2015\\\/#\\\/schema\\\/logo\\\/image\\\/\",\"url\":\"\",\"contentUrl\":\"\",\"caption\":\"FjALA e LIR\u00cb - Arkivi\"},\"image\":{\"@id\":\"https:\\\/\\\/fjala.info\\\/2009-2015\\\/#\\\/schema\\\/logo\\\/image\\\/\"}},{\"@type\":\"Person\",\"@id\":\"https:\\\/\\\/fjala.info\\\/2009-2015\\\/#\\\/schema\\\/person\\\/3aa1163ef05469c496fc94e77611ada2\",\"name\":\"admin\",\"image\":{\"@type\":\"ImageObject\",\"inLanguage\":\"sq-AL\",\"@id\":\"https:\\\/\\\/fjala.info\\\/2009-2015\\\/wp-content\\\/uploads\\\/2012\\\/02\\\/arben_cokaj-120x150.jpg\",\"url\":\"https:\\\/\\\/fjala.info\\\/2009-2015\\\/wp-content\\\/uploads\\\/2012\\\/02\\\/arben_cokaj-120x150.jpg\",\"contentUrl\":\"https:\\\/\\\/fjala.info\\\/2009-2015\\\/wp-content\\\/uploads\\\/2012\\\/02\\\/arben_cokaj-120x150.jpg\",\"caption\":\"admin\"},\"description\":\"Admin, Fjala e Lir\u00eb\",\"sameAs\":[\"https:\\\/\\\/fjala.info\\\/\"],\"url\":\"https:\\\/\\\/fjala.info\\\/2009-2015\\\/author\\\/admin\\\/\"}]}<\/script>\n<!-- \/ Yoast SEO plugin. -->","yoast_head_json":{"title":"Liria e k\u00ebrc\u00ebnuar nga feudi i injoranc\u00ebs - FjALA e LIR\u00cb - Arkivi","robots":{"index":"index","follow":"follow","max-snippet":"max-snippet:-1","max-image-preview":"max-image-preview:large","max-video-preview":"max-video-preview:-1"},"canonical":"https:\/\/fjala.info\/2009-2015\/liria-e-kercenuar-nga-feudi-i-injorances\/","og_locale":"sq_AL","og_type":"article","og_title":"Liria e k\u00ebrc\u00ebnuar nga feudi i injoranc\u00ebs - FjALA e LIR\u00cb - Arkivi","og_description":"Enriko Ceko Liria \u00ebsht\u00eb nj\u00eb koncept i gjer\u00eb, q\u00eb, p\u00ebrve\u00e7 t\u00eb tjerash, p\u00ebrfshin edhe disa t\u00eb drejta baz\u00eb dhe disa detyrime t\u00eb nd\u00ebrsjella, t\u00eb paracaktuara, midis qytetar\u00ebve dhe qeverisjes. \u00cbsht\u00eb e dukshme se n\u00eb Shqip\u00ebri, n\u00eb m\u00ebnyr\u00eb t\u00eb hapur lirit\u00eb baz\u00eb dhunohen e k\u00ebrc\u00ebnohen n\u00eb m\u00ebnyr\u00eb t\u00eb vazhdueshme dhe kjo nga ata q\u00eb e kan\u00eb [&hellip;]","og_url":"https:\/\/fjala.info\/2009-2015\/liria-e-kercenuar-nga-feudi-i-injorances\/","og_site_name":"FjALA e LIR\u00cb - Arkivi","article_published_time":"2011-01-31T23:35:13+00:00","og_image":[{"url":"http:\/\/fjala.shkoder.net\/wp-content\/uploads\/2011\/01\/sali_berisha-300x205.jpg","type":"","width":"","height":""}],"author":"admin","twitter_card":"summary_large_image","twitter_misc":{"Written by":"admin","Est. reading time":"14 minutes"},"schema":{"@context":"https:\/\/schema.org","@graph":[{"@type":"Article","@id":"https:\/\/fjala.info\/2009-2015\/liria-e-kercenuar-nga-feudi-i-injorances\/#article","isPartOf":{"@id":"https:\/\/fjala.info\/2009-2015\/liria-e-kercenuar-nga-feudi-i-injorances\/"},"author":{"name":"admin","@id":"https:\/\/fjala.info\/2009-2015\/#\/schema\/person\/3aa1163ef05469c496fc94e77611ada2"},"headline":"Liria e k\u00ebrc\u00ebnuar nga feudi i injoranc\u00ebs","datePublished":"2011-01-31T23:35:13+00:00","mainEntityOfPage":{"@id":"https:\/\/fjala.info\/2009-2015\/liria-e-kercenuar-nga-feudi-i-injorances\/"},"wordCount":2885,"commentCount":1,"publisher":{"@id":"https:\/\/fjala.info\/2009-2015\/#organization"},"image":{"@id":"https:\/\/fjala.info\/2009-2015\/liria-e-kercenuar-nga-feudi-i-injorances\/#primaryimage"},"thumbnailUrl":"http:\/\/fjala.shkoder.net\/wp-content\/uploads\/2011\/01\/sali_berisha-300x205.jpg","articleSection":["Artikuj"],"inLanguage":"sq-AL","potentialAction":[{"@type":"CommentAction","name":"Comment","target":["https:\/\/fjala.info\/2009-2015\/liria-e-kercenuar-nga-feudi-i-injorances\/#respond"]}]},{"@type":"WebPage","@id":"https:\/\/fjala.info\/2009-2015\/liria-e-kercenuar-nga-feudi-i-injorances\/","url":"https:\/\/fjala.info\/2009-2015\/liria-e-kercenuar-nga-feudi-i-injorances\/","name":"Liria e k\u00ebrc\u00ebnuar nga feudi i injoranc\u00ebs - FjALA e LIR\u00cb - Arkivi","isPartOf":{"@id":"https:\/\/fjala.info\/2009-2015\/#website"},"primaryImageOfPage":{"@id":"https:\/\/fjala.info\/2009-2015\/liria-e-kercenuar-nga-feudi-i-injorances\/#primaryimage"},"image":{"@id":"https:\/\/fjala.info\/2009-2015\/liria-e-kercenuar-nga-feudi-i-injorances\/#primaryimage"},"thumbnailUrl":"http:\/\/fjala.shkoder.net\/wp-content\/uploads\/2011\/01\/sali_berisha-300x205.jpg","datePublished":"2011-01-31T23:35:13+00:00","breadcrumb":{"@id":"https:\/\/fjala.info\/2009-2015\/liria-e-kercenuar-nga-feudi-i-injorances\/#breadcrumb"},"inLanguage":"sq-AL","potentialAction":[{"@type":"ReadAction","target":["https:\/\/fjala.info\/2009-2015\/liria-e-kercenuar-nga-feudi-i-injorances\/"]}]},{"@type":"ImageObject","inLanguage":"sq-AL","@id":"https:\/\/fjala.info\/2009-2015\/liria-e-kercenuar-nga-feudi-i-injorances\/#primaryimage","url":"http:\/\/fjala.shkoder.net\/wp-content\/uploads\/2011\/01\/sali_berisha-300x205.jpg","contentUrl":"http:\/\/fjala.shkoder.net\/wp-content\/uploads\/2011\/01\/sali_berisha-300x205.jpg"},{"@type":"BreadcrumbList","@id":"https:\/\/fjala.info\/2009-2015\/liria-e-kercenuar-nga-feudi-i-injorances\/#breadcrumb","itemListElement":[{"@type":"ListItem","position":1,"name":"Home","item":"https:\/\/fjala.info\/2009-2015\/"},{"@type":"ListItem","position":2,"name":"Liria e k\u00ebrc\u00ebnuar nga feudi i injoranc\u00ebs"}]},{"@type":"WebSite","@id":"https:\/\/fjala.info\/2009-2015\/#website","url":"https:\/\/fjala.info\/2009-2015\/","name":"FjALA e LIR\u00cb - Arkivi","description":"Arkivi 2009-2015","publisher":{"@id":"https:\/\/fjala.info\/2009-2015\/#organization"},"potentialAction":[{"@type":"SearchAction","target":{"@type":"EntryPoint","urlTemplate":"https:\/\/fjala.info\/2009-2015\/?s={search_term_string}"},"query-input":{"@type":"PropertyValueSpecification","valueRequired":true,"valueName":"search_term_string"}}],"inLanguage":"sq-AL"},{"@type":"Organization","@id":"https:\/\/fjala.info\/2009-2015\/#organization","name":"FjALA e LIR\u00cb - Arkivi","url":"https:\/\/fjala.info\/2009-2015\/","logo":{"@type":"ImageObject","inLanguage":"sq-AL","@id":"https:\/\/fjala.info\/2009-2015\/#\/schema\/logo\/image\/","url":"","contentUrl":"","caption":"FjALA e LIR\u00cb - Arkivi"},"image":{"@id":"https:\/\/fjala.info\/2009-2015\/#\/schema\/logo\/image\/"}},{"@type":"Person","@id":"https:\/\/fjala.info\/2009-2015\/#\/schema\/person\/3aa1163ef05469c496fc94e77611ada2","name":"admin","image":{"@type":"ImageObject","inLanguage":"sq-AL","@id":"https:\/\/fjala.info\/2009-2015\/wp-content\/uploads\/2012\/02\/arben_cokaj-120x150.jpg","url":"https:\/\/fjala.info\/2009-2015\/wp-content\/uploads\/2012\/02\/arben_cokaj-120x150.jpg","contentUrl":"https:\/\/fjala.info\/2009-2015\/wp-content\/uploads\/2012\/02\/arben_cokaj-120x150.jpg","caption":"admin"},"description":"Admin, Fjala e Lir\u00eb","sameAs":["https:\/\/fjala.info\/"],"url":"https:\/\/fjala.info\/2009-2015\/author\/admin\/"}]}},"_links":{"self":[{"href":"https:\/\/fjala.info\/2009-2015\/wp-json\/wp\/v2\/posts\/6092","targetHints":{"allow":["GET"]}}],"collection":[{"href":"https:\/\/fjala.info\/2009-2015\/wp-json\/wp\/v2\/posts"}],"about":[{"href":"https:\/\/fjala.info\/2009-2015\/wp-json\/wp\/v2\/types\/post"}],"author":[{"embeddable":true,"href":"https:\/\/fjala.info\/2009-2015\/wp-json\/wp\/v2\/users\/1"}],"replies":[{"embeddable":true,"href":"https:\/\/fjala.info\/2009-2015\/wp-json\/wp\/v2\/comments?post=6092"}],"version-history":[{"count":0,"href":"https:\/\/fjala.info\/2009-2015\/wp-json\/wp\/v2\/posts\/6092\/revisions"}],"wp:attachment":[{"href":"https:\/\/fjala.info\/2009-2015\/wp-json\/wp\/v2\/media?parent=6092"}],"wp:term":[{"taxonomy":"category","embeddable":true,"href":"https:\/\/fjala.info\/2009-2015\/wp-json\/wp\/v2\/categories?post=6092"},{"taxonomy":"post_tag","embeddable":true,"href":"https:\/\/fjala.info\/2009-2015\/wp-json\/wp\/v2\/tags?post=6092"}],"curies":[{"name":"wp","href":"https:\/\/api.w.org\/{rel}","templated":true}]}}