{"id":6084,"date":"2011-02-01T01:09:45","date_gmt":"2011-02-01T00:09:45","guid":{"rendered":"http:\/\/fjala.shkoder.net\/?p=6084"},"modified":"2011-02-01T01:09:45","modified_gmt":"2011-02-01T00:09:45","slug":"analiza-gabimet-fatale-te-uniformave-blu-me-21-janar","status":"publish","type":"post","link":"https:\/\/fjala.info\/2009-2015\/analiza-gabimet-fatale-te-uniformave-blu-me-21-janar\/","title":{"rendered":"Analiza, gabimet \u201cfatale\u201d t\u00eb uniformave blu m\u00eb 21 janar"},"content":{"rendered":"<p><img loading=\"lazy\" decoding=\"async\" class=\"alignright size-medium wp-image-6085\" title=\"porta_kryeministri\" src=\"http:\/\/fjala.shkoder.net\/wp-content\/uploads\/2011\/02\/porta_kryeministri-300x183.jpg\" alt=\"\" width=\"300\" height=\"183\" \/><br \/>\n<em>Policia e Tiran\u00ebs i kthehet normalitetit<\/em><br \/>\n<strong>Policia la t\u00eb zbuluar port\u00ebn kryesore t\u00eb Kryeministris\u00eb<\/strong><\/p>\n<p>Profesionalizmi i policis\u00eb nuk ka qen\u00eb n\u00eb nivelin e duhur dit\u00ebn e protest\u00ebs, m\u00eb dat\u00eb 21 janar. N\u00eb analizat e b\u00ebra nga specialist\u00ebt rezulton se policia ka b\u00ebr\u00eb t\u00eb pakt\u00ebn tri gabime, q\u00eb mund t\u2019i kishin kushtuar shum\u00eb siguris\u00eb, megjith\u00ebse \u00ebsht\u00eb v\u00ebn\u00eb re se protestuesit nuk i kan\u00eb shfryt\u00ebzuar k\u00ebto raste, duke l\u00ebn\u00eb dyshime se ata nuk kan\u00eb dashur t\u00eb hyjn\u00eb n\u00eb ambientet e Kryeministris\u00eb, pasi mund\u00ebsia u \u00ebsht\u00eb dh\u00ebn\u00eb. K\u00ebto gabime kan\u00eb t\u00eb b\u00ebjn\u00eb me rreshtimin e punonj\u00ebsve t\u00eb policis\u00eb, me sasin\u00eb e hedhur t\u00eb gazit lotsjell\u00ebs dhe me ruajtjen e der\u00ebs s\u00eb p\u00ebrparme t\u00eb Kryeministris\u00eb.<\/p>\n<p><strong>Rreshtimi<\/strong><br \/>\nPara fillimit t\u00eb protest\u00ebs s\u00eb dat\u00ebs 21 janar, nga ana e policis\u00eb nuk pritej se do t\u00eb kishte trazira aq t\u00eb m\u00ebdha sa t\u00eb arrihej t\u00eb q\u00ebllohej ndaj protestuesve, ku mbet\u00ebn t\u00eb vrar\u00eb tre prej tyre. Masat p\u00ebr demonstrat\u00ebn ishin marr\u00eb normalisht, si\u00e7 ka ndodhur n\u00eb protestat e tjera t\u00eb opozit\u00ebs, ku numri i tubuesve ka qen\u00eb m\u00eb i vog\u00ebl. K\u00ebshtu, n\u00eb pamje t\u00eb par\u00eb, punonj\u00ebsit e policis\u00eb dukeshin n\u00eb nj\u00eb rreshtim t\u00eb mir\u00eb, pavar\u00ebsisht se jo gjith\u00e7ka ka shkuar sipas planit. Kjo, sipas specialist\u00ebve t\u00eb policis\u00eb q\u00eb kan\u00eb analizuar masat e marra, ka sjell\u00eb probleme.<\/p>\n<p>N\u00eb rresht ishin vendosur edhe oficer\u00eb t\u00eb hetimit t\u00eb krimit, t\u00eb veshur civil\u00eb, ku sipas eksperienc\u00ebs, tubuesit irritohen m\u00eb shum\u00eb nga civil\u00ebt n\u00eb radh\u00ebt e policis\u00eb se nga ata me uniform\u00eb. Madje, kjo vihet re edhe n\u00eb pamje, ku drejtues t\u00eb hetimit t\u00eb krimit n\u00eb Tiran\u00eb marrin mburojat dhe fillojn\u00eb t\u00eb shtyjn\u00eb turm\u00ebn, e cila \u00ebsht\u00eb irrituar edhe m\u00eb shum\u00eb, duke goditur punonj\u00ebsit e policis\u00eb. Defekti i dyt\u00eb, sipas policis\u00eb, q\u00ebndron n\u00eb faktin se futja n\u00eb veprim e Forcave t\u00eb Nd\u00ebrhyrjes s\u00eb Shpejt\u00eb \u00ebsht\u00eb b\u00ebr\u00eb shum\u00eb von\u00eb, kur situata po dilte jasht\u00eb kontrollit dhe deri at\u00ebher\u00eb n\u00eb linj\u00eb t\u00eb par\u00eb ishin l\u00ebn\u00eb punonj\u00ebsit e rendit, t\u00eb pambrojtur, \u00e7ka ka sjell\u00eb nj\u00eb num\u00ebr m\u00eb t\u00eb lart\u00eb t\u00eb d\u00ebmtuarish n\u00eb radh\u00ebt e policis\u00eb.<\/p>\n<p><strong>Gazi lotsjell\u00ebs<br \/>\n<\/strong>Specialist\u00ebt tregojn\u00eb se nj\u00eb gabim tjet\u00ebr \u00ebsht\u00eb hedhja e gazit lotsjell\u00ebs. Pasi situata \u00ebsht\u00eb v\u00ebn\u00eb re se nuk mund t\u00eb vihej n\u00ebn kontroll, Forcat e Nd\u00ebrhyrjes s\u00eb Shpejt\u00eb kan\u00eb p\u00ebrdorur gaz lotsjell\u00ebs n\u00eb nj\u00eb mas\u00eb tejet t\u00eb lart\u00eb. Gazi nuk ka qen\u00eb p\u00ebr nj\u00eb vend t\u00eb caktuar, por efekti \u00ebsht\u00eb dh\u00ebn\u00eb deri larg Kryeministris\u00eb. Madje, l\u00ebshimi i gazit lotsjell\u00ebs ka sjell\u00eb d\u00ebm edhe n\u00eb radh\u00ebt e policis\u00eb, duke shkaktuar probleme frym\u00ebmarrjeje dhe shikimi p\u00ebr shum\u00eb punonj\u00ebs policie, t\u00eb cil\u00ebt i ka kapur vala e mbrojtjes s\u00eb godin\u00ebs.<\/p>\n<p>Ve\u00e7 gazit, nj\u00eb tjet\u00ebr problem \u00ebsht\u00eb v\u00ebn\u00eb re n\u00eb ruajtjen e pozicioneve nga ana e efektiv\u00ebve blu. Ata jan\u00eb shp\u00ebrndar\u00eb, duke r\u00ebn\u00eb akoma m\u00eb shum\u00eb pre e protestuesve, saq\u00eb jan\u00eb detyruar t\u00eb kthehen me t\u00eb nj\u00ebjt\u00ebn monedh\u00eb duke goditur me gur\u00eb protestuesit, nd\u00ebrkoh\u00eb q\u00eb si\u00e7 dihet policia ka mjetet e saj p\u00ebr t\u00eb shp\u00ebrndar\u00eb turm\u00ebn dhe nuk duhej t\u00eb kalonte n\u00eb k\u00ebt\u00eb nivel, ku dukej qart\u00eb se demonstruesit kan\u00eb fituar terren.<\/p>\n<p>Braktisja<br \/>\nProblemi m\u00eb i madh ka q\u00ebndruar n\u00eb braktisjen e vendit t\u00eb sh\u00ebrbimit para der\u00ebs s\u00eb godin\u00ebs s\u00eb Kryeministris\u00eb. Nuk b\u00ebhet fjal\u00eb p\u00ebr port\u00ebn e hekurit, e cila ka qen\u00eb e hapur dhe jo si\u00e7 mbyllet me zinxhir\u00eb n\u00eb \u00e7do dit\u00eb t\u00eb zakonshme, por p\u00ebr tri portat e drurit me xhama p\u00ebrball\u00eb bulevardit \u201cD\u00ebshmor\u00ebt e Kombit\u201d. Pra, hyrja kryesore e Kryeministris\u00eb \u00ebsht\u00eb l\u00ebn\u00eb pothuajse pa asnj\u00eb punonj\u00ebs policie, dhe ku duket qart\u00eb nga pamjet filmike t\u00eb medias se ata jan\u00eb dislokuar n\u00eb an\u00eb t\u00eb saj. Nuk dihet se si ka ndodhur kjo t\u00ebrheqje, por mbetet e qart\u00eb se demonstruesit q\u00eb ishin n\u00eb hekurat pran\u00eb der\u00ebs kryesore, nuk kishin si q\u00ebllim t\u00eb hynin brenda Kryeministris\u00eb.<\/p>\n<p>T\u00eb gjitha k\u00ebto veprime t\u00eb policis\u00eb dhe t\u00eb tjera pas demonstrat\u00ebs s\u00eb 21 janarit, ku flitet se situata u ka dal\u00eb jasht\u00eb kontrollit, por kjo nuk konfirmohet, jan\u00eb analizuar nga specialist\u00ebt, sidomos ata t\u00eb rendit. Madje, analiza e gabimeve t\u00eb kryera u vu re n\u00eb tubimin-homazh, q\u00eb u zhvillua m\u00eb 28 janar. N\u00eb k\u00ebt\u00eb tubim, pavar\u00ebsisht se ishte paq\u00ebsor, nuk kan\u00eb munguar edhe rrjetat e telit, q\u00eb m\u00eb 21 janar mungonin n\u00eb \u00e7do an\u00eb t\u00eb Kryeministris\u00eb.<\/p>\n","protected":false},"excerpt":{"rendered":"<p>Policia e Tiran\u00ebs i kthehet normalitetit Policia la t\u00eb zbuluar port\u00ebn kryesore t\u00eb Kryeministris\u00eb Profesionalizmi i policis\u00eb nuk ka qen\u00eb n\u00eb nivelin e duhur dit\u00ebn e protest\u00ebs, m\u00eb dat\u00eb 21 janar. N\u00eb analizat e b\u00ebra nga specialist\u00ebt rezulton se policia ka b\u00ebr\u00eb t\u00eb pakt\u00ebn tri gabime, q\u00eb mund t\u2019i kishin kushtuar shum\u00eb siguris\u00eb, megjith\u00ebse \u00ebsht\u00eb [&hellip;]<\/p>\n","protected":false},"author":1,"featured_media":0,"comment_status":"open","ping_status":"closed","sticky":false,"template":"","format":"standard","meta":{"footnotes":""},"categories":[2],"tags":[],"class_list":{"0":"post-6084","1":"post","2":"type-post","3":"status-publish","4":"format-standard","6":"category-artikuj"},"yoast_head":"<!-- This site is optimized with the Yoast SEO plugin v27.4 - https:\/\/yoast.com\/product\/yoast-seo-wordpress\/ -->\n<title>Analiza, gabimet \u201cfatale\u201d t\u00eb uniformave blu m\u00eb 21 janar - FjALA e LIR\u00cb - Arkivi<\/title>\n<meta name=\"robots\" content=\"index, follow, max-snippet:-1, max-image-preview:large, max-video-preview:-1\" \/>\n<link rel=\"canonical\" href=\"https:\/\/fjala.info\/2009-2015\/analiza-gabimet-fatale-te-uniformave-blu-me-21-janar\/\" \/>\n<meta property=\"og:locale\" content=\"sq_AL\" \/>\n<meta property=\"og:type\" content=\"article\" \/>\n<meta property=\"og:title\" content=\"Analiza, gabimet \u201cfatale\u201d t\u00eb uniformave blu m\u00eb 21 janar - FjALA e LIR\u00cb - Arkivi\" \/>\n<meta property=\"og:description\" content=\"Policia e Tiran\u00ebs i kthehet normalitetit Policia la t\u00eb zbuluar port\u00ebn kryesore t\u00eb Kryeministris\u00eb Profesionalizmi i policis\u00eb nuk ka qen\u00eb n\u00eb nivelin e duhur dit\u00ebn e protest\u00ebs, m\u00eb dat\u00eb 21 janar. N\u00eb analizat e b\u00ebra nga specialist\u00ebt rezulton se policia ka b\u00ebr\u00eb t\u00eb pakt\u00ebn tri gabime, q\u00eb mund t\u2019i kishin kushtuar shum\u00eb siguris\u00eb, megjith\u00ebse \u00ebsht\u00eb [&hellip;]\" \/>\n<meta property=\"og:url\" content=\"https:\/\/fjala.info\/2009-2015\/analiza-gabimet-fatale-te-uniformave-blu-me-21-janar\/\" \/>\n<meta property=\"og:site_name\" content=\"FjALA e LIR\u00cb - Arkivi\" \/>\n<meta property=\"article:published_time\" content=\"2011-02-01T00:09:45+00:00\" \/>\n<meta property=\"og:image\" content=\"http:\/\/fjala.shkoder.net\/wp-content\/uploads\/2011\/02\/porta_kryeministri-300x183.jpg\" \/>\n<meta name=\"author\" content=\"admin\" \/>\n<meta name=\"twitter:card\" content=\"summary_large_image\" \/>\n<meta name=\"twitter:label1\" content=\"Written by\" \/>\n\t<meta name=\"twitter:data1\" content=\"admin\" \/>\n\t<meta name=\"twitter:label2\" content=\"Est. reading time\" \/>\n\t<meta name=\"twitter:data2\" content=\"4 minutes\" \/>\n<script type=\"application\/ld+json\" class=\"yoast-schema-graph\">{\"@context\":\"https:\\\/\\\/schema.org\",\"@graph\":[{\"@type\":\"Article\",\"@id\":\"https:\\\/\\\/fjala.info\\\/2009-2015\\\/analiza-gabimet-fatale-te-uniformave-blu-me-21-janar\\\/#article\",\"isPartOf\":{\"@id\":\"https:\\\/\\\/fjala.info\\\/2009-2015\\\/analiza-gabimet-fatale-te-uniformave-blu-me-21-janar\\\/\"},\"author\":{\"name\":\"admin\",\"@id\":\"https:\\\/\\\/fjala.info\\\/2009-2015\\\/#\\\/schema\\\/person\\\/3aa1163ef05469c496fc94e77611ada2\"},\"headline\":\"Analiza, gabimet \u201cfatale\u201d t\u00eb uniformave blu m\u00eb 21 janar\",\"datePublished\":\"2011-02-01T00:09:45+00:00\",\"mainEntityOfPage\":{\"@id\":\"https:\\\/\\\/fjala.info\\\/2009-2015\\\/analiza-gabimet-fatale-te-uniformave-blu-me-21-janar\\\/\"},\"wordCount\":786,\"commentCount\":0,\"publisher\":{\"@id\":\"https:\\\/\\\/fjala.info\\\/2009-2015\\\/#organization\"},\"image\":{\"@id\":\"https:\\\/\\\/fjala.info\\\/2009-2015\\\/analiza-gabimet-fatale-te-uniformave-blu-me-21-janar\\\/#primaryimage\"},\"thumbnailUrl\":\"http:\\\/\\\/fjala.shkoder.net\\\/wp-content\\\/uploads\\\/2011\\\/02\\\/porta_kryeministri-300x183.jpg\",\"articleSection\":[\"Artikuj\"],\"inLanguage\":\"sq-AL\",\"potentialAction\":[{\"@type\":\"CommentAction\",\"name\":\"Comment\",\"target\":[\"https:\\\/\\\/fjala.info\\\/2009-2015\\\/analiza-gabimet-fatale-te-uniformave-blu-me-21-janar\\\/#respond\"]}]},{\"@type\":\"WebPage\",\"@id\":\"https:\\\/\\\/fjala.info\\\/2009-2015\\\/analiza-gabimet-fatale-te-uniformave-blu-me-21-janar\\\/\",\"url\":\"https:\\\/\\\/fjala.info\\\/2009-2015\\\/analiza-gabimet-fatale-te-uniformave-blu-me-21-janar\\\/\",\"name\":\"Analiza, gabimet \u201cfatale\u201d t\u00eb uniformave blu m\u00eb 21 janar - FjALA e LIR\u00cb - Arkivi\",\"isPartOf\":{\"@id\":\"https:\\\/\\\/fjala.info\\\/2009-2015\\\/#website\"},\"primaryImageOfPage\":{\"@id\":\"https:\\\/\\\/fjala.info\\\/2009-2015\\\/analiza-gabimet-fatale-te-uniformave-blu-me-21-janar\\\/#primaryimage\"},\"image\":{\"@id\":\"https:\\\/\\\/fjala.info\\\/2009-2015\\\/analiza-gabimet-fatale-te-uniformave-blu-me-21-janar\\\/#primaryimage\"},\"thumbnailUrl\":\"http:\\\/\\\/fjala.shkoder.net\\\/wp-content\\\/uploads\\\/2011\\\/02\\\/porta_kryeministri-300x183.jpg\",\"datePublished\":\"2011-02-01T00:09:45+00:00\",\"breadcrumb\":{\"@id\":\"https:\\\/\\\/fjala.info\\\/2009-2015\\\/analiza-gabimet-fatale-te-uniformave-blu-me-21-janar\\\/#breadcrumb\"},\"inLanguage\":\"sq-AL\",\"potentialAction\":[{\"@type\":\"ReadAction\",\"target\":[\"https:\\\/\\\/fjala.info\\\/2009-2015\\\/analiza-gabimet-fatale-te-uniformave-blu-me-21-janar\\\/\"]}]},{\"@type\":\"ImageObject\",\"inLanguage\":\"sq-AL\",\"@id\":\"https:\\\/\\\/fjala.info\\\/2009-2015\\\/analiza-gabimet-fatale-te-uniformave-blu-me-21-janar\\\/#primaryimage\",\"url\":\"http:\\\/\\\/fjala.shkoder.net\\\/wp-content\\\/uploads\\\/2011\\\/02\\\/porta_kryeministri-300x183.jpg\",\"contentUrl\":\"http:\\\/\\\/fjala.shkoder.net\\\/wp-content\\\/uploads\\\/2011\\\/02\\\/porta_kryeministri-300x183.jpg\"},{\"@type\":\"BreadcrumbList\",\"@id\":\"https:\\\/\\\/fjala.info\\\/2009-2015\\\/analiza-gabimet-fatale-te-uniformave-blu-me-21-janar\\\/#breadcrumb\",\"itemListElement\":[{\"@type\":\"ListItem\",\"position\":1,\"name\":\"Home\",\"item\":\"https:\\\/\\\/fjala.info\\\/2009-2015\\\/\"},{\"@type\":\"ListItem\",\"position\":2,\"name\":\"Analiza, gabimet \u201cfatale\u201d t\u00eb uniformave blu m\u00eb 21 janar\"}]},{\"@type\":\"WebSite\",\"@id\":\"https:\\\/\\\/fjala.info\\\/2009-2015\\\/#website\",\"url\":\"https:\\\/\\\/fjala.info\\\/2009-2015\\\/\",\"name\":\"FjALA e LIR\u00cb - Arkivi\",\"description\":\"Arkivi 2009-2015\",\"publisher\":{\"@id\":\"https:\\\/\\\/fjala.info\\\/2009-2015\\\/#organization\"},\"potentialAction\":[{\"@type\":\"SearchAction\",\"target\":{\"@type\":\"EntryPoint\",\"urlTemplate\":\"https:\\\/\\\/fjala.info\\\/2009-2015\\\/?s={search_term_string}\"},\"query-input\":{\"@type\":\"PropertyValueSpecification\",\"valueRequired\":true,\"valueName\":\"search_term_string\"}}],\"inLanguage\":\"sq-AL\"},{\"@type\":\"Organization\",\"@id\":\"https:\\\/\\\/fjala.info\\\/2009-2015\\\/#organization\",\"name\":\"FjALA e LIR\u00cb - Arkivi\",\"url\":\"https:\\\/\\\/fjala.info\\\/2009-2015\\\/\",\"logo\":{\"@type\":\"ImageObject\",\"inLanguage\":\"sq-AL\",\"@id\":\"https:\\\/\\\/fjala.info\\\/2009-2015\\\/#\\\/schema\\\/logo\\\/image\\\/\",\"url\":\"\",\"contentUrl\":\"\",\"caption\":\"FjALA e LIR\u00cb - Arkivi\"},\"image\":{\"@id\":\"https:\\\/\\\/fjala.info\\\/2009-2015\\\/#\\\/schema\\\/logo\\\/image\\\/\"}},{\"@type\":\"Person\",\"@id\":\"https:\\\/\\\/fjala.info\\\/2009-2015\\\/#\\\/schema\\\/person\\\/3aa1163ef05469c496fc94e77611ada2\",\"name\":\"admin\",\"image\":{\"@type\":\"ImageObject\",\"inLanguage\":\"sq-AL\",\"@id\":\"https:\\\/\\\/fjala.info\\\/2009-2015\\\/wp-content\\\/uploads\\\/2012\\\/02\\\/arben_cokaj-120x150.jpg\",\"url\":\"https:\\\/\\\/fjala.info\\\/2009-2015\\\/wp-content\\\/uploads\\\/2012\\\/02\\\/arben_cokaj-120x150.jpg\",\"contentUrl\":\"https:\\\/\\\/fjala.info\\\/2009-2015\\\/wp-content\\\/uploads\\\/2012\\\/02\\\/arben_cokaj-120x150.jpg\",\"caption\":\"admin\"},\"description\":\"Admin, Fjala e Lir\u00eb\",\"sameAs\":[\"https:\\\/\\\/fjala.info\\\/\"],\"url\":\"https:\\\/\\\/fjala.info\\\/2009-2015\\\/author\\\/admin\\\/\"}]}<\/script>\n<!-- \/ Yoast SEO plugin. -->","yoast_head_json":{"title":"Analiza, gabimet \u201cfatale\u201d t\u00eb uniformave blu m\u00eb 21 janar - FjALA e LIR\u00cb - Arkivi","robots":{"index":"index","follow":"follow","max-snippet":"max-snippet:-1","max-image-preview":"max-image-preview:large","max-video-preview":"max-video-preview:-1"},"canonical":"https:\/\/fjala.info\/2009-2015\/analiza-gabimet-fatale-te-uniformave-blu-me-21-janar\/","og_locale":"sq_AL","og_type":"article","og_title":"Analiza, gabimet \u201cfatale\u201d t\u00eb uniformave blu m\u00eb 21 janar - FjALA e LIR\u00cb - Arkivi","og_description":"Policia e Tiran\u00ebs i kthehet normalitetit Policia la t\u00eb zbuluar port\u00ebn kryesore t\u00eb Kryeministris\u00eb Profesionalizmi i policis\u00eb nuk ka qen\u00eb n\u00eb nivelin e duhur dit\u00ebn e protest\u00ebs, m\u00eb dat\u00eb 21 janar. N\u00eb analizat e b\u00ebra nga specialist\u00ebt rezulton se policia ka b\u00ebr\u00eb t\u00eb pakt\u00ebn tri gabime, q\u00eb mund t\u2019i kishin kushtuar shum\u00eb siguris\u00eb, megjith\u00ebse \u00ebsht\u00eb [&hellip;]","og_url":"https:\/\/fjala.info\/2009-2015\/analiza-gabimet-fatale-te-uniformave-blu-me-21-janar\/","og_site_name":"FjALA e LIR\u00cb - Arkivi","article_published_time":"2011-02-01T00:09:45+00:00","og_image":[{"url":"http:\/\/fjala.shkoder.net\/wp-content\/uploads\/2011\/02\/porta_kryeministri-300x183.jpg","type":"","width":"","height":""}],"author":"admin","twitter_card":"summary_large_image","twitter_misc":{"Written by":"admin","Est. reading time":"4 minutes"},"schema":{"@context":"https:\/\/schema.org","@graph":[{"@type":"Article","@id":"https:\/\/fjala.info\/2009-2015\/analiza-gabimet-fatale-te-uniformave-blu-me-21-janar\/#article","isPartOf":{"@id":"https:\/\/fjala.info\/2009-2015\/analiza-gabimet-fatale-te-uniformave-blu-me-21-janar\/"},"author":{"name":"admin","@id":"https:\/\/fjala.info\/2009-2015\/#\/schema\/person\/3aa1163ef05469c496fc94e77611ada2"},"headline":"Analiza, gabimet \u201cfatale\u201d t\u00eb uniformave blu m\u00eb 21 janar","datePublished":"2011-02-01T00:09:45+00:00","mainEntityOfPage":{"@id":"https:\/\/fjala.info\/2009-2015\/analiza-gabimet-fatale-te-uniformave-blu-me-21-janar\/"},"wordCount":786,"commentCount":0,"publisher":{"@id":"https:\/\/fjala.info\/2009-2015\/#organization"},"image":{"@id":"https:\/\/fjala.info\/2009-2015\/analiza-gabimet-fatale-te-uniformave-blu-me-21-janar\/#primaryimage"},"thumbnailUrl":"http:\/\/fjala.shkoder.net\/wp-content\/uploads\/2011\/02\/porta_kryeministri-300x183.jpg","articleSection":["Artikuj"],"inLanguage":"sq-AL","potentialAction":[{"@type":"CommentAction","name":"Comment","target":["https:\/\/fjala.info\/2009-2015\/analiza-gabimet-fatale-te-uniformave-blu-me-21-janar\/#respond"]}]},{"@type":"WebPage","@id":"https:\/\/fjala.info\/2009-2015\/analiza-gabimet-fatale-te-uniformave-blu-me-21-janar\/","url":"https:\/\/fjala.info\/2009-2015\/analiza-gabimet-fatale-te-uniformave-blu-me-21-janar\/","name":"Analiza, gabimet \u201cfatale\u201d t\u00eb uniformave blu m\u00eb 21 janar - FjALA e LIR\u00cb - Arkivi","isPartOf":{"@id":"https:\/\/fjala.info\/2009-2015\/#website"},"primaryImageOfPage":{"@id":"https:\/\/fjala.info\/2009-2015\/analiza-gabimet-fatale-te-uniformave-blu-me-21-janar\/#primaryimage"},"image":{"@id":"https:\/\/fjala.info\/2009-2015\/analiza-gabimet-fatale-te-uniformave-blu-me-21-janar\/#primaryimage"},"thumbnailUrl":"http:\/\/fjala.shkoder.net\/wp-content\/uploads\/2011\/02\/porta_kryeministri-300x183.jpg","datePublished":"2011-02-01T00:09:45+00:00","breadcrumb":{"@id":"https:\/\/fjala.info\/2009-2015\/analiza-gabimet-fatale-te-uniformave-blu-me-21-janar\/#breadcrumb"},"inLanguage":"sq-AL","potentialAction":[{"@type":"ReadAction","target":["https:\/\/fjala.info\/2009-2015\/analiza-gabimet-fatale-te-uniformave-blu-me-21-janar\/"]}]},{"@type":"ImageObject","inLanguage":"sq-AL","@id":"https:\/\/fjala.info\/2009-2015\/analiza-gabimet-fatale-te-uniformave-blu-me-21-janar\/#primaryimage","url":"http:\/\/fjala.shkoder.net\/wp-content\/uploads\/2011\/02\/porta_kryeministri-300x183.jpg","contentUrl":"http:\/\/fjala.shkoder.net\/wp-content\/uploads\/2011\/02\/porta_kryeministri-300x183.jpg"},{"@type":"BreadcrumbList","@id":"https:\/\/fjala.info\/2009-2015\/analiza-gabimet-fatale-te-uniformave-blu-me-21-janar\/#breadcrumb","itemListElement":[{"@type":"ListItem","position":1,"name":"Home","item":"https:\/\/fjala.info\/2009-2015\/"},{"@type":"ListItem","position":2,"name":"Analiza, gabimet \u201cfatale\u201d t\u00eb uniformave blu m\u00eb 21 janar"}]},{"@type":"WebSite","@id":"https:\/\/fjala.info\/2009-2015\/#website","url":"https:\/\/fjala.info\/2009-2015\/","name":"FjALA e LIR\u00cb - Arkivi","description":"Arkivi 2009-2015","publisher":{"@id":"https:\/\/fjala.info\/2009-2015\/#organization"},"potentialAction":[{"@type":"SearchAction","target":{"@type":"EntryPoint","urlTemplate":"https:\/\/fjala.info\/2009-2015\/?s={search_term_string}"},"query-input":{"@type":"PropertyValueSpecification","valueRequired":true,"valueName":"search_term_string"}}],"inLanguage":"sq-AL"},{"@type":"Organization","@id":"https:\/\/fjala.info\/2009-2015\/#organization","name":"FjALA e LIR\u00cb - Arkivi","url":"https:\/\/fjala.info\/2009-2015\/","logo":{"@type":"ImageObject","inLanguage":"sq-AL","@id":"https:\/\/fjala.info\/2009-2015\/#\/schema\/logo\/image\/","url":"","contentUrl":"","caption":"FjALA e LIR\u00cb - Arkivi"},"image":{"@id":"https:\/\/fjala.info\/2009-2015\/#\/schema\/logo\/image\/"}},{"@type":"Person","@id":"https:\/\/fjala.info\/2009-2015\/#\/schema\/person\/3aa1163ef05469c496fc94e77611ada2","name":"admin","image":{"@type":"ImageObject","inLanguage":"sq-AL","@id":"https:\/\/fjala.info\/2009-2015\/wp-content\/uploads\/2012\/02\/arben_cokaj-120x150.jpg","url":"https:\/\/fjala.info\/2009-2015\/wp-content\/uploads\/2012\/02\/arben_cokaj-120x150.jpg","contentUrl":"https:\/\/fjala.info\/2009-2015\/wp-content\/uploads\/2012\/02\/arben_cokaj-120x150.jpg","caption":"admin"},"description":"Admin, Fjala e Lir\u00eb","sameAs":["https:\/\/fjala.info\/"],"url":"https:\/\/fjala.info\/2009-2015\/author\/admin\/"}]}},"_links":{"self":[{"href":"https:\/\/fjala.info\/2009-2015\/wp-json\/wp\/v2\/posts\/6084","targetHints":{"allow":["GET"]}}],"collection":[{"href":"https:\/\/fjala.info\/2009-2015\/wp-json\/wp\/v2\/posts"}],"about":[{"href":"https:\/\/fjala.info\/2009-2015\/wp-json\/wp\/v2\/types\/post"}],"author":[{"embeddable":true,"href":"https:\/\/fjala.info\/2009-2015\/wp-json\/wp\/v2\/users\/1"}],"replies":[{"embeddable":true,"href":"https:\/\/fjala.info\/2009-2015\/wp-json\/wp\/v2\/comments?post=6084"}],"version-history":[{"count":0,"href":"https:\/\/fjala.info\/2009-2015\/wp-json\/wp\/v2\/posts\/6084\/revisions"}],"wp:attachment":[{"href":"https:\/\/fjala.info\/2009-2015\/wp-json\/wp\/v2\/media?parent=6084"}],"wp:term":[{"taxonomy":"category","embeddable":true,"href":"https:\/\/fjala.info\/2009-2015\/wp-json\/wp\/v2\/categories?post=6084"},{"taxonomy":"post_tag","embeddable":true,"href":"https:\/\/fjala.info\/2009-2015\/wp-json\/wp\/v2\/tags?post=6084"}],"curies":[{"name":"wp","href":"https:\/\/api.w.org\/{rel}","templated":true}]}}