{"id":6081,"date":"2011-02-01T01:00:40","date_gmt":"2011-02-01T00:00:40","guid":{"rendered":"http:\/\/fjala.shkoder.net\/?p=6081"},"modified":"2011-02-01T01:00:40","modified_gmt":"2011-02-01T00:00:40","slug":"faza-komike-e-nje-regjimi","status":"publish","type":"post","link":"https:\/\/fjala.info\/2009-2015\/faza-komike-e-nje-regjimi\/","title":{"rendered":"Faza komike e nj\u00eb regjimi"},"content":{"rendered":"<p><img loading=\"lazy\" decoding=\"async\" class=\"alignleft size-full wp-image-6082\" title=\"saliu_shikon_tabulatet\" src=\"http:\/\/fjala.shkoder.net\/wp-content\/uploads\/2011\/02\/saliu_shikon_tabulatet.jpg\" alt=\"\" width=\"250\" height=\"164\" \/><br \/>\n<strong>Mustafa Nano<\/strong><\/p>\n<p>Saliu me lup\u00eb mbi tabulateDje Berisha, tok me gruan e tij q\u00eb i shkon gjith\u00ebher\u00ebn nga pas si manare, shkoi n\u00eb sht\u00ebpin\u00eb e Bekimes, e asaj vajz\u00ebs, q\u00eb q\u00ebnka dhunuar nga demonstruesit, teksa ka q\u00ebn\u00eb duke b\u00ebrtitur \u201crroft\u00eb Sali Berisha\u201d e futur mes tyre. Po pse i shkoi n\u00eb sht\u00ebpi, p\u00ebrderisa e p\u00ebrmendi nj\u00ebher\u00eb rastin e saj gjat\u00eb takimit n\u00eb kryeministri? Shkoi, se ajo kish dat\u00eblindjen.<\/p>\n<p>Do t\u2019i shkoj\u00eb prap\u00eb kur t\u00eb fejohet; madje, ka rrezik q\u00eb ta fejojn\u00eb shpejt e shpejt, n\u00eb m\u00ebnyr\u00eb q\u00eb vizita e tret\u00eb n\u00eb sht\u00ebpin\u00eb e saj t\u00eb b\u00ebhet prap\u00eb sa \u201chekuri \u00ebsht\u00eb i nxeht\u00eb\u201d. Dhe prap\u00eb do t\u00eb p\u00ebrmend\u00eb dhun\u00ebn e demonstruesve t\u00eb ushtruar mbi k\u00ebt\u00eb vajz\u00eb t\u00eb re. Demonstruesit e kan\u00eb par\u00eb mes tyre, q\u00eb ka ngritur dy gishtat lart, e ka thirrur \u201crroft\u00eb Sali Berisha\u201d, dhe si budallenj q\u00eb jan\u00eb, e kan\u00eb marr\u00eb p\u00ebr provokatore. Mir\u00ebpo, ajo s\u2019\u00ebsht\u00eb provokatore; ajo ka q\u00ebn\u00eb n\u00eb drejt\u00ebn e saj p\u00ebr t\u2019u shprehur politikisht, gj\u00eb q\u00eb ia garanton kushtetuta.<\/p>\n<p>Po pse atje mes pu\u00e7ist\u00ebve?, do thoni ju. \u00cbsht\u00eb pun\u00eb e saj, se ku e ngre z\u00ebrin. A mos vall\u00eb ka ndonj\u00eb p\u00ebrcaktim kushtetues, q\u00eb thot\u00eb se \u201cnuk mund t\u00eb b\u00ebsh tifo p\u00ebr kryeministrin mes atyre q\u00eb kryeministrin s\u2019e shohin dot me sy\u201d? Nuk ka. Prandaj, ajo \u00ebsht\u00eb thjesht viktim\u00eb e dhun\u00ebs s\u00eb pu\u00e7ist-\u00ebve. Po t\u00eb ish Saliu n\u00eb Presidenc\u00eb, Bekimja do ish shpallur tanim\u00eb nj\u00eb heroin\u00eb e demokracis\u00eb. Por s\u2019\u00ebsht\u00eb. N\u00eb presidenc\u00eb \u00ebsht\u00eb nj\u00eb pu\u00e7ist tjet\u00ebr, q\u00eb s\u2019di t\u00eb pikas\u00eb viktima t\u00eb tilla heroike, ashtu si nuk diti t\u00eb pikas\u00eb n\u00eb dat\u00ebn 21 dhun\u00ebn e ushtruar mbi gardist\u00ebt e polic\u00ebt.<\/p>\n<p>Nuk ka q\u00ebn\u00eb ky i vetmi moment komik i k\u00ebtyre dit\u00ebve. Edhe dekorimi i atij gardistit q\u00eb ngriti flamurin e hedhur p\u00ebr tok\u00eb ishte komik sa t\u00eb duash. Ka shum\u00eb gjasa q\u00eb at\u00eb sken\u00eb ta ket\u00eb porositur vet\u00eb Berisha p\u00ebrpara se t\u00eb fillonte demonstrimi; dua t\u00eb them se nuk \u00ebsht\u00eb \u00e7udi q\u00eb t\u00eb ket\u00eb futur ndonj\u00eb demokratikas n\u00eb radh\u00ebt e demonstruesve, i cili t\u00eb ket\u00eb patur p\u00ebr detyr\u00eb t\u00eb flakte flamurin mu tek k\u00ebmb\u00ebt e atij policit me emrin Amarildo apo Aramildo, i cili nga ana e vet do duhej ta ngrinte e ta fuste n\u00eb gji. E di, ndonj\u00eb prej jush mund ta marr\u00eb k\u00ebt\u00eb p\u00ebr ndonj\u00eb paranoj\u00eb timen; dhe un\u00eb nuk \u00ebsht\u00eb se kam fakte, q\u00eb t\u2019ua mbush m\u00ebndjen; i vetmi fakt q\u00eb di t\u2019ju jap, \u00ebsht\u00eb se Berisha nuk di t\u00eb b\u00ebj\u00eb gj\u00eb tjet\u00ebr, ve\u00e7se provokime; madje, sa her\u00eb q\u00eb \u00ebsht\u00eb n\u00eb dit\u00eb t\u00eb v\u00ebshtira, provokimet i marrin form\u00ebn e karagjoslliqeve t\u00eb p\u00ebrkryera.<\/p>\n<p>Sa m\u00eb sip\u00ebr m\u00eb erdh\u00ebn n\u00eb mendje, menj\u00ebher\u00eb sapo lexova n\u00eb site-in e Top-channel-it lajmin komik q\u00eb vijon: \u201cKomisioni hetimor parlamentar q\u00eb po heton ngjarjet e 21 janarit ka vendosur t\u00eb k\u00ebrkoj\u00eb edhe tabulatet telefonike t\u00eb disa gazetar\u00ebve t\u00eb mediave n\u00eb vend. N\u00eb k\u00ebt\u00eb list\u00eb p\u00ebrfshihen Filip \u00c7akuli, Sokol Balla, Andi Bushati dhe Mero Baze\u201d. E dini? Megjith\u00ebse e di motivimin idiotik t\u00eb vendimit p\u00ebr t\u00eb hetuar tabulatet telefonike t\u00eb koleg\u00ebve t\u00eb mij, m\u00eb erdhi pak inat me faktin q\u00eb emri im s\u2019figuronte n\u00eb k\u00ebt\u00eb list\u00eb. Pse dreqin? Pse nuk jam dhe un\u00eb aty?<\/p>\n<p>Kaq shum\u00eb m\u00eb shp\u00ebrfill Berisha, vall\u00eb? Kaq pak vlej, sa t\u00eb mos kem hak dhe armiq\u00ebsin\u00eb e Berish\u00ebs? Jam i zem\u00ebruar me Berish\u00ebn, ta dij\u00eb! Teksa shoh, q\u00eb po zgjerohet rrethi i pu\u00e7ist\u00ebve, m\u00eb vjen t\u00eb plas nga inati q\u00eb un\u00eb mbetem jasht\u00eb k\u00ebtij rrethi. T\u00eb lutem, Berisha, t\u00eb p\u00ebrgj\u00ebrohem, m\u00eb fut dhe mua! Ndihem i koritur, q\u00eb m\u00eb ke l\u00ebn\u00eb jasht\u00eb. M\u00eb ke f\u00eblliqur me k\u00ebt\u00eb akt. Kam gjith\u00eb jet\u00ebn q\u00eb b\u00ebj \u00e7mos ta meritoj statusin e titullin e pu\u00e7istit, nd\u00ebrsa ti nuk m\u00eb ke llogaritur. T\u00eb lutem, Berisha, m\u00eb fut dhe mua n\u00eb list\u00eb! Nuk t\u00eb kushton asgj\u00eb ta b\u00ebsh k\u00ebt\u00eb.<\/p>\n<p>Apo mua m\u00eb konsideron njimend t\u00eb padenj\u00eb p\u00ebr t\u2019m\u00eb futur n\u00eb grupin e gazetar\u00ebve pu\u00e7ist\u00eb? \u00c7far\u00eb duhet t\u00eb b\u00ebj tjet\u00ebr p\u00ebr t\u00eb fituar v\u00ebmendjen t\u00ebnde? Apo mendon se un\u00eb nuk kam b\u00ebr\u00eb telefonata? Epo ja, ku po ta them se kam folur shpesh n\u00eb telefon me disa prej njer\u00ebzve, q\u00eb ke zgjedhur p\u00ebr t\u2019ua futur n\u00eb sit\u00eb telefonatat. Ta dish, se telefonata kam patur ve\u00e7 me pu\u00e7ist\u00eb, e nuk kam asnj\u00eb telefonat\u00eb me anti-pu\u00e7ist\u00eb, si fjala vjen me Bash\u00ebn, Alibeajn, Olldashin, Rulin, Imamin, Met\u00ebn, Pollon, Patozin, Halimin, apo me polic\u00eb, apo me gardist\u00eb, apo me gjeneral\u00eb, etj. H\u00eb, u binde tani? Futm\u00eb dhe mua, Berisha! O Zot, do plas nga zilia p\u00ebr Filipin, Sokolin, Andin dhe Meron! Si lum ata!<\/p>\n<p>Sh\u00ebnim 1: Mero Baze, menj\u00ebher\u00eb pas lajmit, m\u00eb shkruante nj\u00eb sms, ku m\u00eb thosh: \u201cN\u00eb kontrat\u00ebn time me kompanin\u00eb Vodafone, ka nj\u00eb pik\u00eb, ku shkruhet q\u00eb n\u00eb tabulatet e bisedave t\u00eb mia nuk duhet t\u00eb p\u00ebrfshihen thirrjet. Kam dashur t\u00eb ruhem nga gruaja. Dhe s\u2019do mend q\u00eb, at\u00eb q\u00eb s\u2019ia lejoj gruas sime ta shoh\u00eb, s\u2019mund t\u2019ia lejoj gruas s\u00eb Saliut. Nuk do shkonte kjo pun\u00eb\u201d.<\/p>\n","protected":false},"excerpt":{"rendered":"<p>Mustafa Nano Saliu me lup\u00eb mbi tabulateDje Berisha, tok me gruan e tij q\u00eb i shkon gjith\u00ebher\u00ebn nga pas si manare, shkoi n\u00eb sht\u00ebpin\u00eb e Bekimes, e asaj vajz\u00ebs, q\u00eb q\u00ebnka dhunuar nga demonstruesit, teksa ka q\u00ebn\u00eb duke b\u00ebrtitur \u201crroft\u00eb Sali Berisha\u201d e futur mes tyre. Po pse i shkoi n\u00eb sht\u00ebpi, p\u00ebrderisa e p\u00ebrmendi [&hellip;]<\/p>\n","protected":false},"author":1,"featured_media":0,"comment_status":"open","ping_status":"closed","sticky":false,"template":"","format":"standard","meta":{"footnotes":""},"categories":[2],"tags":[],"class_list":{"0":"post-6081","1":"post","2":"type-post","3":"status-publish","4":"format-standard","6":"category-artikuj"},"yoast_head":"<!-- This site is optimized with the Yoast SEO plugin v27.4 - https:\/\/yoast.com\/product\/yoast-seo-wordpress\/ -->\n<title>Faza komike e nj\u00eb regjimi - FjALA e LIR\u00cb - Arkivi<\/title>\n<meta name=\"robots\" content=\"index, follow, max-snippet:-1, max-image-preview:large, max-video-preview:-1\" \/>\n<link rel=\"canonical\" href=\"https:\/\/fjala.info\/2009-2015\/faza-komike-e-nje-regjimi\/\" \/>\n<meta property=\"og:locale\" content=\"sq_AL\" \/>\n<meta property=\"og:type\" content=\"article\" \/>\n<meta property=\"og:title\" content=\"Faza komike e nj\u00eb regjimi - FjALA e LIR\u00cb - Arkivi\" \/>\n<meta property=\"og:description\" content=\"Mustafa Nano Saliu me lup\u00eb mbi tabulateDje Berisha, tok me gruan e tij q\u00eb i shkon gjith\u00ebher\u00ebn nga pas si manare, shkoi n\u00eb sht\u00ebpin\u00eb e Bekimes, e asaj vajz\u00ebs, q\u00eb q\u00ebnka dhunuar nga demonstruesit, teksa ka q\u00ebn\u00eb duke b\u00ebrtitur \u201crroft\u00eb Sali Berisha\u201d e futur mes tyre. Po pse i shkoi n\u00eb sht\u00ebpi, p\u00ebrderisa e p\u00ebrmendi [&hellip;]\" \/>\n<meta property=\"og:url\" content=\"https:\/\/fjala.info\/2009-2015\/faza-komike-e-nje-regjimi\/\" \/>\n<meta property=\"og:site_name\" content=\"FjALA e LIR\u00cb - Arkivi\" \/>\n<meta property=\"article:published_time\" content=\"2011-02-01T00:00:40+00:00\" \/>\n<meta property=\"og:image\" content=\"http:\/\/fjala.shkoder.net\/wp-content\/uploads\/2011\/02\/saliu_shikon_tabulatet.jpg\" \/>\n<meta name=\"author\" content=\"admin\" \/>\n<meta name=\"twitter:card\" content=\"summary_large_image\" \/>\n<meta name=\"twitter:label1\" content=\"Written by\" \/>\n\t<meta name=\"twitter:data1\" content=\"admin\" \/>\n\t<meta name=\"twitter:label2\" content=\"Est. reading time\" \/>\n\t<meta name=\"twitter:data2\" content=\"5 minutes\" \/>\n<script type=\"application\/ld+json\" class=\"yoast-schema-graph\">{\"@context\":\"https:\\\/\\\/schema.org\",\"@graph\":[{\"@type\":\"Article\",\"@id\":\"https:\\\/\\\/fjala.info\\\/2009-2015\\\/faza-komike-e-nje-regjimi\\\/#article\",\"isPartOf\":{\"@id\":\"https:\\\/\\\/fjala.info\\\/2009-2015\\\/faza-komike-e-nje-regjimi\\\/\"},\"author\":{\"name\":\"admin\",\"@id\":\"https:\\\/\\\/fjala.info\\\/2009-2015\\\/#\\\/schema\\\/person\\\/3aa1163ef05469c496fc94e77611ada2\"},\"headline\":\"Faza komike e nj\u00eb regjimi\",\"datePublished\":\"2011-02-01T00:00:40+00:00\",\"mainEntityOfPage\":{\"@id\":\"https:\\\/\\\/fjala.info\\\/2009-2015\\\/faza-komike-e-nje-regjimi\\\/\"},\"wordCount\":928,\"commentCount\":0,\"publisher\":{\"@id\":\"https:\\\/\\\/fjala.info\\\/2009-2015\\\/#organization\"},\"image\":{\"@id\":\"https:\\\/\\\/fjala.info\\\/2009-2015\\\/faza-komike-e-nje-regjimi\\\/#primaryimage\"},\"thumbnailUrl\":\"http:\\\/\\\/fjala.shkoder.net\\\/wp-content\\\/uploads\\\/2011\\\/02\\\/saliu_shikon_tabulatet.jpg\",\"articleSection\":[\"Artikuj\"],\"inLanguage\":\"sq-AL\",\"potentialAction\":[{\"@type\":\"CommentAction\",\"name\":\"Comment\",\"target\":[\"https:\\\/\\\/fjala.info\\\/2009-2015\\\/faza-komike-e-nje-regjimi\\\/#respond\"]}]},{\"@type\":\"WebPage\",\"@id\":\"https:\\\/\\\/fjala.info\\\/2009-2015\\\/faza-komike-e-nje-regjimi\\\/\",\"url\":\"https:\\\/\\\/fjala.info\\\/2009-2015\\\/faza-komike-e-nje-regjimi\\\/\",\"name\":\"Faza komike e nj\u00eb regjimi - FjALA e LIR\u00cb - Arkivi\",\"isPartOf\":{\"@id\":\"https:\\\/\\\/fjala.info\\\/2009-2015\\\/#website\"},\"primaryImageOfPage\":{\"@id\":\"https:\\\/\\\/fjala.info\\\/2009-2015\\\/faza-komike-e-nje-regjimi\\\/#primaryimage\"},\"image\":{\"@id\":\"https:\\\/\\\/fjala.info\\\/2009-2015\\\/faza-komike-e-nje-regjimi\\\/#primaryimage\"},\"thumbnailUrl\":\"http:\\\/\\\/fjala.shkoder.net\\\/wp-content\\\/uploads\\\/2011\\\/02\\\/saliu_shikon_tabulatet.jpg\",\"datePublished\":\"2011-02-01T00:00:40+00:00\",\"breadcrumb\":{\"@id\":\"https:\\\/\\\/fjala.info\\\/2009-2015\\\/faza-komike-e-nje-regjimi\\\/#breadcrumb\"},\"inLanguage\":\"sq-AL\",\"potentialAction\":[{\"@type\":\"ReadAction\",\"target\":[\"https:\\\/\\\/fjala.info\\\/2009-2015\\\/faza-komike-e-nje-regjimi\\\/\"]}]},{\"@type\":\"ImageObject\",\"inLanguage\":\"sq-AL\",\"@id\":\"https:\\\/\\\/fjala.info\\\/2009-2015\\\/faza-komike-e-nje-regjimi\\\/#primaryimage\",\"url\":\"http:\\\/\\\/fjala.shkoder.net\\\/wp-content\\\/uploads\\\/2011\\\/02\\\/saliu_shikon_tabulatet.jpg\",\"contentUrl\":\"http:\\\/\\\/fjala.shkoder.net\\\/wp-content\\\/uploads\\\/2011\\\/02\\\/saliu_shikon_tabulatet.jpg\"},{\"@type\":\"BreadcrumbList\",\"@id\":\"https:\\\/\\\/fjala.info\\\/2009-2015\\\/faza-komike-e-nje-regjimi\\\/#breadcrumb\",\"itemListElement\":[{\"@type\":\"ListItem\",\"position\":1,\"name\":\"Home\",\"item\":\"https:\\\/\\\/fjala.info\\\/2009-2015\\\/\"},{\"@type\":\"ListItem\",\"position\":2,\"name\":\"Faza komike e nj\u00eb regjimi\"}]},{\"@type\":\"WebSite\",\"@id\":\"https:\\\/\\\/fjala.info\\\/2009-2015\\\/#website\",\"url\":\"https:\\\/\\\/fjala.info\\\/2009-2015\\\/\",\"name\":\"FjALA e LIR\u00cb - Arkivi\",\"description\":\"Arkivi 2009-2015\",\"publisher\":{\"@id\":\"https:\\\/\\\/fjala.info\\\/2009-2015\\\/#organization\"},\"potentialAction\":[{\"@type\":\"SearchAction\",\"target\":{\"@type\":\"EntryPoint\",\"urlTemplate\":\"https:\\\/\\\/fjala.info\\\/2009-2015\\\/?s={search_term_string}\"},\"query-input\":{\"@type\":\"PropertyValueSpecification\",\"valueRequired\":true,\"valueName\":\"search_term_string\"}}],\"inLanguage\":\"sq-AL\"},{\"@type\":\"Organization\",\"@id\":\"https:\\\/\\\/fjala.info\\\/2009-2015\\\/#organization\",\"name\":\"FjALA e LIR\u00cb - Arkivi\",\"url\":\"https:\\\/\\\/fjala.info\\\/2009-2015\\\/\",\"logo\":{\"@type\":\"ImageObject\",\"inLanguage\":\"sq-AL\",\"@id\":\"https:\\\/\\\/fjala.info\\\/2009-2015\\\/#\\\/schema\\\/logo\\\/image\\\/\",\"url\":\"\",\"contentUrl\":\"\",\"caption\":\"FjALA e LIR\u00cb - Arkivi\"},\"image\":{\"@id\":\"https:\\\/\\\/fjala.info\\\/2009-2015\\\/#\\\/schema\\\/logo\\\/image\\\/\"}},{\"@type\":\"Person\",\"@id\":\"https:\\\/\\\/fjala.info\\\/2009-2015\\\/#\\\/schema\\\/person\\\/3aa1163ef05469c496fc94e77611ada2\",\"name\":\"admin\",\"image\":{\"@type\":\"ImageObject\",\"inLanguage\":\"sq-AL\",\"@id\":\"https:\\\/\\\/fjala.info\\\/2009-2015\\\/wp-content\\\/uploads\\\/2012\\\/02\\\/arben_cokaj-120x150.jpg\",\"url\":\"https:\\\/\\\/fjala.info\\\/2009-2015\\\/wp-content\\\/uploads\\\/2012\\\/02\\\/arben_cokaj-120x150.jpg\",\"contentUrl\":\"https:\\\/\\\/fjala.info\\\/2009-2015\\\/wp-content\\\/uploads\\\/2012\\\/02\\\/arben_cokaj-120x150.jpg\",\"caption\":\"admin\"},\"description\":\"Admin, Fjala e Lir\u00eb\",\"sameAs\":[\"https:\\\/\\\/fjala.info\\\/\"],\"url\":\"https:\\\/\\\/fjala.info\\\/2009-2015\\\/author\\\/admin\\\/\"}]}<\/script>\n<!-- \/ Yoast SEO plugin. -->","yoast_head_json":{"title":"Faza komike e nj\u00eb regjimi - FjALA e LIR\u00cb - Arkivi","robots":{"index":"index","follow":"follow","max-snippet":"max-snippet:-1","max-image-preview":"max-image-preview:large","max-video-preview":"max-video-preview:-1"},"canonical":"https:\/\/fjala.info\/2009-2015\/faza-komike-e-nje-regjimi\/","og_locale":"sq_AL","og_type":"article","og_title":"Faza komike e nj\u00eb regjimi - FjALA e LIR\u00cb - Arkivi","og_description":"Mustafa Nano Saliu me lup\u00eb mbi tabulateDje Berisha, tok me gruan e tij q\u00eb i shkon gjith\u00ebher\u00ebn nga pas si manare, shkoi n\u00eb sht\u00ebpin\u00eb e Bekimes, e asaj vajz\u00ebs, q\u00eb q\u00ebnka dhunuar nga demonstruesit, teksa ka q\u00ebn\u00eb duke b\u00ebrtitur \u201crroft\u00eb Sali Berisha\u201d e futur mes tyre. Po pse i shkoi n\u00eb sht\u00ebpi, p\u00ebrderisa e p\u00ebrmendi [&hellip;]","og_url":"https:\/\/fjala.info\/2009-2015\/faza-komike-e-nje-regjimi\/","og_site_name":"FjALA e LIR\u00cb - Arkivi","article_published_time":"2011-02-01T00:00:40+00:00","og_image":[{"url":"http:\/\/fjala.shkoder.net\/wp-content\/uploads\/2011\/02\/saliu_shikon_tabulatet.jpg","type":"","width":"","height":""}],"author":"admin","twitter_card":"summary_large_image","twitter_misc":{"Written by":"admin","Est. reading time":"5 minutes"},"schema":{"@context":"https:\/\/schema.org","@graph":[{"@type":"Article","@id":"https:\/\/fjala.info\/2009-2015\/faza-komike-e-nje-regjimi\/#article","isPartOf":{"@id":"https:\/\/fjala.info\/2009-2015\/faza-komike-e-nje-regjimi\/"},"author":{"name":"admin","@id":"https:\/\/fjala.info\/2009-2015\/#\/schema\/person\/3aa1163ef05469c496fc94e77611ada2"},"headline":"Faza komike e nj\u00eb regjimi","datePublished":"2011-02-01T00:00:40+00:00","mainEntityOfPage":{"@id":"https:\/\/fjala.info\/2009-2015\/faza-komike-e-nje-regjimi\/"},"wordCount":928,"commentCount":0,"publisher":{"@id":"https:\/\/fjala.info\/2009-2015\/#organization"},"image":{"@id":"https:\/\/fjala.info\/2009-2015\/faza-komike-e-nje-regjimi\/#primaryimage"},"thumbnailUrl":"http:\/\/fjala.shkoder.net\/wp-content\/uploads\/2011\/02\/saliu_shikon_tabulatet.jpg","articleSection":["Artikuj"],"inLanguage":"sq-AL","potentialAction":[{"@type":"CommentAction","name":"Comment","target":["https:\/\/fjala.info\/2009-2015\/faza-komike-e-nje-regjimi\/#respond"]}]},{"@type":"WebPage","@id":"https:\/\/fjala.info\/2009-2015\/faza-komike-e-nje-regjimi\/","url":"https:\/\/fjala.info\/2009-2015\/faza-komike-e-nje-regjimi\/","name":"Faza komike e nj\u00eb regjimi - FjALA e LIR\u00cb - Arkivi","isPartOf":{"@id":"https:\/\/fjala.info\/2009-2015\/#website"},"primaryImageOfPage":{"@id":"https:\/\/fjala.info\/2009-2015\/faza-komike-e-nje-regjimi\/#primaryimage"},"image":{"@id":"https:\/\/fjala.info\/2009-2015\/faza-komike-e-nje-regjimi\/#primaryimage"},"thumbnailUrl":"http:\/\/fjala.shkoder.net\/wp-content\/uploads\/2011\/02\/saliu_shikon_tabulatet.jpg","datePublished":"2011-02-01T00:00:40+00:00","breadcrumb":{"@id":"https:\/\/fjala.info\/2009-2015\/faza-komike-e-nje-regjimi\/#breadcrumb"},"inLanguage":"sq-AL","potentialAction":[{"@type":"ReadAction","target":["https:\/\/fjala.info\/2009-2015\/faza-komike-e-nje-regjimi\/"]}]},{"@type":"ImageObject","inLanguage":"sq-AL","@id":"https:\/\/fjala.info\/2009-2015\/faza-komike-e-nje-regjimi\/#primaryimage","url":"http:\/\/fjala.shkoder.net\/wp-content\/uploads\/2011\/02\/saliu_shikon_tabulatet.jpg","contentUrl":"http:\/\/fjala.shkoder.net\/wp-content\/uploads\/2011\/02\/saliu_shikon_tabulatet.jpg"},{"@type":"BreadcrumbList","@id":"https:\/\/fjala.info\/2009-2015\/faza-komike-e-nje-regjimi\/#breadcrumb","itemListElement":[{"@type":"ListItem","position":1,"name":"Home","item":"https:\/\/fjala.info\/2009-2015\/"},{"@type":"ListItem","position":2,"name":"Faza komike e nj\u00eb regjimi"}]},{"@type":"WebSite","@id":"https:\/\/fjala.info\/2009-2015\/#website","url":"https:\/\/fjala.info\/2009-2015\/","name":"FjALA e LIR\u00cb - Arkivi","description":"Arkivi 2009-2015","publisher":{"@id":"https:\/\/fjala.info\/2009-2015\/#organization"},"potentialAction":[{"@type":"SearchAction","target":{"@type":"EntryPoint","urlTemplate":"https:\/\/fjala.info\/2009-2015\/?s={search_term_string}"},"query-input":{"@type":"PropertyValueSpecification","valueRequired":true,"valueName":"search_term_string"}}],"inLanguage":"sq-AL"},{"@type":"Organization","@id":"https:\/\/fjala.info\/2009-2015\/#organization","name":"FjALA e LIR\u00cb - Arkivi","url":"https:\/\/fjala.info\/2009-2015\/","logo":{"@type":"ImageObject","inLanguage":"sq-AL","@id":"https:\/\/fjala.info\/2009-2015\/#\/schema\/logo\/image\/","url":"","contentUrl":"","caption":"FjALA e LIR\u00cb - Arkivi"},"image":{"@id":"https:\/\/fjala.info\/2009-2015\/#\/schema\/logo\/image\/"}},{"@type":"Person","@id":"https:\/\/fjala.info\/2009-2015\/#\/schema\/person\/3aa1163ef05469c496fc94e77611ada2","name":"admin","image":{"@type":"ImageObject","inLanguage":"sq-AL","@id":"https:\/\/fjala.info\/2009-2015\/wp-content\/uploads\/2012\/02\/arben_cokaj-120x150.jpg","url":"https:\/\/fjala.info\/2009-2015\/wp-content\/uploads\/2012\/02\/arben_cokaj-120x150.jpg","contentUrl":"https:\/\/fjala.info\/2009-2015\/wp-content\/uploads\/2012\/02\/arben_cokaj-120x150.jpg","caption":"admin"},"description":"Admin, Fjala e Lir\u00eb","sameAs":["https:\/\/fjala.info\/"],"url":"https:\/\/fjala.info\/2009-2015\/author\/admin\/"}]}},"_links":{"self":[{"href":"https:\/\/fjala.info\/2009-2015\/wp-json\/wp\/v2\/posts\/6081","targetHints":{"allow":["GET"]}}],"collection":[{"href":"https:\/\/fjala.info\/2009-2015\/wp-json\/wp\/v2\/posts"}],"about":[{"href":"https:\/\/fjala.info\/2009-2015\/wp-json\/wp\/v2\/types\/post"}],"author":[{"embeddable":true,"href":"https:\/\/fjala.info\/2009-2015\/wp-json\/wp\/v2\/users\/1"}],"replies":[{"embeddable":true,"href":"https:\/\/fjala.info\/2009-2015\/wp-json\/wp\/v2\/comments?post=6081"}],"version-history":[{"count":0,"href":"https:\/\/fjala.info\/2009-2015\/wp-json\/wp\/v2\/posts\/6081\/revisions"}],"wp:attachment":[{"href":"https:\/\/fjala.info\/2009-2015\/wp-json\/wp\/v2\/media?parent=6081"}],"wp:term":[{"taxonomy":"category","embeddable":true,"href":"https:\/\/fjala.info\/2009-2015\/wp-json\/wp\/v2\/categories?post=6081"},{"taxonomy":"post_tag","embeddable":true,"href":"https:\/\/fjala.info\/2009-2015\/wp-json\/wp\/v2\/tags?post=6081"}],"curies":[{"name":"wp","href":"https:\/\/api.w.org\/{rel}","templated":true}]}}