{"id":6075,"date":"2011-02-01T00:25:53","date_gmt":"2011-01-31T23:25:53","guid":{"rendered":"http:\/\/fjala.shkoder.net\/?p=6075"},"modified":"2011-02-01T00:25:53","modified_gmt":"2011-01-31T23:25:53","slug":"mesazh-i-presidentit-topi-lidhur-me-situaten-me-te-fundit-politike-ne-shqiperi","status":"publish","type":"post","link":"https:\/\/fjala.info\/2009-2015\/mesazh-i-presidentit-topi-lidhur-me-situaten-me-te-fundit-politike-ne-shqiperi\/","title":{"rendered":"MESAZH I PRESIDENTIT TOPI LIDHUR ME SITUAT\u00cbN M\u00cb T\u00cb FUNDIT POLITIKE N\u00cb SHQIP\u00cbRI"},"content":{"rendered":"<p><img loading=\"lazy\" decoding=\"async\" class=\"alignright size-full wp-image-6076\" title=\"bamir_topi_president\" src=\"http:\/\/fjala.shkoder.net\/wp-content\/uploads\/2011\/02\/bamir_topi_president.jpg\" alt=\"\" width=\"300\" height=\"199\" \/><br \/>\nT\u00eb dashur qytetar\u00eb t\u00eb Shqip\u00ebris\u00eb, T\u00eb dashur shqiptar\u00eb kudo ku ndodheni,<\/p>\n<p>D\u00ebshiroj t\u00eb ndaj me ju mendimet, ndjenjat, por sidomos shqet\u00ebsimin e breng\u00ebn e madhe mbi t\u00eb sotmen dhe t\u00eb ardhmen e vendit ton\u00eb t\u00eb dashur!<\/p>\n<p>Jam shum\u00eb i bindur se t\u00eb gjith\u00eb e duam Shqip\u00ebrin\u00eb m\u00eb t\u00eb mir\u00eb, m\u00eb t\u00eb bukur, m\u00eb t\u00eb qet\u00eb dhe m\u00eb t\u00eb begat\u00eb: si nj\u00eb atdhe ku dashurohet e tashmja dhe besohet n\u00eb t\u00eb ardhmen, si nj\u00eb familje ku respekti dhe nderi mish\u00ebrojn\u00eb themelet e saj, si nj\u00eb tok\u00eb ku historia ka brezuar trim\u00ebrin\u00eb dhe krenarin\u00eb e kombit, si nj\u00eb shoq\u00ebri ku kodet e vler\u00ebs, moralit dhe ndershm\u00ebris\u00eb kthehen n\u00eb mit, si nj\u00eb demokraci ku \u00e7do njeri \u00ebsht\u00eb i lir\u00eb dhe ku liria \u00ebsht\u00eb e shenjt\u00eb, si nj\u00eb shtet ku qytetar\u00ebt dhe shtetar\u00ebt jan\u00eb t\u00eb barabart\u00eb p\u00ebrpara drejt\u00ebsis\u00eb dhe ligjit.<\/p>\n<p>Por jam m\u00eb shum\u00eb i bindur se kjo Shqip\u00ebri b\u00ebhet ashtu si ne e duam, vet\u00ebm po t\u00eb q\u00ebndrojm\u00eb t\u00eb bashkuar n\u00eb k\u00ebt\u00eb q\u00ebllim, vet\u00ebm po t\u00eb d\u00ebgjojm\u00eb me urt\u00ebsi e men\u00e7uri nj\u00ebri-tjetrin, vet\u00ebm po t\u00eb pranojm\u00eb e respektojm\u00eb dallimet tona dhe mbi t\u00eb gjitha vet\u00ebm n\u00eb se politika vihet n\u00eb sh\u00ebrbim t\u00eb qytetar\u00ebve. N\u00eb t\u00eb kund\u00ebrt\u00ebn do t\u00eb rr\u00ebzohemi, do t\u00eb mbetemi mbrapa dhe Shqip\u00ebria demokratike, e lir\u00eb dhe evropiane do t\u00eb vazhdoj\u00eb t\u00eb mbetet nj\u00eb \u00ebnd\u00ebrr e paralizuar p\u00ebr qytetar\u00ebt nd\u00ebrsa nj\u00eb kal\u00eb-beteje i pashtersh\u00ebm p\u00ebr politikan\u00ebt.<\/p>\n<p>T\u00eb dashur qytetar\u00eb,<\/p>\n<p>21 janari nuk duhet t\u00eb ndodhte n\u00eb Shqip\u00ebrin\u00eb e shekullit t\u00eb XXI. M\u00eb 21 janar nuk duhet t\u00eb derdhej gjak shqiptari. M\u00eb 21 janar nuk duhet t\u00eb kishte viktima, as edhe t\u00eb plagosur dhe t\u00eb dhunuar! M\u00eb 21 janar nuk duhej t\u00eb kishte lot\u00eb t\u00eb n\u00ebnave, grave, f\u00ebmij\u00ebve dhe fytyra pa shpres\u00eb p\u00ebr t\u00eb ardhmen! M\u00eb 21 janar nuk duhej t\u00eb kishte sulme ndaj institucioneve e as dhunim t\u00eb ruajt\u00ebsve t\u00eb tyre! M\u00eb 21 janar nuk duhej t\u00eb shkelej ligji! M\u00eb 21 janar u shkel r\u00ebnd\u00eb ligji.<\/p>\n<p>N\u00eb nj\u00eb vend demokratik shkelja e ligjit d\u00ebnohet dhe shkel\u00ebsit e tij, cil\u00ebtdo qofshin ata, nd\u00ebshkohen. 21 janari err\u00ebsoi shoq\u00ebrin\u00eb dhe demokracin\u00eb shqiptare, prandaj k\u00ebrkesa p\u00ebr ta zbardhur dhe nevoja p\u00ebr transparenc\u00eb ligjore t\u00eb saj \u00ebsht\u00eb p\u00ebrpar\u00ebsi e shtetit, drejt\u00ebsis\u00eb, sh\u00ebrbimeve t\u00eb inteligjenc\u00ebs dhe organeve t\u00eb rendit e ruajtjes s\u00eb tij. Por transparenca e shpejt\u00eb k\u00ebrkon nj\u00eb bashk\u00ebpunim dhe respekt reciprok t\u00eb t\u00eb gjitha k\u00ebtyre hallkave, qart\u00ebsisht t\u00eb sanksionuara n\u00eb Kushtetut\u00ebn e Shqip\u00ebris\u00eb.<\/p>\n<p>Nje vend quhet demokratik jo sepse ka dhe ka zgjedhur apo ka krijuar Prokurorin\u00eb, Gjykatat, Sh\u00ebrbimet Inteligjente dhe Policin\u00eb e Shtetit, por sepse n\u00eb praktik\u00ebn e tyre, t\u00eb sanksionuar me ligj, jan\u00eb sa t\u00eb pavarura aq edhe t\u00eb nd\u00ebrvarura, n\u00eb pun\u00ebn e tyre p\u00ebr t\u00eb siguruar rendin dhe qet\u00ebsin\u00eb e qytetar\u00ebve jan\u00eb sa t\u00eb lira aq edhe t\u00eb detyruara t\u2019i sh\u00ebrbejn\u00eb nj\u00ebri-tjetrit, jan\u00eb sa p\u00ebrgjegj\u00ebse aq edhe t\u00eb barabarta p\u00ebrpara ligjit dhe shtetit ligjor. Nj\u00eb shtet ligjor, mbetet i till\u00eb kur transparenca dhe bashk\u00ebpunimi i k\u00ebtyre hallkave nuk pengohet, cilatdo qofshin motivet e saj, dhe drejt\u00ebsia vendoset.<\/p>\n<p>N\u00eb em\u00ebr t\u00eb qytetar\u00ebve t\u00eb Shqip\u00ebris\u00eb k\u00ebrkoj angazhimin, p\u00ebrkushtimin e Prokuroris\u00eb, Sh\u00ebrbimit Informativ Shtet\u00ebror, Policis\u00eb s\u00eb Shtetit dhe Gard\u00ebs s\u00eb Republik\u00ebs p\u00ebr zbardhjen e menj\u00ebhershme t\u00eb k\u00ebsaj ngjarjeje! N\u00eb em\u00ebr t\u00eb Kushtetut\u00ebs dhe t\u00eb ligjit k\u00ebrkoj bashk\u00ebpunimin e menj\u00ebhersh\u00ebm, t\u00eb pakusht\u00ebzuar e profesional t\u00eb k\u00ebtyre strukturave p\u00ebr t\u00eb b\u00ebr\u00eb transparenc\u00ebn dhe leht\u00ebsuar gjykimin e pavarur t\u00eb shkaqeve dhe pasojave t\u00eb k\u00ebsaj dite t\u00eb v\u00ebshtir\u00eb p\u00ebr Shqip\u00ebrin\u00eb dhe shqiptar\u00ebt! T\u00eb mos harrojm\u00eb se padrejt\u00ebsia diku, \u00ebsht\u00eb k\u00ebrc\u00ebnim p\u00ebr drejt\u00ebsin\u00eb gjith\u00ebkund!<\/p>\n<p>N\u00eb nj\u00eb vend demokratik shteti p\u00ebrb\u00ebhet nga nj\u00eb grup institucionesh legjitime q\u00eb mbajn\u00eb rendin dhe i sh\u00ebrbejn\u00eb q\u00ebndrueshm\u00ebris\u00eb e t\u00eb ardhmes s\u00eb shoq\u00ebris\u00eb, sanksionuar qart\u00eb n\u00eb Kushtetut\u00ebn e tij pluraliste. Nga kjo pik\u00ebpamje Kushtetuta jon\u00eb ndan qart\u00ebsisht pushtetet, zgjedhjen dhe kompetencat e tyre duke respektuar pavar\u00ebsin\u00eb dhe fush\u00ebn e funksionimit t\u00eb tyre. Sot m\u00eb shum\u00eb se asnj\u00ebher\u00eb tjet\u00ebr, n\u00eb procesin e zbardhjes dhe t\u00eb analiz\u00ebs s\u00eb 21 janarit, pushtetet n\u00eb Shqip\u00ebri, duke respektuar pavar\u00ebsin\u00eb, detyrimet dhe kompetencat e tyre ligjore, jan\u00eb t\u00eb mir\u00ebpritur t\u00eb japin vler\u00ebsimet dhe kontributin e tyre.<\/p>\n<p>Pesha dhe presioni i pushteteve ndaj nj\u00ebri-tjetrit e vonon dhe kompromenton pavar\u00ebsin\u00eb e analiz\u00ebs, mendimit dhe gjykimit t\u00eb pavarur t\u00eb ngjarjes dhe aktor\u00ebve t\u00eb saj. Kjo \u00ebsht\u00eb m\u00ebnyra e vetme p\u00ebr t\u00eb leht\u00ebsuar zbardhjen e pavarur, gjith\u00ebp\u00ebrfshir\u00ebse dhe profesionale dhe p\u00ebr t\u00eb nxjerr\u00eb p\u00ebrgjegj\u00ebsit\u00eb politike dhe ligjore q\u00eb shkaktuan viktima, t\u00eb plagosur, dhun\u00eb, c\u00ebnim t\u00eb rendit kushtetues, shkat\u00ebrrim t\u00eb pron\u00ebs publike e private dhe shkelje t\u00eb t\u00eb drejtave t\u00eb njeriut m\u00eb dat\u00ebn 21 t\u00eb muajit janar.<\/p>\n<p>Por kjo ngjarje ka nevoj\u00eb sidomos p\u00ebr nj\u00eb analiz\u00eb dhe transparenc\u00eb politike. Ajo do t\u00eb na ndihmoj\u00eb t\u00eb kthjellojm\u00eb mendjet, t\u00eb qart\u00ebsojm\u00eb interesat dhe t\u00eb bashk\u00ebrendojm\u00eb veprimet q\u00eb Shqip\u00ebria t\u00eb dal\u00eb nga ky qerthull vicioz politik, n\u00eb t\u00eb cilin ndodhet.<\/p>\n<p>Askush nuk mund t\u00eb mohoj\u00eb sot q\u00eb Shqip\u00ebria po p\u00ebrjeton nj\u00eb nga krizat politike m\u00eb t\u00eb v\u00ebshtira t\u00eb tranzicionit ton\u00eb demokratik. Q\u00eb n\u00eb fillimin e k\u00ebsaj legjislature, Kuvendi i Shqip\u00ebris\u00eb ka funksionuar n\u00eb t\u00eb shumt\u00ebn e rasteve gjysm\u00eb-plot apo gjysm\u00eb-bosh, duke c\u00ebnuar mekanizmin e funksionimit pluralist t\u00eb nj\u00eb tribune ku syt\u00eb, mendjet dhe interesat e qytetar\u00ebve presin t\u00eb gjejn\u00eb zgjidhje p\u00ebr hallet dhe problemet e tyre.<\/p>\n<p>Ka po aq koh\u00eb q\u00eb debati parlamentar pluralist \u00ebsht\u00eb spostuar n\u00eb rrug\u00eb, n\u00eb tribuna, n\u00eb foltore partish, n\u00eb studio televizive, gazeta t\u00eb varura apo t\u00eb pavarura, duke harruar detyrimin politik dhe p\u00ebrgjegj\u00ebsin\u00eb qytetare q\u00eb partiak\u00ebt apo politikan\u00ebt b\u00ebhen deputet\u00eb apo ligj\u00ebven\u00ebs n\u00ebp\u00ebrmjet zgjedhjeve, p\u00ebr t\u2019u sh\u00ebrbyer atyre n\u00eb procesin e ligj\u00ebb\u00ebrjes sa m\u00eb t\u00eb mir\u00eb p\u00ebr shoq\u00ebrin\u00eb dhe jo p\u00ebr t\u2019u ofruar atyre arena betejash dhe skena politike t\u00eb padenja dhe t\u00eb pavlera p\u00ebr nj\u00eb vend dhe shoq\u00ebri t\u00eb civilizuar. Kjo munges\u00eb e theksuar e p\u00ebrgjegjshm\u00ebris\u00eb politike dhe legjislative ka vonuar reformat e r\u00ebnd\u00ebsishme q\u00eb ne duhet t\u00eb kryejm\u00eb, ka shkaktuar pengesa n\u00eb plot\u00ebsimin dhe funksionimin e institucioneve t\u00eb pavarura kushtetuese dhe ka ndikuar negativisht n\u00eb procesin e integrimit t\u00eb vendit ton\u00eb n\u00eb Bashkimin Evropian.<\/p>\n<p>Ka fatkeq\u00ebsisht po aq koh\u00eb q\u00eb opozita politike dhe mazhoranca n\u00eb Shqip\u00ebri q\u00ebndrojn\u00eb aq larg n\u00eb pozicionet e tyre politike sa bashk\u00ebpunimi, nd\u00ebrveprimi dhe dialogu n\u00eb interes t\u00eb vendit duket shum\u00eb i larg\u00ebt, edhe sot mbas 21 janarit. Jam shum\u00eb i shqet\u00ebsuar mbi munges\u00ebn e deritanishme t\u00eb komunikimit dhe t\u00eb dialogut politik mes dy forcave kryesore politike. Mendoj dhe shpresoj se ngjarja tragjike dhe pasojat e saj negative p\u00ebr fatet e vendit dhe t\u00eb demokracis\u00eb do t\u00eb nd\u00ebrgjegj\u00ebsojn\u00eb, p\u00ebrgjegj\u00ebsojn\u00eb mendjet e nxehura t\u00eb politik\u00ebs mbi domosdoshm\u00ebrin\u00eb e qet\u00ebsimit t\u00eb situat\u00ebs, gjetjes s\u00eb kompromisit dhe zgjidhjes s\u00eb konfliktit politik q\u00eb po e mban pezull integrimin e vendit dhe zhvillimin e m\u00ebtejsh\u00ebm t\u00eb tij.<\/p>\n<p>Un\u00eb b\u00ebj thirrje edhe nj\u00eb her\u00eb sot p\u00ebr gjetjen sa m\u00eb par\u00eb t\u00eb kompromisit politik si rruga e vetme e domosdoshme p\u00ebr t\u00eb nxjerr\u00eb vendin nga situata e v\u00ebshtir\u00eb dhe perspektiva e munguar n\u00eb t\u00eb cil\u00ebn ndodhet! Koha nuk pret! Ajo k\u00ebrkon q\u00eb interesat e qytetar\u00ebve, t\u00eb cil\u00ebt me t\u00eb drejt\u00eb presin nj\u00eb jet\u00eb m\u00eb t\u00eb mir\u00eb, t\u00eb vendosen mbi interesat e pushtetit dhe t\u00eb karrier\u00ebs politike t\u00eb gjith\u00ebsecilit. Historia do ta provoj\u00eb k\u00ebt\u00eb. Gjuha e urrejtjes dhe p\u00ebrshkall\u00ebzimi i saj si ndaj kund\u00ebrshtar\u00ebve politik\u00eb ashtu edhe ndaj institucioneve t\u00eb pavarura kushtetuese, nuk tregon as p\u00ebrgjegj\u00ebsi p\u00ebr situat\u00ebn n\u00eb t\u00eb cil\u00ebn ndodhet Shqip\u00ebria, as vullnet politik p\u00ebr t\u00eb hedhur hapin e arsyesh\u00ebm q\u00eb k\u00ebrkohet sot nga interesat komb\u00ebtare e as d\u00ebshir\u00eb p\u00ebr t\u00eb hetuar e zbardhur n\u00eb m\u00ebnyr\u00eb t\u00eb pavarur ngjarjen tragjike t\u00eb 21 janarit. \u201cMos urreni, \u2013 ka th\u00ebn\u00eb Martin Luter King, \u2013 ajo \u00ebsht\u00eb nj\u00eb barr\u00eb tep\u00ebr e r\u00ebnd\u00eb p\u00ebr t\u2019u mbajtur!\u201d<\/p>\n<p>S\u00eb fundmi, 21 janari k\u00ebrkon edhe nj\u00eb shpjegim ndaj partner\u00ebve dhe miqve tan\u00eb e strukturave ku ne jemi an\u00ebtar\u00eb apo d\u00ebshirojm\u00eb t\u00eb integrohemi.<\/p>\n<p>Kjo ngjarje befasoi me pasojat e saj tragjike pothuajse t\u00eb gjith\u00eb komunitetin nd\u00ebrkomb\u00ebtar, i cili shprehu edhe nj\u00eb her\u00eb gatishm\u00ebrin\u00eb p\u00ebr t\u00eb ndihmuar. Me vullnetin e mir\u00eb, por edhe me p\u00ebrgjegj\u00ebsin\u00eb maksimale ndaj rrezikut t\u00eb degradimit t\u00eb situat\u00ebs, Shtetet e Bashkuara t\u00eb Amerik\u00ebs, Bashkimi Evropian, OSBE-ja, ofruan k\u00ebshillat dhe n\u00ebnvizuan faktin se Shqip\u00ebria \u00ebsht\u00eb vend sovran dhe an\u00ebtar i NATO-s. Ata theksuan r\u00ebnd\u00ebsin\u00eb e jasht\u00ebzakonshme t\u00eb funksionimit t\u00eb shtetit ligjor, t\u00eb pavar\u00ebsis\u00eb s\u00eb institucioneve dhe t\u00eb investimit dhe angazhimit disavjecar t\u00eb tyre n\u00eb nd\u00ebrtimin e k\u00ebtyre institucioneve t\u00eb pavarura kushtetuese, por sidomos domosdoshm\u00ebrin\u00eb e rivendosjes s\u00eb dialogut politik.<\/p>\n<p>Paaft\u00ebsia p\u00ebr t\u00eb gjeneruar nj\u00eb sistem politik funksionues n\u00eb Shqip\u00ebri \u00ebsht\u00eb zhg\u00ebnjyes p\u00ebr NATO-n dhe Bashkimin Evropian. Vajtje-ardhjet politike Bruksel-Tiran\u00eb, Strasburg-Tiran\u00eb dhe anasjelltas, tryezat dhe darkat e bujshme, por t\u00eb d\u00ebshtuara, me q\u00ebllimin e vet\u00ebm p\u00ebr t\u00eb zgjidhur kriz\u00ebn e gjat\u00eb dhe rraskapit\u00ebse t\u00eb politik\u00ebs shqiptare, ngren\u00eb pik\u00ebpyetjen e madhe t\u00eb partner\u00ebve dhe miqve tan\u00eb mbi pjekurin\u00eb dhe aft\u00ebsin\u00eb e shoq\u00ebris\u00eb shqiptare p\u00ebr t\u00eb ecur m\u00eb tej n\u00eb rrug\u00ebn e saj integruese. Kjo \u00ebsht\u00eb p\u00ebrgjegj\u00ebsi historike e politik\u00ebs shqiptare. Ajo q\u00eb i mungon politik\u00ebs son\u00eb nuk \u00ebsht\u00eb pasioni, por refleksioni. N\u00eb k\u00ebto \u00e7aste k\u00ebrkohet nj\u00eb p\u00ebrgjigje, k\u00ebrkohet nj\u00eb sqarim, por m\u00eb shum\u00eb k\u00ebrkohen veprime konkrete, t\u00eb guximshme dhe t\u00eb shpejta duke d\u00ebgjuar k\u00ebshillat dhe vepruar s\u00eb bashku p\u00ebr t\u00eb l\u00ebn\u00eb mbrapa k\u00ebt\u00eb \u00e7ast t\u00eb v\u00ebshtir\u00eb p\u00ebr Shqip\u00ebrin\u00eb dhe shqiptar\u00ebt.<\/p>\n<p>Kjo nuk \u00ebsht\u00eb nj\u00eb \u00ebnd\u00ebrr. Ky \u00ebsht\u00eb nj\u00eb realitet plot\u00ebsisht i realizuesh\u00ebm dhe mjaftueshm\u00ebrisht i besuesh\u00ebm n\u00eb respekt t\u00eb q\u00ebllimeve dhe interesave t\u00eb kombit e t\u00eb popullit ton\u00eb, t\u00eb \u00ebndrrave t\u00eb f\u00ebmij\u00ebve tan\u00eb dhe t\u00eb mir\u00ebbesimit dhe mb\u00ebshtetjes s\u00eb miqve dhe aleat\u00ebve tan\u00eb nd\u00ebrkomb\u00ebtar\u00eb.<\/p>\n<p>Falemnderit!<\/p>\n","protected":false},"excerpt":{"rendered":"<p>T\u00eb dashur qytetar\u00eb t\u00eb Shqip\u00ebris\u00eb, T\u00eb dashur shqiptar\u00eb kudo ku ndodheni, D\u00ebshiroj t\u00eb ndaj me ju mendimet, ndjenjat, por sidomos shqet\u00ebsimin e breng\u00ebn e madhe mbi t\u00eb sotmen dhe t\u00eb ardhmen e vendit ton\u00eb t\u00eb dashur! Jam shum\u00eb i bindur se t\u00eb gjith\u00eb e duam Shqip\u00ebrin\u00eb m\u00eb t\u00eb mir\u00eb, m\u00eb t\u00eb bukur, m\u00eb t\u00eb qet\u00eb [&hellip;]<\/p>\n","protected":false},"author":1,"featured_media":0,"comment_status":"open","ping_status":"closed","sticky":false,"template":"","format":"standard","meta":{"footnotes":""},"categories":[2],"tags":[],"class_list":{"0":"post-6075","1":"post","2":"type-post","3":"status-publish","4":"format-standard","6":"category-artikuj"},"yoast_head":"<!-- This site is optimized with the Yoast SEO plugin v27.4 - https:\/\/yoast.com\/product\/yoast-seo-wordpress\/ -->\n<title>MESAZH I PRESIDENTIT TOPI LIDHUR ME SITUAT\u00cbN M\u00cb T\u00cb FUNDIT POLITIKE N\u00cb SHQIP\u00cbRI - FjALA e LIR\u00cb - Arkivi<\/title>\n<meta name=\"robots\" content=\"index, follow, max-snippet:-1, max-image-preview:large, max-video-preview:-1\" \/>\n<link rel=\"canonical\" href=\"https:\/\/fjala.info\/2009-2015\/mesazh-i-presidentit-topi-lidhur-me-situaten-me-te-fundit-politike-ne-shqiperi\/\" \/>\n<meta property=\"og:locale\" content=\"sq_AL\" \/>\n<meta property=\"og:type\" content=\"article\" \/>\n<meta property=\"og:title\" content=\"MESAZH I PRESIDENTIT TOPI LIDHUR ME SITUAT\u00cbN M\u00cb T\u00cb FUNDIT POLITIKE N\u00cb SHQIP\u00cbRI - FjALA e LIR\u00cb - Arkivi\" \/>\n<meta property=\"og:description\" content=\"T\u00eb dashur qytetar\u00eb t\u00eb Shqip\u00ebris\u00eb, T\u00eb dashur shqiptar\u00eb kudo ku ndodheni, D\u00ebshiroj t\u00eb ndaj me ju mendimet, ndjenjat, por sidomos shqet\u00ebsimin e breng\u00ebn e madhe mbi t\u00eb sotmen dhe t\u00eb ardhmen e vendit ton\u00eb t\u00eb dashur! Jam shum\u00eb i bindur se t\u00eb gjith\u00eb e duam Shqip\u00ebrin\u00eb m\u00eb t\u00eb mir\u00eb, m\u00eb t\u00eb bukur, m\u00eb t\u00eb qet\u00eb [&hellip;]\" \/>\n<meta property=\"og:url\" content=\"https:\/\/fjala.info\/2009-2015\/mesazh-i-presidentit-topi-lidhur-me-situaten-me-te-fundit-politike-ne-shqiperi\/\" \/>\n<meta property=\"og:site_name\" content=\"FjALA e LIR\u00cb - Arkivi\" \/>\n<meta property=\"article:published_time\" content=\"2011-01-31T23:25:53+00:00\" \/>\n<meta property=\"og:image\" content=\"http:\/\/fjala.shkoder.net\/wp-content\/uploads\/2011\/02\/bamir_topi_president.jpg\" \/>\n<meta name=\"author\" content=\"admin\" \/>\n<meta name=\"twitter:card\" content=\"summary_large_image\" \/>\n<meta name=\"twitter:label1\" content=\"Written by\" \/>\n\t<meta name=\"twitter:data1\" content=\"admin\" \/>\n\t<meta name=\"twitter:label2\" content=\"Est. reading time\" \/>\n\t<meta name=\"twitter:data2\" content=\"9 minutes\" \/>\n<script type=\"application\/ld+json\" class=\"yoast-schema-graph\">{\"@context\":\"https:\\\/\\\/schema.org\",\"@graph\":[{\"@type\":\"Article\",\"@id\":\"https:\\\/\\\/fjala.info\\\/2009-2015\\\/mesazh-i-presidentit-topi-lidhur-me-situaten-me-te-fundit-politike-ne-shqiperi\\\/#article\",\"isPartOf\":{\"@id\":\"https:\\\/\\\/fjala.info\\\/2009-2015\\\/mesazh-i-presidentit-topi-lidhur-me-situaten-me-te-fundit-politike-ne-shqiperi\\\/\"},\"author\":{\"name\":\"admin\",\"@id\":\"https:\\\/\\\/fjala.info\\\/2009-2015\\\/#\\\/schema\\\/person\\\/3aa1163ef05469c496fc94e77611ada2\"},\"headline\":\"MESAZH I PRESIDENTIT TOPI LIDHUR ME SITUAT\u00cbN M\u00cb T\u00cb FUNDIT POLITIKE N\u00cb SHQIP\u00cbRI\",\"datePublished\":\"2011-01-31T23:25:53+00:00\",\"mainEntityOfPage\":{\"@id\":\"https:\\\/\\\/fjala.info\\\/2009-2015\\\/mesazh-i-presidentit-topi-lidhur-me-situaten-me-te-fundit-politike-ne-shqiperi\\\/\"},\"wordCount\":1840,\"commentCount\":0,\"publisher\":{\"@id\":\"https:\\\/\\\/fjala.info\\\/2009-2015\\\/#organization\"},\"image\":{\"@id\":\"https:\\\/\\\/fjala.info\\\/2009-2015\\\/mesazh-i-presidentit-topi-lidhur-me-situaten-me-te-fundit-politike-ne-shqiperi\\\/#primaryimage\"},\"thumbnailUrl\":\"http:\\\/\\\/fjala.shkoder.net\\\/wp-content\\\/uploads\\\/2011\\\/02\\\/bamir_topi_president.jpg\",\"articleSection\":[\"Artikuj\"],\"inLanguage\":\"sq-AL\",\"potentialAction\":[{\"@type\":\"CommentAction\",\"name\":\"Comment\",\"target\":[\"https:\\\/\\\/fjala.info\\\/2009-2015\\\/mesazh-i-presidentit-topi-lidhur-me-situaten-me-te-fundit-politike-ne-shqiperi\\\/#respond\"]}]},{\"@type\":\"WebPage\",\"@id\":\"https:\\\/\\\/fjala.info\\\/2009-2015\\\/mesazh-i-presidentit-topi-lidhur-me-situaten-me-te-fundit-politike-ne-shqiperi\\\/\",\"url\":\"https:\\\/\\\/fjala.info\\\/2009-2015\\\/mesazh-i-presidentit-topi-lidhur-me-situaten-me-te-fundit-politike-ne-shqiperi\\\/\",\"name\":\"MESAZH I PRESIDENTIT TOPI LIDHUR ME SITUAT\u00cbN M\u00cb T\u00cb FUNDIT POLITIKE N\u00cb SHQIP\u00cbRI - FjALA e LIR\u00cb - Arkivi\",\"isPartOf\":{\"@id\":\"https:\\\/\\\/fjala.info\\\/2009-2015\\\/#website\"},\"primaryImageOfPage\":{\"@id\":\"https:\\\/\\\/fjala.info\\\/2009-2015\\\/mesazh-i-presidentit-topi-lidhur-me-situaten-me-te-fundit-politike-ne-shqiperi\\\/#primaryimage\"},\"image\":{\"@id\":\"https:\\\/\\\/fjala.info\\\/2009-2015\\\/mesazh-i-presidentit-topi-lidhur-me-situaten-me-te-fundit-politike-ne-shqiperi\\\/#primaryimage\"},\"thumbnailUrl\":\"http:\\\/\\\/fjala.shkoder.net\\\/wp-content\\\/uploads\\\/2011\\\/02\\\/bamir_topi_president.jpg\",\"datePublished\":\"2011-01-31T23:25:53+00:00\",\"breadcrumb\":{\"@id\":\"https:\\\/\\\/fjala.info\\\/2009-2015\\\/mesazh-i-presidentit-topi-lidhur-me-situaten-me-te-fundit-politike-ne-shqiperi\\\/#breadcrumb\"},\"inLanguage\":\"sq-AL\",\"potentialAction\":[{\"@type\":\"ReadAction\",\"target\":[\"https:\\\/\\\/fjala.info\\\/2009-2015\\\/mesazh-i-presidentit-topi-lidhur-me-situaten-me-te-fundit-politike-ne-shqiperi\\\/\"]}]},{\"@type\":\"ImageObject\",\"inLanguage\":\"sq-AL\",\"@id\":\"https:\\\/\\\/fjala.info\\\/2009-2015\\\/mesazh-i-presidentit-topi-lidhur-me-situaten-me-te-fundit-politike-ne-shqiperi\\\/#primaryimage\",\"url\":\"http:\\\/\\\/fjala.shkoder.net\\\/wp-content\\\/uploads\\\/2011\\\/02\\\/bamir_topi_president.jpg\",\"contentUrl\":\"http:\\\/\\\/fjala.shkoder.net\\\/wp-content\\\/uploads\\\/2011\\\/02\\\/bamir_topi_president.jpg\"},{\"@type\":\"BreadcrumbList\",\"@id\":\"https:\\\/\\\/fjala.info\\\/2009-2015\\\/mesazh-i-presidentit-topi-lidhur-me-situaten-me-te-fundit-politike-ne-shqiperi\\\/#breadcrumb\",\"itemListElement\":[{\"@type\":\"ListItem\",\"position\":1,\"name\":\"Home\",\"item\":\"https:\\\/\\\/fjala.info\\\/2009-2015\\\/\"},{\"@type\":\"ListItem\",\"position\":2,\"name\":\"MESAZH I PRESIDENTIT TOPI LIDHUR ME SITUAT\u00cbN M\u00cb T\u00cb FUNDIT POLITIKE N\u00cb SHQIP\u00cbRI\"}]},{\"@type\":\"WebSite\",\"@id\":\"https:\\\/\\\/fjala.info\\\/2009-2015\\\/#website\",\"url\":\"https:\\\/\\\/fjala.info\\\/2009-2015\\\/\",\"name\":\"FjALA e LIR\u00cb - Arkivi\",\"description\":\"Arkivi 2009-2015\",\"publisher\":{\"@id\":\"https:\\\/\\\/fjala.info\\\/2009-2015\\\/#organization\"},\"potentialAction\":[{\"@type\":\"SearchAction\",\"target\":{\"@type\":\"EntryPoint\",\"urlTemplate\":\"https:\\\/\\\/fjala.info\\\/2009-2015\\\/?s={search_term_string}\"},\"query-input\":{\"@type\":\"PropertyValueSpecification\",\"valueRequired\":true,\"valueName\":\"search_term_string\"}}],\"inLanguage\":\"sq-AL\"},{\"@type\":\"Organization\",\"@id\":\"https:\\\/\\\/fjala.info\\\/2009-2015\\\/#organization\",\"name\":\"FjALA e LIR\u00cb - Arkivi\",\"url\":\"https:\\\/\\\/fjala.info\\\/2009-2015\\\/\",\"logo\":{\"@type\":\"ImageObject\",\"inLanguage\":\"sq-AL\",\"@id\":\"https:\\\/\\\/fjala.info\\\/2009-2015\\\/#\\\/schema\\\/logo\\\/image\\\/\",\"url\":\"\",\"contentUrl\":\"\",\"caption\":\"FjALA e LIR\u00cb - Arkivi\"},\"image\":{\"@id\":\"https:\\\/\\\/fjala.info\\\/2009-2015\\\/#\\\/schema\\\/logo\\\/image\\\/\"}},{\"@type\":\"Person\",\"@id\":\"https:\\\/\\\/fjala.info\\\/2009-2015\\\/#\\\/schema\\\/person\\\/3aa1163ef05469c496fc94e77611ada2\",\"name\":\"admin\",\"image\":{\"@type\":\"ImageObject\",\"inLanguage\":\"sq-AL\",\"@id\":\"https:\\\/\\\/fjala.info\\\/2009-2015\\\/wp-content\\\/uploads\\\/2012\\\/02\\\/arben_cokaj-120x150.jpg\",\"url\":\"https:\\\/\\\/fjala.info\\\/2009-2015\\\/wp-content\\\/uploads\\\/2012\\\/02\\\/arben_cokaj-120x150.jpg\",\"contentUrl\":\"https:\\\/\\\/fjala.info\\\/2009-2015\\\/wp-content\\\/uploads\\\/2012\\\/02\\\/arben_cokaj-120x150.jpg\",\"caption\":\"admin\"},\"description\":\"Admin, Fjala e Lir\u00eb\",\"sameAs\":[\"https:\\\/\\\/fjala.info\\\/\"],\"url\":\"https:\\\/\\\/fjala.info\\\/2009-2015\\\/author\\\/admin\\\/\"}]}<\/script>\n<!-- \/ Yoast SEO plugin. -->","yoast_head_json":{"title":"MESAZH I PRESIDENTIT TOPI LIDHUR ME SITUAT\u00cbN M\u00cb T\u00cb FUNDIT POLITIKE N\u00cb SHQIP\u00cbRI - FjALA e LIR\u00cb - Arkivi","robots":{"index":"index","follow":"follow","max-snippet":"max-snippet:-1","max-image-preview":"max-image-preview:large","max-video-preview":"max-video-preview:-1"},"canonical":"https:\/\/fjala.info\/2009-2015\/mesazh-i-presidentit-topi-lidhur-me-situaten-me-te-fundit-politike-ne-shqiperi\/","og_locale":"sq_AL","og_type":"article","og_title":"MESAZH I PRESIDENTIT TOPI LIDHUR ME SITUAT\u00cbN M\u00cb T\u00cb FUNDIT POLITIKE N\u00cb SHQIP\u00cbRI - FjALA e LIR\u00cb - Arkivi","og_description":"T\u00eb dashur qytetar\u00eb t\u00eb Shqip\u00ebris\u00eb, T\u00eb dashur shqiptar\u00eb kudo ku ndodheni, D\u00ebshiroj t\u00eb ndaj me ju mendimet, ndjenjat, por sidomos shqet\u00ebsimin e breng\u00ebn e madhe mbi t\u00eb sotmen dhe t\u00eb ardhmen e vendit ton\u00eb t\u00eb dashur! Jam shum\u00eb i bindur se t\u00eb gjith\u00eb e duam Shqip\u00ebrin\u00eb m\u00eb t\u00eb mir\u00eb, m\u00eb t\u00eb bukur, m\u00eb t\u00eb qet\u00eb [&hellip;]","og_url":"https:\/\/fjala.info\/2009-2015\/mesazh-i-presidentit-topi-lidhur-me-situaten-me-te-fundit-politike-ne-shqiperi\/","og_site_name":"FjALA e LIR\u00cb - Arkivi","article_published_time":"2011-01-31T23:25:53+00:00","og_image":[{"url":"http:\/\/fjala.shkoder.net\/wp-content\/uploads\/2011\/02\/bamir_topi_president.jpg","type":"","width":"","height":""}],"author":"admin","twitter_card":"summary_large_image","twitter_misc":{"Written by":"admin","Est. reading time":"9 minutes"},"schema":{"@context":"https:\/\/schema.org","@graph":[{"@type":"Article","@id":"https:\/\/fjala.info\/2009-2015\/mesazh-i-presidentit-topi-lidhur-me-situaten-me-te-fundit-politike-ne-shqiperi\/#article","isPartOf":{"@id":"https:\/\/fjala.info\/2009-2015\/mesazh-i-presidentit-topi-lidhur-me-situaten-me-te-fundit-politike-ne-shqiperi\/"},"author":{"name":"admin","@id":"https:\/\/fjala.info\/2009-2015\/#\/schema\/person\/3aa1163ef05469c496fc94e77611ada2"},"headline":"MESAZH I PRESIDENTIT TOPI LIDHUR ME SITUAT\u00cbN M\u00cb T\u00cb FUNDIT POLITIKE N\u00cb SHQIP\u00cbRI","datePublished":"2011-01-31T23:25:53+00:00","mainEntityOfPage":{"@id":"https:\/\/fjala.info\/2009-2015\/mesazh-i-presidentit-topi-lidhur-me-situaten-me-te-fundit-politike-ne-shqiperi\/"},"wordCount":1840,"commentCount":0,"publisher":{"@id":"https:\/\/fjala.info\/2009-2015\/#organization"},"image":{"@id":"https:\/\/fjala.info\/2009-2015\/mesazh-i-presidentit-topi-lidhur-me-situaten-me-te-fundit-politike-ne-shqiperi\/#primaryimage"},"thumbnailUrl":"http:\/\/fjala.shkoder.net\/wp-content\/uploads\/2011\/02\/bamir_topi_president.jpg","articleSection":["Artikuj"],"inLanguage":"sq-AL","potentialAction":[{"@type":"CommentAction","name":"Comment","target":["https:\/\/fjala.info\/2009-2015\/mesazh-i-presidentit-topi-lidhur-me-situaten-me-te-fundit-politike-ne-shqiperi\/#respond"]}]},{"@type":"WebPage","@id":"https:\/\/fjala.info\/2009-2015\/mesazh-i-presidentit-topi-lidhur-me-situaten-me-te-fundit-politike-ne-shqiperi\/","url":"https:\/\/fjala.info\/2009-2015\/mesazh-i-presidentit-topi-lidhur-me-situaten-me-te-fundit-politike-ne-shqiperi\/","name":"MESAZH I PRESIDENTIT TOPI LIDHUR ME SITUAT\u00cbN M\u00cb T\u00cb FUNDIT POLITIKE N\u00cb SHQIP\u00cbRI - FjALA e LIR\u00cb - Arkivi","isPartOf":{"@id":"https:\/\/fjala.info\/2009-2015\/#website"},"primaryImageOfPage":{"@id":"https:\/\/fjala.info\/2009-2015\/mesazh-i-presidentit-topi-lidhur-me-situaten-me-te-fundit-politike-ne-shqiperi\/#primaryimage"},"image":{"@id":"https:\/\/fjala.info\/2009-2015\/mesazh-i-presidentit-topi-lidhur-me-situaten-me-te-fundit-politike-ne-shqiperi\/#primaryimage"},"thumbnailUrl":"http:\/\/fjala.shkoder.net\/wp-content\/uploads\/2011\/02\/bamir_topi_president.jpg","datePublished":"2011-01-31T23:25:53+00:00","breadcrumb":{"@id":"https:\/\/fjala.info\/2009-2015\/mesazh-i-presidentit-topi-lidhur-me-situaten-me-te-fundit-politike-ne-shqiperi\/#breadcrumb"},"inLanguage":"sq-AL","potentialAction":[{"@type":"ReadAction","target":["https:\/\/fjala.info\/2009-2015\/mesazh-i-presidentit-topi-lidhur-me-situaten-me-te-fundit-politike-ne-shqiperi\/"]}]},{"@type":"ImageObject","inLanguage":"sq-AL","@id":"https:\/\/fjala.info\/2009-2015\/mesazh-i-presidentit-topi-lidhur-me-situaten-me-te-fundit-politike-ne-shqiperi\/#primaryimage","url":"http:\/\/fjala.shkoder.net\/wp-content\/uploads\/2011\/02\/bamir_topi_president.jpg","contentUrl":"http:\/\/fjala.shkoder.net\/wp-content\/uploads\/2011\/02\/bamir_topi_president.jpg"},{"@type":"BreadcrumbList","@id":"https:\/\/fjala.info\/2009-2015\/mesazh-i-presidentit-topi-lidhur-me-situaten-me-te-fundit-politike-ne-shqiperi\/#breadcrumb","itemListElement":[{"@type":"ListItem","position":1,"name":"Home","item":"https:\/\/fjala.info\/2009-2015\/"},{"@type":"ListItem","position":2,"name":"MESAZH I PRESIDENTIT TOPI LIDHUR ME SITUAT\u00cbN M\u00cb T\u00cb FUNDIT POLITIKE N\u00cb SHQIP\u00cbRI"}]},{"@type":"WebSite","@id":"https:\/\/fjala.info\/2009-2015\/#website","url":"https:\/\/fjala.info\/2009-2015\/","name":"FjALA e LIR\u00cb - Arkivi","description":"Arkivi 2009-2015","publisher":{"@id":"https:\/\/fjala.info\/2009-2015\/#organization"},"potentialAction":[{"@type":"SearchAction","target":{"@type":"EntryPoint","urlTemplate":"https:\/\/fjala.info\/2009-2015\/?s={search_term_string}"},"query-input":{"@type":"PropertyValueSpecification","valueRequired":true,"valueName":"search_term_string"}}],"inLanguage":"sq-AL"},{"@type":"Organization","@id":"https:\/\/fjala.info\/2009-2015\/#organization","name":"FjALA e LIR\u00cb - Arkivi","url":"https:\/\/fjala.info\/2009-2015\/","logo":{"@type":"ImageObject","inLanguage":"sq-AL","@id":"https:\/\/fjala.info\/2009-2015\/#\/schema\/logo\/image\/","url":"","contentUrl":"","caption":"FjALA e LIR\u00cb - Arkivi"},"image":{"@id":"https:\/\/fjala.info\/2009-2015\/#\/schema\/logo\/image\/"}},{"@type":"Person","@id":"https:\/\/fjala.info\/2009-2015\/#\/schema\/person\/3aa1163ef05469c496fc94e77611ada2","name":"admin","image":{"@type":"ImageObject","inLanguage":"sq-AL","@id":"https:\/\/fjala.info\/2009-2015\/wp-content\/uploads\/2012\/02\/arben_cokaj-120x150.jpg","url":"https:\/\/fjala.info\/2009-2015\/wp-content\/uploads\/2012\/02\/arben_cokaj-120x150.jpg","contentUrl":"https:\/\/fjala.info\/2009-2015\/wp-content\/uploads\/2012\/02\/arben_cokaj-120x150.jpg","caption":"admin"},"description":"Admin, Fjala e Lir\u00eb","sameAs":["https:\/\/fjala.info\/"],"url":"https:\/\/fjala.info\/2009-2015\/author\/admin\/"}]}},"_links":{"self":[{"href":"https:\/\/fjala.info\/2009-2015\/wp-json\/wp\/v2\/posts\/6075","targetHints":{"allow":["GET"]}}],"collection":[{"href":"https:\/\/fjala.info\/2009-2015\/wp-json\/wp\/v2\/posts"}],"about":[{"href":"https:\/\/fjala.info\/2009-2015\/wp-json\/wp\/v2\/types\/post"}],"author":[{"embeddable":true,"href":"https:\/\/fjala.info\/2009-2015\/wp-json\/wp\/v2\/users\/1"}],"replies":[{"embeddable":true,"href":"https:\/\/fjala.info\/2009-2015\/wp-json\/wp\/v2\/comments?post=6075"}],"version-history":[{"count":0,"href":"https:\/\/fjala.info\/2009-2015\/wp-json\/wp\/v2\/posts\/6075\/revisions"}],"wp:attachment":[{"href":"https:\/\/fjala.info\/2009-2015\/wp-json\/wp\/v2\/media?parent=6075"}],"wp:term":[{"taxonomy":"category","embeddable":true,"href":"https:\/\/fjala.info\/2009-2015\/wp-json\/wp\/v2\/categories?post=6075"},{"taxonomy":"post_tag","embeddable":true,"href":"https:\/\/fjala.info\/2009-2015\/wp-json\/wp\/v2\/tags?post=6075"}],"curies":[{"name":"wp","href":"https:\/\/api.w.org\/{rel}","templated":true}]}}