{"id":6071,"date":"2011-02-01T00:16:06","date_gmt":"2011-01-31T23:16:06","guid":{"rendered":"http:\/\/fjala.shkoder.net\/?p=6071"},"modified":"2011-02-01T00:16:06","modified_gmt":"2011-01-31T23:16:06","slug":"fjalori-ordiner-si-thirrje-per-te-vrare","status":"publish","type":"post","link":"https:\/\/fjala.info\/2009-2015\/fjalori-ordiner-si-thirrje-per-te-vrare\/","title":{"rendered":"Fjalori ordiner, si thirrje p\u00ebr t\u00eb vrar\u00eb"},"content":{"rendered":"<p><img loading=\"lazy\" decoding=\"async\" class=\"alignright size-medium wp-image-6072\" title=\"berisha_rama_dialog\" src=\"http:\/\/fjala.shkoder.net\/wp-content\/uploads\/2011\/02\/berisha_rama_dialog-300x225.jpg\" alt=\"\" width=\"300\" height=\"225\" \/><br \/>\n<strong>Arben Rrozhani<\/strong>, <em>31.01.2011<\/em><\/p>\n<p>\u00c7ka nxjerr\u00eb nga goja muajin e fundit, &#8220;burri i shtetit&#8221; &#8211; Sulmet nekrofile t\u00eb kreut t\u00eb Ekzekutivit ndaj kreut t\u00eb opozit\u00ebs, Edi Rama. Nga funerali madh\u00ebshtor i p\u00ebrmendur n\u00eb 24 dhjetor 2010 deri te m\u00ebnyrat e eliminimit t\u00eb deklaruara pas demonstrat\u00ebs s\u00eb 21 janarit.<\/p>\n<p>Me sjelljet dhe fjalorin prej ordineri, ai prodhon nj\u00eb sfond interaktiv krimi, ku ndaj kund\u00ebrshtar\u00ebve t\u00eb vet krimi t\u00eb mobilizohet vet\u00eb, duke pasur sigurin\u00eb se pushteti nuk e ngacmon<\/p>\n<p>E (ri)nisi m\u00eb se nj\u00eb muaj m\u00eb par\u00eb, nat\u00ebn e Krishtlindjeve, me fjalorin e tij q\u00eb mbante er\u00eb vdekje, ku flitej p\u00ebr testamente, obsesion vdekjeje, funeral shtet\u00ebror dhe fjalim nekrologjik. Sigurisht, n\u00eb adres\u00eb t\u00eb kund\u00ebrshtarit politik, shefit t\u00eb opozit\u00ebs s\u00eb majt\u00eb. Nj\u00eb leksik q\u00eb kap\u00ebrcen \u00e7do kufi t\u00eb bashk\u00ebjetes\u00ebs sociale, k\u00ebrc\u00ebnime q\u00eb b\u00ebjn\u00eb vet\u00ebm kapobandat p\u00ebr rival\u00ebt.<\/p>\n<p>Prej mbr\u00ebmjes s\u00eb 24 dhjetorit 2010, kur nga foltorja e Kuvendit, Sali Berisha do t&#8217;i p\u00ebrmendte vdekjen dhe varrimin shefit t\u00eb opozit\u00ebs, Edi Rama, deri pak dit\u00eb m\u00eb par\u00eb, n\u00eb mbledhjen e qeveris\u00eb, shefi i qeveris\u00eb e ka th\u00ebn\u00eb tro\u00e7 at\u00eb q\u00eb do t\u00eb donte tashm\u00eb p\u00ebr kund\u00ebrshtarin: vdekjen.<\/p>\n<p>Th\u00ebnie t\u00eb tilla si: &#8220;Po t\u00eb vdes\u00eb do t&#8217;i b\u00ebj funeralin shtet\u00ebror m\u00eb madh\u00ebshtor q\u00eb ka njohur Shqip\u00ebria dhe fjalimin m\u00eb t\u00eb bukur nekrologjik&#8221;, &#8220;Un\u00eb jam kryeministri i vendit dhe duhet t\u00eb matet mir\u00eb&#8221;, &#8220;t\u00eb garantoj se do t\u00eb trajtohesh nj\u00eblloj si bandat dhe trafikant\u00ebt&#8221;, &#8220;do t\u00eb marr\u00eb nd\u00ebshkimin ekzemplar dhe askush tjet\u00ebr p\u00ebrve\u00e7 atij&#8221;, &#8220;n\u00eb m\u00ebnyr\u00eb absolute do t\u00eb marr\u00ebsh p\u00ebrgjigjen e merituar t\u00eb nj\u00eb pu\u00e7isti&#8221;, &#8220;i kam dh\u00ebn\u00eb ultimatum t\u00eb prer\u00eb se do t\u00eb amnistohet \u00e7dokush tjet\u00ebr p\u00ebrve\u00e7 atij&#8221;, &#8220;Edi Rama do t\u00eb p\u00ebrballet me pasoja q\u00eb ai vet\u00eb nuk mund t&#8217;i imagjinoj\u00eb&#8221; etj., etj., jan\u00eb zhargoni i kriminel\u00ebve, por kurr\u00eb i politikan\u00ebve, kryeministrave dhe atyre q\u00eb jan\u00eb cil\u00ebsuar prej ndonj\u00eb ambasadori si &#8220;burr\u00eb shteti&#8221;.<\/p>\n<p>Dje mor\u00ebm vesh edhe publikisht at\u00eb q\u00eb kishte disa dit\u00eb q\u00eb qarkullonte n\u00eb Tiran\u00eb: k\u00ebrc\u00ebnimet me jet\u00eb ndaj kreut t\u00eb opozit\u00ebs. N\u00eb rrethana m\u00eb normale, ky vulgaritet p\u00ebrfundon n\u00eb prokurori dhe maksimumi q\u00eb arrihet \u00ebsht\u00eb t\u00eb gjendet personi dhe t\u00eb nd\u00ebshkohet. Por historia shqiptare e politik\u00ebs, sidomos kjo e viteve t\u00eb fundit t\u00eb Berish\u00ebs, ka prodhuar nj\u00eb rrezik t\u00eb ri p\u00ebr situata t\u00eb ngjashme k\u00ebrc\u00ebnimesh ndaj kund\u00ebrshtar\u00ebve t\u00eb tij.<\/p>\n<p>Nga m\u00ebnyra se si Berisha ka vepruar vitet e fundit me gjith\u00eb problemet q\u00eb u jan\u00eb krijuar nga njer\u00ebz nga m\u00eb ordiner\u00ebt deri tek figura politike kund\u00ebrshtar\u00ebve t\u00eb tij, e kupton leht\u00eb se ai v\u00eb n\u00eb dispozicion \u00e7do mekaniz\u00ebm t\u00eb pushtetit p\u00ebr t\u00eb mbrojtur njer\u00ebzit q\u00eb shantazhojn\u00eb ose likuidojn\u00eb dhe fizikisht kund\u00ebrshtar\u00ebt e tij.<\/p>\n<p>Me sjelljet dhe fjalorin prej ordineri, ai prodhon nj\u00eb sfond interaktiv krimi, ku ndaj kund\u00ebrshtar\u00ebve t\u00eb vet krimi t\u00eb mobilizohet vet\u00eb, duke pasur sigurin\u00eb se pushteti nuk e ngacmon. P\u00ebr Berish\u00ebn ka r\u00ebnd\u00ebsi t\u00eb p\u00ebr\u00e7ohet mesazhi q\u00eb kush vret kund\u00ebrshtar\u00eb politik\u00eb, apo njer\u00ebz q\u00eb nuk jan\u00eb njer\u00ebz t\u00eb mijt\u00eb, t\u00eb flej\u00eb i qet\u00eb se nuk do t\u00eb kapet kurr\u00eb.<\/p>\n<p>\u00cbsht\u00eb pik\u00ebrisht kjo strategji ajo q\u00eb prodhon frik\u00eb n\u00eb shoq\u00ebri, dhe b\u00ebn &#8220;bashk\u00ebpun\u00ebtor\u00eb vullnetar\u00eb&#8221; t\u00eb pushtetit kund\u00ebr opozit\u00ebs \u00e7do idiot, \u00e7do trafikant, \u00e7do vras\u00ebs, \u00e7do hajdut, \u00e7do prostitut\u00eb, apo dhe \u00e7do polic politik.<\/p>\n<p>Nga q\u00ebndrimi i tij, ai inkurajon n\u00eb distanc\u00eb hienat t\u00eb sulen mbi \u00e7do kund\u00ebrshtar\u00eb t\u00eb vetin, qofshin k\u00ebta kund\u00ebrshtar\u00eb politikan\u00eb opozitar\u00eb, gazetar\u00eb kritik ndaj atij, apo dhe institucione t\u00eb shtetit q\u00eb nuk i binden pushtetit t\u00eb tij. Berisha \u00ebsht\u00eb frikacak t\u00eb veproj\u00eb vet\u00eb, por \u00ebsht\u00eb ndoshta politikani q\u00eb trim\u00ebron m\u00eb shum\u00eb se kushdo tjet\u00ebr bandit\u00ebt, kontrabandist\u00ebt, vras\u00ebsit dhe trafikant\u00ebt t\u00eb b\u00ebjn\u00eb gjeste politike ndaj kund\u00ebrshtar\u00ebve t\u00eb tij dhe si shp\u00ebrblim t\u00eb marrin moscenimin e tyre.<br \/>\nM\u00eb posht\u00eb jan\u00eb vet\u00ebm disa nga deklaratat e tij gjat\u00eb muajit t\u00eb fundit:<\/p>\n<p>24 dhjetor 2010<br \/>\nFjalim n\u00eb Kuvend i S. Berish\u00ebs:<\/p>\n<p>&#8220;&#8230;N\u00eb janar 2007, nj\u00eb diplomat i shquar n\u00eb Tiran\u00eb m\u00eb vjen n\u00eb zyr\u00eb p\u00ebr \u00e7\u00ebshtjen e certifikatave. Sapo u fut n\u00eb zyr\u00eb i ra telefoni, ishte Edi Rama&#8230; Pas 30 minutash sekretarja m\u00eb th\u00ebrret, t\u00eb k\u00ebrkon ai dhe shkova, diplomati hap altoparlantin e telefonit, ku d\u00ebgjohej Rama q\u00eb thoshte: &#8220;kam hyr\u00eb n\u00eb grev\u00eb urie&#8230;&#8221;. &#8220;Un\u00eb i thash\u00eb: vdis i thuaj. Po, po, vdis dhe do t\u00eb vij t\u00eb t\u00eb hedh nj\u00eb batanije&#8221;&#8230;<\/p>\n<p>Fjalim n\u00eb Kuvend i S.Berish\u00ebs:<\/p>\n<p>&#8220;N\u00eb maj isha n\u00eb Zagreb, kur m\u00eb bie telefoni nga PE urgjent. Nj\u00eb mik i imi nga Parlamenti Europian&#8230; Un\u00eb i thash\u00eb, Edi Rama po t\u00eb doj\u00eb ka nj\u00eb dhom\u00eb n\u00eb katin e par\u00eb, ku jam un\u00eb, t\u00eb b\u00ebj\u00eb grev\u00eb urie aty&#8230;<br \/>\nPo t\u00eb vdes\u00eb, do t&#8217;i b\u00ebj funeralin shtet\u00ebror m\u00eb madh\u00ebshtor q\u00eb ka njohur Shqip\u00ebria dhe fjalimin m\u00eb t\u00eb bukur nekrologjik&#8230;<\/p>\n<p>17 janar<br \/>\n(Grupi parlamentar PD) S. Berisha:<\/p>\n<p>Mediat publikuan nj\u00eb video, e cila sot \u00ebsht\u00eb n\u00eb Prokurorin\u00eb e shtetit dhe un\u00eb si Kryeminist\u00ebr shpreha vler\u00ebsimin m\u00eb t\u00eb madh p\u00ebr: s\u00eb pari, disponibilitetin e zv.kryeministrit p\u00ebr t\u00eb mos i njohur vetes asnj\u00eb lloj imuniteti dhe p\u00ebr t\u00eb qart\u00ebsuar; s\u00eb dyti, vler\u00ebsimin tim m\u00eb t\u00eb madh p\u00ebr gatishm\u00ebrin\u00eb imediate t\u00eb prokuroris\u00eb p\u00ebr t\u00eb hetuar k\u00ebt\u00eb \u00e7\u00ebshtje&#8230; Q\u00eb dit\u00ebn e par\u00eb un\u00eb denoncova nj\u00eb akt t\u00eb sh\u00ebmtuar t\u00eb ul\u00ebt dhe t\u00eb pist\u00eb, me t\u00eb cilin Edvin Kristaq Rama ka falsifikuar videon. Un\u00eb jam kryeministri dhe ai duhet t\u00eb matet mir\u00eb&#8230;<br \/>\n&#8230; nuk e ka llogaritur mir\u00eb hesapin.<\/p>\n<p>22 janar<br \/>\n(Konferenc\u00eb shtypi) S. Berisha:<\/p>\n<p>&#8220;&#8230;Dy fjal\u00eb p\u00ebr Edvin Kristaq Ram\u00ebn. &#8220;&#8230;Me banda, bandit\u00eb dhe me trafikant\u00eb&#8230; t\u00eb garantoj se do t\u00eb trajtohesh nj\u00eblloj si ata&#8230; Do t\u00eb shkosh drejt atij fundi q\u00eb meriton&#8230;<\/p>\n<p>23 janar<br \/>\n(Mbledhje qeverie) S. Berisha:<\/p>\n<p>Tani dua t&#8217;i them atij n\u00eb m\u00ebnyr\u00eb p\u00ebrfundimtare. Ky \u00ebsht\u00eb vendimi im p\u00ebrfundimtar. \u00c7do tentativ\u00eb e tij p\u00ebr dhun\u00eb ndaj institucioneve do t\u00eb marr\u00eb nd\u00ebshkimin ekzemplar dhe askush tjet\u00ebr p\u00ebrve\u00e7 atij. Tentove m\u00eb t\u00eb rrethosh kryeministrin do t\u00eb gjesh vet\u00ebm at\u00eb q\u00eb meriton banditi q\u00eb t\u00eb rrethon. Nuk do t\u00eb merrem n\u00eb m\u00ebnyr\u00eb absolute me asnj\u00eb njeri tjet\u00ebr. Paraprakisht ju them se cilido tjet\u00ebr \u00ebsht\u00eb i amnistuar, p\u00ebrve\u00e7 atij&#8230;<\/p>\n<p>24 janar<br \/>\n(Fjalimi n\u00eb Kuvend)<\/p>\n<p>Por dua t&#8217;jua them edhe juve k\u00ebtu, ai q\u00eb rrethoi 5 or\u00eb kryeministrin\u00eb p\u00ebr t\u00eb marr\u00eb karrigen e kryeministrit, po tentoi her\u00ebn e dyt\u00ebn, n\u00eb m\u00ebnyr\u00eb absolute do t\u00eb gjej\u00eb at\u00eb q\u00eb nuk do t\u00eb mund t\u00eb tentoj\u00eb m\u00eb kurr\u00eb n\u00eb histori. Un\u00eb direkt t\u00eb them mos tento m\u00eb t\u00eb rrethosh institucionin&#8230; Tani uroj q\u00eb t\u00eb nxjerr\u00eb t\u00eb gjitha rrjedhojat ai, zot\u00ebri.<\/p>\n<p>24 janar<br \/>\n(Takimi me Gard\u00ebn) S. Berisha:<\/p>\n<p>Pu\u00e7isti do t\u00eb trajtohet si pu\u00e7ist dhe do t\u00eb marr\u00eb p\u00ebrgjigjen e merituar&#8230; E k\u00ebshilloj dhe i k\u00ebrkoj t\u00eb mos b\u00ebj\u00eb m\u00eb qoft\u00eb dhe nj\u00eb met\u00ebr t\u00eb vet\u00ebm. Faza B do t\u00eb d\u00ebshtoj\u00eb m\u00eb me turp se faza A e skenarit etj.<\/p>\n<p>25 janar<br \/>\n(Takimi me policin\u00eb) S. Berisha:<\/p>\n<p>&#8220;&#8230;Rama me njer\u00ebz t\u00eb hurit dhe t\u00eb litarit, t\u00eb gurit dhe t\u00eb drurit, t\u00eb eksplozivave, u v\u00ebrsul dhe rrethoi Kryeministrin. N\u00eb rast se tenton edhe nj\u00eb her\u00eb i kam dh\u00ebn\u00eb ultimatum t\u00eb prer\u00eb se do t\u00eb amnistohet \u00e7dokush tjet\u00ebr p\u00ebrve\u00e7 atij. Kjo nuk l\u00ebviz&#8230; Un\u00eb jam shum\u00eb serioz&#8230; Rrethoi p\u00ebr pes\u00eb or\u00eb kryeministrin e vendit, duke f\u00ebrkuar duart&#8230; totale dhe absolute etj.<\/p>\n<p>28 janar, S. Berisha:<\/p>\n<p>Kryepu\u00e7isti rrethoi p\u00ebr pes\u00eb or\u00eb K\u00ebshillin e Ministrave, me nj\u00eb grup horrash t\u00eb ndryr\u00eb n\u00eb bunker, rruga\u00e7\u00eb, bandit\u00eb e kriminel\u00eb t\u00eb armatosur m\u00eb revole, gur\u00eb e hunj ndaj kryeministris\u00eb&#8230; N\u00eb rast se kryepu\u00e7isti Edi Rama tenton p\u00ebr her\u00eb t\u00eb dyt\u00eb, do t\u00eb p\u00ebrballet me pasoja q\u00eb ia vet\u00eb nuk mund t&#8217;i imagjinoj\u00eb&#8230;<\/p>\n","protected":false},"excerpt":{"rendered":"<p>Arben Rrozhani, 31.01.2011 \u00c7ka nxjerr\u00eb nga goja muajin e fundit, &#8220;burri i shtetit&#8221; &#8211; Sulmet nekrofile t\u00eb kreut t\u00eb Ekzekutivit ndaj kreut t\u00eb opozit\u00ebs, Edi Rama. Nga funerali madh\u00ebshtor i p\u00ebrmendur n\u00eb 24 dhjetor 2010 deri te m\u00ebnyrat e eliminimit t\u00eb deklaruara pas demonstrat\u00ebs s\u00eb 21 janarit. Me sjelljet dhe fjalorin prej ordineri, ai prodhon [&hellip;]<\/p>\n","protected":false},"author":1,"featured_media":0,"comment_status":"open","ping_status":"closed","sticky":false,"template":"","format":"standard","meta":{"footnotes":""},"categories":[2],"tags":[],"class_list":{"0":"post-6071","1":"post","2":"type-post","3":"status-publish","4":"format-standard","6":"category-artikuj"},"yoast_head":"<!-- This site is optimized with the Yoast SEO plugin v27.4 - https:\/\/yoast.com\/product\/yoast-seo-wordpress\/ -->\n<title>Fjalori ordiner, si thirrje p\u00ebr t\u00eb vrar\u00eb - FjALA e LIR\u00cb - Arkivi<\/title>\n<meta name=\"robots\" content=\"index, follow, max-snippet:-1, max-image-preview:large, max-video-preview:-1\" \/>\n<link rel=\"canonical\" href=\"https:\/\/fjala.info\/2009-2015\/fjalori-ordiner-si-thirrje-per-te-vrare\/\" \/>\n<meta property=\"og:locale\" content=\"sq_AL\" \/>\n<meta property=\"og:type\" content=\"article\" \/>\n<meta property=\"og:title\" content=\"Fjalori ordiner, si thirrje p\u00ebr t\u00eb vrar\u00eb - FjALA e LIR\u00cb - Arkivi\" \/>\n<meta property=\"og:description\" content=\"Arben Rrozhani, 31.01.2011 \u00c7ka nxjerr\u00eb nga goja muajin e fundit, &#8220;burri i shtetit&#8221; &#8211; Sulmet nekrofile t\u00eb kreut t\u00eb Ekzekutivit ndaj kreut t\u00eb opozit\u00ebs, Edi Rama. Nga funerali madh\u00ebshtor i p\u00ebrmendur n\u00eb 24 dhjetor 2010 deri te m\u00ebnyrat e eliminimit t\u00eb deklaruara pas demonstrat\u00ebs s\u00eb 21 janarit. Me sjelljet dhe fjalorin prej ordineri, ai prodhon [&hellip;]\" \/>\n<meta property=\"og:url\" content=\"https:\/\/fjala.info\/2009-2015\/fjalori-ordiner-si-thirrje-per-te-vrare\/\" \/>\n<meta property=\"og:site_name\" content=\"FjALA e LIR\u00cb - Arkivi\" \/>\n<meta property=\"article:published_time\" content=\"2011-01-31T23:16:06+00:00\" \/>\n<meta property=\"og:image\" content=\"http:\/\/fjala.shkoder.net\/wp-content\/uploads\/2011\/02\/berisha_rama_dialog-300x225.jpg\" \/>\n<meta name=\"author\" content=\"admin\" \/>\n<meta name=\"twitter:card\" content=\"summary_large_image\" \/>\n<meta name=\"twitter:label1\" content=\"Written by\" \/>\n\t<meta name=\"twitter:data1\" content=\"admin\" \/>\n\t<meta name=\"twitter:label2\" content=\"Est. reading time\" \/>\n\t<meta name=\"twitter:data2\" content=\"7 minutes\" \/>\n<script type=\"application\/ld+json\" class=\"yoast-schema-graph\">{\"@context\":\"https:\\\/\\\/schema.org\",\"@graph\":[{\"@type\":\"Article\",\"@id\":\"https:\\\/\\\/fjala.info\\\/2009-2015\\\/fjalori-ordiner-si-thirrje-per-te-vrare\\\/#article\",\"isPartOf\":{\"@id\":\"https:\\\/\\\/fjala.info\\\/2009-2015\\\/fjalori-ordiner-si-thirrje-per-te-vrare\\\/\"},\"author\":{\"name\":\"admin\",\"@id\":\"https:\\\/\\\/fjala.info\\\/2009-2015\\\/#\\\/schema\\\/person\\\/3aa1163ef05469c496fc94e77611ada2\"},\"headline\":\"Fjalori ordiner, si thirrje p\u00ebr t\u00eb vrar\u00eb\",\"datePublished\":\"2011-01-31T23:16:06+00:00\",\"mainEntityOfPage\":{\"@id\":\"https:\\\/\\\/fjala.info\\\/2009-2015\\\/fjalori-ordiner-si-thirrje-per-te-vrare\\\/\"},\"wordCount\":1379,\"commentCount\":0,\"publisher\":{\"@id\":\"https:\\\/\\\/fjala.info\\\/2009-2015\\\/#organization\"},\"image\":{\"@id\":\"https:\\\/\\\/fjala.info\\\/2009-2015\\\/fjalori-ordiner-si-thirrje-per-te-vrare\\\/#primaryimage\"},\"thumbnailUrl\":\"http:\\\/\\\/fjala.shkoder.net\\\/wp-content\\\/uploads\\\/2011\\\/02\\\/berisha_rama_dialog-300x225.jpg\",\"articleSection\":[\"Artikuj\"],\"inLanguage\":\"sq-AL\",\"potentialAction\":[{\"@type\":\"CommentAction\",\"name\":\"Comment\",\"target\":[\"https:\\\/\\\/fjala.info\\\/2009-2015\\\/fjalori-ordiner-si-thirrje-per-te-vrare\\\/#respond\"]}]},{\"@type\":\"WebPage\",\"@id\":\"https:\\\/\\\/fjala.info\\\/2009-2015\\\/fjalori-ordiner-si-thirrje-per-te-vrare\\\/\",\"url\":\"https:\\\/\\\/fjala.info\\\/2009-2015\\\/fjalori-ordiner-si-thirrje-per-te-vrare\\\/\",\"name\":\"Fjalori ordiner, si thirrje p\u00ebr t\u00eb vrar\u00eb - FjALA e LIR\u00cb - Arkivi\",\"isPartOf\":{\"@id\":\"https:\\\/\\\/fjala.info\\\/2009-2015\\\/#website\"},\"primaryImageOfPage\":{\"@id\":\"https:\\\/\\\/fjala.info\\\/2009-2015\\\/fjalori-ordiner-si-thirrje-per-te-vrare\\\/#primaryimage\"},\"image\":{\"@id\":\"https:\\\/\\\/fjala.info\\\/2009-2015\\\/fjalori-ordiner-si-thirrje-per-te-vrare\\\/#primaryimage\"},\"thumbnailUrl\":\"http:\\\/\\\/fjala.shkoder.net\\\/wp-content\\\/uploads\\\/2011\\\/02\\\/berisha_rama_dialog-300x225.jpg\",\"datePublished\":\"2011-01-31T23:16:06+00:00\",\"breadcrumb\":{\"@id\":\"https:\\\/\\\/fjala.info\\\/2009-2015\\\/fjalori-ordiner-si-thirrje-per-te-vrare\\\/#breadcrumb\"},\"inLanguage\":\"sq-AL\",\"potentialAction\":[{\"@type\":\"ReadAction\",\"target\":[\"https:\\\/\\\/fjala.info\\\/2009-2015\\\/fjalori-ordiner-si-thirrje-per-te-vrare\\\/\"]}]},{\"@type\":\"ImageObject\",\"inLanguage\":\"sq-AL\",\"@id\":\"https:\\\/\\\/fjala.info\\\/2009-2015\\\/fjalori-ordiner-si-thirrje-per-te-vrare\\\/#primaryimage\",\"url\":\"http:\\\/\\\/fjala.shkoder.net\\\/wp-content\\\/uploads\\\/2011\\\/02\\\/berisha_rama_dialog-300x225.jpg\",\"contentUrl\":\"http:\\\/\\\/fjala.shkoder.net\\\/wp-content\\\/uploads\\\/2011\\\/02\\\/berisha_rama_dialog-300x225.jpg\"},{\"@type\":\"BreadcrumbList\",\"@id\":\"https:\\\/\\\/fjala.info\\\/2009-2015\\\/fjalori-ordiner-si-thirrje-per-te-vrare\\\/#breadcrumb\",\"itemListElement\":[{\"@type\":\"ListItem\",\"position\":1,\"name\":\"Home\",\"item\":\"https:\\\/\\\/fjala.info\\\/2009-2015\\\/\"},{\"@type\":\"ListItem\",\"position\":2,\"name\":\"Fjalori ordiner, si thirrje p\u00ebr t\u00eb vrar\u00eb\"}]},{\"@type\":\"WebSite\",\"@id\":\"https:\\\/\\\/fjala.info\\\/2009-2015\\\/#website\",\"url\":\"https:\\\/\\\/fjala.info\\\/2009-2015\\\/\",\"name\":\"FjALA e LIR\u00cb - Arkivi\",\"description\":\"Arkivi 2009-2015\",\"publisher\":{\"@id\":\"https:\\\/\\\/fjala.info\\\/2009-2015\\\/#organization\"},\"potentialAction\":[{\"@type\":\"SearchAction\",\"target\":{\"@type\":\"EntryPoint\",\"urlTemplate\":\"https:\\\/\\\/fjala.info\\\/2009-2015\\\/?s={search_term_string}\"},\"query-input\":{\"@type\":\"PropertyValueSpecification\",\"valueRequired\":true,\"valueName\":\"search_term_string\"}}],\"inLanguage\":\"sq-AL\"},{\"@type\":\"Organization\",\"@id\":\"https:\\\/\\\/fjala.info\\\/2009-2015\\\/#organization\",\"name\":\"FjALA e LIR\u00cb - Arkivi\",\"url\":\"https:\\\/\\\/fjala.info\\\/2009-2015\\\/\",\"logo\":{\"@type\":\"ImageObject\",\"inLanguage\":\"sq-AL\",\"@id\":\"https:\\\/\\\/fjala.info\\\/2009-2015\\\/#\\\/schema\\\/logo\\\/image\\\/\",\"url\":\"\",\"contentUrl\":\"\",\"caption\":\"FjALA e LIR\u00cb - Arkivi\"},\"image\":{\"@id\":\"https:\\\/\\\/fjala.info\\\/2009-2015\\\/#\\\/schema\\\/logo\\\/image\\\/\"}},{\"@type\":\"Person\",\"@id\":\"https:\\\/\\\/fjala.info\\\/2009-2015\\\/#\\\/schema\\\/person\\\/3aa1163ef05469c496fc94e77611ada2\",\"name\":\"admin\",\"image\":{\"@type\":\"ImageObject\",\"inLanguage\":\"sq-AL\",\"@id\":\"https:\\\/\\\/fjala.info\\\/2009-2015\\\/wp-content\\\/uploads\\\/2012\\\/02\\\/arben_cokaj-120x150.jpg\",\"url\":\"https:\\\/\\\/fjala.info\\\/2009-2015\\\/wp-content\\\/uploads\\\/2012\\\/02\\\/arben_cokaj-120x150.jpg\",\"contentUrl\":\"https:\\\/\\\/fjala.info\\\/2009-2015\\\/wp-content\\\/uploads\\\/2012\\\/02\\\/arben_cokaj-120x150.jpg\",\"caption\":\"admin\"},\"description\":\"Admin, Fjala e Lir\u00eb\",\"sameAs\":[\"https:\\\/\\\/fjala.info\\\/\"],\"url\":\"https:\\\/\\\/fjala.info\\\/2009-2015\\\/author\\\/admin\\\/\"}]}<\/script>\n<!-- \/ Yoast SEO plugin. -->","yoast_head_json":{"title":"Fjalori ordiner, si thirrje p\u00ebr t\u00eb vrar\u00eb - FjALA e LIR\u00cb - Arkivi","robots":{"index":"index","follow":"follow","max-snippet":"max-snippet:-1","max-image-preview":"max-image-preview:large","max-video-preview":"max-video-preview:-1"},"canonical":"https:\/\/fjala.info\/2009-2015\/fjalori-ordiner-si-thirrje-per-te-vrare\/","og_locale":"sq_AL","og_type":"article","og_title":"Fjalori ordiner, si thirrje p\u00ebr t\u00eb vrar\u00eb - FjALA e LIR\u00cb - Arkivi","og_description":"Arben Rrozhani, 31.01.2011 \u00c7ka nxjerr\u00eb nga goja muajin e fundit, &#8220;burri i shtetit&#8221; &#8211; Sulmet nekrofile t\u00eb kreut t\u00eb Ekzekutivit ndaj kreut t\u00eb opozit\u00ebs, Edi Rama. Nga funerali madh\u00ebshtor i p\u00ebrmendur n\u00eb 24 dhjetor 2010 deri te m\u00ebnyrat e eliminimit t\u00eb deklaruara pas demonstrat\u00ebs s\u00eb 21 janarit. Me sjelljet dhe fjalorin prej ordineri, ai prodhon [&hellip;]","og_url":"https:\/\/fjala.info\/2009-2015\/fjalori-ordiner-si-thirrje-per-te-vrare\/","og_site_name":"FjALA e LIR\u00cb - Arkivi","article_published_time":"2011-01-31T23:16:06+00:00","og_image":[{"url":"http:\/\/fjala.shkoder.net\/wp-content\/uploads\/2011\/02\/berisha_rama_dialog-300x225.jpg","type":"","width":"","height":""}],"author":"admin","twitter_card":"summary_large_image","twitter_misc":{"Written by":"admin","Est. reading time":"7 minutes"},"schema":{"@context":"https:\/\/schema.org","@graph":[{"@type":"Article","@id":"https:\/\/fjala.info\/2009-2015\/fjalori-ordiner-si-thirrje-per-te-vrare\/#article","isPartOf":{"@id":"https:\/\/fjala.info\/2009-2015\/fjalori-ordiner-si-thirrje-per-te-vrare\/"},"author":{"name":"admin","@id":"https:\/\/fjala.info\/2009-2015\/#\/schema\/person\/3aa1163ef05469c496fc94e77611ada2"},"headline":"Fjalori ordiner, si thirrje p\u00ebr t\u00eb vrar\u00eb","datePublished":"2011-01-31T23:16:06+00:00","mainEntityOfPage":{"@id":"https:\/\/fjala.info\/2009-2015\/fjalori-ordiner-si-thirrje-per-te-vrare\/"},"wordCount":1379,"commentCount":0,"publisher":{"@id":"https:\/\/fjala.info\/2009-2015\/#organization"},"image":{"@id":"https:\/\/fjala.info\/2009-2015\/fjalori-ordiner-si-thirrje-per-te-vrare\/#primaryimage"},"thumbnailUrl":"http:\/\/fjala.shkoder.net\/wp-content\/uploads\/2011\/02\/berisha_rama_dialog-300x225.jpg","articleSection":["Artikuj"],"inLanguage":"sq-AL","potentialAction":[{"@type":"CommentAction","name":"Comment","target":["https:\/\/fjala.info\/2009-2015\/fjalori-ordiner-si-thirrje-per-te-vrare\/#respond"]}]},{"@type":"WebPage","@id":"https:\/\/fjala.info\/2009-2015\/fjalori-ordiner-si-thirrje-per-te-vrare\/","url":"https:\/\/fjala.info\/2009-2015\/fjalori-ordiner-si-thirrje-per-te-vrare\/","name":"Fjalori ordiner, si thirrje p\u00ebr t\u00eb vrar\u00eb - FjALA e LIR\u00cb - Arkivi","isPartOf":{"@id":"https:\/\/fjala.info\/2009-2015\/#website"},"primaryImageOfPage":{"@id":"https:\/\/fjala.info\/2009-2015\/fjalori-ordiner-si-thirrje-per-te-vrare\/#primaryimage"},"image":{"@id":"https:\/\/fjala.info\/2009-2015\/fjalori-ordiner-si-thirrje-per-te-vrare\/#primaryimage"},"thumbnailUrl":"http:\/\/fjala.shkoder.net\/wp-content\/uploads\/2011\/02\/berisha_rama_dialog-300x225.jpg","datePublished":"2011-01-31T23:16:06+00:00","breadcrumb":{"@id":"https:\/\/fjala.info\/2009-2015\/fjalori-ordiner-si-thirrje-per-te-vrare\/#breadcrumb"},"inLanguage":"sq-AL","potentialAction":[{"@type":"ReadAction","target":["https:\/\/fjala.info\/2009-2015\/fjalori-ordiner-si-thirrje-per-te-vrare\/"]}]},{"@type":"ImageObject","inLanguage":"sq-AL","@id":"https:\/\/fjala.info\/2009-2015\/fjalori-ordiner-si-thirrje-per-te-vrare\/#primaryimage","url":"http:\/\/fjala.shkoder.net\/wp-content\/uploads\/2011\/02\/berisha_rama_dialog-300x225.jpg","contentUrl":"http:\/\/fjala.shkoder.net\/wp-content\/uploads\/2011\/02\/berisha_rama_dialog-300x225.jpg"},{"@type":"BreadcrumbList","@id":"https:\/\/fjala.info\/2009-2015\/fjalori-ordiner-si-thirrje-per-te-vrare\/#breadcrumb","itemListElement":[{"@type":"ListItem","position":1,"name":"Home","item":"https:\/\/fjala.info\/2009-2015\/"},{"@type":"ListItem","position":2,"name":"Fjalori ordiner, si thirrje p\u00ebr t\u00eb vrar\u00eb"}]},{"@type":"WebSite","@id":"https:\/\/fjala.info\/2009-2015\/#website","url":"https:\/\/fjala.info\/2009-2015\/","name":"FjALA e LIR\u00cb - Arkivi","description":"Arkivi 2009-2015","publisher":{"@id":"https:\/\/fjala.info\/2009-2015\/#organization"},"potentialAction":[{"@type":"SearchAction","target":{"@type":"EntryPoint","urlTemplate":"https:\/\/fjala.info\/2009-2015\/?s={search_term_string}"},"query-input":{"@type":"PropertyValueSpecification","valueRequired":true,"valueName":"search_term_string"}}],"inLanguage":"sq-AL"},{"@type":"Organization","@id":"https:\/\/fjala.info\/2009-2015\/#organization","name":"FjALA e LIR\u00cb - Arkivi","url":"https:\/\/fjala.info\/2009-2015\/","logo":{"@type":"ImageObject","inLanguage":"sq-AL","@id":"https:\/\/fjala.info\/2009-2015\/#\/schema\/logo\/image\/","url":"","contentUrl":"","caption":"FjALA e LIR\u00cb - Arkivi"},"image":{"@id":"https:\/\/fjala.info\/2009-2015\/#\/schema\/logo\/image\/"}},{"@type":"Person","@id":"https:\/\/fjala.info\/2009-2015\/#\/schema\/person\/3aa1163ef05469c496fc94e77611ada2","name":"admin","image":{"@type":"ImageObject","inLanguage":"sq-AL","@id":"https:\/\/fjala.info\/2009-2015\/wp-content\/uploads\/2012\/02\/arben_cokaj-120x150.jpg","url":"https:\/\/fjala.info\/2009-2015\/wp-content\/uploads\/2012\/02\/arben_cokaj-120x150.jpg","contentUrl":"https:\/\/fjala.info\/2009-2015\/wp-content\/uploads\/2012\/02\/arben_cokaj-120x150.jpg","caption":"admin"},"description":"Admin, Fjala e Lir\u00eb","sameAs":["https:\/\/fjala.info\/"],"url":"https:\/\/fjala.info\/2009-2015\/author\/admin\/"}]}},"_links":{"self":[{"href":"https:\/\/fjala.info\/2009-2015\/wp-json\/wp\/v2\/posts\/6071","targetHints":{"allow":["GET"]}}],"collection":[{"href":"https:\/\/fjala.info\/2009-2015\/wp-json\/wp\/v2\/posts"}],"about":[{"href":"https:\/\/fjala.info\/2009-2015\/wp-json\/wp\/v2\/types\/post"}],"author":[{"embeddable":true,"href":"https:\/\/fjala.info\/2009-2015\/wp-json\/wp\/v2\/users\/1"}],"replies":[{"embeddable":true,"href":"https:\/\/fjala.info\/2009-2015\/wp-json\/wp\/v2\/comments?post=6071"}],"version-history":[{"count":0,"href":"https:\/\/fjala.info\/2009-2015\/wp-json\/wp\/v2\/posts\/6071\/revisions"}],"wp:attachment":[{"href":"https:\/\/fjala.info\/2009-2015\/wp-json\/wp\/v2\/media?parent=6071"}],"wp:term":[{"taxonomy":"category","embeddable":true,"href":"https:\/\/fjala.info\/2009-2015\/wp-json\/wp\/v2\/categories?post=6071"},{"taxonomy":"post_tag","embeddable":true,"href":"https:\/\/fjala.info\/2009-2015\/wp-json\/wp\/v2\/tags?post=6071"}],"curies":[{"name":"wp","href":"https:\/\/api.w.org\/{rel}","templated":true}]}}