{"id":6069,"date":"2011-02-01T00:00:30","date_gmt":"2011-01-31T23:00:30","guid":{"rendered":"http:\/\/fjala.shkoder.net\/?p=6069"},"modified":"2011-02-01T00:00:30","modified_gmt":"2011-01-31T23:00:30","slug":"do-ridalim-te-premten-ne-rruget-e-tiranes-lezhes-vlores-e-korces-dhe-per-lirine-e-shtypit","status":"publish","type":"post","link":"https:\/\/fjala.info\/2009-2015\/do-ridalim-te-premten-ne-rruget-e-tiranes-lezhes-vlores-e-korces-dhe-per-lirine-e-shtypit\/","title":{"rendered":"Do ridalim t\u00eb premten n\u00eb rrug\u00ebt e Tiran\u00ebs, Lezh\u00ebs, Vlor\u00ebs e Kor\u00e7\u00ebs dhe p\u00ebr lirin\u00eb e shtypit"},"content":{"rendered":"<p><img loading=\"lazy\" decoding=\"async\" class=\"alignright size-full wp-image-3806\" title=\"Edi Rama\" src=\"http:\/\/fjala.shkoder.net\/wp-content\/uploads\/2010\/08\/edi_rama1.jpg\" alt=\"\" width=\"200\" height=\"128\" \/><br \/>\nNga <strong>Edi Rama<\/strong><\/p>\n<p>Sot vazhdoi p\u00ebrshkall\u00ebzimi i dhun\u00ebs ndaj institucioneve nga ana e regjimit t\u00eb kusaris\u00eb.<\/p>\n<p>Ky regjim po i q\u00ebllon institucionet me gur\u00ebt e r\u00ebnd\u00eb t\u00eb antikushtetutshm\u00ebris\u00eb, duke vazhduar t\u00eb provoj\u00eb p\u00ebrdit\u00eb se nuk ndalet n\u00eb synimin q\u00eb t\u00eb asgj\u00ebsoj\u00eb \u00e7do pushtet jasht\u00eb kontrollit t\u00eb tij.<\/p>\n<p>Jan\u00eb kat\u00ebr gazetar\u00eb, t\u00eb kat\u00ebrt t\u00eb njohur si element t\u00eb pad\u00ebshiruesh\u00ebm p\u00ebr Saliun dhe regjimin e tij, t\u00eb cil\u00ebt nj\u00ebrin pas tjetrit, n\u00eb koh\u00eb t\u00eb ndryshme, Saliu i ka sulmuar publikisht, duke u c\u00ebnuar dinjitetin, duke u c\u00ebnuar familjen, duke u c\u00ebnuar tribun\u00ebn mediatike me shantazhe mafioze, nga gjobat kriminale p\u00ebr Top Channel-in, deri n\u00eb p\u00ebrndjekjen banditeske t\u00eb gazet\u00ebs Tema.<\/p>\n<p>Ky sulm i fundit, jo thjesht\u00eb ndaj kat\u00ebr gazetar\u00ebve por ndaj asaj pjese t\u00eb pushtetit t\u00eb kat\u00ebrt, q\u00eb nuk i \u00ebsht\u00eb n\u00ebnshtruar ende regjimit t\u00eb kusaris\u00eb dhe t\u00eb matrapazll\u00ebkut, plot\u00ebson list\u00ebn e p\u00ebrplasjeve t\u00eb Saliut p\u00ebr t\u00eb lar\u00eb hesapet n\u00eb em\u00ebr t\u00eb mbrojtjes s\u00eb shtetit nga nj\u00eb pu\u00e7 frontal, por n\u00eb fakt n\u00eb funksion t\u00eb materializimit t\u00eb nj\u00eb grushti t\u00eb mir\u00ebfillt\u00eb shteti, t\u00eb organizuar e udh\u00ebhequr nga personalisht i ashtuquajtur i Shqip\u00ebris\u00eb.<\/p>\n<p>Garda tog\u00eb q\u00eb vret p\u00ebr t\u00eb mbrojtur qeverin\u00eb hajdute. Policia e Shtetit q\u00eb nuk zbaton ligjin p\u00ebr t\u00eb mbrojtur gard\u00ebn q\u00eb vret dhe p\u00ebr t\u00eb arrestuar e rrahur barbarisht njer\u00ebz q\u00eb ngrihen kund\u00ebr regjimit t\u00eb kusaris\u00eb. Saliu q\u00eb sulmon me gur\u00ebt e antikushtetutshm\u00ebris\u00eb t\u00eb gjith\u00eb, deri edhe gazetar\u00eb t\u00eb pad\u00ebshiruar.<\/p>\n<p>\u00c7do dit\u00eb q\u00eb kalon nxjerr n\u00eb pah t\u00eb drejt\u00ebn e kauz\u00ebs son\u00eb. Shqip\u00ebria \u00ebsht\u00eb vjedhur n\u00eb vot\u00ebn e saj, prandaj vidhet p\u00ebrdit\u00eb n\u00eb pasurit\u00eb e saj dhe s\u00eb fundi edhe vritet e dhunohet n\u00eb lirit\u00eb e t\u00eb drejtat e saj. Po Shqip\u00ebri jo vet\u00ebm s\u2019mund t\u00eb vritet e as t\u00eb rrihet deri n\u00eb pik\u00ebn q\u00eb t\u00eb ripranoj\u00eb partin\u00eb shtet e shtetin parti, po ajo sot \u00ebsht\u00eb p\u00ebrdit\u00eb m\u00eb e vendosur, p\u00ebr t\u00eb zmbrapsur, me fuqin\u00eb e protest\u00ebs popullore, kusarin\u00eb e matrapazll\u00ebkun n\u00eb pushtet.<\/p>\n<p>Edhe p\u00ebr lirin\u00eb e shtypit e t\u00eb gazetar\u00ebve q\u00eb nuk punojn\u00eb p\u00ebr regjimin e kusaris\u00eb, p\u00ebrve\u00e7se p\u00ebr lirin\u00eb e zgjedhjeve, t\u00eb drejt\u00ebn e pun\u00ebs, \u00ebndrr\u00ebn e Shqip\u00ebris\u00eb Europiane, p\u00ebr gjithshka jan\u00eb vrar\u00eb, plagosur, rrahur e n\u00ebp\u00ebrk\u00ebmbur jo vet\u00ebm n\u00eb 21 janar, po n\u00eb vite sundimi \u00e7njer\u00ebzor t\u00eb korrupsionit n\u00eb pushtet, t\u00eb premten n\u00eb do t\u00eb ridalim n\u00eb rrug\u00ebn e rezistenc\u00ebs paq\u00ebsore duke demonstruar n\u00eb rrug\u00ebt e Tiran\u00ebs, Lezh\u00ebs, Vlor\u00ebs e Kor\u00e7\u00ebs.<\/p>\n<p>Sot m\u00eb shum\u00eb se kurr\u00eb, kjo nuk \u00ebsht\u00eb beteja e jon\u00eb n\u00eb krye t\u00eb popullit opozitar, po beteja jon\u00eb bashk\u00eb me popullin, q\u00eb k\u00ebrkon liri e t\u00eb drejta t\u00eb panegociueshme n\u00eb nj\u00eb Shqip\u00ebri e cila n\u00eb asnj\u00eb m\u00ebnyr\u00eb s\u2019mund t\u00eb kthehet n\u00eb koh\u00ebn e zez\u00eb t\u00eb partis\u00eb shtet a shtetit parti.<\/p>\n","protected":false},"excerpt":{"rendered":"<p>Nga Edi Rama Sot vazhdoi p\u00ebrshkall\u00ebzimi i dhun\u00ebs ndaj institucioneve nga ana e regjimit t\u00eb kusaris\u00eb. Ky regjim po i q\u00ebllon institucionet me gur\u00ebt e r\u00ebnd\u00eb t\u00eb antikushtetutshm\u00ebris\u00eb, duke vazhduar t\u00eb provoj\u00eb p\u00ebrdit\u00eb se nuk ndalet n\u00eb synimin q\u00eb t\u00eb asgj\u00ebsoj\u00eb \u00e7do pushtet jasht\u00eb kontrollit t\u00eb tij. Jan\u00eb kat\u00ebr gazetar\u00eb, t\u00eb kat\u00ebrt t\u00eb njohur si [&hellip;]<\/p>\n","protected":false},"author":1,"featured_media":0,"comment_status":"open","ping_status":"closed","sticky":false,"template":"","format":"standard","meta":{"footnotes":""},"categories":[2],"tags":[],"class_list":{"0":"post-6069","1":"post","2":"type-post","3":"status-publish","4":"format-standard","6":"category-artikuj"},"yoast_head":"<!-- This site is optimized with the Yoast SEO plugin v27.4 - https:\/\/yoast.com\/product\/yoast-seo-wordpress\/ -->\n<title>Do ridalim t\u00eb premten n\u00eb rrug\u00ebt e Tiran\u00ebs, Lezh\u00ebs, Vlor\u00ebs e Kor\u00e7\u00ebs dhe p\u00ebr lirin\u00eb e shtypit - FjALA e LIR\u00cb - Arkivi<\/title>\n<meta name=\"robots\" content=\"index, follow, max-snippet:-1, max-image-preview:large, max-video-preview:-1\" \/>\n<link rel=\"canonical\" href=\"https:\/\/fjala.info\/2009-2015\/do-ridalim-te-premten-ne-rruget-e-tiranes-lezhes-vlores-e-korces-dhe-per-lirine-e-shtypit\/\" \/>\n<meta property=\"og:locale\" content=\"sq_AL\" \/>\n<meta property=\"og:type\" content=\"article\" \/>\n<meta property=\"og:title\" content=\"Do ridalim t\u00eb premten n\u00eb rrug\u00ebt e Tiran\u00ebs, Lezh\u00ebs, Vlor\u00ebs e Kor\u00e7\u00ebs dhe p\u00ebr lirin\u00eb e shtypit - FjALA e LIR\u00cb - Arkivi\" \/>\n<meta property=\"og:description\" content=\"Nga Edi Rama Sot vazhdoi p\u00ebrshkall\u00ebzimi i dhun\u00ebs ndaj institucioneve nga ana e regjimit t\u00eb kusaris\u00eb. Ky regjim po i q\u00ebllon institucionet me gur\u00ebt e r\u00ebnd\u00eb t\u00eb antikushtetutshm\u00ebris\u00eb, duke vazhduar t\u00eb provoj\u00eb p\u00ebrdit\u00eb se nuk ndalet n\u00eb synimin q\u00eb t\u00eb asgj\u00ebsoj\u00eb \u00e7do pushtet jasht\u00eb kontrollit t\u00eb tij. Jan\u00eb kat\u00ebr gazetar\u00eb, t\u00eb kat\u00ebrt t\u00eb njohur si [&hellip;]\" \/>\n<meta property=\"og:url\" content=\"https:\/\/fjala.info\/2009-2015\/do-ridalim-te-premten-ne-rruget-e-tiranes-lezhes-vlores-e-korces-dhe-per-lirine-e-shtypit\/\" \/>\n<meta property=\"og:site_name\" content=\"FjALA e LIR\u00cb - Arkivi\" \/>\n<meta property=\"article:published_time\" content=\"2011-01-31T23:00:30+00:00\" \/>\n<meta property=\"og:image\" content=\"http:\/\/fjala.shkoder.net\/wp-content\/uploads\/2010\/08\/edi_rama1.jpg\" \/>\n<meta name=\"author\" content=\"admin\" \/>\n<meta name=\"twitter:card\" content=\"summary_large_image\" \/>\n<meta name=\"twitter:label1\" content=\"Written by\" \/>\n\t<meta name=\"twitter:data1\" content=\"admin\" \/>\n\t<meta name=\"twitter:label2\" content=\"Est. reading time\" \/>\n\t<meta name=\"twitter:data2\" content=\"3 minutes\" \/>\n<script type=\"application\/ld+json\" class=\"yoast-schema-graph\">{\"@context\":\"https:\\\/\\\/schema.org\",\"@graph\":[{\"@type\":\"Article\",\"@id\":\"https:\\\/\\\/fjala.info\\\/2009-2015\\\/do-ridalim-te-premten-ne-rruget-e-tiranes-lezhes-vlores-e-korces-dhe-per-lirine-e-shtypit\\\/#article\",\"isPartOf\":{\"@id\":\"https:\\\/\\\/fjala.info\\\/2009-2015\\\/do-ridalim-te-premten-ne-rruget-e-tiranes-lezhes-vlores-e-korces-dhe-per-lirine-e-shtypit\\\/\"},\"author\":{\"name\":\"admin\",\"@id\":\"https:\\\/\\\/fjala.info\\\/2009-2015\\\/#\\\/schema\\\/person\\\/3aa1163ef05469c496fc94e77611ada2\"},\"headline\":\"Do ridalim t\u00eb premten n\u00eb rrug\u00ebt e Tiran\u00ebs, Lezh\u00ebs, Vlor\u00ebs e Kor\u00e7\u00ebs dhe p\u00ebr lirin\u00eb e shtypit\",\"datePublished\":\"2011-01-31T23:00:30+00:00\",\"mainEntityOfPage\":{\"@id\":\"https:\\\/\\\/fjala.info\\\/2009-2015\\\/do-ridalim-te-premten-ne-rruget-e-tiranes-lezhes-vlores-e-korces-dhe-per-lirine-e-shtypit\\\/\"},\"wordCount\":543,\"commentCount\":0,\"publisher\":{\"@id\":\"https:\\\/\\\/fjala.info\\\/2009-2015\\\/#organization\"},\"image\":{\"@id\":\"https:\\\/\\\/fjala.info\\\/2009-2015\\\/do-ridalim-te-premten-ne-rruget-e-tiranes-lezhes-vlores-e-korces-dhe-per-lirine-e-shtypit\\\/#primaryimage\"},\"thumbnailUrl\":\"http:\\\/\\\/fjala.shkoder.net\\\/wp-content\\\/uploads\\\/2010\\\/08\\\/edi_rama1.jpg\",\"articleSection\":[\"Artikuj\"],\"inLanguage\":\"sq-AL\",\"potentialAction\":[{\"@type\":\"CommentAction\",\"name\":\"Comment\",\"target\":[\"https:\\\/\\\/fjala.info\\\/2009-2015\\\/do-ridalim-te-premten-ne-rruget-e-tiranes-lezhes-vlores-e-korces-dhe-per-lirine-e-shtypit\\\/#respond\"]}]},{\"@type\":\"WebPage\",\"@id\":\"https:\\\/\\\/fjala.info\\\/2009-2015\\\/do-ridalim-te-premten-ne-rruget-e-tiranes-lezhes-vlores-e-korces-dhe-per-lirine-e-shtypit\\\/\",\"url\":\"https:\\\/\\\/fjala.info\\\/2009-2015\\\/do-ridalim-te-premten-ne-rruget-e-tiranes-lezhes-vlores-e-korces-dhe-per-lirine-e-shtypit\\\/\",\"name\":\"Do ridalim t\u00eb premten n\u00eb rrug\u00ebt e Tiran\u00ebs, Lezh\u00ebs, Vlor\u00ebs e Kor\u00e7\u00ebs dhe p\u00ebr lirin\u00eb e shtypit - FjALA e LIR\u00cb - Arkivi\",\"isPartOf\":{\"@id\":\"https:\\\/\\\/fjala.info\\\/2009-2015\\\/#website\"},\"primaryImageOfPage\":{\"@id\":\"https:\\\/\\\/fjala.info\\\/2009-2015\\\/do-ridalim-te-premten-ne-rruget-e-tiranes-lezhes-vlores-e-korces-dhe-per-lirine-e-shtypit\\\/#primaryimage\"},\"image\":{\"@id\":\"https:\\\/\\\/fjala.info\\\/2009-2015\\\/do-ridalim-te-premten-ne-rruget-e-tiranes-lezhes-vlores-e-korces-dhe-per-lirine-e-shtypit\\\/#primaryimage\"},\"thumbnailUrl\":\"http:\\\/\\\/fjala.shkoder.net\\\/wp-content\\\/uploads\\\/2010\\\/08\\\/edi_rama1.jpg\",\"datePublished\":\"2011-01-31T23:00:30+00:00\",\"breadcrumb\":{\"@id\":\"https:\\\/\\\/fjala.info\\\/2009-2015\\\/do-ridalim-te-premten-ne-rruget-e-tiranes-lezhes-vlores-e-korces-dhe-per-lirine-e-shtypit\\\/#breadcrumb\"},\"inLanguage\":\"sq-AL\",\"potentialAction\":[{\"@type\":\"ReadAction\",\"target\":[\"https:\\\/\\\/fjala.info\\\/2009-2015\\\/do-ridalim-te-premten-ne-rruget-e-tiranes-lezhes-vlores-e-korces-dhe-per-lirine-e-shtypit\\\/\"]}]},{\"@type\":\"ImageObject\",\"inLanguage\":\"sq-AL\",\"@id\":\"https:\\\/\\\/fjala.info\\\/2009-2015\\\/do-ridalim-te-premten-ne-rruget-e-tiranes-lezhes-vlores-e-korces-dhe-per-lirine-e-shtypit\\\/#primaryimage\",\"url\":\"http:\\\/\\\/fjala.shkoder.net\\\/wp-content\\\/uploads\\\/2010\\\/08\\\/edi_rama1.jpg\",\"contentUrl\":\"http:\\\/\\\/fjala.shkoder.net\\\/wp-content\\\/uploads\\\/2010\\\/08\\\/edi_rama1.jpg\"},{\"@type\":\"BreadcrumbList\",\"@id\":\"https:\\\/\\\/fjala.info\\\/2009-2015\\\/do-ridalim-te-premten-ne-rruget-e-tiranes-lezhes-vlores-e-korces-dhe-per-lirine-e-shtypit\\\/#breadcrumb\",\"itemListElement\":[{\"@type\":\"ListItem\",\"position\":1,\"name\":\"Home\",\"item\":\"https:\\\/\\\/fjala.info\\\/2009-2015\\\/\"},{\"@type\":\"ListItem\",\"position\":2,\"name\":\"Do ridalim t\u00eb premten n\u00eb rrug\u00ebt e Tiran\u00ebs, Lezh\u00ebs, Vlor\u00ebs e Kor\u00e7\u00ebs dhe p\u00ebr lirin\u00eb e shtypit\"}]},{\"@type\":\"WebSite\",\"@id\":\"https:\\\/\\\/fjala.info\\\/2009-2015\\\/#website\",\"url\":\"https:\\\/\\\/fjala.info\\\/2009-2015\\\/\",\"name\":\"FjALA e LIR\u00cb - Arkivi\",\"description\":\"Arkivi 2009-2015\",\"publisher\":{\"@id\":\"https:\\\/\\\/fjala.info\\\/2009-2015\\\/#organization\"},\"potentialAction\":[{\"@type\":\"SearchAction\",\"target\":{\"@type\":\"EntryPoint\",\"urlTemplate\":\"https:\\\/\\\/fjala.info\\\/2009-2015\\\/?s={search_term_string}\"},\"query-input\":{\"@type\":\"PropertyValueSpecification\",\"valueRequired\":true,\"valueName\":\"search_term_string\"}}],\"inLanguage\":\"sq-AL\"},{\"@type\":\"Organization\",\"@id\":\"https:\\\/\\\/fjala.info\\\/2009-2015\\\/#organization\",\"name\":\"FjALA e LIR\u00cb - Arkivi\",\"url\":\"https:\\\/\\\/fjala.info\\\/2009-2015\\\/\",\"logo\":{\"@type\":\"ImageObject\",\"inLanguage\":\"sq-AL\",\"@id\":\"https:\\\/\\\/fjala.info\\\/2009-2015\\\/#\\\/schema\\\/logo\\\/image\\\/\",\"url\":\"\",\"contentUrl\":\"\",\"caption\":\"FjALA e LIR\u00cb - Arkivi\"},\"image\":{\"@id\":\"https:\\\/\\\/fjala.info\\\/2009-2015\\\/#\\\/schema\\\/logo\\\/image\\\/\"}},{\"@type\":\"Person\",\"@id\":\"https:\\\/\\\/fjala.info\\\/2009-2015\\\/#\\\/schema\\\/person\\\/3aa1163ef05469c496fc94e77611ada2\",\"name\":\"admin\",\"image\":{\"@type\":\"ImageObject\",\"inLanguage\":\"sq-AL\",\"@id\":\"https:\\\/\\\/fjala.info\\\/2009-2015\\\/wp-content\\\/uploads\\\/2012\\\/02\\\/arben_cokaj-120x150.jpg\",\"url\":\"https:\\\/\\\/fjala.info\\\/2009-2015\\\/wp-content\\\/uploads\\\/2012\\\/02\\\/arben_cokaj-120x150.jpg\",\"contentUrl\":\"https:\\\/\\\/fjala.info\\\/2009-2015\\\/wp-content\\\/uploads\\\/2012\\\/02\\\/arben_cokaj-120x150.jpg\",\"caption\":\"admin\"},\"description\":\"Admin, Fjala e Lir\u00eb\",\"sameAs\":[\"https:\\\/\\\/fjala.info\\\/\"],\"url\":\"https:\\\/\\\/fjala.info\\\/2009-2015\\\/author\\\/admin\\\/\"}]}<\/script>\n<!-- \/ Yoast SEO plugin. -->","yoast_head_json":{"title":"Do ridalim t\u00eb premten n\u00eb rrug\u00ebt e Tiran\u00ebs, Lezh\u00ebs, Vlor\u00ebs e Kor\u00e7\u00ebs dhe p\u00ebr lirin\u00eb e shtypit - FjALA e LIR\u00cb - Arkivi","robots":{"index":"index","follow":"follow","max-snippet":"max-snippet:-1","max-image-preview":"max-image-preview:large","max-video-preview":"max-video-preview:-1"},"canonical":"https:\/\/fjala.info\/2009-2015\/do-ridalim-te-premten-ne-rruget-e-tiranes-lezhes-vlores-e-korces-dhe-per-lirine-e-shtypit\/","og_locale":"sq_AL","og_type":"article","og_title":"Do ridalim t\u00eb premten n\u00eb rrug\u00ebt e Tiran\u00ebs, Lezh\u00ebs, Vlor\u00ebs e Kor\u00e7\u00ebs dhe p\u00ebr lirin\u00eb e shtypit - FjALA e LIR\u00cb - Arkivi","og_description":"Nga Edi Rama Sot vazhdoi p\u00ebrshkall\u00ebzimi i dhun\u00ebs ndaj institucioneve nga ana e regjimit t\u00eb kusaris\u00eb. Ky regjim po i q\u00ebllon institucionet me gur\u00ebt e r\u00ebnd\u00eb t\u00eb antikushtetutshm\u00ebris\u00eb, duke vazhduar t\u00eb provoj\u00eb p\u00ebrdit\u00eb se nuk ndalet n\u00eb synimin q\u00eb t\u00eb asgj\u00ebsoj\u00eb \u00e7do pushtet jasht\u00eb kontrollit t\u00eb tij. Jan\u00eb kat\u00ebr gazetar\u00eb, t\u00eb kat\u00ebrt t\u00eb njohur si [&hellip;]","og_url":"https:\/\/fjala.info\/2009-2015\/do-ridalim-te-premten-ne-rruget-e-tiranes-lezhes-vlores-e-korces-dhe-per-lirine-e-shtypit\/","og_site_name":"FjALA e LIR\u00cb - Arkivi","article_published_time":"2011-01-31T23:00:30+00:00","og_image":[{"url":"http:\/\/fjala.shkoder.net\/wp-content\/uploads\/2010\/08\/edi_rama1.jpg","type":"","width":"","height":""}],"author":"admin","twitter_card":"summary_large_image","twitter_misc":{"Written by":"admin","Est. reading time":"3 minutes"},"schema":{"@context":"https:\/\/schema.org","@graph":[{"@type":"Article","@id":"https:\/\/fjala.info\/2009-2015\/do-ridalim-te-premten-ne-rruget-e-tiranes-lezhes-vlores-e-korces-dhe-per-lirine-e-shtypit\/#article","isPartOf":{"@id":"https:\/\/fjala.info\/2009-2015\/do-ridalim-te-premten-ne-rruget-e-tiranes-lezhes-vlores-e-korces-dhe-per-lirine-e-shtypit\/"},"author":{"name":"admin","@id":"https:\/\/fjala.info\/2009-2015\/#\/schema\/person\/3aa1163ef05469c496fc94e77611ada2"},"headline":"Do ridalim t\u00eb premten n\u00eb rrug\u00ebt e Tiran\u00ebs, Lezh\u00ebs, Vlor\u00ebs e Kor\u00e7\u00ebs dhe p\u00ebr lirin\u00eb e shtypit","datePublished":"2011-01-31T23:00:30+00:00","mainEntityOfPage":{"@id":"https:\/\/fjala.info\/2009-2015\/do-ridalim-te-premten-ne-rruget-e-tiranes-lezhes-vlores-e-korces-dhe-per-lirine-e-shtypit\/"},"wordCount":543,"commentCount":0,"publisher":{"@id":"https:\/\/fjala.info\/2009-2015\/#organization"},"image":{"@id":"https:\/\/fjala.info\/2009-2015\/do-ridalim-te-premten-ne-rruget-e-tiranes-lezhes-vlores-e-korces-dhe-per-lirine-e-shtypit\/#primaryimage"},"thumbnailUrl":"http:\/\/fjala.shkoder.net\/wp-content\/uploads\/2010\/08\/edi_rama1.jpg","articleSection":["Artikuj"],"inLanguage":"sq-AL","potentialAction":[{"@type":"CommentAction","name":"Comment","target":["https:\/\/fjala.info\/2009-2015\/do-ridalim-te-premten-ne-rruget-e-tiranes-lezhes-vlores-e-korces-dhe-per-lirine-e-shtypit\/#respond"]}]},{"@type":"WebPage","@id":"https:\/\/fjala.info\/2009-2015\/do-ridalim-te-premten-ne-rruget-e-tiranes-lezhes-vlores-e-korces-dhe-per-lirine-e-shtypit\/","url":"https:\/\/fjala.info\/2009-2015\/do-ridalim-te-premten-ne-rruget-e-tiranes-lezhes-vlores-e-korces-dhe-per-lirine-e-shtypit\/","name":"Do ridalim t\u00eb premten n\u00eb rrug\u00ebt e Tiran\u00ebs, Lezh\u00ebs, Vlor\u00ebs e Kor\u00e7\u00ebs dhe p\u00ebr lirin\u00eb e shtypit - FjALA e LIR\u00cb - Arkivi","isPartOf":{"@id":"https:\/\/fjala.info\/2009-2015\/#website"},"primaryImageOfPage":{"@id":"https:\/\/fjala.info\/2009-2015\/do-ridalim-te-premten-ne-rruget-e-tiranes-lezhes-vlores-e-korces-dhe-per-lirine-e-shtypit\/#primaryimage"},"image":{"@id":"https:\/\/fjala.info\/2009-2015\/do-ridalim-te-premten-ne-rruget-e-tiranes-lezhes-vlores-e-korces-dhe-per-lirine-e-shtypit\/#primaryimage"},"thumbnailUrl":"http:\/\/fjala.shkoder.net\/wp-content\/uploads\/2010\/08\/edi_rama1.jpg","datePublished":"2011-01-31T23:00:30+00:00","breadcrumb":{"@id":"https:\/\/fjala.info\/2009-2015\/do-ridalim-te-premten-ne-rruget-e-tiranes-lezhes-vlores-e-korces-dhe-per-lirine-e-shtypit\/#breadcrumb"},"inLanguage":"sq-AL","potentialAction":[{"@type":"ReadAction","target":["https:\/\/fjala.info\/2009-2015\/do-ridalim-te-premten-ne-rruget-e-tiranes-lezhes-vlores-e-korces-dhe-per-lirine-e-shtypit\/"]}]},{"@type":"ImageObject","inLanguage":"sq-AL","@id":"https:\/\/fjala.info\/2009-2015\/do-ridalim-te-premten-ne-rruget-e-tiranes-lezhes-vlores-e-korces-dhe-per-lirine-e-shtypit\/#primaryimage","url":"http:\/\/fjala.shkoder.net\/wp-content\/uploads\/2010\/08\/edi_rama1.jpg","contentUrl":"http:\/\/fjala.shkoder.net\/wp-content\/uploads\/2010\/08\/edi_rama1.jpg"},{"@type":"BreadcrumbList","@id":"https:\/\/fjala.info\/2009-2015\/do-ridalim-te-premten-ne-rruget-e-tiranes-lezhes-vlores-e-korces-dhe-per-lirine-e-shtypit\/#breadcrumb","itemListElement":[{"@type":"ListItem","position":1,"name":"Home","item":"https:\/\/fjala.info\/2009-2015\/"},{"@type":"ListItem","position":2,"name":"Do ridalim t\u00eb premten n\u00eb rrug\u00ebt e Tiran\u00ebs, Lezh\u00ebs, Vlor\u00ebs e Kor\u00e7\u00ebs dhe p\u00ebr lirin\u00eb e shtypit"}]},{"@type":"WebSite","@id":"https:\/\/fjala.info\/2009-2015\/#website","url":"https:\/\/fjala.info\/2009-2015\/","name":"FjALA e LIR\u00cb - Arkivi","description":"Arkivi 2009-2015","publisher":{"@id":"https:\/\/fjala.info\/2009-2015\/#organization"},"potentialAction":[{"@type":"SearchAction","target":{"@type":"EntryPoint","urlTemplate":"https:\/\/fjala.info\/2009-2015\/?s={search_term_string}"},"query-input":{"@type":"PropertyValueSpecification","valueRequired":true,"valueName":"search_term_string"}}],"inLanguage":"sq-AL"},{"@type":"Organization","@id":"https:\/\/fjala.info\/2009-2015\/#organization","name":"FjALA e LIR\u00cb - Arkivi","url":"https:\/\/fjala.info\/2009-2015\/","logo":{"@type":"ImageObject","inLanguage":"sq-AL","@id":"https:\/\/fjala.info\/2009-2015\/#\/schema\/logo\/image\/","url":"","contentUrl":"","caption":"FjALA e LIR\u00cb - Arkivi"},"image":{"@id":"https:\/\/fjala.info\/2009-2015\/#\/schema\/logo\/image\/"}},{"@type":"Person","@id":"https:\/\/fjala.info\/2009-2015\/#\/schema\/person\/3aa1163ef05469c496fc94e77611ada2","name":"admin","image":{"@type":"ImageObject","inLanguage":"sq-AL","@id":"https:\/\/fjala.info\/2009-2015\/wp-content\/uploads\/2012\/02\/arben_cokaj-120x150.jpg","url":"https:\/\/fjala.info\/2009-2015\/wp-content\/uploads\/2012\/02\/arben_cokaj-120x150.jpg","contentUrl":"https:\/\/fjala.info\/2009-2015\/wp-content\/uploads\/2012\/02\/arben_cokaj-120x150.jpg","caption":"admin"},"description":"Admin, Fjala e Lir\u00eb","sameAs":["https:\/\/fjala.info\/"],"url":"https:\/\/fjala.info\/2009-2015\/author\/admin\/"}]}},"_links":{"self":[{"href":"https:\/\/fjala.info\/2009-2015\/wp-json\/wp\/v2\/posts\/6069","targetHints":{"allow":["GET"]}}],"collection":[{"href":"https:\/\/fjala.info\/2009-2015\/wp-json\/wp\/v2\/posts"}],"about":[{"href":"https:\/\/fjala.info\/2009-2015\/wp-json\/wp\/v2\/types\/post"}],"author":[{"embeddable":true,"href":"https:\/\/fjala.info\/2009-2015\/wp-json\/wp\/v2\/users\/1"}],"replies":[{"embeddable":true,"href":"https:\/\/fjala.info\/2009-2015\/wp-json\/wp\/v2\/comments?post=6069"}],"version-history":[{"count":0,"href":"https:\/\/fjala.info\/2009-2015\/wp-json\/wp\/v2\/posts\/6069\/revisions"}],"wp:attachment":[{"href":"https:\/\/fjala.info\/2009-2015\/wp-json\/wp\/v2\/media?parent=6069"}],"wp:term":[{"taxonomy":"category","embeddable":true,"href":"https:\/\/fjala.info\/2009-2015\/wp-json\/wp\/v2\/categories?post=6069"},{"taxonomy":"post_tag","embeddable":true,"href":"https:\/\/fjala.info\/2009-2015\/wp-json\/wp\/v2\/tags?post=6069"}],"curies":[{"name":"wp","href":"https:\/\/api.w.org\/{rel}","templated":true}]}}