{"id":6062,"date":"2011-01-31T23:36:42","date_gmt":"2011-01-31T22:36:42","guid":{"rendered":"http:\/\/fjala.shkoder.net\/?p=6062"},"modified":"2011-01-31T23:36:42","modified_gmt":"2011-01-31T22:36:42","slug":"shoqatat-e-gazetareve-po-kercenohet-liria-e-medias","status":"publish","type":"post","link":"https:\/\/fjala.info\/2009-2015\/shoqatat-e-gazetareve-po-kercenohet-liria-e-medias\/","title":{"rendered":"Shoqatat e gazetar\u00ebve: Po k\u00ebrc\u00ebnohet liria e medias"},"content":{"rendered":"<p><img loading=\"lazy\" decoding=\"async\" class=\"alignright size-full wp-image-6064\" title=\"berisha_dont_tac_media\" src=\"http:\/\/fjala.shkoder.net\/wp-content\/uploads\/2011\/01\/berisha_dont_tac_media1.jpg\" alt=\"\" width=\"300\" height=\"268\" \/><\/p>\n<p>Shoqatat e Gazetar\u00ebve n\u00eb Shqip\u00ebri jan\u00eb t\u00eb shqet\u00ebsuara nga k\u00ebrc\u00ebnimi publik q\u00eb kryeministri Sali Berisha dhe disa zyrtar\u00eb t\u00eb tij, pjes\u00ebtar\u00eb t\u00eb nj\u00eb komisioni hetimor parlamentar kan\u00eb b\u00ebr\u00eb ndaj gazetar\u00ebve t\u00eb njohur t\u00eb medias shqiptare. Ky komision, i ngritur me votat e shumic\u00ebs n\u00eb parlament, k\u00ebrkoi t\u00eb hetohen tabulatet e 4 gazetar\u00ebve kritik\u00eb me qeverin\u00eb, n\u00ebn dyshimet e pabazuara se kan\u00eb nxitur p\u00ebrplasjen mes demonstruesve dhe forcave qeveritare pas t\u00eb cilave u vran\u00eb tri qytetar\u00eb m\u00eb 21 janar 2011.<\/p>\n<p>Komisioni k\u00ebrkoi q\u00eb gazetar\u00ebt Andi Bushati, Vizion Plus, Filip Cakuli, Top Channel, Sokol Balla Top Channel dhe Mero Baze i Gazeta Tema, t\u00eb v\u00ebn\u00eb n\u00eb dispozicion t\u00eb Komisionit tabulatet e tyre telefonike dhe t\u00eb raportojn\u00eb p\u00ebr dyshimet e ngritura nga Komisioni.<\/p>\n<p>Ne p\u00ebrfaq\u00ebsuesit e medias n\u00eb Shqip\u00ebri shprehim shqet\u00ebsimin ton\u00eb p\u00ebr tonet k\u00ebrc\u00ebnuese ndaj profesionisteve te medias dhe nderhyrjen flagrante ne ushtrimin e lire te profesionit tone. Mbulimi i ngjarjeve nga gazetar\u00ebt dhe q\u00ebndrimet e tyre jan\u00eb pjes\u00eb thelb\u00ebsore e liris\u00eb s\u00eb medies dhe k\u00ebrc\u00ebnimi ndaj tyre tregon shkall\u00ebn e ul\u00ebt t\u00eb standardit t\u00eb liris\u00eb s\u00eb medias q\u00eb aplikon qeveria n\u00eb Shqip\u00ebri.<\/p>\n<p>Ne jemi t\u00eb shqet\u00ebsuar se perzgjedhja dhe sulmi ndaj tyre b\u00ebhet p\u00ebr t\u00eb frik\u00ebsuar median kritike e cila ka denoncuar skandalet korruptive t\u00eb qeveris\u00eb. Ky akt pason sulmet fizike ndaj disa gazetar\u00ebve n\u00eb protest\u00ebn e 21 Janarit, ku policia rrahu gazetarin Ened Janina t\u00eb gazet\u00ebs Shekulli, gazetarin Ardi Bita t\u00eb Vizion Plus, nd\u00ebrsa u plagos gazetari i ABC News, Fatos Mahmutaj.<\/p>\n<p>Lidhja e Gazetar\u00ebve t\u00eb Shqip\u00ebris\u00eb<br \/>\nShoqata e Gazetarve Profesionist\u00eb<br \/>\nForumi Shqiptar p\u00ebr Mediet e Lira<\/p>\n","protected":false},"excerpt":{"rendered":"<p>Shoqatat e Gazetar\u00ebve n\u00eb Shqip\u00ebri jan\u00eb t\u00eb shqet\u00ebsuara nga k\u00ebrc\u00ebnimi publik q\u00eb kryeministri Sali Berisha dhe disa zyrtar\u00eb t\u00eb tij, pjes\u00ebtar\u00eb t\u00eb nj\u00eb komisioni hetimor parlamentar kan\u00eb b\u00ebr\u00eb ndaj gazetar\u00ebve t\u00eb njohur t\u00eb medias shqiptare. Ky komision, i ngritur me votat e shumic\u00ebs n\u00eb parlament, k\u00ebrkoi t\u00eb hetohen tabulatet e 4 gazetar\u00ebve kritik\u00eb me qeverin\u00eb, [&hellip;]<\/p>\n","protected":false},"author":1,"featured_media":0,"comment_status":"open","ping_status":"closed","sticky":false,"template":"","format":"standard","meta":{"footnotes":""},"categories":[2,6],"tags":[],"class_list":{"0":"post-6062","1":"post","2":"type-post","3":"status-publish","4":"format-standard","6":"category-artikuj","7":"category-lajmerime"},"yoast_head":"<!-- This site is optimized with the Yoast SEO plugin v27.4 - https:\/\/yoast.com\/product\/yoast-seo-wordpress\/ -->\n<title>Shoqatat e gazetar\u00ebve: Po k\u00ebrc\u00ebnohet liria e medias - FjALA e LIR\u00cb - Arkivi<\/title>\n<meta name=\"robots\" content=\"index, follow, max-snippet:-1, max-image-preview:large, max-video-preview:-1\" \/>\n<link rel=\"canonical\" href=\"https:\/\/fjala.info\/2009-2015\/shoqatat-e-gazetareve-po-kercenohet-liria-e-medias\/\" \/>\n<meta property=\"og:locale\" content=\"sq_AL\" \/>\n<meta property=\"og:type\" content=\"article\" \/>\n<meta property=\"og:title\" content=\"Shoqatat e gazetar\u00ebve: Po k\u00ebrc\u00ebnohet liria e medias - FjALA e LIR\u00cb - Arkivi\" \/>\n<meta property=\"og:description\" content=\"Shoqatat e Gazetar\u00ebve n\u00eb Shqip\u00ebri jan\u00eb t\u00eb shqet\u00ebsuara nga k\u00ebrc\u00ebnimi publik q\u00eb kryeministri Sali Berisha dhe disa zyrtar\u00eb t\u00eb tij, pjes\u00ebtar\u00eb t\u00eb nj\u00eb komisioni hetimor parlamentar kan\u00eb b\u00ebr\u00eb ndaj gazetar\u00ebve t\u00eb njohur t\u00eb medias shqiptare. Ky komision, i ngritur me votat e shumic\u00ebs n\u00eb parlament, k\u00ebrkoi t\u00eb hetohen tabulatet e 4 gazetar\u00ebve kritik\u00eb me qeverin\u00eb, [&hellip;]\" \/>\n<meta property=\"og:url\" content=\"https:\/\/fjala.info\/2009-2015\/shoqatat-e-gazetareve-po-kercenohet-liria-e-medias\/\" \/>\n<meta property=\"og:site_name\" content=\"FjALA e LIR\u00cb - Arkivi\" \/>\n<meta property=\"article:published_time\" content=\"2011-01-31T22:36:42+00:00\" \/>\n<meta property=\"og:image\" content=\"http:\/\/fjala.shkoder.net\/wp-content\/uploads\/2011\/01\/berisha_dont_tac_media1.jpg\" \/>\n<meta name=\"author\" content=\"admin\" \/>\n<meta name=\"twitter:card\" content=\"summary_large_image\" \/>\n<meta name=\"twitter:label1\" content=\"Written by\" \/>\n\t<meta name=\"twitter:data1\" content=\"admin\" \/>\n\t<meta name=\"twitter:label2\" content=\"Est. reading time\" \/>\n\t<meta name=\"twitter:data2\" content=\"1 minute\" \/>\n<script type=\"application\/ld+json\" class=\"yoast-schema-graph\">{\"@context\":\"https:\\\/\\\/schema.org\",\"@graph\":[{\"@type\":\"Article\",\"@id\":\"https:\\\/\\\/fjala.info\\\/2009-2015\\\/shoqatat-e-gazetareve-po-kercenohet-liria-e-medias\\\/#article\",\"isPartOf\":{\"@id\":\"https:\\\/\\\/fjala.info\\\/2009-2015\\\/shoqatat-e-gazetareve-po-kercenohet-liria-e-medias\\\/\"},\"author\":{\"name\":\"admin\",\"@id\":\"https:\\\/\\\/fjala.info\\\/2009-2015\\\/#\\\/schema\\\/person\\\/3aa1163ef05469c496fc94e77611ada2\"},\"headline\":\"Shoqatat e gazetar\u00ebve: Po k\u00ebrc\u00ebnohet liria e medias\",\"datePublished\":\"2011-01-31T22:36:42+00:00\",\"mainEntityOfPage\":{\"@id\":\"https:\\\/\\\/fjala.info\\\/2009-2015\\\/shoqatat-e-gazetareve-po-kercenohet-liria-e-medias\\\/\"},\"wordCount\":307,\"commentCount\":0,\"publisher\":{\"@id\":\"https:\\\/\\\/fjala.info\\\/2009-2015\\\/#organization\"},\"image\":{\"@id\":\"https:\\\/\\\/fjala.info\\\/2009-2015\\\/shoqatat-e-gazetareve-po-kercenohet-liria-e-medias\\\/#primaryimage\"},\"thumbnailUrl\":\"http:\\\/\\\/fjala.shkoder.net\\\/wp-content\\\/uploads\\\/2011\\\/01\\\/berisha_dont_tac_media1.jpg\",\"articleSection\":[\"Artikuj\",\"Lajm\u00ebrime\"],\"inLanguage\":\"sq-AL\",\"potentialAction\":[{\"@type\":\"CommentAction\",\"name\":\"Comment\",\"target\":[\"https:\\\/\\\/fjala.info\\\/2009-2015\\\/shoqatat-e-gazetareve-po-kercenohet-liria-e-medias\\\/#respond\"]}]},{\"@type\":\"WebPage\",\"@id\":\"https:\\\/\\\/fjala.info\\\/2009-2015\\\/shoqatat-e-gazetareve-po-kercenohet-liria-e-medias\\\/\",\"url\":\"https:\\\/\\\/fjala.info\\\/2009-2015\\\/shoqatat-e-gazetareve-po-kercenohet-liria-e-medias\\\/\",\"name\":\"Shoqatat e gazetar\u00ebve: Po k\u00ebrc\u00ebnohet liria e medias - FjALA e LIR\u00cb - Arkivi\",\"isPartOf\":{\"@id\":\"https:\\\/\\\/fjala.info\\\/2009-2015\\\/#website\"},\"primaryImageOfPage\":{\"@id\":\"https:\\\/\\\/fjala.info\\\/2009-2015\\\/shoqatat-e-gazetareve-po-kercenohet-liria-e-medias\\\/#primaryimage\"},\"image\":{\"@id\":\"https:\\\/\\\/fjala.info\\\/2009-2015\\\/shoqatat-e-gazetareve-po-kercenohet-liria-e-medias\\\/#primaryimage\"},\"thumbnailUrl\":\"http:\\\/\\\/fjala.shkoder.net\\\/wp-content\\\/uploads\\\/2011\\\/01\\\/berisha_dont_tac_media1.jpg\",\"datePublished\":\"2011-01-31T22:36:42+00:00\",\"breadcrumb\":{\"@id\":\"https:\\\/\\\/fjala.info\\\/2009-2015\\\/shoqatat-e-gazetareve-po-kercenohet-liria-e-medias\\\/#breadcrumb\"},\"inLanguage\":\"sq-AL\",\"potentialAction\":[{\"@type\":\"ReadAction\",\"target\":[\"https:\\\/\\\/fjala.info\\\/2009-2015\\\/shoqatat-e-gazetareve-po-kercenohet-liria-e-medias\\\/\"]}]},{\"@type\":\"ImageObject\",\"inLanguage\":\"sq-AL\",\"@id\":\"https:\\\/\\\/fjala.info\\\/2009-2015\\\/shoqatat-e-gazetareve-po-kercenohet-liria-e-medias\\\/#primaryimage\",\"url\":\"http:\\\/\\\/fjala.shkoder.net\\\/wp-content\\\/uploads\\\/2011\\\/01\\\/berisha_dont_tac_media1.jpg\",\"contentUrl\":\"http:\\\/\\\/fjala.shkoder.net\\\/wp-content\\\/uploads\\\/2011\\\/01\\\/berisha_dont_tac_media1.jpg\"},{\"@type\":\"BreadcrumbList\",\"@id\":\"https:\\\/\\\/fjala.info\\\/2009-2015\\\/shoqatat-e-gazetareve-po-kercenohet-liria-e-medias\\\/#breadcrumb\",\"itemListElement\":[{\"@type\":\"ListItem\",\"position\":1,\"name\":\"Home\",\"item\":\"https:\\\/\\\/fjala.info\\\/2009-2015\\\/\"},{\"@type\":\"ListItem\",\"position\":2,\"name\":\"Shoqatat e gazetar\u00ebve: Po k\u00ebrc\u00ebnohet liria e medias\"}]},{\"@type\":\"WebSite\",\"@id\":\"https:\\\/\\\/fjala.info\\\/2009-2015\\\/#website\",\"url\":\"https:\\\/\\\/fjala.info\\\/2009-2015\\\/\",\"name\":\"FjALA e LIR\u00cb - Arkivi\",\"description\":\"Arkivi 2009-2015\",\"publisher\":{\"@id\":\"https:\\\/\\\/fjala.info\\\/2009-2015\\\/#organization\"},\"potentialAction\":[{\"@type\":\"SearchAction\",\"target\":{\"@type\":\"EntryPoint\",\"urlTemplate\":\"https:\\\/\\\/fjala.info\\\/2009-2015\\\/?s={search_term_string}\"},\"query-input\":{\"@type\":\"PropertyValueSpecification\",\"valueRequired\":true,\"valueName\":\"search_term_string\"}}],\"inLanguage\":\"sq-AL\"},{\"@type\":\"Organization\",\"@id\":\"https:\\\/\\\/fjala.info\\\/2009-2015\\\/#organization\",\"name\":\"FjALA e LIR\u00cb - Arkivi\",\"url\":\"https:\\\/\\\/fjala.info\\\/2009-2015\\\/\",\"logo\":{\"@type\":\"ImageObject\",\"inLanguage\":\"sq-AL\",\"@id\":\"https:\\\/\\\/fjala.info\\\/2009-2015\\\/#\\\/schema\\\/logo\\\/image\\\/\",\"url\":\"\",\"contentUrl\":\"\",\"caption\":\"FjALA e LIR\u00cb - Arkivi\"},\"image\":{\"@id\":\"https:\\\/\\\/fjala.info\\\/2009-2015\\\/#\\\/schema\\\/logo\\\/image\\\/\"}},{\"@type\":\"Person\",\"@id\":\"https:\\\/\\\/fjala.info\\\/2009-2015\\\/#\\\/schema\\\/person\\\/3aa1163ef05469c496fc94e77611ada2\",\"name\":\"admin\",\"image\":{\"@type\":\"ImageObject\",\"inLanguage\":\"sq-AL\",\"@id\":\"https:\\\/\\\/fjala.info\\\/2009-2015\\\/wp-content\\\/uploads\\\/2012\\\/02\\\/arben_cokaj-120x150.jpg\",\"url\":\"https:\\\/\\\/fjala.info\\\/2009-2015\\\/wp-content\\\/uploads\\\/2012\\\/02\\\/arben_cokaj-120x150.jpg\",\"contentUrl\":\"https:\\\/\\\/fjala.info\\\/2009-2015\\\/wp-content\\\/uploads\\\/2012\\\/02\\\/arben_cokaj-120x150.jpg\",\"caption\":\"admin\"},\"description\":\"Admin, Fjala e Lir\u00eb\",\"sameAs\":[\"https:\\\/\\\/fjala.info\\\/\"],\"url\":\"https:\\\/\\\/fjala.info\\\/2009-2015\\\/author\\\/admin\\\/\"}]}<\/script>\n<!-- \/ Yoast SEO plugin. -->","yoast_head_json":{"title":"Shoqatat e gazetar\u00ebve: Po k\u00ebrc\u00ebnohet liria e medias - FjALA e LIR\u00cb - Arkivi","robots":{"index":"index","follow":"follow","max-snippet":"max-snippet:-1","max-image-preview":"max-image-preview:large","max-video-preview":"max-video-preview:-1"},"canonical":"https:\/\/fjala.info\/2009-2015\/shoqatat-e-gazetareve-po-kercenohet-liria-e-medias\/","og_locale":"sq_AL","og_type":"article","og_title":"Shoqatat e gazetar\u00ebve: Po k\u00ebrc\u00ebnohet liria e medias - FjALA e LIR\u00cb - Arkivi","og_description":"Shoqatat e Gazetar\u00ebve n\u00eb Shqip\u00ebri jan\u00eb t\u00eb shqet\u00ebsuara nga k\u00ebrc\u00ebnimi publik q\u00eb kryeministri Sali Berisha dhe disa zyrtar\u00eb t\u00eb tij, pjes\u00ebtar\u00eb t\u00eb nj\u00eb komisioni hetimor parlamentar kan\u00eb b\u00ebr\u00eb ndaj gazetar\u00ebve t\u00eb njohur t\u00eb medias shqiptare. Ky komision, i ngritur me votat e shumic\u00ebs n\u00eb parlament, k\u00ebrkoi t\u00eb hetohen tabulatet e 4 gazetar\u00ebve kritik\u00eb me qeverin\u00eb, [&hellip;]","og_url":"https:\/\/fjala.info\/2009-2015\/shoqatat-e-gazetareve-po-kercenohet-liria-e-medias\/","og_site_name":"FjALA e LIR\u00cb - Arkivi","article_published_time":"2011-01-31T22:36:42+00:00","og_image":[{"url":"http:\/\/fjala.shkoder.net\/wp-content\/uploads\/2011\/01\/berisha_dont_tac_media1.jpg","type":"","width":"","height":""}],"author":"admin","twitter_card":"summary_large_image","twitter_misc":{"Written by":"admin","Est. reading time":"1 minute"},"schema":{"@context":"https:\/\/schema.org","@graph":[{"@type":"Article","@id":"https:\/\/fjala.info\/2009-2015\/shoqatat-e-gazetareve-po-kercenohet-liria-e-medias\/#article","isPartOf":{"@id":"https:\/\/fjala.info\/2009-2015\/shoqatat-e-gazetareve-po-kercenohet-liria-e-medias\/"},"author":{"name":"admin","@id":"https:\/\/fjala.info\/2009-2015\/#\/schema\/person\/3aa1163ef05469c496fc94e77611ada2"},"headline":"Shoqatat e gazetar\u00ebve: Po k\u00ebrc\u00ebnohet liria e medias","datePublished":"2011-01-31T22:36:42+00:00","mainEntityOfPage":{"@id":"https:\/\/fjala.info\/2009-2015\/shoqatat-e-gazetareve-po-kercenohet-liria-e-medias\/"},"wordCount":307,"commentCount":0,"publisher":{"@id":"https:\/\/fjala.info\/2009-2015\/#organization"},"image":{"@id":"https:\/\/fjala.info\/2009-2015\/shoqatat-e-gazetareve-po-kercenohet-liria-e-medias\/#primaryimage"},"thumbnailUrl":"http:\/\/fjala.shkoder.net\/wp-content\/uploads\/2011\/01\/berisha_dont_tac_media1.jpg","articleSection":["Artikuj","Lajm\u00ebrime"],"inLanguage":"sq-AL","potentialAction":[{"@type":"CommentAction","name":"Comment","target":["https:\/\/fjala.info\/2009-2015\/shoqatat-e-gazetareve-po-kercenohet-liria-e-medias\/#respond"]}]},{"@type":"WebPage","@id":"https:\/\/fjala.info\/2009-2015\/shoqatat-e-gazetareve-po-kercenohet-liria-e-medias\/","url":"https:\/\/fjala.info\/2009-2015\/shoqatat-e-gazetareve-po-kercenohet-liria-e-medias\/","name":"Shoqatat e gazetar\u00ebve: Po k\u00ebrc\u00ebnohet liria e medias - FjALA e LIR\u00cb - Arkivi","isPartOf":{"@id":"https:\/\/fjala.info\/2009-2015\/#website"},"primaryImageOfPage":{"@id":"https:\/\/fjala.info\/2009-2015\/shoqatat-e-gazetareve-po-kercenohet-liria-e-medias\/#primaryimage"},"image":{"@id":"https:\/\/fjala.info\/2009-2015\/shoqatat-e-gazetareve-po-kercenohet-liria-e-medias\/#primaryimage"},"thumbnailUrl":"http:\/\/fjala.shkoder.net\/wp-content\/uploads\/2011\/01\/berisha_dont_tac_media1.jpg","datePublished":"2011-01-31T22:36:42+00:00","breadcrumb":{"@id":"https:\/\/fjala.info\/2009-2015\/shoqatat-e-gazetareve-po-kercenohet-liria-e-medias\/#breadcrumb"},"inLanguage":"sq-AL","potentialAction":[{"@type":"ReadAction","target":["https:\/\/fjala.info\/2009-2015\/shoqatat-e-gazetareve-po-kercenohet-liria-e-medias\/"]}]},{"@type":"ImageObject","inLanguage":"sq-AL","@id":"https:\/\/fjala.info\/2009-2015\/shoqatat-e-gazetareve-po-kercenohet-liria-e-medias\/#primaryimage","url":"http:\/\/fjala.shkoder.net\/wp-content\/uploads\/2011\/01\/berisha_dont_tac_media1.jpg","contentUrl":"http:\/\/fjala.shkoder.net\/wp-content\/uploads\/2011\/01\/berisha_dont_tac_media1.jpg"},{"@type":"BreadcrumbList","@id":"https:\/\/fjala.info\/2009-2015\/shoqatat-e-gazetareve-po-kercenohet-liria-e-medias\/#breadcrumb","itemListElement":[{"@type":"ListItem","position":1,"name":"Home","item":"https:\/\/fjala.info\/2009-2015\/"},{"@type":"ListItem","position":2,"name":"Shoqatat e gazetar\u00ebve: Po k\u00ebrc\u00ebnohet liria e medias"}]},{"@type":"WebSite","@id":"https:\/\/fjala.info\/2009-2015\/#website","url":"https:\/\/fjala.info\/2009-2015\/","name":"FjALA e LIR\u00cb - Arkivi","description":"Arkivi 2009-2015","publisher":{"@id":"https:\/\/fjala.info\/2009-2015\/#organization"},"potentialAction":[{"@type":"SearchAction","target":{"@type":"EntryPoint","urlTemplate":"https:\/\/fjala.info\/2009-2015\/?s={search_term_string}"},"query-input":{"@type":"PropertyValueSpecification","valueRequired":true,"valueName":"search_term_string"}}],"inLanguage":"sq-AL"},{"@type":"Organization","@id":"https:\/\/fjala.info\/2009-2015\/#organization","name":"FjALA e LIR\u00cb - Arkivi","url":"https:\/\/fjala.info\/2009-2015\/","logo":{"@type":"ImageObject","inLanguage":"sq-AL","@id":"https:\/\/fjala.info\/2009-2015\/#\/schema\/logo\/image\/","url":"","contentUrl":"","caption":"FjALA e LIR\u00cb - Arkivi"},"image":{"@id":"https:\/\/fjala.info\/2009-2015\/#\/schema\/logo\/image\/"}},{"@type":"Person","@id":"https:\/\/fjala.info\/2009-2015\/#\/schema\/person\/3aa1163ef05469c496fc94e77611ada2","name":"admin","image":{"@type":"ImageObject","inLanguage":"sq-AL","@id":"https:\/\/fjala.info\/2009-2015\/wp-content\/uploads\/2012\/02\/arben_cokaj-120x150.jpg","url":"https:\/\/fjala.info\/2009-2015\/wp-content\/uploads\/2012\/02\/arben_cokaj-120x150.jpg","contentUrl":"https:\/\/fjala.info\/2009-2015\/wp-content\/uploads\/2012\/02\/arben_cokaj-120x150.jpg","caption":"admin"},"description":"Admin, Fjala e Lir\u00eb","sameAs":["https:\/\/fjala.info\/"],"url":"https:\/\/fjala.info\/2009-2015\/author\/admin\/"}]}},"_links":{"self":[{"href":"https:\/\/fjala.info\/2009-2015\/wp-json\/wp\/v2\/posts\/6062","targetHints":{"allow":["GET"]}}],"collection":[{"href":"https:\/\/fjala.info\/2009-2015\/wp-json\/wp\/v2\/posts"}],"about":[{"href":"https:\/\/fjala.info\/2009-2015\/wp-json\/wp\/v2\/types\/post"}],"author":[{"embeddable":true,"href":"https:\/\/fjala.info\/2009-2015\/wp-json\/wp\/v2\/users\/1"}],"replies":[{"embeddable":true,"href":"https:\/\/fjala.info\/2009-2015\/wp-json\/wp\/v2\/comments?post=6062"}],"version-history":[{"count":0,"href":"https:\/\/fjala.info\/2009-2015\/wp-json\/wp\/v2\/posts\/6062\/revisions"}],"wp:attachment":[{"href":"https:\/\/fjala.info\/2009-2015\/wp-json\/wp\/v2\/media?parent=6062"}],"wp:term":[{"taxonomy":"category","embeddable":true,"href":"https:\/\/fjala.info\/2009-2015\/wp-json\/wp\/v2\/categories?post=6062"},{"taxonomy":"post_tag","embeddable":true,"href":"https:\/\/fjala.info\/2009-2015\/wp-json\/wp\/v2\/tags?post=6062"}],"curies":[{"name":"wp","href":"https:\/\/api.w.org\/{rel}","templated":true}]}}