{"id":6060,"date":"2011-01-31T23:25:04","date_gmt":"2011-01-31T22:25:04","guid":{"rendered":"http:\/\/fjala.shkoder.net\/?p=6060"},"modified":"2011-01-31T23:25:04","modified_gmt":"2011-01-31T22:25:04","slug":"te-gjithe-te-kenaqur","status":"publish","type":"post","link":"https:\/\/fjala.info\/2009-2015\/te-gjithe-te-kenaqur\/","title":{"rendered":"T\u00eb gjith\u00eb t\u00eb k\u00ebnaqur"},"content":{"rendered":"<p><img loading=\"lazy\" decoding=\"async\" class=\"alignright size-full wp-image-4090\" title=\"Mero Baze\" src=\"http:\/\/fjala.shkoder.net\/wp-content\/uploads\/2010\/10\/mero_baze1.jpg\" alt=\"\" width=\"149\" height=\"200\" \/><br \/>\nNga <strong>Mero Baze<\/strong><\/p>\n<p>Sot jam zyrtarisht pu\u00e7ist. Gruaja ime u k\u00ebnaq shum\u00eb q\u00eb un\u00eb thash\u00eb se e kam frik\u00eb at\u00eb ngaq\u00eb m\u00eb kontrollon tabulatet dhe e kam fatur\u00ebn e thjesht\u00eb t\u00eb telefonit. Sali Berisha u k\u00ebnaq shum\u00eb q\u00eb Komisioni m\u00eb cil\u00ebsoi mua dhe tre koleg t\u00eb mi zyrtarisht nxit\u00ebs t\u00eb pu\u00e7it. Prokuroria u k\u00ebnaq q\u00eb list\u00ebs s\u00eb armiqve ju shtuam dhe ne, duke mos e l\u00ebn\u00eb vet\u00ebm Shefen e saj. Presidenti duhet t\u00eb jet\u00eb k\u00ebnaqur po ashtu pasi e ka m\u00eb t\u00eb leht\u00eb tu b\u00ebj grimasa t\u00eb huajve p\u00ebr tu treguar q\u00eb ky burri ka rrjedhur. Dhe SHISH besoj do jet\u00eb k\u00ebnaqur q\u00eb del i lar\u00eb dhe nuk na ka p\u00ebrgjuar ne q\u00eb kemi p\u00ebrgatitur pu\u00e7in. Tani q\u00eb u kap\u00ebm, m\u00eb duhet t\u00eb rr\u00ebfehem.<\/p>\n<p>Grupi \u00ebsht\u00eb i p\u00ebrb\u00ebr\u00eb nga 4 vet\u00eb. N\u00eb krye t\u00eb grupit q\u00ebndron Filip \u00c7akuli, i quajtur p\u00ebrndryshe \u00c7akalli. Ky njeri ka marr\u00eb kaset\u00ebn q\u00eb ka regjistruar Dritan Prifti, dhe e ka transmetuar. N\u00eb skem\u00ebn ton\u00eb t\u00eb pu\u00e7it, ky quhet zjarrv\u00ebn\u00ebsi. Pas tij kemi hyr\u00eb n\u00eb loj\u00eb ne tre t\u00eb tjer\u00ebt. Sokol Balla ka dh\u00ebn\u00eb kushtrimin tek Top Channel p\u00ebr skandalin, Andi Bushati i ka prishur qet\u00ebsin\u00eb Ilir Met\u00ebs tek Klani, nd\u00ebrsa un\u00eb kam b\u00ebr\u00eb thirrje q\u00eb Ilir Meta t\u00eb mos hyj\u00eb m\u00eb n\u00eb zyrat e shtetit dhe ai u tremb dhe nuk hyri. Kaq mjafton t\u00eb dashur lexues, por dhe hetues t\u00eb Komisionit q\u00eb t\u00eb quhemi fajtor dhe nxit\u00ebs t\u00eb pu\u00e7it kund\u00ebr qeveris\u00eb.<\/p>\n<p>M\u00eb tej n\u00eb dosje mund t\u00eb shtoni artikujt tan\u00eb t\u00eb p\u00ebrditsh\u00ebm plot helm e vrer p\u00ebr qeverin\u00eb, talljet e pafundme t\u00eb Filipit tek Fiks Fare, batutat e Bushatit n\u00eb dy- tri televizione kund\u00ebr Berish\u00ebs, angazhimin e Sokol Ball\u00ebs n\u00eb Top Story dhe artikujt e mi t\u00eb mallkuar cdo dit\u00eb n\u00eb gazet\u00ebn Tema dhe n\u00eb disa portale online. Nuk jan\u00eb pak. Po t\u00eb kishte mund\u00ebsi qeveria t\u2019i lexonte dhe t\u2019i kuptonte do t\u00eb nxirrte nj\u00eb skem\u00eb m\u00eb perfekte t\u00eb grushtit t\u00eb shtetit dhe ideve q\u00eb e kan\u00eb furnizuar at\u00eb.<\/p>\n<p>Le t\u00eb shkojm\u00eb tek data 21 Janar. Ajo ka qen\u00eb kulmi i veprimtaris\u00eb son\u00eb. Jemi mbledhur t\u00eb kat\u00ebrt kok\u00eb m\u00eb kok\u00eb qysh n\u00eb m\u00ebngjes. I pari na ngjalli dyshime Filipi. Ai shpiku nj\u00eb hall n\u00eb Divjak\u00eb sikur i kishte vdekur vjehrra dhe iku. Na mbylli dhe telefonin. I dyti Sokol Balla. Erdhi n\u00eb fillim n\u00eb bulevard pastaj humbi brenda kullave binjake duke par\u00eb televizionin dhe nuk na hapte telefonin. Un\u00eb dhe kolegu Bushati nuk u t\u00ebrhoq\u00ebm deri n\u00eb fund. U ul\u00ebm tek nj\u00eb televizion i restorantit dhe i ndoq\u00ebm pa na u trembur syri deri n\u00eb fund protestat.<\/p>\n<p>Kur kamerat e fshihnim t\u00eb v\u00ebrtet\u00ebn, zgjasnim kok\u00ebn nga xhami dhe shikonim turm\u00ebn. Nga telefonat ishim rehat se policia kishte bllokuar komunikimin dhe nuk merrnim dot njeri n\u00eb telefon. K\u00ebshtu t\u00eb shp\u00ebrndar\u00eb dhe t\u00eb paorganizuar mir\u00eb, d\u00ebshtuam. Dhe gjith\u00eb inatin p\u00ebr d\u00ebshtimin e nxor\u00ebm t\u00eb nes\u00ebrmen ne gazeta dhe ekrane. Mor\u00ebm n\u00eb mbrojtje t\u00eb vrar\u00ebt dhe akuzuam Berish\u00ebn p\u00ebr vras\u00ebs. B\u00ebm\u00eb thirrje p\u00ebr drejt\u00ebsi dhe hetim thelb\u00ebsor. Paralajm\u00ebruam qytetar\u00ebt p\u00ebr Republik\u00ebn e Berish\u00ebs&#8230;<\/p>\n<p>\u00c7\u2019t\u00eb b\u00ebnim tjet\u00ebr? Kaq kishim n\u00eb dor\u00eb. Pas gjith\u00eb k\u00ebtyre e meritojm\u00eb t\u00eb jemi pu\u00e7ist\u00eb. \u00cbsht\u00eb hera e par\u00eb q\u00eb jemi t\u00eb gjith\u00eb t\u00eb k\u00ebnaqur. Edhe ata q\u00eb akuzojn\u00eb, edhe ne q\u00eb akuzohemi, edhe lexuesit tan\u00eb apo shikuesit tan\u00eb. Nuk kemi asnj\u00eb m\u00ebnyr\u00eb m\u00eb t\u00eb mir\u00eb se kjo p\u00ebr t\u2019i treguar shqiptar\u00ebve dhe bot\u00ebs se kryeministri nuk qeveris m\u00eb Shqip\u00ebrin\u00eb, por Republik\u00ebn e tij n\u00eb t\u00eb cil\u00ebn i \u00ebsht\u00eb fanitur nj\u00eb grusht shteti dhe ai po lufton me armiqt\u00eb. Aq pun\u00eb sa m\u00eb \u00ebsht\u00eb dashur t\u00eb d\u00ebshmoj se ky njeri nuk \u00ebsht\u00eb m\u00eb as fizikisht normal, m\u00eb ka b\u00ebr\u00eb dje vet\u00ebm Komisioni i tij i Pu\u00e7it.<\/p>\n<p>T\u00eb m\u00eb ndjejn\u00eb q\u00eb nuk i falenderoj dot p\u00ebr k\u00ebt\u00eb nder, se si\u00e7 thot\u00eb dhe Alibej n\u00eb rr\u00ebfimet e tij prej besimtari, kur ramazani mbahet pa dashje, nuk quhet. Po ashtu t\u00eb m\u00eb ndjejn\u00eb lexuesit q\u00eb nuk kam aq fuqi sa Berisha t\u00eb flas p\u00ebr meritat e mia dhe t\u00eb koleg\u00ebve t\u00eb mi n\u00eb k\u00ebt\u00eb pu\u00e7. Kemi b\u00ebr\u00eb plot gj\u00ebra ta p\u00ebrmbysim k\u00ebt\u00eb kryeminist\u00ebr, q\u00eb ka vrar\u00eb p\u00ebr t\u00eb vjedhur n\u00eb k\u00ebt\u00eb vend, por prap\u00eb s\u2019ia kemi arritur dot atij. Ai ka b\u00ebr\u00eb m\u00eb shum\u00eb se sa ne t\u00eb gjith\u00eb p\u00ebr t\u00eb p\u00ebrmbysur veten. \u00cbsht\u00eb \u00e7mendur.<\/p>\n","protected":false},"excerpt":{"rendered":"<p>Nga Mero Baze Sot jam zyrtarisht pu\u00e7ist. Gruaja ime u k\u00ebnaq shum\u00eb q\u00eb un\u00eb thash\u00eb se e kam frik\u00eb at\u00eb ngaq\u00eb m\u00eb kontrollon tabulatet dhe e kam fatur\u00ebn e thjesht\u00eb t\u00eb telefonit. Sali Berisha u k\u00ebnaq shum\u00eb q\u00eb Komisioni m\u00eb cil\u00ebsoi mua dhe tre koleg t\u00eb mi zyrtarisht nxit\u00ebs t\u00eb pu\u00e7it. Prokuroria u k\u00ebnaq q\u00eb [&hellip;]<\/p>\n","protected":false},"author":1,"featured_media":0,"comment_status":"open","ping_status":"closed","sticky":false,"template":"","format":"standard","meta":{"footnotes":""},"categories":[2],"tags":[],"class_list":{"0":"post-6060","1":"post","2":"type-post","3":"status-publish","4":"format-standard","6":"category-artikuj"},"yoast_head":"<!-- This site is optimized with the Yoast SEO plugin v27.4 - https:\/\/yoast.com\/product\/yoast-seo-wordpress\/ -->\n<title>T\u00eb gjith\u00eb t\u00eb k\u00ebnaqur - FjALA e LIR\u00cb - Arkivi<\/title>\n<meta name=\"robots\" content=\"index, follow, max-snippet:-1, max-image-preview:large, max-video-preview:-1\" \/>\n<link rel=\"canonical\" href=\"https:\/\/fjala.info\/2009-2015\/te-gjithe-te-kenaqur\/\" \/>\n<meta property=\"og:locale\" content=\"sq_AL\" \/>\n<meta property=\"og:type\" content=\"article\" \/>\n<meta property=\"og:title\" content=\"T\u00eb gjith\u00eb t\u00eb k\u00ebnaqur - FjALA e LIR\u00cb - Arkivi\" \/>\n<meta property=\"og:description\" content=\"Nga Mero Baze Sot jam zyrtarisht pu\u00e7ist. Gruaja ime u k\u00ebnaq shum\u00eb q\u00eb un\u00eb thash\u00eb se e kam frik\u00eb at\u00eb ngaq\u00eb m\u00eb kontrollon tabulatet dhe e kam fatur\u00ebn e thjesht\u00eb t\u00eb telefonit. Sali Berisha u k\u00ebnaq shum\u00eb q\u00eb Komisioni m\u00eb cil\u00ebsoi mua dhe tre koleg t\u00eb mi zyrtarisht nxit\u00ebs t\u00eb pu\u00e7it. Prokuroria u k\u00ebnaq q\u00eb [&hellip;]\" \/>\n<meta property=\"og:url\" content=\"https:\/\/fjala.info\/2009-2015\/te-gjithe-te-kenaqur\/\" \/>\n<meta property=\"og:site_name\" content=\"FjALA e LIR\u00cb - Arkivi\" \/>\n<meta property=\"article:published_time\" content=\"2011-01-31T22:25:04+00:00\" \/>\n<meta property=\"og:image\" content=\"http:\/\/fjala.shkoder.net\/wp-content\/uploads\/2010\/10\/mero_baze1.jpg\" \/>\n<meta name=\"author\" content=\"admin\" \/>\n<meta name=\"twitter:card\" content=\"summary_large_image\" \/>\n<meta name=\"twitter:label1\" content=\"Written by\" \/>\n\t<meta name=\"twitter:data1\" content=\"admin\" \/>\n\t<meta name=\"twitter:label2\" content=\"Est. reading time\" \/>\n\t<meta name=\"twitter:data2\" content=\"4 minutes\" \/>\n<script type=\"application\/ld+json\" class=\"yoast-schema-graph\">{\"@context\":\"https:\\\/\\\/schema.org\",\"@graph\":[{\"@type\":\"Article\",\"@id\":\"https:\\\/\\\/fjala.info\\\/2009-2015\\\/te-gjithe-te-kenaqur\\\/#article\",\"isPartOf\":{\"@id\":\"https:\\\/\\\/fjala.info\\\/2009-2015\\\/te-gjithe-te-kenaqur\\\/\"},\"author\":{\"name\":\"admin\",\"@id\":\"https:\\\/\\\/fjala.info\\\/2009-2015\\\/#\\\/schema\\\/person\\\/3aa1163ef05469c496fc94e77611ada2\"},\"headline\":\"T\u00eb gjith\u00eb t\u00eb k\u00ebnaqur\",\"datePublished\":\"2011-01-31T22:25:04+00:00\",\"mainEntityOfPage\":{\"@id\":\"https:\\\/\\\/fjala.info\\\/2009-2015\\\/te-gjithe-te-kenaqur\\\/\"},\"wordCount\":815,\"commentCount\":1,\"publisher\":{\"@id\":\"https:\\\/\\\/fjala.info\\\/2009-2015\\\/#organization\"},\"image\":{\"@id\":\"https:\\\/\\\/fjala.info\\\/2009-2015\\\/te-gjithe-te-kenaqur\\\/#primaryimage\"},\"thumbnailUrl\":\"http:\\\/\\\/fjala.shkoder.net\\\/wp-content\\\/uploads\\\/2010\\\/10\\\/mero_baze1.jpg\",\"articleSection\":[\"Artikuj\"],\"inLanguage\":\"sq-AL\",\"potentialAction\":[{\"@type\":\"CommentAction\",\"name\":\"Comment\",\"target\":[\"https:\\\/\\\/fjala.info\\\/2009-2015\\\/te-gjithe-te-kenaqur\\\/#respond\"]}]},{\"@type\":\"WebPage\",\"@id\":\"https:\\\/\\\/fjala.info\\\/2009-2015\\\/te-gjithe-te-kenaqur\\\/\",\"url\":\"https:\\\/\\\/fjala.info\\\/2009-2015\\\/te-gjithe-te-kenaqur\\\/\",\"name\":\"T\u00eb gjith\u00eb t\u00eb k\u00ebnaqur - FjALA e LIR\u00cb - Arkivi\",\"isPartOf\":{\"@id\":\"https:\\\/\\\/fjala.info\\\/2009-2015\\\/#website\"},\"primaryImageOfPage\":{\"@id\":\"https:\\\/\\\/fjala.info\\\/2009-2015\\\/te-gjithe-te-kenaqur\\\/#primaryimage\"},\"image\":{\"@id\":\"https:\\\/\\\/fjala.info\\\/2009-2015\\\/te-gjithe-te-kenaqur\\\/#primaryimage\"},\"thumbnailUrl\":\"http:\\\/\\\/fjala.shkoder.net\\\/wp-content\\\/uploads\\\/2010\\\/10\\\/mero_baze1.jpg\",\"datePublished\":\"2011-01-31T22:25:04+00:00\",\"breadcrumb\":{\"@id\":\"https:\\\/\\\/fjala.info\\\/2009-2015\\\/te-gjithe-te-kenaqur\\\/#breadcrumb\"},\"inLanguage\":\"sq-AL\",\"potentialAction\":[{\"@type\":\"ReadAction\",\"target\":[\"https:\\\/\\\/fjala.info\\\/2009-2015\\\/te-gjithe-te-kenaqur\\\/\"]}]},{\"@type\":\"ImageObject\",\"inLanguage\":\"sq-AL\",\"@id\":\"https:\\\/\\\/fjala.info\\\/2009-2015\\\/te-gjithe-te-kenaqur\\\/#primaryimage\",\"url\":\"http:\\\/\\\/fjala.shkoder.net\\\/wp-content\\\/uploads\\\/2010\\\/10\\\/mero_baze1.jpg\",\"contentUrl\":\"http:\\\/\\\/fjala.shkoder.net\\\/wp-content\\\/uploads\\\/2010\\\/10\\\/mero_baze1.jpg\"},{\"@type\":\"BreadcrumbList\",\"@id\":\"https:\\\/\\\/fjala.info\\\/2009-2015\\\/te-gjithe-te-kenaqur\\\/#breadcrumb\",\"itemListElement\":[{\"@type\":\"ListItem\",\"position\":1,\"name\":\"Home\",\"item\":\"https:\\\/\\\/fjala.info\\\/2009-2015\\\/\"},{\"@type\":\"ListItem\",\"position\":2,\"name\":\"T\u00eb gjith\u00eb t\u00eb k\u00ebnaqur\"}]},{\"@type\":\"WebSite\",\"@id\":\"https:\\\/\\\/fjala.info\\\/2009-2015\\\/#website\",\"url\":\"https:\\\/\\\/fjala.info\\\/2009-2015\\\/\",\"name\":\"FjALA e LIR\u00cb - Arkivi\",\"description\":\"Arkivi 2009-2015\",\"publisher\":{\"@id\":\"https:\\\/\\\/fjala.info\\\/2009-2015\\\/#organization\"},\"potentialAction\":[{\"@type\":\"SearchAction\",\"target\":{\"@type\":\"EntryPoint\",\"urlTemplate\":\"https:\\\/\\\/fjala.info\\\/2009-2015\\\/?s={search_term_string}\"},\"query-input\":{\"@type\":\"PropertyValueSpecification\",\"valueRequired\":true,\"valueName\":\"search_term_string\"}}],\"inLanguage\":\"sq-AL\"},{\"@type\":\"Organization\",\"@id\":\"https:\\\/\\\/fjala.info\\\/2009-2015\\\/#organization\",\"name\":\"FjALA e LIR\u00cb - Arkivi\",\"url\":\"https:\\\/\\\/fjala.info\\\/2009-2015\\\/\",\"logo\":{\"@type\":\"ImageObject\",\"inLanguage\":\"sq-AL\",\"@id\":\"https:\\\/\\\/fjala.info\\\/2009-2015\\\/#\\\/schema\\\/logo\\\/image\\\/\",\"url\":\"\",\"contentUrl\":\"\",\"caption\":\"FjALA e LIR\u00cb - Arkivi\"},\"image\":{\"@id\":\"https:\\\/\\\/fjala.info\\\/2009-2015\\\/#\\\/schema\\\/logo\\\/image\\\/\"}},{\"@type\":\"Person\",\"@id\":\"https:\\\/\\\/fjala.info\\\/2009-2015\\\/#\\\/schema\\\/person\\\/3aa1163ef05469c496fc94e77611ada2\",\"name\":\"admin\",\"image\":{\"@type\":\"ImageObject\",\"inLanguage\":\"sq-AL\",\"@id\":\"https:\\\/\\\/fjala.info\\\/2009-2015\\\/wp-content\\\/uploads\\\/2012\\\/02\\\/arben_cokaj-120x150.jpg\",\"url\":\"https:\\\/\\\/fjala.info\\\/2009-2015\\\/wp-content\\\/uploads\\\/2012\\\/02\\\/arben_cokaj-120x150.jpg\",\"contentUrl\":\"https:\\\/\\\/fjala.info\\\/2009-2015\\\/wp-content\\\/uploads\\\/2012\\\/02\\\/arben_cokaj-120x150.jpg\",\"caption\":\"admin\"},\"description\":\"Admin, Fjala e Lir\u00eb\",\"sameAs\":[\"https:\\\/\\\/fjala.info\\\/\"],\"url\":\"https:\\\/\\\/fjala.info\\\/2009-2015\\\/author\\\/admin\\\/\"}]}<\/script>\n<!-- \/ Yoast SEO plugin. -->","yoast_head_json":{"title":"T\u00eb gjith\u00eb t\u00eb k\u00ebnaqur - FjALA e LIR\u00cb - Arkivi","robots":{"index":"index","follow":"follow","max-snippet":"max-snippet:-1","max-image-preview":"max-image-preview:large","max-video-preview":"max-video-preview:-1"},"canonical":"https:\/\/fjala.info\/2009-2015\/te-gjithe-te-kenaqur\/","og_locale":"sq_AL","og_type":"article","og_title":"T\u00eb gjith\u00eb t\u00eb k\u00ebnaqur - FjALA e LIR\u00cb - Arkivi","og_description":"Nga Mero Baze Sot jam zyrtarisht pu\u00e7ist. Gruaja ime u k\u00ebnaq shum\u00eb q\u00eb un\u00eb thash\u00eb se e kam frik\u00eb at\u00eb ngaq\u00eb m\u00eb kontrollon tabulatet dhe e kam fatur\u00ebn e thjesht\u00eb t\u00eb telefonit. Sali Berisha u k\u00ebnaq shum\u00eb q\u00eb Komisioni m\u00eb cil\u00ebsoi mua dhe tre koleg t\u00eb mi zyrtarisht nxit\u00ebs t\u00eb pu\u00e7it. Prokuroria u k\u00ebnaq q\u00eb [&hellip;]","og_url":"https:\/\/fjala.info\/2009-2015\/te-gjithe-te-kenaqur\/","og_site_name":"FjALA e LIR\u00cb - Arkivi","article_published_time":"2011-01-31T22:25:04+00:00","og_image":[{"url":"http:\/\/fjala.shkoder.net\/wp-content\/uploads\/2010\/10\/mero_baze1.jpg","type":"","width":"","height":""}],"author":"admin","twitter_card":"summary_large_image","twitter_misc":{"Written by":"admin","Est. reading time":"4 minutes"},"schema":{"@context":"https:\/\/schema.org","@graph":[{"@type":"Article","@id":"https:\/\/fjala.info\/2009-2015\/te-gjithe-te-kenaqur\/#article","isPartOf":{"@id":"https:\/\/fjala.info\/2009-2015\/te-gjithe-te-kenaqur\/"},"author":{"name":"admin","@id":"https:\/\/fjala.info\/2009-2015\/#\/schema\/person\/3aa1163ef05469c496fc94e77611ada2"},"headline":"T\u00eb gjith\u00eb t\u00eb k\u00ebnaqur","datePublished":"2011-01-31T22:25:04+00:00","mainEntityOfPage":{"@id":"https:\/\/fjala.info\/2009-2015\/te-gjithe-te-kenaqur\/"},"wordCount":815,"commentCount":1,"publisher":{"@id":"https:\/\/fjala.info\/2009-2015\/#organization"},"image":{"@id":"https:\/\/fjala.info\/2009-2015\/te-gjithe-te-kenaqur\/#primaryimage"},"thumbnailUrl":"http:\/\/fjala.shkoder.net\/wp-content\/uploads\/2010\/10\/mero_baze1.jpg","articleSection":["Artikuj"],"inLanguage":"sq-AL","potentialAction":[{"@type":"CommentAction","name":"Comment","target":["https:\/\/fjala.info\/2009-2015\/te-gjithe-te-kenaqur\/#respond"]}]},{"@type":"WebPage","@id":"https:\/\/fjala.info\/2009-2015\/te-gjithe-te-kenaqur\/","url":"https:\/\/fjala.info\/2009-2015\/te-gjithe-te-kenaqur\/","name":"T\u00eb gjith\u00eb t\u00eb k\u00ebnaqur - FjALA e LIR\u00cb - Arkivi","isPartOf":{"@id":"https:\/\/fjala.info\/2009-2015\/#website"},"primaryImageOfPage":{"@id":"https:\/\/fjala.info\/2009-2015\/te-gjithe-te-kenaqur\/#primaryimage"},"image":{"@id":"https:\/\/fjala.info\/2009-2015\/te-gjithe-te-kenaqur\/#primaryimage"},"thumbnailUrl":"http:\/\/fjala.shkoder.net\/wp-content\/uploads\/2010\/10\/mero_baze1.jpg","datePublished":"2011-01-31T22:25:04+00:00","breadcrumb":{"@id":"https:\/\/fjala.info\/2009-2015\/te-gjithe-te-kenaqur\/#breadcrumb"},"inLanguage":"sq-AL","potentialAction":[{"@type":"ReadAction","target":["https:\/\/fjala.info\/2009-2015\/te-gjithe-te-kenaqur\/"]}]},{"@type":"ImageObject","inLanguage":"sq-AL","@id":"https:\/\/fjala.info\/2009-2015\/te-gjithe-te-kenaqur\/#primaryimage","url":"http:\/\/fjala.shkoder.net\/wp-content\/uploads\/2010\/10\/mero_baze1.jpg","contentUrl":"http:\/\/fjala.shkoder.net\/wp-content\/uploads\/2010\/10\/mero_baze1.jpg"},{"@type":"BreadcrumbList","@id":"https:\/\/fjala.info\/2009-2015\/te-gjithe-te-kenaqur\/#breadcrumb","itemListElement":[{"@type":"ListItem","position":1,"name":"Home","item":"https:\/\/fjala.info\/2009-2015\/"},{"@type":"ListItem","position":2,"name":"T\u00eb gjith\u00eb t\u00eb k\u00ebnaqur"}]},{"@type":"WebSite","@id":"https:\/\/fjala.info\/2009-2015\/#website","url":"https:\/\/fjala.info\/2009-2015\/","name":"FjALA e LIR\u00cb - Arkivi","description":"Arkivi 2009-2015","publisher":{"@id":"https:\/\/fjala.info\/2009-2015\/#organization"},"potentialAction":[{"@type":"SearchAction","target":{"@type":"EntryPoint","urlTemplate":"https:\/\/fjala.info\/2009-2015\/?s={search_term_string}"},"query-input":{"@type":"PropertyValueSpecification","valueRequired":true,"valueName":"search_term_string"}}],"inLanguage":"sq-AL"},{"@type":"Organization","@id":"https:\/\/fjala.info\/2009-2015\/#organization","name":"FjALA e LIR\u00cb - Arkivi","url":"https:\/\/fjala.info\/2009-2015\/","logo":{"@type":"ImageObject","inLanguage":"sq-AL","@id":"https:\/\/fjala.info\/2009-2015\/#\/schema\/logo\/image\/","url":"","contentUrl":"","caption":"FjALA e LIR\u00cb - Arkivi"},"image":{"@id":"https:\/\/fjala.info\/2009-2015\/#\/schema\/logo\/image\/"}},{"@type":"Person","@id":"https:\/\/fjala.info\/2009-2015\/#\/schema\/person\/3aa1163ef05469c496fc94e77611ada2","name":"admin","image":{"@type":"ImageObject","inLanguage":"sq-AL","@id":"https:\/\/fjala.info\/2009-2015\/wp-content\/uploads\/2012\/02\/arben_cokaj-120x150.jpg","url":"https:\/\/fjala.info\/2009-2015\/wp-content\/uploads\/2012\/02\/arben_cokaj-120x150.jpg","contentUrl":"https:\/\/fjala.info\/2009-2015\/wp-content\/uploads\/2012\/02\/arben_cokaj-120x150.jpg","caption":"admin"},"description":"Admin, Fjala e Lir\u00eb","sameAs":["https:\/\/fjala.info\/"],"url":"https:\/\/fjala.info\/2009-2015\/author\/admin\/"}]}},"_links":{"self":[{"href":"https:\/\/fjala.info\/2009-2015\/wp-json\/wp\/v2\/posts\/6060","targetHints":{"allow":["GET"]}}],"collection":[{"href":"https:\/\/fjala.info\/2009-2015\/wp-json\/wp\/v2\/posts"}],"about":[{"href":"https:\/\/fjala.info\/2009-2015\/wp-json\/wp\/v2\/types\/post"}],"author":[{"embeddable":true,"href":"https:\/\/fjala.info\/2009-2015\/wp-json\/wp\/v2\/users\/1"}],"replies":[{"embeddable":true,"href":"https:\/\/fjala.info\/2009-2015\/wp-json\/wp\/v2\/comments?post=6060"}],"version-history":[{"count":0,"href":"https:\/\/fjala.info\/2009-2015\/wp-json\/wp\/v2\/posts\/6060\/revisions"}],"wp:attachment":[{"href":"https:\/\/fjala.info\/2009-2015\/wp-json\/wp\/v2\/media?parent=6060"}],"wp:term":[{"taxonomy":"category","embeddable":true,"href":"https:\/\/fjala.info\/2009-2015\/wp-json\/wp\/v2\/categories?post=6060"},{"taxonomy":"post_tag","embeddable":true,"href":"https:\/\/fjala.info\/2009-2015\/wp-json\/wp\/v2\/tags?post=6060"}],"curies":[{"name":"wp","href":"https:\/\/api.w.org\/{rel}","templated":true}]}}