{"id":6052,"date":"2011-01-31T09:43:29","date_gmt":"2011-01-31T08:43:29","guid":{"rendered":"http:\/\/fjala.shkoder.net\/?p=6052"},"modified":"2011-01-31T09:43:29","modified_gmt":"2011-01-31T08:43:29","slug":"ora-e-doreheqjes-si-profesionist","status":"publish","type":"post","link":"https:\/\/fjala.info\/2009-2015\/ora-e-doreheqjes-si-profesionist\/","title":{"rendered":"Ora e dor\u00ebheqjes si profesionist"},"content":{"rendered":"<p><img loading=\"lazy\" decoding=\"async\" class=\"alignleft size-medium wp-image-6053\" title=\"zinxhiri_keputet\" src=\"http:\/\/fjala.shkoder.net\/wp-content\/uploads\/2011\/01\/zinxhiri_keputet-300x225.jpg\" alt=\"\" width=\"300\" height=\"225\" \/><br \/>\nNga <strong>Pre\u00e7 Zogaj<\/strong><\/p>\n<p>Do ta kisha evituar fjal\u00ebn &#8221; profesionist&#8221; p\u00ebr ta z\u00ebvend\u00ebsuar me togfjal\u00ebshin &#8220;burr\u00eb shteti&#8221;. Rrjedhimisht titulli i k\u00ebtij shkrimi do t\u00eb ishte &#8220;Ora e dor\u00ebheqjes si burr\u00eb shteti&#8221;. M\u00eb ket\u00eb rast do t\u00eb kisha p\u00ebrmendur dy-tre shembuj t\u00eb dor\u00ebheqjeve m\u00eb t\u00eb bujshme nga historia e qeverisjeve n\u00eb vendet demokratike. Dhe do t\u00eb kisha n\u00ebnvizuar faktin se dor\u00ebheqjet e m\u00ebdha i kan\u00eb lart\u00ebsuar autor\u00ebt e tyre po aq sa fitoret e m\u00ebdha.<\/p>\n<p>Por nuk mu duk e drejt\u00eb ta b\u00ebj k\u00ebt\u00eb. E para, sepse Shqip\u00ebria \u00ebsht\u00eb vend i vog\u00ebl , me nj\u00eb popullsi gjithashtu t\u00eb vog\u00ebl n\u00eb raport me shumic\u00ebn e vendeve t\u00eb Europ\u00ebs Per\u00ebndimore. Si i till\u00eb, n\u00eb nj\u00eb far\u00eb m\u00ebnyre, ky vend nuk e b\u00ebn &#8221; burrin e shtetit&#8221;. Ka di\u00e7ka komike, edhe pse ndoshta nuk mendohet, kur t\u00eb m\u00ebdhenjt\u00eb e planetit cil\u00ebsojn\u00eb burra shteti n\u00eb vendet e vogla.<\/p>\n<p>E dyta, sepse burrat e shtetit n\u00eb k\u00ebt\u00eb vend, kur pag\u00ebzohen t\u00eb till\u00eb prej servilizmit t\u00eb p\u00ebshtir\u00eb apo kur ky apelativ u vjen n\u00eb form\u00ebn e nj\u00eb dekreti verbal nga nj\u00eb fuqi e madhe aleate, nuk b\u00ebhen m\u00eb t\u00eb mir\u00eb, por m\u00eb t\u00eb k\u00ebqij; nuk relaksohen, por t\u00ebrbohen; nuk priren ta tregojn\u00eb veten duke prodhuar m\u00eb shum\u00eb demokraci dhe liri p\u00ebr t\u00eb gjith\u00eb, por duke iu sulur opozit\u00ebs, shtypit t\u00eb lir\u00eb, popullit opozitar, institucioneve t\u00eb pavarura .P\u00ebr fat t\u00eb keq, burrat e shtetit n\u00eb k\u00ebt\u00eb vend nuk i sigurojn\u00eb, por i trembin qytetar\u00ebt.<\/p>\n<p>K\u00ebt\u00eb tregon p\u00ebrvoja jon\u00eb. Mjafton t\u00eb kujtojm\u00eb nj\u00eb fakt nga viti 2000: kur kryeministri i asaj kohe Ilir Meta ndalonte dhe shoq\u00ebronte n\u00eb komisariat me forca policie shefin e opozit\u00ebs s\u00eb asaj kohe dhe policia e komanduar prej tij nd\u00ebrmerrte nj\u00eb val\u00eb reprezaljesh kund\u00ebr protestuesve dhe qytetar\u00ebve demokrat\u00eb n\u00eb &#8221; em\u00ebr t\u00eb ligjit dhe vet\u00ebm ligjit&#8221;, vet\u00eb zoti Meta kishte marr\u00eb nga Departamenti Amerikan i Shtetit apo nga Sht\u00ebpia e Bardh\u00eb vler\u00ebsimin e lart\u00eb &#8220;burr\u00eb shteti dhe i zgjuar&#8221;.<\/p>\n<p>Oh, tani e mor\u00ebn n\u00eb qaf\u00eb, m\u00eb pati th\u00ebn\u00eb at\u00ebher\u00eb me trishtim nj\u00ebri prej k\u00ebshilltar\u00ebve t\u00eb tij t\u00eb jasht\u00ebm Nuk po zgjatem m\u00eb tej p\u00ebr t\u00eb treguar pse preferoj fjal\u00ebn &#8220;profesionist&#8221; n\u00eb vend t\u00eb &#8221; burr\u00eb shteti&#8221;. Shqip\u00ebris\u00eb, k\u00ebshtu si\u00e7 \u00ebsht\u00eb dhe si\u00e7 do t\u00eb jet\u00eb, do t&#8217;i shkonin shum\u00eb politikan\u00ebt modest\u00eb dhe profesionist\u00eb. Madje le t\u00eb mos jen\u00eb modest\u00eb. Mjafton t\u00eb jen\u00eb profesionist\u00eb dhe t\u00eb sillen si profesionist\u00eb. Mjafton t\u00eb zbatojn\u00eb n\u00eb pun\u00ebn e tyre rregullat e zanatit, ku b\u00ebn pjes\u00eb padyshim edhe dor\u00ebheqja si l\u00ebvizje politike e ve\u00e7ant\u00eb p\u00ebr zhbllokimin e situatave t\u00eb nd\u00ebrlikuara.<\/p>\n<p>Ajo q\u00eb vajtoj gjithnj\u00eb nga sjellja e sotme politike e ish- kryeministrit Fatos Nano ka t\u00eb b\u00ebj\u00eb me faktin se ai \u00ebsht\u00eb politikani q\u00eb ka dh\u00ebn\u00eb dy \u00ebsht\u00eb i vetmi q\u00eb ka dor\u00ebzuar pushtetin me zgjedhje t\u00eb lira n\u00eb vitin 2005, duke v\u00ebrtetuar tez\u00ebn e njohur se zgjedhjet jan\u00eb paras\u00ebgjithash mjeti m\u00eb e l\u00ebn\u00eb pushtetin, jo me e marr\u00eb. Por n\u00eb vend q\u00eb t&#8217;i mbante lart me stoiciz\u00ebm k\u00ebto vlera, Fatosi i ka braktisur duke l\u00ebn\u00eb t\u00eb kuptohet se dor\u00ebheqjet t\u00eb shkat\u00ebrrojn\u00eb.<br \/>\nDo ta pranoja si p\u00ebrjashtim, por nuk e pranoj si rregull k\u00ebt\u00eb fat.<\/p>\n<p>Dor\u00ebheqjet n\u00eb momentin e duhur nuk jan\u00eb humbje, nuk jan\u00eb r\u00ebnie, nuk jan\u00eb rrokullisje, nuk jan\u00eb shkat\u00ebrrim. Var\u00ebsisht nga shkaku p\u00ebr t\u00eb cil\u00ebn jepen, ato jan\u00eb rifillim, rimodelim, lart\u00ebsim. Jan\u00eb sh\u00ebrbim p\u00ebr shumic\u00ebn , p\u00ebr vendin. Nd\u00ebrsa kur jepen nga halli, nga pamund\u00ebsia p\u00ebr t\u00eb q\u00ebndruar, kuptohet se aft\u00ebsia rekuperuese e t\u00eb dor\u00ebhequrit zvog\u00eblohet.<\/p>\n<p>E kam shkruar disa her\u00eb: zgjedhjet e vitit 2009 nuk prodhuan fitues. N\u00eb kuptimin e vot\u00ebs s\u00eb hedhur p\u00ebr ndryshimin ( opozit\u00ebn) dhe mosndryshimin ( qeverin\u00eb) zgjedhjet , sipas rezultatit zyrtar, dol\u00ebn barazim. Ky ishte verdikti, i deformuar sigurisht nga nj\u00eb num\u00ebr parregullsish.<\/p>\n<p>Por u pranua si i till\u00eb edhe nga opozita. Berisha duhej t\u00eb lexonte si profesionist k\u00ebt\u00eb verdikt dhe t\u00eb ofronte zgjidhjen adekuate. Ka gjithnj\u00eb matrapaz\u00eb p\u00ebrtej verdiktit t\u00eb zgjedhjeve, por profesionisti lexon verdiktin. Kjo do t\u00eb thot\u00eb thjesht e qart\u00eb t\u00eb sh\u00ebrbesh paqen. Tensioni q\u00eb shkaktoi n\u00eb PS koalicioni i pavotuar PD- LSI do t\u00eb ishte zbutur e relativizuar po t\u00eb ishte lejuar num\u00ebrimi i votave n\u00eb tre qarqet e k\u00ebrkuara nga dy komisioner\u00ebt e lart\u00eb t\u00eb PS-s\u00eb. Kjo nuk u pranua.<\/p>\n<p>Tensioni s\u00ebrish do t\u00eb ishte relativizuar dhe fusha e dyshimeve p\u00ebr zgjedhjet e ardhshme do t\u00eb ishte pastruar, po t\u00eb ishte lejuar transparenca e k\u00ebrkuar p\u00ebrgjat\u00eb me shum\u00eb se nj\u00eb viti nga PS dhe opozita e bashkuar. Dihet fati i transparenc\u00ebs. N\u00eb kushtet e refuzimit t\u00eb k\u00ebtyre<br \/>\nk\u00ebrkesave, nuk ka dyshim se koalicioni i pavotuar qeveritar ka sh\u00ebrbyer si katalizator diversioni, pap\u00ebrgjegjshm\u00ebrie dhe abuzimesh n\u00eb shkall\u00eb t\u00eb lart\u00eb, si ato q\u00eb ka denoncuar vet\u00eb aleati i par\u00eb i Berish\u00ebs nga LSI-ja, zoti Dritan Prifti.<\/p>\n<p>Nga ana tjet\u00ebr, edhe po t\u00eb mos ishte damkosur me skandale, duke refuzuar transparenc\u00ebn, koalicioni i pavotuar qeveritar vuri n\u00eb dyshim t\u00eb plot\u00eb ndershm\u00ebrin\u00eb e zgjedhjeve t\u00eb ardhshme. Berisha dhe Meta jan\u00eb dy lider\u00eb politik\u00eb q\u00eb kan\u00eb organizuar zgjedhjet me t\u00eb k\u00ebqija n\u00eb historin\u00eb e tranzicionit shqiptar. Berisha n\u00eb vitin 1996 si ish-President i Republik\u00ebs, Meta n\u00eb vitin 2001 si ish-kryeminist\u00ebr.<\/p>\n<p>Cila opozita n\u00eb bot\u00eb nuk do t\u00eb shqet\u00ebsohej n\u00eb maksimum kur dy kampion\u00eb t\u00eb manipulimit t\u00eb vot\u00ebs nuk jan\u00eb kund\u00ebrshtar\u00eb , por aleat\u00eb n\u00eb t\u00eb nj\u00ebjt\u00ebn qeveri? N\u00eb ver\u00ebn e vitit 2009 Berisha humbi rastin e art\u00eb p\u00ebr t\u00eb l\u00ebn\u00eb n\u00eb trash\u00ebgimin\u00eb e kultur\u00ebs politiket\u00eb vendit vepr\u00ebn e nj\u00eb leximi demokratik dhe pa dredha t\u00eb rezultatit t\u00eb zgjedhjeve. Un\u00eb nuk e di a do t\u00eb ishte pranuar ai si kryeminist\u00ebr i barazimit, apo do t\u00eb ishte gjendur nj\u00eb kryeminist\u00ebr tjet\u00ebr nga Partia Demokratike, e cila, megjith\u00ebse jo fituese,<br \/>\nkishte dal\u00eb e para.<\/p>\n<p>Nuk paragjykoj asgj\u00eb. Por kam bindjen se vendit do t&#8217;i ishin kursyer shum\u00eb nga skandalet dhe telashet e k\u00ebsaj periudhe. Berisha humbi nj\u00eb rast tjet\u00ebr p\u00ebr t\u00eb vepruar si politikan profesionist. Kur vendosi t&#8217;i refuzonte opozit\u00ebs edhe kutit\u00eb e materialeve zgjedhore, q\u00eb ia kishte premtuar solemnisht disa her\u00eb.<\/p>\n<p>Nuk mund edhe t&#8217;i tundte grushtin k\u00ebsaj opozite. P\u00ebr k\u00ebdo q\u00eb ka nj\u00eb kuptim minimal p\u00ebr bashk\u00ebjetes\u00ebn politike n\u00eb demokraci, kjo ishte shum\u00eb. Refuzimi i nj\u00eb k\u00ebrkes\u00eb aq t\u00eb artikuluar, q\u00eb kishte gjetur mb\u00ebshtetje konsensuale edhe n\u00eb nj\u00eb rezolut\u00eb t\u00eb Parlamentit Europian, nuk mund t\u00eb b\u00ebhej pa paguar nj\u00eb \u00e7mim. Por kryeministri e imponoi n\u00eb form\u00eb sfide p\u00ebr opozit\u00ebn e Shqip\u00ebris\u00eb.<\/p>\n<p>Kush mbjell er\u00ebn do t\u00eb korr\u00eb furtun\u00ebn, &#8211; thot\u00eb populli. Protesta e 21 janarit erdhi me karikimin e k\u00ebsaj historie dhe t\u00eb efekteve q\u00eb ka prodhuar n\u00eb opinionin publik videoja &#8220;Meta-Prifti&#8221;. Prokuroria tani po heton p\u00ebr vrasjet e tre qytetar\u00ebve nga Garda e Republik\u00ebs dhe p\u00ebr ekseset e demonstrimit t\u00eb disa protestuesve para kryeministris\u00eb. Berisha ngat\u00ebrrohet kot me fanitjen e tij t\u00eb grushtit t\u00eb shtetit dhe me lloj-lloj \u00e7ik\u00ebrrimash e g\u00ebnjeshtrash t\u00eb vogla q\u00eb i jep pa asnj\u00eb filt\u00ebr logjik.<\/p>\n<p>Asgj\u00eb nuk do t\u00eb dal\u00eb nga ky shpenzim dhe shp\u00ebrdorim i kot\u00eb energjish, q\u00eb po riciklon t\u00ebr\u00eb mend\u00ebsin\u00eb e vjet\u00ebr, por sterile t\u00eb partis\u00eb- shtet, q\u00eb nuk mund t\u00eb veproj\u00eb p\u00ebr shkak t\u00eb mjedisit demokratik europiano-per\u00ebndimor ku pulson jeta politike dhe shoq\u00ebrore e Shqip\u00ebris\u00eb. Pushtetet n\u00eb Shqip\u00ebri jan\u00eb t\u00eb ndara dhe nuk mund t\u00eb bashkohen n\u00eb nj\u00eb dor\u00eb.<\/p>\n<p>Liria e shtypit \u00ebsht\u00eb e garantuar, pavar\u00ebsisht nga presionet dhe pengesat<br \/>\ne nj\u00eb regjimi q\u00eb cil\u00ebsohet demokraci hibride. Liria e organizimit, e tubimit, e manifestimit, e protest\u00ebs dhe demonstrimit t\u00eb lir\u00eb \u00ebsht\u00eb e garantuar me Kushtetut\u00eb dhe nuk mund t\u00eb kthehet prapa, pavar\u00ebsisht nga plumbat e Gard\u00ebs, gj\u00eb q\u00eb u pa qart\u00eb n\u00eb marshimin homazh t\u00eb 28 janarit, q\u00eb b\u00ebri histori.<\/p>\n<p>K\u00ebto arritje nuk preken dot n\u00eb thelbin e tyre, sado i zem\u00ebruar t\u00eb jet\u00eb Berisha. Problemet reale t\u00eb qeveris\u00eb s\u00eb tij n\u00eb k\u00ebt\u00eb periudh\u00eb jan\u00eb videoja &#8220;Meta-Prifti&#8221; dhe vrasjet n\u00eb bulevard q\u00eb kan\u00eb tronditur mbar\u00eb opinionin publik shqiptar dhe t\u00eb huaj.<\/p>\n<p>Amerikan\u00ebt e kan\u00eb mb\u00ebshtetur Berish\u00ebn, por hetimin dhe nd\u00ebshkimin e fajtor\u00ebve p\u00ebr vrasjet e presin nga organet e drejt\u00ebsis\u00eb. N\u00eb k\u00ebto kushte, pasi t&#8217;i ket\u00eb konsumuar kot t\u00eb gjitha sulmet kund\u00ebr Presidentit t\u00eb Republik\u00ebs, Prokuroris\u00eb dhe Opozit\u00ebs, Berish\u00ebs nuk i mbetet gj\u00eb tjet\u00ebr, ve\u00e7se t\u00eb mendoj\u00eb p\u00ebr zgjidhjen e kriz\u00ebs .<\/p>\n<p>Opozita k\u00ebrkon prej tij nj\u00eb zgjidhje t\u00eb re dhe zgjedhje t\u00eb negociuara n\u00eb horizont. Dy her\u00eb, minimumi, ka munguar ai n\u00eb leximin si profesionist t\u00eb situatave, duke u p\u00ebrgjigjur me dor\u00ebheqje. Mungesa p\u00ebr her\u00eb t\u00eb tret\u00eb, n\u00eb nj\u00eb situat\u00eb shum\u00eb me t\u00eb nd\u00ebrlikuar, do t\u00eb rris\u00eb shum\u00ebfish koston e daljes s\u00eb vendit nga kriza.<\/p>\n","protected":false},"excerpt":{"rendered":"<p>Nga Pre\u00e7 Zogaj Do ta kisha evituar fjal\u00ebn &#8221; profesionist&#8221; p\u00ebr ta z\u00ebvend\u00ebsuar me togfjal\u00ebshin &#8220;burr\u00eb shteti&#8221;. Rrjedhimisht titulli i k\u00ebtij shkrimi do t\u00eb ishte &#8220;Ora e dor\u00ebheqjes si burr\u00eb shteti&#8221;. M\u00eb ket\u00eb rast do t\u00eb kisha p\u00ebrmendur dy-tre shembuj t\u00eb dor\u00ebheqjeve m\u00eb t\u00eb bujshme nga historia e qeverisjeve n\u00eb vendet demokratike. Dhe do t\u00eb [&hellip;]<\/p>\n","protected":false},"author":1,"featured_media":0,"comment_status":"open","ping_status":"closed","sticky":false,"template":"","format":"standard","meta":{"footnotes":""},"categories":[2],"tags":[],"class_list":{"0":"post-6052","1":"post","2":"type-post","3":"status-publish","4":"format-standard","6":"category-artikuj"},"yoast_head":"<!-- This site is optimized with the Yoast SEO plugin v27.4 - https:\/\/yoast.com\/product\/yoast-seo-wordpress\/ -->\n<title>Ora e dor\u00ebheqjes si profesionist - FjALA e LIR\u00cb - Arkivi<\/title>\n<meta name=\"robots\" content=\"index, follow, max-snippet:-1, max-image-preview:large, max-video-preview:-1\" \/>\n<link rel=\"canonical\" href=\"https:\/\/fjala.info\/2009-2015\/ora-e-doreheqjes-si-profesionist\/\" \/>\n<meta property=\"og:locale\" content=\"sq_AL\" \/>\n<meta property=\"og:type\" content=\"article\" \/>\n<meta property=\"og:title\" content=\"Ora e dor\u00ebheqjes si profesionist - FjALA e LIR\u00cb - Arkivi\" \/>\n<meta property=\"og:description\" content=\"Nga Pre\u00e7 Zogaj Do ta kisha evituar fjal\u00ebn &#8221; profesionist&#8221; p\u00ebr ta z\u00ebvend\u00ebsuar me togfjal\u00ebshin &#8220;burr\u00eb shteti&#8221;. Rrjedhimisht titulli i k\u00ebtij shkrimi do t\u00eb ishte &#8220;Ora e dor\u00ebheqjes si burr\u00eb shteti&#8221;. M\u00eb ket\u00eb rast do t\u00eb kisha p\u00ebrmendur dy-tre shembuj t\u00eb dor\u00ebheqjeve m\u00eb t\u00eb bujshme nga historia e qeverisjeve n\u00eb vendet demokratike. Dhe do t\u00eb [&hellip;]\" \/>\n<meta property=\"og:url\" content=\"https:\/\/fjala.info\/2009-2015\/ora-e-doreheqjes-si-profesionist\/\" \/>\n<meta property=\"og:site_name\" content=\"FjALA e LIR\u00cb - Arkivi\" \/>\n<meta property=\"article:published_time\" content=\"2011-01-31T08:43:29+00:00\" \/>\n<meta property=\"og:image\" content=\"http:\/\/fjala.shkoder.net\/wp-content\/uploads\/2011\/01\/zinxhiri_keputet-300x225.jpg\" \/>\n<meta name=\"author\" content=\"admin\" \/>\n<meta name=\"twitter:card\" content=\"summary_large_image\" \/>\n<meta name=\"twitter:label1\" content=\"Written by\" \/>\n\t<meta name=\"twitter:data1\" content=\"admin\" \/>\n\t<meta name=\"twitter:label2\" content=\"Est. reading time\" \/>\n\t<meta name=\"twitter:data2\" content=\"8 minutes\" \/>\n<script type=\"application\/ld+json\" class=\"yoast-schema-graph\">{\"@context\":\"https:\\\/\\\/schema.org\",\"@graph\":[{\"@type\":\"Article\",\"@id\":\"https:\\\/\\\/fjala.info\\\/2009-2015\\\/ora-e-doreheqjes-si-profesionist\\\/#article\",\"isPartOf\":{\"@id\":\"https:\\\/\\\/fjala.info\\\/2009-2015\\\/ora-e-doreheqjes-si-profesionist\\\/\"},\"author\":{\"name\":\"admin\",\"@id\":\"https:\\\/\\\/fjala.info\\\/2009-2015\\\/#\\\/schema\\\/person\\\/3aa1163ef05469c496fc94e77611ada2\"},\"headline\":\"Ora e dor\u00ebheqjes si profesionist\",\"datePublished\":\"2011-01-31T08:43:29+00:00\",\"mainEntityOfPage\":{\"@id\":\"https:\\\/\\\/fjala.info\\\/2009-2015\\\/ora-e-doreheqjes-si-profesionist\\\/\"},\"wordCount\":1582,\"commentCount\":0,\"publisher\":{\"@id\":\"https:\\\/\\\/fjala.info\\\/2009-2015\\\/#organization\"},\"image\":{\"@id\":\"https:\\\/\\\/fjala.info\\\/2009-2015\\\/ora-e-doreheqjes-si-profesionist\\\/#primaryimage\"},\"thumbnailUrl\":\"http:\\\/\\\/fjala.shkoder.net\\\/wp-content\\\/uploads\\\/2011\\\/01\\\/zinxhiri_keputet-300x225.jpg\",\"articleSection\":[\"Artikuj\"],\"inLanguage\":\"sq-AL\",\"potentialAction\":[{\"@type\":\"CommentAction\",\"name\":\"Comment\",\"target\":[\"https:\\\/\\\/fjala.info\\\/2009-2015\\\/ora-e-doreheqjes-si-profesionist\\\/#respond\"]}]},{\"@type\":\"WebPage\",\"@id\":\"https:\\\/\\\/fjala.info\\\/2009-2015\\\/ora-e-doreheqjes-si-profesionist\\\/\",\"url\":\"https:\\\/\\\/fjala.info\\\/2009-2015\\\/ora-e-doreheqjes-si-profesionist\\\/\",\"name\":\"Ora e dor\u00ebheqjes si profesionist - FjALA e LIR\u00cb - Arkivi\",\"isPartOf\":{\"@id\":\"https:\\\/\\\/fjala.info\\\/2009-2015\\\/#website\"},\"primaryImageOfPage\":{\"@id\":\"https:\\\/\\\/fjala.info\\\/2009-2015\\\/ora-e-doreheqjes-si-profesionist\\\/#primaryimage\"},\"image\":{\"@id\":\"https:\\\/\\\/fjala.info\\\/2009-2015\\\/ora-e-doreheqjes-si-profesionist\\\/#primaryimage\"},\"thumbnailUrl\":\"http:\\\/\\\/fjala.shkoder.net\\\/wp-content\\\/uploads\\\/2011\\\/01\\\/zinxhiri_keputet-300x225.jpg\",\"datePublished\":\"2011-01-31T08:43:29+00:00\",\"breadcrumb\":{\"@id\":\"https:\\\/\\\/fjala.info\\\/2009-2015\\\/ora-e-doreheqjes-si-profesionist\\\/#breadcrumb\"},\"inLanguage\":\"sq-AL\",\"potentialAction\":[{\"@type\":\"ReadAction\",\"target\":[\"https:\\\/\\\/fjala.info\\\/2009-2015\\\/ora-e-doreheqjes-si-profesionist\\\/\"]}]},{\"@type\":\"ImageObject\",\"inLanguage\":\"sq-AL\",\"@id\":\"https:\\\/\\\/fjala.info\\\/2009-2015\\\/ora-e-doreheqjes-si-profesionist\\\/#primaryimage\",\"url\":\"http:\\\/\\\/fjala.shkoder.net\\\/wp-content\\\/uploads\\\/2011\\\/01\\\/zinxhiri_keputet-300x225.jpg\",\"contentUrl\":\"http:\\\/\\\/fjala.shkoder.net\\\/wp-content\\\/uploads\\\/2011\\\/01\\\/zinxhiri_keputet-300x225.jpg\"},{\"@type\":\"BreadcrumbList\",\"@id\":\"https:\\\/\\\/fjala.info\\\/2009-2015\\\/ora-e-doreheqjes-si-profesionist\\\/#breadcrumb\",\"itemListElement\":[{\"@type\":\"ListItem\",\"position\":1,\"name\":\"Home\",\"item\":\"https:\\\/\\\/fjala.info\\\/2009-2015\\\/\"},{\"@type\":\"ListItem\",\"position\":2,\"name\":\"Ora e dor\u00ebheqjes si profesionist\"}]},{\"@type\":\"WebSite\",\"@id\":\"https:\\\/\\\/fjala.info\\\/2009-2015\\\/#website\",\"url\":\"https:\\\/\\\/fjala.info\\\/2009-2015\\\/\",\"name\":\"FjALA e LIR\u00cb - Arkivi\",\"description\":\"Arkivi 2009-2015\",\"publisher\":{\"@id\":\"https:\\\/\\\/fjala.info\\\/2009-2015\\\/#organization\"},\"potentialAction\":[{\"@type\":\"SearchAction\",\"target\":{\"@type\":\"EntryPoint\",\"urlTemplate\":\"https:\\\/\\\/fjala.info\\\/2009-2015\\\/?s={search_term_string}\"},\"query-input\":{\"@type\":\"PropertyValueSpecification\",\"valueRequired\":true,\"valueName\":\"search_term_string\"}}],\"inLanguage\":\"sq-AL\"},{\"@type\":\"Organization\",\"@id\":\"https:\\\/\\\/fjala.info\\\/2009-2015\\\/#organization\",\"name\":\"FjALA e LIR\u00cb - Arkivi\",\"url\":\"https:\\\/\\\/fjala.info\\\/2009-2015\\\/\",\"logo\":{\"@type\":\"ImageObject\",\"inLanguage\":\"sq-AL\",\"@id\":\"https:\\\/\\\/fjala.info\\\/2009-2015\\\/#\\\/schema\\\/logo\\\/image\\\/\",\"url\":\"\",\"contentUrl\":\"\",\"caption\":\"FjALA e LIR\u00cb - Arkivi\"},\"image\":{\"@id\":\"https:\\\/\\\/fjala.info\\\/2009-2015\\\/#\\\/schema\\\/logo\\\/image\\\/\"}},{\"@type\":\"Person\",\"@id\":\"https:\\\/\\\/fjala.info\\\/2009-2015\\\/#\\\/schema\\\/person\\\/3aa1163ef05469c496fc94e77611ada2\",\"name\":\"admin\",\"image\":{\"@type\":\"ImageObject\",\"inLanguage\":\"sq-AL\",\"@id\":\"https:\\\/\\\/fjala.info\\\/2009-2015\\\/wp-content\\\/uploads\\\/2012\\\/02\\\/arben_cokaj-120x150.jpg\",\"url\":\"https:\\\/\\\/fjala.info\\\/2009-2015\\\/wp-content\\\/uploads\\\/2012\\\/02\\\/arben_cokaj-120x150.jpg\",\"contentUrl\":\"https:\\\/\\\/fjala.info\\\/2009-2015\\\/wp-content\\\/uploads\\\/2012\\\/02\\\/arben_cokaj-120x150.jpg\",\"caption\":\"admin\"},\"description\":\"Admin, Fjala e Lir\u00eb\",\"sameAs\":[\"https:\\\/\\\/fjala.info\\\/\"],\"url\":\"https:\\\/\\\/fjala.info\\\/2009-2015\\\/author\\\/admin\\\/\"}]}<\/script>\n<!-- \/ Yoast SEO plugin. -->","yoast_head_json":{"title":"Ora e dor\u00ebheqjes si profesionist - FjALA e LIR\u00cb - Arkivi","robots":{"index":"index","follow":"follow","max-snippet":"max-snippet:-1","max-image-preview":"max-image-preview:large","max-video-preview":"max-video-preview:-1"},"canonical":"https:\/\/fjala.info\/2009-2015\/ora-e-doreheqjes-si-profesionist\/","og_locale":"sq_AL","og_type":"article","og_title":"Ora e dor\u00ebheqjes si profesionist - FjALA e LIR\u00cb - Arkivi","og_description":"Nga Pre\u00e7 Zogaj Do ta kisha evituar fjal\u00ebn &#8221; profesionist&#8221; p\u00ebr ta z\u00ebvend\u00ebsuar me togfjal\u00ebshin &#8220;burr\u00eb shteti&#8221;. Rrjedhimisht titulli i k\u00ebtij shkrimi do t\u00eb ishte &#8220;Ora e dor\u00ebheqjes si burr\u00eb shteti&#8221;. M\u00eb ket\u00eb rast do t\u00eb kisha p\u00ebrmendur dy-tre shembuj t\u00eb dor\u00ebheqjeve m\u00eb t\u00eb bujshme nga historia e qeverisjeve n\u00eb vendet demokratike. Dhe do t\u00eb [&hellip;]","og_url":"https:\/\/fjala.info\/2009-2015\/ora-e-doreheqjes-si-profesionist\/","og_site_name":"FjALA e LIR\u00cb - Arkivi","article_published_time":"2011-01-31T08:43:29+00:00","og_image":[{"url":"http:\/\/fjala.shkoder.net\/wp-content\/uploads\/2011\/01\/zinxhiri_keputet-300x225.jpg","type":"","width":"","height":""}],"author":"admin","twitter_card":"summary_large_image","twitter_misc":{"Written by":"admin","Est. reading time":"8 minutes"},"schema":{"@context":"https:\/\/schema.org","@graph":[{"@type":"Article","@id":"https:\/\/fjala.info\/2009-2015\/ora-e-doreheqjes-si-profesionist\/#article","isPartOf":{"@id":"https:\/\/fjala.info\/2009-2015\/ora-e-doreheqjes-si-profesionist\/"},"author":{"name":"admin","@id":"https:\/\/fjala.info\/2009-2015\/#\/schema\/person\/3aa1163ef05469c496fc94e77611ada2"},"headline":"Ora e dor\u00ebheqjes si profesionist","datePublished":"2011-01-31T08:43:29+00:00","mainEntityOfPage":{"@id":"https:\/\/fjala.info\/2009-2015\/ora-e-doreheqjes-si-profesionist\/"},"wordCount":1582,"commentCount":0,"publisher":{"@id":"https:\/\/fjala.info\/2009-2015\/#organization"},"image":{"@id":"https:\/\/fjala.info\/2009-2015\/ora-e-doreheqjes-si-profesionist\/#primaryimage"},"thumbnailUrl":"http:\/\/fjala.shkoder.net\/wp-content\/uploads\/2011\/01\/zinxhiri_keputet-300x225.jpg","articleSection":["Artikuj"],"inLanguage":"sq-AL","potentialAction":[{"@type":"CommentAction","name":"Comment","target":["https:\/\/fjala.info\/2009-2015\/ora-e-doreheqjes-si-profesionist\/#respond"]}]},{"@type":"WebPage","@id":"https:\/\/fjala.info\/2009-2015\/ora-e-doreheqjes-si-profesionist\/","url":"https:\/\/fjala.info\/2009-2015\/ora-e-doreheqjes-si-profesionist\/","name":"Ora e dor\u00ebheqjes si profesionist - FjALA e LIR\u00cb - Arkivi","isPartOf":{"@id":"https:\/\/fjala.info\/2009-2015\/#website"},"primaryImageOfPage":{"@id":"https:\/\/fjala.info\/2009-2015\/ora-e-doreheqjes-si-profesionist\/#primaryimage"},"image":{"@id":"https:\/\/fjala.info\/2009-2015\/ora-e-doreheqjes-si-profesionist\/#primaryimage"},"thumbnailUrl":"http:\/\/fjala.shkoder.net\/wp-content\/uploads\/2011\/01\/zinxhiri_keputet-300x225.jpg","datePublished":"2011-01-31T08:43:29+00:00","breadcrumb":{"@id":"https:\/\/fjala.info\/2009-2015\/ora-e-doreheqjes-si-profesionist\/#breadcrumb"},"inLanguage":"sq-AL","potentialAction":[{"@type":"ReadAction","target":["https:\/\/fjala.info\/2009-2015\/ora-e-doreheqjes-si-profesionist\/"]}]},{"@type":"ImageObject","inLanguage":"sq-AL","@id":"https:\/\/fjala.info\/2009-2015\/ora-e-doreheqjes-si-profesionist\/#primaryimage","url":"http:\/\/fjala.shkoder.net\/wp-content\/uploads\/2011\/01\/zinxhiri_keputet-300x225.jpg","contentUrl":"http:\/\/fjala.shkoder.net\/wp-content\/uploads\/2011\/01\/zinxhiri_keputet-300x225.jpg"},{"@type":"BreadcrumbList","@id":"https:\/\/fjala.info\/2009-2015\/ora-e-doreheqjes-si-profesionist\/#breadcrumb","itemListElement":[{"@type":"ListItem","position":1,"name":"Home","item":"https:\/\/fjala.info\/2009-2015\/"},{"@type":"ListItem","position":2,"name":"Ora e dor\u00ebheqjes si profesionist"}]},{"@type":"WebSite","@id":"https:\/\/fjala.info\/2009-2015\/#website","url":"https:\/\/fjala.info\/2009-2015\/","name":"FjALA e LIR\u00cb - Arkivi","description":"Arkivi 2009-2015","publisher":{"@id":"https:\/\/fjala.info\/2009-2015\/#organization"},"potentialAction":[{"@type":"SearchAction","target":{"@type":"EntryPoint","urlTemplate":"https:\/\/fjala.info\/2009-2015\/?s={search_term_string}"},"query-input":{"@type":"PropertyValueSpecification","valueRequired":true,"valueName":"search_term_string"}}],"inLanguage":"sq-AL"},{"@type":"Organization","@id":"https:\/\/fjala.info\/2009-2015\/#organization","name":"FjALA e LIR\u00cb - Arkivi","url":"https:\/\/fjala.info\/2009-2015\/","logo":{"@type":"ImageObject","inLanguage":"sq-AL","@id":"https:\/\/fjala.info\/2009-2015\/#\/schema\/logo\/image\/","url":"","contentUrl":"","caption":"FjALA e LIR\u00cb - Arkivi"},"image":{"@id":"https:\/\/fjala.info\/2009-2015\/#\/schema\/logo\/image\/"}},{"@type":"Person","@id":"https:\/\/fjala.info\/2009-2015\/#\/schema\/person\/3aa1163ef05469c496fc94e77611ada2","name":"admin","image":{"@type":"ImageObject","inLanguage":"sq-AL","@id":"https:\/\/fjala.info\/2009-2015\/wp-content\/uploads\/2012\/02\/arben_cokaj-120x150.jpg","url":"https:\/\/fjala.info\/2009-2015\/wp-content\/uploads\/2012\/02\/arben_cokaj-120x150.jpg","contentUrl":"https:\/\/fjala.info\/2009-2015\/wp-content\/uploads\/2012\/02\/arben_cokaj-120x150.jpg","caption":"admin"},"description":"Admin, Fjala e Lir\u00eb","sameAs":["https:\/\/fjala.info\/"],"url":"https:\/\/fjala.info\/2009-2015\/author\/admin\/"}]}},"_links":{"self":[{"href":"https:\/\/fjala.info\/2009-2015\/wp-json\/wp\/v2\/posts\/6052","targetHints":{"allow":["GET"]}}],"collection":[{"href":"https:\/\/fjala.info\/2009-2015\/wp-json\/wp\/v2\/posts"}],"about":[{"href":"https:\/\/fjala.info\/2009-2015\/wp-json\/wp\/v2\/types\/post"}],"author":[{"embeddable":true,"href":"https:\/\/fjala.info\/2009-2015\/wp-json\/wp\/v2\/users\/1"}],"replies":[{"embeddable":true,"href":"https:\/\/fjala.info\/2009-2015\/wp-json\/wp\/v2\/comments?post=6052"}],"version-history":[{"count":0,"href":"https:\/\/fjala.info\/2009-2015\/wp-json\/wp\/v2\/posts\/6052\/revisions"}],"wp:attachment":[{"href":"https:\/\/fjala.info\/2009-2015\/wp-json\/wp\/v2\/media?parent=6052"}],"wp:term":[{"taxonomy":"category","embeddable":true,"href":"https:\/\/fjala.info\/2009-2015\/wp-json\/wp\/v2\/categories?post=6052"},{"taxonomy":"post_tag","embeddable":true,"href":"https:\/\/fjala.info\/2009-2015\/wp-json\/wp\/v2\/tags?post=6052"}],"curies":[{"name":"wp","href":"https:\/\/api.w.org\/{rel}","templated":true}]}}