{"id":6049,"date":"2011-01-31T09:30:16","date_gmt":"2011-01-31T08:30:16","guid":{"rendered":"http:\/\/fjala.shkoder.net\/?p=6049"},"modified":"2011-01-31T09:30:16","modified_gmt":"2011-01-31T08:30:16","slug":"a-keshillohet-i-pakeshillueshmi","status":"publish","type":"post","link":"https:\/\/fjala.info\/2009-2015\/a-keshillohet-i-pakeshillueshmi\/","title":{"rendered":"A k\u00ebshillohet i pak\u00ebshillueshmi?"},"content":{"rendered":"<p><img loading=\"lazy\" decoding=\"async\" class=\"alignright size-medium wp-image-6057\" title=\"Sali Berisha\" src=\"http:\/\/fjala.shkoder.net\/wp-content\/uploads\/2011\/01\/sali_berisha-300x205.jpg\" alt=\"\" width=\"300\" height=\"205\" \/><\/p>\n<p>Nga <strong>Ilir Dhima<\/strong><\/p>\n<p>Tregojn\u00eb q\u00eb, mbi dy shekuj m\u00eb par\u00eb, n\u00eb Zvic\u00ebr dy bashk\u00ebshort\u00eb t\u00eb nj\u00eb familjeje t\u00eb njohur nga Gjeneva takuan Pestalocin, duke iu lutur k\u00ebtij themeluesim t\u00eb pedagogjis\u00eb moderne q\u00eb t\u00eb pranonte t\u00eb merrte p\u00ebrsip\u00ebr edukimin e f\u00ebmij\u00ebs s\u00eb tyre, sipas parimeve t\u00eb veta mjaft premtuese.<\/p>\n<p>Pas nj\u00eb \u00e7asti meditimi, Pestaloci i pyeti bashk\u00ebbiseduesit p\u00ebr mosh\u00ebn q\u00eb kishte djali i tyre, dhe prind\u00ebrit iu p\u00ebrgjigj\u00ebn q\u00eb e kishin shum\u00eb t\u00eb vog\u00ebl, vet\u00ebm 5 vje\u00e7. \u201cAh, \u00ebsht\u00eb tep\u00ebr i madh!\u201d \u2013 e mbylli bised\u00ebn pedagogu. Kjo goj\u00ebdh\u00ebn\u00eb e p\u00ebrhapur gjat\u00eb dhjet\u00ebra e dhjet\u00ebra viteve n\u00ebp\u00ebr shum\u00eb vende t\u00eb bot\u00ebs, prej koh\u00ebsh ka gjetur streh\u00eb edhe n\u00eb Shqip\u00ebri, ku \u00ebsht\u00eb p\u00ebrkthyer se, njeriu nis ta marr\u00eb edukat\u00ebn e tij me qum\u00ebshtin e gjirit.<\/p>\n<p>N\u00eb rastin e kryeministrit shqiptar, Sali Berisha, shqyrtimin e k\u00ebsaj teme \u00ebsht\u00eb v\u00ebshtir\u00eb ta fillosh q\u00eb prej foshnj\u00ebris\u00eb s\u00eb tij. Por, po t\u00eb shfletojm\u00eb sh\u00ebnimet e dikurshme t\u00eb Drit\u00ebro Agollit, t\u00eb cilin puna e gazetarit dikur e kishte shp\u00ebn\u00eb edhe n\u00eb fshatin e thell\u00eb Vi\u00e7idol t\u00eb Tropoj\u00ebs, m\u00ebsohet pak a shum\u00eb q\u00eb gjat\u00eb nj\u00eb t\u00eb bujture n\u00eb sht\u00ebpin\u00eb e Berish\u00ebs, i ati i k\u00ebtij i shpjegon mikut t\u00eb ardhur aty nga Tirana, se djali nuk po mblidhej h\u00ebp\u00ebrh\u00eb n\u00eb vat\u00ebr, ngaq\u00eb kishte dal\u00eb shkrepave t\u00eb k\u00ebrkonte dhin\u00eb, t\u00eb cil\u00ebn t\u00eb tjer\u00ebt e kishin gjetur dhe futur n\u00eb grazhdin e kafsh\u00ebve. Por, ndon\u00ebse k\u00ebt\u00eb ia kishin th\u00ebn\u00eb Sali sokolit, ky s\u2019kishte pranuar t\u00eb kthehej pa e gjetur dhin\u00eb ai dhe vet\u00ebm ai.<\/p>\n<p>M\u00eb von\u00eb e n\u00eb vazhdim, energjit\u00eb e tep\u00ebrta q\u00eb ka mbartur ky njeri n\u00ebp\u00ebr k\u00ebmb\u00eb e n\u00ebp\u00ebr goj\u00eb e b\u00ebn\u00eb k\u00ebt\u00eb, me sa duket, t\u00eb mos mund\u00eb kurr\u00eb q\u00eb t\u00eb arrij\u00eb nj\u00eb fleksibilitet t\u00eb pranuesh\u00ebm t\u00eb sistemit t\u00eb reagimit. Dhe, kur koha solli nevoj\u00ebn e domosdoshme t\u00eb ndryshimit t\u00eb menj\u00ebhersh\u00ebm n\u00eb vendin ton\u00eb t\u00eb krejt sistemit ekonomiko\u2013 social, ky Sali Berisha b\u00ebri nj\u00eb kthes\u00eb t\u00eb menj\u00ebhershme, duke u ulur n\u00eb karrigen e kreut t\u00eb shtetit, q\u00eb v\u00ebshtir\u00ebsit\u00eb e f\u00ebmij\u00ebris\u00eb dhe p\u00ebrunj\u00ebsit\u00eb e pjekuris\u00eb mbase ia kan\u00eb shfaqur ve\u00e7 n\u00eb \u00ebndrra. Megjithat\u00eb, kjo \u2018dhurat\u00eb\u2019 e koh\u00ebs nuk mundi s\u00eb paku ta pasuroj\u00eb me zot\u00ebrimin e aft\u00ebsis\u00eb q\u00eb t\u00eb shpreh\u00eb edhe hidh\u00ebrimin, q\u00eb ta pranoj\u00eb edhe at\u00eb. Prandaj ndodh\u00ebn ngjarjet fam\u00ebkeqe t\u00eb 1997 \u2013 s. Prandaj po ndodhin edhe k\u00ebto t\u00eb sotmet.<\/p>\n<p>T\u00eb p\u00ebrshkruhen n\u00eb k\u00ebto radh\u00eb detaje t\u00eb kronik\u00ebs s\u00eb zez\u00eb t\u00eb k\u00ebtyre dit\u00ebve, pa dyshim q\u00eb kjo do t\u2019i ngjallte krup\u00eb e lig\u00ebshtim \u00e7do lexuesi q\u00eb po i p\u00ebrjeton ato, t\u00eb gjalla \u00e7do dit\u00eb e \u00e7do minut\u00eb. Por, sidoqoft\u00eb, do t\u00eb ishte shprehje e nj\u00eb naiviteti t\u00eb plot\u00eb po t\u00eb mendohet e t\u00eb deklarohet, se kjo kronik\u00eb ndodhi si nj\u00eb rrufe n\u00eb qiell t\u00eb past\u00ebr. N\u00eb t\u00eb v\u00ebrtet\u00eb, ajo s\u2019\u00ebsht\u00eb ve\u00e7se pjell\u00eb e nj\u00eb ngarkese kobzez\u00eb t\u00eb plot viteve n\u00ebn sundimin e Sali Berish\u00ebs, q\u00eb nuk mbeti pa sp\u00ebrkatur nj\u00eb popull t\u00eb t\u00ebr\u00eb edhe me gjakrat e G\u00ebrdecit. Nd\u00ebrsa, p\u00ebr t\u00eb tashmen, mund t\u00eb mjaftoj\u00eb t\u00eb p\u00ebrmendet qoft\u00eb edhe periudha e 20 muajve t\u00eb fundit, kur pjesa m\u00eb e madhe e popullsis\u00eb u b\u00eb d\u00ebshmitare e nj\u00eb grabitjeje t\u00eb votave dhe pothuajse t\u00ebr\u00eb pasuris\u00eb s\u00eb tij.<\/p>\n<p>N\u00eb k\u00ebto rrethana, q\u00eb kombet e qytet\u00ebruara i kan\u00eb arkivuar prej koh\u00ebsh n\u00ebn pluhurat e s\u00eb kaluar\u00ebs, nd\u00ebrkomb\u00ebtar\u00ebt jo nj\u00eb her\u00eb b\u00ebn\u00eb thirrje p\u00ebr t\u00eb arritur nj\u00eb konsensus, p\u00ebr t\u00eb zgjidhur kriz\u00ebn, p\u00ebr t\u00eb shtruar normalitetin. Por, asgj\u00eb nuk u ndryshua, \u00e7do e keqe ve\u00e7se u thellua. Sepse, nd\u00ebr t\u00eb tjera, Berisha iu fut edhe karrier\u00ebs s\u00eb aktorit n\u00eb role shekspiriane, nj\u00eb prej t\u00eb cil\u00ebve te \u201cHamleti\u201d u drejtohet t\u00eb gjith\u00ebve: \u201cBiseda m\u00eb e men\u00e7ur p\u00ebrgjumet te nj\u00eb kok\u00ebkrisur\u201d.<\/p>\n<p>Ashtu si\u00e7 paralajm\u00ebroi m\u00eb von\u00eb edhe G\u00ebte: \u201cFjala m\u00eb e lumtur kthehet n\u00eb nj\u00eb mo\u00e7al\/n\u00ebse ai q\u00eb e d\u00ebgjon e ka veshin t\u00eb \u00e7al\u00eb\u201d. Apo, n\u00eb plot\u00ebsim t\u00eb k\u00ebtyre th\u00ebnieve, Christian Gellert Furchtegot: \u201cVet\u00ebm nj\u00eb mjet \u00ebsht\u00eb i mundur,\/por tep\u00ebrisht i v\u00ebshtir\u00eb n\u00eb t\u00eb v\u00ebrtet\u00eb,\/t\u00eb \u00e7mendurit duhet t\u00eb b\u00ebhen t\u00eb men\u00e7ur.\/Dhe meq\u00eb kjo nuk ka p\u00ebr t\u00eb ndodhur kurr\u00eb,\/ata do t\u00eb gjykojn\u00eb me syt\u00eb e tyre,\/por kurrsesi me ndonj\u00eb arsye\u201d.<\/p>\n<p>Dhe, ndodhi ajo q\u00eb ndodhi. Nisi si nj\u00eb protest\u00eb popullore. Si nj\u00eb protest\u00eb e ligjshme. E till\u00eb, sepse \u00e7dokush ka t\u00eb drejt\u00ebn e liris\u00eb s\u00eb tubimit paq\u00ebsor dhe se ushtrimi i k\u00ebsaj t\u00eb drejte nuk mund t\u2019i n\u00ebnshtrohet kufizimeve t\u00eb tjera p\u00ebrve\u00e7 atyre q\u00eb, t\u00eb parashikuara me ligj, n\u00eb nj\u00eb shoq\u00ebri demokratike p\u00ebrb\u00ebjn\u00eb masa t\u00eb domosdoshme p\u00ebr sigurimin komb\u00ebtar, p\u00ebr sigurin\u00eb publike, p\u00ebr mbrojtjen e rendit dhe parandalimin e krimit, p\u00ebr ruajtjen e sh\u00ebndetin ose t\u00eb moralit, p\u00ebr mbrojtjen e t\u00eb drejtave dhe t\u00eb lirive t\u00eb t\u00eb tjer\u00ebve.<\/p>\n<p>Do t\u00eb ishte v\u00ebrtet e tep\u00ebrt q\u00eb t\u00eb jepen k\u00ebtu shpjegime, se gjat\u00eb asaj pasditeje t\u00eb 21 janarit pjes\u00ebtar\u00eb t\u00eb forcave t\u00eb rendit dhe t\u00eb Gard\u00ebs s\u00eb Republik\u00ebs, n\u00ebn urdhrat e jasht\u00ebligjshme jo q\u00eb nuk e ruajt\u00ebn moralin qytetar, por e degjeneruan at\u00eb n\u00eb form\u00eb demaskuese; jo vet\u00ebm q\u00eb nuk i ruajt\u00ebn institucionet, por i diskredituan, duke deformuar edhe m\u00eb tep\u00ebr performanc\u00ebn e tyre.<\/p>\n<p>N\u00ebse rreth atyre rreziqeve q\u00eb artikulon \u00e7\u2019rregullisht Berisha, organet e policis\u00eb do t\u00eb kishin v\u00ebrtet t\u00eb dh\u00ebna paraprake, at\u00ebher\u00eb ato nuk kishin p\u00ebrse pritnin zhvillimin e demonstrat\u00ebs p\u00ebr t\u00eb b\u00ebr\u00eb k\u00ebrdin\u00eb. Mos vall\u00eb vet\u00ebm n\u00ebp\u00ebrmjet saj do t\u00eb qe e mundur t\u00eb identifikoheshin demek kontingjentet kriminale dhe terroriste, pjes\u00ebmarrja e t\u00eb cil\u00ebve u trumbetua p\u00ebrpara dhe pas zhvillimit t\u00eb demonstrat\u00ebs?<\/p>\n<p>Q\u00eb k\u00ebtej merr kuptim edhe motivi i nj\u00eb g\u00ebnjeshtre tjet\u00ebr t\u00eb madhe t\u00eb Berish\u00ebs dhe altoparlant\u00ebve t\u00eb tij. Por, si\u00e7 dihet prej t\u00eb gjith\u00ebve, g\u00ebnjeshtra asnj\u00ebher\u00eb nuk mund t\u00eb paraqes\u00eb rrug\u00ebn e v\u00ebrtet\u00eb. Ajo mund t\u00eb kursej\u00eb a t\u00eb shtyj\u00eb ca koh\u00eb dhe, m\u00eb s\u00eb keqi, n\u00ebse ky lloj veprimi b\u00ebhet mjet jetese apo qeverisjeje, p\u00ebrkushtimi ndaj t\u00eb v\u00ebrtet\u00ebs shnd\u00ebrrohet n\u00eb devotshm\u00ebri ndaj mbrojtjes s\u00eb mashtrimit. Kjo u v\u00ebrtetua p\u00ebrs\u00ebri dhe m\u00eb s\u00eb miri gjat\u00eb nj\u00eb jave t\u00eb vetme.<\/p>\n<p>Sali Berisha, q\u00eb n\u00eb vend t\u00eb dinjitetit ka g\u00ebnjeshtr\u00ebn si di\u00e7ka imanente, n\u00eb fillim deklaroi q\u00eb njer\u00ebzit protestues kishin ardhur t\u00eb armatosur. Po p\u00ebrse at\u00ebher\u00eb asnj\u00eb nga ata 113 vet\u00eb q\u00eb policia i ndaloi dhun\u00ebsisht n\u00eb birucat e f\u00eblliqura t\u00eb komisariateve, nuk rezultoi i dyshuar p\u00ebr terroriz\u00ebm?! Po p\u00ebrse at\u00ebher\u00eb menj\u00ebher\u00eb u v\u00ebrtetua e kund\u00ebrta e asaj p\u00ebr t\u00eb cil\u00ebn Berisha pati kuraj\u00ebn t\u2019u referohej \u201ct\u00eb dh\u00ebnave paraprake\u201d t\u00eb veta, se t\u00eb vrar\u00ebt kishin humbur jet\u00ebn prej t\u00eb sht\u00ebnave nga af\u00ebr me revolver?!.<\/p>\n<p>Pra, pas t\u00ebr\u00eb atij skenari t\u00eb parealizuar mir\u00eb, Kryeministrit nuk i ka mbetur gj\u00eb tjet\u00ebr ve\u00e7se t\u00eb sajoj\u00eb nj\u00eb g\u00ebnjesht\u00ebr m\u00eb t\u00eb madhe t\u00eb dozave t\u00eb shfrenimit, sipas s\u00eb cil\u00ebs gjith\u00e7ka q\u00eb kishte ndodhur qe reagim ndaj nj\u00eb pu\u00e7i institucional, ndaj nj\u00eb grushti shteti.<\/p>\n<p>N\u00eb kuad\u00ebr t\u00eb k\u00ebsaj skeme, p\u00ebrs\u00ebri \u00ebsht\u00eb Kryeministri ai q\u00eb, krahas k\u00ebrc\u00ebnimeve dhe shpifjeve me efekte t\u00eb rrezikshme, tenton t\u00eb implikoj\u00eb edhe ushtrin\u00eb p\u00ebr \u2018mbrojtjen\u2019 e tij. Nd\u00ebrmerr, gjithashtu, edhe nj\u00eb nism\u00eb tjet\u00ebr antikushtetuese dhe plot\u00ebsisht shkat\u00ebrruese t\u00eb natyr\u00ebs s\u00eb shtetit: n\u00ebn urdhrin e tij, Kuvendi i Shqip\u00ebris\u00eb zhvilloi befasish\u00ebm nj\u00eb mbledhje t\u00eb jasht\u00ebzakonshme dhe p\u00ebrs\u00ebri n\u00ebn urdhrin e atij, pa pranin\u00eb e deputet\u00ebve t\u00eb opozit\u00ebs, ngrihet nj\u00eb komision hetimor p\u00ebr t\u2019i b\u00ebr\u00eb \u2018gjyqin politik\u2019 institucioneve kushtetuese, p\u00ebr t\u00eb paralizuar veprimtarin\u00eb e Prokuroris\u00eb, p\u00ebr t\u00eb \u2018legjitimuar\u2019 k\u00ebshtu mosdor\u00ebzimin pran\u00eb organit t\u00eb akuz\u00ebs, t\u00eb gardist\u00ebve dhe krer\u00ebve t\u00eb tyre.<\/p>\n<p>Pa u zgjatur me listimin e masave represive q\u00eb nd\u00ebrmerr aktualisht Sali Berisha, t\u00eb cilat po e shnd\u00ebrrojn\u00eb klik\u00ebn e tij n\u00eb nj\u00eb junt\u00eb policore, p\u00ebr \u00e7ka do t\u00eb shkruajm\u00eb s\u00eb shpejti, nuk mund t\u00eb lihet pa p\u00ebrmendur nj\u00eb fakt i padiskutuesh\u00ebm, q\u00eb mund t\u2019ia shtoj\u00eb atij oreksin p\u00ebr akte dhune t\u00eb m\u00ebtejshme, si ta z\u00ebr\u00eb gjaku p\u00ebr krime t\u00eb tjera, apo p\u00ebr t\u2019u ngjar\u00eb disave q\u00eb qysh m\u00eb par\u00eb vendosin p\u00ebr t\u2019u vet\u00ebvrar\u00eb: m\u00eb 21 janar u plagos\u00ebn dhjet\u00ebra qytetar\u00eb, m\u00eb 21 janar u vran\u00eb tre njer\u00ebz t\u00eb pafajsh\u00ebm, por m\u00eb 21 janar u vra gjithashtu edhe frika e qindra mij\u00ebra t\u00eb tjer\u00ebve, q\u00eb i ndajn\u00eb k\u00ebtej e tutje me regjimin e nj\u00eb personi t\u00eb njohur p\u00ebr personalitet t\u00eb \u00e7\u2019rregulluar, fatkeq\u00ebsisht gjurm\u00ebt e gjakut.<\/p>\n<p>Prandaj, mbase e para gj\u00eb q\u00eb duhet k\u00ebrkuar \u00ebsht\u00eb largimi i k\u00ebtij personi nga pushteti i dhun\u00ebs, p\u00ebr t\u2019iu kthyer normaliteti jet\u00ebs n\u00eb Shqip\u00ebri, p\u00ebr t\u00eb filluar ajo t\u2019u afrohet modeleve europiane, p\u00ebr t\u2019u hapur rrug\u00eb zgjedhjeve t\u00eb parakohshme. K\u00ebshtu q\u00eb, nd\u00ebrkomb\u00ebtar\u00ebt e niveleve diplomatike po t\u00eb vazhdonin pafund\u00ebsisht t\u00eb k\u00ebrkonin n\u00eb goj\u00ebn e Sali Berish\u00ebs gjuh\u00ebn e dialogut dhe t\u00eb konsensusit, kjo m\u00eb t\u00eb pakt\u00ebn do t\u00eb shprehej si nj\u00eb zvarritje e koh\u00ebs. Sepse, a mund t\u00eb k\u00ebshillohet i pak\u00ebshillueshmi?<\/p>\n","protected":false},"excerpt":{"rendered":"<p>Nga Ilir Dhima Tregojn\u00eb q\u00eb, mbi dy shekuj m\u00eb par\u00eb, n\u00eb Zvic\u00ebr dy bashk\u00ebshort\u00eb t\u00eb nj\u00eb familjeje t\u00eb njohur nga Gjeneva takuan Pestalocin, duke iu lutur k\u00ebtij themeluesim t\u00eb pedagogjis\u00eb moderne q\u00eb t\u00eb pranonte t\u00eb merrte p\u00ebrsip\u00ebr edukimin e f\u00ebmij\u00ebs s\u00eb tyre, sipas parimeve t\u00eb veta mjaft premtuese. Pas nj\u00eb \u00e7asti meditimi, Pestaloci i pyeti [&hellip;]<\/p>\n","protected":false},"author":1,"featured_media":0,"comment_status":"open","ping_status":"closed","sticky":false,"template":"","format":"standard","meta":{"footnotes":""},"categories":[2],"tags":[],"class_list":{"0":"post-6049","1":"post","2":"type-post","3":"status-publish","4":"format-standard","6":"category-artikuj"},"yoast_head":"<!-- This site is optimized with the Yoast SEO plugin v27.4 - https:\/\/yoast.com\/product\/yoast-seo-wordpress\/ -->\n<title>A k\u00ebshillohet i pak\u00ebshillueshmi? - FjALA e LIR\u00cb - Arkivi<\/title>\n<meta name=\"robots\" content=\"index, follow, max-snippet:-1, max-image-preview:large, max-video-preview:-1\" \/>\n<link rel=\"canonical\" href=\"https:\/\/fjala.info\/2009-2015\/a-keshillohet-i-pakeshillueshmi\/\" \/>\n<meta property=\"og:locale\" content=\"sq_AL\" \/>\n<meta property=\"og:type\" content=\"article\" \/>\n<meta property=\"og:title\" content=\"A k\u00ebshillohet i pak\u00ebshillueshmi? - FjALA e LIR\u00cb - Arkivi\" \/>\n<meta property=\"og:description\" content=\"Nga Ilir Dhima Tregojn\u00eb q\u00eb, mbi dy shekuj m\u00eb par\u00eb, n\u00eb Zvic\u00ebr dy bashk\u00ebshort\u00eb t\u00eb nj\u00eb familjeje t\u00eb njohur nga Gjeneva takuan Pestalocin, duke iu lutur k\u00ebtij themeluesim t\u00eb pedagogjis\u00eb moderne q\u00eb t\u00eb pranonte t\u00eb merrte p\u00ebrsip\u00ebr edukimin e f\u00ebmij\u00ebs s\u00eb tyre, sipas parimeve t\u00eb veta mjaft premtuese. Pas nj\u00eb \u00e7asti meditimi, Pestaloci i pyeti [&hellip;]\" \/>\n<meta property=\"og:url\" content=\"https:\/\/fjala.info\/2009-2015\/a-keshillohet-i-pakeshillueshmi\/\" \/>\n<meta property=\"og:site_name\" content=\"FjALA e LIR\u00cb - Arkivi\" \/>\n<meta property=\"article:published_time\" content=\"2011-01-31T08:30:16+00:00\" \/>\n<meta property=\"og:image\" content=\"http:\/\/fjala.shkoder.net\/wp-content\/uploads\/2011\/01\/sali_berisha-300x205.jpg\" \/>\n<meta name=\"author\" content=\"admin\" \/>\n<meta name=\"twitter:card\" content=\"summary_large_image\" \/>\n<meta name=\"twitter:label1\" content=\"Written by\" \/>\n\t<meta name=\"twitter:data1\" content=\"admin\" \/>\n\t<meta name=\"twitter:label2\" content=\"Est. reading time\" \/>\n\t<meta name=\"twitter:data2\" content=\"8 minutes\" \/>\n<script type=\"application\/ld+json\" class=\"yoast-schema-graph\">{\"@context\":\"https:\\\/\\\/schema.org\",\"@graph\":[{\"@type\":\"Article\",\"@id\":\"https:\\\/\\\/fjala.info\\\/2009-2015\\\/a-keshillohet-i-pakeshillueshmi\\\/#article\",\"isPartOf\":{\"@id\":\"https:\\\/\\\/fjala.info\\\/2009-2015\\\/a-keshillohet-i-pakeshillueshmi\\\/\"},\"author\":{\"name\":\"admin\",\"@id\":\"https:\\\/\\\/fjala.info\\\/2009-2015\\\/#\\\/schema\\\/person\\\/3aa1163ef05469c496fc94e77611ada2\"},\"headline\":\"A k\u00ebshillohet i pak\u00ebshillueshmi?\",\"datePublished\":\"2011-01-31T08:30:16+00:00\",\"mainEntityOfPage\":{\"@id\":\"https:\\\/\\\/fjala.info\\\/2009-2015\\\/a-keshillohet-i-pakeshillueshmi\\\/\"},\"wordCount\":1701,\"commentCount\":0,\"publisher\":{\"@id\":\"https:\\\/\\\/fjala.info\\\/2009-2015\\\/#organization\"},\"image\":{\"@id\":\"https:\\\/\\\/fjala.info\\\/2009-2015\\\/a-keshillohet-i-pakeshillueshmi\\\/#primaryimage\"},\"thumbnailUrl\":\"http:\\\/\\\/fjala.shkoder.net\\\/wp-content\\\/uploads\\\/2011\\\/01\\\/sali_berisha-300x205.jpg\",\"articleSection\":[\"Artikuj\"],\"inLanguage\":\"sq-AL\",\"potentialAction\":[{\"@type\":\"CommentAction\",\"name\":\"Comment\",\"target\":[\"https:\\\/\\\/fjala.info\\\/2009-2015\\\/a-keshillohet-i-pakeshillueshmi\\\/#respond\"]}]},{\"@type\":\"WebPage\",\"@id\":\"https:\\\/\\\/fjala.info\\\/2009-2015\\\/a-keshillohet-i-pakeshillueshmi\\\/\",\"url\":\"https:\\\/\\\/fjala.info\\\/2009-2015\\\/a-keshillohet-i-pakeshillueshmi\\\/\",\"name\":\"A k\u00ebshillohet i pak\u00ebshillueshmi? - FjALA e LIR\u00cb - Arkivi\",\"isPartOf\":{\"@id\":\"https:\\\/\\\/fjala.info\\\/2009-2015\\\/#website\"},\"primaryImageOfPage\":{\"@id\":\"https:\\\/\\\/fjala.info\\\/2009-2015\\\/a-keshillohet-i-pakeshillueshmi\\\/#primaryimage\"},\"image\":{\"@id\":\"https:\\\/\\\/fjala.info\\\/2009-2015\\\/a-keshillohet-i-pakeshillueshmi\\\/#primaryimage\"},\"thumbnailUrl\":\"http:\\\/\\\/fjala.shkoder.net\\\/wp-content\\\/uploads\\\/2011\\\/01\\\/sali_berisha-300x205.jpg\",\"datePublished\":\"2011-01-31T08:30:16+00:00\",\"breadcrumb\":{\"@id\":\"https:\\\/\\\/fjala.info\\\/2009-2015\\\/a-keshillohet-i-pakeshillueshmi\\\/#breadcrumb\"},\"inLanguage\":\"sq-AL\",\"potentialAction\":[{\"@type\":\"ReadAction\",\"target\":[\"https:\\\/\\\/fjala.info\\\/2009-2015\\\/a-keshillohet-i-pakeshillueshmi\\\/\"]}]},{\"@type\":\"ImageObject\",\"inLanguage\":\"sq-AL\",\"@id\":\"https:\\\/\\\/fjala.info\\\/2009-2015\\\/a-keshillohet-i-pakeshillueshmi\\\/#primaryimage\",\"url\":\"http:\\\/\\\/fjala.shkoder.net\\\/wp-content\\\/uploads\\\/2011\\\/01\\\/sali_berisha-300x205.jpg\",\"contentUrl\":\"http:\\\/\\\/fjala.shkoder.net\\\/wp-content\\\/uploads\\\/2011\\\/01\\\/sali_berisha-300x205.jpg\"},{\"@type\":\"BreadcrumbList\",\"@id\":\"https:\\\/\\\/fjala.info\\\/2009-2015\\\/a-keshillohet-i-pakeshillueshmi\\\/#breadcrumb\",\"itemListElement\":[{\"@type\":\"ListItem\",\"position\":1,\"name\":\"Home\",\"item\":\"https:\\\/\\\/fjala.info\\\/2009-2015\\\/\"},{\"@type\":\"ListItem\",\"position\":2,\"name\":\"A k\u00ebshillohet i pak\u00ebshillueshmi?\"}]},{\"@type\":\"WebSite\",\"@id\":\"https:\\\/\\\/fjala.info\\\/2009-2015\\\/#website\",\"url\":\"https:\\\/\\\/fjala.info\\\/2009-2015\\\/\",\"name\":\"FjALA e LIR\u00cb - Arkivi\",\"description\":\"Arkivi 2009-2015\",\"publisher\":{\"@id\":\"https:\\\/\\\/fjala.info\\\/2009-2015\\\/#organization\"},\"potentialAction\":[{\"@type\":\"SearchAction\",\"target\":{\"@type\":\"EntryPoint\",\"urlTemplate\":\"https:\\\/\\\/fjala.info\\\/2009-2015\\\/?s={search_term_string}\"},\"query-input\":{\"@type\":\"PropertyValueSpecification\",\"valueRequired\":true,\"valueName\":\"search_term_string\"}}],\"inLanguage\":\"sq-AL\"},{\"@type\":\"Organization\",\"@id\":\"https:\\\/\\\/fjala.info\\\/2009-2015\\\/#organization\",\"name\":\"FjALA e LIR\u00cb - Arkivi\",\"url\":\"https:\\\/\\\/fjala.info\\\/2009-2015\\\/\",\"logo\":{\"@type\":\"ImageObject\",\"inLanguage\":\"sq-AL\",\"@id\":\"https:\\\/\\\/fjala.info\\\/2009-2015\\\/#\\\/schema\\\/logo\\\/image\\\/\",\"url\":\"\",\"contentUrl\":\"\",\"caption\":\"FjALA e LIR\u00cb - Arkivi\"},\"image\":{\"@id\":\"https:\\\/\\\/fjala.info\\\/2009-2015\\\/#\\\/schema\\\/logo\\\/image\\\/\"}},{\"@type\":\"Person\",\"@id\":\"https:\\\/\\\/fjala.info\\\/2009-2015\\\/#\\\/schema\\\/person\\\/3aa1163ef05469c496fc94e77611ada2\",\"name\":\"admin\",\"image\":{\"@type\":\"ImageObject\",\"inLanguage\":\"sq-AL\",\"@id\":\"https:\\\/\\\/fjala.info\\\/2009-2015\\\/wp-content\\\/uploads\\\/2012\\\/02\\\/arben_cokaj-120x150.jpg\",\"url\":\"https:\\\/\\\/fjala.info\\\/2009-2015\\\/wp-content\\\/uploads\\\/2012\\\/02\\\/arben_cokaj-120x150.jpg\",\"contentUrl\":\"https:\\\/\\\/fjala.info\\\/2009-2015\\\/wp-content\\\/uploads\\\/2012\\\/02\\\/arben_cokaj-120x150.jpg\",\"caption\":\"admin\"},\"description\":\"Admin, Fjala e Lir\u00eb\",\"sameAs\":[\"https:\\\/\\\/fjala.info\\\/\"],\"url\":\"https:\\\/\\\/fjala.info\\\/2009-2015\\\/author\\\/admin\\\/\"}]}<\/script>\n<!-- \/ Yoast SEO plugin. -->","yoast_head_json":{"title":"A k\u00ebshillohet i pak\u00ebshillueshmi? - FjALA e LIR\u00cb - Arkivi","robots":{"index":"index","follow":"follow","max-snippet":"max-snippet:-1","max-image-preview":"max-image-preview:large","max-video-preview":"max-video-preview:-1"},"canonical":"https:\/\/fjala.info\/2009-2015\/a-keshillohet-i-pakeshillueshmi\/","og_locale":"sq_AL","og_type":"article","og_title":"A k\u00ebshillohet i pak\u00ebshillueshmi? - FjALA e LIR\u00cb - Arkivi","og_description":"Nga Ilir Dhima Tregojn\u00eb q\u00eb, mbi dy shekuj m\u00eb par\u00eb, n\u00eb Zvic\u00ebr dy bashk\u00ebshort\u00eb t\u00eb nj\u00eb familjeje t\u00eb njohur nga Gjeneva takuan Pestalocin, duke iu lutur k\u00ebtij themeluesim t\u00eb pedagogjis\u00eb moderne q\u00eb t\u00eb pranonte t\u00eb merrte p\u00ebrsip\u00ebr edukimin e f\u00ebmij\u00ebs s\u00eb tyre, sipas parimeve t\u00eb veta mjaft premtuese. Pas nj\u00eb \u00e7asti meditimi, Pestaloci i pyeti [&hellip;]","og_url":"https:\/\/fjala.info\/2009-2015\/a-keshillohet-i-pakeshillueshmi\/","og_site_name":"FjALA e LIR\u00cb - Arkivi","article_published_time":"2011-01-31T08:30:16+00:00","og_image":[{"url":"http:\/\/fjala.shkoder.net\/wp-content\/uploads\/2011\/01\/sali_berisha-300x205.jpg","type":"","width":"","height":""}],"author":"admin","twitter_card":"summary_large_image","twitter_misc":{"Written by":"admin","Est. reading time":"8 minutes"},"schema":{"@context":"https:\/\/schema.org","@graph":[{"@type":"Article","@id":"https:\/\/fjala.info\/2009-2015\/a-keshillohet-i-pakeshillueshmi\/#article","isPartOf":{"@id":"https:\/\/fjala.info\/2009-2015\/a-keshillohet-i-pakeshillueshmi\/"},"author":{"name":"admin","@id":"https:\/\/fjala.info\/2009-2015\/#\/schema\/person\/3aa1163ef05469c496fc94e77611ada2"},"headline":"A k\u00ebshillohet i pak\u00ebshillueshmi?","datePublished":"2011-01-31T08:30:16+00:00","mainEntityOfPage":{"@id":"https:\/\/fjala.info\/2009-2015\/a-keshillohet-i-pakeshillueshmi\/"},"wordCount":1701,"commentCount":0,"publisher":{"@id":"https:\/\/fjala.info\/2009-2015\/#organization"},"image":{"@id":"https:\/\/fjala.info\/2009-2015\/a-keshillohet-i-pakeshillueshmi\/#primaryimage"},"thumbnailUrl":"http:\/\/fjala.shkoder.net\/wp-content\/uploads\/2011\/01\/sali_berisha-300x205.jpg","articleSection":["Artikuj"],"inLanguage":"sq-AL","potentialAction":[{"@type":"CommentAction","name":"Comment","target":["https:\/\/fjala.info\/2009-2015\/a-keshillohet-i-pakeshillueshmi\/#respond"]}]},{"@type":"WebPage","@id":"https:\/\/fjala.info\/2009-2015\/a-keshillohet-i-pakeshillueshmi\/","url":"https:\/\/fjala.info\/2009-2015\/a-keshillohet-i-pakeshillueshmi\/","name":"A k\u00ebshillohet i pak\u00ebshillueshmi? - FjALA e LIR\u00cb - Arkivi","isPartOf":{"@id":"https:\/\/fjala.info\/2009-2015\/#website"},"primaryImageOfPage":{"@id":"https:\/\/fjala.info\/2009-2015\/a-keshillohet-i-pakeshillueshmi\/#primaryimage"},"image":{"@id":"https:\/\/fjala.info\/2009-2015\/a-keshillohet-i-pakeshillueshmi\/#primaryimage"},"thumbnailUrl":"http:\/\/fjala.shkoder.net\/wp-content\/uploads\/2011\/01\/sali_berisha-300x205.jpg","datePublished":"2011-01-31T08:30:16+00:00","breadcrumb":{"@id":"https:\/\/fjala.info\/2009-2015\/a-keshillohet-i-pakeshillueshmi\/#breadcrumb"},"inLanguage":"sq-AL","potentialAction":[{"@type":"ReadAction","target":["https:\/\/fjala.info\/2009-2015\/a-keshillohet-i-pakeshillueshmi\/"]}]},{"@type":"ImageObject","inLanguage":"sq-AL","@id":"https:\/\/fjala.info\/2009-2015\/a-keshillohet-i-pakeshillueshmi\/#primaryimage","url":"http:\/\/fjala.shkoder.net\/wp-content\/uploads\/2011\/01\/sali_berisha-300x205.jpg","contentUrl":"http:\/\/fjala.shkoder.net\/wp-content\/uploads\/2011\/01\/sali_berisha-300x205.jpg"},{"@type":"BreadcrumbList","@id":"https:\/\/fjala.info\/2009-2015\/a-keshillohet-i-pakeshillueshmi\/#breadcrumb","itemListElement":[{"@type":"ListItem","position":1,"name":"Home","item":"https:\/\/fjala.info\/2009-2015\/"},{"@type":"ListItem","position":2,"name":"A k\u00ebshillohet i pak\u00ebshillueshmi?"}]},{"@type":"WebSite","@id":"https:\/\/fjala.info\/2009-2015\/#website","url":"https:\/\/fjala.info\/2009-2015\/","name":"FjALA e LIR\u00cb - Arkivi","description":"Arkivi 2009-2015","publisher":{"@id":"https:\/\/fjala.info\/2009-2015\/#organization"},"potentialAction":[{"@type":"SearchAction","target":{"@type":"EntryPoint","urlTemplate":"https:\/\/fjala.info\/2009-2015\/?s={search_term_string}"},"query-input":{"@type":"PropertyValueSpecification","valueRequired":true,"valueName":"search_term_string"}}],"inLanguage":"sq-AL"},{"@type":"Organization","@id":"https:\/\/fjala.info\/2009-2015\/#organization","name":"FjALA e LIR\u00cb - Arkivi","url":"https:\/\/fjala.info\/2009-2015\/","logo":{"@type":"ImageObject","inLanguage":"sq-AL","@id":"https:\/\/fjala.info\/2009-2015\/#\/schema\/logo\/image\/","url":"","contentUrl":"","caption":"FjALA e LIR\u00cb - Arkivi"},"image":{"@id":"https:\/\/fjala.info\/2009-2015\/#\/schema\/logo\/image\/"}},{"@type":"Person","@id":"https:\/\/fjala.info\/2009-2015\/#\/schema\/person\/3aa1163ef05469c496fc94e77611ada2","name":"admin","image":{"@type":"ImageObject","inLanguage":"sq-AL","@id":"https:\/\/fjala.info\/2009-2015\/wp-content\/uploads\/2012\/02\/arben_cokaj-120x150.jpg","url":"https:\/\/fjala.info\/2009-2015\/wp-content\/uploads\/2012\/02\/arben_cokaj-120x150.jpg","contentUrl":"https:\/\/fjala.info\/2009-2015\/wp-content\/uploads\/2012\/02\/arben_cokaj-120x150.jpg","caption":"admin"},"description":"Admin, Fjala e Lir\u00eb","sameAs":["https:\/\/fjala.info\/"],"url":"https:\/\/fjala.info\/2009-2015\/author\/admin\/"}]}},"_links":{"self":[{"href":"https:\/\/fjala.info\/2009-2015\/wp-json\/wp\/v2\/posts\/6049","targetHints":{"allow":["GET"]}}],"collection":[{"href":"https:\/\/fjala.info\/2009-2015\/wp-json\/wp\/v2\/posts"}],"about":[{"href":"https:\/\/fjala.info\/2009-2015\/wp-json\/wp\/v2\/types\/post"}],"author":[{"embeddable":true,"href":"https:\/\/fjala.info\/2009-2015\/wp-json\/wp\/v2\/users\/1"}],"replies":[{"embeddable":true,"href":"https:\/\/fjala.info\/2009-2015\/wp-json\/wp\/v2\/comments?post=6049"}],"version-history":[{"count":0,"href":"https:\/\/fjala.info\/2009-2015\/wp-json\/wp\/v2\/posts\/6049\/revisions"}],"wp:attachment":[{"href":"https:\/\/fjala.info\/2009-2015\/wp-json\/wp\/v2\/media?parent=6049"}],"wp:term":[{"taxonomy":"category","embeddable":true,"href":"https:\/\/fjala.info\/2009-2015\/wp-json\/wp\/v2\/categories?post=6049"},{"taxonomy":"post_tag","embeddable":true,"href":"https:\/\/fjala.info\/2009-2015\/wp-json\/wp\/v2\/tags?post=6049"}],"curies":[{"name":"wp","href":"https:\/\/api.w.org\/{rel}","templated":true}]}}