{"id":6046,"date":"2011-01-30T22:05:28","date_gmt":"2011-01-30T21:05:28","guid":{"rendered":"http:\/\/fjala.shkoder.net\/?p=6046"},"modified":"2011-01-30T22:05:28","modified_gmt":"2011-01-30T21:05:28","slug":"ana-perendesha-e-dhimbjes-tone","status":"publish","type":"post","link":"https:\/\/fjala.info\/2009-2015\/ana-perendesha-e-dhimbjes-tone\/","title":{"rendered":"Ana, Per\u00ebndesha e dhimbjes ton\u00eb"},"content":{"rendered":"<p><img loading=\"lazy\" decoding=\"async\" class=\"alignright size-medium wp-image-6047\" title=\"Ana Veizi\" src=\"http:\/\/fjala.shkoder.net\/wp-content\/uploads\/2011\/01\/ana_veizi-300x178.jpg\" alt=\"\" width=\"300\" height=\"178\" \/><br \/>\n<strong>Ilir Yzeiri<\/strong>, <em>30.01.2011<\/em><\/p>\n<p>N\u00ebse do t\u00eb mundnim ta p\u00ebrmblidhnim gjith\u00eb at\u00eb q\u00eb ka ndodhur n\u00eb k\u00ebt\u00eb jav\u00eb, pra nga vrasja makabre e tre protestuesve deri te dita e djeshme, te marshim n\u00eb funeb\u00ebr dhe paq\u00ebsor, i dhimbsh\u00ebm dhe dinjitoz i popullit t\u00eb zem\u00ebruar, do t\u00eb mjaftonte vet\u00ebm fotoja e botuar dje n\u00eb faqen e par\u00eb t\u00eb gazet\u00ebs &#8220;Shekulli&#8221;, e shkrepur nga fotografja dhe artistja Jutta Benzenberg.<\/p>\n<p>N\u00eb at\u00eb portret t\u00eb vajz\u00ebs 11-vje\u00e7are t\u00eb Ziver Veizit dukej se koha ishte ndalur dhe nuk l\u00ebvisten m\u00eb. Pika e lotit q\u00eb i rridhte n\u00eb faqe, buz\u00ebt e shtr\u00ebnguara me eleganc\u00eb dhe leht\u00eb, nj\u00eb drit\u00eb natyrale q\u00eb i bie nga sip\u00ebr.. Zot!<\/p>\n<p>N\u00ebse mund ta p\u00ebrfytyrojm\u00eb dhimbjen e v\u00ebrtet\u00eb, pra n\u00ebse do t\u00eb<br \/>\nk\u00ebrkojm\u00eb t\u00eb dim\u00eb se \u00e7&#8217;pamje ka ajo, \u00e7&#8217;fytyr\u00eb ka &#8211; ose n\u00ebse ndonj\u00eb dit\u00eb, pas shum\u00eb vjet\u00ebsh, do t\u00eb k\u00ebrkojm\u00eb dhe do t\u00eb pyesim se \u00e7far\u00eb ndodhi m\u00eb 21 janar &#8211; ajo foto do t\u00eb na i tregoj\u00eb t\u00eb gjitha. Si\u00e7 thot\u00eb Bart, fotoja \u00ebsht\u00eb nj\u00eb mit, nj\u00eb histori.<\/p>\n<p>\u00cbsht\u00eb koha e ndalur n\u00eb mes. Dhe duke e par\u00eb at\u00eb foto ti bindesh se gjith\u00eb Shqip\u00ebria \u00ebsht\u00eb ndalur n\u00eb at\u00eb \u00e7ast n\u00eb portretin e vajz\u00ebs s\u00eb Ziver Veizit, n\u00eb lotin q\u00eb i rr\u00ebshket mbi faqe dhe n\u00eb buz\u00ebt e mbledhura si nj\u00eb per\u00ebndesh\u00eb e dhimbjes.<br \/>\nPor&#8230; le t\u00eb ecim m\u00eb tej.<\/p>\n<p>Pas Shqip\u00ebris\u00eb dhe Tunizis\u00eb \u00ebsht\u00eb ndezur edhe Egjipti dhe me k\u00ebt\u00eb rast<br \/>\ngjith\u00eb media nd\u00ebrkomb\u00ebtare po merren me Hosni Mubarakun, me pushtetin e tij dhe me korrupsionin gjithashtu. Gazeta &#8221; Le Monde &#8220;, n\u00eb editorialin me titull &#8221; Revolucioni tunizian-m\u00ebsim p\u00ebr t\u00eb gjith\u00eb &#8220;, mes t\u00eb tjerash shkruante : &#8221; L\u00ebvizjet e koh\u00ebve t\u00eb fundit po vertetojn\u00eb se nuk ka asnj\u00eb fatalitet arab dhe aq m\u00eb shum\u00eb nj\u00eb fatalitet musliman&#8230;<\/p>\n<p>P\u00ebrball\u00eb k\u00ebtij fenomeni cili mund t\u00eb jet\u00eb roli i amerikan\u00ebve dhe europian\u00ebve ? K\u00ebta udh\u00ebheq\u00ebs t\u00eb pandryshuesh\u00ebm q\u00eb nuk kan\u00eb b\u00ebr\u00eb demokratizimn n\u00eb vendet e tyre jan\u00eb mb\u00ebshtetur n\u00eb t\u00eb shkuar\u00ebn n\u00eb em\u00ebr t\u00eb parimit t\u00eb shenjt\u00eb t\u00eb stabilitetit dhe kan\u00eb rezultuar tani si regjime q\u00eb jan\u00eb larguar nga vlerat q\u00eb shpallin&#8230;Ndryshimi i regjimit me dor\u00eb ushtarake si\u00e7 b\u00ebn\u00eb USA n\u00eb Irak dhe dhuna q\u00eb do vazhdon atje, u kan\u00eb dh\u00ebn\u00eb k\u00ebtyre monark\u00ebve nj\u00eb fuqi shtes\u00eb, n\u00eb em\u00ebr t\u00eb stabilitetit&#8230;<\/p>\n<p>Por ka ardhur koha q\u00eb t\u00eb shkat\u00ebrrohet kjo mb\u00ebshtetje e verb\u00ebr e real-politik\u00ebs, sepse ajo \u00ebsht\u00eb maska e dembelizmit intelektual dhe injoranc\u00ebs q\u00eb her\u00ebt a von\u00eb do t\u00eb \u00e7oj\u00eb n\u00eb largimin me dhun\u00eb : mb\u00ebshtetja e protestave \u00ebsht\u00eb udha m\u00eb e mir\u00eb q\u00eb mund t\u00eb ndjek\u00eb Per\u00ebndimi &#8221; (Le Monde du 29.01.11 Mir\u00ebpo ne i kemi par\u00eb k\u00ebto dit\u00eb se si kan\u00eb reaguar amerikan\u00ebt dhe europian\u00ebt.<\/p>\n<p>Mesa duket ka ardhur koha q\u00eb edhe ata t\u00eb ndryshojn\u00eb q\u00ebndrim dhe ai q\u00eb e ndjek me v\u00ebmendje at\u00eb q\u00eb po ndodh n\u00eb Egjipt apo at\u00eb q\u00eb ndodhi m\u00eb par\u00eb n\u00eb Tunizi, ka v\u00ebn\u00eb re nj\u00eb fakt. K\u00ebto dit\u00eb kan\u00eb filluar t\u00eb qarkullojn\u00eb barcaletat p\u00ebr Mubarak-un. Si\u00e7 dihet nga fenomenologjia, nj\u00eb ngjarje apo nj\u00eb epok\u00eb nis me tragjedi, vazhdon me dram\u00eb dhe largohet me komedi.<\/p>\n<p>Fundi i Mubarakut po sh\u00ebnohet tani edhe me barcaletat p\u00ebr t\u00eb, dy prej t\u00eb cilave un\u00eb po i p\u00ebrmend edhe k\u00ebtu : 1. Presidenti Bill Klinton viziton Mubarakun<br \/>\nn\u00eb Egjipt dhe mbetet i mahnitur nga popullariteti q\u00eb g\u00ebzonte Mubarak n\u00eb Egjipt dhe sidomos u<br \/>\nmahnit nga leht\u00ebsia me t\u00eb cil\u00ebn ai rizgjidhej sa her\u00eb q\u00eb kishte zgjedhje &#8221; Mubarak-i thot\u00eb ai-un\u00eb do t\u00eb jem p\u00ebrs\u00ebri kandidat p\u00ebr mandatin e dyt\u00eb. Mund t\u00eb m\u00eb d\u00ebrgosh k\u00ebshilltar\u00ebt e tu q\u00eb t\u00eb m\u00eb ndihmojn\u00eb n\u00eb fushat\u00eb ?<\/p>\n<p>Mubarak e pranoi menj\u00ebher\u00eb dhe d\u00ebrgoi njer\u00ebzit e tij n\u00eb Amerik\u00eb q\u00eb t\u00eb ndihmonin n\u00eb fushat\u00eb Klintonin. Dit\u00ebn q\u00eb po numuroheshin votat, n\u00eb p\u00ebrfundim t\u00eb numurimit doli ky rezultat : 90% ishin n\u00eb favor t\u00eb &#8230;Mubarakut. 2. N\u00eb shtratin e vdekjes, Mubarak nisi t\u00eb ngash\u00ebrehej : &#8221; \u00c7far\u00eb do t\u00eb b\u00ebjn\u00eb egjiptian\u00ebt e mi kur t\u00eb vdes un\u00eb ? K\u00ebshilltari i tij u p\u00ebrpoq ta<br \/>\nqet\u00ebsointe : &#8221; Mos u m\u00ebrzit Madh\u00ebri.<\/p>\n<p>Egjiptian\u00ebt jan\u00eb nj\u00eb popull solid q\u00eb do t\u00eb mbijetojn\u00eb edhe duke ngr\u00ebn\u00eb gur\u00eb &#8220;. Mubaraku i menduar urdh\u00ebroi menj\u00ebher\u00eb k\u00ebshilltarin e tij q\u00eb monopolin e shitjes s\u00eb gur\u00ebve ta merrte menj\u00ebher\u00eb djali i tij, Alaa-ni. M\u00eb n\u00eb fund vjen karagjozi i Ballkanit ose<br \/>\nkryeministri i shqiptar\u00ebve Sali Berisha q\u00eb ka nxjerr\u00eb nga goja aq fjal\u00eb t\u00eb ndyta, aq pisll\u00ebk, q\u00eb ka p\u00ebrdorur nj\u00eb fjalor t\u00eb pad\u00ebgjuar m\u00eb par\u00eb nga asnj\u00eb politikan, nga asnj\u00eb njeri publik.<\/p>\n<p>Ky njeri e mori fjalorin e rrug\u00ebs, fjalorin e mejhaneve t\u00eb ndyta, fjalorin e cubave t\u00eb \u00e7etave t\u00eb Haxhi Qamilit dhe e b\u00ebri publik duke shkaktuar nj\u00eb nga ndotjet m\u00eb t\u00eb m\u00ebdha akustike q\u00eb kan\u00eb provuar vesh\u00ebt e shqiptar\u00ebve. Ky njeri q\u00eb \u00ebsht\u00eb b\u00ebr\u00eb i paduruesh\u00ebm sapo hap goj\u00ebn, nuk meriton barcaletat e Mubarakut. P\u00ebr k\u00ebt\u00eb njeri q\u00eb \u00ebsht\u00eb kthyer n\u00eb kllounin politik t\u00eb Ballkanit, mjafton vet\u00ebm ironizimi q\u00eb i b\u00ebn Doktori i &#8220;Fix Fare&#8221;: &#8220;Pu\u00e7i, pu\u00e7i t\u00eb dua, pu\u00e7i pu\u00e7i me mua&#8221;.<\/p>\n<p>Gjith\u00e7ka tjet\u00ebr \u00ebsht\u00eb e tep\u00ebrt. Amerikan\u00ebt dhe europian\u00ebt duhet t\u00eb mendojn\u00eb q\u00eb t\u00eb na \u00e7lirojn\u00eb nga kjo ndotje. Nj\u00eb popull i ndjesh\u00ebm si\u00e7 jan\u00eb shqiptar\u00ebt nuk mund t\u00eb durojn\u00eb m\u00eb t\u00eb fyhen nat\u00eb e dit\u00eb&#8230;<\/p>\n","protected":false},"excerpt":{"rendered":"<p>Ilir Yzeiri, 30.01.2011 N\u00ebse do t\u00eb mundnim ta p\u00ebrmblidhnim gjith\u00eb at\u00eb q\u00eb ka ndodhur n\u00eb k\u00ebt\u00eb jav\u00eb, pra nga vrasja makabre e tre protestuesve deri te dita e djeshme, te marshim n\u00eb funeb\u00ebr dhe paq\u00ebsor, i dhimbsh\u00ebm dhe dinjitoz i popullit t\u00eb zem\u00ebruar, do t\u00eb mjaftonte vet\u00ebm fotoja e botuar dje n\u00eb faqen e par\u00eb [&hellip;]<\/p>\n","protected":false},"author":1,"featured_media":0,"comment_status":"open","ping_status":"closed","sticky":false,"template":"","format":"standard","meta":{"footnotes":""},"categories":[2],"tags":[],"class_list":{"0":"post-6046","1":"post","2":"type-post","3":"status-publish","4":"format-standard","6":"category-artikuj"},"yoast_head":"<!-- This site is optimized with the Yoast SEO plugin v27.4 - https:\/\/yoast.com\/product\/yoast-seo-wordpress\/ -->\n<title>Ana, Per\u00ebndesha e dhimbjes ton\u00eb - FjALA e LIR\u00cb - Arkivi<\/title>\n<meta name=\"robots\" content=\"index, follow, max-snippet:-1, max-image-preview:large, max-video-preview:-1\" \/>\n<link rel=\"canonical\" href=\"https:\/\/fjala.info\/2009-2015\/ana-perendesha-e-dhimbjes-tone\/\" \/>\n<meta property=\"og:locale\" content=\"sq_AL\" \/>\n<meta property=\"og:type\" content=\"article\" \/>\n<meta property=\"og:title\" content=\"Ana, Per\u00ebndesha e dhimbjes ton\u00eb - FjALA e LIR\u00cb - Arkivi\" \/>\n<meta property=\"og:description\" content=\"Ilir Yzeiri, 30.01.2011 N\u00ebse do t\u00eb mundnim ta p\u00ebrmblidhnim gjith\u00eb at\u00eb q\u00eb ka ndodhur n\u00eb k\u00ebt\u00eb jav\u00eb, pra nga vrasja makabre e tre protestuesve deri te dita e djeshme, te marshim n\u00eb funeb\u00ebr dhe paq\u00ebsor, i dhimbsh\u00ebm dhe dinjitoz i popullit t\u00eb zem\u00ebruar, do t\u00eb mjaftonte vet\u00ebm fotoja e botuar dje n\u00eb faqen e par\u00eb [&hellip;]\" \/>\n<meta property=\"og:url\" content=\"https:\/\/fjala.info\/2009-2015\/ana-perendesha-e-dhimbjes-tone\/\" \/>\n<meta property=\"og:site_name\" content=\"FjALA e LIR\u00cb - Arkivi\" \/>\n<meta property=\"article:published_time\" content=\"2011-01-30T21:05:28+00:00\" \/>\n<meta property=\"og:image\" content=\"http:\/\/fjala.shkoder.net\/wp-content\/uploads\/2011\/01\/ana_veizi-300x178.jpg\" \/>\n<meta name=\"author\" content=\"admin\" \/>\n<meta name=\"twitter:card\" content=\"summary_large_image\" \/>\n<meta name=\"twitter:label1\" content=\"Written by\" \/>\n\t<meta name=\"twitter:data1\" content=\"admin\" \/>\n\t<meta name=\"twitter:label2\" content=\"Est. reading time\" \/>\n\t<meta name=\"twitter:data2\" content=\"5 minutes\" \/>\n<script type=\"application\/ld+json\" class=\"yoast-schema-graph\">{\"@context\":\"https:\\\/\\\/schema.org\",\"@graph\":[{\"@type\":\"Article\",\"@id\":\"https:\\\/\\\/fjala.info\\\/2009-2015\\\/ana-perendesha-e-dhimbjes-tone\\\/#article\",\"isPartOf\":{\"@id\":\"https:\\\/\\\/fjala.info\\\/2009-2015\\\/ana-perendesha-e-dhimbjes-tone\\\/\"},\"author\":{\"name\":\"admin\",\"@id\":\"https:\\\/\\\/fjala.info\\\/2009-2015\\\/#\\\/schema\\\/person\\\/3aa1163ef05469c496fc94e77611ada2\"},\"headline\":\"Ana, Per\u00ebndesha e dhimbjes ton\u00eb\",\"datePublished\":\"2011-01-30T21:05:28+00:00\",\"mainEntityOfPage\":{\"@id\":\"https:\\\/\\\/fjala.info\\\/2009-2015\\\/ana-perendesha-e-dhimbjes-tone\\\/\"},\"wordCount\":962,\"commentCount\":0,\"publisher\":{\"@id\":\"https:\\\/\\\/fjala.info\\\/2009-2015\\\/#organization\"},\"image\":{\"@id\":\"https:\\\/\\\/fjala.info\\\/2009-2015\\\/ana-perendesha-e-dhimbjes-tone\\\/#primaryimage\"},\"thumbnailUrl\":\"http:\\\/\\\/fjala.shkoder.net\\\/wp-content\\\/uploads\\\/2011\\\/01\\\/ana_veizi-300x178.jpg\",\"articleSection\":[\"Artikuj\"],\"inLanguage\":\"sq-AL\",\"potentialAction\":[{\"@type\":\"CommentAction\",\"name\":\"Comment\",\"target\":[\"https:\\\/\\\/fjala.info\\\/2009-2015\\\/ana-perendesha-e-dhimbjes-tone\\\/#respond\"]}]},{\"@type\":\"WebPage\",\"@id\":\"https:\\\/\\\/fjala.info\\\/2009-2015\\\/ana-perendesha-e-dhimbjes-tone\\\/\",\"url\":\"https:\\\/\\\/fjala.info\\\/2009-2015\\\/ana-perendesha-e-dhimbjes-tone\\\/\",\"name\":\"Ana, Per\u00ebndesha e dhimbjes ton\u00eb - FjALA e LIR\u00cb - Arkivi\",\"isPartOf\":{\"@id\":\"https:\\\/\\\/fjala.info\\\/2009-2015\\\/#website\"},\"primaryImageOfPage\":{\"@id\":\"https:\\\/\\\/fjala.info\\\/2009-2015\\\/ana-perendesha-e-dhimbjes-tone\\\/#primaryimage\"},\"image\":{\"@id\":\"https:\\\/\\\/fjala.info\\\/2009-2015\\\/ana-perendesha-e-dhimbjes-tone\\\/#primaryimage\"},\"thumbnailUrl\":\"http:\\\/\\\/fjala.shkoder.net\\\/wp-content\\\/uploads\\\/2011\\\/01\\\/ana_veizi-300x178.jpg\",\"datePublished\":\"2011-01-30T21:05:28+00:00\",\"breadcrumb\":{\"@id\":\"https:\\\/\\\/fjala.info\\\/2009-2015\\\/ana-perendesha-e-dhimbjes-tone\\\/#breadcrumb\"},\"inLanguage\":\"sq-AL\",\"potentialAction\":[{\"@type\":\"ReadAction\",\"target\":[\"https:\\\/\\\/fjala.info\\\/2009-2015\\\/ana-perendesha-e-dhimbjes-tone\\\/\"]}]},{\"@type\":\"ImageObject\",\"inLanguage\":\"sq-AL\",\"@id\":\"https:\\\/\\\/fjala.info\\\/2009-2015\\\/ana-perendesha-e-dhimbjes-tone\\\/#primaryimage\",\"url\":\"http:\\\/\\\/fjala.shkoder.net\\\/wp-content\\\/uploads\\\/2011\\\/01\\\/ana_veizi-300x178.jpg\",\"contentUrl\":\"http:\\\/\\\/fjala.shkoder.net\\\/wp-content\\\/uploads\\\/2011\\\/01\\\/ana_veizi-300x178.jpg\"},{\"@type\":\"BreadcrumbList\",\"@id\":\"https:\\\/\\\/fjala.info\\\/2009-2015\\\/ana-perendesha-e-dhimbjes-tone\\\/#breadcrumb\",\"itemListElement\":[{\"@type\":\"ListItem\",\"position\":1,\"name\":\"Home\",\"item\":\"https:\\\/\\\/fjala.info\\\/2009-2015\\\/\"},{\"@type\":\"ListItem\",\"position\":2,\"name\":\"Ana, Per\u00ebndesha e dhimbjes ton\u00eb\"}]},{\"@type\":\"WebSite\",\"@id\":\"https:\\\/\\\/fjala.info\\\/2009-2015\\\/#website\",\"url\":\"https:\\\/\\\/fjala.info\\\/2009-2015\\\/\",\"name\":\"FjALA e LIR\u00cb - Arkivi\",\"description\":\"Arkivi 2009-2015\",\"publisher\":{\"@id\":\"https:\\\/\\\/fjala.info\\\/2009-2015\\\/#organization\"},\"potentialAction\":[{\"@type\":\"SearchAction\",\"target\":{\"@type\":\"EntryPoint\",\"urlTemplate\":\"https:\\\/\\\/fjala.info\\\/2009-2015\\\/?s={search_term_string}\"},\"query-input\":{\"@type\":\"PropertyValueSpecification\",\"valueRequired\":true,\"valueName\":\"search_term_string\"}}],\"inLanguage\":\"sq-AL\"},{\"@type\":\"Organization\",\"@id\":\"https:\\\/\\\/fjala.info\\\/2009-2015\\\/#organization\",\"name\":\"FjALA e LIR\u00cb - Arkivi\",\"url\":\"https:\\\/\\\/fjala.info\\\/2009-2015\\\/\",\"logo\":{\"@type\":\"ImageObject\",\"inLanguage\":\"sq-AL\",\"@id\":\"https:\\\/\\\/fjala.info\\\/2009-2015\\\/#\\\/schema\\\/logo\\\/image\\\/\",\"url\":\"\",\"contentUrl\":\"\",\"caption\":\"FjALA e LIR\u00cb - Arkivi\"},\"image\":{\"@id\":\"https:\\\/\\\/fjala.info\\\/2009-2015\\\/#\\\/schema\\\/logo\\\/image\\\/\"}},{\"@type\":\"Person\",\"@id\":\"https:\\\/\\\/fjala.info\\\/2009-2015\\\/#\\\/schema\\\/person\\\/3aa1163ef05469c496fc94e77611ada2\",\"name\":\"admin\",\"image\":{\"@type\":\"ImageObject\",\"inLanguage\":\"sq-AL\",\"@id\":\"https:\\\/\\\/fjala.info\\\/2009-2015\\\/wp-content\\\/uploads\\\/2012\\\/02\\\/arben_cokaj-120x150.jpg\",\"url\":\"https:\\\/\\\/fjala.info\\\/2009-2015\\\/wp-content\\\/uploads\\\/2012\\\/02\\\/arben_cokaj-120x150.jpg\",\"contentUrl\":\"https:\\\/\\\/fjala.info\\\/2009-2015\\\/wp-content\\\/uploads\\\/2012\\\/02\\\/arben_cokaj-120x150.jpg\",\"caption\":\"admin\"},\"description\":\"Admin, Fjala e Lir\u00eb\",\"sameAs\":[\"https:\\\/\\\/fjala.info\\\/\"],\"url\":\"https:\\\/\\\/fjala.info\\\/2009-2015\\\/author\\\/admin\\\/\"}]}<\/script>\n<!-- \/ Yoast SEO plugin. -->","yoast_head_json":{"title":"Ana, Per\u00ebndesha e dhimbjes ton\u00eb - FjALA e LIR\u00cb - Arkivi","robots":{"index":"index","follow":"follow","max-snippet":"max-snippet:-1","max-image-preview":"max-image-preview:large","max-video-preview":"max-video-preview:-1"},"canonical":"https:\/\/fjala.info\/2009-2015\/ana-perendesha-e-dhimbjes-tone\/","og_locale":"sq_AL","og_type":"article","og_title":"Ana, Per\u00ebndesha e dhimbjes ton\u00eb - FjALA e LIR\u00cb - Arkivi","og_description":"Ilir Yzeiri, 30.01.2011 N\u00ebse do t\u00eb mundnim ta p\u00ebrmblidhnim gjith\u00eb at\u00eb q\u00eb ka ndodhur n\u00eb k\u00ebt\u00eb jav\u00eb, pra nga vrasja makabre e tre protestuesve deri te dita e djeshme, te marshim n\u00eb funeb\u00ebr dhe paq\u00ebsor, i dhimbsh\u00ebm dhe dinjitoz i popullit t\u00eb zem\u00ebruar, do t\u00eb mjaftonte vet\u00ebm fotoja e botuar dje n\u00eb faqen e par\u00eb [&hellip;]","og_url":"https:\/\/fjala.info\/2009-2015\/ana-perendesha-e-dhimbjes-tone\/","og_site_name":"FjALA e LIR\u00cb - Arkivi","article_published_time":"2011-01-30T21:05:28+00:00","og_image":[{"url":"http:\/\/fjala.shkoder.net\/wp-content\/uploads\/2011\/01\/ana_veizi-300x178.jpg","type":"","width":"","height":""}],"author":"admin","twitter_card":"summary_large_image","twitter_misc":{"Written by":"admin","Est. reading time":"5 minutes"},"schema":{"@context":"https:\/\/schema.org","@graph":[{"@type":"Article","@id":"https:\/\/fjala.info\/2009-2015\/ana-perendesha-e-dhimbjes-tone\/#article","isPartOf":{"@id":"https:\/\/fjala.info\/2009-2015\/ana-perendesha-e-dhimbjes-tone\/"},"author":{"name":"admin","@id":"https:\/\/fjala.info\/2009-2015\/#\/schema\/person\/3aa1163ef05469c496fc94e77611ada2"},"headline":"Ana, Per\u00ebndesha e dhimbjes ton\u00eb","datePublished":"2011-01-30T21:05:28+00:00","mainEntityOfPage":{"@id":"https:\/\/fjala.info\/2009-2015\/ana-perendesha-e-dhimbjes-tone\/"},"wordCount":962,"commentCount":0,"publisher":{"@id":"https:\/\/fjala.info\/2009-2015\/#organization"},"image":{"@id":"https:\/\/fjala.info\/2009-2015\/ana-perendesha-e-dhimbjes-tone\/#primaryimage"},"thumbnailUrl":"http:\/\/fjala.shkoder.net\/wp-content\/uploads\/2011\/01\/ana_veizi-300x178.jpg","articleSection":["Artikuj"],"inLanguage":"sq-AL","potentialAction":[{"@type":"CommentAction","name":"Comment","target":["https:\/\/fjala.info\/2009-2015\/ana-perendesha-e-dhimbjes-tone\/#respond"]}]},{"@type":"WebPage","@id":"https:\/\/fjala.info\/2009-2015\/ana-perendesha-e-dhimbjes-tone\/","url":"https:\/\/fjala.info\/2009-2015\/ana-perendesha-e-dhimbjes-tone\/","name":"Ana, Per\u00ebndesha e dhimbjes ton\u00eb - FjALA e LIR\u00cb - Arkivi","isPartOf":{"@id":"https:\/\/fjala.info\/2009-2015\/#website"},"primaryImageOfPage":{"@id":"https:\/\/fjala.info\/2009-2015\/ana-perendesha-e-dhimbjes-tone\/#primaryimage"},"image":{"@id":"https:\/\/fjala.info\/2009-2015\/ana-perendesha-e-dhimbjes-tone\/#primaryimage"},"thumbnailUrl":"http:\/\/fjala.shkoder.net\/wp-content\/uploads\/2011\/01\/ana_veizi-300x178.jpg","datePublished":"2011-01-30T21:05:28+00:00","breadcrumb":{"@id":"https:\/\/fjala.info\/2009-2015\/ana-perendesha-e-dhimbjes-tone\/#breadcrumb"},"inLanguage":"sq-AL","potentialAction":[{"@type":"ReadAction","target":["https:\/\/fjala.info\/2009-2015\/ana-perendesha-e-dhimbjes-tone\/"]}]},{"@type":"ImageObject","inLanguage":"sq-AL","@id":"https:\/\/fjala.info\/2009-2015\/ana-perendesha-e-dhimbjes-tone\/#primaryimage","url":"http:\/\/fjala.shkoder.net\/wp-content\/uploads\/2011\/01\/ana_veizi-300x178.jpg","contentUrl":"http:\/\/fjala.shkoder.net\/wp-content\/uploads\/2011\/01\/ana_veizi-300x178.jpg"},{"@type":"BreadcrumbList","@id":"https:\/\/fjala.info\/2009-2015\/ana-perendesha-e-dhimbjes-tone\/#breadcrumb","itemListElement":[{"@type":"ListItem","position":1,"name":"Home","item":"https:\/\/fjala.info\/2009-2015\/"},{"@type":"ListItem","position":2,"name":"Ana, Per\u00ebndesha e dhimbjes ton\u00eb"}]},{"@type":"WebSite","@id":"https:\/\/fjala.info\/2009-2015\/#website","url":"https:\/\/fjala.info\/2009-2015\/","name":"FjALA e LIR\u00cb - Arkivi","description":"Arkivi 2009-2015","publisher":{"@id":"https:\/\/fjala.info\/2009-2015\/#organization"},"potentialAction":[{"@type":"SearchAction","target":{"@type":"EntryPoint","urlTemplate":"https:\/\/fjala.info\/2009-2015\/?s={search_term_string}"},"query-input":{"@type":"PropertyValueSpecification","valueRequired":true,"valueName":"search_term_string"}}],"inLanguage":"sq-AL"},{"@type":"Organization","@id":"https:\/\/fjala.info\/2009-2015\/#organization","name":"FjALA e LIR\u00cb - Arkivi","url":"https:\/\/fjala.info\/2009-2015\/","logo":{"@type":"ImageObject","inLanguage":"sq-AL","@id":"https:\/\/fjala.info\/2009-2015\/#\/schema\/logo\/image\/","url":"","contentUrl":"","caption":"FjALA e LIR\u00cb - Arkivi"},"image":{"@id":"https:\/\/fjala.info\/2009-2015\/#\/schema\/logo\/image\/"}},{"@type":"Person","@id":"https:\/\/fjala.info\/2009-2015\/#\/schema\/person\/3aa1163ef05469c496fc94e77611ada2","name":"admin","image":{"@type":"ImageObject","inLanguage":"sq-AL","@id":"https:\/\/fjala.info\/2009-2015\/wp-content\/uploads\/2012\/02\/arben_cokaj-120x150.jpg","url":"https:\/\/fjala.info\/2009-2015\/wp-content\/uploads\/2012\/02\/arben_cokaj-120x150.jpg","contentUrl":"https:\/\/fjala.info\/2009-2015\/wp-content\/uploads\/2012\/02\/arben_cokaj-120x150.jpg","caption":"admin"},"description":"Admin, Fjala e Lir\u00eb","sameAs":["https:\/\/fjala.info\/"],"url":"https:\/\/fjala.info\/2009-2015\/author\/admin\/"}]}},"_links":{"self":[{"href":"https:\/\/fjala.info\/2009-2015\/wp-json\/wp\/v2\/posts\/6046","targetHints":{"allow":["GET"]}}],"collection":[{"href":"https:\/\/fjala.info\/2009-2015\/wp-json\/wp\/v2\/posts"}],"about":[{"href":"https:\/\/fjala.info\/2009-2015\/wp-json\/wp\/v2\/types\/post"}],"author":[{"embeddable":true,"href":"https:\/\/fjala.info\/2009-2015\/wp-json\/wp\/v2\/users\/1"}],"replies":[{"embeddable":true,"href":"https:\/\/fjala.info\/2009-2015\/wp-json\/wp\/v2\/comments?post=6046"}],"version-history":[{"count":0,"href":"https:\/\/fjala.info\/2009-2015\/wp-json\/wp\/v2\/posts\/6046\/revisions"}],"wp:attachment":[{"href":"https:\/\/fjala.info\/2009-2015\/wp-json\/wp\/v2\/media?parent=6046"}],"wp:term":[{"taxonomy":"category","embeddable":true,"href":"https:\/\/fjala.info\/2009-2015\/wp-json\/wp\/v2\/categories?post=6046"},{"taxonomy":"post_tag","embeddable":true,"href":"https:\/\/fjala.info\/2009-2015\/wp-json\/wp\/v2\/tags?post=6046"}],"curies":[{"name":"wp","href":"https:\/\/api.w.org\/{rel}","templated":true}]}}